{"id":23262,"date":"2026-01-31T06:37:26","date_gmt":"2026-01-31T05:37:26","guid":{"rendered":"http:\/\/www.emiliosilveravazquez.com\/blog\/?p=23262"},"modified":"2026-01-31T06:38:12","modified_gmt":"2026-01-31T05:38:12","slug":"%c2%bfes-viejo-el-universo-%c2%bfcomo-puede-ser-tan-grande-5","status":"publish","type":"post","link":"http:\/\/www.emiliosilveravazquez.com\/blog\/2026\/01\/31\/%c2%bfes-viejo-el-universo-%c2%bfcomo-puede-ser-tan-grande-5\/","title":{"rendered":"\u00bfEs viejo el Universo? \u00bfC\u00f3mo puede ser tan grande?"},"content":{"rendered":"<div>\n<h2 style=\"text-align: justify;\">\u00a0 <a href=\"http:\/\/www.emiliosilveravazquez.com\/blog\/2013\/08\/08\/rememorar-el-pasado\/\" rel=\"prev\">Rememorar el pasado<\/a><\/h2>\n<\/div>\n<p>&nbsp;<\/p>\n<p><img decoding=\"async\" loading=\"lazy\" class=\"\" src=\"https:\/\/static.wixstatic.com\/media\/7335d9_e34e526af6834fbb8378ace59f3f1110~mv2.jpeg\/v1\/fill\/w_1000,h_563,al_c,q_85,usm_0.66_1.00_0.01\/7335d9_e34e526af6834fbb8378ace59f3f1110~mv2.jpeg\" alt=\"Algorithms, Algebra &amp; Astronomy: Muhammad ibn Musa Al-Khwarizmi\" width=\"591\" height=\"333\" \/><\/p>\n<p>&nbsp;<\/p>\n<div>\n<blockquote>\n<p style=\"text-align: justify;\"><img decoding=\"async\" src=\"http:\/\/nick-intl.mtvnimages.com\/uri\/mgid:file:gsp:scenic:\/international\/mtvatthemovies.com\/images\/flipbook\/Prometheus-stills\/prometheus-img-7.jpg?height=480&amp;width=480&amp;matte=true&amp;quality=0.91\" alt=\"\" \/>&#8220;El primer matem\u00e1tico importante que hizo uso del signo &#8220;0&#8221;, hacia el a\u00f1o\u00a0<b>810 d.<\/b>\u00a0<b>C<\/b>., fue el \u00e1rabe <strong>Muhammad<\/strong> <strong>Ibn Musa al-Khwarizmi<\/strong>, La palabra &#8220;cero&#8221; proviene de la traducci\u00f3n de su nombre en s\u00e1nscrito &#8220;shunya&#8221; (vac\u00edo) al \u00e1rabe &#8220;sifr&#8221; (KLM), a trav\u00e9s del italiano. Parece que los Mayas tambi\u00e9n lo utilizaron.&#8221;<\/p>\n<\/blockquote>\n<p style=\"text-align: justify;\">Resulta m\u00e1s dif\u00edcil imaginar naves del futuro que saber el origen del cero. El CERO es el signo num\u00e9rico de valor nulo (si se consigna a la izquierda) , que en notaci\u00f3n posicional ocupa los lugares en los que no hay una cifra significativa. Si est\u00e1 situado a la derecha de un n\u00famero entero, duplica su valor, colocado a la izquierda no lo modifica.<\/p>\n<p style=\"text-align: justify;\">Todos los indicios nos llevan a la India, all\u00ed parece que aparici\u00f3n el uso del Cero por vez primera, tambi\u00e9n all\u00ed se habl\u00f3 por primera vez de vac\u00edo y de \u00e1tomo.<\/p>\n<\/div>\n<p><img decoding=\"async\" src=\"https:\/\/encrypted-tbn0.gstatic.com\/images?q=tbn:ANd9GcShQAMFFTDpiQi4DVvwwPxKhFEcr5y2vjdHrC0jqkm2JL2jXnevpOQpWUbvCht40hnZB_CvaFSpsWk9hxKkvA_Gd2usACh5OIGSdSYQIw&amp;s=10\" alt=\"Brahmagupta - Etsy\" \/><\/p>\n<p>&nbsp;<\/p>\n<div>\n<p style=\"text-align: justify;\">El cero como n\u00famero con valor propio y s\u00edmbolo para el c\u00e1lculo (seg\u00fan todos los indicios), fue desarrollado en la India alrededor del siglo V &#8211; VII d. de C. Aunque culturas anteriores (sumerios, babilonios) usaban marcadores de posici\u00f3n, los matem\u00e1ticos indios como <strong>Brahmagupta<\/strong> \u00a0(siglo VII) definieron sus reglas aritm\u00e9ticas.<\/p>\n<p>&nbsp;<\/p>\n<\/div>\n<div style=\"text-align: justify;\">\n<div><a href=\"http:\/\/www.emiliosilveravazquez.com\/blog\/2013\/08\/09\/%c2%a1tartessos-la-tierra-mitica\/\" rel=\"next\">\u00a1TARTESSOS! LA TIERRA M\u00cdTICA<\/a><\/div>\n<\/div>\n<div><\/div>\n<div><img decoding=\"async\" src=\"https:\/\/ichef.bbci.co.uk\/ace\/ws\/640\/cpsprodpb\/12E55\/production\/_126179377_4.jpg.webp\" alt=\"Tartessos, la misteriosa civilizaci\u00f3n ib\u00e9rica que desapareci\u00f3 abruptamente  (y fue confundida con la m\u00edtica Atlantis) - BBC News Mundo\" \/><img decoding=\"async\" loading=\"lazy\" class=\"\" src=\"https:\/\/content-historia.nationalgeographic.com.es\/medio\/2023\/11\/15\/transport-cedar-dur-sharrukin-louvre_3fc8fbca_AO19890_231115102502_1200x630.jpg\" alt=\"Tartessos, la misteriosa ciudad ib\u00e9rica que comerciaba con oro y plata\" width=\"637\" height=\"334\" \/><\/div>\n<div><\/div>\n<div>\n<blockquote>\n<h1 id=\"content\" class=\"bbc-14gqcmb e1p3vdyi0\" style=\"text-align: justify;\" tabindex=\"-1\">Tartessos, la misteriosa civilizaci\u00f3n ib\u00e9rica que desapareci\u00f3 abruptamente (y fue confundida con la m\u00edtica Atlantis).<\/h1>\n<\/blockquote>\n<\/div>\n<p>&nbsp;<\/p>\n<p><img decoding=\"async\" loading=\"lazy\" class=\"\" src=\"https:\/\/i.imgur.com\/fnrZbGU.jpeg\" width=\"671\" height=\"368\" \/><\/p>\n<blockquote>\n<p style=\"text-align: justify;\">Desde hace milenios existen referencias a Tartessos en textos griegos y romanos, pero debido a las descripciones contradictorias y, durante mucho tiempo, a la falta de pruebas arqueol\u00f3gicas concluyentes, no ha sido f\u00e1cil para los historiadores y arque\u00f3logos modernos identificar qu\u00e9 era Tartessos&#8230; \u00bfuna ciudad, un reino, un r\u00edo?<\/p>\n<p style=\"text-align: justify;\">Her\u00f3doto, el historiador griego del siglo V a. C., escribi\u00f3 sobre una ciudad portuaria m\u00e1s all\u00e1 de las Columnas de H\u00e9rcules (el actual Estrecho de Gibraltar), lo que llev\u00f3 a algunos investigadores a pensar que Tartessos era un cuerpo de agua y a otros a pensar que era un puerto (posiblemente ubicado alrededor de la actual Huelva, en la costa sur de Espa\u00f1a).<\/p>\n<\/blockquote>\n<p>&nbsp;<\/p>\n<p><img decoding=\"async\" loading=\"lazy\" class=\"\" src=\"https:\/\/ocesaronada.net\/wp-content\/uploads\/2012\/10\/argantonio-tartessos.jpg\" alt=\"Qui\u00e9n fue el rey Argantonio? | \u00a1O C\u00e9sar o Nada!\" width=\"583\" height=\"340\" \/><\/p>\n<p><strong>\u00a0 \u00a0 \u00a0 \u00a0 \u00a0 \u00a0 \u00a0 \u00a0 \u00a0 \u00a0 \u00a0 \u00a0 \u00a0 \u00a0 \u00a0 \u00a0 \u00a0 \u00a0 \u00a0 \u00a0 \u00a0 \u00a0 \u00a0 \u00a0 \u00a0 \u00a0 \u00a0 Argantonio<\/strong><\/p>\n<p style=\"text-align: justify;\">Casi todas las noticias que tenemos de Tartessos, se deben a antiguos autores griegos. En ellas se confunden con frecuencia lo hist\u00f3rico con la m\u00edtico y semi-m\u00edtico, con reyes como Geri\u00f3n, Habis, N\u00f3rax y Argantonio. As\u00ed mismo, ha sido frecuente la identificaci\u00f3n de la Atl\u00e1ntida descrita por Plat\u00f3n en sus di\u00e1logos Crimeo y Critia con la capital o ciudad de Tartessos.<\/p>\n<p style=\"text-align: justify;\">Estos autores la sit\u00faan por los alrededores de mi ciudad, cerca del Coto de Do\u00f1ana&#8230; Sin embargo, aunque all\u00ed est\u00e1n efectuando excavaciones y pruebas de todo tipo&#8230; \u00bfQui\u00e9n sabe la realidad de esa m\u00edtica leyenda!<\/p>\n<p>&nbsp;<\/p>\n<div>\n<p style=\"text-align: justify;\"><strong>BIOLOG\u00cdA Y ESTRELLAS<\/strong><\/p>\n<p>&nbsp;<\/p>\n<p style=\"text-align: justify;\"><strong><img decoding=\"async\" loading=\"lazy\" class=\"\" src=\"https:\/\/3.bp.blogspot.com\/-_fJSsZcDmy0\/XDSg-zKAhoI\/AAAAAAADAJo\/mITYwocAyDE4m8oAjvQB7d3vnaWClB00wCLcBGAs\/s1600\/messier_042_sofia.png\" alt=\"La formaci\u00f3n estelar en Ori\u00f3n.\" width=\"675\" height=\"515\" \/><img decoding=\"async\" loading=\"lazy\" class=\"\" src=\"https:\/\/antwrp.gsfc.nasa.gov\/apod\/image\/0705\/ngc2264_spitzer.jpg\" alt=\"El Universo? \u00a1Una maravilla! : Blog de Emilio Silvera V.\" width=\"673\" height=\"505\" \/><\/strong><\/p>\n<\/div>\n<p><strong>\u00a0 \u00a0 \u00a0 \u00a0 \u00a0 \u00a0 \u00a0 \u00a0 \u00a0 \u00a0 \u00a0 \u00a0 \u00a0 \u00a0 \u00a0 \u00a0 \u00a0 \u00a0 \u00a0 \u00a0 S\u00ed, ha nacido una estrellas<\/strong><\/p>\n<p><img decoding=\"async\" loading=\"lazy\" class=\"\" src=\"https:\/\/i.imgur.com\/5llSarf.png\" width=\"697\" height=\"134\" \/><\/p>\n<p><img decoding=\"async\" loading=\"lazy\" class=\"\" src=\"https:\/\/s1.abcstatics.com\/abc\/www\/multimedia\/ciencia\/2024\/12\/24\/webb-STScI-01JC439JQCXEY252WM2K1QF6Q6-2K-RspF97R7NHLquaOqmYqBrmO-1200x840@diario_abc.jpg\" alt=\"Resuelto el misterio de los planetas casi tan viejos como el Universo\" width=\"780\" height=\"546\" \/><\/p>\n<blockquote>\n<p style=\"text-align: justify;\">Puede que 13.800 millones de a\u00f1os, para nosotros, sea una eternidad. Sin embargo, sospecho que, para el Universo, es como el cumplea\u00f1os de un veintea\u00f1ero. El Universo es algo tan grande que, a pesar de lo que de \u00e9l hemos podido saber&#8230; La mayor parte de sus secretos est\u00e1n por descubrir.<\/p>\n<\/blockquote>\n<div>\n<p style=\"text-align: justify;\"><strong>\u00bfEs viejo el universo? Todos los c\u00e1lculos nos llevan a una edad de 13.700 millones de a\u00f1os que, comparado con el tiempo en el que nosotros hicimos acto de presencia en \u00e9l, es\u00a0<a id=\"_GPLITA_0\" title=\"Click to Continue &gt; by Savings Wave\" href=\"http:\/\/www.emiliosilveravazquez.com\/blog\/2013\/08\/09\/%C2%BFes-viejo-el-universo-%C2%BFcomo-puede-ser-tan-grande\/#\">menos<img decoding=\"async\" src=\"http:\/\/savingswave-a.akamaihd.net\/items\/it\/img\/arrow-10x10.png\" alt=\"\" \/><\/a>\u00a0que un simple parpadeo de ojos. Sin embargo, a veces nos sentimos los amos del mundo y del Universo mismo, lo que en realidad, es un simple espejismo, una ilusi\u00f3n que se forja en nuestras mentes que, j\u00f3venes e inmaduras\u2026 A\u00fan no comprenden, como son las cosas.<\/strong><\/p>\n<\/div>\n<p style=\"text-align: justify;\"><strong>\u00a0<\/strong><\/p>\n<blockquote><p><img decoding=\"async\" src=\"https:\/\/www.cielosboreales.com\/astronomia\/wp-content\/paralaje.png\" alt=\"paralaje\" \/><\/p><\/blockquote>\n<p><strong>Medir las distancias a las estrellas mediante el <a href=\"#\" onclick=\"referencia('paralaje',event); return false;\">paralaje<\/a><\/strong><\/p>\n<p>&nbsp;<\/p>\n<blockquote><p><img decoding=\"async\" loading=\"lazy\" class=\"\" src=\"https:\/\/encrypted-tbn0.gstatic.com\/images?q=tbn:ANd9GcR7ZRyCWaPRnSM5I9PSI3DkS3hV1c22z7MyHg&amp;s\" alt=\"Estrella variable Cefeida - Wikipedia, la enciclopedia libre\" width=\"460\" height=\"449\" \/><\/p><\/blockquote>\n<h2 class=\"wp-block-heading\"><span id=\"Como_medir_la_distancia_a_una_galaxia_a_traves_de_las_Cefeidas\">\u00bfC\u00f3mo medir la distancia a una galaxia a trav\u00e9s de las Cefeidas?<\/span><\/h2>\n<p style=\"text-align: justify;\">El m\u00e9todo del <a href=\"#\" onclick=\"referencia('paralaje',event); return false;\">paralaje<\/a> deja de ser fiable a partir de los 1000 a\u00f1os luz de distancia. Por tanto, para medir la distancia a las estrellas debemos emplear otros m\u00e9todos. Uno de los m\u00e1s conocidos y precisos es el m\u00e9todo de las Cefeidas.<\/p>\n<p>&nbsp;<\/p>\n<p><img decoding=\"async\" loading=\"lazy\" class=\"\" src=\"https:\/\/astroaficion.com\/wp-content\/uploads\/2024\/03\/led_street_light-1024x576.jpg\" width=\"743\" height=\"418\" \/><\/p>\n<p>&nbsp;<\/p>\n<p style=\"text-align: justify;\">El m\u00e9todo de las cefeidas es algo que inconscientemente hemos utilizado alguna vez. Imagina que est\u00e1s en una carretera muy larga con cientos de farolas a sus lados. Todas las bombillas de las farolas tienen la misma potencia, por ejemplo, 100 W. Sin embargo, t\u00fa ves que las que tienes m\u00e1s cerca brillan con m\u00e1s fuerza. Y seg\u00fan vas mirando m\u00e1s hacia lo lejos parece que brillan cada vez menos. Esta <strong>atenuaci\u00f3n de su brillo depende de la distancia<\/strong>, y es inversamente proporcional al cuadrado de la distancia. \u00bfYa ves por d\u00f3nde va el tema? Si las bombillas tuvieran potencias diferentes no podr\u00edas saber cu\u00e1l est\u00e1 m\u00e1s lejos que otra. Pero al tener el mismo brillo intr\u00ednseco, es f\u00e1cil calcular cu\u00e1l est\u00e1 m\u00e1s cerca y cu\u00e1l m\u00e1s lejos.<\/p>\n<div>\n<p style=\"text-align: justify;\">Cuando tenemos que operar con la edad y el tama\u00f1o del universo lo hacemos generalmente utilizando medidas de tiempo y espacio. Son tan inmensas las distancias y tan descomunal el tiempo que est\u00e1 presente en el \u00e1mbito del Universo que, hemos inventado unidades especiales\u00a0<a id=\"_GPLITA_1\" title=\"Click to Continue &gt; by Savings Wave\" href=\"http:\/\/www.emiliosilveravazquez.com\/blog\/2013\/08\/09\/%C2%BFes-viejo-el-universo-%C2%BFcomo-puede-ser-tan-grande\/#\">para<img decoding=\"async\" src=\"http:\/\/savingswave-a.akamaihd.net\/items\/it\/img\/arrow-10x10.png\" alt=\"\" \/><\/a> poder hablar de ellas sin tener que escribir cantidades tan grandes con los n\u00fameros y, el a\u00f1o-luz, la Unidad Astron\u00f3mica, el Parsec, Kilo-parsec o Giga-parsec son palabras que expresan medidas antropom\u00f3rficas y extraordinarias que se pierden en el Espacio-Tiempo.<\/p>\n<p>&nbsp;<\/p>\n<p style=\"text-align: justify;\">\n<p><img decoding=\"async\" loading=\"lazy\" class=\"\" src=\"https:\/\/cdn.agenciasinc.es\/var\/ezwebin_site\/storage\/images\/_aliases\/img_1col\/noticias\/las-medidas-de-la-expansion-del-universo-no-cuadran\/7540928-1-esl-MX\/Las-medidas-de-la-expansion-del-universo-no-cuadran.jpg\" alt=\"El Universo Hiperdimensional : Blog de Emilio Silvera V.\" width=\"688\" height=\"415\" \/><\/p>\n<p><strong>\u00bfEl Universo? No importa lo grande que sea la escalera, nunca podremos alcanzar su final, con un radio de 14.000 millones de a\u00f1os luz, \u00bfC\u00f3mo podr\u00edamos nosotros pensar siquiera en conseguir esa haza\u00f1a?<\/strong><\/p>\n<p style=\"text-align: justify;\">\u00bfPor qu\u00e9 medir la edad del universo con un \u201creloj\u201d que hace \u201ctic\u201d cada vez que nuestro planeta completa una \u00f3rbita alrededor del astro rey, el Sol? \u00bfPor qu\u00e9 medir su densidad en t\u00e9rminos de \u00e1tomos por metro c\u00fabico? Las respuestas a estas preguntas son por supuesto la misma: porque queremos saber en qu\u00e9 lugar estamos, porque es conveniente y porque\u00a0<a id=\"_GPLITA_2\" title=\"Click to Continue &gt; by Savings Wave\" href=\"http:\/\/www.emiliosilveravazquez.com\/blog\/2013\/08\/09\/%C2%BFes-viejo-el-universo-%C2%BFcomo-puede-ser-tan-grande\/#\">desde<img decoding=\"async\" src=\"http:\/\/savingswave-a.akamaihd.net\/items\/it\/img\/arrow-10x10.png\" alt=\"\" \/><\/a>\u00a0siempre hemos tratado de saber, lo que el universo es. Por otra parte, tambi\u00e9n en el \u00e1mbito de lo muy peque\u00f1o hemos tenido que inventar unidades que, esta vez, han querido significar lo que dice la Naturaleza y no el hombre.<\/p>\n<p style=\"text-align: justify;\">\u00c9sta es una situaci\u00f3n en donde resulta especialmente apropiado utilizar las unidades \u201cnaturales\u201d; la masa, longitud y tiempo de Stoney y Planck, las que ellos introdujeron en la ciencia f\u00edsica para ayudarnos a escapar de la camisa de fuerza que supon\u00eda la perspectiva centrada e el ser humano.<\/p>\n<p>&nbsp;<\/p>\n<\/div>\n<p><img decoding=\"async\" src=\"https:\/\/upload.wikimedia.org\/wikipedia\/commons\/thumb\/6\/62\/Max_Planck_1878.GIF\/220px-Max_Planck_1878.GIF\" alt=\"Max Planck - Wikipedia, la enciclopedia libre\" \/><\/p>\n<div>\n<p style=\"text-align: justify;\">\u00a0\u00a0\u00a0\u00a0\u00a0\u00a0\u00a0 <strong>\u00a0El joven Planck<\/strong><\/p>\n<p style=\"text-align: justify;\">Mientras que Stoney hab\u00eda visto en la elecci\u00f3n de unidades pr\u00e1cticas una manera de cortar el nudo gordiano de la subjetividad, Planck utilizaba sus unidades especiales\u00a0<a id=\"_GPLITA_3\" title=\"Click to Continue &gt; by Savings Wave\" href=\"http:\/\/www.emiliosilveravazquez.com\/blog\/2013\/08\/09\/%C2%BFes-viejo-el-universo-%C2%BFcomo-puede-ser-tan-grande\/#\">para<img decoding=\"async\" src=\"http:\/\/savingswave-a.akamaihd.net\/items\/it\/img\/arrow-10x10.png\" alt=\"\" \/><\/a>\u00a0sustentar una base no antropom\u00f3rfica para la f\u00edsica y que, por consiguiente, podr\u00eda describirse como \u201cunidades naturales\u201d.<\/p>\n<p style=\"text-align: justify;\">De acuerdo con su perspectiva\u00a0<a id=\"_GPLITA_4\" title=\"Click to Continue &gt; by Savings Wave\" href=\"http:\/\/www.emiliosilveravazquez.com\/blog\/2013\/08\/09\/%C2%BFes-viejo-el-universo-%C2%BFcomo-puede-ser-tan-grande\/#\">universal<img decoding=\"async\" src=\"http:\/\/savingswave-a.akamaihd.net\/items\/it\/img\/arrow-10x10.png\" alt=\"\" \/><\/a>, en 1.899 Planck propuso que se construyeran unidades naturales de masa, longitud y tiempo a partir de las constantes m\u00e1s fundamentales de la naturaleza: la constante de gravitaci\u00f3n\u00a0<em>G<\/em>, la velocidad de la luz\u00a0<em>c<\/em>\u00a0y la constante de acci\u00f3n\u00a0<em>h<\/em>, que\u00a0<a id=\"_GPLITA_5\" title=\"Click to Continue &gt; by Savings Wave\" href=\"http:\/\/www.emiliosilveravazquez.com\/blog\/2013\/08\/09\/%C2%BFes-viejo-el-universo-%C2%BFcomo-puede-ser-tan-grande\/#\">ahora<img decoding=\"async\" src=\"http:\/\/savingswave-a.akamaihd.net\/items\/it\/img\/arrow-10x10.png\" alt=\"\" \/><\/a>\u00a0lleva el nombre de Planck. La\u00a0<a href=\"http:\/\/www.emiliosilveravazquez.com\/blog\/2013\/08\/09\/%C2%BFes-viejo-el-universo-%C2%BFcomo-puede-ser-tan-grande\/#\"><a href=\"#\" onclick=\"referencia('planck constante de',event); return false;\">constante de Planck<\/a><\/a>\u00a0determina la m\u00ednima unidad de cambio posible en que pueda alterarse la energ\u00eda, y que llam\u00f3 \u201ccuanto\u201d. Las unidades de Planck son las \u00fanicas combinaciones de dichas constantes que pueden formarse en dimensiones de masa, longitud, tiempo y temperatura. Sus valores no difieren mucho de los de Stoney que figuran en el\u00a0<a id=\"_GPLITA_6\" title=\"Click to Continue &gt; by Savings Wave\" href=\"http:\/\/www.emiliosilveravazquez.com\/blog\/2013\/08\/09\/%C2%BFes-viejo-el-universo-%C2%BFcomo-puede-ser-tan-grande\/#\">trabajo<img decoding=\"async\" src=\"http:\/\/savingswave-a.akamaihd.net\/items\/it\/img\/arrow-10x10.png\" alt=\"\" \/><\/a>\u00a0siguiente de hoy:<\/p>\n<p>&nbsp;<\/p>\n<table border=\"1\" cellspacing=\"0\" cellpadding=\"0\">\n<tbody>\n<tr>\n<td width=\"93\"><strong><em>M<sub>p<\/sub>\u00a0=<\/em><\/strong><\/td>\n<td width=\"134\"><strong><em>(hc\/G)<sup>\u00bd<\/sup>\u00a0=<\/em><\/strong><\/td>\n<td width=\"184\"><strong><em>5\u201956 \u00d7 10<sup>-5\u00a0<\/sup>gramos<\/em><\/strong><\/td>\n<\/tr>\n<tr>\n<td width=\"93\"><strong><em>L<sub>p\u00a0<\/sub>=<\/em><\/strong><\/td>\n<td width=\"134\"><strong><em>(Gh\/c<sup>3<\/sup>)<sup>\u00a0\u00bd\u00a0<\/sup>=<\/em><\/strong><\/td>\n<td width=\"184\"><strong><em>4\u201913 \u00d7 10<sup>-33\u00a0<\/sup>cent\u00edmetros<\/em><\/strong><\/td>\n<\/tr>\n<tr>\n<td width=\"93\"><strong><em>T<sub>p<\/sub>\u00a0=<\/em><\/strong><\/td>\n<td width=\"134\"><strong><em>(Gh\/c<sup>5<\/sup>)<sup>\u00a0\u00bd\u00a0<\/sup>=<\/em><\/strong><\/td>\n<td width=\"184\"><strong><em>1\u201938 \u00d7 10<sup>-43\u00a0<\/sup>segundos<\/em><\/strong><\/td>\n<\/tr>\n<tr>\n<td width=\"93\"><strong><em>Temp.<sub>p<\/sub>\u00a0=<\/em><\/strong><\/td>\n<td width=\"134\"><strong><em>K<sup>-1<\/sup>\u00a0(hc<sup>5<\/sup>\/G)<sup>\u00a0\u00bd\u00a0<\/sup>=<\/em><\/strong><\/td>\n<td width=\"184\"><strong><em>3\u20195 \u00d7 10<sup>32 \u00ba<\/sup>Kelvin<\/em><\/strong><\/td>\n<\/tr>\n<\/tbody>\n<\/table>\n<p>&nbsp;<\/p>\n<p style=\"text-align: justify;\">Estas formulaciones con la masa, la longitud, el tiempo y la temperatura de Planck incorporan la\u00a0<em>G<\/em>(constante de gravitaci\u00f3n), la\u00a0<em>h<\/em>\u00a0(la\u00a0<a href=\"http:\/\/www.emiliosilveravazquez.com\/blog\/2013\/08\/09\/%C2%BFes-viejo-el-universo-%C2%BFcomo-puede-ser-tan-grande\/#\"><a href=\"#\" onclick=\"referencia('planck constante de',event); return false;\">constante de Planck<\/a><\/a>) y la\u00a0<em>c<\/em>, la velocidad de la luz. La de la temperatura incorpora adem\u00e1s, la\u00a0<em>K<\/em>\u00a0de los grados Kelvin.<\/p>\n<p style=\"text-align: justify;\">La\u00a0<a href=\"http:\/\/www.emiliosilveravazquez.com\/blog\/2013\/08\/09\/%C2%BFes-viejo-el-universo-%C2%BFcomo-puede-ser-tan-grande\/#\"><a href=\"#\" onclick=\"referencia('planck constante de',event); return false;\">constante de Planck<\/a><\/a>\u00a0racionalizada (la m\u00e1s utilizada por los f\u00edsicos), se representa por\u00a0<em>\u045b<\/em>\u00a0que es igual a h\/2\u03c0 que vale del orden de 1\u2019054589<strong>\u00d7<\/strong>10<sup>-34<\/sup>\u00a0Julios segundo.<\/p>\n<p style=\"text-align: justify;\">En las unidades de Planck, una vez m\u00e1s, vemos un contraste\u00a0<a id=\"_GPLITA_7\" title=\"Click to Continue &gt; by Savings Wave\" href=\"http:\/\/www.emiliosilveravazquez.com\/blog\/2013\/08\/09\/%C2%BFes-viejo-el-universo-%C2%BFcomo-puede-ser-tan-grande\/#\">entre<img decoding=\"async\" src=\"http:\/\/savingswave-a.akamaihd.net\/items\/it\/img\/arrow-10x10.png\" alt=\"\" \/><\/a>\u00a0la peque\u00f1a, pero no escandalosamente reducida unidad natural de la masa y las unidades naturales fant\u00e1sticamente extremas del tiempo, longitud y temperatura. Estas cantidades ten\u00edan una significaci\u00f3n sobrehumana para Planck. Entraban en La Base de la realidad f\u00edsica:<\/p>\n<\/div>\n<p>&nbsp;<\/p>\n<p><iframe loading=\"lazy\" title=\"Naturaleza y propagaci\u00f3n de la luz\" width=\"500\" height=\"281\" src=\"https:\/\/www.youtube.com\/embed\/CZzDMCFSP-Y?feature=oembed\" frameborder=\"0\" allow=\"accelerometer; autoplay; clipboard-write; encrypted-media; gyroscope; picture-in-picture; web-share\" referrerpolicy=\"strict-origin-when-cross-origin\" allowfullscreen><\/iframe><\/p>\n<p>&nbsp;<\/p>\n<div>\n<blockquote>\n<p style=\"text-align: justify;\"><strong><em>\u201cEstas cantidades conservar\u00e1n su significado natural mientras la Ley de Gravitaci\u00f3n y la de Propagaci\u00f3n de la luz en el vac\u00edo y los dos principios de la termodin\u00e1mica sigan siendo v\u00e1lidos; por lo tanto, siempre deben encontrarse iguales\u00a0<a id=\"_GPLITA_8\" title=\"Click to Continue &gt; by Savings Wave\" href=\"http:\/\/www.emiliosilveravazquez.com\/blog\/2013\/08\/09\/%C2%BFes-viejo-el-universo-%C2%BFcomo-puede-ser-tan-grande\/#\">cuando<img decoding=\"async\" src=\"http:\/\/savingswave-a.akamaihd.net\/items\/it\/img\/arrow-10x10.png\" alt=\"\" \/><\/a>\u00a0sean medidas por las inteligencias m\u00e1s diversas con los m\u00e9todos m\u00e1s diversos.\u201d<\/em><\/strong><\/p>\n<p>&nbsp;<\/p>\n<p><img decoding=\"async\" loading=\"lazy\" class=\"\" src=\"https:\/\/estaticos-cdn.prensaiberica.es\/clip\/04dac3fe-a1be-486f-a1fe-9f05388b5972_alta-libre-aspect-ratio_default_0.jpg\" alt=\"La vida extraterrestre podr\u00eda ser artificialmente inteligente, seg\u00fan el astr\u00f3nomo Martin Rees\" width=\"631\" height=\"591\" \/><\/p>\n<p>&nbsp;<\/p><\/blockquote>\n<p style=\"text-align: justify;\"><strong>\u00a0 \u00a0 \u00bfQui\u00e9n sabe c\u00f3mo ser\u00e1n?<\/strong><\/p>\n<\/div>\n<p>&nbsp;<\/p>\n<p><img decoding=\"async\" loading=\"lazy\" class=\"\" src=\"https:\/\/ichef.bbci.co.uk\/ace\/ws\/640\/cpsprodpb\/1410E\/production\/_113109128_placa-123.jpg.webp\" alt=\"Placa con n\u00fameros 1, 2 y 3\" width=\"659\" height=\"453\" \/><\/p>\n<p><strong>\u00bfNo pecamos de inocentes encvi\u00e1ndo aquel mensaje en el que le dimos nuestra ubicaci\u00f3n?<\/strong><\/p>\n<div>\n<p style=\"text-align: justify;\">En sus palabras finales alude a la idea de observadores en otro lugar del universo que definen y entienden estas cantidades de la misma manera que nosotros. Lo cierto es que estas unidades, al tener su origen en la Naturaleza y no ser invenciones de los seres humanos, de la misma manera que nosotros y, posiblemente por distintos caminos, seres de otros mundos\u00a0<a id=\"_GPLITA_9\" title=\"Click to Continue &gt; by Savings Wave\" href=\"http:\/\/www.emiliosilveravazquez.com\/blog\/2013\/08\/09\/%C2%BFes-viejo-el-universo-%C2%BFcomo-puede-ser-tan-grande\/#\">tambi\u00e9n<img decoding=\"async\" src=\"http:\/\/savingswave-a.akamaihd.net\/items\/it\/img\/arrow-10x10.png\" alt=\"\" \/><\/a>\u00a0las hallar\u00e1n y ser\u00e1n id\u00e9nticas a las nuestras. De entrada hab\u00eda algo muy sorprendente en las unidades de Planck, como lo hab\u00eda tambi\u00e9n en las de <strong>Stoney<\/strong>. Entrelazaban la gravedad con las constantes que gobiernan la electricidad y el magnetismo. Planck nos dec\u00eda:<\/p>\n<blockquote>\n<p style=\"text-align: justify;\"><strong>\u201cLa creciente distancia\u00a0<a id=\"_GPLITA_10\" title=\"Click to Continue &gt; by Savings Wave\" href=\"http:\/\/www.emiliosilveravazquez.com\/blog\/2013\/08\/09\/%C2%BFes-viejo-el-universo-%C2%BFcomo-puede-ser-tan-grande\/#\">entre<img decoding=\"async\" src=\"http:\/\/savingswave-a.akamaihd.net\/items\/it\/img\/arrow-10x10.png\" alt=\"\" \/><\/a>\u00a0la imagen del mundo f\u00edsico y el mundo de los sentidos no significa otra cosa que una aproximaci\u00f3n progresiva al mundo real.\u201d<\/strong><\/p>\n<p>&nbsp;<\/p>\n<p style=\"text-align: justify;\" align=\"right\"><img decoding=\"async\" loading=\"lazy\" id=\"BLOGGER_PHOTO_ID_5104488181570391890\" src=\"http:\/\/bp2.blogger.com\/_EzBjOMa_FUE\/RtbI9Nauz1I\/AAAAAAAAAbg\/In7QQBT2Sao\/s400\/Sensaciones.jpg\" alt=\"\" width=\"382\" height=\"254\" border=\"0\" \/><\/p>\n<p align=\"right\">\n<\/blockquote>\n<p style=\"text-align: justify;\" align=\"right\">S\u00ed, Planck ten\u00eda raz\u00f3n, el mundo de los sentidos cada vez est\u00e1n m\u00e1s cerca de ese mundo real que perseguimos. Sabemos que nuestra realidad no es la realidad del mundo y, poco a poco, con descubrimientos\u00a0<a id=\"_GPLITA_11\" title=\"Click to Continue &gt; by Savings Wave\" href=\"http:\/\/www.emiliosilveravazquez.com\/blog\/2013\/08\/09\/%C2%BFes-viejo-el-universo-%C2%BFcomo-puede-ser-tan-grande\/#\">como<img decoding=\"async\" src=\"http:\/\/savingswave-a.akamaihd.net\/items\/it\/img\/arrow-10x10.png\" alt=\"\" \/><\/a>\u00a0estos de las Unidades de Stoney-Planck, nos vamos acercando a la comprensi\u00f3n de esa Naturaleza creadora que permiti\u00f3 aqu\u00ed nuestra presencia y que ahora, nosotros tratamos de saber.<\/p>\n<p style=\"text-align: justify;\">Podemos ver que Max Planck apelaba a la existencia de constantes universales de la naturaleza como prueba de una realidad f\u00edsica al margen y completamente diferentes de las mentes humanas. Al respecto dec\u00eda:<\/p>\n<blockquote>\n<p style=\"text-align: justify;\"><em>\u201cEstos\u2026n\u00fameros, las denominadas\u00a0<strong>\u201c<\/strong>constantes universales<strong>\u201d<\/strong>\u00a0son en cierto sentido los ladrillos inmutables del edificio de la f\u00edsica te\u00f3rica. Deber\u00edamos preguntar:<\/em><\/p>\n<\/blockquote>\n<\/div>\n<p>&nbsp;<\/p>\n<p><img decoding=\"async\" src=\"https:\/\/1.bp.blogspot.com\/-TIUjWU4W664\/TtPzTHZW34I\/AAAAAAAAC7g\/X_w9v9F1JcY\/s1600\/Futuro+espa%25C3%25B1ol.jpg\" alt=\"Las constantes de la Naturaleza! : Blog de Emilio Silvera V.\" \/><\/p>\n<div>\n<blockquote>\n<p style=\"text-align: justify;\"><strong><em>\u00bfCu\u00e1l es el significado real de estas constantes?\u201d Bueno, la de la imagen tambi\u00e9n es una constante pero, de otra manera. El ni\u00f1o se hizo hombre y el hombre se hace ni\u00f1o. \u00a1Maldita Entrop\u00eda!<\/em><\/strong><\/p>\n<\/blockquote>\n<p style=\"text-align: justify;\">En la naturaleza hay una serie de constantes fundamentales, por ejemplo, algunas de ellas son:\u00a0<b>la constante universal de la gravedad (G = 6.67X10<sup>&#8211;<\/sup><sup>11<\/sup>\u00a0Nm<sup>2<\/sup>\/Kg<sup>2<\/sup>), la velocidad de la luz (3X10<sup>8<\/sup>m\/s) y la unidad fundamental de carga el\u00e9ctrica (1.6X10<sup>&#8211;<\/sup><sup>19<\/sup>\u00a0C)<\/b>. Claro que tambi\u00e9n tenemos la masa del <a href=\"#\" onclick=\"referencia('proton',event); return false;\">prot\u00f3n<\/a>, la carga del <a href=\"#\" onclick=\"referencia('electron',event); return false;\">electr\u00f3n<\/a>, la Constante de estructura Fina&#8230; Y otras tambi\u00b4\u00e7en de importancia vital para la existencia de la vida.<\/p>\n<p style=\"text-align: justify;\">Claro que, nosotros, simplemente somos un misterio m\u00e1s de los muchos que en el Universo son. Sin embargo y a diferencias de los otros, tenemos la ventaja de ser conscientes con la facultad de pensar y, adem\u00e1s, tenemos una insaciable curiosidad. Un fallo que a menudio tenemos ha sido caer en la tentaci\u00f3n de mirarnos el ombligo y no hacerlo al entorno que nos rodea. Muchas m\u00e1s cosas habr\u00edamos evitado y habr\u00edamos descubierto si por una sola vez hubi\u00e9semos dejado el ego a un lado y, en lugar de estar pendientes de nosotros mismos, lo hubi\u00e9ramos hecho con respecto a la naturaleza que, en definitiva, es la que nos ense\u00f1a el camino a seguir.<\/p>\n<p style=\"text-align: justify;\">Hemos llegado a poder discernir la relaci\u00f3n directa que vincula el tama\u00f1o, la energ\u00eda de uni\u00f3n y la edad de las estructuras fundamentales de la Naturaleza. Una mol\u00e9cula es mayor y m\u00e1s f\u00e1cil de desmembrar que un \u00e1tomo; lo mismo podemos decir de un \u00e1tomo respecto al n\u00facleo at\u00f3mico, y de un n\u00facleo con respecto a los\u00a0<a href=\"http:\/\/www.emiliosilveravazquez.com\/blog\/2012\/09\/04\/dejando-volar-la-imaginacion\/#\">quarks<\/a>\u00a0que contiene. Y, creemos saber que\u2026<\/p>\n<p>&nbsp;<\/p>\n<blockquote>\n<p style=\"text-align: justify;\">\u00a0<img decoding=\"async\" loading=\"lazy\" id=\"irc_mi\" src=\"http:\/\/www.bibliotecapleyades.net\/imagenes_ciencia\/asteroids_comets13_01.jpg\" alt=\"\" width=\"393\" height=\"393\" \/><\/p>\n<\/blockquote>\n<p style=\"text-align: justify;\"><strong><em>La edad actual del universo visible \u2248 10<sup>60<\/sup>\u00a0tiempos de Planck<\/em><\/strong><\/p>\n<p style=\"text-align: justify;\"><strong><em>Tama\u00f1o actual del Universo visible \u2248 10<sup>60<\/sup>\u00a0longitudes de Planck<\/em><\/strong><\/p>\n<p style=\"text-align: justify;\"><strong><em>La masa actual del Universo visible \u2248 10<sup>60<\/sup>\u00a0masas de Planck<\/em><\/strong><\/p>\n<p style=\"text-align: justify;\">Vemos as\u00ed que la baj\u00edsima densidad de materia en el universo es un reflejo del hecho de que:<\/p>\n<p style=\"text-align: justify;\"><strong><em>Densidad actual del universo visible \u224810<sup>-120<\/sup>\u00a0de la densidad de Planck<\/em><\/strong><\/p>\n<p style=\"text-align: justify;\">Y la temperatura del espacio, a 3 grados sobre el cero absoluto es, por tanto<\/p>\n<p style=\"text-align: justify;\"><strong><em>Temperatura actual del Universo visible \u2248 10<sup>-30<\/sup>\u00a0de la Planck<\/em><\/strong><\/p>\n<p>&nbsp;<\/p>\n<p style=\"text-align: justify;\"><img decoding=\"async\" src=\"http:\/\/2.bp.blogspot.com\/-VgOIjMpISog\/UyHJBEra4VI\/AAAAAAAAH1U\/s3AyYERrNa8\/s1600\/materiaoscura.jpg\" alt=\"Resultado de imagen de El Universo est\u00c3\u00a1 estructura en una escala sobrehumana\" \/><\/p>\n<p>&nbsp;<\/p>\n<p style=\"text-align: justify;\">Hemos podido llegar a discernir sobre lo inmensamente peque\u00f1o y, tambi\u00e9n, sobre lo descomunalmente grande. \u00c1tomos y Galaxias, los dos extremos de las escalas del Universo a la que hemos podido (asombrosamente) llegar para saber, d\u00f3nde estamos y c\u00f3mo resulta ser nuestro entorno tanto cercano como m\u00e1s lejano.<\/p>\n<p>&nbsp;<\/p>\n<p style=\"text-align: justify;\"><img decoding=\"async\" src=\"https:\/\/d1bi2srgse3uhl.cloudfront.net\/uploads\/2018\/01\/image5a6c68f9d71f9.jpg\" alt=\"Imagen relacionada\" \/><\/p>\n<p style=\"text-align: justify;\">\u00a0 \u00a0 \u00a0 \u00a0 \u00a0 <strong>Si sabemos colocarlos en su debido lugar&#8230; \u00a1Nos dicen tantas cosas!<\/strong><\/p>\n<p style=\"text-align: justify;\">Estos n\u00fameros extraordinariamente grandes y estas fracciones extraordinariamente peque\u00f1as nos muestran inmediatamente que el universo est\u00e1 estructurado en una escala sobrehumana de proporciones asombrosas cuando la sopesamos en los\u00a0<a id=\"_GPLITA_12\" title=\"Click to Continue &gt; by Savings Wave\" href=\"http:\/\/www.emiliosilveravazquez.com\/blog\/2013\/08\/09\/%C2%BFes-viejo-el-universo-%C2%BFcomo-puede-ser-tan-grande\/#\">balances<img decoding=\"async\" src=\"http:\/\/savingswave-a.akamaihd.net\/items\/it\/img\/arrow-10x10.png\" alt=\"\" \/><\/a>\u00a0de su propia construcci\u00f3n.<\/p>\n<p style=\"text-align: justify;\">Con respecto a sus propios patrones, el universo es viejo. El tiempo de vida natural de un mundo gobernado por la gravedad, la\u00a0<a href=\"http:\/\/www.emiliosilveravazquez.com\/blog\/2013\/08\/09\/%C2%BFes-viejo-el-universo-%C2%BFcomo-puede-ser-tan-grande\/#\"><a href=\"#\" onclick=\"referencia('relatividad',event); return false;\">relatividad<\/a><\/a>\u00a0y la mec\u00e1nica cu\u00e1ntica es el fugaz breve\u00a0<a href=\"http:\/\/www.emiliosilveravazquez.com\/blog\/2013\/08\/09\/%C2%BFes-viejo-el-universo-%C2%BFcomo-puede-ser-tan-grande\/#\"><a href=\"#\" onclick=\"referencia('planck tiempo de',event); return false;\">tiempo de Planck<\/a><\/a>. Parece que es mucho m\u00e1s viejo de lo que deber\u00eda ser. Pero, pese a la enorme edad del universo en \u201ctics\u201d de Tiempos de Planck,\u00a0 hemos aprendido que casi todo este tiempo es necesario\u00a0<a id=\"_GPLITA_13\" title=\"Click to Continue &gt; by Savings Wave\" href=\"http:\/\/www.emiliosilveravazquez.com\/blog\/2013\/08\/09\/%C2%BFes-viejo-el-universo-%C2%BFcomo-puede-ser-tan-grande\/#\">para<img decoding=\"async\" src=\"http:\/\/savingswave-a.akamaihd.net\/items\/it\/img\/arrow-10x10.png\" alt=\"\" \/><\/a>\u00a0producir estrellas y los elementos qu\u00edmicos que traen la vida.<\/p>\n<p>&nbsp;<\/p>\n<\/div>\n<p style=\"text-align: justify;\"><img decoding=\"async\" loading=\"lazy\" class=\"\" src=\"https:\/\/astronomiaparatodos.com\/wp-content\/uploads\/2021\/02\/m16-15_07_2017-querol_b.jpg\" alt=\"La vida de las estrellas | Astronom\u00eda para todos\" width=\"643\" height=\"429\" \/><img decoding=\"async\" loading=\"lazy\" class=\"\" src=\"https:\/\/estaticos-cdn.prensaiberica.es\/clip\/fef9ecbb-9e35-473b-814b-f6113d2d0af1_21-9-aspect-ratio_default_0.jpg\" alt=\"Las mol\u00e9culas precursoras de la vida se esconden entre las estrellas - El Peri\u00f3dico de Espa\u00f1a\" width=\"653\" height=\"280\" \/><\/p>\n<p><strong>En las Nebulosas Moleculares se hallaron mol\u00e9culas esenciales para la Vida<\/strong><\/p>\n<div>\n<p style=\"text-align: justify;\">\u00bfPor qu\u00e9 nuestro universo no es mucho m\u00e1s viejo de lo que parece ser? Es f\u00e1cil entender por qu\u00e9 el universo no es mucho m\u00e1s joven. Las estrellas tardan mucho tiempo en formarse y producir elementos m\u00e1s pesados que son las que requiere la complejidad biol\u00f3gica. Pero los universos viejos tambi\u00e9n tienen sus problemas. Conforme para el tiempo en el universo el proceso de formaci\u00f3n de estrellas se frena.<\/p>\n<p style=\"text-align: justify;\">Todo el gas y el polvo c\u00f3smico que constituyen las materias primas de las estrellas habr\u00edan sido procesados por las estrellas y lanzados al espacio intergal\u00e1ctico donde no pueden enfriarse y fundirse en nuevas estrellas. Pocas estrellas hacen que, a su vez, tambi\u00e9n sean pocos los sistemas solares y los planetas. Los planetas que se forman son\u00a0<a id=\"_GPLITA_14\" title=\"Click to Continue &gt; by Savings Wave\" href=\"http:\/\/www.emiliosilveravazquez.com\/blog\/2013\/08\/09\/%C2%BFes-viejo-el-universo-%C2%BFcomo-puede-ser-tan-grande\/#\">menos<img decoding=\"async\" src=\"http:\/\/savingswave-a.akamaihd.net\/items\/it\/img\/arrow-10x10.png\" alt=\"\" \/><\/a>\u00a0activos que los que se formaron antes, la\u00a0<a href=\"http:\/\/www.emiliosilveravazquez.com\/blog\/2013\/08\/09\/%C2%BFes-viejo-el-universo-%C2%BFcomo-puede-ser-tan-grande\/#\"><a href=\"#\" onclick=\"referencia('entropia',event); return false;\">entrop\u00eda<\/a><\/a>\u00a0va debilitando la energ\u00eda del sistema para realizar\u00a0<a id=\"_GPLITA_15\" title=\"Click to Continue &gt; by Savings Wave\" href=\"http:\/\/www.emiliosilveravazquez.com\/blog\/2013\/08\/09\/%C2%BFes-viejo-el-universo-%C2%BFcomo-puede-ser-tan-grande\/#\">trabajo<img decoding=\"async\" src=\"http:\/\/savingswave-a.akamaihd.net\/items\/it\/img\/arrow-10x10.png\" alt=\"\" \/><\/a>.<\/p>\n<p style=\"text-align: justify;\">La producci\u00f3n de elementos radiactivos en las estrellas disminuir\u00e1, y los que se formen tendr\u00e1n semividas m\u00e1s largas. Los nuevos planetas ser\u00e1n menos activos y el vulcanismo parar\u00e1 su actividad al ser frenado el planeta geol\u00f3gicamente y carecer\u00e1n de muchos de los movimientos internos que impulsan la deriva continental y la elevaci\u00f3n de las monta\u00f1as en el planeta. Si esto tambi\u00e9n hace menos probable la presencia de un campo magn\u00e9tico en un planeta, entonces ser\u00e1 muy poco probable que la vida evolucione\u00a0<a id=\"_GPLITA_16\" title=\"Click to Continue &gt; by Savings Wave\" href=\"http:\/\/www.emiliosilveravazquez.com\/blog\/2013\/08\/09\/%C2%BFes-viejo-el-universo-%C2%BFcomo-puede-ser-tan-grande\/#\">hasta<img decoding=\"async\" src=\"http:\/\/savingswave-a.akamaihd.net\/items\/it\/img\/arrow-10x10.png\" alt=\"\" \/><\/a>\u00a0formas complejas.<\/p>\n<p>&nbsp;<\/p>\n<blockquote>\n<p style=\"text-align: justify;\"><img decoding=\"async\" loading=\"lazy\" id=\"il_fi\" src=\"http:\/\/chemtrailsevilla.files.wordpress.com\/2011\/02\/aystein-lunde-ingvaldsen1_strip.jpg?w=593\" alt=\"\" width=\"399\" height=\"503\" \/><\/p>\n<\/blockquote>\n<p>&nbsp;<\/p>\n<p style=\"text-align: justify;\">Las estrellas t\u00edpicas como el Sol, emiten\u00a0<a id=\"_GPLITA_17\" title=\"Click to Continue &gt; by Savings Wave\" href=\"http:\/\/www.emiliosilveravazquez.com\/blog\/2013\/08\/09\/%C2%BFes-viejo-el-universo-%C2%BFcomo-puede-ser-tan-grande\/#\">desde<img decoding=\"async\" src=\"http:\/\/savingswave-a.akamaihd.net\/items\/it\/img\/arrow-10x10.png\" alt=\"\" \/><\/a>\u00a0su superficie un viento de part\u00edculas cargadas el\u00e9ctricamente que barre las atm\u00f3sferas de los planetas en \u00f3rbitas a su alrededor y, a menos que el viento pueda ser desviado por un campo magn\u00e9tico, los posibles habitantes de ese planeta lo podr\u00edan tener complicado soportando tal lluvia de\u00a0<a href=\"http:\/\/www.emiliosilveravazquez.com\/blog\/2013\/08\/09\/%C2%BFes-viejo-el-universo-%C2%BFcomo-puede-ser-tan-grande\/#\"><a href=\"#\" onclick=\"referencia('radiactividad',event); return false;\">radiactividad<\/a><\/a>. En nuestro sistema solar el campo magn\u00e9tico de la Tierra ha protegido su atm\u00f3sfera del viento solar,\u00a0<a id=\"_GPLITA_18\" title=\"Click to Continue &gt; by Savings Wave\" href=\"http:\/\/www.emiliosilveravazquez.com\/blog\/2013\/08\/09\/%C2%BFes-viejo-el-universo-%C2%BFcomo-puede-ser-tan-grande\/#\">pero<img decoding=\"async\" src=\"http:\/\/savingswave-a.akamaihd.net\/items\/it\/img\/arrow-10x10.png\" alt=\"\" \/><\/a>\u00a0Marte, que no est\u00e1 protegido por ning\u00fan campo magn\u00e9tico, perdi\u00f3 su atm\u00f3sfera hace tiempo.<\/p>\n<p>&nbsp;<\/p>\n<blockquote>\n<p style=\"text-align: justify;\"><img decoding=\"async\" loading=\"lazy\" id=\"il_fi\" src=\"http:\/\/2.bp.blogspot.com\/_hX7Eua-7G2c\/TFB72vJl9GI\/AAAAAAAAC4g\/BhHSCYfbxlg\/s400\/campo_magnetico_de_la_tierra.jpg\" alt=\"\" width=\"400\" height=\"292\" \/><\/p>\n<\/blockquote>\n<p>&nbsp;<\/p>\n<p style=\"text-align: justify;\">Probablemente no es f\u00e1cil mantener una larga vida en un planeta del Sistema solar. Poco a poco hemos llegado a apreciar cu\u00e1n precaria es. Dejando a un lado los intentos que siguen realizando los seres vivos de extinguirse a s\u00ed mismos, agotar los recursos naturales, propagar infecciones letales y venenos mortales y emponzo\u00f1ar la atm\u00f3sfera,\u00a0<a id=\"_GPLITA_19\" title=\"Click to Continue &gt; by Savings Wave\" href=\"http:\/\/www.emiliosilveravazquez.com\/blog\/2013\/08\/09\/%C2%BFes-viejo-el-universo-%C2%BFcomo-puede-ser-tan-grande\/#\">tambi\u00e9n<img decoding=\"async\" src=\"http:\/\/savingswave-a.akamaihd.net\/items\/it\/img\/arrow-10x10.png\" alt=\"\" \/><\/a>\u00a0existen serias amenazas exteriores.<\/p>\n<p style=\"text-align: justify;\">Los movimientos de cometas y asteroides, a pesar de tener la defensa de J\u00fapiter, son una seria y cierta amenaza para el desarrollo y persistencia de vida inteligente en las primeras etapas. Los impactos no han sido infrecuentes en el pasado lejano de la Tierra, habiendo tenido efectos catastr\u00f3ficos.\u00a0 Somos afortunados al tener la protecci\u00f3n de la Luna y de la enorme masa de J\u00fapiter que atrae\u00a0<a id=\"_GPLITA_20\" title=\"Click to Continue &gt; by Savings Wave\" href=\"http:\/\/www.emiliosilveravazquez.com\/blog\/2013\/08\/09\/%C2%BFes-viejo-el-universo-%C2%BFcomo-puede-ser-tan-grande\/#\">hacia<img decoding=\"async\" src=\"http:\/\/savingswave-a.akamaihd.net\/items\/it\/img\/arrow-10x10.png\" alt=\"\" \/><\/a>\u00a0s\u00ed los cuerpos que llegan desde el exterior desvi\u00e1ndolos de su probable trayectoria hacia nuestro planeta.<\/p>\n<p>&nbsp;<\/p>\n<blockquote>\n<p style=\"text-align: justify;\">\u00a0<img decoding=\"async\" loading=\"lazy\" id=\"irc_mi\" src=\"http:\/\/paolera.files.wordpress.com\/2014\/03\/impact2sc.gif\" alt=\"\" width=\"500\" height=\"382\" \/><\/p>\n<\/blockquote>\n<p>&nbsp;<\/p>\n<p style=\"text-align: justify;\">La ca\u00edda en el planeta de uno de estos enormes pedruscos podr\u00eda producir extinciones globales y retrasar en millones de a\u00f1os la evoluci\u00f3n. Cuando comento este tema no puedo evitar el recuerdo del meteorito ca\u00eddo en la Tierra que impact\u00f3 en la pen\u00ednsula de Yucat\u00e1n hace 65 millones de a\u00f1os, al final de la Era Mesozoica, cuando seg\u00fan todos los indicios, los dinosaurios se extinguieron. Sin embargo, aquel suceso catastr\u00f3fico\u00a0<a id=\"_GPLITA_21\" title=\"Click to Continue &gt; by Savings Wave\" href=\"http:\/\/www.emiliosilveravazquez.com\/blog\/2013\/08\/09\/%C2%BFes-viejo-el-universo-%C2%BFcomo-puede-ser-tan-grande\/#\">para<img decoding=\"async\" src=\"http:\/\/savingswave-a.akamaihd.net\/items\/it\/img\/arrow-10x10.png\" alt=\"\" \/><\/a>\u00a0los grandes lagartos, en realidad supuso que la Tierra fue rescatada de un callej\u00f3n sin salida evolutivo. Parece que los dinosaurios evolucionaron por una v\u00eda que desarrollaba el tama\u00f1o f\u00edsico antes que el tama\u00f1o cerebral.<\/p>\n<p>&nbsp;<\/p>\n<p style=\"text-align: justify;\"><img decoding=\"async\" src=\"https:\/\/www.infobae.com\/new-resizer\/awyV66oZICy65Pmg_FJPn75K2eg=\/750x0\/filters:quality(100)\/s3.amazonaws.com\/arc-wordpress-client-uploads\/infobae-wp\/wp-content\/uploads\/2017\/11\/07082012\/mamiferos-en-tiempos-de-dinosaurios.jpg\" alt=\"Resultado de imagen de Los dinosaurios\" \/><\/p>\n<p>&nbsp;<\/p>\n<p style=\"text-align: justify;\">La desaparici\u00f3n de los dinosaurios junto con otras formas de vida sobre la Tierra en aquella \u00e9poca, hizo un hueco para la aparici\u00f3n de los mam\u00edferos. Se desarroll\u00f3 la diversidad una vez desaparecidos los grandes depredadores. As\u00ed que, al menos en este caso concreto, el impacto nos hizo un gran favor, ya que hizo posible que 65 millones de a\u00f1os m\u00e1s tarde pudi\u00e9ramos llegar nosotros. Los dinosaurios dominaron el planeta durante 150 millones de a\u00f1os; nosotros en comparaci\u00f3n, llevamos aqu\u00ed tres d\u00edas y,\u00a0<a id=\"_GPLITA_22\" title=\"Click to Continue &gt; by Savings Wave\" href=\"http:\/\/www.emiliosilveravazquez.com\/blog\/2013\/08\/09\/%C2%BFes-viejo-el-universo-%C2%BFcomo-puede-ser-tan-grande\/#\">desde <img decoding=\"async\" src=\"http:\/\/savingswave-a.akamaihd.net\/items\/it\/img\/arrow-10x10.png\" alt=\"\" \/><\/a>luego, \u00a1la que hemos formado!<\/p>\n<p style=\"text-align: justify;\">Y no podemos tener la menor duda, mientras que estemos aqu\u00ed, seguiremos pretendiendo y queriendo saber sobre los secretos de la Naturaleza que, al fin y al cabo,\u00a0<a id=\"_GPLITA_23\" title=\"Click to Continue &gt; by Savings Wave\" href=\"http:\/\/www.emiliosilveravazquez.com\/blog\/2013\/08\/09\/%C2%BFes-viejo-el-universo-%C2%BFcomo-puede-ser-tan-grande\/#\">puede<img decoding=\"async\" src=\"http:\/\/savingswave-a.akamaihd.net\/items\/it\/img\/arrow-10x10.png\" alt=\"\" \/><\/a>\u00a0ser nuestra salvaci\u00f3n. Ya saben ustedes: \u00a1Saber es poder!<\/p>\n<p><strong>Claro que todo esto nos lleva a pensar en aquellas palabras del pensador:<\/strong><\/p>\n<p><strong>&#8220;No est\u00e1 muerto lo que duerme eternamente, y, con el paso de los Eones, hasta la muerte tiene que morir.&#8221;<\/strong><\/p>\n<p><strong>Ese es el destino final de todo y de todos, del Universo tambi\u00e9n.<\/strong><\/p>\n<p style=\"text-align: justify;\"><strong>Emilio Silvera V\u00e1zquez<\/strong><\/p>\n<\/div>\n<div class='bookmark'>\r\n\t\t<table align='left' border='0' cellpadding='0' width='100%'>\r\n\t\t<tr><td><span class='pushbutton'><a href='http:\/\/delicious.com\/post?url=http%3A%2F%2Fwww.emiliosilveravazquez.com%2Fblog%2F2026%2F01%2F31%2F%25c2%25bfes-viejo-el-universo-%25c2%25bfcomo-puede-ser-tan-grande-5%2F&amp;title=%C2%BFEs+viejo+el+Universo%3F+%C2%BFC%C3%B3mo+puede+ser+tan+grande%3F' title='Delicious' target='_blank' rel='nofollow'><img src='http:\/\/www.emiliosilveravazquez.com\/blog\/wp-content\/plugins\/knxdt-bookmarks-wordpress-plugin\/images\/delicious.png'  alt='' class='book_img' border='none' style='margin:1px; padding: 0;'  \/><\/a><\/span><span class='pushbutton'><a href='http:\/\/digg.com\/submit?url=http%3A%2F%2Fwww.emiliosilveravazquez.com%2Fblog%2F2026%2F01%2F31%2F%25c2%25bfes-viejo-el-universo-%25c2%25bfcomo-puede-ser-tan-grande-5%2F&amp;title=%C2%BFEs+viejo+el+Universo%3F+%C2%BFC%C3%B3mo+puede+ser+tan+grande%3F' title='Digg' target='_blank' rel='nofollow'><img src='http:\/\/www.emiliosilveravazquez.com\/blog\/wp-content\/plugins\/knxdt-bookmarks-wordpress-plugin\/images\/digg.png'  alt='' class='book_img' border='none' style='margin:1px; padding: 0;'  \/><\/a><\/span><span class='pushbutton'><a href='http:\/\/www.google.com\/bookmarks\/mark?op=edit&amp;bkmk=http%3A%2F%2Fwww.emiliosilveravazquez.com%2Fblog%2F2026%2F01%2F31%2F%25c2%25bfes-viejo-el-universo-%25c2%25bfcomo-puede-ser-tan-grande-5%2F&amp;title=%C2%BFEs+viejo+el+Universo%3F+%C2%BFC%C3%B3mo+puede+ser+tan+grande%3F' title='Google' target='_blank' rel='nofollow'><img src='http:\/\/www.emiliosilveravazquez.com\/blog\/wp-content\/plugins\/knxdt-bookmarks-wordpress-plugin\/images\/google.png'   alt='' class='book_img' border='none' style='margin:1px; padding: 0;'  \/><\/a><\/span><span class='pushbutton'><a href='http:\/\/myweb2.search.yahoo.com\/myresults\/bookmarklet?u=http%3A%2F%2Fwww.emiliosilveravazquez.com%2Fblog%2F2026%2F01%2F31%2F%25c2%25bfes-viejo-el-universo-%25c2%25bfcomo-puede-ser-tan-grande-5%2F&amp;t=%C2%BFEs+viejo+el+Universo%3F+%C2%BFC%C3%B3mo+puede+ser+tan+grande%3F' title='Yahoo' target='_blank' rel='nofollow'><img src='http:\/\/www.emiliosilveravazquez.com\/blog\/wp-content\/plugins\/knxdt-bookmarks-wordpress-plugin\/images\/yahoo.png'  alt='' class='book_img' border='none' style='margin:1px; padding: 0;'  \/><\/a><\/span><span class='pushbutton'><a href='http:\/\/www.technorati.com\/faves?add=http%3A%2F%2Fwww.emiliosilveravazquez.com%2Fblog%2F2026%2F01%2F31%2F%25c2%25bfes-viejo-el-universo-%25c2%25bfcomo-puede-ser-tan-grande-5%2F' title='Technorati' target='_blank' rel='nofollow'><img src='http:\/\/www.emiliosilveravazquez.com\/blog\/wp-content\/plugins\/knxdt-bookmarks-wordpress-plugin\/images\/technorati.png'  alt='' class='book_img' border='none' style='margin:1px; padding: 0;'  \/><\/a><\/span><span class='pushbutton'><a href='http:\/\/meneame.net\/submit.php?url=http%3A%2F%2Fwww.emiliosilveravazquez.com%2Fblog%2F2026%2F01%2F31%2F%25c2%25bfes-viejo-el-universo-%25c2%25bfcomo-puede-ser-tan-grande-5%2F' title='Meneame' target='_blank' rel='nofollow'><img src='http:\/\/www.emiliosilveravazquez.com\/blog\/wp-content\/plugins\/knxdt-bookmarks-wordpress-plugin\/images\/meneame.png'  alt='' class='book_img' border='none' style='margin:1px; padding: 0;'  \/><\/a><\/span><span class='pushbutton'><a href='http:\/\/enchilame.com\/submit.php?url=http:\/\/www.emiliosilveravazquez.com\/blog\/2026\/01\/31\/%c2%bfes-viejo-el-universo-%c2%bfcomo-puede-ser-tan-grande-5\/' target='_blank' rel='nofollow'><img title='Enchilame' src='http:\/\/www.emiliosilveravazquez.com\/blog\/wp-content\/plugins\/knxdt-bookmarks-wordpress-plugin\/images\/enchilame.png'  alt='' class='book_img' border='none' style='margin:1px; padding: 0;'  \/><\/a><\/span><span class='pushbutton'><a href='http:\/\/www.blinklist.com\/index.php?Action=Blink\/addblink.php&amp;Description=&amp;Url=http%3A%2F%2Fwww.emiliosilveravazquez.com%2Fblog%2F2026%2F01%2F31%2F%25c2%25bfes-viejo-el-universo-%25c2%25bfcomo-puede-ser-tan-grande-5%2F&amp;title=%C2%BFEs+viejo+el+Universo%3F+%C2%BFC%C3%B3mo+puede+ser+tan+grande%3F' title='BlinkList' target='_blank' rel='nofollow'><img src='http:\/\/www.emiliosilveravazquez.com\/blog\/wp-content\/plugins\/knxdt-bookmarks-wordpress-plugin\/images\/blinklist.png'  alt='' class='book_img' border='none' style='margin:1px; padding: 0;'  \/><\/a><\/span><span class='pushbutton'><a href='http:\/\/reddit.com\/submit?url=http%3A%2F%2Fwww.emiliosilveravazquez.com%2Fblog%2F2026%2F01%2F31%2F%25c2%25bfes-viejo-el-universo-%25c2%25bfcomo-puede-ser-tan-grande-5%2F&amp;title=%C2%BFEs+viejo+el+Universo%3F+%C2%BFC%C3%B3mo+puede+ser+tan+grande%3F' title='Reddit' target='_blank' rel='nofollow'><img src='http:\/\/www.emiliosilveravazquez.com\/blog\/wp-content\/plugins\/knxdt-bookmarks-wordpress-plugin\/images\/reddit.png'  alt='' class='book_img' border='none' style='margin:1px; padding: 0;'  \/><\/a><\/span><span class='pushbutton'><a href='http:\/\/www.tecnologiadiaria.com\/2009\/07\/abrir-com-hotmail-correo.html' target='_blank' title='hotmail'><img src='http:\/\/www.emiliosilveravazquez.com\/blog\/wp-content\/plugins\/knxdt-bookmarks-wordpress-plugin\/images\/linklove.png' alt='hotmail correo' class='book_img' border='none' style='margin:1px; padding: 0;' \/><\/a><\/span><span class='pushbutton'><a href='http:\/\/bitacoras.com\/votar\/anotacion\/externo\/mini\/www.emiliosilveravazquez.com\/blog\/2026\/01\/31\/%c2%bfes-viejo-el-universo-%c2%bfcomo-puede-ser-tan-grande-5\/' title='Bitacoras.com' target='_blank' rel='nofollow'><img src='http:\/\/www.emiliosilveravazquez.com\/blog\/wp-content\/plugins\/knxdt-bookmarks-wordpress-plugin\/images\/bitacoras.png'  alt='' class='book_img' border='none' style='margin:1px; padding: 0;'  \/><\/a><\/span><span class='pushbutton'><a href='http:\/\/www.wikio.es\/vote?url=http%3A%2F%2Fwww.emiliosilveravazquez.com%2Fblog%2F2026%2F01%2F31%2F%25c2%25bfes-viejo-el-universo-%25c2%25bfcomo-puede-ser-tan-grande-5%2F' title='Wikio' target='_blank' rel='nofollow'><img src='http:\/\/www.emiliosilveravazquez.com\/blog\/wp-content\/plugins\/knxdt-bookmarks-wordpress-plugin\/images\/wikio.png'   alt='' class='book_img' border='none' style='margin:1px; padding: 0;'   \/><\/a><\/span><span class='pushbutton'><a href='http:\/\/friendfeed.com\/?url=http%3A%2F%2Fwww.emiliosilveravazquez.com%2Fblog%2F2026%2F01%2F31%2F%25c2%25bfes-viejo-el-universo-%25c2%25bfcomo-puede-ser-tan-grande-5%2F&amp;title=%C2%BFEs+viejo+el+Universo%3F+%C2%BFC%C3%B3mo+puede+ser+tan+grande%3F' title='Friend Feed' target='_blank' rel='nofollow'><img src='http:\/\/www.emiliosilveravazquez.com\/blog\/wp-content\/plugins\/knxdt-bookmarks-wordpress-plugin\/images\/friendfeed.png'  alt='' class='book_img' border='none' style='margin:1px; padding: 0;'  \/><\/a><\/span><span class='pushbutton'><a href='http:\/\/www.facebook.com\/share.php?u=http%3A%2F%2Fwww.emiliosilveravazquez.com%2Fblog%2F2026%2F01%2F31%2F%25c2%25bfes-viejo-el-universo-%25c2%25bfcomo-puede-ser-tan-grande-5%2F&amp;t=%C2%BFEs+viejo+el+Universo%3F+%C2%BFC%C3%B3mo+puede+ser+tan+grande%3F' title='Facebook' target='_blank' rel='nofollow'><img src='http:\/\/www.emiliosilveravazquez.com\/blog\/wp-content\/plugins\/knxdt-bookmarks-wordpress-plugin\/images\/facebook.png'  alt='' class='book_img' border='none' style='margin:1px; padding: 0;'  \/><\/a><\/span><span class='pushbutton'><a href='http:\/\/twitter.com\/home?status=%C2%BFEs+viejo+el+Universo%3F+%C2%BFC%C3%B3mo+puede+ser+tan+grande%3F: http%3A%2F%2Fwww.emiliosilveravazquez.com%2Fblog%2F2026%2F01%2F31%2F%25c2%25bfes-viejo-el-universo-%25c2%25bfcomo-puede-ser-tan-grande-5%2F' title='Twitter' target='_blank' rel='nofollow'><img src='http:\/\/www.emiliosilveravazquez.com\/blog\/wp-content\/plugins\/knxdt-bookmarks-wordpress-plugin\/images\/twitter.png'  alt='' class='book_img' border='none' style='margin:1px; padding: 0;'  \/><\/a><\/span><span class='pushbutton'><a href='http:\/\/www.feedburner.com\/fb\/a\/emailFlare?itemTitle=%C2%BFEs+viejo+el+Universo%3F+%C2%BFC%C3%B3mo+puede+ser+tan+grande%3F&amp;uri=http%3A%2F%2Fwww.emiliosilveravazquez.com%2Fblog%2F2026%2F01%2F31%2F%25c2%25bfes-viejo-el-universo-%25c2%25bfcomo-puede-ser-tan-grande-5%2F' title='Enviar por Email' target='_blank' rel='nofollow'><img src='http:\/\/www.emiliosilveravazquez.com\/blog\/wp-content\/plugins\/knxdt-bookmarks-wordpress-plugin\/images\/email.png'  alt='' class='book_img' border='none' style='margin:1px; padding: 0;'  \/><\/a><\/span><span style='font-weight:bold; padding-left: 5px;'><a href='http:\/\/wordpress.org\/extend\/plugins\/knxdt-bookmarks-wordpress-plugin\/' title='Plugin' rel='nofollow' target='_blank'>[?]<\/a><\/span><\/td><\/tr><\/table><br\/><br\/><\/div>","protected":false},"excerpt":{"rendered":"<p>\u00a0 Rememorar el pasado &nbsp; &nbsp; &#8220;El primer matem\u00e1tico importante que hizo uso del signo &#8220;0&#8221;, hacia el a\u00f1o\u00a0810 d.\u00a0C., fue el \u00e1rabe Muhammad Ibn Musa al-Khwarizmi, La palabra &#8220;cero&#8221; proviene de la traducci\u00f3n de su nombre en s\u00e1nscrito &#8220;shunya&#8221; (vac\u00edo) al \u00e1rabe &#8220;sifr&#8221; (KLM), a trav\u00e9s del italiano. Parece que los Mayas tambi\u00e9n lo [&hellip;]<\/p>\n","protected":false},"author":2,"featured_media":0,"comment_status":"open","ping_status":"open","sticky":false,"template":"","format":"standard","meta":{"_s2mail":"yes","footnotes":""},"categories":[197],"tags":[],"_links":{"self":[{"href":"http:\/\/www.emiliosilveravazquez.com\/blog\/wp-json\/wp\/v2\/posts\/23262"}],"collection":[{"href":"http:\/\/www.emiliosilveravazquez.com\/blog\/wp-json\/wp\/v2\/posts"}],"about":[{"href":"http:\/\/www.emiliosilveravazquez.com\/blog\/wp-json\/wp\/v2\/types\/post"}],"author":[{"embeddable":true,"href":"http:\/\/www.emiliosilveravazquez.com\/blog\/wp-json\/wp\/v2\/users\/2"}],"replies":[{"embeddable":true,"href":"http:\/\/www.emiliosilveravazquez.com\/blog\/wp-json\/wp\/v2\/comments?post=23262"}],"version-history":[{"count":0,"href":"http:\/\/www.emiliosilveravazquez.com\/blog\/wp-json\/wp\/v2\/posts\/23262\/revisions"}],"wp:attachment":[{"href":"http:\/\/www.emiliosilveravazquez.com\/blog\/wp-json\/wp\/v2\/media?parent=23262"}],"wp:term":[{"taxonomy":"category","embeddable":true,"href":"http:\/\/www.emiliosilveravazquez.com\/blog\/wp-json\/wp\/v2\/categories?post=23262"},{"taxonomy":"post_tag","embeddable":true,"href":"http:\/\/www.emiliosilveravazquez.com\/blog\/wp-json\/wp\/v2\/tags?post=23262"}],"curies":[{"name":"wp","href":"https:\/\/api.w.org\/{rel}","templated":true}]}}