{"id":23247,"date":"2025-05-20T21:33:04","date_gmt":"2025-05-20T20:33:04","guid":{"rendered":"http:\/\/www.emiliosilveravazquez.com\/blog\/?p=23247"},"modified":"2025-05-20T21:33:54","modified_gmt":"2025-05-20T20:33:54","slug":"%c2%bfel-origen-del-universo-%c2%a1como-puedo-saberlo-yo-6","status":"publish","type":"post","link":"http:\/\/www.emiliosilveravazquez.com\/blog\/2025\/05\/20\/%c2%bfel-origen-del-universo-%c2%a1como-puedo-saberlo-yo-6\/","title":{"rendered":"\u00bfEl origen del Universo? \u00a1C\u00f3mo puedo saberlo yo!"},"content":{"rendered":"<div>\n<h2 style=\"text-align: justify;\">\u00a0 <a href=\"http:\/\/www.emiliosilveravazquez.com\/blog\/2013\/10\/18\/atomos-isotopos-quimica-elementos\/\" rel=\"prev\">\u00c1tomos, Is\u00f3topos, Qu\u00edmica, Elementos<\/a><\/h2>\n<\/div>\n<p>&nbsp;<\/p>\n<p><img decoding=\"async\" loading=\"lazy\" class=\"\" src=\"https:\/\/cdn0.geoenciclopedia.com\/es\/posts\/5\/4\/2\/modelo_atomico_de_democrito_245_orig.jpg\" alt=\"Modelo at\u00f3mico de Dem\u00f3crito - Principios b\u00e1sicos y atomismo\" width=\"433\" height=\"289\" \/><\/p>\n<p>&nbsp;<\/p>\n<p style=\"text-align: justify;\"><span data-huuid=\"1587532794656493314\">El \u00e1tomo de Dem\u00f3crito, propuesto por el fil\u00f3sofo griego , era invisible e indivisible, part\u00edculas que se mueven en el vac\u00edo formando diferentes tipos de materia a trav\u00e9s de combinaciones de las mismas.<\/span><\/p>\n<p>&nbsp;<\/p>\n<p><img decoding=\"async\" loading=\"lazy\" class=\"\" src=\"https:\/\/www.proferecursos.com\/wp-content\/uploads\/Modelo-atomico-de-Thomson.jpg\" alt=\"Modelo at\u00f3mico de Thomson\" width=\"588\" height=\"416\" \/><\/p>\n<p style=\"text-align: justify;\">Hacia 1.900 se sab\u00eda que el \u00e1tomo no era una part\u00edcula simple e indivisible, como predijo Dem\u00f3crito, pues conten\u00eda, al menos, un corp\u00fasculo subat\u00f3mico: el <a href=\"#\" onclick=\"referencia('electron',event); return false;\">electr\u00f3n<\/a>, cuyo descubridor fue J. J. Thomson, el cual supuso que los <a href=\"#\" onclick=\"referencia('electron',event); return false;\">electrones<\/a> se arracimaban como uvas en el cuerpo principal del \u00e1tomo de carga positiva.<\/p>\n<p>&nbsp;<\/p>\n<blockquote><p><img decoding=\"async\" src=\"https:\/\/encrypted-tbn0.gstatic.com\/images?q=tbn:ANd9GcQAXRh9GCQY0FeSBZIcyZR5abJPG8CM5pnlNQ&amp;s\" alt=\"1 de marzo de 1896, Antoine Henri Becquerel descubri\u00f3 la radiactividad\" \/><\/p><\/blockquote>\n<p style=\"text-align: justify;\">Poco tiempo despu\u00e9s result\u00f3 evidente que exist\u00edan otras subpart\u00edculas en el interior del \u00e1tomo. Cuando Becquerel descubri\u00f3 la <a href=\"#\" onclick=\"referencia('radiactividad',event); return false;\">radiactividad<\/a>, identific\u00f3 como emanaciones constituidas por <a href=\"#\" onclick=\"referencia('electron',event); return false;\">electrones<\/a> algunas de las radiaciones emitidas por sustancias radiactivas. Pero tambi\u00e9n quedaron al descubierto otras emisiones. Los Curie en Francia y Ernest Rutherford en Inglaterra detectaron una emisi\u00f3n bastante menos penetrante que el flujo electr\u00f3nico. Rutherford la llam\u00f3 <em>rayos alfa<\/em>, y denomin\u00f3 <em>rayos beta <\/em>a la emisi\u00f3n de <a href=\"#\" onclick=\"referencia('electron',event); return false;\">electrones<\/a>.<\/p>\n<p>&nbsp;<\/p>\n<blockquote><p><img decoding=\"async\" src=\"https:\/\/upload.wikimedia.org\/wikipedia\/commons\/a\/aa\/Beta-minus_Decay.svg\" alt=\"Desintegraci\u00f3n beta - Wikipedia, la enciclopedia libre\" \/><\/p><\/blockquote>\n<p>&nbsp;<\/p>\n<p style=\"text-align: justify;\">Los <a href=\"#\" onclick=\"referencia('electron',event); return false;\">electrones<\/a> volantes constitutivos de esta \u00faltima radiaci\u00f3n son, individualmente, <a href=\"#\" onclick=\"referencia('particula beta',event); return false;\">part\u00edculas beta<\/a>. As\u00ed mismo, se descubri\u00f3 que los rayos alfa estaban formados por part\u00edculas, que fueron llamadas <a href=\"#\" onclick=\"referencia('particula alfa',event); return false;\">part\u00edculas alfa<\/a>. Como ya sabemos, <em>alfa<\/em> y <em>beta<\/em> son las primeras letras del alfabeto griego y se escriben con los gr\u00e1ficos \u03b1 y \u03b2.<\/p>\n<p style=\"text-align: justify;\">Entretanto, el qu\u00edmico franc\u00e9s Paul Ulrico Villard descubr\u00eda una tercera forma de emisi\u00f3n radiactiva, a la que dio el nombre de <em><a href=\"#\" onclick=\"referencia('gamma rayos',event); return false;\">rayos gamma<\/a><\/em>, es decir, la tercera letra del alfabeto griego (\u03b3). Pronto se identific\u00f3 como una radiaci\u00f3n an\u00e1loga a los <a href=\"#\" onclick=\"referencia('rayos x',event); return false;\">rayos X<\/a>, aunque de menor longitud de onda.<\/p>\n<p><strong>Sigue pulsando el t\u00edtulo,<\/strong><\/p>\n<p>&nbsp;<\/p>\n<div style=\"text-align: justify;\"><a href=\"http:\/\/www.emiliosilveravazquez.com\/blog\/2013\/10\/19\/y-%c2%a1seguiremos-imaginando-como-es-el-universo\/\" rel=\"next\">Y\u2026 \u00a1Seguiremos imaginando! C\u00f3mo es, el Universo<\/a><\/div>\n<div style=\"text-align: justify;\">\n<h1><\/h1>\n<p>&nbsp;<\/p>\n<p><img decoding=\"async\" src=\"http:\/\/1.bp.blogspot.com\/-8mE14rlIHa0\/VjJq87zOD6I\/AAAAAAAAx2U\/rf_SdgTlTOc\/s1600\/Big%2BBang.jpg\" alt=\"Resultado de imagen de El comienzo de todo, el surgir del Universo\" \/><\/p>\n<p>&nbsp;<\/p>\n<p>Este es el Modelo adoptado para el surgir del Universo que nos acoge y, aunque algunos cabos quedan sueltos, es lo que m\u00e1s se asemeja a las observaciones y pruebas realizadas que coinciden con \u00e9ste suceso creador del Universo al que pertenecemos.<\/p>\n<p>&nbsp;<\/p>\n<blockquote><p><img decoding=\"async\" src=\"https:\/\/outreach.iac.es\/cosmoeduca\/universo\/anexos\/densidaduniverso_clip_image005.jpg\" alt=\"Origen y evoluci\u00f3n del Universo\" \/><\/p><\/blockquote>\n<p>dependiendo de la masa que contiene, as\u00ed ser\u00e1 el universo en el que estamos<\/p>\n<p>Puede que todo surgiera a partir de esa densidad infinita. All\u00ed comenz\u00f3 el Tiempo y el nuevo universo se expandi\u00f3, se crearon las part\u00edculas de materia, que se juntaron para formar los n\u00facleos que al verse arropados por los <a href=\"#\" onclick=\"referencia('electron',event); return false;\">electrones<\/a> con sus cargas negativas, ven\u00edan a equilibrar las positivas de los <a href=\"#\" onclick=\"referencia('proton',event); return false;\">protones<\/a> y, de esa manera, se pudieron univer para formar mol\u00e9culas y materia. Sustancia c\u00f3smica primero, estrellas y galaxias despu\u00e9s, y, dentro de todo eso, los mundos y la vida. Pensando en todo esto, a uno se le viene a la cabeza pensamientos del pasado, ense\u00f1anzas escolares y preguntas que no tienen respuestas.<\/p>\n<p>&nbsp;<\/p>\n<p><img decoding=\"async\" loading=\"lazy\" id=\"irc_mi\" src=\"http:\/\/3.bp.blogspot.com\/-ji0lRTHpANs\/Tp0NjIqJNxI\/AAAAAAAAApg\/NKdsuOfVpEA\/s640\/AstroPhotoPortada.jpg\" alt=\"\" width=\"500\" height=\"333\" \/><\/p>\n<p>&nbsp;<\/p>\n<\/div>\n<div>\n<p style=\"text-align: justify;\"><strong>&#8220;\u00bfD\u00f3nde estabas t\u00fa cuando yo puse los cimientos de la Tierra? Dilo si tienes entendimiento.&#8221; Claro que a esta pregunta, lo \u00fanico que podr\u00edamos contestar ser\u00eda:<\/strong><\/p>\n<p style=\"text-align: justify;\"><strong>\u00bfQui\u00e9n sabe realmente? La especulaci\u00f3n sobre el origen del universo es una vieja actividad humana que est\u00e1 sin resolver, ya que, pretendemos saber algo que no sabemos si lleg\u00f3 a ocurrir, toda vez que incluso, podr\u00eda ser, que el universo est\u00e9 aqu\u00ed\u00a0<a id=\"_GPLITA_0\" title=\"Click to Continue &gt; by Savings Wave\" href=\"http:\/\/www.emiliosilveravazquez.com\/blog\/2013\/10\/18\/%c2%a1el-origen-del-universo-%c2%bfcomo-puedo-saberlo-yo\/#\">desde<img decoding=\"async\" src=\"http:\/\/savingswave-a.akamaihd.net\/items\/it\/img\/arrow-10x10.png\" alt=\"\" \/><\/a>\u00a0siempre. Y, si lleg\u00f3 como algo nuevo, tampoco sabemos, a ciencia cierta, c\u00f3mo y de d\u00f3nde lo hizo. Pero, nosotros, los humanos, no dejamos de especular con esta cuesti\u00f3n de compleja resoluci\u00f3n y dejamos volar nuestra imaginaci\u00f3n en forma de conjeturas y teor\u00edas que, no siempre son el fiel reflejo de lo que pudo pasar que, de momento, permanece en el m\u00e1s profundo anonimato.<\/strong><\/p>\n<\/div>\n<p>&nbsp;<\/p>\n<p><img decoding=\"async\" loading=\"lazy\" class=\"\" src=\"https:\/\/encrypted-tbn0.gstatic.com\/images?q=tbn:ANd9GcQkNecyDG02WBrpiz3HRCDgCXYMjcBUHpGblQ&amp;s\" alt=\"NGC 6240: Galaxias fusion\u00e1ndose |\" width=\"304\" height=\"295\" \/><img decoding=\"async\" loading=\"lazy\" class=\"\" src=\"https:\/\/0.academia-photos.com\/attachment_thumbnails\/107380686\/mini_magick20231115-1-ii5d9m.png?1700014860\" alt=\"PDF) EL UNIVERSO Y LA MENTE Silvera Vazquez E\" width=\"295\" height=\"416\" \/><\/p>\n<div>\n<p style=\"text-align: justify;\">Claro que, la Humanidad y el Universo est\u00e1n tan juntos, tan conectados que, ser\u00eda imposible que no hablaran de \u00e9l, y, sobre todo, que no trataran de saber su comienzo (si es que lo hubo) y, hurgar en su din\u00e1mica\u00a0<a id=\"_GPLITA_2\" title=\"Click to Continue &gt; by Savings Wave\" href=\"http:\/\/www.emiliosilveravazquez.com\/blog\/2013\/10\/18\/%c2%a1el-origen-del-universo-%c2%bfcomo-puedo-saberlo-yo\/#\">para<img decoding=\"async\" src=\"http:\/\/savingswave-a.akamaihd.net\/items\/it\/img\/arrow-10x10.png\" alt=\"\" \/><\/a>\u00a0poder entender nuestra presencia aqu\u00ed junto con las estrellas de las que procedemos y de las galaxias que son las villas del Universo que alojan a cientos de millones de mundos habitados que, como la Tierra, tienen otras criaturas que tambi\u00e9n, ellas se preguntan por el principio y el final para poder conocer sus destinos.<\/p>\n<p>&nbsp;<\/p>\n<p style=\"text-align: justify;\"><img decoding=\"async\" loading=\"lazy\" class=\"\" src=\"https:\/\/pijamasurf.com\/wp-content\/uploads\/10.208.149.45\/uploads\/2011\/08\/creaci%C3%B3n-bigb-bang-.jpeg\" alt=\"Resultado de imagen de el Universo surgi\u00c3\u00b3 de la nada\" width=\"614\" height=\"614\" \/><\/p>\n<p style=\"text-align: justify;\">\u00a0 \u00a0 \u00a0 \u00a0Est\u00e1 claro que de la nada&#8230; Nada pudo surgir, y, si surgi\u00f3&#8230; \u00a1Es porque hab\u00eda!<\/p>\n<p style=\"text-align: justify;\">Algunos nos dicen que el Universo surgi\u00f3 de la \u201cNada\u201d y, est\u00e1 claro que la Nada no\u00a0<a id=\"_GPLITA_3\" title=\"Click to Continue &gt; by Savings Wave\" href=\"http:\/\/www.emiliosilveravazquez.com\/blog\/2013\/10\/18\/%c2%a1el-origen-del-universo-%c2%bfcomo-puedo-saberlo-yo\/#\">puede<img decoding=\"async\" src=\"http:\/\/savingswave-a.akamaihd.net\/items\/it\/img\/arrow-10x10.png\" alt=\"\" \/><\/a>\u00a0existir y, si surgi\u00f3 es porque hab\u00eda, con lo cual, la Nada queda invalidada. Pero, si hubo un suceso de creaci\u00f3n, \u00bfque duda nos puede caber de que tuvo que haber una causa? Lo cierto es que, en las distintas teor\u00edas de la \u201ccreaci\u00f3n\u201d del universo, existen muchas reservas.<\/p>\n<p style=\"text-align: justify;\">No obstante tales reservas, unos pocos cient\u00edficos trataron de investigar la cuesti\u00f3n de c\u00f3mo pudo haberse originado el universo, aunque admitiendo que sus esfuerzos quiz\u00e1s eran \u201cprematuros\u201d, como dijo Weinberg con suavidad. En el mejor de los casos, contemplado con una mirada alentadora, el <a id=\"_GPLITA_1\" title=\"Click to Continue &gt; by Savings Wave\" href=\"http:\/\/www.emiliosilveravazquez.com\/blog\/2013\/10\/18\/%c2%a1el-origen-del-universo-%c2%bfcomo-puedo-saberlo-yo\/#\">trabajo<img decoding=\"async\" src=\"http:\/\/savingswave-a.akamaihd.net\/items\/it\/img\/arrow-10x10.png\" alt=\"\" \/><\/a>realizado hasta el momento, parece haber encendido una l\u00e1mpara en la antesala de la g\u00e9nesis. Lo que all\u00ed qued\u00f3 iluminado era muy extra\u00f1o, pero era, en todo caso, estimulante. No cab\u00eda descubrir algo familiar en las mismas fuentes de la creaci\u00f3n.<\/p>\n<p>&nbsp;<\/p>\n<p style=\"text-align: justify;\"><img decoding=\"async\" loading=\"lazy\" id=\"irc_mi\" src=\"http:\/\/www.awesomestories.com\/images\/user\/a806f11bc4.jpg\" alt=\"\" width=\"393\" height=\"393\" \/><\/p>\n<p>&nbsp;<\/p>\n<p style=\"text-align: justify;\">Hemos podido contemplar como en la Nebulosa del \u00c1guila nacen nuevas estrellas masivas. Sin embargo, no hemos llegado a poder saber, con certeza como surgi\u00f3 el Universo entero y de d\u00f3nde y porqu\u00e9 lo hizo para conformar un vasto espacio-tiempo lleno de materia que evolucionar\u00eda hasta poder conformar las estrellas y los mundos en enormes galaxias, y, en esos mundos, pudieron surgir criaturas que, conscientes de SER, llegaron\u00a0<a id=\"_GPLITA_5\" title=\"Click to Continue &gt; by Savings Wave\" href=\"http:\/\/www.emiliosilveravazquez.com\/blog\/2013\/10\/18\/%c2%a1el-origen-del-universo-%c2%bfcomo-puedo-saberlo-yo\/#\">desde<img decoding=\"async\" src=\"http:\/\/savingswave-a.akamaihd.net\/items\/it\/img\/arrow-10x10.png\" alt=\"\" \/><\/a>\u00a0un nivel animal rudimentario, hasta los m\u00e1s sofisticados pensamientos que les hicieron preguntarse: \u00bfQui\u00e9nes somos, de d\u00f3nde venimos, hacia d\u00f3nde vamos? Y, esas preguntas, realizadas 14.000 millones de a\u00f1os despu\u00e9s del comienzo del tiempo, y\u00a0 junto a la pregunta del origen del Universo, todav\u00eda, no han podido ser contestadas. Nuestro intelecto evoluciona pero, sus l\u00edmites son patentes.<\/p>\n<p>&nbsp;<\/p>\n<p style=\"text-align: justify;\"><img decoding=\"async\" src=\"https:\/\/2.bp.blogspot.com\/-pHR5dLMt15w\/VIoSHiw738I\/AAAAAAAAW70\/GIZ0JtM2rUc\/s1600\/spitzerB-20090513-640-640x350.jpg\" alt=\"Imagen relacionada\" \/><\/p>\n<p>&nbsp;<\/p>\n<p style=\"text-align: justify;\">Las estrellas nacen en densas nubes de gas molecular y polvo. Cuando la densidad local es lo suficientemente alta, gracias a la gravedad&#8230;<\/p>\n<p style=\"text-align: justify;\">Una estrella que se\u00a0<a id=\"_GPLITA_6\" title=\"Click to Continue &gt; by Savings Wave\" href=\"http:\/\/www.emiliosilveravazquez.com\/blog\/2013\/10\/18\/%c2%a1el-origen-del-universo-%c2%bfcomo-puedo-saberlo-yo\/#\">forma<img decoding=\"async\" src=\"http:\/\/savingswave-a.akamaihd.net\/items\/it\/img\/arrow-10x10.png\" alt=\"\" \/><\/a>\u00a0en la Nebulosa comienza siendo\u00a0<a href=\"http:\/\/www.emiliosilveravazquez.com\/blog\/2013\/10\/18\/%c2%a1el-origen-del-universo-%c2%bfcomo-puedo-saberlo-yo\/#\">pr<\/a><a href=\"http:\/\/www.emiliosilveravazquez.com\/blog\/2013\/10\/18\/%c2%a1el-origen-del-universo-%c2%bfcomo-puedo-saberlo-yo\/#\">otoestrella<\/a>s y, cuando entra en la secuencia principal, brilla durante miles de millones de a\u00f1os durante los cuales crea nuevos elementos a partir del m\u00e1s sencillo, el Hidr\u00f3geno. Los cambios de fase que se producen por fusi\u00f3n en el horno nuclear de las estrellas, son los que han permitido que existieran los materiales necesarios para la qu\u00edmica de la vida que, al menos hasta donde sabemos, no apareci\u00f3 en nuestro planeta Tierra, hasta hace unos 4.o0o millones de a\u00f1os, y, desde entonces, ha\u00a0<a id=\"_GPLITA_4\" title=\"Click to Continue &gt; by Savings Wave\" href=\"http:\/\/www.emiliosilveravazquez.com\/blog\/2013\/10\/18\/%c2%a1el-origen-del-universo-%c2%bfcomo-puedo-saberlo-yo\/#\">estado<img decoding=\"async\" src=\"http:\/\/savingswave-a.akamaihd.net\/items\/it\/img\/arrow-10x10.png\" alt=\"\" \/><\/a>\u00a0evolucionando para que ahora, nosotros, podamos preguntas, por el origen del universo.<\/p>\n<p style=\"text-align: justify;\">Los cient\u00edficos han imaginado y han puesto sobre la mesa\u00a0<a id=\"_GPLITA_8\" title=\"Click to Continue &gt; by Savings Wave\" href=\"http:\/\/www.emiliosilveravazquez.com\/blog\/2013\/10\/18\/%c2%a1el-origen-del-universo-%c2%bfcomo-puedo-saberlo-yo\/#\">para<img decoding=\"async\" src=\"http:\/\/savingswave-a.akamaihd.net\/items\/it\/img\/arrow-10x10.png\" alt=\"\" \/><\/a>\u00a0su estudio, dos hip\u00f3tesis, la llamada g\u00e9nesis del vac\u00edo, y la otra, g\u00e9nesis cu\u00e1ntica y ambas, parec\u00edan indicar mejor lo que el futuro cercano pod\u00eda deparar al conocimiento humano sobre el origen del Universo.<\/p>\n<p>&nbsp;<\/p>\n<p style=\"text-align: justify;\"><img decoding=\"async\" src=\"https:\/\/pijamasurf.com\/wp-content\/uploads\/10.208.149.45\/uploads\/2011\/08\/quantum-fluctuation.jpg\" alt=\"Resultado de imagen de El UNiverso surgi\u00c3\u00b3 de una fluctuaci\u00c3\u00b3n de vac\u00c3\u00ado\" \/><\/p>\n<p>&nbsp;<\/p>\n<p style=\"text-align: justify;\">La G\u00e9nesis de vac\u00edo: El problema central de la cosmolog\u00eda es explicar como algo surge de la nada. Por \u201calgo\u201d entendemos la totalidad de la materia y la energ\u00eda, el espacio y el tiempo: el universo que habitamos. Pero la cuesti\u00f3n de lo que significa NADA es m\u00e1s sit\u00edl. En la ciencia cl\u00e1sica, \u201cnada\u201d era un vac\u00edo, el espacio vac\u00edo que hay entre dos part\u00edculas de materia. Pero\u00a0<a id=\"_GPLITA_9\" title=\"Click to Continue &gt; by Savings Wave\" href=\"http:\/\/www.emiliosilveravazquez.com\/blog\/2013\/10\/18\/%c2%a1el-origen-del-universo-%c2%bfcomo-puedo-saberlo-yo\/#\">esta<img decoding=\"async\" src=\"http:\/\/savingswave-a.akamaihd.net\/items\/it\/img\/arrow-10x10.png\" alt=\"\" \/><\/a>\u00a0conce<a href=\"http:\/\/www.emiliosilveravazquez.com\/blog\/2013\/10\/18\/%c2%a1el-origen-del-universo-%c2%bfcomo-puedo-saberlo-yo\/#\">pci<\/a>\u00f3n siempre planteaba problemas, como lo atestigua la prolongada indagaci\u00f3n sobre si el espacio estaba lleno de \u00e9ter, y en todo caso no sobrevivi\u00f3 al advenimiento de la f\u00edsica cu\u00e1ntica.<\/p>\n<p style=\"text-align: justify;\">El vac\u00edo cu\u00e1ntico nunca es realmente vac\u00edo, sino que resoba de part\u00edculas \u201cvirtuales\u201d. Las part\u00edculas virtuales pueden ser concebidas como la posibilidad esbozada por el\u00a0<a href=\"http:\/\/www.emiliosilveravazquez.com\/blog\/2013\/10\/18\/%c2%a1el-origen-del-universo-%c2%bfcomo-puedo-saberlo-yo\/#\"><a href=\"#\" onclick=\"referencia('indeterminacion principio de',event); return false;\">principio de indeterminaci\u00f3n<\/a><\/a>\u00a0de Heisenberg de que una part\u00edcula \u201creal\u201d llegue en un tiempo determinado a un lugar determinado. Como las siluetas que salen de pronto en un campo de tiro policial, representan no s\u00f3lo lo que es sino tambi\u00e9n lo que podr\u00eda ser.\u00a0<a id=\"_GPLITA_7\" title=\"Click to Continue &gt; by Savings Wave\" href=\"http:\/\/www.emiliosilveravazquez.com\/blog\/2013\/10\/18\/%c2%a1el-origen-del-universo-%c2%bfcomo-puedo-saberlo-yo\/#\">Desde<img decoding=\"async\" src=\"http:\/\/savingswave-a.akamaihd.net\/items\/it\/img\/arrow-10x10.png\" alt=\"\" \/><\/a>\u00a0el punto de vista de la f\u00edsica cu\u00e1ntica, toda part\u00edcula \u201creal\u201d est\u00e1 rodeada por una corona de part\u00edculas y antipart\u00edculas virtuales que borbotean del vac\u00edo, interaccionan unas con otras y luego desaparecen.<\/p>\n<p>&nbsp;<\/p>\n<p style=\"text-align: justify;\"><img decoding=\"async\" src=\"http:\/\/francisthemulenews.files.wordpress.com\/2008\/02\/dibujo26ene2008a.jpg\" alt=\"http:\/\/francisthemulenews.files.wordpress.com\/2008\/02\/dibujo26ene2008a.jpg\" \/><\/p>\n<p style=\"text-align: justify;\">Las ondas fluct\u00faan de\u00a0<a id=\"_GPLITA_11\" title=\"Click to Continue &gt; by Savings Wave\" href=\"http:\/\/www.emiliosilveravazquez.com\/blog\/2013\/10\/18\/%c2%a1el-origen-del-universo-%c2%bfcomo-puedo-saberlo-yo\/#\">forma<img decoding=\"async\" src=\"http:\/\/savingswave-a.akamaihd.net\/items\/it\/img\/arrow-10x10.png\" alt=\"\" \/><\/a> aleatoria e impredecible, con energ\u00eda positiva moment\u00e1neamente aqu\u00ed, energ\u00eda negativa moment\u00e1neamente all\u00ed, y energ\u00eda cero en promedio. El aspecto de part\u00edcula est\u00e1 incorporado en el concepto de part\u00edculas virtuales, es decir, part\u00edculas que pueden nacer en pares (dos part\u00edculas a un tiempo), viviendo temporalmente de la energ\u00eda fluctuacional tomada prestada de regiones \u201cvecinas\u201d del espacio, y que luego se aniquilan y desaparecen, devolviendo la energ\u00eda a esas regiones \u201cvecinas\u201d. Si hablamos de fluctuaciones electromagn\u00e9ticas del vac\u00edo, las part\u00edculas virtuales son <a href=\"http:\/\/www.emiliosilveravazquez.com\/blog\/2013\/10\/18\/%c2%a1el-origen-del-universo-%c2%bfcomo-puedo-saberlo-yo\/#\"><a href=\"#\" onclick=\"referencia('foton',event); return false;\">fotones<\/a> <\/a>virtuales; en el caso de fluctuaciones de la gravedad en el vac\u00edo, son\u00a0<a href=\"http:\/\/www.emiliosilveravazquez.com\/blog\/2013\/10\/18\/%c2%a1el-origen-del-universo-%c2%bfcomo-puedo-saberlo-yo\/#\"><a href=\"#\" onclick=\"referencia('graviton',event); return false;\">gravitones<\/a><\/a>\u00a0virtuales.<\/p>\n<p>&nbsp;<\/p>\n<p style=\"text-align: justify;\"><img decoding=\"async\" src=\"https:\/\/78.media.tumblr.com\/e0e848b1ff9edbf63545fd461d4ae396\/tumblr_inline_o7efcuRab31rbpfuz_500.jpg\" alt=\"Resultado de imagen de Part\u00c3\u00adculas virtuales que surgen del vac\u00c3\u00ado -Imagenes Gips\" \/><\/p>\n<p>&nbsp;<\/p>\n<p style=\"text-align: justify;\">Claro que, en realidad, sabemos poco de esas regiones vecinas de las que tales fluctuaciones toman la energ\u00eda. \u00bfQu\u00e9 es lo que hay all\u00ed? \u00bfEst\u00e1 en esa regi\u00f3n la tan buscada part\u00edcula de\u00a0<a href=\"http:\/\/www.emiliosilveravazquez.com\/blog\/2013\/10\/18\/%c2%a1el-origen-del-universo-%c2%bfcomo-puedo-saberlo-yo\/#\"><a href=\"#\" onclick=\"referencia('higgs',event); return false;\">Higgs<\/a><\/a>? Sabemos que las fluctuaciones de vac\u00edo son,\u00a0<a id=\"_GPLITA_12\" title=\"Click to Continue &gt; by Savings Wave\" href=\"http:\/\/www.emiliosilveravazquez.com\/blog\/2013\/10\/18\/%c2%a1el-origen-del-universo-%c2%bfcomo-puedo-saberlo-yo\/#\">para<img decoding=\"async\" src=\"http:\/\/savingswave-a.akamaihd.net\/items\/it\/img\/arrow-10x10.png\" alt=\"\" \/><\/a>\u00a0las ondas electromagn\u00e9ticas y gravitatorias, lo que los movimientos de degeneraci\u00f3n claustrof\u00f3bicos son para los\u00a0<a href=\"http:\/\/www.emiliosilveravazquez.com\/blog\/2012\/08\/06\/gravedad-cuantica-fluctuaciones-de-vacio\/\">electrones<\/a>. Si confinamos un\u00a0<a href=\"http:\/\/www.emiliosilveravazquez.com\/blog\/2012\/08\/06\/gravedad-cuantica-fluctuaciones-de-vacio\/\">electr\u00f3n<\/a>\u00a0a una peque\u00f1a regi\u00f3n del espacio, entonces, por mucho que uno trate de frenarlo y detenerlo, el\u00a0<a href=\"http:\/\/www.emiliosilveravazquez.com\/blog\/2012\/08\/06\/gravedad-cuantica-fluctuaciones-de-vacio\/\">electr\u00f3n<\/a>\u00a0est\u00e1 obligado por las leyes de la mec\u00e1nica cu\u00e1ntica a\u00a0<a id=\"_GPLITA_10\" title=\"Click to Continue &gt; by Savings Wave\" href=\"http:\/\/www.emiliosilveravazquez.com\/blog\/2013\/10\/18\/%c2%a1el-origen-del-universo-%c2%bfcomo-puedo-saberlo-yo\/#\">continuar<img decoding=\"async\" src=\"http:\/\/savingswave-a.akamaihd.net\/items\/it\/img\/arrow-10x10.png\" alt=\"\" \/><\/a>\u00a0movi\u00e9ndose aleatoriamente, de forma impredecible. Este movimiento de degeneraci\u00f3n claustrof\u00f3bico que produce la presi\u00f3n mediante la que una estrella\u00a0<a href=\"http:\/\/www.emiliosilveravazquez.com\/blog\/2013\/10\/18\/%c2%a1el-origen-del-universo-%c2%bfcomo-puedo-saberlo-yo\/#\"><a href=\"#\" onclick=\"referencia('enana blanca',event); return false;\">enana blanca<\/a><\/a>\u00a0se mantiene contra su propia compresi\u00f3n gravitatoria o, en el mismo caso, la degeneraci\u00f3n de\u00a0<a href=\"http:\/\/www.emiliosilveravazquez.com\/blog\/2012\/08\/06\/gravedad-cuantica-fluctuaciones-de-vacio\/\">neutrones<\/a>\u00a0mantiene estable a la estrella de\u00a0<a href=\"http:\/\/www.emiliosilveravazquez.com\/blog\/2012\/08\/06\/gravedad-cuantica-fluctuaciones-de-vacio\/\">neutrones<\/a>, que obligada por la fuerza que se genera de la degeneraci\u00f3n de los\u00a0<a href=\"http:\/\/www.emiliosilveravazquez.com\/blog\/2012\/08\/06\/gravedad-cuantica-fluctuaciones-de-vacio\/\">neutrones<\/a>, es posible frenar la enorme fuerza de gravedad que est\u00e1 comprimiendo la estrella.<\/p>\n<p>&nbsp;<\/p>\n<p style=\"text-align: justify;\"><img decoding=\"async\" src=\"data:image\/png;base64,iVBORw0KGgoAAAANSUhEUgAAAMIAAAEDCAMAAABQ\/CumAAABL1BMVEX\/\/\/8AAP\/r6+sAAADExMR9fX309PT8\/PyQkJB4eHj4+Pi7u7vw8PAA\/wDz8\/Pn5+fX19fKysrQ0NDf39+WlpalpaWFhYVsbGz7\/\/uysrL\/+Pji4uJycnL\/AADU1NTu\/+5kZGRbW1tUVFT\/3d2dnZ3\/wsKA\/4BCQkL\/8PCL\/4tISEjn\/+em\/6b0\/\/R6\/3r\/fX3a\/9r\/cXE0NDQlJSU5OTnM\/8yw\/7D\/oaFr\/2v\/i4vE\/8Sc\/5z\/y8v\/ZWXQ\/9D\/W1ti\/2L\/MTH\/UFA8\/zy6\/7opKSn\/PT3\/srL\/qKjX\/9f\/19fZ2f\/r6\/8zM\/9fX\/9X\/1fg4P\/\/t7f\/Ghr\/kJAaGv\/Gxv9JSf95ef9vb\/+srP+ysv8qKv+8vP+iov+W\/5Yt\/y2amv9RUf+EhP9K\/0oWFhbNO0+ZAAAOzklEQVR4nO2dh3bayBqAFQkQSJgmCRBgTDUY22BwwQXiXuJk1+s4yZbk2veu\/f7PcBFVEipTAZ\/Dl3OCJYQ0o5n55y9TGGbJkiVLlixZsmTJ7OF9\/AweEmMp3j2iBCnePZYefMoixYd4AjRfUCA7+FS9FJ\/ioXnzWCI8+COUiNB7CtUsyMqoockyvSZHMwvpTHb0p1Sg9xiaWVDjE1GRodegKWbB59cl21Og9RiaWYgFJN1RRbK9EBN6QpVXZP2hEqD0HCZWotW1hQNR\/aHwJlB6kMDSknbRjPHOGYXSg6ghxE1JDu\/NJyHoBGvmGlqgqSjRoBQ3nxET80gHBntTQjSYpyZXqRCb7sqEUmkOCUHHquJnMzRtE9KEry1OsvH31KDjfquzqp9GJxSO0ug0+Zal2hKZaN8E8cRp6EiqjfyUVQoPo6Op5mJ2TwuTfxiVLERzNqInZFT9yEAlC3HFrtkqMvmmRyML4YxtN5zOka9JNLKg+u27MC\/5Bk0hCz6nHiyaJ941UMiC0WY2UyPuFKNgOyuO2pxCXOVmI6RFRDrgcfyeA65JPBucgdvdgqjX+ble2fHrMYKf47iWZw6ZCMVdZA5rpcRa4Odyily5ptAXuiHl3RoXmA0dqbV8vabKxX0EEgWHMmUzm\/HkgO7DaR4QNrdH0a1vDV9wfaTP\/ZIeMqdd5fNzqDWpWi6itaNo3vUSXrG0h0zEuX6FVDln+WZP9eim22wcHRVhf5gHqOiSnSKrQ\/ByhXyPCnIWmPLX1R7lFOTPfG8AFwUBFKVeFvYqlUqthZ6F1NPq6lfYDPSK37Uxa3jirrWUB69ItjpS52a1ew5dj8Dc1xKA5SNzmqYlADRnezWvccOXb9pVkCSNUXNAl\/Eldy\/3QKiG8+5C1T4Ld+0UU2w27mEkUx5QAka9abdLspU9tt+1hdyutM9CUatFqbvmHXiLyOYBdcZQ3L2RylxAVQot95fiai\/cNxrALcLeZjaj+F1fbrD0xnEFj\/tLcTd5qnfdW7B0hXPArutwwv1SIS1JYet34gtLkVgsJklsUOjVSleTp3O62gZKl+r+asfEVYTeP+gpeXO1693rVqVW0P5VKq3WXsDZm5e6bZ7fNDpAzYH3QvRCsTyUBspH5Pw1t5uPKx7JXLWcKtJ94\/xr9w5YrEYDrmJGR97G4WeGD7KeQK1ViIt2CY3JVvpKqlq8655fPEF1bQDCXgdQFyKkY0qikFFgw0PVYvmoe9qA1Y+kAOB7HcBfu+p6aU8pE5BRXO\/3N19voTULhhHjcM+yDkGMCXlKgbiCau90urfwCl7ID+mnc7ShWSXgVaIYNmex8QSnG\/WQErAOKXsb2lfK+T2YztfqUxOyKoGZYgaiduN7lEo8gm\/0p9oX91A\/8OWhY1B8xbKmR1sFmz4ZltubDszlMXebeQrFO30unGmRi8d1zgFVoz4gNrMZdsrlJIgFhHGI9r+oXjwBC6YgoIvOgM88WEby5xCKIO3Qc6SaDVDB5CLkbYgGDA+P5ixVBTecnfNPTbBGze8iDU0wDhxTUSoj42ov3DbLIHVTRGjMjCaJJ6EIQc4hdsUuWUgd3YAYngUo9WjCJCAUirub0zY4ZCF1326edkGMhWwNUZALo7CcL+4QYnTBJgt85+ji5uKoXK2mAFJnlizgDAcUC\/E4+jgfiyzwncbN6sXTPUji+wQLyPpMOKFJUUH2YigU5ixUj75+PW3DKUgKpJqtpz+4XoVWEfVMlUL54hFS0xZwBlZkcywjFrAG7UX95hdQbII7jvp4Ajh6cSKa3kOUZ0Msgrap9mkZ5hYysAPMCjWQpzFIqdyFcAdD2sxm+BpgEBeS4hG4ySP68cwTP1BIAp7q3SmguRB0izO73gAkMIRE5wLMCxlJ4I4wotIW+lS7FwDSFcFmNpOt4N7Bnva5e3yERTFSTFRoDP0c0rlw9ahGCYzNoTdHhtHsZzfJlCBQkVm8SW\/BtG1dKZbbR40jZ7MtXCEwnIn3Y82RsfZsM6lOu9Fs3JaLLi3aj92Y+4lI4LwIK3uh+tjoNtvle4AeepfIsDg2gxziZyyycP90cdN8LFaB1FVEm3kKFacwjVmo9uMiKWBtu0JozFYkgzHqyJgF\/vHmEebJLfQHGxBgPft6zBWp2IWwFgLEZtuJGHMQptpCqg1stgULxObmsBgau4VE6jQBw4Q4NrOZUgn5XlYOyWq7C1IQQobgAEwMhVcSrSL25SbAkDayY6UDyLOteOvyqwLYzzLKGARbVKwe2gq+fHHkfIVEeHpUjfzkjFTz3FHDUP1kX5tsEbbC5m7VIVQVJD1VMLRLdoQ5Xy2WG6fdtr1gimE5wKwgYXqMSBU7d41u485JKPHOEy1QiJCall69v31qNNqPLpp2OIHnRbRij4R8qJbbjcbTbcfdUvBkCDzOhN20SnCqd5qh1nEz1PoIAQrOn1AFqa\/ULfHEn54Xq4BSga3RmKAbR3Kv6tW8VKML6g2m4whNI016M2qqd6CDR96oLMMSRFKUTMp2+eKRYpzZ\/b4ohWu2F+5PQeLMFfIStQ+S3jVl8hQBDE+JlM1sRoAbZTlg2moDcL+Qs5nNoEw5RflNEE1+g8B64S1BlCxYjeYiBcK0dBTrkUBIwZYIwJB6M\/CdiQcrVu\/GTFYswY0POuNJ0F84RrJfnIAEfJ7+pE4FM87sxvTaUKQJAswkwnvAHvhcFDSiNNZEMUB7abcZLDVFTX0Zks5Q0vB0YA7ucSNKM0Y8RKWkyg8I0bCZp7im2XemC7RWgtRDJhQ8j5uPofmihArqkF64x1CsrmKO2q0NeOgJjdqM1gahJ7ollIkWKFBwOg8JzGwRyChx1\/8AnnAQwwHiAZghpRn0zCNUOir9DIyRMRLOwBJbPIlZrvPjJxoSHoI01x0ZT4a8oiQhuEcw4ClEwhR5tutFKe4Lx0AShFmcgAS+Cmkbmso6oo6Q7khBVqIhTHqX7P1IDxoBgbBSiRRCwoTsthNB7zzWl74maWBFAFYoI49MsOj5Ep05Qy6Ea+S6IgFv8hwqfIacDT0rm9lMjNziq7UZ98wj2AQpucpSm7flAo81pF7P\/HZCiWTIyFXhbT7r4\/YI4gyp16FQGAEGiui+bh4IQOufUiKNNwl2CIXVvSHAm4o8hMIa6xBEM\/h2ipSbiTfbFgLuVYXw2GxY1ACuouQj0p5wEoC+RMUQceY2s5k4pg3NU9kBBQqpgieTIoHZ28xm8nhKJumJFihEazi\/Xow9mXZxxHpkIXbGwpkjMyeb2Yxwjd6gg\/OxmafAGBi7KHv1RdAHlhTmZDObCSHb0GmKi2xAwauoTrHZxZndQA0x8W+z3wfEBp+M1qDJ7wKEjseL1EHR288YnjTSgmR4qglplBJC90ZyziU+MYRx1mlyixMQAUHhLFHYow8HFbpBh+YQH3QkBL1YqUhvH3dEZMhlh3lC\/liCpCHnlUYCc3Sk2pCDa9AqwmLRtPFAaZ3sXOLMbkDZ0LGFsJnNwChtC7qnN78LrjqHUReMpgyEASPOcDgnDJECqJDhcwtiM5sRgBMmoa6bTR0R1CkGulvo7EmD7iHFLYzNbEaQwRr0ItnMZmIBoA7reoFsZjNgrvbYojjALFFBLDGC45goAKJChwu0Z7piAWLIlPyL2ikMMJuTX77\/8+sPwxmB5uIEJBAS+pr05d8fv\/38+eOvz7pzIvnNzwkj6yKYn39+GPDz78kFVOKDyaTz19umE+ZjA+GJg+vLhzHfxnnwiRSC\/Tv1j4bjzWPj95\/O1gzHJ+uOt5uImx+TLHz432eHn+CS3FrZShqOHzYN329cHuiPN1eMWdqxu\/H3D3r+QySx1nyqHxzqk7F5dmZI8s7r1oa+6hyenJzoDvdf7G78ryEL\/34hlN5ptp9PmA19MRysH6\/ri+Fwa7O+Pzk8fmU+HY6LYfvgZcXuzr8bsvD7H3bXYfOxVy12HiZVI\/nwMbl+Nfl+5zLJnJyMs7j9+pHZ3hgV0876y8r8s3CoJac+qRpXZ1pBTLL00MvOfn1c0561tnw8+H7t+XJlxT4Lfxqy8Ce1inT8oP2\/OanQl71Ks304llH9qp5cHwmpnVetjm3W+8fJzeOTS\/ss\/JpRc34ZvN\/DUTHsX2r\/b9VHNee1n9hxsawPqtDW87CBH2ysrxjkl57fdDn4QU+oDp+\/PXqXL\/2Wm3wdnj94GHx9Nsjp1eHg\/M6wmNZ6xfFskF96\/tB1bTRl6pD6c\/9jUAi97uuw\/5E8G8qi52etWNbqo3b+PGjgV1rp2JYC82tUDj\/\/SyPNJjYv+1XjYZjG5Es\/YQf1YYXZedVq0qSZfzrTvl\/buGIc+fznj5\/fvv321y8KKZ5mXWsN+w+jNnBSZwb1ZIgmuPT9Q79R7NeNqsc0\/Od\/\/v77+4zsg37fMK4ozPbLmtZYx0n8+MokTzYmPeDHh+1e\/7A1m7QBkuylZ\/9wUq83Nkayc8Dlp80zfa0\/u2J2ztwKYcbsH65t6ITL2uXa1bpONzo4Wz8xXH7JGE8sANsb9bpe3ds4rBsa68qD8frLq1dHw2Ee7K8YqvbmitEu2Ng3HDLHK8\/UkwTL2onB9Nk+Oba7csCro7EnKSZXixKdgWAyG6DO9qij\/cmqb2ZvjLgrz3eeAhRpMc\/tZgWfgXCe21OlxRp2YUu0wHHcXtxvRK71zlbU95GHrNLLQ0sRTfRO7pVi7yMLvZqkVjizczVd4xRpsV2RBviw1zyov5SIvKMMaPDmzS+lRQz3L1kyC\/hFd8K7o1ucgxWV\/sbzWcXzrqRSnhv9FU7scdoCoNEKtyCzRsAQM+NdTH2RrJfzC2zrmgMLTC8IuZik24HFwxXYvBpiFzrYaULNBPWrx0Zqb7k5LFyDQ39zb90OLIKfu35PJcAMg7c+3c5WCud9L0rqgMH6hrx\/PDIm6OVa76kljxf+yo72SOOVRIF7T\/KUCfoHweVQf+VynxhVM1Kcm8mau6SIveW9gR6Zlpbs+G6rIDLK266Yfj8mgy8iRfpImp5U4N5EnmF7hmdlYcfkuRDyBLWXH4pmg+9LKC1ZsmTJkiXz4P\/9NSoSmBS+lAAAAABJRU5ErkJggg==\" alt=\"Resultado de imagen de Principio de incertidumbre\" \/><img decoding=\"async\" src=\"data:image\/jpeg;base64,\/9j\/4AAQSkZJRgABAQAAAQABAAD\/2wCEAAkGBxITEhUSExAVFRUVFRcVGRcVFRoYFhcaFhcWGBcYGRgYHSgiGRolHBceIjEhJSkrLjouGCEzODMsNygtLisBCgoKDg0OGhAQGS0mHyMvMC0tLisrKy0rLS0vLS0vLSsrNy0uLSstLSsrKzUtKy0tLS03LS0rLTUtLSsrLS0tLf\/AABEIAHsBmAMBIgACEQEDEQH\/xAAbAAEAAgMBAQAAAAAAAAAAAAAABAUBAwYHAv\/EAEkQAAIBAgQDBQUDBwoEBwEAAAECAwARBAUSIRMxQQYiMlFhFEJxgZEHI1IVM2JygqGxFlNVVpKUwdHS8DRDk9QkJVSD0+HxF\/\/EABoBAQADAQEBAAAAAAAAAAAAAAABAgUEAwb\/xAAkEQEBAAEDBAICAwAAAAAAAAAAAQIDERIEMUFREyFCUjJhof\/aAAwDAQACEQMRAD8A9xpSlApSvl7225+u4oPqlc9l+fMyq7qChjRy0YJ0MzBQh53O9\/luKljNwGbUGABjAXhkMDIzKL77gsPIfvopNSLalVpziO1+97910nUBG2lyR6Hb57Xr4izUcjqYl5FAVCPAeRueduvWieUWtKqoc3QsbNdSIigCm54mq25O99PkLaTepP5Rj0cS5sG0Wt3tWrTpt56tqEylTKVS4fOAOJxCbrIwUabNpVEYki\/TV\/CpGOxzLwSmkrLIq3IPJlZgRYj8P76HObbrKlVi51FvcsoAkN2UgfdHS4+IP\/1SXOolvq1KRqJBWxAUKzH1ADDl\/hQ5T2s6xeqnE54qg6UdrOqHu2W7PGvi5cpAR5\/w+0zLd1JOrWUVQlmFkVje5sbA3vsNwOdDnFpSqbAZ0DErSX1cON2spt3zpBA+I5dKkHN01adLk6mTZTuyrqIHy38qHOLGlUqZyNbEkmLhRSBtPhDlwS3p3R023rf+WY72s47xQXWwLKSCoJ2vsT8BQ5xZ0rThMQsiK6m6sLit1FilKUClKUClKUClKUClKUClKUClKUClKUClKUClKUClKUClKUClKUClKUClKUClKUCtcwNjp522vWylBSrlcggWC40qFAOrvWUgj3LdPKmIyyR2LEgEmI7Nt90xZfc8zvV1SinCKRMpkVtYYBrub6ukjBmXwcri46+tamyycOpUi2uRydQuC4tYXTlV+TWpsSo61Fsh8UvZTx5KykFdI0iML3j3eFq0kdzcnWwN\/Otxy1+GY+7u\/E1ajq16tYbw2vccrWq0jmU8jWrEYnTsNzUXKSbrTS8bKsZPJq16hq1Fr6h7yqrC3DtY6QfiKkYrBSvw7lRw2DizHcgEb3XyJr79rfzH0rbHjluAxALHSvqbE2+NgfpVZqY27LXp7jFa+RsRZiCPvbjVz4xu3JLjflatzZbKSrFwXUFdVxchrXBGi3NQb2vVxes16PP44pXyuQq63HfkWW+rcMhQrbucroOd6x+SpNZcMAxcvfV5qqEW0ciFHzFXdKHCOf8AyG+kLqsNAj8W5CtqW\/c5g1uGVyatWoXEjS+LqyaCPBytV1WKHx4qFMkcLpuCpjWIgt4lQsQD3P0iDbpWw5S9rXFxK0oOrdWbVcDuWIsxFjfnV3Sh8cacKhCgNzHP\/dh\/Ct1KxRdmlKUClKUClKUClKUClKUClKUClKUClKUClKUClKUClKUCo+PxscMbSytpRbXY3NrkAct+ZqRUHOXlWIvFLHGUu7NJGZF0qpJ2V1seW9+h2oImQdqcHjWkXCziUxW12Vhp1arbsov4Ty8qua8l+xnL8Y+GmxyzQI2NnklbVAzk6WYGxEi2Gottb5716bl0eIGrjyxPe2nhxNHbne+qRr9PKgm0pSgUpSgUpSgUqn7T6ni9nRyj4kmIOviRSpMjjyIQGx\/EVrn8t7TTjBQKEWTGe0jAOrsVBliLCVyQLgGONpOXI8qDuKVS9nMzll46yhNUE7Q6owQj2SN7gEkggvpIud1NW0EyuoZWDKRcEcjQRcbL7o+dQya34wd4\/L+FUvaOYrA1veIX6nf91Z\/UanGZZXw7tDDfaTyr8w7SkNaEDb3z\/gP86rz2mmU6mZWBIG6+ZsOXKquvmRAwKnkQQfnXzeXW62We9ysn9NydLpTHs7rLc2SVS1wpXdgTsPW\/lULM8ZLKY48PBrjdrNOW0LFp7ySICLyWK9Nr233Nch2YwtsSJHZnJYIVfdBbwsq2sDuDevTVW5t51v8AS63PH3Yyeo0uF9RMyvF8WNWIs3J1\/C67MPhfkeosamV8RoBy\/wB7V91qxlo+NmKLceYH1NqkVDzX83+0v8RUygUpSgUpSgxWjG42OIBpHCgsqAnqzkKq\/EkgD41Irke2cKzYjB4cord6TEOWF1SOBRufMcR4zbqVoOtFZqk7GTvJg4Xc3LKWHdCkIzExKVAADCMqDsN6u6BSlKBSlKBSlKBSlKBSlKBSlKBSlKBSlKBSlKBSlKBXGfa\/mvs+VYkg96VRAvqZTpNvXTqPyrs680+1S2Jx2VZda4kxHtDjpoiB5j9XX9DQW3Yzsbw8Hh48YTIyRKvCBZYY+pHDBs735u1ze9rDaon2YZhI0+ZYfWz4fDYrRCXcuVB164wzEkqukWuferre0+bDCYSfEkX4UbOB5kDuj5mw+dcd9l+G9hy3DvIGebHTrI2\/fZpyLMdR30xLrP6rdaD0SlKUClKUChpSggY7Ko5XV2MgZFZQY5Xj2YqWHcYXuVHPyqjxXYmBpkcFwutpZPvpeI0vDEUbrJqupVSwuCDy8q6uomPwpcBkbS6bqfd9VYdVPX5EbgUENY4sLEsMCWJ1cNBdmZibs7Em57zamcnrubneLkWExcSq07RyPI7GVYhojUljpeMH0tqB53JG4Ib67J5eIllLSyySvIxk4xBZCSW4akAfdDUSo5Wa\/WpmdZwmHSSR\/BFG0rnyCgmw9Ta3zFBFzDOYC8kKSo00IUugPeTWAVuPW9ef9rO2BmIy\/Ax+04tvEVP3UOnmWbkSORHIed9j5ThO1TyviOJiBhhipTLPMAzysu+mFAo2AufLnz2sfbPs+yzDR4SN8HtFJ3izIRJJYkEuSAeYPp5Vz6uGP5Td0aWWXaOOyDJXw+tpZWkmkIMhJNri+wXpa\/8A+Vb13OPyiKU3YWbzU2Pz86hRdmYgd2c+lwP4Cvneo6HX1NS5by\/429Lq9LDCTZVdm8GXlD+6m9\/XoP33rqcfjODG0lrlRsPxMdlX4liB862QQqgCqAAOgr5xOAWYBG1bMGGlmUgruDdSDtWn0nTzRxmM7uDqdb5LclP2dxc8AxuDkmV54QcVHJKbKyYgM923FlWUOp8harfshnr42L2nhiOFrCNT+cutxIX6KNXdC8+7c87DM3ZHCu4eRXkYLo+8mkYFNSuUIZrMhZQSp22q1weASIuUW3EkMjbmxYhQSATtfSOXW56mtdlvnNfzf7S\/xFc32+zPExqGwx3w2nFzKNy8SNYxehZdbf8AtW610ma\/m\/2l\/iKhSZK\/EmdcSwExBZTHGwACBAo1C+mwvbzY+dB84jtANeHSKPi+0xvKhDADQiodTX908RRcX8Q2qozbOZsXgU9iJixGJSQpq3KcG+vkdwWCpqH84DvyrR2e7MSRSvCJZRDBhkw0MrKOIVd3klCNay2+7UG1+76Xq+Xs\/odWgmMKpCkCxqiMqKhJ7uoXBNxf9RfKgi4ftWrZcuYCMsvDEkig2ZNJtKLW3KENt+jV1hsS7IzcLSd9AZhdha6k28N\/LpVFguxqIk0LYiSSGd5HeJlQJqltqtpW4W9208rm9XOEy8rAIGld7JoMjW1nbTfYAA\/Kgq8P2ui46YWeN4MRJcKjaXDWtchoiwA397TVhjcXCjnXE5fRpLLBI\/dO+nUqEW9L1W5H2QGFK8LFzKgNzGI8Mqv56ikAY3873qxznG4hNsPhhM9ix1y8JAByGrQ13PQWttuRtcNuUPFoCQxmNEAUKYmiUDoFVlG3wqfVfkGaLisPFiVVlWVA4VvEt+YPwNWFBpxuKSKN5ZGCpGrOzHkFUEk\/QV5T2T7WYuLOpMPj7ouORJoEZriK4PDS3IEqCrW99et67rPz7RiIcEPDtiZ\/Lhxt91GfWSQfNYpBXMfbh2dabCLjYbrPgW4oYc9FwX+alQ1+mk+dB6TSqLsR2iXH4KHFLa7LZ1HuyLs6\/Xl6EVbY3FCKNpGDEKL2RSzHoAqjckna1BvpXMQdskGMXA4iCXDzSLri4hRklG9wroxAYWOx8utxfp6BSoeBzJJWkWO5ETaGe3cLjxKp94ryNtgTa9wQPvMcakETzSGyRoXY+ii+w6n0oPPftjznGLCyYFipw3DxOIdSQyprIjQW8VyCzD8Me+xrtOyWepjsJDiksOIgLKDfS42dfkwIrT2cys+zucQoMuKZpZ1I5cQBViPmEjCx+ui\/WvOvsxmbLMzxWTSseG7GbDljz2uB8WTn6xmg9ipSlApVB\/KXiFhhcNLiVRirSI0aRah4lR5GHEIOx03F9r3vU3IM7ixcXFiJFmaN0YWeN0NnjdejA\/5i4oLKqfP899l0M2GnkiN9ckKcThWtYuinWQb81BtberilBCynNoMTGJcPMkqH3kYH5HyPoam1z+a9kMNNIZ01YfE\/z+HPDkP6+2mQejg1AOYZlg\/+Ih9uhH\/Owy6cQo83w5Nn+MZ\/ZoOvpVZkuf4bFAmCZXK+JPDIh8njazIfiBVnQKpH7MQHHrmJLGZYeAoJGgAknUBa+rcjnyJq7pQRM2y6LEQyQTLqjlUow5XB8iOR63qDk\/Z5YShaaSdok4cZl0\/drYA2CKo1EAAsRewtVzSgUpSgUpSgUpWDQZpVfh83ifkxHe0d4FbtqddIvzN0b6Vls2iDsjSKpUgd513vo5C9xu6je3MedEbxONUOY5V7QGSaFXRiLo+6mxBAI67gfSpy53hiLjERHu6tnHLu78+XeH9oVHzTPUjXuMjHUF8QspLIO8L3I74vb52ojlGcryDDxCy4TDp5cOJR\/hU18COht6dKi4DN1d3XWltYWKx3ccNHYjffdjy6CpLZnCCQZkBDaSNQ8Xl8arljL3Wxz2+5WFwPmfpW98OpFrVHGawbffx73t3xvZQx6\/hIPzFYOb4e1zPGBYHdwOfLnUTDGeE3Vt8vv2H9Kt8UIXlWqbMIkOlpUU21WLAbE2B36XNq+DmkOx4yb6rd4b6L6rfCx+lTMMZ2LqW96mVmoCZxAQTxlspUE3sLuAygE87gg7VtfHRhxGZEDnkuoajsTy+AJ+VWV3j5zb83+0v8RUjjp+NfqKr8bj4GtG0i2JIJ1qLMpUaTc3JuwGwO\/lUWP2NtlnQnY7SKeei314i\/2h50OUXXHT8S\/UU46fjX6iuawmJw5hMrtYqodgDayvcx7ttcrY8\/pU3RhOXGW4IFuIOZLKB9VYfsnyoiZRccdPxr9RTjp+JfqKpiMGCQZ1uG0m8i7G6i3xu6j9oVgHBWvx0tYG\/EXkVLA\/2QT8BRPKe11x0\/Gv1FUnaXM3ULHFDLKJLh2hMd0XrbW6943sDvbn5A5U4P+eA7zruwXePx8\/Lzqd+SY\/0vrQ33MhcGFNMJhVRpWIlSUVdlB0EgbDkCal4rELGjSOwVEUszHkAouSfkK+cLhljBC33N965P7TMRixFFFhsE+KDyq0qqQqmOMhtBbpqbSORuoYHnRK17IwMY2xUilZcWwmZWFmjSwEMRHQrHa4\/EXPWryRAwKsAQQQQeRB2INebfy3zr+rr\/APXH+in8uM6\/q6\/94H+igpuwEhynOMRlLkiDEni4cnlexK7+qqUJPvRivZK8F7eJnGYth5VySTDz4d9SSrIHNrhgLEDkwBHz869syPFSS4eKSWJopGQF425q3Jh8L8vS1Bw\/23Zc5wceOi2mwMyTKbXOkkBh8L6WPotX8Oee3JGmEchZIkklmX\/krIoYRqf59geXujc81Dbu1L8dXy+IK0k0TByylo4Y2BXW4BFyTsqXBJueSsRzn2G4v\/y9sKwCy4SeWGRQADfUWBNuZ3Iv+jQd9g8KkSLHGoVEAVVHIAVRZ1\/4nFRYPnHFpxU+2x0sfZ4z8ZF4nwht71dC7WBNibC9hzPoPWvJ8r7SZzC0z\/kCR2mmaVnMwU22WNbWNgsaqux6E9TQetV5d9uORycKHM8PcT4JwxI6x6gbnz0sL\/BmvW7+XGdf1df+8D\/RWvFdr84kRo37NsyOpVlM4sVYWIPc6g0Hddls8jxuFhxUfKVASL30sNnU+oYEfKud+1nNpI8LHhoG0zY6dMKrDmokNnYfLb9qub+w7AZjg+NhcVhJY4W+9jZrEK+yspIPUWPL3T51L7X4iWbPsHHFHxEwMLYqRR4u+SpC9C4GkgbXuaD0XKsvjw8McEY0pEioo9FFrn16k1579jMzSzZriB+ZmxztHbkTqcsRbY3Vk39K6PPs2mxETYfAxy8WVdJmlhkijgVtmcmVVLOBeyLc3tewqz7Kdn4sBhY8LDfSg3Y83Y7s59SfpsOlBb0pVPn+Vz4jQkeMfDxb8ThKvGflYLK1+GOd7Lf1FBjPO1GFwpCSy3lbwQxgyTv+rEl2Pxtb1qpEmaYzwqMugPVgsuMYfq7xw\/PWfhV1kfZzC4QHgQhWbxSMS8rnqXkclm+Zq1oKTs92Vw2DLPGrNNJ+cnlYvNIfNnP8AAPSrulKBXLS4vObnTg8ERc2JxMlyL7XHB52rqaUHJ+2Z3\/6PA\/3qX\/4a3YPFZuZEEuEwaxlhrKYmQsFv3ioMVibchcfEVdRZth2kMS4iJpF5osilx8VBuKmUClKUClKUCsGs1g0FIvZ2NTqMj7ScX3B3tbPclVB5uevI25E1847J8LI3HkYWYhgSw0corW+IiHyZvOt+Pw8vEaRSWHD0Il9tbEXZhysABvud29K2y4Nkw3ChtrSMIhboQukG9jR5bT7myowfZyEgsJSQCoR1ZT3VSJdzaxJ4f8AlYmpX8noQQokdTq4igMt7qYyLAje3DUfxvXwclkB+60RqSpZAbi8dtHNdyd9R2Oy+VfD5XjDYtNGzpdkY7WYrpsbL4bXPz3vtRXt+KZhOzsUbq6s11JsDpIFwot4b+7zvffy2rB7Ox6g3Ek2ZyBcW78iykcr21qDfn0uRW\/EQT8JFRxrBXWzHmAbsNhvfl0518RwYkYcjWpnPU+AXO9tuVr22ovtO2yGOx+HC6AzhCunSCttlVQb6b3GkHnz53qSOzsWosxZyzxudWndoyhBNlHWNduW2wFzWpcHjQfzylSVFr2YKOZvo8RsP7Tehr4XCY\/rPH7x2vsSBpHh3UMT8rVCv1+qXjcijldnLOC6hGC2F1HMXtexBsRf1571HfsvEQo4kndUKN12ChwvNdyA\/Xy9Tf4GXYwnfEC9tOoHkDISx06LatAUA32N\/nNy6HEDWZXUkgaQPCCL36A+X0on6t\/ijz9nY3JJllNyGPeW2oKq38PPuD945Eitj5UWxQnbTZAAtvEQAbBtujMx2PUVqyvA4lGQMyBFB1BCSWYi7MSVG5ck\/Ieta9GKeWVo5AEDBFDHbYd4gadratvMoL7UR9em6Xs1C19RchnLkXFrl4n5AcrxD43N7k3rRD2Tw4I0s\/cIIAIsCvB57bm8IO\/Un0tg5djCF1TjYrdQ1rgHUe8E\/EALfh1b71n2HG6bLLGpuDccjdSWNtHMyH6fvI+v1ZfsrCycMyy6QqpbUvJYzEL93npP7vU32N2Xh1l7uCW1nw7sWlYndef3pF+lhaxF6xhcDilcXdApkLvpJLPcnndfIKoA9fIVeipWxxl8OfXsjh7AEu1iG7xB3HB9PKFR8CfOg7JQadF3I2O+nmI2jvsu+zX3vY2tauhpRb48fSkXs5GG1CSQEa7HuHTxDqNrobd4k\/OxuNqugKVmi0knYpSlElKUoFQs2nlRPuY9cjEKoOyKT77noijc23NrDciptKCBk+WLAhGou7sXkkbxSOebHyHQKNgAANgK4YZdNlucTYtIJJMFjkBl4MZkaKZd9RjQFiCSxuAfzh8q9IpQRMtxTSpraJorsQofxlQbBivu356Tva17G4EulKBSlKBXn\/2eYSSTH5pj5I3XiTjDx61IOiAWJAPunu7+nxr0ClApSlAqqzvD4xyvsuIhiAvq4sDSk8rWtItuvnzq1pQcv7Bm\/wDSGE\/uT\/8AcU9gzf8ApDCf3J\/+4rqKUFPkuGxysxxOJglW2wigaIg35kmVri3S1XFKUCuJ7f8AaCCKfB4OeV44sS7ayl7uF0qkRZe8qM7gkjoljsxrtqi4zLYZWRpYY5GibWhdAxRvxKSO6fh5UFPnPYrA4iAwHCxRi3ceONUeJujIygEEHf161zf2K9osRiMPPhsU+ubBy8IuTdipuF1H3iCjC\/UAX33rru1mfpgsLJiH3IGlEG5kkbZEUDmSf3XrnPsg7Jy4HCM2I\/4jEvxZBzK7d1Serbkn1YjpQd3SlKBSlKBQ0pQU+LzYLK0YZLJGzP3u+lhcd3l1\/wB7XxNj2iw8RlZVkYRqzMQoDEDWd9tt9qtJcOrbMARcHfzBuP31s00U2vtz\/wCWOC1ndpUcjQwC38n3UAMoJXf9I+VSsNm4MLYg30au6LAGx0qOvUnrbn6VYYfCRpfQirqNzpAFz5m1btIoTHL256TtMvRStmAYuOQCGRxYG+qwt8T5V9jtIpFtBVu7sxG2ptK8jvcd642tbzq90CmkURxz9uag7TKFOssbksrBQCIyCysRyvs236B+FTBmMi4ZXewkZggJHd7z6QxAP4e9YH4VclBWdNCY5e3Owdp1tcqWPi7ttg7WjXc7sRufpVhlmbpMzKobugEk26krb6qR8vrY6RQIKJky9s2pas0ouxalZpQYpWaUClKUClKUClKUClKUClKUClKUClKUClKUClKUClKUClKUClKUClKUCo+PxqQxtLI2lVFybEnyAAG5YkgADckgVIrl+3HY1cyWNJMVNEkba9MRUBm91mJBNx0+JoPvLMoeeZcbjEsy\/wDD4c2Iw4PvtbZp2HM8l8IvuTc4fHh5pYQpvEIyW2sTIGOkdbgAH9oV5z\/\/ABaH+ksb\/wBRf9Ndf2G7IRZbC8MUsknEkMpaS2q5VVtsBt3f30HR0pSgUpSgUpSgUpSgUpSgUpSgUpSgUpSgUpSgUpSgUpSgUpSgUpSgUpSgUpSgUpSgUpSgUpSgUpSgUpSgUpSgUpSgUpSgUpSgUpSgUpSgUpSgUpSg\/9k=\" alt=\"Resultado de imagen de Principio de incertidumbre\" \/><\/p>\n<p style=\"text-align: justify;\">Una cosa s\u00ed sabemos, las reglas que gobiernan la existencia de las part\u00edculas virtuales se hallan establecidas por el\u00a0<a href=\"http:\/\/www.emiliosilveravazquez.com\/blog\/2013\/10\/18\/%c2%a1el-origen-del-universo-%c2%bfcomo-puedo-saberlo-yo\/#\"><a href=\"#\" onclick=\"referencia('indeterminacion principio de',event); return false;\">principio de incertidumbre<\/a><\/a>\u00a0y la ley de conservaci\u00f3n de la materia y de la energ\u00eda.<\/p>\n<p>&nbsp;<\/p>\n<p style=\"text-align: justify;\"><img decoding=\"async\" src=\"http:\/\/farm5.static.flickr.com\/4025\/4516869871_1cd24e4f97.jpg\" alt=\"http:\/\/farm5.static.flickr.com\/4025\/4516869871_1cd24e4f97.jpg\" \/><\/p>\n<p>&nbsp;<\/p>\n<p style=\"text-align: justify;\">En un nuevo estudio, un grupo de f\u00edsicos ha propuesto que la gravedad podr\u00eda disparar un efecto desbocado en las fluctuaciones cu\u00e1nticas, provocando que crezcan tanto que la densidad de energ\u00eda del vac\u00edo del campo cu\u00e1ntico podr\u00eda predominar sobre la densidad de energ\u00eda cl\u00e1sica. Este efecto de predominancia del vac\u00edo, el cual surge bajo ciertas\u00a0<a id=\"_GPLITA_13\" title=\"Click to Continue &gt; by Savings Wave\" href=\"http:\/\/www.emiliosilveravazquez.com\/blog\/2013\/10\/18\/%c2%a1el-origen-del-universo-%c2%bfcomo-puedo-saberlo-yo\/#\">condiciones<img decoding=\"async\" src=\"http:\/\/savingswave-a.akamaihd.net\/items\/it\/img\/arrow-10x10.png\" alt=\"\" \/><\/a>\u00a0espec\u00edficas pero razonables, contrasta con la ampliamente sostenida creencia de que la influencia de la gravedad sobre los fen\u00f3menos cu\u00e1nticos deber\u00eda ser peque\u00f1a y subdominante.<\/p>\n<p style=\"text-align: justify;\">Claro que, hablar aqu\u00ed del vac\u00edo en relaci\u00f3n al surgir del universo, est\u00e1 directamente asentado en la creencia de algunos postulados que dicen ser posible que, el universo, surgiera de una Fluctuaci\u00f3n de vac\u00edo producida en otro universo paralelo y,\u00a0<a id=\"_GPLITA_14\" title=\"Click to Continue &gt; by Savings Wave\" href=\"http:\/\/www.emiliosilveravazquez.com\/blog\/2013\/10\/18\/%c2%a1el-origen-del-universo-%c2%bfcomo-puedo-saberlo-yo\/#\">desde<img decoding=\"async\" src=\"http:\/\/savingswave-a.akamaihd.net\/items\/it\/img\/arrow-10x10.png\" alt=\"\" \/><\/a>\u00a0entonces, funciona de manera aut\u00f3noma como un nuevo universo de los muchos que son en el m\u00e1s complejo Metaverso.<\/p>\n<p style=\"text-align: justify;\">Inmediatamente despu\u00e9s de que la llamada espuma cu\u00e1ntica del espacio-tiempo permitiera\u00a0<a href=\"http:\/\/librodenotas.com\/cienciasyletras\/14767\/el-big-bang-o-como-nace-todo-un-universo-de-la-nada\">la creaci\u00f3n de nuestro Universo<\/a>, apareci\u00f3 una inmensa fuerza de repulsi\u00f3n gravitatoria que fue la responsable de la explosiva expansi\u00f3n del Universo primigenio (inflaci\u00f3n(*)).Las fluctuaciones cu\u00e1nticas del vac\u00edo, que normalmente se manifiestan s\u00f3lo a escalas microsc\u00f3picas, en el Universo inflacionario en expansi\u00f3n exponencial aumentaron r\u00e1pidamente su longitud y amplitud\u00a0<a id=\"_GPLITA_15\" title=\"Click to Continue &gt; by Savings Wave\" href=\"http:\/\/www.emiliosilveravazquez.com\/blog\/2013\/10\/18\/%c2%a1el-origen-del-universo-%c2%bfcomo-puedo-saberlo-yo\/#\">para<img decoding=\"async\" src=\"http:\/\/savingswave-a.akamaihd.net\/items\/it\/img\/arrow-10x10.png\" alt=\"\" \/><\/a>\u00a0convertirse en fluctuaciones significativas a nivel cosmol\u00f3gico.<\/p>\n<p>&nbsp;<\/p>\n<p style=\"text-align: justify;\"><img decoding=\"async\" src=\"http:\/\/lh6.ggpht.com\/_o9BLyKHDLd8\/TFu5B9bTSDI\/AAAAAAAACFU\/dUCzkh6AAmM\/focusitaly_singularityouttake1_thumb.jpg?imgmax=800\" alt=\"Resultado de imagen de El UNiverso surgi\u00c3\u00b3 de una singularidad\" \/><\/p>\n<p style=\"text-align: justify;\">\u00a0 \u00a0 \u00a0 \u00a0 \u00a0 \u00a0 \u00a0 \u00a0 \u00a0Lo de la <a href=\"#\" onclick=\"referencia('singularidad',event); return false;\">singularidad<\/a> es dif\u00edcil de digerir<\/p>\n<p style=\"text-align: justify;\">En el Modelo corriente del big bang que actualmente prevalece y que, de momento, todos hemos aceptado al ser el que m\u00e1s se acerca a las observaciones realizadas, el universo surgi\u00f3 a partir de una\u00a0<a href=\"http:\/\/www.emiliosilveravazquez.com\/blog\/2013\/10\/18\/%c2%a1el-origen-del-universo-%c2%bfcomo-puedo-saberlo-yo\/#\"><a href=\"#\" onclick=\"referencia('singularidad',event); return false;\">singularidad<\/a><\/a>, es decir, un punto de infinita densidad y de inmensa energ\u00eda que, explosion\u00f3 y se expansion\u00f3\u00a0<a id=\"_GPLITA_16\" title=\"Click to Continue &gt; by Savings Wave\" href=\"http:\/\/www.emiliosilveravazquez.com\/blog\/2013\/10\/18\/%c2%a1el-origen-del-universo-%c2%bfcomo-puedo-saberlo-yo\/#\">para<img decoding=\"async\" src=\"http:\/\/savingswave-a.akamaihd.net\/items\/it\/img\/arrow-10x10.png\" alt=\"\" \/><\/a>\u00a0crear la materia, el espacio y el tiempo que, estar\u00edan gobernados por las cuatro leyes fundamentales de la naturaleza:<\/p>\n<p style=\"text-align: justify;\">Fuerzas nucleares d\u00e9bil y fuerte, el electromagnetismo y la Gravedad. Todas ellas, estar\u00edan apoyadas por una serie de n\u00fameros que llamamos las constantes universales y que hacen posible que nuestro universo, sea tal\u00a0<a id=\"_GPLITA_17\" title=\"Click to Continue &gt; by Savings Wave\" href=\"http:\/\/www.emiliosilveravazquez.com\/blog\/2013\/10\/18\/%c2%a1el-origen-del-universo-%c2%bfcomo-puedo-saberlo-yo\/#\">como<img decoding=\"async\" src=\"http:\/\/savingswave-a.akamaihd.net\/items\/it\/img\/arrow-10x10.png\" alt=\"\" \/><\/a>\u00a0lo podemos contemplar. Sin embargo, existen algunas dudas de que, realmente, fuera esa la causa del nacimiento del Universo y, algunos postulan otras causas como transiciones de fase en un universo anterior y otras, que siendo m\u00e1s peregrinas, no podemos descartar.<\/p>\n<\/div>\n<p style=\"text-align: justify;\">\n<p><img decoding=\"async\" loading=\"lazy\" class=\"\" src=\"https:\/\/encrypted-tbn0.gstatic.com\/images?q=tbn:ANd9GcSN_hGJ6UrP-78dIW-Zolv3ThCFdAb_gBWPFQ&amp;s\" alt=\"La distancia de la Tierra a la Luna \u2013 astronomia-iniciacion.com\" width=\"527\" height=\"469\" \/><\/p>\n<p>&nbsp;<\/p>\n<div>\n<p style=\"text-align: justify;\">Nosotros, estamos confinados en el planeta Tierra que es un mundo suficientemente preparado para acoger nuestras necesidades f\u00edsicas, pero, de ninguna manera podr\u00e1 nunca satisfacer nuestras otras necesidades de la Mente y del intelecto que produce imaginaci\u00f3n y pensamientos y que, sin que nada la pueda frenar, cual rayo de luz eyectado\u00a0<a id=\"_GPLITA_18\" title=\"Click to Continue &gt; by Savings Wave\" href=\"http:\/\/www.emiliosilveravazquez.com\/blog\/2013\/10\/18\/%c2%a1el-origen-del-universo-%c2%bfcomo-puedo-saberlo-yo\/#\">desde<img decoding=\"async\" src=\"http:\/\/savingswave-a.akamaihd.net\/items\/it\/img\/arrow-10x10.png\" alt=\"\" \/><\/a>\u00a0una estrella masiva refulgente, nuestros pensamientos vuelan tambi\u00e9n, hacia el espacio infinito y con ellos, damos rienda suelta a nuestra m\u00e1s firme creencia de que, nuestros or\u00edgenes est\u00e1n en las estrellas y hacia las estrellas queremos ir, all\u00ed, amigos m\u00edos, est\u00e1 nuestro destino.<\/p>\n<p style=\"text-align: justify;\">El Universo es grande, inmenso, casi infinito pero, \u00bfy nosotros? Bueno, al ser una parte de \u00e9l, al ser una creaci\u00f3n de la Naturaleza, estamos formando parte de\u00a0<a id=\"_GPLITA_20\" title=\"Click to Continue &gt; by Savings Wave\" href=\"http:\/\/www.emiliosilveravazquez.com\/blog\/2013\/10\/18\/%c2%a1el-origen-del-universo-%c2%bfcomo-puedo-saberlo-yo\/#\">esta<img decoding=\"async\" src=\"http:\/\/savingswave-a.akamaihd.net\/items\/it\/img\/arrow-10x10.png\" alt=\"\" \/><\/a>\u00a0inmensidad y, precisamente, nos ha tocado desempe\u00f1ar el papel de la parte que piensa, \u00bftendr\u00e1 eso alg\u00fan significado?<\/p>\n<p style=\"text-align: justify;\">Yo, no lo s\u00e9\u2026 Pero\u2026 \u00bf\u00a1Qui\u00e9n sabe realmente!?<\/p>\n<p style=\"text-align: justify;\"><strong>Emilio Silvera V\u00e1zquez<\/strong><\/p>\n<\/div>\n<div class='bookmark'>\r\n\t\t<table align='left' border='0' cellpadding='0' width='100%'>\r\n\t\t<tr><td><span class='pushbutton'><a href='http:\/\/delicious.com\/post?url=http%3A%2F%2Fwww.emiliosilveravazquez.com%2Fblog%2F2025%2F05%2F20%2F%25c2%25bfel-origen-del-universo-%25c2%25a1como-puedo-saberlo-yo-6%2F&amp;title=%C2%BFEl+origen+del+Universo%3F+%C2%A1C%C3%B3mo+puedo+saberlo+yo%21' title='Delicious' target='_blank' rel='nofollow'><img src='http:\/\/www.emiliosilveravazquez.com\/blog\/wp-content\/plugins\/knxdt-bookmarks-wordpress-plugin\/images\/delicious.png'  alt='' class='book_img' border='none' style='margin:1px; padding: 0;'  \/><\/a><\/span><span class='pushbutton'><a href='http:\/\/digg.com\/submit?url=http%3A%2F%2Fwww.emiliosilveravazquez.com%2Fblog%2F2025%2F05%2F20%2F%25c2%25bfel-origen-del-universo-%25c2%25a1como-puedo-saberlo-yo-6%2F&amp;title=%C2%BFEl+origen+del+Universo%3F+%C2%A1C%C3%B3mo+puedo+saberlo+yo%21' title='Digg' target='_blank' rel='nofollow'><img src='http:\/\/www.emiliosilveravazquez.com\/blog\/wp-content\/plugins\/knxdt-bookmarks-wordpress-plugin\/images\/digg.png'  alt='' class='book_img' border='none' style='margin:1px; padding: 0;'  \/><\/a><\/span><span class='pushbutton'><a href='http:\/\/www.google.com\/bookmarks\/mark?op=edit&amp;bkmk=http%3A%2F%2Fwww.emiliosilveravazquez.com%2Fblog%2F2025%2F05%2F20%2F%25c2%25bfel-origen-del-universo-%25c2%25a1como-puedo-saberlo-yo-6%2F&amp;title=%C2%BFEl+origen+del+Universo%3F+%C2%A1C%C3%B3mo+puedo+saberlo+yo%21' title='Google' target='_blank' rel='nofollow'><img src='http:\/\/www.emiliosilveravazquez.com\/blog\/wp-content\/plugins\/knxdt-bookmarks-wordpress-plugin\/images\/google.png'   alt='' class='book_img' border='none' style='margin:1px; padding: 0;'  \/><\/a><\/span><span class='pushbutton'><a href='http:\/\/myweb2.search.yahoo.com\/myresults\/bookmarklet?u=http%3A%2F%2Fwww.emiliosilveravazquez.com%2Fblog%2F2025%2F05%2F20%2F%25c2%25bfel-origen-del-universo-%25c2%25a1como-puedo-saberlo-yo-6%2F&amp;t=%C2%BFEl+origen+del+Universo%3F+%C2%A1C%C3%B3mo+puedo+saberlo+yo%21' title='Yahoo' target='_blank' rel='nofollow'><img src='http:\/\/www.emiliosilveravazquez.com\/blog\/wp-content\/plugins\/knxdt-bookmarks-wordpress-plugin\/images\/yahoo.png'  alt='' class='book_img' border='none' style='margin:1px; padding: 0;'  \/><\/a><\/span><span class='pushbutton'><a href='http:\/\/www.technorati.com\/faves?add=http%3A%2F%2Fwww.emiliosilveravazquez.com%2Fblog%2F2025%2F05%2F20%2F%25c2%25bfel-origen-del-universo-%25c2%25a1como-puedo-saberlo-yo-6%2F' title='Technorati' target='_blank' rel='nofollow'><img src='http:\/\/www.emiliosilveravazquez.com\/blog\/wp-content\/plugins\/knxdt-bookmarks-wordpress-plugin\/images\/technorati.png'  alt='' class='book_img' border='none' style='margin:1px; padding: 0;'  \/><\/a><\/span><span class='pushbutton'><a href='http:\/\/meneame.net\/submit.php?url=http%3A%2F%2Fwww.emiliosilveravazquez.com%2Fblog%2F2025%2F05%2F20%2F%25c2%25bfel-origen-del-universo-%25c2%25a1como-puedo-saberlo-yo-6%2F' title='Meneame' target='_blank' rel='nofollow'><img src='http:\/\/www.emiliosilveravazquez.com\/blog\/wp-content\/plugins\/knxdt-bookmarks-wordpress-plugin\/images\/meneame.png'  alt='' class='book_img' border='none' style='margin:1px; padding: 0;'  \/><\/a><\/span><span class='pushbutton'><a href='http:\/\/enchilame.com\/submit.php?url=http:\/\/www.emiliosilveravazquez.com\/blog\/2025\/05\/20\/%c2%bfel-origen-del-universo-%c2%a1como-puedo-saberlo-yo-6\/' target='_blank' rel='nofollow'><img title='Enchilame' src='http:\/\/www.emiliosilveravazquez.com\/blog\/wp-content\/plugins\/knxdt-bookmarks-wordpress-plugin\/images\/enchilame.png'  alt='' class='book_img' border='none' style='margin:1px; padding: 0;'  \/><\/a><\/span><span class='pushbutton'><a href='http:\/\/www.blinklist.com\/index.php?Action=Blink\/addblink.php&amp;Description=&amp;Url=http%3A%2F%2Fwww.emiliosilveravazquez.com%2Fblog%2F2025%2F05%2F20%2F%25c2%25bfel-origen-del-universo-%25c2%25a1como-puedo-saberlo-yo-6%2F&amp;title=%C2%BFEl+origen+del+Universo%3F+%C2%A1C%C3%B3mo+puedo+saberlo+yo%21' title='BlinkList' target='_blank' rel='nofollow'><img src='http:\/\/www.emiliosilveravazquez.com\/blog\/wp-content\/plugins\/knxdt-bookmarks-wordpress-plugin\/images\/blinklist.png'  alt='' class='book_img' border='none' style='margin:1px; padding: 0;'  \/><\/a><\/span><span class='pushbutton'><a href='http:\/\/reddit.com\/submit?url=http%3A%2F%2Fwww.emiliosilveravazquez.com%2Fblog%2F2025%2F05%2F20%2F%25c2%25bfel-origen-del-universo-%25c2%25a1como-puedo-saberlo-yo-6%2F&amp;title=%C2%BFEl+origen+del+Universo%3F+%C2%A1C%C3%B3mo+puedo+saberlo+yo%21' title='Reddit' target='_blank' rel='nofollow'><img src='http:\/\/www.emiliosilveravazquez.com\/blog\/wp-content\/plugins\/knxdt-bookmarks-wordpress-plugin\/images\/reddit.png'  alt='' class='book_img' border='none' style='margin:1px; padding: 0;'  \/><\/a><\/span><span class='pushbutton'><a href='http:\/\/www.tecnologiadiaria.com\/2009\/07\/abrir-com-hotmail-correo.html' target='_blank' title='hotmail'><img src='http:\/\/www.emiliosilveravazquez.com\/blog\/wp-content\/plugins\/knxdt-bookmarks-wordpress-plugin\/images\/linklove.png' alt='hotmail correo' class='book_img' border='none' style='margin:1px; padding: 0;' \/><\/a><\/span><span class='pushbutton'><a href='http:\/\/bitacoras.com\/votar\/anotacion\/externo\/mini\/www.emiliosilveravazquez.com\/blog\/2025\/05\/20\/%c2%bfel-origen-del-universo-%c2%a1como-puedo-saberlo-yo-6\/' title='Bitacoras.com' target='_blank' rel='nofollow'><img src='http:\/\/www.emiliosilveravazquez.com\/blog\/wp-content\/plugins\/knxdt-bookmarks-wordpress-plugin\/images\/bitacoras.png'  alt='' class='book_img' border='none' style='margin:1px; padding: 0;'  \/><\/a><\/span><span class='pushbutton'><a href='http:\/\/www.wikio.es\/vote?url=http%3A%2F%2Fwww.emiliosilveravazquez.com%2Fblog%2F2025%2F05%2F20%2F%25c2%25bfel-origen-del-universo-%25c2%25a1como-puedo-saberlo-yo-6%2F' title='Wikio' target='_blank' rel='nofollow'><img src='http:\/\/www.emiliosilveravazquez.com\/blog\/wp-content\/plugins\/knxdt-bookmarks-wordpress-plugin\/images\/wikio.png'   alt='' class='book_img' border='none' style='margin:1px; padding: 0;'   \/><\/a><\/span><span class='pushbutton'><a href='http:\/\/friendfeed.com\/?url=http%3A%2F%2Fwww.emiliosilveravazquez.com%2Fblog%2F2025%2F05%2F20%2F%25c2%25bfel-origen-del-universo-%25c2%25a1como-puedo-saberlo-yo-6%2F&amp;title=%C2%BFEl+origen+del+Universo%3F+%C2%A1C%C3%B3mo+puedo+saberlo+yo%21' title='Friend Feed' target='_blank' rel='nofollow'><img src='http:\/\/www.emiliosilveravazquez.com\/blog\/wp-content\/plugins\/knxdt-bookmarks-wordpress-plugin\/images\/friendfeed.png'  alt='' class='book_img' border='none' style='margin:1px; padding: 0;'  \/><\/a><\/span><span class='pushbutton'><a href='http:\/\/www.facebook.com\/share.php?u=http%3A%2F%2Fwww.emiliosilveravazquez.com%2Fblog%2F2025%2F05%2F20%2F%25c2%25bfel-origen-del-universo-%25c2%25a1como-puedo-saberlo-yo-6%2F&amp;t=%C2%BFEl+origen+del+Universo%3F+%C2%A1C%C3%B3mo+puedo+saberlo+yo%21' title='Facebook' target='_blank' rel='nofollow'><img src='http:\/\/www.emiliosilveravazquez.com\/blog\/wp-content\/plugins\/knxdt-bookmarks-wordpress-plugin\/images\/facebook.png'  alt='' class='book_img' border='none' style='margin:1px; padding: 0;'  \/><\/a><\/span><span class='pushbutton'><a href='http:\/\/twitter.com\/home?status=%C2%BFEl+origen+del+Universo%3F+%C2%A1C%C3%B3mo+puedo+saberlo+yo%21: http%3A%2F%2Fwww.emiliosilveravazquez.com%2Fblog%2F2025%2F05%2F20%2F%25c2%25bfel-origen-del-universo-%25c2%25a1como-puedo-saberlo-yo-6%2F' title='Twitter' target='_blank' rel='nofollow'><img src='http:\/\/www.emiliosilveravazquez.com\/blog\/wp-content\/plugins\/knxdt-bookmarks-wordpress-plugin\/images\/twitter.png'  alt='' class='book_img' border='none' style='margin:1px; padding: 0;'  \/><\/a><\/span><span class='pushbutton'><a href='http:\/\/www.feedburner.com\/fb\/a\/emailFlare?itemTitle=%C2%BFEl+origen+del+Universo%3F+%C2%A1C%C3%B3mo+puedo+saberlo+yo%21&amp;uri=http%3A%2F%2Fwww.emiliosilveravazquez.com%2Fblog%2F2025%2F05%2F20%2F%25c2%25bfel-origen-del-universo-%25c2%25a1como-puedo-saberlo-yo-6%2F' title='Enviar por Email' target='_blank' rel='nofollow'><img src='http:\/\/www.emiliosilveravazquez.com\/blog\/wp-content\/plugins\/knxdt-bookmarks-wordpress-plugin\/images\/email.png'  alt='' class='book_img' border='none' style='margin:1px; padding: 0;'  \/><\/a><\/span><span style='font-weight:bold; padding-left: 5px;'><a href='http:\/\/wordpress.org\/extend\/plugins\/knxdt-bookmarks-wordpress-plugin\/' title='Plugin' rel='nofollow' target='_blank'>[?]<\/a><\/span><\/td><\/tr><\/table><br\/><br\/><\/div>","protected":false},"excerpt":{"rendered":"<p>\u00a0 \u00c1tomos, Is\u00f3topos, Qu\u00edmica, Elementos &nbsp; &nbsp; El \u00e1tomo de Dem\u00f3crito, propuesto por el fil\u00f3sofo griego , era invisible e indivisible, part\u00edculas que se mueven en el vac\u00edo formando diferentes tipos de materia a trav\u00e9s de combinaciones de las mismas. &nbsp; Hacia 1.900 se sab\u00eda que el \u00e1tomo no era una part\u00edcula simple e indivisible, [&hellip;]<\/p>\n","protected":false},"author":2,"featured_media":0,"comment_status":"open","ping_status":"open","sticky":false,"template":"","format":"standard","meta":{"_s2mail":"yes","footnotes":""},"categories":[234],"tags":[],"_links":{"self":[{"href":"http:\/\/www.emiliosilveravazquez.com\/blog\/wp-json\/wp\/v2\/posts\/23247"}],"collection":[{"href":"http:\/\/www.emiliosilveravazquez.com\/blog\/wp-json\/wp\/v2\/posts"}],"about":[{"href":"http:\/\/www.emiliosilveravazquez.com\/blog\/wp-json\/wp\/v2\/types\/post"}],"author":[{"embeddable":true,"href":"http:\/\/www.emiliosilveravazquez.com\/blog\/wp-json\/wp\/v2\/users\/2"}],"replies":[{"embeddable":true,"href":"http:\/\/www.emiliosilveravazquez.com\/blog\/wp-json\/wp\/v2\/comments?post=23247"}],"version-history":[{"count":0,"href":"http:\/\/www.emiliosilveravazquez.com\/blog\/wp-json\/wp\/v2\/posts\/23247\/revisions"}],"wp:attachment":[{"href":"http:\/\/www.emiliosilveravazquez.com\/blog\/wp-json\/wp\/v2\/media?parent=23247"}],"wp:term":[{"taxonomy":"category","embeddable":true,"href":"http:\/\/www.emiliosilveravazquez.com\/blog\/wp-json\/wp\/v2\/categories?post=23247"},{"taxonomy":"post_tag","embeddable":true,"href":"http:\/\/www.emiliosilveravazquez.com\/blog\/wp-json\/wp\/v2\/tags?post=23247"}],"curies":[{"name":"wp","href":"https:\/\/api.w.org\/{rel}","templated":true}]}}