{"id":23203,"date":"2019-03-24T10:25:28","date_gmt":"2019-03-24T09:25:28","guid":{"rendered":"http:\/\/www.emiliosilveravazquez.com\/blog\/?p=23203"},"modified":"2019-03-24T10:25:28","modified_gmt":"2019-03-24T09:25:28","slug":"el-mundo-esta-cambiando-%c2%a1para-mejor","status":"publish","type":"post","link":"http:\/\/www.emiliosilveravazquez.com\/blog\/2019\/03\/24\/el-mundo-esta-cambiando-%c2%a1para-mejor\/","title":{"rendered":"El Mundo est\u00e1 cambiando&#8230; \u00a1Para mejor!"},"content":{"rendered":"<p>&nbsp;<\/p>\n<header id=\"cabecera\"><\/header>\n<div>\n<article itemscope=\"\" itemprop=\"mainEntity\" itemtype=\"https:\/\/schema.org\/ReportageNewsArticle\" itemref=\"organizacion\">\n<div id=\"articulo_interior\">\n<div style=\"text-align: justify;\">\n<header id=\"articulo-encabezado\">\n<div>\n<div>ENTREVISTA A KAREN UHLENBECK | MATEM\u00c1TICA<\/div>\n<div><strong>&#8220;No me gusta que me llamen mujer matem\u00e1tica. Soy una persona matem\u00e1tica que resulta ser mujer&#8221;.<\/strong><\/div>\n<div id=\"articulo-titulares\">\n<div>\n<h2>La primera ganadora del &#8216;Nobel&#8217; de matem\u00e1ticas reconoce su deuda con la lucha feminista<\/h2>\n<\/div>\n<\/div>\n<\/div>\n<aside id=\"compartir_superior\"><\/aside>\n<\/header>\n<\/div>\n<div id=\"articulo_contenedor\">\n<figure itemprop=\"image\" itemscope=\"\" itemtype=\"https:\/\/schema.org\/ImageObject\"><img decoding=\"async\" loading=\"lazy\" src=\"https:\/\/ep01.epimg.net\/elpais\/imagenes\/2019\/03\/22\/ciencia\/1553282571_242902_1553284832_noticia_normal.jpg\" alt=\"La matem\u00e1tica Karen Uhlenbeck en el Instituto de Estudios Avanzados de Princeton.\" width=\"980\" height=\"654\" \/><figcaption itemprop=\"caption\">\n<div>La matem\u00e1tica Karen Uhlenbeck en el Instituto de Estudios Avanzados de Princeton.\u00a0ANDREA KANE \/ IAS<\/div>\n<\/figcaption><\/figure>\n<div id=\"cuerpo_noticia\">\n<p style=\"text-align: justify;\">El domingo pasado, cuando sal\u00eda de la iglesia, la matem\u00e1tica estadounidense Karen Uhlenbeck vio que ten\u00eda un mensaje de texto en su m\u00f3vil: \u201c\u00bfPuedes aceptar una llamada telef\u00f3nica desde Noruega, por favor?\u201d. Uhlenbeck, nacida en Cleveland hace 76 a\u00f1os,\u00a0<a href=\"https:\/\/elpais.com\/elpais\/2019\/03\/19\/ciencia\/1552992900_461327.html\" target=\"_blank\">acababa de ganar el Premio Abel<\/a>, dotado con unos 600.000 euros y considerado el\u00a0<em>Nobel de las matem\u00e1ticas<\/em>. Tras 19 hombres, la Academia de Ciencias y Letras de Noruega resolv\u00eda por primera vez conceder el galard\u00f3n a una mujer. \u201cTodav\u00eda estoy abrumada y sorprendida\u201d, explica la profesora visitante del Instituto de Estudios Avanzados de Princeton.<\/p>\n<p style=\"text-align: justify;\">Uhlenbeck ha revolucionado la ciencia en la encrucijada entre la f\u00edsica y las matem\u00e1ticas. Sus ideas vanguardistas se han aplicado en campos como la teor\u00eda de cuerdas y la geometr\u00eda del espacio-tiempo. Y todo lo ha logrado en un mundo, el de las matem\u00e1ticas, \u201cmaravilloso y divertido\u201d, pero que estuvo pr\u00e1cticamente vetado a las mujeres hasta que lleg\u00f3 ella. Cuando comenz\u00f3 a buscar trabajo hace medio siglo, le espetaron que nadie contrataba a chicas matem\u00e1ticas, porque deb\u00edan estar en casa y tener beb\u00e9s. Uhlenbeck, tambi\u00e9n profesora em\u00e9rita de la Universidad de Texas en Austin, responde por tel\u00e9fono desde Princeton a las preguntas de EL PA\u00cdS.<\/p>\n<p style=\"text-align: justify;\">Pregunta.\u00a0Su colega Charles Fefferman suele decir que las matem\u00e1ticas son una partida de ajedrez contra el diablo: te aplasta una y otra vez hasta que aprendes sus trucos y le ganas. \u00bfQu\u00e9 son las matem\u00e1ticas para usted?<\/p>\n<p style=\"text-align: justify;\">Respuesta.\u00a0Las matem\u00e1ticas son un precioso esfuerzo humano con ideas maravillosas. Es un lenguaje asombroso. Yo he disfrutado de verdad ser matem\u00e1tica. Y estoy muy contenta de que las matem\u00e1ticas que he hecho hayan acabado siendo \u00fatiles.<\/p>\n<p style=\"text-align: justify;\">P.\u00a0Usted se enter\u00f3 de que hab\u00eda ganado el Premio Abel al salir de la iglesia el domingo por la ma\u00f1ana. \u00bfEs usted religiosa?<\/p>\n<p style=\"text-align: justify;\">R.\u00a0No soy lo que cualquier persona llamar\u00eda religiosa. Voy a una iglesia unitaria universalista, que es una iglesia que cree en la justicia social y en el desarrollo personal. Creo que es muy \u00fatil ir all\u00ed y hablar con personas preocupadas por el planeta y que pasan mucho tiempo intentando hacer el bien.<\/p>\n<section id=\"sumario_1|html\"><a name=\"sumario_1\"><\/a><\/section>\n<\/div>\n<\/div>\n<\/div>\n<\/article>\n<\/div>\n<div>\n<div>\n<p>&#8220;No me gusta que me llamen mujer matem\u00e1tica. Soy una persona matem\u00e1tica que resulta ser una mujer&#8221;<\/p>\n<\/div>\n<\/div>\n<p style=\"text-align: justify;\">P.\u00a0Las matem\u00e1ticas y la religi\u00f3n no parecen amigos obvios.<\/p>\n<p style=\"text-align: justify;\">R.\u00a0La religi\u00f3n es una parte muy importante de la humanidad. Yo no creo necesariamente en Dios, pero s\u00ed creo que la gente tiene un lugar para la religi\u00f3n dentro de su alma. No hay un conflicto directo entre pensar esto y reconocer la belleza de las matem\u00e1ticas.<\/p>\n<p style=\"text-align: justify;\">P.\u00a0Usted sabe que mucha gente la ve como una mujer matem\u00e1tica, no solo como una matem\u00e1tica a secas. \u00bfEst\u00e1 cansada de esto?<\/p>\n<p style=\"text-align: justify;\">R.\u00a0De hecho, no me gusta que me llamen &#8220;mujer matem\u00e1tica&#8221;. Soy una persona matem\u00e1tica que resulta ser una mujer. Nunca me he sentido a gusto siendo\u00a0<em>la<\/em>\u00a0mujer matem\u00e1tica. Creo que le pasa a todas las cient\u00edficas. No quieren ser vistas como la mujer o la negra o la estadounidense. Quieren ser valoradas por lo que hacen, por su propio trabajo.<\/p>\n<p style=\"text-align: justify;\">P.\u00a0\u00bfEs duro ser un modelo a seguir?<\/p>\n<p style=\"text-align: justify;\">R.\u00a0S\u00ed, es duro ser un modelo a seguir. Siempre digo que lo importante de los modelos es mostrar que las personas pueden triunfar incluso con todos sus fallos y errores. Hay que mostrar que no somos perfectos. Hay que inspirar a las mujeres j\u00f3venes y que se den cuenta de que pueden conseguir lo que se propongan, aunque no sean perfectas.<\/p>\n<p style=\"text-align: justify;\">P.\u00a0Usted estuvo en la Universidad de Berkeley entre 1969 y 1971, en plena Guerra de Vietnam. Era la \u00e9poca de la segunda ola del feminismo en EE UU. Ahora estamos en la cuarta ola. \u00bfC\u00f3mo ve esta evoluci\u00f3n?<\/p>\n<section id=\"sumario_2|html\"><a name=\"sumario_2\"><\/a><\/p>\n<div>\n<div>\n<p>&#8220;Las grandes diferencias entre hombres y mujeres se deben a factores socioecon\u00f3micos&#8221;<\/p>\n<\/div>\n<\/div>\n<\/section>\n<p style=\"text-align: justify;\">R.\u00a0Creo que est\u00e1 siendo maravillosa para las mujeres. Tras la Segunda Guerra Mundial, las d\u00e9cadas de 1950 y 1960 fueron una \u00e9poca en la que se intentaba disuadir a las mujeres de hacer cualquier cosa. La primera ola del feminismo consigui\u00f3 que las mujeres obtuvieran el derecho a votar, a comienzos del siglo XX. Y yo creo que el libro\u00a0<em>La m\u00edstica de la feminidad<\/em>, de\u00a0<a href=\"https:\/\/elpais.com\/diario\/2006\/02\/06\/agenda\/1139180405_850215.html\" target=\"_blank\">Betty Friedan<\/a>, fue el que realmente empez\u00f3 el movimiento [en 1963] para que se permitiera a las mujeres hacer cosas fuera de su casa. En aquella \u00e9poca yo no quer\u00eda pensar en el hecho de que se daba por supuesto que las mujeres no deb\u00edan hacer matem\u00e1ticas. Yo no quer\u00eda pensar en el problema pol\u00edtico, solo quer\u00eda hacer matem\u00e1ticas. Pero, en retrospectiva, le debo mucho a este movimiento.<\/p>\n<p style=\"text-align: justify;\">P.\u00a0\u00bfQu\u00e9 le dir\u00eda a las personas que piensan que los cerebros de hombres y mujeres son muy diferentes y por eso hay m\u00e1s hombres en el mundo de las matem\u00e1ticas?<\/p>\n<p style=\"text-align: justify;\">R.\u00a0No creo que nadie pueda diferenciar las matem\u00e1ticas hechas por hombres de las matem\u00e1ticas hechas por mujeres. Y, sea cual sea la verdad, los hombres siempre han tenido ventajas. Las grandes diferencias entre hombres y mujeres se deben a factores socioecon\u00f3micos.<\/p>\n<p style=\"text-align: justify;\">P.\u00a0Usted fue a clases de surf a los 40 a\u00f1os. Una mujer de 40 a\u00f1os sobre una tabla de surf no es la t\u00edpica imagen de un matem\u00e1tico.<\/p>\n<p style=\"text-align: justify;\">R.\u00a0He hecho muchas cosas en mi vida [se r\u00ede]. Estoy muy orgullosa de haber terminado una\u00a0<em>Century Ride<\/em>, que son rutas de 100 millas [unos 160 kil\u00f3metros] en bicicleta en un solo d\u00eda.<\/p>\n<p style=\"text-align: justify;\">P.\u00a0Muchas mujeres con talento deciden abandonar las matem\u00e1ticas. \u00bfPor qu\u00e9?<\/p>\n<p style=\"text-align: justify;\">R.\u00a0Hay muchas razones: presiones personales, presiones econ\u00f3micas, no estar a gusto con el tipo de trabajo que hacen&#8230; En realidad, tambi\u00e9n bastantes hombres abandonan las matem\u00e1ticas. Muchas mujeres que no tienen una c\u00e1tedra o un puesto apetecible trabajan dando clases de matem\u00e1ticas, en estad\u00edstica u otras cosas. Las mujeres abandonan las matem\u00e1ticas menos de lo que se dice. Lo que ocurre a menudo es que no tienen un trabajo apetecible y entonces dejan las matem\u00e1ticas, que no es exactamente lo mismo.<\/p>\n<section id=\"sumario_3|html\"><a name=\"sumario_3\"><\/a><\/p>\n<div>\n<div>\n<p>&#8220;El tipo de matem\u00e1ticas que yo hago es muy salvaje&#8221;<\/p>\n<\/div>\n<\/div>\n<\/section>\n<p style=\"text-align: justify;\">P.\u00a0Todo el mundo piensa en las matem\u00e1ticas como algo ordenado y minucioso. Usted, sin embargo, dice que no le gusta la organizaci\u00f3n.<\/p>\n<p style=\"text-align: justify;\">R.\u00a0Es cierto. El tipo de matem\u00e1ticas que yo hago es muy salvaje. Es muy diferente a otros campos. El famoso matem\u00e1tico sueco Lennart Carleson dijo una vez que el an\u00e1lisis lineal es como un jard\u00edn y el an\u00e1lisis no lineal es como la jungla. Y yo hago an\u00e1lisis no lineal. No puedes sentarte, empezar un problema y llegar al final. Tienes que intentar 25 maneras diferentes de abordar el problema y quiz\u00e1 llegues a alg\u00fan sitio. Pero es una b\u00fasqueda apasionante.<\/p>\n<p style=\"text-align: justify;\">P.\u00a0Ha dicho que gracias a sus estudiantes se ha dado cuenta de que las teor\u00edas de ense\u00f1anza no tienen sentido.<\/p>\n<p style=\"text-align: justify;\">R.\u00a0Las personas piensan de manera muy diferente. Todos mis estudiantes han pensado de manera diferente unos de otros. Y mi experiencia dando clase a estudiantes universitarios es que hay una tremenda variabilidad en c\u00f3mo piensan. Hay muchas teor\u00edas de ense\u00f1anza, pero normalmente solo tienen en cuenta una manera de pensar, cuando hay muchas.<\/p>\n<p style=\"text-align: justify;\">P.\u00a0Sus padres valoraban la actividad intelectual, pero cre\u00edan que ganar dinero era m\u00e1s importante, seg\u00fan cont\u00f3 usted en el libro\u00a0<a href=\"https:\/\/web.ma.utexas.edu\/users\/uhlen\/vita\/pers.html\" target=\"_blank\"><em>Traves\u00edas de mujeres en ciencia e ingenier\u00eda: no hay constantes universales<\/em><\/a>\u00a0(Temple University Press, 1997). El Premio Abel est\u00e1 dotado con m\u00e1s de 600.000 euros. Sus padres estar\u00edan orgullosos en ambas facetas.<\/p>\n<p style=\"text-align: justify;\">R.\u00a0Mis padres salieron de la universidad en 1932, en lo peor de la Gran Depresi\u00f3n. Estaban muy preocupados por que sus hijos ganasen dinero. Lo entiendo. Y s\u00ed, supongo que estar\u00edan orgullosos.<\/p>\n<section id=\"sumario_4|despiece\"><a name=\"sumario_4\"><\/a><\/p>\n<div>\n<header>\n<h4><a href=\"#\" onclick=\"referencia('unidades del si',event); return false;\">SI<\/a>N FELICITACI\u00d3N DE DONALD TRUMP<\/h4>\n<\/header>\n<div>\n<blockquote>\n<p style=\"text-align: justify;\">Karen Uhlenbeck cuenta que ha recibido una tonelada de felicitaciones. \u00bfLe ha llamado el presidente Donald Trump para darle la enhorabuena por ser la primera mujer que gana el llamado Nobel de matem\u00e1ticas? \u201cNo, aunque tengo much\u00edsimos e-mails sin abrir. Mi n\u00famero de tel\u00e9fono es m\u00e1s secreto\u201d, se\u00f1ala.<\/p>\n<p style=\"text-align: justify;\">La hoy cient\u00edfica se crio en una comunidad rural en el norte del Estado de Nueva Jersey. Su madre, artista, y su padre, ingeniero, eran del Partido Dem\u00f3crata y acud\u00edan a una iglesia unitaria, un movimiento religioso liberal que, por ejemplo, acoge a las personas LGTB con los brazos abiertos. Los vecinos de la familia, en general, eran del Partido Republicano y cat\u00f3licos o protestantes. En aquel ambiente singular, cree Uhlenbeck, aprendi\u00f3 a pensar de manera diferente.<\/p>\n<p style=\"text-align: justify;\">\u201cTrump no parece llevarse muy bien con la ciencia. Me preocupa mucho que no escuche lo que dicen los cient\u00edficos sobre lo que est\u00e1 ocurriendo en el mundo. Pero reconozco que se ha seguido apoyando a la ciencia incluso durante esta administraci\u00f3n\u201d, apunta la matem\u00e1tica.<\/p>\n<\/blockquote>\n<\/div>\n<\/div>\n<\/section>\n<div class='bookmark'>\r\n\t\t<table align='left' border='0' cellpadding='0' width='100%'>\r\n\t\t<tr><td><span class='pushbutton'><a href='http:\/\/delicious.com\/post?url=http%3A%2F%2Fwww.emiliosilveravazquez.com%2Fblog%2F2019%2F03%2F24%2Fel-mundo-esta-cambiando-%25c2%25a1para-mejor%2F&amp;title=El+Mundo+est%C3%A1+cambiando%26%238230%3B+%C2%A1Para+mejor%21' title='Delicious' target='_blank' rel='nofollow'><img src='http:\/\/www.emiliosilveravazquez.com\/blog\/wp-content\/plugins\/knxdt-bookmarks-wordpress-plugin\/images\/delicious.png'  alt='' class='book_img' border='none' style='margin:1px; padding: 0;'  \/><\/a><\/span><span class='pushbutton'><a href='http:\/\/digg.com\/submit?url=http%3A%2F%2Fwww.emiliosilveravazquez.com%2Fblog%2F2019%2F03%2F24%2Fel-mundo-esta-cambiando-%25c2%25a1para-mejor%2F&amp;title=El+Mundo+est%C3%A1+cambiando%26%238230%3B+%C2%A1Para+mejor%21' title='Digg' target='_blank' rel='nofollow'><img src='http:\/\/www.emiliosilveravazquez.com\/blog\/wp-content\/plugins\/knxdt-bookmarks-wordpress-plugin\/images\/digg.png'  alt='' class='book_img' border='none' style='margin:1px; padding: 0;'  \/><\/a><\/span><span class='pushbutton'><a href='http:\/\/www.google.com\/bookmarks\/mark?op=edit&amp;bkmk=http%3A%2F%2Fwww.emiliosilveravazquez.com%2Fblog%2F2019%2F03%2F24%2Fel-mundo-esta-cambiando-%25c2%25a1para-mejor%2F&amp;title=El+Mundo+est%C3%A1+cambiando%26%238230%3B+%C2%A1Para+mejor%21' title='Google' target='_blank' rel='nofollow'><img src='http:\/\/www.emiliosilveravazquez.com\/blog\/wp-content\/plugins\/knxdt-bookmarks-wordpress-plugin\/images\/google.png'   alt='' class='book_img' border='none' style='margin:1px; padding: 0;'  \/><\/a><\/span><span class='pushbutton'><a href='http:\/\/myweb2.search.yahoo.com\/myresults\/bookmarklet?u=http%3A%2F%2Fwww.emiliosilveravazquez.com%2Fblog%2F2019%2F03%2F24%2Fel-mundo-esta-cambiando-%25c2%25a1para-mejor%2F&amp;t=El+Mundo+est%C3%A1+cambiando%26%238230%3B+%C2%A1Para+mejor%21' title='Yahoo' target='_blank' rel='nofollow'><img src='http:\/\/www.emiliosilveravazquez.com\/blog\/wp-content\/plugins\/knxdt-bookmarks-wordpress-plugin\/images\/yahoo.png'  alt='' class='book_img' border='none' style='margin:1px; padding: 0;'  \/><\/a><\/span><span class='pushbutton'><a href='http:\/\/www.technorati.com\/faves?add=http%3A%2F%2Fwww.emiliosilveravazquez.com%2Fblog%2F2019%2F03%2F24%2Fel-mundo-esta-cambiando-%25c2%25a1para-mejor%2F' title='Technorati' target='_blank' rel='nofollow'><img src='http:\/\/www.emiliosilveravazquez.com\/blog\/wp-content\/plugins\/knxdt-bookmarks-wordpress-plugin\/images\/technorati.png'  alt='' class='book_img' border='none' style='margin:1px; padding: 0;'  \/><\/a><\/span><span class='pushbutton'><a href='http:\/\/meneame.net\/submit.php?url=http%3A%2F%2Fwww.emiliosilveravazquez.com%2Fblog%2F2019%2F03%2F24%2Fel-mundo-esta-cambiando-%25c2%25a1para-mejor%2F' title='Meneame' target='_blank' rel='nofollow'><img src='http:\/\/www.emiliosilveravazquez.com\/blog\/wp-content\/plugins\/knxdt-bookmarks-wordpress-plugin\/images\/meneame.png'  alt='' class='book_img' border='none' style='margin:1px; padding: 0;'  \/><\/a><\/span><span class='pushbutton'><a href='http:\/\/enchilame.com\/submit.php?url=http:\/\/www.emiliosilveravazquez.com\/blog\/2019\/03\/24\/el-mundo-esta-cambiando-%c2%a1para-mejor\/' target='_blank' rel='nofollow'><img title='Enchilame' src='http:\/\/www.emiliosilveravazquez.com\/blog\/wp-content\/plugins\/knxdt-bookmarks-wordpress-plugin\/images\/enchilame.png'  alt='' class='book_img' border='none' style='margin:1px; padding: 0;'  \/><\/a><\/span><span class='pushbutton'><a href='http:\/\/www.blinklist.com\/index.php?Action=Blink\/addblink.php&amp;Description=&amp;Url=http%3A%2F%2Fwww.emiliosilveravazquez.com%2Fblog%2F2019%2F03%2F24%2Fel-mundo-esta-cambiando-%25c2%25a1para-mejor%2F&amp;title=El+Mundo+est%C3%A1+cambiando%26%238230%3B+%C2%A1Para+mejor%21' title='BlinkList' target='_blank' rel='nofollow'><img src='http:\/\/www.emiliosilveravazquez.com\/blog\/wp-content\/plugins\/knxdt-bookmarks-wordpress-plugin\/images\/blinklist.png'  alt='' class='book_img' border='none' style='margin:1px; padding: 0;'  \/><\/a><\/span><span class='pushbutton'><a href='http:\/\/reddit.com\/submit?url=http%3A%2F%2Fwww.emiliosilveravazquez.com%2Fblog%2F2019%2F03%2F24%2Fel-mundo-esta-cambiando-%25c2%25a1para-mejor%2F&amp;title=El+Mundo+est%C3%A1+cambiando%26%238230%3B+%C2%A1Para+mejor%21' title='Reddit' target='_blank' rel='nofollow'><img src='http:\/\/www.emiliosilveravazquez.com\/blog\/wp-content\/plugins\/knxdt-bookmarks-wordpress-plugin\/images\/reddit.png'  alt='' class='book_img' border='none' style='margin:1px; padding: 0;'  \/><\/a><\/span><span class='pushbutton'><a href='http:\/\/www.tecnologiadiaria.com\/2009\/07\/abrir-com-hotmail-correo.html' target='_blank' title='hotmail'><img src='http:\/\/www.emiliosilveravazquez.com\/blog\/wp-content\/plugins\/knxdt-bookmarks-wordpress-plugin\/images\/linklove.png' alt='hotmail correo' class='book_img' border='none' style='margin:1px; padding: 0;' \/><\/a><\/span><span class='pushbutton'><a href='http:\/\/bitacoras.com\/votar\/anotacion\/externo\/mini\/www.emiliosilveravazquez.com\/blog\/2019\/03\/24\/el-mundo-esta-cambiando-%c2%a1para-mejor\/' title='Bitacoras.com' target='_blank' rel='nofollow'><img src='http:\/\/www.emiliosilveravazquez.com\/blog\/wp-content\/plugins\/knxdt-bookmarks-wordpress-plugin\/images\/bitacoras.png'  alt='' class='book_img' border='none' style='margin:1px; padding: 0;'  \/><\/a><\/span><span class='pushbutton'><a href='http:\/\/www.wikio.es\/vote?url=http%3A%2F%2Fwww.emiliosilveravazquez.com%2Fblog%2F2019%2F03%2F24%2Fel-mundo-esta-cambiando-%25c2%25a1para-mejor%2F' title='Wikio' target='_blank' rel='nofollow'><img src='http:\/\/www.emiliosilveravazquez.com\/blog\/wp-content\/plugins\/knxdt-bookmarks-wordpress-plugin\/images\/wikio.png'   alt='' class='book_img' border='none' style='margin:1px; padding: 0;'   \/><\/a><\/span><span class='pushbutton'><a href='http:\/\/friendfeed.com\/?url=http%3A%2F%2Fwww.emiliosilveravazquez.com%2Fblog%2F2019%2F03%2F24%2Fel-mundo-esta-cambiando-%25c2%25a1para-mejor%2F&amp;title=El+Mundo+est%C3%A1+cambiando%26%238230%3B+%C2%A1Para+mejor%21' title='Friend Feed' target='_blank' rel='nofollow'><img src='http:\/\/www.emiliosilveravazquez.com\/blog\/wp-content\/plugins\/knxdt-bookmarks-wordpress-plugin\/images\/friendfeed.png'  alt='' class='book_img' border='none' style='margin:1px; padding: 0;'  \/><\/a><\/span><span class='pushbutton'><a href='http:\/\/www.facebook.com\/share.php?u=http%3A%2F%2Fwww.emiliosilveravazquez.com%2Fblog%2F2019%2F03%2F24%2Fel-mundo-esta-cambiando-%25c2%25a1para-mejor%2F&amp;t=El+Mundo+est%C3%A1+cambiando%26%238230%3B+%C2%A1Para+mejor%21' title='Facebook' target='_blank' rel='nofollow'><img src='http:\/\/www.emiliosilveravazquez.com\/blog\/wp-content\/plugins\/knxdt-bookmarks-wordpress-plugin\/images\/facebook.png'  alt='' class='book_img' border='none' style='margin:1px; padding: 0;'  \/><\/a><\/span><span class='pushbutton'><a href='http:\/\/twitter.com\/home?status=El+Mundo+est%C3%A1+cambiando%26%238230%3B+%C2%A1Para+mejor%21: http%3A%2F%2Fwww.emiliosilveravazquez.com%2Fblog%2F2019%2F03%2F24%2Fel-mundo-esta-cambiando-%25c2%25a1para-mejor%2F' title='Twitter' target='_blank' rel='nofollow'><img src='http:\/\/www.emiliosilveravazquez.com\/blog\/wp-content\/plugins\/knxdt-bookmarks-wordpress-plugin\/images\/twitter.png'  alt='' class='book_img' border='none' style='margin:1px; padding: 0;'  \/><\/a><\/span><span class='pushbutton'><a href='http:\/\/www.feedburner.com\/fb\/a\/emailFlare?itemTitle=El+Mundo+est%C3%A1+cambiando%26%238230%3B+%C2%A1Para+mejor%21&amp;uri=http%3A%2F%2Fwww.emiliosilveravazquez.com%2Fblog%2F2019%2F03%2F24%2Fel-mundo-esta-cambiando-%25c2%25a1para-mejor%2F' title='Enviar por Email' target='_blank' rel='nofollow'><img src='http:\/\/www.emiliosilveravazquez.com\/blog\/wp-content\/plugins\/knxdt-bookmarks-wordpress-plugin\/images\/email.png'  alt='' class='book_img' border='none' style='margin:1px; padding: 0;'  \/><\/a><\/span><span style='font-weight:bold; padding-left: 5px;'><a href='http:\/\/wordpress.org\/extend\/plugins\/knxdt-bookmarks-wordpress-plugin\/' title='Plugin' rel='nofollow' target='_blank'>[?]<\/a><\/span><\/td><\/tr><\/table><br\/><br\/><\/div>","protected":false},"excerpt":{"rendered":"<p>&nbsp; ENTREVISTA A KAREN UHLENBECK | MATEM\u00c1TICA &#8220;No me gusta que me llamen mujer matem\u00e1tica. Soy una persona matem\u00e1tica que resulta ser mujer&#8221;. La primera ganadora del &#8216;Nobel&#8217; de matem\u00e1ticas reconoce su deuda con la lucha feminista La matem\u00e1tica Karen Uhlenbeck en el Instituto de Estudios Avanzados de Princeton.\u00a0ANDREA KANE \/ IAS El domingo pasado, [&hellip;]<\/p>\n","protected":false},"author":2,"featured_media":0,"comment_status":"open","ping_status":"open","sticky":false,"template":"","format":"standard","meta":{"_s2mail":"yes","footnotes":""},"categories":[478],"tags":[],"_links":{"self":[{"href":"http:\/\/www.emiliosilveravazquez.com\/blog\/wp-json\/wp\/v2\/posts\/23203"}],"collection":[{"href":"http:\/\/www.emiliosilveravazquez.com\/blog\/wp-json\/wp\/v2\/posts"}],"about":[{"href":"http:\/\/www.emiliosilveravazquez.com\/blog\/wp-json\/wp\/v2\/types\/post"}],"author":[{"embeddable":true,"href":"http:\/\/www.emiliosilveravazquez.com\/blog\/wp-json\/wp\/v2\/users\/2"}],"replies":[{"embeddable":true,"href":"http:\/\/www.emiliosilveravazquez.com\/blog\/wp-json\/wp\/v2\/comments?post=23203"}],"version-history":[{"count":0,"href":"http:\/\/www.emiliosilveravazquez.com\/blog\/wp-json\/wp\/v2\/posts\/23203\/revisions"}],"wp:attachment":[{"href":"http:\/\/www.emiliosilveravazquez.com\/blog\/wp-json\/wp\/v2\/media?parent=23203"}],"wp:term":[{"taxonomy":"category","embeddable":true,"href":"http:\/\/www.emiliosilveravazquez.com\/blog\/wp-json\/wp\/v2\/categories?post=23203"},{"taxonomy":"post_tag","embeddable":true,"href":"http:\/\/www.emiliosilveravazquez.com\/blog\/wp-json\/wp\/v2\/tags?post=23203"}],"curies":[{"name":"wp","href":"https:\/\/api.w.org\/{rel}","templated":true}]}}