{"id":23062,"date":"2019-03-06T05:41:04","date_gmt":"2019-03-06T04:41:04","guid":{"rendered":"http:\/\/www.emiliosilveravazquez.com\/blog\/?p=23062"},"modified":"2019-03-06T05:41:04","modified_gmt":"2019-03-06T04:41:04","slug":"el-universo-se-expande-y-crece-la-energia-oscura","status":"publish","type":"post","link":"http:\/\/www.emiliosilveravazquez.com\/blog\/2019\/03\/06\/el-universo-se-expande-y-crece-la-energia-oscura\/","title":{"rendered":"El Universo se expande y crece la energ\u00eda oscura"},"content":{"rendered":"<p>&nbsp;<\/p>\n<p style=\"text-align: justify;\"><img decoding=\"async\" src=\"https:\/\/www.abc.es\/media\/ciencia\/2019\/01\/31\/Cuasar-kOiE--620x349@abc.jpg\" alt=\"La ilustraci\u00f3n muestra un cu\u00e1sar, uno de los objetos m\u00e1s brillantes del Universo, emitiendo chorros de energ\u00eda\" \/><\/p>\n<p style=\"text-align: justify;\">\n<p style=\"text-align: justify;\">La ilustraci\u00f3n muestra un cu\u00e1sar, uno de los objetos m\u00e1s brillantes del Universo, emitiendo chorros de energ\u00eda &#8211; ABC Ciencia emite el presente reportaje.<\/p>\n<p style=\"text-align: justify;\">\n<p style=\"text-align: justify;\"><strong>\u00a1Sorpresa! El poder de la energ\u00eda oscura aumenta a medida que el Universo envejece.<\/strong><\/p>\n<p style=\"text-align: justify;\">\n<h1><img decoding=\"async\" loading=\"lazy\" src=\"http:\/\/www.uco.es\/hbarra\/Blog\/energia_oscura.jpg\" alt=\"Resultado de imagen de Energ\u00eda oscura\" width=\"455\" height=\"353\" data-iml=\"1551698794756\" \/><\/h1>\n<p>&nbsp;<\/p>\n<h2 style=\"text-align: justify;\">Un equipo de investigadores logra medir con una precisi\u00f3n sin precedentes la tasa de expansi\u00f3n del Universo primitivo<\/h2>\n<p style=\"text-align: justify;\">\n<aside><\/aside>\n<aside>\n<h4>Noticias relacionadas<\/h4>\n<p>&nbsp;<\/p>\n<ul>\n<li><a title=\"\u00bfPuede la Teor\u00eda de Cuerdas explicar la expansi\u00f3n acelerada del Universo?\" href=\"https:\/\/www.abc.es\/ciencia\/abci-puede-teoria-cuerdas-explicar-expansion-acelerada-universo-201810092014_noticia.html#vca=mod-sugeridos-p1&amp;vmc=relacionados&amp;vso=puede-la-teoria-de-cuerdas-explicar-la-expansion-acelerada-del-universo&amp;vli=noticia.foto.ciencia\" data-voc-vtm-id=\"contenidorelacionado\">\u00bfPuede la Teor\u00eda de Cuerdas explicar la expansi\u00f3n acelerada del Universo?<\/a><\/li>\n<li><a title=\"Estamos vivos gracias a la energ\u00eda oscura\" href=\"https:\/\/www.abc.es\/ciencia\/abci-estamos-vivos-gracias-energia-oscura-201805080855_noticia.html#vca=mod-sugeridos-p2&amp;vmc=relacionados&amp;vso=estamos-vivos-gracias-a-la-energia-oscura&amp;vli=noticia.foto.ciencia\" data-voc-vtm-id=\"contenidorelacionado\">Estamos vivos gracias a la energ\u00eda oscura<\/a><\/li>\n<li><a title=\"Materia oscura y energ\u00eda oscura, \u00bfexisten de verdad?\" href=\"https:\/\/www.abc.es\/ciencia\/abci-materia-oscura-y-energia-oscura-existen-verdad-201711221603_noticia.html#vca=mod-sugeridos-p3&amp;vmc=relacionados&amp;vso=materia-oscura-y-energia-oscura-existen-de-verdad&amp;vli=noticia.foto.ciencia\" data-voc-vtm-id=\"contenidorelacionado\">Materia oscura y energ\u00eda oscura, \u00bfexisten de verdad?<\/a><\/li>\n<\/ul>\n<div><img decoding=\"async\" src=\"http:\/\/1.bp.blogspot.com\/-qOb_gUhs8LA\/VkzQXd1bsSI\/AAAAAAAAGtw\/p85R9F6xvDo\/s1600\/tumblr_m1ana0tBqK1qi89r1o2_250.gif\" alt=\"\" \/><img decoding=\"async\" loading=\"lazy\" src=\"https:\/\/media.giphy.com\/media\/ZzyOiywrAjnXi\/giphy.gif\" alt=\"Imagen relacionada\" width=\"400\" height=\"191\" data-iml=\"1551698948659\" \/><img decoding=\"async\" loading=\"lazy\" src=\"https:\/\/steamuserimages-a.akamaihd.net\/ugc\/947332417659072578\/101786213617F0A1C5EB5D7CF6F435690DF4DCEA\/\" alt=\"Imagen relacionada\" width=\"471\" height=\"353\" data-iml=\"1551698972591\" \/><\/div>\n<\/aside>\n<p>&nbsp;<\/p>\n<p>&nbsp;<\/p>\n<p>&nbsp;<\/p>\n<p style=\"text-align: justify;\">Puede que una de las mayores sorpresas que se hayan llevado nunca astr\u00f3nomos y cosm\u00f3logos fue la comprobaci\u00f3n, en 1998, de que <strong>el Universo en que vivimos no solo se expande<\/strong>, esto es, se hace cada vez m\u00e1s grande, <strong>sino que lo hace cada vez m\u00e1s deprisa<\/strong>. La idea de esta \u00ab <a href=\"https:\/\/es.wikipedia.org\/wiki\/Expansi%C3%B3n_acelerada_del_Universo\" target=\"_blank\">expansi\u00f3n acelerada<\/a>\u00bb, comprobada ya en m\u00faltiples ocasiones, llev\u00f3 a los cient\u00edficos a preguntarse qu\u00e9 tipo de fuerza o energ\u00eda podr\u00eda ser tan inconcebiblemente grande como para someter al Universo entero a esta aceleraci\u00f3n. Fue as\u00ed como naci\u00f3 el concepto de \u00ab <a href=\"https:\/\/es.wikipedia.org\/wiki\/Energ%C3%ADa_oscura\" target=\"_blank\">energ\u00eda oscura<\/a>\u00bb, algo que sabemos que constituye casi el 70% de la masa total del Universo, pero de cuya naturaleza seguimos, 20 a\u00f1os despu\u00e9s, sin tener la menor idea.<\/p>\n<p style=\"text-align: justify;\">\n<p style=\"text-align: justify;\">\n<p style=\"text-align: justify;\"><img decoding=\"async\" loading=\"lazy\" src=\"https:\/\/media.giphy.com\/media\/3ohzdHC8FRAxidan4I\/giphy.gif\" alt=\"Resultado de imagen de La expansi\u00f3n del Universo en im\u00e1genes Gifs\" width=\"480\" height=\"273\" data-iml=\"1551699040140\" \/><\/p>\n<p style=\"text-align: justify;\">\n<p style=\"text-align: justify;\">\n<p style=\"text-align: justify;\">Pero, \u00bfc\u00f3mo de r\u00e1pido exactamente se expande el Universo? Se trata de una pregunta que los cient\u00edficos a\u00fan no han logrado responder con precisi\u00f3n. S\u00ed que tenemos una <strong>magnitud para referirnos a la tasa de expansi\u00f3n universal<\/strong>, la constante de <a href=\"#\" onclick=\"referencia('hubble',event); return false;\">Hubble<\/a>, pero las diferentes mediciones hechas a lo largo de los a\u00f1os arrojan valores diferentes, de forma que la cuesti\u00f3n sigue estando, despu\u00e9s de d\u00e9cadas enteras de investigaci\u00f3n, abierta. Y el debate contin\u00faa.<\/p>\n<p style=\"text-align: justify;\">Ahora, y por primera vez, un equipo de astr\u00f3nomos de las universidades de Florencia y Durham, en Reino Unido, anuncia en un art\u00edculo reci\u00e9n publicado en <a href=\"https:\/\/www.nature.com\/articles\/s41550-018-0657-z\" target=\"_blank\"> Nature Astronomy<\/a> que ha conseguido usar lejanos cu\u00e1sares del Universo primitivo (poco despu\u00e9s del <a href=\"#\" onclick=\"referencia('big bang',event); return false;\">Big Bang<\/a>), para <strong>medir con una precisi\u00f3n sin precedentes la tasa de expansi\u00f3n del Universo<\/strong> en aquellos tiempos lejanos. Un esfuerzo descomunal que, sin embargo, ha puesto ante nuestros ojos un misterio a\u00fan mayor del que ha conseguido resolver.<\/p>\n<p style=\"text-align: justify;\">\n<h3 style=\"text-align: justify;\">Medir la constante de <a href=\"#\" onclick=\"referencia('hubble',event); return false;\">Hubble<\/a><\/h3>\n<p>&nbsp;<\/p>\n<p><img decoding=\"async\" loading=\"lazy\" src=\"http:\/\/www.juntadeandalucia.es\/averroes\/centros-tic\/14002996\/helvia\/aula\/archivos\/repositorio\/250\/289\/html\/antares\/obser0\/12ley_hubble\/f2.gif\" alt=\"\" width=\"387\" height=\"254\" border=\"0\" \/><img decoding=\"async\" loading=\"lazy\" src=\"http:\/\/www.soloentendidos.com\/wp-content\/uploads\/2016\/06\/distancia-velocidad-galacia.png\" alt=\"Imagen relacionada\" width=\"484\" height=\"330\" data-iml=\"1551699149660\" \/><\/p>\n<p>&nbsp;<\/p>\n<blockquote>\n<p style=\"text-align: justify;\"><strong><span style=\"font-family: Arial, Helvetica, sans-serif; font-size: x-small;\">&#8220;La constante de <a href=\"#\" onclick=\"referencia('hubble',event); return false;\">Hubble<\/a>, representada com\u00fanmente como H, especifica la velocidad a la que se est\u00e1 expandiendo el Universo. A trav\u00e9s de ella, y una asumido un cierto modelo cosmol\u00f3gico, tambi\u00e9n podemos estimar el tama\u00f1o y la edad del Universo. Por este motivo, muchos investigadores defienden que la determinaci\u00f3n experimental de la constante de <a href=\"#\" onclick=\"referencia('hubble',event); return false;\">Hubble<\/a> es el proyecto m\u00e1s importante de la cosmolog\u00eda observacional&#8221;.<\/span><\/strong><\/p>\n<p style=\"text-align: justify;\">\n<p style=\"text-align: justify;\">\n<\/blockquote>\n<p style=\"text-align: justify;\">La forma en que hasta ahora se ha medido la constante de <a href=\"#\" onclick=\"referencia('hubble',event); return false;\">Hubble<\/a> es observando fuentes de luz distantes, normalmente supernovas del tipo 1A o estrellas variables, conocidas como \u00ab <a href=\"https:\/\/es.wikipedia.org\/wiki\/Candela_est%C3%A1ndar\" target=\"_blank\">candelas estandar<\/a>\u00bb, cuya distancia de nosotros se puede calcular y que permiten medir con bastante precisi\u00f3n el \u00abcorrimiento hacia el rojo\u00bb de la luz que emiten, lo que determina la velocidad a la que esos objetos se alejan de nosotros.<\/p>\n<p style=\"text-align: justify;\">Sin embargo, hacer esas mediciones no resulta f\u00e1cil. Y hagan lo que hagan los astr\u00f3nomos, nunca consiguen llegar a un valor \u00fanico, sino a un rango de valores diferentes. La tasa de expansi\u00f3n se mide en kil\u00f3metros por segundo por Megaparsec (km\/s\/Mpc). Un \u00abparsec\u00bb es una unidad de medida cuyo nombre deriva de \u00ab<a href=\"#\" onclick=\"referencia('paralaje',event); return false;\">paralaje<\/a> de un segundo de arco\u00bb y que corresponde a 3,26 a\u00f1os luz. Un Megap\u00e1rsec, por lo tanto, equivale a un mill\u00f3n de veces esa distancia, es decir, 3.26 millones de a\u00f1os luz.<\/p>\n<p style=\"text-align: justify;\">\n<p style=\"text-align: justify;\">\n<p style=\"text-align: justify;\"><img decoding=\"async\" loading=\"lazy\" src=\"https:\/\/physicsjr.milaulas.com\/pluginfile.php\/2\/course\/section\/1\/B-B.jpg\" alt=\"Imagen relacionada\" width=\"484\" height=\"182\" data-iml=\"1551699289492\" \/><\/p>\n<p style=\"text-align: justify;\">\n<p style=\"text-align: justify;\">\n<p style=\"text-align: justify;\">La inc\u00f3moda cuesti\u00f3n es que los valores obtenidos hasta el momento con los diferentes m\u00e9todos de medici\u00f3n oscilan entre los 67 y los 77 kil\u00f3metro por segundo por Megap\u00e1rsec. En otras palabras, eso significa que dos puntos en el espacio que est\u00e9n separados por un Megap\u00e1rsec <strong>se alejan el uno del otro a una velocidad de entre 67 y 77 km\/s<\/strong>. Para explicar estas diferencias, se ha llegado a proponer que quiz\u00e1 la velocidad de expansi\u00f3n no haya sido la misma a lo largo de toda la historia del Universo, sino que \u00e9sta ha ido cambiando a lo largo del tiempo. Algo que invalidar\u00eda la idea misma de una constante (la de <a href=\"#\" onclick=\"referencia('hubble',event); return false;\">Hubble<\/a>) y que nadie ha conseguido demostrar hasta ahora. Para eso habr\u00eda que ser capaces de medir el valor de la constante de <a href=\"#\" onclick=\"referencia('hubble',event); return false;\">Hubble<\/a> a muchos miles de millones de a\u00f1os de distancia, y no exist\u00edan candelas est\u00e1ndar lo suficientemente lejanas como para permitir esos c\u00e1lculos.<\/p>\n<p style=\"text-align: justify;\">\n<h3 style=\"text-align: justify;\">Una diferencia inc\u00f3moda<\/h3>\n<p>&nbsp;<\/p>\n<p>&nbsp;<\/p>\n<p><img decoding=\"async\" loading=\"lazy\" src=\"https:\/\/4.bp.blogspot.com\/-lmwFL4wrBEQ\/V1JNBL-X-SI\/AAAAAAAAfuA\/gUKwJ5ecEkczlXgaZBQaZGUcipKbpZjBACLcB\/s640\/hubblefindsu--620x349.jpg\" alt=\"\" width=\"640\" height=\"360\" border=\"0\" \/><\/p>\n<p>&nbsp;<\/p>\n<p>&nbsp;<\/p>\n<p style=\"text-align: justify;\">La diferencia entre 67 y 77 km\/s puede no parecer tanta, pero la Ciencia se resiste a aceptar un rango de valores para algo que deber\u00eda tener un valor concreto. De modo que los investigadores siguen probando diferentes m\u00e9todos para medir la constante de <a href=\"#\" onclick=\"referencia('hubble',event); return false;\">Hubble<\/a> y tratar de llegar de una vez a un valor definitivo.<\/p>\n<p style=\"text-align: justify;\">La cuesti\u00f3n tiene mucha m\u00e1s importancia de la que parece a simple vista. De hecho, sin un valor preciso, los astr\u00f3nomos <strong>son incapaces de determinar con precisi\u00f3n, por ejemplo, los tama\u00f1os de galaxias<\/strong> muy lejanas, la edad exacta del Universo o la historia de su expansi\u00f3n a partir del <a href=\"#\" onclick=\"referencia('big bang',event); return false;\">Big Bang<\/a>.<\/p>\n<p style=\"text-align: justify;\">Pero el nuevo m\u00e9todo desarrollado por los investigadores de Florencia y Durham ha permitido, por primera vez, medir la constante de <a href=\"#\" onclick=\"referencia('hubble',event); return false;\">Hubble<\/a> en los lejanos tiempos cercanos al <a href=\"#\" onclick=\"referencia('big bang',event); return false;\">Big Bang<\/a>. Y los resultados han sido toda una sorpresa.<\/p>\n<p style=\"text-align: justify;\">\n<h3 style=\"text-align: justify;\">En busca de cu\u00e1sares<\/h3>\n<p>&nbsp;<\/p>\n<p>&nbsp;<\/p>\n<p><img decoding=\"async\" id=\"imagenprincipal\" title=\"Cuatro im\u00e1genes cu\u00e1sar rodean una lente gal\u00e1ctica\" src=\"https:\/\/apod.nasa.gov\/apod\/image\/1702\/QuadQuasarLens_Hubble_960.jpg\" alt=\"Cuatro im\u00e1genes cu\u00e1sar rodean una lente gal\u00e1ctica\" \/><\/p>\n<p>&nbsp;<\/p>\n<p>Cuatro im\u00e1genes cu\u00e1sar rodean una lente gal\u00e1ctica<\/p>\n<p>&nbsp;<\/p>\n<p><img decoding=\"async\" loading=\"lazy\" src=\"https:\/\/cdn.computerhoy.com\/sites\/navi.axelspringer.es\/public\/media\/image\/2018\/09\/pasta-nuclear_0.jpg\" alt=\"Imagen relacionada\" width=\"484\" height=\"242\" data-iml=\"1551700006151\" \/><\/p>\n<p>&nbsp;<\/p>\n<p>Los cu\u00e1sares fueron los primer AGN que se descubrieron. Existe una variedad de tipos de AGN seg\u00fan sus propiedades observaciones, pero los cuales se cree que &#8230;<\/p>\n<p>&nbsp;<\/p>\n<p style=\"text-align: justify;\">El m\u00e9todo se basa en los cu\u00e1sares, objetos muy lejanos y tambi\u00e9n ultrabrillantes, tambi\u00e9n llamados \u00abn\u00facleos gal\u00e1cticos activos\u00bb. Son <strong>los objetos m\u00e1s brillantes de todo el Universo <\/strong>y se cree que su brillo procede de la actividad de los <a href=\"#\" onclick=\"referencia('agujero negro',event); return false;\">agujeros negros<\/a> supermasivos que hay en el centro de la mayor\u00eda de las galaxias. La intensa radiaci\u00f3n electromagn\u00e9tica que emiten es causada por el disco de acreci\u00f3n, formado por los materiales que giran alrededor del <a href=\"#\" onclick=\"referencia('agujero negro',event); return false;\">agujero negro<\/a>, atra\u00eddos por su gravedad. A medida que el disco de materia acelera, emite una enorme cantidad de energ\u00eda. Tanta, que deslumbra a los telescopios de la Tierra, a miles de millones de a\u00f1os luz de distancia.<\/p>\n<p style=\"text-align: justify;\">\n<p style=\"text-align: justify;\">\n<p style=\"text-align: justify;\">\n<p style=\"text-align: justify;\"><img decoding=\"async\" loading=\"lazy\" src=\"https:\/\/img-cdn.hipertextual.com\/files\/2017\/12\/agujero-negro-supermasivo.png?strip=all&amp;lossy=1&amp;quality=60&amp;resize=670%2C410&amp;ssl=1\" alt=\"Resultado de imagen de Distancia a la que est\u00e1n situados los cu\u00e1sares\" width=\"484\" height=\"296\" data-iml=\"1551700123993\" \/><\/p>\n<p style=\"text-align: justify;\">\n<p style=\"text-align: justify;\">\u00a0 \u00a0 \u00a0 \u00a0 \u00a0 \u00a0 \u00a0 \u00a0 \u00a0Cient\u00edficos descubren el cu\u00e1sar m\u00e1s lejano observado hasta la fecha.<\/p>\n<p style=\"text-align: justify;\">\n<blockquote>\n<p style=\"text-align: justify;\">&#8220;Un equipo de cient\u00edficos de la <strong><a href=\"https:\/\/carnegiescience.edu\/\" target=\"_blank\">Instituci\u00f3n Carnegie<\/a><\/strong> ha descubierto el <strong>cu\u00e1sar m\u00e1s lejano<\/strong> detectado hasta la fecha. Los resultados, publicados en la revista <em><a href=\"https:\/\/www.nature.com\/articles\/doi:10.1038\/nature25180\" target=\"_blank\">Nature<\/a><\/em>, nos permiten comprender c\u00f3mo era el universo en su &#8216;infancia&#8217;. La raz\u00f3n es que el cu\u00e1sar se origin\u00f3 cuando el cosmos presentaba una antig\u00fcedad de tan solo 690 millones de a\u00f1os. \u201cNos ofrece una fotograf\u00eda de c\u00f3mo era el universo cuando este ten\u00eda solo 5% de su edad actual\u201d, explica a <em>Hipertextual<\/em> <strong>Eduardo Ba\u00f1ados<\/strong>, primer autor del trabajo e investigador en el observatorio de la Instituci\u00f3n Carnegie.&#8221;<\/p>\n<p style=\"text-align: justify;\">\n<\/blockquote>\n<p style=\"text-align: justify;\">Hace ya unos a\u00f1os, otro equipo de astr\u00f3nomos consigui\u00f3 medir la distancia a la que estaban ciertos cu\u00e1sares. Y resulta, adem\u00e1s, que los cu\u00e1sares tambi\u00e9n emiten <a href=\"#\" onclick=\"referencia('rayos x',event); return false;\">rayos X<\/a> y luz ultravioleta. Ahora, tal y como explican en su estudio Guido Risaliti, de la Universidad de Florencia, y Elisabeta Russo, de la de Durham, los investigadores han conseguido descubrir que la relaci\u00f3n entre estas dos diferentes longitudes de onda emitidas por un cu\u00e1sar var\u00eda en funci\u00f3n de su luminosidad en el ultravioleta. Y una vez conocida esa luminosidad, cosa que los investigadores consiguieron a partir de esa relaci\u00f3n, resulta que <strong>el cu\u00e1sar puede ser utilizado como cualquier otra candela est\u00e1ndar<\/strong>. Solo que much\u00edsimo m\u00e1s lejana que cualquiera de las supernovas o las de estrellas variables utilizadas hasta ahora.<\/p>\n<p style=\"text-align: justify;\">En otras palabras,<strong> por primera se ha conseguido encontrar la forma de medir la constande de <a href=\"#\" onclick=\"referencia('hubble',event); return false;\">Hubble<\/a> en el remoto pasado<\/strong> del Universo. Seg\u00fan Elisabeta Luso, \u00abel uso de los cu\u00e1sares como candelas est\u00e1ndar tiene un gran potencial, ya que ahora podemos observarlos a distancias mucho mayores que las supernovas del Tipo IA, y utilizarlas para investigar \u00e9pocas mucho m\u00e1s tempranas en la historia del Universo\u00bb.<\/p>\n<p style=\"text-align: justify;\">\n<h3 style=\"text-align: justify;\">Inmersi\u00f3n en el Universo primitivo<\/h3>\n<p>&nbsp;<\/p>\n<p>&nbsp;<\/p>\n<p><img decoding=\"async\" loading=\"lazy\" src=\"https:\/\/www.uoc.edu\/caiia-star-2001\/esp\/img\/mihos.jpg\" alt=\"Resultado de imagen de Inmersi\u00f3n en el Universo primitivo\" width=\"434\" height=\"353\" data-iml=\"1551700310997\" \/><\/p>\n<p>&nbsp;<\/p>\n<p style=\"text-align: justify;\">De esta forma, el equipo de investigadores recopil\u00f3 datos de 1.598 cu\u00e1sares situados a distancias entre 12.600 y 11.400 millones de a\u00f1os luz de nosotros, poco despu\u00e9s del <a href=\"#\" onclick=\"referencia('big bang',event); return false;\">Big Bang<\/a> (que fue hace unos 13.700 millones de a\u00f1os). Y usaron esas distancias para calcular, por primera vez, la tasa de expansi\u00f3n del Universo primitivo y comprobar si, efectivamente, era distinta de la actual.<\/p>\n<p style=\"text-align: justify;\">Los cient\u00edficos tambi\u00e9n compararon sus resultados con los obtenidos durante a\u00f1os de supernovas del tipo IA, que cubren los 9.000 millones de a\u00f1os m\u00e1s recientes, y encontraron que, a las distancias en que los resultados se superponen, \u00e9stos son muy similares. Pero en el Universo temprano, donde s\u00f3lo los cu\u00e1sares pueden facilitar mediciones, hab\u00eda una notable diferencia entre lo que observaron y lo que predice el modelo cosmol\u00f3gico vigente.<\/p>\n<p style=\"text-align: justify;\">\n<p style=\"text-align: justify;\">\n<p style=\"text-align: justify;\"><img decoding=\"async\" loading=\"lazy\" src=\"https:\/\/media1.tenor.com\/images\/ba69b6aa55b12e461d80de8948e6673c\/tenor.gif?itemid=4414448\" alt=\"Imagen relacionada\" width=\"400\" height=\"224\" data-iml=\"1551700389714\" \/><\/p>\n<p style=\"text-align: justify;\">\n<p style=\"text-align: justify;\">\n<p style=\"text-align: justify;\">\u00abObservamos cu\u00e1sares hasta apenas mil millones de a\u00f1os despu\u00e9s del <a href=\"#\" onclick=\"referencia('big bang',event); return false;\">Big Bang<\/a> -explica Guido Risaliti- y encontramos que la tasa de expansi\u00f3n del Universo en la actualidad es m\u00e1s r\u00e1pida de lo que era antes. Y <strong>eso puede significar que la energ\u00eda oscura se est\u00e1 haciendo m\u00e1s y m\u00e1s fuerte<\/strong> a medida que el Universo envejece\u00bb.<\/p>\n<p style=\"text-align: justify;\">Las implicaciones de este hallazgo son tremendas. Si efectivamente la densidad de la energ\u00eda oscura aumenta con el tiempo, <strong>entonces la constante de <a href=\"#\" onclick=\"referencia('hubble',event); return false;\">Hubble<\/a> no ser\u00eda \u00abconstante\u00bb<\/strong>, sino que variar\u00eda a lo largo del tiempo. y posiblemente eso bastar\u00eda para explicar las discrepancias encontradas en las diferentes mediciones llevadas a cabo hasta ahora.<\/p>\n<p style=\"text-align: justify;\">\n<p style=\"text-align: justify;\">\n<p style=\"text-align: justify;\"><img decoding=\"async\" loading=\"lazy\" src=\"https:\/\/lh3.ggpht.com\/franzdarm\/R_6hP9uhiJI\/AAAAAAAAJZs\/qrTfxMKYXz0\/s400\/a.gif\" alt=\"Imagen relacionada\" width=\"400\" height=\"350\" data-iml=\"1551700451406\" \/><\/p>\n<p style=\"text-align: justify;\">\n<p style=\"text-align: justify;\">\n<p style=\"text-align: justify;\">Pero hay otra cuesti\u00f3n. Si bien es cierto que el trabajo de este equipo de investigadores podr\u00eda ayudar resolver la espinosa cuesti\u00f3n del aut\u00e9ntico valor de la constante de <a href=\"#\" onclick=\"referencia('hubble',event); return false;\">Hubble<\/a>, tambi\u00e9n lo es que coloca sobre el tapete un misterio a\u00fan mayor: \u00bfC\u00f3mo es posible que la energ\u00eda oscura se vaya haciendo m\u00e1s fuerte a medida que el Universo envejece?<\/p>\n<p style=\"text-align: justify;\">\u00abAlgunos cient\u00edficos -concluye Risaliti- sugirieron en el pasado que podr\u00eda ser necesaria una nueva F\u00edsica para explicar las discrepancias encontradas hasta ahora, inclu\u00edda la posibilidad de que la fuerza de la energ\u00eda oscura est\u00e9 aumentando. Y nuestros resultados parecen confirmar esa sugerencia\u00bb.<\/p>\n<div class='bookmark'>\r\n\t\t<table align='left' border='0' cellpadding='0' width='100%'>\r\n\t\t<tr><td><span class='pushbutton'><a href='http:\/\/delicious.com\/post?url=http%3A%2F%2Fwww.emiliosilveravazquez.com%2Fblog%2F2019%2F03%2F06%2Fel-universo-se-expande-y-crece-la-energia-oscura%2F&amp;title=El+Universo+se+expande+y+crece+la+energ%C3%ADa+oscura' title='Delicious' target='_blank' rel='nofollow'><img src='http:\/\/www.emiliosilveravazquez.com\/blog\/wp-content\/plugins\/knxdt-bookmarks-wordpress-plugin\/images\/delicious.png'  alt='' class='book_img' border='none' style='margin:1px; padding: 0;'  \/><\/a><\/span><span class='pushbutton'><a href='http:\/\/digg.com\/submit?url=http%3A%2F%2Fwww.emiliosilveravazquez.com%2Fblog%2F2019%2F03%2F06%2Fel-universo-se-expande-y-crece-la-energia-oscura%2F&amp;title=El+Universo+se+expande+y+crece+la+energ%C3%ADa+oscura' title='Digg' target='_blank' rel='nofollow'><img src='http:\/\/www.emiliosilveravazquez.com\/blog\/wp-content\/plugins\/knxdt-bookmarks-wordpress-plugin\/images\/digg.png'  alt='' class='book_img' border='none' style='margin:1px; padding: 0;'  \/><\/a><\/span><span class='pushbutton'><a href='http:\/\/www.google.com\/bookmarks\/mark?op=edit&amp;bkmk=http%3A%2F%2Fwww.emiliosilveravazquez.com%2Fblog%2F2019%2F03%2F06%2Fel-universo-se-expande-y-crece-la-energia-oscura%2F&amp;title=El+Universo+se+expande+y+crece+la+energ%C3%ADa+oscura' title='Google' target='_blank' rel='nofollow'><img src='http:\/\/www.emiliosilveravazquez.com\/blog\/wp-content\/plugins\/knxdt-bookmarks-wordpress-plugin\/images\/google.png'   alt='' class='book_img' border='none' style='margin:1px; padding: 0;'  \/><\/a><\/span><span class='pushbutton'><a href='http:\/\/myweb2.search.yahoo.com\/myresults\/bookmarklet?u=http%3A%2F%2Fwww.emiliosilveravazquez.com%2Fblog%2F2019%2F03%2F06%2Fel-universo-se-expande-y-crece-la-energia-oscura%2F&amp;t=El+Universo+se+expande+y+crece+la+energ%C3%ADa+oscura' title='Yahoo' target='_blank' rel='nofollow'><img src='http:\/\/www.emiliosilveravazquez.com\/blog\/wp-content\/plugins\/knxdt-bookmarks-wordpress-plugin\/images\/yahoo.png'  alt='' class='book_img' border='none' style='margin:1px; padding: 0;'  \/><\/a><\/span><span class='pushbutton'><a href='http:\/\/www.technorati.com\/faves?add=http%3A%2F%2Fwww.emiliosilveravazquez.com%2Fblog%2F2019%2F03%2F06%2Fel-universo-se-expande-y-crece-la-energia-oscura%2F' title='Technorati' target='_blank' rel='nofollow'><img src='http:\/\/www.emiliosilveravazquez.com\/blog\/wp-content\/plugins\/knxdt-bookmarks-wordpress-plugin\/images\/technorati.png'  alt='' class='book_img' border='none' style='margin:1px; padding: 0;'  \/><\/a><\/span><span class='pushbutton'><a href='http:\/\/meneame.net\/submit.php?url=http%3A%2F%2Fwww.emiliosilveravazquez.com%2Fblog%2F2019%2F03%2F06%2Fel-universo-se-expande-y-crece-la-energia-oscura%2F' title='Meneame' target='_blank' rel='nofollow'><img src='http:\/\/www.emiliosilveravazquez.com\/blog\/wp-content\/plugins\/knxdt-bookmarks-wordpress-plugin\/images\/meneame.png'  alt='' class='book_img' border='none' style='margin:1px; padding: 0;'  \/><\/a><\/span><span class='pushbutton'><a href='http:\/\/enchilame.com\/submit.php?url=http:\/\/www.emiliosilveravazquez.com\/blog\/2019\/03\/06\/el-universo-se-expande-y-crece-la-energia-oscura\/' target='_blank' rel='nofollow'><img title='Enchilame' src='http:\/\/www.emiliosilveravazquez.com\/blog\/wp-content\/plugins\/knxdt-bookmarks-wordpress-plugin\/images\/enchilame.png'  alt='' class='book_img' border='none' style='margin:1px; padding: 0;'  \/><\/a><\/span><span class='pushbutton'><a href='http:\/\/www.blinklist.com\/index.php?Action=Blink\/addblink.php&amp;Description=&amp;Url=http%3A%2F%2Fwww.emiliosilveravazquez.com%2Fblog%2F2019%2F03%2F06%2Fel-universo-se-expande-y-crece-la-energia-oscura%2F&amp;title=El+Universo+se+expande+y+crece+la+energ%C3%ADa+oscura' title='BlinkList' target='_blank' rel='nofollow'><img src='http:\/\/www.emiliosilveravazquez.com\/blog\/wp-content\/plugins\/knxdt-bookmarks-wordpress-plugin\/images\/blinklist.png'  alt='' class='book_img' border='none' style='margin:1px; padding: 0;'  \/><\/a><\/span><span class='pushbutton'><a href='http:\/\/reddit.com\/submit?url=http%3A%2F%2Fwww.emiliosilveravazquez.com%2Fblog%2F2019%2F03%2F06%2Fel-universo-se-expande-y-crece-la-energia-oscura%2F&amp;title=El+Universo+se+expande+y+crece+la+energ%C3%ADa+oscura' title='Reddit' target='_blank' rel='nofollow'><img src='http:\/\/www.emiliosilveravazquez.com\/blog\/wp-content\/plugins\/knxdt-bookmarks-wordpress-plugin\/images\/reddit.png'  alt='' class='book_img' border='none' style='margin:1px; padding: 0;'  \/><\/a><\/span><span class='pushbutton'><a href='http:\/\/www.tecnologiadiaria.com\/2009\/07\/abrir-com-hotmail-correo.html' target='_blank' title='hotmail'><img src='http:\/\/www.emiliosilveravazquez.com\/blog\/wp-content\/plugins\/knxdt-bookmarks-wordpress-plugin\/images\/linklove.png' alt='hotmail correo' class='book_img' border='none' style='margin:1px; padding: 0;' \/><\/a><\/span><span class='pushbutton'><a href='http:\/\/bitacoras.com\/votar\/anotacion\/externo\/mini\/www.emiliosilveravazquez.com\/blog\/2019\/03\/06\/el-universo-se-expande-y-crece-la-energia-oscura\/' title='Bitacoras.com' target='_blank' rel='nofollow'><img src='http:\/\/www.emiliosilveravazquez.com\/blog\/wp-content\/plugins\/knxdt-bookmarks-wordpress-plugin\/images\/bitacoras.png'  alt='' class='book_img' border='none' style='margin:1px; padding: 0;'  \/><\/a><\/span><span class='pushbutton'><a href='http:\/\/www.wikio.es\/vote?url=http%3A%2F%2Fwww.emiliosilveravazquez.com%2Fblog%2F2019%2F03%2F06%2Fel-universo-se-expande-y-crece-la-energia-oscura%2F' title='Wikio' target='_blank' rel='nofollow'><img src='http:\/\/www.emiliosilveravazquez.com\/blog\/wp-content\/plugins\/knxdt-bookmarks-wordpress-plugin\/images\/wikio.png'   alt='' class='book_img' border='none' style='margin:1px; padding: 0;'   \/><\/a><\/span><span class='pushbutton'><a href='http:\/\/friendfeed.com\/?url=http%3A%2F%2Fwww.emiliosilveravazquez.com%2Fblog%2F2019%2F03%2F06%2Fel-universo-se-expande-y-crece-la-energia-oscura%2F&amp;title=El+Universo+se+expande+y+crece+la+energ%C3%ADa+oscura' title='Friend Feed' target='_blank' rel='nofollow'><img src='http:\/\/www.emiliosilveravazquez.com\/blog\/wp-content\/plugins\/knxdt-bookmarks-wordpress-plugin\/images\/friendfeed.png'  alt='' class='book_img' border='none' style='margin:1px; padding: 0;'  \/><\/a><\/span><span class='pushbutton'><a href='http:\/\/www.facebook.com\/share.php?u=http%3A%2F%2Fwww.emiliosilveravazquez.com%2Fblog%2F2019%2F03%2F06%2Fel-universo-se-expande-y-crece-la-energia-oscura%2F&amp;t=El+Universo+se+expande+y+crece+la+energ%C3%ADa+oscura' title='Facebook' target='_blank' rel='nofollow'><img src='http:\/\/www.emiliosilveravazquez.com\/blog\/wp-content\/plugins\/knxdt-bookmarks-wordpress-plugin\/images\/facebook.png'  alt='' class='book_img' border='none' style='margin:1px; padding: 0;'  \/><\/a><\/span><span class='pushbutton'><a href='http:\/\/twitter.com\/home?status=El+Universo+se+expande+y+crece+la+energ%C3%ADa+oscura: http%3A%2F%2Fwww.emiliosilveravazquez.com%2Fblog%2F2019%2F03%2F06%2Fel-universo-se-expande-y-crece-la-energia-oscura%2F' title='Twitter' target='_blank' rel='nofollow'><img src='http:\/\/www.emiliosilveravazquez.com\/blog\/wp-content\/plugins\/knxdt-bookmarks-wordpress-plugin\/images\/twitter.png'  alt='' class='book_img' border='none' style='margin:1px; padding: 0;'  \/><\/a><\/span><span class='pushbutton'><a href='http:\/\/www.feedburner.com\/fb\/a\/emailFlare?itemTitle=El+Universo+se+expande+y+crece+la+energ%C3%ADa+oscura&amp;uri=http%3A%2F%2Fwww.emiliosilveravazquez.com%2Fblog%2F2019%2F03%2F06%2Fel-universo-se-expande-y-crece-la-energia-oscura%2F' title='Enviar por Email' target='_blank' rel='nofollow'><img src='http:\/\/www.emiliosilveravazquez.com\/blog\/wp-content\/plugins\/knxdt-bookmarks-wordpress-plugin\/images\/email.png'  alt='' class='book_img' border='none' style='margin:1px; padding: 0;'  \/><\/a><\/span><span style='font-weight:bold; padding-left: 5px;'><a href='http:\/\/wordpress.org\/extend\/plugins\/knxdt-bookmarks-wordpress-plugin\/' title='Plugin' rel='nofollow' target='_blank'>[?]<\/a><\/span><\/td><\/tr><\/table><br\/><br\/><\/div>","protected":false},"excerpt":{"rendered":"<p>&nbsp; La ilustraci\u00f3n muestra un cu\u00e1sar, uno de los objetos m\u00e1s brillantes del Universo, emitiendo chorros de energ\u00eda &#8211; ABC Ciencia emite el presente reportaje. \u00a1Sorpresa! El poder de la energ\u00eda oscura aumenta a medida que el Universo envejece. &nbsp; Un equipo de investigadores logra medir con una precisi\u00f3n sin precedentes la tasa de expansi\u00f3n [&hellip;]<\/p>\n","protected":false},"author":2,"featured_media":0,"comment_status":"open","ping_status":"open","sticky":false,"template":"","format":"standard","meta":{"_s2mail":"yes","footnotes":""},"categories":[234],"tags":[],"_links":{"self":[{"href":"http:\/\/www.emiliosilveravazquez.com\/blog\/wp-json\/wp\/v2\/posts\/23062"}],"collection":[{"href":"http:\/\/www.emiliosilveravazquez.com\/blog\/wp-json\/wp\/v2\/posts"}],"about":[{"href":"http:\/\/www.emiliosilveravazquez.com\/blog\/wp-json\/wp\/v2\/types\/post"}],"author":[{"embeddable":true,"href":"http:\/\/www.emiliosilveravazquez.com\/blog\/wp-json\/wp\/v2\/users\/2"}],"replies":[{"embeddable":true,"href":"http:\/\/www.emiliosilveravazquez.com\/blog\/wp-json\/wp\/v2\/comments?post=23062"}],"version-history":[{"count":0,"href":"http:\/\/www.emiliosilveravazquez.com\/blog\/wp-json\/wp\/v2\/posts\/23062\/revisions"}],"wp:attachment":[{"href":"http:\/\/www.emiliosilveravazquez.com\/blog\/wp-json\/wp\/v2\/media?parent=23062"}],"wp:term":[{"taxonomy":"category","embeddable":true,"href":"http:\/\/www.emiliosilveravazquez.com\/blog\/wp-json\/wp\/v2\/categories?post=23062"},{"taxonomy":"post_tag","embeddable":true,"href":"http:\/\/www.emiliosilveravazquez.com\/blog\/wp-json\/wp\/v2\/tags?post=23062"}],"curies":[{"name":"wp","href":"https:\/\/api.w.org\/{rel}","templated":true}]}}