{"id":22974,"date":"2019-02-19T12:33:13","date_gmt":"2019-02-19T11:33:13","guid":{"rendered":"http:\/\/www.emiliosilveravazquez.com\/blog\/?p=22974"},"modified":"2019-02-19T12:33:13","modified_gmt":"2019-02-19T11:33:13","slug":"andromeda-y-la-via-lactea-%c2%bfse-casaran","status":"publish","type":"post","link":"http:\/\/www.emiliosilveravazquez.com\/blog\/2019\/02\/19\/andromeda-y-la-via-lactea-%c2%bfse-casaran\/","title":{"rendered":"Andr\u00f3meda y la V\u00eda L\u00e1ctea&#8230; \u00bfSe casar\u00e1n?"},"content":{"rendered":"<p>&nbsp;<\/p>\n<p style=\"text-align: justify;\"><img decoding=\"async\" src=\"https:\/\/www.abc.es\/media\/ciencia\/2019\/02\/15\/andromeda_via_lactea-7-k8rB--620x349@abc.jpg\" alt=\"Recreaci\u00f3n del choque de Andr\u00f3meda contra nuestra galaxia, seg\u00fan se cre\u00eda hasta ahora\" \/><\/p>\n<p style=\"text-align: justify;\">Recreaci\u00f3n del choque de Andr\u00f3meda contra nuestra galaxia, seg\u00fan se cre\u00eda hasta ahora &#8211; NASA, ESA, Z. Levay and R. van der Marel (STScI), T. Hallas, and A. Mellinger<\/p>\n<p style=\"text-align: justify;\"><strong>\u00a1Por f\u00edn sabemos cu\u00e1ndo Andr\u00f3meda chocar\u00e1 con la V\u00eda L\u00e1ctea. Ser\u00e1 600 Millones de a\u00f1os m\u00e1s tarde de lo que se cre\u00eda y de refil\u00f3n<br \/>\n<\/strong><\/p>\n<p style=\"text-align: justify;\">\n<footer>\n<aside><\/aside>\n<aside>\n<h4>Noticias relacionadas<\/h4>\n<ul>\n<li><a title=\"Descubren que nuestra galaxia est\u00e1 \u00abdeformada y retorcida\u00bb\" href=\"https:\/\/www.abc.es\/ciencia\/abci-descubren-nuestra-galaxia-esta-deformada-y-retorcida-201902042103_noticia.html#vca=mod-sugeridos-p1&amp;vmc=relacionados&amp;vso=descubren-que-nuestra-galaxia-esta-deformada-y-retorcida&amp;vli=noticia.foto.ciencia\" data-voc-vtm-id=\"contenidorelacionado\">Descubren que nuestra galaxia est\u00e1 \u00abdeformada y retorcida\u00bb<\/a><\/li>\n<li><a title=\"Una catastr\u00f3fica colisi\u00f3n expulsar\u00e1 al Sistema Solar de nuestra galaxia\" href=\"https:\/\/www.abc.es\/ciencia\/abci-catastrofica-colision-expulsara-sistema-solar-nuestra-galaxia-201901080839_noticia.html#vca=mod-sugeridos-p2&amp;vmc=relacionados&amp;vso=una-catastrofica-colision-expulsara-al-sistema-solar-de-nuestra-galaxia&amp;vli=noticia.foto.ciencia\" data-voc-vtm-id=\"contenidorelacionado\">Una catastr\u00f3fica colisi\u00f3n expulsar\u00e1 al Sistema Solar de nuestra galaxia<\/a><\/li>\n<li><a title=\"\u00a1Sorpresa! Andr\u00f3meda no es la gemela de la V\u00eda L\u00e1ctea\" href=\"https:\/\/www.abc.es\/ciencia\/abci-sorpresa-andromeda-no-gemela-lactea-201802142154_noticia.html#vca=mod-sugeridos-p3&amp;vmc=relacionados&amp;vso=sorpresa-andromeda-no-es-la-gemela-de-la-via-lactea&amp;vli=noticia.foto.ciencia\" data-voc-vtm-id=\"contenidorelacionado\">\u00a1Sorpresa! Andr\u00f3meda no es la gemela de la V\u00eda L\u00e1ctea<\/a><\/li>\n<\/ul>\n<div><img decoding=\"async\" loading=\"lazy\" src=\"https:\/\/upload.wikimedia.org\/wikipedia\/commons\/thumb\/8\/8b\/Maquette_de_Gaia_salon_du_Bourget_2013_DSC_0191.JPG\/800px-Maquette_de_Gaia_salon_du_Bourget_2013_DSC_0191.JPG\" alt=\"\" width=\"391\" height=\"388\" \/><\/div>\n<div>El Sat\u00e9lite Gaia<\/div>\n<\/aside>\n<\/footer>\n<p>&nbsp;<\/p>\n<p>&nbsp;<\/p>\n<p style=\"text-align: justify;\">Los astr\u00f3nomos sospechan desde hace tiempo que la <strong>V\u00eda L\u00e1ctea<\/strong>, nuestra galaxia, y su vecina m\u00e1s cercana, <strong>Andr\u00f3meda<\/strong>, <a href=\"https:\/\/www.abc.es\/20120601\/ciencia\/abci-lactea-choque-andromeda-201206010846.html\">chocar\u00e1n irremediablemente<\/a>. Una brutal colisi\u00f3n que cambiar\u00e1 para siempre el aspecto del cielo. Pero quiz\u00e1s sea diferente a c\u00f3mo se cre\u00eda hasta ahora. A partir de los datos del <a href=\"http:\/\/www.esa.int\/Our_Activities\/Space_Science\/Gaia\/Gaia_creates_richest_star_map_of_our_Galaxy_and_beyond\" target=\"_blank\">sat\u00e9lite Gaia <\/a>de la Agencia Espacial Europea (ESA), los investigadores han llegado a la conclusi\u00f3n de que nuestra vecina <strong>nos tocar\u00e1 de refil\u00f3n en vez de colisionar de frente<\/strong>. Adem\u00e1s, esto no suceder\u00e1 en 3.900 millones de a\u00f1os, como se supon\u00eda, sino en 4.500 millones: <strong>unos 600 millones de a\u00f1os m\u00e1s tarde <\/strong>de lo previsto. El Universo nos concede algo m\u00e1s de tiempo.<\/p>\n<p style=\"text-align: justify;\">\n<figure><img decoding=\"async\" loading=\"lazy\" src=\"https:\/\/r2.abcimg.es\/resizer\/resizer.php?imagen=https%3A%2F%2Fwww.abc.es%2Fmedia%2Fciencia%2F2019%2F02%2F15%2FStellar_motions_in_the_Andromeda_galaxy-k8rB--220x220%40abc.jpg&amp;nuevoancho=220&amp;nuevoalto=220&amp;medio=abc\" alt=\"Movimientos estelares en la galaxia de Andr\u00f3meda\" width=\"220\" height=\"220\" data-src=\"\/\/r2.abcimg.es\/resizer\/resizer.php?imagen=https%3A%2F%2Fwww.abc.es%2Fmedia%2Fciencia%2F2019%2F02%2F15%2FStellar_motions_in_the_Andromeda_galaxy-k8rB--220x220%40abc.jpg&amp;nuevoancho=220&amp;nuevoalto=220&amp;medio=abc\" data-was-processed=\"true\" \/><\/figure>\n<p>&nbsp;<\/p>\n<p>&nbsp;<\/p>\n<p>&nbsp;<\/p>\n<p style=\"text-align: justify;\">Movimientos estelares en la galaxia de Andr\u00f3meda- ESA \/ Gaia (movimientos de estrellas); NASA \/ Galex (imagen de fondo); R. van der Marel, M. Fardal, J. Sahlmann (STScI)<\/p>\n<p style=\"text-align: justify;\">El Grupo Local es un vasto conjunto de galaxias, entre las que se encuentra nuestra V\u00eda L\u00e1ctea, <a href=\"https:\/\/www.abc.es\/ciencia\/20140728\/abci-andromena-doble-grande-galaxia-201407281326.html\">Andr\u00f3meda (M31)<\/a> y la del Tri\u00e1ngulo (M33), que conforman la mayor parte de la masa del grupo. Las dos galaxias espirales, con forma de disco, se hallan a una distancia de nosotros de entre 2,5 y 3 millones de a\u00f1os luz, y se encuentran lo bastante cerca entre s\u00ed como para interactuar.<\/p>\n<p style=\"text-align: justify;\">Seg\u00fan explican los investigadores en la revista <a href=\"https:\/\/iopscience.iop.org\/article\/10.3847\/1538-4357\/ab001b\" target=\"_blank\">\u00abThe Astrophysical Journal\u00bb<\/a>, las \u00f3rbitas de estas dos galaxias vecinas han ido cambiando a lo largo del tiempo. Hab\u00eda dos posibilidades: o bien la galaxia del Tri\u00e1ngulo se encuentra en una \u00f3rbita incre\u00edblemente larga, de 6.000 millones de a\u00f1os, alrededor de Andr\u00f3meda, pero ya ha ca\u00eddo en ella en el pasado, o bien esta es la primera vez que lo est\u00e1 haciendo. Cada escenario refleja un trayecto orbital distinto, que implicar\u00eda una historia de formaci\u00f3n y un futuro diferente para cada galaxia.<\/p>\n<h3 style=\"text-align: justify;\">El movimiento de las estrellas<\/h3>\n<p>&nbsp;<\/p>\n<p><img decoding=\"async\" loading=\"lazy\" src=\"https:\/\/upload.wikimedia.org\/wikipedia\/commons\/thumb\/f\/fe\/Local_Group.svg\/1024px-Local_Group.svg.png\" alt=\"\" width=\"518\" height=\"388\" \/><\/p>\n<p>&nbsp;<\/p>\n<p>Grupo Local de galaxias<\/p>\n<p>&nbsp;<\/p>\n<p style=\"text-align: justify;\">Mientras que el telescopio espacial <a href=\"#\" onclick=\"referencia('hubble',event); return false;\">Hubble<\/a> ha obtenido la vista m\u00e1s n\u00edtida jam\u00e1s lograda de <a href=\"https:\/\/www.abc.es\/ciencia\/abci-inesperado-origen-andromeda-201803012131_video.html\">Andr\u00f3meda<\/a> y el Tri\u00e1ngulo, Gaia est\u00e1 cumpliendo otra misi\u00f3n: medir la posici\u00f3n individual y el movimiento de muchas de sus estrellas con una precisi\u00f3n in\u00e9dita.<\/p>\n<p style=\"text-align: justify;\">\u00abHemos rastreado los datos de Gaia e identificado miles de estrellas en las dos galaxias, para despu\u00e9s estudiar su movimiento dentro de estas\u00bb, apunta Mark Farda, del Instituto de Ciencia sobre Telescopios Espaciales (STScI) de Baltimore (Estados Unidos) y coautor del estudio. \u00abAunque el principal objetivo de Gaia es estudiar la V\u00eda L\u00e1ctea, es lo bastante potente como para detectar estrellas especialmente brillantes y masivas en regiones cercanas de formaci\u00f3n estelar, incluso en galaxias m\u00e1s all\u00e1 de la nuestra\u00bb, a\u00f1ade.<\/p>\n<p style=\"text-align: justify;\">Los movimientos estelares medidos por Gaia no solo muestran el desplazamiento por el espacio de estas galaxias, sino tambi\u00e9n c\u00f3mo cada una de ellas rota sobre su propio eje. Hace un siglo, cuando los astr\u00f3nomos empezaron a comprender la naturaleza de las galaxias, la medici\u00f3n de su rotaci\u00f3n era imposible con los telescopios disponibles en aquel momento.<\/p>\n<p style=\"text-align: justify;\">\n<figure><img decoding=\"async\" src=\"https:\/\/www.abc.es\/media\/ciencia\/2019\/02\/15\/motions_Milky_Way_Andromeda_Triangulum_galaxies-k8rB--510x349@abc.jpg\" alt=\"Movimientos futuros de las galaxias V\u00eda L\u00e1ctea, Andr\u00f3meda y Tri\u00e1ngulo\" data-src=\"https:\/\/www.abc.es\/media\/ciencia\/2019\/02\/15\/motions_Milky_Way_Andromeda_Triangulum_galaxies-k8rB--510x349@abc.jpg\" data-was-processed=\"true\" \/><\/figure>\n<p>&nbsp;<\/p>\n<p>&nbsp;<\/p>\n<p style=\"text-align: justify;\">Movimientos futuros de las galaxias V\u00eda L\u00e1ctea, Andr\u00f3meda y Tri\u00e1ngulo &#8211; E. Patel, G. Besla (Universidad de Arizona), R. van der Marel (STScI); Im\u00e1genes: ESA (V\u00eda L\u00e1ctea); ESA \/ Gaia \/ DPAC (M31, M33)<\/p>\n<p style=\"text-align: justify;\">Ahora, por primera vez, <strong>los investigadores han podido medir la rotaci\u00f3n de M31 y M33 en el firmamento.<\/strong> \u00abLos astr\u00f3nomos sol\u00edan ver las galaxias como mundos agrupados que no pod\u00edan constituir \u2018islas\u2019 independientes, pero ahora sabemos que no es as\u00ed. Hemos necesitado 100 a\u00f1os y contar con Gaia para poder medir la min\u00fascula velocidad de rotaci\u00f3n real de nuestra vecina gal\u00e1ctica, M31. Esto nos va a ayudar a conocer mejor la naturaleza de las galaxias\u00bb, afirma Roeland van der Marel, del Instituto de Ciencia sobre Telescopios Espaciales (STScI) de Baltimore (Estados Unidos), y autor principal del estudio del que se desprende esta informaci\u00f3n.<\/p>\n<h3 style=\"text-align: justify;\">La ruta orbital<\/h3>\n<p>&nbsp;<\/p>\n<p><img decoding=\"async\" loading=\"lazy\" src=\"https:\/\/smd-app-dev.s3.amazonaws.com\/ciencia\/s3fs-public\/mnt\/medialibrary\/2012\/06\/16\/diagram_spanish.jpg\" alt=\"Resultado de imagen de el movimiento de Andr\u00f3meda y el Tri\u00e1ngulo a trav\u00e9s del espacio\" width=\"484\" height=\"322\" \/><\/p>\n<p>&nbsp;<\/p>\n<p style=\"text-align: justify;\">Al combinar las observaciones existentes con el nuevo lanzamiento de datos de Gaia, los investigadores han podido determinar <strong>el movimiento de Andr\u00f3meda y el Tri\u00e1ngulo a trav\u00e9s del espacio<\/strong>, as\u00ed como calcular <strong>la ruta orbital de cada galaxia <\/strong>tanto atr\u00e1s como adelante en el tiempo durante miles de millones de a\u00f1os.<\/p>\n<p style=\"text-align: justify;\">\u00abLas velocidades encontradas muestran que M33 no puede hallarse en una larga \u00f3rbita alrededor de M31 -advierte Ekta Patel, de la Universidad de Arizona (Estados Unidos) y coautor del estudio-. Todos nuestros modelos implican que M33 debe de estar empezando a caer en M31\u00bb.<\/p>\n<p style=\"text-align: justify;\">\n<figure><img decoding=\"async\" loading=\"lazy\" src=\"https:\/\/r1.abcimg.es\/resizer\/resizer.php?imagen=https%3A%2F%2Fwww.abc.es%2Fmedia%2Fciencia%2F2019%2F02%2F15%2FThe_sharpest_view_ever_of_the_Triangulum_Galaxy-k8rB--220x220%40abc.jpg&amp;nuevoancho=220&amp;nuevoalto=220&amp;medio=abc\" alt=\"La vista m\u00e1s n\u00edtida de la galaxia del Tri\u00e1ngulo\" width=\"220\" height=\"220\" data-src=\"\/\/r1.abcimg.es\/resizer\/resizer.php?imagen=https%3A%2F%2Fwww.abc.es%2Fmedia%2Fciencia%2F2019%2F02%2F15%2FThe_sharpest_view_ever_of_the_Triangulum_Galaxy-k8rB--220x220%40abc.jpg&amp;nuevoancho=220&amp;nuevoalto=220&amp;medio=abc\" data-was-processed=\"true\" \/><\/figure>\n<p>&nbsp;<\/p>\n<p>&nbsp;<\/p>\n<p>&nbsp;<\/p>\n<p style=\"text-align: justify;\">La vista m\u00e1s n\u00edtida de la galaxia del Tri\u00e1ngulo- NASA, ESA, and M. Durbin, J. Dalcanton, and B. F. Williams (University of Washington)<\/p>\n<p style=\"text-align: justify;\">Por ese motivo, a pesar de que la V\u00eda L\u00e1ctea y Andr\u00f3meda a\u00fan est\u00e1n destinadas a <a href=\"https:\/\/www.spacetelescope.org\/images\/opo1220b\/\" target=\"_blank\">colisionar y fusionarse<\/a>, es probable que tanto el momento como <strong>el grado de destrucci\u00f3n <\/strong>de esta interacci\u00f3n sea <a href=\"https:\/\/www.spacetelescope.org\/videos\/hubblecast55a\/\" target=\"_blank\">distinto de lo esperado<\/a>. El movimiento de <a href=\"https:\/\/www.abc.es\/ciencia\/abci-sorpresa-andromeda-no-gemela-lactea-201802142154_noticia.html\">Andr\u00f3meda<\/a> difiere en cierta medida de las estimaciones anteriores, as\u00ed que, seg\u00fan las conclusiones del estudio, es muy posible que esta galaxia <strong>toque de refil\u00f3n a la V\u00eda L\u00e1ctea, en lugar de chocar de frente<\/strong>. Esto ocurrir\u00e1 en 4.500 millones de a\u00f1os, unos 600 millones de a\u00f1os m\u00e1s tarde de lo previsto.<\/p>\n<p style=\"text-align: justify;\"><img decoding=\"async\" loading=\"lazy\" src=\"https:\/\/upload.wikimedia.org\/wikipedia\/commons\/thumb\/f\/ff\/Andromeda_galaxy.jpg\/400px-Andromeda_galaxy.jpg\" alt=\"\" width=\"400\" height=\"400\" data-file-width=\"6200\" data-file-height=\"6200\" \/><\/p>\n<p style=\"text-align: justify;\">Que se nos venga encima est\u00e1 inmensidad, aunque sea de &#8220;refil\u00f3n&#8221;&#8230;. \u00a1Es un mal regalo! Algunos cre\u00edan que ser\u00eda antes pero, al parecer, el suceso est\u00e1 cercano al momento en el que nuestro Sol se convertir\u00e1 en <a href=\"#\" onclick=\"referencia('enana blanca',event); return false;\">enana blanca<\/a>&#8230; \u00a1Vaya dos acontecimientos!<\/p>\n<p style=\"text-align: justify;\">Timo Prusti, cient\u00edfico del proyecto Gaia de la ESA, cree que este hallazgo es crucial para nuestra comprensi\u00f3n de la evoluci\u00f3n e interacci\u00f3n de las galaxias. \u00abHemos visto fen\u00f3menos poco comunes tanto en M31 como en M33, como formas irregulares en flujos y colas de estrellas y gas. Si las galaxias no se han unido hasta ahora, estos fen\u00f3menos no pueden deberse a las fuerzas desencadenadas durante una fusi\u00f3n. Quiz\u00e1 se formaran por la interacci\u00f3n con otras galaxias, o mediante din\u00e1micas de gas en el interior de las propias galaxias\u00bb, se\u00f1ala.<\/p>\n<p style=\"text-align: justify;\">Los investigadores esperan que las observaciones de Gaia ayuden a realizar mediciones cada vez m\u00e1s precisas sobre la estructura y las din\u00e1micas de las galaxias m\u00e1s all\u00e1 de <a href=\"https:\/\/www.abc.es\/ciencia\/abci-esta-haciendo-lactea-cada-mas-grande-201804022055_noticia.html\">la nuestra<\/a>, con lo que podremos saber de algunos secretos profundamente escondidos.<\/p>\n<div class='bookmark'>\r\n\t\t<table align='left' border='0' cellpadding='0' width='100%'>\r\n\t\t<tr><td><span class='pushbutton'><a href='http:\/\/delicious.com\/post?url=http%3A%2F%2Fwww.emiliosilveravazquez.com%2Fblog%2F2019%2F02%2F19%2Fandromeda-y-la-via-lactea-%25c2%25bfse-casaran%2F&amp;title=Andr%C3%B3meda+y+la+V%C3%ADa+L%C3%A1ctea%26%238230%3B+%C2%BFSe+casar%C3%A1n%3F' title='Delicious' target='_blank' rel='nofollow'><img src='http:\/\/www.emiliosilveravazquez.com\/blog\/wp-content\/plugins\/knxdt-bookmarks-wordpress-plugin\/images\/delicious.png'  alt='' class='book_img' border='none' style='margin:1px; padding: 0;'  \/><\/a><\/span><span class='pushbutton'><a href='http:\/\/digg.com\/submit?url=http%3A%2F%2Fwww.emiliosilveravazquez.com%2Fblog%2F2019%2F02%2F19%2Fandromeda-y-la-via-lactea-%25c2%25bfse-casaran%2F&amp;title=Andr%C3%B3meda+y+la+V%C3%ADa+L%C3%A1ctea%26%238230%3B+%C2%BFSe+casar%C3%A1n%3F' title='Digg' target='_blank' rel='nofollow'><img src='http:\/\/www.emiliosilveravazquez.com\/blog\/wp-content\/plugins\/knxdt-bookmarks-wordpress-plugin\/images\/digg.png'  alt='' class='book_img' border='none' style='margin:1px; padding: 0;'  \/><\/a><\/span><span class='pushbutton'><a href='http:\/\/www.google.com\/bookmarks\/mark?op=edit&amp;bkmk=http%3A%2F%2Fwww.emiliosilveravazquez.com%2Fblog%2F2019%2F02%2F19%2Fandromeda-y-la-via-lactea-%25c2%25bfse-casaran%2F&amp;title=Andr%C3%B3meda+y+la+V%C3%ADa+L%C3%A1ctea%26%238230%3B+%C2%BFSe+casar%C3%A1n%3F' title='Google' target='_blank' rel='nofollow'><img src='http:\/\/www.emiliosilveravazquez.com\/blog\/wp-content\/plugins\/knxdt-bookmarks-wordpress-plugin\/images\/google.png'   alt='' class='book_img' border='none' style='margin:1px; padding: 0;'  \/><\/a><\/span><span class='pushbutton'><a href='http:\/\/myweb2.search.yahoo.com\/myresults\/bookmarklet?u=http%3A%2F%2Fwww.emiliosilveravazquez.com%2Fblog%2F2019%2F02%2F19%2Fandromeda-y-la-via-lactea-%25c2%25bfse-casaran%2F&amp;t=Andr%C3%B3meda+y+la+V%C3%ADa+L%C3%A1ctea%26%238230%3B+%C2%BFSe+casar%C3%A1n%3F' title='Yahoo' target='_blank' rel='nofollow'><img src='http:\/\/www.emiliosilveravazquez.com\/blog\/wp-content\/plugins\/knxdt-bookmarks-wordpress-plugin\/images\/yahoo.png'  alt='' class='book_img' border='none' style='margin:1px; padding: 0;'  \/><\/a><\/span><span class='pushbutton'><a href='http:\/\/www.technorati.com\/faves?add=http%3A%2F%2Fwww.emiliosilveravazquez.com%2Fblog%2F2019%2F02%2F19%2Fandromeda-y-la-via-lactea-%25c2%25bfse-casaran%2F' title='Technorati' target='_blank' rel='nofollow'><img src='http:\/\/www.emiliosilveravazquez.com\/blog\/wp-content\/plugins\/knxdt-bookmarks-wordpress-plugin\/images\/technorati.png'  alt='' class='book_img' border='none' style='margin:1px; padding: 0;'  \/><\/a><\/span><span class='pushbutton'><a href='http:\/\/meneame.net\/submit.php?url=http%3A%2F%2Fwww.emiliosilveravazquez.com%2Fblog%2F2019%2F02%2F19%2Fandromeda-y-la-via-lactea-%25c2%25bfse-casaran%2F' title='Meneame' target='_blank' rel='nofollow'><img src='http:\/\/www.emiliosilveravazquez.com\/blog\/wp-content\/plugins\/knxdt-bookmarks-wordpress-plugin\/images\/meneame.png'  alt='' class='book_img' border='none' style='margin:1px; padding: 0;'  \/><\/a><\/span><span class='pushbutton'><a href='http:\/\/enchilame.com\/submit.php?url=http:\/\/www.emiliosilveravazquez.com\/blog\/2019\/02\/19\/andromeda-y-la-via-lactea-%c2%bfse-casaran\/' target='_blank' rel='nofollow'><img title='Enchilame' src='http:\/\/www.emiliosilveravazquez.com\/blog\/wp-content\/plugins\/knxdt-bookmarks-wordpress-plugin\/images\/enchilame.png'  alt='' class='book_img' border='none' style='margin:1px; padding: 0;'  \/><\/a><\/span><span class='pushbutton'><a href='http:\/\/www.blinklist.com\/index.php?Action=Blink\/addblink.php&amp;Description=&amp;Url=http%3A%2F%2Fwww.emiliosilveravazquez.com%2Fblog%2F2019%2F02%2F19%2Fandromeda-y-la-via-lactea-%25c2%25bfse-casaran%2F&amp;title=Andr%C3%B3meda+y+la+V%C3%ADa+L%C3%A1ctea%26%238230%3B+%C2%BFSe+casar%C3%A1n%3F' title='BlinkList' target='_blank' rel='nofollow'><img src='http:\/\/www.emiliosilveravazquez.com\/blog\/wp-content\/plugins\/knxdt-bookmarks-wordpress-plugin\/images\/blinklist.png'  alt='' class='book_img' border='none' style='margin:1px; padding: 0;'  \/><\/a><\/span><span class='pushbutton'><a href='http:\/\/reddit.com\/submit?url=http%3A%2F%2Fwww.emiliosilveravazquez.com%2Fblog%2F2019%2F02%2F19%2Fandromeda-y-la-via-lactea-%25c2%25bfse-casaran%2F&amp;title=Andr%C3%B3meda+y+la+V%C3%ADa+L%C3%A1ctea%26%238230%3B+%C2%BFSe+casar%C3%A1n%3F' title='Reddit' target='_blank' rel='nofollow'><img src='http:\/\/www.emiliosilveravazquez.com\/blog\/wp-content\/plugins\/knxdt-bookmarks-wordpress-plugin\/images\/reddit.png'  alt='' class='book_img' border='none' style='margin:1px; padding: 0;'  \/><\/a><\/span><span class='pushbutton'><a href='http:\/\/www.tecnologiadiaria.com\/2009\/07\/abrir-com-hotmail-correo.html' target='_blank' title='hotmail'><img src='http:\/\/www.emiliosilveravazquez.com\/blog\/wp-content\/plugins\/knxdt-bookmarks-wordpress-plugin\/images\/linklove.png' alt='hotmail correo' class='book_img' border='none' style='margin:1px; padding: 0;' \/><\/a><\/span><span class='pushbutton'><a href='http:\/\/bitacoras.com\/votar\/anotacion\/externo\/mini\/www.emiliosilveravazquez.com\/blog\/2019\/02\/19\/andromeda-y-la-via-lactea-%c2%bfse-casaran\/' title='Bitacoras.com' target='_blank' rel='nofollow'><img src='http:\/\/www.emiliosilveravazquez.com\/blog\/wp-content\/plugins\/knxdt-bookmarks-wordpress-plugin\/images\/bitacoras.png'  alt='' class='book_img' border='none' style='margin:1px; padding: 0;'  \/><\/a><\/span><span class='pushbutton'><a href='http:\/\/www.wikio.es\/vote?url=http%3A%2F%2Fwww.emiliosilveravazquez.com%2Fblog%2F2019%2F02%2F19%2Fandromeda-y-la-via-lactea-%25c2%25bfse-casaran%2F' title='Wikio' target='_blank' rel='nofollow'><img src='http:\/\/www.emiliosilveravazquez.com\/blog\/wp-content\/plugins\/knxdt-bookmarks-wordpress-plugin\/images\/wikio.png'   alt='' class='book_img' border='none' style='margin:1px; padding: 0;'   \/><\/a><\/span><span class='pushbutton'><a href='http:\/\/friendfeed.com\/?url=http%3A%2F%2Fwww.emiliosilveravazquez.com%2Fblog%2F2019%2F02%2F19%2Fandromeda-y-la-via-lactea-%25c2%25bfse-casaran%2F&amp;title=Andr%C3%B3meda+y+la+V%C3%ADa+L%C3%A1ctea%26%238230%3B+%C2%BFSe+casar%C3%A1n%3F' title='Friend Feed' target='_blank' rel='nofollow'><img src='http:\/\/www.emiliosilveravazquez.com\/blog\/wp-content\/plugins\/knxdt-bookmarks-wordpress-plugin\/images\/friendfeed.png'  alt='' class='book_img' border='none' style='margin:1px; padding: 0;'  \/><\/a><\/span><span class='pushbutton'><a href='http:\/\/www.facebook.com\/share.php?u=http%3A%2F%2Fwww.emiliosilveravazquez.com%2Fblog%2F2019%2F02%2F19%2Fandromeda-y-la-via-lactea-%25c2%25bfse-casaran%2F&amp;t=Andr%C3%B3meda+y+la+V%C3%ADa+L%C3%A1ctea%26%238230%3B+%C2%BFSe+casar%C3%A1n%3F' title='Facebook' target='_blank' rel='nofollow'><img src='http:\/\/www.emiliosilveravazquez.com\/blog\/wp-content\/plugins\/knxdt-bookmarks-wordpress-plugin\/images\/facebook.png'  alt='' class='book_img' border='none' style='margin:1px; padding: 0;'  \/><\/a><\/span><span class='pushbutton'><a href='http:\/\/twitter.com\/home?status=Andr%C3%B3meda+y+la+V%C3%ADa+L%C3%A1ctea%26%238230%3B+%C2%BFSe+casar%C3%A1n%3F: http%3A%2F%2Fwww.emiliosilveravazquez.com%2Fblog%2F2019%2F02%2F19%2Fandromeda-y-la-via-lactea-%25c2%25bfse-casaran%2F' title='Twitter' target='_blank' rel='nofollow'><img src='http:\/\/www.emiliosilveravazquez.com\/blog\/wp-content\/plugins\/knxdt-bookmarks-wordpress-plugin\/images\/twitter.png'  alt='' class='book_img' border='none' style='margin:1px; padding: 0;'  \/><\/a><\/span><span class='pushbutton'><a href='http:\/\/www.feedburner.com\/fb\/a\/emailFlare?itemTitle=Andr%C3%B3meda+y+la+V%C3%ADa+L%C3%A1ctea%26%238230%3B+%C2%BFSe+casar%C3%A1n%3F&amp;uri=http%3A%2F%2Fwww.emiliosilveravazquez.com%2Fblog%2F2019%2F02%2F19%2Fandromeda-y-la-via-lactea-%25c2%25bfse-casaran%2F' title='Enviar por Email' target='_blank' rel='nofollow'><img src='http:\/\/www.emiliosilveravazquez.com\/blog\/wp-content\/plugins\/knxdt-bookmarks-wordpress-plugin\/images\/email.png'  alt='' class='book_img' border='none' style='margin:1px; padding: 0;'  \/><\/a><\/span><span style='font-weight:bold; padding-left: 5px;'><a href='http:\/\/wordpress.org\/extend\/plugins\/knxdt-bookmarks-wordpress-plugin\/' title='Plugin' rel='nofollow' target='_blank'>[?]<\/a><\/span><\/td><\/tr><\/table><br\/><br\/><\/div>","protected":false},"excerpt":{"rendered":"<p>&nbsp; Recreaci\u00f3n del choque de Andr\u00f3meda contra nuestra galaxia, seg\u00fan se cre\u00eda hasta ahora &#8211; NASA, ESA, Z. Levay and R. van der Marel (STScI), T. Hallas, and A. Mellinger \u00a1Por f\u00edn sabemos cu\u00e1ndo Andr\u00f3meda chocar\u00e1 con la V\u00eda L\u00e1ctea. Ser\u00e1 600 Millones de a\u00f1os m\u00e1s tarde de lo que se cre\u00eda y de refil\u00f3n [&hellip;]<\/p>\n","protected":false},"author":2,"featured_media":0,"comment_status":"open","ping_status":"open","sticky":false,"template":"","format":"standard","meta":{"_s2mail":"yes","footnotes":""},"categories":[33],"tags":[],"_links":{"self":[{"href":"http:\/\/www.emiliosilveravazquez.com\/blog\/wp-json\/wp\/v2\/posts\/22974"}],"collection":[{"href":"http:\/\/www.emiliosilveravazquez.com\/blog\/wp-json\/wp\/v2\/posts"}],"about":[{"href":"http:\/\/www.emiliosilveravazquez.com\/blog\/wp-json\/wp\/v2\/types\/post"}],"author":[{"embeddable":true,"href":"http:\/\/www.emiliosilveravazquez.com\/blog\/wp-json\/wp\/v2\/users\/2"}],"replies":[{"embeddable":true,"href":"http:\/\/www.emiliosilveravazquez.com\/blog\/wp-json\/wp\/v2\/comments?post=22974"}],"version-history":[{"count":0,"href":"http:\/\/www.emiliosilveravazquez.com\/blog\/wp-json\/wp\/v2\/posts\/22974\/revisions"}],"wp:attachment":[{"href":"http:\/\/www.emiliosilveravazquez.com\/blog\/wp-json\/wp\/v2\/media?parent=22974"}],"wp:term":[{"taxonomy":"category","embeddable":true,"href":"http:\/\/www.emiliosilveravazquez.com\/blog\/wp-json\/wp\/v2\/categories?post=22974"},{"taxonomy":"post_tag","embeddable":true,"href":"http:\/\/www.emiliosilveravazquez.com\/blog\/wp-json\/wp\/v2\/tags?post=22974"}],"curies":[{"name":"wp","href":"https:\/\/api.w.org\/{rel}","templated":true}]}}