{"id":2296,"date":"2010-12-09T12:33:49","date_gmt":"2010-12-09T10:33:49","guid":{"rendered":"http:\/\/www.emiliosilveravazquez.com\/blog\/?p=2296"},"modified":"2010-12-09T13:33:22","modified_gmt":"2010-12-09T11:33:22","slug":"un-rumor-del-saber-para-recordar","status":"publish","type":"post","link":"http:\/\/www.emiliosilveravazquez.com\/blog\/2010\/12\/09\/un-rumor-del-saber-para-recordar\/","title":{"rendered":"Un Rumor del saber para recordar"},"content":{"rendered":"<p style=\"margin: 0cm 0cm 0pt; text-align: center; tab-stops: 68.25pt;\">El siglo XIX en Alemania<\/p>\n<p style=\"text-indent: 24pt; text-align: justify;\">Es evidente el florecimiento de la vida intelectual alemana durante el siglo XIX, el cual, se podr\u00eda calificar como fen\u00f3meno contempor\u00e1neo. Por aquel tiempo, surgieron figuras que cada uno en su campo del saber, marcaron una \u00e9poca: Sigmund Fre\u00edd, Max Planck, Riemann, Ernest Mach, Hermann Helmholtz, Marx, Weber, Nietzsche, Ibsen, Strinberg, Von Hofmannsthal, Rodolf Clausius, Wilhelm R\u00f6tgen, Eduard von Hartmann&#8230; todos ellos alemanes o de habla alemana. Con frecuencia se olvida y se pasa por alto que el periodo comprendido entre 1.843 y 1.933, que se solapa con el cambio de siglo, represent\u00f3 el punto culminante del genio alem\u00e1n.<\/p>\n<p style=\"text-indent: 24pt; text-align: justify;\">Como anotaba el historiador estadounidense Norman Cantor en 1.991: &#8220;Se supon\u00eda que el siglo XX iba a ser el siglo alem\u00e1n&#8221;.\u00a0 Sus palabras se hacen eco de las que pronunciara el fil\u00f3sofo franc\u00e9s Raymond Aron en una conversaci\u00f3n que mantuvo con el historiador alem\u00e1n Fritz Stern, mientras se encontraba en Berlin para una exhibici\u00f3n que conmemoraba el centenario del nacimiento de los F\u00edsicos Albert <a href=\"#\" onclick=\"referencia('einstein',event); return false;\">Einstein<\/a>, Otto Hahn y Lise Meitner.\u00a0 Todos ellos hab\u00edan nacido entre 1.878 y 1.879 y esto llev\u00f3 a Aron a se\u00f1alar: &#8220;Podr\u00eda haber sido el siglo de Alemania&#8221;.<\/p>\n<p style=\"text-indent: 24pt; text-align: justify;\">Lo que Cantor y Aron quer\u00edan decir era que, dejados a su suerte, los pensadores, artistas, escritores, fil\u00f3sofos y cient\u00edficos alemanes, que entre 1.848 y 1.933 eran los mejores del mundo, habr\u00edan llevado su reci\u00e9n unificado pa\u00eds a unas alturas jam\u00e1s so\u00f1adas, y que estaban haci\u00e9ndolo cuando el desastre personificado en Adolf Hitler irrumpi\u00f3 en la vida nacional.<\/p>\n<p><!--more--><\/p>\n<p style=\"text-indent: 24pt; text-align: justify;\">Cualquiera que dude de que el periodo comprendido entre 1.848\u00a0 y 1.933 fue de hecho el siglo alem\u00e1n s\u00f3lo necesita consultar (como he hecho yo) el siguiente listado de figuras.\u00a0 Aunque podr\u00edamos empezar por cualquier \u00e1mbito (tan complejo era el dominio alem\u00e1n), hag\u00e1moslo por m\u00fasica:<\/p>\n<p style=\"margin: auto auto auto 70pt; text-align: justify;\">Johannes Brahms, Richard Wagner, Ant\u00f3n Bruckner, Franz Liszt, Franz Schubert, Robert Schumann, Gustav Mahler, Arnold Sch\u00f6nberg, Johann Strauss, Bruno Walter, Fritz kreisler, Arthur honegger, Paul Hindemith, kurt Weill, Franz Leh\u00e1r, la Filarm\u00f3nica de Berlin, la Filarm\u00f3nica de Viena, etc. Etc.<\/p>\n<p style=\"text-indent: 24pt; text-align: justify;\">La medicina y la <a href=\"#\" onclick=\"referencia('psi',event); return false;\">psi<\/a>colog\u00eda no se quedan atr\u00e1s y, adem\u00e1s de Frend, podr\u00edamos nombrar a:<\/p>\n<p style=\"margin: auto auto auto 70pt; text-align: justify;\">Alfred Adler, Carl Jung, Ottl Rank, Wilhelm Wundt,\u00a0 Hermann Ronschach, Emil kraepelin, Wilhelm Reich, Karen Horney, Melanie Klein, Ernes t Kretschmer, G\u00e9za Roheim, Jacob Brener, Richard Kraff-Ebing, Paul Ehrlich, Robert koch, Wagner von Jauregg, August von, Wassermann, Gregor Mendel, Erich Tschermak,\u00a0 Paul Corremans, y otros.<\/p>\n<p style=\"text-indent: 24pt; text-align: justify;\">En la Filosof\u00eda podemos nombrar adem\u00e1s de Nietzsche a:<\/p>\n<p style=\"margin: auto auto auto 70pt; text-align: justify;\">Martin Heidegger, Edmund Husserl, Franz Brentano, Ernst Cassirer, Ernest Haeckel, Gottlob Frege, Ludwig Willgenstein, Rudolf Carnal, Ferdinand T\u00f6nnies, Martins Buber, Theodore Herzl, Karl Liebknecht, y Moritz Schlick.<\/p>\n<p style=\"text-indent: 24pt; text-align: justify;\">Muchos otros podr\u00edamos nombrar aqu\u00ed en el campo de la pintura y de los historiadores e investigadores, de estos \u00faltimos:<\/p>\n<p style=\"margin: auto auto auto 70pt; text-align: justify;\">Julios Meier-Graefe, Leopold voy Ranke, Teodor Mommsey, Ludwig Pastor, Wilhelm.\u00a0 Bode y Jacob Burckhardt, etc.<\/p>\n<p style=\"text-indent: 24pt; text-align: justify;\">En Literatura, encontramos:<\/p>\n<p style=\"margin: auto auto auto 70pt; text-align: justify;\">A Hugo von Hofmannstharl, Heinrich y Thomas Mann, Rainer Maria Filke, Helmann Hesse, Stefan Zweig, Gerhard Hauptmann, Gottfired keller, Theodor Fontane, Walter Hasenclever, Franz Werfel, Franz Wedekind, Arthur Schnitzler, Stefan George, Bertoet Brecht, Karl Kraus, Wilhelm Dilthey, Max Brod, Franz Kafka, Arnold Zwieg, Erich Mar\u00eda Remarque, Carl Zukmayer, etc.<\/p>\n<p style=\"margin: auto auto auto 70pt; text-align: justify;\">En sociolog\u00eda y econom\u00eda estaban Werner Sombart, George Simmel, Karl Mannheim, Max Weber, Joseph Schumpeter y Karl Papper.<\/p>\n<p style=\"margin: auto auto auto 70pt; text-align: justify;\">En arqueolog\u00eda y estudios bibl\u00edcos tenemos adem\u00e1s de D.F.Strauss, a Heinrich Schliemann, Ernest Curtius, Meter Horchhammer, George Grotefend, Kart Richard Le<a href=\"#\" onclick=\"referencia('psi',event); return false;\">psi<\/a>us, Bruno Meissner.<\/p>\n<p style=\"margin: auto auto auto 70pt; text-align: justify;\">En el campo de las ciencias, las matem\u00e1ticas y la ingenier\u00eda, sobresalem Albert <a href=\"#\" onclick=\"referencia('einstein',event); return false;\">Einstein<\/a>, Ernest Mach, Max Planck, Edwin Schr\u00f6dinger, Heinrich Hertz, Rudolf Diesel, Hermann von Helholtz, Wilhelm R\u00f6ntgen, Kart von Linde, Ferdinand von Zeppel\u00edn, Emil Fischer, Fritz Haber, Herman Geiger, Heinz junkers, George Cantor, Richard Courant, Arthur sommerfeld, Otto Hahr, Lise Meitener, Wolfgang Pauli, David Hilbert, Werner Heisemberg, Ludwig von Bertalanffy, Alfred Wegener y, no digamos de las firmas AEG, Boch, Benz, Siemens, Hoechst, Krupp, Mercedes, Dainler, Leica, y Thyssen.<\/p>\n<p style=\"text-indent: 24pt; text-align: justify;\">Pero incluso todo esto no hace del todo justicia al ingenio alem\u00e1n.\u00a0 El a\u00f1o 1.900 fue testigo de la presentaci\u00f3n ante el mundo de ideas que fueron un pilar en el saber del mundo actual: el inconsciente, el Gen y el Cuanto&#8230;. despu\u00e9s&#8230; la <a href=\"#\" onclick=\"referencia('relatividad',event); return false;\">relatividad<\/a>.<\/p>\n<p style=\"text-indent: 24pt; text-align: justify;\">Todo de origen alem\u00e1n.<\/p>\n<p style=\"text-indent: 24pt; text-align: right;\"><em>emilio silvera<\/em><\/p>\n<div class='bookmark'>\r\n\t\t<table align='left' border='0' cellpadding='0' width='100%'>\r\n\t\t<tr><td><span class='pushbutton'><a href='http:\/\/delicious.com\/post?url=http%3A%2F%2Fwww.emiliosilveravazquez.com%2Fblog%2F2010%2F12%2F09%2Fun-rumor-del-saber-para-recordar%2F&amp;title=Un+Rumor+del+saber+para+recordar' title='Delicious' target='_blank' rel='nofollow'><img src='http:\/\/www.emiliosilveravazquez.com\/blog\/wp-content\/plugins\/knxdt-bookmarks-wordpress-plugin\/images\/delicious.png'  alt='' class='book_img' border='none' style='margin:1px; padding: 0;'  \/><\/a><\/span><span class='pushbutton'><a href='http:\/\/digg.com\/submit?url=http%3A%2F%2Fwww.emiliosilveravazquez.com%2Fblog%2F2010%2F12%2F09%2Fun-rumor-del-saber-para-recordar%2F&amp;title=Un+Rumor+del+saber+para+recordar' title='Digg' target='_blank' rel='nofollow'><img src='http:\/\/www.emiliosilveravazquez.com\/blog\/wp-content\/plugins\/knxdt-bookmarks-wordpress-plugin\/images\/digg.png'  alt='' class='book_img' border='none' style='margin:1px; padding: 0;'  \/><\/a><\/span><span class='pushbutton'><a href='http:\/\/www.google.com\/bookmarks\/mark?op=edit&amp;bkmk=http%3A%2F%2Fwww.emiliosilveravazquez.com%2Fblog%2F2010%2F12%2F09%2Fun-rumor-del-saber-para-recordar%2F&amp;title=Un+Rumor+del+saber+para+recordar' title='Google' target='_blank' rel='nofollow'><img src='http:\/\/www.emiliosilveravazquez.com\/blog\/wp-content\/plugins\/knxdt-bookmarks-wordpress-plugin\/images\/google.png'   alt='' class='book_img' border='none' style='margin:1px; padding: 0;'  \/><\/a><\/span><span class='pushbutton'><a href='http:\/\/myweb2.search.yahoo.com\/myresults\/bookmarklet?u=http%3A%2F%2Fwww.emiliosilveravazquez.com%2Fblog%2F2010%2F12%2F09%2Fun-rumor-del-saber-para-recordar%2F&amp;t=Un+Rumor+del+saber+para+recordar' title='Yahoo' target='_blank' rel='nofollow'><img src='http:\/\/www.emiliosilveravazquez.com\/blog\/wp-content\/plugins\/knxdt-bookmarks-wordpress-plugin\/images\/yahoo.png'  alt='' class='book_img' border='none' style='margin:1px; padding: 0;'  \/><\/a><\/span><span class='pushbutton'><a href='http:\/\/www.technorati.com\/faves?add=http%3A%2F%2Fwww.emiliosilveravazquez.com%2Fblog%2F2010%2F12%2F09%2Fun-rumor-del-saber-para-recordar%2F' title='Technorati' target='_blank' rel='nofollow'><img src='http:\/\/www.emiliosilveravazquez.com\/blog\/wp-content\/plugins\/knxdt-bookmarks-wordpress-plugin\/images\/technorati.png'  alt='' class='book_img' border='none' style='margin:1px; padding: 0;'  \/><\/a><\/span><span class='pushbutton'><a href='http:\/\/meneame.net\/submit.php?url=http%3A%2F%2Fwww.emiliosilveravazquez.com%2Fblog%2F2010%2F12%2F09%2Fun-rumor-del-saber-para-recordar%2F' title='Meneame' target='_blank' rel='nofollow'><img src='http:\/\/www.emiliosilveravazquez.com\/blog\/wp-content\/plugins\/knxdt-bookmarks-wordpress-plugin\/images\/meneame.png'  alt='' class='book_img' border='none' style='margin:1px; padding: 0;'  \/><\/a><\/span><span class='pushbutton'><a href='http:\/\/enchilame.com\/submit.php?url=http:\/\/www.emiliosilveravazquez.com\/blog\/2010\/12\/09\/un-rumor-del-saber-para-recordar\/' target='_blank' rel='nofollow'><img title='Enchilame' src='http:\/\/www.emiliosilveravazquez.com\/blog\/wp-content\/plugins\/knxdt-bookmarks-wordpress-plugin\/images\/enchilame.png'  alt='' class='book_img' border='none' style='margin:1px; padding: 0;'  \/><\/a><\/span><span class='pushbutton'><a href='http:\/\/www.blinklist.com\/index.php?Action=Blink\/addblink.php&amp;Description=&amp;Url=http%3A%2F%2Fwww.emiliosilveravazquez.com%2Fblog%2F2010%2F12%2F09%2Fun-rumor-del-saber-para-recordar%2F&amp;title=Un+Rumor+del+saber+para+recordar' title='BlinkList' target='_blank' rel='nofollow'><img src='http:\/\/www.emiliosilveravazquez.com\/blog\/wp-content\/plugins\/knxdt-bookmarks-wordpress-plugin\/images\/blinklist.png'  alt='' class='book_img' border='none' style='margin:1px; padding: 0;'  \/><\/a><\/span><span class='pushbutton'><a href='http:\/\/reddit.com\/submit?url=http%3A%2F%2Fwww.emiliosilveravazquez.com%2Fblog%2F2010%2F12%2F09%2Fun-rumor-del-saber-para-recordar%2F&amp;title=Un+Rumor+del+saber+para+recordar' title='Reddit' target='_blank' rel='nofollow'><img src='http:\/\/www.emiliosilveravazquez.com\/blog\/wp-content\/plugins\/knxdt-bookmarks-wordpress-plugin\/images\/reddit.png'  alt='' class='book_img' border='none' style='margin:1px; padding: 0;'  \/><\/a><\/span><span class='pushbutton'><a href='http:\/\/www.tecnologiadiaria.com\/2009\/07\/abrir-com-hotmail-correo.html' target='_blank' title='hotmail'><img src='http:\/\/www.emiliosilveravazquez.com\/blog\/wp-content\/plugins\/knxdt-bookmarks-wordpress-plugin\/images\/linklove.png' alt='hotmail correo' class='book_img' border='none' style='margin:1px; padding: 0;' \/><\/a><\/span><span class='pushbutton'><a href='http:\/\/bitacoras.com\/votar\/anotacion\/externo\/mini\/www.emiliosilveravazquez.com\/blog\/2010\/12\/09\/un-rumor-del-saber-para-recordar\/' title='Bitacoras.com' target='_blank' rel='nofollow'><img src='http:\/\/www.emiliosilveravazquez.com\/blog\/wp-content\/plugins\/knxdt-bookmarks-wordpress-plugin\/images\/bitacoras.png'  alt='' class='book_img' border='none' style='margin:1px; padding: 0;'  \/><\/a><\/span><span class='pushbutton'><a href='http:\/\/www.wikio.es\/vote?url=http%3A%2F%2Fwww.emiliosilveravazquez.com%2Fblog%2F2010%2F12%2F09%2Fun-rumor-del-saber-para-recordar%2F' title='Wikio' target='_blank' rel='nofollow'><img src='http:\/\/www.emiliosilveravazquez.com\/blog\/wp-content\/plugins\/knxdt-bookmarks-wordpress-plugin\/images\/wikio.png'   alt='' class='book_img' border='none' style='margin:1px; padding: 0;'   \/><\/a><\/span><span class='pushbutton'><a href='http:\/\/friendfeed.com\/?url=http%3A%2F%2Fwww.emiliosilveravazquez.com%2Fblog%2F2010%2F12%2F09%2Fun-rumor-del-saber-para-recordar%2F&amp;title=Un+Rumor+del+saber+para+recordar' title='Friend Feed' target='_blank' rel='nofollow'><img src='http:\/\/www.emiliosilveravazquez.com\/blog\/wp-content\/plugins\/knxdt-bookmarks-wordpress-plugin\/images\/friendfeed.png'  alt='' class='book_img' border='none' style='margin:1px; padding: 0;'  \/><\/a><\/span><span class='pushbutton'><a href='http:\/\/www.facebook.com\/share.php?u=http%3A%2F%2Fwww.emiliosilveravazquez.com%2Fblog%2F2010%2F12%2F09%2Fun-rumor-del-saber-para-recordar%2F&amp;t=Un+Rumor+del+saber+para+recordar' title='Facebook' target='_blank' rel='nofollow'><img src='http:\/\/www.emiliosilveravazquez.com\/blog\/wp-content\/plugins\/knxdt-bookmarks-wordpress-plugin\/images\/facebook.png'  alt='' class='book_img' border='none' style='margin:1px; padding: 0;'  \/><\/a><\/span><span class='pushbutton'><a href='http:\/\/twitter.com\/home?status=Un+Rumor+del+saber+para+recordar: http%3A%2F%2Fwww.emiliosilveravazquez.com%2Fblog%2F2010%2F12%2F09%2Fun-rumor-del-saber-para-recordar%2F' title='Twitter' target='_blank' rel='nofollow'><img src='http:\/\/www.emiliosilveravazquez.com\/blog\/wp-content\/plugins\/knxdt-bookmarks-wordpress-plugin\/images\/twitter.png'  alt='' class='book_img' border='none' style='margin:1px; padding: 0;'  \/><\/a><\/span><span class='pushbutton'><a href='http:\/\/www.feedburner.com\/fb\/a\/emailFlare?itemTitle=Un+Rumor+del+saber+para+recordar&amp;uri=http%3A%2F%2Fwww.emiliosilveravazquez.com%2Fblog%2F2010%2F12%2F09%2Fun-rumor-del-saber-para-recordar%2F' title='Enviar por Email' target='_blank' rel='nofollow'><img src='http:\/\/www.emiliosilveravazquez.com\/blog\/wp-content\/plugins\/knxdt-bookmarks-wordpress-plugin\/images\/email.png'  alt='' class='book_img' border='none' style='margin:1px; padding: 0;'  \/><\/a><\/span><span style='font-weight:bold; padding-left: 5px;'><a href='http:\/\/wordpress.org\/extend\/plugins\/knxdt-bookmarks-wordpress-plugin\/' title='Plugin' rel='nofollow' target='_blank'>[?]<\/a><\/span><\/td><\/tr><\/table><br\/><br\/><\/div>","protected":false},"excerpt":{"rendered":"<p>El siglo XIX en Alemania Es evidente el florecimiento de la vida intelectual alemana durante el siglo XIX, el cual, se podr\u00eda calificar como fen\u00f3meno contempor\u00e1neo. Por aquel tiempo, surgieron figuras que cada uno en su campo del saber, marcaron una \u00e9poca: Sigmund Fre\u00edd, Max Planck, Riemann, Ernest Mach, Hermann Helmholtz, Marx, Weber, Nietzsche, Ibsen, [&hellip;]<\/p>\n","protected":false},"author":2,"featured_media":0,"comment_status":"open","ping_status":"open","sticky":false,"template":"","format":"standard","meta":{"_s2mail":"","footnotes":""},"categories":[11],"tags":[],"_links":{"self":[{"href":"http:\/\/www.emiliosilveravazquez.com\/blog\/wp-json\/wp\/v2\/posts\/2296"}],"collection":[{"href":"http:\/\/www.emiliosilveravazquez.com\/blog\/wp-json\/wp\/v2\/posts"}],"about":[{"href":"http:\/\/www.emiliosilveravazquez.com\/blog\/wp-json\/wp\/v2\/types\/post"}],"author":[{"embeddable":true,"href":"http:\/\/www.emiliosilveravazquez.com\/blog\/wp-json\/wp\/v2\/users\/2"}],"replies":[{"embeddable":true,"href":"http:\/\/www.emiliosilveravazquez.com\/blog\/wp-json\/wp\/v2\/comments?post=2296"}],"version-history":[{"count":0,"href":"http:\/\/www.emiliosilveravazquez.com\/blog\/wp-json\/wp\/v2\/posts\/2296\/revisions"}],"wp:attachment":[{"href":"http:\/\/www.emiliosilveravazquez.com\/blog\/wp-json\/wp\/v2\/media?parent=2296"}],"wp:term":[{"taxonomy":"category","embeddable":true,"href":"http:\/\/www.emiliosilveravazquez.com\/blog\/wp-json\/wp\/v2\/categories?post=2296"},{"taxonomy":"post_tag","embeddable":true,"href":"http:\/\/www.emiliosilveravazquez.com\/blog\/wp-json\/wp\/v2\/tags?post=2296"}],"curies":[{"name":"wp","href":"https:\/\/api.w.org\/{rel}","templated":true}]}}