{"id":22687,"date":"2019-01-11T06:53:29","date_gmt":"2019-01-11T05:53:29","guid":{"rendered":"http:\/\/www.emiliosilveravazquez.com\/blog\/?p=22687"},"modified":"2019-01-11T06:53:29","modified_gmt":"2019-01-11T05:53:29","slug":"no-siempre-hablamos-de-lo-que-comprendemos-14","status":"publish","type":"post","link":"http:\/\/www.emiliosilveravazquez.com\/blog\/2019\/01\/11\/no-siempre-hablamos-de-lo-que-comprendemos-14\/","title":{"rendered":"No siempre hablamos de lo que comprendemos"},"content":{"rendered":"<p style=\"text-align: justify;\"><img decoding=\"async\" src=\"https:\/\/www.tendencias21.net\/photo\/art\/default\/1734246-2348870.jpg?v=1289406156\" alt=\"Time on the Woter - Adobe.\" \/><\/p>\n<blockquote>\n<p style=\"text-align: justify;\">&#8220;El espacio y el tiempo son conceptos tan fundamentales que se resisten a ser definidos (como en la conocida cita de San Agust\u00edn: \u201c\u00bfQu\u00e9 es el tiempo? Si nadie me lo pregunta, lo s\u00e9. Si me lo preguntan, no lo s\u00e9\u201d. Su naturaleza \u00faltima est\u00e1 fuera del alcance de la ciencia y, sin embargo, toda la f\u00edsica se basa en ellos. Han evolucionado con la ciencia: el espacio y tiempo absolutos fueron esenciales para el desarrollo de la mec\u00e1nica <a href=\"#\" onclick=\"referencia('newton',event); return false;\">Newton<\/a>iana; un espacio-tiempo que depende del observador y que se ve deformado por la materia es el n\u00facleo de la revoluci\u00f3n tra\u00edda por la Relatividad General.<\/p>\n<p>Precisamente la Relatividad General, junto con la Teor\u00eda Cu\u00e1ntica de Campos (QFT) plantea un espinoso enigma a la ciencia actual, al no haberse encontrado ninguna teor\u00eda que las unifique. Pese a d\u00e9cadas de esfuerzo en varias l\u00edneas de investigaci\u00f3n prometedoras (como las Supercuerdas), el proceso de unificaci\u00f3n iniciado con las leyes de Maxwell no ha podido a\u00fan incluir con \u00e9xito a la Gravedad junto con las otras fuerzas. Es posible que la pr\u00f3xima revoluci\u00f3n cient\u00edfica llegue con un cambio de paradigma que reconcilie las dos teor\u00edas enfrentadas con una nueva manera de comprender el espacio y el tiempo.&#8221;<\/p><\/blockquote>\n<p style=\"text-align: justify;\"><img decoding=\"async\" src=\"https:\/\/mgmdenia.files.wordpress.com\/2016\/04\/image54.gif?w=400&amp;h=265\" alt=\"Resultado de imagen de El Modelo Est\u00c3\u00a1ndar de la f\u00c3\u00adsica de part\u00c3\u00adculas\" \/><\/p>\n<p style=\"text-align: justify;\">\u00a1La F\u00edsica! Lo que busca la f\u00edsica fundamental es reducir las leyes de la Naturaleza a una teor\u00eda final sencilla que lo explique todo. El f\u00edsico y premio Nobel Steven Weinberg se\u00f1ala que las reglas fundamentales son lo m\u00e1s satisfactorio (al menos para \u00e9l). Las leyes b\u00e1sicas de Isaac <a href=\"#\" onclick=\"referencia('newton',event); return false;\">Newton<\/a>, que predicen el comportamiento de los planetas, son m\u00e1s satisfactorias, por ejemplo, que un almanaque en el que se indique la posici\u00f3n de todos los planetas en cada momento. Weinberg nos dice que la F\u00edsica no puede explicarlo todo, matizando que s\u00f3lo puede explicar los sucesos relacion\u00e1ndolos con otros sucesos y con las reglas existentes.<\/p>\n<p style=\"text-align: justify;\"><img decoding=\"async\" src=\"http:\/\/www.fichasescolares.com\/wp-content\/uploads\/2017\/05\/sistema-soalr.gif\" alt=\"sistema soalr\" \/><\/p>\n<p style=\"text-align: justify;\">Por ejemplo, las \u00f3rbitas de los planetas son el resultado de unas reglas, pero las distancias de los planetas al Sol son accidentales, y no son consecuencia de ley fundamental alguna. Claro que, tambi\u00e9n las leyes podr\u00edan ser fruto de casualidades. Lo que s\u00ed es cierto es que los f\u00edsicos est\u00e1n m\u00e1s interesados por descubrir las reglas que por los sucesos que dichas reglas determinan, y m\u00e1s por los hechos que son independientes del tiempo; por ejemplo, les interesa m\u00e1s la masa del <a href=\"#\" onclick=\"referencia('electron',event); return false;\">electr\u00f3n<\/a> que un tornado que se pueda producir en un lugar determinado.<\/p>\n<p style=\"text-align: justify;\"><img decoding=\"async\" src=\"https:\/\/i.kinja-img.com\/gawker-media\/image\/upload\/s--L1Xec-vz--\/c_scale,fl_progressive,q_80,w_800\/nu2khjm4v47cfrlduqkm.jpg\" alt=\"Resultado de imagen de La Teor\u00c3\u00ada final\" \/><\/p>\n<p style=\"text-align: justify;\">\u00a0 \u00a0 \u00a0 \u00a0 \u00a0De esa Teor\u00eda final que tosdos persiguen, seguramente, ni se han inventado sus matem\u00e1ticas<\/p>\n<p style=\"text-align: justify;\">La ciencia, como nos dice Weinberg, no puede explicarlo todo y, sin embargo, algunos f\u00edsicos tienen la sensaci\u00f3n de que nos estamos acercando a &#8220;una explicaci\u00f3n del mundo&#8221; y, alg\u00fan d\u00eda, aunando todos los esfuerzos de muchos, las ideas de las mejores mentes que han sido, y las nuevas que llegar\u00e1n, podremos, al f\u00edn, construir esa Teor\u00eda final\u00a0tan largamente so\u00f1ada que, para que sea convincente, deber\u00e1 tambi\u00e9n, incluirnos a nosotros. Pero, parad\u00f3gicamente y a pesar de estos pensamientos, existen hechos que los contradicen, por ejemplo, conocemos toda la f\u00edsica fundamental de la mol\u00e9cula de agua desde hace 7 decenas de a\u00f1os, pero todav\u00eda no hay nadie que pueda explicar por qu\u00e9 el agua hierve a los 100 \u00baC. \u00bfQu\u00e9 ocurre? \u00bfSomos acaso demasiado tontos? Bueno, me atrever\u00eda a pronosticar que seguiremos siendo &#8220;demasiado tontos&#8221; incluso cuando los f\u00edsicos consigan (por fin) esa teor\u00eda final que nos pueda dar una &#8220;explicaci\u00f3n del mundo&#8221;. Siempre seguiremos siendo aprendices de la naturaleza que, sabia ella, nos esconde sus secretos para que persista el misterio.<\/p>\n<p style=\"text-align: justify;\"><img decoding=\"async\" title=\"M\u00e1s...\" src=\"http:\/\/www.emiliosilveravazquez.com\/blog\/wp-includes\/js\/tinymce\/plugins\/wordpress\/img\/trans.gif\" alt=\"\" \/><\/p>\n<p style=\"text-align: justify;\">\u00bfQu\u00e9 ser\u00eda de nosotros si lo supi\u00e9ramos todo?<\/p>\n<p style=\"text-align: justify;\"><img decoding=\"async\" src=\"https:\/\/culturacientifica.com\/app\/uploads\/2014\/06\/Del-modelo-estandar.png\" alt=\"Resultado de imagen de El Modelo Est\u00c3\u00a1ndar\" \/><\/p>\n<p style=\"text-align: justify;\">La explicaci\u00f3n que dan los f\u00edsicos actualmente\u00a0 sobre la subestructura de la materia se llama &#8220;el modelo est\u00e1ndar&#8221;. En este modelo est\u00e1n inclu\u00eddas las doce part\u00edculas elementales y las tres fuerzas que, cuando se mezclan y se encajan, sirven para construir todo lo que hay en el universo, desde un redondo pan de pueblo hecho en un horno de le\u00f1a,\u00a0 hasta las m\u00e1s complejas galaxias, y puede explicar todos los mecanismos de acci\u00f3n, es decir, la mec\u00e1nica del mundo.<\/p>\n<p style=\"text-align: justify;\">Entre las part\u00edculas figuran los seis Quarks famosos: arriba, abajo, extra\u00f1o, encanto, fondo y cima. Las otras seis part\u00edculas son Leptones: el <a href=\"#\" onclick=\"referencia('electron',event); return false;\">electr\u00f3n<\/a> y sus dos parientes m\u00e1s pesados, el <a href=\"#\" onclick=\"referencia('muon',event); return false;\">mu\u00f3n<\/a> y el <a href=\"#\" onclick=\"referencia('particula tau',event); return false;\">tau<\/a> y los tres <a href=\"#\" onclick=\"referencia('neutrinos',event); return false;\">neutrinos<\/a> a ellos asociados. Las tres fuerzas son la electromagn\u00e9tica, la <a href=\"#\" onclick=\"referencia('fuerza nuclear fuerte',event); return false;\">fuerza nuclear fuerte<\/a> (que mantiene unidos a los <a href=\"#\" onclick=\"referencia('quarks',event); return false;\">quarks<\/a>) y la <a href=\"#\" onclick=\"referencia('fuerza nuclear debil',event); return false;\">fuerza nuclear d\u00e9bil<\/a> (responsable de la radioactividasd). Hay una cuarta fuerza: la Gravedad que, aunque tan importante como las dem\u00e1s, nadie ha sabido como encajarla en el modelo est\u00e1ndar. Todas las part\u00edculas y fuerzas de este modelo son cu\u00e1nticas; es decir, siguen las reglas de la mec\u00e1nica cu\u00e1ntica. A\u00fan no existe una teor\u00eda de la gravedad cu\u00e1ntica.<\/p>\n<blockquote>\n<p style=\"text-align: justify;\">&#8220;Lo que Maldacena encontr\u00f3 es que, cuando se describe\u00a0<strong>el comportamiento de cuerdas en un espacio tiempo curvado<\/strong>de una forma muy particular (concretamente un Anti DeSittertensoriado a otro espacio), el sistema\u00a0<strong>es completamente equivalente al que describe una teor\u00eda de campos<\/strong>\u00a0sobre la frontera conforme del espacio-tiempo, frontera que resulta ser\u2026 \u00a1\u00a1un espacio de Minkowsky!! En palabras cotidianas, cada cosa que ocurre en el interior de una esfera de cristal se corresponde con algo que ocurre en su superficie.&#8221;<\/p>\n<\/blockquote>\n<p style=\"text-align: justify;\"><img decoding=\"async\" src=\"https:\/\/naukas.com\/fx\/uploads\/2011\/09\/superstrings.jpg\" alt=\"Resultado de imagen de Gravedad cu\u00c3\u00a1ntica\" \/><\/p>\n<blockquote>\n<p style=\"text-align: justify;\">&#8220;Las consecuencias de esta conjetura son muy importantes, pues existe la posibilidad de que el resto de interacciones (electromagn\u00e9ticas y nucleares) sean\u00a0<strong>tan s\u00f3lo una ilusi\u00f3n<\/strong>, el reflejo sobre el cristal de un escaparate del contenido de la tienda. As\u00ed, podr\u00eda ser que el electromagnetismo tan s\u00f3lo sea la imagen proyectada de la interacci\u00f3n de algunas cuerdas en un supuesto interior del espacio-tiempo. De la misma manera, la necesidad de compactificar las dimensiones adicionales desaparece en cierto modo si consideramos que, quiz\u00e1s, nuestro mundo sea solamente la frontera; siendo el interior del espacio-tiempo inaccesible.&#8221;<\/p>\n<\/blockquote>\n<p style=\"text-align: justify;\">Quiz\u00e1s resulte que, al final,\u00a0<strong>la \u00fanica interacci\u00f3n sea la gravedad\u2026<\/strong><\/p>\n<p style=\"text-align: justify;\"><img decoding=\"async\" src=\"http:\/\/3.bp.blogspot.com\/-fB0c22SRkC0\/UiQjbnvDr1I\/AAAAAAAAB6o\/jvLZww5Tdvk\/s1600\/multiverso-3-.jpg\" alt=\"Resultado de imagen de Gravedad cu\u00c3\u00a1ntica\" \/><\/p>\n<p style=\"text-align: justify;\"><img decoding=\"async\" src=\"http:\/\/cosmologiacuantica.webs.com\/art\/BigBounce.jpg\" alt=\"\" border=\"0\" \/><\/p>\n<p style=\"text-align: justify;\">En realidad, la regi\u00f3n que denominamos Gravedad cu\u00e1ntica nos lleva y comprende preguntas sobre el origen del universo observable que nadie ha sabido contestar. Nos lleva a complejos procesos cu\u00e1nticos situados en las \u00e9pocas m\u00e1s cercanas imaginables en un espacio-tiempo cl\u00e1sico, es decir, en lo que se conoce como Tiempo de Planck a 10<sup>-43<\/sup>\u00a0segundos del supuesto big bang, cuando reinaba una temperatura del orden de 10 x 10<sup>31<\/sup>\u00a0K. Pero, como hemos dicho, al no existir una teor\u00eda autoconsistente de la Gravedad cu\u00e1ntica, lo \u00fanico que podemos hacer (como en tantas otras \u00e1reas de la Ciencia)\u00a0 es especular.<\/p>\n<p style=\"text-align: justify;\">El Modelo Est\u00e1ndar no es, ni mucho menos, satisfactorio. Los cient\u00edficos piensan que no s\u00f3lo es incompleto, sino que es demasiado complicado y, desde hace mucho tiempo, buscan, incansables, otro modelo m\u00e1s sencillo y completo que explique mejor las cosas y que, adem\u00e1s, no tenga (como tiene el modelo actual) una veintena de par\u00e1metros aleatorios y necesarios para que cuadren las cuentas&#8230;, un ejemplo: el <a href=\"#\" onclick=\"referencia('bosones',event); return false;\">bos\u00f3n<\/a> de <a href=\"#\" onclick=\"referencia('higgs',event); return false;\">Higgs<\/a> necesario para dar masa a las part\u00edculas.<\/p>\n<p style=\"text-align: justify;\">\u00a1La masa! ese gran problema. Todas las part\u00edculas tienen masa diferentes pero nadie sabe de donde salen sus valores. No existe f\u00f3rmula alguna que diga, por ejemplo,\u00a0 que el <a href=\"#\" onclick=\"referencia('quark',event); return false;\">quark<\/a> extra\u00f1o deber\u00eda pesar el doble (o lo que sea) del <a href=\"#\" onclick=\"referencia('quark',event); return false;\">quark<\/a> arriba, o que el <a href=\"#\" onclick=\"referencia('electron',event); return false;\">electr\u00f3n<\/a> deba tener 1\/200 (u otra proporci\u00f3n) de la masa del <a href=\"#\" onclick=\"referencia('muon',event); return false;\">mu\u00f3n<\/a>. Las masas son de todo tipo y es preciso &#8220;ponerlas a mano&#8221;, como se suele decir: cada una ha de ser medida experimental e individualmente. En realidad, \u00bfpor qu\u00e9 han de tener masa las part\u00edculas? \u00bfde d\u00f3nde viene la masa?<\/p>\n<p style=\"text-align: justify;\"><img decoding=\"async\" id=\"BLOGGER_PHOTO_ID_5472678504016297570\" src=\"http:\/\/1.bp.blogspot.com\/_Vea_3vg0ArY\/S_LcGpnOvmI\/AAAAAAAAF7k\/-iqvF4vRthk\/s400\/dmNorma.jpg\" alt=\"Norma Materia Oscura\" border=\"0\" \/><\/p>\n<p style=\"text-align: justify;\">No puedo evitarlo ni tampoco me puedo quedar callado, cuando he asistido a alguna conferencia sobre la materia y, el ponente de turno se agarra a la &#8220;<a href=\"#\" onclick=\"referencia('materia oscura',event); return false;\">materia oscura<\/a>&#8221; para justificar lo que no sabe, si al final hay debate, entro en escena para discutir sobre la existencia de esa &#8220;materia fantasma&#8221; que quiere tapar nuestra enorme ignorancia. Est\u00e1 claro que algo &#8220;hay&#8221; y lo llaman &#8220;mater\u00eda oscura&#8221; pero nadie sabe lo que pueda ser.<\/p>\n<p style=\"text-align: justify;\"><img decoding=\"async\" src=\"https:\/\/i.pinimg.com\/236x\/8c\/e9\/d1\/8ce9d1e98e887c7bdb96782cc76e173c--higgs-boson-barcelona.jpg\" alt=\"Resultado de imagen de Los oc\u00c3\u00a9anos de Higgs\" \/><\/p>\n<p style=\"text-align: justify;\">Pero, sigamos con el problema de la masa. Para resolverlo, muchos expertos en f\u00edsica de part\u00edculas creen actualmente en algo que llaman &#8220;campo de <a href=\"#\" onclick=\"referencia('higgs',event); return false;\">Higgs<\/a>&#8221;. Se trata de un campo misterioso, invisible y et\u00e9reo que est\u00e1 permeando todo el espacio (\u00bfhabr\u00e1n vuelto al antiguo \u00e9ter pero cambi\u00e1ndole el nombre?). Hace que la materia parezca pesada, como cuando tratamos de correr por el fondo de la piscina llena de agua pero que el agua no se pudiera ver. Hace tiempo dec\u00edamos:\u00a0 &#8220;Si pudi\u00e9ramos encontrar ese campo, o m\u00e1s bien la part\u00edcula la part\u00edcula que se cree es la manifestaci\u00f3n de ese campo (llamada el <a href=\"#\" onclick=\"referencia('bosones',event); return false;\">bos\u00f3n<\/a> de <a href=\"#\" onclick=\"referencia('higgs',event); return false;\">Higgs<\/a>), avanzar\u00edamos un largo trecho hacia el conocimiento del universo.&#8221;<\/p>\n<p style=\"text-align: justify;\">Parece (seg\u00fan nos dicen) que la hemos encontrado pero&#8230; \u00a1Quedan pendientes muchas explicaciones!<\/p>\n<div style=\"text-align: justify;\"><strong>\u00a0\u00a0\u00a0\u00a0\u00a0\u00a0\u00a0\u00a0\u00a0\u00a0\u00a0\u00a0\u00a0\u00a0\u00a0\u00a0\u00a0\u00a0<\/strong><\/div>\n<div style=\"text-align: justify;\"><img decoding=\"async\" src=\"http:\/\/www.hercolubusufo.com\/wp-content\/themes\/sahifa\/timthumb.php?src=\/wp-content\/uploads\/2016\/01\/colisionador.jpg&amp;h=330&amp;w=660&amp;a=c\" alt=\"Resultado de imagen de El gran colisionador de hadrones\" \/><\/div>\n<p style=\"text-align: justify;\"><strong>\u00a0 \u00a0 \u00a0 \u00a0 \u00a0 \u00a0 \u00a0 \u00a0 \u00a0 \u00a0 \u00a0 \u00a0 \u00a0 \u00a0 \u00a0 \u00a0 \u00a0 \u00a0 \u00a0 \u00a0 \u00a0 \u00a0El Gran Colisionador de Hadrones<\/strong><\/p>\n<p style=\"text-align: justify;\">Aqu\u00ed, en este imponente artilugio est\u00e1 la inventiva de nuestras mentes, se quiere dar respuesta a una serie de interrogantes que se espera solucionar con este experimento:<\/p>\n<p style=\"text-align: justify;\">\u2022 Qu\u00e9 es la masa.<br \/>\n\u2022 El origen de la masa de las part\u00edculas<br \/>\n\u2022 El origen de la masa para los <a href=\"#\" onclick=\"referencia('barion',event); return false;\">bariones<\/a>.<br \/>\n\u2022 El n\u00famero exacto de part\u00edculas del \u00e1tomo.<\/p>\n<p style=\"text-align: justify;\"><img decoding=\"async\" src=\"https:\/\/vistoenlaweb.files.wordpress.com\/2012\/07\/0.jpg\" alt=\"Resultado de imagen de Los campos de Higgs\" \/><\/p>\n<p style=\"text-align: justify;\">Claro que, si no fuera tan largo de contar, os dir\u00eda que, en realidad, el Campo de <a href=\"#\" onclick=\"referencia('higgs',event); return false;\">Higgs<\/a> se descubri\u00f3 hace ya muchos siglos en la antigua India, con el nombre de maya, que sugiere la idea de un velo de ilusi\u00f3n para dar peso a los objetos del mundo material. Pocos conocen que, los hind\u00faes fueron los que m\u00e1s se acercaron a las ideas modernas sobre el \u00e1tomo, la f\u00edsica cu\u00e1ntica y otras teor\u00edas actuales. Ellos desarrollaron muy temprano s\u00f3lidas teor\u00edas atomistas sobre la materia. Posiblemente, el pensamiento atomista griega recibi\u00f3 las influencias del pensamiento de los hind\u00faes a trav\u00e9s de las civilizaciones persas. El Rig-Veda, que data de alguna fecha situada entre el 2000 y el 1500 a. C., es el primer texto hind\u00fa en el que se exponen unas ideas que pueden considerarse leyes naturales universales. La ley c\u00f3smica est\u00e1 relacionada con la luz c\u00f3smica.<\/p>\n<p style=\"text-align: justify;\"><img decoding=\"async\" src=\"http:\/\/www.indiga.org\/religions\/pics\/vedas.jpg\" alt=\"\" border=\"0\" \/><\/p>\n<p style=\"text-align: justify;\"><a name=\"c0\"><\/a>Anteriores a los primeros Upanishads tenemos en la India la creaci\u00f3n de los Vedas, visiones po\u00e9ticas y espirituales en las que la imaginaci\u00f3n humana ve la Naturaleza y la expresa en creaci\u00f3n po\u00e9tica, y despu\u00e9s va avanzando hacia unidades m\u00e1s intensamente reales que espirituales hasta llegar al Brahm\u00e1n \u00fanico de los Upanishads.<\/p>\n<p style=\"text-align: justify;\"><img decoding=\"async\" src=\"https:\/\/sobrehistoria.com\/wp-content\/uploads\/2011\/04\/image23.png\" alt=\"Resultado de imagen de La \u00e9poca de Buda\" \/><\/p>\n<p style=\"text-align: justify;\">Hacia la \u00e9poca de Buda (500 a, C.), los Upanishad, escritos durante un per\u00edodo de varios siglos, mencionaban el concepto\u00a0 de\u00a0<strong>svabhava,\u00a0<\/strong>definido como &#8220;la naturaleza inherente de los distintos materiales&#8221;; es decir, su eficacia causal \u00fanica, , tal como la combusti\u00f3n en el caso del fuego, o el hecho de fluir hacia abajo en el caso dela agua. El pensador Jain\u00ed Bunaratna nos dijo: &#8220;Todo lo que existe ha llegado a existir por acci\u00f3n de la\u00a0<strong>svabhava.\u00a0<\/strong>As\u00ed&#8230; la tierra se transforma en una vasija y no en pa\u00f1o&#8230; A partir de los hilos se produce el pa\u00f1o y no la vasija&#8221;.<\/p>\n<p style=\"text-align: justify;\"><img decoding=\"async\" src=\"http:\/\/carlosfelice.com.ar\/blog\/wp-content\/uploads\/20140901_moneda-al-azar-1.jpg\" alt=\"Resultado de imagen de El Azar\" \/><\/p>\n<p style=\"text-align: justify;\">Tambi\u00e9n aquellos pensadores, manejaron el concepto de\u00a0<strong>yadrccha,\u00a0<\/strong>o azar desde tiempos muy remotos. Implicaba la falta de orden y la aleatoriedad de la causalidad. Ambos conceptos se sumaron a la afirmaci\u00f3n del griego Dem\u00f3crito medio siglo m\u00e1s tarde: &#8220;Todo lo que hay en el universo es fruto del azar y la necesidad&#8221;. El ejemplo que que dio Dem\u00f3crito -similar al de los hilos del pa\u00f1o- fue que, toda la materia que existe, est\u00e1 formada por a-tomos o \u00e1tomos.<\/p>\n<p style=\"text-align: justify;\">Bueno, no lo puedo evitar, mi imaginaci\u00f3n se desboca y corre r\u00e1pida por los diversos pensamientos que por la mente pasan, de uno se traslada a otros y, al final, todo resulta un conglomerado de ideas que, en realidad, quieren explicar, dentro de esa diversidad, la misma cosa.<\/p>\n<p style=\"text-align: justify;\">emilio silvera<\/p>\n<div class='bookmark'>\r\n\t\t<table align='left' border='0' cellpadding='0' width='100%'>\r\n\t\t<tr><td><span class='pushbutton'><a href='http:\/\/delicious.com\/post?url=http%3A%2F%2Fwww.emiliosilveravazquez.com%2Fblog%2F2019%2F01%2F11%2Fno-siempre-hablamos-de-lo-que-comprendemos-14%2F&amp;title=No+siempre+hablamos+de+lo+que+comprendemos' title='Delicious' target='_blank' rel='nofollow'><img src='http:\/\/www.emiliosilveravazquez.com\/blog\/wp-content\/plugins\/knxdt-bookmarks-wordpress-plugin\/images\/delicious.png'  alt='' class='book_img' border='none' style='margin:1px; padding: 0;'  \/><\/a><\/span><span class='pushbutton'><a href='http:\/\/digg.com\/submit?url=http%3A%2F%2Fwww.emiliosilveravazquez.com%2Fblog%2F2019%2F01%2F11%2Fno-siempre-hablamos-de-lo-que-comprendemos-14%2F&amp;title=No+siempre+hablamos+de+lo+que+comprendemos' title='Digg' target='_blank' rel='nofollow'><img src='http:\/\/www.emiliosilveravazquez.com\/blog\/wp-content\/plugins\/knxdt-bookmarks-wordpress-plugin\/images\/digg.png'  alt='' class='book_img' border='none' style='margin:1px; padding: 0;'  \/><\/a><\/span><span class='pushbutton'><a href='http:\/\/www.google.com\/bookmarks\/mark?op=edit&amp;bkmk=http%3A%2F%2Fwww.emiliosilveravazquez.com%2Fblog%2F2019%2F01%2F11%2Fno-siempre-hablamos-de-lo-que-comprendemos-14%2F&amp;title=No+siempre+hablamos+de+lo+que+comprendemos' title='Google' target='_blank' rel='nofollow'><img src='http:\/\/www.emiliosilveravazquez.com\/blog\/wp-content\/plugins\/knxdt-bookmarks-wordpress-plugin\/images\/google.png'   alt='' class='book_img' border='none' style='margin:1px; padding: 0;'  \/><\/a><\/span><span class='pushbutton'><a href='http:\/\/myweb2.search.yahoo.com\/myresults\/bookmarklet?u=http%3A%2F%2Fwww.emiliosilveravazquez.com%2Fblog%2F2019%2F01%2F11%2Fno-siempre-hablamos-de-lo-que-comprendemos-14%2F&amp;t=No+siempre+hablamos+de+lo+que+comprendemos' title='Yahoo' target='_blank' rel='nofollow'><img src='http:\/\/www.emiliosilveravazquez.com\/blog\/wp-content\/plugins\/knxdt-bookmarks-wordpress-plugin\/images\/yahoo.png'  alt='' class='book_img' border='none' style='margin:1px; padding: 0;'  \/><\/a><\/span><span class='pushbutton'><a href='http:\/\/www.technorati.com\/faves?add=http%3A%2F%2Fwww.emiliosilveravazquez.com%2Fblog%2F2019%2F01%2F11%2Fno-siempre-hablamos-de-lo-que-comprendemos-14%2F' title='Technorati' target='_blank' rel='nofollow'><img src='http:\/\/www.emiliosilveravazquez.com\/blog\/wp-content\/plugins\/knxdt-bookmarks-wordpress-plugin\/images\/technorati.png'  alt='' class='book_img' border='none' style='margin:1px; padding: 0;'  \/><\/a><\/span><span class='pushbutton'><a href='http:\/\/meneame.net\/submit.php?url=http%3A%2F%2Fwww.emiliosilveravazquez.com%2Fblog%2F2019%2F01%2F11%2Fno-siempre-hablamos-de-lo-que-comprendemos-14%2F' title='Meneame' target='_blank' rel='nofollow'><img src='http:\/\/www.emiliosilveravazquez.com\/blog\/wp-content\/plugins\/knxdt-bookmarks-wordpress-plugin\/images\/meneame.png'  alt='' class='book_img' border='none' style='margin:1px; padding: 0;'  \/><\/a><\/span><span class='pushbutton'><a href='http:\/\/enchilame.com\/submit.php?url=http:\/\/www.emiliosilveravazquez.com\/blog\/2019\/01\/11\/no-siempre-hablamos-de-lo-que-comprendemos-14\/' target='_blank' rel='nofollow'><img title='Enchilame' src='http:\/\/www.emiliosilveravazquez.com\/blog\/wp-content\/plugins\/knxdt-bookmarks-wordpress-plugin\/images\/enchilame.png'  alt='' class='book_img' border='none' style='margin:1px; padding: 0;'  \/><\/a><\/span><span class='pushbutton'><a href='http:\/\/www.blinklist.com\/index.php?Action=Blink\/addblink.php&amp;Description=&amp;Url=http%3A%2F%2Fwww.emiliosilveravazquez.com%2Fblog%2F2019%2F01%2F11%2Fno-siempre-hablamos-de-lo-que-comprendemos-14%2F&amp;title=No+siempre+hablamos+de+lo+que+comprendemos' title='BlinkList' target='_blank' rel='nofollow'><img src='http:\/\/www.emiliosilveravazquez.com\/blog\/wp-content\/plugins\/knxdt-bookmarks-wordpress-plugin\/images\/blinklist.png'  alt='' class='book_img' border='none' style='margin:1px; padding: 0;'  \/><\/a><\/span><span class='pushbutton'><a href='http:\/\/reddit.com\/submit?url=http%3A%2F%2Fwww.emiliosilveravazquez.com%2Fblog%2F2019%2F01%2F11%2Fno-siempre-hablamos-de-lo-que-comprendemos-14%2F&amp;title=No+siempre+hablamos+de+lo+que+comprendemos' title='Reddit' target='_blank' rel='nofollow'><img src='http:\/\/www.emiliosilveravazquez.com\/blog\/wp-content\/plugins\/knxdt-bookmarks-wordpress-plugin\/images\/reddit.png'  alt='' class='book_img' border='none' style='margin:1px; padding: 0;'  \/><\/a><\/span><span class='pushbutton'><a href='http:\/\/www.tecnologiadiaria.com\/2009\/07\/abrir-com-hotmail-correo.html' target='_blank' title='hotmail'><img src='http:\/\/www.emiliosilveravazquez.com\/blog\/wp-content\/plugins\/knxdt-bookmarks-wordpress-plugin\/images\/linklove.png' alt='hotmail correo' class='book_img' border='none' style='margin:1px; padding: 0;' \/><\/a><\/span><span class='pushbutton'><a href='http:\/\/bitacoras.com\/votar\/anotacion\/externo\/mini\/www.emiliosilveravazquez.com\/blog\/2019\/01\/11\/no-siempre-hablamos-de-lo-que-comprendemos-14\/' title='Bitacoras.com' target='_blank' rel='nofollow'><img src='http:\/\/www.emiliosilveravazquez.com\/blog\/wp-content\/plugins\/knxdt-bookmarks-wordpress-plugin\/images\/bitacoras.png'  alt='' class='book_img' border='none' style='margin:1px; padding: 0;'  \/><\/a><\/span><span class='pushbutton'><a href='http:\/\/www.wikio.es\/vote?url=http%3A%2F%2Fwww.emiliosilveravazquez.com%2Fblog%2F2019%2F01%2F11%2Fno-siempre-hablamos-de-lo-que-comprendemos-14%2F' title='Wikio' target='_blank' rel='nofollow'><img src='http:\/\/www.emiliosilveravazquez.com\/blog\/wp-content\/plugins\/knxdt-bookmarks-wordpress-plugin\/images\/wikio.png'   alt='' class='book_img' border='none' style='margin:1px; padding: 0;'   \/><\/a><\/span><span class='pushbutton'><a href='http:\/\/friendfeed.com\/?url=http%3A%2F%2Fwww.emiliosilveravazquez.com%2Fblog%2F2019%2F01%2F11%2Fno-siempre-hablamos-de-lo-que-comprendemos-14%2F&amp;title=No+siempre+hablamos+de+lo+que+comprendemos' title='Friend Feed' target='_blank' rel='nofollow'><img src='http:\/\/www.emiliosilveravazquez.com\/blog\/wp-content\/plugins\/knxdt-bookmarks-wordpress-plugin\/images\/friendfeed.png'  alt='' class='book_img' border='none' style='margin:1px; padding: 0;'  \/><\/a><\/span><span class='pushbutton'><a href='http:\/\/www.facebook.com\/share.php?u=http%3A%2F%2Fwww.emiliosilveravazquez.com%2Fblog%2F2019%2F01%2F11%2Fno-siempre-hablamos-de-lo-que-comprendemos-14%2F&amp;t=No+siempre+hablamos+de+lo+que+comprendemos' title='Facebook' target='_blank' rel='nofollow'><img src='http:\/\/www.emiliosilveravazquez.com\/blog\/wp-content\/plugins\/knxdt-bookmarks-wordpress-plugin\/images\/facebook.png'  alt='' class='book_img' border='none' style='margin:1px; padding: 0;'  \/><\/a><\/span><span class='pushbutton'><a href='http:\/\/twitter.com\/home?status=No+siempre+hablamos+de+lo+que+comprendemos: http%3A%2F%2Fwww.emiliosilveravazquez.com%2Fblog%2F2019%2F01%2F11%2Fno-siempre-hablamos-de-lo-que-comprendemos-14%2F' title='Twitter' target='_blank' rel='nofollow'><img src='http:\/\/www.emiliosilveravazquez.com\/blog\/wp-content\/plugins\/knxdt-bookmarks-wordpress-plugin\/images\/twitter.png'  alt='' class='book_img' border='none' style='margin:1px; padding: 0;'  \/><\/a><\/span><span class='pushbutton'><a href='http:\/\/www.feedburner.com\/fb\/a\/emailFlare?itemTitle=No+siempre+hablamos+de+lo+que+comprendemos&amp;uri=http%3A%2F%2Fwww.emiliosilveravazquez.com%2Fblog%2F2019%2F01%2F11%2Fno-siempre-hablamos-de-lo-que-comprendemos-14%2F' title='Enviar por Email' target='_blank' rel='nofollow'><img src='http:\/\/www.emiliosilveravazquez.com\/blog\/wp-content\/plugins\/knxdt-bookmarks-wordpress-plugin\/images\/email.png'  alt='' class='book_img' border='none' style='margin:1px; padding: 0;'  \/><\/a><\/span><span style='font-weight:bold; padding-left: 5px;'><a href='http:\/\/wordpress.org\/extend\/plugins\/knxdt-bookmarks-wordpress-plugin\/' title='Plugin' rel='nofollow' target='_blank'>[?]<\/a><\/span><\/td><\/tr><\/table><br\/><br\/><\/div>","protected":false},"excerpt":{"rendered":"<p>&#8220;El espacio y el tiempo son conceptos tan fundamentales que se resisten a ser definidos (como en la conocida cita de San Agust\u00edn: \u201c\u00bfQu\u00e9 es el tiempo? Si nadie me lo pregunta, lo s\u00e9. Si me lo preguntan, no lo s\u00e9\u201d. Su naturaleza \u00faltima est\u00e1 fuera del alcance de la ciencia y, sin embargo, toda [&hellip;]<\/p>\n","protected":false},"author":2,"featured_media":0,"comment_status":"open","ping_status":"open","sticky":false,"template":"","format":"standard","meta":{"_s2mail":"yes","footnotes":""},"categories":[6],"tags":[],"_links":{"self":[{"href":"http:\/\/www.emiliosilveravazquez.com\/blog\/wp-json\/wp\/v2\/posts\/22687"}],"collection":[{"href":"http:\/\/www.emiliosilveravazquez.com\/blog\/wp-json\/wp\/v2\/posts"}],"about":[{"href":"http:\/\/www.emiliosilveravazquez.com\/blog\/wp-json\/wp\/v2\/types\/post"}],"author":[{"embeddable":true,"href":"http:\/\/www.emiliosilveravazquez.com\/blog\/wp-json\/wp\/v2\/users\/2"}],"replies":[{"embeddable":true,"href":"http:\/\/www.emiliosilveravazquez.com\/blog\/wp-json\/wp\/v2\/comments?post=22687"}],"version-history":[{"count":0,"href":"http:\/\/www.emiliosilveravazquez.com\/blog\/wp-json\/wp\/v2\/posts\/22687\/revisions"}],"wp:attachment":[{"href":"http:\/\/www.emiliosilveravazquez.com\/blog\/wp-json\/wp\/v2\/media?parent=22687"}],"wp:term":[{"taxonomy":"category","embeddable":true,"href":"http:\/\/www.emiliosilveravazquez.com\/blog\/wp-json\/wp\/v2\/categories?post=22687"},{"taxonomy":"post_tag","embeddable":true,"href":"http:\/\/www.emiliosilveravazquez.com\/blog\/wp-json\/wp\/v2\/tags?post=22687"}],"curies":[{"name":"wp","href":"https:\/\/api.w.org\/{rel}","templated":true}]}}