{"id":22635,"date":"2019-01-03T09:29:55","date_gmt":"2019-01-03T08:29:55","guid":{"rendered":"http:\/\/www.emiliosilveravazquez.com\/blog\/?p=22635"},"modified":"2019-01-03T09:29:55","modified_gmt":"2019-01-03T08:29:55","slug":"otra-nueva-teoria-cosmologica","status":"publish","type":"post","link":"http:\/\/www.emiliosilveravazquez.com\/blog\/2019\/01\/03\/otra-nueva-teoria-cosmologica\/","title":{"rendered":"Otra nueva teor\u00eda cosmol\u00f3gica"},"content":{"rendered":"<p style=\"text-align: justify;\"><img decoding=\"async\" src=\"https:\/\/www.abc.es\/media\/ciencia\/2018\/12\/30\/189365_web-kJX--620x349@abc.jpg\" alt=\"Nuestro Universo estar\u00eda &quot;montado&quot; sobre una burbuja que se expande en otra dimensi\u00f3n, seg\u00fan la nueva teor\u00eda de un equipo de investigadores de la Universidad de Uppsala\" \/><\/p>\n<p style=\"text-align: justify;\">Nuestro Universo estar\u00eda &#8220;montado&#8221; sobre una burbuja que se expande en otra dimensi\u00f3n, seg\u00fan la nueva teor\u00eda de un equipo de investigadores de la Universidad de Uppsala &#8211;\u00a0Suvendu Giri<\/p>\n<p style=\"text-align: justify;\"><strong>\u00bfEst\u00e1 el Universo &#8220;montado&#8221; sobre una enorme burbuja en expansi\u00f3n?<\/strong><\/p>\n<h1 style=\"text-align: justify;\"><\/h1>\n<p><img decoding=\"async\" src=\"http:\/\/www.marcopassarella.it\/wp-content\/uploads\/big_bang-universe-1.jpg\" alt=\"Imagen relacionada\" \/><\/p>\n<p>&nbsp;<\/p>\n<h2 style=\"text-align: justify;\">Un nuevo modelo basado en la Teor\u00eda de Cuerdas logra prescindir de la necesidad de que exista la misteriosa energ\u00eda oscura<\/h2>\n<p>&nbsp;<\/p>\n<p>Reportaje de ABA-Ciencia<\/p>\n<p>&nbsp;<\/p>\n<p>&nbsp;<\/p>\n<p style=\"text-align: justify;\">\n<aside>\n<h4>NOTICIAS RELACIONADAS<\/h4>\n<p>&nbsp;<\/p>\n<ul>\n<li><a title=\"\u00bfPuede la Teor\u00eda de Cuerdas explicar la expansi\u00f3n acelerada del Universo?\" href=\"https:\/\/www.abc.es\/ciencia\/abci-puede-teoria-cuerdas-explicar-expansion-acelerada-universo-201810092014_noticia.html#ns_campaign=mod-sugeridos&amp;ns_mchannel=relacionados&amp;ns_source=puede-la-teoria-de-cuerdas-explicar-la-expansion-acelerada-del-universo&amp;ns_linkname=noticia.foto.ciencia&amp;ns_fee=pos-1\" data-voc-vtm-id=\"contenidorelacionado\">\u00bfPuede la Teor\u00eda de Cuerdas explicar la expansi\u00f3n acelerada del Universo?<\/a><\/li>\n<li><a title=\"\u00bfY si el Universo est\u00e1 flotando en un extra\u00f1o oc\u00e9ano de masa negativa?\" href=\"https:\/\/www.abc.es\/ciencia\/abci-y-si-universo-esta-flotando-extrano-oceano-masa-negativa-201812100900_noticia.html#ns_campaign=mod-sugeridos&amp;ns_mchannel=relacionados&amp;ns_source=y-si-el-universo-esta-flotando-en-un-extrano-oceano-de-masa-negativa&amp;ns_linkname=noticia.foto.ciencia&amp;ns_fee=pos-2\" data-voc-vtm-id=\"contenidorelacionado\">\u00bfY si el Universo est\u00e1 flotando en un extra\u00f1o oc\u00e9ano de masa negativa?<\/a><\/li>\n<li><a title=\"Descubren un aut\u00e9ntico f\u00f3sil del Big Bang flotando en el espacio\" href=\"https:\/\/www.abc.es\/ciencia\/abci-descubren-autentico-fosil-bang-flotando-espacio-201812182104_noticia.html#ns_campaign=mod-sugeridos&amp;ns_mchannel=relacionados&amp;ns_source=descubren-un-autentico-fosil-del-big-bang-flotando-en-el-espacio&amp;ns_linkname=noticia.foto.ciencia&amp;ns_fee=pos-3\" data-voc-vtm-id=\"contenidorelacionado\">Descubren un aut\u00e9ntico f\u00f3sil del <a href=\"#\" onclick=\"referencia('big bang',event); return false;\">Big Bang<\/a> flotando en el espacio<\/a><\/li>\n<\/ul>\n<div><img decoding=\"async\" loading=\"lazy\" src=\"https:\/\/upload.wikimedia.org\/wikipedia\/commons\/thumb\/e\/e9\/Botaniska_tr%C3%A4dg%C3%A5rden%2C_Uppsala_II.jpg\/1280px-Botaniska_tr%C3%A4dg%C3%A5rden%2C_Uppsala_II.jpg\" alt=\"\" width=\"577\" height=\"388\" \/><\/div>\n<\/aside>\n<p>&nbsp;<\/p>\n<p>&nbsp;<\/p>\n<p style=\"text-align: justify;\">\n<aside>\u00a0\u00a0\u00a0\u00a0\u00a0\u00a0\u00a0\u00a0\u00a0\u00a0\u00a0\u00a0\u00a0\u00a0\u00a0\u00a0\u00a0\u00a0\u00a0\u00a0\u00a0\u00a0\u00a0\u00a0\u00a0\u00a0\u00a0\u00a0\u00a0\u00a0\u00a0\u00a0\u00a0\u00a0\u00a0\u00a0\u00a0\u00a0\u00a0\u00a0\u00a0\u00a0\u00a0\u00a0\u00a0\u00a0 University of Uppsala Botanical Garden<\/aside>\n<aside> <\/aside>\n<p>&nbsp;<\/p>\n<p>&nbsp;<\/p>\n<p>&nbsp;<\/p>\n<p>&nbsp;<\/p>\n<p style=\"text-align: justify;\">Un equipo de investigadores de la Universidad de Uppsala ha ideado un nuevo modelo para explicar el Universo, uno que parece ser capaz de\u00a0<strong>resolver el enigma de la energ\u00eda oscura<\/strong>. En un art\u00edculo reci\u00e9n aparecido en\u00a0<a href=\"https:\/\/journals.aps.org\/prl\/abstract\/10.1103\/PhysRevLett.121.261301\">Physical Review Letters<\/a>, los cient\u00edficos proponen un nuevo concepto, seg\u00fan el cual el Universo entero se estar\u00eda desplazando sobre una burbuja que se expande en una dimensi\u00f3n adicional.<\/p>\n<p style=\"text-align: justify;\">Parece complicado, es cierto, pero es una forma de evitar la necesidad de una energ\u00eda oscura. Desde hace ya m\u00e1s de dos d\u00e9cadas se sabe que\u00a0<a href=\"https:\/\/www.abc.es\/ciencia\/abci-y-si-universo-esta-flotando-extrano-oceano-masa-negativa-201812100900_noticia.html\">el Universo est\u00e1 en expansi\u00f3n<\/a>, y\u00a0<strong>no solo eso, sino que esa expansi\u00f3n es acelerada<\/strong>. Lo cual significa que el Universo no solo sigue creciendo, sino que lo hace cada vez m\u00e1s deprisa. La explicaci\u00f3n convencional pasa por la existencia de un tipo de energ\u00eda (la energ\u00eda oscura), que lo permea todo y que \u00abempuja\u00bb al Universo a expandirse m\u00e1s y m\u00e1s r\u00e1pido. Comprender la naturaleza y la forma en que funciona esa energ\u00eda oscura se ha convertido en uno de los principales enigmas de la F\u00edsica.<\/p>\n<h3 style=\"text-align: justify;\">\u00bfUna explicaci\u00f3n en la teor\u00eda de cuerdas?<\/h3>\n<p>&nbsp;<\/p>\n<p>&nbsp;<\/p>\n<p><img decoding=\"async\" loading=\"lazy\" src=\"https:\/\/4.bp.blogspot.com\/-TX5J16tLUFw\/TZ-sFhaQmUI\/AAAAAAAAAA4\/s_UbkZdgFeQ\/s1600\/cuerdas%2Bdos.jpg\" alt=\"Resultado de imagen de Las cuerdas vibrantes de la Teor\u00eda\" width=\"400\" height=\"300\" \/><\/p>\n<p>&nbsp;<\/p>\n<p style=\"text-align: justify;\">Durante mucho tiempo, los f\u00edsicos han esperado a que la Teor\u00eda de Cuerdas proporcionara una respuesta. Pero no ha sido as\u00ed. Seg\u00fan esa teor\u00eda,\u00a0<strong>toda la materia que nos rodea est\u00e1 formata por una serie de objetos diminutos y vibrantes<\/strong>, las cuerdas. La teor\u00eda tambi\u00e9n requiere la existencia de m\u00e1s dimensiones espaciales, adem\u00e1s de las tres que conocemos. Durante los \u00faltimos 15 a\u00f1os, diversos modelos de la Teor\u00eda de Cuerdas han tratado de explicar la energ\u00eda oscura. Sin embargo, esos modelos han ido recibiendo cr\u00edticas cada vez m\u00e1s duras, y cada vez m\u00e1s investigadores se convencen de que ninguno de los modelos propuestos hasta la fecha es viable.<\/p>\n<p style=\"text-align: justify;\"><img decoding=\"async\" loading=\"lazy\" src=\"http:\/\/www.comoves.unam.mx\/assets\/revista\/214\/vivimos-en-un-multiuniverso.jpg\" alt=\"Resultado de imagen de nuestro Universo estar\u00eda \u00abmontado\u00bb sobre una burbuja que se est\u00e1 expandiendo en una dimensi\u00f3n adicional\" width=\"265\" height=\"353\" \/><\/p>\n<p style=\"text-align: justify;\">En su art\u00edculo, Souvik Banerjee, Ulf Danielsson, Giuseppe Dibitetto, Suvendu Giri y Marjorie Schillo proponen un nuevo modelo en el que\u00a0<strong>nuestro Universo estar\u00eda \u00abmontado\u00bb sobre una burbuja que se est\u00e1 expandiendo en una dimensi\u00f3n adicional<\/strong>. El Universo entero estar\u00eda acomodado en el borde de esa burbuja en expansi\u00f3n, y toda la materia que contiene corresponder\u00eda a los extremos de las cuerdas que se extienden hacia la dimensi\u00f3n adicional.<\/p>\n<p style=\"text-align: justify;\">En su trabajo, los investigadores de la Universidad de Uppsala tambi\u00e9n muestran que la expansi\u00f3n de burbujas de este tipo puede darse dentro del marco de la propia Teor\u00eda de Cuerdas. Por eso, resulta concebible que, adem\u00e1s de la nuestra, existan m\u00e1s burbujas, cada una de ellas correspondiente a otro Universo.<\/p>\n<p style=\"text-align: justify;\"><img decoding=\"async\" loading=\"lazy\" src=\"http:\/\/4.bp.blogspot.com\/-POOLGGsACcI\/TsbnLVP9FnI\/AAAAAAAAX6E\/VQRKlFghrRI\/s400\/280810223_1e59d78288.jpg\" alt=\"Imagen relacionada\" width=\"353\" height=\"353\" \/><\/p>\n<p style=\"text-align: justify;\">\u00a0\u00a0\u00a0\u00a0\u00a0\u00a0\u00a0\u00a0\u00a0\u00a0\u00a0\u00a0\u00a0\u00a0\u00a0\u00a0\u00a0\u00a0\u00a0\u00a0\u00a0 Un universo sin <a href=\"#\" onclick=\"referencia('materia oscura',event); return false;\">materia oscura<\/a><\/p>\n<p style=\"text-align: justify;\">De esta forma, el modelo\u00a0<strong>proporciona un nuevo y sugerente punto de vista<\/strong>\u00a0de la creaci\u00f3n, evoluci\u00f3n y destino del Universo en que vivimos, uno que prescinde por completo de la necesidad de una energ\u00eda oscura y que podr\u00eda allanar el hasta ahora tortuoso camino para los m\u00e9todos de prueba previstos por la Teor\u00eda de Cuerdas.<\/p>\n<div class='bookmark'>\r\n\t\t<table align='left' border='0' cellpadding='0' width='100%'>\r\n\t\t<tr><td><span class='pushbutton'><a href='http:\/\/delicious.com\/post?url=http%3A%2F%2Fwww.emiliosilveravazquez.com%2Fblog%2F2019%2F01%2F03%2Fotra-nueva-teoria-cosmologica%2F&amp;title=Otra+nueva+teor%C3%ADa+cosmol%C3%B3gica' title='Delicious' target='_blank' rel='nofollow'><img src='http:\/\/www.emiliosilveravazquez.com\/blog\/wp-content\/plugins\/knxdt-bookmarks-wordpress-plugin\/images\/delicious.png'  alt='' class='book_img' border='none' style='margin:1px; padding: 0;'  \/><\/a><\/span><span class='pushbutton'><a href='http:\/\/digg.com\/submit?url=http%3A%2F%2Fwww.emiliosilveravazquez.com%2Fblog%2F2019%2F01%2F03%2Fotra-nueva-teoria-cosmologica%2F&amp;title=Otra+nueva+teor%C3%ADa+cosmol%C3%B3gica' title='Digg' target='_blank' rel='nofollow'><img src='http:\/\/www.emiliosilveravazquez.com\/blog\/wp-content\/plugins\/knxdt-bookmarks-wordpress-plugin\/images\/digg.png'  alt='' class='book_img' border='none' style='margin:1px; padding: 0;'  \/><\/a><\/span><span class='pushbutton'><a href='http:\/\/www.google.com\/bookmarks\/mark?op=edit&amp;bkmk=http%3A%2F%2Fwww.emiliosilveravazquez.com%2Fblog%2F2019%2F01%2F03%2Fotra-nueva-teoria-cosmologica%2F&amp;title=Otra+nueva+teor%C3%ADa+cosmol%C3%B3gica' title='Google' target='_blank' rel='nofollow'><img src='http:\/\/www.emiliosilveravazquez.com\/blog\/wp-content\/plugins\/knxdt-bookmarks-wordpress-plugin\/images\/google.png'   alt='' class='book_img' border='none' style='margin:1px; padding: 0;'  \/><\/a><\/span><span class='pushbutton'><a href='http:\/\/myweb2.search.yahoo.com\/myresults\/bookmarklet?u=http%3A%2F%2Fwww.emiliosilveravazquez.com%2Fblog%2F2019%2F01%2F03%2Fotra-nueva-teoria-cosmologica%2F&amp;t=Otra+nueva+teor%C3%ADa+cosmol%C3%B3gica' title='Yahoo' target='_blank' rel='nofollow'><img src='http:\/\/www.emiliosilveravazquez.com\/blog\/wp-content\/plugins\/knxdt-bookmarks-wordpress-plugin\/images\/yahoo.png'  alt='' class='book_img' border='none' style='margin:1px; padding: 0;'  \/><\/a><\/span><span class='pushbutton'><a href='http:\/\/www.technorati.com\/faves?add=http%3A%2F%2Fwww.emiliosilveravazquez.com%2Fblog%2F2019%2F01%2F03%2Fotra-nueva-teoria-cosmologica%2F' title='Technorati' target='_blank' rel='nofollow'><img src='http:\/\/www.emiliosilveravazquez.com\/blog\/wp-content\/plugins\/knxdt-bookmarks-wordpress-plugin\/images\/technorati.png'  alt='' class='book_img' border='none' style='margin:1px; padding: 0;'  \/><\/a><\/span><span class='pushbutton'><a href='http:\/\/meneame.net\/submit.php?url=http%3A%2F%2Fwww.emiliosilveravazquez.com%2Fblog%2F2019%2F01%2F03%2Fotra-nueva-teoria-cosmologica%2F' title='Meneame' target='_blank' rel='nofollow'><img src='http:\/\/www.emiliosilveravazquez.com\/blog\/wp-content\/plugins\/knxdt-bookmarks-wordpress-plugin\/images\/meneame.png'  alt='' class='book_img' border='none' style='margin:1px; padding: 0;'  \/><\/a><\/span><span class='pushbutton'><a href='http:\/\/enchilame.com\/submit.php?url=http:\/\/www.emiliosilveravazquez.com\/blog\/2019\/01\/03\/otra-nueva-teoria-cosmologica\/' target='_blank' rel='nofollow'><img title='Enchilame' src='http:\/\/www.emiliosilveravazquez.com\/blog\/wp-content\/plugins\/knxdt-bookmarks-wordpress-plugin\/images\/enchilame.png'  alt='' class='book_img' border='none' style='margin:1px; padding: 0;'  \/><\/a><\/span><span class='pushbutton'><a href='http:\/\/www.blinklist.com\/index.php?Action=Blink\/addblink.php&amp;Description=&amp;Url=http%3A%2F%2Fwww.emiliosilveravazquez.com%2Fblog%2F2019%2F01%2F03%2Fotra-nueva-teoria-cosmologica%2F&amp;title=Otra+nueva+teor%C3%ADa+cosmol%C3%B3gica' title='BlinkList' target='_blank' rel='nofollow'><img src='http:\/\/www.emiliosilveravazquez.com\/blog\/wp-content\/plugins\/knxdt-bookmarks-wordpress-plugin\/images\/blinklist.png'  alt='' class='book_img' border='none' style='margin:1px; padding: 0;'  \/><\/a><\/span><span class='pushbutton'><a href='http:\/\/reddit.com\/submit?url=http%3A%2F%2Fwww.emiliosilveravazquez.com%2Fblog%2F2019%2F01%2F03%2Fotra-nueva-teoria-cosmologica%2F&amp;title=Otra+nueva+teor%C3%ADa+cosmol%C3%B3gica' title='Reddit' target='_blank' rel='nofollow'><img src='http:\/\/www.emiliosilveravazquez.com\/blog\/wp-content\/plugins\/knxdt-bookmarks-wordpress-plugin\/images\/reddit.png'  alt='' class='book_img' border='none' style='margin:1px; padding: 0;'  \/><\/a><\/span><span class='pushbutton'><a href='http:\/\/www.tecnologiadiaria.com\/2009\/07\/abrir-com-hotmail-correo.html' target='_blank' title='hotmail'><img src='http:\/\/www.emiliosilveravazquez.com\/blog\/wp-content\/plugins\/knxdt-bookmarks-wordpress-plugin\/images\/linklove.png' alt='hotmail correo' class='book_img' border='none' style='margin:1px; padding: 0;' \/><\/a><\/span><span class='pushbutton'><a href='http:\/\/bitacoras.com\/votar\/anotacion\/externo\/mini\/www.emiliosilveravazquez.com\/blog\/2019\/01\/03\/otra-nueva-teoria-cosmologica\/' title='Bitacoras.com' target='_blank' rel='nofollow'><img src='http:\/\/www.emiliosilveravazquez.com\/blog\/wp-content\/plugins\/knxdt-bookmarks-wordpress-plugin\/images\/bitacoras.png'  alt='' class='book_img' border='none' style='margin:1px; padding: 0;'  \/><\/a><\/span><span class='pushbutton'><a href='http:\/\/www.wikio.es\/vote?url=http%3A%2F%2Fwww.emiliosilveravazquez.com%2Fblog%2F2019%2F01%2F03%2Fotra-nueva-teoria-cosmologica%2F' title='Wikio' target='_blank' rel='nofollow'><img src='http:\/\/www.emiliosilveravazquez.com\/blog\/wp-content\/plugins\/knxdt-bookmarks-wordpress-plugin\/images\/wikio.png'   alt='' class='book_img' border='none' style='margin:1px; padding: 0;'   \/><\/a><\/span><span class='pushbutton'><a href='http:\/\/friendfeed.com\/?url=http%3A%2F%2Fwww.emiliosilveravazquez.com%2Fblog%2F2019%2F01%2F03%2Fotra-nueva-teoria-cosmologica%2F&amp;title=Otra+nueva+teor%C3%ADa+cosmol%C3%B3gica' title='Friend Feed' target='_blank' rel='nofollow'><img src='http:\/\/www.emiliosilveravazquez.com\/blog\/wp-content\/plugins\/knxdt-bookmarks-wordpress-plugin\/images\/friendfeed.png'  alt='' class='book_img' border='none' style='margin:1px; padding: 0;'  \/><\/a><\/span><span class='pushbutton'><a href='http:\/\/www.facebook.com\/share.php?u=http%3A%2F%2Fwww.emiliosilveravazquez.com%2Fblog%2F2019%2F01%2F03%2Fotra-nueva-teoria-cosmologica%2F&amp;t=Otra+nueva+teor%C3%ADa+cosmol%C3%B3gica' title='Facebook' target='_blank' rel='nofollow'><img src='http:\/\/www.emiliosilveravazquez.com\/blog\/wp-content\/plugins\/knxdt-bookmarks-wordpress-plugin\/images\/facebook.png'  alt='' class='book_img' border='none' style='margin:1px; padding: 0;'  \/><\/a><\/span><span class='pushbutton'><a href='http:\/\/twitter.com\/home?status=Otra+nueva+teor%C3%ADa+cosmol%C3%B3gica: http%3A%2F%2Fwww.emiliosilveravazquez.com%2Fblog%2F2019%2F01%2F03%2Fotra-nueva-teoria-cosmologica%2F' title='Twitter' target='_blank' rel='nofollow'><img src='http:\/\/www.emiliosilveravazquez.com\/blog\/wp-content\/plugins\/knxdt-bookmarks-wordpress-plugin\/images\/twitter.png'  alt='' class='book_img' border='none' style='margin:1px; padding: 0;'  \/><\/a><\/span><span class='pushbutton'><a href='http:\/\/www.feedburner.com\/fb\/a\/emailFlare?itemTitle=Otra+nueva+teor%C3%ADa+cosmol%C3%B3gica&amp;uri=http%3A%2F%2Fwww.emiliosilveravazquez.com%2Fblog%2F2019%2F01%2F03%2Fotra-nueva-teoria-cosmologica%2F' title='Enviar por Email' target='_blank' rel='nofollow'><img src='http:\/\/www.emiliosilveravazquez.com\/blog\/wp-content\/plugins\/knxdt-bookmarks-wordpress-plugin\/images\/email.png'  alt='' class='book_img' border='none' style='margin:1px; padding: 0;'  \/><\/a><\/span><span style='font-weight:bold; padding-left: 5px;'><a href='http:\/\/wordpress.org\/extend\/plugins\/knxdt-bookmarks-wordpress-plugin\/' title='Plugin' rel='nofollow' target='_blank'>[?]<\/a><\/span><\/td><\/tr><\/table><br\/><br\/><\/div>","protected":false},"excerpt":{"rendered":"<p>Nuestro Universo estar\u00eda &#8220;montado&#8221; sobre una burbuja que se expande en otra dimensi\u00f3n, seg\u00fan la nueva teor\u00eda de un equipo de investigadores de la Universidad de Uppsala &#8211;\u00a0Suvendu Giri \u00bfEst\u00e1 el Universo &#8220;montado&#8221; sobre una enorme burbuja en expansi\u00f3n? &nbsp; Un nuevo modelo basado en la Teor\u00eda de Cuerdas logra prescindir de la necesidad de [&hellip;]<\/p>\n","protected":false},"author":2,"featured_media":0,"comment_status":"open","ping_status":"open","sticky":false,"template":"","format":"standard","meta":{"_s2mail":"yes","footnotes":""},"categories":[30],"tags":[],"_links":{"self":[{"href":"http:\/\/www.emiliosilveravazquez.com\/blog\/wp-json\/wp\/v2\/posts\/22635"}],"collection":[{"href":"http:\/\/www.emiliosilveravazquez.com\/blog\/wp-json\/wp\/v2\/posts"}],"about":[{"href":"http:\/\/www.emiliosilveravazquez.com\/blog\/wp-json\/wp\/v2\/types\/post"}],"author":[{"embeddable":true,"href":"http:\/\/www.emiliosilveravazquez.com\/blog\/wp-json\/wp\/v2\/users\/2"}],"replies":[{"embeddable":true,"href":"http:\/\/www.emiliosilveravazquez.com\/blog\/wp-json\/wp\/v2\/comments?post=22635"}],"version-history":[{"count":0,"href":"http:\/\/www.emiliosilveravazquez.com\/blog\/wp-json\/wp\/v2\/posts\/22635\/revisions"}],"wp:attachment":[{"href":"http:\/\/www.emiliosilveravazquez.com\/blog\/wp-json\/wp\/v2\/media?parent=22635"}],"wp:term":[{"taxonomy":"category","embeddable":true,"href":"http:\/\/www.emiliosilveravazquez.com\/blog\/wp-json\/wp\/v2\/categories?post=22635"},{"taxonomy":"post_tag","embeddable":true,"href":"http:\/\/www.emiliosilveravazquez.com\/blog\/wp-json\/wp\/v2\/tags?post=22635"}],"curies":[{"name":"wp","href":"https:\/\/api.w.org\/{rel}","templated":true}]}}