{"id":22544,"date":"2024-11-01T16:04:58","date_gmt":"2024-11-01T15:04:58","guid":{"rendered":"http:\/\/www.emiliosilveravazquez.com\/blog\/?p=22544"},"modified":"2024-11-01T16:04:52","modified_gmt":"2024-11-01T15:04:52","slug":"%c2%a1que-bonito-es-saber-a-mi-me-gustaria-4","status":"publish","type":"post","link":"http:\/\/www.emiliosilveravazquez.com\/blog\/2024\/11\/01\/%c2%a1que-bonito-es-saber-a-mi-me-gustaria-4\/","title":{"rendered":"\u00a1Qu\u00e9 bonito es saber! A m\u00ed me gustar\u00eda"},"content":{"rendered":"<h1 style=\"text-align: justify;\"><img decoding=\"async\" loading=\"lazy\" id=\"imagenprincipal\" class=\"\" title=\"La cl\u00e1sica Nebulosa de Ori\u00f3n\" src=\"http:\/\/antwrp.gsfc.nasa.gov\/apod\/image\/0908\/m42nyaa2009_KerryAnnLeckyHepburn900.jpg\" alt=\"La cl\u00e1sica Nebulosa de Ori\u00f3n\" width=\"766\" height=\"530\" \/><\/h1>\n<div>\n<p style=\"text-align: justify;\"><strong>\u00a0\u00a0\u00a0\u00a0\u00a0\u00a0\u00a0\u00a0\u00a0\u00a0\u00a0\u00a0\u00a0\u00a0\u00a0\u00a0\u00a0\u00a0\u00a0\u00a0 Nebulosa de Ori\u00f3n, M42 que est\u00e1 creando nuevos sistemas planetarios<\/strong><\/p>\n<blockquote><p>&nbsp;<\/p>\n<p style=\"text-align: justify;\"><strong>\u201cAl principio todo era opacidad, las estrellas no llegaron al universo hasta despu\u00e9s de pasados 200 millones de a\u00f1os desde el\u00a0<a href=\"http:\/\/www.emiliosilveravazquez.com\/blog\/2013\/04\/23\/#\"><a href=\"#\" onclick=\"referencia('big bang',event); return false;\">Big Bang<\/a><\/a>, y, hasta que no se liberaron los\u00a0<a href=\"http:\/\/www.emiliosilveravazquez.com\/blog\/2013\/04\/23\/#\"><a href=\"#\" onclick=\"referencia('foton',event); return false;\">fotones<\/a><\/a>, no se hizo la luz.\u201d<\/strong><\/p>\n<p>&nbsp;<\/p>\n<p><img decoding=\"async\" loading=\"lazy\" class=\"\" src=\"https:\/\/img.europapress.es\/fotoweb\/fotonoticia_20160913111051_800.jpg\" alt=\"Resultado de imagen de La liberaci\u00c3\u00b3n de los fotones hizo el Universo transparente\" width=\"659\" height=\"290\" \/><\/p>\n<p>&nbsp;<\/p><\/blockquote>\n<p style=\"text-align: justify;\">Al principio, cuando el universo era sim\u00e9trico, s\u00f3lo exist\u00eda una sola fuerza que unificaba a todas las que ahora conocemos, la gravedad, las fuerzas electromagn\u00e9ticas y las nucleares d\u00e9bil y fuerte, todas emerg\u00edan de aquel\u00a0<a href=\"http:\/\/www.emiliosilveravazquez.com\/blog\/2013\/04\/23\/#\"><a href=\"#\" onclick=\"referencia('plasma',event); return false;\">plasma<\/a><\/a>\u00a0opaco de alta energ\u00eda que lo inundaba todo. M\u00e1s tarde, cuando el universo comenz\u00f3 a enfriarse, se hizo transparente y apareci\u00f3 la luz, las fuerzas se separaron en las cuatro conocidas, emergieron los primeros\u00a0<a href=\"http:\/\/www.emiliosilveravazquez.com\/blog\/2013\/04\/23\/#\">quarks<\/a>\u00a0para unirse y formar\u00a0<a href=\"http:\/\/www.emiliosilveravazquez.com\/blog\/2013\/04\/23\/#\">protones<\/a>\u00a0y\u00a0<a href=\"http:\/\/www.emiliosilveravazquez.com\/blog\/2013\/04\/23\/#\">neutrones<\/a>, los primeros n\u00facleos aparecieron para atraer a los\u00a0<a href=\"http:\/\/www.emiliosilveravazquez.com\/blog\/2013\/04\/23\/#\">electrones<\/a>\u00a0que formaron aquellos primeros \u00e1tomos.\u00a0 Doscientos millones de a\u00f1os m\u00e1s tarde, se formaron las primeras estrellas y y las\u00a0 galaxias. Con el paso del tiempo, las estrellas sintetizaron los elementos pesados de nuestros cuerpos, fabricados en supernovas que estallaron, incluso antes de que se formase el Sol. Podemos decir, sin temor a equivocarnos, que una supernova an\u00f3nima explot\u00f3 hace miles de millones de a\u00f1os y sembr\u00f3 la nube de gas que dio lugar a nuestro sistema solar, poniendo all\u00ed los materiales complejos y necesarios para que algunos miles de millones de a\u00f1os m\u00e1s tarde, tras la evoluci\u00f3n, apareci\u00e9ramos nosotros.<\/p>\n<p>&nbsp;<\/p>\n<p style=\"text-align: justify;\"><img decoding=\"async\" loading=\"lazy\" class=\"\" src=\"http:\/\/www.iac.es\/cosmoeduca\/universo\/anexos\/275\/diapo008.jpg\" alt=\"\" width=\"188\" height=\"141\" \/><img decoding=\"async\" loading=\"lazy\" class=\"\" src=\"http:\/\/www.iac.es\/cosmoeduca\/universo\/anexos\/275\/estrellasyelementos_clip_image003.jpg\" alt=\"\" width=\"178\" height=\"133\" \/><img decoding=\"async\" loading=\"lazy\" class=\"\" src=\"http:\/\/www.iac.es\/cosmoeduca\/universo\/anexos\/275\/estrellasyelementos_clip_image004.jpg\" alt=\"\" width=\"176\" height=\"132\" \/><img decoding=\"async\" loading=\"lazy\" class=\"\" src=\"http:\/\/www.iac.es\/cosmoeduca\/universo\/anexos\/275\/estrellasyelementos_clip_image005.jpg\" alt=\"\" width=\"360\" height=\"270\" \/><img decoding=\"async\" loading=\"lazy\" class=\"\" src=\"http:\/\/www.iac.es\/cosmoeduca\/universo\/anexos\/275\/estrellayelementos.jpg\" alt=\"\" width=\"364\" height=\"273\" \/><\/p>\n<p>&nbsp;<\/p>\n<p style=\"text-align: justify;\">Las estrellas evolucionan desde que en su n\u00facleo se comienza a fusionar hidr\u00f3geno en helio, de los elementos m\u00e1s ligeros a los m\u00e1s pesados.\u00a0 Avanza creando en el horno termonuclear, cada vez, metales y elementos m\u00e1s pesados. Cuando llega al hierro y explosiona en la forma explosiva de\u00a0 una supernova. Luego, cuando este material estelar es otra vez recogido en una nueva estrella rica en hidr\u00f3geno, al ser de segunda generaci\u00f3n (como nuestro Sol), comienza de nuevo el proceso de fusi\u00f3n llevando consigo materiales complejos de aquella supernova.<\/p>\n<p>&nbsp;<\/p>\n<p style=\"text-align: justify;\"><img decoding=\"async\" loading=\"lazy\" src=\"http:\/\/upload.wikimedia.org\/wikipedia\/commons\/thumb\/f\/fb\/Ngc604_hst.jpg\/525px-Ngc604_hst.jpg\" alt=\"Archivo:Ngc604 hst.jpg\" width=\"525\" height=\"599\" \/><\/p>\n<p>&nbsp;<\/p>\n<p style=\"text-align: justify;\">Una\u00a0<strong>regi\u00f3n H\u00a0II<\/strong>\u00a0es una nube de gas y\u00a0<a href=\"http:\/\/www.emiliosilveravazquez.com\/blog\/2013\/04\/23\/#\"><a href=\"#\" onclick=\"referencia('plasma',event); return false;\">plasma<\/a><\/a>\u00a0brillante que puede alcanzar un tama\u00f1o de varios cientos de a\u00f1os-luz y en la cual se forman estrellas masivas. Dichas estrellas emiten copiosas cantidades de ultravioleta extremo (con longitudes de onda inferiores a 912 \u00c5ngstr\u00f6ms) que ionizan la nebulosa a su alrededor.<\/p>\n<p style=\"text-align: justify;\">Puesto que el peso promedio de los\u00a0<a href=\"http:\/\/www.emiliosilveravazquez.com\/blog\/2013\/04\/23\/#\">protones<\/a>\u00a0en los productos de fisi\u00f3n, como el cesio y el kript\u00f3n, es menor que el peso promedio de los\u00a0<a href=\"http:\/\/www.emiliosilveravazquez.com\/blog\/2013\/04\/23\/#\">protones<\/a>\u00a0de uranio, el exceso de masa se ha transformado en energ\u00eda mediante\u00a0 E = mc<sup>2<\/sup>. Esta es la fuente de energ\u00eda que subyace en las explosiones\u00a0 at\u00f3mica.<\/p>\n<p>&nbsp;<\/p>\n<p style=\"text-align: justify;\"><img decoding=\"async\" loading=\"lazy\" src=\"http:\/\/www.iac.es\/cosmoeduca\/universo\/anexos\/275\/estrellasyelementos_clip_image003.jpg\" alt=\"\" width=\"275\" height=\"206\" \/><img decoding=\"async\" loading=\"lazy\" src=\"http:\/\/www.iac.es\/cosmoeduca\/universo\/anexos\/275\/estrellasyelementos_clip_image004.jpg\" alt=\"\" width=\"275\" height=\"206\" \/><img decoding=\"async\" loading=\"lazy\" src=\"http:\/\/www.iac.es\/cosmoeduca\/universo\/anexos\/275\/estrellasyelementos_clip_image005.jpg\" alt=\"\" width=\"275\" height=\"206\" \/><\/p>\n<p>&nbsp;<\/p>\n<p style=\"text-align: justify;\">As\u00ed pues, la curva de energ\u00eda de enlace no s\u00f3lo explica el nacimiento y muerte de las estrellas y la creaci\u00f3n de elementos complejos que tambi\u00e9n hicieron posible que nosotros estemos ahora aqu\u00ed y, muy posiblemente, ser\u00e1 tambi\u00e9n el factor determinante para que, lejos de aqu\u00ed, en otros sistemas solares a muchos a\u00f1os luz de distancia, puedan florecer otras especies inteligentes que, al igual que la especie humana, se pregunten por su origen y estudien los fen\u00f3menos de las fuerzas fundamentales del universo, los componentes de la materia y, como nosotros, se interesen por el destino que nos espera en el futuro.<\/p>\n<p style=\"text-align: justify;\">Cuando alguien oye por vez primera la historia de la vida de las estrellas, generalmente, no dice nada, pero su rostro refleja escepticismo. \u00bfC\u00f3mo puede vivir una estrella 10.000 millones de a\u00f1os? Despu\u00e9s de todo, nadie ha vivido tanto tiempo como para ser testigo de su evoluci\u00f3n.<\/p>\n<p style=\"text-align: justify;\">Sin embargo, tenemos los medios t\u00e9cnicos y cient\u00edficos para saber la edad que tiene, por ejemplo, el Sol.<\/p>\n<p>&nbsp;<\/p>\n<p style=\"text-align: justify;\"><img decoding=\"async\" title=\"M\u00e1s...\" src=\"http:\/\/www.emiliosilveravazquez.com\/blog\/wp-includes\/js\/tinymce\/plugins\/wordpress\/img\/trans.gif\" alt=\"\" \/><img decoding=\"async\" src=\"https:\/\/www.scienceinschool.org\/wp-content\/uploads\/2014\/11\/issue3fusion.jpg\" alt=\"Fusi\u00f3n en el Universo: la energ\u00eda del Sol \u2013 Science in School\" \/><img decoding=\"async\" loading=\"lazy\" class=\"\" src=\"https:\/\/www.fundacionbankinter.org\/wp-content\/uploads\/2022\/07\/image.jpeg\" alt=\"Fusi\u00f3n nuclear, la promesa de energ\u00eda limpia e ilimitada\" width=\"484\" height=\"246\" \/><\/p>\n<\/div>\n<p>&nbsp;<\/p>\n<div>\n<p style=\"text-align: justify;\">S\u00ed, hemos podido llegar a conocer lo que ocurre en el Sol, y sabemos de sus procesos y de qu\u00e9 est\u00e1 compuesto. Tambi\u00e9n sabemos el motivo por el que no se deja contraer bajo el peso de la fuerza de Gravedad que genera su propio peso y en qu\u00e9 se convertir\u00e1 cuando llegue el final de su vida.<\/p>\n<p style=\"text-align: justify;\">Nuestro Sol, la estrella alrededor de la que giran todos los planetas de nuestro Sistema Solar (hay que eliminar a Plut\u00f3n de la lista, ya que en el \u00faltimo Congreso Internacional han decidido, despu\u00e9s de m\u00e1s de 20 a\u00f1os, que no tiene categor\u00eda para ser un planeta), la estrella m\u00e1s cercana a la Tierra (150 millones de Km =\u00a0<a href=\"http:\/\/www.emiliosilveravazquez.com\/blog\/2013\/04\/23\/#\">UA<\/a>), con un di\u00e1metro de 1.392.530 Km, tiene una edad de 4.500 millones de a\u00f1os.<\/p>\n<p style=\"text-align: justify;\">El Sol pesa 2.000 millones de trillones de toneladas.\u00a0La masa del Sol, pues, equivale a unas 332.950 veces la masa de la Tierra. Ha fusionado la mitad de su combustible nuclear y le quedan otros 5.000 millones de a\u00f1os para agotar el combustible de fusi\u00f3n<\/p>\n<p>&nbsp;<\/p>\n<p style=\"text-align: justify;\"><img decoding=\"async\" src=\"https:\/\/i.blogs.es\/6cb3fc\/sol\/450_1000.jpg\" alt=\"Diez datos sorprendentes que probablemente no sab\u00c3\u00adas del Sol: quema la masa equivalente a un mill\u00c3\u00b3n de elefantes por segundo\" \/><\/p>\n<p>&nbsp;<\/p>\n<p style=\"text-align: justify;\">Es tal su enormidad que, como se explic\u00f3 en otro pasaje anterior de este mismo trabajo, cada segundo transforma por medio de fusi\u00f3n nuclear, 4.654.000 toneladas de hidr\u00f3geno en 4.650.000 toneladas de helio; las 4.000 toneladas restantes son lanzadas al espacio exterior en forma de luz y calor, de la que una parte nos llega a la Tierra y hace posible la vida. Se calcula que al Sol le queda material de fusi\u00f3n para otros 4.500 millones de a\u00f1os. Cuando transcurra dicho periodo de tiempo, se convertir\u00e1 en una gigante roja, explotar\u00e1 como\u00a0<a href=\"http:\/\/www.emiliosilveravazquez.com\/blog\/2013\/04\/23\/#\">nova<\/a>\u00a0y se transformar\u00e1 finalmente en una estrella\u00a0<a href=\"http:\/\/www.emiliosilveravazquez.com\/blog\/2013\/04\/23\/#\"><a href=\"#\" onclick=\"referencia('enana blanca',event); return false;\">enana blanca<\/a><\/a>. Para entonces, ya no podremos estar aqu\u00ed.<\/p>\n<\/div>\n<p style=\"text-align: justify;\">\n<p><img decoding=\"async\" loading=\"lazy\" class=\"\" src=\"https:\/\/media.ambito.com\/p\/91914347fdd0ec94e670a9d64d10cffc\/adjuntos\/360\/imagenes\/041\/012\/0041012918\/1200x675\/smart\/mision-al-sol-la-sonda-parker-la-nasa-se-encuentra-su-punto-mas-cercano.png\" alt=\"Misi\u00f3n al Sol: la sonda Parker de la NASA se encuentra en su punto m\u00e1s  cercano\" width=\"482\" height=\"271\" \/><\/p>\n<p>&nbsp;<\/p>\n<div>\n<p style=\"text-align: justify;\">Parker, la \u00fanica sonda que lleva el nombre de un investigador a\u00fan vivo, es la misi\u00f3n creada por el ser humano que m\u00e1s va a acercarse a nuestro astro: en sus \u00faltimas tres \u00f3rbitas, de las 24 que har\u00e1,\u00a0estar\u00e1 a tan solo 6,8 millones de kil\u00f3metros del Sol\u00a0\u2014la Tierra est\u00e1 a 149,6 millones de kil\u00f3metros de nuestra estrella\u2014.<\/p>\n<p>&nbsp;<\/p>\n<\/div>\n<p style=\"text-align: justify;\"><img decoding=\"async\" loading=\"lazy\" class=\"\" src=\"https:\/\/i0.wp.com\/imgs.hipertextual.com\/wp-content\/uploads\/2023\/10\/sonda-parker-nasa-scaled.jpg?fit=1200%2C647&amp;quality=70&amp;strip=all&amp;ssl=1\" alt=\"Sonda Parker de la NASA: el plan para estudiar el Sol\" width=\"508\" height=\"274\" \/><\/p>\n<h1 class=\"indIKd q23Yce fA1vYb cS4Vcb-pGL6qe-fwJd0c\">Sonda Parker de la NASA: el plan para estudiar el Sol<\/h1>\n<div>\n<p style=\"text-align: justify;\">Est\u00e1 previsto que la misi\u00f3n\u00a0dure siete a\u00f1os\u00a0y, debido a la proximidad del astro a la que llegar\u00e1, tiene un escudo t\u00e9rmico y un sistema de refrigeraci\u00f3n que mantendr\u00e1 los instrumentos a una temperatura \u00f3ptima para que pueda funcionar a pesar de la cercan\u00eda con el Sol. Dentro de la sonda y tras el escudo y el sistema de refrigeraci\u00f3n, la\u00a0temperatura oscilar\u00e1 entre 30 y 40 grados cent\u00edgrados.<\/p>\n<p>&nbsp;<\/p>\n<p style=\"text-align: justify;\"><img decoding=\"async\" loading=\"lazy\" class=\"\" src=\"https:\/\/ep01.epimg.net\/elpais\/imagenes\/2018\/08\/12\/ciencia\/1534103004_307615_1534103139_noticia_normal.jpg\" alt=\"Resultado de imagen de La sonda Parker Camino del Sol\" width=\"802\" height=\"488\" \/><\/p>\n<p style=\"text-align: justify;\">\u00a0 \u00a0 \u00a0 \u00a0 \u00a0 \u00a0 \u00a0 \u00a0 \u00a0 \u00a0 \u00a0 \u00a0 \u00a0 \u00a0 \u00a0 \u00a0 \u00a0 \u00a0 \u00a0 \u00a0 \u00a0 \u00a0 \u00a0 \u00a0 \u00a0 \u00a0<strong> \u00a0 \u00a0 \u00a0 \u00a0As\u00ed inici\u00f3 su viaje de siete a\u00f1os<\/strong><\/p>\n<p style=\"text-align: justify;\">&#8220;Los objetivos son tres: estudiar el\u00a0calentamiento de la corona\u00a0\u2014la capa m\u00e1s externa de nuestra estrella\u2014 respecto de la superficie solar y encontrar los\u00a0mecanismos que producen el viento solar y las eyecciones de masa coronal&#8221;, explica a\u00a0<em>Hipertextual\u00a0<\/em>David Lario, investigador espa\u00f1ol del Laboratorio de F\u00edsica Aplicada de la Universidad Johns Hopkins, que ha participado en el dise\u00f1o de la misi\u00f3n.<\/p>\n<p>&nbsp;<\/p>\n<\/div>\n<p style=\"text-align: justify;\"><img decoding=\"async\" src=\"https:\/\/img.freepik.com\/fotos-premium\/fuente-conciencia-energia-universo-fuerza-vital-prana-mente-dios-espiritu_742252-7279.jpg\" alt=\"La Fuente de la Conciencia, la energ\u00eda del universo, la fuerza vital, el  prana, la mente de Dios y el esp\u00edritu | Imagen Premium generada con IA\" \/><\/p>\n<p><strong>Estamos conectados al Universo, porque somos parte de \u00e9l. Una de las partes de piensan<\/strong><\/p>\n<div>\n<p style=\"text-align: justify;\">Cuando mentalmente me sumerjo en las profundidades inmensas del universo que nos acoge, al ser consciente de su enormidad, veo con claridad meridiana lo insignificante que somos, en realidad, en relaci\u00f3n al universo, Como una colonia de bacterias que habitan en una manzana, all\u00ed tienen su mundo, lo m\u00e1s importante para ellas, y no se paran a pensar que puede llegar un ni\u00f1o que, de un simple puntapi\u00e9, las env\u00ede al infierno.<\/p>\n<\/div>\n<p>&nbsp;<\/p>\n<p><img decoding=\"async\" loading=\"lazy\" class=\"\" src=\"https:\/\/png.pngtree.com\/background\/20230614\/original\/pngtree-view-from-space-of-the-earth-with-the-sun-shining-on-picture-image_3533831.jpg\" alt=\"Fondo Vista Desde El Espacio De La Tierra Con El Sol Brillando Sobre Ella  Fondo, Imagen Del Sol Y La Tierra, Tierra, Sol Imagen de Fondo Para  Descarga Gratuita - Pngtreee\" width=\"554\" height=\"311\" \/><\/p>\n<div>\n<p style=\"text-align: justify;\">\u00a0\u00a0\u00a0\u00a0\u00a0\u00a0\u00a0\u00a0\u00a0\u00a0\u00a0<strong>\u00a0\u00a0\u00a0\u00a0\u00a0\u00a0\u00a0\u00a0\u00a0\u00a0 \u00a0 \u00a0 Vista de la Tierra y el Sol<\/strong><\/p>\n<p style=\"text-align: justify;\">Igualmente, nosotros nos creemos importantes dentro de nuestro cerrado y limitado mundo en el que, de momento, estamos confinados. Podemos decir que hemos dado los primeros pasos para dar el salto hacia otros mundos, pero a\u00fan nos queda un largo recorrido por delante pero\u2026 \u00a1Todo se andar\u00e1!<\/p>\n<p style=\"text-align: justify;\">Tendremos que dominar la energ\u00eda del Sol, ser capaces de fabricar naves espaciales que sean impenetrables a las part\u00edculas que a cientos de miles de trillones circulan por el espacio a la velocidad de la luz, poder inventar una manera de imitar la gravedad terrestre dentro de las naves para poder hacer la vida diaria y cotidiana sin estar flotando todo el tiempo y, desde luego, buscar un combustible que procure altas\u00a0 velocidades que, si no relativistas ni cercanas a\u00a0<em>c<\/em>, si que hagan los viajes a los mundos cercanos de una duraci\u00f3n aceptable y soportable a los viajeros, ya que, de otra manera, el traslado por la periferia de nuestro propio Sistema solar se har\u00eda interminable. Finalmente, y para escapar del sistema solar, habr\u00eda que buscar la manera de burlar\u00a0 la barrera de la velocidad de la luz.<\/p>\n<p>&nbsp;<\/p>\n<p style=\"text-align: justify;\"><img decoding=\"async\" loading=\"lazy\" id=\"irc_mi\" src=\"http:\/\/2.bp.blogspot.com\/_AMKFifiDIZI\/Sd_eRvQCzFI\/AAAAAAAAB64\/6sGzowoEoqA\/s400\/jumpgate.jpg\" alt=\"\" width=\"335\" height=\"393\" \/><\/p>\n<p style=\"text-align: justify;\">El Hiperespacio podr\u00eda ser el camino para burlar la velocidad de la luz. Es decir, ya que el Universo, en su espacio tradicional, nos impide viajar m\u00e1s r\u00e1pido que la luz, busquemos ese otro camino situado en dimensiones extra que, \u00a1s\u00ed lo permitir\u00eda! De manera tal que podr\u00edamos viajar a otras galaxias en tiempos soportables para nuestras ef\u00edmeras vidas.<\/p>\n<blockquote><p>\u201cSi pudi\u00e9ramos encontrar el camino hacia dimensiones m\u00e1s altas\u2026 \u00bfCu\u00e1ntas respuestas encontrar\u00edamos all\u00ed?<\/p>\n<p><strong>Emilio Silvera V\u00e1zquez<\/strong><\/p><\/blockquote>\n<\/div>\n<div class='bookmark'>\r\n\t\t<table align='left' border='0' cellpadding='0' width='100%'>\r\n\t\t<tr><td><span class='pushbutton'><a href='http:\/\/delicious.com\/post?url=http%3A%2F%2Fwww.emiliosilveravazquez.com%2Fblog%2F2024%2F11%2F01%2F%25c2%25a1que-bonito-es-saber-a-mi-me-gustaria-4%2F&amp;title=%C2%A1Qu%C3%A9+bonito+es+saber%21+A+m%C3%AD+me+gustar%C3%ADa' title='Delicious' target='_blank' rel='nofollow'><img src='http:\/\/www.emiliosilveravazquez.com\/blog\/wp-content\/plugins\/knxdt-bookmarks-wordpress-plugin\/images\/delicious.png'  alt='' class='book_img' border='none' style='margin:1px; padding: 0;'  \/><\/a><\/span><span class='pushbutton'><a href='http:\/\/digg.com\/submit?url=http%3A%2F%2Fwww.emiliosilveravazquez.com%2Fblog%2F2024%2F11%2F01%2F%25c2%25a1que-bonito-es-saber-a-mi-me-gustaria-4%2F&amp;title=%C2%A1Qu%C3%A9+bonito+es+saber%21+A+m%C3%AD+me+gustar%C3%ADa' title='Digg' target='_blank' rel='nofollow'><img src='http:\/\/www.emiliosilveravazquez.com\/blog\/wp-content\/plugins\/knxdt-bookmarks-wordpress-plugin\/images\/digg.png'  alt='' class='book_img' border='none' style='margin:1px; padding: 0;'  \/><\/a><\/span><span class='pushbutton'><a href='http:\/\/www.google.com\/bookmarks\/mark?op=edit&amp;bkmk=http%3A%2F%2Fwww.emiliosilveravazquez.com%2Fblog%2F2024%2F11%2F01%2F%25c2%25a1que-bonito-es-saber-a-mi-me-gustaria-4%2F&amp;title=%C2%A1Qu%C3%A9+bonito+es+saber%21+A+m%C3%AD+me+gustar%C3%ADa' title='Google' target='_blank' rel='nofollow'><img src='http:\/\/www.emiliosilveravazquez.com\/blog\/wp-content\/plugins\/knxdt-bookmarks-wordpress-plugin\/images\/google.png'   alt='' class='book_img' border='none' style='margin:1px; padding: 0;'  \/><\/a><\/span><span class='pushbutton'><a href='http:\/\/myweb2.search.yahoo.com\/myresults\/bookmarklet?u=http%3A%2F%2Fwww.emiliosilveravazquez.com%2Fblog%2F2024%2F11%2F01%2F%25c2%25a1que-bonito-es-saber-a-mi-me-gustaria-4%2F&amp;t=%C2%A1Qu%C3%A9+bonito+es+saber%21+A+m%C3%AD+me+gustar%C3%ADa' title='Yahoo' target='_blank' rel='nofollow'><img src='http:\/\/www.emiliosilveravazquez.com\/blog\/wp-content\/plugins\/knxdt-bookmarks-wordpress-plugin\/images\/yahoo.png'  alt='' class='book_img' border='none' style='margin:1px; padding: 0;'  \/><\/a><\/span><span class='pushbutton'><a href='http:\/\/www.technorati.com\/faves?add=http%3A%2F%2Fwww.emiliosilveravazquez.com%2Fblog%2F2024%2F11%2F01%2F%25c2%25a1que-bonito-es-saber-a-mi-me-gustaria-4%2F' title='Technorati' target='_blank' rel='nofollow'><img src='http:\/\/www.emiliosilveravazquez.com\/blog\/wp-content\/plugins\/knxdt-bookmarks-wordpress-plugin\/images\/technorati.png'  alt='' class='book_img' border='none' style='margin:1px; padding: 0;'  \/><\/a><\/span><span class='pushbutton'><a href='http:\/\/meneame.net\/submit.php?url=http%3A%2F%2Fwww.emiliosilveravazquez.com%2Fblog%2F2024%2F11%2F01%2F%25c2%25a1que-bonito-es-saber-a-mi-me-gustaria-4%2F' title='Meneame' target='_blank' rel='nofollow'><img src='http:\/\/www.emiliosilveravazquez.com\/blog\/wp-content\/plugins\/knxdt-bookmarks-wordpress-plugin\/images\/meneame.png'  alt='' class='book_img' border='none' style='margin:1px; padding: 0;'  \/><\/a><\/span><span class='pushbutton'><a href='http:\/\/enchilame.com\/submit.php?url=http:\/\/www.emiliosilveravazquez.com\/blog\/2024\/11\/01\/%c2%a1que-bonito-es-saber-a-mi-me-gustaria-4\/' target='_blank' rel='nofollow'><img title='Enchilame' src='http:\/\/www.emiliosilveravazquez.com\/blog\/wp-content\/plugins\/knxdt-bookmarks-wordpress-plugin\/images\/enchilame.png'  alt='' class='book_img' border='none' style='margin:1px; padding: 0;'  \/><\/a><\/span><span class='pushbutton'><a href='http:\/\/www.blinklist.com\/index.php?Action=Blink\/addblink.php&amp;Description=&amp;Url=http%3A%2F%2Fwww.emiliosilveravazquez.com%2Fblog%2F2024%2F11%2F01%2F%25c2%25a1que-bonito-es-saber-a-mi-me-gustaria-4%2F&amp;title=%C2%A1Qu%C3%A9+bonito+es+saber%21+A+m%C3%AD+me+gustar%C3%ADa' title='BlinkList' target='_blank' rel='nofollow'><img src='http:\/\/www.emiliosilveravazquez.com\/blog\/wp-content\/plugins\/knxdt-bookmarks-wordpress-plugin\/images\/blinklist.png'  alt='' class='book_img' border='none' style='margin:1px; padding: 0;'  \/><\/a><\/span><span class='pushbutton'><a href='http:\/\/reddit.com\/submit?url=http%3A%2F%2Fwww.emiliosilveravazquez.com%2Fblog%2F2024%2F11%2F01%2F%25c2%25a1que-bonito-es-saber-a-mi-me-gustaria-4%2F&amp;title=%C2%A1Qu%C3%A9+bonito+es+saber%21+A+m%C3%AD+me+gustar%C3%ADa' title='Reddit' target='_blank' rel='nofollow'><img src='http:\/\/www.emiliosilveravazquez.com\/blog\/wp-content\/plugins\/knxdt-bookmarks-wordpress-plugin\/images\/reddit.png'  alt='' class='book_img' border='none' style='margin:1px; padding: 0;'  \/><\/a><\/span><span class='pushbutton'><a href='http:\/\/www.tecnologiadiaria.com\/2009\/07\/abrir-com-hotmail-correo.html' target='_blank' title='hotmail'><img src='http:\/\/www.emiliosilveravazquez.com\/blog\/wp-content\/plugins\/knxdt-bookmarks-wordpress-plugin\/images\/linklove.png' alt='hotmail correo' class='book_img' border='none' style='margin:1px; padding: 0;' \/><\/a><\/span><span class='pushbutton'><a href='http:\/\/bitacoras.com\/votar\/anotacion\/externo\/mini\/www.emiliosilveravazquez.com\/blog\/2024\/11\/01\/%c2%a1que-bonito-es-saber-a-mi-me-gustaria-4\/' title='Bitacoras.com' target='_blank' rel='nofollow'><img src='http:\/\/www.emiliosilveravazquez.com\/blog\/wp-content\/plugins\/knxdt-bookmarks-wordpress-plugin\/images\/bitacoras.png'  alt='' class='book_img' border='none' style='margin:1px; padding: 0;'  \/><\/a><\/span><span class='pushbutton'><a href='http:\/\/www.wikio.es\/vote?url=http%3A%2F%2Fwww.emiliosilveravazquez.com%2Fblog%2F2024%2F11%2F01%2F%25c2%25a1que-bonito-es-saber-a-mi-me-gustaria-4%2F' title='Wikio' target='_blank' rel='nofollow'><img src='http:\/\/www.emiliosilveravazquez.com\/blog\/wp-content\/plugins\/knxdt-bookmarks-wordpress-plugin\/images\/wikio.png'   alt='' class='book_img' border='none' style='margin:1px; padding: 0;'   \/><\/a><\/span><span class='pushbutton'><a href='http:\/\/friendfeed.com\/?url=http%3A%2F%2Fwww.emiliosilveravazquez.com%2Fblog%2F2024%2F11%2F01%2F%25c2%25a1que-bonito-es-saber-a-mi-me-gustaria-4%2F&amp;title=%C2%A1Qu%C3%A9+bonito+es+saber%21+A+m%C3%AD+me+gustar%C3%ADa' title='Friend Feed' target='_blank' rel='nofollow'><img src='http:\/\/www.emiliosilveravazquez.com\/blog\/wp-content\/plugins\/knxdt-bookmarks-wordpress-plugin\/images\/friendfeed.png'  alt='' class='book_img' border='none' style='margin:1px; padding: 0;'  \/><\/a><\/span><span class='pushbutton'><a href='http:\/\/www.facebook.com\/share.php?u=http%3A%2F%2Fwww.emiliosilveravazquez.com%2Fblog%2F2024%2F11%2F01%2F%25c2%25a1que-bonito-es-saber-a-mi-me-gustaria-4%2F&amp;t=%C2%A1Qu%C3%A9+bonito+es+saber%21+A+m%C3%AD+me+gustar%C3%ADa' title='Facebook' target='_blank' rel='nofollow'><img src='http:\/\/www.emiliosilveravazquez.com\/blog\/wp-content\/plugins\/knxdt-bookmarks-wordpress-plugin\/images\/facebook.png'  alt='' class='book_img' border='none' style='margin:1px; padding: 0;'  \/><\/a><\/span><span class='pushbutton'><a href='http:\/\/twitter.com\/home?status=%C2%A1Qu%C3%A9+bonito+es+saber%21+A+m%C3%AD+me+gustar%C3%ADa: http%3A%2F%2Fwww.emiliosilveravazquez.com%2Fblog%2F2024%2F11%2F01%2F%25c2%25a1que-bonito-es-saber-a-mi-me-gustaria-4%2F' title='Twitter' target='_blank' rel='nofollow'><img src='http:\/\/www.emiliosilveravazquez.com\/blog\/wp-content\/plugins\/knxdt-bookmarks-wordpress-plugin\/images\/twitter.png'  alt='' class='book_img' border='none' style='margin:1px; padding: 0;'  \/><\/a><\/span><span class='pushbutton'><a href='http:\/\/www.feedburner.com\/fb\/a\/emailFlare?itemTitle=%C2%A1Qu%C3%A9+bonito+es+saber%21+A+m%C3%AD+me+gustar%C3%ADa&amp;uri=http%3A%2F%2Fwww.emiliosilveravazquez.com%2Fblog%2F2024%2F11%2F01%2F%25c2%25a1que-bonito-es-saber-a-mi-me-gustaria-4%2F' title='Enviar por Email' target='_blank' rel='nofollow'><img src='http:\/\/www.emiliosilveravazquez.com\/blog\/wp-content\/plugins\/knxdt-bookmarks-wordpress-plugin\/images\/email.png'  alt='' class='book_img' border='none' style='margin:1px; padding: 0;'  \/><\/a><\/span><span style='font-weight:bold; padding-left: 5px;'><a href='http:\/\/wordpress.org\/extend\/plugins\/knxdt-bookmarks-wordpress-plugin\/' title='Plugin' rel='nofollow' target='_blank'>[?]<\/a><\/span><\/td><\/tr><\/table><br\/><br\/><\/div>","protected":false},"excerpt":{"rendered":"<p>\u00a0\u00a0\u00a0\u00a0\u00a0\u00a0\u00a0\u00a0\u00a0\u00a0\u00a0\u00a0\u00a0\u00a0\u00a0\u00a0\u00a0\u00a0\u00a0\u00a0 Nebulosa de Ori\u00f3n, M42 que est\u00e1 creando nuevos sistemas planetarios &nbsp; \u201cAl principio todo era opacidad, las estrellas no llegaron al universo hasta despu\u00e9s de pasados 200 millones de a\u00f1os desde el\u00a0Big Bang, y, hasta que no se liberaron los\u00a0fotones, no se hizo la luz.\u201d &nbsp; &nbsp; Al principio, cuando el universo era sim\u00e9trico, [&hellip;]<\/p>\n","protected":false},"author":2,"featured_media":0,"comment_status":"open","ping_status":"open","sticky":false,"template":"","format":"standard","meta":{"_s2mail":"yes","footnotes":""},"categories":[9],"tags":[],"_links":{"self":[{"href":"http:\/\/www.emiliosilveravazquez.com\/blog\/wp-json\/wp\/v2\/posts\/22544"}],"collection":[{"href":"http:\/\/www.emiliosilveravazquez.com\/blog\/wp-json\/wp\/v2\/posts"}],"about":[{"href":"http:\/\/www.emiliosilveravazquez.com\/blog\/wp-json\/wp\/v2\/types\/post"}],"author":[{"embeddable":true,"href":"http:\/\/www.emiliosilveravazquez.com\/blog\/wp-json\/wp\/v2\/users\/2"}],"replies":[{"embeddable":true,"href":"http:\/\/www.emiliosilveravazquez.com\/blog\/wp-json\/wp\/v2\/comments?post=22544"}],"version-history":[{"count":0,"href":"http:\/\/www.emiliosilveravazquez.com\/blog\/wp-json\/wp\/v2\/posts\/22544\/revisions"}],"wp:attachment":[{"href":"http:\/\/www.emiliosilveravazquez.com\/blog\/wp-json\/wp\/v2\/media?parent=22544"}],"wp:term":[{"taxonomy":"category","embeddable":true,"href":"http:\/\/www.emiliosilveravazquez.com\/blog\/wp-json\/wp\/v2\/categories?post=22544"},{"taxonomy":"post_tag","embeddable":true,"href":"http:\/\/www.emiliosilveravazquez.com\/blog\/wp-json\/wp\/v2\/tags?post=22544"}],"curies":[{"name":"wp","href":"https:\/\/api.w.org\/{rel}","templated":true}]}}