{"id":22331,"date":"2018-11-22T06:05:53","date_gmt":"2018-11-22T05:05:53","guid":{"rendered":"http:\/\/www.emiliosilveravazquez.com\/blog\/?p=22331"},"modified":"2018-11-22T06:05:53","modified_gmt":"2018-11-22T05:05:53","slug":"desde-la-noche-de-los-tiempos-%c2%a1queremos-conocer-el-universo-2","status":"publish","type":"post","link":"http:\/\/www.emiliosilveravazquez.com\/blog\/2018\/11\/22\/desde-la-noche-de-los-tiempos-%c2%a1queremos-conocer-el-universo-2\/","title":{"rendered":"Desde la Noche de los Tiempos&#8230; \u00a1Queremos conocer el Universo!"},"content":{"rendered":"<div style=\"text-align: justify;\"><img decoding=\"async\" src=\"https:\/\/i.pinimg.com\/originals\/c3\/48\/7f\/c3487f9841b04baa8afed1776906cce0.jpg\" alt=\"Resultado de imagen de Tambi\u00c3\u00a9n nosotros somos cuantos de luz\" \/><\/div>\n<div style=\"text-align: justify;\">\u00a0Tambi\u00e9n nosotros somos cuantos de luz, estamos hechos de materiales conformados por materia bari\u00f3nica que emite radiaci\u00f3n, peque\u00f1os \u00e1tomos que se juntan para formar mol\u00e9culas y \u00e9stas, a su vez, hacen lo mismo para formar los cuerpos. El mismo material construye los mundos y todo lo que podemos ver que est\u00e9 hecho de materia, y, nosotros, con la facultad de ser conscientes y poder pensar en las complejidades de la Naturaleza.<\/div>\n<div style=\"text-align: justify;\"><img decoding=\"async\" src=\"http:\/\/lastinieblasdelamente.files.wordpress.com\/2011\/08\/display_1313947.jpg?w=640&amp;h=537\" alt=\"Resultado de imagen de El complejo Universo y los objetos que lo pueblan\" \/><\/div>\n<div style=\"text-align: justify;\">\u00a0 \u00a0 \u00a0 Siempre hemos tratado de descubrir y aprender entrando para ello, en los lugares m\u00e1s misteriosos<\/div>\n<div>\n<p style=\"text-align: justify;\">\u00a1El Universo! Gracias a la Astronom\u00eda, la Astrof\u00edsica y otras disciplinas y estudios relacionados, estamos conociendo cada d\u00eda lo que en realidad es nuestro Universo que, nos tiene deparadas muchas, muchas sorpresas y maravillas que ni podemos imaginar. \u00a1Son t\u00e1ntas las cosas que a\u00fan tenemos que aprender de \u00e9ste Universo Inmenso!<\/p>\n<p style=\"text-align: justify;\">\u00a0<img decoding=\"async\" loading=\"lazy\" id=\"irc_mi\" src=\"http:\/\/astrosurf.com\/pruneda\/blog\/uploaded_images\/b33_04-703100.JPG\" alt=\"\" width=\"590\" height=\"393\" \/><\/p>\n<p style=\"text-align: justify;\">\u00a0\u00a0\u00a0\u00a0\u00a0\u00a0\u00a0\u00a0\u00a0\u00a0 \u00a0 \u00a0 \u00a0 \u00a0 \u00a0 \u00a0\u00a0 \u00a0\u00a0 Las primeras estrellas aparecieron despu\u00e9s de cientos de millones de a\u00f1os<\/p>\n<p style=\"text-align: justify;\">Al principio, cuando el universo era sim\u00e9trico, s\u00f3lo exist\u00eda una sola fuerza que unificaba a todas las que ahora conocemos, la gravedad, las fuerzas electromagn\u00e9ticas y las nucleares d\u00e9bil y fuerte, todas emerg\u00edan de aquel\u00a0<a href=\"http:\/\/www.emiliosilveravazquez.com\/blog\/category\/el-universo\/#\"><a href=\"#\" onclick=\"referencia('plasma',event); return false;\">plasma<\/a><\/a>\u00a0opaco de alta energ\u00eda que lo inundaba todo. M\u00e1s tarde, cuando el universo comenz\u00f3 a enfriarse, se hizo transparente y apareci\u00f3 la luz, las fuerzas se separaron en las cuatro conocidas, emergieron los primeros\u00a0<a href=\"http:\/\/www.emiliosilveravazquez.com\/blog\/category\/el-universo\/#\">quarks<\/a>\u00a0para unirse y formar\u00a0<a href=\"http:\/\/www.emiliosilveravazquez.com\/blog\/category\/el-universo\/#\">protones<\/a>\u00a0y\u00a0<a href=\"http:\/\/www.emiliosilveravazquez.com\/blog\/category\/el-universo\/#\">neutrones<\/a>, los primeros n\u00facleos aparecieron para atraer a los\u00a0<a href=\"http:\/\/www.emiliosilveravazquez.com\/blog\/category\/el-universo\/#\">electrones<\/a>\u00a0que formaron aquellos primeros \u00e1tomos.Doscientos millones de a\u00f1os m\u00e1s tarde, se formaron las primeras estrellas y galaxias. Con el paso del tiempo, las estrellas sintetizaron los elementos pesados de nuestros cuerpos, fabricados en supernovas que estallaron, incluso antes de que se formase el Sol. Podemos decir, sin temor a equivocarnos, que una supernova an\u00f3nima explot\u00f3 hace miles de millones de a\u00f1os y sembr\u00f3 la nube de gas que dio lugar a nuestro sistema solar, poniendo all\u00ed los materiales complejos y necesarios para que algunos miles de millones de a\u00f1os m\u00e1s tarde, tras la evoluci\u00f3n, apareci\u00e9ramos nosotros.<\/p>\n<p style=\"text-align: justify;\"><img decoding=\"async\" src=\"http:\/\/3.bp.blogspot.com\/-2gARe-oBavU\/UN3DmPPFkMI\/AAAAAAAAKwU\/lulkGTBzsdc\/s1600\/bigbang%5B1%5D.jpg\" alt=\"Imagen relacionada\" \/><\/p>\n<blockquote>\n<p style=\"text-align: justify;\">&#8220;Lanzada por la NASA en 2001, la Sonda de Anisotrop\u00eda de Microondas Wilkinson (WMAP), ha revolucionado lo que sabemos del Universo. Dirigido por el astrof\u00edsico Charles L. Bennett, de la Universidad Johns Hopkins, el equipo cient\u00edfico de la nave ha determinado, con un alto grado de exactitud y precisi\u00f3n, no solo la edad del Universo, sino tambi\u00e9n la densidad de los \u00e1tomos, la densidad de toda la dem\u00e1s materia no at\u00f3mica o la \u00e9poca en que las primeras estrellas comenzaron a brillar&#8230; Ahora, dos a\u00f1os despu\u00e9s de que la sonda fuera retirada, los investigadores han revelado sus conclusiones finales, basadas en un total de nueve a\u00f1os de observaciones. Seg\u00fan explican, los nuevos conocimientos adquiridos sobre algunos aspectos del Universo son cerca de 68.000 veces m\u00e1s precisos, convirtiendo la cosmolog\u00eda de ser \u00abcon frecuencia&#8221; un campo de la especulaci\u00f3n salvaje a una ciencia de precisi\u00f3n&#8221;.<\/p>\n<p>&nbsp;<\/p>\n<p>&nbsp;<\/p>\n<p><img decoding=\"async\" loading=\"lazy\" src=\"https:\/\/gcdn.emol.cl\/exploracion-espacial\/files\/2015\/04\/telescopio-hubble-1.jpg\" alt=\"https:\/\/gcdn.emol.cl\/exploracion-espacial\/files\/2015\/04\/telescopio-hubble-1.jpg\" width=\"829\" height=\"475\" \/><\/p>\n<p style=\"text-align: justify;\">Algunas regiones del Universo son dignas de ser observadas y estudiadas a fondo, all\u00ed se producen hechos de una trascendencia que ni podemos imaginar. Multitud de estrellas de aproximadamente 1 \u00f3 2 millones de a\u00f1os que componen la agrupaci\u00f3n estelar llamada R136.en la Nebulosa de la Tar\u00e1ntula y que, albergar\u00e1 mundos en los que, posiblemente, estar\u00e1 presente la vida.<\/p>\n<p>&nbsp;<\/p>\n<p><img decoding=\"async\" src=\"https:\/\/elhistoriadores.files.wordpress.com\/2016\/03\/heic1605a-620x620.jpg?w=640\" alt=\" La regi\u00f3n central de la nebulosa de la Tar\u00e1ntula en la Gran Nube de Magallanes. El c\u00famulo de estrellas R136 joven y denso se puede ver en la parte inferior derecha de la imagen - NASA, ESA, P Crowther (University of Sheffield)\" data-attachment-id=\"12324\" data-permalink=\"https:\/\/elhistoriadores.wordpress.com\/2016\/03\/17\/el-hubble-descubre-nueve-estrellas-monstruosas-cien-veces-mas-masivas-que-el-sol\/heic1605a-620x620\/#main\" data-orig-file=\"https:\/\/elhistoriadores.files.wordpress.com\/2016\/03\/heic1605a-620x620.jpg?w=640\" data-orig-size=\"620,620\" data-comments-opened=\"1\" data-image-meta=\"{&quot;aperture&quot;:&quot;0&quot;,&quot;credit&quot;:&quot;&quot;,&quot;camera&quot;:&quot;&quot;,&quot;caption&quot;:&quot;&quot;,&quot;created_timestamp&quot;:&quot;0&quot;,&quot;copyright&quot;:&quot;&quot;,&quot;focal_length&quot;:&quot;0&quot;,&quot;iso&quot;:&quot;0&quot;,&quot;shutter_speed&quot;:&quot;0&quot;,&quot;title&quot;:&quot;&quot;,&quot;orientation&quot;:&quot;0&quot;}\" data-image-title=\"heic1605a\u2013620\u00d7620\" data-image-description=\"\" data-medium-file=\"https:\/\/elhistoriadores.files.wordpress.com\/2016\/03\/heic1605a-620x620.jpg?w=640?w=300\" data-large-file=\"https:\/\/elhistoriadores.files.wordpress.com\/2016\/03\/heic1605a-620x620.jpg?w=640?w=620\" \/><\/p>\n<p style=\"text-align: justify;\">Aqu\u00ed, vista desde distinta perspectiva, con m\u00e1s detalles. La regi\u00f3n central de la nebulosa de la Tar\u00e1ntula en la Gran Nube de Magallanes. El c\u00famulo de estrellas R136 joven y denso se puede ver en la parte inferior derecha de la imagen \u2013 NASA, ESA, P Crowther (University of Sheffield)<\/p>\n<p>&nbsp;<\/p>\n<p>Mira las estrellas, como brillan en el cielo.<\/p>\n<p>Mira las estrellas, brillar como luceros.<\/p>\n<p>En ellas est\u00e1 luz,<\/p>\n<p>Tambi\u00e9n los Elementos.<\/p>\n<p>De ellas vinistes t\u00fa,<\/p>\n<p>Y la Vida del Universo<\/p>\n<p>&nbsp;<\/p>\n<p><img decoding=\"async\" src=\"https:\/\/upload.wikimedia.org\/wikipedia\/commons\/thumb\/3\/3b\/Deuterium-tritium_fusion.svg\/248px-Deuterium-tritium_fusion.svg.png\" alt=\"\" \/><\/p>\n<p>&nbsp;<\/p>\n<p>&nbsp;<\/p>\n<p style=\"text-align: justify;\">Fusi\u00f3n de <a href=\"#\" onclick=\"referencia('deuterio',event); return false;\">deuterio<\/a> con <a href=\"#\" onclick=\"referencia('tritio',event); return false;\">tritio<\/a>, por la cual se producen helio 4, se liberan un <a href=\"#\" onclick=\"referencia('neutron',event); return false;\">neutr\u00f3n<\/a> y se generan 17,59 MeV\u00a0 de energ\u00eda, como cantidad de masa apropiada convertida de la energ\u00eda cin\u00e9tica de los productos, seg\u00fan la f\u00f3rmula\u00a0<em>E = \u0394m c<sup>2<\/sup><\/em>.<\/p>\n<p style=\"text-align: justify;\">Todos los elementos de la Tabla Peri\u00f3dica existentes en el Universo se fraguaron en las estrellas, all\u00ed el proceso de fusi\u00f3n nuclear hace complejo lo que es sencillo. Todos los seres vivos de la Tierra est\u00e1n hechos de esos elementos y, el 99% corresponde a eso que llamamos CHON (Carbono, Hidr\u00f3geno, Ox\u00edgeno y Nitr\u00f3geno), el otro 1% corresponde a trazas de otros elementos tambi\u00e9n &#8220;fabricados&#8221; en las estrellas yu en explosiones de Supernovas.<\/p>\n<p>&nbsp;<\/p>\n<p><img decoding=\"async\" loading=\"lazy\" src=\"http:\/\/www.larepublica.ec\/wp-content\/uploads\/2017\/02\/vida.jpg\" alt=\"Resultado de imagen de La Vida en el Universo\" width=\"484\" height=\"277\" \/><\/p>\n<p style=\"text-align: justify;\">Y, siendo as\u00ed (que lo es), mirando esas im\u00e1genes de arriba de lugares distantes cuajado de estrellas (tambi\u00e9n de mundos), \u00bfc\u00f3mo podemos dudar de que la Vida, prolifera por todo el Universo?<\/p>\n<p>&nbsp;<\/p>\n<p><img decoding=\"async\" loading=\"lazy\" id=\"irc_mi\" src=\"http:\/\/www.astronoo.com\/images\/hubble\/galaxie-cartwheel.jpg\" alt=\"\" width=\"524\" height=\"393\" \/><\/p>\n<p>&nbsp;<\/p>\n<p style=\"text-align: justify;\">La inusual forma de la galaxia Rueda de Carro es probablemente debido a una colisi\u00f3n con una de las galaxias m\u00e1s peque\u00f1as en la parte inferior izquierda de varios cientos de millones de a\u00f1os atr\u00e1s con la que finalmente terminar\u00e1 fusion\u00e1ndose. Esta extra\u00f1a galaxia con forma at\u00edpica, al ser descubierta por Fritz Zwicky en 1941, \u00e9ste dijo que era una de las estructuras m\u00e1s complicadas que, al menos de momento, no ten\u00edan explicaci\u00f3n. Desde entonces, han sido muchas las conjeturas que los astr\u00f3nomos han formulado de la imagen pero&#8230; \u00bfD\u00f3nde estar\u00e1 la verdad? Nadie lo sabe.<\/p>\n<p>&nbsp;<\/p>\n<p><img decoding=\"async\" src=\"http:\/\/i.imgur.com\/5lJ5myr.jpg\" alt=\"\" \/><\/p>\n<p>&nbsp;<\/p>\n<p style=\"text-align: justify;\">Esta imagen de astronom\u00eda de la NASA de nuestra Galaxia la V\u00eda L\u00e1ctea fue tomada en Chile, es absolutamente impresionante. Hay lugares privilegiados de nuestro planeta desde los que se pueden contemplar el Universo de otra manera m\u00e1s cercana, m\u00e1s hermosa y, Chile, es uno de ellos.<\/p>\n<p style=\"text-align: justify;\">Los importantes descubrimientos de los \u00faltimas d\u00e9cadas han transformado la imagen que la Humanidad ten\u00eda del Universo. El Cosmos ha dejado de ser un lugar desconocido y tranquilo, atravesado por estrellas relucientes que junto a nebulosas y planetas se mueven en una procesi\u00f3n majestuosa. Hoy hemos llegado a saber de los cientos de miles de millones de galaxias que lo pueblan, de la existencia de objetos ex\u00f3ticos y lugares plagados de sorpresas. Extra\u00f1os y fascinantes Qu\u00e1sares iluminan los rincones m\u00e1s lejanos del Universo.<\/p>\n<\/blockquote>\n<p style=\"text-align: justify;\">emilio silvera<\/p>\n<\/div>\n<div class='bookmark'>\r\n\t\t<table align='left' border='0' cellpadding='0' width='100%'>\r\n\t\t<tr><td><span class='pushbutton'><a href='http:\/\/delicious.com\/post?url=http%3A%2F%2Fwww.emiliosilveravazquez.com%2Fblog%2F2018%2F11%2F22%2Fdesde-la-noche-de-los-tiempos-%25c2%25a1queremos-conocer-el-universo-2%2F&amp;title=Desde+la+Noche+de+los+Tiempos%26%238230%3B+%C2%A1Queremos+conocer+el+Universo%21' title='Delicious' target='_blank' rel='nofollow'><img src='http:\/\/www.emiliosilveravazquez.com\/blog\/wp-content\/plugins\/knxdt-bookmarks-wordpress-plugin\/images\/delicious.png'  alt='' class='book_img' border='none' style='margin:1px; padding: 0;'  \/><\/a><\/span><span class='pushbutton'><a href='http:\/\/digg.com\/submit?url=http%3A%2F%2Fwww.emiliosilveravazquez.com%2Fblog%2F2018%2F11%2F22%2Fdesde-la-noche-de-los-tiempos-%25c2%25a1queremos-conocer-el-universo-2%2F&amp;title=Desde+la+Noche+de+los+Tiempos%26%238230%3B+%C2%A1Queremos+conocer+el+Universo%21' title='Digg' target='_blank' rel='nofollow'><img src='http:\/\/www.emiliosilveravazquez.com\/blog\/wp-content\/plugins\/knxdt-bookmarks-wordpress-plugin\/images\/digg.png'  alt='' class='book_img' border='none' style='margin:1px; padding: 0;'  \/><\/a><\/span><span class='pushbutton'><a href='http:\/\/www.google.com\/bookmarks\/mark?op=edit&amp;bkmk=http%3A%2F%2Fwww.emiliosilveravazquez.com%2Fblog%2F2018%2F11%2F22%2Fdesde-la-noche-de-los-tiempos-%25c2%25a1queremos-conocer-el-universo-2%2F&amp;title=Desde+la+Noche+de+los+Tiempos%26%238230%3B+%C2%A1Queremos+conocer+el+Universo%21' title='Google' target='_blank' rel='nofollow'><img src='http:\/\/www.emiliosilveravazquez.com\/blog\/wp-content\/plugins\/knxdt-bookmarks-wordpress-plugin\/images\/google.png'   alt='' class='book_img' border='none' style='margin:1px; padding: 0;'  \/><\/a><\/span><span class='pushbutton'><a href='http:\/\/myweb2.search.yahoo.com\/myresults\/bookmarklet?u=http%3A%2F%2Fwww.emiliosilveravazquez.com%2Fblog%2F2018%2F11%2F22%2Fdesde-la-noche-de-los-tiempos-%25c2%25a1queremos-conocer-el-universo-2%2F&amp;t=Desde+la+Noche+de+los+Tiempos%26%238230%3B+%C2%A1Queremos+conocer+el+Universo%21' title='Yahoo' target='_blank' rel='nofollow'><img src='http:\/\/www.emiliosilveravazquez.com\/blog\/wp-content\/plugins\/knxdt-bookmarks-wordpress-plugin\/images\/yahoo.png'  alt='' class='book_img' border='none' style='margin:1px; padding: 0;'  \/><\/a><\/span><span class='pushbutton'><a href='http:\/\/www.technorati.com\/faves?add=http%3A%2F%2Fwww.emiliosilveravazquez.com%2Fblog%2F2018%2F11%2F22%2Fdesde-la-noche-de-los-tiempos-%25c2%25a1queremos-conocer-el-universo-2%2F' title='Technorati' target='_blank' rel='nofollow'><img src='http:\/\/www.emiliosilveravazquez.com\/blog\/wp-content\/plugins\/knxdt-bookmarks-wordpress-plugin\/images\/technorati.png'  alt='' class='book_img' border='none' style='margin:1px; padding: 0;'  \/><\/a><\/span><span class='pushbutton'><a href='http:\/\/meneame.net\/submit.php?url=http%3A%2F%2Fwww.emiliosilveravazquez.com%2Fblog%2F2018%2F11%2F22%2Fdesde-la-noche-de-los-tiempos-%25c2%25a1queremos-conocer-el-universo-2%2F' title='Meneame' target='_blank' rel='nofollow'><img src='http:\/\/www.emiliosilveravazquez.com\/blog\/wp-content\/plugins\/knxdt-bookmarks-wordpress-plugin\/images\/meneame.png'  alt='' class='book_img' border='none' style='margin:1px; padding: 0;'  \/><\/a><\/span><span class='pushbutton'><a href='http:\/\/enchilame.com\/submit.php?url=http:\/\/www.emiliosilveravazquez.com\/blog\/2018\/11\/22\/desde-la-noche-de-los-tiempos-%c2%a1queremos-conocer-el-universo-2\/' target='_blank' rel='nofollow'><img title='Enchilame' src='http:\/\/www.emiliosilveravazquez.com\/blog\/wp-content\/plugins\/knxdt-bookmarks-wordpress-plugin\/images\/enchilame.png'  alt='' class='book_img' border='none' style='margin:1px; padding: 0;'  \/><\/a><\/span><span class='pushbutton'><a href='http:\/\/www.blinklist.com\/index.php?Action=Blink\/addblink.php&amp;Description=&amp;Url=http%3A%2F%2Fwww.emiliosilveravazquez.com%2Fblog%2F2018%2F11%2F22%2Fdesde-la-noche-de-los-tiempos-%25c2%25a1queremos-conocer-el-universo-2%2F&amp;title=Desde+la+Noche+de+los+Tiempos%26%238230%3B+%C2%A1Queremos+conocer+el+Universo%21' title='BlinkList' target='_blank' rel='nofollow'><img src='http:\/\/www.emiliosilveravazquez.com\/blog\/wp-content\/plugins\/knxdt-bookmarks-wordpress-plugin\/images\/blinklist.png'  alt='' class='book_img' border='none' style='margin:1px; padding: 0;'  \/><\/a><\/span><span class='pushbutton'><a href='http:\/\/reddit.com\/submit?url=http%3A%2F%2Fwww.emiliosilveravazquez.com%2Fblog%2F2018%2F11%2F22%2Fdesde-la-noche-de-los-tiempos-%25c2%25a1queremos-conocer-el-universo-2%2F&amp;title=Desde+la+Noche+de+los+Tiempos%26%238230%3B+%C2%A1Queremos+conocer+el+Universo%21' title='Reddit' target='_blank' rel='nofollow'><img src='http:\/\/www.emiliosilveravazquez.com\/blog\/wp-content\/plugins\/knxdt-bookmarks-wordpress-plugin\/images\/reddit.png'  alt='' class='book_img' border='none' style='margin:1px; padding: 0;'  \/><\/a><\/span><span class='pushbutton'><a href='http:\/\/www.tecnologiadiaria.com\/2009\/07\/abrir-com-hotmail-correo.html' target='_blank' title='hotmail'><img src='http:\/\/www.emiliosilveravazquez.com\/blog\/wp-content\/plugins\/knxdt-bookmarks-wordpress-plugin\/images\/linklove.png' alt='hotmail correo' class='book_img' border='none' style='margin:1px; padding: 0;' \/><\/a><\/span><span class='pushbutton'><a href='http:\/\/bitacoras.com\/votar\/anotacion\/externo\/mini\/www.emiliosilveravazquez.com\/blog\/2018\/11\/22\/desde-la-noche-de-los-tiempos-%c2%a1queremos-conocer-el-universo-2\/' title='Bitacoras.com' target='_blank' rel='nofollow'><img src='http:\/\/www.emiliosilveravazquez.com\/blog\/wp-content\/plugins\/knxdt-bookmarks-wordpress-plugin\/images\/bitacoras.png'  alt='' class='book_img' border='none' style='margin:1px; padding: 0;'  \/><\/a><\/span><span class='pushbutton'><a href='http:\/\/www.wikio.es\/vote?url=http%3A%2F%2Fwww.emiliosilveravazquez.com%2Fblog%2F2018%2F11%2F22%2Fdesde-la-noche-de-los-tiempos-%25c2%25a1queremos-conocer-el-universo-2%2F' title='Wikio' target='_blank' rel='nofollow'><img src='http:\/\/www.emiliosilveravazquez.com\/blog\/wp-content\/plugins\/knxdt-bookmarks-wordpress-plugin\/images\/wikio.png'   alt='' class='book_img' border='none' style='margin:1px; padding: 0;'   \/><\/a><\/span><span class='pushbutton'><a href='http:\/\/friendfeed.com\/?url=http%3A%2F%2Fwww.emiliosilveravazquez.com%2Fblog%2F2018%2F11%2F22%2Fdesde-la-noche-de-los-tiempos-%25c2%25a1queremos-conocer-el-universo-2%2F&amp;title=Desde+la+Noche+de+los+Tiempos%26%238230%3B+%C2%A1Queremos+conocer+el+Universo%21' title='Friend Feed' target='_blank' rel='nofollow'><img src='http:\/\/www.emiliosilveravazquez.com\/blog\/wp-content\/plugins\/knxdt-bookmarks-wordpress-plugin\/images\/friendfeed.png'  alt='' class='book_img' border='none' style='margin:1px; padding: 0;'  \/><\/a><\/span><span class='pushbutton'><a href='http:\/\/www.facebook.com\/share.php?u=http%3A%2F%2Fwww.emiliosilveravazquez.com%2Fblog%2F2018%2F11%2F22%2Fdesde-la-noche-de-los-tiempos-%25c2%25a1queremos-conocer-el-universo-2%2F&amp;t=Desde+la+Noche+de+los+Tiempos%26%238230%3B+%C2%A1Queremos+conocer+el+Universo%21' title='Facebook' target='_blank' rel='nofollow'><img src='http:\/\/www.emiliosilveravazquez.com\/blog\/wp-content\/plugins\/knxdt-bookmarks-wordpress-plugin\/images\/facebook.png'  alt='' class='book_img' border='none' style='margin:1px; padding: 0;'  \/><\/a><\/span><span class='pushbutton'><a href='http:\/\/twitter.com\/home?status=Desde+la+Noche+de+los+Tiempos%26%238230%3B+%C2%A1Queremos+conocer+el+Universo%21: http%3A%2F%2Fwww.emiliosilveravazquez.com%2Fblog%2F2018%2F11%2F22%2Fdesde-la-noche-de-los-tiempos-%25c2%25a1queremos-conocer-el-universo-2%2F' title='Twitter' target='_blank' rel='nofollow'><img src='http:\/\/www.emiliosilveravazquez.com\/blog\/wp-content\/plugins\/knxdt-bookmarks-wordpress-plugin\/images\/twitter.png'  alt='' class='book_img' border='none' style='margin:1px; padding: 0;'  \/><\/a><\/span><span class='pushbutton'><a href='http:\/\/www.feedburner.com\/fb\/a\/emailFlare?itemTitle=Desde+la+Noche+de+los+Tiempos%26%238230%3B+%C2%A1Queremos+conocer+el+Universo%21&amp;uri=http%3A%2F%2Fwww.emiliosilveravazquez.com%2Fblog%2F2018%2F11%2F22%2Fdesde-la-noche-de-los-tiempos-%25c2%25a1queremos-conocer-el-universo-2%2F' title='Enviar por Email' target='_blank' rel='nofollow'><img src='http:\/\/www.emiliosilveravazquez.com\/blog\/wp-content\/plugins\/knxdt-bookmarks-wordpress-plugin\/images\/email.png'  alt='' class='book_img' border='none' style='margin:1px; padding: 0;'  \/><\/a><\/span><span style='font-weight:bold; padding-left: 5px;'><a href='http:\/\/wordpress.org\/extend\/plugins\/knxdt-bookmarks-wordpress-plugin\/' title='Plugin' rel='nofollow' target='_blank'>[?]<\/a><\/span><\/td><\/tr><\/table><br\/><br\/><\/div>","protected":false},"excerpt":{"rendered":"<p>\u00a0Tambi\u00e9n nosotros somos cuantos de luz, estamos hechos de materiales conformados por materia bari\u00f3nica que emite radiaci\u00f3n, peque\u00f1os \u00e1tomos que se juntan para formar mol\u00e9culas y \u00e9stas, a su vez, hacen lo mismo para formar los cuerpos. El mismo material construye los mundos y todo lo que podemos ver que est\u00e9 hecho de materia, y, [&hellip;]<\/p>\n","protected":false},"author":2,"featured_media":0,"comment_status":"open","ping_status":"open","sticky":false,"template":"","format":"standard","meta":{"_s2mail":"yes","footnotes":""},"categories":[197],"tags":[],"_links":{"self":[{"href":"http:\/\/www.emiliosilveravazquez.com\/blog\/wp-json\/wp\/v2\/posts\/22331"}],"collection":[{"href":"http:\/\/www.emiliosilveravazquez.com\/blog\/wp-json\/wp\/v2\/posts"}],"about":[{"href":"http:\/\/www.emiliosilveravazquez.com\/blog\/wp-json\/wp\/v2\/types\/post"}],"author":[{"embeddable":true,"href":"http:\/\/www.emiliosilveravazquez.com\/blog\/wp-json\/wp\/v2\/users\/2"}],"replies":[{"embeddable":true,"href":"http:\/\/www.emiliosilveravazquez.com\/blog\/wp-json\/wp\/v2\/comments?post=22331"}],"version-history":[{"count":0,"href":"http:\/\/www.emiliosilveravazquez.com\/blog\/wp-json\/wp\/v2\/posts\/22331\/revisions"}],"wp:attachment":[{"href":"http:\/\/www.emiliosilveravazquez.com\/blog\/wp-json\/wp\/v2\/media?parent=22331"}],"wp:term":[{"taxonomy":"category","embeddable":true,"href":"http:\/\/www.emiliosilveravazquez.com\/blog\/wp-json\/wp\/v2\/categories?post=22331"},{"taxonomy":"post_tag","embeddable":true,"href":"http:\/\/www.emiliosilveravazquez.com\/blog\/wp-json\/wp\/v2\/tags?post=22331"}],"curies":[{"name":"wp","href":"https:\/\/api.w.org\/{rel}","templated":true}]}}