{"id":22,"date":"2013-09-23T05:00:21","date_gmt":"2013-09-23T04:00:21","guid":{"rendered":"http:\/\/www.emiliosilveravazquez.com\/blog\/?p=22"},"modified":"2013-09-23T07:26:11","modified_gmt":"2013-09-23T06:26:11","slug":"un-rumor-del-saber","status":"publish","type":"post","link":"http:\/\/www.emiliosilveravazquez.com\/blog\/2013\/09\/23\/un-rumor-del-saber\/","title":{"rendered":"\u00a1La Humanidad! sus creencias, su complejidad"},"content":{"rendered":"<p><img decoding=\"async\" src=\"http:\/\/1.bp.blogspot.com\/-PAU30gqHPU8\/SpaxcUOo-hI\/AAAAAAAAAGg\/JDSKQqNKDc8\/s1600\/amor-corazon-personas.jpg\" alt=\"\" \/><\/p>\n<p>&nbsp;<\/p>\n<p style=\"text-align: justify;\">\u201cPara liberarnos del amor excesivo a la vida,<\/p>\n<p style=\"text-align: justify;\">de esperanzas y miedos,<\/p>\n<p style=\"text-align: justify;\">damos las gracias brevemente<\/p>\n<p style=\"text-align: justify;\">a cuales quieran que los dioses sean.<\/p>\n<p style=\"text-align: justify;\">por que ning\u00fan hombre viva para siempre;<\/p>\n<p style=\"text-align: justify;\">por que los hombres muertos nunca resuciten;<\/p>\n<p style=\"text-align: justify;\">que incluso el r\u00edo m\u00e1s fatigado<\/p>\n<p style=\"text-align: justify;\">llegue siempre con seguridad al mar.\u201d<\/p>\n<p style=\"text-align: justify;\">\n<p style=\"text-align: justify;\">\n<p><img decoding=\"async\" src=\"http:\/\/4.bp.blogspot.com\/_bFsRJucbYBw\/S3SpQE5h62I\/AAAAAAAAAo4\/FX-dnUZwjqI\/s1600\/la-vida-sin-amor.jpg\" alt=\"\" \/><\/p>\n<p>&nbsp;<\/p>\n<p>S\u00ed, y mientras todo eso pasa, que no olvidemos el Amor. El s\u00edmbolo aparece en cualquier parte, en cualquier gesto, en cualquier sonrisa, en cualquier mirada o pensamiento&#8230;\u00a1Es tan grande el Amor!<\/p>\n<p style=\"text-align: justify;\">Hay personajes de la Historia de la Humanidad que, con sus comportamientos y formas de vida, han marcado un camino a seguir para muchos y, ello, qu\u00e9 duda nos puede caber, tambi\u00e9n, de alguna manera, cambi\u00f3 el rumbo de la Humanidad. Ya conocemos los pensamientos dejados por los cl\u00e1sicos: S\u00f3crates, Platon, Tales, Arist\u00f3teles y tantos otros hasta que lleg\u00f3 Cristo. Tambi\u00e9n Mahoma, por m\u00e9ritos propios, tiene su lugar importante en esa Historia.<\/p>\n<p><!--more--><\/p>\n<p><img decoding=\"async\" src=\"http:\/\/lalengua.info\/wp-content\/uploads\/2008\/02\/religiones.jpg\" alt=\"religiones.jpg\" \/><\/p>\n<p>&nbsp;<\/p>\n<p>&nbsp;<\/p>\n<p style=\"text-align: justify;\">Todos ellos, son para m\u00ed respetables. Los or\u00edgenes de cada s\u00edmbolo religioso tiene sus fuentes en las distintas razas y civilizaciones que, por uno u otros motivos, le dieron, o, eligieron esa forma de vivir, esa creencia que todos los dem\u00e1s debemos respetar, para que, de la misma manera, se\u00e7amos respetados.<\/p>\n<p style=\"text-align: justify;\">Mi creencia particular sobre religiones, es m\u00e1s la de una atento observador del comportamiento humano que la de un creyente, y estimo que muchos se han apoyado sobre las ideas de hombres buenos pero, sin creer en ellas, para su propio beneficio o de los grupos a los que pertenec\u00edan. S\u00f3lo hay que echar un vistazo a la Historia. La mejor pr\u00e1ctica (seg\u00fan mi propio credo), es no hacer da\u00f1o a nadie y, cuando se presenta la oportunidad, si puedes echar una mano&#8230;no lo dudes.<\/p>\n<p style=\"text-align: justify;\">\n<p style=\"text-align: justify;\">\n<p style=\"text-align: justify;\">\n<p><img decoding=\"async\" src=\"http:\/\/www.lyon.fr\/static\/vdl\/contenu\/decouverte\/au_fil_des_quartiers\/z_28z.jpg\" alt=\"\" border=\"0\" \/><\/p>\n<p>&nbsp;<\/p>\n<p>&nbsp;<\/p>\n<p style=\"text-align: justify;\">Las distintas religiones surgidas en nuestro mundo a trav\u00e9s de los tiempos, ha incidido, de manera muy profunda, en los pueblos. En un principio muchos se arrimaban a ellas buscando el consuelo que aqu\u00ed en la Tierra, no pod\u00edan encontrar. La &#8220;Dinividad&#8221; les suger\u00eda una promesa. De alguna manera, era un at\u00eddoto para los miedos que siempre acompa\u00f1an a la ignorancia. En otras ocasiones, tenemos el ejemplo de seres creyentes que, incluso, han llegado a dar sus vidas por los dem\u00e1s.<\/p>\n<p style=\"text-align: justify;\">Mis escritos, para quien los lea por vez primera, pueden parecer intentos de explorar los m\u00e1s diversos horizontes de la condici\u00f3n humana y sus logros, persiguiendo objetivos sin aparente conexi\u00f3n entre s\u00ed, y, a veces, incluso contradictorios. Pero no es as\u00ed, todo est\u00e1 siempre, de una u otra manera, relacionado, y tiene un objetivo bien definido: ofrecer datos de hechos ocurridos, divulgar el pensamiento y la ciencia, tratar de los distintos niveles del saber humano, y, en lo posible, emitir puntos de vista y ofrecer ideas que, de alguna manera, ayude a otros a conocer m\u00e1s cosas, a saber m\u00e1s, a entrar en otra realidad distinta a la de su vida cotidiana. La realidad del conocimiento del mundo, de la materia, del espacio-tiempo, del Universo y, en lo que sea posible, de nosotros mismos, porque, \u00bfQui\u00e9nes somos?<\/p>\n<p style=\"text-align: justify;\">Distintos nombres, distintos lugares y \u00e9pocas diferentes que, en definitiva, siempre nos cuentan lo mismo: la lucha de la Humanidad por conquistar los conocimientos y los hombres que lo hicieron posible y que no siempre, recorrieron un camino de rosas para conseguirlo (Galileo es un buen ejemplo).<\/p>\n<p style=\"text-align: justify;\">Veamos una an\u00e9cdota curiosa de los caminos que a veces hemos tomado para mostrar a los dem\u00e1s que estaban equivocados, o bien, para convencerlos de que su proceder no era el correcto:<\/p>\n<p style=\"text-align: justify;\">\n<p style=\"text-align: justify;\">\n<p style=\"text-align: center;\"><img decoding=\"async\" loading=\"lazy\" class=\"aligncenter marco\" src=\"http:\/\/4.bp.blogspot.com\/_AbeQ-V24DWc\/TGFDxhpWRpI\/AAAAAAAACyY\/btl4Oo3Spto\/s1600\/Savonarola_1498.jpg\" alt=\"\" width=\"620\" height=\"500\" \/><\/p>\n<p style=\"text-align: center;\">\n<p style=\"text-align: center;\">\n<p style=\"text-align: justify;\">&#8221; El \u00faltimo d\u00eda del Carnaval de Florencia de 1.497 (y lo mismo ocurri\u00f3 al a\u00f1o siguiente) apareci\u00f3 una construcci\u00f3n muy curiosa en medio de la Piazza Della Signoria, dominada por el Palazzo Vecchio.<\/p>\n<p style=\"text-align: justify;\">En la cima de esta extra\u00f1a edificaci\u00f3n hab\u00eda dos niveles en los que hab\u00eda dispuestos algunos cuadros; se trataba de cuadros de un tipo especial, ya que mostraban beldades y en particular beldades con nombres cl\u00e1sicos: Lucrecia, Cleopatra, Faustina, Bencina.<\/p>\n<p style=\"text-align: justify;\">El centro de la estructura estaba compuesto por varios tramos de escalera que formaban juntos una pir\u00e1mide. En el escal\u00f3n m\u00e1s bajo se hab\u00eda colocado distintos disfraces, m\u00e1s caras y barbas postizas utilizadas en el carnaval. Sobre ellos se encontraban algunos libros (tanto textos impresos como manuscritos) de poetas latinos e italianos, entre ellos Boccacccio y Tetrarca. Luego hab\u00eda varios utensilios de adorno femenino (espejos, velos, cosm\u00e9ticos, perfumes) y encima de ellos la\u00fades, arpas, barajas y piezas de ajedrez.<\/p>\n<p style=\"text-align: justify;\">Cuando se prendi\u00f3 fuego a esta \u201choguera de las vanidades\u201d, los miembros de la Signoria, la Asamblea Pol\u00edtica, contemplaron el acontecimiento desde los balcones de sus palacios. Se toc\u00f3 la m\u00fasica, se cant\u00f3 y repicaron las campanas de la Iglesia.<\/p>\n<p style=\"text-align: justify;\">Las mentalidades de los pueblos cambian con el tiempo y, las costumbres, aunque se van pasando de generaci\u00f3n en generaci\u00f3n, tambi\u00e9n se transforman hasta que, finalmente, llegan a ser otra cosa distinta de la que quiso ser.<\/p>\n<p style=\"text-align: justify;\">\n<p>&nbsp;<\/p>\n<p style=\"text-align: center;\"><img decoding=\"async\" loading=\"lazy\" class=\"aligncenter\" src=\"http:\/\/2.bp.blogspot.com\/-GdfD-8awuYo\/TV0y986UvWI\/AAAAAAAAAPU\/S8qGPs64khE\/s1600\/mas4web.jpg\" alt=\"\" width=\"510\" height=\"383\" \/><\/p>\n<p style=\"text-align: center;\">\n<p style=\"text-align: center;\">\n<p style=\"text-align: justify;\">(En lo m\u00e1s profundo de todo esto, queremos significar lo que el pasado fue, mirar hacia atr\u00e1s nos ense\u00f1a y aunque no sea conveniente\u00a0 querer agarrarnos de forma desesperada a esos tiempos que nunca podr\u00e1n volver, si parece l\u00f3gico que aprendamos de todo lo bueno que se hizo y que no olvidemos lo malo para procurar, dentro de lo posible, no repetirlo. Recordar a esos personajes que se fueron para siempre, tenerlos como s\u00edmbolos de lo que pas\u00f3 y procurar, nuevas perspectivas de futuro que mejoren lo anterior.)<\/p>\n<p style=\"text-align: justify;\">Dec\u00eda que: Cuando se prendi\u00f3 fuego a esta \u201choguera de las vanidades\u201d, los miembros de la Signoria, la Asamblea Pol\u00edtica, contemplaron el acontecimiento desde los balcones de sus palacios. Se toc\u00f3 la m\u00fasica, se cant\u00f3 y repicaron las campanas de la Iglesia.<\/p>\n<p style=\"text-align: justify;\">A continuaci\u00f3n, toda la gente se traslad\u00f3 a la Piazza di San Marco donde, para bailar, formaron tres c\u00edrculos conc\u00e9ntricos. Los monjes ocupaban el central, alternados con ni\u00f1os vestidos como \u00e1ngeles; despu\u00e9s ven\u00edan otros eclesi\u00e1sticos y por \u00faltimo los ciudadanos en general.<\/p>\n<p style=\"text-align: justify;\">\n<p style=\"text-align: justify;\">\n<p style=\"text-align: center;\"><img decoding=\"async\" loading=\"lazy\" class=\"aligncenter\" src=\"http:\/\/upload.wikimedia.org\/wikipedia\/commons\/6\/68\/Girolamo_Savonarola.jpg\" alt=\"Archivo:Girolamo Savonarola.jpg\" width=\"360\" height=\"480\" \/><\/p>\n<p style=\"text-align: center;\">fray Girolamo Savonarola, \u00a1qu\u00e9 personaje!<\/p>\n<p style=\"text-align: center;\">\n<p style=\"text-align: justify;\">Todo esto se realiz\u00f3 para satisfacci\u00f3n del profeta dominico fray Girolamo Savonarola, de Ferrara. \u201cAgudo y carism\u00e1tico\u201d, convencido de que Dios le hab\u00eda enviado para propiciar la reforma espiritual de los italianos y de la del predicador, alt\u00edsima posici\u00f3n \u201csolo inferior a la de los \u00e1ngeles\u201d. Buscaba regenerar la Iglesia a trav\u00e9s de una serie de escenarios como el descrito, y en cada uno de ellos, destru\u00eda un mal.&#8221;<\/p>\n<p style=\"text-align: justify;\">Los pensadores del Renacimiento cre\u00edan que todo el Universo era un modelo de la idea divina y que el hombre era \u201cun creador que ven\u00eda despu\u00e9s del creador divino\u201d. Esta concepci\u00f3n era el concepto de belleza, una forma de armon\u00eda que reflejaba las intenciones de la divinidad.<\/p>\n<p style=\"text-align: justify;\">Lo que era placentero para los ojos, el o\u00eddo y la mente era bueno, moralmente valioso en s\u00ed mismo. M\u00e1s a\u00fan: revelaba parte del plan divino para la Humanidad, pues evidenciaba la relaci\u00f3n de las partes con el todo.<\/p>\n<p style=\"text-align: justify;\">\n<p style=\"text-align: justify;\">\n<p style=\"text-align: center;\"><img decoding=\"async\" loading=\"lazy\" class=\"aligncenter\" src=\"http:\/\/www.fotos.org\/galeria\/data\/522\/medium\/3Leonardo-Da-Vinci-Mona-Lisa-_La-Gioconda_.jpg\" alt=\"\" width=\"450\" height=\"699\" \/><\/p>\n<p style=\"text-align: center;\"><strong> Leonardo-Da-Vinci y su Mona-Lisa (La-Gioconda)<\/strong><\/p>\n<p style=\"text-align: center;\">\n<p style=\"text-align: justify;\">Este ideal renacentista de belleza respaldaba la noci\u00f3n de que esta ten\u00eda dos funciones, noci\u00f3n aplicable a todas las disciplinas. En un nivel, la arquitectura, las artes visuales, la m\u00fasica y los aspectos formales de las artes literarias y dram\u00e1ticas informaban a la mente; en segundo nivel, la complac\u00edan mediante el decoro, el estilo y la simetr\u00eda. De esta forma se estableci\u00f3 una asociaci\u00f3n entre belleza e ilustraci\u00f3n. Tambi\u00e9n esto era lo que entonces significaba la sabidur\u00eda.<\/p>\n<p style=\"text-align: justify;\">El fin perseguido era el deseo de universalidad personal, la consecuci\u00f3n de conocimientos universales, la conjunci\u00f3n de disciplinas diferentes como ramas del todo, del saber profundo que abarcaba desde el n\u00facleo las distintas esferas de los conocimientos universales, la conjunci\u00f3n de disciplinas diferentes como ramas del todo, del saber profundo que abarcaba desde el n\u00facleo las distintas esferas del conocimiento como partes de ese todo.<\/p>\n<p style=\"text-align: justify;\">\n<p style=\"text-align: justify;\">\n<p style=\"text-align: justify;\">\n<p><img decoding=\"async\" loading=\"lazy\" src=\"http:\/\/3.bp.blogspot.com\/_PERjjboDtQU\/S7SqrAYUr4I\/AAAAAAAAAA0\/7tsT0AXy__8\/s400\/electron.jpg\" alt=\"\" width=\"400\" height=\"323\" border=\"0\" \/><\/p>\n<p>&nbsp;<\/p>\n<p>Tambi\u00e9n, si lo podemos comprender, esto es belleza<\/p>\n<p>&nbsp;<\/p>\n<p style=\"text-align: justify;\"><strong> La Belleza, amigos m\u00edos, puede estar en cualquier parte: Un paisaje, un edificio, una mirada, una sonrisa, un rictus misterioso, una mujer, un ni\u00f1o, una sonora carcajada, una buena m\u00fasica, una lectura apacible de profundos conocimientos, una simple taza de buen caf\u00e9 en la compa\u00f1\u00eda adecuada, pasear, o\u00edr el rumor de un r\u00edo, oler la tierra h\u00fameda despu\u00e9s de la lluvia, ver a la una pareja feliz&#8230;\u00a1Son t\u00e1ntas las formas de belleza! Y, algunas veces, la tenemos a nuestro lado y, \u00a1no sabemos apreciarla! despertad que aqu\u00ed, tenemos poco tiempo.<br \/>\n<\/strong><\/p>\n<p style=\"text-align: justify;\">Y, sobre todas ellas, me quedo con aquella que no siempre se ve. Est\u00e1n en forma de sentimientos y abarcan un espacio tal que, a veces, incluye a toda la Humanidad. Sin embargo, tambi\u00e9n, por circunstancias varias, ese sentimiento puede producir un profundo dolor. Ya sabeis, nunca podremos tener todo aquello que podamos desear. Aqu\u00ed, en nuestro mundo real, no hay l\u00e1mparas de Aladino.<\/p>\n<p style=\"text-align: justify;\">\n<p style=\"text-align: justify;\">\n<p><img decoding=\"async\" src=\"http:\/\/maestrosf.blogia.com\/upload\/20100510181704-madre-y-nino.jpg\" alt=\"20100510181704-madre-y-nino.jpg\" \/><\/p>\n<p>&nbsp;<\/p>\n<p>&nbsp;<\/p>\n<p>&nbsp;<\/p>\n<p style=\"text-align: justify;\">Cuando en el Amor est\u00e1 ausente el deseo, se encuentra el nivel m\u00e1s alto. Ninguna otra clase de amor lo podr\u00e1 igualar nunca. No hablo de fanatismo, sino de AMOR. El reconocimiento de la belleza se funda en los dones &#8220;divinos&#8221; del intelecto humano. Durante el Renacimiento se escribieron unos cuarenta y tres tratados sobre la belleza. La idea de hombre universal es una idea com\u00fan a casi todos ellos.<\/p>\n<p style=\"text-align: justify;\">Aqu\u00ed os he dejado una muestra del pensamiento humano, de los caminos que a veces se han recorrido, los pensamientos de los hombres, y, como se explica en las estrofas del comienzo, nuestra especie tiene su destino marcado, las generaciones presentes, deben irse, dar paso a las nuevas que vendr\u00e1n, as\u00ed, de esa manera, podr\u00e9mos ser &#8220;inmortales&#8221;, siempre habr\u00e1 nuevas fuerzas y nuevas ideas para continuar el esfuerzo realizado por los que se fueron que, de ninguna manera se perder\u00e1, s\u00f3lo son tramos de la escalera del saber que se han ido subiendo.<\/p>\n<p style=\"text-align: justify;\">Como el camino es largo y nada f\u00e1cil, nos valemos de ese truco (unos mueren y otros vienen a ocupar su sitio), es la \u00fanica manera de cumplir nuestro destino. As\u00ed hemos llegado a saber del Universo y del \u00e1tomo. La sucesi\u00f3n de generaciones, esa es la manera que ha encontrado la Naturaleza para que, nosotros los humanos, podamos vencer la Entrop\u00eda destructora que acompa\u00f1a al paso del tiempo. Y, mientras tanto, seguimos persiguiendo saber, lo que la materia es. De eso nos ocuparemos en otros comentarios futuros.<\/p>\n<p style=\"text-align: right;\"><em>emilio silvera<\/em><\/p>\n<div class='bookmark'>\r\n\t\t<table align='left' border='0' cellpadding='0' width='100%'>\r\n\t\t<tr><td><span class='pushbutton'><a href='http:\/\/delicious.com\/post?url=http%3A%2F%2Fwww.emiliosilveravazquez.com%2Fblog%2F2013%2F09%2F23%2Fun-rumor-del-saber%2F&amp;title=%C2%A1La+Humanidad%21+sus+creencias%2C+su+complejidad' title='Delicious' target='_blank' rel='nofollow'><img src='http:\/\/www.emiliosilveravazquez.com\/blog\/wp-content\/plugins\/knxdt-bookmarks-wordpress-plugin\/images\/delicious.png'  alt='' class='book_img' border='none' style='margin:1px; padding: 0;'  \/><\/a><\/span><span class='pushbutton'><a href='http:\/\/digg.com\/submit?url=http%3A%2F%2Fwww.emiliosilveravazquez.com%2Fblog%2F2013%2F09%2F23%2Fun-rumor-del-saber%2F&amp;title=%C2%A1La+Humanidad%21+sus+creencias%2C+su+complejidad' title='Digg' target='_blank' rel='nofollow'><img src='http:\/\/www.emiliosilveravazquez.com\/blog\/wp-content\/plugins\/knxdt-bookmarks-wordpress-plugin\/images\/digg.png'  alt='' class='book_img' border='none' style='margin:1px; padding: 0;'  \/><\/a><\/span><span class='pushbutton'><a href='http:\/\/www.google.com\/bookmarks\/mark?op=edit&amp;bkmk=http%3A%2F%2Fwww.emiliosilveravazquez.com%2Fblog%2F2013%2F09%2F23%2Fun-rumor-del-saber%2F&amp;title=%C2%A1La+Humanidad%21+sus+creencias%2C+su+complejidad' title='Google' target='_blank' rel='nofollow'><img src='http:\/\/www.emiliosilveravazquez.com\/blog\/wp-content\/plugins\/knxdt-bookmarks-wordpress-plugin\/images\/google.png'   alt='' class='book_img' border='none' style='margin:1px; padding: 0;'  \/><\/a><\/span><span class='pushbutton'><a href='http:\/\/myweb2.search.yahoo.com\/myresults\/bookmarklet?u=http%3A%2F%2Fwww.emiliosilveravazquez.com%2Fblog%2F2013%2F09%2F23%2Fun-rumor-del-saber%2F&amp;t=%C2%A1La+Humanidad%21+sus+creencias%2C+su+complejidad' title='Yahoo' target='_blank' rel='nofollow'><img src='http:\/\/www.emiliosilveravazquez.com\/blog\/wp-content\/plugins\/knxdt-bookmarks-wordpress-plugin\/images\/yahoo.png'  alt='' class='book_img' border='none' style='margin:1px; padding: 0;'  \/><\/a><\/span><span class='pushbutton'><a href='http:\/\/www.technorati.com\/faves?add=http%3A%2F%2Fwww.emiliosilveravazquez.com%2Fblog%2F2013%2F09%2F23%2Fun-rumor-del-saber%2F' title='Technorati' target='_blank' rel='nofollow'><img src='http:\/\/www.emiliosilveravazquez.com\/blog\/wp-content\/plugins\/knxdt-bookmarks-wordpress-plugin\/images\/technorati.png'  alt='' class='book_img' border='none' style='margin:1px; padding: 0;'  \/><\/a><\/span><span class='pushbutton'><a href='http:\/\/meneame.net\/submit.php?url=http%3A%2F%2Fwww.emiliosilveravazquez.com%2Fblog%2F2013%2F09%2F23%2Fun-rumor-del-saber%2F' title='Meneame' target='_blank' rel='nofollow'><img src='http:\/\/www.emiliosilveravazquez.com\/blog\/wp-content\/plugins\/knxdt-bookmarks-wordpress-plugin\/images\/meneame.png'  alt='' class='book_img' border='none' style='margin:1px; padding: 0;'  \/><\/a><\/span><span class='pushbutton'><a href='http:\/\/enchilame.com\/submit.php?url=http:\/\/www.emiliosilveravazquez.com\/blog\/2013\/09\/23\/un-rumor-del-saber\/' target='_blank' rel='nofollow'><img title='Enchilame' src='http:\/\/www.emiliosilveravazquez.com\/blog\/wp-content\/plugins\/knxdt-bookmarks-wordpress-plugin\/images\/enchilame.png'  alt='' class='book_img' border='none' style='margin:1px; padding: 0;'  \/><\/a><\/span><span class='pushbutton'><a href='http:\/\/www.blinklist.com\/index.php?Action=Blink\/addblink.php&amp;Description=&amp;Url=http%3A%2F%2Fwww.emiliosilveravazquez.com%2Fblog%2F2013%2F09%2F23%2Fun-rumor-del-saber%2F&amp;title=%C2%A1La+Humanidad%21+sus+creencias%2C+su+complejidad' title='BlinkList' target='_blank' rel='nofollow'><img src='http:\/\/www.emiliosilveravazquez.com\/blog\/wp-content\/plugins\/knxdt-bookmarks-wordpress-plugin\/images\/blinklist.png'  alt='' class='book_img' border='none' style='margin:1px; padding: 0;'  \/><\/a><\/span><span class='pushbutton'><a href='http:\/\/reddit.com\/submit?url=http%3A%2F%2Fwww.emiliosilveravazquez.com%2Fblog%2F2013%2F09%2F23%2Fun-rumor-del-saber%2F&amp;title=%C2%A1La+Humanidad%21+sus+creencias%2C+su+complejidad' title='Reddit' target='_blank' rel='nofollow'><img src='http:\/\/www.emiliosilveravazquez.com\/blog\/wp-content\/plugins\/knxdt-bookmarks-wordpress-plugin\/images\/reddit.png'  alt='' class='book_img' border='none' style='margin:1px; padding: 0;'  \/><\/a><\/span><span class='pushbutton'><a href='http:\/\/www.tecnologiadiaria.com\/2009\/07\/abrir-com-hotmail-correo.html' target='_blank' title='hotmail'><img src='http:\/\/www.emiliosilveravazquez.com\/blog\/wp-content\/plugins\/knxdt-bookmarks-wordpress-plugin\/images\/linklove.png' alt='hotmail correo' class='book_img' border='none' style='margin:1px; padding: 0;' \/><\/a><\/span><span class='pushbutton'><a href='http:\/\/bitacoras.com\/votar\/anotacion\/externo\/mini\/www.emiliosilveravazquez.com\/blog\/2013\/09\/23\/un-rumor-del-saber\/' title='Bitacoras.com' target='_blank' rel='nofollow'><img src='http:\/\/www.emiliosilveravazquez.com\/blog\/wp-content\/plugins\/knxdt-bookmarks-wordpress-plugin\/images\/bitacoras.png'  alt='' class='book_img' border='none' style='margin:1px; padding: 0;'  \/><\/a><\/span><span class='pushbutton'><a href='http:\/\/www.wikio.es\/vote?url=http%3A%2F%2Fwww.emiliosilveravazquez.com%2Fblog%2F2013%2F09%2F23%2Fun-rumor-del-saber%2F' title='Wikio' target='_blank' rel='nofollow'><img src='http:\/\/www.emiliosilveravazquez.com\/blog\/wp-content\/plugins\/knxdt-bookmarks-wordpress-plugin\/images\/wikio.png'   alt='' class='book_img' border='none' style='margin:1px; padding: 0;'   \/><\/a><\/span><span class='pushbutton'><a href='http:\/\/friendfeed.com\/?url=http%3A%2F%2Fwww.emiliosilveravazquez.com%2Fblog%2F2013%2F09%2F23%2Fun-rumor-del-saber%2F&amp;title=%C2%A1La+Humanidad%21+sus+creencias%2C+su+complejidad' title='Friend Feed' target='_blank' rel='nofollow'><img src='http:\/\/www.emiliosilveravazquez.com\/blog\/wp-content\/plugins\/knxdt-bookmarks-wordpress-plugin\/images\/friendfeed.png'  alt='' class='book_img' border='none' style='margin:1px; padding: 0;'  \/><\/a><\/span><span class='pushbutton'><a href='http:\/\/www.facebook.com\/share.php?u=http%3A%2F%2Fwww.emiliosilveravazquez.com%2Fblog%2F2013%2F09%2F23%2Fun-rumor-del-saber%2F&amp;t=%C2%A1La+Humanidad%21+sus+creencias%2C+su+complejidad' title='Facebook' target='_blank' rel='nofollow'><img src='http:\/\/www.emiliosilveravazquez.com\/blog\/wp-content\/plugins\/knxdt-bookmarks-wordpress-plugin\/images\/facebook.png'  alt='' class='book_img' border='none' style='margin:1px; padding: 0;'  \/><\/a><\/span><span class='pushbutton'><a href='http:\/\/twitter.com\/home?status=%C2%A1La+Humanidad%21+sus+creencias%2C+su+complejidad: http%3A%2F%2Fwww.emiliosilveravazquez.com%2Fblog%2F2013%2F09%2F23%2Fun-rumor-del-saber%2F' title='Twitter' target='_blank' rel='nofollow'><img src='http:\/\/www.emiliosilveravazquez.com\/blog\/wp-content\/plugins\/knxdt-bookmarks-wordpress-plugin\/images\/twitter.png'  alt='' class='book_img' border='none' style='margin:1px; padding: 0;'  \/><\/a><\/span><span class='pushbutton'><a href='http:\/\/www.feedburner.com\/fb\/a\/emailFlare?itemTitle=%C2%A1La+Humanidad%21+sus+creencias%2C+su+complejidad&amp;uri=http%3A%2F%2Fwww.emiliosilveravazquez.com%2Fblog%2F2013%2F09%2F23%2Fun-rumor-del-saber%2F' title='Enviar por Email' target='_blank' rel='nofollow'><img src='http:\/\/www.emiliosilveravazquez.com\/blog\/wp-content\/plugins\/knxdt-bookmarks-wordpress-plugin\/images\/email.png'  alt='' class='book_img' border='none' style='margin:1px; padding: 0;'  \/><\/a><\/span><span style='font-weight:bold; padding-left: 5px;'><a href='http:\/\/wordpress.org\/extend\/plugins\/knxdt-bookmarks-wordpress-plugin\/' title='Plugin' rel='nofollow' target='_blank'>[?]<\/a><\/span><\/td><\/tr><\/table><br\/><br\/><\/div>","protected":false},"excerpt":{"rendered":"<p>&nbsp; \u201cPara liberarnos del amor excesivo a la vida, de esperanzas y miedos, damos las gracias brevemente a cuales quieran que los dioses sean. por que ning\u00fan hombre viva para siempre; por que los hombres muertos nunca resuciten; que incluso el r\u00edo m\u00e1s fatigado llegue siempre con seguridad al mar.\u201d &nbsp; S\u00ed, y mientras todo [&hellip;]<\/p>\n","protected":false},"author":2,"featured_media":0,"comment_status":"open","ping_status":"open","sticky":false,"template":"","format":"standard","meta":{"_s2mail":"yes","footnotes":""},"categories":[11],"tags":[],"_links":{"self":[{"href":"http:\/\/www.emiliosilveravazquez.com\/blog\/wp-json\/wp\/v2\/posts\/22"}],"collection":[{"href":"http:\/\/www.emiliosilveravazquez.com\/blog\/wp-json\/wp\/v2\/posts"}],"about":[{"href":"http:\/\/www.emiliosilveravazquez.com\/blog\/wp-json\/wp\/v2\/types\/post"}],"author":[{"embeddable":true,"href":"http:\/\/www.emiliosilveravazquez.com\/blog\/wp-json\/wp\/v2\/users\/2"}],"replies":[{"embeddable":true,"href":"http:\/\/www.emiliosilveravazquez.com\/blog\/wp-json\/wp\/v2\/comments?post=22"}],"version-history":[{"count":0,"href":"http:\/\/www.emiliosilveravazquez.com\/blog\/wp-json\/wp\/v2\/posts\/22\/revisions"}],"wp:attachment":[{"href":"http:\/\/www.emiliosilveravazquez.com\/blog\/wp-json\/wp\/v2\/media?parent=22"}],"wp:term":[{"taxonomy":"category","embeddable":true,"href":"http:\/\/www.emiliosilveravazquez.com\/blog\/wp-json\/wp\/v2\/categories?post=22"},{"taxonomy":"post_tag","embeddable":true,"href":"http:\/\/www.emiliosilveravazquez.com\/blog\/wp-json\/wp\/v2\/tags?post=22"}],"curies":[{"name":"wp","href":"https:\/\/api.w.org\/{rel}","templated":true}]}}