{"id":2197,"date":"2012-06-04T05:00:09","date_gmt":"2012-06-04T04:00:09","guid":{"rendered":"http:\/\/www.emiliosilveravazquez.com\/blog\/?p=2197"},"modified":"2012-06-04T07:00:22","modified_gmt":"2012-06-04T06:00:22","slug":"una-breve-resena-de-eta-carinae","status":"publish","type":"post","link":"http:\/\/www.emiliosilveravazquez.com\/blog\/2012\/06\/04\/una-breve-resena-de-eta-carinae\/","title":{"rendered":"Una breve rese\u00f1a de Eta Carinae"},"content":{"rendered":"<p style=\"text-align: center;\"><a href=\"http:\/\/www.emiliosilveravazquez.com\/blog\/wp-content\/uploads\/2009\/05\/eta_carinae_nebula.jpg\" target=\"_blank\"><img decoding=\"async\" loading=\"lazy\" class=\"aligncenter size-full wp-image-2202 marco\" title=\"eta_carinae_nebula_thumb\" src=\"http:\/\/www.emiliosilveravazquez.com\/blog\/wp-content\/uploads\/2009\/05\/eta_carinae_nebula_thumb.jpg\" alt=\"eta_carinae_nebula_thumb\" width=\"490\" height=\"140\" srcset=\"http:\/\/www.emiliosilveravazquez.com\/blog\/wp-content\/uploads\/2009\/05\/eta_carinae_nebula_thumb.jpg 490w, http:\/\/www.emiliosilveravazquez.com\/blog\/wp-content\/uploads\/2009\/05\/eta_carinae_nebula_thumb-150x42.jpg 150w, http:\/\/www.emiliosilveravazquez.com\/blog\/wp-content\/uploads\/2009\/05\/eta_carinae_nebula_thumb-450x128.jpg 450w\" sizes=\"(max-width: 490px) 100vw, 490px\" \/><\/a><\/p>\n<p style=\"text-indent: 24pt; text-align: justify;\">En los \u00faltimos meses ha aumentado la actividad de Eta Carinae. Ha duplicado su brillo desde 1998 mientras la nube que le rodea ha triplicado su brillo, sin duda debido a la excitaci\u00f3n que le produce la luz procedente de la estrella. Siguiendo las teor\u00edas de algunos astr\u00f3nomos, podr\u00edamos estar a punto de presenciar una nueva erupci\u00f3n masiva como la de 1843.<\/p>\n<p style=\"text-indent: 24pt; text-align: justify;\">Eta Carinae se encuentra embebida en una gran nebulosidad catalogada con el c\u00f3digo NGC3372, la cual abarca un \u00e1rea de 1\u00ba x 2\u00ba y contiene algunas aglomeraciones de estrellas, algunas de las cuales podr\u00edan simplemente estar en la l\u00ednea de visi\u00f3n. En un telescopio peque\u00f1o puede notarse callejones oscuros que separan por lo menos tres \u00e1reas brillantes con Eta Carinae en el v\u00e9rtice del \u00e1rea principal. En las fotograf\u00edas, sin embargo, las otras dos \u00e1reas conforman una s\u00f3la nebulosidad. En el bloque donde se encuentra Eta Carinae existe una mancha oscura que tiene la forma del agujero donde se inserta una llave antigua, por ello a la nube se le conoce como la &#8220;Nebulosa de la Cerradura&#8221;. A diferencia de otras nebulosas, la mancha oscura que separa el bloque principal no parece polvo oscuro bloqueando la luz de las estrellas, por el contrario parece que las nubes de gas luminoso simplemente est\u00e1n separadas en el espacio. En el centro de la nube existen estrellas j\u00f3venes muy calientes, de no m\u00e1s de 1 mill\u00f3n de a\u00f1os, consideradas entre las m\u00e1s calientes de la galaxia. Por su parte, Eta Carinae est\u00e1 rodeada de una nebulosidad bi-lobular denominada &#8220;hom\u00fanculo&#8221;.<\/p>\n<p style=\"text-indent: 24pt; text-align: justify;\">\n<p style=\"text-indent: 24pt; text-align: justify;\"><a href=\"http:\/\/apod.nasa.gov\/apod\/image\/0603\/etacar_hst_big.jpg\"><img decoding=\"async\" loading=\"lazy\" title=\"El chupete c\u00f3smico otra vez\" src=\"http:\/\/apod.nasa.gov\/apod\/image\/0603\/etacar_hst.jpg\" alt=\"\" width=\"576\" height=\"432\" \/><\/a><\/p>\n<p style=\"text-indent: 24pt; text-align: justify;\">\n<p style=\"text-indent: 24pt; text-align: justify;\">producto de la explosi\u00f3n de 1843. En las fotograf\u00edas se ve dos l\u00f3bulos con textura de coliflor separadas por lo que parece ser un delgado disco. El telescopio espacial <a href=\"#\" onclick=\"referencia('hubble',event); return false;\">Hubble<\/a> ha permitido descubrir recientemente otra n\u00e9bula c\u00f3nica dentro de la primera, la cual sufre frecuentes y notables cambios espectrales. La nube del &#8220;hom\u00fanculo&#8221; presenta un di\u00e1metro aparente de unos 20&#8243; y se encuentra en expansi\u00f3n a 900 km\/sec.<\/p>\n<p><!--more--><\/p>\n<p style=\"text-indent: 24pt; text-align: justify;\">Eta Carinae es una estrella destinada a batir records. Al llegar a su m\u00e1ximo de 1843 liber\u00f3 una energ\u00eda 10 millones de veces superior a la que normalmente irrad\u00eda el sol. En realidad fue la estrella m\u00e1s brillante de la galaxia, 600,000 veces m\u00e1s brillante que Sirio y 12 millones de veces m\u00e1s brillante que el sol. La masa en Eta Carinae y la nube que le rodea puede ser de varios miles de veces la masa del sol. Se encuentra a 7,500 a\u00f1os luz La estrella es una de l\u00e1s m\u00e1s masivas estrellas que se conocen: 150 veces m\u00e1s grande y miles \u00f3 millones de veces m\u00e1s brillante que nuestro sol, a\u00fan en su actual sexta magnitud. Sigue siendo tan poderosa como en 1840, apareciendo m\u00e1s d\u00e9bil s\u00f3lo porque est\u00e1 cubierta por nebulosidad. Es el objeto infrarrojo m\u00e1s luminoso despu\u00e9s del sol y una fuente \u00fanica de <a href=\"#\" onclick=\"referencia('rayos x',event); return false;\">rayos X<\/a>. La estrella produce el viento estelar m\u00e1s luminoso conocido en longitudes de onda de radio.<\/p>\n<p style=\"text-indent: 24pt; text-align: justify;\">\n<p style=\"text-indent: 24pt; text-align: justify;\"><a href=\"http:\/\/animalderuta.files.wordpress.com\/2010\/09\/eta_carinae_pano.jpg\"><img decoding=\"async\" loading=\"lazy\" title=\"eta_carinae_pano\" src=\"http:\/\/animalderuta.files.wordpress.com\/2010\/09\/eta_carinae_pano.jpg?w=576&amp;h=689\" alt=\"\" width=\"576\" height=\"689\" \/><\/a><\/p>\n<p style=\"text-indent: 24pt; text-align: justify;\">\n<p style=\"text-indent: 24pt; text-align: justify;\">Arriba a la izquierda est\u00e1 Eta Carinae. Se ve como un manch\u00f3n mas o menos ovalado, pero como para armar ese mosaico usaron el telescopio con el reductor focal en f\/5, las estrellas se deforman un poco en los bordes y\u00a0 el autor no pod\u00eda estar seguro de que la luz que hace que se vea ovalada se haya debido a la nebulosa del hom\u00fanculo. Bueno, finalmente y tras un minucioso estudio, si parece estar seguro.<\/p>\n<p style=\"text-indent: 24pt; text-align: justify;\">Su espectro es variable, siendo tomado como de la clase F5 en 1891. Recientemente se descubri\u00f3 dos tipos de l\u00edneas en su espectro. Amplias l\u00edneas de emisi\u00f3n se forman en el viento movi\u00e9ndose fuera de la estrella a cientos de km por segundo, mientras que l\u00edneas delgadas se producen en gas que se mueve a 50 km\/sec, sorprendentemente lento en medio del tumulto local. Estas l\u00edneas delgadas paracen abrillantarse y opacarse en intervalos irregulares, con ciclos que pueden durar semanas y una aparente repetici\u00f3n con intervalos de 5 a\u00f1os y medio. Adem\u00e1s se descubri\u00f3 oscilaciones en el flujo de <a href=\"#\" onclick=\"referencia('rayos x',event); return false;\">rayos X<\/a> que aumenta gradualmente hasta una sucesi\u00f3n de fulguraciones que culminan con un abrupto declive, en un ciclo de unos 85 d\u00edas.<\/p>\n<p style=\"text-indent: 24pt; text-align: justify;\">\n<p style=\"text-indent: 24pt; text-align: justify;\"><img decoding=\"async\" loading=\"lazy\" id=\"il_fi\" src=\"http:\/\/www.pijamasurf.com\/wp-content\/uploads\/2009\/09\/hubble-eta-carinae.jpg\" alt=\"\" width=\"640\" height=\"480\" \/><\/p>\n<p style=\"text-indent: 24pt; text-align: justify;\">Indagando las \u00faltimas emanaciones de las estrella mortecina Eta Carinae, una estrella masiva que quema veloz su combustible nuclear y que, en cualquier momento (al Igual que Betelgeuse), nos podr\u00eda dar una sorpresa iluminando el cielo de manera inusual y deslumbrante.<\/p>\n<p style=\"text-indent: 24pt; text-align: justify;\">Eta Carinae es una estrella del tipo llamado &#8220;variable azul luminosa&#8221; (LBV), una etapa cr\u00edtica en la evoluci\u00f3n de estrellas masivas, sumamente brillantes. Posiblemente haya s\u00f3lo una estrella de este tipo por cada mil millones de estrellas comunes Su destino es convertirse en una supernova, terminando su vida en una colosal explosi\u00f3n. Algunos especulan incluso que podr\u00eda originar una <em>hipernova<\/em>, cuya explosi\u00f3n, a\u00fan m\u00e1s poderosa que una supernova com\u00fan, dar\u00eda origen a los llamados &#8220;estallidos de <a href=\"#\" onclick=\"referencia('gamma rayos',event); return false;\">rayos gamma<\/a>&#8221;. Este evento catacl\u00edsmico produce por breve tiempo una emisi\u00f3n tan asombrosa de <a href=\"#\" onclick=\"referencia('gamma rayos',event); return false;\">rayos gamma<\/a> que podr\u00eda ser peligrosa para la tierra, a\u00fan a la distancia de 7,000 a\u00f1os.<\/p>\n<p><a href=\"http:\/\/2.bp.blogspot.com\/_oZOg6YjBvWk\/TRvlXj3CJNI\/AAAAAAAAGjk\/dC0R0DtNHow\/s1600\/6a00d8341bf7f753ef0147e11864e8970b.jpg\" rel=\"nofollow\"><img decoding=\"async\" id=\"BLOGGER_PHOTO_ID_5556286758217458898\" src=\"http:\/\/es.globedia.com\/imagenes\/noticias\/2010\/12\/30\/541101_1.jpg\" alt=\"\" \/><\/a><\/p>\n<p>&nbsp;<\/p>\n<p style=\"text-align: justify;\">Esta imagen compuesta de Eta Carinae fue elaborada mediante datos del Observatorio\u00a0 Chandra de rayos-X, y del Telescopio Espacial <a href=\"#\" onclick=\"referencia('hubble',event); return false;\">Hubble<\/a>.\u00a0 En la imagen pueden verse los restos de la erupci\u00f3n masiva que la estrella experiment\u00f3 durante la d\u00e9cada de 1840. Eta Carinae est\u00e1 situada en la constelaci\u00f3n de Carina (la Quilla) en los cielos del sur, a unos 7500 a\u00f1os-luz de la Tierra. Eta Carinae es una estrella variable eruptiva, un mill\u00f3n de veces m\u00e1s brillante que nuestro Sol y m\u00e1s de 100 veces m\u00e1s masiva, probablemente sea la estrella con m\u00e1s masa en la Galaxia. A mediados del siglo XIX experiment\u00f3 una gran explosi\u00f3n aumentando su brillo considerablemente, pero la estrella sobrevivi\u00f3.<\/p>\n<p style=\"text-indent: 24pt; text-align: justify;\">Dadala inmensidad de esta estrella, si finalmente llega al t\u00e9rmino de su vida y eyecta materiales y fuertes chorros deradiaci\u00f3n al espacio interestelar, me gustar\u00edaque la Tierraquedara fuerade su trayectoria,locual, no parece muy probable si, como me temo, el material y laradiaci\u00f3n violentamente expulsado lo hace, como esdeesperar, isotr\u00f3picamente.<\/p>\n<p style=\"text-indent: 24pt; text-align: justify;\">Esperemos que a\u00fan tarde algunos miles de a\u00f1os en suceder, as\u00ed,nos coger\u00e1 m\u00e1s preparados.<\/p>\n<div class='bookmark'>\r\n\t\t<table align='left' border='0' cellpadding='0' width='100%'>\r\n\t\t<tr><td><span class='pushbutton'><a href='http:\/\/delicious.com\/post?url=http%3A%2F%2Fwww.emiliosilveravazquez.com%2Fblog%2F2012%2F06%2F04%2Funa-breve-resena-de-eta-carinae%2F&amp;title=Una+breve+rese%C3%B1a+de+Eta+Carinae' title='Delicious' target='_blank' rel='nofollow'><img src='http:\/\/www.emiliosilveravazquez.com\/blog\/wp-content\/plugins\/knxdt-bookmarks-wordpress-plugin\/images\/delicious.png'  alt='' class='book_img' border='none' style='margin:1px; padding: 0;'  \/><\/a><\/span><span class='pushbutton'><a href='http:\/\/digg.com\/submit?url=http%3A%2F%2Fwww.emiliosilveravazquez.com%2Fblog%2F2012%2F06%2F04%2Funa-breve-resena-de-eta-carinae%2F&amp;title=Una+breve+rese%C3%B1a+de+Eta+Carinae' title='Digg' target='_blank' rel='nofollow'><img src='http:\/\/www.emiliosilveravazquez.com\/blog\/wp-content\/plugins\/knxdt-bookmarks-wordpress-plugin\/images\/digg.png'  alt='' class='book_img' border='none' style='margin:1px; padding: 0;'  \/><\/a><\/span><span class='pushbutton'><a href='http:\/\/www.google.com\/bookmarks\/mark?op=edit&amp;bkmk=http%3A%2F%2Fwww.emiliosilveravazquez.com%2Fblog%2F2012%2F06%2F04%2Funa-breve-resena-de-eta-carinae%2F&amp;title=Una+breve+rese%C3%B1a+de+Eta+Carinae' title='Google' target='_blank' rel='nofollow'><img src='http:\/\/www.emiliosilveravazquez.com\/blog\/wp-content\/plugins\/knxdt-bookmarks-wordpress-plugin\/images\/google.png'   alt='' class='book_img' border='none' style='margin:1px; padding: 0;'  \/><\/a><\/span><span class='pushbutton'><a href='http:\/\/myweb2.search.yahoo.com\/myresults\/bookmarklet?u=http%3A%2F%2Fwww.emiliosilveravazquez.com%2Fblog%2F2012%2F06%2F04%2Funa-breve-resena-de-eta-carinae%2F&amp;t=Una+breve+rese%C3%B1a+de+Eta+Carinae' title='Yahoo' target='_blank' rel='nofollow'><img src='http:\/\/www.emiliosilveravazquez.com\/blog\/wp-content\/plugins\/knxdt-bookmarks-wordpress-plugin\/images\/yahoo.png'  alt='' class='book_img' border='none' style='margin:1px; padding: 0;'  \/><\/a><\/span><span class='pushbutton'><a href='http:\/\/www.technorati.com\/faves?add=http%3A%2F%2Fwww.emiliosilveravazquez.com%2Fblog%2F2012%2F06%2F04%2Funa-breve-resena-de-eta-carinae%2F' title='Technorati' target='_blank' rel='nofollow'><img src='http:\/\/www.emiliosilveravazquez.com\/blog\/wp-content\/plugins\/knxdt-bookmarks-wordpress-plugin\/images\/technorati.png'  alt='' class='book_img' border='none' style='margin:1px; padding: 0;'  \/><\/a><\/span><span class='pushbutton'><a href='http:\/\/meneame.net\/submit.php?url=http%3A%2F%2Fwww.emiliosilveravazquez.com%2Fblog%2F2012%2F06%2F04%2Funa-breve-resena-de-eta-carinae%2F' title='Meneame' target='_blank' rel='nofollow'><img src='http:\/\/www.emiliosilveravazquez.com\/blog\/wp-content\/plugins\/knxdt-bookmarks-wordpress-plugin\/images\/meneame.png'  alt='' class='book_img' border='none' style='margin:1px; padding: 0;'  \/><\/a><\/span><span class='pushbutton'><a href='http:\/\/enchilame.com\/submit.php?url=http:\/\/www.emiliosilveravazquez.com\/blog\/2012\/06\/04\/una-breve-resena-de-eta-carinae\/' target='_blank' rel='nofollow'><img title='Enchilame' src='http:\/\/www.emiliosilveravazquez.com\/blog\/wp-content\/plugins\/knxdt-bookmarks-wordpress-plugin\/images\/enchilame.png'  alt='' class='book_img' border='none' style='margin:1px; padding: 0;'  \/><\/a><\/span><span class='pushbutton'><a href='http:\/\/www.blinklist.com\/index.php?Action=Blink\/addblink.php&amp;Description=&amp;Url=http%3A%2F%2Fwww.emiliosilveravazquez.com%2Fblog%2F2012%2F06%2F04%2Funa-breve-resena-de-eta-carinae%2F&amp;title=Una+breve+rese%C3%B1a+de+Eta+Carinae' title='BlinkList' target='_blank' rel='nofollow'><img src='http:\/\/www.emiliosilveravazquez.com\/blog\/wp-content\/plugins\/knxdt-bookmarks-wordpress-plugin\/images\/blinklist.png'  alt='' class='book_img' border='none' style='margin:1px; padding: 0;'  \/><\/a><\/span><span class='pushbutton'><a href='http:\/\/reddit.com\/submit?url=http%3A%2F%2Fwww.emiliosilveravazquez.com%2Fblog%2F2012%2F06%2F04%2Funa-breve-resena-de-eta-carinae%2F&amp;title=Una+breve+rese%C3%B1a+de+Eta+Carinae' title='Reddit' target='_blank' rel='nofollow'><img src='http:\/\/www.emiliosilveravazquez.com\/blog\/wp-content\/plugins\/knxdt-bookmarks-wordpress-plugin\/images\/reddit.png'  alt='' class='book_img' border='none' style='margin:1px; padding: 0;'  \/><\/a><\/span><span class='pushbutton'><a href='http:\/\/www.tecnologiadiaria.com\/2009\/07\/abrir-com-hotmail-correo.html' target='_blank' title='hotmail'><img src='http:\/\/www.emiliosilveravazquez.com\/blog\/wp-content\/plugins\/knxdt-bookmarks-wordpress-plugin\/images\/linklove.png' alt='hotmail correo' class='book_img' border='none' style='margin:1px; padding: 0;' \/><\/a><\/span><span class='pushbutton'><a href='http:\/\/bitacoras.com\/votar\/anotacion\/externo\/mini\/www.emiliosilveravazquez.com\/blog\/2012\/06\/04\/una-breve-resena-de-eta-carinae\/' title='Bitacoras.com' target='_blank' rel='nofollow'><img src='http:\/\/www.emiliosilveravazquez.com\/blog\/wp-content\/plugins\/knxdt-bookmarks-wordpress-plugin\/images\/bitacoras.png'  alt='' class='book_img' border='none' style='margin:1px; padding: 0;'  \/><\/a><\/span><span class='pushbutton'><a href='http:\/\/www.wikio.es\/vote?url=http%3A%2F%2Fwww.emiliosilveravazquez.com%2Fblog%2F2012%2F06%2F04%2Funa-breve-resena-de-eta-carinae%2F' title='Wikio' target='_blank' rel='nofollow'><img src='http:\/\/www.emiliosilveravazquez.com\/blog\/wp-content\/plugins\/knxdt-bookmarks-wordpress-plugin\/images\/wikio.png'   alt='' class='book_img' border='none' style='margin:1px; padding: 0;'   \/><\/a><\/span><span class='pushbutton'><a href='http:\/\/friendfeed.com\/?url=http%3A%2F%2Fwww.emiliosilveravazquez.com%2Fblog%2F2012%2F06%2F04%2Funa-breve-resena-de-eta-carinae%2F&amp;title=Una+breve+rese%C3%B1a+de+Eta+Carinae' title='Friend Feed' target='_blank' rel='nofollow'><img src='http:\/\/www.emiliosilveravazquez.com\/blog\/wp-content\/plugins\/knxdt-bookmarks-wordpress-plugin\/images\/friendfeed.png'  alt='' class='book_img' border='none' style='margin:1px; padding: 0;'  \/><\/a><\/span><span class='pushbutton'><a href='http:\/\/www.facebook.com\/share.php?u=http%3A%2F%2Fwww.emiliosilveravazquez.com%2Fblog%2F2012%2F06%2F04%2Funa-breve-resena-de-eta-carinae%2F&amp;t=Una+breve+rese%C3%B1a+de+Eta+Carinae' title='Facebook' target='_blank' rel='nofollow'><img src='http:\/\/www.emiliosilveravazquez.com\/blog\/wp-content\/plugins\/knxdt-bookmarks-wordpress-plugin\/images\/facebook.png'  alt='' class='book_img' border='none' style='margin:1px; padding: 0;'  \/><\/a><\/span><span class='pushbutton'><a href='http:\/\/twitter.com\/home?status=Una+breve+rese%C3%B1a+de+Eta+Carinae: http%3A%2F%2Fwww.emiliosilveravazquez.com%2Fblog%2F2012%2F06%2F04%2Funa-breve-resena-de-eta-carinae%2F' title='Twitter' target='_blank' rel='nofollow'><img src='http:\/\/www.emiliosilveravazquez.com\/blog\/wp-content\/plugins\/knxdt-bookmarks-wordpress-plugin\/images\/twitter.png'  alt='' class='book_img' border='none' style='margin:1px; padding: 0;'  \/><\/a><\/span><span class='pushbutton'><a href='http:\/\/www.feedburner.com\/fb\/a\/emailFlare?itemTitle=Una+breve+rese%C3%B1a+de+Eta+Carinae&amp;uri=http%3A%2F%2Fwww.emiliosilveravazquez.com%2Fblog%2F2012%2F06%2F04%2Funa-breve-resena-de-eta-carinae%2F' title='Enviar por Email' target='_blank' rel='nofollow'><img src='http:\/\/www.emiliosilveravazquez.com\/blog\/wp-content\/plugins\/knxdt-bookmarks-wordpress-plugin\/images\/email.png'  alt='' class='book_img' border='none' style='margin:1px; padding: 0;'  \/><\/a><\/span><span style='font-weight:bold; padding-left: 5px;'><a href='http:\/\/wordpress.org\/extend\/plugins\/knxdt-bookmarks-wordpress-plugin\/' title='Plugin' rel='nofollow' target='_blank'>[?]<\/a><\/span><\/td><\/tr><\/table><br\/><br\/><\/div>","protected":false},"excerpt":{"rendered":"<p>En los \u00faltimos meses ha aumentado la actividad de Eta Carinae. Ha duplicado su brillo desde 1998 mientras la nube que le rodea ha triplicado su brillo, sin duda debido a la excitaci\u00f3n que le produce la luz procedente de la estrella. Siguiendo las teor\u00edas de algunos astr\u00f3nomos, podr\u00edamos estar a punto de presenciar una [&hellip;]<\/p>\n","protected":false},"author":2,"featured_media":0,"comment_status":"open","ping_status":"open","sticky":false,"template":"","format":"standard","meta":{"_s2mail":"yes","footnotes":""},"categories":[9],"tags":[],"_links":{"self":[{"href":"http:\/\/www.emiliosilveravazquez.com\/blog\/wp-json\/wp\/v2\/posts\/2197"}],"collection":[{"href":"http:\/\/www.emiliosilveravazquez.com\/blog\/wp-json\/wp\/v2\/posts"}],"about":[{"href":"http:\/\/www.emiliosilveravazquez.com\/blog\/wp-json\/wp\/v2\/types\/post"}],"author":[{"embeddable":true,"href":"http:\/\/www.emiliosilveravazquez.com\/blog\/wp-json\/wp\/v2\/users\/2"}],"replies":[{"embeddable":true,"href":"http:\/\/www.emiliosilveravazquez.com\/blog\/wp-json\/wp\/v2\/comments?post=2197"}],"version-history":[{"count":0,"href":"http:\/\/www.emiliosilveravazquez.com\/blog\/wp-json\/wp\/v2\/posts\/2197\/revisions"}],"wp:attachment":[{"href":"http:\/\/www.emiliosilveravazquez.com\/blog\/wp-json\/wp\/v2\/media?parent=2197"}],"wp:term":[{"taxonomy":"category","embeddable":true,"href":"http:\/\/www.emiliosilveravazquez.com\/blog\/wp-json\/wp\/v2\/categories?post=2197"},{"taxonomy":"post_tag","embeddable":true,"href":"http:\/\/www.emiliosilveravazquez.com\/blog\/wp-json\/wp\/v2\/tags?post=2197"}],"curies":[{"name":"wp","href":"https:\/\/api.w.org\/{rel}","templated":true}]}}