{"id":21624,"date":"2018-08-15T06:13:29","date_gmt":"2018-08-15T05:13:29","guid":{"rendered":"http:\/\/www.emiliosilveravazquez.com\/blog\/?p=21624"},"modified":"2018-08-15T06:13:29","modified_gmt":"2018-08-15T05:13:29","slug":"la-ilusion-de-simplificar-la-naturaleza-4","status":"publish","type":"post","link":"http:\/\/www.emiliosilveravazquez.com\/blog\/2018\/08\/15\/la-ilusion-de-simplificar-la-naturaleza-4\/","title":{"rendered":"La ilusion de simplificar la naturaleza."},"content":{"rendered":"<p style=\"text-align: justify;\">Nuestras teor\u00edas nos llevan a especular sobre lo que la Naturaleza es, y, en ellas, tratamos de exponer como funciona y tratamos de desvelar los secretos profundamente escondidos que nos dar\u00edan las respuestas que incansables perseguimos.<\/p>\n<p>&nbsp;<\/p>\n<div>\n<div>\n<div style=\"text-align: justify;\">\n<p>&nbsp;<\/p>\n<div align=\"center\"><a href=\"https:\/\/kn3.net\/otro_anonimo\/32-1-1-3-9-5-1-8-071-JPG.html\" target=\"_blank\"><img decoding=\"async\" title=\"Ilusion\" src=\"https:\/\/k32.kn3.net\/taringa\/1\/1\/3\/9\/5\/1\/8\/otro_anonimo\/071.jpg?8049\" alt=\"Ilusion\" border=\"0\" \/><\/a><\/div>\n<div style=\"text-align: justify;\">\n<p><em><em>El gr\u00e1fico representa un modelo de manguera de un espacio-tiempo de dimensiones m\u00e1s altas de tipo Kaluza-Kleim donde la longitud, o mejor, la dimensi\u00f3n a lo largo de la longitud de la manguera representa el 4-espacio-tiempo normal, y la dimensi\u00f3n alrededor de la manguera representa la dimensi\u00f3n extra \u201cpeque\u00f1as\u201d (quiz\u00e1 escala de Planck). Imaginemos un \u201cser\u201d que habite en este mundo, que rebasa estas dimensiones extra \u201cpeque\u00f1as\u201d, y por ello no es realmente consciente de ellas.\u00a0<\/em><\/em><\/p>\n<\/div>\n<div><img decoding=\"async\" src=\"https:\/\/k35.kn3.net\/taringa\/1\/1\/3\/9\/5\/1\/8\/otro_anonimo\/3CF.gif.cover?9879\" alt=\"Shout Gif\" \/><\/div>\n<div style=\"text-align: justify;\">\n<p>Nuestras Mentes est\u00e1n conformadas de forma tridimensional, nuestro mundo es de tres dimensiones espaciales, la cuarta, el Tiempo, no incide en la posible alteraci\u00f3n evolucitva que podr\u00edamos acoger para experimentar el poder vislumbrar m\u00e1s altas dimensiones pero, \u00bfpodr\u00e1n alterarse las percepciones?<\/p>\n<p>Para ver c\u00f3mo dimensiones m\u00e1s altas simplifican las leyes de la Naturaleza, recordemos que un objeto tiene longitud, anchura y altura. Puesto que tenemos libertad para girar un objeto 90\u00ba, podemos transformar su longitud en anchura y su anchura en altura. Mediante una simple rotaci\u00f3n, podemos intercambiar cualquiera de las tres dimensiones espaciales.<\/p>\n<p>Ahora bien, si el tiempo es la cuarta dimensi\u00f3n, entonces es posible hacer \u201crotaciones\u201d que convierten el espacio en tiempo y el tiempo en espacio. Estas rotaciones tetradimensionales son precisamente las distorsiones del espacio y del tiempo exigidas por la <a href=\"#\" onclick=\"referencia('relatividad',event); return false;\">relatividad<\/a> especial. En otras palabras, espacio y tiempo se mezclan de una forma esencial, gobernada por la <a href=\"#\" onclick=\"referencia('relatividad',event); return false;\">relatividad<\/a>. El significado del tiempo como la cuarta dimensi\u00f3n es que pueden hacerse relaciones entre el tiempo y el espacio de una forma matem\u00e1ticamente precisa. A partir de entonces, deben ser tratados como dos aspectos de la misma magnitud: el espacio-tiempo. As\u00ed han quedado unificadas las leyes de la Naturaleza al pasar de tres a cuatro dimensiones.<\/p>\n<\/div>\n<div><img decoding=\"async\" src=\"https:\/\/k42.kn3.net\/taringa\/1\/1\/3\/9\/5\/1\/8\/otro_anonimo\/00C.gif.cover?2451\" alt=\"Shout Gif\" \/><\/div>\n<div align=\"center\">Posiblemente, el magnetismo, tambi\u00e9n pueda alterar el espacio-tiempo<\/div>\n<div style=\"text-align: justify;\">\n<p>La discusi\u00f3n de la unificaci\u00f3n de las leyes de la Naturaleza fue m\u00e1s bien abstracta, y lo habr\u00eda seguido siendo si <a href=\"#\" onclick=\"referencia('einstein',event); return false;\">Einstein<\/a> no hubiese dado el siguiente paso decisivo. \u00c9l comprendi\u00f3 que si el espacio y el tiempo pueden unificarse en una sola entidad, llamada espaciotiempo, entonces quiz\u00e1 la materia y la energ\u00eda pueden unirse tambi\u00e9n en una relaci\u00f3n dial\u00e9ctica. Si las reglas pueden contraerse y los relojes pueden frenarse, razon\u00f3, entonces cualquier cosa que midamos con regla y relojes tambi\u00e9n debe cambiar.<\/p>\n<p>Sin embargo, casi todo en el laboratorio de un f\u00edsico se mide con regla y relojes. Esto significa que los f\u00edsicos tendr\u00e1n que recalibrar todas las magnitudes del laboratorio que una vez dieron por hecho que eran constantes.<\/p>\n<\/div>\n<div><img decoding=\"async\" src=\"https:\/\/k42.kn3.net\/taringa\/1\/1\/3\/9\/5\/1\/8\/otro_anonimo\/226.gif.cover?852\" alt=\"Shout Gif\" \/><\/div>\n<div align=\"center\">Pongamos un poco de Humanidad a todo esto. Lo de arriba lo dijo Ernesto S\u00e1bato.<\/div>\n<div style=\"text-align: justify;\">\n<p>En concreto, la energ\u00eda es una cantidad que depende de c\u00f3mo midamos las distancias y los intervalos de tiempo. Un autom\u00f3vil de prueba que choca a gran velocidad contra una pared de ladrillos tiene obviamente energ\u00eda. No obstante, si el veloz autom\u00f3vil se aproxima a la velocidad de la luz, sus propiedades se distorsionan. Se contrae como un acorde\u00f3n y los relojes en su interior se frenan.<\/p>\n<p>Lo que es m\u00e1s importante, <a href=\"#\" onclick=\"referencia('einstein',event); return false;\">Einstein<\/a> descubri\u00f3 que la masa del autom\u00f3vil tambi\u00e9n aumenta cuando reacelera. Pero \u00bfde d\u00f3nde procede este exceso de masa? Y \u00e9l concluy\u00f3 que proced\u00eda de la energ\u00eda.<\/p>\n<p>Esto tuvo consecuencias perturbadoras. Dos de los grandes descubrimientos de la f\u00edsica del siglo XIX fueron la conversaci\u00f3n de la masa y la conservaci\u00f3n de la energ\u00eda; es decir, la masa total y la energ\u00eda total de un sistema cerrado, tomadas por separado, no cambian. Por ejemplo, si el coche veloz choca contra el muro de ladrillos, la energ\u00eda del autom\u00f3vil no desaparece, sino que se convierte en energ\u00eda sonora del choque, energ\u00eda cin\u00e9tica de los fragmentos de ladrillo que vuelan por los aires, energ\u00eda calor\u00edfica, y as\u00ed sucesivamente. La energ\u00eda total (y la masa total) antes y despu\u00e9s del choque es la misma.<\/p>\n<\/div>\n<div><img decoding=\"async\" src=\"https:\/\/k34.kn3.net\/taringa\/1\/1\/3\/9\/5\/1\/8\/otro_anonimo\/174.gif.cover?1559\" alt=\"Shout Gif\" \/><\/div>\n<div align=\"center\">Emerg\u00eda calor\u00edfica.<\/div>\n<div style=\"text-align: justify;\">\n<p>Sin embargo, <a href=\"#\" onclick=\"referencia('einstein',event); return false;\">Einstein<\/a> dec\u00eda ahora que la energ\u00eda del autom\u00f3vil pod\u00eda convertirse en masa (un nuevo principio de conservaci\u00f3n que dec\u00eda que la suma total de la masa y la energ\u00eda debe siempre permanecer constante. La materia no desaparece repentinamente, ni la energ\u00eda brota de la nada. En este sentido, la materia desaparece s\u00f3lo para liberar enormes cantidades de energ\u00eda o viceversa.<\/p>\n<p>Cuando <a href=\"#\" onclick=\"referencia('einstein',event); return false;\">Einstein<\/a> ten\u00eda 26 a\u00f1os, calcul\u00f3 exactamente c\u00f3mo deb\u00eda cambiar la energ\u00eda si el principio de la <a href=\"#\" onclick=\"referencia('relatividad',event); return false;\">relatividad<\/a> era correcto, y descubri\u00f3 la relaci\u00f3n E=mc2. Puesto que la velocidad de la luz al cuadrado (C2) es un n\u00famero astron\u00f3micamente grande, una peque\u00f1a cantidad de materia puede liberar una enorme cantidad de energ\u00eda. Dentro de las part\u00edculas m\u00e1s peque\u00f1as de materia hay un almac\u00e9n de energ\u00eda, m\u00e1s de un mill\u00f3n de veces la energ\u00eda liberada en una explosi\u00f3n qu\u00edmica.\u00a0<strong>La materia, en cierto sentido, puede verse como un dep\u00f3sito casi inagotable de energ\u00eda; es decir, la materia es en realidad, energ\u00eda condensada<\/strong>.<\/p>\n<p><a href=\"#\" onclick=\"referencia('einstein',event); return false;\">Einstein<\/a> supo ver que las dimensiones m\u00e1s altas tienen un prop\u00f3sito: unificar los principios de la Naturaleza. Al a\u00f1adir dimensiones m\u00e1s altas pod\u00eda unir conceptos f\u00edsicos que, en un mundo tridimensional, no tienen relaci\u00f3n, tales como la materia y la energ\u00eda o el espacio y el tiempo que, gracias a la cuarta dimensi\u00f3n de la <a href=\"#\" onclick=\"referencia('relatividad',event); return false;\">relatividad<\/a> especial, quedaron unificados.<\/p>\n<\/div>\n<div><img decoding=\"async\" src=\"https:\/\/k43.kn3.net\/taringa\/1\/1\/3\/9\/5\/1\/8\/otro_anonimo\/02B.gif.cover?2871\" alt=\"Shout Gif\" \/><\/div>\n<div style=\"text-align: justify;\">\n<p>Y, a todo esto, no podemos dejar de asombrarnos de nuestra presencia aqu\u00ed, de todo lo que hemos sido capaces de entender en la configuraci\u00f3n del mundo, y, como dec\u00eda <a href=\"#\" onclick=\"referencia('einstein',event); return false;\">Einstein<\/a>: \u201c<strong>lo incomprensible del Universo es, que lo podamos comprender<\/strong>\u201d.<\/p>\n<\/div>\n<div style=\"text-align: justify;\">\n<p>Desde entonces, estos conceptos, los tenemos que clasificar, no por separado, sino siempre juntos como dos aspectos de un mismo ente materia-energ\u00eda por una parte y espacio-tiempo por la otra. El impacto directo del trabajo de <a href=\"#\" onclick=\"referencia('einstein',event); return false;\">Einstein<\/a> sobre la cuarta dimensi\u00f3n fue, por supuesto, la bomba de hidr\u00f3geno, que se ha mostrado la m\u00e1s poderosa creaci\u00f3n de la ciencia del siglo XX. Claro que, en contra del criterio de <a href=\"#\" onclick=\"referencia('einstein',event); return false;\">Einstein<\/a> que era un pacifista y nunca quiso participar en proyectos de \u00e9sta \u00edndole.<\/p>\n<\/div>\n<div><img decoding=\"async\" src=\"https:\/\/k39.kn3.net\/taringa\/1\/1\/3\/9\/5\/1\/8\/otro_anonimo\/1A8.gif.cover?8311\" alt=\"Shout Gif\" \/><\/div>\n<div align=\"center\">\u00bfD\u00f3nde estar\u00e1 la puerta de la Quinta Dimensi\u00f3n?<br \/>\n\u00bfExistir\u00e1n en realidad las dimensiones m\u00e1s altas?<\/div>\n<div style=\"text-align: justify;\">\n<p><a href=\"#\" onclick=\"referencia('einstein',event); return false;\">Einstein<\/a> complet\u00f3 su teor\u00eda de la <a href=\"#\" onclick=\"referencia('relatividad',event); return false;\">relatividad<\/a> con una segunda etapa que, en parte, estaba inspirada por lo que se conoce como\u00a0<strong><a href=\"#\" onclick=\"referencia('mach principio de',event); return false;\">principio de Mach<\/a><\/strong>, la gu\u00eda que utiliz\u00f3 <a href=\"#\" onclick=\"referencia('einstein',event); return false;\">Einstein<\/a> para crear esta parte final y completar su teor\u00eda de <a href=\"#\" onclick=\"referencia('relatividad',event); return false;\">relatividad<\/a> general.<\/p>\n<p><a href=\"#\" onclick=\"referencia('einstein',event); return false;\">Einstein<\/a> enunci\u00f3 que, la presencia de materia-energ\u00eda determina la curvatura del espacio-tiempo a su alrededor. Esta es la esencia del principio f\u00edsico que Riemann no logr\u00f3 descubrir:\u00a0<strong>la curvatura del espacio est\u00e1 directamente relacionada con la cantidad de energ\u00eda y materia contenida en dicho espacio.<\/strong><\/p>\n<\/div>\n<div><img decoding=\"async\" src=\"https:\/\/k31.kn3.net\/taringa\/1\/1\/3\/9\/5\/1\/8\/otro_anonimo\/502.gif.cover?3306\" alt=\"Shout Gif\" \/><\/div>\n<div style=\"text-align: justify;\">\n<p>La masa del planeta curva el espacio-tiempo a su alrededor y configura la geometr\u00eda local de esa regi\u00f3n que est\u00e1 bajo el dominio de la Gravedad.<\/p>\n<p>Albert <a href=\"#\" onclick=\"referencia('einstein',event); return false;\">Einstein<\/a> realiz\u00f3 una verdadera haza\u00f1a intelectual y nos leg\u00f3 su teor\u00eda General de la Relatividad, una teor\u00eda construida desde la pura geometr\u00eda, excedi\u00e9ndose en elegancia y efectiva en su espacio de aplicaci\u00f3n. La relaci\u00f3n entre el cuerpo y la curvatura del espacio-tiempo, es equivalente (G\u00b5v). Significa, la manifestaci\u00f3n visible o invisible de la energ\u00eda [m=e\/c2], y en este caso, manifestada en la forma masiva del cuerpo, curva el espaci\u00f3-tiempo.<\/p>\n<p>Esto, a su vez, puede resumirse en la famosa ecuaci\u00f3n de <a href=\"#\" onclick=\"referencia('einstein',event); return false;\">Einstein<\/a>, que esencialmente afirma:<\/p>\n<p>Materia-energ\u00eda determina la curvatura del espacio-tiempo y se denota<\/p>\n<\/div>\n<div align=\"center\"><a href=\"https:\/\/kn3.net\/otro_anonimo\/36-1-1-3-9-5-1-8-35F-JPG.html\" target=\"_blank\"><img decoding=\"async\" title=\"teoria\" src=\"https:\/\/k36.kn3.net\/taringa\/1\/1\/3\/9\/5\/1\/8\/otro_anonimo\/35F.jpg?7021\" alt=\"teoria\" border=\"0\" \/><\/a><\/div>\n<div style=\"text-align: justify;\">\n<p>Esta ecuaci\u00f3n enga\u00f1osamente corta es uno de los mayores triunfos de la mente humana (me he referido a ella en otras muchas ocasiones). De ella emergen los principios que hay tras los movimientos de las estrellas y las galaxias, los <a href=\"#\" onclick=\"referencia('agujero negro',event); return false;\">agujeros negros<\/a>, el big bang, y seguramente el propio destino del Universo.<\/p>\n<p>Es curiosa la similitud que se da entre la teor\u00eda del electromagnetismo y la <a href=\"#\" onclick=\"referencia('relatividad',event); return false;\">relatividad<\/a> general, mientras que Faraday experiment\u00f3 y sab\u00eda los resultados, no sab\u00eda expresarlos mediante las matem\u00e1ticas y, apareci\u00f3 Maxwell que, finalmente formul\u00f3 la teor\u00eda.<\/p>\n<p><a href=\"#\" onclick=\"referencia('einstein',event); return false;\">Einstein<\/a>, al igual que Faraday, hab\u00eda descubierto los principios f\u00edsicos correctos, pero carec\u00eda de un formulismo matem\u00e1tico riguroso suficientemente potente para expresarlo (claro que Faraday no era matem\u00e1tico y <a href=\"#\" onclick=\"referencia('einstein',event); return false;\">Einstein<\/a> si lo era). Carec\u00eda de una versi\u00f3n de los campos de Faraday para la Gravedad. Ir\u00f3nicamente, Riemann ten\u00eda el aparato matem\u00e1tico, pero no el principio f\u00edsico gu\u00eda, al contrario que <a href=\"#\" onclick=\"referencia('einstein',event); return false;\">Einstein<\/a>. As\u00ed que, finalmente, fue <a href=\"#\" onclick=\"referencia('einstein',event); return false;\">Einstein<\/a> el que pudo formular la teor\u00eda con las matem\u00e1ticas de Riemann.<\/p>\n<p><strong>\u201c\u00a1Qu\u00e9 extra\u00f1o ser\u00eda que la teor\u00eda final se descubriera durante nuestra vida! El descubrimiento de las leyes finales de la Naturaleza marcar\u00e1 una discontinuidad en la Historia del intelecto humano, la m\u00e1s abrupta que haya ocurrido desde el comienzo de la ciencia moderna del siglo XVII. \u00bfPodemos imaginar ahora como ser\u00eda?\u201d\u00a0<\/strong><\/p>\n<\/div>\n<div style=\"text-align: justify;\">\n<p>STEVEN WEINBERG.<\/p>\n<p><em><em><strong><\/strong>\u00a0<\/em><\/em><\/div>\n<div><img decoding=\"async\" src=\"https:\/\/k43.kn3.net\/taringa\/1\/1\/3\/9\/5\/1\/8\/otro_anonimo\/082.gif.cover?6942\" alt=\"Shout Gif\" \/><\/div>\n<div style=\"text-align: justify;\">\n<p>\u00bfSon t\u00e1ntas las clases de belleza en el Universo?<\/p>\n<\/div>\n<div style=\"text-align: justify;\">\n<p>\u00bfEs la belleza un principio F\u00edsico? Bueno, podr\u00edamos decir que tambi\u00e9n, pudiera ser un principio del Sentimiento de la Mente Humana, aunque, en F\u00edsica, por ejmplo, el concepto de belleza tenga otras connotaciones.<\/p>\n<p>La <a href=\"#\" onclick=\"referencia('supercuerdas teoria',event); return false;\">teor\u00eda de supercuerdas<\/a> nos da una formulaci\u00f3n convincente de la teor\u00eda del Universo, sin embargo, el problema fundamental radica en que una comprobaci\u00f3n de dicha teor\u00eda, est\u00e1 m\u00e1s all\u00e1 de nuestras posibilidades actuales. De hecho, la misma teor\u00eda predice que la unificaci\u00f3n de todas las fuerzas ocurre a la energ\u00eda de Planck, o 1019 miles de millones de electronvoltios, que como sab\u00e9is, es alrededor de mil billones de veces mayor que las energ\u00edas actualmente disponibles en nuestros aceleradores de part\u00edculas, se denota por la ecuaci\u00f3n:<\/p>\n<\/div>\n<div align=\"center\"><a href=\"https:\/\/kn3.net\/otro_anonimo\/36-1-1-3-9-5-1-8-BE1-JPG.html\" target=\"_blank\"><img decoding=\"async\" title=\"fisica\" src=\"https:\/\/k36.kn3.net\/taringa\/1\/1\/3\/9\/5\/1\/8\/otro_anonimo\/BE1.jpg?5361\" alt=\"fisica\" border=\"0\" \/><\/a><\/div>\n<div style=\"text-align: justify;\">\n<p>Como la <a href=\"#\" onclick=\"referencia('planck masa de',event); return false;\">masa de Planck<\/a> es del orden de 10 ^-8 kg (equivalente a una energ\u00eda de 10 ^19 GeV), y, por ejemplo, la masa el <a href=\"#\" onclick=\"referencia('proton',event); return false;\">prot\u00f3n<\/a> es del orden de 10 ^-27 kg y las mayores energ\u00edas alcanzables en los aceleradores de part\u00edculas actuales son de un orden muy inferior, los efectos de la gravitaci\u00f3n cu\u00e1ntica no aparecen en los laboratorios de f\u00edsica de part\u00edcula (ni el LHC ni en el Fermilab). Sin embargo, en el universo primitivo las part\u00edculas ten\u00edan energ\u00edas del orden de la <a href=\"#\" onclick=\"referencia('planck masa de',event); return false;\">masa de Planck<\/a>, de acuerdo con la teor\u00eda el big bang, y es, por tanto, necesaria una teor\u00eda cu\u00e1ntica de la gravedad para estudiar las condiciones en la \u00e9poca conocida como Tiempo de Planck.<\/p>\n<\/div>\n<div align=\"center\"><a href=\"https:\/\/kn3.net\/otro_anonimo\/44-1-1-3-9-5-1-8-3AF-JPG.html\" target=\"_blank\"><img decoding=\"async\" title=\"cuerdas\" src=\"https:\/\/k44.kn3.net\/taringa\/1\/1\/3\/9\/5\/1\/8\/otro_anonimo\/3AF.jpg?4683\" alt=\"cuerdas\" border=\"0\" \/><\/a><\/div>\n<div align=\"center\">David Gross<\/div>\n<div style=\"text-align: justify;\">\n<p>Ya he comentado otras veces que el f\u00edsico David Gross (el de m\u00e1s edad de los miembros conocidos como el \u201ccuarteto de cuerdos\u201d y autores de la teor\u00eda llamada la cuerda heter\u00f3tica) dijo en una ocasi\u00f3n: \u201cEl coste de generar esta fant\u00e1stica energ\u00eda, necesitar\u00eda el dinero de las tesorer\u00edas de todos los pa\u00edses del mundo juntos, y quiz\u00e1, no llegara. Es verdaderamente astron\u00f3mico.\u201d<\/p>\n<p>Siendo as\u00ed, de momento estamos condenados a no poder verificar experimentalmente este motor (parado) que har\u00eda marchar el veh\u00edculo de la F\u00edsica. La teor\u00eda decadimensional est\u00e1 paralizada en dos sentidos: el econ\u00f3mico y el t\u00e9cnico \u2013 matem\u00e1tico. El primero por falta de dinero que nos pudiera construir aceleradores tan potentes como para descubrir la part\u00edcula de <a href=\"#\" onclick=\"referencia('higgs',event); return false;\">Higgs<\/a>, los <a href=\"#\" onclick=\"referencia('quarks',event); return false;\">quarks<\/a> e incluso las cuerdas vibrantes, esos previsibles y min\u00fasculos objetos primordiales que conforman la materia. En segundo lugar, las formulaciones matem\u00e1ticas complejas que, seg\u00fan parece, a\u00fan no se han inventado. Parece que hoy, ni siquiera Witten o Perelman, conocen el secreto de los n\u00fameros m\u00e1gicos que nos puedan llevar hasta el final del camino iniciado con <a href=\"#\" onclick=\"referencia('einstein',event); return false;\">Einstein<\/a> y <a href=\"#\" onclick=\"referencia('kaluza klein',event); return false;\">Kaluza-Klein<\/a>.<\/p>\n<\/div>\n<div><img decoding=\"async\" src=\"https:\/\/k42.kn3.net\/taringa\/1\/1\/3\/9\/5\/1\/8\/otro_anonimo\/7E7.gif.cover?3928\" alt=\"Shout Gif\" \/><\/div>\n<div style=\"text-align: justify;\">\n<p>Estar\u00eda bueno que, al final se descubriera que alfa (\u03b1) tuviera un papel importante en la compleja teor\u00eda de cuerdas, \u00bfPor qu\u00e9 no? En realidad alfa, la constante de estructura fina, nos habla del magnetismo, de la <a href=\"#\" onclick=\"referencia('planck constante de',event); return false;\">constante de Planck<\/a> y de la <a href=\"#\" onclick=\"referencia('relatividad',event); return false;\">relatividad<\/a> especial, es decir, la velocidad de la luz y, todo eso, seg\u00fan parece, emergen en las ecuaciones topol\u00f3gicas de la moderna teor\u00eda de cuerdas. \u00a1Ya veremos!<\/p>\n<\/div>\n<div style=\"text-align: justify;\">\n<p>S\u00ed, es cierto, que la teor\u00eda tiene muchos detractores y algunos han llegado a denominarla F\u00edsica de Circo pero, particularmente opino que la teor\u00eda de cuerdas nos dar\u00e1 muchas alegr\u00edas y que en ella est\u00e1n las respuestas a muchas preguntas que no sabemos contestar. Simplemente se trata (como nos dice E. Eitten) de una teor\u00eda adelantada a su tiempo.<\/p>\n<p>Dentro del mundo de la F\u00edsica, los hay de todas las opiniones: en contra y a favor. Es famosa la postura detractora del N\u00f3bel Sheldoy Glasgow de Harvard, no quiere ni o\u00edr hablar de la <a href=\"#\" onclick=\"referencia('supercuerdas teoria',event); return false;\">teor\u00eda de supercuerdas<\/a> a la que califica de &#8220;f\u00edsica de Teatro&#8221;.<\/p>\n<p>Otros muchos, la mayor\u00eda, como Murray Gell-Marn, Steven Weinberg (ambos Premios N\u00f3bel) o el mismo. E. Witten (Medalla Field), opinan lo contrario y ven en esta teor\u00eda de dimensiones m\u00e1s altas el futuro de la F\u00edsica.<\/p>\n<\/div>\n<div align=\"center\"><a href=\"https:\/\/kn3.net\/otro_anonimo\/42-1-1-3-9-5-1-8-678-JPG.html\" target=\"_blank\"><img decoding=\"async\" title=\"cuantica\" src=\"https:\/\/k42.kn3.net\/taringa\/1\/1\/3\/9\/5\/1\/8\/otro_anonimo\/678.jpg?3982\" alt=\"cuantica\" border=\"0\" \/><\/a><\/div>\n<div style=\"text-align: justify;\"><em><em>Todas las versiones de las diversas\u00a0<strong>Teor\u00edas de cuerdas<\/strong>\u00a0han sido unificadas en una,<strong>\u00a0la Teor\u00eda M de E. Witte<\/strong>, y, esperemos que no se quede ah\u00ed estancada y que, aparezca alg\u00fan genio matem\u00e1tico como Ramanujan o Riemman y nos saque del agujero en el que actualmente estamos metidos y del que no podemos salir, no existen ideas que la hagan avanzar ni matem\u00e1ticas complejas que la puedan hacer andar.\u00a0<\/em><\/em><\/div>\n<div><img decoding=\"async\" src=\"https:\/\/k40.kn3.net\/taringa\/1\/1\/3\/9\/5\/1\/8\/otro_anonimo\/FD0.gif.cover?3746\" alt=\"Shout Gif\" \/><\/div>\n<div align=\"center\">La recreaci\u00f3n del mundo no parece cosa f\u00e1cil, y, en estas teor\u00edas queremos recrear mucho m\u00e1s.<\/div>\n<p>&nbsp;<\/p>\n<p>Ya sabemos que en f\u00edsica toda teor\u00eda debe ser verificada, una y otra vez, en uno y en otro lugar, experimentalmente, obteniendo siempre el mismo resultado, es la \u00fanica manera de que sea aceptada por la comunidad cient\u00edfica, mientras tanto, la teor\u00eda no es fiable y queda a la espera de ser comprobada, verificada sin ning\u00fan lugar para la duda.<\/p>\n<p>Pero,\u00a0<strong>\u00bfSe puede recrear la creaci\u00f3n?<\/strong><\/p>\n<p><strong>La <a href=\"#\" onclick=\"referencia('supercuerdas teoria',event); return false;\">teor\u00eda de supercuerdas<\/a> trata de eso. Quiere explicarnos todos los misterios del Universo a partir de ese primer momento, \u00a1la creaci\u00f3n!<\/strong><\/p>\n<p><a href=\"http:\/\/www.emiliosilveravazquez.com\/blog\/2012\/07\/19\/la-ilusion-de-simplificar-la-naturaleza\/\" rel=\"nofollow\" target=\"_blank\"><strong>Emilio Silvera<\/strong>, el Jueves, 19 de julio de 2012.<\/a>\u00a0(Lo publicaron en Taringa)<\/p>\n<\/div>\n<\/div>\n<\/div>\n<div class='bookmark'>\r\n\t\t<table align='left' border='0' cellpadding='0' width='100%'>\r\n\t\t<tr><td><span class='pushbutton'><a href='http:\/\/delicious.com\/post?url=http%3A%2F%2Fwww.emiliosilveravazquez.com%2Fblog%2F2018%2F08%2F15%2Fla-ilusion-de-simplificar-la-naturaleza-4%2F&amp;title=La+ilusion+de+simplificar+la+naturaleza.' title='Delicious' target='_blank' rel='nofollow'><img src='http:\/\/www.emiliosilveravazquez.com\/blog\/wp-content\/plugins\/knxdt-bookmarks-wordpress-plugin\/images\/delicious.png'  alt='' class='book_img' border='none' style='margin:1px; padding: 0;'  \/><\/a><\/span><span class='pushbutton'><a href='http:\/\/digg.com\/submit?url=http%3A%2F%2Fwww.emiliosilveravazquez.com%2Fblog%2F2018%2F08%2F15%2Fla-ilusion-de-simplificar-la-naturaleza-4%2F&amp;title=La+ilusion+de+simplificar+la+naturaleza.' title='Digg' target='_blank' rel='nofollow'><img src='http:\/\/www.emiliosilveravazquez.com\/blog\/wp-content\/plugins\/knxdt-bookmarks-wordpress-plugin\/images\/digg.png'  alt='' class='book_img' border='none' style='margin:1px; padding: 0;'  \/><\/a><\/span><span class='pushbutton'><a href='http:\/\/www.google.com\/bookmarks\/mark?op=edit&amp;bkmk=http%3A%2F%2Fwww.emiliosilveravazquez.com%2Fblog%2F2018%2F08%2F15%2Fla-ilusion-de-simplificar-la-naturaleza-4%2F&amp;title=La+ilusion+de+simplificar+la+naturaleza.' title='Google' target='_blank' rel='nofollow'><img src='http:\/\/www.emiliosilveravazquez.com\/blog\/wp-content\/plugins\/knxdt-bookmarks-wordpress-plugin\/images\/google.png'   alt='' class='book_img' border='none' style='margin:1px; padding: 0;'  \/><\/a><\/span><span class='pushbutton'><a href='http:\/\/myweb2.search.yahoo.com\/myresults\/bookmarklet?u=http%3A%2F%2Fwww.emiliosilveravazquez.com%2Fblog%2F2018%2F08%2F15%2Fla-ilusion-de-simplificar-la-naturaleza-4%2F&amp;t=La+ilusion+de+simplificar+la+naturaleza.' title='Yahoo' target='_blank' rel='nofollow'><img src='http:\/\/www.emiliosilveravazquez.com\/blog\/wp-content\/plugins\/knxdt-bookmarks-wordpress-plugin\/images\/yahoo.png'  alt='' class='book_img' border='none' style='margin:1px; padding: 0;'  \/><\/a><\/span><span class='pushbutton'><a href='http:\/\/www.technorati.com\/faves?add=http%3A%2F%2Fwww.emiliosilveravazquez.com%2Fblog%2F2018%2F08%2F15%2Fla-ilusion-de-simplificar-la-naturaleza-4%2F' title='Technorati' target='_blank' rel='nofollow'><img src='http:\/\/www.emiliosilveravazquez.com\/blog\/wp-content\/plugins\/knxdt-bookmarks-wordpress-plugin\/images\/technorati.png'  alt='' class='book_img' border='none' style='margin:1px; padding: 0;'  \/><\/a><\/span><span class='pushbutton'><a href='http:\/\/meneame.net\/submit.php?url=http%3A%2F%2Fwww.emiliosilveravazquez.com%2Fblog%2F2018%2F08%2F15%2Fla-ilusion-de-simplificar-la-naturaleza-4%2F' title='Meneame' target='_blank' rel='nofollow'><img src='http:\/\/www.emiliosilveravazquez.com\/blog\/wp-content\/plugins\/knxdt-bookmarks-wordpress-plugin\/images\/meneame.png'  alt='' class='book_img' border='none' style='margin:1px; padding: 0;'  \/><\/a><\/span><span class='pushbutton'><a href='http:\/\/enchilame.com\/submit.php?url=http:\/\/www.emiliosilveravazquez.com\/blog\/2018\/08\/15\/la-ilusion-de-simplificar-la-naturaleza-4\/' target='_blank' rel='nofollow'><img title='Enchilame' src='http:\/\/www.emiliosilveravazquez.com\/blog\/wp-content\/plugins\/knxdt-bookmarks-wordpress-plugin\/images\/enchilame.png'  alt='' class='book_img' border='none' style='margin:1px; padding: 0;'  \/><\/a><\/span><span class='pushbutton'><a href='http:\/\/www.blinklist.com\/index.php?Action=Blink\/addblink.php&amp;Description=&amp;Url=http%3A%2F%2Fwww.emiliosilveravazquez.com%2Fblog%2F2018%2F08%2F15%2Fla-ilusion-de-simplificar-la-naturaleza-4%2F&amp;title=La+ilusion+de+simplificar+la+naturaleza.' title='BlinkList' target='_blank' rel='nofollow'><img src='http:\/\/www.emiliosilveravazquez.com\/blog\/wp-content\/plugins\/knxdt-bookmarks-wordpress-plugin\/images\/blinklist.png'  alt='' class='book_img' border='none' style='margin:1px; padding: 0;'  \/><\/a><\/span><span class='pushbutton'><a href='http:\/\/reddit.com\/submit?url=http%3A%2F%2Fwww.emiliosilveravazquez.com%2Fblog%2F2018%2F08%2F15%2Fla-ilusion-de-simplificar-la-naturaleza-4%2F&amp;title=La+ilusion+de+simplificar+la+naturaleza.' title='Reddit' target='_blank' rel='nofollow'><img src='http:\/\/www.emiliosilveravazquez.com\/blog\/wp-content\/plugins\/knxdt-bookmarks-wordpress-plugin\/images\/reddit.png'  alt='' class='book_img' border='none' style='margin:1px; padding: 0;'  \/><\/a><\/span><span class='pushbutton'><a href='http:\/\/www.tecnologiadiaria.com\/2009\/07\/abrir-com-hotmail-correo.html' target='_blank' title='hotmail'><img src='http:\/\/www.emiliosilveravazquez.com\/blog\/wp-content\/plugins\/knxdt-bookmarks-wordpress-plugin\/images\/linklove.png' alt='hotmail correo' class='book_img' border='none' style='margin:1px; padding: 0;' \/><\/a><\/span><span class='pushbutton'><a href='http:\/\/bitacoras.com\/votar\/anotacion\/externo\/mini\/www.emiliosilveravazquez.com\/blog\/2018\/08\/15\/la-ilusion-de-simplificar-la-naturaleza-4\/' title='Bitacoras.com' target='_blank' rel='nofollow'><img src='http:\/\/www.emiliosilveravazquez.com\/blog\/wp-content\/plugins\/knxdt-bookmarks-wordpress-plugin\/images\/bitacoras.png'  alt='' class='book_img' border='none' style='margin:1px; padding: 0;'  \/><\/a><\/span><span class='pushbutton'><a href='http:\/\/www.wikio.es\/vote?url=http%3A%2F%2Fwww.emiliosilveravazquez.com%2Fblog%2F2018%2F08%2F15%2Fla-ilusion-de-simplificar-la-naturaleza-4%2F' title='Wikio' target='_blank' rel='nofollow'><img src='http:\/\/www.emiliosilveravazquez.com\/blog\/wp-content\/plugins\/knxdt-bookmarks-wordpress-plugin\/images\/wikio.png'   alt='' class='book_img' border='none' style='margin:1px; padding: 0;'   \/><\/a><\/span><span class='pushbutton'><a href='http:\/\/friendfeed.com\/?url=http%3A%2F%2Fwww.emiliosilveravazquez.com%2Fblog%2F2018%2F08%2F15%2Fla-ilusion-de-simplificar-la-naturaleza-4%2F&amp;title=La+ilusion+de+simplificar+la+naturaleza.' title='Friend Feed' target='_blank' rel='nofollow'><img src='http:\/\/www.emiliosilveravazquez.com\/blog\/wp-content\/plugins\/knxdt-bookmarks-wordpress-plugin\/images\/friendfeed.png'  alt='' class='book_img' border='none' style='margin:1px; padding: 0;'  \/><\/a><\/span><span class='pushbutton'><a href='http:\/\/www.facebook.com\/share.php?u=http%3A%2F%2Fwww.emiliosilveravazquez.com%2Fblog%2F2018%2F08%2F15%2Fla-ilusion-de-simplificar-la-naturaleza-4%2F&amp;t=La+ilusion+de+simplificar+la+naturaleza.' title='Facebook' target='_blank' rel='nofollow'><img src='http:\/\/www.emiliosilveravazquez.com\/blog\/wp-content\/plugins\/knxdt-bookmarks-wordpress-plugin\/images\/facebook.png'  alt='' class='book_img' border='none' style='margin:1px; padding: 0;'  \/><\/a><\/span><span class='pushbutton'><a href='http:\/\/twitter.com\/home?status=La+ilusion+de+simplificar+la+naturaleza.: http%3A%2F%2Fwww.emiliosilveravazquez.com%2Fblog%2F2018%2F08%2F15%2Fla-ilusion-de-simplificar-la-naturaleza-4%2F' title='Twitter' target='_blank' rel='nofollow'><img src='http:\/\/www.emiliosilveravazquez.com\/blog\/wp-content\/plugins\/knxdt-bookmarks-wordpress-plugin\/images\/twitter.png'  alt='' class='book_img' border='none' style='margin:1px; padding: 0;'  \/><\/a><\/span><span class='pushbutton'><a href='http:\/\/www.feedburner.com\/fb\/a\/emailFlare?itemTitle=La+ilusion+de+simplificar+la+naturaleza.&amp;uri=http%3A%2F%2Fwww.emiliosilveravazquez.com%2Fblog%2F2018%2F08%2F15%2Fla-ilusion-de-simplificar-la-naturaleza-4%2F' title='Enviar por Email' target='_blank' rel='nofollow'><img src='http:\/\/www.emiliosilveravazquez.com\/blog\/wp-content\/plugins\/knxdt-bookmarks-wordpress-plugin\/images\/email.png'  alt='' class='book_img' border='none' style='margin:1px; padding: 0;'  \/><\/a><\/span><span style='font-weight:bold; padding-left: 5px;'><a href='http:\/\/wordpress.org\/extend\/plugins\/knxdt-bookmarks-wordpress-plugin\/' title='Plugin' rel='nofollow' target='_blank'>[?]<\/a><\/span><\/td><\/tr><\/table><br\/><br\/><\/div>","protected":false},"excerpt":{"rendered":"<p>Nuestras teor\u00edas nos llevan a especular sobre lo que la Naturaleza es, y, en ellas, tratamos de exponer como funciona y tratamos de desvelar los secretos profundamente escondidos que nos dar\u00edan las respuestas que incansables perseguimos. &nbsp; &nbsp; El gr\u00e1fico representa un modelo de manguera de un espacio-tiempo de dimensiones m\u00e1s altas de tipo Kaluza-Kleim [&hellip;]<\/p>\n","protected":false},"author":2,"featured_media":0,"comment_status":"open","ping_status":"open","sticky":false,"template":"","format":"standard","meta":{"_s2mail":"yes","footnotes":""},"categories":[6],"tags":[],"_links":{"self":[{"href":"http:\/\/www.emiliosilveravazquez.com\/blog\/wp-json\/wp\/v2\/posts\/21624"}],"collection":[{"href":"http:\/\/www.emiliosilveravazquez.com\/blog\/wp-json\/wp\/v2\/posts"}],"about":[{"href":"http:\/\/www.emiliosilveravazquez.com\/blog\/wp-json\/wp\/v2\/types\/post"}],"author":[{"embeddable":true,"href":"http:\/\/www.emiliosilveravazquez.com\/blog\/wp-json\/wp\/v2\/users\/2"}],"replies":[{"embeddable":true,"href":"http:\/\/www.emiliosilveravazquez.com\/blog\/wp-json\/wp\/v2\/comments?post=21624"}],"version-history":[{"count":0,"href":"http:\/\/www.emiliosilveravazquez.com\/blog\/wp-json\/wp\/v2\/posts\/21624\/revisions"}],"wp:attachment":[{"href":"http:\/\/www.emiliosilveravazquez.com\/blog\/wp-json\/wp\/v2\/media?parent=21624"}],"wp:term":[{"taxonomy":"category","embeddable":true,"href":"http:\/\/www.emiliosilveravazquez.com\/blog\/wp-json\/wp\/v2\/categories?post=21624"},{"taxonomy":"post_tag","embeddable":true,"href":"http:\/\/www.emiliosilveravazquez.com\/blog\/wp-json\/wp\/v2\/tags?post=21624"}],"curies":[{"name":"wp","href":"https:\/\/api.w.org\/{rel}","templated":true}]}}