{"id":2161,"date":"2009-05-23T06:44:03","date_gmt":"2009-05-23T04:44:03","guid":{"rendered":"http:\/\/www.emiliosilveravazquez.com\/blog\/?p=2161"},"modified":"2010-01-06T09:14:27","modified_gmt":"2010-01-06T07:14:27","slug":"nada-en-nuestro-universo-va-mas-rapido-que-la-luz","status":"publish","type":"post","link":"http:\/\/www.emiliosilveravazquez.com\/blog\/2009\/05\/23\/nada-en-nuestro-universo-va-mas-rapido-que-la-luz\/","title":{"rendered":"Nada, en nuestro Universo, va m\u00e1s r\u00e1pido que la luz"},"content":{"rendered":"<p><span style=\"text-decoration: underline;\">La velocidad de la luz<\/span><\/p>\n<p>Est\u00e1 claro que la luz se desplaza a enormes velocidades. Si pulsamos el interruptor apagado de la l\u00e1mpara de nuestro sal\u00f3n, todo queda a oscuras de manera instant\u00e1nea. La velocidad del sonido es m\u00e1s lenta; por ejemplo, si vemos a un le\u00f1ador que est\u00e1 cortando le\u00f1a en un lugar alejado de nosotros, s\u00f3lo oiremos los golpes momentos despu\u00e9s de que caiga el hacha. As\u00ed pues, el sonido tarda cierto tiempo en llegar a nuestros o\u00eddos. En realidad es f\u00e1cil medir la velocidad de su desplazamiento: unos 1.206 Km\/h en el aire y a nivel del mar.<\/p>\n<p>Galileo fue el primero en intentar medir la velocidad de la luz. Se coloc\u00f3 en lo alto de una colina, mientras que su ayudante se situaba en otro lugar alto de la colina vecina; luego sac\u00f3 una linterna encendida. Tan pronto como su ayudante vio la luz, hizo una se\u00f1al con otra linterna. Galileo repiti\u00f3 el experimento a distancias cada vez mayores, suponiendo que el tiempo requerido por su ayudante para responder mantendr\u00eda una uniformidad constante, por lo cual, el intervalo entre la se\u00f1al de su propia linterna y la de su ayudante representar\u00eda el tiempo empleado por la luz para recorrer cada distancia. Aunque la idea era l\u00f3gica, la luz viajaba demasiado aprisa como que Galileo pudiera percibir las sutiles diferencias con un m\u00e9todo tan rudimentario.<\/p>\n<p><img decoding=\"async\" title=\"M\u00e1s...\" src=\"http:\/\/www.emiliosilveravazquez.com\/blog\/wp-includes\/js\/tinymce\/plugins\/wordpress\/img\/trans.gif\" alt=\"\" \/><\/p>\n<p>En 1.676, el astr\u00f3nomo dan\u00e9s Olaus Roemer logr\u00f3 cronometrar la velocidad de la luz a escala de distancias astron\u00f3micas. Estudiando los eclipses de J\u00fapiter en sus cuatro grandes sat\u00e9lites, Roemer observ\u00f3 que el intervalo entre eclipses consecutivos era m\u00e1s largo cuando la Tierra se alejaba de J\u00fapiter, y m\u00e1s corto cuando se mov\u00eda en su \u00f3rbita hacia dicho astro. Al parecer, la diferencia entre las duraciones del eclipse reflejaba la diferencia de distancias entre la Tierra y J\u00fapiter. Y trataba, pues, de medir la distancia partiendo del tiempo empleado por la luz para trasladarse desde J\u00fapiter hasta la Tierra. Calculando aproximadamente el tama\u00f1o de la \u00f3rbita terrestre y observando la m\u00e1xima discrepancia en las duraciones del eclipse que, seg\u00fan Roemer, representaba el tiempo que necesitaba la luz para atravesar el eje de la \u00f3rbita terrestre, dicho astr\u00f3nomo comput\u00f3 la velocidad de la luz. Su resultado, de 225.000 Km\/s, parece excelente si se considera que fue el primer intento, y result\u00f3 bastante asombroso como para provocar la incredulidad de sus coet\u00e1neos.<\/p>\n<p>Sin embargo, medio siglo despu\u00e9s se confirmaron los c\u00e1lculos de Roemer en un campo completamente distinto. All\u00e1 por 1.728, el astr\u00f3nomo brit\u00e1nico James Bradley descubri\u00f3 que las estrellas parec\u00edan cambiar de posici\u00f3n con los movimientos terrestres; y no por el <a href=\"#\" onclick=\"referencia('paralaje',event); return false;\">paralaje<\/a>, sino porque la traslaci\u00f3n terrestre alrededor del Sol era una fracci\u00f3n mensurable (aunque peque\u00f1a) de la velocidad de la luz. La analog\u00eda empleada usualmente es la de un hombre que camina con el paraguas abierto bajo un temporal. Aun cuando las gotas caigan verticalmente, el hombre debe inclinar hacia delante el paraguas, porque ha de abrirse paso entre las gotas. Cuanto m\u00e1s acelere su paso, tanto m\u00e1s deber\u00e1 inclinar el paraguas. De manera semejante, la Tierra avanza entre los ligeros rayos que caen desde las estrellas, y el astr\u00f3nomo debe inclinar un poco su telescopio y hacerlo en varias direcciones, de acuerdo con los cambios de la trayectoria terrestre (no olvidemos que nuestro planeta Tierra es como una enorme nave espacial que nos lleva en un viaje eterno, alrededor del Sol, a la velocidad de 30 Km\/s). Mediante ese dev\u00edo aparente de los astros (&#8220;aberraci\u00f3n de la luz&#8221;), Bradley pudo evaluar la velocidad de la luz y calcularla con gran precisi\u00f3n. Sus c\u00e1lculos fueron de 285.000 Km\/s, bastante m\u00e1s exactos que los de Roemer, pero a\u00fan un 5&#8217;5% m\u00e1s bajos.<\/p>\n<p>Poco a poco, con medios tecnol\u00f3gicos m\u00e1s sofisticados y m\u00e1s conocimientos matem\u00e1ticos, los cient\u00edficos fueron obteniendo medidas m\u00e1s exactas a\u00fan, conforme se fue perfeccionando la idea original de Galileo y sus sucesores.<\/p>\n<p>En 1.849, el f\u00edsico franc\u00e9s Armand-Hippolyte-Louis Fizean ide\u00f3 un artificio mediante el cual se proyectaba la luz sobre un espejo situado a 8 Km de distancia, que devolv\u00eda el reflejo al observador. El tiempo empleado por la luz en su viaje de ida y vuelta no rebas\u00f3 apenas la 1\/20.000 de segundo, pero Fizean logr\u00f3 medirlo colocando una rueda dentada giratoria en la trayectoria del rayo luminoso. Cuando dicha rueda giraba a cierta velocidad, la luz pasaba entre los dientes y se proyectaba contra el siguiente, al ser devuelta por el espejo; as\u00ed, Fizean, colocando tras la rueda, no pudo verla. Entonces se dio m\u00e1s velocidad a la rueda y el reflejo pas\u00f3 por la siguiente muesca entre los dientes, sin interacci\u00f3n alguna. De esa forma, regulando y midiendo la velocidad de la rueda giratoria, Fizean pudo calcular el tiempo trascurrido y, por consiguiente, la velocidad a la que se mov\u00eda el rayo de luz.<\/p>\n<p>Un a\u00f1o m\u00e1s tarde, Jean Foucault (quien realizar\u00eda poco despu\u00e9s su experimento con los p\u00e9ndulos) precis\u00f3 m\u00e1s estas medidas empleando un espejo giratorio en vez de una rueda dentada. Entonces se midi\u00f3 el tiempo transcurrido desviando ligeramente el \u00e1ngulo de reflexi\u00f3n mediante el veloz espejo giratorio. Foucault obtuvo un valor de la velocidad de la luz de 300.883 Km\/s. Tambi\u00e9n el f\u00edsico franc\u00e9s utiliz\u00f3 su m\u00e9todo para determinar la velocidad de la luz a trav\u00e9s de varios l\u00edquidos. Averigu\u00f3 que era notablemente inferior a la alcanzada en el aire. Esto concordaba con la teor\u00eda ondulatoria de Huyghens.<\/p>\n<p>Michelson fue m\u00e1s preciso a\u00fan en sus medidas. Este autor, durante cuarenta a\u00f1os largos a partir de 1.879, fue aplicando el sistema Fizean-Foucault cada vez con mayor refinamiento, para medir la velocidad de la luz. Cuando se crey\u00f3 lo suficientemente informado, proyect\u00f3 la luz a trav\u00e9s del vac\u00edo, en vez de hacerlo a trav\u00e9s del aire, pues \u00e9ste frena ligeramente su velocidad, y emple\u00f3 para ello tuber\u00edas de acero cuya longitud era superior a 1&#8217;5 Km. Seg\u00fan sus medidas, la velocidad de la luz en el vac\u00edo era de 299.730 Km\/s (s\u00f3lo un 0&#8217;006% m\u00e1s bajo). Demostrar\u00eda tambi\u00e9n que todas las longitudes de ondas luminosas viajan a la misma velocidad en el vac\u00edo.<\/p>\n<p>En 1.972 un equipo de investigadores bajo la direcci\u00f3n de Kenneth M. Evenson efectu\u00f3 unas mediciones a\u00fan m\u00e1s exactas y vio que la velocidad de la luz era de 299.727&#8217;74 Km\/s. Una vez se conoci\u00f3 la velocidad de la luz con semejante precisi\u00f3n, se hizo posible usar la luz, o por lo menos formas de ella, para medir distancias.<\/p>\n<p>Aunque para algunos resulte algo tedioso el tema anterior, no he podido resistirme a la tentaci\u00f3n de exponerlo; as\u00ed podr\u00e1 saber algo m\u00e1s sobre la luz, y habr\u00e1n conocido a personajes que hicieron posible el que ahora nosotros la conozcamos mejor.<\/p>\n<p>Podr\u00eda continuar hasta el final de este trabajo hablando de la luz y sus distintas formas o aplicaciones: ondas de luz a trav\u00e9s del espacio, de c\u00f3mo se transmite la luz en el &#8220;vac\u00edo&#8221;, nos llega a trav\u00e9s del espacio desde galaxias situadas a miles de millones de a\u00f1os luz; las l\u00edneas de fuerzas electromagn\u00e9ticas de Faraday y Maxwell de campos el\u00e9ctricos y magn\u00e9ticos cambiantes (todo ello explicado en un simple conjunto de cuatro ecuaciones, que describ\u00edan casi todos los fen\u00f3menos referentes a esta materia electromagn\u00e9tica), o de los enigmas a\u00fan por descubrir (aunque predichos).<\/p>\n<p>En 1.931, Dirac, acometiendo el asunto de una forma matem\u00e1tica, lleg\u00f3 a la conclusi\u00f3n de que si los monopolos magn\u00e9ticos exist\u00edan (si exist\u00eda siquiera uno en cualquier parte del universo), ser\u00eda necesario que todas las cargas el\u00e9ctricas fuesen m\u00faltiplos exactos de una carga m\u00e1s peque\u00f1a, como en efecto as\u00ed es. Y dado que todas las cargas el\u00e9ctricas son m\u00faltiplos exactos de alguna carga m\u00e1s peque\u00f1a, \u00bfno deber\u00eda, en realidad, existir los monopolos magn\u00e9ticos?<\/p>\n<p>En 1.974, un f\u00edsico neerland\u00e9s (yo lo he mencionado antes en este mismo trabajo), Gerard&#8217;t Hooft, y un f\u00edsico sovi\u00e9tico, Alexander Poliakov, mostraron independientemente que pod\u00eda razonarse, a partir de las grandes teor\u00edas unificadas, que los monopolos magn\u00e9ticos deb\u00edan as\u00ed mismo existir, y que deb\u00edan poseer una masa enorme. Aunque un monopolo magn\u00e9tico ser\u00eda incluso m\u00e1s peque\u00f1o que un <a href=\"#\" onclick=\"referencia('proton',event); return false;\">prot\u00f3n<\/a>, deber\u00eda tener una masa que ser\u00eda de 10 trillones a 10 cuatrillones mayor que la del <a href=\"#\" onclick=\"referencia('proton',event); return false;\">prot\u00f3n<\/a>. Eso equivaldr\u00eda a la masa de una bacteria comprimida en una diminuta part\u00edcula subat\u00f3mica.<\/p>\n<p>Semejantes part\u00edculas s\u00f3lo pod\u00edan haberse formado en el momento de la gran explosi\u00f3n (otra vez volvemos al origen). Desde entonces no ha existido la suficientemente alta concentraci\u00f3n de energ\u00eda necesaria para formarla. Esas grandes part\u00edculas deber\u00edan avanzar a unos 225 Km\/s, aproximadamente, y la combinaci\u00f3n de una enorme masa y un peque\u00f1o tama\u00f1o le permitir\u00eda deslizarse a trav\u00e9s de la materia sin dejar el menor rastro de presencia. Esta propiedad, de hecho, est\u00e1 relacionada directamente con el fracaso obtenido en su b\u00fasqueda. Los f\u00edsicos est\u00e1n tratando de idear un mecanismo capaz de poder detectar con claridad el paso de monopolos magn\u00e9ticos.<\/p>\n<p>Podr\u00edamos decir que un monopolo magn\u00e9tico es una entidad magn\u00e9tica consistente en un polo norte o sur elemental aislado. Ha sido postulado como una enorme fuente de campo magn\u00e9tico en analog\u00eda a la forma en que las part\u00edculas el\u00e9ctricamente cargadas producen un campo el\u00e9ctrico.<\/p>\n<p>Se han dise\u00f1ado numerosos experimentos ingeniosos para detectar monopolos, pero hasta ahora ninguno ha producido un resultado definitivo. Los monopolos magn\u00e9ticos son predichos en ciertas teor\u00edas <a href=\"#\" onclick=\"referencia('gauge',event); return false;\">gauge<\/a> con <a href=\"#\" onclick=\"referencia('bosones',event); return false;\">bosones<\/a> de <a href=\"#\" onclick=\"referencia('higgs',event); return false;\">Higgs<\/a>. En particular, algunas teor\u00edas de gran unificaci\u00f3n predicen monopolos muy pesados (con masas del orden de 10<sup>16<\/sup> GeV). Los monopolos magn\u00e9ticos tambi\u00e9n son predichos en las teor\u00edas de <a href=\"#\" onclick=\"referencia('kaluza klein',event); return false;\">Kaluza-Klein<\/a> (5 dimensiones) y en <a href=\"#\" onclick=\"referencia('supercuerdas teoria',event); return false;\">teor\u00eda de supercuerdas<\/a> (10 y 26 dimensiones).<\/p>\n<p>Yo no descarto nada, acordaos de los Premios N\u00f3bel de F\u00edsica de 2.004 que fue repartido entre tres f\u00edsicos y versaba sus trabajos sobre la <a href=\"#\" onclick=\"referencia('asintotica libertad',event); return false;\">libertad asint\u00f3tica<\/a> de los Quarks. Pu\u00e9s bien, dicho trabajo databa de 30 a\u00f1os antes y, hasta que no se comprob\u00f3 su exactitud no fueron reconocidos. As\u00ed mismo podr\u00eda pasar con los monopolos magn\u00e9ticos de Dirac. \u00bfQui\u00e9n sabe? El Universo nos tiene reservadas muchas sorpresas.<\/p>\n<p><em>emilio silvera<\/em><\/p>\n<div class='bookmark'>\r\n\t\t<table align='left' border='0' cellpadding='0' width='100%'>\r\n\t\t<tr><td><span class='pushbutton'><a href='http:\/\/delicious.com\/post?url=http%3A%2F%2Fwww.emiliosilveravazquez.com%2Fblog%2F2009%2F05%2F23%2Fnada-en-nuestro-universo-va-mas-rapido-que-la-luz%2F&amp;title=Nada%2C+en+nuestro+Universo%2C+va+m%C3%A1s+r%C3%A1pido+que+la+luz' title='Delicious' target='_blank' rel='nofollow'><img src='http:\/\/www.emiliosilveravazquez.com\/blog\/wp-content\/plugins\/knxdt-bookmarks-wordpress-plugin\/images\/delicious.png'  alt='' class='book_img' border='none' style='margin:1px; padding: 0;'  \/><\/a><\/span><span class='pushbutton'><a href='http:\/\/digg.com\/submit?url=http%3A%2F%2Fwww.emiliosilveravazquez.com%2Fblog%2F2009%2F05%2F23%2Fnada-en-nuestro-universo-va-mas-rapido-que-la-luz%2F&amp;title=Nada%2C+en+nuestro+Universo%2C+va+m%C3%A1s+r%C3%A1pido+que+la+luz' title='Digg' target='_blank' rel='nofollow'><img src='http:\/\/www.emiliosilveravazquez.com\/blog\/wp-content\/plugins\/knxdt-bookmarks-wordpress-plugin\/images\/digg.png'  alt='' class='book_img' border='none' style='margin:1px; padding: 0;'  \/><\/a><\/span><span class='pushbutton'><a href='http:\/\/www.google.com\/bookmarks\/mark?op=edit&amp;bkmk=http%3A%2F%2Fwww.emiliosilveravazquez.com%2Fblog%2F2009%2F05%2F23%2Fnada-en-nuestro-universo-va-mas-rapido-que-la-luz%2F&amp;title=Nada%2C+en+nuestro+Universo%2C+va+m%C3%A1s+r%C3%A1pido+que+la+luz' title='Google' target='_blank' rel='nofollow'><img src='http:\/\/www.emiliosilveravazquez.com\/blog\/wp-content\/plugins\/knxdt-bookmarks-wordpress-plugin\/images\/google.png'   alt='' class='book_img' border='none' style='margin:1px; padding: 0;'  \/><\/a><\/span><span class='pushbutton'><a href='http:\/\/myweb2.search.yahoo.com\/myresults\/bookmarklet?u=http%3A%2F%2Fwww.emiliosilveravazquez.com%2Fblog%2F2009%2F05%2F23%2Fnada-en-nuestro-universo-va-mas-rapido-que-la-luz%2F&amp;t=Nada%2C+en+nuestro+Universo%2C+va+m%C3%A1s+r%C3%A1pido+que+la+luz' title='Yahoo' target='_blank' rel='nofollow'><img src='http:\/\/www.emiliosilveravazquez.com\/blog\/wp-content\/plugins\/knxdt-bookmarks-wordpress-plugin\/images\/yahoo.png'  alt='' class='book_img' border='none' style='margin:1px; padding: 0;'  \/><\/a><\/span><span class='pushbutton'><a href='http:\/\/www.technorati.com\/faves?add=http%3A%2F%2Fwww.emiliosilveravazquez.com%2Fblog%2F2009%2F05%2F23%2Fnada-en-nuestro-universo-va-mas-rapido-que-la-luz%2F' title='Technorati' target='_blank' rel='nofollow'><img src='http:\/\/www.emiliosilveravazquez.com\/blog\/wp-content\/plugins\/knxdt-bookmarks-wordpress-plugin\/images\/technorati.png'  alt='' class='book_img' border='none' style='margin:1px; padding: 0;'  \/><\/a><\/span><span class='pushbutton'><a href='http:\/\/meneame.net\/submit.php?url=http%3A%2F%2Fwww.emiliosilveravazquez.com%2Fblog%2F2009%2F05%2F23%2Fnada-en-nuestro-universo-va-mas-rapido-que-la-luz%2F' title='Meneame' target='_blank' rel='nofollow'><img src='http:\/\/www.emiliosilveravazquez.com\/blog\/wp-content\/plugins\/knxdt-bookmarks-wordpress-plugin\/images\/meneame.png'  alt='' class='book_img' border='none' style='margin:1px; padding: 0;'  \/><\/a><\/span><span class='pushbutton'><a href='http:\/\/enchilame.com\/submit.php?url=http:\/\/www.emiliosilveravazquez.com\/blog\/2009\/05\/23\/nada-en-nuestro-universo-va-mas-rapido-que-la-luz\/' target='_blank' rel='nofollow'><img title='Enchilame' src='http:\/\/www.emiliosilveravazquez.com\/blog\/wp-content\/plugins\/knxdt-bookmarks-wordpress-plugin\/images\/enchilame.png'  alt='' class='book_img' border='none' style='margin:1px; padding: 0;'  \/><\/a><\/span><span class='pushbutton'><a href='http:\/\/www.blinklist.com\/index.php?Action=Blink\/addblink.php&amp;Description=&amp;Url=http%3A%2F%2Fwww.emiliosilveravazquez.com%2Fblog%2F2009%2F05%2F23%2Fnada-en-nuestro-universo-va-mas-rapido-que-la-luz%2F&amp;title=Nada%2C+en+nuestro+Universo%2C+va+m%C3%A1s+r%C3%A1pido+que+la+luz' title='BlinkList' target='_blank' rel='nofollow'><img src='http:\/\/www.emiliosilveravazquez.com\/blog\/wp-content\/plugins\/knxdt-bookmarks-wordpress-plugin\/images\/blinklist.png'  alt='' class='book_img' border='none' style='margin:1px; padding: 0;'  \/><\/a><\/span><span class='pushbutton'><a href='http:\/\/reddit.com\/submit?url=http%3A%2F%2Fwww.emiliosilveravazquez.com%2Fblog%2F2009%2F05%2F23%2Fnada-en-nuestro-universo-va-mas-rapido-que-la-luz%2F&amp;title=Nada%2C+en+nuestro+Universo%2C+va+m%C3%A1s+r%C3%A1pido+que+la+luz' title='Reddit' target='_blank' rel='nofollow'><img src='http:\/\/www.emiliosilveravazquez.com\/blog\/wp-content\/plugins\/knxdt-bookmarks-wordpress-plugin\/images\/reddit.png'  alt='' class='book_img' border='none' style='margin:1px; padding: 0;'  \/><\/a><\/span><span class='pushbutton'><a href='http:\/\/www.tecnologiadiaria.com\/2009\/07\/abrir-com-hotmail-correo.html' target='_blank' title='hotmail'><img src='http:\/\/www.emiliosilveravazquez.com\/blog\/wp-content\/plugins\/knxdt-bookmarks-wordpress-plugin\/images\/linklove.png' alt='hotmail correo' class='book_img' border='none' style='margin:1px; padding: 0;' \/><\/a><\/span><span class='pushbutton'><a href='http:\/\/bitacoras.com\/votar\/anotacion\/externo\/mini\/www.emiliosilveravazquez.com\/blog\/2009\/05\/23\/nada-en-nuestro-universo-va-mas-rapido-que-la-luz\/' title='Bitacoras.com' target='_blank' rel='nofollow'><img src='http:\/\/www.emiliosilveravazquez.com\/blog\/wp-content\/plugins\/knxdt-bookmarks-wordpress-plugin\/images\/bitacoras.png'  alt='' class='book_img' border='none' style='margin:1px; padding: 0;'  \/><\/a><\/span><span class='pushbutton'><a href='http:\/\/www.wikio.es\/vote?url=http%3A%2F%2Fwww.emiliosilveravazquez.com%2Fblog%2F2009%2F05%2F23%2Fnada-en-nuestro-universo-va-mas-rapido-que-la-luz%2F' title='Wikio' target='_blank' rel='nofollow'><img src='http:\/\/www.emiliosilveravazquez.com\/blog\/wp-content\/plugins\/knxdt-bookmarks-wordpress-plugin\/images\/wikio.png'   alt='' class='book_img' border='none' style='margin:1px; padding: 0;'   \/><\/a><\/span><span class='pushbutton'><a href='http:\/\/friendfeed.com\/?url=http%3A%2F%2Fwww.emiliosilveravazquez.com%2Fblog%2F2009%2F05%2F23%2Fnada-en-nuestro-universo-va-mas-rapido-que-la-luz%2F&amp;title=Nada%2C+en+nuestro+Universo%2C+va+m%C3%A1s+r%C3%A1pido+que+la+luz' title='Friend Feed' target='_blank' rel='nofollow'><img src='http:\/\/www.emiliosilveravazquez.com\/blog\/wp-content\/plugins\/knxdt-bookmarks-wordpress-plugin\/images\/friendfeed.png'  alt='' class='book_img' border='none' style='margin:1px; padding: 0;'  \/><\/a><\/span><span class='pushbutton'><a href='http:\/\/www.facebook.com\/share.php?u=http%3A%2F%2Fwww.emiliosilveravazquez.com%2Fblog%2F2009%2F05%2F23%2Fnada-en-nuestro-universo-va-mas-rapido-que-la-luz%2F&amp;t=Nada%2C+en+nuestro+Universo%2C+va+m%C3%A1s+r%C3%A1pido+que+la+luz' title='Facebook' target='_blank' rel='nofollow'><img src='http:\/\/www.emiliosilveravazquez.com\/blog\/wp-content\/plugins\/knxdt-bookmarks-wordpress-plugin\/images\/facebook.png'  alt='' class='book_img' border='none' style='margin:1px; padding: 0;'  \/><\/a><\/span><span class='pushbutton'><a href='http:\/\/twitter.com\/home?status=Nada%2C+en+nuestro+Universo%2C+va+m%C3%A1s+r%C3%A1pido+que+la+luz: http%3A%2F%2Fwww.emiliosilveravazquez.com%2Fblog%2F2009%2F05%2F23%2Fnada-en-nuestro-universo-va-mas-rapido-que-la-luz%2F' title='Twitter' target='_blank' rel='nofollow'><img src='http:\/\/www.emiliosilveravazquez.com\/blog\/wp-content\/plugins\/knxdt-bookmarks-wordpress-plugin\/images\/twitter.png'  alt='' class='book_img' border='none' style='margin:1px; padding: 0;'  \/><\/a><\/span><span class='pushbutton'><a href='http:\/\/www.feedburner.com\/fb\/a\/emailFlare?itemTitle=Nada%2C+en+nuestro+Universo%2C+va+m%C3%A1s+r%C3%A1pido+que+la+luz&amp;uri=http%3A%2F%2Fwww.emiliosilveravazquez.com%2Fblog%2F2009%2F05%2F23%2Fnada-en-nuestro-universo-va-mas-rapido-que-la-luz%2F' title='Enviar por Email' target='_blank' rel='nofollow'><img src='http:\/\/www.emiliosilveravazquez.com\/blog\/wp-content\/plugins\/knxdt-bookmarks-wordpress-plugin\/images\/email.png'  alt='' class='book_img' border='none' style='margin:1px; padding: 0;'  \/><\/a><\/span><span style='font-weight:bold; padding-left: 5px;'><a href='http:\/\/wordpress.org\/extend\/plugins\/knxdt-bookmarks-wordpress-plugin\/' title='Plugin' rel='nofollow' target='_blank'>[?]<\/a><\/span><\/td><\/tr><\/table><br\/><br\/><\/div>","protected":false},"excerpt":{"rendered":"<p>La velocidad de la luz Est\u00e1 claro que la luz se desplaza a enormes velocidades. Si pulsamos el interruptor apagado de la l\u00e1mpara de nuestro sal\u00f3n, todo queda a oscuras de manera instant\u00e1nea. La velocidad del sonido es m\u00e1s lenta; por ejemplo, si vemos a un le\u00f1ador que est\u00e1 cortando le\u00f1a en un lugar alejado [&hellip;]<\/p>\n","protected":false},"author":2,"featured_media":0,"comment_status":"open","ping_status":"open","sticky":false,"template":"","format":"standard","meta":{"_s2mail":"","footnotes":""},"categories":[6],"tags":[],"_links":{"self":[{"href":"http:\/\/www.emiliosilveravazquez.com\/blog\/wp-json\/wp\/v2\/posts\/2161"}],"collection":[{"href":"http:\/\/www.emiliosilveravazquez.com\/blog\/wp-json\/wp\/v2\/posts"}],"about":[{"href":"http:\/\/www.emiliosilveravazquez.com\/blog\/wp-json\/wp\/v2\/types\/post"}],"author":[{"embeddable":true,"href":"http:\/\/www.emiliosilveravazquez.com\/blog\/wp-json\/wp\/v2\/users\/2"}],"replies":[{"embeddable":true,"href":"http:\/\/www.emiliosilveravazquez.com\/blog\/wp-json\/wp\/v2\/comments?post=2161"}],"version-history":[{"count":0,"href":"http:\/\/www.emiliosilveravazquez.com\/blog\/wp-json\/wp\/v2\/posts\/2161\/revisions"}],"wp:attachment":[{"href":"http:\/\/www.emiliosilveravazquez.com\/blog\/wp-json\/wp\/v2\/media?parent=2161"}],"wp:term":[{"taxonomy":"category","embeddable":true,"href":"http:\/\/www.emiliosilveravazquez.com\/blog\/wp-json\/wp\/v2\/categories?post=2161"},{"taxonomy":"post_tag","embeddable":true,"href":"http:\/\/www.emiliosilveravazquez.com\/blog\/wp-json\/wp\/v2\/tags?post=2161"}],"curies":[{"name":"wp","href":"https:\/\/api.w.org\/{rel}","templated":true}]}}