{"id":21510,"date":"2025-01-26T08:23:12","date_gmt":"2025-01-26T07:23:12","guid":{"rendered":"http:\/\/www.emiliosilveravazquez.com\/blog\/?p=21510"},"modified":"2025-01-26T08:23:57","modified_gmt":"2025-01-26T07:23:57","slug":"%c2%bfla-particula-de-la-materia-oscura","status":"publish","type":"post","link":"http:\/\/www.emiliosilveravazquez.com\/blog\/2025\/01\/26\/%c2%bfla-particula-de-la-materia-oscura\/","title":{"rendered":"\u00bfLa part\u00edcula de la &#8220;materia oscura&#8221;"},"content":{"rendered":"<blockquote>\n<h1><\/h1>\n<h1><\/h1>\n<h1><\/h1>\n<h1><img decoding=\"async\" src=\"https:\/\/www.abc.es\/media\/ciencia\/2018\/07\/26\/campo-higgs-kFLB--620x349@abc.jpg\" alt=\"Representaci\u00c3\u00b3n del campo de Higgs, en la que una part\u00c3\u00adcula es &quot;atrapada&quot; por los bosones que le confieren su masa\" \/><\/h1>\n<h1 style=\"text-align: justify;\">A la caza del \u00absimetr\u00f3n\u00bb, la part\u00edcula que explicar\u00eda la Energ\u00eda Oscura.<\/h1>\n<h2 style=\"text-align: justify;\">Un experimento de alta precisi\u00f3n no consigue evidencias de un \u00abcampo de simetr\u00f3n\u00bb, similar al Higs y que impregnar\u00eda todo el Universo.<\/h2>\n<\/blockquote>\n<footer>Reportaje en\u00a0 de Prensa: ABC<\/footer>\n<footer>\n<aside><label for=\"capa_compartir\"><\/label><\/aside>\n<aside>\n<h4>NOTICIAS RELACIONADAS<\/h4>\n<ul>\n<li><a title=\"Estamos vivos gracias a la energ\u00eda oscura\" href=\"https:\/\/www.abc.es\/ciencia\/abci-estamos-vivos-gracias-energia-oscura-201805080855_noticia.html#ns_campaign=mod-sugeridos&amp;ns_mchannel=relacionados&amp;ns_source=estamos-vivos-gracias-a-la-energia-oscura&amp;ns_linkname=noticia.foto.ciencia&amp;ns_fee=pos-1\" data-voc-vtm-id=\"contenidorelacionado\">Estamos vivos gracias a la energ\u00eda oscura<\/a><\/li>\n<li><a title=\"Los extraterrestres son posibles en universos paralelos\" href=\"https:\/\/www.abc.es\/ciencia\/abci-extraterrestres-posibles-universos-paralelos-201805212049_noticia.html#ns_campaign=mod-sugeridos&amp;ns_mchannel=relacionados&amp;ns_source=los-extraterrestres-son-posibles-en-universos-paralelos&amp;ns_linkname=noticia.foto.ciencia&amp;ns_fee=pos-2\" data-voc-vtm-id=\"contenidorelacionado\">Los extraterrestres son posibles en universos paralelos<\/a><\/li>\n<li><a title=\"Materia oscura y energ\u00eda oscura, \u00bfexisten de verdad?\" href=\"https:\/\/www.abc.es\/ciencia\/abci-materia-oscura-y-energia-oscura-existen-verdad-201711221603_noticia.html#ns_campaign=mod-sugeridos&amp;ns_mchannel=relacionados&amp;ns_source=materia-oscura-y-energia-oscura-existen-de-verdad&amp;ns_linkname=noticia.foto.ciencia&amp;ns_fee=pos-3\" data-voc-vtm-id=\"contenidorelacionado\">Materia oscura y energ\u00eda oscura, \u00bfexisten de verdad?<\/a><\/li>\n<\/ul>\n<\/aside>\n<\/footer>\n<p>&nbsp;<\/p>\n<p><img decoding=\"async\" loading=\"lazy\" class=\"\" src=\"https:\/\/s1.abcstatics.com\/media\/ciencia\/2019\/12\/27\/energia-oscura-kkLD--1248x698@abc.jpg\" alt=\"Y si la energ\u00eda oscura no existiera en absoluto?\" width=\"656\" height=\"367\" \/><\/p>\n<p style=\"text-align: justify;\">Ah\u00ed fuera, en la inmensidad del Universo, hay muchas cosas que a\u00fan no conocemos. Con esa \u00fanica certeza en sus mentes, miles de investigadores llevan a\u00f1os buscando pruebas materiales de la existencia de materia y energ\u00eda oscuras, cuyos efectos se han comprobado, pero que hasta ahora nadie ha sido capaz de detectar. De hecho, con nuestro inventario actual de part\u00edculas y fuerzas de la Naturaleza,\u00a0<strong>no hemos sido a\u00fan capaces de explicar los fen\u00f3menos cosmol\u00f3gicos m\u00e1s importantes<\/strong>, como por ejemplo el hecho de que el Universo se est\u00e9 expandiendo a un ritmo cada vez m\u00e1s r\u00e1pido.<\/p>\n<p>&nbsp;<\/p>\n<p><img decoding=\"async\" loading=\"lazy\" class=\"\" src=\"https:\/\/hips.hearstapps.com\/hmg-prod\/images\/dark-matter-spl-r9800211-1675267577.jpg\" alt=\"Qu\u00e9 es la energ\u00eda oscura? \u00bfPor qu\u00e9 expande el universo?\" width=\"672\" height=\"504\" \/><\/p>\n<p><strong>Supuesto<\/strong> <strong>campo de simetrones\u00bb que impregnar\u00eda todo el espacio<\/strong><\/p>\n<p style=\"text-align: justify;\">Por supuesto, existen un buen pu\u00f1ado de tentativas, que en forma de teor\u00edas son las \u00abarmas\u00bb con las que los f\u00edsicos intentan desentra\u00f1ar el misterio de esa expansi\u00f3n acelerada. Y una de ellas es la que presupone la existencia de un\u00a0<strong>\u00abcampo de simetrones\u00bb que impregnar\u00eda todo el espacio<\/strong>\u00a0de forma muy similar a como lo hace el campo de <a href=\"#\" onclick=\"referencia('higgs',event); return false;\">Higgs<\/a>.<\/p>\n<p>&nbsp;<\/p>\n<p><img decoding=\"async\" src=\"https:\/\/imagenes.elpais.com\/resizer\/v2\/BRQSLL73RVD2BMALOJ7ZIKLQQE.jpg?auth=960900e5d56e8551d96b51c10a2419c3663f171c135d3971c95be8dd02881856&amp;width=414\" alt=\"Materia Oscura\" \/><\/p>\n<p>Ser\u00e1 dif\u00edcil constatar que existe la &#8220;<a href=\"#\" onclick=\"referencia('materia oscura',event); return false;\">materia oscura<\/a>&#8221; que, seg\u00fan parece, no se deja detectar<\/p>\n<p style=\"text-align: justify;\">Para poner a prueba esa teor\u00eda, un equipo de investigadores de la Universidad T\u00e9cnica de Viena ha desarrollado un experimento capaz de medir, con la ayuda de <a href=\"#\" onclick=\"referencia('neutron',event); return false;\">neutrones<\/a>, incluso la presencia de las fuerzas m\u00e1s d\u00e9biles. Con la esperanza de hallar evidencias del simetr\u00f3n, los f\u00edsicos tomaron medidas durante m\u00e1s de cien d\u00edas en su laboratorio del Instituto Laue-Langevin. El experimento se describe con todo detalle en un art\u00edculo reci\u00e9n publicado en<a href=\"https:\/\/www.nature.com\/articles\/s41567-018-0205-x\" target=\"_blank\" rel=\"noopener\">\u00a0Nature Physics<\/a>.<\/p>\n<p>&nbsp;<\/p>\n<p><img decoding=\"async\" loading=\"lazy\" class=\"\" src=\"https:\/\/blogger.googleusercontent.com\/img\/b\/R29vZ2xl\/AVvXsEgcu8ChNiA3juqr7Wq0qSqFvMyLTlfn5vG_oqiKahXGqCppBulGvzWN-nJnXEtVTrqYhUMV4DvSmxohiRERL0Owuw0yLuVF78BJOkwr8oK1CMxeot6b33-7BSDfV_3TctprAnvOt0hygIc\/s1600\/campo32+MecanismoDeHiggs.jpg\" alt=\"Descodificando Nuestra Realidad: \u00abSIMETR\u00d3N\u00bb, O LA PART\u00cdCULA QUE EXPLICAR\u00cdA  LA MATERIA OSCURA\" width=\"373\" height=\"138\" \/><\/p>\n<p>&nbsp;<\/p>\n<p style=\"text-align: justify;\">Pero\u00a0<strong>los simetrones no aparecieron<\/strong>. Y aunque este no es el final de la teor\u00eda, lo cierto es que excluye la posibilidad de que los simetrones existan en una amplia gama de par\u00e1metros. De forma que la tan ansiada energ\u00eda oscura tendr\u00e1 que explicarse de un modo diferente.<\/p>\n<h3 style=\"text-align: justify;\">La dificultad de encontrar los simetrones<\/h3>\n<p style=\"text-align: justify;\">Seg\u00fan <strong>Hartmut Abele<\/strong>, investigador principal del proyecto, la teor\u00eda del simetr\u00f3n proporciona una explicaci\u00f3n particularmente elegante para la <a href=\"#\" onclick=\"referencia('materia oscura',event); return false;\">materia oscura<\/a>. \u00abYa tenemos pruebas del campo de <a href=\"#\" onclick=\"referencia('higgs',event); return false;\">Higgs<\/a>, y el campo del simetr\u00f3n est\u00e1 muy relacionado\u00bb. Sin embargo, igual que sucedi\u00f3 con la part\u00edcula de <a href=\"#\" onclick=\"referencia('higgs',event); return false;\">Higgs<\/a>, cuya masa no se conoc\u00eda hasta que se confirm\u00f3 la existencia de la part\u00edcula, las propiedades f\u00edsicas de los sim\u00e9trones no pueden predecirse con precisi\u00f3n.<\/p>\n<p style=\"text-align: justify;\">Tal y como explica Abele, \u00abnadie puede decir cu\u00e1l es la masa de los simetrones, ni c\u00f3mo de fuerte interact\u00faan con la materia normal. Es por eso que es tan dif\u00edcil probar su existencia, o inexistencia, de forma experimental\u00bb.<\/p>\n<p>&nbsp;<\/p>\n<p><img decoding=\"async\" loading=\"lazy\" class=\"\" src=\"https:\/\/s3.ppllstatics.com\/lasprovincias\/www\/multimedia\/2024\/04\/29\/cosmos-RdOE8BXmwnqapfKSsuTVnUI-1200x840@Las%20Provincias.png\" alt=\"Un cient\u00edfico dice tener pruebas de que todo el universo podr\u00eda ser una  simulaci\u00f3n, incluidas nuestras propias vidas | Las Provincias\" width=\"562\" height=\"394\" \/><\/p>\n<p><strong>Sabemos que existen los <a href=\"#\" onclick=\"referencia('pulsar',event); return false;\">p\u00falsares<\/a> pero&#8230; la &#8220;<a href=\"#\" onclick=\"referencia('materia oscura',event); return false;\">materia oscura<\/a>&#8221;&#8230;<\/strong><\/p>\n<p style=\"text-align: justify;\">Por lo tanto, los cient\u00edficos\u00a0<strong>avanzan en este campo extremando las precauciones<\/strong>, de un experimento a otro,\u00a0<strong>probando diferentes rangos de par\u00e1metros<\/strong>. Por ejemplo, ya estaba claro que, de entrada, se pod\u00edan excluir varios rangos, ya que los simetrones con alta masa y bajas constantes de acoplamiento no pueden existir sin que las investigaciones realzadas con \u00e1tomos de hidr\u00f3geno hubieran dado resultados diferentes a los obtenidos. De forma similar, los simetrones en ciertos rangos con constantes de acoplamiento muy altas tambi\u00e9n pueden excluirse, ya que ya se habr\u00edan detectado en otros experimentos.<\/p>\n<p style=\"text-align: justify;\">Dicho lo cual, todav\u00eda queda un amplio margen de rangos en los que los simetrones podr\u00edan existir, y eso es precisamente lo que el equipo ha buscado este experimento.<\/p>\n<h3 style=\"text-align: justify;\">\u00bfUn campo de simetr\u00eda?<\/h3>\n<p>&nbsp;<\/p>\n<p><img decoding=\"async\" loading=\"lazy\" class=\"\" src=\"https:\/\/i.imgur.com\/tCkzry8.png\" width=\"468\" height=\"262\" \/><\/p>\n<p>&nbsp;<\/p>\n<p style=\"text-align: justify;\">Una corriente de <a href=\"#\" onclick=\"referencia('neutron',event); return false;\">neutrones<\/a> extremadamente lentos se dispar\u00f3 entre dos superficies de espejo. Los <a href=\"#\" onclick=\"referencia('neutron',event); return false;\">neutrones<\/a> se pueden encontrar en dos estados f\u00edsicos cu\u00e1nticos diferentes. Las energ\u00edas de estos estados dependen de las fuerzas ejercidas sobre el <a href=\"#\" onclick=\"referencia('neutron',event); return false;\">neutr\u00f3n<\/a>, y esto es lo que hace que esta part\u00edcula sea un detector de fuerza tan sensible. Si la fuerza que act\u00faa sobre el <a href=\"#\" onclick=\"referencia('neutron',event); return false;\">neutr\u00f3n<\/a> justo por encima de la superficie del espejo es diferente de la fuerza que impera m\u00e1s arriba, ser\u00eda un fuerte indicador de la existencia de un campo de simetr\u00eda. Los investigadores\u00a0<strong>calcularon la influencia que deber\u00eda tener un campo de simetr\u00eda sobre el <a href=\"#\" onclick=\"referencia('neutron',event); return false;\">neutr\u00f3n<\/a><\/strong>. Pero no fueron capaces de observar ese efecto, y ello a pesar de la extrema precisi\u00f3n de la medici\u00f3n.<\/p>\n<p style=\"text-align: justify;\">De forma que, por el momento, las cosas no parecen ir demasiado bien para la teor\u00eda del campo del simetr\u00f3n, aunque es demasiado pronto para excluir por completo su existencia. \u00abHemos excluido un amplio dominio de par\u00e1metros -explica Abele-. Si hubiera simetrones con propiedades en este dominio, los habr\u00edamos encontrado\u00bb. Sin embargo, para cerrar las lagunas que a\u00fan quedan, la ciencia necesita de medidas a\u00fan mejores. Eso, o un descubrimiento importante e inesperado que brinde una soluci\u00f3n completamente diferente al misterio de la energ\u00eda oscura.<\/p>\n<p style=\"text-align: justify;\">En noticias como esta que arriba dejo rese\u00f1ada, y, publicada por ABC, prensa diaria, tenemos que tomarla como lo que es, una persecuci\u00f3n de algo que no sabemos a ciencia cierta de que pueda existir, m\u00e1s bien se debe a una intuici\u00f3n de alg\u00fan f\u00edsico que, en su mente dedujo que deber\u00eda existir esa energ\u00eda y esa &#8220;<a href=\"#\" onclick=\"referencia('materia oscura',event); return false;\">materia oscura<\/a>&#8221; de la que no dejamos de hablar, y, como en el caso de la Teor\u00eda de Cuerdas o de esa &#8220;famosa&#8221; Teor\u00eda del Todo&#8230; \u00a1Seguiremos esperando durante mucho, mucho, mucho, much\u00edsimo tiempo!<\/p>\n<p><strong>Emilio Silvera V\u00e1zquez<\/strong><\/p>\n<div class='bookmark'>\r\n\t\t<table align='left' border='0' cellpadding='0' width='100%'>\r\n\t\t<tr><td><span class='pushbutton'><a href='http:\/\/delicious.com\/post?url=http%3A%2F%2Fwww.emiliosilveravazquez.com%2Fblog%2F2025%2F01%2F26%2F%25c2%25bfla-particula-de-la-materia-oscura%2F&amp;title=%C2%BFLa+part%C3%ADcula+de+la+%26%238220%3Bmateria+oscura%26%238221%3B' title='Delicious' target='_blank' rel='nofollow'><img src='http:\/\/www.emiliosilveravazquez.com\/blog\/wp-content\/plugins\/knxdt-bookmarks-wordpress-plugin\/images\/delicious.png'  alt='' class='book_img' border='none' style='margin:1px; padding: 0;'  \/><\/a><\/span><span class='pushbutton'><a href='http:\/\/digg.com\/submit?url=http%3A%2F%2Fwww.emiliosilveravazquez.com%2Fblog%2F2025%2F01%2F26%2F%25c2%25bfla-particula-de-la-materia-oscura%2F&amp;title=%C2%BFLa+part%C3%ADcula+de+la+%26%238220%3Bmateria+oscura%26%238221%3B' title='Digg' target='_blank' rel='nofollow'><img src='http:\/\/www.emiliosilveravazquez.com\/blog\/wp-content\/plugins\/knxdt-bookmarks-wordpress-plugin\/images\/digg.png'  alt='' class='book_img' border='none' style='margin:1px; padding: 0;'  \/><\/a><\/span><span class='pushbutton'><a href='http:\/\/www.google.com\/bookmarks\/mark?op=edit&amp;bkmk=http%3A%2F%2Fwww.emiliosilveravazquez.com%2Fblog%2F2025%2F01%2F26%2F%25c2%25bfla-particula-de-la-materia-oscura%2F&amp;title=%C2%BFLa+part%C3%ADcula+de+la+%26%238220%3Bmateria+oscura%26%238221%3B' title='Google' target='_blank' rel='nofollow'><img src='http:\/\/www.emiliosilveravazquez.com\/blog\/wp-content\/plugins\/knxdt-bookmarks-wordpress-plugin\/images\/google.png'   alt='' class='book_img' border='none' style='margin:1px; padding: 0;'  \/><\/a><\/span><span class='pushbutton'><a href='http:\/\/myweb2.search.yahoo.com\/myresults\/bookmarklet?u=http%3A%2F%2Fwww.emiliosilveravazquez.com%2Fblog%2F2025%2F01%2F26%2F%25c2%25bfla-particula-de-la-materia-oscura%2F&amp;t=%C2%BFLa+part%C3%ADcula+de+la+%26%238220%3Bmateria+oscura%26%238221%3B' title='Yahoo' target='_blank' rel='nofollow'><img src='http:\/\/www.emiliosilveravazquez.com\/blog\/wp-content\/plugins\/knxdt-bookmarks-wordpress-plugin\/images\/yahoo.png'  alt='' class='book_img' border='none' style='margin:1px; padding: 0;'  \/><\/a><\/span><span class='pushbutton'><a href='http:\/\/www.technorati.com\/faves?add=http%3A%2F%2Fwww.emiliosilveravazquez.com%2Fblog%2F2025%2F01%2F26%2F%25c2%25bfla-particula-de-la-materia-oscura%2F' title='Technorati' target='_blank' rel='nofollow'><img src='http:\/\/www.emiliosilveravazquez.com\/blog\/wp-content\/plugins\/knxdt-bookmarks-wordpress-plugin\/images\/technorati.png'  alt='' class='book_img' border='none' style='margin:1px; padding: 0;'  \/><\/a><\/span><span class='pushbutton'><a href='http:\/\/meneame.net\/submit.php?url=http%3A%2F%2Fwww.emiliosilveravazquez.com%2Fblog%2F2025%2F01%2F26%2F%25c2%25bfla-particula-de-la-materia-oscura%2F' title='Meneame' target='_blank' rel='nofollow'><img src='http:\/\/www.emiliosilveravazquez.com\/blog\/wp-content\/plugins\/knxdt-bookmarks-wordpress-plugin\/images\/meneame.png'  alt='' class='book_img' border='none' style='margin:1px; padding: 0;'  \/><\/a><\/span><span class='pushbutton'><a href='http:\/\/enchilame.com\/submit.php?url=http:\/\/www.emiliosilveravazquez.com\/blog\/2025\/01\/26\/%c2%bfla-particula-de-la-materia-oscura\/' target='_blank' rel='nofollow'><img title='Enchilame' src='http:\/\/www.emiliosilveravazquez.com\/blog\/wp-content\/plugins\/knxdt-bookmarks-wordpress-plugin\/images\/enchilame.png'  alt='' class='book_img' border='none' style='margin:1px; padding: 0;'  \/><\/a><\/span><span class='pushbutton'><a href='http:\/\/www.blinklist.com\/index.php?Action=Blink\/addblink.php&amp;Description=&amp;Url=http%3A%2F%2Fwww.emiliosilveravazquez.com%2Fblog%2F2025%2F01%2F26%2F%25c2%25bfla-particula-de-la-materia-oscura%2F&amp;title=%C2%BFLa+part%C3%ADcula+de+la+%26%238220%3Bmateria+oscura%26%238221%3B' title='BlinkList' target='_blank' rel='nofollow'><img src='http:\/\/www.emiliosilveravazquez.com\/blog\/wp-content\/plugins\/knxdt-bookmarks-wordpress-plugin\/images\/blinklist.png'  alt='' class='book_img' border='none' style='margin:1px; padding: 0;'  \/><\/a><\/span><span class='pushbutton'><a href='http:\/\/reddit.com\/submit?url=http%3A%2F%2Fwww.emiliosilveravazquez.com%2Fblog%2F2025%2F01%2F26%2F%25c2%25bfla-particula-de-la-materia-oscura%2F&amp;title=%C2%BFLa+part%C3%ADcula+de+la+%26%238220%3Bmateria+oscura%26%238221%3B' title='Reddit' target='_blank' rel='nofollow'><img src='http:\/\/www.emiliosilveravazquez.com\/blog\/wp-content\/plugins\/knxdt-bookmarks-wordpress-plugin\/images\/reddit.png'  alt='' class='book_img' border='none' style='margin:1px; padding: 0;'  \/><\/a><\/span><span class='pushbutton'><a href='http:\/\/www.tecnologiadiaria.com\/2009\/07\/abrir-com-hotmail-correo.html' target='_blank' title='hotmail'><img src='http:\/\/www.emiliosilveravazquez.com\/blog\/wp-content\/plugins\/knxdt-bookmarks-wordpress-plugin\/images\/linklove.png' alt='hotmail correo' class='book_img' border='none' style='margin:1px; padding: 0;' \/><\/a><\/span><span class='pushbutton'><a href='http:\/\/bitacoras.com\/votar\/anotacion\/externo\/mini\/www.emiliosilveravazquez.com\/blog\/2025\/01\/26\/%c2%bfla-particula-de-la-materia-oscura\/' title='Bitacoras.com' target='_blank' rel='nofollow'><img src='http:\/\/www.emiliosilveravazquez.com\/blog\/wp-content\/plugins\/knxdt-bookmarks-wordpress-plugin\/images\/bitacoras.png'  alt='' class='book_img' border='none' style='margin:1px; padding: 0;'  \/><\/a><\/span><span class='pushbutton'><a href='http:\/\/www.wikio.es\/vote?url=http%3A%2F%2Fwww.emiliosilveravazquez.com%2Fblog%2F2025%2F01%2F26%2F%25c2%25bfla-particula-de-la-materia-oscura%2F' title='Wikio' target='_blank' rel='nofollow'><img src='http:\/\/www.emiliosilveravazquez.com\/blog\/wp-content\/plugins\/knxdt-bookmarks-wordpress-plugin\/images\/wikio.png'   alt='' class='book_img' border='none' style='margin:1px; padding: 0;'   \/><\/a><\/span><span class='pushbutton'><a href='http:\/\/friendfeed.com\/?url=http%3A%2F%2Fwww.emiliosilveravazquez.com%2Fblog%2F2025%2F01%2F26%2F%25c2%25bfla-particula-de-la-materia-oscura%2F&amp;title=%C2%BFLa+part%C3%ADcula+de+la+%26%238220%3Bmateria+oscura%26%238221%3B' title='Friend Feed' target='_blank' rel='nofollow'><img src='http:\/\/www.emiliosilveravazquez.com\/blog\/wp-content\/plugins\/knxdt-bookmarks-wordpress-plugin\/images\/friendfeed.png'  alt='' class='book_img' border='none' style='margin:1px; padding: 0;'  \/><\/a><\/span><span class='pushbutton'><a href='http:\/\/www.facebook.com\/share.php?u=http%3A%2F%2Fwww.emiliosilveravazquez.com%2Fblog%2F2025%2F01%2F26%2F%25c2%25bfla-particula-de-la-materia-oscura%2F&amp;t=%C2%BFLa+part%C3%ADcula+de+la+%26%238220%3Bmateria+oscura%26%238221%3B' title='Facebook' target='_blank' rel='nofollow'><img src='http:\/\/www.emiliosilveravazquez.com\/blog\/wp-content\/plugins\/knxdt-bookmarks-wordpress-plugin\/images\/facebook.png'  alt='' class='book_img' border='none' style='margin:1px; padding: 0;'  \/><\/a><\/span><span class='pushbutton'><a href='http:\/\/twitter.com\/home?status=%C2%BFLa+part%C3%ADcula+de+la+%26%238220%3Bmateria+oscura%26%238221%3B: http%3A%2F%2Fwww.emiliosilveravazquez.com%2Fblog%2F2025%2F01%2F26%2F%25c2%25bfla-particula-de-la-materia-oscura%2F' title='Twitter' target='_blank' rel='nofollow'><img src='http:\/\/www.emiliosilveravazquez.com\/blog\/wp-content\/plugins\/knxdt-bookmarks-wordpress-plugin\/images\/twitter.png'  alt='' class='book_img' border='none' style='margin:1px; padding: 0;'  \/><\/a><\/span><span class='pushbutton'><a href='http:\/\/www.feedburner.com\/fb\/a\/emailFlare?itemTitle=%C2%BFLa+part%C3%ADcula+de+la+%26%238220%3Bmateria+oscura%26%238221%3B&amp;uri=http%3A%2F%2Fwww.emiliosilveravazquez.com%2Fblog%2F2025%2F01%2F26%2F%25c2%25bfla-particula-de-la-materia-oscura%2F' title='Enviar por Email' target='_blank' rel='nofollow'><img src='http:\/\/www.emiliosilveravazquez.com\/blog\/wp-content\/plugins\/knxdt-bookmarks-wordpress-plugin\/images\/email.png'  alt='' class='book_img' border='none' style='margin:1px; padding: 0;'  \/><\/a><\/span><span style='font-weight:bold; padding-left: 5px;'><a href='http:\/\/wordpress.org\/extend\/plugins\/knxdt-bookmarks-wordpress-plugin\/' title='Plugin' rel='nofollow' target='_blank'>[?]<\/a><\/span><\/td><\/tr><\/table><br\/><br\/><\/div>","protected":false},"excerpt":{"rendered":"<p>A la caza del \u00absimetr\u00f3n\u00bb, la part\u00edcula que explicar\u00eda la Energ\u00eda Oscura. Un experimento de alta precisi\u00f3n no consigue evidencias de un \u00abcampo de simetr\u00f3n\u00bb, similar al Higs y que impregnar\u00eda todo el Universo. Reportaje en\u00a0 de Prensa: ABC NOTICIAS RELACIONADAS Estamos vivos gracias a la energ\u00eda oscura Los extraterrestres son posibles en universos paralelos [&hellip;]<\/p>\n","protected":false},"author":2,"featured_media":0,"comment_status":"open","ping_status":"open","sticky":false,"template":"","format":"standard","meta":{"_s2mail":"yes","footnotes":""},"categories":[234],"tags":[],"_links":{"self":[{"href":"http:\/\/www.emiliosilveravazquez.com\/blog\/wp-json\/wp\/v2\/posts\/21510"}],"collection":[{"href":"http:\/\/www.emiliosilveravazquez.com\/blog\/wp-json\/wp\/v2\/posts"}],"about":[{"href":"http:\/\/www.emiliosilveravazquez.com\/blog\/wp-json\/wp\/v2\/types\/post"}],"author":[{"embeddable":true,"href":"http:\/\/www.emiliosilveravazquez.com\/blog\/wp-json\/wp\/v2\/users\/2"}],"replies":[{"embeddable":true,"href":"http:\/\/www.emiliosilveravazquez.com\/blog\/wp-json\/wp\/v2\/comments?post=21510"}],"version-history":[{"count":0,"href":"http:\/\/www.emiliosilveravazquez.com\/blog\/wp-json\/wp\/v2\/posts\/21510\/revisions"}],"wp:attachment":[{"href":"http:\/\/www.emiliosilveravazquez.com\/blog\/wp-json\/wp\/v2\/media?parent=21510"}],"wp:term":[{"taxonomy":"category","embeddable":true,"href":"http:\/\/www.emiliosilveravazquez.com\/blog\/wp-json\/wp\/v2\/categories?post=21510"},{"taxonomy":"post_tag","embeddable":true,"href":"http:\/\/www.emiliosilveravazquez.com\/blog\/wp-json\/wp\/v2\/tags?post=21510"}],"curies":[{"name":"wp","href":"https:\/\/api.w.org\/{rel}","templated":true}]}}