{"id":21166,"date":"2026-01-26T07:16:59","date_gmt":"2026-01-26T06:16:59","guid":{"rendered":"http:\/\/www.emiliosilveravazquez.com\/blog\/?p=21166"},"modified":"2026-01-26T07:16:40","modified_gmt":"2026-01-26T06:16:40","slug":"%c2%a1el-universo-y-la-mente-4","status":"publish","type":"post","link":"http:\/\/www.emiliosilveravazquez.com\/blog\/2026\/01\/26\/%c2%a1el-universo-y-la-mente-4\/","title":{"rendered":"\u00a1El Universo y la Mente!"},"content":{"rendered":"<div>\n<h2 style=\"text-align: justify;\">\u00a0 <a href=\"http:\/\/www.emiliosilveravazquez.com\/blog\/2014\/02\/08\/%c2%bfel-origen-del-universo-%c2%a1como-puedo-saberlo-yo\/\" rel=\"prev\">\u00bfEl origen del Universo? \u00a1C\u00f3mo puedo saberlo yo!<\/a><\/h2>\n<\/div>\n<p>&nbsp;<\/p>\n<p><img decoding=\"async\" loading=\"lazy\" class=\"\" src=\"https:\/\/encrypted-tbn2.gstatic.com\/images?q=tbn:ANd9GcReeaxB4VC16sGqHavzofY8YL7fJXbdmvU_b6ZCbexiV918hoF_kA\" width=\"573\" height=\"429\" \/><\/p>\n<p><img decoding=\"async\" loading=\"lazy\" class=\"\" src=\"https:\/\/i.imgur.com\/ASIXu8f.png\" width=\"635\" height=\"273\" \/><\/p>\n<div style=\"text-align: justify;\"><a href=\"http:\/\/www.emiliosilveravazquez.com\/blog\/2014\/02\/10\/%c2%bfcomo-se-formaron-las-galaxias-2\/\" rel=\"next\">\u00bfC\u00f3mo se formaron las galaxias?<\/a><\/div>\n<div><\/div>\n<div><\/div>\n<div>\u00a0 \u00a0<img decoding=\"async\" src=\"https:\/\/antwrp.gsfc.nasa.gov\/apod\/image\/0505\/ngc6559_cfht.jpg\" alt=\"Estrellas, polvo y nebulosa en NGC 6559\" \/><\/div>\n<div><\/div>\n<div style=\"text-align: justify;\">Lo cierto es que, los astr\u00f3nomos y cosm\u00f3logos, no est\u00e1n nada seguros de la respuesta que podr\u00edan dar a \u00e9sta pregunta. Si nos paramos a pensar que el Universo se expand\u00eda a marchas aceleradas&#8230; \u00bfQu\u00e9 pudo retener all\u00ed la materia para que las galaxias se pudieran formar? \u00bfAcaso ser\u00eda aquella &#8220;sustancia c\u00f3smica primera, a la que los griegos cl\u00e1sicos llamaban Ylem, y, ahora los modernos cosm\u00f3logos le llaman &#8220;<a href=\"#\" onclick=\"referencia('materia oscura',event); return false;\">materia oscura<\/a>&#8221;?<\/div>\n<div><\/div>\n<div><\/div>\n<div>\u00a0 \u00a0 \u00a0 \u00a0 \u00a0 \u00a0 \u00a0 \u00a0 \u00a0 \u00a0 \u00a0 \u00a0 \u00a0 \u00a0 \u00a0 \u00a0 \u00a0 \u00a0 \u00a0 \u00a0 \u00a0 \u00a0 \u00a0 \u00a0<img decoding=\"async\" src=\"http:\/\/www.educarm.es\/templates\/portal\/ficheros\/websDinamicas\/32\/cumulosdegalaxias.jpg\" alt=\"http:\/\/www.educarm.es\/templates\/portal\/ficheros\/websDinamicas\/32\/cumulosdegalaxias.jpg\" \/><\/div>\n<div><\/div>\n<div>Si todo el Espacio Interestelar est\u00e1 permeado por la &#8220;<a href=\"#\" onclick=\"referencia('materia oscura',event); return false;\">materia oscura<\/a>&#8221;, es algo que no sabemos, pero ah\u00ed est\u00e1n las galaxias, y lo cierto es que (sin pruebas), todos creen en la &#8220;<a href=\"#\" onclick=\"referencia('materia oscura',event); return false;\">materia oscura<\/a>&#8221;.<\/div>\n<div><\/div>\n<h3><img decoding=\"async\" src=\"https:\/\/img.eldefinido.cl\/portadas\/650\/2015-06-18-5138XIJ2797.jpg\" alt=\"La misteriosa materia y energ\u00eda oscura: esto es lo que la ciencia sabe que no sabe\" \/><\/h3>\n<p>&nbsp;<\/p>\n<h3 style=\"text-align: justify;\"><img decoding=\"async\" loading=\"lazy\" class=\"\" src=\"https:\/\/i.imgur.com\/To5cOGv.png\" width=\"673\" height=\"189\" \/><\/h3>\n<p style=\"text-align: justify;\">\u00a0 \u00a0 \u00a0 <img decoding=\"async\" loading=\"lazy\" class=\"\" src=\"https:\/\/static.techno-science.net\/illustration\/Libre\/OAI\/2024\/01\/24\/file-voQe1gogxPaynrxMGmxeeS7I.jpg\" alt=\"C\u00f3mo surgi\u00f3 la vida de la materia inerte? Una nueva pista intrigante\" width=\"688\" height=\"393\" \/><\/p>\n<p>&nbsp;<\/p>\n<p style=\"text-align: justify;\"><span id=\"speechify-first-word-listening-nudge-root-9\" style=\"position: absolute; z-index: 10000;\"><\/span><span id=\"speechify-first-word-listening-nudge-9\"><span id=\"speechify-first-word-listening-nudge-root-9\" style=\"position: absolute; z-index: 10000;\"><\/span><span id=\"speechify-first-word-listening-nudge-9\"><span id=\"speechify-first-word-listening-nudge-root-9\" style=\"position: absolute; z-index: 10000;\"><\/span><span id=\"speechify-first-word-listening-nudge-9\"><span id=\"speechify-first-word-listening-nudge-root-9\" style=\"position: absolute; z-index: 10000;\"><\/span><span id=\"speechify-first-word-listening-nudge-9\"><span id=\"speechify-first-word-listening-nudge-root-9\" style=\"position: absolute; z-index: 10000;\"><\/span><span id=\"speechify-first-word-listening-nudge-9\"><span id=\"speechify-first-word-listening-nudge-root-9\" style=\"position: absolute; z-index: 10000;\"><\/span><span id=\"speechify-first-word-listening-nudge-9\"><span id=\"speechify-first-word-listening-nudge-root-9\" style=\"position: absolute; z-index: 10000;\"><\/span><span id=\"speechify-first-word-listening-nudge-9\">\u00bfLa Vida? Lo<\/span><\/span><\/span><\/span><\/span><\/span><\/span> \u00fanico que se me ocurre para contestar es decir que la Vida es el nivel m\u00e1s alto de la evoluci\u00f3n de la Materia. Entendiendo, eso s\u00ed, que ese &#8220;nivel m\u00e1s alto&#8221; es aquel en el que se ha llegado hasta la consciencia de Ser. Cuando nos hemos percatado de que &#8220;somos&#8221;, entonces y s\u00f3lo entonces hemos sido conscientes de que formamos parte del inmenso Universo.<\/p>\n<p>&nbsp;<\/p>\n<p><iframe loading=\"lazy\" title=\"Enrique Mart\u00ednez Lozano Evoluci\u00f3n de la consciencia\" width=\"500\" height=\"281\" src=\"https:\/\/www.youtube.com\/embed\/auE1c39U1wc?feature=oembed\" frameborder=\"0\" allow=\"accelerometer; autoplay; clipboard-write; encrypted-media; gyroscope; picture-in-picture; web-share\" referrerpolicy=\"strict-origin-when-cross-origin\" allowfullscreen><\/iframe><\/p>\n<p>&nbsp;<\/p>\n<p style=\"text-align: justify;\"><span id=\"speechify-first-word-listening-nudge-root-9\" style=\"position: absolute; z-index: 10000;\"><\/span><span id=\"speechify-first-word-listening-nudge-9\"><span id=\"speechify-first-word-listening-nudge-root-9\" style=\"position: absolute; z-index: 10000;\"><\/span><span id=\"speechify-first-word-listening-nudge-9\">Es verdaderamente admirable<\/span><\/span> constatar c\u00f3mo ha ido evolucionando nuestro entendimiento del Mundo que nos rodea, de la Naturaleza, del Universo. Hubo un tiempo en el que, los individuos de nuestra especie deambulaban por este planeta pero, no sab\u00edan comprender el \u201cmundo\u201d, ni pod\u00edan pensar siquiera en el misterio que representaban los fen\u00f3menos naturales que a su alrededor se suced\u00edan.<\/p>\n<p>&nbsp;<\/p>\n<p style=\"text-align: justify;\">\u00a0 \u00a0 \u00a0 \u00a0 \u00a0 <img decoding=\"async\" src=\"https:\/\/www.recreoviral.com\/wp-content\/uploads\/2014\/09\/Fenomenos-Naturales-1-730x547.jpg\" alt=\"Mezcla de nubes en el cielo y la punta de unos pinos \" \/><\/p>\n<p>&nbsp;<\/p>\n<p style=\"text-align: justify;\"><span id=\"speechify-first-word-listening-nudge-root-9\" style=\"position: absolute; z-index: 10000;\"><\/span><span id=\"speechify-first-word-listening-nudge-9\"><span id=\"speechify-first-word-listening-nudge-root-9\" style=\"position: absolute; z-index: 10000;\"><\/span><span id=\"speechify-first-word-listening-nudge-9\"><span id=\"speechify-first-word-listening-nudge-root-9\" style=\"position: absolute; z-index: 10000;\"><\/span><span id=\"speechify-first-word-listening-nudge-9\"><span id=\"speechify-first-word-listening-nudge-root-9\" style=\"position: absolute; z-index: 10000;\"><\/span><span id=\"speechify-first-word-listening-nudge-9\"><span id=\"speechify-first-word-listening-nudge-root-9\" style=\"position: absolute; z-index: 10000;\"><\/span><span id=\"speechify-first-word-listening-nudge-9\"><span id=\"speechify-first-word-listening-nudge-root-9\" style=\"position: absolute; z-index: 10000;\"><\/span><span id=\"speechify-first-word-listening-nudge-9\"><span id=\"speechify-first-word-listening-nudge-root-9\" style=\"position: absolute; z-index: 10000;\"><\/span><span id=\"speechify-first-word-listening-nudge-9\">Pasado el tiempo,<\/span><\/span><\/span><\/span><\/span><\/span><\/span> pudieron mirar hacia arriba y, la presencia de aquellos puntitos brillantes en la oscura y misteriosa penumbra de la noche, despert\u00f3 su curiosidad consciente y se pudieron hacer algunas preguntas. Muchas decenas de miles de a\u00f1os m\u00e1s tarde, nuestro deambular por el planeta, las experiencias y la observaci\u00f3n de la Naturaleza, nos llev\u00f3 a comprender, algunas de las cosas que antes no ten\u00edan explicaci\u00f3n. Pensadores del pasado dejaron la huella de sus inquietudes y los llamados fil\u00f3sofos naturales, hicieron el ejercicio de dibujar el \u201cmundo\u201d seg\u00fan ellos lo ve\u00edan. Nos hablaron de \u201celementos\u201d de \u201c\u00e1tomos\u201d y, aunque no era el concepto que\u00a0<a id=\"_GPLITA_0\" title=\"Click to Continue &gt; by Savings Wave\" href=\"http:\/\/www.emiliosilveravazquez.com\/blog\/2014\/02\/09\/%C2%A1el-universo-y-la-mente\/#\">ahora<img decoding=\"async\" src=\"http:\/\/savingswave-a.akamaihd.net\/items\/it\/img\/arrow-10x10.png\" alt=\"\" \/><\/a>\u00a0de esas palabras podamos tener, ya denotaba una gran intuici\u00f3n en el pensamiento humano que trataba de entender la Naturaleza y c\u00f3mo estaban hechas las cosas que nos rodeaban. Ellos, a la materia primigenia la llamaron \u201cYlem\u201d\u00a0<strong>la sustancia c\u00f3smica.<\/strong><\/p>\n<p>&nbsp;<\/p>\n<p style=\"text-align: justify;\">\u00a0 \u00a0 \u00a0 \u00a0 \u00a0 \u00a0 \u00a0 \u00a0 \u00a0 \u00a0 \u00a0 \u00a0 \u00a0 \u00a0 \u00a0 \u00a0 \u00a0 \u00a0 \u00a0 \u00a0 \u00a0 \u00a0 \u00a0 \u00a0 \u00a0 \u00a0 \u00a0 \u00a0<img decoding=\"async\" loading=\"lazy\" src=\"http:\/\/2.bp.blogspot.com\/-VIDQISJnJmA\/UOX-nyYrMNI\/AAAAAAAADC4\/k-QpUprpJAo\/s400\/408330_234979933292184_1847340265_n.jpg\" alt=\"\" width=\"400\" height=\"399\" border=\"0\" \/><\/p>\n<p>&nbsp;<\/p>\n<p style=\"text-align: justify;\">Es cierto que siempre hemos querido abarcar m\u00e1s de lo que nuestra \u201csabidur\u00eda\u201d nos pod\u00eda permitir. <a id=\"_GPLITA_1\" title=\"Click to Continue &gt; by Savings Wave\" href=\"http:\/\/www.emiliosilveravazquez.com\/blog\/2014\/02\/09\/%C2%A1el-universo-y-la-mente\/#\">Ahora<img decoding=\"async\" src=\"http:\/\/savingswave-a.akamaihd.net\/items\/it\/img\/arrow-10x10.png\" alt=\"\" \/><\/a>, en el presente, las cosas no han cambiado y tratamos de explicar lo que no sabemos, y, para ello, si hay que inventarse la\u00a0<strong>\u201c<a href=\"http:\/\/www.emiliosilveravazquez.com\/blog\/2014\/02\/09\/%C2%A1el-universo-y-la-mente\/#\"><a href=\"#\" onclick=\"referencia('materia oscura',event); return false;\">materia oscura<\/a><\/a>\u201d, las \u201cfluctuaciones de vac\u00edo\u201d, los \u201cuniversos paralelos\u201d, los \u201c<a href=\"http:\/\/www.emiliosilveravazquez.com\/blog\/2014\/02\/09\/%C2%A1el-universo-y-la-mente\/#\"><a href=\"#\" onclick=\"referencia('agujero de gusano',event); return false; return false;\">agujeros de gusano<\/a><\/a>\u201d,\u00a0<\/strong>o, cualesquiera otros conceptos o fen\u00f3menos inexistentes en el mundo material o experimental\u2026 \u00a1qu\u00e9 m\u00e1s da! Lo importante es exponer las ideas que nos pasen por la cabeza que, de alguna manera, pasando el tiempo, se har\u00e1n realidad. Nuestras mentes, como digo, siempre fueron por delante de nosotros mismos y ha dejado al descubierto esa intuici\u00f3n que nos caracteriza y que, de alguna manera, nos habla de esos hilos invisibles que, de alguna manera, nos conecta con el resto del Universo del que, al fin y al cabo, formamos <a id=\"_GPLITA_3\" title=\"Click to Continue &gt; by Savings Wave\" href=\"http:\/\/www.emiliosilveravazquez.com\/blog\/2014\/02\/09\/%C2%A1el-universo-y-la-mente\/#\">parte<img decoding=\"async\" src=\"http:\/\/savingswave-a.akamaihd.net\/items\/it\/img\/arrow-10x10.png\" alt=\"\" \/><\/a>.<\/p>\n<p style=\"text-align: justify;\">El\u00a0<b>agua<\/b>\u00a0representa el 80% de la composici\u00f3n de la mayor\u00eda de los organismos e interviene masiva y decisivamente en la realizaci\u00f3n de sus procesos metab\u00f3licos; asimismo, desempe\u00f1a un importante papel en la fotos\u00edntesis de las plantas y sirve de h\u00e1bitat a una gran parte de los seres vivos.<\/p>\n<p>&nbsp;<\/p>\n<p><img decoding=\"async\" loading=\"lazy\" class=\"\" src=\"https:\/\/www.gob.mx\/cms\/uploads\/article\/main_image\/109395\/18-Importancia_del_agua.jpg\" alt=\"Importancia del agua y las problem\u00e1ticas socio-ambientales | Educaci\u00f3n Ambiental | Gobierno | gob.mx\" width=\"721\" height=\"478\" \/><\/p>\n<p style=\"text-align: justify;\"><strong>\u00a0 \u00a0 \u00a0 \u00a0 \u00a0 <span id=\"speechify-first-word-listening-nudge-root-14\" style=\"position: absolute; z-index: 10000;\"><\/span><span id=\"speechify-first-word-listening-nudge-14\"><span id=\"speechify-first-word-listening-nudge-root-14\" style=\"position: absolute; z-index: 10000;\"><\/span><span id=\"speechify-first-word-listening-nudge-14\"><span id=\"speechify-first-word-listening-nudge-root-14\" style=\"position: absolute; z-index: 10000;\"><\/span><span id=\"speechify-first-word-listening-nudge-14\"><span id=\"speechify-first-word-listening-nudge-root-14\" style=\"position: absolute; z-index: 10000;\"><\/span><span id=\"speechify-first-word-listening-nudge-14\"><span id=\"speechify-first-word-listening-nudge-root-14\" style=\"position: absolute; z-index: 10000;\"><\/span><span id=\"speechify-first-word-listening-nudge-14\">Tales de Mileto<\/span><\/span><\/span><\/span><\/span> fue el primero en expresar la importancia que ten\u00eda el agua para la Vida<\/strong><\/p>\n<p style=\"text-align: justify;\"><a id=\"_GPLITA_2\" title=\"Click to Continue &gt; by Savings Wave\" href=\"http:\/\/www.emiliosilveravazquez.com\/blog\/2014\/02\/09\/%C2%A1el-universo-y-la-mente\/#\"><span id=\"speechify-first-word-listening-nudge-root-14\" style=\"position: absolute; z-index: 10000;\"><\/span><span id=\"speechify-first-word-listening-nudge-14\"><span id=\"speechify-first-word-listening-nudge-root-14\" style=\"position: absolute; z-index: 10000;\"><\/span><span id=\"speechify-first-word-listening-nudge-14\">Ahora<\/span><\/span><img decoding=\"async\" src=\"http:\/\/savingswave-a.akamaihd.net\/items\/it\/img\/arrow-10x10.png\" alt=\"\" \/><\/a>, que hemos podido realizar un cierto avance en el \u201cconocimiento del mundo que nos rodea\u201d, no le damos la verdadera importancia que tienen algunos pensamientos del pasado que, en realidad, son los responsables de que ahora, nos encontremos en el nivel de conocimiento que hemos podido conquistar. Tales de Mileto, uno de los siete sabios de Grecia, fue el primero que dej\u00f3 a un lado la mitolog\u00eda para utilizar la l\u00f3gica y, entre otras muchas cosas, indic\u00f3 la importancia que ten\u00eda el agua para la existencia de la vida. Emp\u00e9docles nos habl\u00f3 de los elementos y Dem\u00f3crito del a-tomo o \u00e1tomo., Arquitas de Tarento (fil\u00f3sofo, soldado y m\u00fasico), el amigo de Plat\u00f3n y seguidor de Pit\u00e1goras, ya se preguntaba: \u00bfEs el Universo infinito?<\/p>\n<p>&nbsp;<\/p>\n<p style=\"text-align: justify;\">\u00a0 \u00a0 \u00a0 <img decoding=\"async\" src=\"http:\/\/2.bp.blogspot.com\/_v2-ww3wj9Tk\/Rm_-eRRzHMI\/AAAAAAAAAAk\/sFX1ubnV7FQ\/s200\/Arquitas.jpg\" alt=\"Resultado de imagen de Arquitas de Tarento\" \/><\/p>\n<div class=\"speechify-ipvczq\"><span class=\"speechify-1pieqac\"><strong>Arquitas de Taren<\/strong>to<\/span><strong><span id=\"speechify-first-word-listening-nudge-14\" style=\"opacity: 0;\"><span id=\"speechify-first-word-listening-nudge-root-14\" style=\"position: absolute; z-index: 10000;\"><\/span><span id=\"speechify-first-word-listening-nudge-14\" style=\"opacity: 0;\"><span id=\"speechify-first-word-listening-nudge-root-14\" style=\"position: absolute; z-index: 10000;\"><\/span><span id=\"speechify-first-word-listening-nudge-14\"><span id=\"speechify-first-word-listening-nudge-root-14\" style=\"position: absolute; z-index: 10000;\"><\/span><span id=\"speechify-first-word-listening-nudge-14\"><span id=\"speechify-first-word-listening-nudge-root-14\" style=\"position: absolute; z-index: 10000;\"><\/span><span id=\"speechify-first-word-listening-nudge-14\">Arquitas de Trento<\/span><\/span><\/span><\/span><\/span><\/strong><\/div>\n<p style=\"text-align: justify;\"><span id=\"speechify-first-word-listening-nudge-root-14\" style=\"position: absolute; z-index: 10000;\"><\/span><span id=\"speechify-first-word-listening-nudge-14\"><span id=\"speechify-first-word-listening-nudge-root-14\" style=\"position: absolute; z-index: 10000;\"><\/span><span id=\"speechify-first-word-listening-nudge-14\"><span id=\"speechify-first-word-listening-nudge-root-14\" style=\"position: absolute; z-index: 10000;\"><\/span><span id=\"speechify-first-word-listening-nudge-14\"><span id=\"speechify-first-word-listening-nudge-root-14\" style=\"position: absolute; z-index: 10000;\"><\/span><span id=\"speechify-first-word-listening-nudge-14\">\u00c9l mismo se<\/span><\/span><\/span><\/span> contestaba diciendo que todo ten\u00eda un l\u00edmite y, pensaba en el final que lindaba con el \u201cvac\u00edo\u201d, all\u00ed donde nada imped\u00eda que su espada, lanzada con fuerza en el borde del universo, siguiera su camino sin fin, ninguna fuerza podr\u00eda pararla y con ninguna clase de materia podr\u00eda chocar. As\u00ed, con esos pensamientos surgidos de la mente humana, podemos constatar que,\u00a0<a id=\"_GPLITA_4\" title=\"Click to Continue &gt; by Savings Wave\" href=\"http:\/\/www.emiliosilveravazquez.com\/blog\/2014\/02\/09\/%C2%A1el-universo-y-la-mente\/#\">desde<img decoding=\"async\" src=\"http:\/\/savingswave-a.akamaihd.net\/items\/it\/img\/arrow-10x10.png\" alt=\"\" \/><\/a> siempre, hemos tratado de saber de qu\u00e9 est\u00e1n hechas las cosas, c\u00f3mo funciona la Naturaleza y de qu\u00e9 manera se comporta el universo y por qu\u00e9 lo hace de esa manera y no de otra.<\/p>\n<p>&nbsp;<\/p>\n<p><img decoding=\"async\" src=\"https:\/\/1.bp.blogspot.com\/-XUeLLrgIUUE\/U6cujb-XDiI\/AAAAAAAAALw\/vh5vPxugNoI\/s1600\/Percebimento.jpg\" alt=\"El Universo se expande, la Mente tambi\u00e9n I : Blog de Emilio Silvera V.\" \/><\/p>\n<p>&nbsp;<\/p>\n<p style=\"text-align: justify;\"><strong><span id=\"speechify-first-word-listening-nudge-root-18\" style=\"position: absolute; z-index: 10000;\"><\/span><span id=\"speechify-first-word-listening-nudge-18\"><span id=\"speechify-first-word-listening-nudge-root-18\" style=\"position: absolute; z-index: 10000;\"><\/span><span id=\"speechify-first-word-listening-nudge-18\"><span id=\"speechify-first-word-listening-nudge-root-18\" style=\"position: absolute; z-index: 10000;\"><\/span><span id=\"speechify-first-word-listening-nudge-18\"><span id=\"speechify-first-word-listening-nudge-root-18\" style=\"position: absolute; z-index: 10000;\"><\/span><span id=\"speechify-first-word-listening-nudge-18\"><span id=\"speechify-first-word-listening-nudge-root-18\" style=\"position: absolute; z-index: 10000;\"><\/span><span id=\"speechify-first-word-listening-nudge-18\"><span id=\"speechify-first-word-listening-nudge-root-18\" style=\"position: absolute; z-index: 10000;\"><\/span><span id=\"speechify-first-word-listening-nudge-18\"><span id=\"speechify-first-word-listening-nudge-root-18\" style=\"position: absolute; z-index: 10000;\"><\/span><span id=\"speechify-first-word-listening-nudge-18\"><span id=\"speechify-first-word-listening-nudge-root-18\" style=\"position: absolute; z-index: 10000;\"><\/span><span id=\"speechify-first-word-listening-nudge-18\">El Universo se<\/span><\/span><\/span><\/span><\/span><\/span><\/span><\/span> expande y nuestras mentes tambi\u00e9n.<\/strong> Eso que llamamos Tiempo sigui\u00f3 su transcurrir inexorable, los pensamientos de los grandes pensadores se fueron acumulando en un sin fin de conjeturas y teor\u00edas que, poco a poco, pudimos ir comprobando mediante la observaci\u00f3n, el estudio y la experimentaci\u00f3n hasta que, pudimos llegar a saber de qu\u00e9 estaban hechas las estrellas y c\u00f3mo la materia se transmutaba en sus hornos nucleares\u00a0<a id=\"_GPLITA_5\" title=\"Click to Continue &gt; by Savings Wave\" href=\"http:\/\/www.emiliosilveravazquez.com\/blog\/2014\/02\/09\/%C2%A1el-universo-y-la-mente\/#\">para<img decoding=\"async\" src=\"http:\/\/savingswave-a.akamaihd.net\/items\/it\/img\/arrow-10x10.png\" alt=\"\" \/><\/a> crear elementos que hicieron posible el surgir de la vida en los mundos (no creo que la vida est\u00e9 supeditada a este mundo nuestro).<\/p>\n<p><img decoding=\"async\" src=\"https:\/\/assets.sutori.com\/user-uploads\/image\/1b5920a3-2b98-4ffe-ad5a-fd7dcac69497\/0f20fccd66070298b2b457fb414e45c3.jpeg\" alt=\"La materia esta formada por... | Sutori\" \/><\/p>\n<p>&nbsp;<\/p>\n<div class=\"speechify-ipvczq\"><\/div>\n<div class=\"speechify-ipvczq\" style=\"text-align: justify;\"><span class=\"speechify-1pieqac\">El conocimiento que <\/span><span id=\"speechify-first-word-listening-nudge-18\" style=\"opacity: 0;\"><span id=\"speechify-first-word-listening-nudge-root-18\" style=\"position: absolute; z-index: 10000;\"><\/span><\/span>creemos que tenemos sobre c\u00f3mo est\u00e1 conformada la materia y las fuerzas fundamentales que con ella interaccionan, nos ha llevado a escenificar un Universo algo m\u00e1s comprensible que aquel, que nuestros ancestros imaginaron con la presencia de dioses y divinidades que eran los que, creaban los \u201cmundos\u201d o, el universo mismo, cada vez que so\u00f1aban. Es asombroso que hayamos podido llegar hasta la consciencia siendo la l\u00ednea de salida la \u201cmateria inerte\u201d. Sin embargo, el recorrido ha sido duro y muy largo\u2026, \u00a1diez mil millones de a\u00f1os han necesitado las estrellas <a id=\"_GPLITA_6\" title=\"Click to Continue &gt; by Savings Wave\" href=\"http:\/\/www.emiliosilveravazquez.com\/blog\/2014\/02\/09\/%C2%A1el-universo-y-la-mente\/#\">para <img decoding=\"async\" src=\"http:\/\/savingswave-a.akamaihd.net\/items\/it\/img\/arrow-10x10.png\" alt=\"\" \/><\/a>poder\u00a0 solidificar los elementos de la vida para crear, en algunos de los muchos mundos presentes en las galaxias, el proto<a href=\"http:\/\/www.emiliosilveravazquez.com\/blog\/2014\/02\/09\/%C2%A1el-universo-y-la-mente\/#\"><a href=\"#\" onclick=\"referencia('plasma',event); return false;\">plasma<\/a><\/a> vivo que diera lugar a esa primera c\u00e9lula replicante que comenzara la fascinante aventura de la vida hasta llegar a los pensamientos.<\/div>\n<div><\/div>\n<p><img decoding=\"async\" loading=\"lazy\" class=\"\" src=\"https:\/\/www.nodualidad.info\/imagen\/pics\/presencia.jpg\" alt=\"Despertar del Cosmos\" width=\"622\" height=\"411\" \/><\/p>\n<p>Aveces me pregunto si realmente existe una Conciencia C\u00f3smica, todo lo que ha pasado no puede ser fruto del Azar<\/p>\n<blockquote>\n<p style=\"text-align: justify;\"><strong>Es dif\u00edcil asimilar todo lo que sucede en la Naturaleza, desde la fusi\u00f3n nuclear en las estrellas para formar elementos, pasando por la complejidad del n\u00facleo at\u00f3mico y todo lo que dentro de \u00e9l est\u00e1 contenido a pesar de su \u00ednfima peque\u00f1ez, o, \u00bfQu\u00e9 mejor ejemplo? el surgir de la Vida a partir de la &#8220;materia inerte&#8221; por la evoluci\u00f3n permitida por el\u00a0 transcurrir inexorable del Tiempo.<\/strong><\/p>\n<\/blockquote>\n<p>&nbsp;<\/p>\n<p><img decoding=\"async\" loading=\"lazy\" class=\"\" src=\"https:\/\/hips.hearstapps.com\/hmg-prod\/images\/gettyimages-1085292400.jpg?resize=980:*\" alt=\"Ajuste Fino: Primordial para la Vida (Primera parte) : Blog de Emilio Silvera V.\" width=\"600\" height=\"402\" \/><img decoding=\"async\" loading=\"lazy\" class=\"\" src=\"https:\/\/mundosmultiples.files.wordpress.com\/2020\/02\/constants.png\" alt=\"Ajuste Fino: Primordial para la Vida (Primera parte) : Blog de Emilio Silvera V.\" width=\"599\" height=\"317\" \/><\/p>\n<p>&nbsp;<\/p>\n<p style=\"text-align: justify;\"><strong>En f\u00edsica, la noci\u00f3n de ajuste fino se refiere a la<\/strong> <b>situaci\u00f3n en la que un cierto n\u00famero de par\u00e1metros deben tener un valor muy preciso para poder explicar tal o cual fen\u00f3meno observado, y, la presencia de la Vida.<\/b><\/p>\n<p><strong><span id=\"speechify-first-word-listening-nudge-root-24\" style=\"position: absolute; z-index: 10000;\"><\/span><span id=\"speechify-first-word-listening-nudge-24\"><span id=\"speechify-first-word-listening-nudge-root-24\" style=\"position: absolute; z-index: 10000;\"><\/span><span id=\"speechify-first-word-listening-nudge-24\"><span id=\"speechify-first-word-listening-nudge-root-24\" style=\"position: absolute; z-index: 10000;\"><\/span><span id=\"speechify-first-word-listening-nudge-24\">Si el Universo<\/span><\/span><\/span> no es consciente&#8230; \u00bfC\u00f3mo explicar el ajuste fino para hacer posible nuestra presencia?<\/strong><\/p>\n<p style=\"text-align: justify;\"><span id=\"speechify-first-word-listening-nudge-root-18\" style=\"position: absolute; z-index: 10000;\"><\/span><span id=\"speechify-first-word-listening-nudge-18\"><span id=\"speechify-first-word-listening-nudge-root-18\" style=\"position: absolute; z-index: 10000;\"><\/span><span id=\"speechify-first-word-listening-nudge-18\">Si nos preguntaran:<\/span><\/span> <strong>\u00bfEs consciente el Universo?<\/strong> Tendr\u00edamos que contestar de manera afirmativa, toda vez que, al menos una secci\u00f3n importante de \u00e9l,\u00a0<strong>\u00a1la que piensa!<\/strong>, representada por seres vivos y que forman\u00a0<a id=\"_GPLITA_8\" title=\"Click to Continue &gt; by Savings Wave\" href=\"http:\/\/www.emiliosilveravazquez.com\/blog\/2014\/02\/09\/%C2%A1el-universo-y-la-mente\/#\">parte<img decoding=\"async\" src=\"http:\/\/savingswave-a.akamaihd.net\/items\/it\/img\/arrow-10x10.png\" alt=\"\" \/><\/a>\u00a0de ese inmenso universo, S\u00ed que lo es. La vida es la consecuencia de la materia evolucionada hasta su m\u00e1s alto nivel y, a partir de ella, ha podido surgir eso que llamamos cerebro, un lugar de tal complejidad que es capaz de generar ideas y de \u00e9l emana tambi\u00e9n ese algo inmaterial que llamamos mente, un ente inmaterial y superior que trasciende y va m\u00e1s all\u00e1, lo que los fil\u00f3sofos llamaron Ser y quisieron explicar mediante la metaf\u00edsica, toda vez que, al estar fuera de la materia, nada pod\u00eda la F\u00edsica decir. Todav\u00eda, no sabemos lo que la vida es y tampoco, podemos explicar lo que es la energ\u00eda, o, por exponer alg\u00fan concepto de los muchos que denota nuestra ignorancia, tampoco podemos contestar a una simple pregunta: \u00bfQu\u00e9 es el Tiempo? \u00bfExiste en realidad o simplemente es una abstracci\u00f3n de la mente? Ya hablamos aqu\u00ed de eso hace unos d\u00edas.<\/p>\n<p>&nbsp;<\/p>\n<p style=\"text-align: justify;\"><img decoding=\"async\" src=\"http:\/\/4.bp.blogspot.com\/_UFq83_hWLjY\/TPpvqVGoi1I\/AAAAAAAAABc\/zVV5bcluGpM\/s1600\/PortalOfHunabKu2.jpg\" alt=\"\" \/><\/p>\n<p>&nbsp;<\/p>\n<p style=\"text-align: justify;\"><span id=\"speechify-first-word-listening-nudge-root-18\" style=\"position: absolute; z-index: 10000;\"><\/span><span id=\"speechify-first-word-listening-nudge-18\"><span id=\"speechify-first-word-listening-nudge-root-18\" style=\"position: absolute; z-index: 10000;\"><\/span><span id=\"speechify-first-word-listening-nudge-18\"><span id=\"speechify-first-word-listening-nudge-root-18\" style=\"position: absolute; z-index: 10000;\"><\/span><span id=\"speechify-first-word-listening-nudge-18\"><span id=\"speechify-first-word-listening-nudge-root-18\" style=\"position: absolute; z-index: 10000;\"><\/span><span id=\"speechify-first-word-listening-nudge-18\"><span id=\"speechify-first-word-listening-nudge-root-24\" style=\"position: absolute; z-index: 10000;\"><\/span><span id=\"speechify-first-word-listening-nudge-24\"><span id=\"speechify-first-word-listening-nudge-root-26\" style=\"position: absolute; z-index: 10000;\"><\/span><span id=\"speechify-first-word-listening-nudge-26\"><span id=\"speechify-first-word-listening-nudge-root-26\" style=\"position: absolute; z-index: 10000;\"><\/span><span id=\"speechify-first-word-listening-nudge-26\"><span id=\"speechify-first-word-listening-nudge-root-26\" style=\"position: absolute; z-index: 10000;\"><\/span><span id=\"speechify-first-word-listening-nudge-26\">Lo cierto es<\/span><\/span><\/span><\/span><\/span><\/span><\/span><\/span> que nuestra especie ha dejado profundas huellas de su deambular por el mundo. Muchos de sus \u201ctesoros y obras\u201d quedaron enterrados en las profundidades del tiempo o inundados por los diluvios que las distintas civilizaciones que fueron nos contaron con sus maravillosas leyendas que, en realidad, trataban de explicar algo que sucedi\u00f3 y que no llegaban a comprender y,\u00a0<a id=\"_GPLITA_10\" title=\"Click to Continue &gt; by Savings Wave\" href=\"http:\/\/www.emiliosilveravazquez.com\/blog\/2014\/02\/09\/%C2%A1el-universo-y-la-mente\/#\">para<img decoding=\"async\" src=\"http:\/\/savingswave-a.akamaihd.net\/items\/it\/img\/arrow-10x10.png\" alt=\"\" \/><\/a>\u00a0ello, inventaban bonitas historias en las que, narraban hechos que quedaron difuminados por la fantas\u00eda hasta el punto de no saber, en el presente, hasta que punto eran ciertas o no las bonitas \u201chistorias\u201d que nos contaron.<\/p>\n<p>&nbsp;<\/p>\n<p style=\"text-align: justify;\"><img decoding=\"async\" src=\"https:\/\/lamenteesmaravillosa.com\/wp-content\/uploads\/2015\/11\/mano-hoja.jpg\" alt=\"Resultado de imagen de Todo lo nuevo tiene su origen en lo que antes pas\u00c3\u00b3\" \/><\/p>\n<p style=\"text-align: justify;\"><strong>\u00a0 \u00a0<span id=\"speechify-first-word-listening-nudge-root-27\" style=\"position: absolute; z-index: 10000;\"><\/span><span id=\"speechify-first-word-listening-nudge-27\"><span id=\"speechify-first-word-listening-nudge-root-27\" style=\"position: absolute; z-index: 10000;\"><\/span><span id=\"speechify-first-word-listening-nudge-27\"><span id=\"speechify-first-word-listening-nudge-root-27\" style=\"position: absolute; z-index: 10000;\"><\/span><span id=\"speechify-first-word-listening-nudge-27\">S\u00ed, puede tardar<\/span><\/span><\/span> pero, al final, todo llega, todo cambia, nada permanece, y, todo tiene &#8220;su&#8221; Tiempo<\/strong><\/p>\n<p style=\"text-align: justify;\"><span id=\"speechify-first-word-listening-nudge-root-24\" style=\"position: absolute; z-index: 10000;\"><\/span><span id=\"speechify-first-word-listening-nudge-24\"><span id=\"speechify-first-word-listening-nudge-root-24\" style=\"position: absolute; z-index: 10000;\"><\/span><span id=\"speechify-first-word-listening-nudge-24\"><span id=\"speechify-first-word-listening-nudge-root-26\" style=\"position: absolute; z-index: 10000;\"><\/span><span id=\"speechify-first-word-listening-nudge-26\"><span id=\"speechify-first-word-listening-nudge-root-28\" style=\"position: absolute; z-index: 10000;\"><\/span><span id=\"speechify-first-word-listening-nudge-28\"><span id=\"speechify-first-word-listening-nudge-root-28\" style=\"position: absolute; z-index: 10000;\"><\/span><span id=\"speechify-first-word-listening-nudge-28\"><span id=\"speechify-first-word-listening-nudge-root-28\" style=\"position: absolute; z-index: 10000;\"><\/span><span id=\"speechify-first-word-listening-nudge-28\">Lo que sucede<\/span><\/span><\/span><\/span><\/span><\/span> es que, con frecuencia, cuando surgen ideas nuevas que tienden a querer explicar cient\u00edficamente lo que es la Naturaleza, aparecen viejos\u00a0<a id=\"_GPLITA_9\" title=\"Click to Continue &gt; by Savings Wave\" href=\"http:\/\/www.emiliosilveravazquez.com\/blog\/2014\/02\/09\/%C2%A1el-universo-y-la-mente\/#\">datos<img decoding=\"async\" src=\"http:\/\/savingswave-a.akamaihd.net\/items\/it\/img\/arrow-10x10.png\" alt=\"\" \/><\/a>\u00a0que relacionan esas nuevas ideas con aquellos viejos problemas. Tenemos que admitir que todav\u00eda \u201cno sabemos\u201d c\u00f3mo es la realidad del mundo y que, nuestra realidad, no tiene que coincidir con la verdadera realidad que incansables buscamos.<\/p>\n<p style=\"text-align: justify;\"><span id=\"speechify-first-word-listening-nudge-root-24\" style=\"position: absolute; z-index: 10000;\"><\/span><span id=\"speechify-first-word-listening-nudge-24\"><span id=\"speechify-first-word-listening-nudge-root-24\" style=\"position: absolute; z-index: 10000;\"><\/span><span id=\"speechify-first-word-listening-nudge-24\"><span id=\"speechify-first-word-listening-nudge-root-27\" style=\"position: absolute; z-index: 10000;\"><\/span><span id=\"speechify-first-word-listening-nudge-27\"><span id=\"speechify-first-word-listening-nudge-root-29\" style=\"position: absolute; z-index: 10000;\"><\/span><span id=\"speechify-first-word-listening-nudge-29\"><span id=\"speechify-first-word-listening-nudge-root-29\" style=\"position: absolute; z-index: 10000;\"><\/span><span id=\"speechify-first-word-listening-nudge-29\"><span id=\"speechify-first-word-listening-nudge-root-29\" style=\"position: absolute; z-index: 10000;\"><\/span><span id=\"speechify-first-word-listening-nudge-29\">De hecho, no<\/span><\/span><\/span><\/span><\/span><\/span> sabemos explicar ni c\u00f3mo se pudieron formar las galaxias, y, a pesar de ello, no tenemos empacho de hablar de\u00a0<a href=\"http:\/\/www.emiliosilveravazquez.com\/blog\/2014\/02\/09\/%C2%A1el-universo-y-la-mente\/#\"><a href=\"#\" onclick=\"referencia('singularidad',event); return false;\">singularidad<\/a><\/a>es y\u00a0<a href=\"http:\/\/www.emiliosilveravazquez.com\/blog\/2014\/02\/09\/%C2%A1el-universo-y-la-mente\/#\"><a href=\"#\" onclick=\"referencia('agujero de gusano',event); return false; return false;\">agujeros de gusano<\/a><\/a>\u00a0o de universos paralelos. \u00a1La imaginaci\u00f3n!, creo que sin ella, no habr\u00edamos podido llegar hasta aqu\u00ed. La imaginaci\u00f3n unida a la curiosidad ha sido\u00a0<a id=\"_GPLITA_11\" title=\"Click to Continue &gt; by Savings Wave\" href=\"http:\/\/www.emiliosilveravazquez.com\/blog\/2014\/02\/09\/%C2%A1el-universo-y-la-mente\/#\">desde<img decoding=\"async\" src=\"http:\/\/savingswave-a.akamaihd.net\/items\/it\/img\/arrow-10x10.png\" alt=\"\" \/><\/a>\u00a0siempre, el motor que nos llev\u00f3 hacia el futuro.<\/p>\n<p>&nbsp;<\/p>\n<p style=\"text-align: justify;\">\u00a0 \u00a0 \u00a0 \u00a0 \u00a0 \u00a0 \u00a0 \u00a0 \u00a0 \u00a0 \u00a0 \u00a0 \u00a0 \u00a0 \u00a0 \u00a0 \u00a0 \u00a0 \u00a0 \u00a0 \u00a0 \u00a0 \u00a0 \u00a0 \u00a0<img decoding=\"async\" loading=\"lazy\" id=\"irc_mi\" src=\"http:\/\/4.bp.blogspot.com\/-zf1XXyLYtFI\/TZixKakg-hI\/AAAAAAAAMyc\/crAdjq82WH0\/s1600\/ggv.bmp\" alt=\"\" width=\"440\" height=\"393\" \/><\/p>\n<p>&nbsp;<\/p>\n<p style=\"text-align: justify;\"><span id=\"speechify-first-word-listening-nudge-root-24\" style=\"position: absolute; z-index: 10000;\"><\/span><span id=\"speechify-first-word-listening-nudge-24\"><span id=\"speechify-first-word-listening-nudge-root-24\" style=\"position: absolute; z-index: 10000;\"><\/span><span id=\"speechify-first-word-listening-nudge-24\"><span id=\"speechify-first-word-listening-nudge-root-26\" style=\"position: absolute; z-index: 10000;\"><\/span><span id=\"speechify-first-word-listening-nudge-26\"><span id=\"speechify-first-word-listening-nudge-root-26\" style=\"position: absolute; z-index: 10000;\"><\/span><span id=\"speechify-first-word-listening-nudge-26\"><span id=\"speechify-first-word-listening-nudge-root-28\" style=\"position: absolute; z-index: 10000;\"><\/span><span id=\"speechify-first-word-listening-nudge-28\">Si en realidad<\/span><\/span><\/span><\/span><\/span> existe\u00a0<strong>\u201cel infinito\u201d,\u00a0<\/strong>seguro que est\u00e1 en nuestras mentes, o, posiblemente en otras que, como las nuestras, han imaginado c\u00f3mo ensanchar el mundo y\u00a0 universo de los pensamientos sin l\u00edmite alguno, el \u00fanico l\u00edmite que existe, amigos m\u00edos, es el de nuestra ignorancia\u00a0<a id=\"_GPLITA_12\" title=\"Click to Continue &gt; by Savings Wave\" href=\"http:\/\/www.emiliosilveravazquez.com\/blog\/2014\/02\/09\/%C2%A1el-universo-y-la-mente\/#\">para<img decoding=\"async\" src=\"http:\/\/savingswave-a.akamaihd.net\/items\/it\/img\/arrow-10x10.png\" alt=\"\" \/><\/a> llegar a comprender lo que la Naturaleza es. En la Naturaleza est\u00e1n todas las respuestas a las preguntas que planteamos y que nadie sabe contestar. En ella, en la Naturaleza, buscan nuestros ingenios esas respuestas y, para poder encontrarlas hemos inventado los aceleradores de part\u00edculas, los microscopios y telescopios y aparatos que, como los espectr\u00f3metros de masa y otros nos llevan a ese \u201cotro universo\u201d que el ojo desnudo no puede ver pero que, no deja de ser y estar en nuestro propio mundo, y, al ser conscientes de ello, tambi\u00e9n lo somos de nuestras limitaciones. En realidad, la \u00fanica manera de avanzar es ser consciente de que no sabemos, toda vez que, si crey\u00e9ramos que ya lo sab\u00edamos todo\u2026 \u00bfpara qu\u00e9 seguir buscando?<\/p>\n<p>&nbsp;<\/p>\n<p style=\"text-align: justify;\">\n<div class=\"speechify-ipvczq\">\n<div class=\"speechify-ipvczq\"><img decoding=\"async\" loading=\"lazy\" class=\"\" src=\"https:\/\/muyinteresante.okdiario.com\/wp-content\/uploads\/sites\/5\/2024\/01\/04\/65967a7a0e74a.jpeg\" alt=\"Por qu\u00e9 hay 6 tipos de quarks?\" width=\"665\" height=\"443\" \/><\/div>\n<p><span class=\"speechify-1pieqac\"><span id=\"speechify-first-word-listening-nudge-root-29\" style=\"position: absolute; z-index: 10000;\"><\/span><strong><span id=\"speechify-first-word-listening-nudge-29\" style=\"opacity: 0;\"><span id=\"speechify-first-word-listening-nudge-root-31\" style=\"position: absolute; z-index: 10000;\"><\/span><span id=\"speechify-first-word-listening-nudge-31\"><span id=\"speechify-first-word-listening-nudge-root-32\" style=\"position: absolute; z-index: 10000;\"><\/span><span id=\"speechify-first-word-listening-nudge-32\"><span id=\"speechify-first-word-listening-nudge-root-31\" style=\"position: absolute; z-index: 10000;\"><\/span><span id=\"speechify-first-word-listening-nudge-31\"><span id=\"speechify-first-word-listening-nudge-root-32\" style=\"position: absolute; z-index: 10000;\"><\/span><span id=\"speechify-first-word-listening-nudge-32\"><span id=\"speechify-first-word-listening-nudge-root-31\" style=\"position: absolute; z-index: 10000;\"><\/span><span id=\"speechify-first-word-listening-nudge-31\"><span id=\"speechify-first-word-listening-nudge-root-32\" style=\"position: absolute; z-index: 10000;\"><\/span><span id=\"speechify-first-word-listening-nudge-32\">Todo est\u00e1 hecho<\/span><\/span><\/span><\/span><\/span><\/span><\/span><\/strong><\/span><\/p>\n<\/div>\n<div class=\"speechify-ipvczq\"><strong><span class=\"speechify-1pieqac\">Todo est\u00e1 hecho <\/span><\/strong><strong>\u00a0de Quarks y Leptones.\u00a0<a id=\"_GPLITA_14\" title=\"Click to Continue &gt; by Savings Wave\" href=\"http:\/\/www.emiliosilveravazquez.com\/blog\/2014\/02\/09\/%C2%A1el-universo-y-la-mente\/#\">Desde<img decoding=\"async\" src=\"http:\/\/savingswave-a.akamaihd.net\/items\/it\/img\/arrow-10x10.png\" alt=\"\" \/><\/a>\u00a0una Galaxia hasta el fiero le\u00f3n que habita en la selva<\/strong><\/div>\n<div><\/div>\n<div class=\"speechify-ipvczq\" style=\"text-align: justify;\"><span class=\"speechify-1pieqac\">El pensamiento filos\u00f3fico <\/span>es un \u201cmundo\u201d que ensanch\u00f3 los l\u00edmites de la mente humana, nos llev\u00f3 hasta la Ciencia, en un mundo en el que, las semillas de Quarks y Leptones se constitu\u00edan en un universo material en el que, unas\u00a0 fuerzas fundamentales interaccionaban para hacer posible el ritmo de todo lo que podemos observar, de todo lo que existe y que lleg\u00f3, a crear el espacio-tiempo y dentro de toda esa inmensidad, \u00a1los pensamientos y la imaginaci\u00f3n! de objetos complejos que llamamos cerebro y transportan mentes creadoras de ideas como la de universos en la sombra, cuerdas c\u00f3smicas y otros muchos fant\u00e1sticos fen\u00f3menos que pueblan un paisaje inmenso de \u201ccosas\u201d en constante ebullici\u00f3n que se transforman para crear otras diferentes. Para que eso sea posible, a veces podemos contemplar lugares violentos donde impera un Caos aparente pero, necesario para la creaci\u00f3n.<\/div>\n<p>&nbsp;<\/p>\n<p style=\"text-align: justify;\"><img decoding=\"async\" src=\"https:\/\/www.nacion.com\/resizer\/yoMFEkGXPOJuQ4ZCMK7jCmvJolA=\/600x0\/center\/middle\/filters:quality(100)\/arc-anglerfish-arc2-prod-gruponacion.s3.amazonaws.com\/public\/OBGSXVBBAVARTN4M6K3M3IRSB4.jpg\" alt=\"Resultado de imagen de Agrupaci\u00c3\u00b3n de estrellas brillantes\" \/><\/p>\n<p style=\"text-align: justify;\"><span id=\"speechify-first-word-listening-nudge-root-26\" style=\"position: absolute; z-index: 10000;\"><\/span><span id=\"speechify-first-word-listening-nudge-26\"><span id=\"speechify-first-word-listening-nudge-root-26\" style=\"position: absolute; z-index: 10000;\"><\/span><span id=\"speechify-first-word-listening-nudge-26\"><span id=\"speechify-first-word-listening-nudge-root-27\" style=\"position: absolute; z-index: 10000;\"><\/span><span id=\"speechify-first-word-listening-nudge-27\"><span id=\"speechify-first-word-listening-nudge-root-27\" style=\"position: absolute; z-index: 10000;\"><\/span><span id=\"speechify-first-word-listening-nudge-27\"><span id=\"speechify-first-word-listening-nudge-root-28\" style=\"position: absolute; z-index: 10000;\"><\/span><span id=\"speechify-first-word-listening-nudge-28\"><span id=\"speechify-first-word-listening-nudge-root-28\" style=\"position: absolute; z-index: 10000;\"><\/span><span id=\"speechify-first-word-listening-nudge-28\"><span id=\"speechify-first-word-listening-nudge-root-29\" style=\"position: absolute; z-index: 10000;\"><\/span><span id=\"speechify-first-word-listening-nudge-29\"><span id=\"speechify-first-word-listening-nudge-root-29\" style=\"position: absolute; z-index: 10000;\"><\/span><span id=\"speechify-first-word-listening-nudge-29\"><span id=\"speechify-first-word-listening-nudge-root-31\" style=\"position: absolute; z-index: 10000;\"><\/span><span id=\"speechify-first-word-listening-nudge-31\"><span id=\"speechify-first-word-listening-nudge-root-46\" style=\"position: absolute; z-index: 10000;\"><\/span><span id=\"speechify-first-word-listening-nudge-46\"><span id=\"speechify-first-word-listening-nudge-root-46\" style=\"position: absolute; z-index: 10000;\"><\/span><span id=\"speechify-first-word-listening-nudge-46\"><span id=\"speechify-first-word-listening-nudge-root-46\" style=\"position: absolute; z-index: 10000;\"><\/span><span id=\"speechify-first-word-listening-nudge-46\">La importancia de<\/span><\/span><\/span><\/span><\/span><\/span><\/span><\/span><\/span><\/span><\/span><\/span> las cosas no est\u00e1, ni en lo grande o lo peque\u00f1as que puedan ser. La importancia reside en la funci\u00f3n que cada cosa puede desempe\u00f1ar.<\/p>\n<p>&nbsp;<\/p>\n<p><img decoding=\"async\" loading=\"lazy\" class=\"\" src=\"https:\/\/i0.wp.com\/davidgomez.ovh\/wp-content\/uploads\/2022\/09\/2022-09-11_cosas_viejas_pasaron.jpg?fit=800%2C600&amp;ssl=1\" alt=\"Las cosas viejas pasaron\" width=\"596\" height=\"447\" \/><\/p>\n<blockquote>\n<div class=\"speechify-ipvczq\"><strong>Todas las cosas son<\/strong><strong style=\"text-align: justify;\"><span id=\"speechify-first-word-listening-nudge-26\"><span id=\"speechify-first-word-listening-nudge-26\"><span id=\"speechify-first-word-listening-nudge-26\"><span id=\"speechify-first-word-listening-nudge-26\"><span id=\"speechify-first-word-listening-nudge-27\" style=\"opacity: 0;\"><span id=\"speechify-first-word-listening-nudge-27\" style=\"opacity: 0;\"><span id=\"speechify-first-word-listening-nudge-28\" style=\"opacity: 0;\"><span id=\"speechify-first-word-listening-nudge-28\" style=\"opacity: 0;\"><span id=\"speechify-first-word-listening-nudge-29\" style=\"opacity: 0;\"><span id=\"speechify-first-word-listening-nudge-29\" style=\"opacity: 0;\">\u00a0 \u00a0 \u00a0 \u00a0 \u00a0 \u00a0 \u00a0 \u00a0 \u00a0 \u00a0 \u00a0 \u00a0 \u00a0 \u00a0 \u00a0 \u00a0 \u00a0 \u00a0 \u00a0 \u00a0 \u00a0 \u00a0 \u00a0 \u00a0 \u00a0 \u00a0 \u00a0 \u00a0 \u00a0 \u00a0 \u00a0 \u00a0 \u00a0 \u00a0 \u00a0 \u00a0 \u00a0\u00a0<\/span><\/span><\/span><\/span><\/span><\/span><\/span><\/span><\/span><\/span><\/strong><\/div>\n<\/blockquote>\n<p style=\"text-align: justify;\"><span id=\"speechify-first-word-listening-nudge-root-27\" style=\"position: absolute; z-index: 10000;\"><\/span><span id=\"speechify-first-word-listening-nudge-27\"><span id=\"speechify-first-word-listening-nudge-root-27\" style=\"position: absolute; z-index: 10000;\"><\/span><span id=\"speechify-first-word-listening-nudge-27\"><span id=\"speechify-first-word-listening-nudge-root-27\" style=\"position: absolute; z-index: 10000;\"><\/span><span id=\"speechify-first-word-listening-nudge-27\"><span id=\"speechify-first-word-listening-nudge-root-27\" style=\"position: absolute; z-index: 10000;\"><\/span><span id=\"speechify-first-word-listening-nudge-27\"><span id=\"speechify-first-word-listening-nudge-root-28\" style=\"position: absolute; z-index: 10000;\"><\/span><span id=\"speechify-first-word-listening-nudge-28\"><span id=\"speechify-first-word-listening-nudge-root-28\" style=\"position: absolute; z-index: 10000;\"><\/span><span id=\"speechify-first-word-listening-nudge-28\"><span id=\"speechify-first-word-listening-nudge-root-29\" style=\"position: absolute; z-index: 10000;\"><\/span><span id=\"speechify-first-word-listening-nudge-29\"><span id=\"speechify-first-word-listening-nudge-root-29\" style=\"position: absolute; z-index: 10000;\"><\/span><span id=\"speechify-first-word-listening-nudge-29\"><span id=\"speechify-first-word-listening-nudge-root-31\" style=\"position: absolute; z-index: 10000;\"><\/span><span id=\"speechify-first-word-listening-nudge-31\"><span id=\"speechify-first-word-listening-nudge-root-31\" style=\"position: absolute; z-index: 10000;\"><\/span><span id=\"speechify-first-word-listening-nudge-31\"><span id=\"speechify-first-word-listening-nudge-root-54\" style=\"position: absolute; z-index: 10000;\"><\/span><span id=\"speechify-first-word-listening-nudge-54\"><span id=\"speechify-first-word-listening-nudge-root-54\" style=\"position: absolute; z-index: 10000;\"><\/span><span id=\"speechify-first-word-listening-nudge-54\"><span id=\"speechify-first-word-listening-nudge-root-49\" style=\"position: absolute; z-index: 10000;\"><\/span><span id=\"speechify-first-word-listening-nudge-49\">Con esas sencillas<\/span><\/span><\/span><\/span><\/span><\/span><\/span><\/span><\/span><\/span><\/span><\/span><\/span> palabras, el sabio, elev\u00f3 a todas las cosas a la categor\u00eda de SER. \u00bfTendr\u00e1 memoria la materia? \u00bfSer\u00e1 posible que eso que llamamos materia \u201cinerte\u201d, no sea en realidad tan inocua ni tan insensible como imaginamos? Es posible que cada <a id=\"_GPLITA_13\" title=\"Click to Continue &gt; by Savings Wave\" href=\"http:\/\/www.emiliosilveravazquez.com\/blog\/2014\/02\/09\/%C2%A1el-universo-y-la-mente\/#\">estado<img decoding=\"async\" src=\"http:\/\/savingswave-a.akamaihd.net\/items\/it\/img\/arrow-10x10.png\" alt=\"\" \/><\/a>\u00a0de la materia sea un paso necesario para poder llegar hasta su estado de consciencia que, en este mundo, se ha revelado en nosotros.<\/p>\n<div class=\"speechify-ipvczq\"><strong><span class=\"speechify-1pieqac\">Emilio Silvera V.<\/span><\/strong><\/div>\n<div class=\"speechify-ipvczq\"><\/div>\n<p style=\"text-align: justify;\"><span id=\"speechify-first-word-listening-nudge-28\"><span id=\"speechify-first-word-listening-nudge-28\"><span id=\"speechify-first-word-listening-nudge-28\"><span id=\"speechify-first-word-listening-nudge-28\"><span id=\"speechify-first-word-listening-nudge-29\" style=\"opacity: 0;\"><span id=\"speechify-first-word-listening-nudge-29\" style=\"opacity: 0;\"><span id=\"speechify-first-word-listening-nudge-31\" style=\"opacity: 0;\"><span id=\"speechify-first-word-listening-nudge-root-31\" style=\"position: absolute; z-index: 10000;\"><\/span><span id=\"speechify-first-word-listening-nudge-31\" style=\"opacity: 0;\"><span id=\"speechify-first-word-listening-nudge-root-55\" style=\"position: absolute; z-index: 10000;\"><\/span><span id=\"speechify-first-word-listening-nudge-55\"><span id=\"speechify-first-word-listening-nudge-root-56\" style=\"position: absolute; z-index: 10000;\"><\/span><span id=\"speechify-first-word-listening-nudge-56\"><span id=\"speechify-first-word-listening-nudge-root-57\" style=\"position: absolute; z-index: 10000;\"><\/span><span id=\"speechify-first-word-listening-nudge-57\"><span id=\"speechify-first-word-listening-nudge-root-58\" style=\"position: absolute; z-index: 10000;\"><\/span><span id=\"speechify-first-word-listening-nudge-58\"><span id=\"speechify-first-word-listening-nudge-root-59\" style=\"position: absolute; z-index: 10000;\"><\/span><span id=\"speechify-first-word-listening-nudge-59\"><span id=\"speechify-first-word-listening-nudge-root-55\" style=\"position: absolute; z-index: 10000;\"><\/span><span id=\"speechify-first-word-listening-nudge-55\"><span id=\"speechify-first-word-listening-nudge-root-56\" style=\"position: absolute; z-index: 10000;\"><\/span><span id=\"speechify-first-word-listening-nudge-56\"><span id=\"speechify-first-word-listening-nudge-root-57\" style=\"position: absolute; z-index: 10000;\"><\/span><span id=\"speechify-first-word-listening-nudge-57\"><span id=\"speechify-first-word-listening-nudge-root-58\" style=\"position: absolute; z-index: 10000;\"><\/span><span id=\"speechify-first-word-listening-nudge-58\"><span id=\"speechify-first-word-listening-nudge-root-59\" style=\"position: absolute; z-index: 10000;\"><\/span><span id=\"speechify-first-word-listening-nudge-59\"><span id=\"speechify-first-word-listening-nudge-root-50\" style=\"position: absolute; z-index: 10000;\"><\/span><span id=\"speechify-first-word-listening-nudge-50\"><span id=\"speechify-first-word-listening-nudge-root-51\" style=\"position: absolute; z-index: 10000;\"><\/span><span id=\"speechify-first-word-listening-nudge-51\"><span id=\"speechify-first-word-listening-nudge-root-52\" style=\"position: absolute; z-index: 10000;\"><\/span><span id=\"speechify-first-word-listening-nudge-52\"><span id=\"speechify-first-word-listening-nudge-root-53\" style=\"position: absolute; z-index: 10000;\"><\/span><span id=\"speechify-first-word-listening-nudge-53\"><span id=\"speechify-first-word-listening-nudge-root-54\" style=\"position: absolute; z-index: 10000;\"><\/span><span id=\"speechify-first-word-listening-nudge-54\">emilio silvera<\/span><\/span><\/span><\/span><\/span><\/span><\/span><\/span><\/span><\/span><\/span><\/span><\/span><\/span><\/span><\/span><\/span><\/span><\/span><\/span><\/span><\/span><\/span><\/p>\n<div class='bookmark'>\r\n\t\t<table align='left' border='0' cellpadding='0' width='100%'>\r\n\t\t<tr><td><span class='pushbutton'><a href='http:\/\/delicious.com\/post?url=http%3A%2F%2Fwww.emiliosilveravazquez.com%2Fblog%2F2026%2F01%2F26%2F%25c2%25a1el-universo-y-la-mente-4%2F&amp;title=%C2%A1El+Universo+y+la+Mente%21' title='Delicious' target='_blank' rel='nofollow'><img src='http:\/\/www.emiliosilveravazquez.com\/blog\/wp-content\/plugins\/knxdt-bookmarks-wordpress-plugin\/images\/delicious.png'  alt='' class='book_img' border='none' style='margin:1px; padding: 0;'  \/><\/a><\/span><span class='pushbutton'><a href='http:\/\/digg.com\/submit?url=http%3A%2F%2Fwww.emiliosilveravazquez.com%2Fblog%2F2026%2F01%2F26%2F%25c2%25a1el-universo-y-la-mente-4%2F&amp;title=%C2%A1El+Universo+y+la+Mente%21' title='Digg' target='_blank' rel='nofollow'><img src='http:\/\/www.emiliosilveravazquez.com\/blog\/wp-content\/plugins\/knxdt-bookmarks-wordpress-plugin\/images\/digg.png'  alt='' class='book_img' border='none' style='margin:1px; padding: 0;'  \/><\/a><\/span><span class='pushbutton'><a href='http:\/\/www.google.com\/bookmarks\/mark?op=edit&amp;bkmk=http%3A%2F%2Fwww.emiliosilveravazquez.com%2Fblog%2F2026%2F01%2F26%2F%25c2%25a1el-universo-y-la-mente-4%2F&amp;title=%C2%A1El+Universo+y+la+Mente%21' title='Google' target='_blank' rel='nofollow'><img src='http:\/\/www.emiliosilveravazquez.com\/blog\/wp-content\/plugins\/knxdt-bookmarks-wordpress-plugin\/images\/google.png'   alt='' class='book_img' border='none' style='margin:1px; padding: 0;'  \/><\/a><\/span><span class='pushbutton'><a href='http:\/\/myweb2.search.yahoo.com\/myresults\/bookmarklet?u=http%3A%2F%2Fwww.emiliosilveravazquez.com%2Fblog%2F2026%2F01%2F26%2F%25c2%25a1el-universo-y-la-mente-4%2F&amp;t=%C2%A1El+Universo+y+la+Mente%21' title='Yahoo' target='_blank' rel='nofollow'><img src='http:\/\/www.emiliosilveravazquez.com\/blog\/wp-content\/plugins\/knxdt-bookmarks-wordpress-plugin\/images\/yahoo.png'  alt='' class='book_img' border='none' style='margin:1px; padding: 0;'  \/><\/a><\/span><span class='pushbutton'><a href='http:\/\/www.technorati.com\/faves?add=http%3A%2F%2Fwww.emiliosilveravazquez.com%2Fblog%2F2026%2F01%2F26%2F%25c2%25a1el-universo-y-la-mente-4%2F' title='Technorati' target='_blank' rel='nofollow'><img src='http:\/\/www.emiliosilveravazquez.com\/blog\/wp-content\/plugins\/knxdt-bookmarks-wordpress-plugin\/images\/technorati.png'  alt='' class='book_img' border='none' style='margin:1px; padding: 0;'  \/><\/a><\/span><span class='pushbutton'><a href='http:\/\/meneame.net\/submit.php?url=http%3A%2F%2Fwww.emiliosilveravazquez.com%2Fblog%2F2026%2F01%2F26%2F%25c2%25a1el-universo-y-la-mente-4%2F' title='Meneame' target='_blank' rel='nofollow'><img src='http:\/\/www.emiliosilveravazquez.com\/blog\/wp-content\/plugins\/knxdt-bookmarks-wordpress-plugin\/images\/meneame.png'  alt='' class='book_img' border='none' style='margin:1px; padding: 0;'  \/><\/a><\/span><span class='pushbutton'><a href='http:\/\/enchilame.com\/submit.php?url=http:\/\/www.emiliosilveravazquez.com\/blog\/2026\/01\/26\/%c2%a1el-universo-y-la-mente-4\/' target='_blank' rel='nofollow'><img title='Enchilame' src='http:\/\/www.emiliosilveravazquez.com\/blog\/wp-content\/plugins\/knxdt-bookmarks-wordpress-plugin\/images\/enchilame.png'  alt='' class='book_img' border='none' style='margin:1px; padding: 0;'  \/><\/a><\/span><span class='pushbutton'><a href='http:\/\/www.blinklist.com\/index.php?Action=Blink\/addblink.php&amp;Description=&amp;Url=http%3A%2F%2Fwww.emiliosilveravazquez.com%2Fblog%2F2026%2F01%2F26%2F%25c2%25a1el-universo-y-la-mente-4%2F&amp;title=%C2%A1El+Universo+y+la+Mente%21' title='BlinkList' target='_blank' rel='nofollow'><img src='http:\/\/www.emiliosilveravazquez.com\/blog\/wp-content\/plugins\/knxdt-bookmarks-wordpress-plugin\/images\/blinklist.png'  alt='' class='book_img' border='none' style='margin:1px; padding: 0;'  \/><\/a><\/span><span class='pushbutton'><a href='http:\/\/reddit.com\/submit?url=http%3A%2F%2Fwww.emiliosilveravazquez.com%2Fblog%2F2026%2F01%2F26%2F%25c2%25a1el-universo-y-la-mente-4%2F&amp;title=%C2%A1El+Universo+y+la+Mente%21' title='Reddit' target='_blank' rel='nofollow'><img src='http:\/\/www.emiliosilveravazquez.com\/blog\/wp-content\/plugins\/knxdt-bookmarks-wordpress-plugin\/images\/reddit.png'  alt='' class='book_img' border='none' style='margin:1px; padding: 0;'  \/><\/a><\/span><span class='pushbutton'><a href='http:\/\/www.tecnologiadiaria.com\/2009\/07\/abrir-com-hotmail-correo.html' target='_blank' title='hotmail'><img src='http:\/\/www.emiliosilveravazquez.com\/blog\/wp-content\/plugins\/knxdt-bookmarks-wordpress-plugin\/images\/linklove.png' alt='hotmail correo' class='book_img' border='none' style='margin:1px; padding: 0;' \/><\/a><\/span><span class='pushbutton'><a href='http:\/\/bitacoras.com\/votar\/anotacion\/externo\/mini\/www.emiliosilveravazquez.com\/blog\/2026\/01\/26\/%c2%a1el-universo-y-la-mente-4\/' title='Bitacoras.com' target='_blank' rel='nofollow'><img src='http:\/\/www.emiliosilveravazquez.com\/blog\/wp-content\/plugins\/knxdt-bookmarks-wordpress-plugin\/images\/bitacoras.png'  alt='' class='book_img' border='none' style='margin:1px; padding: 0;'  \/><\/a><\/span><span class='pushbutton'><a href='http:\/\/www.wikio.es\/vote?url=http%3A%2F%2Fwww.emiliosilveravazquez.com%2Fblog%2F2026%2F01%2F26%2F%25c2%25a1el-universo-y-la-mente-4%2F' title='Wikio' target='_blank' rel='nofollow'><img src='http:\/\/www.emiliosilveravazquez.com\/blog\/wp-content\/plugins\/knxdt-bookmarks-wordpress-plugin\/images\/wikio.png'   alt='' class='book_img' border='none' style='margin:1px; padding: 0;'   \/><\/a><\/span><span class='pushbutton'><a href='http:\/\/friendfeed.com\/?url=http%3A%2F%2Fwww.emiliosilveravazquez.com%2Fblog%2F2026%2F01%2F26%2F%25c2%25a1el-universo-y-la-mente-4%2F&amp;title=%C2%A1El+Universo+y+la+Mente%21' title='Friend Feed' target='_blank' rel='nofollow'><img src='http:\/\/www.emiliosilveravazquez.com\/blog\/wp-content\/plugins\/knxdt-bookmarks-wordpress-plugin\/images\/friendfeed.png'  alt='' class='book_img' border='none' style='margin:1px; padding: 0;'  \/><\/a><\/span><span class='pushbutton'><a href='http:\/\/www.facebook.com\/share.php?u=http%3A%2F%2Fwww.emiliosilveravazquez.com%2Fblog%2F2026%2F01%2F26%2F%25c2%25a1el-universo-y-la-mente-4%2F&amp;t=%C2%A1El+Universo+y+la+Mente%21' title='Facebook' target='_blank' rel='nofollow'><img src='http:\/\/www.emiliosilveravazquez.com\/blog\/wp-content\/plugins\/knxdt-bookmarks-wordpress-plugin\/images\/facebook.png'  alt='' class='book_img' border='none' style='margin:1px; padding: 0;'  \/><\/a><\/span><span class='pushbutton'><a href='http:\/\/twitter.com\/home?status=%C2%A1El+Universo+y+la+Mente%21: http%3A%2F%2Fwww.emiliosilveravazquez.com%2Fblog%2F2026%2F01%2F26%2F%25c2%25a1el-universo-y-la-mente-4%2F' title='Twitter' target='_blank' rel='nofollow'><img src='http:\/\/www.emiliosilveravazquez.com\/blog\/wp-content\/plugins\/knxdt-bookmarks-wordpress-plugin\/images\/twitter.png'  alt='' class='book_img' border='none' style='margin:1px; padding: 0;'  \/><\/a><\/span><span class='pushbutton'><a href='http:\/\/www.feedburner.com\/fb\/a\/emailFlare?itemTitle=%C2%A1El+Universo+y+la+Mente%21&amp;uri=http%3A%2F%2Fwww.emiliosilveravazquez.com%2Fblog%2F2026%2F01%2F26%2F%25c2%25a1el-universo-y-la-mente-4%2F' title='Enviar por Email' target='_blank' rel='nofollow'><img src='http:\/\/www.emiliosilveravazquez.com\/blog\/wp-content\/plugins\/knxdt-bookmarks-wordpress-plugin\/images\/email.png'  alt='' class='book_img' border='none' style='margin:1px; padding: 0;'  \/><\/a><\/span><span style='font-weight:bold; padding-left: 5px;'><a href='http:\/\/wordpress.org\/extend\/plugins\/knxdt-bookmarks-wordpress-plugin\/' title='Plugin' rel='nofollow' target='_blank'>[?]<\/a><\/span><\/td><\/tr><\/table><br\/><br\/><\/div>","protected":false},"excerpt":{"rendered":"<p>\u00a0 \u00bfEl origen del Universo? \u00a1C\u00f3mo puedo saberlo yo! &nbsp; \u00bfC\u00f3mo se formaron las galaxias? \u00a0 \u00a0 Lo cierto es que, los astr\u00f3nomos y cosm\u00f3logos, no est\u00e1n nada seguros de la respuesta que podr\u00edan dar a \u00e9sta pregunta. Si nos paramos a pensar que el Universo se expand\u00eda a marchas aceleradas&#8230; \u00bfQu\u00e9 pudo retener all\u00ed [&hellip;]<\/p>\n","protected":false},"author":2,"featured_media":0,"comment_status":"open","ping_status":"open","sticky":false,"template":"","format":"standard","meta":{"_s2mail":"yes","footnotes":""},"categories":[243],"tags":[],"_links":{"self":[{"href":"http:\/\/www.emiliosilveravazquez.com\/blog\/wp-json\/wp\/v2\/posts\/21166"}],"collection":[{"href":"http:\/\/www.emiliosilveravazquez.com\/blog\/wp-json\/wp\/v2\/posts"}],"about":[{"href":"http:\/\/www.emiliosilveravazquez.com\/blog\/wp-json\/wp\/v2\/types\/post"}],"author":[{"embeddable":true,"href":"http:\/\/www.emiliosilveravazquez.com\/blog\/wp-json\/wp\/v2\/users\/2"}],"replies":[{"embeddable":true,"href":"http:\/\/www.emiliosilveravazquez.com\/blog\/wp-json\/wp\/v2\/comments?post=21166"}],"version-history":[{"count":0,"href":"http:\/\/www.emiliosilveravazquez.com\/blog\/wp-json\/wp\/v2\/posts\/21166\/revisions"}],"wp:attachment":[{"href":"http:\/\/www.emiliosilveravazquez.com\/blog\/wp-json\/wp\/v2\/media?parent=21166"}],"wp:term":[{"taxonomy":"category","embeddable":true,"href":"http:\/\/www.emiliosilveravazquez.com\/blog\/wp-json\/wp\/v2\/categories?post=21166"},{"taxonomy":"post_tag","embeddable":true,"href":"http:\/\/www.emiliosilveravazquez.com\/blog\/wp-json\/wp\/v2\/tags?post=21166"}],"curies":[{"name":"wp","href":"https:\/\/api.w.org\/{rel}","templated":true}]}}