{"id":21098,"date":"2018-05-17T08:27:22","date_gmt":"2018-05-17T07:27:22","guid":{"rendered":"http:\/\/www.emiliosilveravazquez.com\/blog\/?p=21098"},"modified":"2018-05-17T08:27:22","modified_gmt":"2018-05-17T07:27:22","slug":"hoy-dia-de-internet","status":"publish","type":"post","link":"http:\/\/www.emiliosilveravazquez.com\/blog\/2018\/05\/17\/hoy-dia-de-internet\/","title":{"rendered":"Hoy d\u00eda de Internet"},"content":{"rendered":"<p><img decoding=\"async\" loading=\"lazy\" src=\"https:\/\/upload.wikimedia.org\/wikipedia\/commons\/thumb\/d\/d2\/Internet_map_1024.jpg\/800px-Internet_map_1024.jpg\" alt=\"Internet map 1024.jpg\" width=\"387\" height=\"387\" \/><\/p>\n<p>&nbsp;<\/p>\n<p>Mapa parcial de Internet basado en la informaci\u00f3n obtenida del sitio opte.org en 2005. Cada l\u00ednea entre dos nodos representa el enlace entre dos direcciones IP y su longitud es proporcional al retardo entre estos.<\/p>\n<p>&nbsp;<\/p>\n<blockquote>\n<p style=\"text-align: justify;\">&#8220;El <strong>D\u00eda de Internet<\/strong> es una efem\u00e9ride que se celebra en <a title=\"M\u00e9xico\" href=\"https:\/\/es.wikipedia.org\/wiki\/M%C3%A9xico\">M\u00e9xico<\/a>, <a title=\"Per\u00fa\" href=\"https:\/\/es.wikipedia.org\/wiki\/Per%C3%BA\">Per\u00fa<\/a>, <a title=\"Chile\" href=\"https:\/\/es.wikipedia.org\/wiki\/Chile\">Chile<\/a>, <a title=\"Paraguay\" href=\"https:\/\/es.wikipedia.org\/wiki\/Paraguay\">Paraguay<\/a>, <a title=\"Argentina\" href=\"https:\/\/es.wikipedia.org\/wiki\/Argentina\">Argentina<\/a>, <a title=\"Espa\u00f1a\" href=\"https:\/\/es.wikipedia.org\/wiki\/Espa%C3%B1a\">Espa\u00f1a<\/a>, <a title=\"Colombia\" href=\"https:\/\/es.wikipedia.org\/wiki\/Colombia\">Colombia<\/a>, <a title=\"Uruguay\" href=\"https:\/\/es.wikipedia.org\/wiki\/Uruguay\">Uruguay<\/a>, <a title=\"Ecuador\" href=\"https:\/\/es.wikipedia.org\/wiki\/Ecuador\">Ecuador<\/a>, <a title=\"Bolivia\" href=\"https:\/\/es.wikipedia.org\/wiki\/Bolivia\">Bolivia<\/a>, <a title=\"Venezuela\" href=\"https:\/\/es.wikipedia.org\/wiki\/Venezuela\">Venezuela<\/a> y <a title=\"Rep\u00fablica Dominicana\" href=\"https:\/\/es.wikipedia.org\/wiki\/Rep%C3%BAblica_Dominicana\">Rep\u00fablica Dominicana<\/a> y en algunos otros lugares del mundo el <strong><a title=\"17 de mayo\" href=\"https:\/\/es.wikipedia.org\/wiki\/17_de_mayo\">17 de mayo<\/a><\/strong>, impulsada por la <a title=\"Asociaci\u00f3n de Usuarios de Internet\" href=\"https:\/\/es.wikipedia.org\/wiki\/Asociaci%C3%B3n_de_Usuarios_de_Internet\">Asociaci\u00f3n de Usuarios de Internet<\/a> y por la <a title=\"Internet Society\" href=\"https:\/\/es.wikipedia.org\/wiki\/Internet_Society\">Internet Society<\/a>, respectivamente. Se celebr\u00f3 por primera vez el 25 de octubre de 2005. Poco tiempo despu\u00e9s, la <a title=\"Cumbre de la Sociedad de la Informaci\u00f3n\" href=\"https:\/\/es.wikipedia.org\/wiki\/Cumbre_de_la_Sociedad_de_la_Informaci%C3%B3n\">Cumbre de la Sociedad de la Informaci\u00f3n<\/a> celebrada en <a title=\"T\u00fanez (ciudad)\" href=\"https:\/\/es.wikipedia.org\/wiki\/T%C3%BAnez_(ciudad)\">T\u00fanez<\/a> en noviembre de 2005, decidi\u00f3 proponer a la <a title=\"ONU\" href=\"https:\/\/es.wikipedia.org\/wiki\/ONU\">ONU<\/a> la designaci\u00f3n del 17 de mayo como el <em><a title=\"D\u00eda Mundial de la Sociedad de la Informaci\u00f3n\" href=\"https:\/\/es.wikipedia.org\/wiki\/D%C3%ADa_Mundial_de_la_Sociedad_de_la_Informaci%C3%B3n\">D\u00eda Mundial de la Sociedad de la Informaci\u00f3n<\/a><\/em>,<sup id=\"cite_ref-1\"><a href=\"https:\/\/es.wikipedia.org\/wiki\/D%C3%ADa_de_Internet#cite_note-1\">1<\/a><\/sup>\u200b por lo que se movi\u00f3 el denominado <strong>D\u00eda de Internet<\/strong> a dicha fecha.&#8221;<\/p>\n<p style=\"text-align: justify;\"><img decoding=\"async\" loading=\"lazy\" src=\"https:\/\/image.slidesharecdn.com\/presentacinusoeimportanciadelasaplicacionesqueofreceinternetparalaeducacin-100810161302-phpapp01\/95\/presentacin-uso-e-importancia-de-las-aplicaciones-que-ofrece-internet-para-la-educacin-4-728.jpg?cb=1281456824\" alt=\"Resultado de imagen de Internet ha venido a cambiar el Mundo\" width=\"471\" height=\"353\" \/><\/p>\n<p style=\"text-align: justify;\">Internet, como muchos de los aelantos que la ciencia realiza, ha sobrepsado las espectativas creadas cuando a\u00fan, estaba en sus comienzos. Hoy d\u00eda, est\u00e1 presente por todo el mundo y en todas partes y actividades, podemos decir sin temor a equivocarnos que vino para cambiar nuestras vidas.<\/p>\n<p style=\"text-align: justify;\"><img decoding=\"async\" loading=\"lazy\" src=\"https:\/\/storage.googleapis.com\/theobj-wp-media\/2017\/09\/que-ocurre-en-internet-cada-60-segundos.jpg\" alt=\"Imagen relacionada\" width=\"358\" height=\"353\" \/><\/p>\n<p style=\"text-align: justify;\">En el presente, Internet forma parte de nuestras vidas y, ni podemos imaginar que pasar\u00eda de de pronto, dejara de funcionar&#8230; \u00a1El Mundo quedar\u00eda paralizado! \u00bfNo es mucho el riego que estamos corriendo?<\/p>\n<p style=\"text-align: justify;\"><img decoding=\"async\" loading=\"lazy\" src=\"https:\/\/encrypted-tbn0.gstatic.com\/images?q=tbn:ANd9GcTBroljQNfupKeSTuoXEkDqObhKFmNo9hqyzGzcWdnZ1YxJ71TwYA\" alt=\"Resultado de imagen de Internet ha venido a cambiar el Mundo\" width=\"282\" height=\"353\" \/><\/p>\n<p style=\"text-align: justify;\">Cin esto me pasa como con los Robots, la inteligencia Artificial me produce escalofr\u00edos y, todo este entrsamadso de Internet&#8230; \u00a1Me da un poco de grima! Me hace pensdar que estamos en manos de todo este entramado que, sin que lo podamos evitar, no s\u00f3lo inciden en nuestras vidas sino que, la dirigen de alguna manera.<\/p>\n<p style=\"text-align: justify;\"><img decoding=\"async\" loading=\"lazy\" src=\"http:\/\/media.portalalemania.com\/uploads\/service\/avatar\/6\/thumb_article_big_MOVIL_TELEFONO_INTERNET_-_131102_-_shutterstock_120166351_-_SOCIEDAD_-_Servicio_-_MOVIL_TELEFONO_INTERNET.jpg\" alt=\"Resultado de imagen de Im\u00e1genes de lo que es Internet\" width=\"484\" height=\"295\" \/><img decoding=\"async\" loading=\"lazy\" src=\"http:\/\/www.digitaltrends.com\/wp-content\/uploads\/2012\/05\/Internet.jpg\" alt=\"Imagen relacionada\" width=\"484\" height=\"342\" \/><img decoding=\"async\" loading=\"lazy\" src=\"http:\/\/www.abc.es\/Media\/201404\/07\/internet--644x362.jpg\" alt=\"Imagen relacionada\" width=\"484\" height=\"272\" \/><img decoding=\"async\" loading=\"lazy\" src=\"http:\/\/www.diariodepalenque.com.mx\/wp-content\/uploads\/2017\/11\/gobiernos-del-mundo-dan-menos-libertad-internet.jpg\" alt=\"Imagen relacionada\" width=\"484\" height=\"258\" \/><img decoding=\"async\" loading=\"lazy\" src=\"https:\/\/as01.epimg.net\/betech\/imagenes\/2018\/02\/27\/portada\/1519723458_873061_1519723787_noticia_normal.jpg\" alt=\"Imagen relacionada\" width=\"484\" height=\"272\" \/><img decoding=\"async\" loading=\"lazy\" src=\"https:\/\/bbvaopen4u.com\/sites\/default\/files\/img\/new\/bbva-open4u-internet-cosas-codigo-abierto-plataformas-aplicaciones-para-desarrolladores.jpg\" alt=\"Imagen relacionada\" width=\"441\" height=\"353\" \/><img decoding=\"async\" loading=\"lazy\" src=\"https:\/\/image.shutterstock.com\/z\/stock-photo-intenet-phone-in-network-room-413536774.jpg\" alt=\"Imagen relacionada\" width=\"480\" height=\"353\" \/><img decoding=\"async\" loading=\"lazy\" src=\"https:\/\/img.elcomercio.pe\/files\/article_content_ec_fotos\/uploads\/2017\/10\/14\/59e22412787da.jpeg\" alt=\"Resultado de imagen de Im\u00e1genes de lo que es Internet\" width=\"484\" height=\"278\" \/><img decoding=\"async\" loading=\"lazy\" src=\"http:\/\/image.vietnamnews.vn\/\/uploadvnnews\/Article\/2017\/1\/13\/aag236483426PM.png\" alt=\"Imagen relacionada\" width=\"484\" height=\"323\" \/><\/p>\n<p style=\"text-align: justify;\">\u00a0\u00a0\u00a0\u00a0\u00a0\u00a0\u00a0\u00a0\u00a0\u00a0\u00a0\u00a0\u00a0\u00a0\u00a0\u00a0\u00a0\u00a0\u00a0\u00a0\u00a0\u00a0\u00a0\u00a0\u00a0\u00a0\u00a0\u00a0\u00a0\u00a0\u00a0\u00a0\u00a0\u00a0\u00a0\u00a0\u00a0\u00a0\u00a0\u00a0\u00a0\u00a0\u00a0\u00a0\u00a0\u00a0\u00a0\u00a0\u00a0\u00a0\u00a0 \u00a1Totalmente atrapados!<\/p>\n<p style=\"text-align: justify;\"><img decoding=\"async\" loading=\"lazy\" src=\"http:\/\/diario16.com\/wp-content\/uploads\/2016\/06\/adiccion-al-smartphone.jpg\" alt=\"Resultado de imagen de Los j\u00f3venes caminan mirando la pantalla del m\u00f3vil\" width=\"484\" height=\"272\" \/><\/p>\n<p style=\"text-align: justify;\">Antes pod\u00edamos ver por las calles a grupos de personas que charlaban entre s\u00ed, unos se contaban a otros sus cosas o comentaban sobre alg\u00fan suceso acaecido. Hoy, podemos contemplar por las calles de todo el mundo a grupos que, con sus m\u00f3viles en la mano, miran hacia abajo y teclean sin cesar, como posesos.<\/p>\n<p style=\"text-align: justify;\">\u00bfQu\u00e9 clase de mundo hemos creado?<\/p>\n<p style=\"text-align: justify;\"><img decoding=\"async\" loading=\"lazy\" src=\"https:\/\/previews.123rf.com\/images\/darkink\/darkink1506\/darkink150600020\/40926517-infograf%C3%ADa-con-ondas-de-sonido-sobre-un-fondo-oscuro-sobre-el-tema-de-la-tecnolog%C3%ADa-digital-y-de-interne.jpg\" alt=\"Resultado de imagen de En las Ondas de Internet\" width=\"353\" height=\"353\" \/><\/p>\n<p style=\"text-align: justify;\">Infograf\u00eda con ondas de sonido sobre un fondo oscuro sobre el tema de la tecnolog\u00eda digital y de Internet.<\/p>\n<p style=\"text-align: justify;\"><img decoding=\"async\" loading=\"lazy\" src=\"https:\/\/i0.wp.com\/cd1.eju.tv\/wp-content\/uploads\/2013\/07\/descarga3_thumb4.jpg?resize=384%2C257\" alt=\"Resultado de imagen de En el &quot;Universo&quot; de Internet\" width=\"384\" height=\"257\" \/><\/p>\n<p style=\"text-align: justify;\">El volumen de datos almacenados por el sistema de Internet es inconmensurable, ya nadie, en nuestro mundo, est\u00e1 a salvo de que le tengan tomada su afiliaci\u00f3n, todos sus datos y antecedentes que, con Internet&#8230; \u00a1La privacidad se fue al garate!<\/p>\n<p style=\"text-align: justify;\">No s\u00e9 decir de todo esto me gusta.<\/p>\n<p style=\"text-align: justify;\">emilio silvera<\/p>\n<\/blockquote>\n<div class='bookmark'>\r\n\t\t<table align='left' border='0' cellpadding='0' width='100%'>\r\n\t\t<tr><td><span class='pushbutton'><a href='http:\/\/delicious.com\/post?url=http%3A%2F%2Fwww.emiliosilveravazquez.com%2Fblog%2F2018%2F05%2F17%2Fhoy-dia-de-internet%2F&amp;title=Hoy+d%C3%ADa+de+Internet' title='Delicious' target='_blank' rel='nofollow'><img src='http:\/\/www.emiliosilveravazquez.com\/blog\/wp-content\/plugins\/knxdt-bookmarks-wordpress-plugin\/images\/delicious.png'  alt='' class='book_img' border='none' style='margin:1px; padding: 0;'  \/><\/a><\/span><span class='pushbutton'><a href='http:\/\/digg.com\/submit?url=http%3A%2F%2Fwww.emiliosilveravazquez.com%2Fblog%2F2018%2F05%2F17%2Fhoy-dia-de-internet%2F&amp;title=Hoy+d%C3%ADa+de+Internet' title='Digg' target='_blank' rel='nofollow'><img src='http:\/\/www.emiliosilveravazquez.com\/blog\/wp-content\/plugins\/knxdt-bookmarks-wordpress-plugin\/images\/digg.png'  alt='' class='book_img' border='none' style='margin:1px; padding: 0;'  \/><\/a><\/span><span class='pushbutton'><a href='http:\/\/www.google.com\/bookmarks\/mark?op=edit&amp;bkmk=http%3A%2F%2Fwww.emiliosilveravazquez.com%2Fblog%2F2018%2F05%2F17%2Fhoy-dia-de-internet%2F&amp;title=Hoy+d%C3%ADa+de+Internet' title='Google' target='_blank' rel='nofollow'><img src='http:\/\/www.emiliosilveravazquez.com\/blog\/wp-content\/plugins\/knxdt-bookmarks-wordpress-plugin\/images\/google.png'   alt='' class='book_img' border='none' style='margin:1px; padding: 0;'  \/><\/a><\/span><span class='pushbutton'><a href='http:\/\/myweb2.search.yahoo.com\/myresults\/bookmarklet?u=http%3A%2F%2Fwww.emiliosilveravazquez.com%2Fblog%2F2018%2F05%2F17%2Fhoy-dia-de-internet%2F&amp;t=Hoy+d%C3%ADa+de+Internet' title='Yahoo' target='_blank' rel='nofollow'><img src='http:\/\/www.emiliosilveravazquez.com\/blog\/wp-content\/plugins\/knxdt-bookmarks-wordpress-plugin\/images\/yahoo.png'  alt='' class='book_img' border='none' style='margin:1px; padding: 0;'  \/><\/a><\/span><span class='pushbutton'><a href='http:\/\/www.technorati.com\/faves?add=http%3A%2F%2Fwww.emiliosilveravazquez.com%2Fblog%2F2018%2F05%2F17%2Fhoy-dia-de-internet%2F' title='Technorati' target='_blank' rel='nofollow'><img src='http:\/\/www.emiliosilveravazquez.com\/blog\/wp-content\/plugins\/knxdt-bookmarks-wordpress-plugin\/images\/technorati.png'  alt='' class='book_img' border='none' style='margin:1px; padding: 0;'  \/><\/a><\/span><span class='pushbutton'><a href='http:\/\/meneame.net\/submit.php?url=http%3A%2F%2Fwww.emiliosilveravazquez.com%2Fblog%2F2018%2F05%2F17%2Fhoy-dia-de-internet%2F' title='Meneame' target='_blank' rel='nofollow'><img src='http:\/\/www.emiliosilveravazquez.com\/blog\/wp-content\/plugins\/knxdt-bookmarks-wordpress-plugin\/images\/meneame.png'  alt='' class='book_img' border='none' style='margin:1px; padding: 0;'  \/><\/a><\/span><span class='pushbutton'><a href='http:\/\/enchilame.com\/submit.php?url=http:\/\/www.emiliosilveravazquez.com\/blog\/2018\/05\/17\/hoy-dia-de-internet\/' target='_blank' rel='nofollow'><img title='Enchilame' src='http:\/\/www.emiliosilveravazquez.com\/blog\/wp-content\/plugins\/knxdt-bookmarks-wordpress-plugin\/images\/enchilame.png'  alt='' class='book_img' border='none' style='margin:1px; padding: 0;'  \/><\/a><\/span><span class='pushbutton'><a href='http:\/\/www.blinklist.com\/index.php?Action=Blink\/addblink.php&amp;Description=&amp;Url=http%3A%2F%2Fwww.emiliosilveravazquez.com%2Fblog%2F2018%2F05%2F17%2Fhoy-dia-de-internet%2F&amp;title=Hoy+d%C3%ADa+de+Internet' title='BlinkList' target='_blank' rel='nofollow'><img src='http:\/\/www.emiliosilveravazquez.com\/blog\/wp-content\/plugins\/knxdt-bookmarks-wordpress-plugin\/images\/blinklist.png'  alt='' class='book_img' border='none' style='margin:1px; padding: 0;'  \/><\/a><\/span><span class='pushbutton'><a href='http:\/\/reddit.com\/submit?url=http%3A%2F%2Fwww.emiliosilveravazquez.com%2Fblog%2F2018%2F05%2F17%2Fhoy-dia-de-internet%2F&amp;title=Hoy+d%C3%ADa+de+Internet' title='Reddit' target='_blank' rel='nofollow'><img src='http:\/\/www.emiliosilveravazquez.com\/blog\/wp-content\/plugins\/knxdt-bookmarks-wordpress-plugin\/images\/reddit.png'  alt='' class='book_img' border='none' style='margin:1px; padding: 0;'  \/><\/a><\/span><span class='pushbutton'><a href='http:\/\/www.tecnologiadiaria.com\/2009\/07\/abrir-com-hotmail-correo.html' target='_blank' title='hotmail'><img src='http:\/\/www.emiliosilveravazquez.com\/blog\/wp-content\/plugins\/knxdt-bookmarks-wordpress-plugin\/images\/linklove.png' alt='hotmail correo' class='book_img' border='none' style='margin:1px; padding: 0;' \/><\/a><\/span><span class='pushbutton'><a href='http:\/\/bitacoras.com\/votar\/anotacion\/externo\/mini\/www.emiliosilveravazquez.com\/blog\/2018\/05\/17\/hoy-dia-de-internet\/' title='Bitacoras.com' target='_blank' rel='nofollow'><img src='http:\/\/www.emiliosilveravazquez.com\/blog\/wp-content\/plugins\/knxdt-bookmarks-wordpress-plugin\/images\/bitacoras.png'  alt='' class='book_img' border='none' style='margin:1px; padding: 0;'  \/><\/a><\/span><span class='pushbutton'><a href='http:\/\/www.wikio.es\/vote?url=http%3A%2F%2Fwww.emiliosilveravazquez.com%2Fblog%2F2018%2F05%2F17%2Fhoy-dia-de-internet%2F' title='Wikio' target='_blank' rel='nofollow'><img src='http:\/\/www.emiliosilveravazquez.com\/blog\/wp-content\/plugins\/knxdt-bookmarks-wordpress-plugin\/images\/wikio.png'   alt='' class='book_img' border='none' style='margin:1px; padding: 0;'   \/><\/a><\/span><span class='pushbutton'><a href='http:\/\/friendfeed.com\/?url=http%3A%2F%2Fwww.emiliosilveravazquez.com%2Fblog%2F2018%2F05%2F17%2Fhoy-dia-de-internet%2F&amp;title=Hoy+d%C3%ADa+de+Internet' title='Friend Feed' target='_blank' rel='nofollow'><img src='http:\/\/www.emiliosilveravazquez.com\/blog\/wp-content\/plugins\/knxdt-bookmarks-wordpress-plugin\/images\/friendfeed.png'  alt='' class='book_img' border='none' style='margin:1px; padding: 0;'  \/><\/a><\/span><span class='pushbutton'><a href='http:\/\/www.facebook.com\/share.php?u=http%3A%2F%2Fwww.emiliosilveravazquez.com%2Fblog%2F2018%2F05%2F17%2Fhoy-dia-de-internet%2F&amp;t=Hoy+d%C3%ADa+de+Internet' title='Facebook' target='_blank' rel='nofollow'><img src='http:\/\/www.emiliosilveravazquez.com\/blog\/wp-content\/plugins\/knxdt-bookmarks-wordpress-plugin\/images\/facebook.png'  alt='' class='book_img' border='none' style='margin:1px; padding: 0;'  \/><\/a><\/span><span class='pushbutton'><a href='http:\/\/twitter.com\/home?status=Hoy+d%C3%ADa+de+Internet: http%3A%2F%2Fwww.emiliosilveravazquez.com%2Fblog%2F2018%2F05%2F17%2Fhoy-dia-de-internet%2F' title='Twitter' target='_blank' rel='nofollow'><img src='http:\/\/www.emiliosilveravazquez.com\/blog\/wp-content\/plugins\/knxdt-bookmarks-wordpress-plugin\/images\/twitter.png'  alt='' class='book_img' border='none' style='margin:1px; padding: 0;'  \/><\/a><\/span><span class='pushbutton'><a href='http:\/\/www.feedburner.com\/fb\/a\/emailFlare?itemTitle=Hoy+d%C3%ADa+de+Internet&amp;uri=http%3A%2F%2Fwww.emiliosilveravazquez.com%2Fblog%2F2018%2F05%2F17%2Fhoy-dia-de-internet%2F' title='Enviar por Email' target='_blank' rel='nofollow'><img src='http:\/\/www.emiliosilveravazquez.com\/blog\/wp-content\/plugins\/knxdt-bookmarks-wordpress-plugin\/images\/email.png'  alt='' class='book_img' border='none' style='margin:1px; padding: 0;'  \/><\/a><\/span><span style='font-weight:bold; padding-left: 5px;'><a href='http:\/\/wordpress.org\/extend\/plugins\/knxdt-bookmarks-wordpress-plugin\/' title='Plugin' rel='nofollow' target='_blank'>[?]<\/a><\/span><\/td><\/tr><\/table><br\/><br\/><\/div>","protected":false},"excerpt":{"rendered":"<p>&nbsp; Mapa parcial de Internet basado en la informaci\u00f3n obtenida del sitio opte.org en 2005. Cada l\u00ednea entre dos nodos representa el enlace entre dos direcciones IP y su longitud es proporcional al retardo entre estos. &nbsp; &#8220;El D\u00eda de Internet es una efem\u00e9ride que se celebra en M\u00e9xico, Per\u00fa, Chile, Paraguay, Argentina, Espa\u00f1a, Colombia, [&hellip;]<\/p>\n","protected":false},"author":2,"featured_media":0,"comment_status":"open","ping_status":"open","sticky":false,"template":"","format":"standard","meta":{"_s2mail":"yes","footnotes":""},"categories":[564],"tags":[],"_links":{"self":[{"href":"http:\/\/www.emiliosilveravazquez.com\/blog\/wp-json\/wp\/v2\/posts\/21098"}],"collection":[{"href":"http:\/\/www.emiliosilveravazquez.com\/blog\/wp-json\/wp\/v2\/posts"}],"about":[{"href":"http:\/\/www.emiliosilveravazquez.com\/blog\/wp-json\/wp\/v2\/types\/post"}],"author":[{"embeddable":true,"href":"http:\/\/www.emiliosilveravazquez.com\/blog\/wp-json\/wp\/v2\/users\/2"}],"replies":[{"embeddable":true,"href":"http:\/\/www.emiliosilveravazquez.com\/blog\/wp-json\/wp\/v2\/comments?post=21098"}],"version-history":[{"count":0,"href":"http:\/\/www.emiliosilveravazquez.com\/blog\/wp-json\/wp\/v2\/posts\/21098\/revisions"}],"wp:attachment":[{"href":"http:\/\/www.emiliosilveravazquez.com\/blog\/wp-json\/wp\/v2\/media?parent=21098"}],"wp:term":[{"taxonomy":"category","embeddable":true,"href":"http:\/\/www.emiliosilveravazquez.com\/blog\/wp-json\/wp\/v2\/categories?post=21098"},{"taxonomy":"post_tag","embeddable":true,"href":"http:\/\/www.emiliosilveravazquez.com\/blog\/wp-json\/wp\/v2\/tags?post=21098"}],"curies":[{"name":"wp","href":"https:\/\/api.w.org\/{rel}","templated":true}]}}