{"id":2103,"date":"2012-07-28T05:00:11","date_gmt":"2012-07-28T04:00:11","guid":{"rendered":"http:\/\/www.emiliosilveravazquez.com\/blog\/?p=2103"},"modified":"2012-07-28T10:06:17","modified_gmt":"2012-07-28T09:06:17","slug":"%c2%bfd-branas","status":"publish","type":"post","link":"http:\/\/www.emiliosilveravazquez.com\/blog\/2012\/07\/28\/%c2%bfd-branas\/","title":{"rendered":"\u00bfD-branas? \u00a1Las nuevas teor\u00edas!"},"content":{"rendered":"<p style=\"text-align: justify;\"><em>La teor\u00eda tipo I, donde aparecen tanto &#8220;cuerdas&#8221; y D-branas abiertas como cerradas, que se mueven sobre un espacio-tiempo de 10 dimensiones. Las D-branas tienen 1, 5, 9 dimensiones espaciales.<\/em><\/p>\n<p>&nbsp;<\/p>\n<p style=\"text-align: center;\"><img decoding=\"async\" loading=\"lazy\" class=\"aligncenter\" src=\"http:\/\/gamersmafia.com\/storage\/comments\/493\/93\/shiu_6th_dimension_art07_s.jpg\" alt=\"\" width=\"370\" height=\"363\" \/><\/p>\n<p style=\"text-align: justify;\">\u00bfQu\u00e9 son las <em style=\"mso-bidi-font-style: normal;\">D-branas<\/em>? \u00bfPor qu\u00e9 las requiere la teor\u00eda de cuerdas? La respuesta b\u00e1sica a la segunda pregunta es que dan sentido a las cuerdas abiertas que intervienen en la teor\u00eda tipo I: cada uno de los dos extremos de una cuerda abierta debe residir en una D-brana. Pero dos extremos de la cuerda abierta residen en un subespacio (q + 1)-dimensional de g\u00e9nero tiempo llamado una D-brana, o D-q-brana que es una entidad esencialmente cl\u00e1sica (aunque posee propiedades de <a href=\"#\" onclick=\"referencia('supersimetria',event); return false;\">supersimetr\u00eda<\/a>), que representa una soluci\u00f3n de la teor\u00eda de supergravedad 11 dimensional.<\/p>\n<p style=\"text-align: justify;\">En respuesta a la primera pregunta, una D-brana es una estructura de g\u00e9nero tiempo, como m\u00e1s arriba indico, 1 + q dimensiones espaciotemporales. Invocando una de las dualidades de la <a href=\"#\" onclick=\"referencia('supercuerdas teoria',event); return false;\">teor\u00eda M<\/a>, alternativamente podemos considerar una D-brana como una soluci\u00f3n de las ecuaciones de alguna otra versi\u00f3n de la <a href=\"#\" onclick=\"referencia('supercuerdas teoria',event); return false;\">teor\u00eda M<\/a> de cuerdas.<\/p>\n<p><!--more--><\/p>\n<p style=\"text-align: justify;\"><img decoding=\"async\" src=\"http:\/\/pacotraver.files.wordpress.com\/2008\/10\/cintamoebius.gif\" alt=\"Imagen\" \/><\/p>\n<p style=\"text-align: justify;\">Claro, todo es pura conjetura. Incre\u00edblemente el mundo de las branas es tan colosalmente extra\u00f1o como lo es el infinitecimal mundo de las part\u00edculas qu\u00e1nticas, con la salvedad de que, al tratar de objetos a\u00fan m\u00e1s peque\u00f1os, es decir aquellos que posiblemente existan m\u00e1s all\u00e1 de los Quarks, la fascinaci\u00f3n sube de tono al topoarnos con un universo de cosas &#8220;imposibles&#8221;, bueno, mejor alejado de lo que nos dista el sentido com\u00fan que, est\u00e1 visto, no es el mejor de los sentidos.<\/p>\n<p style=\"text-align: justify;\">Las D-branas aparecen en muchas discusiones modernas relacionadas con las cuerdas (por ejemplo, en la <a href=\"#\" onclick=\"referencia('entropia',event); return false;\">entrop\u00eda<\/a> de los <a href=\"#\" onclick=\"referencia('agujero negro',event); return false;\">agujeros negros<\/a>). Suelen tratarse como si fueran objetos cl\u00e1sicos que yacen dentro del espacio-tiempo completo 1 + 9 (o 1 + 10) dimensiones. La &#8220;D&#8221; viene de &#8220;Dirichlet&#8221;, por analog\u00eda con el tipo de problema de valor de frontera conocido como un problema de Dirichlet, en el que hay una frontera de g\u00e9nero tiempo sobre la que se especifican datos (seg\u00fan Peter G. Lejeune Dirichlet, un eminente matem\u00e1tico franc\u00e9s que vivi\u00f3 entre 1.805 y 1.859).<\/p>\n<p style=\"text-align: justify;\"><img decoding=\"async\" src=\"http:\/\/maslibertad.net\/ciencia\/Omniverso1.JPG\" alt=\"Imagen\" \/><br \/>\no as\u00ed<br \/>\n<img decoding=\"async\" src=\"http:\/\/maslibertad.net\/ciencia\/Omniverso2.JPG\" alt=\"Imagen\" \/><\/p>\n<p style=\"text-align: justify;\">No resulta f\u00e1cil para nosotros imaginar el Mundo Brana<\/p>\n<p style=\"text-align: justify;\">Con la introducci\u00f3n de tales D-branas, varios te\u00f3ricos han expresado una &#8220;filosof\u00eda de cuerdas&#8221; que parece representar un profundo cambio respecto a lo anterior. En efecto, se afirma con cierta frecuencia que podr\u00edamos &#8220;vivir en&#8221; esta o esa D-brana, lo que significa que nuestro espacio-tiempo percibido podr\u00eda yacer realmente dentro de un D-brana, de modo que la raz\u00f3n de que no se perciban ciertas &#8220;dimensiones extra&#8221; se explicar\u00eda por el hecho de &#8220;nuestra&#8221; D-brana no se extiende a esas dimensiones extra.<\/p>\n<p style=\"text-align: justify;\">La \u00faltima posibilidad ser\u00eda la postura m\u00e1s econ\u00f3mica, por supuesto, de modo que &#8220;nuestra&#8221; D-brana (una D-3-brana) ser\u00eda de 1 + 3 dimensiones. Esto no elimina los grados de libertad en las dimensiones extra, pero los reduce dr\u00e1sticamente. \u00bfPor qu\u00e9 es as\u00ed? Nuestra perspectiva ahora es que somos &#8220;conscientes&#8221; de los grados de libetad que est\u00e1n implicados en el interior profundo del espacio de mayores dimensiones entre las D-branas, y es en esto donde se est\u00e1 dejando sentir la excesiva libertad funcional.<\/p>\n<p style=\"text-align: center;\"><img decoding=\"async\" loading=\"lazy\" class=\"size-full wp-image-1567 marco aligncenter\" title=\"d-brana\" src=\"http:\/\/www.emiliosilveravazquez.com\/blog\/wp-content\/uploads\/2009\/01\/d-brana.jpg\" alt=\"d-brana\" width=\"400\" height=\"267\" srcset=\"http:\/\/www.emiliosilveravazquez.com\/blog\/wp-content\/uploads\/2009\/01\/d-brana.jpg 400w, http:\/\/www.emiliosilveravazquez.com\/blog\/wp-content\/uploads\/2009\/01\/d-brana-150x100.jpg 150w, http:\/\/www.emiliosilveravazquez.com\/blog\/wp-content\/uploads\/2009\/01\/d-brana-300x200.jpg 300w\" sizes=\"(max-width: 400px) 100vw, 400px\" \/><\/p>\n<p style=\"text-align: justify;\">S\u00f3lo vamos a ser conscientes de dimensiones extra all\u00ed donde inciden directamente sobre las D-brana en la que &#8220;vivimos&#8221;. M\u00e1s que una imagen de tipo &#8220;espacio cociente&#8221; que evoca la analog\u00eda de <a href=\"#\" onclick=\"referencia('kaluza klein',event); return false;\">Kaluza-Klein<\/a> original:<\/p>\n<p style=\"text-align: justify;\">El gr\u00e1fico representa un modelo de manguera de un espacio-tiempo de dimensiones m\u00e1s altas de tipo <a href=\"#\" onclick=\"referencia('kaluza klein',event); return false;\">Kaluza-Klein<\/a>, donde la longitud, o mejor, la dimensi\u00f3n a lo largo de la longitud de la manguera representa el 4-espacio-tiempo normal, y la dimensi\u00f3n alrededor de la manguera representa la dimensi\u00f3n extra &#8220;peque\u00f1as&#8221; (quiz\u00e1 escala de Planck). Imaginemos un &#8220;ser&#8221; que habite en este mundo, que rebasa estas dimensiones extra &#8220;peque\u00f1as&#8221;, y por ello no es realmente consciente de ellas.<\/p>\n<p style=\"text-align: justify;\">As\u00ed, nuestro espacio-tiempo observado aparece ahora como un subespacio 4-dimensional del espacio real de dimensiones m\u00e1s altas. Con algo de imaginaci\u00f3n, lo podemos visualizar en nuestra mente.<\/p>\n<p style=\"text-align: center;\"><strong><img decoding=\"async\" loading=\"lazy\" class=\"aligncenter\" style=\"border: 0pt none;\" src=\"http:\/\/lh4.ggpht.com\/_rKLeARkZHg0\/SrCbgyzwGOI\/AAAAAAAAPp0\/HVP1AITYa8I\/s800\/branas-3.jpg\" alt=\"\" width=\"340\" height=\"340\" border=\"0\" \/> <\/strong><\/p>\n<p style=\"text-align: justify;\">\u00bfPodr\u00eda ser nuestro universo una membrana flotando en un espacio de m\u00e1s dimensiones, que se rompe muchas veces en un universo circundante? Seg\u00fan una rama de la teor\u00eda de las cuerdas llamada braneword, hay una gran cantidad de dimensiones extra de espacio, y aunque la gravedad puede llegar a salir, nosotros estamos confinados a nuestro propio universo \u201cbrana\u201d, con s\u00f3lo tres dimensiones. Neil Turok, de la Universidad de Cambridge en el Reino Unido, y Paul Steinhardt, de la Universidad de Princeton en Nueva Jersey, EE.UU., han trabajado en c\u00f3mo el <a href=\"#\" onclick=\"referencia('big bang',event); return false;\">Big Bang<\/a> se podr\u00eda haber provocado cuando nuestro universo se enfrent\u00f3 violentamente con otro. Se repite el enfrentamiento, produciendo un nuevo <a href=\"#\" onclick=\"referencia('big bang',event); return false;\">Big Bang<\/a> de vez en cuando, por lo que si el modelo del universo c\u00edclico es correcto, el cosmos puede ser inmortal. \u00a1Por imaginar que no quede!<\/p>\n<p style=\"text-align: justify;\">\u00bfCu\u00e1nta libertad funcional esperamos ahora? La situaci\u00f3n es ahora algo parecida a la imagen geom\u00e9trica que hemos adoptado en el gr\u00e1fico para obtener una perspectiva m\u00e1s convencional con respecto a la &#8220;supergeometr\u00eda&#8221;. Puesto que ahora estamos interesados solo en el comportamiento en la D-brana (que suponemos que es geom\u00e9tricamente una (1 + 3)-superficie ordinaria), podemos imaginar que nuestra libertad funcional se ha convertido en una aceptable <img decoding=\"async\" loading=\"lazy\" class=\"alignnone size-full wp-image-1568\" title=\"libertad_funcional\" src=\"http:\/\/www.emiliosilveravazquez.com\/blog\/wp-content\/uploads\/2009\/01\/libertad_funcional.gif\" alt=\"libertad_funcional\" width=\"27\" height=\"17\" \/>, aunque para un <em style=\"mso-bidi-font-style: normal;\">M<\/em> bastante grande. Sin embargo, incluso esto supone que la restricci\u00f3n de la din\u00e1mica en el 10-espacio (un 11-espacio) completo nos proporciona ecuaciones din\u00e1micas dentro de &#8220;nuestra&#8221; D-brana 4-dimensional que son del tipo convencional, de modo que bastar\u00e1n los datos iniciales en una 3-superficie para determinar el comportamiento en todo el 4-espacio. Esto es dif\u00edcilmente probable, en general, de modo que a\u00fan cabe esperar un excesivo <img decoding=\"async\" loading=\"lazy\" class=\"alignnone size-full wp-image-1568\" title=\"libertad_funcional\" src=\"http:\/\/www.emiliosilveravazquez.com\/blog\/wp-content\/uploads\/2009\/01\/libertad_funcional.gif\" alt=\"libertad_funcional\" width=\"27\" height=\"17\" \/>. \u00a1El problema no ha desaparecido todav\u00eda!<\/p>\n<p style=\"text-align: justify;\">Tal actitud hacia las D-branas se ha utilizado para intentar resolver el <em style=\"mso-bidi-font-style: normal;\">problema de la jerarqu\u00eda<\/em> del gr\u00e1fico siguiente:<\/p>\n<p style=\"text-align: center;\"><img decoding=\"async\" loading=\"lazy\" class=\"aligncenter size-full wp-image-1569 marco\" title=\"supersimetria\" src=\"http:\/\/www.emiliosilveravazquez.com\/blog\/wp-content\/uploads\/2009\/01\/supersimetria.jpg\" alt=\"supersimetria\" width=\"400\" height=\"267\" srcset=\"http:\/\/www.emiliosilveravazquez.com\/blog\/wp-content\/uploads\/2009\/01\/supersimetria.jpg 400w, http:\/\/www.emiliosilveravazquez.com\/blog\/wp-content\/uploads\/2009\/01\/supersimetria-150x100.jpg 150w, http:\/\/www.emiliosilveravazquez.com\/blog\/wp-content\/uploads\/2009\/01\/supersimetria-300x200.jpg 300w\" sizes=\"(max-width: 400px) 100vw, 400px\" \/><\/p>\n<p style=\"text-align: justify;\">Seg\u00fan cierta perspectiva de &#8220;gran unificaci\u00f3n&#8221;, las constantes de acoplamiento de las interacciones fuerte, d\u00e9bil y electromagn\u00e9tica, tratadas como constantes de acoplamiento m\u00f3viles, deber\u00edan alcanzar exactamente el mismo valor a temperaturas suficientemente grandes, aproximadamente 10<sup>28<\/sup> K, que se habr\u00edan dado alrededor de 10.000 instantes de Planck despu\u00e9s del <a href=\"#\" onclick=\"referencia('big bang',event); return false;\">Big Bang<\/a> (~10<sup>-39<\/sup> s). Se ha visto que la <a href=\"#\" onclick=\"referencia('supersimetria',event); return false;\">supersimetr\u00eda<\/a> es necesaria para resolver que los tres valores coincidan exactamente.<\/p>\n<p style=\"text-align: justify;\">En concreto, esta es la cuesti\u00f3n de por qu\u00e9 las interacciones gravitatorias son tan min\u00fasculas comparadas con las dem\u00e1s fuerzas importantes de la naturaleza o, de manera equivalente, por qu\u00e9 es la <a href=\"#\" onclick=\"referencia('planck masa de',event); return false;\">masa de Planck<\/a> tan enormemente mayor que las masas de las part\u00edculas elementales de la naturaleza (en un factor de, aproximadamente, 10<sup>20<\/sup>). La aproximaci\u00f3n de la D-brana a este problema parece requerir la existencia de m\u00e1s de una D-brana, una de las cuales es &#8220;grande&#8221; y la otra &#8220;peque\u00f1a&#8221;. Hay un factor exponencial involucrado en c\u00f3mo se estira la geometr\u00eda desde una D-brana hasta la otra, y esto se considera una ayuda para abordar la discrepancia en 10<sup>40<\/sup>, m\u00e1s o menos, entre las intensidades de la fuerza gravitatoria y las otras fuerzas.<strong><\/strong><\/p>\n<p style=\"text-align: center;\"><a href=\"http:\/\/www.fondosypantallas.com\/wp-content\/uploads\/2009\/06\/sistema-solar-21.jpg\" target=\"_blank\"><strong><img decoding=\"async\" loading=\"lazy\" class=\"aligncenter\" src=\"http:\/\/www.fondosypantallas.com\/wp-content\/uploads\/2009\/06\/sistema-solar-21.jpg\" alt=\"\" width=\"614\" height=\"461\" border=\"0\" \/><\/strong><\/a><\/p>\n<p style=\"text-align: justify;\">La <a href=\"#\" onclick=\"referencia('materia oscura',event); return false;\">materia oscura<\/a> podr\u00eda no ser una \u201ccosa\u201d, podr\u00eda ser un un nombre enga\u00f1oso para un extra\u00f1o comportamiento de la gravedad. La teor\u00eda llamada MOND (Din\u00e1mica de <a href=\"#\" onclick=\"referencia('newton',event); return false;\">Newton<\/a> Modificada), sugiere que la gravedad no se debilita con tanda rapidez como lo predice la teor\u00eda actual. Esta gravedad m\u00e1s fuerte puede llenar el rol de la <a href=\"#\" onclick=\"referencia('materia oscura',event); return false;\">materia oscura<\/a>, uniendo galaxias y racimos que de otro modo deber\u00edan volar separados. Una nueva formulaci\u00f3n de MOND, consistente con la <a href=\"#\" onclick=\"referencia('relatividad',event); return false;\">relatividad<\/a>, ha reavivado el inter\u00e9s en la idea, aunque no se ajusta al patr\u00f3n de puntos de la radiaci\u00f3n de fondo de microondas c\u00f3smicas.<\/p>\n<p style=\"text-align: justify;\">Se puede decir que este tipo de imagen de espacio-tiempo de dimensiones m\u00e1s altas, que se estira desde la frontera de una D-brana hasta la otra, es uno de los tipos de geometr\u00eda sugeridos por las teor\u00edas 11 dimensionales, tales como la <a href=\"#\" onclick=\"referencia('supercuerdas teoria',event); return false;\">teor\u00eda M<\/a>, donde la und\u00e9cima dimensi\u00f3n tiene la forma de un segmente abierto, y la geometr\u00eda de cada frontera tiene la forma topol\u00f3gica (por ejemplo, M\u00d7V) de los 10 espacios considerados antes. En otros modelos, la und\u00e9cima dimensi\u00f3n es topol\u00f3gicamente S<sup>1<\/sup>.<\/p>\n<p style=\"text-align: justify;\">\u00bfQu\u00e9 har\u00e1n de todo esto los f\u00edsicos con respecto al estatus de la teor\u00eda de cuerdas como una teor\u00eda f\u00edsica para el futuro?<\/p>\n<p style=\"text-align: justify;\">La situaci\u00f3n tiene aspectos muy enigm\u00e1ticos y notables, y otros aspectos parecen inconsistentes y ser\u00eda un error, en este momento, que los demos por buenos; mejor esperemos a que maduren. Pese a todo, muchas de las afirmaciones de los te\u00f3ricos de cuerdas se hacen con gran seguridad y aparente confianza. Es indudable que estas afirmaciones deben ser suavizadas hasta que se adquiera m\u00e1s certeza en el conocimiento de los m\u00faltiples aspectos de la teor\u00eda que deben ser tomados con cierta reserva antes de ser lanzadas alegremente al mundo.<\/p>\n<p style=\"text-align: center;\"><strong><img decoding=\"async\" loading=\"lazy\" class=\"aligncenter\" style=\"border: 0pt none;\" src=\"http:\/\/science.portalhispanos.com\/wordpress\/wp-content\/uploads\/2008\/11\/oscura2.jpg\" alt=\"\" width=\"376\" height=\"448\" border=\"0\" \/><\/strong><\/p>\n<p style=\"text-align: justify;\">Tres misterios de la cosmolog\u00eda moderna podr\u00edan enmarcarse en una presencia fantasmal. Despu\u00e9s de unos ajustes en la teor\u00eda general de <a href=\"#\" onclick=\"referencia('einstein',event); return false;\">Einstein<\/a>, un equipo de f\u00edsicos encontraron una extra\u00f1a sustancia que surg\u00eda de su nueva teor\u00eda el \u201ccondensado fantasma\u201c. Produce la gravedad repulsiva que genera la inflaci\u00f3n c\u00f3smica en el <a href=\"#\" onclick=\"referencia('big bang',event); return false;\">Big Bang<\/a>, m\u00e1s tarde podr\u00eda generar una aceleraci\u00f3n m\u00e1s tranquila que se le asigna a la energ\u00eda oscura. Por otro lado, si esta resbaladiza sustancia se agrupara, formar\u00eda la <a href=\"#\" onclick=\"referencia('materia oscura',event); return false;\">materia oscura<\/a>.<\/p>\n<p style=\"text-align: justify;\">Roger Penrose afirma que algunas de las afirmaciones de m\u00e1s peso pueden ser descartadas (tal es el caso de que la teor\u00eda de cuerdas ha proporcionado una teor\u00eda completa y consistente de la gravedad cu\u00e1ntica). En mi modestia, estoy totalmente de acuerdo con \u00e9l, y seg\u00fan lo poco que s\u00e9 al respecto, me hace pensar que la teor\u00eda de cuerdas es una firme candidata para llegar a esa teor\u00eda cu\u00e1ntica de la gravedad, aunque de momento, le queda inalcanzable.<\/p>\n<p style=\"text-align: justify;\">No obstante, ser\u00eda injusto no admitir que parece haber algo de aut\u00e9ntica trascendencia &#8220;entre bastidores&#8221; en algunos aspectos de la <a href=\"#\" onclick=\"referencia('supercuerdas teoria',event); return false;\">teor\u00eda M<\/a> de cuerdas. Claro que podr\u00eda resultar que ese algo sea de inter\u00e9s puramente matem\u00e1tico, sin que haya ninguna raz\u00f3n real para creer que nos acerca m\u00e1s a los secretos de la naturaleza.<\/p>\n<p style=\"text-align: justify;\">La <a href=\"#\" onclick=\"referencia('supercuerdas teoria',event); return false;\">teor\u00eda M<\/a> de cuerdas es una teor\u00eda muy adelantada a su tiempo; incluso las matem\u00e1ticas necesarias para desarrollarla al completo nos son desconocidas. Por otra parte, la energ\u00eda necesaria para verificarla no est\u00e1 a nuestro alcance.<\/p>\n<p style=\"text-align: justify;\">La fuerza del argumento a favor de la teor\u00eda de cuerdas parece residir en varias relaciones matem\u00e1ticas notables entre &#8220;situaciones f\u00edsicas&#8221; en apariencia diferentes, normalmente, algo alejadas de la f\u00edsica del mundo real de la naturaleza. \u00bfSon una coincidencia estas relaciones, o hay alguna raz\u00f3n m\u00e1s profunda tras ellas?<\/p>\n<p style=\"text-align: center;\"><strong><img decoding=\"async\" loading=\"lazy\" class=\"aligncenter\" style=\"border: 0pt none;\" src=\"http:\/\/abenteuer-universum.de\/star\/miniboo.jpg\" alt=\"\" width=\"420\" height=\"290\" border=\"0\" \/><\/strong><\/p>\n<p style=\"text-align: justify;\"><strong><\/strong>La <a href=\"#\" onclick=\"referencia('materia oscura',event); return false;\">materia oscura<\/a> podr\u00eda estar hecha de las part\u00edculas m\u00e1s elusivas jam\u00e1s imaginadas: los <a href=\"#\" onclick=\"referencia('neutrinos',event); return false;\">neutrinos<\/a> est\u00e9riles. Ellos son los hipot\u00e9ticos primos m\u00e1s pesados de los <a href=\"#\" onclick=\"referencia('neutrinos',event); return false;\">neutrinos<\/a> ordinarios y podr\u00edan interactuar con otra materia s\u00f3lo a trav\u00e9s de la fuerza de la gravedad, haci\u00e9ndolos esencialmente imposibles de detectar. Pero tienen la propiedad correcta de \u201ccalentar\u201d la <a href=\"#\" onclick=\"referencia('materia oscura',event); return false;\">materia oscura<\/a>, zumbando a velocidades de unos pocos kil\u00f3metros por segundo, lo que forma los grandes grupos de <a href=\"#\" onclick=\"referencia('materia oscura',event); return false;\">materia oscura<\/a> que fueron mapeadas en observaciones recientes. Los <a href=\"#\" onclick=\"referencia('neutrinos',event); return false;\">neutrinos<\/a> est\u00e9riles podr\u00edan ayudar a formar las estrellas y los <a href=\"#\" onclick=\"referencia('agujero negro',event); return false;\">agujeros negros<\/a> en el universo temprano y dio el impulso que envi\u00f3 a las estrellas de <a href=\"#\" onclick=\"referencia('neutron',event); return false;\">neutrones<\/a> con exceso de velocidad alrededor de nuestra galaxia.<\/p>\n<p style=\"text-align: justify;\">Si hablamos de matem\u00e1ticas, las coincidencias sin una raz\u00f3n determinada suelen ser m\u00e1s bien escasas. Me inclino y apuesto por el hecho de que para muchas de estas &#8220;coincidencias&#8221; hay realmente una raz\u00f3n, todav\u00eda no descubierta. Algunos, no s\u00e9 si calificarlos de envidiosos o de tener carencia de ilusiones, han llegado a decir que, los te\u00f3ricos de cuerdas no es seguro que est\u00e9n haciendo f\u00edsica, o si la hacen, \u00bfqu\u00e9 \u00e1rea de la f\u00edsica est\u00e1n explorando realmente? Se me ocurre pensar que el mismo escepticismo encontr\u00f3 a <a href=\"#\" onclick=\"referencia('einstein',event); return false;\">Einstein<\/a> en su tiempo, al formular sus famosas teor\u00edas relativistas, y sin embargo, nos trajo hasta aqu\u00ed.<\/p>\n<p style=\"text-align: justify;\">No parece que se pueda hacer una valoraci\u00f3n adecuada de estas cuestiones sin mencionar el papel concreto de Edward Witten. \u00c9l es aceptado generalmente como la figura con m\u00e1s responsabilidad en la direcci\u00f3n de la investigaci\u00f3n en la teor\u00eda de cuerdas (y la <a href=\"#\" onclick=\"referencia('supercuerdas teoria',event); return false;\">teor\u00eda M<\/a>) desde finales de la d\u00e9cada de los 80. Ha tenido un papel primordial en el lanzamiento de la &#8220;segunda revoluci\u00f3n en supercuerdas&#8221; en 1.995, pero ya entonces hab\u00eda establecido su preeminencia al iniciar varios desarrollos importantes en la teor\u00eda de cuerdas, y en muchas otras \u00e1reas que tienen cierta relaci\u00f3n (no siempre obvia) con la teor\u00eda de cuerdas. Sin duda, Witten ha sido hasta el momento el mejor conductor de la teor\u00eda de cuerdas.<\/p>\n<div><img decoding=\"async\" id=\"BLOGGER_PHOTO_ID_5149486197800561794\" src=\"http:\/\/bp2.blogger.com\/_sx3cjaoe13U\/R3amaeut7II\/AAAAAAAAAVY\/dRm9a6x6BiY\/s200\/s_1186957787.jpg\" alt=\"\" border=\"0\" \/><\/div>\n<p>As\u00ed, Witten dice:<\/p>\n<p style=\"text-align: justify;\">\u201c<em>Los seres humanos en el planeta tierra nunca dispusieron del marco conceptual que les llevara a concebir la teor\u00eda de cuerdas de manera intencionada, surgi\u00f3 por razones del azar, por un feliz accidente. Por sus propios m\u00e9ritos, los f\u00edsicos del siglo XX no deber\u00edan haber tenido el privilegio de estudiar esta teor\u00eda muy avanzada a su tiempo y a su conocimiento. No ten\u00edan (ni tenemos ahora mismo) los conocimientos y los prerrequisitos necesarios para desarrollar dicha teor\u00eda, no tenemos los conceptos correctos y necesarios.<\/em>\u201c<\/p>\n<p style=\"text-align: justify;\">Yo no perder\u00eda de vista tampoco, lo que nos dice la Conjetura de Maldacena. Lo que Maldacena encontr\u00f3 es que, cuando se describe <strong>el comportamiento de cuerdas en un espacio tiempo curvado<\/strong> de una forma muy particular (concretamente un Anti DeSittertensoriado a otro espacio), el sistema <strong>es completamente equivalente al que describe una teor\u00eda de campos<\/strong> sobre la frontera conforme del espacio-tiempo, frontera que resulta ser\u2026 \u00a1\u00a1un espacio de Minkowsky!! En palabras cotidianas, cada cosa que ocurre en el interior de una esfera de cristal se corresponde con algo que ocurre en su superficie.<\/p>\n<p><img decoding=\"async\" loading=\"lazy\" title=\"la conjetura de Maldacena sobre la teor\u00eda de cuerdas\" src=\"http:\/\/filosofia.laguia2000.com\/wp-content\/uploads\/2010\/10\/la-conjetura-de-Maldacena-sobre-la-teor%C3%ADa-de-cuerdas.jpg\" alt=\"la conjetura de Maldacena sobre la teor\u00eda de cuerdas\" width=\"299\" height=\"253\" \/><\/p>\n<p>&nbsp;<\/p>\n<p style=\"text-align: justify;\">La teor\u00eda de la <a href=\"#\" onclick=\"referencia('relatividad',event); return false;\">relatividad<\/a> general no puede explicar una <a href=\"#\" onclick=\"referencia('singularidad',event); return false;\">singularidad<\/a> como el big bang, porque no contempla el azar, ni tampoco los misteriosos <a href=\"#\" onclick=\"referencia('agujero negro',event); return false;\">agujeros negros<\/a>; por lo tanto para explicar el universo es necesario tener en cuenta tambi\u00e9n la teor\u00eda de cuerdas, porque en algunos casos, las leyes del cosmos parecen no comportarse en forma cl\u00e1sica sino de manera cu\u00e1ntica.<\/p>\n<p style=\"text-align: justify;\">Las consecuencias de esta conjetura son muy importantes, pues existe la posibilidad de que el resto de interacciones (electromagn\u00e9ticas y nucleares) sean <strong>tan s\u00f3lo una ilusi\u00f3n<\/strong>, el reflejo sobre el cristal de un escaparate del contenido de la tienda. As\u00ed, podr\u00eda ser que el electromagnetismo tan s\u00f3lo sea la imagen proyectada de la interacci\u00f3n de algunas cuerdas en un supuesto interior del espacio-tiempo. De la misma manera, la necesidad de compactificar las dimensiones adicionales desaparece en cierto modo si consideramos que, quiz\u00e1s, nuestro mundo sea solamente la frontera; siendo el interior del espacio-tiempo inaccesible.<\/p>\n<p style=\"text-align: justify;\">Es interesante que en un nuevo trabajo que parece bastante importante, Witten ha vuelto a consideraciones dentro de un espacio-tiempo 4-dimensional est\u00e1ndar (aunque sigue habiendo <a href=\"#\" onclick=\"referencia('supersimetria',event); return false;\">supersimetr\u00eda<\/a>). Combinando ideas de la teor\u00eda de twistores y la teor\u00eda de cuerdas, Witten es capaz de obtener algunos resultados fascinantes concernientes a las interacciones de <a href=\"#\" onclick=\"referencia('yang mills',event); return false;\">Yang-Mills<\/a> de varios <a href=\"#\" onclick=\"referencia('gluones',event); return false;\">gluones<\/a>. Este trabajo es particularmente importante desde una perspectiva orientada a los twistores, y bien podr\u00eda llevar a nuevos desarrollos.<\/p>\n<p style=\"text-align: justify;\">La calidad de los logros intelectuales de Witten es extraordinaria. Se puede comentar, por ejemplo, sobre los seminarios de matem\u00e1ticas de Oxford (en la serie de geometr\u00eda y an\u00e1lisis), en los que se ha anunciado alg\u00fan informe nuevo y muy original de alg\u00fan problema, y ha resultado que la idea seminal proced\u00eda en realidad de Witten. A menudo, tales enfoques han abierto un nuevo campo, donde estas ideas imprevistas y nuevas han arrojado un potente fogonazo de luz original sobre problemas matem\u00e1ticos dif\u00edciles (a veces problemas que previamente parec\u00edan intratables). Sin duda, Witten posee una extraordinaria intuici\u00f3n y unos conocimientos matem\u00e1ticos que sobrepasan a los de primer orden; su medalla Field de 1.990 es m\u00e1s que justificada. Sin embargo, sus capacidades, seg\u00fan las ideas que expone, est\u00e1n m\u00e1s cerca de la observaci\u00f3n profunda de la naturaleza. Si \u00e9l tiene raz\u00f3n, entonces quiz\u00e1 \u00e9ste sea uno de los argumentos m\u00e1s contundentes para aceptar sus opiniones de que la <a href=\"#\" onclick=\"referencia('supersimetria',event); return false;\">supersimetr\u00eda<\/a> y la teor\u00eda de cuerdas encuentran un profundo favor en la naturaleza. Por otra parte, \u00a1quiz\u00e1 sea un matem\u00e1tico m\u00e1s notable de lo que \u00e9l mismo admite!<\/p>\n<p style=\"text-align: right;\"><em>emilio silvera<\/em><\/p>\n<div class='bookmark'>\r\n\t\t<table align='left' border='0' cellpadding='0' width='100%'>\r\n\t\t<tr><td><span class='pushbutton'><a href='http:\/\/delicious.com\/post?url=http%3A%2F%2Fwww.emiliosilveravazquez.com%2Fblog%2F2012%2F07%2F28%2F%25c2%25bfd-branas%2F&amp;title=%C2%BFD-branas%3F+%C2%A1Las+nuevas+teor%C3%ADas%21' title='Delicious' target='_blank' rel='nofollow'><img src='http:\/\/www.emiliosilveravazquez.com\/blog\/wp-content\/plugins\/knxdt-bookmarks-wordpress-plugin\/images\/delicious.png'  alt='' class='book_img' border='none' style='margin:1px; padding: 0;'  \/><\/a><\/span><span class='pushbutton'><a href='http:\/\/digg.com\/submit?url=http%3A%2F%2Fwww.emiliosilveravazquez.com%2Fblog%2F2012%2F07%2F28%2F%25c2%25bfd-branas%2F&amp;title=%C2%BFD-branas%3F+%C2%A1Las+nuevas+teor%C3%ADas%21' title='Digg' target='_blank' rel='nofollow'><img src='http:\/\/www.emiliosilveravazquez.com\/blog\/wp-content\/plugins\/knxdt-bookmarks-wordpress-plugin\/images\/digg.png'  alt='' class='book_img' border='none' style='margin:1px; padding: 0;'  \/><\/a><\/span><span class='pushbutton'><a href='http:\/\/www.google.com\/bookmarks\/mark?op=edit&amp;bkmk=http%3A%2F%2Fwww.emiliosilveravazquez.com%2Fblog%2F2012%2F07%2F28%2F%25c2%25bfd-branas%2F&amp;title=%C2%BFD-branas%3F+%C2%A1Las+nuevas+teor%C3%ADas%21' title='Google' target='_blank' rel='nofollow'><img src='http:\/\/www.emiliosilveravazquez.com\/blog\/wp-content\/plugins\/knxdt-bookmarks-wordpress-plugin\/images\/google.png'   alt='' class='book_img' border='none' style='margin:1px; padding: 0;'  \/><\/a><\/span><span class='pushbutton'><a href='http:\/\/myweb2.search.yahoo.com\/myresults\/bookmarklet?u=http%3A%2F%2Fwww.emiliosilveravazquez.com%2Fblog%2F2012%2F07%2F28%2F%25c2%25bfd-branas%2F&amp;t=%C2%BFD-branas%3F+%C2%A1Las+nuevas+teor%C3%ADas%21' title='Yahoo' target='_blank' rel='nofollow'><img src='http:\/\/www.emiliosilveravazquez.com\/blog\/wp-content\/plugins\/knxdt-bookmarks-wordpress-plugin\/images\/yahoo.png'  alt='' class='book_img' border='none' style='margin:1px; padding: 0;'  \/><\/a><\/span><span class='pushbutton'><a href='http:\/\/www.technorati.com\/faves?add=http%3A%2F%2Fwww.emiliosilveravazquez.com%2Fblog%2F2012%2F07%2F28%2F%25c2%25bfd-branas%2F' title='Technorati' target='_blank' rel='nofollow'><img src='http:\/\/www.emiliosilveravazquez.com\/blog\/wp-content\/plugins\/knxdt-bookmarks-wordpress-plugin\/images\/technorati.png'  alt='' class='book_img' border='none' style='margin:1px; padding: 0;'  \/><\/a><\/span><span class='pushbutton'><a href='http:\/\/meneame.net\/submit.php?url=http%3A%2F%2Fwww.emiliosilveravazquez.com%2Fblog%2F2012%2F07%2F28%2F%25c2%25bfd-branas%2F' title='Meneame' target='_blank' rel='nofollow'><img src='http:\/\/www.emiliosilveravazquez.com\/blog\/wp-content\/plugins\/knxdt-bookmarks-wordpress-plugin\/images\/meneame.png'  alt='' class='book_img' border='none' style='margin:1px; padding: 0;'  \/><\/a><\/span><span class='pushbutton'><a href='http:\/\/enchilame.com\/submit.php?url=http:\/\/www.emiliosilveravazquez.com\/blog\/2012\/07\/28\/%c2%bfd-branas\/' target='_blank' rel='nofollow'><img title='Enchilame' src='http:\/\/www.emiliosilveravazquez.com\/blog\/wp-content\/plugins\/knxdt-bookmarks-wordpress-plugin\/images\/enchilame.png'  alt='' class='book_img' border='none' style='margin:1px; padding: 0;'  \/><\/a><\/span><span class='pushbutton'><a href='http:\/\/www.blinklist.com\/index.php?Action=Blink\/addblink.php&amp;Description=&amp;Url=http%3A%2F%2Fwww.emiliosilveravazquez.com%2Fblog%2F2012%2F07%2F28%2F%25c2%25bfd-branas%2F&amp;title=%C2%BFD-branas%3F+%C2%A1Las+nuevas+teor%C3%ADas%21' title='BlinkList' target='_blank' rel='nofollow'><img src='http:\/\/www.emiliosilveravazquez.com\/blog\/wp-content\/plugins\/knxdt-bookmarks-wordpress-plugin\/images\/blinklist.png'  alt='' class='book_img' border='none' style='margin:1px; padding: 0;'  \/><\/a><\/span><span class='pushbutton'><a href='http:\/\/reddit.com\/submit?url=http%3A%2F%2Fwww.emiliosilveravazquez.com%2Fblog%2F2012%2F07%2F28%2F%25c2%25bfd-branas%2F&amp;title=%C2%BFD-branas%3F+%C2%A1Las+nuevas+teor%C3%ADas%21' title='Reddit' target='_blank' rel='nofollow'><img src='http:\/\/www.emiliosilveravazquez.com\/blog\/wp-content\/plugins\/knxdt-bookmarks-wordpress-plugin\/images\/reddit.png'  alt='' class='book_img' border='none' style='margin:1px; padding: 0;'  \/><\/a><\/span><span class='pushbutton'><a href='http:\/\/www.tecnologiadiaria.com\/2009\/07\/abrir-com-hotmail-correo.html' target='_blank' title='hotmail'><img src='http:\/\/www.emiliosilveravazquez.com\/blog\/wp-content\/plugins\/knxdt-bookmarks-wordpress-plugin\/images\/linklove.png' alt='hotmail correo' class='book_img' border='none' style='margin:1px; padding: 0;' \/><\/a><\/span><span class='pushbutton'><a href='http:\/\/bitacoras.com\/votar\/anotacion\/externo\/mini\/www.emiliosilveravazquez.com\/blog\/2012\/07\/28\/%c2%bfd-branas\/' title='Bitacoras.com' target='_blank' rel='nofollow'><img src='http:\/\/www.emiliosilveravazquez.com\/blog\/wp-content\/plugins\/knxdt-bookmarks-wordpress-plugin\/images\/bitacoras.png'  alt='' class='book_img' border='none' style='margin:1px; padding: 0;'  \/><\/a><\/span><span class='pushbutton'><a href='http:\/\/www.wikio.es\/vote?url=http%3A%2F%2Fwww.emiliosilveravazquez.com%2Fblog%2F2012%2F07%2F28%2F%25c2%25bfd-branas%2F' title='Wikio' target='_blank' rel='nofollow'><img src='http:\/\/www.emiliosilveravazquez.com\/blog\/wp-content\/plugins\/knxdt-bookmarks-wordpress-plugin\/images\/wikio.png'   alt='' class='book_img' border='none' style='margin:1px; padding: 0;'   \/><\/a><\/span><span class='pushbutton'><a href='http:\/\/friendfeed.com\/?url=http%3A%2F%2Fwww.emiliosilveravazquez.com%2Fblog%2F2012%2F07%2F28%2F%25c2%25bfd-branas%2F&amp;title=%C2%BFD-branas%3F+%C2%A1Las+nuevas+teor%C3%ADas%21' title='Friend Feed' target='_blank' rel='nofollow'><img src='http:\/\/www.emiliosilveravazquez.com\/blog\/wp-content\/plugins\/knxdt-bookmarks-wordpress-plugin\/images\/friendfeed.png'  alt='' class='book_img' border='none' style='margin:1px; padding: 0;'  \/><\/a><\/span><span class='pushbutton'><a href='http:\/\/www.facebook.com\/share.php?u=http%3A%2F%2Fwww.emiliosilveravazquez.com%2Fblog%2F2012%2F07%2F28%2F%25c2%25bfd-branas%2F&amp;t=%C2%BFD-branas%3F+%C2%A1Las+nuevas+teor%C3%ADas%21' title='Facebook' target='_blank' rel='nofollow'><img src='http:\/\/www.emiliosilveravazquez.com\/blog\/wp-content\/plugins\/knxdt-bookmarks-wordpress-plugin\/images\/facebook.png'  alt='' class='book_img' border='none' style='margin:1px; padding: 0;'  \/><\/a><\/span><span class='pushbutton'><a href='http:\/\/twitter.com\/home?status=%C2%BFD-branas%3F+%C2%A1Las+nuevas+teor%C3%ADas%21: http%3A%2F%2Fwww.emiliosilveravazquez.com%2Fblog%2F2012%2F07%2F28%2F%25c2%25bfd-branas%2F' title='Twitter' target='_blank' rel='nofollow'><img src='http:\/\/www.emiliosilveravazquez.com\/blog\/wp-content\/plugins\/knxdt-bookmarks-wordpress-plugin\/images\/twitter.png'  alt='' class='book_img' border='none' style='margin:1px; padding: 0;'  \/><\/a><\/span><span class='pushbutton'><a href='http:\/\/www.feedburner.com\/fb\/a\/emailFlare?itemTitle=%C2%BFD-branas%3F+%C2%A1Las+nuevas+teor%C3%ADas%21&amp;uri=http%3A%2F%2Fwww.emiliosilveravazquez.com%2Fblog%2F2012%2F07%2F28%2F%25c2%25bfd-branas%2F' title='Enviar por Email' target='_blank' rel='nofollow'><img src='http:\/\/www.emiliosilveravazquez.com\/blog\/wp-content\/plugins\/knxdt-bookmarks-wordpress-plugin\/images\/email.png'  alt='' class='book_img' border='none' style='margin:1px; padding: 0;'  \/><\/a><\/span><span style='font-weight:bold; padding-left: 5px;'><a href='http:\/\/wordpress.org\/extend\/plugins\/knxdt-bookmarks-wordpress-plugin\/' title='Plugin' rel='nofollow' target='_blank'>[?]<\/a><\/span><\/td><\/tr><\/table><br\/><br\/><\/div>","protected":false},"excerpt":{"rendered":"<p>La teor\u00eda tipo I, donde aparecen tanto &#8220;cuerdas&#8221; y D-branas abiertas como cerradas, que se mueven sobre un espacio-tiempo de 10 dimensiones. Las D-branas tienen 1, 5, 9 dimensiones espaciales. &nbsp; \u00bfQu\u00e9 son las D-branas? \u00bfPor qu\u00e9 las requiere la teor\u00eda de cuerdas? La respuesta b\u00e1sica a la segunda pregunta es que dan sentido a [&hellip;]<\/p>\n","protected":false},"author":2,"featured_media":0,"comment_status":"open","ping_status":"open","sticky":false,"template":"","format":"standard","meta":{"_s2mail":"yes","footnotes":""},"categories":[6],"tags":[],"_links":{"self":[{"href":"http:\/\/www.emiliosilveravazquez.com\/blog\/wp-json\/wp\/v2\/posts\/2103"}],"collection":[{"href":"http:\/\/www.emiliosilveravazquez.com\/blog\/wp-json\/wp\/v2\/posts"}],"about":[{"href":"http:\/\/www.emiliosilveravazquez.com\/blog\/wp-json\/wp\/v2\/types\/post"}],"author":[{"embeddable":true,"href":"http:\/\/www.emiliosilveravazquez.com\/blog\/wp-json\/wp\/v2\/users\/2"}],"replies":[{"embeddable":true,"href":"http:\/\/www.emiliosilveravazquez.com\/blog\/wp-json\/wp\/v2\/comments?post=2103"}],"version-history":[{"count":0,"href":"http:\/\/www.emiliosilveravazquez.com\/blog\/wp-json\/wp\/v2\/posts\/2103\/revisions"}],"wp:attachment":[{"href":"http:\/\/www.emiliosilveravazquez.com\/blog\/wp-json\/wp\/v2\/media?parent=2103"}],"wp:term":[{"taxonomy":"category","embeddable":true,"href":"http:\/\/www.emiliosilveravazquez.com\/blog\/wp-json\/wp\/v2\/categories?post=2103"},{"taxonomy":"post_tag","embeddable":true,"href":"http:\/\/www.emiliosilveravazquez.com\/blog\/wp-json\/wp\/v2\/tags?post=2103"}],"curies":[{"name":"wp","href":"https:\/\/api.w.org\/{rel}","templated":true}]}}