{"id":21019,"date":"2018-05-09T05:59:48","date_gmt":"2018-05-09T04:59:48","guid":{"rendered":"http:\/\/www.emiliosilveravazquez.com\/blog\/?p=21019"},"modified":"2018-05-09T05:59:48","modified_gmt":"2018-05-09T04:59:48","slug":"las-escalas-del-universo-no-son-humanas-14","status":"publish","type":"post","link":"http:\/\/www.emiliosilveravazquez.com\/blog\/2018\/05\/09\/las-escalas-del-universo-no-son-humanas-14\/","title":{"rendered":"Las escalas del Universo no son Humanas"},"content":{"rendered":"<h2 style=\"text-align: justify;\"><\/h2>\n<div style=\"text-align: justify;\">\n<h2>\u00a0<img decoding=\"async\" loading=\"lazy\" src=\"http:\/\/djxhemary.files.wordpress.com\/2011\/03\/picture-8192.png\" alt=\"http:\/\/djxhemary.files.wordpress.com\/2011\/03\/picture-8192.png\" width=\"494\" height=\"603\" \/><\/h2>\n<p>&nbsp;<\/p>\n<\/div>\n<div style=\"text-align: justify;\">\u00a0<a href=\"http:\/\/www.emiliosilveravazquez.com\/blog\/2014\/08\/08\/el-pensamiento-asombroso-%c2%a1las-ideas-3\/\" rel=\"prev\">El pensamiento asombroso: \u00a1Las ideas!<\/a><\/div>\n<div style=\"text-align: justify;\"><img decoding=\"async\" loading=\"lazy\" id=\"irc_mi\" src=\"http:\/\/www.elmundocurioso.com\/wp-content\/uploads\/2014\/09\/las-15-cuevas-mas-impresionantes-del-mundo2.jpg\" alt=\"\" width=\"600\" height=\"393\" \/><\/div>\n<div style=\"text-align: justify;\"><a href=\"http:\/\/www.emiliosilveravazquez.com\/blog\/2014\/08\/09\/%c2%a1ah-%c2%bfpero-sabemos-3\/\" rel=\"next\">\u00a1Ah! \u00bfPero sabemos?<\/a><\/div>\n<h3 style=\"text-align: justify;\"><\/h3>\n<p style=\"text-align: justify;\"><img decoding=\"async\" loading=\"lazy\" id=\"irc_mi\" src=\"http:\/\/4.bp.blogspot.com\/-u8WDGlcAfQQ\/Ue_3Z7kK2-I\/AAAAAAAACBo\/kMqJ63oYjU0\/s1600\/123.jpg\" alt=\"\" width=\"659\" height=\"393\" \/><\/p>\n<div>\n<div style=\"text-align: justify;\">\n<h2>\u00a0\u00a0<a href=\"http:\/\/www.emiliosilveravazquez.com\/blog\/2013\/06\/10\/%c2%bfla-quimica-algo-mas-que-alquimia\/\" rel=\"prev\">\u00bfLa Qu\u00edmica? Algo m\u00e1s que Alquimia<\/a><\/h2>\n<p>&nbsp;<\/p>\n<p>&nbsp;<\/p>\n<p><img decoding=\"async\" loading=\"lazy\" id=\"irc_mi\" src=\"http:\/\/spaceinimages.esa.int\/var\/esa\/storage\/images\/esa_multimedia\/images\/2011\/04\/ams-02_on_iss2\/10271950-2-eng-GB\/AMS-02_on_ISS.jpg\" alt=\"\" width=\"699\" height=\"393\" \/><\/p>\n<p>&nbsp;<\/p>\n<p>&nbsp;<\/p>\n<p>&nbsp;<\/p>\n<p>El a\u00f1o 2.013, el Trasbordador Espacial transport\u00f3 el segundo Espectr\u00f3metro Magn\u00e9tico Alfa (AMS-02) a la Estaci\u00f3n Espacial Internacional, un detector de rayos c\u00f3smicos. Ve\u00e1mos ahora que son esos rayos y de qu\u00e9 part\u00edculas est\u00e1n formados. Si son primarios o secundarios&#8230;<\/p>\n<p>&nbsp;<\/p>\n<\/div>\n<div style=\"text-align: justify;\"><a href=\"http:\/\/www.emiliosilveravazquez.com\/blog\/2013\/06\/10\/ano-internacional-de-la-astronomia-2009-en-espana-aia-iya2009-30\/\" rel=\"next\">Rayos C\u00f3smicos y otros temas del Universo<\/a><\/div>\n<div style=\"text-align: justify;\"><img decoding=\"async\" src=\"http:\/\/biancaatwell.com\/wp-content\/uploads\/2010\/12\/o_rayos.jpg\" alt=\"Resultado de imagen de rayos c\u00c3\u00b3smicos\" \/><\/div>\n<div style=\"text-align: justify;\">\u00a1Es tan grande el Universo! \u00a1Esconde tantos secretos! Que no hemos podido descubrirlos todos ni llegar a sus confines. No sabemos, a ciencia cierta, qu\u00e9 habr\u00e1 m\u00e1s all\u00e1 de los &#8220;bordes&#8221; del Universo. Algunos estudios realizados en profundidad hablan de que se vislumbra la existencia de algo grande situado mucho m\u00e1s lejos de lo que se supone ser\u00eda el final del nuestro Universo. \u00bfQu\u00e9 podr\u00e1 ser? \u00bfOtros universos?<\/div>\n<p style=\"text-align: justify;\"><img decoding=\"async\" loading=\"lazy\" id=\"irc_mi\" src=\"http:\/\/3.bp.blogspot.com\/-Hk7VFlTOlsk\/Uck5XGrEC2I\/AAAAAAAAImU\/SyO0ZW3zFD4\/s1600\/DSCN5258.JPG\" alt=\"\" width=\"524\" height=\"393\" \/><\/p>\n<p style=\"text-align: justify;\">\u00a0 \u00a0 \u00a0 \u00a0 \u00a0 \u00a0 \u00a0 \u00a0A nuestro alrededor pasan muchas cosas a las que no prestamos atenci\u00f3n<\/p>\n<div>\n<p style=\"text-align: justify;\">Es f\u00e1cil caer en la tentaci\u00f3n de mirarnos el ombligo y no hacerlo al entorno que nos rodea. Muchas m\u00e1s cosas habr\u00edamos evitado y habr\u00edamos descubierto si por una sola vez hubi\u00e9semos dejado el ego a un lado y, en lugar de estar pendientes de nosotros mismos, lo hubi\u00e9ramos hecho con respecto a la Naturaleza que, en definitiva, es la que nos ense\u00f1a el camino a seguir.<\/p>\n<p style=\"text-align: justify;\"><img decoding=\"async\" loading=\"lazy\" id=\"irc_mi\" src=\"http:\/\/4.bp.blogspot.com\/-hUuayXUU0Nc\/TfWQR686jsI\/AAAAAAAAAY4\/vOn61p_KR54\/s1600\/Universo+observable.jpg\" alt=\"\" width=\"500\" height=\"391\" \/><\/p>\n<p style=\"text-align: justify;\"><em>La edad actual del universo visible \u2248 10<sup>60<\/sup>\u00a0tiempos de Planck<\/em><\/p>\n<p style=\"text-align: justify;\"><em>Tama\u00f1o actual del Universo visible \u2248 10<sup>60<\/sup>\u00a0longitudes de Planck<\/em><\/p>\n<p style=\"text-align: justify;\"><em>La masa actual del Universo visible \u2248 10<sup>60<\/sup>\u00a0masas de Planck<\/em><\/p>\n<p style=\"text-align: justify;\"><img decoding=\"async\" src=\"https:\/\/www.eluniverso.com\/sites\/default\/files\/styles\/powgallery_800\/public\/fotos\/2018\/03\/missing_dark_matter_23127152.jpg?itok=p6b1qTMt\" alt=\"Resultado de imagen de La baja densidad de la materia del Universo\" \/><\/p>\n<p style=\"text-align: justify;\">\u00a0 \u00a0 \u00a0 \u00a0 \u00a0 \u00a0 \u00a0 \u00a0 \u00a0 \u00a0 Esta de arriba dicen que es una galaxia sin <a href=\"#\" onclick=\"referencia('materia oscura',event); return false;\">materia oscura<\/a>&#8230; \u00a1Qu\u00e9 imaginaci\u00f3n!<\/p>\n<p style=\"text-align: justify;\"><em><\/em>Vemos as\u00ed que la baj\u00edsima densidad de materia en el universo es un reflejo del hecho de que:<\/p>\n<p style=\"text-align: justify;\"><em>Densidad actual del universo visible \u224810<sup>-120<\/sup>\u00a0de la densidad de Planck<\/em><\/p>\n<p style=\"text-align: justify;\"><em><\/em>Y la temperatura del espacio, a 3 grados sobre el cero absoluto es, por tanto<\/p>\n<p style=\"text-align: justify;\"><em>Temperatura actual del Universo visible \u2248 10<sup>-30<\/sup>\u00a0de la T. de\u00a0Planck<\/em><\/p>\n<p style=\"text-align: justify;\"><img decoding=\"async\" loading=\"lazy\" id=\"irc_mi\" src=\"http:\/\/astronomia.net\/cosmologia\/imageF20.JPG\" alt=\"\" width=\"521\" height=\"393\" \/><\/p>\n<p style=\"text-align: justify;\">Estos n\u00fameros extraordinariamente grandes y estas fracciones extraordinariamente peque\u00f1as nos muestran inmediatamente que el universo est\u00e1 estructurado en una escala sobrehumana de proporciones asombrosas cuando la sopesamos en los balances de su propia construcci\u00f3n.<\/p>\n<p style=\"text-align: justify;\">Con respecto a sus propios patrones, el universo es viejo. El tiempo de vida natural de un mundo gobernado por la gravedad, la\u00a0<a href=\"http:\/\/www.emiliosilveravazquez.com\/blog\/2014\/08\/08\/las-escalas-del-universo-no-son-humanas-3\/#\"><a href=\"#\" onclick=\"referencia('relatividad',event); return false;\">relatividad<\/a><\/a>\u00a0y la mec\u00e1nica cu\u00e1ntica es el fugaz breve\u00a0<a href=\"http:\/\/www.emiliosilveravazquez.com\/blog\/2014\/08\/08\/las-escalas-del-universo-no-son-humanas-3\/#\"><a href=\"#\" onclick=\"referencia('planck tiempo de',event); return false;\">tiempo de Planck<\/a><\/a>. Parece que es mucho m\u00e1s viejo de lo que deber\u00eda ser.<\/p>\n<p style=\"text-align: justify;\">Pero, pese a la enorme edad del universo en \u201ctics\u201d de Tiempo de Planck,\u00a0 hemos aprendido que casi todo este tiempo es necesario para producir estrellas y los elementos qu\u00edmicos que traen la vida.<\/p>\n<p style=\"text-align: justify;\"><img decoding=\"async\" loading=\"lazy\" id=\"irc_mi\" src=\"http:\/\/ceibal.elpais.com.uy\/wp-content\/uploads\/2013\/03\/Universo.jpg\" alt=\"\" width=\"590\" height=\"393\" \/><\/p>\n<blockquote><p>&nbsp;<\/p>\n<p style=\"text-align: justify;\">&#8220;\u00bfPor qu\u00e9 nuestro universo no es mucho m\u00e1s viejo de lo que parece ser? Es f\u00e1cil entender por qu\u00e9 el universo no es mucho m\u00e1s joven. Las estrellas tardan mucho tiempo en formarse y producir elementos m\u00e1s pesados que son las que requiere la complejidad biol\u00f3gica. Pero los universos viejos tambi\u00e9n tienen sus problemas. Conforme para el tiempo en el universo el proceso de formaci\u00f3n de estrellas se frena. Todo el gas y el polvo c\u00f3smico que constituyen las materias primas de las estrellas habr\u00edan sido procesados por las estrellas y lanzados al espacio intergal\u00e1ctico donde no pueden enfriarse y fundirse en nuevas estrellas.&#8221;<\/p>\n<p>&nbsp;<\/p>\n<p>&nbsp;<\/p>\n<p>&nbsp;<\/p>\n<p><img decoding=\"async\" src=\"http:\/\/i49.tinypic.com\/2s5zku0.jpg\" alt=\"Resultado de imagen de Regi\u00c3\u00b3n de pocas estrellas\" \/><\/p>\n<p>&nbsp;<\/p>\n<p>&nbsp;<\/p>\n<p>&nbsp;<\/p><\/blockquote>\n<p style=\"text-align: justify;\">Pocas estrellas hacen que, a su vez, tambi\u00e9n sean pocos los sistemas solares y los planetas. Los planetas que se forman son menos activos que los que se formaron antes, la\u00a0<a href=\"http:\/\/www.emiliosilveravazquez.com\/blog\/2014\/08\/08\/las-escalas-del-universo-no-son-humanas-3\/#\"><a href=\"#\" onclick=\"referencia('entropia',event); return false;\">entrop\u00eda<\/a><\/a>\u00a0va debilitando la energ\u00eda del sistema para realizar trabajo. La producci\u00f3n de elementos radiactivos en las estrellas disminuir\u00e1, y los que se formen tendr\u00e1n semividas m\u00e1s largas. Los nuevos planetas ser\u00e1n menos activos geol\u00f3gicamente y carecer\u00e1n de muchos de los movimientos internos que impulsan el vulcanismo, la deriva continental y la elevaci\u00f3n de las monta\u00f1as en el planeta. Si esto tambi\u00e9n hace menos probable la presencia de un campo magn\u00e9tico en un planeta, entonces ser\u00e1 muy poco probable que la vida evolucione hasta formas complejas.<\/p>\n<p style=\"text-align: justify;\">Las estrellas t\u00edpicas como el Sol, emiten desde su superficie un viento de part\u00edculas cargadas el\u00e9ctricamente que barre las atm\u00f3sferas de los planetas en \u00f3rbitas a su alrededor y, a menos que el viento pueda ser desviado por un campo magn\u00e9tico, los posibles habitantes de ese planeta lo podr\u00edan tener complicado soportando tal lluvia de\u00a0<a href=\"http:\/\/www.emiliosilveravazquez.com\/blog\/2014\/08\/08\/las-escalas-del-universo-no-son-humanas-3\/#\"><a href=\"#\" onclick=\"referencia('radiactividad',event); return false;\">radiactividad<\/a><\/a>. En nuestro sistema solar el campo magn\u00e9tico de la Tierra ha protegido su atm\u00f3sfera del viento solar, pero Marte, que no est\u00e1 protegido por ning\u00fan campo magn\u00e9tico, perdi\u00f3 su atm\u00f3sfera hace tiempo.<\/p>\n<p style=\"text-align: justify;\"><img decoding=\"async\" src=\"https:\/\/unamiradaamiuniverso.files.wordpress.com\/2015\/09\/282c106140c13eaf7ecdaba97929a7b5.jpg\" alt=\"Resultado de imagen de La vida presente en todo el Universo\" \/><\/p>\n<p style=\"text-align: justify;\">La vida (creo), estar\u00e1 presente en muchos mundos que, al igual que la Tierra, ofrece las condiciones adecuadas<\/p>\n<p style=\"text-align: justify;\">Probablemente no es f\u00e1cil mantener una larga vida en un planeta del Sistema solar. Poco a poco hemos llegado a apreciar cu\u00e1n precaria es. Dejando a un lado los intentos que siguen realizando los seres vivos de extinguirse a s\u00ed mismos, agotar los recursos naturales, propagar infecciones letales y venenos mortales y emponzo\u00f1ar la atm\u00f3sfera, tambi\u00e9n existen serias amenazas exteriores.<\/p>\n<p style=\"text-align: justify;\">Los movimientos de cometas y asteroides, a pesar de tener la defensa de J\u00fapiter, son una seria y cierta amenaza para el desarrollo y persistencia de vida inteligente en las primeras etapas. Los impactos no han sido infrecuentes en el pasado lejano de la Tierra, habiendo tenido efectos catastr\u00f3ficos.\u00a0 Somos afortunados al tener la protecci\u00f3n de la Luna y de la enorme masa de J\u00fapiter que atrae hacia s\u00ed los cuerpos que llegan desde el exterior desvi\u00e1ndolos de su probable trayectoria hacia nuestro planeta.<\/p>\n<p style=\"text-align: justify;\"><img decoding=\"async\" loading=\"lazy\" id=\"irc_mi\" src=\"http:\/\/geofrikphotos.files.wordpress.com\/2013\/02\/caida-de-meteoritos.jpg\" alt=\"\" width=\"496\" height=\"393\" \/><\/p>\n<p style=\"text-align: justify;\">La ca\u00edda en el planeta de uno de estos enormes pedruscos podr\u00eda producir extinciones globales y retrasar en millones de a\u00f1os la evoluci\u00f3n que tantos miles de millones de a\u00f1os le cost\u00f3 al Universo para poder\u00a0<a href=\"http:\/\/www.emiliosilveravazquez.com\/blog\/2014\/08\/08\/las-escalas-del-universo-no-son-humanas-3\/#\"><a href=\"#\" onclick=\"referencia('plasma',event); return false;\">plasma<\/a><\/a>rla en una realidad que llamamos vida.<\/p>\n<p style=\"text-align: justify;\">El secreto reside en el tiempo biol\u00f3gico necesario para desarrollar la vida y el tiempo necesario para desarrollar estrellas de segunda generaci\u00f3n y siguientes que en\u00a0<a href=\"http:\/\/www.emiliosilveravazquez.com\/blog\/2013\/06\/10\/las-escalas-del-universo-no-son-humanas-2\/#\">novas<\/a>\u00a0y supernovas cristalicen los materiales complejos necesarios para la vida, tales como el hidr\u00f3geno, nitr\u00f3geno, ox\u00edgeno, carbono, etc.<\/p>\n<p style=\"text-align: justify;\">Parece que la similitud en los \u201ctiempos\u201d no es una simple coincidencia.\u00a0 El argumento, en su forma m\u00e1s simple, lo introdujo Brandon Carter y lo desarroll\u00f3 John D. Barrow por un lado y por Frank Tipler por otro. Al menos, en el primer sistema solar habitado observado, \u00a1el nuestro!, parece que s\u00ed hay alguna relaci\u00f3n entre t(bio) y t(estrella) que son aproximadamente iguales; el t(bio) \u2013 tiempo biol\u00f3gico para la aparici\u00f3n de la vida \u2013 algo m\u00e1s extenso.<\/p>\n<p style=\"text-align: justify;\"><img decoding=\"async\" src=\"http:\/\/i48.tinypic.com\/2zr1hcg.jpg\" alt=\"Resultado de imagen de Atm\u00c3\u00b3sfera planetaria adecuada para la vida\" \/><\/p>\n<p style=\"text-align: justify;\">\u00a0\u00a0\u00a0\u00a0\u00a0\u00a0\u00a0\u00a0\u00a0 Una atm\u00f3sfera planetaria adecuada dar\u00e1 la opci\u00f3n de que evolucione la vida y se creen sociedades<\/p>\n<p style=\"text-align: justify;\">La evoluci\u00f3n de una atm\u00f3sfera planetaria que sustente la vida requiere una fase inicial durante la cual el ox\u00edgeno es liberado por la fotodisociaci\u00f3n de vapor de agua. En la Tierra esto necesit\u00f3 2.400 millones de a\u00f1os y llev\u00f3 el ox\u00edgeno atmosf\u00e9rico a aproximadamente una mil\u00e9sima de su valor actual.\u00a0 Cabr\u00eda esperar que la longitud de esta fase fuera inversamente proporcional a la intensidad de la radiaci\u00f3n en el intervalo de longitudes de onda del orden de 1000-2000 \u00e1ngstroms, donde est\u00e1n los niveles moleculares clave para la absorci\u00f3n de agua.<\/p>\n<p style=\"text-align: justify;\">Este simple modelo indica la ruta que vincula las escalas del tiempo bioqu\u00edmico de evoluci\u00f3n de la vida y la del tiempo astrof\u00edsico que determina el tiempo requerido para crear un ambiente sustentado por una estrella estable que consume hidr\u00f3geno en la secuencia principal y env\u00eda luz y calor a los planetas del Sistema Solar que ella misma forma como objeto principal.<\/p>\n<p style=\"text-align: justify;\">A muchos les cuesta trabajo admitir la presencia de vida en el universo como algo natural y corriente, ellos abogan por la inevitabilidad de un universo grande y fr\u00edo en el que es dif\u00edcil la aparici\u00f3n de la vida, y en el supuesto de que \u00e9sta aparezca, ser\u00e1 muy parecida a la nuestra.<\/p>\n<p style=\"text-align: justify;\"><img decoding=\"async\" loading=\"lazy\" id=\"irc_mi\" src=\"http:\/\/3.bp.blogspot.com\/-TMBXpWOCtiI\/TgULjALqN1I\/AAAAAAAABo4\/UdCkfH_7Rf4\/s1600\/alien-crystal-silicon-based.gif\" alt=\"\" width=\"495\" height=\"393\" \/><\/p>\n<blockquote>\n<p style=\"text-align: justify;\"><strong>\u201cLas historias de ciencia ficci\u00f3n en las cuales se sugiere la existencia de seres vivos construidos de silicio en vez del carbono han proliferado desde hace varias d\u00e9cadas, por ejemplo, en los argumentos de muchas pel\u00edculas y series de TV. La idea no es nueva, pues esta se origin\u00f3 en 1891 (\u00a1!), cuando Julio Sheiner escribi\u00f3 sobre la posibilidad de vida extraterrestre fundada en el Silicio.<\/strong>\u201d\u00a0<strong><a href=\"mailto:biologycabinet@hotmail.com\" target=\"_self\">Bi\u00f3l. Nasif Nahle<\/a><\/strong><\/p>\n<p style=\"text-align: justify;\">\n<\/blockquote>\n<p style=\"text-align: justify;\">Los bi\u00f3logos, sin embargo, parecen admitir sin problemas la posibilidad de otras formas de vida, pero no est\u00e1n tan seguros de que sea probable que se desarrollen espont\u00e1neamente, sin un empuj\u00f3n de formas de vida basadas en el carbono. La mayor\u00eda de las estimaciones de la probabilidad de que haya inteligencias extraterrestres en el universo se centran en formas de vida similares a nosotros que habiten en planetas parecidos a la Tierra y que necesiten agua y ox\u00edgeno o similar con una atm\u00f3sfera gaseosa y las dem\u00e1s condiciones de la distancia entre el planeta y su estrella, la radiaci\u00f3n recibida, etc. En este punto, parece l\u00f3gico recordar que antes de 1.957 se descubri\u00f3 la coincidencia entre los valores de las\u00a0<strong>constantes de la Naturaleza<\/strong>\u00a0que tienen importantes consecuencias para la posible existencia de carbono y ox\u00edgeno, y con ello para la vida en el universo.<\/p>\n<p style=\"text-align: justify;\">De todas las maneras, negar alguna posibilidad ser\u00eda temeraria, toda vez que, si miramos en ese fant\u00e1stico &#8220;universo&#8221; de los microbios y bacterias&#8230; \u00a1Tenemos motivos m\u00e1s que suficientes para sorprendernos de lo que son capaces de hacer para vivir! \u00bfPor qu\u00e9 en mundos imposibles no podr\u00eda pasar lo mismo, hasta con seres que hayan podido alcanzar la consciencia de Ser?<\/p>\n<p style=\"text-align: justify;\">emilio silvera<\/p>\n<\/div>\n<\/div>\n<p>&nbsp;<\/p>\n<div class='bookmark'>\r\n\t\t<table align='left' border='0' cellpadding='0' width='100%'>\r\n\t\t<tr><td><span class='pushbutton'><a href='http:\/\/delicious.com\/post?url=http%3A%2F%2Fwww.emiliosilveravazquez.com%2Fblog%2F2018%2F05%2F09%2Flas-escalas-del-universo-no-son-humanas-14%2F&amp;title=Las+escalas+del+Universo+no+son+Humanas' title='Delicious' target='_blank' rel='nofollow'><img src='http:\/\/www.emiliosilveravazquez.com\/blog\/wp-content\/plugins\/knxdt-bookmarks-wordpress-plugin\/images\/delicious.png'  alt='' class='book_img' border='none' style='margin:1px; padding: 0;'  \/><\/a><\/span><span class='pushbutton'><a href='http:\/\/digg.com\/submit?url=http%3A%2F%2Fwww.emiliosilveravazquez.com%2Fblog%2F2018%2F05%2F09%2Flas-escalas-del-universo-no-son-humanas-14%2F&amp;title=Las+escalas+del+Universo+no+son+Humanas' title='Digg' target='_blank' rel='nofollow'><img src='http:\/\/www.emiliosilveravazquez.com\/blog\/wp-content\/plugins\/knxdt-bookmarks-wordpress-plugin\/images\/digg.png'  alt='' class='book_img' border='none' style='margin:1px; padding: 0;'  \/><\/a><\/span><span class='pushbutton'><a href='http:\/\/www.google.com\/bookmarks\/mark?op=edit&amp;bkmk=http%3A%2F%2Fwww.emiliosilveravazquez.com%2Fblog%2F2018%2F05%2F09%2Flas-escalas-del-universo-no-son-humanas-14%2F&amp;title=Las+escalas+del+Universo+no+son+Humanas' title='Google' target='_blank' rel='nofollow'><img src='http:\/\/www.emiliosilveravazquez.com\/blog\/wp-content\/plugins\/knxdt-bookmarks-wordpress-plugin\/images\/google.png'   alt='' class='book_img' border='none' style='margin:1px; padding: 0;'  \/><\/a><\/span><span class='pushbutton'><a href='http:\/\/myweb2.search.yahoo.com\/myresults\/bookmarklet?u=http%3A%2F%2Fwww.emiliosilveravazquez.com%2Fblog%2F2018%2F05%2F09%2Flas-escalas-del-universo-no-son-humanas-14%2F&amp;t=Las+escalas+del+Universo+no+son+Humanas' title='Yahoo' target='_blank' rel='nofollow'><img src='http:\/\/www.emiliosilveravazquez.com\/blog\/wp-content\/plugins\/knxdt-bookmarks-wordpress-plugin\/images\/yahoo.png'  alt='' class='book_img' border='none' style='margin:1px; padding: 0;'  \/><\/a><\/span><span class='pushbutton'><a href='http:\/\/www.technorati.com\/faves?add=http%3A%2F%2Fwww.emiliosilveravazquez.com%2Fblog%2F2018%2F05%2F09%2Flas-escalas-del-universo-no-son-humanas-14%2F' title='Technorati' target='_blank' rel='nofollow'><img src='http:\/\/www.emiliosilveravazquez.com\/blog\/wp-content\/plugins\/knxdt-bookmarks-wordpress-plugin\/images\/technorati.png'  alt='' class='book_img' border='none' style='margin:1px; padding: 0;'  \/><\/a><\/span><span class='pushbutton'><a href='http:\/\/meneame.net\/submit.php?url=http%3A%2F%2Fwww.emiliosilveravazquez.com%2Fblog%2F2018%2F05%2F09%2Flas-escalas-del-universo-no-son-humanas-14%2F' title='Meneame' target='_blank' rel='nofollow'><img src='http:\/\/www.emiliosilveravazquez.com\/blog\/wp-content\/plugins\/knxdt-bookmarks-wordpress-plugin\/images\/meneame.png'  alt='' class='book_img' border='none' style='margin:1px; padding: 0;'  \/><\/a><\/span><span class='pushbutton'><a href='http:\/\/enchilame.com\/submit.php?url=http:\/\/www.emiliosilveravazquez.com\/blog\/2018\/05\/09\/las-escalas-del-universo-no-son-humanas-14\/' target='_blank' rel='nofollow'><img title='Enchilame' src='http:\/\/www.emiliosilveravazquez.com\/blog\/wp-content\/plugins\/knxdt-bookmarks-wordpress-plugin\/images\/enchilame.png'  alt='' class='book_img' border='none' style='margin:1px; padding: 0;'  \/><\/a><\/span><span class='pushbutton'><a href='http:\/\/www.blinklist.com\/index.php?Action=Blink\/addblink.php&amp;Description=&amp;Url=http%3A%2F%2Fwww.emiliosilveravazquez.com%2Fblog%2F2018%2F05%2F09%2Flas-escalas-del-universo-no-son-humanas-14%2F&amp;title=Las+escalas+del+Universo+no+son+Humanas' title='BlinkList' target='_blank' rel='nofollow'><img src='http:\/\/www.emiliosilveravazquez.com\/blog\/wp-content\/plugins\/knxdt-bookmarks-wordpress-plugin\/images\/blinklist.png'  alt='' class='book_img' border='none' style='margin:1px; padding: 0;'  \/><\/a><\/span><span class='pushbutton'><a href='http:\/\/reddit.com\/submit?url=http%3A%2F%2Fwww.emiliosilveravazquez.com%2Fblog%2F2018%2F05%2F09%2Flas-escalas-del-universo-no-son-humanas-14%2F&amp;title=Las+escalas+del+Universo+no+son+Humanas' title='Reddit' target='_blank' rel='nofollow'><img src='http:\/\/www.emiliosilveravazquez.com\/blog\/wp-content\/plugins\/knxdt-bookmarks-wordpress-plugin\/images\/reddit.png'  alt='' class='book_img' border='none' style='margin:1px; padding: 0;'  \/><\/a><\/span><span class='pushbutton'><a href='http:\/\/www.tecnologiadiaria.com\/2009\/07\/abrir-com-hotmail-correo.html' target='_blank' title='hotmail'><img src='http:\/\/www.emiliosilveravazquez.com\/blog\/wp-content\/plugins\/knxdt-bookmarks-wordpress-plugin\/images\/linklove.png' alt='hotmail correo' class='book_img' border='none' style='margin:1px; padding: 0;' \/><\/a><\/span><span class='pushbutton'><a href='http:\/\/bitacoras.com\/votar\/anotacion\/externo\/mini\/www.emiliosilveravazquez.com\/blog\/2018\/05\/09\/las-escalas-del-universo-no-son-humanas-14\/' title='Bitacoras.com' target='_blank' rel='nofollow'><img src='http:\/\/www.emiliosilveravazquez.com\/blog\/wp-content\/plugins\/knxdt-bookmarks-wordpress-plugin\/images\/bitacoras.png'  alt='' class='book_img' border='none' style='margin:1px; padding: 0;'  \/><\/a><\/span><span class='pushbutton'><a href='http:\/\/www.wikio.es\/vote?url=http%3A%2F%2Fwww.emiliosilveravazquez.com%2Fblog%2F2018%2F05%2F09%2Flas-escalas-del-universo-no-son-humanas-14%2F' title='Wikio' target='_blank' rel='nofollow'><img src='http:\/\/www.emiliosilveravazquez.com\/blog\/wp-content\/plugins\/knxdt-bookmarks-wordpress-plugin\/images\/wikio.png'   alt='' class='book_img' border='none' style='margin:1px; padding: 0;'   \/><\/a><\/span><span class='pushbutton'><a href='http:\/\/friendfeed.com\/?url=http%3A%2F%2Fwww.emiliosilveravazquez.com%2Fblog%2F2018%2F05%2F09%2Flas-escalas-del-universo-no-son-humanas-14%2F&amp;title=Las+escalas+del+Universo+no+son+Humanas' title='Friend Feed' target='_blank' rel='nofollow'><img src='http:\/\/www.emiliosilveravazquez.com\/blog\/wp-content\/plugins\/knxdt-bookmarks-wordpress-plugin\/images\/friendfeed.png'  alt='' class='book_img' border='none' style='margin:1px; padding: 0;'  \/><\/a><\/span><span class='pushbutton'><a href='http:\/\/www.facebook.com\/share.php?u=http%3A%2F%2Fwww.emiliosilveravazquez.com%2Fblog%2F2018%2F05%2F09%2Flas-escalas-del-universo-no-son-humanas-14%2F&amp;t=Las+escalas+del+Universo+no+son+Humanas' title='Facebook' target='_blank' rel='nofollow'><img src='http:\/\/www.emiliosilveravazquez.com\/blog\/wp-content\/plugins\/knxdt-bookmarks-wordpress-plugin\/images\/facebook.png'  alt='' class='book_img' border='none' style='margin:1px; padding: 0;'  \/><\/a><\/span><span class='pushbutton'><a href='http:\/\/twitter.com\/home?status=Las+escalas+del+Universo+no+son+Humanas: http%3A%2F%2Fwww.emiliosilveravazquez.com%2Fblog%2F2018%2F05%2F09%2Flas-escalas-del-universo-no-son-humanas-14%2F' title='Twitter' target='_blank' rel='nofollow'><img src='http:\/\/www.emiliosilveravazquez.com\/blog\/wp-content\/plugins\/knxdt-bookmarks-wordpress-plugin\/images\/twitter.png'  alt='' class='book_img' border='none' style='margin:1px; padding: 0;'  \/><\/a><\/span><span class='pushbutton'><a href='http:\/\/www.feedburner.com\/fb\/a\/emailFlare?itemTitle=Las+escalas+del+Universo+no+son+Humanas&amp;uri=http%3A%2F%2Fwww.emiliosilveravazquez.com%2Fblog%2F2018%2F05%2F09%2Flas-escalas-del-universo-no-son-humanas-14%2F' title='Enviar por Email' target='_blank' rel='nofollow'><img src='http:\/\/www.emiliosilveravazquez.com\/blog\/wp-content\/plugins\/knxdt-bookmarks-wordpress-plugin\/images\/email.png'  alt='' class='book_img' border='none' style='margin:1px; padding: 0;'  \/><\/a><\/span><span style='font-weight:bold; padding-left: 5px;'><a href='http:\/\/wordpress.org\/extend\/plugins\/knxdt-bookmarks-wordpress-plugin\/' title='Plugin' rel='nofollow' target='_blank'>[?]<\/a><\/span><\/td><\/tr><\/table><br\/><br\/><\/div>","protected":false},"excerpt":{"rendered":"<p>\u00a0 &nbsp; \u00a0El pensamiento asombroso: \u00a1Las ideas! \u00a1Ah! \u00bfPero sabemos? \u00a0\u00a0\u00bfLa Qu\u00edmica? Algo m\u00e1s que Alquimia &nbsp; &nbsp; &nbsp; &nbsp; &nbsp; El a\u00f1o 2.013, el Trasbordador Espacial transport\u00f3 el segundo Espectr\u00f3metro Magn\u00e9tico Alfa (AMS-02) a la Estaci\u00f3n Espacial Internacional, un detector de rayos c\u00f3smicos. Ve\u00e1mos ahora que son esos rayos y de qu\u00e9 part\u00edculas est\u00e1n [&hellip;]<\/p>\n","protected":false},"author":2,"featured_media":0,"comment_status":"open","ping_status":"open","sticky":false,"template":"","format":"standard","meta":{"_s2mail":"yes","footnotes":""},"categories":[190],"tags":[],"_links":{"self":[{"href":"http:\/\/www.emiliosilveravazquez.com\/blog\/wp-json\/wp\/v2\/posts\/21019"}],"collection":[{"href":"http:\/\/www.emiliosilveravazquez.com\/blog\/wp-json\/wp\/v2\/posts"}],"about":[{"href":"http:\/\/www.emiliosilveravazquez.com\/blog\/wp-json\/wp\/v2\/types\/post"}],"author":[{"embeddable":true,"href":"http:\/\/www.emiliosilveravazquez.com\/blog\/wp-json\/wp\/v2\/users\/2"}],"replies":[{"embeddable":true,"href":"http:\/\/www.emiliosilveravazquez.com\/blog\/wp-json\/wp\/v2\/comments?post=21019"}],"version-history":[{"count":0,"href":"http:\/\/www.emiliosilveravazquez.com\/blog\/wp-json\/wp\/v2\/posts\/21019\/revisions"}],"wp:attachment":[{"href":"http:\/\/www.emiliosilveravazquez.com\/blog\/wp-json\/wp\/v2\/media?parent=21019"}],"wp:term":[{"taxonomy":"category","embeddable":true,"href":"http:\/\/www.emiliosilveravazquez.com\/blog\/wp-json\/wp\/v2\/categories?post=21019"},{"taxonomy":"post_tag","embeddable":true,"href":"http:\/\/www.emiliosilveravazquez.com\/blog\/wp-json\/wp\/v2\/tags?post=21019"}],"curies":[{"name":"wp","href":"https:\/\/api.w.org\/{rel}","templated":true}]}}