{"id":20999,"date":"2018-05-06T09:22:26","date_gmt":"2018-05-06T08:22:26","guid":{"rendered":"http:\/\/www.emiliosilveravazquez.com\/blog\/?p=20999"},"modified":"2018-05-06T09:22:26","modified_gmt":"2018-05-06T08:22:26","slug":"%c2%bfque-pasaria-si-la-tierra-girara-al-reves","status":"publish","type":"post","link":"http:\/\/www.emiliosilveravazquez.com\/blog\/2018\/05\/06\/%c2%bfque-pasaria-si-la-tierra-girara-al-reves\/","title":{"rendered":"\u00bfQu\u00e9 pasar\u00eda si la Tierra girara al rev\u00e9s?"},"content":{"rendered":"<p style=\"text-align: justify;\">\n<nav>\n<div><a title=\"Noticias de Ciencia\" href=\"http:\/\/www.abc.es\/ciencia\/\">CIENCI<\/a>A_ABC<\/div>\n<\/nav>\n<p> <img decoding=\"async\" src=\"http:\/\/www.abc.es\/media\/ciencia\/2018\/05\/04\/AdobeStock_199615374-kZxF--620x349@abc.jpg\" alt=\"La Tierra gira sobre su eje en la misma direcci\u00f3n desde hace miles de millones de a\u00f1os\" \/><\/p>\n<p>&nbsp;<\/p>\n<p style=\"text-align: justify;\">La Tierra gira sobre su eje en la misma direcci\u00f3n desde hace miles de millones de a\u00f1os &#8211;\u00a0Fotolia<\/p>\n<h1 style=\"text-align: justify;\"><\/h1>\n<h2 style=\"text-align: justify;\">El mundo ser\u00eda muy diferente: los desiertos se desplazar\u00edan de lugar y cambiar\u00edan las corrientes oce\u00e1nicas<\/h2>\n<p>&nbsp;<\/p>\n<p>&nbsp;<\/p>\n<p>&nbsp;<\/p>\n<p><img decoding=\"async\" src=\"http:\/\/2.bp.blogspot.com\/-DIDGd5Nc-7g\/TtvsyJWLGoI\/AAAAAAAAJ74\/5EXEwCvxQKA\/s1600\/retrotierra%2525207.jpg\" alt=\"Resultado de imagen de Imagen de la Tierra girando al rev\u00c3\u00a9s\" \/><\/p>\n<p>&nbsp;<\/p>\n<p>Todos recordamos aquella escena en la que Superm\u00e1n consigui\u00f3 la reversi\u00f3n de la rotaci\u00f3n de la Tierra<\/p>\n<p style=\"text-align: justify;\">\n<footer><\/footer>\n<footer>\n<aside><label for=\"capa_compartir\"><\/label><\/aside>\n<aside>\n<h4>NOTICIAS RELACIONADAS<\/h4>\n<p>&nbsp;<\/p>\n<ul>\n<li><a title=\"\u00bfEs la anomal\u00eda magn\u00e9tica del Atl\u00e1ntico Sur una se\u00f1al de alarma?\" href=\"http:\/\/www.abc.es\/ciencia\/abci-anomalia-magnetica-atlantico-senal-alarma-201805030123_noticia.html#ns_campaign=mod-sugeridos&amp;ns_mchannel=relacionados&amp;ns_source=es-la-anomalia-magnetica-del-atlantico-sur-una-senal-de-alarma&amp;ns_linkname=noticia.foto.ciencia&amp;ns_fee=pos-1\" data-voc-vtm-id=\"contenidorelacionado\">\u00bfEs la anomal\u00eda magn\u00e9tica del Atl\u00e1ntico Sur una se\u00f1al de alarma?<\/a><\/li>\n<li><a title=\"\u00bfQu\u00e9 pasar\u00e1 cuando se inviertan los polos magn\u00e9ticos de la Tierra?\" href=\"http:\/\/www.abc.es\/ciencia\/abci-pasara-cuando-inviertan-polos-magneticos-tierra-201804262123_noticia.html#ns_campaign=mod-sugeridos&amp;ns_mchannel=relacionados&amp;ns_source=que-pasara-cuando-se-inviertan-los-polos-magneticos-de-la-tierra&amp;ns_linkname=noticia.foto.ciencia&amp;ns_fee=pos-2\" data-voc-vtm-id=\"contenidorelacionado\">\u00bfQu\u00e9 pasar\u00e1 cuando se inviertan los polos magn\u00e9ticos de la Tierra?<\/a><\/li>\n<li><a title=\"Esto le pasar\u00e1 a la Tierra cuando la Luna se aleje\" href=\"http:\/\/www.abc.es\/ciencia\/abci-esto-pasara-tierra-cuando-luna-aleje-201804252205_noticia.html#ns_campaign=mod-sugeridos&amp;ns_mchannel=relacionados&amp;ns_source=esto-le-pasara-a-la-tierra-cuando-la-luna-se-aleje&amp;ns_linkname=noticia.foto.ciencia&amp;ns_fee=pos-3\" data-voc-vtm-id=\"contenidorelacionado\">Esto le pasar\u00e1 a la Tierra cuando la Luna se aleje<\/a><\/li>\n<\/ul>\n<div><img decoding=\"async\" src=\"https:\/\/laifr.com\/wp-content\/uploads\/2014\/01\/Sol-Tierra.jpg\" alt=\"Resultado de imagen de Imagen de la Tierra girando al rev\u00c3\u00a9s\" \/><\/div>\n<\/aside>\n<\/footer>\n<p>&nbsp;<\/p>\n<p style=\"text-align: justify;\">Desde hace miles de millones de a\u00f1os, la\u00a0<strong>Tierra<\/strong>\u00a0gira sobre su eje en la misma direcci\u00f3n: de oeste a este, al contrario de las agujas del reloj si se tiene en cuenta el polo norte como punto de vista. Esto es com\u00fan a todos los planetas de nuestro Sistema Solar, con la excepci\u00f3n de Venus y Urano. A una velocidad de 1.670 kil\u00f3metros por hora, en nuestro mundo una rotaci\u00f3n completa dura casi 24 horas. Este fen\u00f3meno tiene distintas consecuencias, como el efecto Coriolis, que es el responsable, por ejemplo, del sentido en el que giran los anticiclones en cada hemisferio. Pero, \u00bfqu\u00e9 ocurrir\u00eda si al mundo le diera por dar frenazo y marcha atr\u00e1s y esa direcci\u00f3n se invirtiera?<\/p>\n<p style=\"text-align: justify;\">Un equipo de investigadores de la Universidad de Reading en Reino Unido y el Instituto Max Planck de Meteorolog\u00eda en Alemania, entre otros, ha presentado en la asamblea general de la Uni\u00f3n Europea de Geociencias, que se ha celebrado recientemente en Austria,<a href=\"https:\/\/indd.adobe.com\/view\/f6592f4d-f2e3-4315-8afc-1b6f9588040f\" target=\"_blank\">\u00a0una simulaci\u00f3n que muestra las consecuencias globales a nivel clim\u00e1tico<\/a>. Y resulta que el mundo ser\u00eda muy diferente al que hoy conocemos.<\/p>\n<p style=\"text-align: justify;\"><img decoding=\"async\" src=\"http:\/\/empresayeconomia.republica.com\/files\/2010\/11\/egipto.jpg\" alt=\"Resultado de imagen de Desiertos convertidos en un vergel\" \/><\/p>\n<p style=\"text-align: justify;\">Para empezar, uno de los mayores cambios es que el ancho cintur\u00f3n des\u00e9rtico que se extiende desde \u00c1frica Occidental hasta Oriente Medio ser\u00eda reemplazado por un vergel, un paisaje verde de clima h\u00famedo y templado. Al mismo tiempo, las dunas cubrir\u00edan Am\u00e9rica del Norte y del Sur, hasta el punto de que\u00a0<strong>el sur de Brasil y Argentina se convertir\u00edan en los mayores desiertos sobre la Tierra<\/strong>. El sur de<strong>\u00a0EE.UU. sufrir\u00eda un brutal cambio clim\u00e1tico\u00a0<\/strong>desde la humedad a una aridez absoluta. Mientras,\u00a0<strong>en Europa occidental, nos quedar\u00edamos congelados<\/strong>\u00a0durante los g\u00e9lidos inviernos.<\/p>\n<p style=\"text-align: justify;\">Adem\u00e1s, seg\u00fan los investigadores, las cianobacterias, un grupo de bacterias que producen ox\u00edgeno a trav\u00e9s de la fotos\u00edntesis, aparecer\u00edan donde nunca antes lo hab\u00edan hecho. Dominar\u00edan el norte del Oc\u00e9ano \u00cdndico. Y la Circulaci\u00f3n Atl\u00e1ntica Meridional de Retorno (AMOC), una importante corriente oce\u00e1nica reguladora del clima en el Atl\u00e1ntico, se esfumar\u00eda para resurgir de nuevo en el Oc\u00e9ano Pac\u00edfico norte.<\/p>\n<h3 style=\"text-align: justify;\">Un planeta m\u00e1s verde<\/h3>\n<p>&nbsp;<\/p>\n<p>&nbsp;<\/p>\n<p>&nbsp;<\/p>\n<p><img decoding=\"async\" src=\"https:\/\/pbs.twimg.com\/profile_images\/1095153313\/planeta_400x400.JPG\" alt=\"Resultado de imagen de uN PLANETA M\u00c3\u0081S VERDE\" \/><\/p>\n<p>&nbsp;<\/p>\n<p>&nbsp;<\/p>\n<p style=\"text-align: justify;\">Estas condiciones clim\u00e1ticas completamente nuevas en todo el mundo surgir\u00edan durante miles de a\u00f1os. Curiosamente, los investigadores descubrieron que una Tierra que gira hacia atr\u00e1s tiene sus ventajas. En general, ser\u00eda m\u00e1s verde. La cobertura mundial del desierto se reducir\u00eda a la nada desde\u00f1able cifra de 11 millones de kil\u00f3metros cuadrados (de 42 millones a unos 31 millones de kil\u00f3metros cuadrados). Las praderas aparecer\u00edan en m\u00e1s de la mitad de las antiguas \u00e1reas des\u00e9rticas, y las plantas le\u00f1osas brotar\u00edan para cubrir la otra mitad. La vegetaci\u00f3n de este mundo \u00abmarcha atr\u00e1s\u00bb almacenar\u00eda m\u00e1s carbono que nuestra Tierra actual. Como punto negativo, los desiertos surgir\u00edan donde nunca lo han hecho: norte de China, sureste de EE.UU., sur de Brasil y Argentina.<\/p>\n<p style=\"text-align: justify;\"><img decoding=\"async\" src=\"https:\/\/publicacionescirculodaikon.files.wordpress.com\/2012\/09\/desierto.jpg\" alt=\"Imagen relacionada\" \/><\/p>\n<p style=\"text-align: justify;\">Adem\u00e1s de los tirones gravitatorios del Sol y la Luna, existe un abanico de factores que tambi\u00e9n pueden influir en la velocidad de la rotaci\u00f3n, tanto increment\u00e1ndola como ralentiz\u00e1ndola. Por ejemplo, el aumento del nivel del mar provocado por el deshielo de glaciares o la atm\u00f3sfera. Adem\u00e1s, hay investigadores que creen que\u00a0<a href=\"http:\/\/www.abc.es\/ciencia\/abci-puede-vida-cambiar-rotacion-tierra-201801052159_noticia.html\" target=\"_blank\">la presencia de vida tiene la capacidad de influir en la velocidad de rotaci\u00f3n de un planeta\u00a0<\/a>a base de liberar gases como el ox\u00edgeno. Pero, \u00bfhay algo que pueda provocar que gire al rev\u00e9s? El impacto brutal de un gigantesco asteroide. Pero seguro que no vivimos para contarlo.<\/p>\n<div class='bookmark'>\r\n\t\t<table align='left' border='0' cellpadding='0' width='100%'>\r\n\t\t<tr><td><span class='pushbutton'><a href='http:\/\/delicious.com\/post?url=http%3A%2F%2Fwww.emiliosilveravazquez.com%2Fblog%2F2018%2F05%2F06%2F%25c2%25bfque-pasaria-si-la-tierra-girara-al-reves%2F&amp;title=%C2%BFQu%C3%A9+pasar%C3%ADa+si+la+Tierra+girara+al+rev%C3%A9s%3F' title='Delicious' target='_blank' rel='nofollow'><img src='http:\/\/www.emiliosilveravazquez.com\/blog\/wp-content\/plugins\/knxdt-bookmarks-wordpress-plugin\/images\/delicious.png'  alt='' class='book_img' border='none' style='margin:1px; padding: 0;'  \/><\/a><\/span><span class='pushbutton'><a href='http:\/\/digg.com\/submit?url=http%3A%2F%2Fwww.emiliosilveravazquez.com%2Fblog%2F2018%2F05%2F06%2F%25c2%25bfque-pasaria-si-la-tierra-girara-al-reves%2F&amp;title=%C2%BFQu%C3%A9+pasar%C3%ADa+si+la+Tierra+girara+al+rev%C3%A9s%3F' title='Digg' target='_blank' rel='nofollow'><img src='http:\/\/www.emiliosilveravazquez.com\/blog\/wp-content\/plugins\/knxdt-bookmarks-wordpress-plugin\/images\/digg.png'  alt='' class='book_img' border='none' style='margin:1px; padding: 0;'  \/><\/a><\/span><span class='pushbutton'><a href='http:\/\/www.google.com\/bookmarks\/mark?op=edit&amp;bkmk=http%3A%2F%2Fwww.emiliosilveravazquez.com%2Fblog%2F2018%2F05%2F06%2F%25c2%25bfque-pasaria-si-la-tierra-girara-al-reves%2F&amp;title=%C2%BFQu%C3%A9+pasar%C3%ADa+si+la+Tierra+girara+al+rev%C3%A9s%3F' title='Google' target='_blank' rel='nofollow'><img src='http:\/\/www.emiliosilveravazquez.com\/blog\/wp-content\/plugins\/knxdt-bookmarks-wordpress-plugin\/images\/google.png'   alt='' class='book_img' border='none' style='margin:1px; padding: 0;'  \/><\/a><\/span><span class='pushbutton'><a href='http:\/\/myweb2.search.yahoo.com\/myresults\/bookmarklet?u=http%3A%2F%2Fwww.emiliosilveravazquez.com%2Fblog%2F2018%2F05%2F06%2F%25c2%25bfque-pasaria-si-la-tierra-girara-al-reves%2F&amp;t=%C2%BFQu%C3%A9+pasar%C3%ADa+si+la+Tierra+girara+al+rev%C3%A9s%3F' title='Yahoo' target='_blank' rel='nofollow'><img src='http:\/\/www.emiliosilveravazquez.com\/blog\/wp-content\/plugins\/knxdt-bookmarks-wordpress-plugin\/images\/yahoo.png'  alt='' class='book_img' border='none' style='margin:1px; padding: 0;'  \/><\/a><\/span><span class='pushbutton'><a href='http:\/\/www.technorati.com\/faves?add=http%3A%2F%2Fwww.emiliosilveravazquez.com%2Fblog%2F2018%2F05%2F06%2F%25c2%25bfque-pasaria-si-la-tierra-girara-al-reves%2F' title='Technorati' target='_blank' rel='nofollow'><img src='http:\/\/www.emiliosilveravazquez.com\/blog\/wp-content\/plugins\/knxdt-bookmarks-wordpress-plugin\/images\/technorati.png'  alt='' class='book_img' border='none' style='margin:1px; padding: 0;'  \/><\/a><\/span><span class='pushbutton'><a href='http:\/\/meneame.net\/submit.php?url=http%3A%2F%2Fwww.emiliosilveravazquez.com%2Fblog%2F2018%2F05%2F06%2F%25c2%25bfque-pasaria-si-la-tierra-girara-al-reves%2F' title='Meneame' target='_blank' rel='nofollow'><img src='http:\/\/www.emiliosilveravazquez.com\/blog\/wp-content\/plugins\/knxdt-bookmarks-wordpress-plugin\/images\/meneame.png'  alt='' class='book_img' border='none' style='margin:1px; padding: 0;'  \/><\/a><\/span><span class='pushbutton'><a href='http:\/\/enchilame.com\/submit.php?url=http:\/\/www.emiliosilveravazquez.com\/blog\/2018\/05\/06\/%c2%bfque-pasaria-si-la-tierra-girara-al-reves\/' target='_blank' rel='nofollow'><img title='Enchilame' src='http:\/\/www.emiliosilveravazquez.com\/blog\/wp-content\/plugins\/knxdt-bookmarks-wordpress-plugin\/images\/enchilame.png'  alt='' class='book_img' border='none' style='margin:1px; padding: 0;'  \/><\/a><\/span><span class='pushbutton'><a href='http:\/\/www.blinklist.com\/index.php?Action=Blink\/addblink.php&amp;Description=&amp;Url=http%3A%2F%2Fwww.emiliosilveravazquez.com%2Fblog%2F2018%2F05%2F06%2F%25c2%25bfque-pasaria-si-la-tierra-girara-al-reves%2F&amp;title=%C2%BFQu%C3%A9+pasar%C3%ADa+si+la+Tierra+girara+al+rev%C3%A9s%3F' title='BlinkList' target='_blank' rel='nofollow'><img src='http:\/\/www.emiliosilveravazquez.com\/blog\/wp-content\/plugins\/knxdt-bookmarks-wordpress-plugin\/images\/blinklist.png'  alt='' class='book_img' border='none' style='margin:1px; padding: 0;'  \/><\/a><\/span><span class='pushbutton'><a href='http:\/\/reddit.com\/submit?url=http%3A%2F%2Fwww.emiliosilveravazquez.com%2Fblog%2F2018%2F05%2F06%2F%25c2%25bfque-pasaria-si-la-tierra-girara-al-reves%2F&amp;title=%C2%BFQu%C3%A9+pasar%C3%ADa+si+la+Tierra+girara+al+rev%C3%A9s%3F' title='Reddit' target='_blank' rel='nofollow'><img src='http:\/\/www.emiliosilveravazquez.com\/blog\/wp-content\/plugins\/knxdt-bookmarks-wordpress-plugin\/images\/reddit.png'  alt='' class='book_img' border='none' style='margin:1px; padding: 0;'  \/><\/a><\/span><span class='pushbutton'><a href='http:\/\/www.tecnologiadiaria.com\/2009\/07\/abrir-com-hotmail-correo.html' target='_blank' title='hotmail'><img src='http:\/\/www.emiliosilveravazquez.com\/blog\/wp-content\/plugins\/knxdt-bookmarks-wordpress-plugin\/images\/linklove.png' alt='hotmail correo' class='book_img' border='none' style='margin:1px; padding: 0;' \/><\/a><\/span><span class='pushbutton'><a href='http:\/\/bitacoras.com\/votar\/anotacion\/externo\/mini\/www.emiliosilveravazquez.com\/blog\/2018\/05\/06\/%c2%bfque-pasaria-si-la-tierra-girara-al-reves\/' title='Bitacoras.com' target='_blank' rel='nofollow'><img src='http:\/\/www.emiliosilveravazquez.com\/blog\/wp-content\/plugins\/knxdt-bookmarks-wordpress-plugin\/images\/bitacoras.png'  alt='' class='book_img' border='none' style='margin:1px; padding: 0;'  \/><\/a><\/span><span class='pushbutton'><a href='http:\/\/www.wikio.es\/vote?url=http%3A%2F%2Fwww.emiliosilveravazquez.com%2Fblog%2F2018%2F05%2F06%2F%25c2%25bfque-pasaria-si-la-tierra-girara-al-reves%2F' title='Wikio' target='_blank' rel='nofollow'><img src='http:\/\/www.emiliosilveravazquez.com\/blog\/wp-content\/plugins\/knxdt-bookmarks-wordpress-plugin\/images\/wikio.png'   alt='' class='book_img' border='none' style='margin:1px; padding: 0;'   \/><\/a><\/span><span class='pushbutton'><a href='http:\/\/friendfeed.com\/?url=http%3A%2F%2Fwww.emiliosilveravazquez.com%2Fblog%2F2018%2F05%2F06%2F%25c2%25bfque-pasaria-si-la-tierra-girara-al-reves%2F&amp;title=%C2%BFQu%C3%A9+pasar%C3%ADa+si+la+Tierra+girara+al+rev%C3%A9s%3F' title='Friend Feed' target='_blank' rel='nofollow'><img src='http:\/\/www.emiliosilveravazquez.com\/blog\/wp-content\/plugins\/knxdt-bookmarks-wordpress-plugin\/images\/friendfeed.png'  alt='' class='book_img' border='none' style='margin:1px; padding: 0;'  \/><\/a><\/span><span class='pushbutton'><a href='http:\/\/www.facebook.com\/share.php?u=http%3A%2F%2Fwww.emiliosilveravazquez.com%2Fblog%2F2018%2F05%2F06%2F%25c2%25bfque-pasaria-si-la-tierra-girara-al-reves%2F&amp;t=%C2%BFQu%C3%A9+pasar%C3%ADa+si+la+Tierra+girara+al+rev%C3%A9s%3F' title='Facebook' target='_blank' rel='nofollow'><img src='http:\/\/www.emiliosilveravazquez.com\/blog\/wp-content\/plugins\/knxdt-bookmarks-wordpress-plugin\/images\/facebook.png'  alt='' class='book_img' border='none' style='margin:1px; padding: 0;'  \/><\/a><\/span><span class='pushbutton'><a href='http:\/\/twitter.com\/home?status=%C2%BFQu%C3%A9+pasar%C3%ADa+si+la+Tierra+girara+al+rev%C3%A9s%3F: http%3A%2F%2Fwww.emiliosilveravazquez.com%2Fblog%2F2018%2F05%2F06%2F%25c2%25bfque-pasaria-si-la-tierra-girara-al-reves%2F' title='Twitter' target='_blank' rel='nofollow'><img src='http:\/\/www.emiliosilveravazquez.com\/blog\/wp-content\/plugins\/knxdt-bookmarks-wordpress-plugin\/images\/twitter.png'  alt='' class='book_img' border='none' style='margin:1px; padding: 0;'  \/><\/a><\/span><span class='pushbutton'><a href='http:\/\/www.feedburner.com\/fb\/a\/emailFlare?itemTitle=%C2%BFQu%C3%A9+pasar%C3%ADa+si+la+Tierra+girara+al+rev%C3%A9s%3F&amp;uri=http%3A%2F%2Fwww.emiliosilveravazquez.com%2Fblog%2F2018%2F05%2F06%2F%25c2%25bfque-pasaria-si-la-tierra-girara-al-reves%2F' title='Enviar por Email' target='_blank' rel='nofollow'><img src='http:\/\/www.emiliosilveravazquez.com\/blog\/wp-content\/plugins\/knxdt-bookmarks-wordpress-plugin\/images\/email.png'  alt='' class='book_img' border='none' style='margin:1px; padding: 0;'  \/><\/a><\/span><span style='font-weight:bold; padding-left: 5px;'><a href='http:\/\/wordpress.org\/extend\/plugins\/knxdt-bookmarks-wordpress-plugin\/' title='Plugin' rel='nofollow' target='_blank'>[?]<\/a><\/span><\/td><\/tr><\/table><br\/><br\/><\/div>","protected":false},"excerpt":{"rendered":"<p>CIENCIA_ABC &nbsp; La Tierra gira sobre su eje en la misma direcci\u00f3n desde hace miles de millones de a\u00f1os &#8211;\u00a0Fotolia El mundo ser\u00eda muy diferente: los desiertos se desplazar\u00edan de lugar y cambiar\u00edan las corrientes oce\u00e1nicas &nbsp; &nbsp; &nbsp; &nbsp; Todos recordamos aquella escena en la que Superm\u00e1n consigui\u00f3 la reversi\u00f3n de la rotaci\u00f3n de [&hellip;]<\/p>\n","protected":false},"author":2,"featured_media":0,"comment_status":"open","ping_status":"open","sticky":false,"template":"","format":"standard","meta":{"_s2mail":"yes","footnotes":""},"categories":[563],"tags":[],"_links":{"self":[{"href":"http:\/\/www.emiliosilveravazquez.com\/blog\/wp-json\/wp\/v2\/posts\/20999"}],"collection":[{"href":"http:\/\/www.emiliosilveravazquez.com\/blog\/wp-json\/wp\/v2\/posts"}],"about":[{"href":"http:\/\/www.emiliosilveravazquez.com\/blog\/wp-json\/wp\/v2\/types\/post"}],"author":[{"embeddable":true,"href":"http:\/\/www.emiliosilveravazquez.com\/blog\/wp-json\/wp\/v2\/users\/2"}],"replies":[{"embeddable":true,"href":"http:\/\/www.emiliosilveravazquez.com\/blog\/wp-json\/wp\/v2\/comments?post=20999"}],"version-history":[{"count":0,"href":"http:\/\/www.emiliosilveravazquez.com\/blog\/wp-json\/wp\/v2\/posts\/20999\/revisions"}],"wp:attachment":[{"href":"http:\/\/www.emiliosilveravazquez.com\/blog\/wp-json\/wp\/v2\/media?parent=20999"}],"wp:term":[{"taxonomy":"category","embeddable":true,"href":"http:\/\/www.emiliosilveravazquez.com\/blog\/wp-json\/wp\/v2\/categories?post=20999"},{"taxonomy":"post_tag","embeddable":true,"href":"http:\/\/www.emiliosilveravazquez.com\/blog\/wp-json\/wp\/v2\/tags?post=20999"}],"curies":[{"name":"wp","href":"https:\/\/api.w.org\/{rel}","templated":true}]}}