{"id":2087,"date":"2009-05-09T13:25:14","date_gmt":"2009-05-09T11:25:14","guid":{"rendered":"http:\/\/www.emiliosilveravazquez.com\/blog\/?p=2087"},"modified":"2009-05-09T13:25:14","modified_gmt":"2009-05-09T11:25:14","slug":"nunca-podremos-saber-a-ciencia-cierta-lo-que-el-tiempo-es","status":"publish","type":"post","link":"http:\/\/www.emiliosilveravazquez.com\/blog\/2009\/05\/09\/nunca-podremos-saber-a-ciencia-cierta-lo-que-el-tiempo-es\/","title":{"rendered":"Nunca podremos saber, a ciencia cierta, lo que el Tiempo es."},"content":{"rendered":"<p style=\"text-indent: 24pt; text-align: justify;\">Las transformaciones de Lorentz son m\u00e1s complejas que las de Galileo, pero tienen la ventaja de eliminar todas las contradicciones halladas anteriormente. Sin embargo, para velocidades muy inferiores a la de la luz, estas nuevas relaciones se reducen a las de Galileo, y s\u00f3lo se manifiestan grandes diferencias cuando los sistemas de referencia tienen velocidades relativas pr\u00f3ximas a la de la luz; entonces, el tiempo transcurre m\u00e1s lentamente para ese hipot\u00e9tico viajero que viaje a esas velocidades relativistas.<\/p>\n<p style=\"text-indent: 24pt; text-align: justify;\">La diferencia fundamental entre la mec\u00e1nica cl\u00e1sica y la mec\u00e1nica relativista radica en el hecho de que, en el primer caso, la velocidad de un cuerpo es diferente para un observador en reposo y para otro en movimiento, es decir, es un concepto relativo; sin embargo, en el segundo caso la velocidad es un concepto absoluto, no cambia con el movimiento. No obstante, como cociente que es entre dos magnitudes fundamentales, espacio y tiempo, el hecho de que dos velocidades que deben ser diferentes sean iguales obliga a que exista una variaci\u00f3n en el espacio y el tiempo. As\u00ed, se debe producir un acortamiento de los metros y un retrasamiento del tiempo. En la mec\u00e1nica de <a href=\"#\" onclick=\"referencia('newton',event); return false;\">Newton<\/a>, por el contrario, los metros y los segundos son invariables.<\/p>\n<p style=\"text-indent: 24pt; text-align: justify;\">Las transformaciones de Lorentz son un conjunto de ecuaciones que relacionan las coordenadas espacio-tiempo de dos sistemas que se mueven a velocidad constante el uno respecto al otro. Efectivamente, las f\u00f3rmulas predicen una contracci\u00f3n espacial (contracci\u00f3n conocida como de Lorentz-Fitzgerald) y una dilataci\u00f3n temporal, cuando la velocidad relativa de los dos sistemas se aproximan a la de la luz. Sin embargo, Lorentz se vio obligado a introducir el concepto de tiempo local, que supone que el paso del tiempo var\u00eda seg\u00fan el lugar. <a href=\"#\" onclick=\"referencia('einstein',event); return false;\">Einstein<\/a> se bas\u00f3 en la transformaci\u00f3n de Lorentz y la mejor\u00f3 para el desarrollo de su teor\u00eda de la <a href=\"#\" onclick=\"referencia('relatividad',event); return false;\">relatividad<\/a> especial.<\/p>\n<p><!--more--><\/p>\n<p style=\"text-indent: 24pt; text-align: justify;\">El Diccionario Oxford-complutense de F\u00edsica explica que, cuando se viaja a velocidades relativistas, cercanas a c, se produce lo que conocemos como <em style=\"mso-bidi-font-style: normal;\">contracci\u00f3n de Lorentz-Fitzgerald<\/em> que se concreta en la contracci\u00f3n de un cuerpo m\u00f3vil en la direcci\u00f3n del movimiento. Fue propuesta independientemente por H. A. Lorentz\u00a0 (1.853 -1.928) y G. E. Fitzgerald (1.851-1.900) en 1892 para explicar el resultado negativo del experimento de Michelson &#8211; Morley. A la contracci\u00f3n se le dio el marco te\u00f3rico en la teor\u00eda especial de la <a href=\"#\" onclick=\"referencia('relatividad',event); return false;\">relatividad<\/a> como antes hemos rese\u00f1ado. La ecuaci\u00f3n est\u00e1 definida de la forma siguiente:<\/p>\n<p style=\"margin: 18pt 0cm 0pt; line-height: 15pt; text-align: center; mso-para-margin-top: 1.5gd; mso-line-height-rule: exactly;\" align=\"center\">(1)\u00a0\u00a0\u00a0\u00a0\u00a0\u00a0\u00a0\u00a0\u00a0\u00a0\u00a0\u00a0\u00a0\u00a0\u00a0\u00a0\u00a0\u00a0\u00a0\u00a0\u00a0\u00a0\u00a0\u00a0\u00a0\u00a0\u00a0\u00a0\u00a0\u00a0\u00a0\u00a0\u00a0\u00a0\u00a0\u00a0\u00a0\u00a0\u00a0\u00a0\u00a0\u00a0\u00a0\u00a0\u00a0\u00a0\u00a0\u00a0\u00a0\u00a0\u00a0\u00a0\u00a0 (2)<\/p>\n<div style=\"margin: auto; width: 300px;\">\n<p style=\"text-align: center; \" align=\"center\"><img decoding=\"async\" loading=\"lazy\" class=\"size-full wp-image-444\" title=\"contraccion_l-f\" src=\"http:\/\/www.emiliosilveravazquez.com\/blog\/wp-content\/uploads\/2008\/07\/contraccion_l-f.gif\" alt=\"contraccion_l-f\" width=\"86\" height=\"20\" \/> <em>t &#8211; t<sub>0<\/sub>\/<img decoding=\"async\" loading=\"lazy\" class=\"alignnone size-full wp-image-467\" title=\"variacion_tiempo\" src=\"http:\/\/www.emiliosilveravazquez.com\/blog\/wp-content\/uploads\/2008\/07\/variacion_tiempo.gif\" alt=\"variacion_tiempo\" width=\"52\" height=\"19\" \/><\/em><\/p>\n<\/div>\n<p style=\"text-indent: 24pt; text-align: justify;\">De donde se sigue que, <em style=\"mso-bidi-font-style: normal;\">L<sub>0<\/sub><\/em> es la longitud en reposo (por ejemplo una barra), <em style=\"mso-bidi-font-style: normal;\">L<\/em> es la longitud cuando el objeto se desplaza a velocidad <em style=\"mso-bidi-font-style: normal;\">v<\/em> y <em style=\"mso-bidi-font-style: normal;\">c<\/em> es la velocidad de la luz.<\/p>\n<p style=\"text-indent: 24pt; text-align: justify;\">Si un reloj en reposo mide un intervalo de tiempo <em style=\"mso-bidi-font-style: normal;\">t<sub>0<\/sub><\/em>, cuando el mismo reloj se halla en movimiento, el mismo intervalo de tiempo est\u00e1 dado por la ecuaci\u00f3n (2).<\/p>\n<p style=\"text-indent: 24pt; text-align: justify;\">La mec\u00e1nica cl\u00e1sica estudia los fen\u00f3menos a una escala tal que <em style=\"mso-bidi-font-style: normal;\">v <\/em>&lt; <em style=\"mso-bidi-font-style: normal;\">c<\/em>, por lo que estos cambios son apreciables.<\/p>\n<p style=\"text-indent: 24pt; text-align: justify;\">\n<p style=\"text-indent: 24pt; text-align: justify;\"><strong style=\"mso-bidi-font-weight: normal;\">Simultaneidad<\/strong><\/p>\n<p style=\"text-indent: 24pt; text-align: justify;\"><strong style=\"mso-bidi-font-weight: normal;\"><\/strong>Esa variaci\u00f3n que experimenta el tiempo en la mec\u00e1nica relativista cuestiona el concepto de simultaneidad, ya que bajo ese punto de vista no es f\u00e1cil afirmar que dos fen\u00f3menos son simult\u00e1neos. Si lo son, deben ocurrir en el mismo instante, y para medir ese tiempo debe emplearse un mismo reloj para cada uno de los sucesos.<\/p>\n<p style=\"text-indent: 24pt; text-align: justify;\">Lorentz supuso dos sistemas de ejes coordenados que se mueven uno respecto al otro con velocidad <em style=\"mso-bidi-font-style: normal;\">v<\/em>. Las coordenadas de ambos sistemas est\u00e1n relacionadas entre s\u00ed seg\u00fan muestran las ecuaciones siguientes:<\/p>\n<p style=\"text-align: center;\"><img decoding=\"async\" loading=\"lazy\" class=\"aligncenter size-full wp-image-911\" title=\"lorentz_coordenadas\" src=\"http:\/\/www.emiliosilveravazquez.com\/blog\/wp-content\/uploads\/2008\/09\/lorentz_coordenadas.gif\" alt=\"lorentz_coordenadas\" width=\"287\" height=\"59\" \/><\/p>\n<p style=\"text-indent: 24pt; text-align: justify;\">Siguen otra serie de ecuaciones que, al no ser el presente trabajo de tipo t\u00e9cnico ni para entendidos, no me parece procedente rese\u00f1ar, y me limitar\u00e9 a explicaciones escritas, no num\u00e9ricas que no estar\u00edan al alcance de todos.<\/p>\n<p style=\"text-indent: 24pt; text-align: justify;\">As\u00ed que, en realidad, tanta numerolog\u00eda nos viene a decir que:<\/p>\n<ul style=\"text-align: justify;\">\n<li>Los objetos se contraen en el sentido de su marcha si sus velocidades son relativistas (cercanas a <em style=\"mso-bidi-font-style: normal;\">c<\/em>, la velocidad de la luz).<\/li>\n<li>El tiempo se dilata para el viajero que ocupe una nave espacial que corre a la velocidad de la luz o similar. Su tiempo transcurre m\u00e1s despacio que el tiempo de los que quedamos en la Tierra.<\/li>\n<\/ul>\n<p style=\"text-indent: 24pt; text-align: justify;\">De esta forma, podemos demostrar c\u00f3mo el tiempo es distinto para cada persona, lugar o circunstancia, tendremos tiempos unitarios y tiempos universales.<\/p>\n<p style=\"text-indent: 24pt; text-align: justify;\">El transcurrir del tiempo en el universo est\u00e1 referido a un tiempo uniforme igual para todo y para todos. El transcurrir del tiempo de personas individuales o de grupos, en realidad, puede ser distinto del tiempo de otras personas o de otros grupos.<\/p>\n<p style=\"text-indent: 24pt; text-align: justify;\">No es lo mismo el transcurrir del tiempo para quien est\u00e1 junto a la persona amada en un lugar paradis\u00edaco que ese mismo periodo de tiempo para quien postrado en el lecho de un hospital sufre continuos dolores. El primero ver\u00e1 pasar el tiempo velozmente, mientras que el segundo lo ver\u00e1 eternizarse. En ambos casos, la noci\u00f3n de tiempo ser\u00e1 enga\u00f1osa seg\u00fan aconseje cada circunstancia; la realidad ser\u00e1 que el tiempo transcurrido para ambos es el mismo.<\/p>\n<p style=\"text-indent: 24pt; text-align: justify;\">Sin embargo, esta igualdad se rompe si el tiempo que transcurre es medida por un observador que est\u00e1 pendiente del tiempo que pasa en la Tierra y el tiempo que pasa en la nave espacial que parti\u00f3 de ella a 270.000 Km\/s con destino a Alfa Centauro, a 4&#8217;3 a\u00f1os-luz de nuestro Sol.<\/p>\n<p style=\"text-indent: 24pt; text-align: justify;\">El encargado de la medici\u00f3n comprobar\u00eda como el tiempo que transcurre es distinto en el planeta Tierra y en la nave espacial, donde debido a su velocidad (cercana a la de la luz) el tiempo transcurre mucho m\u00e1s lento, y se puede dar el caso real de que, al regreso de la nave, sus pasajeros astronautas s\u00f3lo tengan 8&#8217;6 a\u00f1os m\u00e1s, mientras que sus amigos y familiares que a su partida ten\u00eda la misma edad, soportar\u00e1n el transcurso de varias decenas de a\u00f1os y ahora sean viejos.<\/p>\n<p style=\"text-indent: 24pt; text-align: justify;\">As\u00ed lo demuestra <img decoding=\"async\" loading=\"lazy\" class=\"alignnone size-full wp-image-467\" title=\"variacion_tiempo\" src=\"http:\/\/www.emiliosilveravazquez.com\/blog\/wp-content\/uploads\/2008\/07\/variacion_tiempo.gif\" alt=\"variacion_tiempo\" width=\"52\" height=\"19\" \/>. Son los efectos predichos por la teor\u00eda de la <a href=\"#\" onclick=\"referencia('relatividad',event); return false;\">relatividad<\/a> especial de <a href=\"#\" onclick=\"referencia('einstein',event); return false;\">Einstein<\/a>; los tiempos son relativos al movimiento de los observadores. El reloj viajero es m\u00e1s lento en un factor = ecuaci\u00f3n arriba rese\u00f1ada.<\/p>\n<p style=\"text-indent: 24pt; text-align: justify;\">Para poder contestar la pregunta \u00bfcu\u00e1ndo comenz\u00f3 el tiempo?, nos vemos obligado a retroceder 13.500 millones de a\u00f1os, hasta lo que conocemos como <a href=\"#\" onclick=\"referencia('big bang',event); return false;\">Big Bang<\/a>, el origen del universo. All\u00ed, en ese preciso momento, naci\u00f3 el tiempo y el espacio.<\/p>\n<p style=\"text-indent: 24pt; text-align: justify;\">El <a href=\"#\" onclick=\"referencia('big bang',event); return false;\">Big Bang<\/a> es la teor\u00eda m\u00e1s acertada del origen y evoluci\u00f3n del universo que se origin\u00f3 a partir de un estado inicial de alta temperatura y densidad que, desde entonces, ha estado siempre expandi\u00e9ndose, y es precisamente esta expansi\u00f3n la que da lugar al espacio (cada vez mayor) que abarca el universo y, al mismo ritmo, crece o transcurre el tiempo inexorable.<\/p>\n<p style=\"text-indent: 24pt; text-align: justify;\">El paso del tiempo lo cambia todo; los sistemas se transforman, viven y mueren para dar paso a otros nuevos sistemas. Estrellas que brillan durante miles de millones de a\u00f1os y con el paso del tiempo consumen su material-combustible nuclear y mueren explotando en <a href=\"#\" onclick=\"referencia('nova',event); return false;\">novas<\/a> o supernovas para, con su material complejo, contribuir a la formaci\u00f3n de nuevas estrellas y planetas e incluso formas de vida.<\/p>\n<p style=\"text-indent: 24pt; text-align: justify;\">Todo envejece, se deteriora por la acci\u00f3n de la <a href=\"#\" onclick=\"referencia('entropia',event); return false;\">entrop\u00eda<\/a>, del paso del tiempo. Sin embargo, \u00e9l no cambia, es invariante, contin\u00faa su camino mientras que, a su alrededor, las mutaciones son continuas y lo \u00fanico que permanece inalterable es: <strong style=\"mso-bidi-font-weight: normal;\">el Tiempo.<\/strong><\/p>\n<p style=\"text-indent: 24pt; text-align: justify;\"><strong style=\"mso-bidi-font-weight: normal;\"><\/strong>Me encantar\u00eda tener sabidur\u00eda para poder exponer de manera m\u00e1s amplia y precisa lo que es el tiempo. Lo que aqu\u00ed dejo escrito (despu\u00e9s de documentarme), es corto y no me deja satisfecho. Cualquier persona mejor preparada lo habr\u00eda hecho mejor pero, de todas formas, la voluntad que he puesto en este trabajo compensa sus posibles deficiencias y el lector sabr\u00e1 disculpar las mismas.<\/p>\n<p style=\"text-indent: 24pt; text-align: justify;\">De todas las maneras posibles en los que me he detenido a pensar sobre lo que es y supone el tiempo, la que m\u00e1s me impresiona es aquella que me hacer ver claramente que no podemos impedir su transcurrir, que su paso nos llevar\u00e1 hacia la eternidad convertidos en polvo, dejando atr\u00e1s a los seres queridos que nos gustar\u00eda seguir protegiendo, sin llevarnos la certeza de lo que el destino les tiene reservado a sus vidas. Esa incertidumbre me causa una aguda impotencia, casi infinita que, en no pocas ocasiones, llego a sentir como un dolor f\u00edsico y real causado por un pensamiento profundo del significado y las implicaciones irreversibles que el paso del tiempo nos trae a todos.<\/p>\n<p style=\"text-indent: 24pt; text-align: justify;\">Individualmente hablando, el tiempo est\u00e1 bien mientras nos acompa\u00f1a en nuestro recorrido a lo largo de nuestras vidas; despu\u00e9s \u00e9l contin\u00faa su camino mientras nosotros desaparecemos. Colectivamente, el tiempo es muy importante. Cada uno de nosotros hacemos un trabajo y desarrollamos una actividad que se va sumando a la de los dem\u00e1s. Con el tiempo, el trabajo, ese conocimiento adquirido, contin\u00faa aumentando y ese tiempo &#8220;infinito&#8221; es el que necesitamos nosotros y los que vendr\u00e1n detr\u00e1s para resolver problemas muy graves que se presentar\u00e1n en el futuro y que, de poder o no poder resolverlos, depender\u00e1 que la humanidad perdure.<\/p>\n<p style=\"text-indent: 24pt; text-align: justify;\">El tiempo ser\u00e1 la mejor herramienta con la que podemos contar para resolver todos los problemas. As\u00ed lo dijo Hilbert:<\/p>\n<blockquote>\n<p style=\"text-indent: 24pt; text-align: justify;\">&#8220;Por muy inabordables que parezcan estos problemas, y por muy desamparados que nos encontremos frente a ellos hoy, tenemos la \u00edntima convicci\u00f3n de que debe ser posible resolverlos mediante un n\u00famero finito de deducciones l\u00f3gicas. Y para ello, la mejor herramienta es el tiempo; \u00e9l nos dar\u00e1 todas las respuestas a preguntas que hoy no podemos ni sabemos contestar&#8221;.<\/p>\n<\/blockquote>\n<p style=\"text-indent: 24pt; text-align: justify;\"><em style=\"mso-bidi-font-style: normal;\"><\/em>En la tumba de David Hilbert (1862-1943), en el cementerio de Gotinga (Alemania), dice:<\/p>\n<blockquote>\n<p style=\"text-indent: 24pt; text-align: justify;\">&#8220;Debemos saber. Sabremos&#8221;.<\/p>\n<\/blockquote>\n<p style=\"text-indent: 24pt; text-align: justify;\">Estoy totalmente de acuerdo con ello. El ser humano est\u00e1 dotado de un resorte interior, algo en su mente que llamamos curiosidad y que nos empuja (sin que en muchas ocasiones pensemos en el enorme esfuerzo y en el alto precio que pagamos) a buscar respuestas, a querer saber el por qu\u00e9 de las cosas, a saber por qu\u00e9 la naturaleza se comporta de una u otra manera y, sobre todo, siempre nos llam\u00f3 la atenci\u00f3n aquellos problemas que nos llevan a buscar nuestro origen en el origen mismo del universo y, como nuestra ambici\u00f3n de saber no tiene l\u00edmites, antes de saber de d\u00f3nde venimos, ya nos estamos preguntando hacia d\u00f3nde vamos. Nuestra osad\u00eda no tiene barreras y, desde luego, nuestro pensamiento tampoco las tiene, gracias a lo cual, estamos en un estadio de conocimiento que a principios del siglo XXI, se podr\u00eda calificar de bastante aceptable para dar el salto hacia objetivos m\u00e1s valiosos.<\/p>\n<p style=\"text-indent: 24pt; text-align: right;\"><em>emilio silvera<\/em><\/p>\n<div class='bookmark'>\r\n\t\t<table align='left' border='0' cellpadding='0' width='100%'>\r\n\t\t<tr><td><span class='pushbutton'><a href='http:\/\/delicious.com\/post?url=http%3A%2F%2Fwww.emiliosilveravazquez.com%2Fblog%2F2009%2F05%2F09%2Fnunca-podremos-saber-a-ciencia-cierta-lo-que-el-tiempo-es%2F&amp;title=Nunca+podremos+saber%2C+a+ciencia+cierta%2C+lo+que+el+Tiempo+es.' title='Delicious' target='_blank' rel='nofollow'><img src='http:\/\/www.emiliosilveravazquez.com\/blog\/wp-content\/plugins\/knxdt-bookmarks-wordpress-plugin\/images\/delicious.png'  alt='' class='book_img' border='none' style='margin:1px; padding: 0;'  \/><\/a><\/span><span class='pushbutton'><a href='http:\/\/digg.com\/submit?url=http%3A%2F%2Fwww.emiliosilveravazquez.com%2Fblog%2F2009%2F05%2F09%2Fnunca-podremos-saber-a-ciencia-cierta-lo-que-el-tiempo-es%2F&amp;title=Nunca+podremos+saber%2C+a+ciencia+cierta%2C+lo+que+el+Tiempo+es.' title='Digg' target='_blank' rel='nofollow'><img src='http:\/\/www.emiliosilveravazquez.com\/blog\/wp-content\/plugins\/knxdt-bookmarks-wordpress-plugin\/images\/digg.png'  alt='' class='book_img' border='none' style='margin:1px; padding: 0;'  \/><\/a><\/span><span class='pushbutton'><a href='http:\/\/www.google.com\/bookmarks\/mark?op=edit&amp;bkmk=http%3A%2F%2Fwww.emiliosilveravazquez.com%2Fblog%2F2009%2F05%2F09%2Fnunca-podremos-saber-a-ciencia-cierta-lo-que-el-tiempo-es%2F&amp;title=Nunca+podremos+saber%2C+a+ciencia+cierta%2C+lo+que+el+Tiempo+es.' title='Google' target='_blank' rel='nofollow'><img src='http:\/\/www.emiliosilveravazquez.com\/blog\/wp-content\/plugins\/knxdt-bookmarks-wordpress-plugin\/images\/google.png'   alt='' class='book_img' border='none' style='margin:1px; padding: 0;'  \/><\/a><\/span><span class='pushbutton'><a href='http:\/\/myweb2.search.yahoo.com\/myresults\/bookmarklet?u=http%3A%2F%2Fwww.emiliosilveravazquez.com%2Fblog%2F2009%2F05%2F09%2Fnunca-podremos-saber-a-ciencia-cierta-lo-que-el-tiempo-es%2F&amp;t=Nunca+podremos+saber%2C+a+ciencia+cierta%2C+lo+que+el+Tiempo+es.' title='Yahoo' target='_blank' rel='nofollow'><img src='http:\/\/www.emiliosilveravazquez.com\/blog\/wp-content\/plugins\/knxdt-bookmarks-wordpress-plugin\/images\/yahoo.png'  alt='' class='book_img' border='none' style='margin:1px; padding: 0;'  \/><\/a><\/span><span class='pushbutton'><a href='http:\/\/www.technorati.com\/faves?add=http%3A%2F%2Fwww.emiliosilveravazquez.com%2Fblog%2F2009%2F05%2F09%2Fnunca-podremos-saber-a-ciencia-cierta-lo-que-el-tiempo-es%2F' title='Technorati' target='_blank' rel='nofollow'><img src='http:\/\/www.emiliosilveravazquez.com\/blog\/wp-content\/plugins\/knxdt-bookmarks-wordpress-plugin\/images\/technorati.png'  alt='' class='book_img' border='none' style='margin:1px; padding: 0;'  \/><\/a><\/span><span class='pushbutton'><a href='http:\/\/meneame.net\/submit.php?url=http%3A%2F%2Fwww.emiliosilveravazquez.com%2Fblog%2F2009%2F05%2F09%2Fnunca-podremos-saber-a-ciencia-cierta-lo-que-el-tiempo-es%2F' title='Meneame' target='_blank' rel='nofollow'><img src='http:\/\/www.emiliosilveravazquez.com\/blog\/wp-content\/plugins\/knxdt-bookmarks-wordpress-plugin\/images\/meneame.png'  alt='' class='book_img' border='none' style='margin:1px; padding: 0;'  \/><\/a><\/span><span class='pushbutton'><a href='http:\/\/enchilame.com\/submit.php?url=http:\/\/www.emiliosilveravazquez.com\/blog\/2009\/05\/09\/nunca-podremos-saber-a-ciencia-cierta-lo-que-el-tiempo-es\/' target='_blank' rel='nofollow'><img title='Enchilame' src='http:\/\/www.emiliosilveravazquez.com\/blog\/wp-content\/plugins\/knxdt-bookmarks-wordpress-plugin\/images\/enchilame.png'  alt='' class='book_img' border='none' style='margin:1px; padding: 0;'  \/><\/a><\/span><span class='pushbutton'><a href='http:\/\/www.blinklist.com\/index.php?Action=Blink\/addblink.php&amp;Description=&amp;Url=http%3A%2F%2Fwww.emiliosilveravazquez.com%2Fblog%2F2009%2F05%2F09%2Fnunca-podremos-saber-a-ciencia-cierta-lo-que-el-tiempo-es%2F&amp;title=Nunca+podremos+saber%2C+a+ciencia+cierta%2C+lo+que+el+Tiempo+es.' title='BlinkList' target='_blank' rel='nofollow'><img src='http:\/\/www.emiliosilveravazquez.com\/blog\/wp-content\/plugins\/knxdt-bookmarks-wordpress-plugin\/images\/blinklist.png'  alt='' class='book_img' border='none' style='margin:1px; padding: 0;'  \/><\/a><\/span><span class='pushbutton'><a href='http:\/\/reddit.com\/submit?url=http%3A%2F%2Fwww.emiliosilveravazquez.com%2Fblog%2F2009%2F05%2F09%2Fnunca-podremos-saber-a-ciencia-cierta-lo-que-el-tiempo-es%2F&amp;title=Nunca+podremos+saber%2C+a+ciencia+cierta%2C+lo+que+el+Tiempo+es.' title='Reddit' target='_blank' rel='nofollow'><img src='http:\/\/www.emiliosilveravazquez.com\/blog\/wp-content\/plugins\/knxdt-bookmarks-wordpress-plugin\/images\/reddit.png'  alt='' class='book_img' border='none' style='margin:1px; padding: 0;'  \/><\/a><\/span><span class='pushbutton'><a href='http:\/\/www.tecnologiadiaria.com\/2009\/07\/abrir-com-hotmail-correo.html' target='_blank' title='hotmail'><img src='http:\/\/www.emiliosilveravazquez.com\/blog\/wp-content\/plugins\/knxdt-bookmarks-wordpress-plugin\/images\/linklove.png' alt='hotmail correo' class='book_img' border='none' style='margin:1px; padding: 0;' \/><\/a><\/span><span class='pushbutton'><a href='http:\/\/bitacoras.com\/votar\/anotacion\/externo\/mini\/www.emiliosilveravazquez.com\/blog\/2009\/05\/09\/nunca-podremos-saber-a-ciencia-cierta-lo-que-el-tiempo-es\/' title='Bitacoras.com' target='_blank' rel='nofollow'><img src='http:\/\/www.emiliosilveravazquez.com\/blog\/wp-content\/plugins\/knxdt-bookmarks-wordpress-plugin\/images\/bitacoras.png'  alt='' class='book_img' border='none' style='margin:1px; padding: 0;'  \/><\/a><\/span><span class='pushbutton'><a href='http:\/\/www.wikio.es\/vote?url=http%3A%2F%2Fwww.emiliosilveravazquez.com%2Fblog%2F2009%2F05%2F09%2Fnunca-podremos-saber-a-ciencia-cierta-lo-que-el-tiempo-es%2F' title='Wikio' target='_blank' rel='nofollow'><img src='http:\/\/www.emiliosilveravazquez.com\/blog\/wp-content\/plugins\/knxdt-bookmarks-wordpress-plugin\/images\/wikio.png'   alt='' class='book_img' border='none' style='margin:1px; padding: 0;'   \/><\/a><\/span><span class='pushbutton'><a href='http:\/\/friendfeed.com\/?url=http%3A%2F%2Fwww.emiliosilveravazquez.com%2Fblog%2F2009%2F05%2F09%2Fnunca-podremos-saber-a-ciencia-cierta-lo-que-el-tiempo-es%2F&amp;title=Nunca+podremos+saber%2C+a+ciencia+cierta%2C+lo+que+el+Tiempo+es.' title='Friend Feed' target='_blank' rel='nofollow'><img src='http:\/\/www.emiliosilveravazquez.com\/blog\/wp-content\/plugins\/knxdt-bookmarks-wordpress-plugin\/images\/friendfeed.png'  alt='' class='book_img' border='none' style='margin:1px; padding: 0;'  \/><\/a><\/span><span class='pushbutton'><a href='http:\/\/www.facebook.com\/share.php?u=http%3A%2F%2Fwww.emiliosilveravazquez.com%2Fblog%2F2009%2F05%2F09%2Fnunca-podremos-saber-a-ciencia-cierta-lo-que-el-tiempo-es%2F&amp;t=Nunca+podremos+saber%2C+a+ciencia+cierta%2C+lo+que+el+Tiempo+es.' title='Facebook' target='_blank' rel='nofollow'><img src='http:\/\/www.emiliosilveravazquez.com\/blog\/wp-content\/plugins\/knxdt-bookmarks-wordpress-plugin\/images\/facebook.png'  alt='' class='book_img' border='none' style='margin:1px; padding: 0;'  \/><\/a><\/span><span class='pushbutton'><a href='http:\/\/twitter.com\/home?status=Nunca+podremos+saber%2C+a+ciencia+cierta%2C+lo+que+el+Tiempo+es.: http%3A%2F%2Fwww.emiliosilveravazquez.com%2Fblog%2F2009%2F05%2F09%2Fnunca-podremos-saber-a-ciencia-cierta-lo-que-el-tiempo-es%2F' title='Twitter' target='_blank' rel='nofollow'><img src='http:\/\/www.emiliosilveravazquez.com\/blog\/wp-content\/plugins\/knxdt-bookmarks-wordpress-plugin\/images\/twitter.png'  alt='' class='book_img' border='none' style='margin:1px; padding: 0;'  \/><\/a><\/span><span class='pushbutton'><a href='http:\/\/www.feedburner.com\/fb\/a\/emailFlare?itemTitle=Nunca+podremos+saber%2C+a+ciencia+cierta%2C+lo+que+el+Tiempo+es.&amp;uri=http%3A%2F%2Fwww.emiliosilveravazquez.com%2Fblog%2F2009%2F05%2F09%2Fnunca-podremos-saber-a-ciencia-cierta-lo-que-el-tiempo-es%2F' title='Enviar por Email' target='_blank' rel='nofollow'><img src='http:\/\/www.emiliosilveravazquez.com\/blog\/wp-content\/plugins\/knxdt-bookmarks-wordpress-plugin\/images\/email.png'  alt='' class='book_img' border='none' style='margin:1px; padding: 0;'  \/><\/a><\/span><span style='font-weight:bold; padding-left: 5px;'><a href='http:\/\/wordpress.org\/extend\/plugins\/knxdt-bookmarks-wordpress-plugin\/' title='Plugin' rel='nofollow' target='_blank'>[?]<\/a><\/span><\/td><\/tr><\/table><br\/><br\/><\/div>","protected":false},"excerpt":{"rendered":"<p>Las transformaciones de Lorentz son m\u00e1s complejas que las de Galileo, pero tienen la ventaja de eliminar todas las contradicciones halladas anteriormente. Sin embargo, para velocidades muy inferiores a la de la luz, estas nuevas relaciones se reducen a las de Galileo, y s\u00f3lo se manifiestan grandes diferencias cuando los sistemas de referencia tienen velocidades [&hellip;]<\/p>\n","protected":false},"author":2,"featured_media":0,"comment_status":"open","ping_status":"open","sticky":false,"template":"","format":"standard","meta":{"_s2mail":"","footnotes":""},"categories":[6],"tags":[],"_links":{"self":[{"href":"http:\/\/www.emiliosilveravazquez.com\/blog\/wp-json\/wp\/v2\/posts\/2087"}],"collection":[{"href":"http:\/\/www.emiliosilveravazquez.com\/blog\/wp-json\/wp\/v2\/posts"}],"about":[{"href":"http:\/\/www.emiliosilveravazquez.com\/blog\/wp-json\/wp\/v2\/types\/post"}],"author":[{"embeddable":true,"href":"http:\/\/www.emiliosilveravazquez.com\/blog\/wp-json\/wp\/v2\/users\/2"}],"replies":[{"embeddable":true,"href":"http:\/\/www.emiliosilveravazquez.com\/blog\/wp-json\/wp\/v2\/comments?post=2087"}],"version-history":[{"count":0,"href":"http:\/\/www.emiliosilveravazquez.com\/blog\/wp-json\/wp\/v2\/posts\/2087\/revisions"}],"wp:attachment":[{"href":"http:\/\/www.emiliosilveravazquez.com\/blog\/wp-json\/wp\/v2\/media?parent=2087"}],"wp:term":[{"taxonomy":"category","embeddable":true,"href":"http:\/\/www.emiliosilveravazquez.com\/blog\/wp-json\/wp\/v2\/categories?post=2087"},{"taxonomy":"post_tag","embeddable":true,"href":"http:\/\/www.emiliosilveravazquez.com\/blog\/wp-json\/wp\/v2\/tags?post=2087"}],"curies":[{"name":"wp","href":"https:\/\/api.w.org\/{rel}","templated":true}]}}