{"id":20848,"date":"2024-12-03T20:15:37","date_gmt":"2024-12-03T19:15:37","guid":{"rendered":"http:\/\/www.emiliosilveravazquez.com\/blog\/?p=20848"},"modified":"2024-12-03T20:16:01","modified_gmt":"2024-12-03T19:16:01","slug":"%c2%a1los-pensamientos-esas-rafagas-luminosas-4","status":"publish","type":"post","link":"http:\/\/www.emiliosilveravazquez.com\/blog\/2024\/12\/03\/%c2%a1los-pensamientos-esas-rafagas-luminosas-4\/","title":{"rendered":"\u00a1Los pensamientos! Esas r\u00e1fagas luminosas"},"content":{"rendered":"<div>\n<h2 style=\"text-align: justify;\">\u00a0 <a href=\"http:\/\/www.emiliosilveravazquez.com\/blog\/2013\/10\/07\/ahora-sabemos-viajar-desde-el-nucleo-atomico-hasta-las-galaxias\/\" rel=\"prev\">Ahora sabemos viajar desde el n\u00facleo at\u00f3mico hasta las galaxias<\/a><\/h2>\n<p>&nbsp;<\/p>\n<\/div>\n<p><img decoding=\"async\" src=\"https:\/\/lh6.googleusercontent.com\/proxy\/Y7YVOQAzoAfhSA2qFhQgU7ezS2S32FTckSo5RZfawQ81_xIvWAjJ3IXdyKvBl90SfEh1h2Uoh14IYrvH9OaOLh102yoa0CVMSA\" alt=\"NUPEX\" \/><\/p>\n<blockquote>\n<p style=\"text-align: justify;\">Rutherford descubri\u00f3 el n\u00facleo at\u00f3mico, y, desde entonces hemos recorrido un largo camino. Sabemos que en ese infinitesimal puntito que est\u00e1 en el centro del \u00e1tomo (que es una parte de cien mil), se encuentra el 99,99% de la masa at\u00f3mica, que all\u00ed moran los <a href=\"#\" onclick=\"referencia('nucleones',event); return false;\">nucleones<\/a> (<a href=\"#\" onclick=\"referencia('proton',event); return false;\">protones<\/a> y <a href=\"#\" onclick=\"referencia('neutron',event); return false;\">neutrones<\/a> de la familia de los Hadrones, en su rama Bari\u00f3m\u00a1nca, y, en las entra\u00f1as de esos <a href=\"#\" onclick=\"referencia('nucleones',event); return false;\">nucleones<\/a> &#8220;viven&#8221; tripletes de Quarks (2 up y 1 dowm en los <a href=\"#\" onclick=\"referencia('proton',event); return false;\">protones<\/a> y 2 dowm y 1 up en los <a href=\"#\" onclick=\"referencia('neutron',event); return false;\">neutrones<\/a>). Dichos Quarks permanecen all\u00ed confinados por la <a href=\"#\" onclick=\"referencia('fuerza nuclear fuerte',event); return false;\">fuerza nuclear fuerte<\/a> (que act\u00faa como un muelle de acero -cuanto m\u00e1s se estira m\u00e1s resistencia opone-, es decir, es la \u00fanica fuerza que crece con la distancia. Adem\u00e1s, interviene otra part\u00edcula de la familia de los Bosones, el Glu\u00f3n. Tales conocimientos fueron posible gracias al esfuerzo de muchos y de las m\u00e1quinas de avanzada tecnolog\u00eda y energ\u00eda.<\/p>\n<p style=\"text-align: justify;\">El el caso de las Galaxias, hicimos un viaje diferente al otro extremo de lo muy grande, descubriendo &#8220;universos&#8221; en miniatura que resultaron galaxias de estrellas, y, m\u00e1s adelante, al poder ir m\u00e1s lejos en las profundidades del Espacio-Tiempo, pudimos saber de los c\u00famulos de galaxias que conten\u00edan docenas y otros de inmensas dimensiones que pod\u00edan contener millones. As\u00ed pudimos saber de lo muy peque\u00f1o y de lo muy grande.<\/p>\n<\/blockquote>\n<div style=\"text-align: justify;\"><\/div>\n<div><\/div>\n<div><img decoding=\"async\" loading=\"lazy\" class=\"\" src=\"https:\/\/i.imgur.com\/O5niCzI.png\" width=\"359\" height=\"339\" \/><img decoding=\"async\" src=\"https:\/\/i.imgur.com\/5EsOljs.png\" \/><img decoding=\"async\" loading=\"lazy\" class=\"\" src=\"https:\/\/kajabi-storefronts-production.kajabi-cdn.com\/kajabi-storefronts-production\/blogs\/26406\/images\/XC5KEc9dS06p8Zf7e1yk_22.jpeg\" alt=\"La Luz! \u00a1La Mec\u00e1nica Cu\u00e1ntica! Nuestro Universo : Blog de Emilio Silvera V.\" width=\"546\" height=\"307\" \/><\/div>\n<h3 style=\"text-align: justify;\"><a href=\"https:\/\/youtu.be\/LdGiXrGoy54\">https:\/\/youtu.be\/LdGiXrGoy54<\/a><\/h3>\n<div style=\"text-align: justify;\"><\/div>\n<div>\n<p style=\"text-align: justify;\">Es curioso cuando mi mente est\u00e1 libre y divagando\u00a0<a id=\"_GPLITA_0\" title=\"Click to Continue &gt; by Savings Wave\" href=\"http:\/\/www.emiliosilveravazquez.com\/blog\/2013\/10\/07\/%C2%A1los-pensamientos-nos-hacen-saber-y-crear\/#\">sobre<img decoding=\"async\" src=\"http:\/\/savingswave-a.akamaihd.net\/items\/it\/img\/arrow-10x10.png\" alt=\"\" \/><\/a>\u00a0una gran diversidad de cuestiones que sin ser a prop\u00f3sito, se enlazan o entrecruzan las unas con las otras, y lo mismo estoy tratando de sondear sobre el verdadero significado del n\u00famero 137 (s\u00ed, ese n\u00famero puro, adimensional, que encierra los secretos del electromagnetismo (e), de la velocidad de la luz (c), o, del cuanto de acci\u00f3n (h) la\u00a0<a href=\"http:\/\/www.emiliosilveravazquez.com\/blog\/2013\/10\/07\/%C2%A1los-pensamientos-nos-hacen-saber-y-crear\/#\"><a href=\"#\" onclick=\"referencia('planck constante de',event); return false;\">constante de Planck<\/a><\/a>\u00a0\u2013 se denomina alfa (\u03b1) y lo denotamos con una ecuaci\u00f3n: 2\u03c0e<sup>2<\/sup>\/hc), o\u00a0que me sumerjo en las profundidades del n\u00famero at\u00f3mico para ver de manera clara y precisa la red de los\u00a0<a href=\"http:\/\/www.emiliosilveravazquez.com\/blog\/2013\/10\/07\/%C2%A1los-pensamientos-nos-hacen-saber-y-crear\/#\"><a href=\"#\" onclick=\"referencia('gluones',event); return false;\">gluones<\/a><\/a>\u00a0que retienen a los\u00a0<a href=\"http:\/\/www.emiliosilveravazquez.com\/blog\/2010\/07\/03\/si-podemos-ver-con-la-mente-y-con-mucha-claridad\/comment-page-1\/#\">quarks<\/a>, conformando <a href=\"#\" onclick=\"referencia('proton',event); return false;\">protones<\/a> y <a href=\"#\" onclick=\"referencia('neutron',event); return false;\">neutrones<\/a> con los que se construye el n\u00facleo. Sin embargo, mi visi\u00f3n mental no se detiene en ese punto, contin\u00faa avanzando y se encuentra con una sinfon\u00eda de colores que tiene su fuente en miles y miles de cuerdas vibrantes que, en cada vibraci\u00f3n o resonancia, producen min\u00fasculas part\u00edculas que salen disparadas para formar parte en otro lugar, de alg\u00fan planeta, estrella, galaxia e incluso del ser de un individuo inteligente.<\/p>\n<p>&nbsp;<\/p>\n<p style=\"text-align: justify;\"><img decoding=\"async\" loading=\"lazy\" class=\"\" src=\"https:\/\/www.partesdel.com\/wp-content\/uploads\/partes-de-la-materia.jpg\" alt=\"Resultado de imagen de Qu\u00c3\u00a9 es la materia\" width=\"602\" height=\"417\" \/><\/p>\n<p style=\"text-align: justify;\">En realidad, hemos llegado a decir que el Tiempo es una abstracci\u00f3n de la Mente. Sin embargo, si no existiera el Tiempo&#8230; \u00bfC\u00f3mo podr\u00eda existir la materia? All\u00ed, en el Tiempo, ha podido surgir y evolucionar hasta llegar a convertirse en ideas, pensamientos y, sentimientos.<\/p>\n<p style=\"text-align: justify;\">Me pregunto por el verdadero significado de la materia, y cuanto m\u00e1s profundizo en ello, mayor es la certeza de que all\u00ed est\u00e1n encerradas todas las respuestas. \u00bfQu\u00e9 somos nosotros? Creo que somos materia evolucionada que ha conseguido la conquista de un nivel evolutivo en el que ya se tiene conciencia de ser, de estar, de comprender para poder generar ideas propias\u00a0<a id=\"_GPLITA_1\" title=\"Click to Continue &gt; by Savings Wave\" href=\"http:\/\/www.emiliosilveravazquez.com\/blog\/2013\/10\/07\/%C2%A1los-pensamientos-nos-hacen-saber-y-crear\/#\">sobre<img decoding=\"async\" src=\"http:\/\/savingswave-a.akamaihd.net\/items\/it\/img\/arrow-10x10.png\" alt=\"\" \/><\/a>\u00a0las cosas de la Naturaleza y sus maravillosos mecanismos que, lo mismo hace que una estrella produzca Carbono que, en un planeta como la Tierra, surjan formas de vida tan evolucionadas como la nuestra.<\/p>\n<p>&nbsp;<\/p>\n<p style=\"text-align: justify;\"><img decoding=\"async\" id=\"BLOGGER_PHOTO_ID_5301185961696047474\" src=\"http:\/\/1.bp.blogspot.com\/_BBQjKCz2srE\/SZGYi5cuMXI\/AAAAAAAAAeM\/j8hJzimPDrc\/s320\/id054+%28I.D%C3%ADez%29.jpg\" alt=\"\" border=\"0\" \/><img decoding=\"async\" loading=\"lazy\" id=\"rg_hi\" class=\"\" src=\"https:\/\/encrypted-tbn2.google.com\/images?q=tbn:ANd9GcS3zDVipOZAFwD_BFpeGY6YVsdIy3-m-Gns7wPmpIU31QEUYPJ8Iw\" alt=\"\" width=\"276\" height=\"219\" data-width=\"252\" data-height=\"200\" \/><\/p>\n<p>&nbsp;<\/p>\n<blockquote>\n<p style=\"text-align: justify;\"><strong>Las dos im\u00e1genes representan la materia: Una (que equivocadamente llamamos) Naturaleza \u201cinerte\u201d y, la otra, cuando se hace pensamientos y trasciende m\u00e1s all\u00e1 de lo material, cuando se hace Mente. La mal llamada materia inerte evolucion\u00f3 hacia los pensamientos.<\/strong><\/p>\n<\/blockquote>\n<\/div>\n<p>&nbsp;<\/p>\n<p><img decoding=\"async\" src=\"https:\/\/img.europapress.es\/fotoweb\/fotonoticia_20200929103644_690.jpg\" alt=\"Ya se sabe la cantidad precisa de materia en el Universo\" \/><\/p>\n<p><strong>El reparto que se hace \u00bfA diferentes clases de Materia? y energ\u00eda&#8230; entra ewn el apartado de la conjetura<\/strong><\/p>\n<div>\n<p style=\"text-align: justify;\"><strong>Pienso que toda la materia en el Universo est\u00e1 cumpliendo su funci\u00f3n para conformar un todo.<\/strong><\/p>\n<p>&nbsp;<\/p>\n<\/div>\n<p><img decoding=\"async\" src=\"https:\/\/www.shutterstock.com\/image-photo\/close-stacks-rocks-on-river-260nw-2093827147.jpg\" alt=\"3,119,698 im\u00e1genes, fotos de stock, objetos en 3D y vectores sobre Piedra  del r\u00edo | Shutterstock\" \/><img decoding=\"async\" loading=\"lazy\" class=\"\" src=\"https:\/\/i.pinimg.com\/originals\/00\/bc\/ae\/00bcae27338e55457852bc9752693b69.gif\" alt=\"Gifs animados de cascadas\" width=\"532\" height=\"800\" \/><img decoding=\"async\" loading=\"lazy\" class=\"\" src=\"https:\/\/us.images.westend61.de\/0001387981pw\/reino-unido-gales-cresselly-sendero-vacio-en-un-frondoso-y-verde-bosque-ALRF01758.jpg\" alt=\"Reino Unido, Gales, Cresselly, Sendero vac\u00edo en un frondoso ...\" width=\"537\" height=\"239\" \/><img decoding=\"async\" loading=\"lazy\" class=\"\" src=\"https:\/\/spaceplace.nasa.gov\/nebula\/sp\/nebula1.sp.jpg\" alt=\"What Is a Nebula? | NASA Space Place \u2013 NASA Science for Kids\" width=\"539\" height=\"562\" \/><img decoding=\"async\" loading=\"lazy\" class=\"\" src=\"https:\/\/img.europapress.es\/fotoweb\/fotonoticia_20201228123248_1200.jpg\" alt=\"Docenas de nuevas estrellas a velocidad de escape de la galaxia\" width=\"543\" height=\"336\" \/><\/p>\n<p>&nbsp;<\/p>\n<div>\n<p style=\"text-align: justify;\">En cada momento est\u00e1 configurada de una manera (<strong>las piedras del fondo de un r\u00edo, el agua de una cascada,<\/strong> <strong>el frondoso y verde bosque, una Nebulosa<\/strong>, <strong>las estrellas que forman galaxias<\/strong>, r\u00e1fagas de energ\u00eda, multitud de criaturas de diferentes formas&#8230;), en definitiva, todo est\u00e1 hecho de la misma cosa, que interaccionan y est\u00e1 supeditada a las fuerzas que rigen el universo entero\u00a0 y toda la Naturaleza que, adoptando distintas formas, est\u00e1 presente en cada lugar para cumplir lo que est\u00e1 determinado por unos imparables mecanismos que se desarrollan al margen de cualquier deseo o pensamiento consciente, es lo que no se puede parar, lo inevitable, lo que tiene que ocurrir a medida que inexorablemente transcurre el tiempo. La luz, la gravedad, la carga el\u00e9ctrica y magn\u00e9tica, las fuerzas nucleares, todo, absolutamente todo, se puede entender a partir del comportamiento de la materia en sus distintos estadios y situaciones, tanto a niveles microsc\u00f3picos como en nuestro m\u00e1s cotidiano mundo macrosc\u00f3pico, todo son aspectos y escenarios distintos, en los que la materia, se pone distintos ropajes para representar su papel en la m\u00e1s grande funci\u00f3n del Teatro del Universo: para que existan estrellas y galaxias, planetas, \u00e1rboles, desiertos, oc\u00e9anos y multitud de espacies de seres vivos y, algunas que como la nuestra, por ejemplo, ha podido evolucionar hasta alcanzar la Consciencia de Ser.<\/p>\n<p>&nbsp;<\/p>\n<div style=\"text-align: justify;\"><a href=\"http:\/\/www.google.es\/imgres?imgurl=http%3A%2F%2Fbp3.blogger.com%2F_V34B7yQd1qQ%2FR4Ou4jLsYRI%2FAAAAAAAAAGI%2FL2FFlIKY3sM%2Fs320%2FFotos%252520MADERA%252520DE%252520CAYUCO.gif&amp;imgrefurl=http%3A%2F%2Fdbarcelona.blogspot.com%2F2008_01_01_archive.html&amp;docid=hzpsBio1KWvpYM&amp;tbnid=EXQ0Mfs80HAPCM&amp;w=320&amp;h=226&amp;ei=_3BFUfTHC8ib0QXWkID4Bw&amp;ved=0CAYQxiAwBA&amp;iact=rics\" data-target-tbnid=\"BC6DPv8EkUboUM:\" data-ved=\"0CAYQxiAwBA\" data-item-id=\"EXQ0Mfs80HAPCM\"><img decoding=\"async\" loading=\"lazy\" class=\"\" src=\"http:\/\/t1.gstatic.com\/images?q=tbn:ANd9GcTH1si2jP7CunUue6BVaUfvC6QeH5MFDkbZFDpXsMDxGHcLfmqQ\" alt=\"\" width=\"468\" height=\"331\" \/><\/a><\/div>\n<blockquote>\n<p style=\"text-align: justify;\"><strong>Todos somos iguales pero\u2026\u00a0 \u00a1Diferentes! Con pensamientos y costumbres dispares El entorno y el seno de nuestra ni\u00f1ez nos pone el sello personal que nos acompa\u00f1ar\u00e1 toda nuestra vida<\/strong><\/p>\n<\/blockquote>\n<p style=\"text-align: justify;\">Mirando a mi alrededor, de manera clara y precisa, puedo comprobar que el mundo est\u00e1 compuesto por una variedad de personas que, siendo iguales en su origen de especie, son totalmente distintas en sus mentes, en sus costumbres, en sus creencias y en sus conocimientos del mundo que nos rodea localmente y en ese otro que saliendo de nuestras fronteras nos lleva hasta el microsc\u00f3pico mundo del \u00e1tomo, o, al extremo opuesto, el de las grandes estructuras de las galaxias. Desgraciadamente, no todos conocemos de cuestiones esenciales que conforman el \u201cmundo\u201d y, consecuentemente, tambi\u00e9n a nosotros que formamos parte de \u00e9l.<\/p>\n<p>&nbsp;<\/p>\n<div id=\"irc_rit\" style=\"text-align: justify;\"><a href=\"http:\/\/www.google.es\/imgres?imgurl=http%3A%2F%2Fus.123rf.com%2F400wm%2F400%2F400%2Fkzenon%2Fkzenon0912%2Fkzenon091200268%2F6117228-vida-cotidiana-de-una-familia--ninos-haciendo-sus-deberes-en-la-cocina-antes-de-ir-a-la-escuela.jpg&amp;imgrefurl=http%3A%2F%2Fes.123rf.com%2Fphoto_6117228_vida-cotidiana-de-una-familia--ninos-haciendo-sus-deberes-en-la-cocina-antes-de-ir-a-la-escuela.html&amp;docid=uPCE6mAVDPJR_M&amp;tbnid=NR3gO4rbcz0twM%3A&amp;w=1200&amp;h=801&amp;ei=bXJFUc6RGfGR0QXms4CwBQ&amp;ved=0CAIQxiAwAA&amp;iact=rics\" data-target-tbnid=\"NR3gO4rbcz0twM:\" data-ved=\"0CAIQxiAwAA\" data-item-id=\"NR3gO4rbcz0twM:\"><img decoding=\"async\" src=\"http:\/\/t0.gstatic.com\/images?q=tbn:ANd9GcQY6w1Di3YMe4997UYIFfiMJ7DQZ1WoUIzE6z6mgaCdP0YxQiIk\" alt=\"\" \/><\/a><a href=\"http:\/\/www.google.es\/imgres?imgurl=http%3A%2F%2Fldereberesfamilia.files.wordpress.com%2F2012%2F10%2Fcropped-red-social-para-familias.jpg&amp;imgrefurl=http%3A%2F%2Fldereberesfamilia.wordpress.com%2Fauthor%2Fldereberesfamilia%2F&amp;docid=DeUnCihWSSpKkM&amp;tbnid=NHPiRmEf7tZY_M&amp;w=920&amp;h=675&amp;ei=bXJFUc6RGfGR0QXms4CwBQ&amp;ved=0CAMQxiAwAQ&amp;iact=rics\" data-target-tbnid=\"NR3gO4rbcz0twM:\" data-ved=\"0CAMQxiAwAQ\" data-item-id=\"NHPiRmEf7tZY_M\"><img decoding=\"async\" src=\"http:\/\/t0.gstatic.com\/images?q=tbn:ANd9GcRCBtgQps1xL1jT0l46FsjTHrGleLVZOy54JLhqzSngJdgOv7Wf\" alt=\"\" \/><\/a><a href=\"http:\/\/www.google.es\/imgres?imgurl=http%3A%2F%2Fus.123rf.com%2F400wm%2F400%2F400%2Fkzenon%2Fkzenon0912%2Fkzenon091200269%2F6117181-everyday-life-of-a-family--kids-doing-their-homework-in-the-kitchen-before-going-to-school.jpg&amp;imgrefurl=http%3A%2F%2Fwww.123rf.com%2Fphoto_6117181_everyday-life-of-a-family--kids-doing-their-homework-in-the-kitchen-before-going-to-school.html&amp;docid=ZcYCKWr_zUzBXM&amp;tbnid=hiwAhORjkXXyvM&amp;w=267&amp;h=400&amp;ei=bXJFUc6RGfGR0QXms4CwBQ&amp;ved=0CAQQxiAwAg&amp;iact=rics\" data-target-tbnid=\"NR3gO4rbcz0twM:\" data-ved=\"0CAQQxiAwAg\" data-item-id=\"hiwAhORjkXXyvM\"><img decoding=\"async\" src=\"http:\/\/t2.gstatic.com\/images?q=tbn:ANd9GcSS49Cn7_iE06btmtDpl9MTzblQpcGVeWpbmG3wsnwHeuD3iB7y\" alt=\"\" \/><\/a><a href=\"http:\/\/www.google.es\/imgres?imgurl=http%3A%2F%2F2.bp.blogspot.com%2F-L9dRkEJA8Vc%2FTfDy88BOMBI%2FAAAAAAAAAFM%2FVaO1I5E8EsE%2Fs1600%2Fgita-fuori-porta-con-famiglia.jpg&amp;imgrefurl=http%3A%2F%2Fgirapagina.blogspot.com%2F2011_06_01_archive.html&amp;docid=yoLsRLCOHl2JFM&amp;tbnid=AyJDQ_0Pty8LQM&amp;w=400&amp;h=300&amp;ei=bXJFUc6RGfGR0QXms4CwBQ&amp;ved=0CAUQxiAwAw&amp;iact=rics\" data-target-tbnid=\"NR3gO4rbcz0twM:\" data-ved=\"0CAUQxiAwAw\" data-item-id=\"AyJDQ_0Pty8LQM\"><img decoding=\"async\" src=\"http:\/\/t3.gstatic.com\/images?q=tbn:ANd9GcTWmhvZ3rCYXaqMie5lCojfIVibdTQQnew7-nAf5lQwShIq67Yz\" alt=\"\" \/><\/a><a href=\"http:\/\/www.google.es\/imgres?imgurl=http%3A%2F%2Flafamilia6.net23.net%2Fdeberes1.jpg&amp;imgrefurl=http%3A%2F%2Flafamilia6.net23.net%2Ffunciones%2520de%2520la%2520familia.html&amp;docid=8vy4mWLZyNXhaM&amp;tbnid=orsIh79-PMcohM&amp;w=1199&amp;h=798&amp;ei=bXJFUc6RGfGR0QXms4CwBQ&amp;ved=0CAYQxiAwBA&amp;iact=rics\" data-target-tbnid=\"NR3gO4rbcz0twM:\" data-ved=\"0CAYQxiAwBA\" data-item-id=\"orsIh79-PMcohM\"><img decoding=\"async\" src=\"http:\/\/t2.gstatic.com\/images?q=tbn:ANd9GcQieKTBbEROXirITzj0ZKwhH3gyfG8P-1_HT592bKSQIPgEX%3Ca%20href=\" alt=\"\" \/><\/a>\u00a0<a href=\"http:\/\/www.google.es\/imgres?imgurl=http%3A%2F%2Fwww.irespuestas.com%2Fwp-content%2Fuploads%2F2012%2F06%2Fpadres-ninos-deberes-colegio.jpg&amp;imgrefurl=http%3A%2F%2Fwww.irespuestas.com%2Fcategoria%2Fser-padre%2Fpage%2F4%2F&amp;docid=7uPsMbZPV6niNM&amp;tbnid=DSWJUgBL8I11sM&amp;w=450&amp;h=381&amp;ei=bXJFUc6RGfGR0QXms4CwBQ&amp;ved=0CAgQxiAwBg&amp;iact=rics\" data-target-tbnid=\"NR3gO4rbcz0twM:\" data-ved=\"0CAgQxiAwBg\" data-item-id=\"DSWJUgBL8I11sM\"><img decoding=\"async\" src=\"http:\/\/t1.gstatic.com\/images?q=tbn:ANd9GcS4IdaaaH4xkRnqvZwBG5yWAc9EfSzq8wKILTxj2B1WXBqm_1zp\" alt=\"\" \/><\/a><\/div>\n<\/div>\n<div><\/div>\n<div>\n<div style=\"text-align: justify;\"><img decoding=\"async\" src=\"http:\/\/todossomosuno.com.mx\/portal\/wp-content\/uploads\/2014\/12\/mongoles-nenas.jpg\" alt=\"Resultado de imagen de Ni\u00c3\u00b1os de mongolia\" \/><\/div>\n<div><\/div>\n<div style=\"text-align: justify;\"><strong>Las im\u00e1genes representan la parte m\u00e1s amable de nuestra realidad pero\u2026 Hay otras que&#8230; \u00a1Nos denigran!<\/strong><\/div>\n<p style=\"text-align: justify;\">La mayor parte, se aplica en sus vidas cotidianas y sin grandes sobresaltos: al trabajo, la familia y dejar transcurrir el tiempo. Es la mayor\u00eda silenciosa. Una parte menor, conforman el grupo de los poderosos; sus afanes est\u00e1n centrados en acumular poder, dirigir las vidas de los dem\u00e1s y de manera consciente o inconsciente, da\u00f1an y abusan de aquella mayor\u00eda. Son los grandes capitalistas y pol\u00edticos, que con sus decisiones hacen mejor o peor las vidas del resto. Por \u00faltimo, existe una peque\u00f1a parte que est\u00e1 ajena y \u201caislada\u201d de los dos grupos anteriores; se dedican a pensar y a averiguar el por qu\u00e9 de las cosas. La mayor preocupaci\u00f3n de este grupo de \u201celegidos\u201d es saber, quiero decir \u00a1SABER!, de todo y\u00a0<a id=\"_GPLITA_2\" title=\"Click to Continue &gt; by Savings Wave\" href=\"http:\/\/www.emiliosilveravazquez.com\/blog\/2013\/10\/07\/%C2%A1los-pensamientos-nos-hacen-saber-y-crear\/#\">sobre<img decoding=\"async\" src=\"http:\/\/savingswave-a.akamaihd.net\/items\/it\/img\/arrow-10x10.png\" alt=\"\" \/><\/a>\u00a0todo; nunca est\u00e1n satisfechos y gracias a ellos podemos avanzar y evitar el embrutecimiento de nuestra especie que, a pesar de todo\u2026 \u00a1Se puede salvar!<\/p>\n<p style=\"text-align: justify;\">Bueno, al menos eso espero. Quiz\u00e1 la \u00faltima esperanza de la Humanidad est\u00e9 en la Ciencia y los que la practican. Mientras tanto, la Humanidad se va renovando de manera continuada, y, la evoluci\u00f3n, nos puede hacer comprender que&#8230; \u00a1Que todos somos uno!<\/p>\n<\/div>\n<p>&nbsp;<\/p>\n<div>\n<p style=\"text-align: justify;\"><img decoding=\"async\" loading=\"lazy\" class=\"\" src=\"https:\/\/www.muyinteresante.com\/wp-content\/uploads\/sites\/5\/2024\/01\/04\/65967a7a0e74a.jpeg\" alt=\"Por qu\u00e9 hay 6 tipos de quarks?\" width=\"735\" height=\"490\" \/><img decoding=\"async\" loading=\"lazy\" class=\"\" src=\"https:\/\/francisthemulenews.wordpress.com\/wp-content\/uploads\/2011\/11\/dibujo20120530-first-generation-leptons-and-quarks-in-spanish.jpg\" alt=\"Dise\u00f1o gr\u00e1fico y visualizaci\u00f3n cient\u00edfica en f\u00edsica de part\u00edculas | Francis  (th)E mule Science's News\" width=\"735\" height=\"500\" \/><\/p>\n<p>&nbsp;<\/p>\n<p style=\"text-align: justify;\">Todo forma parte de la misma cosa y a partir de la materia que puede estar configurada como una galaxia de estrellas, surge la vida y de ella los pensamientos. La complejidad de la mente humana ha llegado a unos niveles que, a partir de ah\u00ed, todo podr\u00eda ser posible y, lo lastimoso del caso es que, esos conocimientos adquiridos no se utilicen para el bien com\u00fan. Todav\u00eda existe esa parte de nosotros que, en forma de instinto animal, nos hace actuar de manera ego\u00edsta y poco conveniente para el futuro de la Humanidad.<\/p>\n<p>&nbsp;<\/p>\n<p style=\"text-align: justify;\"><img decoding=\"async\" loading=\"lazy\" id=\"irc_mi\" src=\"http:\/\/defeyrazon.files.wordpress.com\/2014\/01\/dinero.jpg\" alt=\"\" width=\"524\" height=\"393\" \/><\/p>\n<p><strong>Este es el mal del mundo<\/strong><\/p>\n<p>&nbsp;<\/p>\n<p style=\"text-align: justify;\"><img decoding=\"async\" loading=\"lazy\" id=\"irc_mi\" src=\"http:\/\/www.nistido.com\/wp-content\/uploads\/2012\/09\/cientificos-Solvay_conference_1927.jpg\" alt=\"\" width=\"598\" height=\"393\" \/><\/p>\n<blockquote>\n<p style=\"text-align: justify;\"><strong>Este grupo de personas que viven embelesadas en su trabajo, en sus pensamientos tratando de desvelar secretos profundamente escondido en la Naturaleza. Los banqueros piensan diferentes y sus prioridades est\u00e1n en otra parte, un frutero y otros peque\u00f1os comerciantes viven preocupados por mantener el negocio y obtenier los precisos beneficios para mantener a la familia.<\/strong><\/p>\n<\/blockquote>\n<p style=\"text-align: justify;\">Pensando en el cometido de estos tres grupos a los que antes me refer\u00eda, la gente com\u00fan, la familia, los poderosos -el dinero- y los cient\u00edficos,\u00a0 me doy cuenta de lo atrasados que a\u00fan estamos en la evoluci\u00f3n de la especie. El grupo mayor, el de la gente corriente, es muy necesario; de \u00e9l se nutren los otros dos. Sin embargo, el grupo de mayor importancia \u201creal\u201d, el de los pensadores y cient\u00edficos, est\u00e1 utilizado y manejado por pol\u00edticos, militares y capitalistas que, en definitiva, aprueban los\u00a0<a id=\"_GPLITA_3\" title=\"Click to Continue &gt; by Savings Wave\" href=\"http:\/\/www.emiliosilveravazquez.com\/blog\/2013\/10\/07\/%C2%A1los-pensamientos-nos-hacen-saber-y-crear\/#\">presupuestos<img decoding=\"async\" src=\"http:\/\/savingswave-a.akamaihd.net\/items\/it\/img\/arrow-10x10.png\" alt=\"\" \/><\/a>\u00a0y las subvenciones de las que se nutren los investigadores. Si el dinero empleado en in\u00fatiles ejercitos y armas, se empleara en investigaci\u00f3n y desarrollo\u2026 \u00bfD\u00f3nde estar\u00edamos ya? El grupo m\u00e1s numeroso es tambi\u00e9n, el m\u00e1s sacrificado y hacer aqu\u00ed un estudio profundo de lo mal repartido que est\u00e1 todo en el mundo&#8230; \u00a1No tendr\u00eda cabida!<\/p>\n<\/div>\n<p>&nbsp;<\/p>\n<div>\n<div id=\"irc_rit\" style=\"text-align: justify;\"><a href=\"http:\/\/www.google.es\/imgres?imgurl=http%3A%2F%2Falfonsopozacienciassociales.wikispaces.com%2Ffile%2Fview%2Flondres-bombardeos.jpg%2F52024485%2Flondres-bombardeos.jpg&amp;imgrefurl=http%3A%2F%2Falfonsopozacienciassociales.wikispaces.com%2FSegunda%2BGuerra%2BMundial%2BFotos&amp;docid=ZX6NihhVgSZwhM&amp;tbnid=RPC36fL8Nkk2rM%3A&amp;w=555&amp;h=344&amp;ei=inRFUbi2BITfOcj5gagG&amp;ved=0CAIQxiAwAA&amp;iact=rics\" data-target-tbnid=\"RPC36fL8Nkk2rM:\" data-ved=\"0CAIQxiAwAA\" data-item-id=\"RPC36fL8Nkk2rM:\"><img decoding=\"async\" src=\"http:\/\/t3.gstatic.com\/images?q=tbn:ANd9GcQWrieuExPct8yaKvHd8GQ-uoMf90lUqCDRX3Xaic24doi9ln63\" alt=\"\" \/><\/a><a href=\"http:\/\/www.google.es\/imgres?imgurl=http%3A%2F%2Fm1.paperblog.com%2Fi%2F74%2F745472%2Fsegunda-guerra-mundial-fotos-L-3ltvzh.jpeg&amp;imgrefurl=http%3A%2F%2Fes.paperblog.com%2Fla-segunda-guerra-mundial-745472%2F&amp;docid=zngGF9AhmIWByM&amp;tbnid=OYk2jHOiYDkdnM&amp;w=1247&amp;h=830&amp;ei=inRFUbi2BITfOcj5gagG&amp;ved=0CAMQxiAwAQ&amp;iact=rics\" data-target-tbnid=\"RPC36fL8Nkk2rM:\" data-ved=\"0CAMQxiAwAQ\" data-item-id=\"OYk2jHOiYDkdnM\"><img decoding=\"async\" src=\"http:\/\/t1.gstatic.com\/images?q=tbn:ANd9GcRqIyCt0L2EkvO3L-Pyrn93__x3TtD1L2-CsAyFj0gmZxVgSUVW\" alt=\"\" \/><\/a><a href=\"http:\/\/www.google.es\/imgres?imgurl=http%3A%2F%2Fwww.harunyahya.es%2Flibros%2Fsociale%2Fdenuncia_terrorismo%2Fimages_denuncia%2F129.jpg&amp;imgrefurl=http%3A%2F%2Fwww.taringa.net%2Fposts%2Finfo%2F4143044%2FMega-Post-Informativo-La-Segunda-Guerra-Mundial.html&amp;docid=0VoxrbEJAapRVM&amp;tbnid=tfktgVEIOBvwaM&amp;w=300&amp;h=328&amp;ei=inRFUbi2BITfOcj5gagG&amp;ved=0CAQQxiAwAg&amp;iact=rics\" data-target-tbnid=\"RPC36fL8Nkk2rM:\" data-ved=\"0CAQQxiAwAg\" data-item-id=\"tfktgVEIOBvwaM\"><img decoding=\"async\" loading=\"lazy\" class=\"\" src=\"http:\/\/t1.gstatic.com\/images?q=tbn:ANd9GcSoIBW_6avFbzfPRlDn0a5VFQiYuNMS1CEO85dAHg7MaZFIL4MS\" alt=\"\" width=\"165\" height=\"180\" \/><\/a><a href=\"http:\/\/www.google.es\/imgres?imgurl=http%3A%2F%2Fwww.dogguie.com%2Fwp-content%2Fuploads%2F2011%2F02%2Fsegunda-guerra-mundial-3.jpg&amp;imgrefurl=http%3A%2F%2Fwww.dogguie.com%2Ffotos-ineditas-de-la-segunda-guerra-mundial%2F&amp;docid=CSFzw_3oNe2z5M&amp;tbnid=kX2Ekn7KowfJIM&amp;w=500&amp;h=425&amp;ei=inRFUbi2BITfOcj5gagG&amp;ved=0CAUQxiAwAw&amp;iact=rics\" data-target-tbnid=\"RPC36fL8Nkk2rM:\" data-ved=\"0CAUQxiAwAw\" data-item-id=\"kX2Ekn7KowfJIM\"><img decoding=\"async\" loading=\"lazy\" class=\"\" src=\"http:\/\/t1.gstatic.com\/images?q=tbn:ANd9GcQmsh7B8AeB4M8jQjMq2UFaiTbLdqkISZbb6a3Fi1jzTyfw_VJ9\" alt=\"\" width=\"220\" height=\"187\" \/><\/a><a href=\"http:\/\/www.google.es\/imgres?imgurl=http%3A%2F%2Fs1.subirimagenes.com%2Falbums%2F109324alemanes-al-ataque-i.jpg&amp;imgrefurl=http%3A%2F%2Fforum.paradoxplaza.com%2Fforum%2Fshowthread.php%3F655400-MP-HoI3-Anatomia-Mecanica&amp;docid=zVKzWa_xDK_cVM&amp;tbnid=G6G35iZoEmqZRM&amp;w=865&amp;h=631&amp;ei=inRFUbi2BITfOcj5gagG&amp;ved=0CAYQxiAwBA&amp;iact=rics\" data-target-tbnid=\"RPC36fL8Nkk2rM:\" data-ved=\"0CAYQxiAwBA\" data-item-id=\"G6G35iZoEmqZRM\"><img decoding=\"async\" src=\"http:\/\/t3.gstatic.com\/images?q=tbn:ANd9GcQDqvX44bI0XQnhYVbgCj7fSDqIy1SYuUp33xYJdBqpEBTxTnmY\" alt=\"\" \/><\/a><a href=\"http:\/\/www.google.es\/imgres?imgurl=http%3A%2F%2Fwww.portalplanetasedna.com.ar%2Farchivos_varios%2Fguerra2.jpg&amp;imgrefurl=http%3A%2F%2Fwww.portalplanetasedna.com.ar%2Fguerra2.htm&amp;docid=0hYojzb_fOGxhM&amp;tbnid=ovz6iLVwqBBEFM&amp;w=300&amp;h=191&amp;ei=inRFUbi2BITfOcj5gagG&amp;ved=0CAcQxiAwBQ&amp;iact=rics\" data-target-tbnid=\"RPC36fL8Nkk2rM:\" data-ved=\"0CAcQxiAwBQ\" data-item-id=\"ovz6iLVwqBBEFM\"><img decoding=\"async\" src=\"http:\/\/t2.gstatic.com\/images?q=tbn:ANd9GcRn5EHMzsxdTtNnTEV7SPO8SnBwbPt3IPwPh9jVvEveRn38RS9G\" alt=\"\" \/><\/a><a href=\"http:\/\/www.google.es\/imgres?imgurl=http%3A%2F%2Fhtml.rincondelvago.com%2F000106704.jpg&amp;imgrefurl=http%3A%2F%2Fwww.taringa.net%2Fposts%2Finfo%2F4677067%2FHittler-y-el-Nazismo_info_videos.html&amp;docid=-TML5tt-GTcxnM&amp;tbnid=rAswuA_57kZ8DM&amp;w=368&amp;h=248&amp;ei=inRFUbi2BITfOcj5gagG&amp;ved=0CAgQxiAwBg&amp;iact=rics\" data-target-tbnid=\"RPC36fL8Nkk2rM:\" data-ved=\"0CAgQxiAwBg\" data-item-id=\"rAswuA_57kZ8DM\"><img decoding=\"async\" src=\"http:\/\/t0.gstatic.com\/images?q=tbn:ANd9GcQ86xMob32ZfscLfJPlE2cFxNYTqqp43nHw1CGqMtwu6xwDVBXa\" alt=\"\" \/><\/a><a href=\"http:\/\/www.google.es\/imgres?imgurl=http%3A%2F%2Fwww.re-moto.com%2Fphotos%2F22077-POL-Malbork.jpg&amp;imgrefurl=http%3A%2F%2Fwww.re-moto.com%2Fphotos.php%3Flang%3Desp%26img%3D22077&amp;docid=2Y7QvEugIIBjEM&amp;tbnid=1uMHKFMP7U9uiM&amp;w=640&amp;h=365&amp;ei=inRFUbi2BITfOcj5gagG&amp;ved=0CAkQxiAwBw&amp;iact=rics\" data-target-tbnid=\"RPC36fL8Nkk2rM:\" data-ved=\"0CAkQxiAwBw\" data-item-id=\"1uMHKFMP7U9uiM\"><img decoding=\"async\" src=\"http:\/\/t2.gstatic.com\/images?q=tbn:ANd9GcRh7-AH3bRfi4uK2sVT6oA3JCfo-uYw4xjgI7zqXlDp3LeFxdU_\" alt=\"\" \/><\/a><\/div>\n<p style=\"text-align: justify;\">La II Guerra Mundial de mal recuerdo. \u00bfQu\u00e9 sacamos de ella? \u00bfDestrucci\u00f3n y muerte? En las dos grandes guerras mundiales (sobre todo en la segunda), tenemos un ejemplo de c\u00f3mo se utilizaron a los cient\u00edficos con fines militares. Los que no se\u00a0<a id=\"_GPLITA_4\" title=\"Click to Continue &gt; by Savings Wave\" href=\"http:\/\/www.emiliosilveravazquez.com\/blog\/2013\/10\/07\/%C2%A1los-pensamientos-nos-hacen-saber-y-crear\/#\">prestaron<img decoding=\"async\" src=\"http:\/\/savingswave-a.akamaihd.net\/items\/it\/img\/arrow-10x10.png\" alt=\"\" \/><\/a>\u00a0a ello, lo pasaron mal y fueron marginados en no pocos casos.<\/p>\n<p style=\"text-align: justify;\">Es una aut\u00e9ntica barbaridad el \u00ednfimo\u00a0<a id=\"_GPLITA_5\" title=\"Click to Continue &gt; by Savings Wave\" href=\"http:\/\/www.emiliosilveravazquez.com\/blog\/2013\/10\/07\/%C2%A1los-pensamientos-nos-hacen-saber-y-crear\/#\">presupuesto<img decoding=\"async\" src=\"http:\/\/savingswave-a.akamaihd.net\/items\/it\/img\/arrow-10x10.png\" alt=\"\" \/><\/a>\u00a0que se destina al fomento cient\u00edfico en cualquiera de los niveles del saber. Cada presupuesto, cada proyecto y cada subvenci\u00f3n conseguida es como un camino interminable de inconvenientes y problemas que hay que superar antes de conseguir el visto bueno definitivo, y lastimosamente, no son pocos los magn\u00edficos proyectos que se quedan olvidados encima de la mesa del pol\u00edtico o bur\u00f3crata de turno, cuyos intereses particulares y partidistas miran en otra direcci\u00f3n, sin importarles la trascendencia que el proyecto pueda tener para el bien de la Humanidad, con que el suyo propio est\u00e9 a salvo&#8230;<\/p>\n<p>&nbsp;<\/p>\n<\/div>\n<div style=\"text-align: justify;\"><\/div>\n<div>\n<p style=\"text-align: justify;\">La I+D espa\u00f1ola no solo sufre los ajustes presupuestarios, sino que adem\u00e1s tiene partidas sin utilizar. La ciencia y la tecnolog\u00eda, incluidas actividades civiles y militares, sufrir\u00e1n el a\u00f1o pr\u00f3ximo una reducci\u00f3n de la\u00a0<a id=\"_GPLITA_7\" title=\"Click to Continue &gt; by Savings Wave\" href=\"http:\/\/www.emiliosilveravazquez.com\/blog\/2013\/10\/07\/%C2%A1los-pensamientos-nos-hacen-saber-y-crear\/#\">financiaci\u00f3n<img decoding=\"async\" src=\"http:\/\/savingswave-a.akamaihd.net\/items\/it\/img\/arrow-10x10.png\" alt=\"\" \/><\/a>\u00a0de un 8,4% respecto a 2010, seg\u00fan el proyecto presupuestario, lo que se acumula al 5,5% de recorte de este a\u00f1o respecto a 2009. \u201cEsto entierra definitivamente la etapa de crecimiento del gasto en I+D+i de la anterior legislatura\u201d, se\u00f1ala un an\u00e1lisis sobre la pol\u00edtica de investigaci\u00f3n realizado por CC OO a partir de datos oficiales.<\/p>\n<blockquote>\n<p style=\"text-align: justify;\"><strong>Mienten m\u00e1s que hablan. Las encuestan est\u00e1n falseadas y los medios de comunicaci\u00f3n (salvo excepciones) \u00a1Comprados! El voto cautivo que adultera la democracia, el retorcer de la Ley tratando que diga lo contrario de lo que trataba de decir el legislador&#8230;<\/strong><\/p>\n<\/blockquote>\n<\/div>\n<p style=\"text-align: justify;\">\n<div>\n<p style=\"text-align: justify;\"><img decoding=\"async\" loading=\"lazy\" id=\"irc_mi\" class=\"\" src=\"http:\/\/m1.paperblog.com\/i\/92\/928000\/investigacion-espana-munecos-goma-L-gvWlXE.jpeg\" alt=\"\" width=\"476\" height=\"331\" \/><\/p>\n<p>&nbsp;<\/p>\n<p style=\"text-align: justify;\">\u00a1Qu\u00e9 lastima! Haber llegado a esta situaci\u00f3n tiene un motivo de todos conocido. Sin embargo, muchos son los interesados en que el tiempo pase y no se hable de ello. Los responsables est\u00e1n bien instalados, tienen muy alta e inmerecidas\u00a0<a id=\"_GPLITA_9\" title=\"Click to Continue &gt; by Savings Wave\" href=\"http:\/\/www.emiliosilveravazquez.com\/blog\/2013\/10\/07\/%C2%A1los-pensamientos-nos-hacen-saber-y-crear\/#\">pensiones<img decoding=\"async\" src=\"http:\/\/savingswave-a.akamaihd.net\/items\/it\/img\/arrow-10x10.png\" alt=\"\" \/><\/a>\u00a0y, mientras tanto, el Pueblo llano, la Ciencia, y la gente de la calle en general, padecen y sufren lo que otros hicieron que, adem\u00e1s, no s\u00f3lo no pagaron su culpa, sino que se encuentran tan ricamente en sus mansiones, sus viajes, sus abultadas cuentas corrientes\u2026 \u00a1Qu\u00e9 canallas y miserables! Es la peor condici\u00f3n humana a la que podemos llegar.<\/p>\n<p style=\"text-align: justify;\">A pesar de ello, milagrosamente, el avance contin\u00faa implacable gracias a personajes que, como Ram\u00f3n y Cajal -en su momento-, con medios insuficientes pero con sacrificio e inteligencia, triunfan\u00a0<a id=\"_GPLITA_10\" title=\"Click to Continue &gt; by Savings Wave\" href=\"http:\/\/www.emiliosilveravazquez.com\/blog\/2013\/10\/07\/%C2%A1los-pensamientos-nos-hacen-saber-y-crear\/#\">sobre<img decoding=\"async\" src=\"http:\/\/savingswave-a.akamaihd.net\/items\/it\/img\/arrow-10x10.png\" alt=\"\" \/><\/a>\u00a0estas adversidades materiales que superan por amor a la ciencia, con trabajo y con ingenio.<\/p>\n<p>Hablemos de otras cuestiones.<\/p>\n<p>&nbsp;<\/p>\n<p><img decoding=\"async\" loading=\"lazy\" class=\"\" src=\"https:\/\/cdn.pixabay.com\/photo\/2023\/06\/05\/07\/19\/einstein-8041625_1280.png\" alt=\"Einstein Albert F\u00edsica - Gr\u00e1ficos vectoriales gratis en Pixabay\" width=\"408\" height=\"408\" \/><\/p>\n<p style=\"text-align: justify;\"><strong><a href=\"http:\/\/www.emiliosilveravazquez.com\/blog\/2013\/10\/07\/%C2%A1los-pensamientos-nos-hacen-saber-y-crear\/#\"><a href=\"#\" onclick=\"referencia('einstein',event); return false;\">Einstein<\/a><\/a>\u00a0nos dec\u00eda algo parecido a:<\/strong><\/p>\n<blockquote><p><strong>\u201cE<em>l hombre encuentra su verdad detr\u00e1s de cada puerta que la ciencia logra abrir<\/em>\u201d.<\/strong><\/p>\n<p>&nbsp;<\/p><\/blockquote>\n<div id=\"irc_rit\" style=\"text-align: justify;\"><a href=\"http:\/\/www.google.es\/imgres?imgurl=http%3A%2F%2F4.bp.blogspot.com%2F-dUY1kh3UA2M%2FTlC-Zl_4HOI%2FAAAAAAAAAFc%2Fs8WZbHXf53A%2Fs1600%2FExpansi%2525C3%2525B3n-c%2525C3%2525B3smica.jpg&amp;imgrefurl=http%3A%2F%2Framanujan25449.blogspot.com%2F2011%2F08%2Fenergia-oscura.html&amp;docid=pk0IBnkp0MAGoM&amp;tbnid=-0kZ-Ii4fuwV5M%3A&amp;w=884&amp;h=1074&amp;ei=G31FUbVvxIk9j52B-A0&amp;ved=0CAIQxiAwAA&amp;iact=rics\" data-target-tbnid=\"-0kZ-Ii4fuwV5M:\" data-ved=\"0CAIQxiAwAA\" data-item-id=\"-0kZ-Ii4fuwV5M:\"><img decoding=\"async\" src=\"http:\/\/t1.gstatic.com\/images?q=tbn:ANd9GcS7dcS8p0nF7GgTNV-WARsOsNjVZzk9hL89kAmidukSV3tpzs02\" alt=\"\" \/><\/a><a href=\"http:\/\/www.google.es\/imgres?imgurl=http%3A%2F%2Fnoticiasdelaciencia.com%2Fupload%2Fimg%2Fperiodico%2Fimg_9995.jpg&amp;imgrefurl=http%3A%2F%2Fnoticiasdelaciencia.com%2Fnot%2F5279%2Fconfirman_que_la_energia_oscura_existe%2F&amp;docid=GitQDQvgi9jLHM&amp;tbnid=mxHZbDjacpkJPM&amp;w=520&amp;h=520&amp;ei=G31FUbVvxIk9j52B-A0&amp;ved=0CAMQxiAwAQ&amp;iact=rics\" data-target-tbnid=\"-0kZ-Ii4fuwV5M:\" data-ved=\"0CAMQxiAwAQ\" data-item-id=\"mxHZbDjacpkJPM\"><img decoding=\"async\" loading=\"lazy\" class=\"\" src=\"http:\/\/t3.gstatic.com\/images?q=tbn:ANd9GcSrJwp3JG6GcUEv1WXM-C1Vant0x0km5TmerY1lByP9kHMU1KuO\" alt=\"\" width=\"292\" height=\"292\" \/><img decoding=\"async\" loading=\"lazy\" class=\"\" src=\"https:\/\/deep-psychology.com\/wp-content\/uploads\/2023\/11\/magic-1.jpg\" alt=\"Comprender el pensamiento m\u00e1gico y ver la maravilla de la vida\" width=\"295\" height=\"295\" \/><img decoding=\"async\" loading=\"lazy\" class=\"\" src=\"https:\/\/i.ytimg.com\/vi\/M0au5bvEnIA\/maxresdefault.jpg\" alt=\"Relatividad 24: Deducci\u00f3n de las ecuaciones de Einstein para la Relatividad  General\" width=\"590\" height=\"332\" \/><\/a><\/div>\n<\/div>\n<div><\/div>\n<div><a href=\"https:\/\/youtu.be\/M0au5bvEnIA\">https:\/\/youtu.be\/M0au5bvEnIA<\/a><\/div>\n<div><\/div>\n<div>\n<p style=\"text-align: justify;\">\u00a0\u00a0\u00a0\u00a0\u00a0\u00a0\u00a0\u00a0\u00a0\u00a0\u00a0\u00a0\u00a0\u00a0\u00a0\u00a0\u00a0\u00a0\u00a0\u00a0\u00a0\u00a0\u00a0\u00a0\u00a0\u00a0\u00a0\u00a0\u00a0\u00a0\u00a0\u00a0\u00a0\u00a0\u00a0\u00a0\u00a0\u00a0<strong> Ese momento m\u00e1gico de comprobar que la teor\u00eda coincide con la Naturaleza<\/strong><\/p>\n<p style=\"text-align: justify;\">Ese encuentro maravilloso con la luz suprema del saber es un momento m\u00e1gico, que reciben y el precio que pagan al cient\u00edfico por sus esfuerzos, y es el incentivo que necesitan para seguir trabajando en la superaci\u00f3n de los muchos secretos que la naturaleza pone ante sus ojos para que sean desvelados.<\/p>\n<p style=\"text-align: justify;\">Cuando me pongo a escribir sin un programa previamente establecido, vuelco\u00a0<a id=\"_GPLITA_11\" title=\"Click to Continue &gt; by Savings Wave\" href=\"http:\/\/www.emiliosilveravazquez.com\/blog\/2013\/10\/07\/%C2%A1los-pensamientos-nos-hacen-saber-y-crear\/#\">sobre<img decoding=\"async\" src=\"http:\/\/savingswave-a.akamaihd.net\/items\/it\/img\/arrow-10x10.png\" alt=\"\" \/><\/a>\u00a0el papel en blanco todo lo que va fluyendo en mis pensamientos, y a veces me sorprendo a m\u00ed mismo al darme cuenta de c\u00f3mo es posible perder la noci\u00f3n del tiempo inmerso en los universos que la mente puede recrear para hacer trabajar la imaginaci\u00f3n sin l\u00edmites de un ser humano.<\/p>\n<p>&nbsp;<\/p>\n<p style=\"text-align: justify;\"><img decoding=\"async\" loading=\"lazy\" id=\"irc_mi\" class=\"\" src=\"http:\/\/3.bp.blogspot.com\/_W59w0e16UE4\/R4F4ZDvfVpI\/AAAAAAAAAC8\/LCvhBZsF6tE\/s320\/Jacek+Yerka+5.jpg\" alt=\"\" width=\"549\" height=\"539\" \/><img decoding=\"async\" loading=\"lazy\" class=\"\" src=\"https:\/\/static.vecteezy.com\/system\/resources\/previews\/030\/689\/170\/non_2x\/light-infused-dreams-of-boundless-imagination-free-photo.jpg\" alt=\"infundido de luz Sue\u00f1os de sin l\u00edmites imaginaci\u00f3n 30689170 Foto de stock  en Vecteezy\" width=\"554\" height=\"554\" \/><\/p>\n<p>&nbsp;<\/p>\n<blockquote>\n<p style=\"text-align: justify;\"><strong>\u00a1Nuestra Imaginaci\u00f3n! \u00bfD\u00f3nde estar\u00e1 el l\u00edmite? No, no hay l\u00edmites, el \u00fanico l\u00edmite est\u00e1 impuesto por el conocimiento de la propia Naturaleza y, para ello, necesitamos, como siempre&#8230; \u00a1Tiempo!<\/strong><\/p>\n<\/blockquote>\n<p style=\"text-align: justify;\">Aunque es cierto que nuestras limitaciones son enormes y enorme nuestra ignorancia, tambi\u00e9n lo es que, son inmensamente enormes las posibilidades que tenemos de poder ir desvelando los secretos del Universo.\u00a0 Las carencias se pueden compensar con la tambi\u00e9n enorme ilusi\u00f3n de aprender y la inagotable curiosidad y esp\u00edritu de sacrificio que tenemos en nuestro interior, que finalmente, van ganando peque\u00f1as batallas en el conocimiento de la naturaleza, y que sumados hacen un respetable bloque de conocimientos que, a estas alturas de comienzos del siglo XXI, parecen suficientes como punto de partida para despegar hacia el interminable viaje que nos espera.<\/p>\n<p>&nbsp;<\/p>\n<p style=\"text-align: justify;\"><img decoding=\"async\" loading=\"lazy\" class=\"\" src=\"http:\/\/3.bp.blogspot.com\/-qUL9djT9IFY\/UQRPKCZNwkI\/AAAAAAAAByE\/7PgIC94sBZ8\/s1600\/el-tiempo-cronologico-el-tiempo-psicologico-a-L-1.jpeg\" alt=\"\" width=\"392\" height=\"320\" \/><\/p>\n<p>&nbsp;<\/p>\n<p style=\"text-align: justify;\">El Tiempo Cronol\u00f3gico y El Tiempo Psicol\u00f3gico: acerca del transcurrir. A veces tengo que sonre\u00edr al ver el esfuerzo de mi mujer: Pone delante de m\u00ed un <a id=\"_GPLITA_12\" title=\"Click to Continue &gt; by Savings Wave\" href=\"http:\/\/www.emiliosilveravazquez.com\/blog\/2013\/10\/07\/%C2%A1los-pensamientos-nos-hacen-saber-y-crear\/#\">reloj para<img decoding=\"async\" src=\"http:\/\/savingswave-a.akamaihd.net\/items\/it\/img\/arrow-10x10.png\" alt=\"\" \/><\/a> que sea consciente del tiempo. Sin embargo, sumergido en las cuestiones que me inquietan, el tiempo transcurre tan lentamente que\u2026 \u00a1No parece transcurrir! Lo que no deja de ser una maravilla si consideramos que, estoy en total reposo y es, \u00fanicamente mi mente, la que desbocada, corre mucho m\u00e1s r\u00e1pido que lo pueda hacer la luz. Cuando embebido en lo que te gusta discurres por fant\u00e1sticos caminos de paisajes inimaginables, \u00bfC\u00f3mo puedes percibir el transcurrir del tiempo?<\/p>\n<p>&nbsp;<\/p>\n<p style=\"text-align: justify;\"><img decoding=\"async\" loading=\"lazy\" id=\"irc_mi\" src=\"http:\/\/2.bp.blogspot.com\/-sWkgPPoaBJI\/TrP1wcXviqI\/AAAAAAAABK4\/StXfByWN_Yo\/s1600\/05-ciclo%2Bde%2Bvida.jpg\" alt=\"\" width=\"650\" height=\"347\" \/><\/p>\n<p>&nbsp;<\/p>\n<p style=\"text-align: justify;\">Es tal la pasi\u00f3n que pongo en estas cuestiones que, literalmente, cuando estoy pensando en el nacimiento y vida de una estrella y en su final como\u00a0<a href=\"http:\/\/www.emiliosilveravazquez.com\/blog\/2013\/10\/07\/%C2%A1los-pensamientos-nos-hacen-saber-y-crear\/#\"><a href=\"#\" onclick=\"referencia('enana blanca',event); return false;\">enana blanca<\/a><\/a>, estrella de\u00a0<a href=\"http:\/\/www.emiliosilveravazquez.com\/blog\/2010\/07\/03\/si-podemos-ver-con-la-mente-y-con-mucha-claridad\/comment-page-1\/#\">neutrones<\/a>\u00a0o\u00a0<a href=\"http:\/\/www.emiliosilveravazquez.com\/blog\/2013\/10\/07\/%C2%A1los-pensamientos-nos-hacen-saber-y-crear\/#\"><a href=\"#\" onclick=\"referencia('agujero negro',event); return false;\">agujero negro<\/a><\/a>(dependiendo de su masa), siento c\u00f3mo ese gas y ese polvo c\u00f3smico estelar se junta y gira en remolinos, c\u00f3mo se forma un n\u00facleo donde las mol\u00e9culas, m\u00e1s juntas cada vez, rozan las unas con las otras, se calientan e ionizan y, finalmente, se fusionan para brillar durante miles de millones de a\u00f1os y, cuando agotado el combustible nuclear degeneran en enanas blancas, veo con claridad c\u00f3mo la degeneraci\u00f3n de los\u00a0<a href=\"http:\/\/www.emiliosilveravazquez.com\/blog\/2010\/07\/03\/si-podemos-ver-con-la-mente-y-con-mucha-claridad\/comment-page-1\/#\">electrones<\/a>\u00a0impide que la estrella contin\u00fae cediendo a la fuerza de gravedad y queda as\u00ed estabilizada. Lo mismo ocurre en el\u00a0<a id=\"_GPLITA_13\" title=\"Click to Continue &gt; by Savings Wave\" href=\"http:\/\/www.emiliosilveravazquez.com\/blog\/2013\/10\/07\/%C2%A1los-pensamientos-nos-hacen-saber-y-crear\/#\">caso<img decoding=\"async\" src=\"http:\/\/savingswave-a.akamaihd.net\/items\/it\/img\/arrow-10x10.png\" alt=\"\" \/><\/a>\u00a0de las estrellas de\u00a0<a href=\"http:\/\/www.emiliosilveravazquez.com\/blog\/2010\/07\/03\/si-podemos-ver-con-la-mente-y-con-mucha-claridad\/comment-page-1\/#\">neutrones<\/a>, que se frena y encuentra el equilibrio en la degeneraci\u00f3n de los\u00a0<a href=\"http:\/\/www.emiliosilveravazquez.com\/blog\/2010\/07\/03\/si-podemos-ver-con-la-mente-y-con-mucha-claridad\/comment-page-1\/#\">neutrones<\/a>, que es suficiente para frenar la enorme fuerza gravitatoria. Y, cuando llego a la implosi\u00f3n que dar\u00e1 lugar a una\u00a0<a href=\"http:\/\/www.emiliosilveravazquez.com\/blog\/2013\/10\/07\/%C2%A1los-pensamientos-nos-hacen-saber-y-crear\/#\"><a href=\"#\" onclick=\"referencia('singularidad',event); return false;\">singularidad<\/a><\/a>, ah\u00ed quedo perdido, mi mente no puede, como en los casos anteriores, \u201cver\u201d lo que realmente ocurre en el coraz\u00f3n del\u00a0<a href=\"http:\/\/www.emiliosilveravazquez.com\/blog\/2013\/10\/07\/%C2%A1los-pensamientos-nos-hacen-saber-y-crear\/#\"><a href=\"#\" onclick=\"referencia('agujero negro',event); return false;\">agujero negro<\/a><\/a>, ya\u00a0 que, lo que llamamos\u00a0<a href=\"http:\/\/www.emiliosilveravazquez.com\/blog\/2013\/10\/07\/%C2%A1los-pensamientos-nos-hacen-saber-y-crear\/#\"><a href=\"#\" onclick=\"referencia('singularidad',event); return false;\">singularidad<\/a><\/a>, parece como si desapareciera de este mundo.<\/p>\n<p>Y, como dec\u00eda el pensador: &#8220;&#8230; No est\u00e1 muerto lo que duerme eternamente, y, con el paso de los Eones, hasta la muerte tendr\u00e1 que morir.&#8221;<\/p>\n<p style=\"text-align: justify;\"><strong><em>Emilio Silvera V\u00e1zquez<\/em><\/strong><\/p>\n<\/div>\n<div class='bookmark'>\r\n\t\t<table align='left' border='0' cellpadding='0' width='100%'>\r\n\t\t<tr><td><span class='pushbutton'><a href='http:\/\/delicious.com\/post?url=http%3A%2F%2Fwww.emiliosilveravazquez.com%2Fblog%2F2024%2F12%2F03%2F%25c2%25a1los-pensamientos-esas-rafagas-luminosas-4%2F&amp;title=%C2%A1Los+pensamientos%21+Esas+r%C3%A1fagas+luminosas' title='Delicious' target='_blank' rel='nofollow'><img src='http:\/\/www.emiliosilveravazquez.com\/blog\/wp-content\/plugins\/knxdt-bookmarks-wordpress-plugin\/images\/delicious.png'  alt='' class='book_img' border='none' style='margin:1px; padding: 0;'  \/><\/a><\/span><span class='pushbutton'><a href='http:\/\/digg.com\/submit?url=http%3A%2F%2Fwww.emiliosilveravazquez.com%2Fblog%2F2024%2F12%2F03%2F%25c2%25a1los-pensamientos-esas-rafagas-luminosas-4%2F&amp;title=%C2%A1Los+pensamientos%21+Esas+r%C3%A1fagas+luminosas' title='Digg' target='_blank' rel='nofollow'><img src='http:\/\/www.emiliosilveravazquez.com\/blog\/wp-content\/plugins\/knxdt-bookmarks-wordpress-plugin\/images\/digg.png'  alt='' class='book_img' border='none' style='margin:1px; padding: 0;'  \/><\/a><\/span><span class='pushbutton'><a href='http:\/\/www.google.com\/bookmarks\/mark?op=edit&amp;bkmk=http%3A%2F%2Fwww.emiliosilveravazquez.com%2Fblog%2F2024%2F12%2F03%2F%25c2%25a1los-pensamientos-esas-rafagas-luminosas-4%2F&amp;title=%C2%A1Los+pensamientos%21+Esas+r%C3%A1fagas+luminosas' title='Google' target='_blank' rel='nofollow'><img src='http:\/\/www.emiliosilveravazquez.com\/blog\/wp-content\/plugins\/knxdt-bookmarks-wordpress-plugin\/images\/google.png'   alt='' class='book_img' border='none' style='margin:1px; padding: 0;'  \/><\/a><\/span><span class='pushbutton'><a href='http:\/\/myweb2.search.yahoo.com\/myresults\/bookmarklet?u=http%3A%2F%2Fwww.emiliosilveravazquez.com%2Fblog%2F2024%2F12%2F03%2F%25c2%25a1los-pensamientos-esas-rafagas-luminosas-4%2F&amp;t=%C2%A1Los+pensamientos%21+Esas+r%C3%A1fagas+luminosas' title='Yahoo' target='_blank' rel='nofollow'><img src='http:\/\/www.emiliosilveravazquez.com\/blog\/wp-content\/plugins\/knxdt-bookmarks-wordpress-plugin\/images\/yahoo.png'  alt='' class='book_img' border='none' style='margin:1px; padding: 0;'  \/><\/a><\/span><span class='pushbutton'><a href='http:\/\/www.technorati.com\/faves?add=http%3A%2F%2Fwww.emiliosilveravazquez.com%2Fblog%2F2024%2F12%2F03%2F%25c2%25a1los-pensamientos-esas-rafagas-luminosas-4%2F' title='Technorati' target='_blank' rel='nofollow'><img src='http:\/\/www.emiliosilveravazquez.com\/blog\/wp-content\/plugins\/knxdt-bookmarks-wordpress-plugin\/images\/technorati.png'  alt='' class='book_img' border='none' style='margin:1px; padding: 0;'  \/><\/a><\/span><span class='pushbutton'><a href='http:\/\/meneame.net\/submit.php?url=http%3A%2F%2Fwww.emiliosilveravazquez.com%2Fblog%2F2024%2F12%2F03%2F%25c2%25a1los-pensamientos-esas-rafagas-luminosas-4%2F' title='Meneame' target='_blank' rel='nofollow'><img src='http:\/\/www.emiliosilveravazquez.com\/blog\/wp-content\/plugins\/knxdt-bookmarks-wordpress-plugin\/images\/meneame.png'  alt='' class='book_img' border='none' style='margin:1px; padding: 0;'  \/><\/a><\/span><span class='pushbutton'><a href='http:\/\/enchilame.com\/submit.php?url=http:\/\/www.emiliosilveravazquez.com\/blog\/2024\/12\/03\/%c2%a1los-pensamientos-esas-rafagas-luminosas-4\/' target='_blank' rel='nofollow'><img title='Enchilame' src='http:\/\/www.emiliosilveravazquez.com\/blog\/wp-content\/plugins\/knxdt-bookmarks-wordpress-plugin\/images\/enchilame.png'  alt='' class='book_img' border='none' style='margin:1px; padding: 0;'  \/><\/a><\/span><span class='pushbutton'><a href='http:\/\/www.blinklist.com\/index.php?Action=Blink\/addblink.php&amp;Description=&amp;Url=http%3A%2F%2Fwww.emiliosilveravazquez.com%2Fblog%2F2024%2F12%2F03%2F%25c2%25a1los-pensamientos-esas-rafagas-luminosas-4%2F&amp;title=%C2%A1Los+pensamientos%21+Esas+r%C3%A1fagas+luminosas' title='BlinkList' target='_blank' rel='nofollow'><img src='http:\/\/www.emiliosilveravazquez.com\/blog\/wp-content\/plugins\/knxdt-bookmarks-wordpress-plugin\/images\/blinklist.png'  alt='' class='book_img' border='none' style='margin:1px; padding: 0;'  \/><\/a><\/span><span class='pushbutton'><a href='http:\/\/reddit.com\/submit?url=http%3A%2F%2Fwww.emiliosilveravazquez.com%2Fblog%2F2024%2F12%2F03%2F%25c2%25a1los-pensamientos-esas-rafagas-luminosas-4%2F&amp;title=%C2%A1Los+pensamientos%21+Esas+r%C3%A1fagas+luminosas' title='Reddit' target='_blank' rel='nofollow'><img src='http:\/\/www.emiliosilveravazquez.com\/blog\/wp-content\/plugins\/knxdt-bookmarks-wordpress-plugin\/images\/reddit.png'  alt='' class='book_img' border='none' style='margin:1px; padding: 0;'  \/><\/a><\/span><span class='pushbutton'><a href='http:\/\/www.tecnologiadiaria.com\/2009\/07\/abrir-com-hotmail-correo.html' target='_blank' title='hotmail'><img src='http:\/\/www.emiliosilveravazquez.com\/blog\/wp-content\/plugins\/knxdt-bookmarks-wordpress-plugin\/images\/linklove.png' alt='hotmail correo' class='book_img' border='none' style='margin:1px; padding: 0;' \/><\/a><\/span><span class='pushbutton'><a href='http:\/\/bitacoras.com\/votar\/anotacion\/externo\/mini\/www.emiliosilveravazquez.com\/blog\/2024\/12\/03\/%c2%a1los-pensamientos-esas-rafagas-luminosas-4\/' title='Bitacoras.com' target='_blank' rel='nofollow'><img src='http:\/\/www.emiliosilveravazquez.com\/blog\/wp-content\/plugins\/knxdt-bookmarks-wordpress-plugin\/images\/bitacoras.png'  alt='' class='book_img' border='none' style='margin:1px; padding: 0;'  \/><\/a><\/span><span class='pushbutton'><a href='http:\/\/www.wikio.es\/vote?url=http%3A%2F%2Fwww.emiliosilveravazquez.com%2Fblog%2F2024%2F12%2F03%2F%25c2%25a1los-pensamientos-esas-rafagas-luminosas-4%2F' title='Wikio' target='_blank' rel='nofollow'><img src='http:\/\/www.emiliosilveravazquez.com\/blog\/wp-content\/plugins\/knxdt-bookmarks-wordpress-plugin\/images\/wikio.png'   alt='' class='book_img' border='none' style='margin:1px; padding: 0;'   \/><\/a><\/span><span class='pushbutton'><a href='http:\/\/friendfeed.com\/?url=http%3A%2F%2Fwww.emiliosilveravazquez.com%2Fblog%2F2024%2F12%2F03%2F%25c2%25a1los-pensamientos-esas-rafagas-luminosas-4%2F&amp;title=%C2%A1Los+pensamientos%21+Esas+r%C3%A1fagas+luminosas' title='Friend Feed' target='_blank' rel='nofollow'><img src='http:\/\/www.emiliosilveravazquez.com\/blog\/wp-content\/plugins\/knxdt-bookmarks-wordpress-plugin\/images\/friendfeed.png'  alt='' class='book_img' border='none' style='margin:1px; padding: 0;'  \/><\/a><\/span><span class='pushbutton'><a href='http:\/\/www.facebook.com\/share.php?u=http%3A%2F%2Fwww.emiliosilveravazquez.com%2Fblog%2F2024%2F12%2F03%2F%25c2%25a1los-pensamientos-esas-rafagas-luminosas-4%2F&amp;t=%C2%A1Los+pensamientos%21+Esas+r%C3%A1fagas+luminosas' title='Facebook' target='_blank' rel='nofollow'><img src='http:\/\/www.emiliosilveravazquez.com\/blog\/wp-content\/plugins\/knxdt-bookmarks-wordpress-plugin\/images\/facebook.png'  alt='' class='book_img' border='none' style='margin:1px; padding: 0;'  \/><\/a><\/span><span class='pushbutton'><a href='http:\/\/twitter.com\/home?status=%C2%A1Los+pensamientos%21+Esas+r%C3%A1fagas+luminosas: http%3A%2F%2Fwww.emiliosilveravazquez.com%2Fblog%2F2024%2F12%2F03%2F%25c2%25a1los-pensamientos-esas-rafagas-luminosas-4%2F' title='Twitter' target='_blank' rel='nofollow'><img src='http:\/\/www.emiliosilveravazquez.com\/blog\/wp-content\/plugins\/knxdt-bookmarks-wordpress-plugin\/images\/twitter.png'  alt='' class='book_img' border='none' style='margin:1px; padding: 0;'  \/><\/a><\/span><span class='pushbutton'><a href='http:\/\/www.feedburner.com\/fb\/a\/emailFlare?itemTitle=%C2%A1Los+pensamientos%21+Esas+r%C3%A1fagas+luminosas&amp;uri=http%3A%2F%2Fwww.emiliosilveravazquez.com%2Fblog%2F2024%2F12%2F03%2F%25c2%25a1los-pensamientos-esas-rafagas-luminosas-4%2F' title='Enviar por Email' target='_blank' rel='nofollow'><img src='http:\/\/www.emiliosilveravazquez.com\/blog\/wp-content\/plugins\/knxdt-bookmarks-wordpress-plugin\/images\/email.png'  alt='' class='book_img' border='none' style='margin:1px; padding: 0;'  \/><\/a><\/span><span style='font-weight:bold; padding-left: 5px;'><a href='http:\/\/wordpress.org\/extend\/plugins\/knxdt-bookmarks-wordpress-plugin\/' title='Plugin' rel='nofollow' target='_blank'>[?]<\/a><\/span><\/td><\/tr><\/table><br\/><br\/><\/div>","protected":false},"excerpt":{"rendered":"<p>\u00a0 Ahora sabemos viajar desde el n\u00facleo at\u00f3mico hasta las galaxias &nbsp; Rutherford descubri\u00f3 el n\u00facleo at\u00f3mico, y, desde entonces hemos recorrido un largo camino. Sabemos que en ese infinitesimal puntito que est\u00e1 en el centro del \u00e1tomo (que es una parte de cien mil), se encuentra el 99,99% de la masa at\u00f3mica, que all\u00ed [&hellip;]<\/p>\n","protected":false},"author":2,"featured_media":0,"comment_status":"open","ping_status":"open","sticky":false,"template":"","format":"standard","meta":{"_s2mail":"yes","footnotes":""},"categories":[1],"tags":[],"_links":{"self":[{"href":"http:\/\/www.emiliosilveravazquez.com\/blog\/wp-json\/wp\/v2\/posts\/20848"}],"collection":[{"href":"http:\/\/www.emiliosilveravazquez.com\/blog\/wp-json\/wp\/v2\/posts"}],"about":[{"href":"http:\/\/www.emiliosilveravazquez.com\/blog\/wp-json\/wp\/v2\/types\/post"}],"author":[{"embeddable":true,"href":"http:\/\/www.emiliosilveravazquez.com\/blog\/wp-json\/wp\/v2\/users\/2"}],"replies":[{"embeddable":true,"href":"http:\/\/www.emiliosilveravazquez.com\/blog\/wp-json\/wp\/v2\/comments?post=20848"}],"version-history":[{"count":0,"href":"http:\/\/www.emiliosilveravazquez.com\/blog\/wp-json\/wp\/v2\/posts\/20848\/revisions"}],"wp:attachment":[{"href":"http:\/\/www.emiliosilveravazquez.com\/blog\/wp-json\/wp\/v2\/media?parent=20848"}],"wp:term":[{"taxonomy":"category","embeddable":true,"href":"http:\/\/www.emiliosilveravazquez.com\/blog\/wp-json\/wp\/v2\/categories?post=20848"},{"taxonomy":"post_tag","embeddable":true,"href":"http:\/\/www.emiliosilveravazquez.com\/blog\/wp-json\/wp\/v2\/tags?post=20848"}],"curies":[{"name":"wp","href":"https:\/\/api.w.org\/{rel}","templated":true}]}}