{"id":20402,"date":"2020-02-04T09:38:53","date_gmt":"2020-02-04T08:38:53","guid":{"rendered":"http:\/\/www.emiliosilveravazquez.com\/blog\/?p=20402"},"modified":"2020-02-04T09:41:09","modified_gmt":"2020-02-04T08:41:09","slug":"en-tan-vasto-universo%e2%80%a6-%c2%a1no-estamos-solos-7","status":"publish","type":"post","link":"http:\/\/www.emiliosilveravazquez.com\/blog\/2020\/02\/04\/en-tan-vasto-universo%e2%80%a6-%c2%a1no-estamos-solos-7\/","title":{"rendered":"En tan vasto Universo\u2026 \u00a1No estamos solos!"},"content":{"rendered":"<div>\n<h2 style=\"text-align: justify;\">\u00a0\u00a0<a href=\"http:\/\/www.emiliosilveravazquez.com\/blog\/2014\/02\/25\/%c2%a1inexorable-paso-del-tiempo-%c2%bfque-sera-el-tiempo\/\" rel=\"prev\">\u00a1Inexorable paso del \u201cTiempo\u201d! \u00bfQu\u00e9 ser\u00e1 el Tiempo?<\/a><\/h2>\n<p>&nbsp;<\/p>\n<p>&nbsp;<\/p>\n<p style=\"text-align: justify;\"><img decoding=\"async\" loading=\"lazy\" id=\"irc_mi\" src=\"http:\/\/i2.esmas.com\/galerias\/fotos\/2012\/6\/_5-fa32461e-106f-1030-a6a8-0019b9d5c8df.jpg\" alt=\"\" width=\"620\" height=\"496\" \/><\/p>\n<blockquote><p>&nbsp;<\/p>\n<p style=\"text-align: justify;\"><em>\u201cDentro de miles de millones de a\u00f1os a partir de , habr\u00e1 un \u00faltimo d\u00eda perfecto en la Tierra\u2026 Las capas de hielo \u00c1rtica y Ant\u00e1rtica se fundir\u00e1n, inundando las costas del mundo. Las altas temperaturas oce\u00e1nicas liberar\u00e1n m\u00e1s vapor de agua al aire, incrementando la nubosidad y escondiendo a la Tierra de la luz solar retrasando el final. Pero la evoluci\u00f3n solar es inexorable.\u00a0 Finalmente los oc\u00e9anos hervir\u00e1n, la atm\u00f3sfera se evaporar\u00e1 en el espacio y nuestro planeta ser\u00e1 destruido por una cat\u00e1strofe de proporciones que ni podemos imaginar.\u201d<\/em><\/p>\n<p>&nbsp;<\/p><\/blockquote>\n<p style=\"text-align: justify;\">Eso nos dec\u00eda Carl Sagan pensando en ese tiempo que llegar\u00e1, nuestro Sol, agotado su combustible nuclear de fusi\u00f3n, se convierta primero en gigante roja y en\u00a0<a href=\"http:\/\/www.emiliosilveravazquez.com\/blog\/2014\/02\/25\/%C2%A1inexorable-paso-del-tiempo-%C2%BFque-sera-el-tiempo\/#\"><a href=\"#\" onclick=\"referencia('enana blanca',event); return false;\">enana blanca<\/a><\/a>\u00a0despu\u00e9s. El Sol crecer\u00e1 tanto que su esfera se hinchar\u00e1 como un gigantesco globo rojo hasta engullir a los planetas Mercurios y Venus quedando muy cerca de la Tierra.<\/p>\n<p style=\"text-align: justify;\"><img decoding=\"async\" src=\"http:\/\/2.bp.blogspot.com\/-JSFCuSjefPY\/UG0oGnfzKbI\/AAAAAAAAHH4\/9VoWlNkGTOA\/s1600\/universo-e-planetas-05802.jpg\" alt=\"\" \/><\/p>\n<p style=\"text-align: justify;\">Lo \u00fanico que sabemos es que con el transcurrir del Tiempo las cosas cambian, nada permanece ni es eterno, todo tiene un Principio y tendr\u00e1 un Final, y, el Sol, amigos m\u00edos, no ser\u00e1 ninguna excepci\u00f3n a esta m\u00e1xima que impone el Universo por medio de la Entrop\u00eda.<\/p>\n<\/div>\n<div style=\"text-align: justify;\"><a href=\"http:\/\/www.emiliosilveravazquez.com\/blog\/2014\/02\/26\/%c2%a1%c2%a1atentos-a-los-fenomenos-naturales-2\/\" rel=\"next\">\u00a1\u00a1Atentos a los fen\u00f3menos naturales!!<\/a><\/div>\n<h3 style=\"text-align: justify;\"><\/h3>\n<p style=\"text-align: justify;\"><img decoding=\"async\" loading=\"lazy\" id=\"irc_mi\" src=\"http:\/\/k25.kn3.net\/B9D1F92C6.jpg\" alt=\"\" width=\"451\" height=\"329\" \/><\/p>\n<p style=\"text-align: justify;\">Los fen\u00f3menos naturales son todos aquellos que ocurren sin que nosotros, los seres vivos que habitamos el planeta, tengamos ninguna clase de intervenci\u00f3n en ellos, es la Naturaleza la que, en cada momento, hace lo que tiene que hacer y ocurre lo que viene dado por algo que antes ociurri\u00f3. Todo tiene su por qu\u00e9, nada es misterioso y, simplemente, se trata de ignorancia y desconocimiento el hecho de que no sepamos explicar las cosas.<\/p>\n<p style=\"text-align: justify;\"><img decoding=\"async\" src=\"http:\/\/francis.naukas.com\/files\/2013\/07\/dibujo20130725-quark-star-versus-neutron-star.jpg?w=584\" alt=\"Dibujo20130725 <a href=\" \/><\/p>\n<div>\n<div style=\"text-align: justify;\"><a href=\"http:\/\/www.emiliosilveravazquez.com\/blog\/2013\/05\/19\/en-el-universo-cualquier-cosa-que-imaginemos-podra-ser-posible\/\" rel=\"next\">En el Universo, cualquier cosa que imaginemos, podr\u00e1 ser posible<\/a><\/div>\n<blockquote>\n<div style=\"text-align: justify;\">\u201cNadie sabe si las estrellas de\u00a0<a href=\"http:\/\/www.emiliosilveravazquez.com\/blog\/2015\/08\/09\/en-el-universo-cualquier-cosa-que-imaginemos-podra-ser-posible-3\/#\">quarks<\/a>\u00a0existen, pero se public\u00f3 en Science un art\u00edculo que muestra c\u00f3mo distinguirlas de las estrellas de\u00a0<a href=\"http:\/\/www.emiliosilveravazquez.com\/blog\/2015\/08\/09\/en-el-universo-cualquier-cosa-que-imaginemos-podra-ser-posible-3\/#\">neutrones<\/a>\u00a0cuando est\u00e1n en un sistema binario y emiten radiaci\u00f3n como un\u00a0<a href=\"http:\/\/www.emiliosilveravazquez.com\/blog\/2015\/08\/09\/en-el-universo-cualquier-cosa-que-imaginemos-podra-ser-posible-3\/#\">p\u00falsar<\/a>\u00a0de milisegundos. Una estrella compacta en r\u00e1pida rotaci\u00f3n emite pulsos de radiaci\u00f3n de forma peri\u00f3dica debido a su intenso campo magn\u00e9tico. Los sistemas binarios formados por dos\u00a0<a href=\"http:\/\/www.emiliosilveravazquez.com\/blog\/2015\/08\/09\/en-el-universo-cualquier-cosa-que-imaginemos-podra-ser-posible-3\/#\"><a href=\"#\" onclick=\"referencia('pulsar',event); return false;\">p\u00falsares<\/a><\/a>\u00a0han permitido verificar de forma indirecta la existencia de ondas gravitatorias gracias a la reducci\u00f3n de su periodo de emisi\u00f3n. Kent Yagi y Nicol\u00e1s Yunes (Univ. Estatal de Montana, EEUU) afirman que las estrellas compactas en rotaci\u00f3n r\u00e1pida se deforman de forma diferente seg\u00fan su composici\u00f3n y que ello afecta a su emisi\u00f3n como\u00a0<a href=\"http:\/\/www.emiliosilveravazquez.com\/blog\/2015\/08\/09\/en-el-universo-cualquier-cosa-que-imaginemos-podra-ser-posible-3\/#\"><a href=\"#\" onclick=\"referencia('pulsar',event); return false;\">p\u00falsares<\/a><\/a>. El resultado es que el momento cuadripolar de la radiaci\u00f3n de los\u00a0<a href=\"http:\/\/www.emiliosilveravazquez.com\/blog\/2015\/08\/09\/en-el-universo-cualquier-cosa-que-imaginemos-podra-ser-posible-3\/#\"><a href=\"#\" onclick=\"referencia('pulsar',event); return false;\">p\u00falsares<\/a><\/a>\u00a0binarios es diferente entre estrella de\u00a0<a href=\"http:\/\/www.emiliosilveravazquez.com\/blog\/2015\/08\/09\/en-el-universo-cualquier-cosa-que-imaginemos-podra-ser-posible-3\/#\">neutrones<\/a>\u00a0y estrellas de\u00a0<a href=\"http:\/\/www.emiliosilveravazquez.com\/blog\/2015\/08\/09\/en-el-universo-cualquier-cosa-que-imaginemos-podra-ser-posible-3\/#\">quarks<\/a>. La variaci\u00f3n del periodo de emisi\u00f3n de los\u00a0<a href=\"http:\/\/www.emiliosilveravazquez.com\/blog\/2015\/08\/09\/en-el-universo-cualquier-cosa-que-imaginemos-podra-ser-posible-3\/#\"><a href=\"#\" onclick=\"referencia('pulsar',event); return false;\">p\u00falsares<\/a><\/a>\u00a0de milisegundos adem\u00e1s de permitir comprobar la validez de la\u00a0<a href=\"http:\/\/www.emiliosilveravazquez.com\/blog\/2015\/08\/09\/en-el-universo-cualquier-cosa-que-imaginemos-podra-ser-posible-3\/#\"><a href=\"#\" onclick=\"referencia('relatividad',event); return false;\">relatividad<\/a><\/a>general (Premio Nobel de F\u00edsica de 1993) tambi\u00e9n podr\u00eda permitir descubrir la existencia de las estrellas de\u00a0<a href=\"http:\/\/www.emiliosilveravazquez.com\/blog\/2015\/08\/09\/en-el-universo-cualquier-cosa-que-imaginemos-podra-ser-posible-3\/#\">quarks<\/a>. Para ello habr\u00eda que observar uno que violara, en apariencia, la\u00a0<a href=\"http:\/\/www.emiliosilveravazquez.com\/blog\/2015\/08\/09\/en-el-universo-cualquier-cosa-que-imaginemos-podra-ser-posible-3\/#\"><a href=\"#\" onclick=\"referencia('relatividad',event); return false;\">relatividad<\/a><\/a>\u00a0general, pero que lo hiciera siguiendo las predicciones de este nuevo art\u00edculo. Toda una sorpresa para muchos. El art\u00edculo t\u00e9cnico es Kent Yagi, Nicol\u00e1s Yunes, \u201cI-Love-Q: Unexpected Universal Relations for Neutron Stars and Quark Stars,\u201d Science\u00a0<a href=\"http:\/\/dx.doi.org\/10.1126\/science.1236462\" target=\"_blank\">341: 365-368, 26 Jul 2013<\/a>.\u201d<\/div>\n<\/blockquote>\n<div style=\"text-align: justify;\"><img decoding=\"async\" src=\"http:\/\/i1.mendozapost.com\/files\/image\/35\/35657\/55b1588d0e454_1420_!.jpg?s=0dc82b2280a6b01dd85ae00554832177&amp;d=1437695625\" alt=\"Resultado de imagen de No hay muestras de vida extraterrestre\" \/><\/div>\n<div style=\"text-align: justify;\">Lo cierto es que s\u00f3lo conocemos las formas de vida que han poblado la Tierra y, no tenemos ninguna muestra de la vida extraterrestre. No podemos ni afirmar ni negar que criaturas podr\u00e1n estar presentes en otros mundos y, podr\u00edan existir planetas enormes habitados por insectos enormes, o, tambi\u00e9n, planetas con varios soles que estuviera habitado por criaturas de piel blanca, o por aniamles gigantes, o&#8230; \u00a1Por qui\u00e9n sabe qu\u00e9!<\/div>\n<div>\n<p style=\"text-align: justify;\"><img decoding=\"async\" loading=\"lazy\" id=\"irc_mi\" src=\"http:\/\/www.freewebs.com\/urantia\/5-Universo%20Maestro.jpg\" alt=\"\" width=\"575\" height=\"393\" \/><\/p>\n<p style=\"text-align: justify;\">Pensar que estamos solos en el Universo \u201cinfinito\u201d, es demasiado pretencioso y no creo que se\u00e1mos \u201cla especie elegida\u201d ni nada parecido. En cientos de miles de mundos como el nuestro y parecidos, estar\u00e1n presentes las m\u00e1s diversas criaturas que, en algunos casos tendr\u00e1n entendimiento y en otros, como pasa en la Tierra, simplemente ser\u00e1n seres vivos vegetativos sin ninguna clase de conciencia, o, con una conciencia limitada.<\/p>\n<p style=\"text-align: justify;\"><img decoding=\"async\" loading=\"lazy\" id=\"irc_mi\" src=\"http:\/\/4.bp.blogspot.com\/_OTUKdGOhD9g\/TQZ6r6jUUFI\/AAAAAAAAOc4\/197Kw0bVims\/s1600\/Los+beneficios+de+la+Dieta+Paleol%25C3%25ADtica.jpg\" alt=\"\" width=\"444\" height=\"275\" \/><\/p>\n<p style=\"text-align: justify;\">\u00a0\u00a0\u00a0\u00a0 Poco esfuerzo mental tendriamos que hacer para vernos en ellos reflejados<\/p>\n<p style=\"text-align: justify;\">Una caracter\u00edstica sorprendente de nuestro retrato reconstruido del antepasado primitivo es su car\u00e1cter moderno. Si este organismo lo encontr\u00e1ramos hoy, seguramente no delatar\u00eda su inmensa antig\u00fcedad, excepto por sus secuencias de DNA. Tuvo que estar precedido, necesariamente, por formas m\u00e1s rudimentarias, estadios intermedios en la g\u00e9nesis de sistemas estructurales, metab\u00f3licos, energ\u00e9ticos y gen\u00e9ticos complejos que son compartidos por todos los seres vivos de hoy en d\u00eda. Por desgracia, tales formas no han dejado descendientes igualmente primitivos que permitan su caracterizaci\u00f3n. carencia complica mucho el problema del origen de la vida.<\/p>\n<p style=\"text-align: justify;\">La Tierra naci\u00f3 hace unos 4.550 millones de a\u00f1os. Se condens\u00f3, junto con los otros planetas del sistema solar, en un disco de gas y polvo que giraba alrededor de una joven estrella que iba a convertirse en nuestro Sol. Fen\u00f3menos de violencia extrema,\u00a0 incompatible con el mantenimiento de ning\u00fan de vida, rodearon este nacimiento. Durante al menos quinientos millones de a\u00f1os, cometas y asteroides sacudieron la Tierra en formaci\u00f3n, con lo que la hicieron incapaz de albergar vida durante todo este tiempo. Algunos impactos pudieron haber sido incluso suficientemente violentos como para producir la p\u00e9rdida de toda agua terrestre por vaporizaci\u00f3n, despu\u00e9s de lo cual los oc\u00e9anos se habr\u00edan vuelto a llenar con agua aportada por cometas. Seg\u00fan esta versi\u00f3n de\u00a0 los acontecimientos, los oc\u00e9anos actuales de remontar\u00edan a la \u00faltima oleada de bombardeo cometario intenso, que los expertos creen que tuvo lugar hace unos cuatro mil millones de a\u00f1os. Existen se\u00f1ales de que hab\u00eda vida en la Tierra poco despu\u00e9s de que dichos cataclismos llegaran a su fin.<\/p>\n<p style=\"text-align: justify;\"><img decoding=\"async\" loading=\"lazy\" id=\"irc_mi\" src=\"http:\/\/www.cosmonoticias.org\/wp-content\/uploads\/2012\/10\/planeta-alfa-centauri.jpg\" alt=\"\" width=\"600\" height=\"375\" \/><\/p>\n<p style=\"text-align: justify;\">El tiempo inexorable no deja de transcurrir, el Universo din\u00e1mico hace que todo lo que contiene, sobre todo la materia, evolucione desde formas simples a complejas y, en algunos lugares que han logrado tener las para ello, puede estar presente la vida. Nosotros, seres evolucionados a partir de la mater\u00eda inerte creada en las estrellas, hemos logrado saber algunas cosas y no dejamos de hacernos preguntas como aquella de: \u00bfHabr\u00e1 otros mundos? \u00bfEstar\u00e1n, como la Tierra, llenos de vida? Bueno, lo de los mundos s\u00ed hemos sido capaces de saberlo y estar\u00e1n muy cerca del millar los mundos que hemos descubierto. Sin embargo, la vida, s\u00f3lo la hemos podido encontrar aqu\u00ed en nuestra casa, en la Tierra.<\/p>\n<p style=\"text-align: justify;\">No dejamos de mandar ingenios espaciales a mundos cercanos, como Marte, para tratar de saber. Nos embarga una ilusi\u00f3n, una esperanza, y\u2026, al mismo tiempo, un temor: \u00bfEstaremos s\u00f3los? Y, si no lo estamos, \u00bfc\u00f3mo ser\u00e1n esos otros mundos y que criaturas lo habitan? \u00bfSi alguna vez llegamos all\u00ed, seremos tan destructivos como lo hemos sido aqu\u00ed en la Tierra? \u00bfLe querremos quitar lo que ellos tienen? \u00a1Esper\u00e9mos que no! Y, sobre todo, en ese primer , \u00bfSabremos comportarnos y respetar sus derechos?<\/p>\n<p style=\"text-align: justify;\"><img decoding=\"async\" loading=\"lazy\" src=\"https:\/\/pics.filmaffinity.com\/Avatar-208925608-large.jpg\" alt=\"Resultado de imagen de AVATAR\" width=\"250\" height=\"370\" \/><img decoding=\"async\" src=\"https:\/\/encrypted-tbn0.gstatic.com\/images?q=tbn:ANd9GcQClmT9KLl_3L1LVsaapNRaD5nNVkcHgxHDe-viRAWd8PEgwsyZkQ&amp;s\" alt=\"Imagen relacionada\" data-iml=\"1580805174979\" \/><\/p>\n<p style=\"text-align: justify;\">Cuando pude ver la pel\u00edcula Avatar, que\u00b4de fascinado por el mundo que all\u00ed quedaba escenificado y las criaturas que lo poblaban, y, sobre todo, era sobrecogedor el alto grado espiritual que ten\u00edan de la Naturaleza con la que se sent\u00edan en comunidad, formaban una simbiosis perfecta que nosotros, los humanos, nunca podremos alcanzar.<\/p>\n<p style=\"text-align: justify;\">Hemos sabido recrear historias de esos mundos presentidos y de sus habitantes. En ellas, han quedado reflejados los instintos humanos, tantos los buenos como los malos y, mientras que unos quer\u00edan preservar aquella Naturaleza, otros, sin embargo, quer\u00edan destriuirla apoderarse de sus preciados tesoros. \u00a1La condici\u00f3n Humana! \u00bfEstamos acaso destinados al desacuerdo que nos lleve a la destrucci\u00f3n, o, por el contrario, es precisamente esa condici\u00f3n la que nos llevar\u00e1 lejos?<\/p>\n<p style=\"text-align: justify;\">\u00a0<img decoding=\"async\" src=\"http:\/\/static.t13.cl\/images\/sizes\/1200x675\/1517848807-99893285tierraplana.jpg\" alt=\"C\u00f3mo ser\u00eda el mundo si la Tierra fuera realmente plana\" \/><\/p>\n<p style=\"text-align: justify;\">\u00bfQui\u00e9n puede saber las diversas clases de mundos que pueden existir fuera de nuestro \u00e1mbito conocido<\/p>\n<p style=\"text-align: justify;\">Fascinantes criaturas de ex\u00f3ticas bellezas nos podr\u00edan estar esperando, en un futuro lejano, en esos mundos so\u00f1ados que tantas veces hemos podido imaginar. Es dif\u00edcil saber qu\u00e9 comportamiento tendremos con ellos si eso llega a suceder, sin embargo, el ejemplo que nos deja la pel\u00edcula a la que pertene la imagen de arriba, no es muy alentador ni dice mucho en de nuestra especie que, irrumpimos por la fuerza en un planeta extra\u00f1o y, violando todas las reglas, pasamos por encima de los derechos de otros para conseguir nuestros objetivos. \u00bfLa Civilizaci\u00f3n que ocupa el planeta? \u00bfQu\u00e9 importa? Si hay que destruirla, \u00a1adelante!<\/p>\n<p style=\"text-align: justify;\"><img decoding=\"async\" loading=\"lazy\" src=\"https:\/\/lh5.googleusercontent.com\/proxy\/EWbp1qLODvGeBhbAbkZliuxeKahk6-4eYXoAOHU5cuNCKPuWHvZIlUcvXg78M0umFT7H-SkmwNDBPFW5JejBmZGLWdNrLn6g-JGxd33ZXT3mOhG0rIQoxhtn8GcUFf9_cJDK9Q\" alt=\"Resultado de imagen de Fuerza bruta falta de inteligencia\" width=\"450\" height=\"254\" \/><\/p>\n<p style=\"text-align: justify;\">La fuerza bruta que siempre acompa\u00f1\u00f3 a la falta de inteligencia, es la \u00fanica salida para seres\u00a0 de cuya racionalidad podr\u00edamos dudar,\u00a0 sin el menor temor a equivocarnos. Destruir nunca ser\u00e1 el camino m\u00e1s conveniente. Creo que ser\u00eda aconsejable guiarse por ese principio de la f\u00edsica, la causalidad. Si respetamos seremos respetados. Sobre todo, no podemos llegar a nuevos lugares pretendiendo imponer nuestras costumbres y nuestras reglas. En esos otros lugares donde posiblemente\u00a0 existan seres que tienen su propia de vivir, se impone, sobre todo, que supeditemos nuestro comportamiento a su propias reglas a su propio mundo. Los extra\u00f1os all\u00ed seremos nosotros. Ellos,\u00a0 los seres de la hisotira, a diferencia de nuestra Civilizaci\u00f3n Terrestre, s\u00ed han sabido convivir con su entorno, han creado una especie de simbiosis que une a todos los seres de aquel fascionante mundo, sean seres racionales o plantas, hasta el punto de poder comunicarse entre ellos en un alto grado de compenetraci\u00f3n que va mucho m\u00e1s all\u00e1 de lo f\u00edsico.<\/p>\n<p style=\"text-align: justify;\"><img decoding=\"async\" loading=\"lazy\" id=\"irc_mi\" src=\"http:\/\/opium.org.pl\/wp-content\/avatar-5.jpg\" alt=\"\" width=\"834\" height=\"354\" \/><\/p>\n<p style=\"text-align: justify;\">No siempre somos conscientes de que nuestra simbiosis con el mundo que habitamos es grande, de \u00e9l dependemos para seguir aqu\u00ed. Nuestro mundo se podr\u00eda considerar como un ser vivo (GAIA).<\/p>\n<p style=\"text-align: justify;\">En esos otros Mundos pueden estar presentes seres maravillosos que han optado por otras maneras de vivir, m\u00e1s cercana y conectados con la Naturaleza a la que respetan y comprenden al ser conscientes de que ellos mismos, forman de ella que es algo que, los humanos no han acabado de comprender y, se comportan como si la Tierra fuera un simple instrumento a su servicio, sin ser conscientes que tal comportamiento, los puede llevar a la extinci\u00f3n de la especie.<\/p>\n<p style=\"text-align: justify;\">Las monta\u00f1as, los \u00e1rboles, los r\u00edos y el viento, todo ba\u00f1ado por la luz y el calor de esa estrella que nos alumbra, forman un todo que mantiene el equilibrio que hace posible la vida. Si alguno de esos par\u00e1metros se viera alterado seriamente\u2026 \u00a1Mal nos ir\u00eda! Y, sin embargo, algunos se empe\u00f1an en no ver lo evidente.<\/p>\n<p style=\"text-align: justify;\"><img decoding=\"async\" src=\"http:\/\/1.bp.blogspot.com\/_SQXs_hOeoQc\/R2ges3xbg5I\/AAAAAAAAAKU\/pz_qQ_kN8fQ\/w1200-h630-p-k-no-nu\/otros+mundos.jpg\" alt=\"Resultado de imagen de Mundos inimaginables\" \/><img decoding=\"async\" loading=\"lazy\" src=\"https:\/\/4.bp.blogspot.com\/-5TmyhSHnhl8\/TxOs3NXeUHI\/AAAAAAAAA58\/PJO2HLotXw4\/s1600\/mundos%2Bparalelos.jpg\" alt=\"Resultado de imagen de Como ser\u00e1n otros mundos\" width=\"400\" height=\"300\" \/><\/p>\n<p style=\"text-align: justify;\">\u00a0 \u00a0 \u00a0 \u00a0 \u00a0 \u00a0 \u00a0 \u00a0 \u00a0\u00a0 \u00a0 \u00bfOtras civilizaciones? Ni imaginarlas podemos<\/p>\n<p style=\"text-align: justify;\">Si alg\u00fan d\u00eda conseguimos llegar a otros mundos y en ellos encontramos a criaturas vivas m\u00e1s o mneos evolucionadas, lo conveniente ser\u00eda respetarlos y, dentro de lo posible, aprender de ellos procurando alterar lo menos posible lo que all\u00ed nos encontremos y, si tienen algo que nosotros necesitamos, hacer un intercambio justo olvid\u00e1ndonos de la fuerza bruta que conlleva la destrucci\u00f3n irreparable.<\/p>\n<p style=\"text-align: justify;\">La historia que nos cuentan en esa maravillosa pel\u00edcula, , desde el principio nos pone a favor de los habitantes de aquel Mundo agredido y de sus habitantes, hasta tal punto es as\u00ed que muchos de los terrestres que visitan aqu\u00e9l planeta, no dudan, en dar sus propias vidas por preservar aquel entorno, para nosotros de fantas\u00eda y que para aquellos seres tan especiales que han sido capaces de convivir con su mundo y \u201chablar\u201d con \u00e9l, demostrando de alguna manera que, son mucho m\u00f1\u00e1s civilizados que nosotros. Cuando v\u00ed aquella pel\u00edcula\u2026 \u00a1Qu\u00e9 envidia me dieron!<\/p>\n<p style=\"text-align: justify;\"><img decoding=\"async\" loading=\"lazy\" src=\"https:\/\/cl.buscafs.com\/www.qore.com\/public\/uploads\/images\/38943.jpg\" alt=\"Resultado de imagen de Como ser\u00e1n otros mundos\" width=\"400\" height=\"225\" \/><\/p>\n<p style=\"text-align: justify;\">\u00a0 \u00a0 \u00a0 \u00a0 \u00a0 \u00a0 \u00a0 \u00a0 \u00a0 \u00a0 \u00a0 \u00a0 \u00a0 En no pocos mundos la Naturaleza ser\u00e1 la misma o parecida a la del nuestro<\/p>\n<p style=\"text-align: justify;\">Utilizar lo que la Naturaleza les ofrec\u00eda sin da\u00f1ar, no coger m\u00e1s de lo estrictamente necesario para vivir, respetando las otras formas de vida del planeta y dejando que el ritmo de la Naturalerza sea el que desarrolle las cosas, sin agredir el entorno y dejando que cada cosa ocupe su lugar sin tratar de violentar, de alguna manera, su desarrollo natural.<\/p>\n<p style=\"text-align: justify;\">Si el caso llega, tendremos que aprender a mirar m\u00e1s all\u00e1 de la superficie, a entender los mensajes que nos env\u00edan la mirada de esos nuevos y ex\u00f3ticos seres y, sobre todo, tratar de comprender su mundo, sus maneras para poder respetarlas y hacernos acreedores, nosotros tambi\u00e9n, a su respeto.<\/p>\n<p style=\"text-align: justify;\"><img decoding=\"async\" src=\"http:\/\/4.bp.blogspot.com\/-RVeYXQpWvik\/Unke73OfqmI\/AAAAAAAAd38\/IOLXsaZB0EQ\/s1600\/Exoplanet.JPG\" alt=\"Resultado de imagen de Extra\u00f1os mundos fuera de nuestro sistema solar\" \/><\/p>\n<p style=\"text-align: justify;\">\u00a1Qui\u00e9n pudiera ser uno de los afortunados que, en el futuro, visitar\u00e1n algunos de esos Mundos!<\/p>\n<p style=\"text-align: justify;\">Nos quedan muchos muros por derribar, muchas puertas que abrir para las que a\u00fan no poseemos las llaven, y, sobre todo, para que cuando eso llegue y sea una realidad (esperemos que as\u00ed sea), lo m\u00e1s importante: \u00a1Que hayamos podido evolucionar hasta ese deseado estadio de sabidur\u00eda que ahora no tenemos! De todas las maneras, no me gustar\u00eda que ese primer encuentro se produjera aqu\u00ed en la Tierra. Es preferible que los visitantes se\u00e1mos nosotros y, como antes digo, espero que para entonces, la Humanidad sea otra.<\/p>\n<p style=\"text-align: justify;\"><img decoding=\"async\" loading=\"lazy\" id=\"irc_mi\" src=\"http:\/\/1.bp.blogspot.com\/-ursOGKnnNAA\/TskbuhJnfgI\/AAAAAAAALjk\/4GBdIWJp7Ik\/s640\/3_5.jpg\" alt=\"\" width=\"580\" height=\"260\" \/><\/p>\n<p style=\"text-align: justify;\">Claro que, tambi\u00e9n podr\u00edamos toparnos con civilizaciones mucho m\u00e1s avanzadas que la nuestra y, en ese caso\u2026 \u00a1La desventaja ser\u00eda nuestra! Siempre hemos o\u00eddo decir que no debemos hacer a otros lo que no queremos que nos hagan a nosotros y, si respetamos esa m\u00e1xima\u2026 \u00a1Todo podr\u00e1 ir mejor! El presente es el que tenemos y no sabemos lo que nos depara el futuro pero, una cosa es bien cierta: \u00a1No dejamos de avanzar! Cada d\u00eda que pasa damos un paso hacia ese futuro que presentimos y estamos m\u00e1s cerca de saber\u2026 \u00a1Si realmente, como pensamos, estamos miuy bien acompa\u00f1ados en este inmenso Universo nuestro! Y, digo en \u00e9ste universo nuestro porque, en realidad, pienso que tampoco es, el \u00fanico Universo.<\/p>\n<p style=\"text-align: justify;\">emilio silvera<\/p>\n<\/div>\n<\/div>\n<div class='bookmark'>\r\n\t\t<table align='left' border='0' cellpadding='0' width='100%'>\r\n\t\t<tr><td><span class='pushbutton'><a href='http:\/\/delicious.com\/post?url=http%3A%2F%2Fwww.emiliosilveravazquez.com%2Fblog%2F2020%2F02%2F04%2Fen-tan-vasto-universo%25e2%2580%25a6-%25c2%25a1no-estamos-solos-7%2F&amp;title=En+tan+vasto+Universo%E2%80%A6+%C2%A1No+estamos+solos%21' title='Delicious' target='_blank' rel='nofollow'><img src='http:\/\/www.emiliosilveravazquez.com\/blog\/wp-content\/plugins\/knxdt-bookmarks-wordpress-plugin\/images\/delicious.png'  alt='' class='book_img' border='none' style='margin:1px; padding: 0;'  \/><\/a><\/span><span class='pushbutton'><a href='http:\/\/digg.com\/submit?url=http%3A%2F%2Fwww.emiliosilveravazquez.com%2Fblog%2F2020%2F02%2F04%2Fen-tan-vasto-universo%25e2%2580%25a6-%25c2%25a1no-estamos-solos-7%2F&amp;title=En+tan+vasto+Universo%E2%80%A6+%C2%A1No+estamos+solos%21' title='Digg' target='_blank' rel='nofollow'><img src='http:\/\/www.emiliosilveravazquez.com\/blog\/wp-content\/plugins\/knxdt-bookmarks-wordpress-plugin\/images\/digg.png'  alt='' class='book_img' border='none' style='margin:1px; padding: 0;'  \/><\/a><\/span><span class='pushbutton'><a href='http:\/\/www.google.com\/bookmarks\/mark?op=edit&amp;bkmk=http%3A%2F%2Fwww.emiliosilveravazquez.com%2Fblog%2F2020%2F02%2F04%2Fen-tan-vasto-universo%25e2%2580%25a6-%25c2%25a1no-estamos-solos-7%2F&amp;title=En+tan+vasto+Universo%E2%80%A6+%C2%A1No+estamos+solos%21' title='Google' target='_blank' rel='nofollow'><img src='http:\/\/www.emiliosilveravazquez.com\/blog\/wp-content\/plugins\/knxdt-bookmarks-wordpress-plugin\/images\/google.png'   alt='' class='book_img' border='none' style='margin:1px; padding: 0;'  \/><\/a><\/span><span class='pushbutton'><a href='http:\/\/myweb2.search.yahoo.com\/myresults\/bookmarklet?u=http%3A%2F%2Fwww.emiliosilveravazquez.com%2Fblog%2F2020%2F02%2F04%2Fen-tan-vasto-universo%25e2%2580%25a6-%25c2%25a1no-estamos-solos-7%2F&amp;t=En+tan+vasto+Universo%E2%80%A6+%C2%A1No+estamos+solos%21' title='Yahoo' target='_blank' rel='nofollow'><img src='http:\/\/www.emiliosilveravazquez.com\/blog\/wp-content\/plugins\/knxdt-bookmarks-wordpress-plugin\/images\/yahoo.png'  alt='' class='book_img' border='none' style='margin:1px; padding: 0;'  \/><\/a><\/span><span class='pushbutton'><a href='http:\/\/www.technorati.com\/faves?add=http%3A%2F%2Fwww.emiliosilveravazquez.com%2Fblog%2F2020%2F02%2F04%2Fen-tan-vasto-universo%25e2%2580%25a6-%25c2%25a1no-estamos-solos-7%2F' title='Technorati' target='_blank' rel='nofollow'><img src='http:\/\/www.emiliosilveravazquez.com\/blog\/wp-content\/plugins\/knxdt-bookmarks-wordpress-plugin\/images\/technorati.png'  alt='' class='book_img' border='none' style='margin:1px; padding: 0;'  \/><\/a><\/span><span class='pushbutton'><a href='http:\/\/meneame.net\/submit.php?url=http%3A%2F%2Fwww.emiliosilveravazquez.com%2Fblog%2F2020%2F02%2F04%2Fen-tan-vasto-universo%25e2%2580%25a6-%25c2%25a1no-estamos-solos-7%2F' title='Meneame' target='_blank' rel='nofollow'><img src='http:\/\/www.emiliosilveravazquez.com\/blog\/wp-content\/plugins\/knxdt-bookmarks-wordpress-plugin\/images\/meneame.png'  alt='' class='book_img' border='none' style='margin:1px; padding: 0;'  \/><\/a><\/span><span class='pushbutton'><a href='http:\/\/enchilame.com\/submit.php?url=http:\/\/www.emiliosilveravazquez.com\/blog\/2020\/02\/04\/en-tan-vasto-universo%e2%80%a6-%c2%a1no-estamos-solos-7\/' target='_blank' rel='nofollow'><img title='Enchilame' src='http:\/\/www.emiliosilveravazquez.com\/blog\/wp-content\/plugins\/knxdt-bookmarks-wordpress-plugin\/images\/enchilame.png'  alt='' class='book_img' border='none' style='margin:1px; padding: 0;'  \/><\/a><\/span><span class='pushbutton'><a href='http:\/\/www.blinklist.com\/index.php?Action=Blink\/addblink.php&amp;Description=&amp;Url=http%3A%2F%2Fwww.emiliosilveravazquez.com%2Fblog%2F2020%2F02%2F04%2Fen-tan-vasto-universo%25e2%2580%25a6-%25c2%25a1no-estamos-solos-7%2F&amp;title=En+tan+vasto+Universo%E2%80%A6+%C2%A1No+estamos+solos%21' title='BlinkList' target='_blank' rel='nofollow'><img src='http:\/\/www.emiliosilveravazquez.com\/blog\/wp-content\/plugins\/knxdt-bookmarks-wordpress-plugin\/images\/blinklist.png'  alt='' class='book_img' border='none' style='margin:1px; padding: 0;'  \/><\/a><\/span><span class='pushbutton'><a href='http:\/\/reddit.com\/submit?url=http%3A%2F%2Fwww.emiliosilveravazquez.com%2Fblog%2F2020%2F02%2F04%2Fen-tan-vasto-universo%25e2%2580%25a6-%25c2%25a1no-estamos-solos-7%2F&amp;title=En+tan+vasto+Universo%E2%80%A6+%C2%A1No+estamos+solos%21' title='Reddit' target='_blank' rel='nofollow'><img src='http:\/\/www.emiliosilveravazquez.com\/blog\/wp-content\/plugins\/knxdt-bookmarks-wordpress-plugin\/images\/reddit.png'  alt='' class='book_img' border='none' style='margin:1px; padding: 0;'  \/><\/a><\/span><span class='pushbutton'><a href='http:\/\/www.tecnologiadiaria.com\/2009\/07\/abrir-com-hotmail-correo.html' target='_blank' title='hotmail'><img src='http:\/\/www.emiliosilveravazquez.com\/blog\/wp-content\/plugins\/knxdt-bookmarks-wordpress-plugin\/images\/linklove.png' alt='hotmail correo' class='book_img' border='none' style='margin:1px; padding: 0;' \/><\/a><\/span><span class='pushbutton'><a href='http:\/\/bitacoras.com\/votar\/anotacion\/externo\/mini\/www.emiliosilveravazquez.com\/blog\/2020\/02\/04\/en-tan-vasto-universo%e2%80%a6-%c2%a1no-estamos-solos-7\/' title='Bitacoras.com' target='_blank' rel='nofollow'><img src='http:\/\/www.emiliosilveravazquez.com\/blog\/wp-content\/plugins\/knxdt-bookmarks-wordpress-plugin\/images\/bitacoras.png'  alt='' class='book_img' border='none' style='margin:1px; padding: 0;'  \/><\/a><\/span><span class='pushbutton'><a href='http:\/\/www.wikio.es\/vote?url=http%3A%2F%2Fwww.emiliosilveravazquez.com%2Fblog%2F2020%2F02%2F04%2Fen-tan-vasto-universo%25e2%2580%25a6-%25c2%25a1no-estamos-solos-7%2F' title='Wikio' target='_blank' rel='nofollow'><img src='http:\/\/www.emiliosilveravazquez.com\/blog\/wp-content\/plugins\/knxdt-bookmarks-wordpress-plugin\/images\/wikio.png'   alt='' class='book_img' border='none' style='margin:1px; padding: 0;'   \/><\/a><\/span><span class='pushbutton'><a href='http:\/\/friendfeed.com\/?url=http%3A%2F%2Fwww.emiliosilveravazquez.com%2Fblog%2F2020%2F02%2F04%2Fen-tan-vasto-universo%25e2%2580%25a6-%25c2%25a1no-estamos-solos-7%2F&amp;title=En+tan+vasto+Universo%E2%80%A6+%C2%A1No+estamos+solos%21' title='Friend Feed' target='_blank' rel='nofollow'><img src='http:\/\/www.emiliosilveravazquez.com\/blog\/wp-content\/plugins\/knxdt-bookmarks-wordpress-plugin\/images\/friendfeed.png'  alt='' class='book_img' border='none' style='margin:1px; padding: 0;'  \/><\/a><\/span><span class='pushbutton'><a href='http:\/\/www.facebook.com\/share.php?u=http%3A%2F%2Fwww.emiliosilveravazquez.com%2Fblog%2F2020%2F02%2F04%2Fen-tan-vasto-universo%25e2%2580%25a6-%25c2%25a1no-estamos-solos-7%2F&amp;t=En+tan+vasto+Universo%E2%80%A6+%C2%A1No+estamos+solos%21' title='Facebook' target='_blank' rel='nofollow'><img src='http:\/\/www.emiliosilveravazquez.com\/blog\/wp-content\/plugins\/knxdt-bookmarks-wordpress-plugin\/images\/facebook.png'  alt='' class='book_img' border='none' style='margin:1px; padding: 0;'  \/><\/a><\/span><span class='pushbutton'><a href='http:\/\/twitter.com\/home?status=En+tan+vasto+Universo%E2%80%A6+%C2%A1No+estamos+solos%21: http%3A%2F%2Fwww.emiliosilveravazquez.com%2Fblog%2F2020%2F02%2F04%2Fen-tan-vasto-universo%25e2%2580%25a6-%25c2%25a1no-estamos-solos-7%2F' title='Twitter' target='_blank' rel='nofollow'><img src='http:\/\/www.emiliosilveravazquez.com\/blog\/wp-content\/plugins\/knxdt-bookmarks-wordpress-plugin\/images\/twitter.png'  alt='' class='book_img' border='none' style='margin:1px; padding: 0;'  \/><\/a><\/span><span class='pushbutton'><a href='http:\/\/www.feedburner.com\/fb\/a\/emailFlare?itemTitle=En+tan+vasto+Universo%E2%80%A6+%C2%A1No+estamos+solos%21&amp;uri=http%3A%2F%2Fwww.emiliosilveravazquez.com%2Fblog%2F2020%2F02%2F04%2Fen-tan-vasto-universo%25e2%2580%25a6-%25c2%25a1no-estamos-solos-7%2F' title='Enviar por Email' target='_blank' rel='nofollow'><img src='http:\/\/www.emiliosilveravazquez.com\/blog\/wp-content\/plugins\/knxdt-bookmarks-wordpress-plugin\/images\/email.png'  alt='' class='book_img' border='none' style='margin:1px; padding: 0;'  \/><\/a><\/span><span style='font-weight:bold; padding-left: 5px;'><a href='http:\/\/wordpress.org\/extend\/plugins\/knxdt-bookmarks-wordpress-plugin\/' title='Plugin' rel='nofollow' target='_blank'>[?]<\/a><\/span><\/td><\/tr><\/table><br\/><br\/><\/div>","protected":false},"excerpt":{"rendered":"<p>\u00a0\u00a0\u00a1Inexorable paso del \u201cTiempo\u201d! \u00bfQu\u00e9 ser\u00e1 el Tiempo? &nbsp; &nbsp; &nbsp; \u201cDentro de miles de millones de a\u00f1os a partir de , habr\u00e1 un \u00faltimo d\u00eda perfecto en la Tierra\u2026 Las capas de hielo \u00c1rtica y Ant\u00e1rtica se fundir\u00e1n, inundando las costas del mundo. Las altas temperaturas oce\u00e1nicas liberar\u00e1n m\u00e1s vapor de agua al aire, [&hellip;]<\/p>\n","protected":false},"author":2,"featured_media":0,"comment_status":"open","ping_status":"open","sticky":false,"template":"","format":"standard","meta":{"_s2mail":"yes","footnotes":""},"categories":[1],"tags":[],"_links":{"self":[{"href":"http:\/\/www.emiliosilveravazquez.com\/blog\/wp-json\/wp\/v2\/posts\/20402"}],"collection":[{"href":"http:\/\/www.emiliosilveravazquez.com\/blog\/wp-json\/wp\/v2\/posts"}],"about":[{"href":"http:\/\/www.emiliosilveravazquez.com\/blog\/wp-json\/wp\/v2\/types\/post"}],"author":[{"embeddable":true,"href":"http:\/\/www.emiliosilveravazquez.com\/blog\/wp-json\/wp\/v2\/users\/2"}],"replies":[{"embeddable":true,"href":"http:\/\/www.emiliosilveravazquez.com\/blog\/wp-json\/wp\/v2\/comments?post=20402"}],"version-history":[{"count":0,"href":"http:\/\/www.emiliosilveravazquez.com\/blog\/wp-json\/wp\/v2\/posts\/20402\/revisions"}],"wp:attachment":[{"href":"http:\/\/www.emiliosilveravazquez.com\/blog\/wp-json\/wp\/v2\/media?parent=20402"}],"wp:term":[{"taxonomy":"category","embeddable":true,"href":"http:\/\/www.emiliosilveravazquez.com\/blog\/wp-json\/wp\/v2\/categories?post=20402"},{"taxonomy":"post_tag","embeddable":true,"href":"http:\/\/www.emiliosilveravazquez.com\/blog\/wp-json\/wp\/v2\/tags?post=20402"}],"curies":[{"name":"wp","href":"https:\/\/api.w.org\/{rel}","templated":true}]}}