{"id":1972,"date":"2011-02-10T07:49:11","date_gmt":"2011-02-10T06:49:11","guid":{"rendered":"http:\/\/www.emiliosilveravazquez.com\/blog\/?p=1972"},"modified":"2011-02-10T07:50:22","modified_gmt":"2011-02-10T06:50:22","slug":"desde-ayer-a-hoy%c2%bfque-sera-de-manana","status":"publish","type":"post","link":"http:\/\/www.emiliosilveravazquez.com\/blog\/2011\/02\/10\/desde-ayer-a-hoy%c2%bfque-sera-de-manana\/","title":{"rendered":"Desde Ayer a hoy&#8230;\u00bfQu\u00e9 ser\u00e1 de ma\u00f1ana?"},"content":{"rendered":"<p style=\"text-indent: 24pt; text-align: justify;\">La investigaci\u00f3n rigurosa del pasado con el fin de descubrir las ra\u00edces humanas, la percepci\u00f3n y el estudio de las diferencias culturales, el inter\u00e9s por indagar los mecanismos profundos que gobiernan los sistemas econ\u00f3micos y sociales, e incluso el an\u00e1lisis del funcionamiento de la mente humana, surgieron y se desarrollaron en \u00e9pocas relativamente recientes. Salvo la Psicolog\u00eda, que tiene\u00a0 una original y largu\u00edsima y valiosa tradici\u00f3n en la India, las restantes ciencias sociales son una creaci\u00f3n propia de de la culturta europea occidental, lo que no deja de llamar la tenci\u00f3n de muchos estudiosos puesto que culturas milenarias con trayectorias practicament ininterrumpidas como la de China e India parec\u00edan las m\u00e1sa adecuadas para que de ellas surgieran disciplinas como Historia, la Econmom\u00eda o la Sociolog\u00eda. Es curioso el indagar sobre la \u00a0g\u00e9nesis y los primeros logros de las ciencias que tienen como objeto el hombre y la sociedad que este ha creado.<\/p>\n<p style=\"text-indent: 24pt; text-align: justify;\">Hemos pasado de la tradicci\u00f3n oral a las bibliotecas.<\/p>\n<p style=\"text-indent: 24pt; text-align: justify;\">Antes de la invenci\u00f3n de la escritura, la cultura humana ya se hab\u00eda desarrollado extensamente en \u00e1reas tan variadas como las artes pl\u00e1sticas, la religi\u00f3n, , la agricultura, la poes\u00eda y las t\u00e9cnicas de la metalurg\u00eda, la alfarer\u00eda y de la construcci\u00f3n.<\/p>\n<p style=\"text-indent: 24pt; text-align: justify;\">Pero incluso despu\u00e9s de que se generalizaran los escritos, la transmisi\u00f3n oral y la memorizaci\u00f3n de los acontemcimientos continuaron siendo imprescindibles durante mucho tiempo, por lo que el cultivo y mejoramiento de la memoria humana fue una de las gransdes preocupaciones de la Antig\u00fcedad.<\/p>\n<p><!--more--><\/p>\n<p style=\"text-indent: 24pt; text-align: justify;\">Muchos expertos estudiosos han sido los que han explicado el largo proceso de seguido por la Humanidad desde que empleo las antiguas t\u00e9cnicas de memorizaci\u00f3n\u00a0 y recitaci\u00f3n hasta la invenci\u00f3n de la imprenta de tipos m\u00f3viles, la producci\u00f3n masiva de libros\u00a0 y su clasificaci\u00f3n y conservaci\u00f3n en extensas bibliotecas.<\/p>\n<p style=\"text-indent: 24pt; text-align: justify;\">Culturas como la China, la Japonesa y la Coreana, fueron pioneras en la utilizaci\u00f3n de la imprenta, pero ser\u00eda el europeo Gutemberg quien le di\u00f3 el impulso defintivo que habia de convertirla en la herramienta b\u00e1sica de la cultura moderna.<\/p>\n<p style=\"text-indent: 24pt; text-align: justify;\">Del mito a la construcci\u00f3n del pasado hist\u00f3rico.<\/p>\n<p style=\"text-indent: 24pt; text-align: justify;\">La exploraci\u00f3n del pasado inaugurada por Herodoto y Tuc\u00eddides en el s. V a.C. no tiene\u00a0 paralelismo con ninguna otra tradicci\u00f3n. Algunos aseveran que s\u00f3lo dentro de la tradici\u00f3n cristiana del mundo, y a partir de un hecho tan traum\u00e1tico como la ca\u00edda del Impero Romano, pod\u00eda nacer el rudimento de la idea de progreso hist\u00f3rico y, con ella, el deseo de un conocimiento veraz de los hechos del pasado.<\/p>\n<p style=\"text-indent: 24pt; text-align: justify;\">Sin embargo, hasta el siglo XV no aparecer\u00eda un pionero que introdujera las primeras t\u00e9cnicas de lo que hoy conmocemos como cr\u00edtica hist\u00f3rica. En efecto, fue Lorenzo Valla quien utiliz\u00f3 por primera ves el conocimioento de la gram\u00e9tica hist\u00f3rica para descubrir anacronismos en documentos falsificados y quien aplic\u00f3 el an\u00e1lisis filol\u00f3gico y del estilo para fijar autor\u00eda de libros y documentos.<\/p>\n<p style=\"text-indent: 24pt; text-align: justify;\">Por otra parte, tambi\u00e9n durante los siglos y XV y XVI surgi\u00f3 el inter\u00e9s por el estudioo de las ruinas, sobre todo las de Roma, aunque no fue hasta el XVIII, con la obra de Johann Joachim Winckekmnn, que se sentaron las bases de la formaci\u00f3n de la moderna arqueolog\u00eda: esta conocer\u00eda durante esta centuria y la siguiente un espectacular desarrollo.<\/p>\n<p style=\"text-indent: 24pt; text-align: justify;\">De la construcci\u00f3n del pasado al an\u00e1lisis del presente.<\/p>\n<p style=\"text-indent: 24pt; text-align: justify;\">Boorstin demuestra finalmente c\u00f3mo el descubrimioento y la conolizaci\u00f3n americana fueron elementos fundamentales para que surgiera la Antropolog\u00eda y la Etnolog\u00eda y, con ellas,\u00a0 ideas como la del origen com\u00fan de toda la humanidad, a pesar de la diversisdad racial y cultural.<\/p>\n<p style=\"text-indent: 24pt; text-align: justify;\">M\u00e1s propias de los siglos XVIII y XIX son la Econom\u00eda, la Sociolog\u00eda y la Spicolog\u00eda , de las que Adam Smith, Jonh Graunt y Sigmund Freud fueron, m\u00e1s que precursores, aut\u00e9nticas fundadores. Hay otras paortaciones considerables como las de David Ricardo, Kal Marx, o John Mynard Keynes en los an\u00e1lisis econ\u00f3micos. Malthus en los estudios demogr\u00e1ficos y Adolphe Quletet en la Estad\u00edsitica aplicada a la sociolog\u00eda.<\/p>\n<p style=\"text-indent: 24pt; text-align: justify;\">Pero, tosdo este recorrido, estar\u00eda falto de algo esencial, los descubrimoientos de la Fisica del siglo XIX que han pobilitado a los f\u00edsicos de nuestro tiempo conquistar los secrtos de la constituci\u00f3n \u00edntima de la materia, llegando hasta las constituyentes del n\u00facleo at\u00f3mico.<\/p>\n<p style=\"text-indent: 24pt; text-align: justify;\">Es verdad, aquellos que coment\u00f3 Valery, cuando en 1924 dijo: &#8220;El hombre s\u00f3lo est\u00e1 en mala compa\u00f1ia&#8221; S\u00ed, el hombre es eminentemente un animal social y, necesita, que sus cong\u00e9neres sean sabedores y admiradores de su s obras. Sin otros que vean lo que haces el esfuerzo tendr\u00e1 menor sentido.<\/p>\n<p style=\"text-indent: 24pt; text-align: justify;\">Con todo este repaso llegamos a la conclusi\u00f3n de que debimos descubrir la historia antes de poder explorarla. Y, como he deicho antes, los mensajes del pasado se transmit\u00edan primero a trav\u00e9s de las habilidades de la \u00a0memnoria, luego de la escritura, y, finalmente, de manera explosiva en los libros.<\/p>\n<p style=\"text-indent: 24pt; text-align: justify;\">El insospechado tesoro de\u00a0 reliquias que guarda la tierra se remontaba a la prehistoria. El pasado se convierti\u00f3 en algo m\u00e1s que un almacen de mitos o un cat\u00e1logo de lo familiar. Nuevos mundos trerrestres y marinos, riquezas de continentes remotos, modos de vida de pueblos lejanos, abrieron nuevas perspectivas en nuestras mentes que, as\u00ed, de esa manera, comprendieron que, muchos antes que nosotros estuvieron aqu\u00ed y crearon grandes\u00a0 cosas, hicieron grandes ciudades, inventaron grandes formas de vivir y elevaron los grupos humanos a la categoria de Sociedad, de Civilizaci\u00f3n que trajeron progreso y novedades,<\/p>\n<p style=\"text-indent: 24pt; text-align: justify;\">As\u00ed, las nuevas formas cotidianas de convivencia en Sociedad, llev\u00f3 a estos seres a tener que aprender a convivir de distinta manera, a compartir con los dem\u00e1s y, se di\u00f3 cuenta de que, las ideas, en conjunto, alcanzaban cotas mayores y mayores logros tambi\u00e9n no qued\u00e1ndo perdidas como tantas veces ocirri\u00f3 a la lorga la historia de la Humanidad.<\/p>\n<p style=\"text-indent: 24pt; text-align: justify;\">Claro que, hoy tenemos una idea muy clara: Toda la Humanidad es una.<\/p>\n<p style=\"text-indent: 24pt; text-align: justify;\">Sin embargo, nos falta dar el paso final y hacer que esa unidad sea realmente cierta, estamos en la edad de la globalizaci\u00f3n, las noticias diarias nos traen escenas de cualquier parte del muindo en tiempo real, y, sin embargo, las diferencias contin\u00faan.<\/p>\n<p style=\"text-indent: 24pt; text-align: justify;\">Necesitamos un s\u00f3lo Gobierno Mundial, un Consejo compuesto por seres de todo el planeta y que rija nuestros destinos y distribuya las riquezas de manera proporcional al n\u00famero de la poblaci\u00f3n de cada regi\u00f3n. La igualdad debe estar presente en todas partes. No hablar de ella con bonitas palabras en un alto estrado,\u00a0 NO, sino que, se deben evitar desigualdades que, a estas alturas est\u00e1n fuera de lugar.<\/p>\n<p style=\"text-indent: 24pt; text-align: justify;\">Es imperdonable que puedan existir algunas personas (unos pocos cientos de miles, o, incluso algunos millones) que domine el 90% de toda la riqueza mundial. Eso no es moral. Algunas familas, para que sus hijos puedan estudiar est\u00e1n pas\u00e1ndolo mal y tienen carencias de necesidades primarias, mientreas que otros, tienen a sus hijos estudiando en el extranjero en colegios por los que paga en un a\u00f1o lo que aqu\u00ed en Espa\u00f1a se paga por todo el curso, y, los padres del primero est\u00e1n pasando necesidades mientras que, los del segundo, su mayor preocupaci\u00f3n es hacer una lista de los invitados que vendr\u00e1sn el domingo a su pr\u00f3xima monteria en la finca de 6.000 Has.<\/p>\n<p style=\"text-indent: 24pt; text-align: justify;\">Mientras todo esto siga a s\u00ed, el avance ser\u00e1 peque\u00f1o. Hoy d\u00edas, el lugar de quellos Sacerdotes de las \u00e9pocas pasadas, lo ocupan los gurus del dinero que se pavonean por el mundo y&#8230;si se escarvara un pocoi en el origen de las fortunas, muy pocos podr\u00edan pasar el examen.<\/p>\n<p style=\"text-indent: 24pt; text-align: justify;\">En fin amigos, me desv\u00edo de mi cometiodo principal que es hablaros de lo que pas\u00f3 en tiempos pasados, de como podemos actuar en el presente para preparar el terreno y tener un futuro mejor.<\/p>\n<p style=\"text-indent: 24pt; text-align: justify;\">Hablamos de Ciencia y de Cultura, de Letras y de N\u00fameros, de lo infinito y de lo infinitesimal, de la Mente y de la Conciencia pero, \u00bfseremos alguna vez conscientes?<\/p>\n<p style=\"text-align: right;\"><em>emilio silvera<\/em><\/p>\n<div class='bookmark'>\r\n\t\t<table align='left' border='0' cellpadding='0' width='100%'>\r\n\t\t<tr><td><span class='pushbutton'><a href='http:\/\/delicious.com\/post?url=http%3A%2F%2Fwww.emiliosilveravazquez.com%2Fblog%2F2011%2F02%2F10%2Fdesde-ayer-a-hoy%25c2%25bfque-sera-de-manana%2F&amp;title=Desde+Ayer+a+hoy%26%238230%3B%C2%BFQu%C3%A9+ser%C3%A1+de+ma%C3%B1ana%3F' title='Delicious' target='_blank' rel='nofollow'><img src='http:\/\/www.emiliosilveravazquez.com\/blog\/wp-content\/plugins\/knxdt-bookmarks-wordpress-plugin\/images\/delicious.png'  alt='' class='book_img' border='none' style='margin:1px; padding: 0;'  \/><\/a><\/span><span class='pushbutton'><a href='http:\/\/digg.com\/submit?url=http%3A%2F%2Fwww.emiliosilveravazquez.com%2Fblog%2F2011%2F02%2F10%2Fdesde-ayer-a-hoy%25c2%25bfque-sera-de-manana%2F&amp;title=Desde+Ayer+a+hoy%26%238230%3B%C2%BFQu%C3%A9+ser%C3%A1+de+ma%C3%B1ana%3F' title='Digg' target='_blank' rel='nofollow'><img src='http:\/\/www.emiliosilveravazquez.com\/blog\/wp-content\/plugins\/knxdt-bookmarks-wordpress-plugin\/images\/digg.png'  alt='' class='book_img' border='none' style='margin:1px; padding: 0;'  \/><\/a><\/span><span class='pushbutton'><a href='http:\/\/www.google.com\/bookmarks\/mark?op=edit&amp;bkmk=http%3A%2F%2Fwww.emiliosilveravazquez.com%2Fblog%2F2011%2F02%2F10%2Fdesde-ayer-a-hoy%25c2%25bfque-sera-de-manana%2F&amp;title=Desde+Ayer+a+hoy%26%238230%3B%C2%BFQu%C3%A9+ser%C3%A1+de+ma%C3%B1ana%3F' title='Google' target='_blank' rel='nofollow'><img src='http:\/\/www.emiliosilveravazquez.com\/blog\/wp-content\/plugins\/knxdt-bookmarks-wordpress-plugin\/images\/google.png'   alt='' class='book_img' border='none' style='margin:1px; padding: 0;'  \/><\/a><\/span><span class='pushbutton'><a href='http:\/\/myweb2.search.yahoo.com\/myresults\/bookmarklet?u=http%3A%2F%2Fwww.emiliosilveravazquez.com%2Fblog%2F2011%2F02%2F10%2Fdesde-ayer-a-hoy%25c2%25bfque-sera-de-manana%2F&amp;t=Desde+Ayer+a+hoy%26%238230%3B%C2%BFQu%C3%A9+ser%C3%A1+de+ma%C3%B1ana%3F' title='Yahoo' target='_blank' rel='nofollow'><img src='http:\/\/www.emiliosilveravazquez.com\/blog\/wp-content\/plugins\/knxdt-bookmarks-wordpress-plugin\/images\/yahoo.png'  alt='' class='book_img' border='none' style='margin:1px; padding: 0;'  \/><\/a><\/span><span class='pushbutton'><a href='http:\/\/www.technorati.com\/faves?add=http%3A%2F%2Fwww.emiliosilveravazquez.com%2Fblog%2F2011%2F02%2F10%2Fdesde-ayer-a-hoy%25c2%25bfque-sera-de-manana%2F' title='Technorati' target='_blank' rel='nofollow'><img src='http:\/\/www.emiliosilveravazquez.com\/blog\/wp-content\/plugins\/knxdt-bookmarks-wordpress-plugin\/images\/technorati.png'  alt='' class='book_img' border='none' style='margin:1px; padding: 0;'  \/><\/a><\/span><span class='pushbutton'><a href='http:\/\/meneame.net\/submit.php?url=http%3A%2F%2Fwww.emiliosilveravazquez.com%2Fblog%2F2011%2F02%2F10%2Fdesde-ayer-a-hoy%25c2%25bfque-sera-de-manana%2F' title='Meneame' target='_blank' rel='nofollow'><img src='http:\/\/www.emiliosilveravazquez.com\/blog\/wp-content\/plugins\/knxdt-bookmarks-wordpress-plugin\/images\/meneame.png'  alt='' class='book_img' border='none' style='margin:1px; padding: 0;'  \/><\/a><\/span><span class='pushbutton'><a href='http:\/\/enchilame.com\/submit.php?url=http:\/\/www.emiliosilveravazquez.com\/blog\/2011\/02\/10\/desde-ayer-a-hoy%c2%bfque-sera-de-manana\/' target='_blank' rel='nofollow'><img title='Enchilame' src='http:\/\/www.emiliosilveravazquez.com\/blog\/wp-content\/plugins\/knxdt-bookmarks-wordpress-plugin\/images\/enchilame.png'  alt='' class='book_img' border='none' style='margin:1px; padding: 0;'  \/><\/a><\/span><span class='pushbutton'><a href='http:\/\/www.blinklist.com\/index.php?Action=Blink\/addblink.php&amp;Description=&amp;Url=http%3A%2F%2Fwww.emiliosilveravazquez.com%2Fblog%2F2011%2F02%2F10%2Fdesde-ayer-a-hoy%25c2%25bfque-sera-de-manana%2F&amp;title=Desde+Ayer+a+hoy%26%238230%3B%C2%BFQu%C3%A9+ser%C3%A1+de+ma%C3%B1ana%3F' title='BlinkList' target='_blank' rel='nofollow'><img src='http:\/\/www.emiliosilveravazquez.com\/blog\/wp-content\/plugins\/knxdt-bookmarks-wordpress-plugin\/images\/blinklist.png'  alt='' class='book_img' border='none' style='margin:1px; padding: 0;'  \/><\/a><\/span><span class='pushbutton'><a href='http:\/\/reddit.com\/submit?url=http%3A%2F%2Fwww.emiliosilveravazquez.com%2Fblog%2F2011%2F02%2F10%2Fdesde-ayer-a-hoy%25c2%25bfque-sera-de-manana%2F&amp;title=Desde+Ayer+a+hoy%26%238230%3B%C2%BFQu%C3%A9+ser%C3%A1+de+ma%C3%B1ana%3F' title='Reddit' target='_blank' rel='nofollow'><img src='http:\/\/www.emiliosilveravazquez.com\/blog\/wp-content\/plugins\/knxdt-bookmarks-wordpress-plugin\/images\/reddit.png'  alt='' class='book_img' border='none' style='margin:1px; padding: 0;'  \/><\/a><\/span><span class='pushbutton'><a href='http:\/\/www.tecnologiadiaria.com\/2009\/07\/abrir-com-hotmail-correo.html' target='_blank' title='hotmail'><img src='http:\/\/www.emiliosilveravazquez.com\/blog\/wp-content\/plugins\/knxdt-bookmarks-wordpress-plugin\/images\/linklove.png' alt='hotmail correo' class='book_img' border='none' style='margin:1px; padding: 0;' \/><\/a><\/span><span class='pushbutton'><a href='http:\/\/bitacoras.com\/votar\/anotacion\/externo\/mini\/www.emiliosilveravazquez.com\/blog\/2011\/02\/10\/desde-ayer-a-hoy%c2%bfque-sera-de-manana\/' title='Bitacoras.com' target='_blank' rel='nofollow'><img src='http:\/\/www.emiliosilveravazquez.com\/blog\/wp-content\/plugins\/knxdt-bookmarks-wordpress-plugin\/images\/bitacoras.png'  alt='' class='book_img' border='none' style='margin:1px; padding: 0;'  \/><\/a><\/span><span class='pushbutton'><a href='http:\/\/www.wikio.es\/vote?url=http%3A%2F%2Fwww.emiliosilveravazquez.com%2Fblog%2F2011%2F02%2F10%2Fdesde-ayer-a-hoy%25c2%25bfque-sera-de-manana%2F' title='Wikio' target='_blank' rel='nofollow'><img src='http:\/\/www.emiliosilveravazquez.com\/blog\/wp-content\/plugins\/knxdt-bookmarks-wordpress-plugin\/images\/wikio.png'   alt='' class='book_img' border='none' style='margin:1px; padding: 0;'   \/><\/a><\/span><span class='pushbutton'><a href='http:\/\/friendfeed.com\/?url=http%3A%2F%2Fwww.emiliosilveravazquez.com%2Fblog%2F2011%2F02%2F10%2Fdesde-ayer-a-hoy%25c2%25bfque-sera-de-manana%2F&amp;title=Desde+Ayer+a+hoy%26%238230%3B%C2%BFQu%C3%A9+ser%C3%A1+de+ma%C3%B1ana%3F' title='Friend Feed' target='_blank' rel='nofollow'><img src='http:\/\/www.emiliosilveravazquez.com\/blog\/wp-content\/plugins\/knxdt-bookmarks-wordpress-plugin\/images\/friendfeed.png'  alt='' class='book_img' border='none' style='margin:1px; padding: 0;'  \/><\/a><\/span><span class='pushbutton'><a href='http:\/\/www.facebook.com\/share.php?u=http%3A%2F%2Fwww.emiliosilveravazquez.com%2Fblog%2F2011%2F02%2F10%2Fdesde-ayer-a-hoy%25c2%25bfque-sera-de-manana%2F&amp;t=Desde+Ayer+a+hoy%26%238230%3B%C2%BFQu%C3%A9+ser%C3%A1+de+ma%C3%B1ana%3F' title='Facebook' target='_blank' rel='nofollow'><img src='http:\/\/www.emiliosilveravazquez.com\/blog\/wp-content\/plugins\/knxdt-bookmarks-wordpress-plugin\/images\/facebook.png'  alt='' class='book_img' border='none' style='margin:1px; padding: 0;'  \/><\/a><\/span><span class='pushbutton'><a href='http:\/\/twitter.com\/home?status=Desde+Ayer+a+hoy%26%238230%3B%C2%BFQu%C3%A9+ser%C3%A1+de+ma%C3%B1ana%3F: http%3A%2F%2Fwww.emiliosilveravazquez.com%2Fblog%2F2011%2F02%2F10%2Fdesde-ayer-a-hoy%25c2%25bfque-sera-de-manana%2F' title='Twitter' target='_blank' rel='nofollow'><img src='http:\/\/www.emiliosilveravazquez.com\/blog\/wp-content\/plugins\/knxdt-bookmarks-wordpress-plugin\/images\/twitter.png'  alt='' class='book_img' border='none' style='margin:1px; padding: 0;'  \/><\/a><\/span><span class='pushbutton'><a href='http:\/\/www.feedburner.com\/fb\/a\/emailFlare?itemTitle=Desde+Ayer+a+hoy%26%238230%3B%C2%BFQu%C3%A9+ser%C3%A1+de+ma%C3%B1ana%3F&amp;uri=http%3A%2F%2Fwww.emiliosilveravazquez.com%2Fblog%2F2011%2F02%2F10%2Fdesde-ayer-a-hoy%25c2%25bfque-sera-de-manana%2F' title='Enviar por Email' target='_blank' rel='nofollow'><img src='http:\/\/www.emiliosilveravazquez.com\/blog\/wp-content\/plugins\/knxdt-bookmarks-wordpress-plugin\/images\/email.png'  alt='' class='book_img' border='none' style='margin:1px; padding: 0;'  \/><\/a><\/span><span style='font-weight:bold; padding-left: 5px;'><a href='http:\/\/wordpress.org\/extend\/plugins\/knxdt-bookmarks-wordpress-plugin\/' title='Plugin' rel='nofollow' target='_blank'>[?]<\/a><\/span><\/td><\/tr><\/table><br\/><br\/><\/div>","protected":false},"excerpt":{"rendered":"<p>La investigaci\u00f3n rigurosa del pasado con el fin de descubrir las ra\u00edces humanas, la percepci\u00f3n y el estudio de las diferencias culturales, el inter\u00e9s por indagar los mecanismos profundos que gobiernan los sistemas econ\u00f3micos y sociales, e incluso el an\u00e1lisis del funcionamiento de la mente humana, surgieron y se desarrollaron en \u00e9pocas relativamente recientes. Salvo [&hellip;]<\/p>\n","protected":false},"author":2,"featured_media":0,"comment_status":"open","ping_status":"open","sticky":false,"template":"","format":"standard","meta":{"_s2mail":"yes","footnotes":""},"categories":[1],"tags":[],"_links":{"self":[{"href":"http:\/\/www.emiliosilveravazquez.com\/blog\/wp-json\/wp\/v2\/posts\/1972"}],"collection":[{"href":"http:\/\/www.emiliosilveravazquez.com\/blog\/wp-json\/wp\/v2\/posts"}],"about":[{"href":"http:\/\/www.emiliosilveravazquez.com\/blog\/wp-json\/wp\/v2\/types\/post"}],"author":[{"embeddable":true,"href":"http:\/\/www.emiliosilveravazquez.com\/blog\/wp-json\/wp\/v2\/users\/2"}],"replies":[{"embeddable":true,"href":"http:\/\/www.emiliosilveravazquez.com\/blog\/wp-json\/wp\/v2\/comments?post=1972"}],"version-history":[{"count":0,"href":"http:\/\/www.emiliosilveravazquez.com\/blog\/wp-json\/wp\/v2\/posts\/1972\/revisions"}],"wp:attachment":[{"href":"http:\/\/www.emiliosilveravazquez.com\/blog\/wp-json\/wp\/v2\/media?parent=1972"}],"wp:term":[{"taxonomy":"category","embeddable":true,"href":"http:\/\/www.emiliosilveravazquez.com\/blog\/wp-json\/wp\/v2\/categories?post=1972"},{"taxonomy":"post_tag","embeddable":true,"href":"http:\/\/www.emiliosilveravazquez.com\/blog\/wp-json\/wp\/v2\/tags?post=1972"}],"curies":[{"name":"wp","href":"https:\/\/api.w.org\/{rel}","templated":true}]}}