{"id":1861,"date":"2012-10-16T04:00:21","date_gmt":"2012-10-16T03:00:21","guid":{"rendered":"http:\/\/www.emiliosilveravazquez.com\/blog\/?p=1861"},"modified":"2012-10-16T05:59:27","modified_gmt":"2012-10-16T04:59:27","slug":"nuevas-teorias-y-conceptos-nuevas-dimensiones","status":"publish","type":"post","link":"http:\/\/www.emiliosilveravazquez.com\/blog\/2012\/10\/16\/nuevas-teorias-y-conceptos-nuevas-dimensiones\/","title":{"rendered":"Nuevas teor\u00edas y conceptos: Nuevas dimensiones."},"content":{"rendered":"<p style=\"margin: 0cm 0cm 12pt; text-indent: 1cm; text-align: justify;\">Seg\u00fan\u00a0una nueva teor\u00eda, antes del <a href=\"#\" onclick=\"referencia('big bang',event); return false;\">Big Bang<\/a> nuestro cosmos era realmente un universo perfecto de diez dimensiones, decadimensional, un mundo en el que el viaje interdimensional era posible. Sin embargo, ese mundo decadimensional era inestable, y eventualmente se &#8220;rompi\u00f3&#8221; en dos, dando lugar a dos universos separados: un universo de cuatro y otro universo de seis dimensiones.<\/p>\n<p style=\"margin: 0cm 0cm 12pt; text-indent: 1cm; text-align: justify;\">El universo en el que vivimos naci\u00f3 de ese cataclismo c\u00f3smico. Nuestro universo tetradimensional se expandi\u00f3 de forma explosiva, mientras que nuestro universo gemelo hexadimensional se contrajo violentamente hasta que se redujo a un tama\u00f1o casi infinitesimal.<\/p>\n<p style=\"margin: 0cm 0cm 12pt; text-indent: 1cm; text-align: justify;\">Eso podr\u00eda explicar el origen del <a href=\"#\" onclick=\"referencia('big bang',event); return false;\">Big Bang<\/a> y, si la teor\u00eda es correcta, demuestra que la r\u00e1pida expansi\u00f3n del universo fue simple consecuencia de un cataclismo c\u00f3smico mucho mayor; la ruptura de los propios espacio y tiempo. La energ\u00eda que impulsa la expansi\u00f3n observada del universo se halla entonces en el colapso del espacio y el tiempo de diez dimensiones. Seg\u00fan la teor\u00eda, las estrellas y las galaxias distantes est\u00e1n alej\u00e1ndose de nosotros a velocidades astron\u00f3micas debido al colapso original del espacio y el tiempo de diez dimensiones.<\/p>\n<p style=\"margin: 0cm 0cm 12pt; text-indent: 1cm; text-align: justify;\">Esta teor\u00eda predice que nuestro universo sigue teniendo un gemelo enano, un universo compa\u00f1ero que se ha enrollado en un peque\u00f1a bola de seis dimensiones (en la escala de Planck) muy peque\u00f1a para ser observada. Ese universo hexadimensional, lejos de ser un ap\u00e9ndice in\u00fatil de nuestro mundo, podr\u00eda ser en \u00faltima instancia nuestra salvaci\u00f3n.<\/p>\n<p><!--more--><\/p>\n<p style=\"margin: 0cm 0cm 12pt; text-indent: 1cm; text-align: justify;\">Para el cosm\u00f3logo, la \u00fanica certeza es que el universo morir\u00e1 un d\u00eda. Algunos creen que la muerte final del universo llegar\u00e1 en la forma del <a href=\"#\" onclick=\"referencia('big crunch',event); return false; return false;\">Big Crunch<\/a>. La gravitaci\u00f3n invertir\u00e1 la expansi\u00f3n c\u00f3smica generada por el <a href=\"#\" onclick=\"referencia('big bang',event); return false;\">Big Bang<\/a> y comprimir\u00e1 las estrellas y las galaxias, de nuevo, en una masa primordial. A medida que las estrellas se contraen, las temperaturas aumentar\u00e1n espectacularmente hasta que toda la materia y la energ\u00eda del universo est\u00e9n concentradas en una colosal bola de <a href=\"#\" onclick=\"referencia('plasma',event); return false;\">plasma<\/a> ardiente que ser\u00e1 el resultado final de la destrucci\u00f3n del universo tal y como lo conocemos.<\/p>\n<p style=\"margin: 0cm 0cm 12pt; text-indent: 1cm; text-align: justify;\">Todas las formas de vida ser\u00e1n borradas de la faz de los mundos que las pudieran contener: evaporados por las enormes temperaturas o aplastados&#8230; no habr\u00e1 escape. Bueno, si para entonces hemos sido capaces de viajar a universos paralelos&#8230;<\/p>\n<p style=\"margin: 0cm 0cm 12pt; text-indent: 1cm; text-align: justify;\">Cient\u00edficos y fil\u00f3sofos, como Charles Darwin y Bertrand Russell, han escrito lament\u00e1ndose de la futilidad de nuestras m\u00edseras existencias, sabiendo que nuestra civilizaci\u00f3n morir\u00e1 inexorablemente cuando llegue el fin de nuestro mundo. Las leyes de la f\u00edsica, aparentemente, llevan la garant\u00eda de una muerte final e irrevocable para todas las formas de vida, inteligente o no, del universo.<\/p>\n<p style=\"margin: 0cm 0cm 12pt; text-indent: 1cm; text-align: justify;\">Yo, como Gerald Feinberg, f\u00edsico de la Universidad de Columbia (ya desaparecido), creo que s\u00ed puede haber, quiz\u00e1 s\u00f3lo una, esperanza de evitar la calamidad final.<\/p>\n<p style=\"margin: 0cm 0cm 12pt; text-indent: 1cm; text-align: justify;\">\u00c9l especul\u00f3 que la vida inteligente, llegando a dominar los misterios del espacio de m\u00e1s dimensiones (para lo que contaban con un poderoso aliado, el tiempo de miles de millones de a\u00f1os), sabr\u00eda utilizar las otras dimensiones para escapar de la cat\u00e1strofe del <a href=\"#\" onclick=\"referencia('big crunch',event); return false; return false;\">Big Crunch<\/a>. En los momentos finales del colapso de nuestro universo, el universo hermano se abrir\u00eda de nuevo y el viaje interdimensional se har\u00eda posible mediante un t\u00fanel en el hiperespacio hay un universo alternativo, evitando as\u00ed la p\u00e9rdida irreparable de la inteligencia de la que somos portadores.<\/p>\n<p style=\"margin: 0cm 0cm 12pt; text-indent: 1cm; text-align: justify;\">Si algo as\u00ed es posible, entonces, desde su santuario en el espacio de m\u00e1s dimensiones, la Humanidad podr\u00eda ser testigo de la muerte del universo que la vio nacer y florecer.<\/p>\n<p style=\"margin: 0cm 0cm 12pt; text-indent: 1cm; text-align: justify;\">Aunque la teor\u00eda de campos demuestra que la energ\u00eda necesaria para crear estas maravillosas distorsiones del espacio y del tiempo est\u00e1 mucho m\u00e1s all\u00e1 de cualquier cosa que pueda imaginar la civilizaci\u00f3n moderna, esto nos plantea dos cuestiones importantes: \u00bfcu\u00e1nto tardar\u00eda nuestra civilizaci\u00f3n, que est\u00e1 creciendo exponencialmente en conocimiento y poder, en alcanzar el punto de dominar la teor\u00eda del hiperespacio?, y \u00bfqu\u00e9 sucede con otras formas de vida inteligentes en el universo que puedan haber alcanzado ya este punto?<\/p>\n<p style=\"margin: 0cm 0cm 12pt; text-indent: 1cm; text-align: justify;\">Lo que hace interesante esta discusi\u00f3n es que cient\u00edficos serios han tratado de cuantificar el progreso de la civilizaci\u00f3n en un futuro lejano, cuando los viajes por el espacio sean una rutina y los sistemas estelares o incluso las galaxias vecinas hayan sido colonizados. Aunque la escala de energ\u00eda necesaria para manipular el hiperespacio es astron\u00f3micamente grande, estos cient\u00edficos se\u00f1alan que el crecimiento del conocimiento cient\u00edfico aumentar\u00e1, sin ninguna duda, de forma exponencial durante los siglos y milenios pr\u00f3ximos, superando las capacidades de las mentes humanas para captarlo (como ocurre ahora con la <a href=\"#\" onclick=\"referencia('supercuerdas teoria',event); return false;\">teor\u00eda M<\/a>, parada en seco, esperando que alguien vea las matem\u00e1ticas necesarias para continuar su desarrollo).<\/p>\n<p style=\"margin: 0cm 0cm 12pt; text-indent: 1cm; text-align: justify;\">Cada 10 \u00f3 15 a\u00f1os el conocimiento cient\u00edfico se doblar\u00e1, crecer\u00e1 el cien por ciento, as\u00ed que el avance superar\u00e1 todas las previsiones. Tecnolog\u00edas que hoy s\u00f3lo son un sue\u00f1o (la energ\u00eda de fusi\u00f3n, o en rob\u00f3tica, los cerebros positr\u00f3nicos), ser\u00e1n realidad en un tiempo muy corto en el futuro. Quiz\u00e1 entonces podamos discutir con cierto sentido la cuesti\u00f3n de si podremos o no ser se\u00f1ores del hiperespacio.<\/p>\n<p style=\"margin: 0cm 0cm 12pt; text-indent: 1cm; text-align: justify;\">Viaje en el tiempo, universos paralelos, ventana dimensional&#8230; \u00a1sue\u00f1os!<\/p>\n<p style=\"margin: 0cm 0cm 12pt; text-indent: 1cm; text-align: justify;\">Mucho nos queda por recorrer antes de que seamos capaces de aprovechar energ\u00edas gravitacionales de <a href=\"#\" onclick=\"referencia('agujero negro',event); return false;\">agujeros negros<\/a>.<\/p>\n<p style=\"margin: 0cm 0cm 12pt; text-indent: 1cm; text-align: justify;\">Georg Bernhard Riemann lo empez\u00f3 todo. Es el responsable del descubrimiento del espacio multidimensional. Anticipando el siglo siguiente de progreso cient\u00edfico, Riemann fue el primero en afirmar que la naturaleza encuentra su \u00e1mbito natural en la geometr\u00eda del espacio multidimensional, y gracias a su visi\u00f3n inicial, pudieron <a href=\"#\" onclick=\"referencia('plasma',event); return false;\">plasma<\/a>rse en realidad teor\u00edas como las de la <a href=\"#\" onclick=\"referencia('relatividad',event); return false;\">relatividad<\/a> general de <a href=\"#\" onclick=\"referencia('einstein',event); return false;\">Einstein<\/a>, en cuatro dimensiones, la de <a href=\"#\" onclick=\"referencia('kaluza klein',event); return false;\">Kaluza-Klein<\/a>, en cinco dimensiones, o la m\u00e1s reciente teor\u00eda de cuerdas de diez dimensiones.<\/p>\n<p style=\"margin: 0cm 0cm 12pt; text-indent: 1cm; text-align: justify;\">El nombrarlo aqu\u00ed es s\u00f3lo cuesti\u00f3n de justicia. No podemos hablar de espacios multidimensionales sin nombrar a Riemann que, nacido el 17 de septiembre de 1.826, con su golpe maestro al dar aquella conferencia en la facultad de la universidad de Gotinga en Alemania, dej\u00f3 pasar un rayo de luz a todas las mentes cient\u00edficas, no ya de su propio tiempo, sino a las del siglo siguiente.<\/p>\n<p style=\"margin: 0cm 0cm 12pt; text-indent: 1cm; text-align: justify;\">Bien es verdad que, de momento, nuestras mentes s\u00f3lo son capaces de percibir el universo de cuatro dimensiones, tres espaciales y una temporal, con las que cotidianamente nos desenvolvemos. Esto quiere decir que s\u00f3lo hemos sido capaces de reproducir las dimensiones m\u00e1s altas en la teor\u00eda de los n\u00fameros, y nuestras mentes (al menos la m\u00eda) por mucho que lo intente, no son capaces de <em style=\"mso-bidi-font-style: normal;\">ver<\/em> un mundo de m\u00e1s dimensiones; no podemos. Tenemos que evolucionar para poder captar ese nuevo universo de m\u00e1s dimensiones que acoger\u00eda, sin crear problemas, todas las cuestiones cient\u00edficas hoy antag\u00f3nicas, como la <a href=\"#\" onclick=\"referencia('relatividad',event); return false;\">relatividad<\/a> general y la mec\u00e1nica cu\u00e1ntica.<\/p>\n<p style=\"margin: 0cm 0cm 12pt; text-indent: 1cm; text-align: justify;\">Habitualmente ocurre que podemos tener un genio delante nuestra y no sabemos verlo. Jacob Bronowski escribi\u00f3:<\/p>\n<blockquote>\n<p style=\"margin: 0cm 0cm 12pt; text-indent: 1cm; text-align: justify;\">&#8220;El genio de hombres como <a href=\"#\" onclick=\"referencia('newton',event); return false;\">Newton<\/a> y <a href=\"#\" onclick=\"referencia('einstein',event); return false;\">Einstein<\/a> reside en que saben hacer preguntas inocentes y transparentes que resultan tener respuestas revolucionarias.&#8221;<\/p>\n<\/blockquote>\n<p style=\"margin: 0cm 0cm 12pt; text-indent: 1cm; text-align: justify;\"><a href=\"#\" onclick=\"referencia('einstein',event); return false;\">Einstein<\/a> era un hombre que pod\u00eda plantear cuestiones tremendamente simples, como por ejemplo, \u00bfqu\u00e9 aspecto tendr\u00eda un rayo de luz si uno pudiera alcanzarlo? As\u00ed de sencillas o de complicadas pueden ser las cosas, s\u00f3lo se trata de qui\u00e9n responda a la pregunta. \u00bfCu\u00e1ntos con mejor o peor fortuna han tratado de explicar lo que es el tiempo? Lo vemos o sentimos pasar ante nuestros ojos, transcurre incesante, nos trae en d\u00eda y la noche una y otra vez, pasan los a\u00f1os con el transcurso del tiempo, \u00bfpero qu\u00e9 es? \u00a1Hay tantas cosas que no sabemos explicar que, si lo pensamos, terminamos profundamente frustrados!<\/p>\n<p style=\"margin: 0cm 0cm 12pt; text-indent: 1cm; text-align: justify;\">Ya se ha contado muchas veces que, en 1.905, disponiendo de mucho tiempo libre en la oficina de patentes, <a href=\"#\" onclick=\"referencia('einstein',event); return false;\">Einstein<\/a> analiz\u00f3 cuidadosamente las ecuaciones de campo de Maxwell, le a\u00f1adi\u00f3 algunos ingredientes de Lorente y Poincar\u00e9 y fue llevado a postular el principio de la <a href=\"#\" onclick=\"referencia('relatividad',event); return false;\">relatividad<\/a> especial: la velocidad de la luz es la misma en todos los sistemas de referencia en movimiento uniforme. El principio de apariencia inocente es uno de los mayores logros de la mente humana. Algunos han dicho que, junto con la ley de gravitaci\u00f3n de <a href=\"#\" onclick=\"referencia('newton',event); return false;\">Newton<\/a>, se sit\u00faa como una de las m\u00e1s grandes creaciones cient\u00edficas de todos los tiempos.<\/p>\n<p style=\"margin: 0cm 0cm 12pt; text-indent: 1cm; text-align: justify;\">Muchos han sido los aspectos interesantes deducidos a partir de la teor\u00eda relativista especial, y el que m\u00e1s ha llamado siempre mi atenci\u00f3n es aquel que nos dice que el tiempo es la cuarta dimensi\u00f3n y que las leyes de la naturaleza se simplifican y unifican en dimensiones m\u00e1s altas.<\/p>\n<p style=\"margin: 0cm 0cm 12pt; text-indent: 1cm; text-align: justify;\">Fue <a href=\"#\" onclick=\"referencia('minkowski',event); return false;\">Minkowski<\/a>, un antiguo profesor de <a href=\"#\" onclick=\"referencia('einstein',event); return false;\">Einstein<\/a>, el que, al leer la teor\u00eda de \u00e9ste, introdujo el concepto de cuarta dimensi\u00f3n referida al tiempo y super\u00f3 as\u00ed el concepto de tiempo que se remontaba hasta Arist\u00f3teles. El espacio y el tiempo quedaron as\u00ed irremediablemente unidos como espaciotiempo. As\u00ed pasamos de un mundo de tres dimensiones a un universo de cuatro. La mente humana pas\u00f3 entonces a tener una visi\u00f3n m\u00e1s amplia del universo. Tambi\u00e9n cambiaron conceptos como los de la masa y la energ\u00eda, que resultaron ser la misma cosa. \u00bfY qu\u00e9 decir de la posibilidad real de frenar el paso del tiempo al viajar a velocidades relativistas? \u00a1Son tantas maravillas!<\/p>\n<p style=\"margin: 0cm 0cm 12pt; text-indent: 1cm; text-align: justify;\">Para ver c\u00f3mo dimensiones m\u00e1s altas simplifican las leyes de la naturaleza, recordemos que un objeto tiene longitud, anchura y altura. Puesto que tenemos libertad para girar un objeto 90\u00ba, podemos transformar su longitud en anchura y su anchura el altura. Mediante una simple rotaci\u00f3n, podemos intercambiar cualquiera de las tres dimensiones espaciales. Ahora bien, si el tiempo es la cuarta dimensi\u00f3n, entonces es posible hacer &#8220;rotaciones&#8221; que convierten el espacio en tiempo y el tiempo en espacio. Estas rotaciones tetradimensionales son precisamente las distorsiones del espacio y del tiempo exigidas por la <a href=\"#\" onclick=\"referencia('relatividad',event); return false;\">relatividad<\/a> especial. En otras palabras, espacio y tiempo se mezclan de una forma esencial, gobernada por la <a href=\"#\" onclick=\"referencia('relatividad',event); return false;\">relatividad<\/a>. El significado del tiempo como la cuarta dimensi\u00f3n es que pueden hacerse rotaciones entre el tiempo y el espacio de una forma matem\u00e1ticamente precisa. A partir de entonces, deben ser tratados como dos aspectos de la misma magnitud: el espacio-tiempo. As\u00ed han quedado unificadas las leyes de la naturaleza al pasar de tres a cuatro dimensiones.<\/p>\n<p style=\"margin: 0cm 0cm 12pt; text-indent: 1cm; text-align: justify;\">La discusi\u00f3n de la unificaci\u00f3n de las leyes de la naturaleza fue m\u00e1s bien abstracta, y lo habr\u00eda seguido siendo si <a href=\"#\" onclick=\"referencia('einstein',event); return false;\">Einstein<\/a> no hubiese dado el siguiente paso decisivo. \u00c9l comprendi\u00f3 que si el espacio y el tiempo pueden unificarse en una sola entidad, llamada espaciotiempo, entonces quiz\u00e1 la materia y la energ\u00eda pueden unirse tambi\u00e9n en una relaci\u00f3n dial\u00e9ctica. Si las reglas pueden contraerse y los relojes pueden frenarse, razon\u00f3, entonces cualquier cosa que midamos con regla y relojes tambi\u00e9n debe cambiar.<\/p>\n<p style=\"margin: 0cm 0cm 12pt; text-indent: 1cm; text-align: justify;\">Sin embargo, casi todo en el laboratorio de un f\u00edsico se mide con regla y relojes. Esto significa que los f\u00edsicos tendr\u00edan que recalibrar todas las magnitudes del laboratorio que una vez dieron por hecho que eran constantes.<\/p>\n<p style=\"margin: 0cm 0cm 12pt; text-indent: 1cm; text-align: justify;\">En concreto, la energ\u00eda es una cantidad que depende de c\u00f3mo midamos las distancias y los intervalos de tiempo. Un autom\u00f3vil de prueba que choca a gran velocidad contra una pared de ladrillos tiene obviamente energ\u00eda. No obstante, si el veloz autom\u00f3vil se aproxima a la velocidad de la luz, sus propiedades de distorsionan. Se contrae como un acorde\u00f3n y los relojes en su interior se frenan. Lo que es m\u00e1s importante, <a href=\"#\" onclick=\"referencia('einstein',event); return false;\">Einstein<\/a> descubri\u00f3 que la masa del autom\u00f3vil tambi\u00e9n aumenta cuando se acelera. Pero, \u00bfde d\u00f3nde procede este exceso de masa?, y \u00e9l concluy\u00f3 que proced\u00eda de la energ\u00eda.<\/p>\n<p style=\"margin: 0cm 0cm 12pt; text-indent: 1cm; text-align: justify;\">Esto tuvo consecuencias perturbadoras. Dos de los grandes descubrimientos de la f\u00edsica del siglo XIX fueron la conservaci\u00f3n de la masa y la conservaci\u00f3n de la energ\u00eda; es decir, la masa total y la energ\u00eda total de un sistema cerrado, tomados por separado, no cambian. Por ejemplo, si el coche veloz choca contra el muro de ladrillos, la energ\u00eda del autom\u00f3vil no desaparece, sino que se convierte en energ\u00eda sonora del choque, energ\u00eda cin\u00e9tica de los fragmentos de ladrillo que vuelan por los aires, energ\u00eda calor\u00edfica, y as\u00ed sucesivamente. La energ\u00eda total (y la masa total) antes y despu\u00e9s del choque es la misma.<\/p>\n<p style=\"margin: 0cm 0cm 12pt; text-indent: 1cm; text-align: justify;\">Sin embargo, <a href=\"#\" onclick=\"referencia('einstein',event); return false;\">Einstein<\/a> dec\u00eda ahora que la energ\u00eda del autom\u00f3vil podr\u00eda convertirse en masa (un nuevo principio de conservaci\u00f3n que dec\u00eda que la suma total de la masa y la energ\u00eda debe siempre permanecer constante). La materia no desaparece repentinamente, ni la energ\u00eda brota de la nada. En este sentido, la materia desaparece s\u00f3lo para liberar enormes cantidades de energ\u00eda o viceversa.<\/p>\n<p style=\"margin: 0cm 0cm 12pt; text-indent: 1cm; text-align: justify;\">Cuando <a href=\"#\" onclick=\"referencia('einstein',event); return false;\">Einstein<\/a> ten\u00eda 26 a\u00f1os, calcul\u00f3 exactamente c\u00f3mo deb\u00eda cambiar la energ\u00eda si el principio de la <a href=\"#\" onclick=\"referencia('relatividad',event); return false;\">relatividad<\/a> era correcto, y descubri\u00f3 la relaci\u00f3n <em style=\"mso-bidi-font-style: normal;\">E = mc<sup>2<\/sup><\/em>. Puesto que la velocidad de la luz al cuadrado (<em style=\"mso-bidi-font-style: normal;\">c<sup>2<\/sup><\/em>) es un n\u00famero astron\u00f3micamente grande, una peque\u00f1a cantidad de materia puede liberar una enorme cantidad de energ\u00eda. Dentro de las part\u00edculas m\u00e1s peque\u00f1as de materia hay un almac\u00e9n de energ\u00eda, m\u00e1s de un mill\u00f3n de veces la energ\u00eda liberada en una explosi\u00f3n qu\u00edmica. La materia, en cierto sentido, puede verse como un dep\u00f3sito casi inagotable de energ\u00eda; es decir, la materia es en realidad energ\u00eda condensada.<\/p>\n<p style=\"margin: 0cm 0cm 12pt; text-indent: 1cm; text-align: justify;\"><a href=\"#\" onclick=\"referencia('einstein',event); return false;\">Einstein<\/a> supo ver que las dimensiones m\u00e1s altas tienen un prop\u00f3sito: unificar los principios de la naturaleza. Al a\u00f1adir dimensiones m\u00e1s altas pod\u00eda unir conceptos f\u00edsicos que, en un mundo tridimensional, no tienen relaci\u00f3n, tales como la materia y la energ\u00eda o el espacio y el tiempo, que gracias a la cuarta dimensi\u00f3n de la <a href=\"#\" onclick=\"referencia('relatividad',event); return false;\">relatividad<\/a> especial, quedaron unificados.<\/p>\n<p style=\"margin: 0cm 0cm 12pt; text-indent: 1cm; text-align: justify;\">Desde entonces, estos conceptos los tenemos que clasificar no por separado, sino siempre juntos como dos aspectos de un mismo ente materia-energ\u00eda por una parte y espacio-tiempo por otra. El impacto directo del trabajo de <a href=\"#\" onclick=\"referencia('einstein',event); return false;\">Einstein<\/a> sobre la cuarta dimensi\u00f3n fue, por supuesto, la bomba de hidr\u00f3geno, que se ha mostrado la m\u00e1s poderosa creaci\u00f3n de la ciencia del siglo XX, claro que en contra del criterio de <a href=\"#\" onclick=\"referencia('einstein',event); return false;\">Einstein<\/a>, que era pacifista y nunca quiso participar en proyectos de esta \u00edndole.<\/p>\n<p style=\"margin: 0cm 0cm 12pt; text-indent: 1cm; text-align: justify;\"><a href=\"#\" onclick=\"referencia('einstein',event); return false;\">Einstein<\/a> complet\u00f3 su teor\u00eda de la <a href=\"#\" onclick=\"referencia('relatividad',event); return false;\">relatividad<\/a> con un segundo trabajo, que al menos en parte, estaba inspirado por lo que se conoce como <em style=\"mso-bidi-font-style: normal;\"><a href=\"#\" onclick=\"referencia('mach principio de',event); return false;\">principio de Mach<\/a><\/em>; la gu\u00eda que us\u00f3 <a href=\"#\" onclick=\"referencia('einstein',event); return false;\">Einstein<\/a> para crear esta secuela final y completar su teor\u00eda de la <a href=\"#\" onclick=\"referencia('relatividad',event); return false;\">relatividad<\/a> general.<\/p>\n<p style=\"margin: 0cm 0cm 12pt; text-indent: 1cm; text-align: justify;\"><a href=\"#\" onclick=\"referencia('einstein',event); return false;\">Einstein<\/a> enunci\u00f3 que la presencia de materia-energ\u00eda determina la curvatura del espacio-tiempo a su alrededor. \u00c9sta es la esencia del principio f\u00edsico que Riemann no logr\u00f3 descubrir: la curvatura del espacio est\u00e1 directamente relacionada con la cantidad de energ\u00eda y materia contenida en dicho espacio. Esto, a su vez, puede resumirse en la famosa ecuaci\u00f3n de <a href=\"#\" onclick=\"referencia('einstein',event); return false;\">Einstein<\/a>, que se denota:<\/p>\n<p style=\"margin: 0cm 0cm 12pt; text-align: center;\" align=\"center\"><img decoding=\"async\" loading=\"lazy\" class=\"alignnone size-full wp-image-401\" title=\"einstein-tensor\" src=\"http:\/\/www.emiliosilveravazquez.com\/blog\/wp-content\/uploads\/2008\/07\/einstein-tensor.gif\" alt=\"einstein-tensor\" width=\"123\" height=\"31\" \/><\/p>\n<p style=\"margin: 0cm 0cm 12pt; text-indent: 1cm; text-align: justify;\">Esta ecuaci\u00f3n enga\u00f1osamente corta es uno de los mayores triunfos de la mente humana. De ella emergen los principios que hay tras los movimientos de las estrellas y galaxias, los <a href=\"#\" onclick=\"referencia('agujero negro',event); return false;\">agujeros negros<\/a>, el <a href=\"#\" onclick=\"referencia('big bang',event); return false;\">Big Bang<\/a>, y seguramente, el propio destino del universo.<\/p>\n<p style=\"margin: 0cm 0cm 12pt; text-indent: 1cm; text-align: right;\"><em>emilio silvera<\/em><\/p>\n<div class='bookmark'>\r\n\t\t<table align='left' border='0' cellpadding='0' width='100%'>\r\n\t\t<tr><td><span class='pushbutton'><a href='http:\/\/delicious.com\/post?url=http%3A%2F%2Fwww.emiliosilveravazquez.com%2Fblog%2F2012%2F10%2F16%2Fnuevas-teorias-y-conceptos-nuevas-dimensiones%2F&amp;title=Nuevas+teor%C3%ADas+y+conceptos%3A+Nuevas+dimensiones.' title='Delicious' target='_blank' rel='nofollow'><img src='http:\/\/www.emiliosilveravazquez.com\/blog\/wp-content\/plugins\/knxdt-bookmarks-wordpress-plugin\/images\/delicious.png'  alt='' class='book_img' border='none' style='margin:1px; padding: 0;'  \/><\/a><\/span><span class='pushbutton'><a href='http:\/\/digg.com\/submit?url=http%3A%2F%2Fwww.emiliosilveravazquez.com%2Fblog%2F2012%2F10%2F16%2Fnuevas-teorias-y-conceptos-nuevas-dimensiones%2F&amp;title=Nuevas+teor%C3%ADas+y+conceptos%3A+Nuevas+dimensiones.' title='Digg' target='_blank' rel='nofollow'><img src='http:\/\/www.emiliosilveravazquez.com\/blog\/wp-content\/plugins\/knxdt-bookmarks-wordpress-plugin\/images\/digg.png'  alt='' class='book_img' border='none' style='margin:1px; padding: 0;'  \/><\/a><\/span><span class='pushbutton'><a href='http:\/\/www.google.com\/bookmarks\/mark?op=edit&amp;bkmk=http%3A%2F%2Fwww.emiliosilveravazquez.com%2Fblog%2F2012%2F10%2F16%2Fnuevas-teorias-y-conceptos-nuevas-dimensiones%2F&amp;title=Nuevas+teor%C3%ADas+y+conceptos%3A+Nuevas+dimensiones.' title='Google' target='_blank' rel='nofollow'><img src='http:\/\/www.emiliosilveravazquez.com\/blog\/wp-content\/plugins\/knxdt-bookmarks-wordpress-plugin\/images\/google.png'   alt='' class='book_img' border='none' style='margin:1px; padding: 0;'  \/><\/a><\/span><span class='pushbutton'><a href='http:\/\/myweb2.search.yahoo.com\/myresults\/bookmarklet?u=http%3A%2F%2Fwww.emiliosilveravazquez.com%2Fblog%2F2012%2F10%2F16%2Fnuevas-teorias-y-conceptos-nuevas-dimensiones%2F&amp;t=Nuevas+teor%C3%ADas+y+conceptos%3A+Nuevas+dimensiones.' title='Yahoo' target='_blank' rel='nofollow'><img src='http:\/\/www.emiliosilveravazquez.com\/blog\/wp-content\/plugins\/knxdt-bookmarks-wordpress-plugin\/images\/yahoo.png'  alt='' class='book_img' border='none' style='margin:1px; padding: 0;'  \/><\/a><\/span><span class='pushbutton'><a href='http:\/\/www.technorati.com\/faves?add=http%3A%2F%2Fwww.emiliosilveravazquez.com%2Fblog%2F2012%2F10%2F16%2Fnuevas-teorias-y-conceptos-nuevas-dimensiones%2F' title='Technorati' target='_blank' rel='nofollow'><img src='http:\/\/www.emiliosilveravazquez.com\/blog\/wp-content\/plugins\/knxdt-bookmarks-wordpress-plugin\/images\/technorati.png'  alt='' class='book_img' border='none' style='margin:1px; padding: 0;'  \/><\/a><\/span><span class='pushbutton'><a href='http:\/\/meneame.net\/submit.php?url=http%3A%2F%2Fwww.emiliosilveravazquez.com%2Fblog%2F2012%2F10%2F16%2Fnuevas-teorias-y-conceptos-nuevas-dimensiones%2F' title='Meneame' target='_blank' rel='nofollow'><img src='http:\/\/www.emiliosilveravazquez.com\/blog\/wp-content\/plugins\/knxdt-bookmarks-wordpress-plugin\/images\/meneame.png'  alt='' class='book_img' border='none' style='margin:1px; padding: 0;'  \/><\/a><\/span><span class='pushbutton'><a href='http:\/\/enchilame.com\/submit.php?url=http:\/\/www.emiliosilveravazquez.com\/blog\/2012\/10\/16\/nuevas-teorias-y-conceptos-nuevas-dimensiones\/' target='_blank' rel='nofollow'><img title='Enchilame' src='http:\/\/www.emiliosilveravazquez.com\/blog\/wp-content\/plugins\/knxdt-bookmarks-wordpress-plugin\/images\/enchilame.png'  alt='' class='book_img' border='none' style='margin:1px; padding: 0;'  \/><\/a><\/span><span class='pushbutton'><a href='http:\/\/www.blinklist.com\/index.php?Action=Blink\/addblink.php&amp;Description=&amp;Url=http%3A%2F%2Fwww.emiliosilveravazquez.com%2Fblog%2F2012%2F10%2F16%2Fnuevas-teorias-y-conceptos-nuevas-dimensiones%2F&amp;title=Nuevas+teor%C3%ADas+y+conceptos%3A+Nuevas+dimensiones.' title='BlinkList' target='_blank' rel='nofollow'><img src='http:\/\/www.emiliosilveravazquez.com\/blog\/wp-content\/plugins\/knxdt-bookmarks-wordpress-plugin\/images\/blinklist.png'  alt='' class='book_img' border='none' style='margin:1px; padding: 0;'  \/><\/a><\/span><span class='pushbutton'><a href='http:\/\/reddit.com\/submit?url=http%3A%2F%2Fwww.emiliosilveravazquez.com%2Fblog%2F2012%2F10%2F16%2Fnuevas-teorias-y-conceptos-nuevas-dimensiones%2F&amp;title=Nuevas+teor%C3%ADas+y+conceptos%3A+Nuevas+dimensiones.' title='Reddit' target='_blank' rel='nofollow'><img src='http:\/\/www.emiliosilveravazquez.com\/blog\/wp-content\/plugins\/knxdt-bookmarks-wordpress-plugin\/images\/reddit.png'  alt='' class='book_img' border='none' style='margin:1px; padding: 0;'  \/><\/a><\/span><span class='pushbutton'><a href='http:\/\/www.tecnologiadiaria.com\/2009\/07\/abrir-com-hotmail-correo.html' target='_blank' title='hotmail'><img src='http:\/\/www.emiliosilveravazquez.com\/blog\/wp-content\/plugins\/knxdt-bookmarks-wordpress-plugin\/images\/linklove.png' alt='hotmail correo' class='book_img' border='none' style='margin:1px; padding: 0;' \/><\/a><\/span><span class='pushbutton'><a href='http:\/\/bitacoras.com\/votar\/anotacion\/externo\/mini\/www.emiliosilveravazquez.com\/blog\/2012\/10\/16\/nuevas-teorias-y-conceptos-nuevas-dimensiones\/' title='Bitacoras.com' target='_blank' rel='nofollow'><img src='http:\/\/www.emiliosilveravazquez.com\/blog\/wp-content\/plugins\/knxdt-bookmarks-wordpress-plugin\/images\/bitacoras.png'  alt='' class='book_img' border='none' style='margin:1px; padding: 0;'  \/><\/a><\/span><span class='pushbutton'><a href='http:\/\/www.wikio.es\/vote?url=http%3A%2F%2Fwww.emiliosilveravazquez.com%2Fblog%2F2012%2F10%2F16%2Fnuevas-teorias-y-conceptos-nuevas-dimensiones%2F' title='Wikio' target='_blank' rel='nofollow'><img src='http:\/\/www.emiliosilveravazquez.com\/blog\/wp-content\/plugins\/knxdt-bookmarks-wordpress-plugin\/images\/wikio.png'   alt='' class='book_img' border='none' style='margin:1px; padding: 0;'   \/><\/a><\/span><span class='pushbutton'><a href='http:\/\/friendfeed.com\/?url=http%3A%2F%2Fwww.emiliosilveravazquez.com%2Fblog%2F2012%2F10%2F16%2Fnuevas-teorias-y-conceptos-nuevas-dimensiones%2F&amp;title=Nuevas+teor%C3%ADas+y+conceptos%3A+Nuevas+dimensiones.' title='Friend Feed' target='_blank' rel='nofollow'><img src='http:\/\/www.emiliosilveravazquez.com\/blog\/wp-content\/plugins\/knxdt-bookmarks-wordpress-plugin\/images\/friendfeed.png'  alt='' class='book_img' border='none' style='margin:1px; padding: 0;'  \/><\/a><\/span><span class='pushbutton'><a href='http:\/\/www.facebook.com\/share.php?u=http%3A%2F%2Fwww.emiliosilveravazquez.com%2Fblog%2F2012%2F10%2F16%2Fnuevas-teorias-y-conceptos-nuevas-dimensiones%2F&amp;t=Nuevas+teor%C3%ADas+y+conceptos%3A+Nuevas+dimensiones.' title='Facebook' target='_blank' rel='nofollow'><img src='http:\/\/www.emiliosilveravazquez.com\/blog\/wp-content\/plugins\/knxdt-bookmarks-wordpress-plugin\/images\/facebook.png'  alt='' class='book_img' border='none' style='margin:1px; padding: 0;'  \/><\/a><\/span><span class='pushbutton'><a href='http:\/\/twitter.com\/home?status=Nuevas+teor%C3%ADas+y+conceptos%3A+Nuevas+dimensiones.: http%3A%2F%2Fwww.emiliosilveravazquez.com%2Fblog%2F2012%2F10%2F16%2Fnuevas-teorias-y-conceptos-nuevas-dimensiones%2F' title='Twitter' target='_blank' rel='nofollow'><img src='http:\/\/www.emiliosilveravazquez.com\/blog\/wp-content\/plugins\/knxdt-bookmarks-wordpress-plugin\/images\/twitter.png'  alt='' class='book_img' border='none' style='margin:1px; padding: 0;'  \/><\/a><\/span><span class='pushbutton'><a href='http:\/\/www.feedburner.com\/fb\/a\/emailFlare?itemTitle=Nuevas+teor%C3%ADas+y+conceptos%3A+Nuevas+dimensiones.&amp;uri=http%3A%2F%2Fwww.emiliosilveravazquez.com%2Fblog%2F2012%2F10%2F16%2Fnuevas-teorias-y-conceptos-nuevas-dimensiones%2F' title='Enviar por Email' target='_blank' rel='nofollow'><img src='http:\/\/www.emiliosilveravazquez.com\/blog\/wp-content\/plugins\/knxdt-bookmarks-wordpress-plugin\/images\/email.png'  alt='' class='book_img' border='none' style='margin:1px; padding: 0;'  \/><\/a><\/span><span style='font-weight:bold; padding-left: 5px;'><a href='http:\/\/wordpress.org\/extend\/plugins\/knxdt-bookmarks-wordpress-plugin\/' title='Plugin' rel='nofollow' target='_blank'>[?]<\/a><\/span><\/td><\/tr><\/table><br\/><br\/><\/div>","protected":false},"excerpt":{"rendered":"<p>Seg\u00fan\u00a0una nueva teor\u00eda, antes del Big Bang nuestro cosmos era realmente un universo perfecto de diez dimensiones, decadimensional, un mundo en el que el viaje interdimensional era posible. Sin embargo, ese mundo decadimensional era inestable, y eventualmente se &#8220;rompi\u00f3&#8221; en dos, dando lugar a dos universos separados: un universo de cuatro y otro universo de [&hellip;]<\/p>\n","protected":false},"author":2,"featured_media":0,"comment_status":"open","ping_status":"open","sticky":false,"template":"","format":"standard","meta":{"_s2mail":"yes","footnotes":""},"categories":[6],"tags":[],"_links":{"self":[{"href":"http:\/\/www.emiliosilveravazquez.com\/blog\/wp-json\/wp\/v2\/posts\/1861"}],"collection":[{"href":"http:\/\/www.emiliosilveravazquez.com\/blog\/wp-json\/wp\/v2\/posts"}],"about":[{"href":"http:\/\/www.emiliosilveravazquez.com\/blog\/wp-json\/wp\/v2\/types\/post"}],"author":[{"embeddable":true,"href":"http:\/\/www.emiliosilveravazquez.com\/blog\/wp-json\/wp\/v2\/users\/2"}],"replies":[{"embeddable":true,"href":"http:\/\/www.emiliosilveravazquez.com\/blog\/wp-json\/wp\/v2\/comments?post=1861"}],"version-history":[{"count":0,"href":"http:\/\/www.emiliosilveravazquez.com\/blog\/wp-json\/wp\/v2\/posts\/1861\/revisions"}],"wp:attachment":[{"href":"http:\/\/www.emiliosilveravazquez.com\/blog\/wp-json\/wp\/v2\/media?parent=1861"}],"wp:term":[{"taxonomy":"category","embeddable":true,"href":"http:\/\/www.emiliosilveravazquez.com\/blog\/wp-json\/wp\/v2\/categories?post=1861"},{"taxonomy":"post_tag","embeddable":true,"href":"http:\/\/www.emiliosilveravazquez.com\/blog\/wp-json\/wp\/v2\/tags?post=1861"}],"curies":[{"name":"wp","href":"https:\/\/api.w.org\/{rel}","templated":true}]}}