{"id":18598,"date":"2017-07-21T05:10:40","date_gmt":"2017-07-21T04:10:40","guid":{"rendered":"http:\/\/www.emiliosilveravazquez.com\/blog\/?p=18598"},"modified":"2017-07-21T05:10:40","modified_gmt":"2017-07-21T04:10:40","slug":"%c2%a1senales","status":"publish","type":"post","link":"http:\/\/www.emiliosilveravazquez.com\/blog\/2017\/07\/21\/%c2%a1senales\/","title":{"rendered":"\u00a1Se\u00f1ales!"},"content":{"rendered":"<div id=\"js-slider-item-0\" data-site=\"news\" data-link=\"https:\/\/es.noticias.yahoo.com\/observatorio-arecibo-capta-extra%C3%B1as-se%C3%B1ales-radio-estrella-roja-181431770.html\" data-title=\"El observatorio de Arecibo capta extra\u00f1as se\u00f1ales de radio desde una estrella roja\" data-spaceid=\"1197793508\" data-cmtallowed=\"\" data-sa=\"&quot;wiki_topics=\\&quot;University_of_Puerto_Rico;Estrella_Roja_FC;Arecibo,_Puerto_Rico\\&quot; ctopid=\\&quot;1985000;1988000\\&quot; hashtag=\\&quot;1985000;1988000\\&quot; rs=\\&quot;lmsid:a077000000MEChMAAX;revsp:efe.com.es;lpstaid:dbb1602e-ef44-3410-a8a6-099e04a3f1cb;pt:content;pct:story;pd:modal;ver:mega\\&quot;&quot;\" data-commentsnamespace=\"yahoo_content\" data-entities=\"WIKIID:University_of_Puerto_Rico|YCT:001000742\" data-id=\"dbb1602e-ef44-3410-a8a6-099e04a3f1cb\" data-hosted=\"true\" data-type=\"story\">\n<div id=\"content-modal-0\">\n<div style=\"text-align: justify;\"><span style=\"font-size: large;\">Noticias<\/span><\/div>\n<div style=\"text-align: justify;\">\n<h1 id=\"modal-header\">El observatorio de Arecibo capta extra\u00f1as se\u00f1ales de radio desde una estrella roja<\/h1>\n<\/div>\n<div id=\"yui_3_18_0_3_1500529626831_1721\"><img decoding=\"async\" loading=\"lazy\" id=\"yui_3_18_0_3_1500529626831_1701\" src=\"https:\/\/s.yimg.com\/lo\/api\/res\/1.2\/gOWtAEsGlMBLpm7T6LcG4w--\/YXBwaWQ9eW15O3E9NzU7dz02NDA7c209MTtpbD1wbGFuZQ--\/http:\/\/media.zenfs.com\/es_ES\/News\/efe.com.es\/13201742w.jpg\" alt=\"\" width=\"640\" height=\"426\" data-imageloader-src=\"https:\/\/s.yimg.com\/lo\/api\/res\/1.2\/gOWtAEsGlMBLpm7T6LcG4w--\/YXBwaWQ9eW15O3E9NzU7dz02NDA7c209MTtpbD1wbGFuZQ--\/http:\/\/media.zenfs.com\/es_ES\/News\/efe.com.es\/13201742w.jpg\" \/><\/div>\n<\/div>\n<\/div>\n<div>\n<p style=\"text-align: justify;\">San Juan, 19 jul (EFE).- El Observatorio de Arecibo, municipio situado en la costa norte de Puerto Rico, detect\u00f3 se\u00f1ales de radio desconocidas provenientes de una estrella roja situada a once a\u00f1os luz de la Tierra.<\/p>\n<p style=\"text-align: justify;\">La publicaci\u00f3n digital The Verge dio a conocer en una informaci\u00f3n divulgada esta semana que cient\u00edficos del Observatorio de Arecibo, uno de los m\u00e1s importantes del mundo, detectaron por vez primera las se\u00f1ales durante el pasado mes de mayo.<\/p>\n<p style=\"text-align: justify;\">Los astr\u00f3nomos, que habitualmente observan estrellas rojas de la mitad del tama\u00f1o que el Sol y menos calientes, registraron las se\u00f1ales de radio con origen junto al lugar en que se sit\u00faa una estrella bautizada como Ross 128.<\/p>\n<p style=\"text-align: justify;\">La informaci\u00f3n detalla que por ello se entiende que las se\u00f1ales tienen su origen en la profundidad del Universo, en las cercan\u00edas de la Ross 128.<\/p>\n<p style=\"text-align: justify;\"><img decoding=\"async\" src=\"https:\/\/cde.laprensa.e3.pe\/ima\/0\/0\/1\/5\/7\/157185.jpg\" alt=\"Resultado de imagen de Llegan se\u00f1ales del espacio\" \/><\/p>\n<p style=\"text-align: justify;\">Sin embargo, las se\u00f1ales no son las que los astr\u00f3nomos esperar\u00edan de un estrella, seg\u00fan la opini\u00f3n Abel M\u00e9ndez, director del Laboratorio Planetario en el Campus de Arecibo de la Universidad de Puerto Rico.<\/p>\n<p style=\"text-align: justify;\">El cient\u00edfico se\u00f1ala que las se\u00f1ales pudieran proceder de destellos solares con origen en Ross 128, pero las ondas radiales de destellos se producen en frecuencias m\u00e1s bajas que las detectadas en el Observatorio de Arecibo.<\/p>\n<p style=\"text-align: justify;\">Tambi\u00e9n baraja la posibilidad de que tengan su origen en alg\u00fan sat\u00e9lite en \u00f3rbita alrededor de la Tierra, aunque no es lo m\u00e1s probable, dado que nunca antes un sat\u00e9lite hab\u00eda producido una se\u00f1al de esta naturaleza.<\/p>\n<p style=\"text-align: justify;\">De lo que s\u00ed est\u00e1 seguro es de que las se\u00f1ales tienen su origen en el espacio profundo, dada su estructura.<\/p>\n<p style=\"text-align: justify;\">M\u00e9ndez indic\u00f3 que las se\u00f1ales provienen de diferentes frecuencias y llegan a la Tierra en momentos diferentes.<\/p>\n<p style=\"text-align: justify;\">Matiz\u00f3 que las se\u00f1ales de Ross 128 dieron evidencia de haber viajado mucho tiempo a trav\u00e9s del espacio, ya que una onda que viaja hacia la Tierra se encontrar\u00e1 con peque\u00f1as part\u00edculas en el espacio interestelar, lo que hace que se ralentice.<\/p>\n<p style=\"text-align: justify;\">Es un efecto conocido como dispersi\u00f3n, y se vuelve m\u00e1s pronunciado cuanto m\u00e1s tiempo una se\u00f1al ha estado viajando a trav\u00e9s del espacio, dijo.<\/p>\n<p style=\"text-align: justify;\"><img decoding=\"async\" src=\"https:\/\/cdnmundo1.img.sputniknews.com\/images\/105685\/18\/1056851836.jpg\" alt=\"Imagen relacionada\" \/><\/p>\n<p style=\"text-align: justify;\">La se\u00f1al de Ross 128 no se corresponde con una fuga solar anterior, por lo que podr\u00eda ser un tipo totalmente nuevo de llamarada solar nunca antes visto.<\/p>\n<p style=\"text-align: justify;\">Por supuesto, seg\u00fan coment\u00f3 M\u00e9ndez, siempre existe la tentadora opci\u00f3n de atribuir el hecho a los alien\u00edgenas, tal y como se hace en las ocasiones en las que no hay explicaci\u00f3n clara para ciertos hechos cient\u00edficos.<\/p>\n<p style=\"text-align: justify;\">El pasado fin de semana M\u00e9ndez y su equipo en Arecibo tuvieron la oportunidad de observar de nuevo a la estrella, dos meses despu\u00e9s de que se detectaran las primeras se\u00f1ales.<\/p>\n<p style=\"text-align: justify;\">El equipo investiga las se\u00f1ales y espera tener nuevos detalles este fin de semana o a principios de la pr\u00f3xima semana.<\/p>\n<p id=\"yui_3_18_0_3_1500529626831_2077\" style=\"text-align: justify;\">Son optimistas sobre el hecho de que la informaci\u00f3n recibida hasta ahora les ayudar\u00e1 a analizar de d\u00f3nde viene la se\u00f1al.<\/p>\n<\/div>\n<div class='bookmark'>\r\n\t\t<table align='left' border='0' cellpadding='0' width='100%'>\r\n\t\t<tr><td><span class='pushbutton'><a href='http:\/\/delicious.com\/post?url=http%3A%2F%2Fwww.emiliosilveravazquez.com%2Fblog%2F2017%2F07%2F21%2F%25c2%25a1senales%2F&amp;title=%C2%A1Se%C3%B1ales%21' title='Delicious' target='_blank' rel='nofollow'><img src='http:\/\/www.emiliosilveravazquez.com\/blog\/wp-content\/plugins\/knxdt-bookmarks-wordpress-plugin\/images\/delicious.png'  alt='' class='book_img' border='none' style='margin:1px; padding: 0;'  \/><\/a><\/span><span class='pushbutton'><a href='http:\/\/digg.com\/submit?url=http%3A%2F%2Fwww.emiliosilveravazquez.com%2Fblog%2F2017%2F07%2F21%2F%25c2%25a1senales%2F&amp;title=%C2%A1Se%C3%B1ales%21' title='Digg' target='_blank' rel='nofollow'><img src='http:\/\/www.emiliosilveravazquez.com\/blog\/wp-content\/plugins\/knxdt-bookmarks-wordpress-plugin\/images\/digg.png'  alt='' class='book_img' border='none' style='margin:1px; padding: 0;'  \/><\/a><\/span><span class='pushbutton'><a href='http:\/\/www.google.com\/bookmarks\/mark?op=edit&amp;bkmk=http%3A%2F%2Fwww.emiliosilveravazquez.com%2Fblog%2F2017%2F07%2F21%2F%25c2%25a1senales%2F&amp;title=%C2%A1Se%C3%B1ales%21' title='Google' target='_blank' rel='nofollow'><img src='http:\/\/www.emiliosilveravazquez.com\/blog\/wp-content\/plugins\/knxdt-bookmarks-wordpress-plugin\/images\/google.png'   alt='' class='book_img' border='none' style='margin:1px; padding: 0;'  \/><\/a><\/span><span class='pushbutton'><a href='http:\/\/myweb2.search.yahoo.com\/myresults\/bookmarklet?u=http%3A%2F%2Fwww.emiliosilveravazquez.com%2Fblog%2F2017%2F07%2F21%2F%25c2%25a1senales%2F&amp;t=%C2%A1Se%C3%B1ales%21' title='Yahoo' target='_blank' rel='nofollow'><img src='http:\/\/www.emiliosilveravazquez.com\/blog\/wp-content\/plugins\/knxdt-bookmarks-wordpress-plugin\/images\/yahoo.png'  alt='' class='book_img' border='none' style='margin:1px; padding: 0;'  \/><\/a><\/span><span class='pushbutton'><a href='http:\/\/www.technorati.com\/faves?add=http%3A%2F%2Fwww.emiliosilveravazquez.com%2Fblog%2F2017%2F07%2F21%2F%25c2%25a1senales%2F' title='Technorati' target='_blank' rel='nofollow'><img src='http:\/\/www.emiliosilveravazquez.com\/blog\/wp-content\/plugins\/knxdt-bookmarks-wordpress-plugin\/images\/technorati.png'  alt='' class='book_img' border='none' style='margin:1px; padding: 0;'  \/><\/a><\/span><span class='pushbutton'><a href='http:\/\/meneame.net\/submit.php?url=http%3A%2F%2Fwww.emiliosilveravazquez.com%2Fblog%2F2017%2F07%2F21%2F%25c2%25a1senales%2F' title='Meneame' target='_blank' rel='nofollow'><img src='http:\/\/www.emiliosilveravazquez.com\/blog\/wp-content\/plugins\/knxdt-bookmarks-wordpress-plugin\/images\/meneame.png'  alt='' class='book_img' border='none' style='margin:1px; padding: 0;'  \/><\/a><\/span><span class='pushbutton'><a href='http:\/\/enchilame.com\/submit.php?url=http:\/\/www.emiliosilveravazquez.com\/blog\/2017\/07\/21\/%c2%a1senales\/' target='_blank' rel='nofollow'><img title='Enchilame' src='http:\/\/www.emiliosilveravazquez.com\/blog\/wp-content\/plugins\/knxdt-bookmarks-wordpress-plugin\/images\/enchilame.png'  alt='' class='book_img' border='none' style='margin:1px; padding: 0;'  \/><\/a><\/span><span class='pushbutton'><a href='http:\/\/www.blinklist.com\/index.php?Action=Blink\/addblink.php&amp;Description=&amp;Url=http%3A%2F%2Fwww.emiliosilveravazquez.com%2Fblog%2F2017%2F07%2F21%2F%25c2%25a1senales%2F&amp;title=%C2%A1Se%C3%B1ales%21' title='BlinkList' target='_blank' rel='nofollow'><img src='http:\/\/www.emiliosilveravazquez.com\/blog\/wp-content\/plugins\/knxdt-bookmarks-wordpress-plugin\/images\/blinklist.png'  alt='' class='book_img' border='none' style='margin:1px; padding: 0;'  \/><\/a><\/span><span class='pushbutton'><a href='http:\/\/reddit.com\/submit?url=http%3A%2F%2Fwww.emiliosilveravazquez.com%2Fblog%2F2017%2F07%2F21%2F%25c2%25a1senales%2F&amp;title=%C2%A1Se%C3%B1ales%21' title='Reddit' target='_blank' rel='nofollow'><img src='http:\/\/www.emiliosilveravazquez.com\/blog\/wp-content\/plugins\/knxdt-bookmarks-wordpress-plugin\/images\/reddit.png'  alt='' class='book_img' border='none' style='margin:1px; padding: 0;'  \/><\/a><\/span><span class='pushbutton'><a href='http:\/\/www.tecnologiadiaria.com\/2009\/07\/abrir-com-hotmail-correo.html' target='_blank' title='hotmail'><img src='http:\/\/www.emiliosilveravazquez.com\/blog\/wp-content\/plugins\/knxdt-bookmarks-wordpress-plugin\/images\/linklove.png' alt='hotmail correo' class='book_img' border='none' style='margin:1px; padding: 0;' \/><\/a><\/span><span class='pushbutton'><a href='http:\/\/bitacoras.com\/votar\/anotacion\/externo\/mini\/www.emiliosilveravazquez.com\/blog\/2017\/07\/21\/%c2%a1senales\/' title='Bitacoras.com' target='_blank' rel='nofollow'><img src='http:\/\/www.emiliosilveravazquez.com\/blog\/wp-content\/plugins\/knxdt-bookmarks-wordpress-plugin\/images\/bitacoras.png'  alt='' class='book_img' border='none' style='margin:1px; padding: 0;'  \/><\/a><\/span><span class='pushbutton'><a href='http:\/\/www.wikio.es\/vote?url=http%3A%2F%2Fwww.emiliosilveravazquez.com%2Fblog%2F2017%2F07%2F21%2F%25c2%25a1senales%2F' title='Wikio' target='_blank' rel='nofollow'><img src='http:\/\/www.emiliosilveravazquez.com\/blog\/wp-content\/plugins\/knxdt-bookmarks-wordpress-plugin\/images\/wikio.png'   alt='' class='book_img' border='none' style='margin:1px; padding: 0;'   \/><\/a><\/span><span class='pushbutton'><a href='http:\/\/friendfeed.com\/?url=http%3A%2F%2Fwww.emiliosilveravazquez.com%2Fblog%2F2017%2F07%2F21%2F%25c2%25a1senales%2F&amp;title=%C2%A1Se%C3%B1ales%21' title='Friend Feed' target='_blank' rel='nofollow'><img src='http:\/\/www.emiliosilveravazquez.com\/blog\/wp-content\/plugins\/knxdt-bookmarks-wordpress-plugin\/images\/friendfeed.png'  alt='' class='book_img' border='none' style='margin:1px; padding: 0;'  \/><\/a><\/span><span class='pushbutton'><a href='http:\/\/www.facebook.com\/share.php?u=http%3A%2F%2Fwww.emiliosilveravazquez.com%2Fblog%2F2017%2F07%2F21%2F%25c2%25a1senales%2F&amp;t=%C2%A1Se%C3%B1ales%21' title='Facebook' target='_blank' rel='nofollow'><img src='http:\/\/www.emiliosilveravazquez.com\/blog\/wp-content\/plugins\/knxdt-bookmarks-wordpress-plugin\/images\/facebook.png'  alt='' class='book_img' border='none' style='margin:1px; padding: 0;'  \/><\/a><\/span><span class='pushbutton'><a href='http:\/\/twitter.com\/home?status=%C2%A1Se%C3%B1ales%21: http%3A%2F%2Fwww.emiliosilveravazquez.com%2Fblog%2F2017%2F07%2F21%2F%25c2%25a1senales%2F' title='Twitter' target='_blank' rel='nofollow'><img src='http:\/\/www.emiliosilveravazquez.com\/blog\/wp-content\/plugins\/knxdt-bookmarks-wordpress-plugin\/images\/twitter.png'  alt='' class='book_img' border='none' style='margin:1px; padding: 0;'  \/><\/a><\/span><span class='pushbutton'><a href='http:\/\/www.feedburner.com\/fb\/a\/emailFlare?itemTitle=%C2%A1Se%C3%B1ales%21&amp;uri=http%3A%2F%2Fwww.emiliosilveravazquez.com%2Fblog%2F2017%2F07%2F21%2F%25c2%25a1senales%2F' title='Enviar por Email' target='_blank' rel='nofollow'><img src='http:\/\/www.emiliosilveravazquez.com\/blog\/wp-content\/plugins\/knxdt-bookmarks-wordpress-plugin\/images\/email.png'  alt='' class='book_img' border='none' style='margin:1px; padding: 0;'  \/><\/a><\/span><span style='font-weight:bold; padding-left: 5px;'><a href='http:\/\/wordpress.org\/extend\/plugins\/knxdt-bookmarks-wordpress-plugin\/' title='Plugin' rel='nofollow' target='_blank'>[?]<\/a><\/span><\/td><\/tr><\/table><br\/><br\/><\/div>","protected":false},"excerpt":{"rendered":"<p>Noticias El observatorio de Arecibo capta extra\u00f1as se\u00f1ales de radio desde una estrella roja San Juan, 19 jul (EFE).- El Observatorio de Arecibo, municipio situado en la costa norte de Puerto Rico, detect\u00f3 se\u00f1ales de radio desconocidas provenientes de una estrella roja situada a once a\u00f1os luz de la Tierra. La publicaci\u00f3n digital The Verge [&hellip;]<\/p>\n","protected":false},"author":2,"featured_media":0,"comment_status":"open","ping_status":"open","sticky":false,"template":"","format":"standard","meta":{"_s2mail":"yes","footnotes":""},"categories":[534],"tags":[],"_links":{"self":[{"href":"http:\/\/www.emiliosilveravazquez.com\/blog\/wp-json\/wp\/v2\/posts\/18598"}],"collection":[{"href":"http:\/\/www.emiliosilveravazquez.com\/blog\/wp-json\/wp\/v2\/posts"}],"about":[{"href":"http:\/\/www.emiliosilveravazquez.com\/blog\/wp-json\/wp\/v2\/types\/post"}],"author":[{"embeddable":true,"href":"http:\/\/www.emiliosilveravazquez.com\/blog\/wp-json\/wp\/v2\/users\/2"}],"replies":[{"embeddable":true,"href":"http:\/\/www.emiliosilveravazquez.com\/blog\/wp-json\/wp\/v2\/comments?post=18598"}],"version-history":[{"count":0,"href":"http:\/\/www.emiliosilveravazquez.com\/blog\/wp-json\/wp\/v2\/posts\/18598\/revisions"}],"wp:attachment":[{"href":"http:\/\/www.emiliosilveravazquez.com\/blog\/wp-json\/wp\/v2\/media?parent=18598"}],"wp:term":[{"taxonomy":"category","embeddable":true,"href":"http:\/\/www.emiliosilveravazquez.com\/blog\/wp-json\/wp\/v2\/categories?post=18598"},{"taxonomy":"post_tag","embeddable":true,"href":"http:\/\/www.emiliosilveravazquez.com\/blog\/wp-json\/wp\/v2\/tags?post=18598"}],"curies":[{"name":"wp","href":"https:\/\/api.w.org\/{rel}","templated":true}]}}