{"id":18518,"date":"2017-07-11T23:24:20","date_gmt":"2017-07-11T22:24:20","guid":{"rendered":"http:\/\/www.emiliosilveravazquez.com\/blog\/?p=18518"},"modified":"2017-07-11T23:24:20","modified_gmt":"2017-07-11T22:24:20","slug":"la-tierra-en-el-preludio-de-su-sexta-extincion-masiva","status":"publish","type":"post","link":"http:\/\/www.emiliosilveravazquez.com\/blog\/2017\/07\/11\/la-tierra-en-el-preludio-de-su-sexta-extincion-masiva\/","title":{"rendered":"La Tierra, en el preludio de su sexta extinci\u00f3n masiva"},"content":{"rendered":"<p><img decoding=\"async\" loading=\"lazy\" src=\"http:\/\/slideplayer.es\/1034023\/2\/images\/7\/Extinci%C3%B3n+del+fin+del+P%C3%A9rmico.jpg\" alt=\"Imagen relacionada\" width=\"478\" height=\"359\" \/><\/p>\n<p>&nbsp;<\/p>\n<p style=\"text-align: justify;\">Un estudio muestra c\u00f3mo el impacto humano est\u00e1 provocando un dr\u00e1stico descenso de las poblaciones de especies animales en todo el planeta<\/p>\n<p style=\"text-align: justify;\">\n<figure><img decoding=\"async\" src=\"http:\/\/www.abc.es\/media\/ciencia\/2017\/07\/10\/144998-k6hD--620x349@abc.jpg\" alt=\"La tala de bosques tropicales ha contribuido a la disminuci\u00f3n de la poblaci\u00f3n en muchos animales, incluido el gib\u00f3n de Borneo\" \/><\/figure>\n<p>&nbsp;<\/p>\n<p>&nbsp;<\/p>\n<p style=\"text-align: justify;\"><figcaption>\u00a0<\/figcaption>&nbsp;<\/p>\n<p>&nbsp;<\/p>\n<p>&nbsp;<\/p>\n<p>La tala de bosques tropicales ha contribuido a la disminuci\u00f3n de la poblaci\u00f3n en muchos animales, incluido el gib\u00f3n de Borneo &#8211; Gerardo Ceballos<\/p>\n<p style=\"text-align: justify;\">\n<footer><strong>Reportaje: J. DE J. &#8211; \u00a0<\/strong><strong>Madrid<\/strong><time datetime=\"10\/07\/2017T21:05:52+02:00\"><\/time><\/footer>\n<footer><\/footer>\n<p>&nbsp;<\/p>\n<p>&nbsp;<\/p>\n<p>&nbsp;<\/p>\n<div>\n<p style=\"text-align: justify;\">Hace un par de a\u00f1os, un amplio grupo de investigadores de universidades e instituciones cient\u00edficas de distintos pa\u00edses advert\u00eda en la prestigiosa revista Science de que <a href=\"http:\/\/www.abc.es\/ciencia\/20140724\/abci-tierra-enfrenta-sexta-extincion-201407241254.html\" target=\"_blank\">la Tierra ha entrado en una era de extinci\u00f3n masiva sin precedentes<\/a> desde que los dinosaurios desaparecieron hace unos 66 millones de a\u00f1os, cuando <a href=\"http:\/\/www.abc.es\/ciencia\/20130208\/abci-discusion-meteorito-mato-dinosaurios-201302080949.html\" target=\"_blank\">un gran meteorito<\/a> golpe\u00f3 lo que hoy es la pen\u00ednsula del Yucat\u00e1n en M\u00e9xico. Pero esta vez, <a href=\"http:\/\/www.abc.es\/20110302\/ciencia\/abci-esta-tierra-borde-sexta-201103021850.html\" target=\"_blank\">la sexta en toda la historia del planeta<\/a>, es el ser humano el que est\u00e1 provocando <strong>la gran destrucci\u00f3n<\/strong>. Seg\u00fan la Uni\u00f3n Internacional para la Conservaci\u00f3n de la Naturaleza (UICN), el fantasma de la extinci\u00f3n se aparece al 41% de todas las especies de anfibios y al 26% de todos los mam\u00edferos debido a la p\u00e9rdida de h\u00e1bitat, la sobreexplotaci\u00f3n, los organismos invasivos, la contaminaci\u00f3n y el <strong>cambio clim\u00e1tico<\/strong>.<\/p>\n<p style=\"text-align: justify;\"><img decoding=\"async\" loading=\"lazy\" src=\"http:\/\/prensamex.mx\/wp-content\/uploads\/2014\/08\/extincion-tierra3.jpg?w=544\" alt=\"Resultado de imagen de Extinciones masivas\" width=\"478\" height=\"260\" \/><\/p>\n<p style=\"text-align: justify;\">Dos especies de vertebrados se extinguen cada a\u00f1o como promedio, pero nadie se pone de luto porque el cachorrito enano de Potos\u00ed ya no se encuentre en la naturaleza. Investigadores de la Universidad de Stanford en EE.UU. y la Nacional Aut\u00f3noma de M\u00e9xico creen que mucha gente no se da cuenta de la amenaza que supone la p\u00e9rdida de biodiversidad porque no afecta directamente a sus vidas o creen que no es para tanto. Por ese motivo, han publicado en la revista <a href=\"http:\/\/www.pnas.org\/\" target=\"_blank\">Proceedings of the National Academy of Sciences (PNAS)<\/a> un estudio que mira m\u00e1s all\u00e1 de las extinciones puntuales de especies para proporcionar una imagen clara de cu\u00e1les son las poblaciones animales que descienden en todo el mundo. Y la conclusiones son aterradoras.<\/p>\n<p style=\"text-align: justify;\">\u00abEs una aniquilaci\u00f3n biol\u00f3gica que ocurre a nivel mundial, aunque las especies a las que pertenecen estas poblaciones todav\u00eda est\u00e1n presentes en alg\u00fan lugar de la Tierra\u00bb, dice Rodolfo Dirzo, profesor de biolog\u00eda en Stanford y coautor del estudio.<\/p>\n<div><img decoding=\"async\" loading=\"lazy\" src=\"https:\/\/image.slidesharecdn.com\/evolucion1-111201092935-phpapp02\/95\/da-del-orgullo-primate-14-728.jpg?cb=1322734294\" alt=\"Resultado de imagen de Aves y anfibios de hace millones de a\u00f1os\" width=\"478\" height=\"359\" \/><img decoding=\"async\" loading=\"lazy\" src=\"http:\/\/4.bp.blogspot.com\/_0MLRf641c8U\/TBwfbsJ_H-I\/AAAAAAAAAIo\/ugI4QIFqIpQ\/s1600\/escanear0099.jpg\" alt=\"Resultado de imagen de Aves y anfibios de hace millones de a\u00f1os\" width=\"394\" height=\"421\" \/><\/div>\n<p style=\"text-align: justify;\">Los investigadores recogieron datos de 27.600 especies de aves, anfibios, mam\u00edferos y reptiles -una muestra que representa casi la mitad de las especies de vertebrados terrestres conocidas- y de 177 mam\u00edferos bien estudiados entre 1990 y 2015.<\/p>\n<p style=\"text-align: justify;\">El estudio encontr\u00f3 que m\u00e1s del 30% de las especies de vertebrados est\u00e1 disminuyendo en tama\u00f1o de poblaci\u00f3n y rango geogr\u00e1fico. De entre los mam\u00edferos, todos han perdido el 30% o m\u00e1s de sus h\u00e1bitats y casi la mitad ha perdido m\u00e1s del 80%. Las regiones tropicales han tenido el mayor n\u00famero de especies decrecientes, mientras que las regiones templadas han visto proporciones similares o mayores. Los mam\u00edferos del sur y sudeste de Asia, donde todas las especies grandes de mam\u00edferos analizados han perdido m\u00e1s del 80% de sus rangos geogr\u00e1ficos, han sido especialmente afectados.<\/p>\n<p style=\"text-align: justify;\"><img decoding=\"async\" loading=\"lazy\" src=\"http:\/\/cde.elcomercio.pe\/66\/ima\/0\/0\/4\/7\/1\/471802.jpg\" alt=\"Resultado de imagen de Especies desaparecidas\" width=\"478\" height=\"268\" \/><\/p>\n<p style=\"text-align: justify;\"><img decoding=\"async\" loading=\"lazy\" src=\"http:\/\/www.posgradoeinvestigacion.uadec.mx\/imagenes\/1.CC\/CC25\/a2.3.-mamut.jpg\" alt=\"Resultado de imagen de Especies desaparecidas\" width=\"397\" height=\"363\" \/><\/p>\n<p style=\"text-align: justify;\">Los mapas del estudio sugieren que <strong>hasta el 50% del n\u00famero de animales que una vez compartieron la Tierra han desaparecido<\/strong>, al igual que miles de millones de poblaciones de animales. Esto equivale a \u00abuna erosi\u00f3n masiva de la mayor diversidad biol\u00f3gica en la historia de la Tierra\u00bb, escriben los autores.<\/p>\n<p style=\"text-align: justify;\">\u00abLa p\u00e9rdida masiva de poblaciones y especies refleja nuestra falta de empat\u00eda con todas las especies silvestres que han sido nuestros compa\u00f1eros desde nuestros or\u00edgenes\u00bb, dice el autor principal del estudio, Gerardo Ceballos, de la Universidad Nacional Aut\u00f3noma de M\u00e9xico. \u00abEs un preludio a la desaparici\u00f3n de muchas m\u00e1s especies y al declive de los sistemas naturales que hacen posible la civilizaci\u00f3n\u00bb.<\/p>\n<h2 style=\"text-align: justify;\">Superpoblaci\u00f3n humana y consumo excesivo<\/h2>\n<p>&nbsp;<\/p>\n<p><img decoding=\"async\" loading=\"lazy\" src=\"http:\/\/2.bp.blogspot.com\/-yhO9A4KFRY4\/UC5yjqUre3I\/AAAAAAAAAJc\/SvEPs6mCALM\/s1600\/Sin%2Bt%25C3%25ADtulo.png\" alt=\"Resultado de imagen de Superpoblaci\u00f3n humana\" width=\"478\" height=\"296\" \/><\/p>\n<p>&nbsp;<\/p>\n<p>&nbsp;<\/p>\n<p style=\"text-align: justify;\">\u00bfPor qu\u00e9 es importante la p\u00e9rdida de poblaciones y de diversidad biol\u00f3gica? Aparte de ser lo que los cient\u00edficos llaman un preludio a la extinci\u00f3n de especies, \u00ablas p\u00e9rdidas nos roban servicios cruciales como la polinizaci\u00f3n de las abejas, el control de plagas y la purificaci\u00f3n de los humedales\u00bb, explican los investigadores. \u00abTambi\u00e9n perdemos intrincadas redes ecol\u00f3gicas que involucran animales, plantas y microorganismos, lo que conduce a ecosistemas menos resistentes y lagunas de informaci\u00f3n gen\u00e9tica que pueden resultar vitales para la supervivencia de las especies en un entorno mundial que cambia r\u00e1pidamente\u00bb.<\/p>\n<p style=\"text-align: justify;\"><img decoding=\"async\" loading=\"lazy\" title=\"Ruta del consumo a la contaminaci\u00f3n\" src=\"https:\/\/i0.wp.com\/www.lcc.uma.es\/%7Eppgg\/libros\/Consumismo.jpg\" alt=\"\" width=\"260\" height=\"261\" \/><\/p>\n<p style=\"text-align: justify;\">Muchos son los factores que nos empujan hacia un final poco halag\u00fce\u00f1o<\/p>\n<blockquote>\n<p style=\"text-align: justify;\">\u00abTristemente, nuestros descendientes tambi\u00e9n tendr\u00e1n que prescindir de los placeres est\u00e9ticos y las fuentes de imaginaci\u00f3n proporcionados por nuestros \u00fanicos hom\u00f3logos vivos conocidos en el universo\u00bb, dice Paul Ehrlich, de Stanford.<\/p>\n<\/blockquote>\n<p style=\"text-align: justify;\">Mientras tanto, contin\u00faan los autores, el alcance general de las p\u00e9rdidas de poblaci\u00f3n deja claro que el mundo no puede esperar para abordar el da\u00f1o a la biodiversidad. Por ese motivo, piden restricciones sobre los impulsores b\u00e1sicos de la extinci\u00f3n -la superpoblaci\u00f3n humana y el consumo excesivo- y desaf\u00edan a la sociedad a alejarse de <strong>\u00abla ficci\u00f3n de que el crecimiento perpetuo puede ocurrir en un planeta finito\u00bb.<\/strong><\/p>\n<\/div>\n<div class='bookmark'>\r\n\t\t<table align='left' border='0' cellpadding='0' width='100%'>\r\n\t\t<tr><td><span class='pushbutton'><a href='http:\/\/delicious.com\/post?url=http%3A%2F%2Fwww.emiliosilveravazquez.com%2Fblog%2F2017%2F07%2F11%2Fla-tierra-en-el-preludio-de-su-sexta-extincion-masiva%2F&amp;title=La+Tierra%2C+en+el+preludio+de+su+sexta+extinci%C3%B3n+masiva' title='Delicious' target='_blank' rel='nofollow'><img src='http:\/\/www.emiliosilveravazquez.com\/blog\/wp-content\/plugins\/knxdt-bookmarks-wordpress-plugin\/images\/delicious.png'  alt='' class='book_img' border='none' style='margin:1px; padding: 0;'  \/><\/a><\/span><span class='pushbutton'><a href='http:\/\/digg.com\/submit?url=http%3A%2F%2Fwww.emiliosilveravazquez.com%2Fblog%2F2017%2F07%2F11%2Fla-tierra-en-el-preludio-de-su-sexta-extincion-masiva%2F&amp;title=La+Tierra%2C+en+el+preludio+de+su+sexta+extinci%C3%B3n+masiva' title='Digg' target='_blank' rel='nofollow'><img src='http:\/\/www.emiliosilveravazquez.com\/blog\/wp-content\/plugins\/knxdt-bookmarks-wordpress-plugin\/images\/digg.png'  alt='' class='book_img' border='none' style='margin:1px; padding: 0;'  \/><\/a><\/span><span class='pushbutton'><a href='http:\/\/www.google.com\/bookmarks\/mark?op=edit&amp;bkmk=http%3A%2F%2Fwww.emiliosilveravazquez.com%2Fblog%2F2017%2F07%2F11%2Fla-tierra-en-el-preludio-de-su-sexta-extincion-masiva%2F&amp;title=La+Tierra%2C+en+el+preludio+de+su+sexta+extinci%C3%B3n+masiva' title='Google' target='_blank' rel='nofollow'><img src='http:\/\/www.emiliosilveravazquez.com\/blog\/wp-content\/plugins\/knxdt-bookmarks-wordpress-plugin\/images\/google.png'   alt='' class='book_img' border='none' style='margin:1px; padding: 0;'  \/><\/a><\/span><span class='pushbutton'><a href='http:\/\/myweb2.search.yahoo.com\/myresults\/bookmarklet?u=http%3A%2F%2Fwww.emiliosilveravazquez.com%2Fblog%2F2017%2F07%2F11%2Fla-tierra-en-el-preludio-de-su-sexta-extincion-masiva%2F&amp;t=La+Tierra%2C+en+el+preludio+de+su+sexta+extinci%C3%B3n+masiva' title='Yahoo' target='_blank' rel='nofollow'><img src='http:\/\/www.emiliosilveravazquez.com\/blog\/wp-content\/plugins\/knxdt-bookmarks-wordpress-plugin\/images\/yahoo.png'  alt='' class='book_img' border='none' style='margin:1px; padding: 0;'  \/><\/a><\/span><span class='pushbutton'><a href='http:\/\/www.technorati.com\/faves?add=http%3A%2F%2Fwww.emiliosilveravazquez.com%2Fblog%2F2017%2F07%2F11%2Fla-tierra-en-el-preludio-de-su-sexta-extincion-masiva%2F' title='Technorati' target='_blank' rel='nofollow'><img src='http:\/\/www.emiliosilveravazquez.com\/blog\/wp-content\/plugins\/knxdt-bookmarks-wordpress-plugin\/images\/technorati.png'  alt='' class='book_img' border='none' style='margin:1px; padding: 0;'  \/><\/a><\/span><span class='pushbutton'><a href='http:\/\/meneame.net\/submit.php?url=http%3A%2F%2Fwww.emiliosilveravazquez.com%2Fblog%2F2017%2F07%2F11%2Fla-tierra-en-el-preludio-de-su-sexta-extincion-masiva%2F' title='Meneame' target='_blank' rel='nofollow'><img src='http:\/\/www.emiliosilveravazquez.com\/blog\/wp-content\/plugins\/knxdt-bookmarks-wordpress-plugin\/images\/meneame.png'  alt='' class='book_img' border='none' style='margin:1px; padding: 0;'  \/><\/a><\/span><span class='pushbutton'><a href='http:\/\/enchilame.com\/submit.php?url=http:\/\/www.emiliosilveravazquez.com\/blog\/2017\/07\/11\/la-tierra-en-el-preludio-de-su-sexta-extincion-masiva\/' target='_blank' rel='nofollow'><img title='Enchilame' src='http:\/\/www.emiliosilveravazquez.com\/blog\/wp-content\/plugins\/knxdt-bookmarks-wordpress-plugin\/images\/enchilame.png'  alt='' class='book_img' border='none' style='margin:1px; padding: 0;'  \/><\/a><\/span><span class='pushbutton'><a href='http:\/\/www.blinklist.com\/index.php?Action=Blink\/addblink.php&amp;Description=&amp;Url=http%3A%2F%2Fwww.emiliosilveravazquez.com%2Fblog%2F2017%2F07%2F11%2Fla-tierra-en-el-preludio-de-su-sexta-extincion-masiva%2F&amp;title=La+Tierra%2C+en+el+preludio+de+su+sexta+extinci%C3%B3n+masiva' title='BlinkList' target='_blank' rel='nofollow'><img src='http:\/\/www.emiliosilveravazquez.com\/blog\/wp-content\/plugins\/knxdt-bookmarks-wordpress-plugin\/images\/blinklist.png'  alt='' class='book_img' border='none' style='margin:1px; padding: 0;'  \/><\/a><\/span><span class='pushbutton'><a href='http:\/\/reddit.com\/submit?url=http%3A%2F%2Fwww.emiliosilveravazquez.com%2Fblog%2F2017%2F07%2F11%2Fla-tierra-en-el-preludio-de-su-sexta-extincion-masiva%2F&amp;title=La+Tierra%2C+en+el+preludio+de+su+sexta+extinci%C3%B3n+masiva' title='Reddit' target='_blank' rel='nofollow'><img src='http:\/\/www.emiliosilveravazquez.com\/blog\/wp-content\/plugins\/knxdt-bookmarks-wordpress-plugin\/images\/reddit.png'  alt='' class='book_img' border='none' style='margin:1px; padding: 0;'  \/><\/a><\/span><span class='pushbutton'><a href='http:\/\/www.tecnologiadiaria.com\/2009\/07\/abrir-com-hotmail-correo.html' target='_blank' title='hotmail'><img src='http:\/\/www.emiliosilveravazquez.com\/blog\/wp-content\/plugins\/knxdt-bookmarks-wordpress-plugin\/images\/linklove.png' alt='hotmail correo' class='book_img' border='none' style='margin:1px; padding: 0;' \/><\/a><\/span><span class='pushbutton'><a href='http:\/\/bitacoras.com\/votar\/anotacion\/externo\/mini\/www.emiliosilveravazquez.com\/blog\/2017\/07\/11\/la-tierra-en-el-preludio-de-su-sexta-extincion-masiva\/' title='Bitacoras.com' target='_blank' rel='nofollow'><img src='http:\/\/www.emiliosilveravazquez.com\/blog\/wp-content\/plugins\/knxdt-bookmarks-wordpress-plugin\/images\/bitacoras.png'  alt='' class='book_img' border='none' style='margin:1px; padding: 0;'  \/><\/a><\/span><span class='pushbutton'><a href='http:\/\/www.wikio.es\/vote?url=http%3A%2F%2Fwww.emiliosilveravazquez.com%2Fblog%2F2017%2F07%2F11%2Fla-tierra-en-el-preludio-de-su-sexta-extincion-masiva%2F' title='Wikio' target='_blank' rel='nofollow'><img src='http:\/\/www.emiliosilveravazquez.com\/blog\/wp-content\/plugins\/knxdt-bookmarks-wordpress-plugin\/images\/wikio.png'   alt='' class='book_img' border='none' style='margin:1px; padding: 0;'   \/><\/a><\/span><span class='pushbutton'><a href='http:\/\/friendfeed.com\/?url=http%3A%2F%2Fwww.emiliosilveravazquez.com%2Fblog%2F2017%2F07%2F11%2Fla-tierra-en-el-preludio-de-su-sexta-extincion-masiva%2F&amp;title=La+Tierra%2C+en+el+preludio+de+su+sexta+extinci%C3%B3n+masiva' title='Friend Feed' target='_blank' rel='nofollow'><img src='http:\/\/www.emiliosilveravazquez.com\/blog\/wp-content\/plugins\/knxdt-bookmarks-wordpress-plugin\/images\/friendfeed.png'  alt='' class='book_img' border='none' style='margin:1px; padding: 0;'  \/><\/a><\/span><span class='pushbutton'><a href='http:\/\/www.facebook.com\/share.php?u=http%3A%2F%2Fwww.emiliosilveravazquez.com%2Fblog%2F2017%2F07%2F11%2Fla-tierra-en-el-preludio-de-su-sexta-extincion-masiva%2F&amp;t=La+Tierra%2C+en+el+preludio+de+su+sexta+extinci%C3%B3n+masiva' title='Facebook' target='_blank' rel='nofollow'><img src='http:\/\/www.emiliosilveravazquez.com\/blog\/wp-content\/plugins\/knxdt-bookmarks-wordpress-plugin\/images\/facebook.png'  alt='' class='book_img' border='none' style='margin:1px; padding: 0;'  \/><\/a><\/span><span class='pushbutton'><a href='http:\/\/twitter.com\/home?status=La+Tierra%2C+en+el+preludio+de+su+sexta+extinci%C3%B3n+masiva: http%3A%2F%2Fwww.emiliosilveravazquez.com%2Fblog%2F2017%2F07%2F11%2Fla-tierra-en-el-preludio-de-su-sexta-extincion-masiva%2F' title='Twitter' target='_blank' rel='nofollow'><img src='http:\/\/www.emiliosilveravazquez.com\/blog\/wp-content\/plugins\/knxdt-bookmarks-wordpress-plugin\/images\/twitter.png'  alt='' class='book_img' border='none' style='margin:1px; padding: 0;'  \/><\/a><\/span><span class='pushbutton'><a href='http:\/\/www.feedburner.com\/fb\/a\/emailFlare?itemTitle=La+Tierra%2C+en+el+preludio+de+su+sexta+extinci%C3%B3n+masiva&amp;uri=http%3A%2F%2Fwww.emiliosilveravazquez.com%2Fblog%2F2017%2F07%2F11%2Fla-tierra-en-el-preludio-de-su-sexta-extincion-masiva%2F' title='Enviar por Email' target='_blank' rel='nofollow'><img src='http:\/\/www.emiliosilveravazquez.com\/blog\/wp-content\/plugins\/knxdt-bookmarks-wordpress-plugin\/images\/email.png'  alt='' class='book_img' border='none' style='margin:1px; padding: 0;'  \/><\/a><\/span><span style='font-weight:bold; padding-left: 5px;'><a href='http:\/\/wordpress.org\/extend\/plugins\/knxdt-bookmarks-wordpress-plugin\/' title='Plugin' rel='nofollow' target='_blank'>[?]<\/a><\/span><\/td><\/tr><\/table><br\/><br\/><\/div>","protected":false},"excerpt":{"rendered":"<p>&nbsp; Un estudio muestra c\u00f3mo el impacto humano est\u00e1 provocando un dr\u00e1stico descenso de las poblaciones de especies animales en todo el planeta &nbsp; &nbsp; \u00a0&nbsp; &nbsp; &nbsp; La tala de bosques tropicales ha contribuido a la disminuci\u00f3n de la poblaci\u00f3n en muchos animales, incluido el gib\u00f3n de Borneo &#8211; Gerardo Ceballos Reportaje: J. DE [&hellip;]<\/p>\n","protected":false},"author":2,"featured_media":0,"comment_status":"open","ping_status":"open","sticky":false,"template":"","format":"standard","meta":{"_s2mail":"yes","footnotes":""},"categories":[83],"tags":[],"_links":{"self":[{"href":"http:\/\/www.emiliosilveravazquez.com\/blog\/wp-json\/wp\/v2\/posts\/18518"}],"collection":[{"href":"http:\/\/www.emiliosilveravazquez.com\/blog\/wp-json\/wp\/v2\/posts"}],"about":[{"href":"http:\/\/www.emiliosilveravazquez.com\/blog\/wp-json\/wp\/v2\/types\/post"}],"author":[{"embeddable":true,"href":"http:\/\/www.emiliosilveravazquez.com\/blog\/wp-json\/wp\/v2\/users\/2"}],"replies":[{"embeddable":true,"href":"http:\/\/www.emiliosilveravazquez.com\/blog\/wp-json\/wp\/v2\/comments?post=18518"}],"version-history":[{"count":0,"href":"http:\/\/www.emiliosilveravazquez.com\/blog\/wp-json\/wp\/v2\/posts\/18518\/revisions"}],"wp:attachment":[{"href":"http:\/\/www.emiliosilveravazquez.com\/blog\/wp-json\/wp\/v2\/media?parent=18518"}],"wp:term":[{"taxonomy":"category","embeddable":true,"href":"http:\/\/www.emiliosilveravazquez.com\/blog\/wp-json\/wp\/v2\/categories?post=18518"},{"taxonomy":"post_tag","embeddable":true,"href":"http:\/\/www.emiliosilveravazquez.com\/blog\/wp-json\/wp\/v2\/tags?post=18518"}],"curies":[{"name":"wp","href":"https:\/\/api.w.org\/{rel}","templated":true}]}}