{"id":18492,"date":"2025-05-30T00:15:13","date_gmt":"2025-05-29T23:15:13","guid":{"rendered":"http:\/\/www.emiliosilveravazquez.com\/blog\/?p=18492"},"modified":"2025-05-29T21:15:48","modified_gmt":"2025-05-29T20:15:48","slug":"si-existe-la-perfeccion-estara-en-la-naturaleza-2","status":"publish","type":"post","link":"http:\/\/www.emiliosilveravazquez.com\/blog\/2025\/05\/30\/si-existe-la-perfeccion-estara-en-la-naturaleza-2\/","title":{"rendered":"Si existe la perfecci\u00f3n, estar\u00e1 en la Naturaleza"},"content":{"rendered":"<p>&nbsp;<\/p>\n<p>&nbsp;<\/p>\n<p>&nbsp;<\/p>\n<blockquote><p><img decoding=\"async\" src=\"https:\/\/trabalibros.com\/rs\/13279\/4886d523-1977-4fa1-ab24-df1b609c897c\/fb4\/filename\/paul-valery-trabalibros.jpg\" alt=\"Paul Val\u00e9ry - Autores\" \/><\/p>\n<p><strong>\u00a0 \u00a0 \u00a0 \u00a0 \u00a0 \u00a0 \u00a0 \u00a0Paul Valery<\/strong><\/p><\/blockquote>\n<p style=\"text-align: justify;\"><strong>El Universo est\u00e1 construido seg\u00fan un plan cuya profunda simetr\u00eda est\u00e1 presente de alg\u00fan modo en la estructura interna de nuestro intelecto. Y, desde luego, si lo pensamos profundamente, tendremos que dar la raz\u00f3n a Paul Valery por tales pensamientos, ya que, la Mente Humana, alcanz\u00f3 cotas inimaginables. Sin embargo, si realmente existe la perfecci\u00f3n, \u00e9sta est\u00e1, en la Naturaleza. Nosotros siempre seremos imperfectos y nos dejaremos llevar por los sentimientos.<br \/>\n<\/strong><\/p>\n<p>&nbsp;<\/p>\n<p style=\"text-align: justify;\"><img decoding=\"async\" src=\"http:\/\/2.bp.blogspot.com\/_JePpiU6YLYc\/SfRpnm99CXI\/AAAAAAAAAzM\/DtRr2FUFAZs\/s1600\/untitled.bmp\" alt=\"\" \/><\/p>\n<p style=\"text-align: justify;\"><strong><span style=\"font-size: 10pt;\">\u00a1Agua! El Universo est\u00e1 lleno de agua por todas partes y, si eso es as\u00ed \u00bfQu\u00e9 pasa con la vida?<\/span><\/strong><\/p>\n<p style=\"text-align: justify;\">Hubo un tiempo, el el Universo muy temprano, en el que la temperatura estaba encima de algunos cientos de veces la masa del <a href=\"#\" onclick=\"referencia('proton',event); return false;\">prot\u00f3n<\/a>, cuando la simetr\u00eda a\u00fan no se hab\u00eda roto, y la fuerza d\u00e9bil y electromagn\u00e9tica no s\u00f3lo eran la misma matem\u00e1ticamente, sino realmente la misma. Un f\u00edsico que hubiera podido estar all\u00ed presente, en aquellos primeros momento, no habr\u00eda podido observar ninguna diferencia real entre las fuerzas producidas por el intercambio de estas cuatro part\u00edculas: la W<sup>+<\/sup>, la W<sup>&#8211; ,\u00a0<\/sup>\u00a0la Z y el Fot\u00f3n.<\/p>\n<p>&nbsp;<\/p>\n<p style=\"text-align: justify;\"><img decoding=\"async\" loading=\"lazy\" class=\"alignnone  wp-image-32399\" src=\"http:\/\/www.emiliosilveravazquez.com\/blog\/wp-content\/uploads\/2018\/06\/ww_ww.png\" alt=\"\" width=\"512\" height=\"85\" srcset=\"http:\/\/www.emiliosilveravazquez.com\/blog\/wp-content\/uploads\/2018\/06\/ww_ww.png 1580w, http:\/\/www.emiliosilveravazquez.com\/blog\/wp-content\/uploads\/2018\/06\/ww_ww-450x75.png 450w, http:\/\/www.emiliosilveravazquez.com\/blog\/wp-content\/uploads\/2018\/06\/ww_ww-700x117.png 700w, http:\/\/www.emiliosilveravazquez.com\/blog\/wp-content\/uploads\/2018\/06\/ww_ww-150x25.png 150w, http:\/\/www.emiliosilveravazquez.com\/blog\/wp-content\/uploads\/2018\/06\/ww_ww-768x128.png 768w, http:\/\/www.emiliosilveravazquez.com\/blog\/wp-content\/uploads\/2018\/06\/ww_ww-1536x256.png 1536w\" sizes=\"(max-width: 512px) 100vw, 512px\" \/><\/p>\n<p style=\"text-align: justify;\"><span data-huuid=\"2425943450547439902\">Un <a href=\"#\" onclick=\"referencia('electron',event); return false;\">electr\u00f3n<\/a> puede escapar de un \u00e1tomo si recibe suficiente energ\u00eda para superar la atracci\u00f3n del n\u00facleo y las fuerzas que lo mantienen unido al \u00e1tomo. <\/span><span data-huuid=\"2425943450547439902\">\u00a0<\/span><span data-huuid=\"2425943450547441103\">Esto puede ocurrir a trav\u00e9s de varios procesos, como la ionizaci\u00f3n, el efecto fotoel\u00e9ctrico, o la emisi\u00f3n de radiaci\u00f3n beta en n\u00facleos inestables.<span class=\"pjBG2e\" data-cid=\"997cfd5b-be3a-437f-a88b-8f9fde2193b9\"><span class=\"UV3uM\">\u00a0<\/span><\/span><\/span><\/p>\n<p>&nbsp;<\/p>\n<p><img decoding=\"async\" loading=\"lazy\" class=\"\" src=\"https:\/\/universitam.com\/academicos\/wp-content\/uploads\/2011\/09\/electron.jpg\" width=\"387\" height=\"321\" \/><\/p>\n<p><strong>Electrones saltarines que saltan de un \u00e1tomo a otro<\/strong><\/p>\n<p style=\"text-align: justify;\">Al llegar a escalas cada vez menores, tambi\u00e9n hemos entrado en \u00e1mbitos de energ\u00edas de uni\u00f3n cada vez mayores. Un \u00e1tomo puede ser despojado de su <a href=\"#\" onclick=\"referencia('electron',event); return false;\">electr\u00f3n<\/a> aplicando s\u00f3lo unos miles de electr\u00f3n-voltios de energ\u00eda, m\u00e1s para dispersar los <a href=\"#\" onclick=\"referencia('nucleones',event); return false;\">nucleones<\/a> que conforman un n\u00facleo at\u00f3mico se requieren varios millones de electr\u00f3n-voltios, y para librar los <a href=\"#\" onclick=\"referencia('quarks',event); return false;\">quarks<\/a> que constituyen cada <a href=\"#\" onclick=\"referencia('nucleones',event); return false;\">nucle\u00f3n<\/a> se necesitar\u00eda cientos de veces m\u00e1s energ\u00eda. As\u00ed, hemos llegado a comprender que, las estructuras m\u00e1s peque\u00f1as y m\u00e1s fundamentales est\u00e1n ligadas por niveles de energ\u00eda mayores porque sus estructuras mismas fueron forjadas en el calor del <a href=\"#\" onclick=\"referencia('big bang',event); return false;\">Big Bang<\/a>.<\/p>\n<p>&nbsp;<\/p>\n<p><img decoding=\"async\" src=\"https:\/\/lh4.googleusercontent.com\/proxy\/9Q-UT6s-oNsCajnxRfRxmbY0EDJQY0EHirxw6BUBkMLZG8_KkJVDVm-Nzu881QwuIo_l5Lmmm1-mx3yS\" alt=\"Si existe la perfecci\u00f3n, estar\u00e1 en la Naturaleza : Blog de Emilio Silvera V.\" \/><\/p>\n<p>&nbsp;<\/p>\n<p style=\"text-align: justify;\">Tambi\u00e9n hemos llegado a comprender que, las fuerzas de la naturaleza que gobiernan la electricidad, el magnetismo, la <a href=\"#\" onclick=\"referencia('radiactividad',event); return false;\">radiactividad<\/a> y las reacciones nucleares est\u00e1n confinadas a un \u201c<strong>mundo-brana<\/strong>\u201d tridimensional, mientras que la gravedad act\u00faa en todas las dimensiones y es consecuentemente m\u00e1s d\u00e9bil. Seguramente ese ser\u00e1 el motivo por el cual, encontrar\u00a0 al Bos\u00f3n mediador de la fuerza, el Gravit\u00f3n, resulta tan dif\u00edcil.<\/p>\n<p>&nbsp;<\/p>\n<p style=\"text-align: justify;\"><img decoding=\"async\" loading=\"lazy\" title=\"mundobrana\" src=\"http:\/\/www.emiliosilveravazquez.com\/blog\/wp-content\/uploads\/2008\/07\/mundobrana.jpg\" alt=\"mundo brana\" width=\"455\" height=\"298\" \/><\/p>\n<p>&nbsp;<\/p>\n<p style=\"text-align: justify;\">De manera similar, aunque menos clara, las teor\u00edas de <a href=\"#\" onclick=\"referencia('supersimetria',event); return false;\">supersimetr\u00eda<\/a>s conjeturaban que las cuatro fuerzas tal vez estaban ligadas por una simetr\u00eda que se manifestaba en los niveles de energ\u00eda a\u00fan mayores que caracterizaban al universo ya antes del <a href=\"#\" onclick=\"referencia('big bang',event); return false;\">Big Bang<\/a>. La introducci\u00f3n de un eje hist\u00f3rico en la cosmolog\u00eda y la f\u00edsica de part\u00edculas (como dec\u00eda ayer en uno de los trabajos), beneficio a ambos campos. Los f\u00edsicos proporcionaron a los cosm\u00f3logos una amplia gama de herramientas \u00fatiles para saber c\u00f3mo se desarroll\u00f3 el universo primitivo. Evidentemente, el <a href=\"#\" onclick=\"referencia('big bang',event); return false;\">Big Bang<\/a> no fue una muralla de fuego de la que se burl\u00f3 Hoyle, sino un \u00e1mbito de sucesos de altas energ\u00edas que muy posiblemente pueden ser comprensibles en t\u00e9rminos de teor\u00eda de campo relativista y cu\u00e1ntica.<\/p>\n<p>&nbsp;<\/p>\n<p style=\"text-align: justify;\"><img decoding=\"async\" loading=\"lazy\" id=\"il_fi\" src=\"http:\/\/3.bp.blogspot.com\/-9VkzE5fvjuI\/T0ZhvDq-PZI\/AAAAAAAAAgs\/xNIWMOai6wI\/s1600\/LHC.jpg\" alt=\"\" width=\"572\" height=\"509\" \/><\/p>\n<p>&nbsp;<\/p>\n<p style=\"text-align: justify;\">La cosmolog\u00eda, por su parte, dio un tinte de realidad hist\u00f3rica a las teor\u00edas unificadas. Aunque ning\u00fan acelerador concebible podr\u00edan alcanzar las tit\u00e1nicas energ\u00edas supuestas por las grandes teor\u00edas unificadas y de la <a href=\"#\" onclick=\"referencia('supersimetria',event); return false;\">supersimetr\u00eda<\/a>, esas ex\u00f3ticas ideas a\u00fan\u00a0 pueden ser puestas a prueba, investigando si las part\u00edculas constituyentes del universo actual son compatibles con el tipo de historia primitiva que implican las teor\u00edas. Las part\u00edculas elementales aparentemente proporcionan las claves de algunos de los misterios fundamentales de la Cosmolog\u00eda temprana\u2026 y resulta que la Cosmolog\u00eda brinda una especia de terreno de prueba para alguna de las ideas de la f\u00edsica de part\u00edculas elementales. Esto implica que los aceleradores de part\u00edculas, como los telescopios, funcionen como m\u00e1quinas del tiempo.\u00a0 Un telescopio penetra en el pasado en virtud del tiempo que tarda la luz en desplazarse entre las estrellas; un acelerador recrea, aunque sea fugazmente, las condiciones que prevalec\u00edan en el Universo primitivo.<\/p>\n<p>&nbsp;<\/p>\n<p style=\"text-align: justify;\"><img decoding=\"async\" loading=\"lazy\" class=\"alignnone wp-image-32400\" src=\"http:\/\/www.emiliosilveravazquez.com\/blog\/wp-content\/uploads\/2018\/06\/9e8789ba98902e56ab73482e6a67b678.png\" alt=\"\" width=\"437\" height=\"281\" srcset=\"http:\/\/www.emiliosilveravazquez.com\/blog\/wp-content\/uploads\/2018\/06\/9e8789ba98902e56ab73482e6a67b678.png 700w, http:\/\/www.emiliosilveravazquez.com\/blog\/wp-content\/uploads\/2018\/06\/9e8789ba98902e56ab73482e6a67b678-450x289.png 450w, http:\/\/www.emiliosilveravazquez.com\/blog\/wp-content\/uploads\/2018\/06\/9e8789ba98902e56ab73482e6a67b678-150x96.png 150w\" sizes=\"(max-width: 437px) 100vw, 437px\" \/><\/p>\n<p>&nbsp;<\/p>\n<p style=\"text-align: justify;\">Mol\u00e9culas, \u00e1tomos y conexiones para formar pensamientos que nos llevaron hacia los conocimientos que hoy, tras muchos miles de millones de a\u00f1os de evoluci\u00f3n del Universo, hizo posible la aparici\u00f3n de especies que, tras miles de a\u00f1os de experiencia, de observaci\u00f3n, y, de imaginar&#8230;, lleg\u00f3 a conseguir la intuici\u00f3n necesaria para presentir que, formamos parte de un todo inmenso del que s\u00f3lo somos una parte, la que piensa. Tambi\u00e9n la que tiene que descubrir, los secretos de la Naturaleza, en ello, le va la existencia en el futuro.<\/p>\n<p>&nbsp;<\/p>\n<p style=\"text-align: justify;\"><img decoding=\"async\" loading=\"lazy\" class=\"alignnone wp-image-32401\" src=\"http:\/\/www.emiliosilveravazquez.com\/blog\/wp-content\/uploads\/2018\/06\/mspaint_NWJZqvGPwm.png\" alt=\"\" width=\"339\" height=\"272\" srcset=\"http:\/\/www.emiliosilveravazquez.com\/blog\/wp-content\/uploads\/2018\/06\/mspaint_NWJZqvGPwm.png 1020w, http:\/\/www.emiliosilveravazquez.com\/blog\/wp-content\/uploads\/2018\/06\/mspaint_NWJZqvGPwm-450x361.png 450w, http:\/\/www.emiliosilveravazquez.com\/blog\/wp-content\/uploads\/2018\/06\/mspaint_NWJZqvGPwm-700x561.png 700w, http:\/\/www.emiliosilveravazquez.com\/blog\/wp-content\/uploads\/2018\/06\/mspaint_NWJZqvGPwm-150x120.png 150w, http:\/\/www.emiliosilveravazquez.com\/blog\/wp-content\/uploads\/2018\/06\/mspaint_NWJZqvGPwm-768x616.png 768w\" sizes=\"(max-width: 339px) 100vw, 339px\" \/><\/p>\n<p>&nbsp;<\/p>\n<p style=\"text-align: justify;\">Hemos aprendido que cuanto m\u00e1s \u00edntimamente examinemos la Naturaleza, tanto m\u00e1s lejos hacia atr\u00e1s vamos en el tiempo.\u00a0\u00a0 Alguna vez he puesto el ejemplo de mirar algo que no es familiar, el dorso de la mano, por ejemplo, e imaginemos que podemos observarlo con cualquier aumento deseado.<\/p>\n<p style=\"text-align: justify;\">Con un aumento relativamente peque\u00f1o, podemos ver las c\u00e9lulas de la piel, cada una con un aspecto tan grande y\u00a0 complejo como una ciudad, y con sus l\u00edmites delineados por la pared celular.\u00a0 Si elevamos el aumento, veremos dentro de la c\u00e9lula una mara\u00f1a de ribosomas serpenteando y mitocondrias ondulantes, lisosomas esf\u00e9ricos y centr\u00edolos, cuyos alrededores est\u00e1n llenos de complejos \u00f3rganos dedicados a las funciones respiratorias, sanitarias y de producci\u00f3n de energ\u00eda que mantienen a la c\u00e9lula.<\/p>\n<p style=\"text-align: justify;\">Ya ah\u00ed tenemos pruebas de historia. Aunque esta c\u00e9lula particular solo tiene unos pocos a\u00f1os de antig\u00fcedad, su arquitectura se remonta a m\u00e1s de mil millones de a\u00f1os, a la \u00e9poca en que aparecieron en la Tierra las c\u00e9lulas eucariota o eucari\u00f3ticas como la que hemos examinado.<\/p>\n<p>&nbsp;<\/p>\n<p style=\"text-align: justify;\"><img decoding=\"async\" loading=\"lazy\" src=\"http:\/\/laenciclopediagalactica.info\/wp-content\/uploads\/2011\/07\/%C2%BFPueden-todas-las-fuerzas-entre-part%C3%ADculas-ser-entendidas-bajo-un-marco-unificado.png\" alt=\"\" width=\"400\" height=\"383\" \/><\/p>\n<p>&nbsp;<\/p>\n<p style=\"text-align: justify;\">Hemos llegado a poder discernir la relaci\u00f3n directa que vincula el tama\u00f1o, la energ\u00eda de uni\u00f3n y la edad de las estructuras fundamentales de la Naturaleza. Ahora, hemos llegado a comprender muchas de las cosas que, hasta bien poco tiempo, eran aut\u00e9nticos secretos que, el Universo, celosamente se guardaba, y, esa comprensi\u00f3n, nos llevar\u00e1 m\u00e1s lejos y nos permitir\u00e1 realizar un largo camino hacia el coraz\u00f3n mismo de la materia, donde seg\u00fan parece, pueden residir objetos infinitesimales, m\u00e1s peque\u00f1os que los Quarks, en esa distancia inalcanzable ahora que hemos llamado, el L\u00edmite de Planck.<\/p>\n<p style=\"text-align: justify;\">A\u00fan estamos en el camino, no hemos podido llegar m\u00e1s lejos y, con la ayuda de los aceleradores hemos podido llegar hasta una diez billon\u00e9sima de segundo despu\u00e9s del big bang que es menos que un pesta\u00f1eo con los p\u00e1rpados en toda la historia humana registrada. A pesar de ello, extra\u00f1amente, la investigaci\u00f3n de la evoluci\u00f3n del Universo reci\u00e9n nacido indica que ocurrieron muchas cosas a\u00fan antes, durante la primera \u00ednfima fracci\u00f3n de un segundo. Todos los te\u00f3ricos han tratado de elaborar una explicaci\u00f3n coherente de los primeros momentos de la historia c\u00f3smica. Por supuesto, sus ideas fueron esquem\u00e1ticas e incompletas, muchas de sus conjeturas, sin duda, se juzgaran deformadas o sencillamente err\u00f3neas, pero constituyeron una cr\u00f3nica mucho m\u00e1s aclaradora del Universo primitivo que la que ten\u00edamos antes.<\/p>\n<p>&nbsp;<\/p>\n<p style=\"text-align: justify;\"><a href=\"http:\/\/www.dgcs.unam.mx\/boletin\/bdboletin\/multimedia\/WAV100728\/447_01.jpg\" target=\"_blank\" rel=\"noopener\"><img decoding=\"async\" loading=\"lazy\" src=\"http:\/\/www.dgcs.unam.mx\/boletin\/bdboletin\/multimedia\/WAV100728\/447_01.jpg\" alt=\"\" width=\"500\" height=\"272\" \/><\/a><\/p>\n<p>&nbsp;<\/p>\n<p style=\"text-align: justify;\">Recreaci\u00f3n del Universo primitivo al que no hemos podido llegar en el momento mismo de su creaci\u00f3n, nos ha sido imposible recrear ese momento que llamamos <a href=\"#\" onclick=\"referencia('big bang',event); return false;\">Big Bang<\/a>, las matem\u00e1ticas no funcionan al tratar de formular la ecuaci\u00f3n precisa que nos muestre aquel momento.<\/p>\n<p>&nbsp;<\/p>\n<blockquote>\n<p style=\"text-align: justify;\"><img decoding=\"async\" loading=\"lazy\" class=\"\" src=\"http:\/\/ep00.epimg.net\/sociedad\/imagenes\/2012\/03\/13\/actualidad\/1331674204_142915_1331674350_noticia_normal.jpg\" alt=\"Resultado de imagen de Simetr\u00eda en el universo\" width=\"434\" height=\"509\" \/><\/p>\n<p style=\"text-align: justify;\"><strong><span style=\"font-size: 10pt;\">Los <a href=\"#\" onclick=\"referencia('neutrinos',event); return false;\">neutrinos<\/a> dejaron al descubierto la simetr\u00eda rota del universo<\/span><\/strong><\/p>\n<\/blockquote>\n<p>&nbsp;<\/p>\n<p style=\"text-align: justify;\">Al principio, cuando el universo era sim\u00e9trico, s\u00f3lo exist\u00eda una sola fuerza que unificaba a todas las que ahora conocemos, la gravedad, las fuerzas electromagn\u00e9ticas y las nucleares d\u00e9bil y fuerte, todas emerg\u00edan de aquel <a href=\"#\" onclick=\"referencia('plasma',event); return false;\">plasma<\/a> opaco de alta energ\u00eda que lo inundaba todo. M\u00e1s tarde, cuando el universo comenz\u00f3 a enfriarse, se hizo transparente y apareci\u00f3 la luz, las fuerzas se separaron en las cuatro conocidas, emergieron los primeros <a href=\"#\" onclick=\"referencia('quarks',event); return false;\">quarks<\/a> para unirse y formar <a href=\"#\" onclick=\"referencia('proton',event); return false;\">protones<\/a> y <a href=\"#\" onclick=\"referencia('neutron',event); return false;\">neutrones<\/a>, los primeros n\u00facleos aparecieron para atraer a los <a href=\"#\" onclick=\"referencia('electron',event); return false;\">electrones<\/a> que formaron aquellos primeros \u00e1tomos. Doscientos millones de a\u00f1os m\u00e1s tarde, se formaron las primeras estrellas y galaxias. Con el paso del tiempo, las estrellas sintetizaron los elementos pesados de nuestros cuerpos, fabricados en supernovas que estallaron, incluso antes de que se formase el Sol. Podemos decir, sin temor a equivocarnos, que una supernova an\u00f3nima explot\u00f3 hace miles de millones de a\u00f1os y sembr\u00f3 la nube de gas que dio lugar a nuestro sistema solar, poniendo all\u00ed los materiales complejos y necesarios para que algunos miles de millones de a\u00f1os m\u00e1s tarde, tras la evoluci\u00f3n, apareci\u00e9ramos nosotros.<\/p>\n<p style=\"text-align: justify;\">\u00a1Qu\u00e9 cosas! El asombro se junta con la maravilla y nos lleva a comprender que, la ignorancia, quiz\u00e1 sea nuestro mayor patrimonio, ya que, el saber es escaso y comprender, comprendemos con cierta lentitud, la que impone el ritmo del Universo. Todo tiene su tiempo marcado y nuestra comprensi\u00f3n&#8230;tambi\u00e9n.<\/p>\n<p style=\"text-align: justify;\"><strong>Emilio Silvera V\u00e1zquez<\/strong><\/p>\n<div class='bookmark'>\r\n\t\t<table align='left' border='0' cellpadding='0' width='100%'>\r\n\t\t<tr><td><span class='pushbutton'><a href='http:\/\/delicious.com\/post?url=http%3A%2F%2Fwww.emiliosilveravazquez.com%2Fblog%2F2025%2F05%2F30%2Fsi-existe-la-perfeccion-estara-en-la-naturaleza-2%2F&amp;title=Si+existe+la+perfecci%C3%B3n%2C+estar%C3%A1+en+la+Naturaleza' title='Delicious' target='_blank' rel='nofollow'><img src='http:\/\/www.emiliosilveravazquez.com\/blog\/wp-content\/plugins\/knxdt-bookmarks-wordpress-plugin\/images\/delicious.png'  alt='' class='book_img' border='none' style='margin:1px; padding: 0;'  \/><\/a><\/span><span class='pushbutton'><a href='http:\/\/digg.com\/submit?url=http%3A%2F%2Fwww.emiliosilveravazquez.com%2Fblog%2F2025%2F05%2F30%2Fsi-existe-la-perfeccion-estara-en-la-naturaleza-2%2F&amp;title=Si+existe+la+perfecci%C3%B3n%2C+estar%C3%A1+en+la+Naturaleza' title='Digg' target='_blank' rel='nofollow'><img src='http:\/\/www.emiliosilveravazquez.com\/blog\/wp-content\/plugins\/knxdt-bookmarks-wordpress-plugin\/images\/digg.png'  alt='' class='book_img' border='none' style='margin:1px; padding: 0;'  \/><\/a><\/span><span class='pushbutton'><a href='http:\/\/www.google.com\/bookmarks\/mark?op=edit&amp;bkmk=http%3A%2F%2Fwww.emiliosilveravazquez.com%2Fblog%2F2025%2F05%2F30%2Fsi-existe-la-perfeccion-estara-en-la-naturaleza-2%2F&amp;title=Si+existe+la+perfecci%C3%B3n%2C+estar%C3%A1+en+la+Naturaleza' title='Google' target='_blank' rel='nofollow'><img src='http:\/\/www.emiliosilveravazquez.com\/blog\/wp-content\/plugins\/knxdt-bookmarks-wordpress-plugin\/images\/google.png'   alt='' class='book_img' border='none' style='margin:1px; padding: 0;'  \/><\/a><\/span><span class='pushbutton'><a href='http:\/\/myweb2.search.yahoo.com\/myresults\/bookmarklet?u=http%3A%2F%2Fwww.emiliosilveravazquez.com%2Fblog%2F2025%2F05%2F30%2Fsi-existe-la-perfeccion-estara-en-la-naturaleza-2%2F&amp;t=Si+existe+la+perfecci%C3%B3n%2C+estar%C3%A1+en+la+Naturaleza' title='Yahoo' target='_blank' rel='nofollow'><img src='http:\/\/www.emiliosilveravazquez.com\/blog\/wp-content\/plugins\/knxdt-bookmarks-wordpress-plugin\/images\/yahoo.png'  alt='' class='book_img' border='none' style='margin:1px; padding: 0;'  \/><\/a><\/span><span class='pushbutton'><a href='http:\/\/www.technorati.com\/faves?add=http%3A%2F%2Fwww.emiliosilveravazquez.com%2Fblog%2F2025%2F05%2F30%2Fsi-existe-la-perfeccion-estara-en-la-naturaleza-2%2F' title='Technorati' target='_blank' rel='nofollow'><img src='http:\/\/www.emiliosilveravazquez.com\/blog\/wp-content\/plugins\/knxdt-bookmarks-wordpress-plugin\/images\/technorati.png'  alt='' class='book_img' border='none' style='margin:1px; padding: 0;'  \/><\/a><\/span><span class='pushbutton'><a href='http:\/\/meneame.net\/submit.php?url=http%3A%2F%2Fwww.emiliosilveravazquez.com%2Fblog%2F2025%2F05%2F30%2Fsi-existe-la-perfeccion-estara-en-la-naturaleza-2%2F' title='Meneame' target='_blank' rel='nofollow'><img src='http:\/\/www.emiliosilveravazquez.com\/blog\/wp-content\/plugins\/knxdt-bookmarks-wordpress-plugin\/images\/meneame.png'  alt='' class='book_img' border='none' style='margin:1px; padding: 0;'  \/><\/a><\/span><span class='pushbutton'><a href='http:\/\/enchilame.com\/submit.php?url=http:\/\/www.emiliosilveravazquez.com\/blog\/2025\/05\/30\/si-existe-la-perfeccion-estara-en-la-naturaleza-2\/' target='_blank' rel='nofollow'><img title='Enchilame' src='http:\/\/www.emiliosilveravazquez.com\/blog\/wp-content\/plugins\/knxdt-bookmarks-wordpress-plugin\/images\/enchilame.png'  alt='' class='book_img' border='none' style='margin:1px; padding: 0;'  \/><\/a><\/span><span class='pushbutton'><a href='http:\/\/www.blinklist.com\/index.php?Action=Blink\/addblink.php&amp;Description=&amp;Url=http%3A%2F%2Fwww.emiliosilveravazquez.com%2Fblog%2F2025%2F05%2F30%2Fsi-existe-la-perfeccion-estara-en-la-naturaleza-2%2F&amp;title=Si+existe+la+perfecci%C3%B3n%2C+estar%C3%A1+en+la+Naturaleza' title='BlinkList' target='_blank' rel='nofollow'><img src='http:\/\/www.emiliosilveravazquez.com\/blog\/wp-content\/plugins\/knxdt-bookmarks-wordpress-plugin\/images\/blinklist.png'  alt='' class='book_img' border='none' style='margin:1px; padding: 0;'  \/><\/a><\/span><span class='pushbutton'><a href='http:\/\/reddit.com\/submit?url=http%3A%2F%2Fwww.emiliosilveravazquez.com%2Fblog%2F2025%2F05%2F30%2Fsi-existe-la-perfeccion-estara-en-la-naturaleza-2%2F&amp;title=Si+existe+la+perfecci%C3%B3n%2C+estar%C3%A1+en+la+Naturaleza' title='Reddit' target='_blank' rel='nofollow'><img src='http:\/\/www.emiliosilveravazquez.com\/blog\/wp-content\/plugins\/knxdt-bookmarks-wordpress-plugin\/images\/reddit.png'  alt='' class='book_img' border='none' style='margin:1px; padding: 0;'  \/><\/a><\/span><span class='pushbutton'><a href='http:\/\/www.tecnologiadiaria.com\/2009\/07\/abrir-com-hotmail-correo.html' target='_blank' title='hotmail'><img src='http:\/\/www.emiliosilveravazquez.com\/blog\/wp-content\/plugins\/knxdt-bookmarks-wordpress-plugin\/images\/linklove.png' alt='hotmail correo' class='book_img' border='none' style='margin:1px; padding: 0;' \/><\/a><\/span><span class='pushbutton'><a href='http:\/\/bitacoras.com\/votar\/anotacion\/externo\/mini\/www.emiliosilveravazquez.com\/blog\/2025\/05\/30\/si-existe-la-perfeccion-estara-en-la-naturaleza-2\/' title='Bitacoras.com' target='_blank' rel='nofollow'><img src='http:\/\/www.emiliosilveravazquez.com\/blog\/wp-content\/plugins\/knxdt-bookmarks-wordpress-plugin\/images\/bitacoras.png'  alt='' class='book_img' border='none' style='margin:1px; padding: 0;'  \/><\/a><\/span><span class='pushbutton'><a href='http:\/\/www.wikio.es\/vote?url=http%3A%2F%2Fwww.emiliosilveravazquez.com%2Fblog%2F2025%2F05%2F30%2Fsi-existe-la-perfeccion-estara-en-la-naturaleza-2%2F' title='Wikio' target='_blank' rel='nofollow'><img src='http:\/\/www.emiliosilveravazquez.com\/blog\/wp-content\/plugins\/knxdt-bookmarks-wordpress-plugin\/images\/wikio.png'   alt='' class='book_img' border='none' style='margin:1px; padding: 0;'   \/><\/a><\/span><span class='pushbutton'><a href='http:\/\/friendfeed.com\/?url=http%3A%2F%2Fwww.emiliosilveravazquez.com%2Fblog%2F2025%2F05%2F30%2Fsi-existe-la-perfeccion-estara-en-la-naturaleza-2%2F&amp;title=Si+existe+la+perfecci%C3%B3n%2C+estar%C3%A1+en+la+Naturaleza' title='Friend Feed' target='_blank' rel='nofollow'><img src='http:\/\/www.emiliosilveravazquez.com\/blog\/wp-content\/plugins\/knxdt-bookmarks-wordpress-plugin\/images\/friendfeed.png'  alt='' class='book_img' border='none' style='margin:1px; padding: 0;'  \/><\/a><\/span><span class='pushbutton'><a href='http:\/\/www.facebook.com\/share.php?u=http%3A%2F%2Fwww.emiliosilveravazquez.com%2Fblog%2F2025%2F05%2F30%2Fsi-existe-la-perfeccion-estara-en-la-naturaleza-2%2F&amp;t=Si+existe+la+perfecci%C3%B3n%2C+estar%C3%A1+en+la+Naturaleza' title='Facebook' target='_blank' rel='nofollow'><img src='http:\/\/www.emiliosilveravazquez.com\/blog\/wp-content\/plugins\/knxdt-bookmarks-wordpress-plugin\/images\/facebook.png'  alt='' class='book_img' border='none' style='margin:1px; padding: 0;'  \/><\/a><\/span><span class='pushbutton'><a href='http:\/\/twitter.com\/home?status=Si+existe+la+perfecci%C3%B3n%2C+estar%C3%A1+en+la+Naturaleza: http%3A%2F%2Fwww.emiliosilveravazquez.com%2Fblog%2F2025%2F05%2F30%2Fsi-existe-la-perfeccion-estara-en-la-naturaleza-2%2F' title='Twitter' target='_blank' rel='nofollow'><img src='http:\/\/www.emiliosilveravazquez.com\/blog\/wp-content\/plugins\/knxdt-bookmarks-wordpress-plugin\/images\/twitter.png'  alt='' class='book_img' border='none' style='margin:1px; padding: 0;'  \/><\/a><\/span><span class='pushbutton'><a href='http:\/\/www.feedburner.com\/fb\/a\/emailFlare?itemTitle=Si+existe+la+perfecci%C3%B3n%2C+estar%C3%A1+en+la+Naturaleza&amp;uri=http%3A%2F%2Fwww.emiliosilveravazquez.com%2Fblog%2F2025%2F05%2F30%2Fsi-existe-la-perfeccion-estara-en-la-naturaleza-2%2F' title='Enviar por Email' target='_blank' rel='nofollow'><img src='http:\/\/www.emiliosilveravazquez.com\/blog\/wp-content\/plugins\/knxdt-bookmarks-wordpress-plugin\/images\/email.png'  alt='' class='book_img' border='none' style='margin:1px; padding: 0;'  \/><\/a><\/span><span style='font-weight:bold; padding-left: 5px;'><a href='http:\/\/wordpress.org\/extend\/plugins\/knxdt-bookmarks-wordpress-plugin\/' title='Plugin' rel='nofollow' target='_blank'>[?]<\/a><\/span><\/td><\/tr><\/table><br\/><br\/><\/div>","protected":false},"excerpt":{"rendered":"<p>&nbsp; &nbsp; &nbsp; \u00a0 \u00a0 \u00a0 \u00a0 \u00a0 \u00a0 \u00a0 \u00a0Paul Valery El Universo est\u00e1 construido seg\u00fan un plan cuya profunda simetr\u00eda est\u00e1 presente de alg\u00fan modo en la estructura interna de nuestro intelecto. Y, desde luego, si lo pensamos profundamente, tendremos que dar la raz\u00f3n a Paul Valery por tales pensamientos, ya que, la [&hellip;]<\/p>\n","protected":false},"author":2,"featured_media":0,"comment_status":"open","ping_status":"open","sticky":false,"template":"","format":"standard","meta":{"_s2mail":"yes","footnotes":""},"categories":[6],"tags":[],"_links":{"self":[{"href":"http:\/\/www.emiliosilveravazquez.com\/blog\/wp-json\/wp\/v2\/posts\/18492"}],"collection":[{"href":"http:\/\/www.emiliosilveravazquez.com\/blog\/wp-json\/wp\/v2\/posts"}],"about":[{"href":"http:\/\/www.emiliosilveravazquez.com\/blog\/wp-json\/wp\/v2\/types\/post"}],"author":[{"embeddable":true,"href":"http:\/\/www.emiliosilveravazquez.com\/blog\/wp-json\/wp\/v2\/users\/2"}],"replies":[{"embeddable":true,"href":"http:\/\/www.emiliosilveravazquez.com\/blog\/wp-json\/wp\/v2\/comments?post=18492"}],"version-history":[{"count":0,"href":"http:\/\/www.emiliosilveravazquez.com\/blog\/wp-json\/wp\/v2\/posts\/18492\/revisions"}],"wp:attachment":[{"href":"http:\/\/www.emiliosilveravazquez.com\/blog\/wp-json\/wp\/v2\/media?parent=18492"}],"wp:term":[{"taxonomy":"category","embeddable":true,"href":"http:\/\/www.emiliosilveravazquez.com\/blog\/wp-json\/wp\/v2\/categories?post=18492"},{"taxonomy":"post_tag","embeddable":true,"href":"http:\/\/www.emiliosilveravazquez.com\/blog\/wp-json\/wp\/v2\/tags?post=18492"}],"curies":[{"name":"wp","href":"https:\/\/api.w.org\/{rel}","templated":true}]}}