{"id":18438,"date":"2017-07-02T04:01:46","date_gmt":"2017-07-02T03:01:46","guid":{"rendered":"http:\/\/www.emiliosilveravazquez.com\/blog\/?p=18438"},"modified":"2017-07-02T04:01:46","modified_gmt":"2017-07-02T03:01:46","slug":"hablando-de-teorias-2","status":"publish","type":"post","link":"http:\/\/www.emiliosilveravazquez.com\/blog\/2017\/07\/02\/hablando-de-teorias-2\/","title":{"rendered":"Hablando de Teor\u00edas"},"content":{"rendered":"<p style=\"text-align: justify;\">Como Gauss, Riemann, Hamilton, Euler, Ramanujan y tantos otros antes, y ahora Perelman, pronto aparecer\u00e1n otros que, seguramente, nos dar\u00e1n las respuestas que a\u00fan est\u00e1n pendientes, para que podamos plantear la definitiva teor\u00eda decadimensional y tengamos las respuestas a tantas preguntas que no han sido contestadas.<\/p>\n<p style=\"text-align: justify;\"><img decoding=\"async\" src=\"http:\/\/k35.kn3.net\/taringa\/3\/3\/5\/1\/1\/6\/1\/attoga\/686.jpg?3454\" alt=\"Imagen relacionada\" \/><\/p>\n<p style=\"text-align: justify;\">Un d\u00eda <a href=\"#\" onclick=\"referencia('einstein',event); return false;\">Einstein<\/a> fue conducido a postular la teor\u00eda de la <a href=\"#\" onclick=\"referencia('relatividad',event); return false;\">relatividad<\/a> general partiendo de un principio f\u00edsico, el principio de equivalencia (que la masa gravitatoria y la masa inerte de un objeto son iguales, de modo que todos los cuerpos, por muy grande que sean, caen en la Tierra a la misma velocidad). Sin embargo, no se ha encontrado todav\u00eda la contrapartida del principio de equivalencia para la teor\u00eda de cuerdas.<\/p>\n<p style=\"text-align: justify;\"><img decoding=\"async\" src=\"http:\/\/francisthemulenews.files.wordpress.com\/2011\/10\/dibujo20111021_string_theory_in-condensed_matter_physics.png\" alt=\"Imagen relacionada\" \/><\/p>\n<p style=\"text-align: justify;\">Est\u00e1 claro, como dice Witten, que la teor\u00eda de cuerdas proporciona, de hecho, un marco l\u00f3gicamente consistente que engloba la gravedad y la mec\u00e1nica cu\u00e1ntica, pero el principio an\u00e1logo al de equivalencia que <a href=\"#\" onclick=\"referencia('einstein',event); return false;\">Einstein<\/a> encontr\u00f3 para su teor\u00eda no ha sido a\u00fan encontrado para la teor\u00eda de cuerdas.<\/p>\n<p style=\"text-align: justify;\">\u00bfTendremos que esperar (como para la soluci\u00f3n de la conjetura de Poincar\u00e9) cien a\u00f1os para resolver la <a href=\"#\" onclick=\"referencia('supercuerdas teoria',event); return false;\">teor\u00eda de supercuerdas<\/a>?<\/p>\n<p style=\"text-align: justify;\">\u00a1Qui\u00e9n sabe! El problema es muy complejo y encierra muchas cuestiones te\u00f3ricas que, experimentalmente, no estamos capacitados ni tenemos los medios para poder comprobar.<\/p>\n<p style=\"text-align: justify;\"><img decoding=\"async\" src=\"http:\/\/www.tiempodehoy.com\/var\/tiempo\/storage\/images\/media\/imagenes-y-videos\/grigori-perelman-el-matematico-que-demostro-la-conjetura-de-poincare-y-no-quiere-honores-ni-dinero\/387365-1-esl-ES\/grigori-perelman-el-matematico-que-demostro-la-conjetura-de-poincare-y-no-quiere-honores-ni-dinero_detalle_articulo.jpg\" alt=\"Resultado de imagen de No debemos desanimarnos, el sino de la humanidad, a lo largo de toda su historia, siempre ha sido una constante de ir salvando obst\u00e1culos que cuando se presentaban parec\u00edan insalvables.\" \/><\/p>\n<p style=\"text-align: justify;\">Perelman, un extra\u00f1o personaje ruso que, desvel\u00f3 el misterio de la Conjetura de Poincar\u00e9 despu\u00e9s de 100 a\u00f1os, y, no acudi\u00f3 a recoger ni la Medalla Field ni el Premio de un mill\u00f3n de dolores. Vive en un pueblecito de Rusia con su madre, en un piso de 60 metros cuadrados y, sale al campo con un canasto y un pincho para buscar setas. \u00c9l dice que el mundo no comprende lo que hace.<\/p>\n<p style=\"text-align: justify;\">No debemos desanimarnos, el sino de la humanidad, a lo largo de toda su historia, siempre ha sido una constante de ir salvando obst\u00e1culos que cuando se presentaban parec\u00edan insalvables.<\/p>\n<p style=\"text-align: justify;\">Ahora nuestra esperanza media de vida ronda los 80 a\u00f1os y el tiempo que tenemos por delante (me refiero al tiempo del universo) es muy largo. \u00bfQu\u00e9 no seremos capaces de conseguir?<\/p>\n<p style=\"text-align: justify;\">Basta repasar los logros de los \u00faltimos 150 a\u00f1os en las distintas ramas del saber humano para asombrarnos de la enorme capacidad de trabajo, sacrificio, inventiva e ingenio de nuestra especie que, sobre todo, tiene \u00a1\u00a1curiosidad!!<\/p>\n<p style=\"text-align: justify;\">Espero que sigamos as\u00ed, con esta curiosidad inanta que nos empuja a saber.<\/p>\n<p style=\"text-align: justify;\"><img decoding=\"async\" src=\"https:\/\/s-media-cache-ak0.pinimg.com\/736x\/85\/df\/de\/85dfdeebe375354d3bbf0d8f763b0997.jpg\" alt=\"Imagen relacionada\" \/><\/p>\n<p style=\"text-align: justify;\">Hay seres humanos que, desgraciadamente, por su lugar de nacimiento, su entorno, sus genes, e incluso en muchas ocasiones porque as\u00ed les interesa a quienes les explotan, se pasan la vida sin tener el m\u00e1s elemental conocimiento de las cuestiones importantes del mundo en el que habitan, de las fuerzas de la naturaleza que rigen en el universo del que, cual mota de polvo, forman parte.<\/p>\n<p style=\"text-align: justify;\">Su ignorancia es su felicidad. Trabajan, comen y duermen, como aut\u00e9nticos animales, sin gozar de esos momentos inigualables en los que, en posesi\u00f3n del conocimiento de las cosas, de las leyes de la naturaleza, sentimos con fuerza la conciencia de &#8220;SER&#8221;, ese pensamiento que nos lleva a un nivel superior, un nivel inmaterial y sublime al que hemos llamado\u00a0<em>alma<\/em>\u00a0y que en realidad es el don de la sabidur\u00eda, el saber buscar y encontrar el por qu\u00e9 de las cosas.<\/p>\n<p style=\"text-align: justify;\"><img decoding=\"async\" src=\"https:\/\/4.bp.blogspot.com\/-7wc1shjcrgU\/VDPI_D1y_GI\/AAAAAAAAh2s\/3xfqr824F2k\/s1600\/grutas-du_Roc_de_Cazelle_francia.JPG\" alt=\"Imagen relacionada\" \/><\/p>\n<p style=\"text-align: justify;\">Desde que atemorizados mir\u00e1bamos, en la tormenta, caer los rayos del cielo, o\u00edamos los truenos que segu\u00edan a los rel\u00e1mpagos y, hacinados en una cueva oscura y h\u00fameda nos resguard\u00e1bamos del fr\u00edo y de los peligros de la noche, desde entonces digo, muchas cosas han cambiado para nosotros.<\/p>\n<p style=\"text-align: justify;\">Ser\u00e1 mejor que no perdamos el inter\u00e9s por saber&#8230;<\/p>\n<p style=\"text-align: justify;\">\u00bfQu\u00e9 es&#8230;?<\/p>\n<p style=\"text-align: justify;\"><img decoding=\"async\" src=\"http:\/\/www.gwoptics.org\/images\/ebook\/Deformation.jpg\" alt=\"Resultado de imagen de Curvatura del Espaciotiempo\" \/><\/p>\n<p style=\"text-align: justify;\">La geometr\u00eda del Universo est\u00e1 determinada por los cuerpos que ocupan el Espacio-Tiempo<\/p>\n<p style=\"text-align: justify;\">Curvatura del espacio-tiempo, <a href=\"#\" onclick=\"referencia('relatividad',event); return false;\">relatividad<\/a>, <a href=\"#\" onclick=\"referencia('relatividad',event); return false;\">relatividad<\/a> especial, <a href=\"#\" onclick=\"referencia('relatividad',event); return false;\">relatividad<\/a> general, teor\u00eda cu\u00e1ntica, part\u00edcula elemental y part\u00edcula virtual, <a href=\"#\" onclick=\"referencia('densidad critica',event); return false;\">densidad cr\u00edtica<\/a> y densidad media de materia, estrella de <a href=\"#\" onclick=\"referencia('neutron',event); return false;\">neutrones<\/a>, <a href=\"#\" onclick=\"referencia('agujero negro',event); return false;\">agujero negro<\/a>, el <a href=\"#\" onclick=\"referencia('big bang',event); return false;\">Big Bang<\/a>, el <a href=\"#\" onclick=\"referencia('big crunch',event); return false; return false;\">Big Crunch<\/a>, el universo plano, abierto o cerrado, la <a href=\"#\" onclick=\"referencia('materia oscura',event); return false;\">materia oscura<\/a>;\u00a0 y, en fin, mil preguntas m\u00e1s que la mayor\u00eda de la gente no se las han planteado nunca y si oyeron hablar de ellas no saben a qu\u00e9 se refieren.<\/p>\n<p style=\"text-align: justify;\">As\u00ed que en el presente comentario (como es mi costumbre), vamos a explicar una serie de cosas que ocurren y est\u00e1n aqu\u00ed con nosotros en el universo, e incluso forman parte de nosotros mismos o hace posible que nosotros podamos estar aqu\u00ed.<\/p>\n<p style=\"text-align: justify;\"><img decoding=\"async\" src=\"https:\/\/ichef.bbci.co.uk\/news\/ws\/720\/amz\/worldservice\/live\/assets\/images\/2016\/02\/19\/160219155356_gravity_1_640x360_alamy_nocredit.jpg\" alt=\"Resultado de imagen de La Gravedad nos mantiene unidos a la superficie del planeta\" \/><\/p>\n<p style=\"text-align: justify;\">\u00bfQu\u00e9 har\u00edamos, por ejemplo, sin la gravedad que nos mantiene bien unidos a la superficie del planeta? Lo que vemos en la imagen&#8230; \u00a1Saldr\u00edamos flotando!<\/p>\n<p style=\"text-align: justify;\">\u00bfPor qu\u00e9 la velocidad de la luz es el l\u00edmite que impone el universo a la materia para moverse?<\/p>\n<p style=\"text-align: justify;\">El comienzo de este trabajo, la primera media p\u00e1gina, est\u00e1 lleno de preguntas y podr\u00edamos llenar toda la libreta preguntando algunas de las cosas que no sabemos.<\/p>\n<p style=\"text-align: justify;\"><img decoding=\"async\" src=\"https:\/\/upload.wikimedia.org\/wikipedia\/commons\/thumb\/4\/43\/Karl_Popper.jpg\/200px-Karl_Popper.jpg\" alt=\"Karl Popper.jpg\" \/><\/p>\n<p>Fue Popper el que dijo:<\/p>\n<blockquote><p><em>&#8220;Cu\u00e1nto m\u00e1s s\u00e9 y m\u00e1s profundizo en el conocimiento de las cosas, m\u00e1s consciente soy de lo poco que s\u00e9. Mi conocimiento es limitado, mi ignorancia&#8230;, infinita.&#8221;<\/em><\/p><\/blockquote>\n<p style=\"text-align: justify;\">Procuremos reducir esa ignorancia, al menos para que no sea infinita con el conocimiento de algunas cuestiones. Empezar\u00e9 por explicar lo que se entiende por&#8230;<\/p>\n<p style=\"text-align: justify;\"><strong>\u00a0<\/strong><\/p>\n<p style=\"text-align: justify;\"><strong>Curvatura del Espacio-Tiempo<\/strong><\/p>\n<p style=\"text-align: justify;\"><img decoding=\"async\" src=\"http:\/\/4.bp.blogspot.com\/-wmYKwhrR1C0\/TxY4ETTtWuI\/AAAAAAAABbw\/ZRRJqa__1fs\/s1600\/espacio-tiempo-universo-clasico-newton-einstein-esoterico.jpg\" alt=\"Resultado de imagen de curvatura del espacio tiempo\" \/><\/p>\n<p style=\"text-align: justify;\">\u00a0 \u00a0 \u00a0 \u00a0 \u00a0 El Espacio se curva en presencia de grandes masas y, el Tiempo, se distorsiona<\/p>\n<p style=\"text-align: justify;\">Hay que entender que el espacio-tiempo es la descripci\u00f3n en cuatro dimensiones del universo en la que la posici\u00f3n de un objeto se especifica por tres coordenadas en el espacio y una en el tiempo.<\/p>\n<p style=\"text-align: justify;\">De acuerdo con la <a href=\"#\" onclick=\"referencia('relatividad',event); return false;\">relatividad<\/a> especial, no existe un tiempo absoluto que pueda ser medido con independencia del observador, de manera que eventos simult\u00e1neos para un observador ocurren en instantes diferentes vistos desde otro lugar. El tiempo puede ser medido, por tanto, de manera relativa, como lo son las posiciones en el espacio (Euclides) tridimensional, y esto puede conseguirse mediante el concepto de espacio-tiempo. La trayectoria de un objeto en el espacio-tiempo se denomina por el nombre de\u00a0<em><a href=\"#\" onclick=\"referencia('linea de universo',event); return false;\">l\u00ednea de universo<\/a><\/em>. La <a href=\"#\" onclick=\"referencia('relatividad',event); return false;\">relatividad<\/a> general nos explica lo que es un espacio-tiempo curvo con las posiciones y movimientos de las part\u00edculas de materia.<\/p>\n<p style=\"text-align: justify;\"><img decoding=\"async\" src=\"https:\/\/image.slidesharecdn.com\/gravedad-151105203211-lva1-app6891\/95\/la-curvatura-del-espaciotiempo-9-638.jpg?cb=1446757411\" alt=\"Resultado de imagen de Curvatura del Espacio Tiempo\" \/><\/p>\n<p style=\"text-align: justify;\">La curvatura del espacio-tiempo es la propiedad del espacio-tiempo en la que las leyes familiares de la geometr\u00eda no son aplicables en regiones donde los campos gravitatorios son intensos. La <a href=\"#\" onclick=\"referencia('relatividad',event); return false;\">relatividad<\/a> general de <a href=\"#\" onclick=\"referencia('einstein',event); return false;\">Einstein<\/a>, nos explica y demuestra que el espacio-tiempo est\u00e1 \u00edntimamente relacionado con la distribuci\u00f3n de materia en el universo, y nos dice que el espacio se curva en presencia de masas considerables como planetas, estrellas o galaxias (entre otros).<\/p>\n<p style=\"text-align: justify;\">En un espacio de s\u00f3lo dos dimensiones, como una l\u00e1mina de goma plana, la geometr\u00eda de Euclides se aplica de manera que la suma de los \u00e1ngulos internos de un tri\u00e1ngulo en la l\u00e1mina es de 180\u00b0. Si colocamos un objeto masivo sobre la l\u00e1mina de goma, la l\u00e1mina se distorsionar\u00e1 y los caminos de los objetos que se muevan sobre ella se curvaran. Esto es, en esencia, lo que ocurre en <a href=\"#\" onclick=\"referencia('relatividad',event); return false;\">relatividad<\/a> general.<\/p>\n<p style=\"text-align: justify;\"><img decoding=\"async\" src=\"https:\/\/image.slidesharecdn.com\/lateoradeltodo-copy-150607224712-lva1-app6891\/95\/la-teora-del-todo-stephen-hawking-15-638.jpg?cb=1433717332\" alt=\"Imagen relacionada\" \/><img decoding=\"async\" src=\"https:\/\/image.slidesharecdn.com\/lateoradeltodo-copy-150607224712-lva1-app6891\/95\/la-teora-del-todo-stephen-hawking-16-638.jpg?cb=1433717332\" alt=\"Imagen relacionada\" \/><\/p>\n<p style=\"text-align: justify;\"><img decoding=\"async\" src=\"https:\/\/image.slidesharecdn.com\/lateoradeltodo-copy-150607224712-lva1-app6891\/95\/la-teora-del-todo-stephen-hawking-17-638.jpg?cb=1433717332\" alt=\"Imagen relacionada\" \/><\/p>\n<p style=\"text-align: justify;\">En los modelos cosmol\u00f3gicos m\u00e1s sencillos basados en los modelos de Friedmann, la curvatura de espacio-tiempo est\u00e1 relacionada simplemente con la densidad media de la materia, y se describe por una funci\u00f3n matem\u00e1tica denominada m\u00e9trica de Robertson-Walker. Si un universo tiene una densidad mayor que la <a href=\"#\" onclick=\"referencia('densidad critica',event); return false;\">densidad cr\u00edtica<\/a>, se dice que tiene curvatura positiva, queriendo decir que el espacio-tiempo est\u00e1 curvado sobre s\u00ed mismo, como la superficie de una esfera; la suma de los \u00e1ngulos de un tri\u00e1ngulo que se dibuje sobre la esfera es entonces mayor que 180\u00b0. Dicho universo ser\u00eda infinito y se expandir\u00eda para siempre, es el universo abierto. Un universo de <a href=\"#\" onclick=\"referencia('einstein',event); return false;\">Einstein<\/a>-de Sitter tiene <a href=\"#\" onclick=\"referencia('densidad critica',event); return false;\">densidad cr\u00edtica<\/a> exacta y es, por consiguiente, espacialmente plano (euclideo) infinito en el espacio y en el tiempo.<\/p>\n<p style=\"text-align: justify;\">Hay otros modelos de universos que son distintos, sin embargo, como en realidad no podemos saber en el universo que nos encontramos hasta que no tengamos la certeza de la Densidad de la Materia que el universo contiene, lo dejar\u00e9 aqu\u00ed por hoy.<\/p>\n<p style=\"text-align: justify;\">emilio silvera.<\/p>\n<div class='bookmark'>\r\n\t\t<table align='left' border='0' cellpadding='0' width='100%'>\r\n\t\t<tr><td><span class='pushbutton'><a href='http:\/\/delicious.com\/post?url=http%3A%2F%2Fwww.emiliosilveravazquez.com%2Fblog%2F2017%2F07%2F02%2Fhablando-de-teorias-2%2F&amp;title=Hablando+de+Teor%C3%ADas' title='Delicious' target='_blank' rel='nofollow'><img src='http:\/\/www.emiliosilveravazquez.com\/blog\/wp-content\/plugins\/knxdt-bookmarks-wordpress-plugin\/images\/delicious.png'  alt='' class='book_img' border='none' style='margin:1px; padding: 0;'  \/><\/a><\/span><span class='pushbutton'><a href='http:\/\/digg.com\/submit?url=http%3A%2F%2Fwww.emiliosilveravazquez.com%2Fblog%2F2017%2F07%2F02%2Fhablando-de-teorias-2%2F&amp;title=Hablando+de+Teor%C3%ADas' title='Digg' target='_blank' rel='nofollow'><img src='http:\/\/www.emiliosilveravazquez.com\/blog\/wp-content\/plugins\/knxdt-bookmarks-wordpress-plugin\/images\/digg.png'  alt='' class='book_img' border='none' style='margin:1px; padding: 0;'  \/><\/a><\/span><span class='pushbutton'><a href='http:\/\/www.google.com\/bookmarks\/mark?op=edit&amp;bkmk=http%3A%2F%2Fwww.emiliosilveravazquez.com%2Fblog%2F2017%2F07%2F02%2Fhablando-de-teorias-2%2F&amp;title=Hablando+de+Teor%C3%ADas' title='Google' target='_blank' rel='nofollow'><img src='http:\/\/www.emiliosilveravazquez.com\/blog\/wp-content\/plugins\/knxdt-bookmarks-wordpress-plugin\/images\/google.png'   alt='' class='book_img' border='none' style='margin:1px; padding: 0;'  \/><\/a><\/span><span class='pushbutton'><a href='http:\/\/myweb2.search.yahoo.com\/myresults\/bookmarklet?u=http%3A%2F%2Fwww.emiliosilveravazquez.com%2Fblog%2F2017%2F07%2F02%2Fhablando-de-teorias-2%2F&amp;t=Hablando+de+Teor%C3%ADas' title='Yahoo' target='_blank' rel='nofollow'><img src='http:\/\/www.emiliosilveravazquez.com\/blog\/wp-content\/plugins\/knxdt-bookmarks-wordpress-plugin\/images\/yahoo.png'  alt='' class='book_img' border='none' style='margin:1px; padding: 0;'  \/><\/a><\/span><span class='pushbutton'><a href='http:\/\/www.technorati.com\/faves?add=http%3A%2F%2Fwww.emiliosilveravazquez.com%2Fblog%2F2017%2F07%2F02%2Fhablando-de-teorias-2%2F' title='Technorati' target='_blank' rel='nofollow'><img src='http:\/\/www.emiliosilveravazquez.com\/blog\/wp-content\/plugins\/knxdt-bookmarks-wordpress-plugin\/images\/technorati.png'  alt='' class='book_img' border='none' style='margin:1px; padding: 0;'  \/><\/a><\/span><span class='pushbutton'><a href='http:\/\/meneame.net\/submit.php?url=http%3A%2F%2Fwww.emiliosilveravazquez.com%2Fblog%2F2017%2F07%2F02%2Fhablando-de-teorias-2%2F' title='Meneame' target='_blank' rel='nofollow'><img src='http:\/\/www.emiliosilveravazquez.com\/blog\/wp-content\/plugins\/knxdt-bookmarks-wordpress-plugin\/images\/meneame.png'  alt='' class='book_img' border='none' style='margin:1px; padding: 0;'  \/><\/a><\/span><span class='pushbutton'><a href='http:\/\/enchilame.com\/submit.php?url=http:\/\/www.emiliosilveravazquez.com\/blog\/2017\/07\/02\/hablando-de-teorias-2\/' target='_blank' rel='nofollow'><img title='Enchilame' src='http:\/\/www.emiliosilveravazquez.com\/blog\/wp-content\/plugins\/knxdt-bookmarks-wordpress-plugin\/images\/enchilame.png'  alt='' class='book_img' border='none' style='margin:1px; padding: 0;'  \/><\/a><\/span><span class='pushbutton'><a href='http:\/\/www.blinklist.com\/index.php?Action=Blink\/addblink.php&amp;Description=&amp;Url=http%3A%2F%2Fwww.emiliosilveravazquez.com%2Fblog%2F2017%2F07%2F02%2Fhablando-de-teorias-2%2F&amp;title=Hablando+de+Teor%C3%ADas' title='BlinkList' target='_blank' rel='nofollow'><img src='http:\/\/www.emiliosilveravazquez.com\/blog\/wp-content\/plugins\/knxdt-bookmarks-wordpress-plugin\/images\/blinklist.png'  alt='' class='book_img' border='none' style='margin:1px; padding: 0;'  \/><\/a><\/span><span class='pushbutton'><a href='http:\/\/reddit.com\/submit?url=http%3A%2F%2Fwww.emiliosilveravazquez.com%2Fblog%2F2017%2F07%2F02%2Fhablando-de-teorias-2%2F&amp;title=Hablando+de+Teor%C3%ADas' title='Reddit' target='_blank' rel='nofollow'><img src='http:\/\/www.emiliosilveravazquez.com\/blog\/wp-content\/plugins\/knxdt-bookmarks-wordpress-plugin\/images\/reddit.png'  alt='' class='book_img' border='none' style='margin:1px; padding: 0;'  \/><\/a><\/span><span class='pushbutton'><a href='http:\/\/www.tecnologiadiaria.com\/2009\/07\/abrir-com-hotmail-correo.html' target='_blank' title='hotmail'><img src='http:\/\/www.emiliosilveravazquez.com\/blog\/wp-content\/plugins\/knxdt-bookmarks-wordpress-plugin\/images\/linklove.png' alt='hotmail correo' class='book_img' border='none' style='margin:1px; padding: 0;' \/><\/a><\/span><span class='pushbutton'><a href='http:\/\/bitacoras.com\/votar\/anotacion\/externo\/mini\/www.emiliosilveravazquez.com\/blog\/2017\/07\/02\/hablando-de-teorias-2\/' title='Bitacoras.com' target='_blank' rel='nofollow'><img src='http:\/\/www.emiliosilveravazquez.com\/blog\/wp-content\/plugins\/knxdt-bookmarks-wordpress-plugin\/images\/bitacoras.png'  alt='' class='book_img' border='none' style='margin:1px; padding: 0;'  \/><\/a><\/span><span class='pushbutton'><a href='http:\/\/www.wikio.es\/vote?url=http%3A%2F%2Fwww.emiliosilveravazquez.com%2Fblog%2F2017%2F07%2F02%2Fhablando-de-teorias-2%2F' title='Wikio' target='_blank' rel='nofollow'><img src='http:\/\/www.emiliosilveravazquez.com\/blog\/wp-content\/plugins\/knxdt-bookmarks-wordpress-plugin\/images\/wikio.png'   alt='' class='book_img' border='none' style='margin:1px; padding: 0;'   \/><\/a><\/span><span class='pushbutton'><a href='http:\/\/friendfeed.com\/?url=http%3A%2F%2Fwww.emiliosilveravazquez.com%2Fblog%2F2017%2F07%2F02%2Fhablando-de-teorias-2%2F&amp;title=Hablando+de+Teor%C3%ADas' title='Friend Feed' target='_blank' rel='nofollow'><img src='http:\/\/www.emiliosilveravazquez.com\/blog\/wp-content\/plugins\/knxdt-bookmarks-wordpress-plugin\/images\/friendfeed.png'  alt='' class='book_img' border='none' style='margin:1px; padding: 0;'  \/><\/a><\/span><span class='pushbutton'><a href='http:\/\/www.facebook.com\/share.php?u=http%3A%2F%2Fwww.emiliosilveravazquez.com%2Fblog%2F2017%2F07%2F02%2Fhablando-de-teorias-2%2F&amp;t=Hablando+de+Teor%C3%ADas' title='Facebook' target='_blank' rel='nofollow'><img src='http:\/\/www.emiliosilveravazquez.com\/blog\/wp-content\/plugins\/knxdt-bookmarks-wordpress-plugin\/images\/facebook.png'  alt='' class='book_img' border='none' style='margin:1px; padding: 0;'  \/><\/a><\/span><span class='pushbutton'><a href='http:\/\/twitter.com\/home?status=Hablando+de+Teor%C3%ADas: http%3A%2F%2Fwww.emiliosilveravazquez.com%2Fblog%2F2017%2F07%2F02%2Fhablando-de-teorias-2%2F' title='Twitter' target='_blank' rel='nofollow'><img src='http:\/\/www.emiliosilveravazquez.com\/blog\/wp-content\/plugins\/knxdt-bookmarks-wordpress-plugin\/images\/twitter.png'  alt='' class='book_img' border='none' style='margin:1px; padding: 0;'  \/><\/a><\/span><span class='pushbutton'><a href='http:\/\/www.feedburner.com\/fb\/a\/emailFlare?itemTitle=Hablando+de+Teor%C3%ADas&amp;uri=http%3A%2F%2Fwww.emiliosilveravazquez.com%2Fblog%2F2017%2F07%2F02%2Fhablando-de-teorias-2%2F' title='Enviar por Email' target='_blank' rel='nofollow'><img src='http:\/\/www.emiliosilveravazquez.com\/blog\/wp-content\/plugins\/knxdt-bookmarks-wordpress-plugin\/images\/email.png'  alt='' class='book_img' border='none' style='margin:1px; padding: 0;'  \/><\/a><\/span><span style='font-weight:bold; padding-left: 5px;'><a href='http:\/\/wordpress.org\/extend\/plugins\/knxdt-bookmarks-wordpress-plugin\/' title='Plugin' rel='nofollow' target='_blank'>[?]<\/a><\/span><\/td><\/tr><\/table><br\/><br\/><\/div>","protected":false},"excerpt":{"rendered":"<p>Como Gauss, Riemann, Hamilton, Euler, Ramanujan y tantos otros antes, y ahora Perelman, pronto aparecer\u00e1n otros que, seguramente, nos dar\u00e1n las respuestas que a\u00fan est\u00e1n pendientes, para que podamos plantear la definitiva teor\u00eda decadimensional y tengamos las respuestas a tantas preguntas que no han sido contestadas. Un d\u00eda Einstein fue conducido a postular la teor\u00eda [&hellip;]<\/p>\n","protected":false},"author":2,"featured_media":0,"comment_status":"open","ping_status":"open","sticky":false,"template":"","format":"standard","meta":{"_s2mail":"yes","footnotes":""},"categories":[6],"tags":[],"_links":{"self":[{"href":"http:\/\/www.emiliosilveravazquez.com\/blog\/wp-json\/wp\/v2\/posts\/18438"}],"collection":[{"href":"http:\/\/www.emiliosilveravazquez.com\/blog\/wp-json\/wp\/v2\/posts"}],"about":[{"href":"http:\/\/www.emiliosilveravazquez.com\/blog\/wp-json\/wp\/v2\/types\/post"}],"author":[{"embeddable":true,"href":"http:\/\/www.emiliosilveravazquez.com\/blog\/wp-json\/wp\/v2\/users\/2"}],"replies":[{"embeddable":true,"href":"http:\/\/www.emiliosilveravazquez.com\/blog\/wp-json\/wp\/v2\/comments?post=18438"}],"version-history":[{"count":0,"href":"http:\/\/www.emiliosilveravazquez.com\/blog\/wp-json\/wp\/v2\/posts\/18438\/revisions"}],"wp:attachment":[{"href":"http:\/\/www.emiliosilveravazquez.com\/blog\/wp-json\/wp\/v2\/media?parent=18438"}],"wp:term":[{"taxonomy":"category","embeddable":true,"href":"http:\/\/www.emiliosilveravazquez.com\/blog\/wp-json\/wp\/v2\/categories?post=18438"},{"taxonomy":"post_tag","embeddable":true,"href":"http:\/\/www.emiliosilveravazquez.com\/blog\/wp-json\/wp\/v2\/tags?post=18438"}],"curies":[{"name":"wp","href":"https:\/\/api.w.org\/{rel}","templated":true}]}}