{"id":18354,"date":"2018-05-13T06:27:21","date_gmt":"2018-05-13T05:27:21","guid":{"rendered":"http:\/\/www.emiliosilveravazquez.com\/blog\/?p=18354"},"modified":"2018-05-13T05:27:37","modified_gmt":"2018-05-13T04:27:37","slug":"siempre-hemos-pensado-en-la-inmortalidad-imposible","status":"publish","type":"post","link":"http:\/\/www.emiliosilveravazquez.com\/blog\/2018\/05\/13\/siempre-hemos-pensado-en-la-inmortalidad-imposible\/","title":{"rendered":"Siempre hemos pensado en la inmortalidad&#8230; Imposible."},"content":{"rendered":"<h1 style=\"text-align: justify;\">Mukherjee:&#8221;No creo en la inmortalidad, pero s\u00ed seremos capaces de clonarnos&#8221;<\/h1>\n<p>&nbsp;<\/p>\n<div style=\"text-align: justify;\">\n<div>\n<figure>\n<figure itemtype=\"https:\/\/schema.org\/ImageObject\" itemscope=\"\" itemprop=\"image\"><img decoding=\"async\" id=\"2569384\" src=\"http:\/\/s04.s3c.es\/imag\/efe\/2017\/06\/19\/20170619-13105118w.jpg\" alt=\"\/imag\/efe\/2017\/06\/19\/20170619-13105118w.jpg\" \/> <\/figure>\n<\/figure>\n<\/div>\n<div>\n<h2><\/h2>\n<h2>Enlaces relacionados<\/h2>\n<p>&nbsp;<\/p>\n<ul>\n<li><a href=\"http:\/\/ecodiario.eleconomista.es\/ciencia\/noticias\/8440310\/06\/17\/MukherjeeNo-creo-en-la-inmortalidad-pero-si-seremos-capaces-de-clonarnos.html\">Mukherjee:&#8221;No creo en la inmortalidad, pero s\u00ed seremos capaces de clonarnos&#8221; (19\/06)<\/a><\/li>\n<\/ul>\n<p>&nbsp;<\/p>\n<\/div>\n<\/div>\n<p style=\"text-align: justify;\">Barcelona, 19 jun (EFE).- Leer &#8220;El gen. Una historia \u00edntima&#8221; y escuchar al reconocido cient\u00edfico y onc\u00f3logo Siddhartha Mukherjee provoca v\u00e9rtigo. Habla de que en unos a\u00f1os ser\u00e1 posible contar con una suerte de &#8220;cartograf\u00eda del destino y del genoma humano&#8221;, pero se pregunta si &#8220;estamos preparados para ello&#8221;.<\/p>\n<p style=\"text-align: justify;\">\n<p style=\"text-align: justify;\">\n<p style=\"text-align: justify;\"><img decoding=\"async\" src=\"http:\/\/www.genagen.es\/wp-content\/uploads\/2013\/08\/gen.jpg\" alt=\"Resultado de imagen de Los genes\" \/><\/p>\n<p style=\"text-align: justify;\">\n<p style=\"text-align: justify;\">\n<p style=\"text-align: justify;\">\n<p style=\"text-align: justify;\">En una entrevista con Efe, este ganador del premio Pulitzer de no ficci\u00f3n en 2011 con &#8220;El Emperador de todos los males. Una biograf\u00eda del c\u00e1ncer&#8221;, indica que no cree que el hombre llegue a ser inmortal, pero s\u00ed advierte de que ser\u00e1 posible &#8220;la clonaci\u00f3n de uno mismo, contar con un clon gen\u00e9tico&#8221;.<\/p>\n<p style=\"text-align: justify;\">Did\u00e1ctico y con ganas de que sus conocimientos lleguen a todos los rincones del mundo, este m\u00e9dico de origen bengal\u00ed y con una familia en la que hay varios casos de trastornos mentales, de origen gen\u00e9tico, explica que gracias a los diferentes avances cient\u00edficos de los \u00faltimos a\u00f1os algunas personas, especialmente en las sociedades occidentales, ampliar\u00e1n su esperanza de vida hasta los 100 o los 110 a\u00f1os, lo que supondr\u00e1 cambios &#8220;fundamentales&#8221; en las estructuras sociales.<\/p>\n<p style=\"text-align: justify;\">\n<p style=\"text-align: justify;\">\n<p style=\"text-align: justify;\">\n<p style=\"text-align: justify;\"><img decoding=\"async\" src=\"https:\/\/www.unrc.edu.ar\/publicar\/25\/figuracolorcadena.gif\" alt=\"Resultado de imagen de Los genes\" \/><\/p>\n<p style=\"text-align: justify;\">\n<p style=\"text-align: justify;\">\n<p style=\"text-align: justify;\">Comenta que mientras ayer en Oxford (Inglaterra) ve\u00eda unos dibujos de Rafael, un hombre que muri\u00f3 con apenas 37 &#8220;con todas la grandes obras acabadas y en un momento en el que la esperanza de vida era de unos 45, 50 a\u00f1os&#8221;, hoy la esperanza se ha ampliado en unos 30 a\u00f1os, y &#8220;en un futuro se ampliar\u00e1 m\u00e1s y veremos a bastante gente centenaria&#8221;.<\/p>\n<p style=\"text-align: justify;\">&#8220;No creo que consigamos la inmortalidad dura, pero s\u00ed la blanda&#8221;. &#8220;\u00bfY qu\u00e9 quiere decir blanda?&#8221;, se pregunta a s\u00ed mismo.<\/p>\n<p style=\"text-align: justify;\">A su juicio, ser\u00e1 posible que a trav\u00e9s de diarios, fotograf\u00edas, v\u00eddeos &#8220;toda la informaci\u00f3n de nuestras vidas pueda quedar perpetuamente registrada y sin que se deteriore&#8221;.<\/p>\n<p style=\"text-align: justify;\">Si a eso se le suma que &#8220;seremos capaces de clonarnos a nosotros mismos, de tener un clon gen\u00e9tico y registrar toda la informaci\u00f3n de cada uno de nosotros en una especie de disco duro, si combinamos la clonaci\u00f3n gen\u00e9tica de cada uno con toda la informaci\u00f3n, \u00bfesto puede ser la inmortalidad?, no lo s\u00e9&#8221;, apostilla.<\/p>\n<p style=\"text-align: justify;\">\n<p style=\"text-align: justify;\">\n<p style=\"text-align: justify;\"><img decoding=\"async\" src=\"http:\/\/lamalledesvt.chispasdesal.es\/wp-content\/uploads\/2013\/04\/299349136_640.jpg\" alt=\"Resultado de imagen de Los genes\" \/><\/p>\n<p style=\"text-align: justify;\">\n<p style=\"text-align: justify;\">\n<p style=\"text-align: justify;\">En &#8220;El Gen. Una historia \u00edntima&#8221; (Debate\/La Campana), recorre a lo largo de m\u00e1s de 700 p\u00e1ginas y durante varios siglos las investigaciones llevadas a cabo para descifrar el c\u00f3digo principal que conforma y define a los humanos, lo que determina que seamos de una determinada manera, tanto por dentro como por fuera.<\/p>\n<p style=\"text-align: justify;\">Se trata del relato del nacimiento, el desarrollo y el futuro de uno de los conceptos &#8220;m\u00e1s poderosos y m\u00e1s peligrosos de la historia de la ciencia&#8221;.<\/p>\n<p style=\"text-align: justify;\">Mukherjee ha dejado claro que los genes &#8220;afectan vidas, no son algo abstracto, no nos quedan lejos, son algo \u00edntimo y muy personal&#8221;.<\/p>\n<p style=\"text-align: justify;\">Es por ello, que como ahora en Barcelona, donde participar\u00e1 en &#8220;Les Converses a La Pedrera&#8221;, quiere divulgar todas sus investigaciones y alertar sobre la denominada &#8220;soberan\u00eda gen\u00e9tica. \u00bfLa debemos tener todos o solo unos pocos, los que tienen m\u00e1s dinero? Y si eso ocurriera, \u00bfqu\u00e9 sociedad ser\u00eda \u00e9sta?&#8221;, ha vuelto a preguntarse.<\/p>\n<p style=\"text-align: justify;\">&#8220;\u00bfQu\u00e9 ocurrir\u00eda con algo que afecta al n\u00facleo del ser humano si solo lo controlan los ricos?. Supondr\u00eda una brecha de lo que significa ser humano&#8221;, ha apuntado.<\/p>\n<p style=\"text-align: justify;\">Para el cient\u00edfico indio-americano es necesario que los debates no se queden en los laboratorios y que se extiendan &#8220;y que la gente conozca la historia, el vocabulario, qu\u00e9 significa herencia y hasta d\u00f3nde hemos llegado. Todo debe ser p\u00fablico, porque m\u00e1s all\u00e1 del campo de la ciencia, el genoma humano es lo m\u00e1s humano que tenemos&#8221;.<\/p>\n<p style=\"text-align: justify;\">\n<p style=\"text-align: justify;\">\n<p style=\"text-align: justify;\"><img decoding=\"async\" src=\"http:\/\/www.pelirrojos.org\/pics\/cromosomas-humanos-pelirrojos-3.jpg.jpg\" alt=\"Resultado de imagen de Los genes\" \/><\/p>\n<p style=\"text-align: justify;\">\n<p style=\"text-align: justify;\">\n<p style=\"text-align: justify;\">Por otra parte, ha subrayado que &#8220;el mundo al que nos enfrentamos es muy extra\u00f1o&#8221;, con una tecnolog\u00eda tan avanzada que permite &#8220;elaborar patrones de riesgo, imperceptibles al ojo humano, que escapan al cerebro humano&#8221;.<\/p>\n<p style=\"text-align: justify;\">Padre de dos hijas y con una familia en la que hay diversos casos conocidos de esquizofrenia o trastornos bipolares, hoy ha precisado que, sin embargo, nunca ha secuenciado su genoma, ni tampoco quiere conocer el riesgo que tienen sus hijas de sufrir alguna enfermedad mental para que no cambie su relaci\u00f3n con ellas.<\/p>\n<p style=\"text-align: justify;\">Siddhartha Mukherjee, que siempre calza zuecos, espera que igual que en 1975 se celebr\u00f3 el Congreso de Asilomar donde se propuso hacer una &#8220;moratoria&#8221; sobre el uso del ADN recombinando, ahora se organice una suerte de &#8220;Asilomar II&#8221; para tratar sobre el futuro del genoma humano.<\/p>\n<p style=\"text-align: justify;\">Irene Dalmases<\/p>\n<div class='bookmark'>\r\n\t\t<table align='left' border='0' cellpadding='0' width='100%'>\r\n\t\t<tr><td><span class='pushbutton'><a href='http:\/\/delicious.com\/post?url=http%3A%2F%2Fwww.emiliosilveravazquez.com%2Fblog%2F2018%2F05%2F13%2Fsiempre-hemos-pensado-en-la-inmortalidad-imposible%2F&amp;title=Siempre+hemos+pensado+en+la+inmortalidad%26%238230%3B+Imposible.' title='Delicious' target='_blank' rel='nofollow'><img src='http:\/\/www.emiliosilveravazquez.com\/blog\/wp-content\/plugins\/knxdt-bookmarks-wordpress-plugin\/images\/delicious.png'  alt='' class='book_img' border='none' style='margin:1px; padding: 0;'  \/><\/a><\/span><span class='pushbutton'><a href='http:\/\/digg.com\/submit?url=http%3A%2F%2Fwww.emiliosilveravazquez.com%2Fblog%2F2018%2F05%2F13%2Fsiempre-hemos-pensado-en-la-inmortalidad-imposible%2F&amp;title=Siempre+hemos+pensado+en+la+inmortalidad%26%238230%3B+Imposible.' title='Digg' target='_blank' rel='nofollow'><img src='http:\/\/www.emiliosilveravazquez.com\/blog\/wp-content\/plugins\/knxdt-bookmarks-wordpress-plugin\/images\/digg.png'  alt='' class='book_img' border='none' style='margin:1px; padding: 0;'  \/><\/a><\/span><span class='pushbutton'><a href='http:\/\/www.google.com\/bookmarks\/mark?op=edit&amp;bkmk=http%3A%2F%2Fwww.emiliosilveravazquez.com%2Fblog%2F2018%2F05%2F13%2Fsiempre-hemos-pensado-en-la-inmortalidad-imposible%2F&amp;title=Siempre+hemos+pensado+en+la+inmortalidad%26%238230%3B+Imposible.' title='Google' target='_blank' rel='nofollow'><img src='http:\/\/www.emiliosilveravazquez.com\/blog\/wp-content\/plugins\/knxdt-bookmarks-wordpress-plugin\/images\/google.png'   alt='' class='book_img' border='none' style='margin:1px; padding: 0;'  \/><\/a><\/span><span class='pushbutton'><a href='http:\/\/myweb2.search.yahoo.com\/myresults\/bookmarklet?u=http%3A%2F%2Fwww.emiliosilveravazquez.com%2Fblog%2F2018%2F05%2F13%2Fsiempre-hemos-pensado-en-la-inmortalidad-imposible%2F&amp;t=Siempre+hemos+pensado+en+la+inmortalidad%26%238230%3B+Imposible.' title='Yahoo' target='_blank' rel='nofollow'><img src='http:\/\/www.emiliosilveravazquez.com\/blog\/wp-content\/plugins\/knxdt-bookmarks-wordpress-plugin\/images\/yahoo.png'  alt='' class='book_img' border='none' style='margin:1px; padding: 0;'  \/><\/a><\/span><span class='pushbutton'><a href='http:\/\/www.technorati.com\/faves?add=http%3A%2F%2Fwww.emiliosilveravazquez.com%2Fblog%2F2018%2F05%2F13%2Fsiempre-hemos-pensado-en-la-inmortalidad-imposible%2F' title='Technorati' target='_blank' rel='nofollow'><img src='http:\/\/www.emiliosilveravazquez.com\/blog\/wp-content\/plugins\/knxdt-bookmarks-wordpress-plugin\/images\/technorati.png'  alt='' class='book_img' border='none' style='margin:1px; padding: 0;'  \/><\/a><\/span><span class='pushbutton'><a href='http:\/\/meneame.net\/submit.php?url=http%3A%2F%2Fwww.emiliosilveravazquez.com%2Fblog%2F2018%2F05%2F13%2Fsiempre-hemos-pensado-en-la-inmortalidad-imposible%2F' title='Meneame' target='_blank' rel='nofollow'><img src='http:\/\/www.emiliosilveravazquez.com\/blog\/wp-content\/plugins\/knxdt-bookmarks-wordpress-plugin\/images\/meneame.png'  alt='' class='book_img' border='none' style='margin:1px; padding: 0;'  \/><\/a><\/span><span class='pushbutton'><a href='http:\/\/enchilame.com\/submit.php?url=http:\/\/www.emiliosilveravazquez.com\/blog\/2018\/05\/13\/siempre-hemos-pensado-en-la-inmortalidad-imposible\/' target='_blank' rel='nofollow'><img title='Enchilame' src='http:\/\/www.emiliosilveravazquez.com\/blog\/wp-content\/plugins\/knxdt-bookmarks-wordpress-plugin\/images\/enchilame.png'  alt='' class='book_img' border='none' style='margin:1px; padding: 0;'  \/><\/a><\/span><span class='pushbutton'><a href='http:\/\/www.blinklist.com\/index.php?Action=Blink\/addblink.php&amp;Description=&amp;Url=http%3A%2F%2Fwww.emiliosilveravazquez.com%2Fblog%2F2018%2F05%2F13%2Fsiempre-hemos-pensado-en-la-inmortalidad-imposible%2F&amp;title=Siempre+hemos+pensado+en+la+inmortalidad%26%238230%3B+Imposible.' title='BlinkList' target='_blank' rel='nofollow'><img src='http:\/\/www.emiliosilveravazquez.com\/blog\/wp-content\/plugins\/knxdt-bookmarks-wordpress-plugin\/images\/blinklist.png'  alt='' class='book_img' border='none' style='margin:1px; padding: 0;'  \/><\/a><\/span><span class='pushbutton'><a href='http:\/\/reddit.com\/submit?url=http%3A%2F%2Fwww.emiliosilveravazquez.com%2Fblog%2F2018%2F05%2F13%2Fsiempre-hemos-pensado-en-la-inmortalidad-imposible%2F&amp;title=Siempre+hemos+pensado+en+la+inmortalidad%26%238230%3B+Imposible.' title='Reddit' target='_blank' rel='nofollow'><img src='http:\/\/www.emiliosilveravazquez.com\/blog\/wp-content\/plugins\/knxdt-bookmarks-wordpress-plugin\/images\/reddit.png'  alt='' class='book_img' border='none' style='margin:1px; padding: 0;'  \/><\/a><\/span><span class='pushbutton'><a href='http:\/\/www.tecnologiadiaria.com\/2009\/07\/abrir-com-hotmail-correo.html' target='_blank' title='hotmail'><img src='http:\/\/www.emiliosilveravazquez.com\/blog\/wp-content\/plugins\/knxdt-bookmarks-wordpress-plugin\/images\/linklove.png' alt='hotmail correo' class='book_img' border='none' style='margin:1px; padding: 0;' \/><\/a><\/span><span class='pushbutton'><a href='http:\/\/bitacoras.com\/votar\/anotacion\/externo\/mini\/www.emiliosilveravazquez.com\/blog\/2018\/05\/13\/siempre-hemos-pensado-en-la-inmortalidad-imposible\/' title='Bitacoras.com' target='_blank' rel='nofollow'><img src='http:\/\/www.emiliosilveravazquez.com\/blog\/wp-content\/plugins\/knxdt-bookmarks-wordpress-plugin\/images\/bitacoras.png'  alt='' class='book_img' border='none' style='margin:1px; padding: 0;'  \/><\/a><\/span><span class='pushbutton'><a href='http:\/\/www.wikio.es\/vote?url=http%3A%2F%2Fwww.emiliosilveravazquez.com%2Fblog%2F2018%2F05%2F13%2Fsiempre-hemos-pensado-en-la-inmortalidad-imposible%2F' title='Wikio' target='_blank' rel='nofollow'><img src='http:\/\/www.emiliosilveravazquez.com\/blog\/wp-content\/plugins\/knxdt-bookmarks-wordpress-plugin\/images\/wikio.png'   alt='' class='book_img' border='none' style='margin:1px; padding: 0;'   \/><\/a><\/span><span class='pushbutton'><a href='http:\/\/friendfeed.com\/?url=http%3A%2F%2Fwww.emiliosilveravazquez.com%2Fblog%2F2018%2F05%2F13%2Fsiempre-hemos-pensado-en-la-inmortalidad-imposible%2F&amp;title=Siempre+hemos+pensado+en+la+inmortalidad%26%238230%3B+Imposible.' title='Friend Feed' target='_blank' rel='nofollow'><img src='http:\/\/www.emiliosilveravazquez.com\/blog\/wp-content\/plugins\/knxdt-bookmarks-wordpress-plugin\/images\/friendfeed.png'  alt='' class='book_img' border='none' style='margin:1px; padding: 0;'  \/><\/a><\/span><span class='pushbutton'><a href='http:\/\/www.facebook.com\/share.php?u=http%3A%2F%2Fwww.emiliosilveravazquez.com%2Fblog%2F2018%2F05%2F13%2Fsiempre-hemos-pensado-en-la-inmortalidad-imposible%2F&amp;t=Siempre+hemos+pensado+en+la+inmortalidad%26%238230%3B+Imposible.' title='Facebook' target='_blank' rel='nofollow'><img src='http:\/\/www.emiliosilveravazquez.com\/blog\/wp-content\/plugins\/knxdt-bookmarks-wordpress-plugin\/images\/facebook.png'  alt='' class='book_img' border='none' style='margin:1px; padding: 0;'  \/><\/a><\/span><span class='pushbutton'><a href='http:\/\/twitter.com\/home?status=Siempre+hemos+pensado+en+la+inmortalidad%26%238230%3B+Imposible.: http%3A%2F%2Fwww.emiliosilveravazquez.com%2Fblog%2F2018%2F05%2F13%2Fsiempre-hemos-pensado-en-la-inmortalidad-imposible%2F' title='Twitter' target='_blank' rel='nofollow'><img src='http:\/\/www.emiliosilveravazquez.com\/blog\/wp-content\/plugins\/knxdt-bookmarks-wordpress-plugin\/images\/twitter.png'  alt='' class='book_img' border='none' style='margin:1px; padding: 0;'  \/><\/a><\/span><span class='pushbutton'><a href='http:\/\/www.feedburner.com\/fb\/a\/emailFlare?itemTitle=Siempre+hemos+pensado+en+la+inmortalidad%26%238230%3B+Imposible.&amp;uri=http%3A%2F%2Fwww.emiliosilveravazquez.com%2Fblog%2F2018%2F05%2F13%2Fsiempre-hemos-pensado-en-la-inmortalidad-imposible%2F' title='Enviar por Email' target='_blank' rel='nofollow'><img src='http:\/\/www.emiliosilveravazquez.com\/blog\/wp-content\/plugins\/knxdt-bookmarks-wordpress-plugin\/images\/email.png'  alt='' class='book_img' border='none' style='margin:1px; padding: 0;'  \/><\/a><\/span><span style='font-weight:bold; padding-left: 5px;'><a href='http:\/\/wordpress.org\/extend\/plugins\/knxdt-bookmarks-wordpress-plugin\/' title='Plugin' rel='nofollow' target='_blank'>[?]<\/a><\/span><\/td><\/tr><\/table><br\/><br\/><\/div>","protected":false},"excerpt":{"rendered":"<p>Mukherjee:&#8221;No creo en la inmortalidad, pero s\u00ed seremos capaces de clonarnos&#8221; &nbsp; Enlaces relacionados &nbsp; Mukherjee:&#8221;No creo en la inmortalidad, pero s\u00ed seremos capaces de clonarnos&#8221; (19\/06) &nbsp; Barcelona, 19 jun (EFE).- Leer &#8220;El gen. Una historia \u00edntima&#8221; y escuchar al reconocido cient\u00edfico y onc\u00f3logo Siddhartha Mukherjee provoca v\u00e9rtigo. Habla de que en unos a\u00f1os [&hellip;]<\/p>\n","protected":false},"author":2,"featured_media":0,"comment_status":"open","ping_status":"open","sticky":false,"template":"","format":"standard","meta":{"_s2mail":"yes","footnotes":""},"categories":[532],"tags":[],"_links":{"self":[{"href":"http:\/\/www.emiliosilveravazquez.com\/blog\/wp-json\/wp\/v2\/posts\/18354"}],"collection":[{"href":"http:\/\/www.emiliosilveravazquez.com\/blog\/wp-json\/wp\/v2\/posts"}],"about":[{"href":"http:\/\/www.emiliosilveravazquez.com\/blog\/wp-json\/wp\/v2\/types\/post"}],"author":[{"embeddable":true,"href":"http:\/\/www.emiliosilveravazquez.com\/blog\/wp-json\/wp\/v2\/users\/2"}],"replies":[{"embeddable":true,"href":"http:\/\/www.emiliosilveravazquez.com\/blog\/wp-json\/wp\/v2\/comments?post=18354"}],"version-history":[{"count":0,"href":"http:\/\/www.emiliosilveravazquez.com\/blog\/wp-json\/wp\/v2\/posts\/18354\/revisions"}],"wp:attachment":[{"href":"http:\/\/www.emiliosilveravazquez.com\/blog\/wp-json\/wp\/v2\/media?parent=18354"}],"wp:term":[{"taxonomy":"category","embeddable":true,"href":"http:\/\/www.emiliosilveravazquez.com\/blog\/wp-json\/wp\/v2\/categories?post=18354"},{"taxonomy":"post_tag","embeddable":true,"href":"http:\/\/www.emiliosilveravazquez.com\/blog\/wp-json\/wp\/v2\/tags?post=18354"}],"curies":[{"name":"wp","href":"https:\/\/api.w.org\/{rel}","templated":true}]}}