{"id":18107,"date":"2017-05-24T04:32:46","date_gmt":"2017-05-24T03:32:46","guid":{"rendered":"http:\/\/www.emiliosilveravazquez.com\/blog\/?p=18107"},"modified":"2017-05-24T04:32:46","modified_gmt":"2017-05-24T03:32:46","slug":"cada-dia-sabemos-un-poco-mas-%c2%a1de-nosotros","status":"publish","type":"post","link":"http:\/\/www.emiliosilveravazquez.com\/blog\/2017\/05\/24\/cada-dia-sabemos-un-poco-mas-%c2%a1de-nosotros\/","title":{"rendered":"Cada d\u00eda sabemos un  poco m\u00e1s&#8230; \u00a1De nosotros!"},"content":{"rendered":"<div>\n<div>\n<ul>\n<li id=\"bread-1\" style=\"text-align: justify;\"><a title=\"Ciencia y Salud\" href=\"http:\/\/www.elmundo.es\/ciencia-y-salud.html\">Ciencia y Salud<\/a><\/li>\n<\/ul>\n<\/div>\n<\/div>\n<h2 style=\"text-align: justify;\">GEN\u00c9TICA<\/h2>\n<p>&nbsp;<\/p>\n<p style=\"text-align: justify;\">El estudio incluye un an\u00e1lisis del ADN de 78.308 personas<\/p>\n<h1 style=\"text-align: justify;\">Identifican 40 genes humanos relacionados con la inteligencia<\/h1>\n<p>&nbsp;<\/p>\n<p>&nbsp;<\/p>\n<p>&nbsp;<\/p>\n<p style=\"text-align: justify;\">\n<figure itemprop=\"image\" itemscope=\"\" itemtype=\"http:\/\/schema.org\/ImageObject\">\n<div><img decoding=\"async\" src=\"http:\/\/e00-elmundo.uecdn.es\/assets\/multimedia\/imagenes\/2017\/05\/22\/14954591887684.jpg\" alt=\"\" \/><\/div><figcaption itemprop=\"description\">\u00a0<\/figcaption><\/figure>\n<p>&nbsp;<\/p>\n<p>&nbsp;<\/p>\n<p>Imagen computerizada de una cadena de ADN EPA<\/p>\n<p>&nbsp;<\/p>\n<p>&nbsp;<\/p>\n<p>&nbsp;<\/p>\n<div style=\"text-align: justify;\">\n<p>El hallazgo aporta nuevos datos para entender las diferencias en el coeficiente intelectual<\/p>\n<p><a href=\"http:\/\/www.elmundo.es\/economia\/2017\/03\/28\/58da798022601de5528b4691.html\">Supercomputaci\u00f3n para transformar el an\u00e1lisis gen\u00f3mico<\/a><\/p>\n<p>&nbsp;<\/p>\n<p>&nbsp;<\/p>\n<p><img decoding=\"async\" loading=\"lazy\" src=\"http:\/\/s3.amazonaws.com\/s3.timetoast.com\/public\/uploads\/photos\/3954075\/04-14_Proyecto_genoma_humano.JPG?1367509958\" alt=\"Resultado de imagen de El Proyecto Genoma Humano\" width=\"478\" height=\"359\" \/><\/p>\n<p>&nbsp;<\/p>\n<p>&nbsp;<\/p>\n<\/div>\n<p style=\"text-align: justify;\">Desde que la publicaci\u00f3n del <a href=\"https:\/\/www.genome.gov\/10001772\/all-about-the--human-genome-project-hgp\/\" target=\"_blank\">Proyecto Genoma Humano<\/a> desvelara en 2001 la <strong>secuencia completa de nuestro ADN<\/strong>, muchos han sido los estudios que han tratado de averiguar qu\u00e9 genes forman parte de dicha secuencia. Conocer su significado y por tanto su funci\u00f3n resulta clave para identificar todos los genes del ser humano y con ello entender su biolog\u00eda o las enfermedades que le afectan.<\/p>\n<p style=\"text-align: justify;\">Se trata de una tarea dif\u00edcil, pues un trabajo de este tipo requiere de la colaboraci\u00f3n de muchos equipos de investigaci\u00f3n que analicen un gran volumen de datos que permitan construir un modelo general aplicable a toda nuestra especie.<\/p>\n<p style=\"text-align: justify;\"><img decoding=\"async\" loading=\"lazy\" src=\"http:\/\/waste.ideal.es\/genomamapa.jpg\" alt=\"\" width=\"328\" height=\"369\" \/><\/p>\n<p style=\"text-align: justify;\">La revista <a href=\"http:\/\/nature.com\/articles\/doi:10.1038\/ng.3869\" target=\"_blank\">Nature Genomics<\/a> publica este lunes los resultados de un gran equipo de investigadores de varias instituciones holandesas e inglesas que, tras analizar el ADN de 78.308 personas, aporta la descripci\u00f3n de <strong>nuevos genes humanos, 40 de ellos relacionados con la inteligencia<\/strong>. El estudio podr\u00eda ayudar a entender la funci\u00f3n cerebral, la cognici\u00f3n, y definir el componente gen\u00e9tico del coeficiente intelectual.<\/p>\n<p style=\"text-align: justify;\">&#8220;Hemos llevado a cabo un estudio de todo el genoma relacionado con la Inteligencia para la muestra m\u00e1s grande analizada hasta la fecha (<strong>m\u00e1s de 78.000 personas<\/strong>) y por primera vez hemos sido capaces de detectar una cantidad sustancial de <strong>efectos gen\u00e9ticos en el coeficiente intelectual<\/strong>&#8220;, ha afirmado a EL MUNDO Danielle Posthuma, investigadora de la <a href=\"http:\/\/www.uva.nl\/en\/home\" target=\"_blank\">Universidad de Amsterdam<\/a> que dirige la investigaci\u00f3n.<\/p>\n<p style=\"text-align: justify;\">Los cient\u00edficos encontraron<strong> 52 genes<\/strong>, 12 de ellos ya conocidos y <strong>40 de nueva descripci\u00f3n<\/strong>. La mayor\u00eda de estos genes <strong>tienen una funci\u00f3n en el cerebro y est\u00e1n implicados en la regulaci\u00f3n del desarrollo de la c\u00e9lula<\/strong>, proporcionando &#8220;una visi\u00f3n de los fundamentos biol\u00f3gicos de la inteligencia&#8221;, seg\u00fan explica Posthuma. &#8220;Tambi\u00e9n mostramos una relaci\u00f3n gen\u00e9tica entre la inteligencia y otros rasgos, como la enfermedad de<strong> Alzheimer, la esquizofrenia y la neurosis<\/strong>, que tienen una correlaci\u00f3n gen\u00e9tica negativa con la inteligencia. Nuestros hallazgos ayudan, por tanto, a la comprensi\u00f3n de los fundamentos gen\u00e9ticos de estos trastornos&#8221;, ha a\u00f1adido.<\/p>\n<p style=\"text-align: justify;\"><img decoding=\"async\" src=\"http:\/\/librospdf.gratis\/img\/TAIYCAcU6tsnCXGvrXspMbYt6DNPrX2Z6KgfCDIdCD2ZCtjprVYfcpwyc57d9Ls3MzQ1zVierKI1rO4i6DPdNd.jpg\" alt=\"http:\/\/librospdf.gratis\/img\/TAIYCAcU6tsnCXGvrXspMbYt6DNPrX2Z6KgfCDIdCD2ZCtjprVYfcpwyc57d9Ls3MzQ1zVierKI1rO4i6DPdNd.jpg\" \/><\/p>\n<p style=\"text-align: justify;\">Por otro lado, los investigadores han llevado a cabo un an\u00e1lisis estad\u00edstico relacionando la presencia de estos nuevos genes con ciertos rasgos de la poblaci\u00f3n como el <strong>volumen intracraneal, la medida de la circunferencia de la cabeza durante la infancia, o el \u00e9xito educacional<\/strong>, todos ellos relacionados hasta la fecha indirectamente con valores de inteligencia.<\/p>\n<p style=\"text-align: justify;\">&#8220;El \u00e9xito educacional y la inteligencia est\u00e1n correlacionados en la poblaci\u00f3n general en un 40%. En t\u00e9rminos gen\u00e9ticos esta correlaci\u00f3n es a\u00fan mayor, alcanzando hasta un 70%. Esto significa que la variaci\u00f3n de los genes que est\u00e1n asociados con un incremento de la inteligencia, tambi\u00e9n lo est\u00e1 con un mayor \u00e9xito educacional&#8221;, ha apuntado Danielle Posthuma.<\/p>\n<p style=\"text-align: justify;\"><img decoding=\"async\" loading=\"lazy\" src=\"http:\/\/2.bp.blogspot.com\/-8MGKLCaez5Y\/Vk4U2FSiA2I\/AAAAAAAAAMA\/0rjrS8tGB4A\/s1600\/0002379424.png\" alt=\"Resultado de imagen de El Proyecto Genoma Humano\" width=\"349\" height=\"322\" \/><\/p>\n<p style=\"text-align: justify;\">En las casi 80.000 personas estudiadas, Posthuma y su equipo han incluido tres grupos de inter\u00e9s especial, como son los <strong>individuos de edad avanzada<\/strong>, el an\u00e1lisis de los estudiantes que presentan un<strong> alto coeficiente intelectual<\/strong> (CI), o el estudio de <strong>gemelos id\u00e9nticos<\/strong>.<\/p>\n<p style=\"text-align: justify;\">&#8220;Hemos querido comprobar si los efectos gen\u00e9ticos sobre la inteligencia eran diferentes <strong>con la edad<\/strong>: no lo eran. Tambi\u00e9n probamos si nuestros actuales hallazgos gen\u00e9ticos pod\u00edan pronosticar de alguna manera si una persona ten\u00eda un <strong>CI extremadamente alto<\/strong> o no. Podr\u00edamos hacerlo, aunque nuestra predicci\u00f3n est\u00e1 a\u00fan lejos de ser perfecta&#8221;, ha aseverado Posthuma.<\/p>\n<p style=\"text-align: justify;\">En cuanto a los resultados con <strong>gemelos id\u00e9nticos<\/strong>, que suelen usarse para ver en estas personas c\u00f3mo interact\u00faan los mecanismos de la herencia gen\u00e9tica y el medio ambiente, Posthuma ha concluido que a\u00fan se necesitan descubrir m\u00e1s genes que ayuden a comprender c\u00f3mo se produce el legado de la inteligencia de una generaci\u00f3n a otra.<\/p>\n<div class='bookmark'>\r\n\t\t<table align='left' border='0' cellpadding='0' width='100%'>\r\n\t\t<tr><td><span class='pushbutton'><a href='http:\/\/delicious.com\/post?url=http%3A%2F%2Fwww.emiliosilveravazquez.com%2Fblog%2F2017%2F05%2F24%2Fcada-dia-sabemos-un-poco-mas-%25c2%25a1de-nosotros%2F&amp;title=Cada+d%C3%ADa+sabemos+un++poco+m%C3%A1s%26%238230%3B+%C2%A1De+nosotros%21' title='Delicious' target='_blank' rel='nofollow'><img src='http:\/\/www.emiliosilveravazquez.com\/blog\/wp-content\/plugins\/knxdt-bookmarks-wordpress-plugin\/images\/delicious.png'  alt='' class='book_img' border='none' style='margin:1px; padding: 0;'  \/><\/a><\/span><span class='pushbutton'><a href='http:\/\/digg.com\/submit?url=http%3A%2F%2Fwww.emiliosilveravazquez.com%2Fblog%2F2017%2F05%2F24%2Fcada-dia-sabemos-un-poco-mas-%25c2%25a1de-nosotros%2F&amp;title=Cada+d%C3%ADa+sabemos+un++poco+m%C3%A1s%26%238230%3B+%C2%A1De+nosotros%21' title='Digg' target='_blank' rel='nofollow'><img src='http:\/\/www.emiliosilveravazquez.com\/blog\/wp-content\/plugins\/knxdt-bookmarks-wordpress-plugin\/images\/digg.png'  alt='' class='book_img' border='none' style='margin:1px; padding: 0;'  \/><\/a><\/span><span class='pushbutton'><a href='http:\/\/www.google.com\/bookmarks\/mark?op=edit&amp;bkmk=http%3A%2F%2Fwww.emiliosilveravazquez.com%2Fblog%2F2017%2F05%2F24%2Fcada-dia-sabemos-un-poco-mas-%25c2%25a1de-nosotros%2F&amp;title=Cada+d%C3%ADa+sabemos+un++poco+m%C3%A1s%26%238230%3B+%C2%A1De+nosotros%21' title='Google' target='_blank' rel='nofollow'><img src='http:\/\/www.emiliosilveravazquez.com\/blog\/wp-content\/plugins\/knxdt-bookmarks-wordpress-plugin\/images\/google.png'   alt='' class='book_img' border='none' style='margin:1px; padding: 0;'  \/><\/a><\/span><span class='pushbutton'><a href='http:\/\/myweb2.search.yahoo.com\/myresults\/bookmarklet?u=http%3A%2F%2Fwww.emiliosilveravazquez.com%2Fblog%2F2017%2F05%2F24%2Fcada-dia-sabemos-un-poco-mas-%25c2%25a1de-nosotros%2F&amp;t=Cada+d%C3%ADa+sabemos+un++poco+m%C3%A1s%26%238230%3B+%C2%A1De+nosotros%21' title='Yahoo' target='_blank' rel='nofollow'><img src='http:\/\/www.emiliosilveravazquez.com\/blog\/wp-content\/plugins\/knxdt-bookmarks-wordpress-plugin\/images\/yahoo.png'  alt='' class='book_img' border='none' style='margin:1px; padding: 0;'  \/><\/a><\/span><span class='pushbutton'><a href='http:\/\/www.technorati.com\/faves?add=http%3A%2F%2Fwww.emiliosilveravazquez.com%2Fblog%2F2017%2F05%2F24%2Fcada-dia-sabemos-un-poco-mas-%25c2%25a1de-nosotros%2F' title='Technorati' target='_blank' rel='nofollow'><img src='http:\/\/www.emiliosilveravazquez.com\/blog\/wp-content\/plugins\/knxdt-bookmarks-wordpress-plugin\/images\/technorati.png'  alt='' class='book_img' border='none' style='margin:1px; padding: 0;'  \/><\/a><\/span><span class='pushbutton'><a href='http:\/\/meneame.net\/submit.php?url=http%3A%2F%2Fwww.emiliosilveravazquez.com%2Fblog%2F2017%2F05%2F24%2Fcada-dia-sabemos-un-poco-mas-%25c2%25a1de-nosotros%2F' title='Meneame' target='_blank' rel='nofollow'><img src='http:\/\/www.emiliosilveravazquez.com\/blog\/wp-content\/plugins\/knxdt-bookmarks-wordpress-plugin\/images\/meneame.png'  alt='' class='book_img' border='none' style='margin:1px; padding: 0;'  \/><\/a><\/span><span class='pushbutton'><a href='http:\/\/enchilame.com\/submit.php?url=http:\/\/www.emiliosilveravazquez.com\/blog\/2017\/05\/24\/cada-dia-sabemos-un-poco-mas-%c2%a1de-nosotros\/' target='_blank' rel='nofollow'><img title='Enchilame' src='http:\/\/www.emiliosilveravazquez.com\/blog\/wp-content\/plugins\/knxdt-bookmarks-wordpress-plugin\/images\/enchilame.png'  alt='' class='book_img' border='none' style='margin:1px; padding: 0;'  \/><\/a><\/span><span class='pushbutton'><a href='http:\/\/www.blinklist.com\/index.php?Action=Blink\/addblink.php&amp;Description=&amp;Url=http%3A%2F%2Fwww.emiliosilveravazquez.com%2Fblog%2F2017%2F05%2F24%2Fcada-dia-sabemos-un-poco-mas-%25c2%25a1de-nosotros%2F&amp;title=Cada+d%C3%ADa+sabemos+un++poco+m%C3%A1s%26%238230%3B+%C2%A1De+nosotros%21' title='BlinkList' target='_blank' rel='nofollow'><img src='http:\/\/www.emiliosilveravazquez.com\/blog\/wp-content\/plugins\/knxdt-bookmarks-wordpress-plugin\/images\/blinklist.png'  alt='' class='book_img' border='none' style='margin:1px; padding: 0;'  \/><\/a><\/span><span class='pushbutton'><a href='http:\/\/reddit.com\/submit?url=http%3A%2F%2Fwww.emiliosilveravazquez.com%2Fblog%2F2017%2F05%2F24%2Fcada-dia-sabemos-un-poco-mas-%25c2%25a1de-nosotros%2F&amp;title=Cada+d%C3%ADa+sabemos+un++poco+m%C3%A1s%26%238230%3B+%C2%A1De+nosotros%21' title='Reddit' target='_blank' rel='nofollow'><img src='http:\/\/www.emiliosilveravazquez.com\/blog\/wp-content\/plugins\/knxdt-bookmarks-wordpress-plugin\/images\/reddit.png'  alt='' class='book_img' border='none' style='margin:1px; padding: 0;'  \/><\/a><\/span><span class='pushbutton'><a href='http:\/\/www.tecnologiadiaria.com\/2009\/07\/abrir-com-hotmail-correo.html' target='_blank' title='hotmail'><img src='http:\/\/www.emiliosilveravazquez.com\/blog\/wp-content\/plugins\/knxdt-bookmarks-wordpress-plugin\/images\/linklove.png' alt='hotmail correo' class='book_img' border='none' style='margin:1px; padding: 0;' \/><\/a><\/span><span class='pushbutton'><a href='http:\/\/bitacoras.com\/votar\/anotacion\/externo\/mini\/www.emiliosilveravazquez.com\/blog\/2017\/05\/24\/cada-dia-sabemos-un-poco-mas-%c2%a1de-nosotros\/' title='Bitacoras.com' target='_blank' rel='nofollow'><img src='http:\/\/www.emiliosilveravazquez.com\/blog\/wp-content\/plugins\/knxdt-bookmarks-wordpress-plugin\/images\/bitacoras.png'  alt='' class='book_img' border='none' style='margin:1px; padding: 0;'  \/><\/a><\/span><span class='pushbutton'><a href='http:\/\/www.wikio.es\/vote?url=http%3A%2F%2Fwww.emiliosilveravazquez.com%2Fblog%2F2017%2F05%2F24%2Fcada-dia-sabemos-un-poco-mas-%25c2%25a1de-nosotros%2F' title='Wikio' target='_blank' rel='nofollow'><img src='http:\/\/www.emiliosilveravazquez.com\/blog\/wp-content\/plugins\/knxdt-bookmarks-wordpress-plugin\/images\/wikio.png'   alt='' class='book_img' border='none' style='margin:1px; padding: 0;'   \/><\/a><\/span><span class='pushbutton'><a href='http:\/\/friendfeed.com\/?url=http%3A%2F%2Fwww.emiliosilveravazquez.com%2Fblog%2F2017%2F05%2F24%2Fcada-dia-sabemos-un-poco-mas-%25c2%25a1de-nosotros%2F&amp;title=Cada+d%C3%ADa+sabemos+un++poco+m%C3%A1s%26%238230%3B+%C2%A1De+nosotros%21' title='Friend Feed' target='_blank' rel='nofollow'><img src='http:\/\/www.emiliosilveravazquez.com\/blog\/wp-content\/plugins\/knxdt-bookmarks-wordpress-plugin\/images\/friendfeed.png'  alt='' class='book_img' border='none' style='margin:1px; padding: 0;'  \/><\/a><\/span><span class='pushbutton'><a href='http:\/\/www.facebook.com\/share.php?u=http%3A%2F%2Fwww.emiliosilveravazquez.com%2Fblog%2F2017%2F05%2F24%2Fcada-dia-sabemos-un-poco-mas-%25c2%25a1de-nosotros%2F&amp;t=Cada+d%C3%ADa+sabemos+un++poco+m%C3%A1s%26%238230%3B+%C2%A1De+nosotros%21' title='Facebook' target='_blank' rel='nofollow'><img src='http:\/\/www.emiliosilveravazquez.com\/blog\/wp-content\/plugins\/knxdt-bookmarks-wordpress-plugin\/images\/facebook.png'  alt='' class='book_img' border='none' style='margin:1px; padding: 0;'  \/><\/a><\/span><span class='pushbutton'><a href='http:\/\/twitter.com\/home?status=Cada+d%C3%ADa+sabemos+un++poco+m%C3%A1s%26%238230%3B+%C2%A1De+nosotros%21: http%3A%2F%2Fwww.emiliosilveravazquez.com%2Fblog%2F2017%2F05%2F24%2Fcada-dia-sabemos-un-poco-mas-%25c2%25a1de-nosotros%2F' title='Twitter' target='_blank' rel='nofollow'><img src='http:\/\/www.emiliosilveravazquez.com\/blog\/wp-content\/plugins\/knxdt-bookmarks-wordpress-plugin\/images\/twitter.png'  alt='' class='book_img' border='none' style='margin:1px; padding: 0;'  \/><\/a><\/span><span class='pushbutton'><a href='http:\/\/www.feedburner.com\/fb\/a\/emailFlare?itemTitle=Cada+d%C3%ADa+sabemos+un++poco+m%C3%A1s%26%238230%3B+%C2%A1De+nosotros%21&amp;uri=http%3A%2F%2Fwww.emiliosilveravazquez.com%2Fblog%2F2017%2F05%2F24%2Fcada-dia-sabemos-un-poco-mas-%25c2%25a1de-nosotros%2F' title='Enviar por Email' target='_blank' rel='nofollow'><img src='http:\/\/www.emiliosilveravazquez.com\/blog\/wp-content\/plugins\/knxdt-bookmarks-wordpress-plugin\/images\/email.png'  alt='' class='book_img' border='none' style='margin:1px; padding: 0;'  \/><\/a><\/span><span style='font-weight:bold; padding-left: 5px;'><a href='http:\/\/wordpress.org\/extend\/plugins\/knxdt-bookmarks-wordpress-plugin\/' title='Plugin' rel='nofollow' target='_blank'>[?]<\/a><\/span><\/td><\/tr><\/table><br\/><br\/><\/div>","protected":false},"excerpt":{"rendered":"<p>Ciencia y Salud GEN\u00c9TICA &nbsp; El estudio incluye un an\u00e1lisis del ADN de 78.308 personas Identifican 40 genes humanos relacionados con la inteligencia &nbsp; &nbsp; &nbsp; \u00a0 &nbsp; &nbsp; Imagen computerizada de una cadena de ADN EPA &nbsp; &nbsp; &nbsp; El hallazgo aporta nuevos datos para entender las diferencias en el coeficiente intelectual Supercomputaci\u00f3n para [&hellip;]<\/p>\n","protected":false},"author":2,"featured_media":0,"comment_status":"open","ping_status":"open","sticky":false,"template":"","format":"standard","meta":{"_s2mail":"yes","footnotes":""},"categories":[57],"tags":[],"_links":{"self":[{"href":"http:\/\/www.emiliosilveravazquez.com\/blog\/wp-json\/wp\/v2\/posts\/18107"}],"collection":[{"href":"http:\/\/www.emiliosilveravazquez.com\/blog\/wp-json\/wp\/v2\/posts"}],"about":[{"href":"http:\/\/www.emiliosilveravazquez.com\/blog\/wp-json\/wp\/v2\/types\/post"}],"author":[{"embeddable":true,"href":"http:\/\/www.emiliosilveravazquez.com\/blog\/wp-json\/wp\/v2\/users\/2"}],"replies":[{"embeddable":true,"href":"http:\/\/www.emiliosilveravazquez.com\/blog\/wp-json\/wp\/v2\/comments?post=18107"}],"version-history":[{"count":0,"href":"http:\/\/www.emiliosilveravazquez.com\/blog\/wp-json\/wp\/v2\/posts\/18107\/revisions"}],"wp:attachment":[{"href":"http:\/\/www.emiliosilveravazquez.com\/blog\/wp-json\/wp\/v2\/media?parent=18107"}],"wp:term":[{"taxonomy":"category","embeddable":true,"href":"http:\/\/www.emiliosilveravazquez.com\/blog\/wp-json\/wp\/v2\/categories?post=18107"},{"taxonomy":"post_tag","embeddable":true,"href":"http:\/\/www.emiliosilveravazquez.com\/blog\/wp-json\/wp\/v2\/tags?post=18107"}],"curies":[{"name":"wp","href":"https:\/\/api.w.org\/{rel}","templated":true}]}}