{"id":180,"date":"2010-05-14T13:06:47","date_gmt":"2010-05-14T11:06:47","guid":{"rendered":"http:\/\/www.emiliosilveravazquez.com\/blog\/?p=180"},"modified":"2010-05-14T13:06:12","modified_gmt":"2010-05-14T11:06:12","slug":"avances-en-el-saber-de-la-fisica","status":"publish","type":"post","link":"http:\/\/www.emiliosilveravazquez.com\/blog\/2010\/05\/14\/avances-en-el-saber-de-la-fisica\/","title":{"rendered":"Avances en el saber de la F\u00edsica"},"content":{"rendered":"<p style=\"margin: 0cm 0cm 0pt; text-indent: 34pt; text-align: justify;\">Avances en el saber<\/p>\n<p style=\"margin: 0cm 0cm 0pt; text-indent: 34pt; text-align: justify;\">La <a href=\"#\" onclick=\"referencia('supercuerdas teoria',event); return false;\">teor\u00eda M<\/a> de cuerdas es una teor\u00eda muy adelantada a su tiempo, incluso las matem\u00e1ticas necesarias para desarrollarla al completo, nos son desconocidas.  Por otra parte, como me he cansado de escribir en otros trabajos anteriores, la energ\u00eda necesaria para verificarla, no est\u00e1 a nuestro alcance.<\/p>\n<p style=\"margin: 0cm 0cm 0pt; text-indent: 34pt; text-align: justify;\">La fuerza del argumento a favor de la teor\u00eda de cuerdas parece residir en varias relaciones matem\u00e1ticas notables entre &#8220;situaciones f\u00edsicas&#8221; en apariencia diferentes (normalmente, algo alejadas de la f\u00edsica el mundo rea de la naturaleza).<\/p>\n<p style=\"margin: 0cm 0cm 0pt; text-indent: 34pt; text-align: justify;\">\u00bfSon una &#8220;coincidencia&#8221; estas relaciones, o hay alguna raz\u00f3n m\u00e1s profunda tras ellas? Si hablamos de matem\u00e1ticas, las coincidencias sin una raz\u00f3n determinada, suelen ser m\u00e1s bien escasas.  Me inclino y apuesto por el hecho de que, para muchas de estas &#8220;coincidencias&#8221; hay realmente una raz\u00f3n, todav\u00eda no descubierta.<\/p>\n<p style=\"margin: 0cm 0cm 0pt; text-indent: 34pt; text-align: justify;\">Algunos (no se si calificarlos de envidiosos o de tener carencia de ilusiones), han llegado a decir que, las teor\u00edas de cuerdas, no es seguro que est\u00e9n haciendo f\u00edsica.  O, si la hacen, \u00bfqu\u00e9 \u00e1rea de la f\u00edsica est\u00e1n explorando realmente?<\/p>\n<p style=\"margin: 0cm 0cm 0pt; text-indent: 34pt; text-align: justify;\">Se me ocurre pensar que, el mismo exceptismo encontr\u00f3 A. <a href=\"#\" onclick=\"referencia('einstein',event); return false;\">Einstein<\/a>, en su tiempo, al formular sus famosas teor\u00edas relativistas y, sin embargo, nos trajo hasta aqu\u00ed.<\/p>\n<p><!--more--><\/p>\n<p style=\"margin: 0cm 0cm 0pt; text-indent: 34pt; text-align: justify;\">No parece que se pueda hacer una valoraci\u00f3n adecuada de estas cuestiones sin mencionar el papel concreto de Edgard Witten.  \u00c9l es aceptado generalmente como la figura con m\u00e1s responsabilidad en la direcci\u00f3n de la investigaci\u00f3n en la teor\u00eda de cuerdas (y la <a href=\"#\" onclick=\"referencia('supercuerdas teoria',event); return false;\">teor\u00eda M<\/a>) desde finales de la d\u00e9cada de los 80.  Ha tenido un papel primordial en el lanzamiento de la &#8220;segunda revoluci\u00f3n en supercuerdas&#8221; en 1.995, pero ya entonces hab\u00eda establecido su preeminencia al iniciar varios desarrollos importantes en la teor\u00eda de cuerdas, y en muchas otras \u00e1reas que tienen cierta relaci\u00f3n (no siempre obvia) con la teor\u00eda de cuerdas.  Sin duda Witten, ha sido, hasta el momento, el mejor conductor de la teor\u00eda de cuerdas.<\/p>\n<p style=\"margin: 0cm 0cm 0pt; text-indent: 34pt; text-align: justify;\">Es interesante que en un nuevo trabajo que parece bastante importante Witten haya vuelto a consideraciones dentro de un espaciotiempo 4-dimensional est\u00e1ndar (aunque sigue habiendo s\u00fapersimetr\u00eda).  Combinando ideas de la teor\u00eda de twistores y la teor\u00eda de cuerdas, Witten es capaz de obtener algunos resultados fascinantes concernientes a las interacciones de <a href=\"#\" onclick=\"referencia('yang mills',event); return false;\">Yang-Mills<\/a> de varios <a href=\"#\" onclick=\"referencia('gluones',event); return false;\">gluones<\/a>.  Este trabajo es particularmente importante desde una perspectiva orientada a los twistores, y muy bien podr\u00eda llevar a nuevos desarrollos.<\/p>\n<p style=\"margin: 0cm 0cm 0pt; text-indent: 34pt; text-align: justify;\">La calidad de los logros intelectuales de Witten es extraordinaria.  Se puede comentar, por ejemplo, sobre los seminarios de matem\u00e1ticas de Oxford (en la serie de geometr\u00eda y an\u00e1lisis), en los que se ha anunciado alg\u00fan enfoque nuevo y muy original de alg\u00fan problema, y ha resultado que la idea seminal proced\u00eda en realidad de Witten.  A menudo, tales enfoques han abierto un nuevo campo, donde estas ideas imprevistas y nuevas han arrojado un potente fogonazo de luz original sobre problemas matem\u00e1ticos dif\u00edciles (a veces problemas que previamente parec\u00edan intratables).  Sin duda, Witten posee una extraordinaria intuici\u00f3n y unos conocimientos matem\u00e1ticos que sobrepasan a los de primer orden, su medalla Field, de 1.990, es m\u00e1s que justificada.  Sin embargo, sus capacidades, seg\u00fan las ideas que expone, est\u00e1n mas cerca de la observaci\u00f3n profunda de la Naturaleza.  Si \u00e9l tiene raz\u00f3n, entonces quiz\u00e1 este sea uno de los argumentos m\u00e1s contundentes para aceptar sus opiniones de que la s\u00fapersimetr\u00eda y la teor\u00eda de cuerdas encuentran un profundo favor en la Naturaleza.  Por otra parte, \u00a1quiz\u00e1 sea un matem\u00e1tico m\u00e1s notable de lo que \u00e9l mismo admite!<\/p>\n<p style=\"margin: 0cm 0cm 0pt; text-indent: 34pt; text-align: justify;\">De todas las maneras, soy partidario de no apostarlo todo al mismo caballo, est\u00e1 claro que la teor\u00eda de cuerdas me encanta y sus perspectivas futuras me entusiasman.  Sin embargo, no quiero descartar otros caminos, otras ideas, otros puntos de vista dirigidos en otras direcciones porque \u00bfd\u00f3nde est\u00e1 la verdad?<\/p>\n<p style=\"margin: 0cm 0cm 0pt; text-indent: 34pt; text-align: justify;\">El a\u00f1o pasado, con satisfacci\u00f3n, puedo leer en la prensa (2-03-07) que El Centro Europeo de Investigaci\u00f3n Nuclear (CERN) completa la instalaci\u00f3n de un im\u00e1n de 1.290 toneladas que recrear\u00e1 las condiciones del origen del Universo.<\/p>\n<p style=\"margin: 0cm 0cm 0pt; text-indent: 34pt; text-align: justify;\">Los que estamos enamorados de la F\u00edsica, hace mucho tiempo que esper\u00e1bamos esta noticia.  Es el \u00faltimo complemento que se necesitaba instalar en una de las cavernas excavadas en el coraz\u00f3n monta\u00f1oso del Jura.  Unidas por un t\u00fanel de 27 km de largo, que discurre a 100 metros de profundidad en la frontera entre el Pa\u00eds franc\u00e9s y Suiza, en cuyo interior se alberga el Largue Hadr\u00f3n Collider, el mayor colisionador de part\u00edculas jam\u00e1s construido.  En escritos m\u00edos anteriores, ya mencionaba este descomunal proyecto, idea de Carlo Rubbia, premio N\u00f3bel italiano y director responsable de la construcci\u00f3n del CERN.<\/p>\n<p style=\"margin: 0cm 0cm 0pt; text-indent: 34pt; text-align: justify;\">Este enorme acelerador, es en realidad, un anillo dentro del cual se har\u00e1n viajar haces de <a href=\"#\" onclick=\"referencia('proton',event); return false;\">protones<\/a> a altas velocidades y en direcciones opuestas que, en un momento dado, har\u00e1n colisionar.  El violento encuentro alcanzar\u00e1 un nivel de energ\u00eda hasta ahora jam\u00e1s logrado: 14 TeV, capaz de recrear las condiciones cercanas a las existentes en los or\u00edgenes del Universo, apenas una d\u00e9cima de millon\u00e9sima de segundo despu\u00e9s del <a href=\"#\" onclick=\"referencia('big bang',event); return false;\">Big Bang<\/a>.<\/p>\n<p style=\"margin: 0cm 0cm 0pt; text-indent: 34pt; text-align: justify;\">El proyecto que lleva a\u00f1o desde su comienzo y ha pasado por diversas contingencias econ\u00f3mico-pol\u00edticas, parece haber llegado al final despu\u00e9s de haber consumido un coste de 45.000 millones de euros.  Los F\u00edsicos lo denominan LHC, abreviando su nombre, y cuando se ponga en marcha en unos pocos meses, dar\u00e1 comienzo una excitante aventura a la b\u00fasqueda de muchas respuestas pendientes, all\u00ed se dar\u00e1 el primer paso para una nueva exploraci\u00f3n del microcosmos de la materia.<\/p>\n<p style=\"margin: 0cm 0cm 0pt; text-indent: 34pt; text-align: justify;\">Con este nuevo acelerador de part\u00edculas, ser\u00e1 posible llegar m\u00e1s all\u00e1 de los <a href=\"#\" onclick=\"referencia('quarks',event); return false;\">quarks<\/a>, lo que, hasta el momento, era solo un sue\u00f1o.  La tarea la realizaran cuatro imponentes instrumentos (el superim\u00e1n CSM que acaba de ser colocado, Atlas, LHC-b y Alice) instalados en el gran anillo.<\/p>\n<p style=\"margin: 0cm 0cm 0pt; text-indent: 34pt; text-align: justify;\">Si Dem\u00f3crito de Abdera, aquel fil\u00f3sofo griego, pudiera estar aqu\u00ed, ser\u00eda testigo directo de lo equivocado que estaba al considerar indivisible el \u00e1tomo, y, de cuanta raz\u00f3n ten\u00eda, al considerar que toda la materia estaba compuesta por \u00e1tomos.<\/p>\n<p style=\"margin: 0cm 0cm 0pt;\">Emilio Silvera<\/p>\n<div class='bookmark'>\r\n\t\t<table align='left' border='0' cellpadding='0' width='100%'>\r\n\t\t<tr><td><span class='pushbutton'><a href='http:\/\/delicious.com\/post?url=http%3A%2F%2Fwww.emiliosilveravazquez.com%2Fblog%2F2010%2F05%2F14%2Favances-en-el-saber-de-la-fisica%2F&amp;title=Avances+en+el+saber+de+la+F%C3%ADsica' title='Delicious' target='_blank' rel='nofollow'><img src='http:\/\/www.emiliosilveravazquez.com\/blog\/wp-content\/plugins\/knxdt-bookmarks-wordpress-plugin\/images\/delicious.png'  alt='' class='book_img' border='none' style='margin:1px; padding: 0;'  \/><\/a><\/span><span class='pushbutton'><a href='http:\/\/digg.com\/submit?url=http%3A%2F%2Fwww.emiliosilveravazquez.com%2Fblog%2F2010%2F05%2F14%2Favances-en-el-saber-de-la-fisica%2F&amp;title=Avances+en+el+saber+de+la+F%C3%ADsica' title='Digg' target='_blank' rel='nofollow'><img src='http:\/\/www.emiliosilveravazquez.com\/blog\/wp-content\/plugins\/knxdt-bookmarks-wordpress-plugin\/images\/digg.png'  alt='' class='book_img' border='none' style='margin:1px; padding: 0;'  \/><\/a><\/span><span class='pushbutton'><a href='http:\/\/www.google.com\/bookmarks\/mark?op=edit&amp;bkmk=http%3A%2F%2Fwww.emiliosilveravazquez.com%2Fblog%2F2010%2F05%2F14%2Favances-en-el-saber-de-la-fisica%2F&amp;title=Avances+en+el+saber+de+la+F%C3%ADsica' title='Google' target='_blank' rel='nofollow'><img src='http:\/\/www.emiliosilveravazquez.com\/blog\/wp-content\/plugins\/knxdt-bookmarks-wordpress-plugin\/images\/google.png'   alt='' class='book_img' border='none' style='margin:1px; padding: 0;'  \/><\/a><\/span><span class='pushbutton'><a href='http:\/\/myweb2.search.yahoo.com\/myresults\/bookmarklet?u=http%3A%2F%2Fwww.emiliosilveravazquez.com%2Fblog%2F2010%2F05%2F14%2Favances-en-el-saber-de-la-fisica%2F&amp;t=Avances+en+el+saber+de+la+F%C3%ADsica' title='Yahoo' target='_blank' rel='nofollow'><img src='http:\/\/www.emiliosilveravazquez.com\/blog\/wp-content\/plugins\/knxdt-bookmarks-wordpress-plugin\/images\/yahoo.png'  alt='' class='book_img' border='none' style='margin:1px; padding: 0;'  \/><\/a><\/span><span class='pushbutton'><a href='http:\/\/www.technorati.com\/faves?add=http%3A%2F%2Fwww.emiliosilveravazquez.com%2Fblog%2F2010%2F05%2F14%2Favances-en-el-saber-de-la-fisica%2F' title='Technorati' target='_blank' rel='nofollow'><img src='http:\/\/www.emiliosilveravazquez.com\/blog\/wp-content\/plugins\/knxdt-bookmarks-wordpress-plugin\/images\/technorati.png'  alt='' class='book_img' border='none' style='margin:1px; padding: 0;'  \/><\/a><\/span><span class='pushbutton'><a href='http:\/\/meneame.net\/submit.php?url=http%3A%2F%2Fwww.emiliosilveravazquez.com%2Fblog%2F2010%2F05%2F14%2Favances-en-el-saber-de-la-fisica%2F' title='Meneame' target='_blank' rel='nofollow'><img src='http:\/\/www.emiliosilveravazquez.com\/blog\/wp-content\/plugins\/knxdt-bookmarks-wordpress-plugin\/images\/meneame.png'  alt='' class='book_img' border='none' style='margin:1px; padding: 0;'  \/><\/a><\/span><span class='pushbutton'><a href='http:\/\/enchilame.com\/submit.php?url=http:\/\/www.emiliosilveravazquez.com\/blog\/2010\/05\/14\/avances-en-el-saber-de-la-fisica\/' target='_blank' rel='nofollow'><img title='Enchilame' src='http:\/\/www.emiliosilveravazquez.com\/blog\/wp-content\/plugins\/knxdt-bookmarks-wordpress-plugin\/images\/enchilame.png'  alt='' class='book_img' border='none' style='margin:1px; padding: 0;'  \/><\/a><\/span><span class='pushbutton'><a href='http:\/\/www.blinklist.com\/index.php?Action=Blink\/addblink.php&amp;Description=&amp;Url=http%3A%2F%2Fwww.emiliosilveravazquez.com%2Fblog%2F2010%2F05%2F14%2Favances-en-el-saber-de-la-fisica%2F&amp;title=Avances+en+el+saber+de+la+F%C3%ADsica' title='BlinkList' target='_blank' rel='nofollow'><img src='http:\/\/www.emiliosilveravazquez.com\/blog\/wp-content\/plugins\/knxdt-bookmarks-wordpress-plugin\/images\/blinklist.png'  alt='' class='book_img' border='none' style='margin:1px; padding: 0;'  \/><\/a><\/span><span class='pushbutton'><a href='http:\/\/reddit.com\/submit?url=http%3A%2F%2Fwww.emiliosilveravazquez.com%2Fblog%2F2010%2F05%2F14%2Favances-en-el-saber-de-la-fisica%2F&amp;title=Avances+en+el+saber+de+la+F%C3%ADsica' title='Reddit' target='_blank' rel='nofollow'><img src='http:\/\/www.emiliosilveravazquez.com\/blog\/wp-content\/plugins\/knxdt-bookmarks-wordpress-plugin\/images\/reddit.png'  alt='' class='book_img' border='none' style='margin:1px; padding: 0;'  \/><\/a><\/span><span class='pushbutton'><a href='http:\/\/www.tecnologiadiaria.com\/2009\/07\/abrir-com-hotmail-correo.html' target='_blank' title='hotmail'><img src='http:\/\/www.emiliosilveravazquez.com\/blog\/wp-content\/plugins\/knxdt-bookmarks-wordpress-plugin\/images\/linklove.png' alt='hotmail correo' class='book_img' border='none' style='margin:1px; padding: 0;' \/><\/a><\/span><span class='pushbutton'><a href='http:\/\/bitacoras.com\/votar\/anotacion\/externo\/mini\/www.emiliosilveravazquez.com\/blog\/2010\/05\/14\/avances-en-el-saber-de-la-fisica\/' title='Bitacoras.com' target='_blank' rel='nofollow'><img src='http:\/\/www.emiliosilveravazquez.com\/blog\/wp-content\/plugins\/knxdt-bookmarks-wordpress-plugin\/images\/bitacoras.png'  alt='' class='book_img' border='none' style='margin:1px; padding: 0;'  \/><\/a><\/span><span class='pushbutton'><a href='http:\/\/www.wikio.es\/vote?url=http%3A%2F%2Fwww.emiliosilveravazquez.com%2Fblog%2F2010%2F05%2F14%2Favances-en-el-saber-de-la-fisica%2F' title='Wikio' target='_blank' rel='nofollow'><img src='http:\/\/www.emiliosilveravazquez.com\/blog\/wp-content\/plugins\/knxdt-bookmarks-wordpress-plugin\/images\/wikio.png'   alt='' class='book_img' border='none' style='margin:1px; padding: 0;'   \/><\/a><\/span><span class='pushbutton'><a href='http:\/\/friendfeed.com\/?url=http%3A%2F%2Fwww.emiliosilveravazquez.com%2Fblog%2F2010%2F05%2F14%2Favances-en-el-saber-de-la-fisica%2F&amp;title=Avances+en+el+saber+de+la+F%C3%ADsica' title='Friend Feed' target='_blank' rel='nofollow'><img src='http:\/\/www.emiliosilveravazquez.com\/blog\/wp-content\/plugins\/knxdt-bookmarks-wordpress-plugin\/images\/friendfeed.png'  alt='' class='book_img' border='none' style='margin:1px; padding: 0;'  \/><\/a><\/span><span class='pushbutton'><a href='http:\/\/www.facebook.com\/share.php?u=http%3A%2F%2Fwww.emiliosilveravazquez.com%2Fblog%2F2010%2F05%2F14%2Favances-en-el-saber-de-la-fisica%2F&amp;t=Avances+en+el+saber+de+la+F%C3%ADsica' title='Facebook' target='_blank' rel='nofollow'><img src='http:\/\/www.emiliosilveravazquez.com\/blog\/wp-content\/plugins\/knxdt-bookmarks-wordpress-plugin\/images\/facebook.png'  alt='' class='book_img' border='none' style='margin:1px; padding: 0;'  \/><\/a><\/span><span class='pushbutton'><a href='http:\/\/twitter.com\/home?status=Avances+en+el+saber+de+la+F%C3%ADsica: http%3A%2F%2Fwww.emiliosilveravazquez.com%2Fblog%2F2010%2F05%2F14%2Favances-en-el-saber-de-la-fisica%2F' title='Twitter' target='_blank' rel='nofollow'><img src='http:\/\/www.emiliosilveravazquez.com\/blog\/wp-content\/plugins\/knxdt-bookmarks-wordpress-plugin\/images\/twitter.png'  alt='' class='book_img' border='none' style='margin:1px; padding: 0;'  \/><\/a><\/span><span class='pushbutton'><a href='http:\/\/www.feedburner.com\/fb\/a\/emailFlare?itemTitle=Avances+en+el+saber+de+la+F%C3%ADsica&amp;uri=http%3A%2F%2Fwww.emiliosilveravazquez.com%2Fblog%2F2010%2F05%2F14%2Favances-en-el-saber-de-la-fisica%2F' title='Enviar por Email' target='_blank' rel='nofollow'><img src='http:\/\/www.emiliosilveravazquez.com\/blog\/wp-content\/plugins\/knxdt-bookmarks-wordpress-plugin\/images\/email.png'  alt='' class='book_img' border='none' style='margin:1px; padding: 0;'  \/><\/a><\/span><span style='font-weight:bold; padding-left: 5px;'><a href='http:\/\/wordpress.org\/extend\/plugins\/knxdt-bookmarks-wordpress-plugin\/' title='Plugin' rel='nofollow' target='_blank'>[?]<\/a><\/span><\/td><\/tr><\/table><br\/><br\/><\/div>","protected":false},"excerpt":{"rendered":"<p>Avances en el saber La teor\u00eda M de cuerdas es una teor\u00eda muy adelantada a su tiempo, incluso las matem\u00e1ticas necesarias para desarrollarla al completo, nos son desconocidas. Por otra parte, como me he cansado de escribir en otros trabajos anteriores, la energ\u00eda necesaria para verificarla, no est\u00e1 a nuestro alcance. La fuerza del argumento [&hellip;]<\/p>\n","protected":false},"author":2,"featured_media":0,"comment_status":"open","ping_status":"open","sticky":false,"template":"","format":"standard","meta":{"_s2mail":"","footnotes":""},"categories":[7],"tags":[],"_links":{"self":[{"href":"http:\/\/www.emiliosilveravazquez.com\/blog\/wp-json\/wp\/v2\/posts\/180"}],"collection":[{"href":"http:\/\/www.emiliosilveravazquez.com\/blog\/wp-json\/wp\/v2\/posts"}],"about":[{"href":"http:\/\/www.emiliosilveravazquez.com\/blog\/wp-json\/wp\/v2\/types\/post"}],"author":[{"embeddable":true,"href":"http:\/\/www.emiliosilveravazquez.com\/blog\/wp-json\/wp\/v2\/users\/2"}],"replies":[{"embeddable":true,"href":"http:\/\/www.emiliosilveravazquez.com\/blog\/wp-json\/wp\/v2\/comments?post=180"}],"version-history":[{"count":0,"href":"http:\/\/www.emiliosilveravazquez.com\/blog\/wp-json\/wp\/v2\/posts\/180\/revisions"}],"wp:attachment":[{"href":"http:\/\/www.emiliosilveravazquez.com\/blog\/wp-json\/wp\/v2\/media?parent=180"}],"wp:term":[{"taxonomy":"category","embeddable":true,"href":"http:\/\/www.emiliosilveravazquez.com\/blog\/wp-json\/wp\/v2\/categories?post=180"},{"taxonomy":"post_tag","embeddable":true,"href":"http:\/\/www.emiliosilveravazquez.com\/blog\/wp-json\/wp\/v2\/tags?post=180"}],"curies":[{"name":"wp","href":"https:\/\/api.w.org\/{rel}","templated":true}]}}