{"id":17752,"date":"2023-12-10T06:47:26","date_gmt":"2023-12-10T05:47:26","guid":{"rendered":"http:\/\/www.emiliosilveravazquez.com\/blog\/?p=17752"},"modified":"2023-12-10T06:48:13","modified_gmt":"2023-12-10T05:48:13","slug":"somos-materia-evolucionada-hasta-el-nivel-de-la-consciencia-5","status":"publish","type":"post","link":"http:\/\/www.emiliosilveravazquez.com\/blog\/2023\/12\/10\/somos-materia-evolucionada-hasta-el-nivel-de-la-consciencia-5\/","title":{"rendered":"Somos materia evolucionada hasta el nivel de la consciencia"},"content":{"rendered":"<div>\n<h2 style=\"text-align: justify;\">\u00a0\u00ab <a href=\"http:\/\/www.emiliosilveravazquez.com\/blog\/2013\/02\/27\/%c2%a1el-amor-el-sentimiento-que-nos-hace-mejor\/\" rel=\"prev\">\u00a1El Amor! El sentimiento que nos hace mejor<\/a><\/h2>\n<\/div>\n<p>&nbsp;<\/p>\n<p><img decoding=\"async\" loading=\"lazy\" class=\"\" src=\"https:\/\/services.meteored.com\/img\/article\/san-valentin-la-neuroquimica-del-cerebro-enamorado-dia-de-los-enamorados-1676344434483_768.jpg\" alt=\"San Valent\u00edn: la neuroqu\u00edmica del cerebro enamorado\" width=\"472\" height=\"332\" \/><\/p>\n<p><img decoding=\"async\" loading=\"lazy\" class=\"\" src=\"https:\/\/i.imgur.com\/p95CKYB.png\" width=\"551\" height=\"120\" \/><\/p>\n<p><img decoding=\"async\" src=\"https:\/\/i.imgur.com\/iFjlawJ.png\" \/><\/p>\n<p><strong>Aqu\u00ed culmina todo<\/strong><\/p>\n<p><img decoding=\"async\" loading=\"lazy\" class=\"\" src=\"https:\/\/i.imgur.com\/DnZCAJd.png\" width=\"549\" height=\"83\" \/><\/p>\n<div style=\"text-align: justify;\">\n<div><a href=\"http:\/\/www.emiliosilveravazquez.com\/blog\/2013\/02\/28\/es-bueno-saber-como-funciona-la-naturaleza\/\" rel=\"next\">Es bueno saber como funciona la Naturaleza<\/a> \u00bb<\/div>\n<\/div>\n<h3 style=\"text-align: justify;\"><\/h3>\n<p style=\"text-align: justify;\"><img decoding=\"async\" loading=\"lazy\" class=\"\" src=\"https:\/\/img.freepik.com\/fotos-premium\/hermosa-galaxia-espiral-elementos-imagen-proporcionados-nasa-foto-alta-calidad_765582-630.jpg?w=2000\" alt=\"Una hermosa galaxia espiral elementos de esta imagen proporcionados por la  nasa foto de alta calidad | Foto Premium\" width=\"596\" height=\"596\" \/><\/p>\n<p>&nbsp;<\/p>\n<div>\n<p style=\"text-align: justify;\">Una Galaxia es simplemente una <a id=\"_GPLITA_2\" title=\"Click to Continue &gt; by Savings Wave\" href=\"http:\/\/www.emiliosilveravazquez.com\/blog\/2013\/02\/28\/somos-fruto-de-la-evolucion-del-universo\/#\">parte<img decoding=\"async\" src=\"http:\/\/savingswave-a.akamaihd.net\/items\/it\/img\/arrow-10x10.png\" alt=\"\" \/><\/a> peque\u00f1a del Universo, nuestro planeta es, una m\u00ednima fracci\u00f3n infinitesimal de esa Galaxia, y, nosotros mismos, podr\u00edamos ser comparados (en relaci\u00f3n a la inmensidad del cosmos) con una colonia de bacterias pensantes e inteligentes. Sin embargo, toda forma parte de lo mismo y, aunque pueda dar la sensaci\u00f3n enga\u00f1osa de una cierta autonom\u00eda, en realidad todo est\u00e1 interconectado y el funcionamiento de una cosa incide directamente en las otras. \u00a1Ah! Nada es peque\u00f1o ni grande, las dimensiones son relativas y dependen del contexto en el que las podamos medir.<\/p>\n<p>&nbsp;<\/p>\n<p style=\"text-align: justify;\"><img decoding=\"async\" loading=\"lazy\" src=\"http:\/\/2.bp.blogspot.com\/-s8-eoSF5yhc\/T15AIc3jfbI\/AAAAAAAAAto\/Jj_okv2yXAk\/s320\/Variacion+de+la+constante+de+estructura+fina.JPG\" alt=\"\" width=\"304\" height=\"306\" \/><\/p>\n<p>&nbsp;<\/p>\n<p style=\"text-align: justify;\">Es dif\u00edcil formular cualquier teor\u00eda firme sobre las etapas primitivas del universo porque no sabemos si hc\/e2 es constante o var\u00eda proporcionalmente al paso del tiempo. Nuestro Universo es din\u00e1mico y en \u00e9l, cada d\u00eda pueden cambiar muchas cosas. Una estrella masiva llegal al final de su existencia y se convierte en Agujero Negro. Sin embargo, Las constantes Universales como la Gravedad, la velocidad de la Luz, la carga del <a href=\"#\" onclick=\"referencia('electron',event); return false;\">electr\u00f3n<\/a> o la masa del <a href=\"#\" onclick=\"referencia('proton',event); return false;\">prot\u00f3n<\/a>&#8230; \u00a1siguen invariables! Si alguna de esas constantes variara, aunque s\u00f3lo fuese una diesmill\u00f3n\u00e9sima&#8230; \u00a1La Vida en nuestro planeta ser\u00eda imposible!<\/p>\n<p>&nbsp;<\/p>\n<p style=\"text-align: justify;\">\u00a0 \u00a0 \u00a0 \u00a0 \u00a0 \u00a0 \u00a0 \u00a0 \u00a0 \u00a0 \u00a0 \u00a0 \u00a0 \u00a0 \u00a0 \u00a0 \u00a0 \u00a0 <img decoding=\"async\" loading=\"lazy\" class=\"\" src=\"http:\/\/www.madrimasd.org\/blogs\/universo\/wp-content\/blogs.dir\/42\/files\/189\/evolucion-de-la-vida.jpg\" alt=\"\" width=\"451\" height=\"338\" \/><\/p>\n<p>&nbsp;<\/p>\n<p style=\"text-align: justify;\">Pocas dudas pueden caber a estas alturas del hecho de que poder estar hablando de estas cuestiones, es un milagro en s\u00ed mismo. Despu\u00e9s de millones y millones de a\u00f1os de evoluci\u00f3n, se formaron las conciencias primarias que surgieron en los animales con ciertas estructuras cerebrales de alta complejidad que, pod\u00edan ser capaces de construir una escena mental, <a id=\"_GPLITA_0\" title=\"Click to Continue &gt; by Savings Wave\" href=\"http:\/\/www.emiliosilveravazquez.com\/blog\/2013\/02\/28\/somos-fruto-de-la-evolucion-del-universo\/#\">pero<img decoding=\"async\" src=\"http:\/\/savingswave-a.akamaihd.net\/items\/it\/img\/arrow-10x10.png\" alt=\"\" \/><\/a> con capacidad sem\u00e1ntica o simb\u00f3lica muy limitada y careciendo de un verdadero lenguaje.<\/p>\n<p style=\"text-align: justify;\">La conciencia de orden superior (que floreci\u00f3 en los humanos y presupone la coexistencia de una conciencia primaria) viene acompa\u00f1ada de un sentido de la propia identidad y de la capacidad expl\u00edcita de construir en los estados de vigilia escenas pasadas y futuras. <a id=\"_GPLITA_1\" title=\"Click to Continue &gt; by Savings Wave\" href=\"http:\/\/www.emiliosilveravazquez.com\/blog\/2013\/02\/28\/somos-fruto-de-la-evolucion-del-universo\/#\">Como<img decoding=\"async\" src=\"http:\/\/savingswave-a.akamaihd.net\/items\/it\/img\/arrow-10x10.png\" alt=\"\" \/><\/a> m\u00ednimo, requiere una capacidad sem\u00e1ntica y, en su forma m\u00e1s desarrollada, una capacidad ling\u00fc\u00edstica.<\/p>\n<p>&nbsp;<\/p>\n<p style=\"text-align: justify;\"><img decoding=\"async\" src=\"https:\/\/upload.wikimedia.org\/wikipedia\/commons\/thumb\/3\/31\/La_scuola_di_Atene.jpg\/220px-La_scuola_di_Atene.jpg\" alt=\"Filosof\u00eda griega - Wikipedia, la enciclopedia libre\" \/><img decoding=\"async\" loading=\"lazy\" class=\"\" src=\"https:\/\/www.yogaenred.com\/wp-content\/uploads\/2018\/05\/Sabios-hindues-Vedas.jpg\" alt=\"Filosof\u00eda de la India\/ 1 | Yoga en Red\" width=\"335\" height=\"251\" \/><\/p>\n<p><strong>\u00a0 \u00a0Filosof\u00eda en la Grecia Cl\u00e1sica\u00a0 \u00a0 \u00a0 \u00a0 \u00a0 \u00a0 \u00a0 \u00a0 \u00a0 \u00a0 Pensadores Hind\u00faes<\/strong><\/p>\n<p>&nbsp;<\/p>\n<p><img decoding=\"async\" loading=\"lazy\" class=\"\" src=\"https:\/\/1.bp.blogspot.com\/-ljdJ5nMjZHg\/X4J_8MMMlUI\/AAAAAAAAHZo\/aibkO9GEzkgucZ3_TH8snoeUE6KaI_BEQCLcBGAsYHQ\/s704\/FILOSOFIA_CHINA.jpg\" alt=\"Cinco grandes fil\u00f3sofos de la antigua China\" width=\"555\" height=\"363\" \/><\/p>\n<\/div>\n<div><\/div>\n<div>\n<div><strong>Confucio (551-479 a. C.) fue el maestro, fil\u00f3sofo y te\u00f3rico pol\u00edtico m\u00e1s famoso de China , cuyas ideas han influido en la civilizaci\u00f3n de Asia oriental.<\/strong><\/div>\n<div>\n<div><b>Sun Tzu<\/b><\/div>\n<div><\/div>\n<div style=\"text-align: justify;\"><strong>Poco se sabe de la vida temprana de Sun Tzu. Originalmente naci\u00f3 Sun Wu, hijo de un arist\u00f3crata durante el per\u00edodo de primavera y oto\u00f1o de la antigua China. Ten\u00eda un gran inter\u00e9s en la batalla y se convirti\u00f3 en un soldado mercenario. Con el tiempo, Sun Tzu se gan\u00f3 la reputaci\u00f3n de ser un buen l\u00edder de soldados.<\/strong><\/div>\n<div><\/div>\n<div>\n<div><b>Lao Tse<\/b><\/div>\n<div><\/div>\n<div style=\"text-align: justify;\">Entre los historiadores hay incertidumbre sobre los hechos hist\u00f3ricos sobre la vida de Lao Tse; algunos incluso dudan de su existencia. Pero, las fuentes m\u00e1s destacadas sugieren que naci\u00f3 con el nombre de nacimiento de Er Li en el siglo V o VI a. C. Laozi \u8001 era un nombre honor\u00edfico que significa &#8220;Viejo venerable, Maestro&#8221;. Puede ser anglicanizado de diferentes maneras, por lo que se han utilizado tanto Laozi como Lao Tzu.<\/div>\n<\/div>\n<\/div>\n<\/div>\n<div><\/div>\n<div>\n<div><b>Tao Te Ching<\/b><\/div>\n<div><\/div>\n<div>El Tao Te Ching da consejos al buscador para que vaya m\u00e1s all\u00e1 del ego limitado y obtenga una mayor apreciaci\u00f3n del poder y la fuerza invisibles que subyacen al universo. El Tao Te Ching es un cl\u00e1sico de la filosof\u00eda m\u00edstica. Desaf\u00eda la sabidur\u00eda convencional y la b\u00fasqueda terrenal de riqueza, poder y \u00e9xito. Por el contrario, fomenta las cualidades de humildad, modestia y sencillez.<\/div>\n<\/div>\n<div><\/div>\n<div>\n<div><b>Zhuangzi<\/b><\/div>\n<div><\/div>\n<div style=\"text-align: justify;\">Zhuang Zhou , a menudo conocido como Zhuangzi (&#8220;Maestro Zhuang&#8221;), fue un influyente fil\u00f3sofo chino que vivi\u00f3 alrededor del siglo IV a. C. durante el per\u00edodo de los Reinos Combatientes, un per\u00edodo correspondiente a la cumbre de la filosof\u00eda china, las Cien Escuelas de Pensamiento. Se le atribuye haber escrito, en parte o en su totalidad, una obra conocida por su nombre, el Zhuangzi , que expresa una filosof\u00eda de escepticismo.<\/div>\n<\/div>\n<div>\n<p style=\"text-align: justify;\">Los procesos neuronales que subyacen en nuestro cerebro son en realidad desconocidos y, aunque son muchos los estudios y experimentos que se est\u00e1n realizando, su complejidad es tal que, de <a id=\"_GPLITA_3\" title=\"Click to Continue &gt; by Savings Wave\" href=\"http:\/\/www.emiliosilveravazquez.com\/blog\/2013\/02\/28\/somos-fruto-de-la-evolucion-del-universo\/#\">momento<img decoding=\"async\" src=\"http:\/\/savingswave-a.akamaihd.net\/items\/it\/img\/arrow-10x10.png\" alt=\"\" \/><\/a>, los avances son muy limitados. Estamos tratando de conocer la m\u00e1quina m\u00e1s compleja y perfecta que existe en el Universo.<\/p>\n<\/div>\n<div><b>Mencius<\/b><\/div>\n<div><\/div>\n<div>\n<div>Mencius, fue un fil\u00f3sofo chino\u00a0 cuyo desarrollo de la ortodoxia le vali\u00f3 el t\u00edtulo de &#8220;segundo sabio&#8221;.<\/div>\n<div><\/div>\n<div style=\"text-align: justify;\">El principal de sus principios b\u00e1sicos fue el \u00e9nfasis en la obligaci\u00f3n de los gobernantes de proveer para la gente com\u00fan. El libro Mencio\u00a0 registra sus hechos y dichos y contiene declaraciones sobre la bondad de la naturaleza humana , un tema que los confucianistas debatieron con entusiasmo hasta los tiempos modernos.<\/div>\n<div><\/div>\n<\/div>\n<div><\/div>\n<div><img decoding=\"async\" src=\"https:\/\/www.quironsalud.com\/idcsalud-client\/cm\/images?locale=es_ES&amp;idMmedia=782077\" alt=\"Avicena, el primero de los sabios | Blogs Quir\u00f3nsalud\" \/><img decoding=\"async\" loading=\"lazy\" class=\"\" src=\"https:\/\/images.ecestaticos.com\/xNWRfHuuCvT672DIFk3yKxSR86M=\/3x365:3091x2100\/1600x900\/filters:fill(white):format(jpg)\/f.elconfidencial.com%2Foriginal%2F1d0%2F563%2F6a5%2F1d05636a5daa89ed3657e4a17f6b163c.jpg\" alt=\"Naci\u00f3 en C\u00f3rdoba y es uno de m\u00e1s grandes maestros de la historia\" width=\"414\" height=\"233\" \/><\/div>\n<div><strong>\u00a0 \u00a0 \u00a0 \u00a0 \u00a0 \u00a0 \u00a0 \u00a0Avicena\u00a0 \u00a0 \u00a0 \u00a0 \u00a0 \u00a0 \u00a0 \u00a0 \u00a0 \u00a0 \u00a0 \u00a0 \u00a0 \u00a0 \u00a0 \u00a0 \u00a0 \u00a0 Averroes<\/strong><\/div>\n<div><\/div>\n<div>Y muchos m\u00e1s en el Islam, la filosof\u00eda, la medicina y las matem\u00e1ticas que dejaron siguen todav\u00eda prevaleciendo<\/div>\n<div>\n<p style=\"text-align: justify;\">Si eso es as\u00ed, resultar\u00e1 que despu\u00e9s de todo, no somos tan insignificantes como en un principio podr\u00eda parecer, y solo se trata de tiempo. En su momento y evolucionadas, nuestras mentes tendr\u00e1n un nivel de conciencia que estar\u00e1 m\u00e1s all\u00e1 de las percepciones f\u00edsicas tan limitadas. Para entonces, s\u00ed estaremos totalmente integrados y formando parte, como un todo, del Universo que <a id=\"_GPLITA_4\" title=\"Click to Continue &gt; by Savings Wave\" href=\"http:\/\/www.emiliosilveravazquez.com\/blog\/2013\/02\/28\/somos-fruto-de-la-evolucion-del-universo\/#\">ahora<img decoding=\"async\" src=\"http:\/\/savingswave-a.akamaihd.net\/items\/it\/img\/arrow-10x10.png\" alt=\"\" \/><\/a> presentimos.<\/p>\n<p style=\"text-align: justify;\">El car\u00e1cter especial de la conciencia me hace adoptar una posici\u00f3n que me lleva a decidir que no es un objeto, sino un proceso y que, <a id=\"_GPLITA_5\" title=\"Click to Continue &gt; by Savings Wave\" href=\"http:\/\/www.emiliosilveravazquez.com\/blog\/2013\/02\/28\/somos-fruto-de-la-evolucion-del-universo\/#\">desde<img decoding=\"async\" src=\"http:\/\/savingswave-a.akamaihd.net\/items\/it\/img\/arrow-10x10.png\" alt=\"\" \/><\/a> este punto de vista, puede considerarse un ente digno del estudio cient\u00edfico perfectamente leg\u00edtimo.<\/p>\n<p>&nbsp;<\/p>\n<p style=\"text-align: justify;\"><img decoding=\"async\" loading=\"lazy\" src=\"http:\/\/2.bp.blogspot.com\/-njW_hfKrs_Y\/UJLpKiOk3XI\/AAAAAAAAAQ0\/gSFYpqUt4K0\/s400\/e-schrodinger.png\" alt=\"Resultado de imagen de describir agua en t\u00e9rminos de la mec\u00e1nica cuantica\" width=\"370\" height=\"260\" \/><\/p>\n<\/div>\n<p>&nbsp;<\/p>\n<p><img decoding=\"async\" src=\"https:\/\/media.tenor.com\/FVG7fB5RzaQAAAAC\/iguazu-falls.gif\" alt=\"Iguazu Falls GIF - Iguazu Falls - Discover &amp; Share GIFs\" \/><\/p>\n<p>&nbsp;<\/p>\n<div>\n<p style=\"text-align: justify;\"><strong>La mec\u00e1nica cu\u00e1ntica desentra\u00f1a los misterios del agua que es el tesoro de nuestro planeta<\/strong><\/p>\n<p>&nbsp;<\/p>\n<\/div>\n<p><img decoding=\"async\" src=\"https:\/\/imagenes.muyinteresante.es\/files\/composte_image\/uploads\/2023\/10\/20\/65325662f41d3.jpeg\" alt=\"Cu\u00e1ndo 'despierta' la conciencia?\" \/><\/p>\n<p>&nbsp;<\/p>\n<p>&nbsp;<\/p>\n<div>\n<p style=\"text-align: justify;\">La conciencia plantea un problema especial que no se encuentra en otros <a id=\"_GPLITA_6\" title=\"Click to Continue &gt; by Savings Wave\" href=\"http:\/\/www.emiliosilveravazquez.com\/blog\/2013\/02\/28\/somos-fruto-de-la-evolucion-del-universo\/#\">dominios<img decoding=\"async\" src=\"http:\/\/savingswave-a.akamaihd.net\/items\/it\/img\/arrow-10x10.png\" alt=\"\" \/><\/a> de la ciencia. En la F\u00edsica y en la Qu\u00edmica se suele explicar unas entidades determinadas en funci\u00f3n de otras entidades y leyes. Podemos describir el agua con el lenguaje ordinario, pero podemos igualmente describir el agua, al menos en principio, en t\u00e9rminos de \u00e1tomos y de leyes de la mec\u00e1nica cu\u00e1ntica. Lo que hacemos es conectar dos niveles de descripci\u00f3n de la misma entidad externa (uno com\u00fan y otro cient\u00edfico de extraordinario poder explicativo y predictivo. Ambos niveles de descripci\u00f3n) el agua l\u00edquida, o una disposici\u00f3n particular de \u00e1tomos que se comportan de acuerdo con las leyes de la mec\u00e1nica cu\u00e1ntica (se refiere a una entidad que est\u00e1 fuera de nosotros y que supuestamente existe independientemente de la existencia de un observador consciente.)<\/p>\n<p>&nbsp;<\/p>\n<p style=\"text-align: justify;\"><img decoding=\"async\" loading=\"lazy\" class=\"\" src=\"https:\/\/edea.juntadeandalucia.es\/bancorecursos\/file\/de68a240-2a15-4fab-bfdd-26a53435396b\/1\/es-an_2018060712_9100102.zip\/transmisin.gif\" alt=\"1.1. Transmisi\u00f3n del impulso nervioso | BG1-Tema 6.3: Funciones de relaci\u00f3n\" width=\"538\" height=\"312\" \/><\/p>\n<\/div>\n<p>&nbsp;<\/p>\n<div>\n<p style=\"text-align: justify;\">En el caso de la conciencia, sin embargo, nos encontramos con una simetr\u00eda. Lo que intentamos no es simplemente comprender de qu\u00e9 manera se puede explicar las conductas o las operaciones cognitivas de otro ser humano en t\u00e9rminos del funcionamiento de su cerebro, por dif\u00edcil que esto parezca. No queremos simplemente conectar una descripci\u00f3n de algo externo a nosotros con una descripci\u00f3n cient\u00edfica m\u00e1s sofisticada. Lo que realmente queremos <a id=\"_GPLITA_7\" title=\"Click to Continue &gt; by Savings Wave\" href=\"http:\/\/www.emiliosilveravazquez.com\/blog\/2013\/02\/28\/somos-fruto-de-la-evolucion-del-universo\/#\">hacer<img decoding=\"async\" src=\"http:\/\/savingswave-a.akamaihd.net\/items\/it\/img\/arrow-10x10.png\" alt=\"\" \/><\/a> es conectar una descripci\u00f3n de algo externo a nosotros (el cerebro), con algo de nuestro interior: una experiencia, nuestra propia experiencia individual, que nos acontece en tanto que observadores conscientes. Intentamos meternos en el interior o, en la atinada ocurrencia del fil\u00f3sofo Tomas Negel, saber qu\u00e9 se siente al ser un murci\u00e9lago. Ya sabemos qu\u00e9 se siente al ser nosotros mismos, qu\u00e9 significa ser nosotros mismos, pero queremos explicar por qu\u00e9 somos conscientes, saber qu\u00e9 es ese \u201calgo\u201d que nos hace ser como somos, explicar, en fin, c\u00f3mo se generan las cualidades subjetivas experienciales. En suma, deseamos explicar ese \u201cPienso, luego existo\u201d que Descartes postul\u00f3 como evidencia primera e indiscutible sobre la cual edificar toda la filosof\u00eda.<\/p>\n<\/div>\n<p>&nbsp;<\/p>\n<p><img decoding=\"async\" loading=\"lazy\" class=\"\" src=\"https:\/\/www.fotomusica.net\/album05paisajesMundo\/riosuizo.jpg\" alt=\"La vida de las part\u00edculas : Blog de Emilio Silvera V.\" width=\"650\" height=\"487\" \/><\/p>\n<p>\u00bfC\u00f3mo puede ser lo mismo explicar al amigo ciego este paisaje que, si realmente el lo pudiera ver?<\/p>\n<div>\n<p style=\"text-align: justify;\">Ninguna descripci\u00f3n, por prolija que sea, lograr\u00e1 nunca explicar cabalmente la experiencia subjetiva. Muchos fil\u00f3sofos han utilizado el ejemplo del color para explicar este punto. Ninguna explicaci\u00f3n cient\u00edfica de los mecanismos neuronales de la discriminaci\u00f3n del color, aunque sea enteramente satisfactorio, bastar\u00eda para comprender c\u00f3mo se siente el proceso de percepci\u00f3n de un color. Ninguna descripci\u00f3n, ninguna teor\u00eda, cient\u00edfica o de otro <a id=\"_GPLITA_8\" title=\"Click to Continue &gt; by Savings Wave\" href=\"http:\/\/www.emiliosilveravazquez.com\/blog\/2013\/02\/28\/somos-fruto-de-la-evolucion-del-universo\/#\">tipo<img decoding=\"async\" src=\"http:\/\/savingswave-a.akamaihd.net\/items\/it\/img\/arrow-10x10.png\" alt=\"\" \/><\/a>, bastar\u00e1 nunca para que una persona dalt\u00f3nica consiga experimentar un color.<\/p>\n<\/div>\n<p style=\"text-align: justify;\">\n<blockquote><p><img decoding=\"async\" loading=\"lazy\" class=\"\" src=\"https:\/\/www.aulamagna.com.es\/wp-content\/uploads\/2019\/06\/daltonismo-1.jpg\" alt=\"Daltonismo: ciencia contra la viralizaci\u00f3n de las gafas que lo &quot;curan&quot;\" width=\"508\" height=\"255\" \/><img decoding=\"async\" loading=\"lazy\" class=\"\" src=\"https:\/\/www.clinicagonzalezcostea.es\/wp-content\/uploads\/2021\/10\/Daltonismo.jpg\" alt=\"Qu\u00e9 es el daltonismo?\u00bftiene cura? | Gonz\u00e1lez Costea\" width=\"512\" height=\"269\" \/><\/p><\/blockquote>\n<p>&nbsp;<\/p>\n<blockquote>\n<p style=\"text-align: justify;\">El daltonismo es una\u00a0<b>afecci\u00f3n en la cual no se pueden ver los colores de manera normal<\/b>. Tambi\u00e9n se conoce como deficiencia de color. En el daltonismo generalmente la persona no puede distinguir entre ciertos colores. Con frecuencia no distinguen los verdes de los rojos y, a veces, los azules.<\/p>\n<\/blockquote>\n<div>\n<p style=\"text-align: justify;\">En un experimento mental filos\u00f3fico, Mary, una neurocient\u00edfica del futuro dalt\u00f3nica, lo sabe todo acerca del sistema visual y el cerebro, y en particular, la fisiolog\u00eda de la discriminaci\u00f3n del color. Sin embargo, cuando por fin logra recuperar la visi\u00f3n del color, todo aquel conocimiento se revela totalmente insuficiente comparado con la aut\u00e9ntica experiencia del color, comparado con la sensaci\u00f3n de percibir el color. John Locke vio claramente <a id=\"_GPLITA_9\" title=\"Click to Continue &gt; by Savings Wave\" href=\"http:\/\/www.emiliosilveravazquez.com\/blog\/2013\/02\/28\/somos-fruto-de-la-evolucion-del-universo\/#\">este<img decoding=\"async\" src=\"http:\/\/savingswave-a.akamaihd.net\/items\/it\/img\/arrow-10x10.png\" alt=\"\" \/><\/a> problema hace mucho tiempo.<\/p>\n<\/div>\n<p>&nbsp;<\/p>\n<p><img decoding=\"async\" loading=\"lazy\" class=\"\" src=\"https:\/\/c8.alamy.com\/compes\/2d5hb0f\/rio-de-montana-en-el-bosque-de-haya-hermoso-paisaje-otonal-de-los-bosques-de-carpatos-arboles-en-colores-de-otono-rocas-en-el-arroyo-naturaleza-frescura-conc-2d5hb0f.jpg\" alt=\"r\u00edo de monta\u00f1a en el bosque de haya. hermoso paisaje oto\u00f1al de los bosques  de c\u00e1rpatos. \u00e1rboles en colores de oto\u00f1o. rocas en el arroyo. naturaleza  frescura conc Fotograf\u00eda de stock -\" width=\"558\" height=\"896\" \/><img decoding=\"async\" loading=\"lazy\" class=\"\" src=\"https:\/\/img.freepik.com\/fotos-premium\/pintura-dos-pajaros-sentados-rama-arbol-jardin-generativo-ai_958192-10621.jpg?size=626&amp;ext=jpg\" alt=\"Hay dos p\u00e1jaros sentados en la rama de un \u00e1rbol cerca de un r\u00edo generativo  ai | Foto Premium\" width=\"558\" height=\"995\" \/><\/p>\n<p>&nbsp;<\/p>\n<div>\n<p style=\"text-align: justify;\">Pensemos por un momento que tenemos un amigo ciego al que contamos lo que estamos viendo un d\u00eda soleado del mes de abril: El cielo despejado, limpio y celeste, el Sol all\u00ed arriba esplendoroso y cegador que nos env\u00eda su luz y su calor, los \u00e1rboles y los arbustos llenos de flores de mil colores que son asediados por las abejas, el aroma y el rumor del r\u00edo, cuyas aguas cantarinas no cesan de correr transparentes, los pajarillos de distintos plumajes que lanzan alegres trinos en sus <a id=\"_GPLITA_10\" title=\"Click to Continue &gt; by Savings Wave\" href=\"http:\/\/www.emiliosilveravazquez.com\/blog\/2013\/02\/28\/somos-fruto-de-la-evolucion-del-universo\/#\">vuelos<img decoding=\"async\" src=\"http:\/\/savingswave-a.akamaihd.net\/items\/it\/img\/arrow-10x10.png\" alt=\"\" \/><\/a> por el ramaje que se mece movido por una brisa suave, todo esto lo contamos a nuestro amigo ciego que, si de pronto pudiera ver, comprobar\u00eda que la experiencia directa de sus sentidos ante tales maravillas, nada tiene que ver con la pobreza de aquello que le contamos, por muy hermosas palabras que para hacer la descripci\u00f3n emple\u00e1ramos.<\/p>\n<p style=\"text-align: justify;\">La mente humana es tan compleja que, no todos ante la misma cosa, vemos lo mismo. Nos ense\u00f1an figuras y dibujos y nos piden que digamos (sin pensarlo) la primera cosa que nos sugiere. De <a id=\"_GPLITA_11\" title=\"Click to Continue &gt; by Savings Wave\" href=\"http:\/\/www.emiliosilveravazquez.com\/blog\/2013\/02\/28\/somos-fruto-de-la-evolucion-del-universo\/#\">entre<img decoding=\"async\" src=\"http:\/\/savingswave-a.akamaihd.net\/items\/it\/img\/arrow-10x10.png\" alt=\"\" \/><\/a> diez personas solo coinciden tres, los otro siete divergen en la apreciaci\u00f3n de lo que el dibujo o la figura les sugiere.<\/p>\n<p style=\"text-align: justify;\">\n<\/div>\n<p><img decoding=\"async\" src=\"https:\/\/cflvdg.avoz.es\/sc\/480x\/default\/2023\/08\/30\/00121693409909284929568\/Foto\/pensar.png\" alt=\"Hablar con uno mismo, \u00bfhasta qu\u00e9 punto son buenos los di\u00e1logos internos?\" \/><\/p>\n<p>No todos pensamos lo mismo ante el mismo problema, cada cual tiene su idea propia para resolverlo<\/p>\n<div>\n<p style=\"text-align: justify;\">Esto nos viene a demostrar la individualidad de pensamiento, el libre albedr\u00edo para decidir. Sin embargo, la misma prueba, realizada en grupos de conocimientos cient\u00edficos similares y espec\u00edficos: F\u00edsicos, matem\u00e1ticos, qu\u00edmicos, etc., hace que el <a id=\"_GPLITA_12\" title=\"Click to Continue &gt; by Savings Wave\" href=\"http:\/\/www.emiliosilveravazquez.com\/blog\/2013\/02\/28\/somos-fruto-de-la-evolucion-del-universo\/#\">n\u00famero<img decoding=\"async\" src=\"http:\/\/savingswave-a.akamaihd.net\/items\/it\/img\/arrow-10x10.png\" alt=\"\" \/><\/a> de coincidencias sea m\u00e1s elevada, m\u00e1s personas ven la misma respuesta al problema planteado. Esto nos sugiere que, la mente est\u00e1 en un estado virgen que cuenta con todos los elementos necesarios para dar respuestas pero que necesita experiencias y aprendizaje para desarrollarse.<\/p>\n<p style=\"text-align: justify;\">\u00bfDebemos concluir entonces que una explicaci\u00f3n cient\u00edfica satisfactoria de la conciencia queda <a id=\"_GPLITA_13\" title=\"Click to Continue &gt; by Savings Wave\" href=\"http:\/\/www.emiliosilveravazquez.com\/blog\/2013\/02\/28\/somos-fruto-de-la-evolucion-del-universo\/#\">para<img decoding=\"async\" src=\"http:\/\/savingswave-a.akamaihd.net\/items\/it\/img\/arrow-10x10.png\" alt=\"\" \/><\/a> siempre fuera de nuestro alcance?<\/p>\n<p style=\"text-align: justify;\">\u00bfO es de alguna manera posible, romper esa barrera, tanto te\u00f3rica como experimental, para resolver las paradojas de la conciencia?<\/p>\n<p>&nbsp;<\/p>\n<p style=\"text-align: justify;\"><img decoding=\"async\" loading=\"lazy\" src=\"http:\/\/2.bp.blogspot.com\/-NBugAbJJudg\/TWCrGquFR-I\/AAAAAAAADKM\/CiStzJ4wPH8\/s1600\/cons_image001_phixr.JPG\" alt=\"\" width=\"304\" height=\"358\" \/><\/p>\n<p>&nbsp;<\/p>\n<p style=\"text-align: justify;\">La CONCIENCIA de los seres humanos est\u00e1 compuesta por todo aquello que \u00e9l conoce con lo que ha estado en contacto a trav\u00e9s de las experiencias adquiridas durante su vida y las ense\u00f1anzas adquiridas. Cada cual, ha desarrollado todo eso de manera muy particular y as\u00ed, la pueden entender de distintas maneras aunque, de hecho, esas distintas personas hayan tenido las mismas vivencias y ense\u00f1anzas. Por decimos que, cada Mente es un &#8220;mundo&#8221; en s\u00ed misma.<\/p>\n<\/div>\n<p>&nbsp;<\/p>\n<p><img decoding=\"async\" loading=\"lazy\" class=\"\" src=\"https:\/\/upload.wikimedia.org\/wikipedia\/commons\/thumb\/6\/63\/Gamma-ray-microscope.svg\/1200px-Gamma-ray-microscope.svg.png\" alt=\"Relaci\u00f3n de indeterminaci\u00f3n de Heisenberg - Wikipedia, la enciclopedia libre\" width=\"271\" height=\"361\" \/><img decoding=\"async\" src=\"https:\/\/3.bp.blogspot.com\/_js6wgtUcfdQ\/S52l2sWde6I\/AAAAAAAALcg\/sd4OMrdCPC4\/s280\/principio_de_incertidumbre_interpretacion_estadistica.png\" alt=\"La Mec\u00e1nica Cu\u00e1ntica: El principio de incertidumbre II\" \/><\/p>\n<div>\n<p style=\"text-align: justify;\">La respuesta a estas y otras preguntas, en mi opini\u00f3n, radica en reconocer nuestras limitaciones actuales en <a id=\"_GPLITA_14\" title=\"Click to Continue &gt; by Savings Wave\" href=\"http:\/\/www.emiliosilveravazquez.com\/blog\/2013\/02\/28\/somos-fruto-de-la-evolucion-del-universo\/#\">este<img decoding=\"async\" src=\"http:\/\/savingswave-a.akamaihd.net\/items\/it\/img\/arrow-10x10.png\" alt=\"\" \/><\/a> campo del conocimiento complejo de la mente, y, como en la F\u00edsica cu\u00e1ntica, existe un <a href=\"http:\/\/www.emiliosilveravazquez.com\/blog\/2013\/02\/28\/somos-fruto-de-la-evolucion-del-universo\/#\"><a href=\"#\" onclick=\"referencia('indeterminacion principio de',event); return false;\">principio de incertidumbre<\/a><\/a> que, al menos de momento (y creo que en muchos cientos de a\u00f1os), nos impide saberlo todo sobre los mecanismos de la conciencia y, aunque podremos ir contestando a preguntas parciales, alcanzar la plenitud del conocimiento total de la mente no ser\u00e1 nada sencillo, entre otras razones est\u00e1 el serio inconveniente que suponemos nosotros mismos, ya que, con nuestro que <a id=\"_GPLITA_15\" title=\"Click to Continue &gt; by Savings Wave\" href=\"http:\/\/www.emiliosilveravazquez.com\/blog\/2013\/02\/28\/somos-fruto-de-la-evolucion-del-universo\/#\">hacer<img decoding=\"async\" src=\"http:\/\/savingswave-a.akamaihd.net\/items\/it\/img\/arrow-10x10.png\" alt=\"\" \/><\/a> podemos, en cualquier momento, provocar la propia destrucci\u00f3n.<\/p>\n<p>&nbsp;<\/p>\n<p style=\"text-align: justify;\"><img decoding=\"async\" loading=\"lazy\" id=\"il_fi\" src=\"http:\/\/3.bp.blogspot.com\/_yd9OLN_xAiw\/TATfmbM_MTI\/AAAAAAAAUZI\/U0RfSH89MyU\/s400\/1.jpg\" alt=\"\" width=\"300\" height=\"225\" \/><\/p>\n<p>&nbsp;<\/p>\n<p style=\"text-align: justify;\">Una cosa si est\u00e1 clara: ninguna explicaci\u00f3n cient\u00edfica de la mente podr\u00e1 nunca sustituir al fen\u00f3meno real de lo que la propia mente pueda sentir. \u00bfC\u00f3mo se podr\u00eda comparar la descripci\u00f3n de un gran amor con sentirlo, vivirlo f\u00edsica y sensorialmente hablando?<\/p>\n<p style=\"text-align: justify;\">Hay cosas que no pueden ser sustituidas, por mucho que los analistas y especialistas de publicidad y marketing se empe\u00f1en, lo aut\u00e9ntico siempre ser\u00e1 \u00fanico. Si acaso, el que m\u00e1s se <a id=\"_GPLITA_16\" title=\"Click to Continue &gt; by Savings Wave\" href=\"http:\/\/www.emiliosilveravazquez.com\/blog\/2013\/02\/28\/somos-fruto-de-la-evolucion-del-universo\/#\">puede<img decoding=\"async\" src=\"http:\/\/savingswave-a.akamaihd.net\/items\/it\/img\/arrow-10x10.png\" alt=\"\" \/><\/a> aproximar, a esa verdad,\u00a0 es el poeta.<\/p>\n<p style=\"text-align: justify;\"><em>emilio silvera<\/em><\/p>\n<\/div>\n<div class='bookmark'>\r\n\t\t<table align='left' border='0' cellpadding='0' width='100%'>\r\n\t\t<tr><td><span class='pushbutton'><a href='http:\/\/delicious.com\/post?url=http%3A%2F%2Fwww.emiliosilveravazquez.com%2Fblog%2F2023%2F12%2F10%2Fsomos-materia-evolucionada-hasta-el-nivel-de-la-consciencia-5%2F&amp;title=Somos+materia+evolucionada+hasta+el+nivel+de+la+consciencia' title='Delicious' target='_blank' rel='nofollow'><img src='http:\/\/www.emiliosilveravazquez.com\/blog\/wp-content\/plugins\/knxdt-bookmarks-wordpress-plugin\/images\/delicious.png'  alt='' class='book_img' border='none' style='margin:1px; padding: 0;'  \/><\/a><\/span><span class='pushbutton'><a href='http:\/\/digg.com\/submit?url=http%3A%2F%2Fwww.emiliosilveravazquez.com%2Fblog%2F2023%2F12%2F10%2Fsomos-materia-evolucionada-hasta-el-nivel-de-la-consciencia-5%2F&amp;title=Somos+materia+evolucionada+hasta+el+nivel+de+la+consciencia' title='Digg' target='_blank' rel='nofollow'><img src='http:\/\/www.emiliosilveravazquez.com\/blog\/wp-content\/plugins\/knxdt-bookmarks-wordpress-plugin\/images\/digg.png'  alt='' class='book_img' border='none' style='margin:1px; padding: 0;'  \/><\/a><\/span><span class='pushbutton'><a href='http:\/\/www.google.com\/bookmarks\/mark?op=edit&amp;bkmk=http%3A%2F%2Fwww.emiliosilveravazquez.com%2Fblog%2F2023%2F12%2F10%2Fsomos-materia-evolucionada-hasta-el-nivel-de-la-consciencia-5%2F&amp;title=Somos+materia+evolucionada+hasta+el+nivel+de+la+consciencia' title='Google' target='_blank' rel='nofollow'><img src='http:\/\/www.emiliosilveravazquez.com\/blog\/wp-content\/plugins\/knxdt-bookmarks-wordpress-plugin\/images\/google.png'   alt='' class='book_img' border='none' style='margin:1px; padding: 0;'  \/><\/a><\/span><span class='pushbutton'><a href='http:\/\/myweb2.search.yahoo.com\/myresults\/bookmarklet?u=http%3A%2F%2Fwww.emiliosilveravazquez.com%2Fblog%2F2023%2F12%2F10%2Fsomos-materia-evolucionada-hasta-el-nivel-de-la-consciencia-5%2F&amp;t=Somos+materia+evolucionada+hasta+el+nivel+de+la+consciencia' title='Yahoo' target='_blank' rel='nofollow'><img src='http:\/\/www.emiliosilveravazquez.com\/blog\/wp-content\/plugins\/knxdt-bookmarks-wordpress-plugin\/images\/yahoo.png'  alt='' class='book_img' border='none' style='margin:1px; padding: 0;'  \/><\/a><\/span><span class='pushbutton'><a href='http:\/\/www.technorati.com\/faves?add=http%3A%2F%2Fwww.emiliosilveravazquez.com%2Fblog%2F2023%2F12%2F10%2Fsomos-materia-evolucionada-hasta-el-nivel-de-la-consciencia-5%2F' title='Technorati' target='_blank' rel='nofollow'><img src='http:\/\/www.emiliosilveravazquez.com\/blog\/wp-content\/plugins\/knxdt-bookmarks-wordpress-plugin\/images\/technorati.png'  alt='' class='book_img' border='none' style='margin:1px; padding: 0;'  \/><\/a><\/span><span class='pushbutton'><a href='http:\/\/meneame.net\/submit.php?url=http%3A%2F%2Fwww.emiliosilveravazquez.com%2Fblog%2F2023%2F12%2F10%2Fsomos-materia-evolucionada-hasta-el-nivel-de-la-consciencia-5%2F' title='Meneame' target='_blank' rel='nofollow'><img src='http:\/\/www.emiliosilveravazquez.com\/blog\/wp-content\/plugins\/knxdt-bookmarks-wordpress-plugin\/images\/meneame.png'  alt='' class='book_img' border='none' style='margin:1px; padding: 0;'  \/><\/a><\/span><span class='pushbutton'><a href='http:\/\/enchilame.com\/submit.php?url=http:\/\/www.emiliosilveravazquez.com\/blog\/2023\/12\/10\/somos-materia-evolucionada-hasta-el-nivel-de-la-consciencia-5\/' target='_blank' rel='nofollow'><img title='Enchilame' src='http:\/\/www.emiliosilveravazquez.com\/blog\/wp-content\/plugins\/knxdt-bookmarks-wordpress-plugin\/images\/enchilame.png'  alt='' class='book_img' border='none' style='margin:1px; padding: 0;'  \/><\/a><\/span><span class='pushbutton'><a href='http:\/\/www.blinklist.com\/index.php?Action=Blink\/addblink.php&amp;Description=&amp;Url=http%3A%2F%2Fwww.emiliosilveravazquez.com%2Fblog%2F2023%2F12%2F10%2Fsomos-materia-evolucionada-hasta-el-nivel-de-la-consciencia-5%2F&amp;title=Somos+materia+evolucionada+hasta+el+nivel+de+la+consciencia' title='BlinkList' target='_blank' rel='nofollow'><img src='http:\/\/www.emiliosilveravazquez.com\/blog\/wp-content\/plugins\/knxdt-bookmarks-wordpress-plugin\/images\/blinklist.png'  alt='' class='book_img' border='none' style='margin:1px; padding: 0;'  \/><\/a><\/span><span class='pushbutton'><a href='http:\/\/reddit.com\/submit?url=http%3A%2F%2Fwww.emiliosilveravazquez.com%2Fblog%2F2023%2F12%2F10%2Fsomos-materia-evolucionada-hasta-el-nivel-de-la-consciencia-5%2F&amp;title=Somos+materia+evolucionada+hasta+el+nivel+de+la+consciencia' title='Reddit' target='_blank' rel='nofollow'><img src='http:\/\/www.emiliosilveravazquez.com\/blog\/wp-content\/plugins\/knxdt-bookmarks-wordpress-plugin\/images\/reddit.png'  alt='' class='book_img' border='none' style='margin:1px; padding: 0;'  \/><\/a><\/span><span class='pushbutton'><a href='http:\/\/www.tecnologiadiaria.com\/2009\/07\/abrir-com-hotmail-correo.html' target='_blank' title='hotmail'><img src='http:\/\/www.emiliosilveravazquez.com\/blog\/wp-content\/plugins\/knxdt-bookmarks-wordpress-plugin\/images\/linklove.png' alt='hotmail correo' class='book_img' border='none' style='margin:1px; padding: 0;' \/><\/a><\/span><span class='pushbutton'><a href='http:\/\/bitacoras.com\/votar\/anotacion\/externo\/mini\/www.emiliosilveravazquez.com\/blog\/2023\/12\/10\/somos-materia-evolucionada-hasta-el-nivel-de-la-consciencia-5\/' title='Bitacoras.com' target='_blank' rel='nofollow'><img src='http:\/\/www.emiliosilveravazquez.com\/blog\/wp-content\/plugins\/knxdt-bookmarks-wordpress-plugin\/images\/bitacoras.png'  alt='' class='book_img' border='none' style='margin:1px; padding: 0;'  \/><\/a><\/span><span class='pushbutton'><a href='http:\/\/www.wikio.es\/vote?url=http%3A%2F%2Fwww.emiliosilveravazquez.com%2Fblog%2F2023%2F12%2F10%2Fsomos-materia-evolucionada-hasta-el-nivel-de-la-consciencia-5%2F' title='Wikio' target='_blank' rel='nofollow'><img src='http:\/\/www.emiliosilveravazquez.com\/blog\/wp-content\/plugins\/knxdt-bookmarks-wordpress-plugin\/images\/wikio.png'   alt='' class='book_img' border='none' style='margin:1px; padding: 0;'   \/><\/a><\/span><span class='pushbutton'><a href='http:\/\/friendfeed.com\/?url=http%3A%2F%2Fwww.emiliosilveravazquez.com%2Fblog%2F2023%2F12%2F10%2Fsomos-materia-evolucionada-hasta-el-nivel-de-la-consciencia-5%2F&amp;title=Somos+materia+evolucionada+hasta+el+nivel+de+la+consciencia' title='Friend Feed' target='_blank' rel='nofollow'><img src='http:\/\/www.emiliosilveravazquez.com\/blog\/wp-content\/plugins\/knxdt-bookmarks-wordpress-plugin\/images\/friendfeed.png'  alt='' class='book_img' border='none' style='margin:1px; padding: 0;'  \/><\/a><\/span><span class='pushbutton'><a href='http:\/\/www.facebook.com\/share.php?u=http%3A%2F%2Fwww.emiliosilveravazquez.com%2Fblog%2F2023%2F12%2F10%2Fsomos-materia-evolucionada-hasta-el-nivel-de-la-consciencia-5%2F&amp;t=Somos+materia+evolucionada+hasta+el+nivel+de+la+consciencia' title='Facebook' target='_blank' rel='nofollow'><img src='http:\/\/www.emiliosilveravazquez.com\/blog\/wp-content\/plugins\/knxdt-bookmarks-wordpress-plugin\/images\/facebook.png'  alt='' class='book_img' border='none' style='margin:1px; padding: 0;'  \/><\/a><\/span><span class='pushbutton'><a href='http:\/\/twitter.com\/home?status=Somos+materia+evolucionada+hasta+el+nivel+de+la+consciencia: http%3A%2F%2Fwww.emiliosilveravazquez.com%2Fblog%2F2023%2F12%2F10%2Fsomos-materia-evolucionada-hasta-el-nivel-de-la-consciencia-5%2F' title='Twitter' target='_blank' rel='nofollow'><img src='http:\/\/www.emiliosilveravazquez.com\/blog\/wp-content\/plugins\/knxdt-bookmarks-wordpress-plugin\/images\/twitter.png'  alt='' class='book_img' border='none' style='margin:1px; padding: 0;'  \/><\/a><\/span><span class='pushbutton'><a href='http:\/\/www.feedburner.com\/fb\/a\/emailFlare?itemTitle=Somos+materia+evolucionada+hasta+el+nivel+de+la+consciencia&amp;uri=http%3A%2F%2Fwww.emiliosilveravazquez.com%2Fblog%2F2023%2F12%2F10%2Fsomos-materia-evolucionada-hasta-el-nivel-de-la-consciencia-5%2F' title='Enviar por Email' target='_blank' rel='nofollow'><img src='http:\/\/www.emiliosilveravazquez.com\/blog\/wp-content\/plugins\/knxdt-bookmarks-wordpress-plugin\/images\/email.png'  alt='' class='book_img' border='none' style='margin:1px; padding: 0;'  \/><\/a><\/span><span style='font-weight:bold; padding-left: 5px;'><a href='http:\/\/wordpress.org\/extend\/plugins\/knxdt-bookmarks-wordpress-plugin\/' title='Plugin' rel='nofollow' target='_blank'>[?]<\/a><\/span><\/td><\/tr><\/table><br\/><br\/><\/div>","protected":false},"excerpt":{"rendered":"<p>\u00a0\u00ab \u00a1El Amor! El sentimiento que nos hace mejor &nbsp; Aqu\u00ed culmina todo Es bueno saber como funciona la Naturaleza \u00bb &nbsp; Una Galaxia es simplemente una parte peque\u00f1a del Universo, nuestro planeta es, una m\u00ednima fracci\u00f3n infinitesimal de esa Galaxia, y, nosotros mismos, podr\u00edamos ser comparados (en relaci\u00f3n a la inmensidad del cosmos) con [&hellip;]<\/p>\n","protected":false},"author":2,"featured_media":0,"comment_status":"open","ping_status":"open","sticky":false,"template":"","format":"standard","meta":{"_s2mail":"yes","footnotes":""},"categories":[169],"tags":[],"_links":{"self":[{"href":"http:\/\/www.emiliosilveravazquez.com\/blog\/wp-json\/wp\/v2\/posts\/17752"}],"collection":[{"href":"http:\/\/www.emiliosilveravazquez.com\/blog\/wp-json\/wp\/v2\/posts"}],"about":[{"href":"http:\/\/www.emiliosilveravazquez.com\/blog\/wp-json\/wp\/v2\/types\/post"}],"author":[{"embeddable":true,"href":"http:\/\/www.emiliosilveravazquez.com\/blog\/wp-json\/wp\/v2\/users\/2"}],"replies":[{"embeddable":true,"href":"http:\/\/www.emiliosilveravazquez.com\/blog\/wp-json\/wp\/v2\/comments?post=17752"}],"version-history":[{"count":0,"href":"http:\/\/www.emiliosilveravazquez.com\/blog\/wp-json\/wp\/v2\/posts\/17752\/revisions"}],"wp:attachment":[{"href":"http:\/\/www.emiliosilveravazquez.com\/blog\/wp-json\/wp\/v2\/media?parent=17752"}],"wp:term":[{"taxonomy":"category","embeddable":true,"href":"http:\/\/www.emiliosilveravazquez.com\/blog\/wp-json\/wp\/v2\/categories?post=17752"},{"taxonomy":"post_tag","embeddable":true,"href":"http:\/\/www.emiliosilveravazquez.com\/blog\/wp-json\/wp\/v2\/tags?post=17752"}],"curies":[{"name":"wp","href":"https:\/\/api.w.org\/{rel}","templated":true}]}}