{"id":1728,"date":"2010-06-03T10:05:40","date_gmt":"2010-06-03T08:05:40","guid":{"rendered":"http:\/\/www.emiliosilveravazquez.com\/blog\/?p=1728"},"modified":"2010-06-02T10:05:32","modified_gmt":"2010-06-02T08:05:32","slug":"el-universo-y-la-fisica","status":"publish","type":"post","link":"http:\/\/www.emiliosilveravazquez.com\/blog\/2010\/06\/03\/el-universo-y-la-fisica\/","title":{"rendered":"El Universo y la F\u00edsica"},"content":{"rendered":"<p style=\"margin: 0cm 0cm 12pt; text-indent: 1cm; text-align: justify;\">Suponiendo que alg\u00fan f\u00edsico brillante nos resuelva la teor\u00eda de campos de cuerdas y derive las propiedades conocidas de nuestro universo, con un poco de suerte, podr\u00eda ocurrir en este mismo siglo, lo que no estar\u00eda nada mal considerando las dificultades de la empresa. El problema fundamental es que estamos obligando a la <a href=\"#\" onclick=\"referencia('supercuerdas teoria',event); return false;\">teor\u00eda de supercuerdas<\/a> a responder preguntas sobre energ\u00edas cotidianas, cuando su &#8220;\u00e1mbito natural&#8221; est\u00e1 en la energ\u00eda de Planck. Esta fabulosa energ\u00eda fue liberada s\u00f3lo en el propio instante de la creaci\u00f3n, lo que quiere decir que la <a href=\"#\" onclick=\"referencia('supercuerdas teoria',event); return false;\">teor\u00eda de supercuerdas<\/a> es naturalmente una teor\u00eda de la creaci\u00f3n.<\/p>\n<p style=\"margin: 0cm 0cm 12pt; text-indent: 1cm; text-align: justify;\">Fuimos capaces de predecir que el <a href=\"#\" onclick=\"referencia('big bang',event); return false;\">Big Bang<\/a> produjo un &#8220;eco&#8221; c\u00f3smico reverberando en el universo y que podr\u00eda ser medido por los instrumentos adecuados. De hecho, Arno Penzias y Robert Wilson de los <em style=\"mso-bidi-font-style: normal;\">Bell Telephone Laboratories<\/em> ganaron el premio Nobel en 1.978 por detectar este eco del <a href=\"#\" onclick=\"referencia('big bang',event); return false;\">Big Bang<\/a>, una radiaci\u00f3n de microondas que impregna el universo conocido. El que el eco del <a href=\"#\" onclick=\"referencia('big bang',event); return false;\">Big Bang<\/a> deber\u00eda estar circulando por el universo miles de millones de a\u00f1os despu\u00e9s del suceso fue predicho por primera vez por George Gamow y sus disc\u00edpulos Ralpher y Robert Herman, pero nadie les tom\u00f3 en serio. La propia idea de medir el eco de la creaci\u00f3n parec\u00eda extravagante cuando la propusieron por primera vez poco despu\u00e9s de la segunda guerra mundial. Su l\u00f3gica, sin embargo, era aplastante. Cualquier objeto, cuando se calienta, emite radiaci\u00f3n de forma gradual. \u00c9sta es la raz\u00f3n de que el hierro se ponga al rojo vivo cuando se calienta en un horno, y cuanto m\u00e1s se calienta, mayor es la frecuencia de radiaci\u00f3n que emite. Una f\u00f3rmula matem\u00e1tica exacta, la ley de Stefan-Boltzmann, relaciona la frecuencia de la luz (o el color en este caso) con la temperatura. De hecho, as\u00ed es como los cient\u00edficos determinan la temperatura de la superficie de una estrella lejana; examinando su color. Esta radiaci\u00f3n se denomina <em style=\"mso-bidi-font-style: normal;\">radiaci\u00f3n de cuerpo negro<\/em>.<\/p>\n<p><!--more--><\/p>\n<p style=\"margin: 0cm 0cm 12pt; text-indent: 1cm; text-align: justify;\">Esta radiaci\u00f3n, c\u00f3mo no, ha sido aprovechada por los ej\u00e9rcitos, que mediante visores nocturnos pueden operar en la oscuridad. De noche, los objetos relativamente calientes, tales como soldados enemigos o los carros de combate, pueden estar ocultos en la oscuridad, pero contin\u00faan emitiendo radiaci\u00f3n de cuerpo negro invisible en forma de radiaci\u00f3n infrarroja, que puede ser captada por gafas especiales de infrarrojo. \u00c9sta es tambi\u00e9n la raz\u00f3n de que nuestros autom\u00f3viles cerrados se calientes en verano, ya que la luz del Sol atraviesa los cristales del coche y calienta el interior. A medida que se calienta, empieza a emitir radiaci\u00f3n de cuerpo negro en forma de radiaci\u00f3n infrarroja. Sin embargo, esta clase de radiaci\u00f3n no atraviesa muy bien el vidrio, y por lo tanto queda atrapada en el interior del autom\u00f3vil, incrementando espectacularmente la temperatura.<\/p>\n<p style=\"margin: 0cm 0cm 12pt; text-indent: 1cm; text-align: justify;\">An\u00e1logamente, la radiaci\u00f3n de cuerpo negro produce el efecto invernadero. Al igual que el vidrio, los altos niveles de di\u00f3xido de carbono en la atm\u00f3sfera, causados por la combusti\u00f3n sin control de combustibles f\u00f3siles, pueden atrapar la radiaci\u00f3n de cuerpo negro infrarroja en la Tierra, y de este modo calentar gradualmente el planeta.<\/p>\n<p style=\"margin: 0cm 0cm 12pt; text-indent: 1cm; text-align: justify;\">Gamow razon\u00f3 que el <a href=\"#\" onclick=\"referencia('big bang',event); return false;\">Big Bang<\/a> era inicialmente muy caliente, y que por lo tanto ser\u00eda un cuerpo negro ideal emisor de radiaci\u00f3n. Aunque la tecnolog\u00eda de los a\u00f1os cuarenta era demasiado primitiva para captar esta d\u00e9bil se\u00f1al de la creaci\u00f3n, Gamow pudo calcular la temperatura de dicha radiaci\u00f3n y predecir con fiabilidad que un d\u00eda nuestros instrumentos ser\u00edan lo suficientemente sensibles como para detectar esta radiaci\u00f3n &#8220;f\u00f3sil&#8221;.<\/p>\n<p style=\"margin: 0cm 0cm 12pt; text-indent: 1cm; text-align: justify;\">La l\u00f3gica que hab\u00eda detr\u00e1s de su razonamiento era la siguiente: alrededor de 300.000 a\u00f1os despu\u00e9s del <a href=\"#\" onclick=\"referencia('big bang',event); return false;\">Big Bang<\/a>, el universo se enfri\u00f3 hasta el punto en el que los \u00e1tomos pudieron empezar a componerse; los <a href=\"#\" onclick=\"referencia('electron',event); return false;\">electrones<\/a> pudieron empezar a rodear a los <a href=\"#\" onclick=\"referencia('proton',event); return false;\">protones<\/a> y <a href=\"#\" onclick=\"referencia('neutron',event); return false;\">neutrones<\/a> formando \u00e1tomos estables, que ya no ser\u00edan destruidos por la intensa radiaci\u00f3n que estaba impregnando todo el universo. Antes de este momento, el universo estaba tan caliente que los \u00e1tomos eran inmediatamente descompuestos por esa radiaci\u00f3n tan potente en el mismo acto de su formaci\u00f3n. Esto significa que el universo era opaco, como una niebla espesa absorbente e impenetrable.<\/p>\n<p style=\"margin: 0cm 0cm 12pt; text-indent: 1cm; text-align: justify;\">Pasados 300.000 a\u00f1os, la radiaci\u00f3n no era tan potente; se hab\u00eda enfriado y por lo tanto la luz pod\u00eda atravesar grades distancias sin ser dispersada. En otras palabras, el universo se hizo repentinamente negro y transparente.<\/p>\n<p style=\"margin: 0cm 0cm 12pt; text-indent: 1cm; text-align: justify;\">Terminar\u00e9 esta parte comentando que un aut\u00e9ntico cuerpo negro es un concepto imaginario; un peque\u00f1o agujero en la pared de un recinto a temperatura uniforme es la mejor aproximaci\u00f3n que se puede tener de \u00e9l en la pr\u00e1ctica.<\/p>\n<p style=\"margin: 0cm 0cm 12pt; text-indent: 1cm; text-align: justify;\">La radiaci\u00f3n de cuerpo negro es la radiaci\u00f3n electromagn\u00e9tica emitida por un cuerpo negro. Se extiende sobre todo el rango de longitudes de onda y la disminuci\u00f3n de energ\u00edas sobre este rango tiene una forma caracter\u00edstica con un m\u00e1ximo en una cierta longitud de onda, desplaz\u00e1ndose a longitudes de onda m\u00e1s cortas al aumentar las temperaturas<a href=\"#pie\">*<\/a><a name=\"r_pie\"><\/a>.<\/p>\n<p style=\"margin: 0cm 0cm 12pt; text-indent: 1cm; text-align: justify;\">Hablar, sin m\u00e1s especificaciones, de radiaci\u00f3n, es estar refiri\u00e9ndonos a una energ\u00eda que viaja en forma de ondas electromagn\u00e9ticas o <a href=\"#\" onclick=\"referencia('foton',event); return false;\">fotones<\/a> por el universo. Tambi\u00e9n nos podr\u00edamos estar refiriendo a un chorro de part\u00edculas, especialmente <a href=\"#\" onclick=\"referencia('particula alfa',event); return false;\">part\u00edculas alfa<\/a> o beta de una fuente radiactiva o <a href=\"#\" onclick=\"referencia('neutron',event); return false;\">neutrones<\/a> de un reactor nuclear.<\/p>\n<p style=\"margin: 0cm 0cm 12pt; text-indent: 1cm; text-align: justify;\">La radiaci\u00f3n act\u00ednida es la electromagn\u00e9tica que es capaz de iniciar una reacci\u00f3n qu\u00edmica. El t\u00e9rmino es usado especialmente para la radiaci\u00f3n ultravioleta y tambi\u00e9n para denotar radiaci\u00f3n que podr\u00eda afectar a las emulsiones fotogr\u00e1ficas.<\/p>\n<p style=\"margin: 0cm 0cm 12pt; text-indent: 1cm; text-align: justify;\">Radiaci\u00f3n blanda, radiaci\u00f3n c\u00f3smica, radiaci\u00f3n de calor, radiaci\u00f3n de fondo, de fondo de microondas, radiaci\u00f3n dura, electromagn\u00e9tica, radiaci\u00f3n gamma, infrarroja, ionizante, monocrom\u00e1tica, policrom\u00e1tica, de sincrot\u00f3n, ultravioleta, de la teor\u00eda cu\u00e1ntica, de <a href=\"#\" onclick=\"referencia('radiactividad',event); return false;\">radiactividad<\/a>&#8230; y, como se puede ver, la radiaci\u00f3n en sus diversas formas es un universo en s\u00ed misma.<\/p>\n<p style=\"margin: 0cm 0cm 12pt; text-indent: 1cm; text-align: justify;\">Siempre me llam\u00f3 la atenci\u00f3n y se gan\u00f3 mi admiraci\u00f3n el f\u00edsico alem\u00e1n Max Planck (1.858 &#8211; 1.947), responsable entre otros muchos logros de la ley de radiaci\u00f3n de Planck, que da la distribuci\u00f3n de energ\u00eda radiada por un cuerpo negro. Introdujo en f\u00edsica el concepto novedoso de que la energ\u00eda es una cantidad que es radiada por un cuerpo en peque\u00f1os paquetes discretos, en vez de una emisi\u00f3n continua. Estos peque\u00f1os paquetes se conocieron como <em style=\"mso-bidi-font-style: normal;\">cuantos<\/em> y la ley formulada es la base de la teor\u00eda cu\u00e1ntica.<\/p>\n<p style=\"margin: 0cm 0cm 12pt; text-indent: 1cm; text-align: justify;\"><a href=\"#\" onclick=\"referencia('einstein',event); return false;\">Einstein<\/a> se inspir\u00f3 en este trabajo para a su vez presentar el suyo propio sobre el efecto fotoel\u00e9ctrico, donde la energ\u00eda m\u00e1xima cin\u00e9tica del foto<a href=\"#\" onclick=\"referencia('electron',event); return false;\">electr\u00f3n<\/a>, <em style=\"mso-bidi-font-style: normal;\">E<sub>m<\/sub><\/em>, est\u00e1 dada por la ecuaci\u00f3n que lleva su nombre: E<sub>m<\/sub> = hf &#8211; \u03a6.<\/p>\n<p style=\"margin: 0cm 0cm 12pt; text-indent: 1cm; text-align: justify;\">Planck public\u00f3 en 1.900 un art\u00edculo sobre la radiaci\u00f3n de cuerpo negro que sent\u00f3 las bases para la teor\u00eda de la mec\u00e1nica cu\u00e1ntica que m\u00e1s tarde desarrollaron otros, como el mismo <a href=\"#\" onclick=\"referencia('einstein',event); return false;\">Einstein<\/a>, Heisenberg, Schr\u00f6dinger, Dirac, Feymann, etc. Todos los f\u00edsicos son conocedores de la enorme contribuci\u00f3n que Max Planck hizo en f\u00edsica: la <a href=\"#\" onclick=\"referencia('planck constante de',event); return false;\">constante de Planck<\/a>, radiaci\u00f3n de Planck, <a href=\"#\" onclick=\"referencia('planck longitud de',event); return false;\">longitud de Planck<\/a>, unidades de Planck, etc. Es posible que sea el f\u00edsico de la historia que m\u00e1s veces ha dado su nombre a conceptos de f\u00edsica. Pongamos un par te ejemplos de su ingenio:<\/p>\n<p style=\"margin: 0cm 0cm 12pt 64.35pt; text-indent: -18pt; text-align: justify; mso-list: l0 level1 lfo1; tab-stops: list 64.35pt;\">1.\u00a0\u00a0\u00a0\u00a0\u00a0<img decoding=\"async\" loading=\"lazy\" class=\"alignnone size-full wp-image-417\" title=\"long_planck\" src=\"http:\/\/www.emiliosilveravazquez.com\/blog\/wp-content\/uploads\/2008\/07\/long_planck.png\" alt=\"long_planck\" width=\"101\" height=\"22\" \/> vale 10<sup>-35<\/sup> metros. Esta escala de longitud (veinte \u00f3rdenes de magnitud menor que el tama\u00f1o del <a href=\"#\" onclick=\"referencia('proton',event); return false;\">prot\u00f3n<\/a>, de 10<sup>-15<\/sup> m) es a la que la descripci\u00f3n cl\u00e1sica de gravedad cesa de ser v\u00e1lida y debe ser tenida en cuenta la mec\u00e1nica cu\u00e1ntica. En la f\u00f3rmula que la describe, <em style=\"mso-bidi-font-style: normal;\">G<\/em> es la constante gravitacional, <em style=\"mso-bidi-font-style: normal;\">\u0127<\/em> es la <a href=\"#\" onclick=\"referencia('planck constante de',event); return false;\">constante de Planck<\/a> racionalizada y <em style=\"mso-bidi-font-style: normal;\">c<\/em> en la velocidad de la luz.<\/p>\n<p style=\"margin: 0cm 0cm 12pt 64.35pt; text-indent: -18pt; text-align: justify; mso-list: l0 level1 lfo1; tab-stops: list 64.35pt;\">2.\u00a0\u00a0\u00a0 <img decoding=\"async\" loading=\"lazy\" class=\"alignnone size-full wp-image-418\" title=\"masa_planck\" src=\"http:\/\/www.emiliosilveravazquez.com\/blog\/wp-content\/uploads\/2008\/07\/masa_planck.png\" alt=\"masa_planck\" width=\"86\" height=\"22\" \/>. Es la masa de una part\u00edcula cuya longitud de onda Compton es igual a la <a href=\"#\" onclick=\"referencia('planck longitud de',event); return false;\">longitud de Planck<\/a>. En la ecuaci\u00f3n, <em style=\"mso-bidi-font-style: normal;\">\u0127<\/em> es la <a href=\"#\" onclick=\"referencia('planck constante de',event); return false;\">constante de Planck<\/a> racionalizada, <em style=\"mso-bidi-font-style: normal;\">c<\/em> es la velocidad de la luz y <em style=\"mso-bidi-font-style: normal;\">G<\/em> es la constante gravitacional.<\/p>\n<p style=\"margin: 0cm 0cm 12pt; text-indent: 1cm; text-align: justify;\">La descripci\u00f3n de una part\u00edcula elemental de esta masa, o part\u00edculas que interaccionan con energ\u00edas por part\u00edculas equivalentes a ellas (a trav\u00e9s de E = mc<sup>2<\/sup>), requiere de una teor\u00eda cu\u00e1ntica de la gravedad. Como la <a href=\"#\" onclick=\"referencia('planck masa de',event); return false;\">masa de Planck<\/a> es del orden de 10<sup>-8<\/sup> Kg (equivalente a una energ\u00eda de 10<sup>19<\/sup> GeV) y, por ejemplo, la masa del <a href=\"#\" onclick=\"referencia('proton',event); return false;\">prot\u00f3n<\/a> es del orden de 10<sup>-27<\/sup> Kg y las mayores energ\u00edas alcanzables en los aceleradores de part\u00edculas actuales son del orden de 10<sup>3<\/sup> GeV, los efectos de gravitaci\u00f3n cu\u00e1ntica no aparecen en los laboratorios de f\u00edsica de part\u00edculas. \u00danicamente en un laboratorio aparecieron part\u00edculas que ten\u00edan energ\u00edas del orden de la <a href=\"#\" onclick=\"referencia('planck masa de',event); return false;\">masa de Planck<\/a>: en el universo primitivo, de acuerdo con la teor\u00eda del <a href=\"#\" onclick=\"referencia('big bang',event); return false;\">Big Bang<\/a>, motivo \u00e9ste por el que es necesaria una teor\u00eda cu\u00e1ntica de la gravedad para estudiar aquellas condiciones. Esta energ\u00eda de la que estamos hablando, del orden de 10<sup>19<\/sup> GeV (inalcanzable para nosotros), es la que necesitamos para verificar la <a href=\"#\" onclick=\"referencia('supercuerdas teoria',event); return false;\">teor\u00eda de supercuerdas<\/a>.<\/p>\n<p style=\"margin: 0cm 0cm 12pt; text-indent: 1cm; text-align: justify;\">Siempre, desde que puedo recordar, me llam\u00f3 la atenci\u00f3n los misterios y secretos encerrados en la naturaleza, y la innegable batalla mantenida a lo largo de la historia por los cient\u00edficos para descubrirlos.<\/p>\n<p style=\"margin: 0cm 0cm 12pt; text-indent: 1cm; text-align: justify;\">Hacia 1.900 se sab\u00eda que el \u00e1tomo no era una part\u00edcula simple e indivisible, como predijo Dem\u00f3crito, pues conten\u00eda, al menos, un corp\u00fasculo subat\u00f3mico: el <a href=\"#\" onclick=\"referencia('electron',event); return false;\">electr\u00f3n<\/a>, cuyo descubridor fue J. J. Thomson, el cual supuso que los <a href=\"#\" onclick=\"referencia('electron',event); return false;\">electrones<\/a> se arracimaban como uvas en el cuerpo principal del \u00e1tomo de carga positiva.<\/p>\n<p style=\"margin: 0cm 0cm 12pt; text-indent: 1cm; text-align: justify;\">Poco tiempo despu\u00e9s result\u00f3 evidente que exist\u00edan otras subpart\u00edculas en el interior del \u00e1tomo. Cuando Becquerel descubri\u00f3 la <a href=\"#\" onclick=\"referencia('radiactividad',event); return false;\">radiactividad<\/a>, identific\u00f3 como emanaciones constituidas por <a href=\"#\" onclick=\"referencia('electron',event); return false;\">electrones<\/a> algunas de las radiaciones emitidas por sustancias radiactivas. Pero tambi\u00e9n quedaron al descubierto otras emisiones. Los Curie en Francia y Ernest Rutherford en Inglaterra detectaron una emisi\u00f3n bastante menos penetrante que el flujo electr\u00f3nico. Rutherford la llam\u00f3 <em style=\"mso-bidi-font-style: normal;\">rayos alfa<\/em>, y denomin\u00f3 <em style=\"mso-bidi-font-style: normal;\">rayos beta <\/em>a la emisi\u00f3n de <a href=\"#\" onclick=\"referencia('electron',event); return false;\">electrones<\/a>.<\/p>\n<p style=\"margin: 0cm 0cm 12pt; text-indent: 1cm; text-align: justify;\">Los <a href=\"#\" onclick=\"referencia('electron',event); return false;\">electrones<\/a> volantes constitutivos de esta \u00faltima radiaci\u00f3n son, individualmente, <a href=\"#\" onclick=\"referencia('particula beta',event); return false;\">part\u00edculas beta<\/a>. As\u00ed mismo, se descubri\u00f3 que los rayos alfa estaban formados por part\u00edculas, que fueron llamadas <a href=\"#\" onclick=\"referencia('particula alfa',event); return false;\">part\u00edculas alfa<\/a>. Como ya sabemos, <em style=\"mso-bidi-font-style: normal;\">alfa<\/em> y <em style=\"mso-bidi-font-style: normal;\">beta<\/em> son las primeras letras del alfabeto griego y se escriben con los gr\u00e1ficos \u03b1 y \u03b2.<\/p>\n<p style=\"margin: 0cm 0cm 12pt; text-indent: 1cm; text-align: justify;\">Entretanto, el qu\u00edmico franc\u00e9s Paul Ulrico Villard descubr\u00eda una tercera forma de emisi\u00f3n radiactiva, a la que dio el nombre de <em style=\"mso-bidi-font-style: normal;\"><a href=\"#\" onclick=\"referencia('gamma rayos',event); return false;\">rayos gamma<\/a><\/em>, es decir, la tercera letra del alfabeto griego (\u03b3). Pronto se identific\u00f3 como una radiaci\u00f3n an\u00e1loga a los <a href=\"#\" onclick=\"referencia('rayos x',event); return false;\">rayos X<\/a>, aunque de menor longitud de onda.<\/p>\n<p style=\"margin: 0cm 0cm 12pt; text-indent: 1cm; text-align: justify;\">Mediante sus experimentos, Rutherford comprob\u00f3 que un campo magn\u00e9tico desviaba las <a href=\"#\" onclick=\"referencia('particula alfa',event); return false;\">part\u00edculas alfa<\/a> con mucho menos fuerza que las <a href=\"#\" onclick=\"referencia('particula beta',event); return false;\">part\u00edculas beta<\/a>. Por a\u00f1adidura, las desviaba en direcci\u00f3n opuesta, lo cual significaba que la <a href=\"#\" onclick=\"referencia('particula alfa',event); return false;\">part\u00edcula alfa<\/a> ten\u00eda una carga positiva, es decir, contraria a la negativa del <a href=\"#\" onclick=\"referencia('electron',event); return false;\">electr\u00f3n<\/a>. La intensidad de tal desviaci\u00f3n permiti\u00f3 calcular que la <a href=\"#\" onclick=\"referencia('particula alfa',event); return false;\">part\u00edcula alfa<\/a> ten\u00eda como m\u00ednimo una masa dos veces mayor que la del hidrogeni\u00f3n, cuya carga positiva era la m\u00e1s peque\u00f1a conocida hasta entonces.<\/p>\n<p style=\"margin: 0cm 0cm 12pt; text-indent: 1cm; text-align: justify;\">En 1.909, Rutherford pudo aislar las <a href=\"#\" onclick=\"referencia('particula alfa',event); return false;\">part\u00edculas alfa<\/a>. Puso material radiactivo en un tubo de vidrio fino rodeado por vidrio grueso, e hizo el vac\u00edo entre ambas superficies. Las <a href=\"#\" onclick=\"referencia('particula alfa',event); return false;\">part\u00edculas alfa<\/a> pudieron atravesar la pared fina, pero no la gruesa, lo que dio lugar a que las part\u00edculas quedaran aprisionadas entre ambas, y Rutherford recurri\u00f3 entonces a la descarga el\u00e9ctrica para excitar las <a href=\"#\" onclick=\"referencia('particula alfa',event); return false;\">part\u00edculas alfa<\/a>, hasta llevarlas a la incandescencia. Entonces mostraron los rayos espectrales del helio.<\/p>\n<p style=\"margin: 0cm 0cm 12pt; text-indent: 1cm; text-align: justify;\">Hay pruebas de que las <a href=\"#\" onclick=\"referencia('particula alfa',event); return false;\">part\u00edculas alfa<\/a> producidas por sustancias radiactivas en el suelo constituyen el origen del helio en los pozos de gas natural.<\/p>\n<p style=\"margin: 0cm 0cm 12pt; text-indent: 1cm; text-align: justify;\">Si la <a href=\"#\" onclick=\"referencia('particula alfa',event); return false;\">part\u00edcula alfa<\/a> es helio, su masa debe ser cuatro veces mayor que la del hidr\u00f3geno. Ello significa que la carga positiva de \u00e9ste \u00faltimo equivale a dos unidades, tomando como unidad la carga del hidrogeni\u00f3n.<\/p>\n<p style=\"margin: 0cm 0cm 12pt; text-indent: 1cm; text-align: right;\"><em>emilio silvera<\/em><\/p>\n<hr size=\"1\" \/>\n<p style=\"margin: 0cm 0cm 0pt;\"><a name=\"pie\">*<\/a> Ley de Stefan y Ley de desplazamiento de Wien. <a href=\"#r_pie\">Volver<\/a><\/p>\n<div class='bookmark'>\r\n\t\t<table align='left' border='0' cellpadding='0' width='100%'>\r\n\t\t<tr><td><span class='pushbutton'><a href='http:\/\/delicious.com\/post?url=http%3A%2F%2Fwww.emiliosilveravazquez.com%2Fblog%2F2010%2F06%2F03%2Fel-universo-y-la-fisica%2F&amp;title=El+Universo+y+la+F%C3%ADsica' title='Delicious' target='_blank' rel='nofollow'><img src='http:\/\/www.emiliosilveravazquez.com\/blog\/wp-content\/plugins\/knxdt-bookmarks-wordpress-plugin\/images\/delicious.png'  alt='' class='book_img' border='none' style='margin:1px; padding: 0;'  \/><\/a><\/span><span class='pushbutton'><a href='http:\/\/digg.com\/submit?url=http%3A%2F%2Fwww.emiliosilveravazquez.com%2Fblog%2F2010%2F06%2F03%2Fel-universo-y-la-fisica%2F&amp;title=El+Universo+y+la+F%C3%ADsica' title='Digg' target='_blank' rel='nofollow'><img src='http:\/\/www.emiliosilveravazquez.com\/blog\/wp-content\/plugins\/knxdt-bookmarks-wordpress-plugin\/images\/digg.png'  alt='' class='book_img' border='none' style='margin:1px; padding: 0;'  \/><\/a><\/span><span class='pushbutton'><a href='http:\/\/www.google.com\/bookmarks\/mark?op=edit&amp;bkmk=http%3A%2F%2Fwww.emiliosilveravazquez.com%2Fblog%2F2010%2F06%2F03%2Fel-universo-y-la-fisica%2F&amp;title=El+Universo+y+la+F%C3%ADsica' title='Google' target='_blank' rel='nofollow'><img src='http:\/\/www.emiliosilveravazquez.com\/blog\/wp-content\/plugins\/knxdt-bookmarks-wordpress-plugin\/images\/google.png'   alt='' class='book_img' border='none' style='margin:1px; padding: 0;'  \/><\/a><\/span><span class='pushbutton'><a href='http:\/\/myweb2.search.yahoo.com\/myresults\/bookmarklet?u=http%3A%2F%2Fwww.emiliosilveravazquez.com%2Fblog%2F2010%2F06%2F03%2Fel-universo-y-la-fisica%2F&amp;t=El+Universo+y+la+F%C3%ADsica' title='Yahoo' target='_blank' rel='nofollow'><img src='http:\/\/www.emiliosilveravazquez.com\/blog\/wp-content\/plugins\/knxdt-bookmarks-wordpress-plugin\/images\/yahoo.png'  alt='' class='book_img' border='none' style='margin:1px; padding: 0;'  \/><\/a><\/span><span class='pushbutton'><a href='http:\/\/www.technorati.com\/faves?add=http%3A%2F%2Fwww.emiliosilveravazquez.com%2Fblog%2F2010%2F06%2F03%2Fel-universo-y-la-fisica%2F' title='Technorati' target='_blank' rel='nofollow'><img src='http:\/\/www.emiliosilveravazquez.com\/blog\/wp-content\/plugins\/knxdt-bookmarks-wordpress-plugin\/images\/technorati.png'  alt='' class='book_img' border='none' style='margin:1px; padding: 0;'  \/><\/a><\/span><span class='pushbutton'><a href='http:\/\/meneame.net\/submit.php?url=http%3A%2F%2Fwww.emiliosilveravazquez.com%2Fblog%2F2010%2F06%2F03%2Fel-universo-y-la-fisica%2F' title='Meneame' target='_blank' rel='nofollow'><img src='http:\/\/www.emiliosilveravazquez.com\/blog\/wp-content\/plugins\/knxdt-bookmarks-wordpress-plugin\/images\/meneame.png'  alt='' class='book_img' border='none' style='margin:1px; padding: 0;'  \/><\/a><\/span><span class='pushbutton'><a href='http:\/\/enchilame.com\/submit.php?url=http:\/\/www.emiliosilveravazquez.com\/blog\/2010\/06\/03\/el-universo-y-la-fisica\/' target='_blank' rel='nofollow'><img title='Enchilame' src='http:\/\/www.emiliosilveravazquez.com\/blog\/wp-content\/plugins\/knxdt-bookmarks-wordpress-plugin\/images\/enchilame.png'  alt='' class='book_img' border='none' style='margin:1px; padding: 0;'  \/><\/a><\/span><span class='pushbutton'><a href='http:\/\/www.blinklist.com\/index.php?Action=Blink\/addblink.php&amp;Description=&amp;Url=http%3A%2F%2Fwww.emiliosilveravazquez.com%2Fblog%2F2010%2F06%2F03%2Fel-universo-y-la-fisica%2F&amp;title=El+Universo+y+la+F%C3%ADsica' title='BlinkList' target='_blank' rel='nofollow'><img src='http:\/\/www.emiliosilveravazquez.com\/blog\/wp-content\/plugins\/knxdt-bookmarks-wordpress-plugin\/images\/blinklist.png'  alt='' class='book_img' border='none' style='margin:1px; padding: 0;'  \/><\/a><\/span><span class='pushbutton'><a href='http:\/\/reddit.com\/submit?url=http%3A%2F%2Fwww.emiliosilveravazquez.com%2Fblog%2F2010%2F06%2F03%2Fel-universo-y-la-fisica%2F&amp;title=El+Universo+y+la+F%C3%ADsica' title='Reddit' target='_blank' rel='nofollow'><img src='http:\/\/www.emiliosilveravazquez.com\/blog\/wp-content\/plugins\/knxdt-bookmarks-wordpress-plugin\/images\/reddit.png'  alt='' class='book_img' border='none' style='margin:1px; padding: 0;'  \/><\/a><\/span><span class='pushbutton'><a href='http:\/\/www.tecnologiadiaria.com\/2009\/07\/abrir-com-hotmail-correo.html' target='_blank' title='hotmail'><img src='http:\/\/www.emiliosilveravazquez.com\/blog\/wp-content\/plugins\/knxdt-bookmarks-wordpress-plugin\/images\/linklove.png' alt='hotmail correo' class='book_img' border='none' style='margin:1px; padding: 0;' \/><\/a><\/span><span class='pushbutton'><a href='http:\/\/bitacoras.com\/votar\/anotacion\/externo\/mini\/www.emiliosilveravazquez.com\/blog\/2010\/06\/03\/el-universo-y-la-fisica\/' title='Bitacoras.com' target='_blank' rel='nofollow'><img src='http:\/\/www.emiliosilveravazquez.com\/blog\/wp-content\/plugins\/knxdt-bookmarks-wordpress-plugin\/images\/bitacoras.png'  alt='' class='book_img' border='none' style='margin:1px; padding: 0;'  \/><\/a><\/span><span class='pushbutton'><a href='http:\/\/www.wikio.es\/vote?url=http%3A%2F%2Fwww.emiliosilveravazquez.com%2Fblog%2F2010%2F06%2F03%2Fel-universo-y-la-fisica%2F' title='Wikio' target='_blank' rel='nofollow'><img src='http:\/\/www.emiliosilveravazquez.com\/blog\/wp-content\/plugins\/knxdt-bookmarks-wordpress-plugin\/images\/wikio.png'   alt='' class='book_img' border='none' style='margin:1px; padding: 0;'   \/><\/a><\/span><span class='pushbutton'><a href='http:\/\/friendfeed.com\/?url=http%3A%2F%2Fwww.emiliosilveravazquez.com%2Fblog%2F2010%2F06%2F03%2Fel-universo-y-la-fisica%2F&amp;title=El+Universo+y+la+F%C3%ADsica' title='Friend Feed' target='_blank' rel='nofollow'><img src='http:\/\/www.emiliosilveravazquez.com\/blog\/wp-content\/plugins\/knxdt-bookmarks-wordpress-plugin\/images\/friendfeed.png'  alt='' class='book_img' border='none' style='margin:1px; padding: 0;'  \/><\/a><\/span><span class='pushbutton'><a href='http:\/\/www.facebook.com\/share.php?u=http%3A%2F%2Fwww.emiliosilveravazquez.com%2Fblog%2F2010%2F06%2F03%2Fel-universo-y-la-fisica%2F&amp;t=El+Universo+y+la+F%C3%ADsica' title='Facebook' target='_blank' rel='nofollow'><img src='http:\/\/www.emiliosilveravazquez.com\/blog\/wp-content\/plugins\/knxdt-bookmarks-wordpress-plugin\/images\/facebook.png'  alt='' class='book_img' border='none' style='margin:1px; padding: 0;'  \/><\/a><\/span><span class='pushbutton'><a href='http:\/\/twitter.com\/home?status=El+Universo+y+la+F%C3%ADsica: http%3A%2F%2Fwww.emiliosilveravazquez.com%2Fblog%2F2010%2F06%2F03%2Fel-universo-y-la-fisica%2F' title='Twitter' target='_blank' rel='nofollow'><img src='http:\/\/www.emiliosilveravazquez.com\/blog\/wp-content\/plugins\/knxdt-bookmarks-wordpress-plugin\/images\/twitter.png'  alt='' class='book_img' border='none' style='margin:1px; padding: 0;'  \/><\/a><\/span><span class='pushbutton'><a href='http:\/\/www.feedburner.com\/fb\/a\/emailFlare?itemTitle=El+Universo+y+la+F%C3%ADsica&amp;uri=http%3A%2F%2Fwww.emiliosilveravazquez.com%2Fblog%2F2010%2F06%2F03%2Fel-universo-y-la-fisica%2F' title='Enviar por Email' target='_blank' rel='nofollow'><img src='http:\/\/www.emiliosilveravazquez.com\/blog\/wp-content\/plugins\/knxdt-bookmarks-wordpress-plugin\/images\/email.png'  alt='' class='book_img' border='none' style='margin:1px; padding: 0;'  \/><\/a><\/span><span style='font-weight:bold; padding-left: 5px;'><a href='http:\/\/wordpress.org\/extend\/plugins\/knxdt-bookmarks-wordpress-plugin\/' title='Plugin' rel='nofollow' target='_blank'>[?]<\/a><\/span><\/td><\/tr><\/table><br\/><br\/><\/div>","protected":false},"excerpt":{"rendered":"<p>Suponiendo que alg\u00fan f\u00edsico brillante nos resuelva la teor\u00eda de campos de cuerdas y derive las propiedades conocidas de nuestro universo, con un poco de suerte, podr\u00eda ocurrir en este mismo siglo, lo que no estar\u00eda nada mal considerando las dificultades de la empresa. El problema fundamental es que estamos obligando a la teor\u00eda de [&hellip;]<\/p>\n","protected":false},"author":2,"featured_media":0,"comment_status":"open","ping_status":"open","sticky":false,"template":"","format":"standard","meta":{"_s2mail":"","footnotes":""},"categories":[6],"tags":[],"_links":{"self":[{"href":"http:\/\/www.emiliosilveravazquez.com\/blog\/wp-json\/wp\/v2\/posts\/1728"}],"collection":[{"href":"http:\/\/www.emiliosilveravazquez.com\/blog\/wp-json\/wp\/v2\/posts"}],"about":[{"href":"http:\/\/www.emiliosilveravazquez.com\/blog\/wp-json\/wp\/v2\/types\/post"}],"author":[{"embeddable":true,"href":"http:\/\/www.emiliosilveravazquez.com\/blog\/wp-json\/wp\/v2\/users\/2"}],"replies":[{"embeddable":true,"href":"http:\/\/www.emiliosilveravazquez.com\/blog\/wp-json\/wp\/v2\/comments?post=1728"}],"version-history":[{"count":0,"href":"http:\/\/www.emiliosilveravazquez.com\/blog\/wp-json\/wp\/v2\/posts\/1728\/revisions"}],"wp:attachment":[{"href":"http:\/\/www.emiliosilveravazquez.com\/blog\/wp-json\/wp\/v2\/media?parent=1728"}],"wp:term":[{"taxonomy":"category","embeddable":true,"href":"http:\/\/www.emiliosilveravazquez.com\/blog\/wp-json\/wp\/v2\/categories?post=1728"},{"taxonomy":"post_tag","embeddable":true,"href":"http:\/\/www.emiliosilveravazquez.com\/blog\/wp-json\/wp\/v2\/tags?post=1728"}],"curies":[{"name":"wp","href":"https:\/\/api.w.org\/{rel}","templated":true}]}}