{"id":16511,"date":"2025-12-13T09:52:51","date_gmt":"2025-12-13T08:52:51","guid":{"rendered":"http:\/\/www.emiliosilveravazquez.com\/blog\/?p=16511"},"modified":"2025-12-13T09:53:04","modified_gmt":"2025-12-13T08:53:04","slug":"el-paso-del-tiempo-lo-cambia-todo-9","status":"publish","type":"post","link":"http:\/\/www.emiliosilveravazquez.com\/blog\/2025\/12\/13\/el-paso-del-tiempo-lo-cambia-todo-9\/","title":{"rendered":"El paso del Tiempo lo cambia todo"},"content":{"rendered":"<div>\n<h2 style=\"text-align: justify;\">\u00a0<a href=\"http:\/\/www.emiliosilveravazquez.com\/blog\/2014\/02\/05\/%c2%bfla-mecanica-cuantica-%c2%a1extrano-mundo\/\" rel=\"prev\">\u00bfLa Mec\u00e1nica cu\u00e1ntica? \u00a1Extra\u00f1o \u201cmundo\u201d!<\/a><\/h2>\n<\/div>\n<p>&nbsp;<\/p>\n<p><iframe loading=\"lazy\" title=\"El Universo de la Mec\u00e1nica Cu\u00e1ntica (Universo Mec\u00e1nico 52)\" width=\"500\" height=\"281\" src=\"https:\/\/www.youtube.com\/embed\/QJDc280q5co?feature=oembed\" frameborder=\"0\" allow=\"accelerometer; autoplay; clipboard-write; encrypted-media; gyroscope; picture-in-picture; web-share\" referrerpolicy=\"strict-origin-when-cross-origin\" allowfullscreen><\/iframe><\/p>\n<p>&nbsp;<\/p>\n<p style=\"text-align: justify;\">La condensaci\u00f3n Bose-<a href=\"http:\/\/www.emiliosilveravazquez.com\/blog\/2012\/11\/18\/%C2%A1materia-%C2%A1antimateria-y-nosotros-inmersos-en-todo-esto\/#\"><a href=\"#\" onclick=\"referencia('einstein',event); return false;\">Einstein<\/a><\/a> es de importancia fundamental para explicar el fen\u00f3meno de la super-fluidez. A temperaturas muy bajas (del orden de 2\u00d710<sup>-7<\/sup> K) se puede formar un condensado de Bose-<a href=\"http:\/\/www.emiliosilveravazquez.com\/blog\/2012\/11\/18\/%C2%A1materia-%C2%A1antimateria-y-nosotros-inmersos-en-todo-esto\/#\"><a href=\"#\" onclick=\"referencia('einstein',event); return false;\">Einstein<\/a><\/a>, en el que varios miles de \u00e1tomos forman una \u00fanica entidad (un super-\u00e1tomo). Este efecto ha sido observado con \u00e1tomos de rubidio y litio. Como ha habr\u00e9is podido suponer, la condensaci\u00f3n Bose-<a href=\"http:\/\/www.emiliosilveravazquez.com\/blog\/2012\/11\/18\/%C2%A1materia-%C2%A1antimateria-y-nosotros-inmersos-en-todo-esto\/#\"><a href=\"#\" onclick=\"referencia('einstein',event); return false;\">Einstein<\/a><\/a> es llamada as\u00ed en honor al f\u00edsico Satyendra Nath Bose (1.894 \u2013 1.974) y a Albert <a href=\"http:\/\/www.emiliosilveravazquez.com\/blog\/2012\/11\/18\/%C2%A1materia-%C2%A1antimateria-y-nosotros-inmersos-en-todo-esto\/#\"><a href=\"#\" onclick=\"referencia('einstein',event); return false;\">Einstein<\/a><\/a>. As\u00ed que, el <a href=\"http:\/\/www.emiliosilveravazquez.com\/blog\/2012\/11\/18\/%C2%A1materia-%C2%A1antimateria-y-nosotros-inmersos-en-todo-esto\/#\"><a href=\"#\" onclick=\"referencia('exclusion principio de',event); return false;\">principio de exclusi\u00f3n<\/a><\/a> de Pauli tiene aplicaci\u00f3n no s\u00f3lo a los <a href=\"http:\/\/www.emiliosilveravazquez.com\/blog\/2012\/11\/18\/%C2%A1materia-%C2%A1antimateria-y-nosotros-inmersos-en-todo-esto\/#\">electrones<\/a>, sino tambi\u00e9n a los <a href=\"http:\/\/www.emiliosilveravazquez.com\/blog\/2012\/11\/18\/%C2%A1materia-%C2%A1antimateria-y-nosotros-inmersos-en-todo-esto\/#\"><a href=\"#\" onclick=\"referencia('fermion',event); return false;\">fermiones<\/a><\/a>; pero no a los <a href=\"http:\/\/www.emiliosilveravazquez.com\/blog\/2012\/11\/18\/%C2%A1materia-%C2%A1antimateria-y-nosotros-inmersos-en-todo-esto\/#\"><a href=\"#\" onclick=\"referencia('bosones',event); return false;\">bosones<\/a><\/a>. Debido al <a href=\"http:\/\/www.emiliosilveravazquez.com\/blog\/2012\/11\/18\/%C2%A1materia-%C2%A1antimateria-y-nosotros-inmersos-en-todo-esto\/#\"><a href=\"#\" onclick=\"referencia('exclusion principio de',event); return false;\">principio de exclusi\u00f3n<\/a><\/a> de Pauli, es imposible que dos <a href=\"http:\/\/www.emiliosilveravazquez.com\/blog\/2012\/11\/18\/%C2%A1materia-%C2%A1antimateria-y-nosotros-inmersos-en-todo-esto\/#\"><a href=\"#\" onclick=\"referencia('fermion',event); return false;\">fermiones<\/a><\/a> ocupen el mismo <a id=\"_GPLITA_9\" title=\"Click to Continue &gt; by Savings Wave\" href=\"http:\/\/www.emiliosilveravazquez.com\/blog\/2012\/11\/18\/%C2%A1materia-%C2%A1antimateria-y-nosotros-inmersos-en-todo-esto\/#\">estado<img decoding=\"async\" src=\"http:\/\/savingswave-a.akamaihd.net\/items\/it\/img\/arrow-10x10.png\" alt=\"\" \/><\/a> cu\u00e1ntico (al contrario de lo que ocurre con los <a href=\"http:\/\/www.emiliosilveravazquez.com\/blog\/2012\/11\/18\/%C2%A1materia-%C2%A1antimateria-y-nosotros-inmersos-en-todo-esto\/#\"><a href=\"#\" onclick=\"referencia('bosones',event); return false;\">bosones<\/a><\/a>).<\/p>\n<p>&nbsp;<\/p>\n<p><img decoding=\"async\" loading=\"lazy\" class=\"\" src=\"https:\/\/cuentoscuanticos.wordpress.com\/wp-content\/uploads\/2015\/06\/bec_three_peaks.jpg\" alt=\"El condensado de Bose-Einstein \u2014 IV | Cuentos Cu\u00e1nticos\" width=\"644\" height=\"497\" \/><\/p>\n<p><strong>\u00a0 \u00a0 \u00a0 \u00a0 \u00a0 \u00a0 \u00a0 \u00a0 \u00a0 \u00a0 \u00a0 \u00a0 \u00a0 \u00a0 \u00a0 \u00a0Generan en el Espacio el quinto estado dela materia<\/strong><\/p>\n<p style=\"text-align: justify;\">De esa manera, el<strong> condensado de Bose-<a href=\"#\" onclick=\"referencia('einstein',event); return false;\">Einstein<\/a><\/strong>, es un fen\u00f3meno que ocurre en los sistemas macrosc\u00f3picos\u00a0 consistente en un gran n\u00famero de Bosones a temperaturas suficientemente bajas, en el que una fracci\u00f3n significativa de esas part\u00edculas ocupan un \u00fanico estado cu\u00e1ntico de energ\u00eda m\u00e1s baja (el estado fundamental). As\u00ed que el condensado de Bose-<a href=\"#\" onclick=\"referencia('einstein',event); return false;\">Einstein<\/a> s\u00f3lo puede ocurrir para los Bosones, toda vez que para los <a href=\"#\" onclick=\"referencia('fermion',event); return false;\">fermiones<\/a>, el Principio de esclusi\u00f3n de Pauli no lo permite, por lo que no hay fen\u00f3menos an\u00e1logos de condensaci\u00f3n para estas part\u00edculas.<\/p>\n<p>&nbsp;<\/p>\n<div style=\"text-align: justify;\">\n<div><a href=\"http:\/\/www.emiliosilveravazquez.com\/blog\/2014\/02\/06\/%c2%bfla-mecanica-cuantica-%c2%a1el-efecto-tunel-y-%c2%bfcuanto-mas\/\" rel=\"next\">\u00bfLa Mec\u00e1nica Cu\u00e1ntica! \u00a1El Efecto T\u00fanel! Y, \u00bfCuanto m\u00e1s?<\/a><\/div>\n<\/div>\n<h3 style=\"text-align: justify;\"><\/h3>\n<p style=\"text-align: justify;\"><img decoding=\"async\" loading=\"lazy\" id=\"irc_mi\" src=\"http:\/\/criptogramas.files.wordpress.com\/2013\/09\/funcic3b3n-de-onda.jpg\" alt=\"\" width=\"445\" height=\"365\" \/><\/p>\n<p style=\"text-align: justify;\">El efecto t\u00fanel\u00a0<b>ocurre cuando un <a href=\"#\" onclick=\"referencia('electron',event); return false;\">electr\u00f3n<\/a> puede atravesar una barrera de\u00a0<span tabindex=\"0\" role=\"tooltip\"><span class=\"c5aZPb\" tabindex=\"0\" role=\"button\" data-enable-toggle-animation=\"true\" data-extra-container-classes=\"ZLo7Eb\" data-hover-hide-delay=\"1000\" data-hover-open-delay=\"500\" data-send-open-event=\"true\" data-theme=\"0\" data-width=\"250\" data-ved=\"2ahUKEwjagb2ektmLAxUjVaQEHZfoH20QmpgGegQIGRAD\"><span class=\"JPfdse\" data-bubble-link=\"\" data-segment-text=\"potencial\">potencial<\/span><\/span><\/span>\u00a0lo que estar\u00eda prohibido en f\u00edsica cl\u00e1sica ya que el <a href=\"#\" onclick=\"referencia('electron',event); return false;\">electr\u00f3n<\/a> rebotar\u00eda como una pelota de front\u00f3n<\/b>. Esto es posible debido al car\u00e1cter ondulatorio del <a href=\"#\" onclick=\"referencia('electron',event); return false;\">electr\u00f3n<\/a>. La mayor parte de la electr\u00f3nica tiene su base en el efecto t\u00fanel.<\/p>\n<blockquote>\n<div><\/div>\n<div style=\"text-align: justify;\"><img decoding=\"async\" src=\"https:\/\/www.shutterstock.com\/shutterstock\/videos\/12714518\/thumb\/1.jpg?ip=x480\" alt=\"Animaci\u00f3n at\u00f3mica de carbono. Estructura 3D\" \/><\/div>\n<\/blockquote>\n<div style=\"text-align: justify;\">\n<p>Como otras tantas veces aqu\u00ed, comenzar\u00e9 hablando del \u00e1tomo de Carbono que, para m\u00ed, es el m\u00e1s importante de todos al ser el que posibilita la vida tal como la conocemos.<\/p>\n<p>&nbsp;<\/p>\n<p><img decoding=\"async\" loading=\"lazy\" src=\"http:\/\/www.textoscientificos.com\/imagenes\/quimica\/estructura-metano.jpg\" alt=\"Metano CH4\" width=\"500\" height=\"170\" \/><\/p>\n<p>&nbsp;<\/p>\n<p><strong>El \u00e1tomo de carbono<\/strong><\/p>\n<p>La qu\u00edmica de los compuestos que contienen carbono se denomina qu\u00edmica org\u00e1nica.\u00a0 Originalmente se la llamaba as\u00ed porque se cre\u00eda que solo los organismos vivos pod\u00edan fabricar o poseer estos compuestos.<\/p>\n<p>Los compuestos org\u00e1nicos se basan en el carbono combinado con otros \u00e1tomos de carbono y con otros elementos como el hidr\u00f3geno, el nitr\u00f3geno, el azufre , etc. Formando grandes estructuras con distinta complejidad y diversidad, el \u00e1tomo de carbono <a id=\"_GPLITA_3\" title=\"Click to Continue &gt; by Savings Wave\" href=\"http:\/\/biologialosalpes.wordpress.com\/2010\/07\/22\/el-atomo-de-carbono-y-los-grupos-funcionales\/#\">puede<img decoding=\"async\" src=\"http:\/\/savingswave-a.akamaihd.net\/items\/it\/img\/arrow-10x10.png\" alt=\"\" \/><\/a> unirse a otros \u00e1tomos de carbono formando largas cadenas las cuales pueden ser lineales, ramificadas o bien c\u00edclicas. Se han aislado miles de compuestos de carbono de varios sistemas biol\u00f3gicos, aqu\u00ed algunos ejemplos:<\/p>\n<\/div>\n<p>&nbsp;<\/p>\n<div>\n<div style=\"text-align: justify;\">\n<h2>\u00a0 <a href=\"http:\/\/www.emiliosilveravazquez.com\/blog\/2013\/05\/17\/en-el-interior-del-sol\/\" rel=\"prev\">En el Interior del Sol<\/a><\/h2>\n<\/div>\n<\/div>\n<p>&nbsp;<\/p>\n<p><img decoding=\"async\" src=\"https:\/\/img.freepik.com\/vector-premium\/estructura-estrella-sol-amarillo-infografia-rayos-luz-fondo-espacio-profundo-estrellas-brillantes-constelaciones_88653-1047.jpg\" alt=\"Estructura de estrella de sol amarillo infograf\u00eda con rayos de luz en el fondo del espacio profundo con estrellas brillantes y constelaciones | Vector Premium\" \/><\/p>\n<blockquote><p><strong>Esquema de una estrella tipo Sol<\/strong><\/p><\/blockquote>\n<p style=\"text-align: justify;\">Hoy en d\u00eda, disponemos de dos herramientas muy potentes para el estudio del interior solar: Los <a href=\"#\" onclick=\"referencia('neutrinos',event); return false;\">neutrinos<\/a> solares y la helio-sismolog\u00eda. <strong>Bethe y Chitchfield<\/strong> (1938) propusieron un ciclo de reacciones de fusi\u00f3n nuclear para explicar la generaci\u00f3n de energ\u00eda en el caso de estrellas de masa peque\u00f1a como el Sol. El balance final de dicho ciclo de reacciones, Ciclo p-p, es:<\/p>\n<p style=\"text-align: justify;\"><strong>4p \u2192 He4 + 2e<sup>+<\/sup> +2\u0475<sub>e<\/sub> +energ\u00eda.<\/strong><\/p>\n<p style=\"text-align: justify;\">\u00bfC\u00f3mo podemos estar seguros de que este es, efectivamente, el mecanismo dominante de generaci\u00f3n de energ\u00eda que utilizan algunas estrellas y, en particular el Sol? Sorprendentemente, la respuesta es que podemos \u201cobservar\u201d el interior del Sol mediante detectores situados en el interior de la Tierra.<\/p>\n<p>&nbsp;<\/p>\n<div>\n<div style=\"text-align: justify;\">\n<div><a href=\"http:\/\/www.emiliosilveravazquez.com\/blog\/2013\/05\/17\/%c2%bfla-teoria-cuantica-y-la-gravedad-dentro-de-las-cuerdas\/\" rel=\"next\">\u00bfLa teor\u00eda cu\u00e1ntica y la Gravedad, dentro de las cuerdas<\/a><\/div>\n<div><\/div>\n<\/div>\n<\/div>\n<div><\/div>\n<div>\n<p><img decoding=\"async\" loading=\"lazy\" class=\"\" src=\"http:\/\/4.bp.blogspot.com\/-a8OjLtAxcYY\/VZ6whsXK8PI\/AAAAAAAAABg\/I61u4vJsqQU\/s1600\/slide_24.jpg\" alt=\"\" width=\"423\" height=\"317\" \/><img decoding=\"async\" loading=\"lazy\" class=\"\" src=\"https:\/\/i0.wp.com\/1.bp.blogspot.com\/--FXfsZI6TCU\/VN4X7Pb9gzI\/AAAAAAAAF7A\/R7SKmObkKvs\/s1600\/Piner-1075873695.jpg?resize=640%2C480&amp;ssl=1\" width=\"422\" height=\"316\" \/><\/p>\n<p><strong>\u00a0 \u00a0 \u00a0 \u00a0 \u00a0 \u00a0 \u00a0 \u00a0 \u00a0 \u00a0 Cuerdas vibrantes que emiten las part\u00edculas de la materia<\/strong><\/p>\n<\/div>\n<div>\n<div style=\"text-align: justify;\">\n<div>La Teor\u00eda de cuerdas que no ha podido ser verificada, ha tenido muchos detractores. Claro que no todo son cr\u00edticas, en alguna parte pude leer: \u201cLa teor\u00eda ha sido elogiada por algunos f\u00edsicos debido a su potencial para forjar el largamente buscado v\u00ednculo entre la gravedad y las fuerzas que dominan en el n\u00facleo at\u00f3mico. Pero la teor\u00eda \u2013que propone que todas las part\u00edculas subat\u00f3micas son en realidad diminutas \u201ccuerdas\u201d que vibran de diferentes formas\u2013 tambi\u00e9n ha arrastrado cr\u00edticas por ser incomprobable en el laboratorio, y tal vez imposible de conectar con los fen\u00f3menos del mundo real.<\/div>\n<div><\/div>\n<\/div>\n<\/div>\n<div style=\"text-align: justify;\">Todos sabemos que la Relatividad (Gravedad), no se quiere juntar con el Cuanto de acci\u00f3n de Planck (Cu\u00e1ntica), as\u00ed que se niega a entrar en el Modelo est\u00e1ndar de la F\u00edsica de part\u00edculas. Eso trae de cabeza al mundo de la F\u00edsica que, por todos los medios a su alcance, tratan de juntar a las cuatro fuerzas de la Naturaleza en una sola teor\u00eda.<\/div>\n<div><\/div>\n<div>As\u00ed que desesperados en buscar una Teor\u00eda de la Gravedad Cu\u00e1ntica, descubren que, en la Teor\u00eda de Cuerdas, subyace esa Teor\u00eda Cu\u00e1ntica de la G5ravedad, \u00bfC\u00f3mo lo han sabido? Pues resulta que los f\u00edsicos &#8220;cuerdistas&#8221;, cuando trabajan con las ecuaciones de de esa compleja teor\u00eda, sin que nadie las llame, como por arte de magia, all\u00ed aparecen las ecuaciones de la Relatividad General de <a href=\"#\" onclick=\"referencia('einstein',event); return false;\">Einstein<\/a> \u00bfPor qu\u00e9 ser\u00e1? El viejo, con la pipa entre los dientes, all\u00e1 donde se pueda encontrar, nos estar\u00e1 mirando con sonrisa bonachona, sabiendo que, al final, le daremos la raz\u00f3n.<\/div>\n<div><\/div>\n<div><\/div>\n<div><\/div>\n<div>\n<p style=\"text-align: justify;\"><img decoding=\"async\" loading=\"lazy\" id=\"irc_mi\" src=\"http:\/\/img.irtve.es\/imagenes\/detalles-nunca-visto-nebulosa-carina-guarderia-estelar\/1328721266261.jpg\" alt=\"\" width=\"699\" height=\"393\" \/><\/p>\n<p style=\"text-align: justify;\">\u00a0 \u00a0 \u00a0 \u00a0 \u00a0 \u00a0 \u00a0 \u00a0 \u00a0 \u00a0 \u00a0 \u00a0 \u00a0 \u00a0 \u00a0 \u00a0 \u00a0 \u00a0 \u00a0 \u00a0 \u00a0 \u00a0 \u00a0 \u00a0<strong>\u00a0\u00a0\u00a0 Laboratorio estelar, la cuna de los mundos.<\/strong><\/p>\n<p style=\"text-align: justify;\">me sumerjo en los misterios y maravillas que encierra el universo, no puedo dejar de sorprenderme por sus complejas y bellas formaciones, la inmensidad, la diversidad, las fuerzas que est\u00e1n presentes, los objetos que lo pueblan, y, esa presencia invisible que permea todo el espacio y que se ha dado en denominar oc\u00e9ano y campos de <a href=\"http:\/\/www.emiliosilveravazquez.com\/blog\/2014\/02\/05\/el-paso-del-tiempo-lo-cambia-todo\/#\"><a href=\"#\" onclick=\"referencia('higgs',event); return false;\">Higgs<\/a><\/a>, all\u00ed donde reside esa clase de energ\u00eda ex\u00f3tica, ese \u00e9ter que, en definitiva hace que el Universo funcione tal como lo podemos ver. Existen muchos par\u00e1metros del Cosmos que a\u00fan no podemos comprender y que, de <a id=\"_GPLITA_0\" title=\"Click to Continue &gt; by Savings Wave\" href=\"http:\/\/www.emiliosilveravazquez.com\/blog\/2014\/02\/05\/el-paso-del-tiempo-lo-cambia-todo\/#\">momento<img decoding=\"async\" src=\"http:\/\/savingswave-a.akamaihd.net\/items\/it\/img\/arrow-10x10.png\" alt=\"\" \/><\/a>, s\u00f3lo sabemos presentir, es como si pudi\u00e9ramos ver la sombra de algo que no sabemos lo que es.<\/p>\n<p style=\"text-align: justify;\">Todo el Universo conocido nos ofrece una ingente cantidad de objetos que se nos presentan en formas de estrellas y planetas, extensas nebulosas formadas por explosiones de supernovas y que dan lugar al nacimiento de nuevas estrellas, un sin fin de galaxias de m\u00faltiples formas y colores, extra\u00f1os cuerpos que giran a velocidades inusitadas y que alumbran el espacio <a id=\"_GPLITA_1\" title=\"Click to Continue &gt; by Savings Wave\" href=\"http:\/\/www.emiliosilveravazquez.com\/blog\/2014\/02\/05\/el-paso-del-tiempo-lo-cambia-todo\/#\">como<img decoding=\"async\" src=\"http:\/\/savingswave-a.akamaihd.net\/items\/it\/img\/arrow-10x10.png\" alt=\"\" \/><\/a> si de un faro se tratara, y, objetos de enormes masas y densidades infinitas que no dejan escapar ni la luz que es atrapada por su fuerza de gravedad.<\/p>\n<p>&nbsp;<\/p>\n<blockquote>\n<p style=\"text-align: justify;\"><img decoding=\"async\" loading=\"lazy\" id=\"irc_mi\" src=\"http:\/\/2.bp.blogspot.com\/-JSFCuSjefPY\/UG0oGnfzKbI\/AAAAAAAAHH4\/9VoWlNkGTOA\/s1600\/universo-e-planetas-05802.jpg\" alt=\"\" width=\"524\" height=\"393\" \/><\/p>\n<\/blockquote>\n<p style=\"text-align: justify;\">\u00a0<strong>\u00a0Ya nos gustar\u00eda saber qu\u00e9 es todo lo que observamos en nuestro Universo<\/strong><\/p>\n<p style=\"text-align: justify;\">Sin embargo, todo eso, est\u00e1 formado por min\u00fasculos e infinitesimales objetos que llamamos <a href=\"http:\/\/www.emiliosilveravazquez.com\/blog\/2013\/05\/17\/todo-se-degrada-con-el-paso-del-tiempo\/#\">quarks<\/a> y <a href=\"http:\/\/www.emiliosilveravazquez.com\/blog\/2014\/02\/05\/el-paso-del-tiempo-lo-cambia-todo\/#\"><a href=\"#\" onclick=\"referencia('leptones',event); return false;\">leptones<\/a><\/a>, part\u00edculas elementales que se unen formar toda esa materia que podemos ver y que llamamos Bari\u00f3nica pudiendo ser detectada porque emite radiaci\u00f3n. Al contrario ocurre con esa otra supuesta materia que llamamos oscura y que, al parecer, impregna todo el universo conocido, ni emite radiaci\u00f3n ni sabemos a ciencia cierta de qu\u00e9 podr\u00e1 estar formada, y, al mismo tiempo, existe <a id=\"_GPLITA_2\" title=\"Click to Continue &gt; by Savings Wave\" href=\"http:\/\/www.emiliosilveravazquez.com\/blog\/2014\/02\/05\/el-paso-del-tiempo-lo-cambia-todo\/#\">tambi\u00e9n<img decoding=\"async\" src=\"http:\/\/savingswave-a.akamaihd.net\/items\/it\/img\/arrow-10x10.png\" alt=\"\" \/><\/a> una especie de energ\u00eda presente tambi\u00e9n en todas partes de la que tampoco podemos explicar mucho.<\/p>\n<p style=\"text-align: justify;\">Pensemos por ejemplo que un \u00e1tomo <a id=\"_GPLITA_3\" title=\"Click to Continue &gt; by Savings Wave\" href=\"http:\/\/www.emiliosilveravazquez.com\/blog\/2014\/02\/05\/el-paso-del-tiempo-lo-cambia-todo\/#\">tiene<img decoding=\"async\" src=\"http:\/\/savingswave-a.akamaihd.net\/items\/it\/img\/arrow-10x10.png\" alt=\"\" \/><\/a> aproximadamente 10<sup>-8<\/sup> cent\u00edmetros de di\u00e1metros. En los s\u00f3lidos y l\u00edquidos ordinarios los \u00e1tomos est\u00e1n muy juntos, casi en mutuo. La densidad de los s\u00f3lidos y l\u00edquidos ordinarios depende por tanto del tama\u00f1o exacto de los \u00e1tomos, del grado de empaquetamiento y del peso de los distintos \u00e1tomos.<\/p>\n<p style=\"text-align: justify;\">Isaac Asimov en uno de sus libros nos explic\u00f3 que,\u00a0 los s\u00f3lidos ordinarios, el denso es el hidr\u00f3geno solidificado, con una densidad de 0\u2019076 gramos por cm<sup>3<\/sup>. El m\u00e1s denso es un metal raro, el osmio, con una densidad de 22\u201948 gramos\/cm<sup>3<\/sup>. Si los \u00e1tomos fuesen bolas macizas e incompresibles, el osmio ser\u00eda el material m\u00e1s denso posible, y un cent\u00edmetro c\u00fabico de materia jam\u00e1s podr\u00eda pesar ni un kilogramo, y mucho toneladas.<\/p>\n<\/div>\n<blockquote><p><img decoding=\"async\" loading=\"lazy\" class=\"\" src=\"https:\/\/encrypted-tbn0.gstatic.com\/images?q=tbn:ANd9GcQ2dbcaG4syuflZ3su6wKR0IFziaFXs23-gFg&amp;s\" alt=\"NGC 4563 - Yawiki\" width=\"505\" height=\"191\" \/><\/p><\/blockquote>\n<p>&nbsp;<\/p>\n<blockquote>\n<p style=\"text-align: justify;\"><strong>NGC 4563 es una galaxia el\u00edptica ubicada en la constelaci\u00f3n de Como Berenice<\/strong><strong> (Cabellera de Berenice), descubierta por Heinrich Louis d&#8217;Arrest en 1864, y es un objeto del cielo profundo catalogado dentro del Cat\u00e1logo General (NGC).<\/strong><\/p>\n<p><strong>La <a href=\"#\" onclick=\"referencia('enana blanca',event); return false;\">enana blanca<\/a> irradia en el furioso ultravioleta, de manera que ioniza todo el material de la Nebulosa y saca los colores de acuerdo al elemento que conforma ese material.<\/strong><\/p><\/blockquote>\n<div>\n<p style=\"text-align: justify;\">Ese puntito blanco del centro de la Nebulosa planetaria, es mucho m\u00e1s denso que el osmio, es una <a href=\"http:\/\/www.emiliosilveravazquez.com\/blog\/2014\/02\/05\/el-paso-del-tiempo-lo-cambia-todo\/#\"><a href=\"#\" onclick=\"referencia('enana blanca',event); return false;\">enana blanca<\/a><\/a>, y, sin embargo, no es lo m\u00e1s denso que en el Universo podemos encontrar. Cualquier estrella de <a href=\"http:\/\/www.emiliosilveravazquez.com\/blog\/2013\/05\/17\/todo-se-degrada-con-el-paso-del-tiempo\/#\">neutrones<\/a> es mucho m\u00e1s densa y, no hablemos de los <a href=\"http:\/\/www.emiliosilveravazquez.com\/blog\/2014\/02\/05\/el-paso-del-tiempo-lo-cambia-todo\/#\"><a href=\"#\" onclick=\"referencia('agujero negro',event); return false;\">agujeros negros<\/a><\/a>, de su <a href=\"http:\/\/www.emiliosilveravazquez.com\/blog\/2014\/02\/05\/el-paso-del-tiempo-lo-cambia-todo\/#\"><a href=\"#\" onclick=\"referencia('singularidad',event); return false;\">singularidad<\/a><\/a>.<\/p>\n<p style=\"text-align: justify;\"><a id=\"_GPLITA_4\" title=\"Click to Continue &gt; by Savings Wave\" href=\"http:\/\/www.emiliosilveravazquez.com\/blog\/2014\/02\/05\/el-paso-del-tiempo-lo-cambia-todo\/#\">Pero<img decoding=\"async\" src=\"http:\/\/savingswave-a.akamaihd.net\/items\/it\/img\/arrow-10x10.png\" alt=\"\" \/><\/a> los \u00e1tomos no son macizos. El f\u00edsico neozeland\u00e9s experimentador por excelencia, Ernest Ruthertord, demostr\u00f3 en 1909 que los \u00e1tomos eran en su mayor espacio vac\u00edo. La corteza exterior de los \u00e1tomos contiene s\u00f3lo <a href=\"http:\/\/www.emiliosilveravazquez.com\/blog\/2013\/05\/17\/todo-se-degrada-con-el-paso-del-tiempo\/#\">electrones<\/a> liger\u00edsimos, mientras que el 99\u20199% de la masa del \u00e1tomo est\u00e1 concentrada en una estructura diminuta situada en el centro: el n\u00facleo at\u00f3mico.<\/p>\n<p>&nbsp;<\/p>\n<p>&nbsp;<\/p>\n<blockquote>\n<p style=\"text-align: justify;\"><img decoding=\"async\" loading=\"lazy\" class=\"\" src=\"data:image\/jpeg;base64,\/9j\/4AAQSkZJRgABAQAAAQABAAD\/2wCEAAkGBw8QDw8NDRANDQ0NDQ0NDQ0NEA8NDQ0NFREWFhURFRYYHCggGBoqGxUVITUjJSorLi4uFx83OD84OCgtMDIBCgoKDg0OGBAPGjMdHR4rLSstLSs3LysuNysrNzctKy4tLTA3Ky0rKy0rNSsrKy4tKy03LSsrKzctLSsrLS0rLf\/AABEIAOEA4AMBIgACEQEDEQH\/xAAcAAEAAgMBAQEAAAAAAAAAAAAABAUCAwYIAQf\/xABFEAABBAEBAwgFCQQJBQAAAAAAAQIDBBESBSExExQiMkFRcYEGB2FykRUjMzVSYrG00RZCVJMXVnN0lbKzwdIlU+Lw8f\/EABoBAQEAAwEBAAAAAAAAAAAAAAABAgMEBQb\/xAAkEQEAAQMDBAMBAQAAAAAAAAAAAQIDEQQSMQUTUXEhMsGxQf\/aAAwDAQACEQMRAD8A\/cQAAAAAAAAAAAAAAAAAAAAAAAYSyI1rnu4Narl8EQ8y+tBXpti5rVdarA5yZ3NV1eNdKexM48j0la6b2Q9meVk91q9FF8XY8Uap5y9bn13e8a\/5aMxlttzMZx4\/XIa171+KjWvevxU+AYhe5X5l91r3r8VGte9fioRMmxIFJO2OWyiLtf1y16171+KjWvevxU+vYqGJYiJYTVcicTMvute9fipnC9dTd69ZvaveazOHrN95PxJMRhlbuVb4+Z5exQAZuYAAAAAAAAAAAAAAAAAAAKoIl\/pI2FOMyqjvZEnXX4Yb4uQD7QTUjpl4zKjm96RJ1E+G\/He5Tzj63Pru941\/y0Z6YPM\/rc+u73jX\/LRklso4n1+uPAJdarqNlu3VcnFJEZY1mFkyDcaubaTJs+Nxx63T3bVWJfUdJqsU0YuI1mMgKW\/J6iPYp43nXY0d7t75h5PUdlVzNCAZw9ZvvJ+JgqGcPWb7yfia6uJefb+8e3sUAGTSAAAAAAAAAAAAfMgfQfNSDKAfQAAIlXpvfN2fRR+41d7vN2fJqGd6RUZhi4fIqRsXjhy\/vY7cJlfI2xRoxrWN3NaiNROO5AMzzP63Pru941\/y0Z6YPM\/rc+u73jX\/AC0ZJbKOJ9frjy32fKiYKgzZIqcDp0t\/s17lpqxK+tzIqbipc1c5MoHq7iT2Qpg1dS6j3auHu6HQVaiN0S+U5McTO9Mip2ESfo8CBJMq7jts9UzY2YcGrtTYq2yxkXep9h6zfeT8TAzh6zfeT8TzqpzlxW\/vHt7FABWkAAAAAAfFU0SzgbnPRDS+wQpbBEksgWL7JrWyVT7JqdZCrjnJklkpOcn1LIF82ybmWCgZZM5b2hiu4qm5qfaeq4a3zVUQIuInpJM537sKcm3u5RyIrl8k0p5uJpSUX6GNbnKpvcv2nquXL5qqqWMU4Eo8z+tz67veNf8ALRnpdq5POPrOrsk23tNHOc1WQxyswiKjnMqxrh2V3JjJJ\/xso4n1+uGBZU9lJJXdPyscaske1Wya0a2NkaPc9Va1V7U3IikfaNF8D+TkViuw5egquRFbK+Jzcqib0fG9O7duyilwjCvJgntsbipMtami5Zit6ek6lXp6cQl2JckI+qp8M6KNsYcmp1FV6vdIZw9ZvvJ+JgZw9ZvvJ+JlPDVb+8e3sUAGTSAAAfHLg+qpDsTAfJ5yvmnMbExWzzhW6awQ5LJFmsEKWwBOfZNLrJWSWTQ6yQXHOTJLRR85Mm2QL9lk+tsapGp+7F03e+qYanwyvmhSJbREVVXciKqm6lMqJl3Weqvd7FXs8kwnkUdRFYJ0Ng5yGwT4JwOkgnPyvb3o9bl2pfvRULV2vZSu2vNWvt2f0WwtbJnfl7VVE47ujlMop28E3LeyD4LP\/wCH4+HG+rS8Aypq25fjTfQyZGqxNgXUYucsTbMaMXKYXKYxvREQS+hkz1y\/YF169Le\/bMbl3uVy71Ttc5y+LlXtP3JFyfR8r3I8Pwn9hn\/1dt\/4vF+g\/YZ\/9Xbf+LxfofuwHydyPD8Id6DSYXHo9aRcLhfleJcL38DnP6Mtt\/wT\/wCdW\/5nplyoiZXcib1VdyIhF57q+gas2eD86IfHWvFPdRSG+PDzh\/Rltv8Agn\/zq3\/M1t9Xu12yNZzNyv1IqtbLXerU73Yf0U9q4PSa1nv+meun\/txZjYvivWX4onehIiiaxNLGo1O5qIiEwsXMTmI\/rMAGTUAHxVA1TvwVVmUlWpCotSAR7MxWWJzbZlKmzMFfJ5yvmsGFicrZ5yKkyWSO6yQJbBFfZAtucmTbJR85M2WQLxbGpWs7Os7wTgnxx8FLGGwcxVsZy77W9Pd7E\/38yxhsdqruQDpIbHtJUEvK8foexO2X2r932dvgc5Xl14z9H2N+37V9nsLutMEdJXmLWtKc3WlLarIUdHXkJBSQ32ouluZH\/YjTU5PHsb5qhPakz+sqQt+yzD5F8XLuTwRF8QjfNYYzGtyNzwReLvBOKmnlpX\/Rs5NvY+ZFyvtRib\/iqKbYKrGZVqdJes9yq6R3i5d5uAitotXfKrpnIufnMK1F7MNTop8MkoAAAAAAAGqd2ENpGtOArbTyntPLG24prbgqvtSFRalJ1t5TW3kVEsylVYmJFqQqLUoGM9ghSWTTYmK6WwFWXOTLnGej9rcvh2\/++0pecGyKxvz5eQHSQ2PbuJteXVhV6vY3v9q\/oc5XlzjPDsT\/AHUt4J0TGV\/VQjpK0pbV5sb1XCJxVdyIczWlcvBEane7evwLemxNyuy9U7Xb8L7E4IB0FW2q\/RtV\/wB5ehH8e3yRS3rRq76R6uT7DMsZ59q+GcFNUeXNRxUX1HDURGojUTgiJhC5ru3FBUcXVRwRLAAAAAAAAAAAh21JhCtgU1tSmtqXNspbfaFU1tSltqXNspbZFU9txTW3FvbTiUttAqptPKyaQsLSFXOgJalmN0Un\/wANaTYjWLQ1VV2pJP3kPsDTKYiOCcfGJWtZyr248OJc08Jw817VKSqhdVEMRd1HFzUUpKiF1UCLuopdVFKSp2F1U7Ai7qKXNRSlqFzUKiwAAAAAAAAAAAiW0JZost3AUVtClttL+00p7TArn7bSlttOhtMKe1GRXPWmFNajOisxFVZhA5u1EVssR0c8BAlrBVJyJuiiJ\/NjbHWAwrRFvVjNMEBZ1oQJdVhc1GkCtEW9WMIsajS6qNKyqwuarOBUWdRC6qIVdVhcVWhEkAAAAAAAAAADGRMoZACotRlRajOitRlTZiCuctRlRZiOksxFXYhA5qzCVk8B0liAr5q5Fc3NXIj6x0MtcjvrAUXNjNlYt+bGTawEGGuT4IDfHXJsNcD5WhLWtEYV4CyrQgb6sRb1YyNWiLWtEVEyrGWsLcIRasZOQIAAAAAAAAAAAAAMJG5QrrMJaGqaPIHOWISssQHS2ICtngCubngIM1c6OauQ5awHOSVjQ6sdA+saXViKouamTaxcc1Mm1gKyOsS4q5OZWJMVYIjwVywrwG2GuT4ICj5XhLStCY14CxgiwEZxMwhsAAAAAAAAAAAAAAAAAA1SxZIM1cszFzEUCglrkSSsdFLXIslYDn31jS6sXz6xqWsFUnNTJKxcc2PqVgKtlYkR1iwbWJEdYCFFXJsNclR1yQxiIEYRQ4NwAAAAAAAAAAAAAUM9u0zaUECyROqWYLD2xJCrZY3xpHvWTWupF1Lu0oZemk6sozNauJZ+Tq10+1YlejI0VO1upyZTtRFAvAUXoVMrqTI3\/TV5J61hOxs0crmu0p2MXcrU7Gq1CRP6QVmOcxyz6mKrXaatp6ZTuVGKi+QFqDUj9bNUa41s1Mc5q7spuVWrhfLcctDt61DRvzWHQ2LFKxLXjcyNa8UjugjFVupyomXpneoHXA43aG3rlRZ68zoJ5tOzuaztidExH2rPNlR8epco1+HblTKOx2ZW42LdmWe1TsuZLJWSCVk0bOSR8MrXYRW5XCo5jkznemALo+K1DkP2hsqq2kWLmjdr\/Ja11jXldKWebLNymrjynSxjq7uO8+0dvW3LWtPWHmly\/YpJXRipLCxrpWRy8pq6Sq6HemE3Sfd3h1SwoYLXOY2H6QWZPk6xKsS1trpIscLY1ZJV+adNFl+pdfQYqLuTeuU3E7ae1LDb8FWNipBzeWzPIiROV7WvYmlMvRWpvXO5V3pgC45sfUrnP0\/TNsqV1ZTvZu1udU2qldFnjRGK\/fymG4SRvWwi53ZL7Zd9liGOxGjkbI3Ol6Ij2KiqjmuTvRUVF8ANrYUM0YhkAAAAAAAAAAAAAAAAAOO2tfqLeZO7ateB9TlIubqkC6dWlJGuVVznoeR921tPY9t1dZ79V0VaR0yQpM1rZJdKtY5youejlyoneqL2IfgXpsn\/AFPaH99sf51KTBcLh6Y2PtLY9SSw6C\/WbHZdHI6FZ2uayZrdLnoqrneiNyn3c9qn2e\/sJ7nPfZqq56q5y86cmVX2I88zYGBgw9Us9KtltYjGXqjUa1Gs+eY7SiJhOK7ygrz7N5K5BY2tXnivLI+REWCJzJXY6bFThjSioi9p51wMDBh6Kkk2XI2dbO1op7E7azG2OUrxug5u\/lIXMaiadSSKr8qi5X2IiGxm1akfKSRbXqOtWbNV9izI+BuKsTkzFGxEVu9qOTfv+cVc7kPOOBgYMPRizbK5XPypAlXnqbRWmkkCM53q5TVr62nlPnMZ63s3CrPsqOSNflSF1aCzNcr1FkhRkdiTXlVenSc1FkkVGrw1exMec8DAwYejdlz7KgkgX5UgkgpJKlGs6SBrK6PRW9ZN7tLFVqZ4Iu\/K7yxn25st86WV2hVRyVpa2nlY8aXua5XcePRPMOBgYMPSWz7uyYfk7TtGu75LpPpR5li+dY5kTNTu5fmU4d6k7ZG39l1oWwN2hVejXSu1OljRV1yOevBfvYPL+BgYMPVv7X7M\/jqf85n6lnRvRTsSWvIyaJVVEkjcjmqqLhd6Hj\/B6O9Sv1LB\/bWv9VwwO6ABEAAAAAAAAAAAAAHlP04+tNof32f\/ADFIAZMgAAAAAAAAAAAAAAAA9Hepb6mr\/wBrZ\/1XACUl3IAMUAAAAAAAAAAAAAH\/2Q==\" alt=\"Resultado de imagen de el n\u00facleo at\u00f3mico\" width=\"419\" height=\"421\" name=\"dqHwdSBMT9joQM:\" data-sz=\"f\" \/><\/p>\n<\/blockquote>\n<p style=\"text-align: justify;\"><img decoding=\"async\" title=\"M\u00e1s...\" src=\"http:\/\/www.emiliosilveravazquez.com\/blog\/wp-includes\/js\/tinymce\/plugins\/wordpress\/img\/trans.gif\" alt=\"\" \/><\/p>\n<p style=\"text-align: justify;\">El n\u00facleo at\u00f3mico <a id=\"_GPLITA_5\" title=\"Click to Continue &gt; by Savings Wave\" href=\"http:\/\/www.emiliosilveravazquez.com\/blog\/2014\/02\/05\/el-paso-del-tiempo-lo-cambia-todo\/#\">tiene<img decoding=\"async\" src=\"http:\/\/savingswave-a.akamaihd.net\/items\/it\/img\/arrow-10x10.png\" alt=\"\" \/><\/a> un di\u00e1metro de unos 10<sup>-15<\/sup> cm (aproximadamente 1\/100.000 del propio \u00e1tomo). Si los \u00e1tomos de una esfera de materia se pudieran estrujar el punto de desplazar todos los <a href=\"http:\/\/www.emiliosilveravazquez.com\/blog\/2013\/05\/17\/todo-se-degrada-con-el-paso-del-tiempo\/#\">electrones<\/a> y dejar a los n\u00facleos at\u00f3micos en mutuo, el di\u00e1metro de la esfera disminuir\u00eda hasta un nivel de 1\/100.000 de su tama\u00f1o original. De manera an\u00e1loga, si se pudiera comprimir la Tierra hasta dejarla reducida a un bal\u00f3n de n\u00facleos at\u00f3micos, toda su materia quedar\u00eda reducida a una esfera de unos 130 metros de di\u00e1metro. En esas mismas condiciones, el Sol medir\u00eda 13\u20197 km de di\u00e1metro en lugar de los 1.392.530 km que realmente mide. Y si pudi\u00e9ramos convertir toda la materia conocida del universo en n\u00facleos at\u00f3micos en <a id=\"_GPLITA_6\" title=\"Click to Continue &gt; by Savings Wave\" href=\"http:\/\/www.emiliosilveravazquez.com\/blog\/2014\/02\/05\/el-paso-del-tiempo-lo-cambia-todo\/#\">contacto<img decoding=\"async\" src=\"http:\/\/savingswave-a.akamaihd.net\/items\/it\/img\/arrow-10x10.png\" alt=\"\" \/><\/a>, obtendr\u00edamos una esfera de s\u00f3lo algunos cientos de miles de km de di\u00e1metro, que cabr\u00eda c\u00f3modamente dentro del cintur\u00f3n de asteroides del Sistema Solar.<\/p>\n<\/div>\n<p>&nbsp;<\/p>\n<p>&nbsp;<\/p>\n<p><img decoding=\"async\" loading=\"lazy\" class=\"\" src=\"https:\/\/blogger.googleusercontent.com\/img\/b\/R29vZ2xl\/AVvXsEjQPMQgsPWWYDnrFb8ID2l0RGZM3hORci0KawL9FpjXhFA_elSSuf52Aw5G3ALiHLKABfeBfUy3sLWGD8OfoTPhdszwjsPbmUX2Ua-r3-fRw07kz9KfepEYGBYgopEOXeM0gdAy4M320I0\/s1600\/enana+blanca+diamante.jpg\" alt=\"Infobservador: Las enanas blancas\" width=\"588\" height=\"494\" \/><\/p>\n<blockquote>\n<p style=\"text-align: justify;\">Una enorme densidad en el n\u00facleo de la <a href=\"#\" onclick=\"referencia('enana blanca',event); return false;\">enana blanca<\/a>. Su densidad llega a ser\u00a0<b>enorme<\/b>: un pedazo de materia del centro de una <a href=\"#\" onclick=\"referencia('enana blanca',event); return false;\">enana blanca<\/a> del tama\u00f1o de un terr\u00f3n de az\u00facar pesar\u00eda f\u00e1cilmente cien toneladas en la superficie terrestre.<\/p>\n<\/blockquote>\n<div>\n<p style=\"text-align: justify;\">El calor y la presi\u00f3n que reinan en el centro de las estrellas rompen la estructura at\u00f3mica y permiten que los n\u00facleos at\u00f3micos empiecen a empaquetarse unos junto a otros. Las densidades en el centro del Sol son mucho m\u00e1s altas que la del osmio, pero <a id=\"_GPLITA_7\" title=\"Click to Continue &gt; by Savings Wave\" href=\"http:\/\/www.emiliosilveravazquez.com\/blog\/2014\/02\/05\/el-paso-del-tiempo-lo-cambia-todo\/#\">como<img decoding=\"async\" src=\"http:\/\/savingswave-a.akamaihd.net\/items\/it\/img\/arrow-10x10.png\" alt=\"\" \/><\/a> los n\u00facleos at\u00f3micos se mueven de un lado a otros sin impedimento alguno, el material sigue siendo un gas.\u00a0 Hay estrellas que se componen casi por entero de tales \u00e1tomos destrozados.\u00a0 La compa\u00f1era de la estrella Sirio es una \u201c<a href=\"http:\/\/www.emiliosilveravazquez.com\/blog\/2014\/02\/05\/el-paso-del-tiempo-lo-cambia-todo\/#\"><a href=\"#\" onclick=\"referencia('enana blanca',event); return false;\">enana blanca<\/a><\/a>\u201d no mayor que el planeta Urano, y sin embargo tiene una masa parecida a la del Sol.<\/p>\n<p>&nbsp;<\/p>\n<blockquote>\n<p style=\"text-align: justify;\"><img decoding=\"async\" src=\"https:\/\/encrypted-tbn0.gstatic.com\/images?q=tbn:ANd9GcSSkN_2LkaHWvVrs2Ed7xCsZ_uUaqXnutX2jpi_OC305-vv8hlE\" alt=\"Resultado de imagen de fusi\u00f3n nuclear\" name=\"xBy8D0XZEGAsqM:\" data-src=\"https:\/\/encrypted-tbn0.gstatic.com\/images?q=tbn:ANd9GcSSkN_2LkaHWvVrs2Ed7xCsZ_uUaqXnutX2jpi_OC305-vv8hlE\" data-sz=\"f\" \/><img decoding=\"async\" src=\"https:\/\/energyeducation.ca\/wiki2develop\/images\/d\/d8\/Atom_size_es.jpg\" alt=\"\u00c1tomo - Enciclopedia de Energia\" \/><\/p>\n<\/blockquote>\n<\/div>\n<p>&nbsp;<\/p>\n<div>\n<p style=\"text-align: justify;\">Los n\u00facleos at\u00f3micos se componen de <a href=\"http:\/\/www.emiliosilveravazquez.com\/blog\/2013\/05\/17\/todo-se-degrada-con-el-paso-del-tiempo\/#\">protones<\/a> y <a href=\"http:\/\/www.emiliosilveravazquez.com\/blog\/2013\/05\/17\/todo-se-degrada-con-el-paso-del-tiempo\/#\">neutrones<\/a>. Ya hemos dicho <a id=\"_GPLITA_8\" title=\"Click to Continue &gt; by Savings Wave\" href=\"http:\/\/www.emiliosilveravazquez.com\/blog\/2014\/02\/05\/el-paso-del-tiempo-lo-cambia-todo\/#\">antes<img decoding=\"async\" src=\"http:\/\/savingswave-a.akamaihd.net\/items\/it\/img\/arrow-10x10.png\" alt=\"\" \/><\/a> que todos los <a href=\"http:\/\/www.emiliosilveravazquez.com\/blog\/2013\/05\/17\/todo-se-degrada-con-el-paso-del-tiempo\/#\">protones<\/a> tienen carga el\u00e9ctrica positiva y se repelen s\u00ed, de modo que en un lugar dado no se pueden reunir m\u00e1s de un centenar de ellos. Los <a href=\"http:\/\/www.emiliosilveravazquez.com\/blog\/2013\/05\/17\/todo-se-degrada-con-el-paso-del-tiempo\/#\">neutrones<\/a>, por el contrario, no tienen carga el\u00e9ctrica y en adecuadas pueden estar juntos y empaquetados un enorme <a id=\"_GPLITA_9\" title=\"Click to Continue &gt; by Savings Wave\" href=\"http:\/\/www.emiliosilveravazquez.com\/blog\/2014\/02\/05\/el-paso-del-tiempo-lo-cambia-todo\/#\">n\u00famero<img decoding=\"async\" src=\"http:\/\/savingswave-a.akamaihd.net\/items\/it\/img\/arrow-10x10.png\" alt=\"\" \/><\/a> de ellos para formar una \u201cestrella de <a href=\"http:\/\/www.emiliosilveravazquez.com\/blog\/2013\/05\/17\/todo-se-degrada-con-el-paso-del-tiempo\/#\">neutrones<\/a>\u201d. Los <a href=\"http:\/\/www.emiliosilveravazquez.com\/blog\/2014\/02\/05\/el-paso-del-tiempo-lo-cambia-todo\/#\"><a href=\"#\" onclick=\"referencia('pulsar',event); return false;\">p\u00falsares<\/a><\/a>, seg\u00fan se cree, son estrellas de <a href=\"http:\/\/www.emiliosilveravazquez.com\/blog\/2013\/05\/17\/todo-se-degrada-con-el-paso-del-tiempo\/#\">neutrones<\/a> en r\u00e1pida rotaci\u00f3n.<\/p>\n<p style=\"text-align: justify;\">Estas estrellas se forman <a id=\"_GPLITA_10\" title=\"Click to Continue &gt; by Savings Wave\" href=\"http:\/\/www.emiliosilveravazquez.com\/blog\/2014\/02\/05\/el-paso-del-tiempo-lo-cambia-todo\/#\">cuando<img decoding=\"async\" src=\"http:\/\/savingswave-a.akamaihd.net\/items\/it\/img\/arrow-10x10.png\" alt=\"\" \/><\/a> las estrellas de 2 \u2013 3 masas solares, agotado el combustible nuclear, no pueden fusionando el hidr\u00f3geno en helio, el helio en ox\u00edgeno, el oxigeno en carbono, etc, y explotan en supernovas. Las capas exteriores se volatilizan y son expulsados al espacio; el resto de la estrella (su mayor <a id=\"_GPLITA_11\" title=\"Click to Continue &gt; by Savings Wave\" href=\"http:\/\/www.emiliosilveravazquez.com\/blog\/2014\/02\/05\/el-paso-del-tiempo-lo-cambia-todo\/#\">parte<img decoding=\"async\" src=\"http:\/\/savingswave-a.akamaihd.net\/items\/it\/img\/arrow-10x10.png\" alt=\"\" \/><\/a>), al quedar a merced de la fuerza gravitatoria, es literalmente aplastada bajo su propio peso hasta tal punto que los <a href=\"http:\/\/www.emiliosilveravazquez.com\/blog\/2013\/05\/17\/todo-se-degrada-con-el-paso-del-tiempo\/#\">electrones<\/a> se funden con los <a href=\"http:\/\/www.emiliosilveravazquez.com\/blog\/2013\/05\/17\/todo-se-degrada-con-el-paso-del-tiempo\/#\">protones<\/a> y se forman <a href=\"http:\/\/www.emiliosilveravazquez.com\/blog\/2013\/05\/17\/todo-se-degrada-con-el-paso-del-tiempo\/#\">neutrones<\/a> que se comprimen de manera incre\u00edble <a id=\"_GPLITA_12\" title=\"Click to Continue &gt; by Savings Wave\" href=\"http:\/\/www.emiliosilveravazquez.com\/blog\/2014\/02\/05\/el-paso-del-tiempo-lo-cambia-todo\/#\">hasta<img decoding=\"async\" src=\"http:\/\/savingswave-a.akamaihd.net\/items\/it\/img\/arrow-10x10.png\" alt=\"\" \/><\/a> que se degeneran y emiten una fuerza que contrarresta la gravedad, qued\u00e1ndose estabilizada como estrella de <a href=\"http:\/\/www.emiliosilveravazquez.com\/blog\/2013\/05\/17\/todo-se-degrada-con-el-paso-del-tiempo\/#\">neutrones<\/a>.<\/p>\n<p>&nbsp;<\/p>\n<p style=\"text-align: justify;\"><img decoding=\"async\" src=\"http:\/\/www.rtvc.es\/handlers\/ThumbnailHandler.ashx?src=%2fnoticiasfva%2festrella+iac+mio+2.JPG&amp;width=608&amp;height=342&amp;fill=True\" alt=\"\" \/><img decoding=\"async\" loading=\"lazy\" class=\"\" src=\"https:\/\/www.iac.es\/sites\/default\/files\/styles\/crop_cinemascope_48_17_to_1920px\/public\/images\/headquarters\/ORM_1.jpg?itok=XSFxln9E\" alt=\"Observatorio del Roque de los Muchachos: Visitas | Instituto de Astrof\u00edsica de Canarias \u2022 IAC\" width=\"648\" height=\"232\" \/><\/p>\n<p>&nbsp;<\/p>\n<p style=\"text-align: justify;\">El Gran Telescopio Canarias (GTC), instalado en el <strong>Observatorio del Roque de los Muchachos<\/strong> (La Palma), ha obtenido im\u00e1genes de una profundidad \u201csin precedentes\u201d de una estrella de <a href=\"http:\/\/www.emiliosilveravazquez.com\/blog\/2013\/05\/17\/todo-se-degrada-con-el-paso-del-tiempo\/#\">neutrones<\/a> del magnetar, de las que se conocen seis. Si el Sol se convirtiera en una estrella de <a href=\"http:\/\/www.emiliosilveravazquez.com\/blog\/2013\/05\/17\/todo-se-degrada-con-el-paso-del-tiempo\/#\">neutrones<\/a>, toda su masa quedar\u00eda concentrada en una pelota cuyo di\u00e1metro ser\u00eda de 1\/100.000 del actual, y su volumen (1\/100.000)<sup>3<\/sup>, o lo que es lo mismo 1\/1.000.000.000.000.000 (una milmillon\u00e9sima) del actual. Su densidad ser\u00eda, por tanto, 1.000.000.000.000.000 (mil billones) de veces superior a la que <a id=\"_GPLITA_13\" title=\"Click to Continue &gt; by Savings Wave\" href=\"http:\/\/www.emiliosilveravazquez.com\/blog\/2014\/02\/05\/el-paso-del-tiempo-lo-cambia-todo\/#\">tiene<img decoding=\"async\" src=\"http:\/\/savingswave-a.akamaihd.net\/items\/it\/img\/arrow-10x10.png\" alt=\"\" \/><\/a> .<\/p>\n<\/div>\n<p>&nbsp;<\/p>\n<p><img decoding=\"async\" loading=\"lazy\" class=\"\" src=\"https:\/\/i.ytimg.com\/vi\/kmx2cYTH8_s\/maxresdefault.jpg\" alt=\"C\u00e1lculo de la densidad del Sol\" width=\"549\" height=\"309\" \/><\/p>\n<p>&nbsp;<\/p>\n<div>\n<p style=\"text-align: justify;\">La densidad global del Sol hoy d\u00eda es de 1\u201941 gramos\/cm<sup>3<\/sup>. Una estrella de <a href=\"http:\/\/www.emiliosilveravazquez.com\/blog\/2013\/05\/17\/todo-se-degrada-con-el-paso-del-tiempo\/#\">neutrones<\/a> a partir del Sol tendr\u00eda una densidad que se reflejar\u00eda mediante 1.400.000.000.000.000 gramos por cm<sup>3<\/sup>. Es decir, un cent\u00edmetro c\u00fabico de una estrella de <a href=\"http:\/\/www.emiliosilveravazquez.com\/blog\/2013\/05\/17\/todo-se-degrada-con-el-paso-del-tiempo\/#\">neutrones<\/a> llegar a pesar 1.400.000.000 (mil cuatrocientos millones de toneladas). \u00a1Qu\u00e9 barbaridad!<\/p>\n<p>&nbsp;<\/p>\n<blockquote>\n<p style=\"text-align: justify;\"><img decoding=\"async\" loading=\"lazy\" id=\"irc_mi\" src=\"http:\/\/1.bp.blogspot.com\/-i8SlRPwq-24\/ToQ_9qlx4xI\/AAAAAAAAAWg\/bojsbxV6fQk\/s1600\/lores.jpg\" alt=\"\" width=\"393\" height=\"393\" \/><\/p>\n<\/blockquote>\n<p>&nbsp;<\/p>\n<p style=\"text-align: justify;\">Imagen captada por el telescopio <a href=\"http:\/\/www.emiliosilveravazquez.com\/blog\/2014\/02\/05\/el-paso-del-tiempo-lo-cambia-todo\/#\"><a href=\"#\" onclick=\"referencia('hubble',event); return false;\">Hubble<\/a><\/a> de la galaxia NGC 3393. El n\u00facleo de la galaxia, donde se encuentra la pareja de <a href=\"http:\/\/www.emiliosilveravazquez.com\/blog\/2014\/02\/05\/el-paso-del-tiempo-lo-cambia-todo\/#\"><a href=\"#\" onclick=\"referencia('agujero negro',event); return false;\">agujeros negros<\/a><\/a> se <a id=\"_GPLITA_14\" title=\"Click to Continue &gt; by Savings Wave\" href=\"http:\/\/www.emiliosilveravazquez.com\/blog\/2014\/02\/05\/el-paso-del-tiempo-lo-cambia-todo\/#\">puede<img decoding=\"async\" src=\"http:\/\/savingswave-a.akamaihd.net\/items\/it\/img\/arrow-10x10.png\" alt=\"\" \/><\/a> ver encuadrado (NASA). Est\u00e1 claro que lo que se dice ver a los <a href=\"http:\/\/www.emiliosilveravazquez.com\/blog\/2014\/02\/05\/el-paso-del-tiempo-lo-cambia-todo\/#\"><a href=\"#\" onclick=\"referencia('agujero negro',event); return false;\">agujeros negros<\/a><\/a>\u2026 Nadie los ha podido ver y, s\u00f3lo hemos podido captar su presencia por los fen\u00f3menos que a su alrededor ocurren en la emisi\u00f3n inusual de radiaci\u00f3n y el comportamiento de la materia circundante.<\/p>\n<p style=\"text-align: justify;\">Poemos decir que objetos tan fascinantes <a id=\"_GPLITA_15\" title=\"Click to Continue &gt; by Savings Wave\" href=\"http:\/\/www.emiliosilveravazquez.com\/blog\/2014\/02\/05\/el-paso-del-tiempo-lo-cambia-todo\/#\">como<img decoding=\"async\" src=\"http:\/\/savingswave-a.akamaihd.net\/items\/it\/img\/arrow-10x10.png\" alt=\"\" \/><\/a> \u00e9stos (estrellas enanas blancas, de <a href=\"http:\/\/www.emiliosilveravazquez.com\/blog\/2014\/02\/05\/el-paso-del-tiempo-lo-cambia-todo\/#\">neutrones<\/a> y <a href=\"http:\/\/www.emiliosilveravazquez.com\/blog\/2014\/02\/05\/el-paso-del-tiempo-lo-cambia-todo\/#\"><a href=\"#\" onclick=\"referencia('agujero negro',event); return false;\">agujeros negros<\/a><\/a>), son los que nos muestran estados de la materia m\u00e1s densos que hemos podido llegar a conocer y que se forjan en la propia Naturaleza mediante transiciones de fase que se producen mediante los mecanismos de las fuerzas que todo lo rigen. Cuando hablamos de las cosas del universo estamos hablando de cosas muy grandes. Cualquiera se podr\u00eda preguntar, por ejemplo: \u00bf<a id=\"_GPLITA_16\" title=\"Click to Continue &gt; by Savings Wave\" href=\"http:\/\/www.emiliosilveravazquez.com\/blog\/2014\/02\/05\/el-paso-del-tiempo-lo-cambia-todo\/#\">hasta<img decoding=\"async\" src=\"http:\/\/savingswave-a.akamaihd.net\/items\/it\/img\/arrow-10x10.png\" alt=\"\" \/><\/a> cu\u00e1ndo podr\u00e1 mantener el Sol la vida en la Tierra? Est\u00e1 claro que podr\u00e1 hacerlo mientras radie energ\u00eda y nos env\u00ede luz y calor que la haga posible tal como la conocemos.<\/p>\n<\/div>\n<p>&nbsp;<\/p>\n<blockquote><p><img decoding=\"async\" src=\"https:\/\/ifmifdones.org\/wp-content\/uploads\/2020\/03\/2.png\" alt=\"ACERC\u00c1NDONOS A LA FUSI\u00d3N NUCLEAR. \u00bfQu\u00e9 es la fusi\u00f3n nuclear? - IFMIF-DONES\" \/><\/p><\/blockquote>\n<p>&nbsp;<\/p>\n<div>\n<p style=\"text-align: justify;\">Como ya explicamos antes, la radiaci\u00f3n del Sol proviene de la fusi\u00f3n del hidr\u00f3geno en helio. Para producir la radiaci\u00f3n vertida por el sol se necesita una cantidad ingente de fusi\u00f3n: <a id=\"_GPLITA_17\" title=\"Click to Continue &gt; by Savings Wave\" href=\"http:\/\/www.emiliosilveravazquez.com\/blog\/2014\/02\/05\/el-paso-del-tiempo-lo-cambia-todo\/#\">cada<img decoding=\"async\" src=\"http:\/\/savingswave-a.akamaihd.net\/items\/it\/img\/arrow-10x10.png\" alt=\"\" \/><\/a> segundo tienen que fusionarse 654.600.000 toneladas de hidr\u00f3geno en 650.000.000 toneladas de helio\u00a0 (las 4.600.000 toneladas restantes se convierten en energ\u00eda de radiaci\u00f3n y las pierde el Sol para siempre. La \u00ednfima porci\u00f3n de energ\u00eda que incide sobre la Tierra basta <a id=\"_GPLITA_18\" title=\"Click to Continue &gt; by Savings Wave\" href=\"http:\/\/www.emiliosilveravazquez.com\/blog\/2014\/02\/05\/el-paso-del-tiempo-lo-cambia-todo\/#\">para<img decoding=\"async\" src=\"http:\/\/savingswave-a.akamaihd.net\/items\/it\/img\/arrow-10x10.png\" alt=\"\" \/><\/a> mantener toda la vida en nuestro planeta).<\/p>\n<p>&nbsp;<\/p>\n<p style=\"text-align: justify;\"><img decoding=\"async\" loading=\"lazy\" id=\"irc_mi\" src=\"http:\/\/3.bp.blogspot.com\/-ZN4cTXU5VZU\/T8fNqaEjNMI\/AAAAAAAAAXY\/3Z69lw0fQ6s\/s1600\/La-tierra-la-luna-y-el-sol-92.png\" alt=\"\" width=\"699\" height=\"393\" \/><\/p>\n<p>&nbsp;<\/p>\n<p style=\"text-align: justify;\">Los rayos del Sol que env\u00edan al planeta Tierra su luz y su calor, <a id=\"_GPLITA_19\" title=\"Click to Continue &gt; by Savings Wave\" href=\"http:\/\/www.emiliosilveravazquez.com\/blog\/2014\/02\/05\/el-paso-del-tiempo-lo-cambia-todo\/#\">tambi\u00e9n<img decoding=\"async\" src=\"http:\/\/savingswave-a.akamaihd.net\/items\/it\/img\/arrow-10x10.png\" alt=\"\" \/><\/a> <a id=\"_GPLITA_20\" title=\"Click to Continue &gt; by Savings Wave\" href=\"http:\/\/www.emiliosilveravazquez.com\/blog\/2014\/02\/05\/el-paso-del-tiempo-lo-cambia-todo\/#\">parte<img decoding=\"async\" src=\"http:\/\/savingswave-a.akamaihd.net\/items\/it\/img\/arrow-10x10.png\" alt=\"\" \/><\/a> del Universo, al mismo tiempo que hace posible la vida en un planeta maravilloso que es el habitat de millones de especies, unas m\u00e1s inteligentes que otras en relaci\u00f3n al roll que, a cada una, le toc\u00f3 desempa\u00f1ar.<\/p>\n<p style=\"text-align: justify;\">Nadie dir\u00eda que con <a id=\"_GPLITA_21\" title=\"Click to Continue &gt; by Savings Wave\" href=\"http:\/\/www.emiliosilveravazquez.com\/blog\/2014\/02\/05\/el-paso-del-tiempo-lo-cambia-todo\/#\">este<img decoding=\"async\" src=\"http:\/\/savingswave-a.akamaihd.net\/items\/it\/img\/arrow-10x10.png\" alt=\"\" \/><\/a> consumo tan alto de hidr\u00f3geno por segundo, el Sol pudiera durar mucho tiempo, pero es que ese c\u00e1lculo no tiene en cuenta el enorme tama\u00f1o del Sol. Su masa totaliza 2.200.000.000.000.000. 000.000.000.000 (m\u00e1s de dos mil cuatrillones) de toneladas.<\/p>\n<p style=\"text-align: justify;\">Un 53% de esta masa es hidr\u00f3geno, lo cual significa que el Sol contiene en la actualidad una cantidad de 1.166.000.000.000.000.000.0000.0000.000 toneladas.<\/p>\n<p style=\"text-align: justify;\"><a id=\"_GPLITA_22\" title=\"Click to Continue &gt; by Savings Wave\" href=\"http:\/\/www.emiliosilveravazquez.com\/blog\/2014\/02\/05\/el-paso-del-tiempo-lo-cambia-todo\/#\">Para<img decoding=\"async\" src=\"http:\/\/savingswave-a.akamaihd.net\/items\/it\/img\/arrow-10x10.png\" alt=\"\" \/><\/a> completar dir\u00e9 que el resto de la masa del Sol es casi todo helio. Menos del 0\u20191 por 100 de su masa est\u00e1 constituido por \u00e1tomos m\u00e1s complicados que el helio. El helio es m\u00e1s compacto que el hidr\u00f3geno. En condiciones id\u00e9nticas, un <a id=\"_GPLITA_23\" title=\"Click to Continue &gt; by Savings Wave\" href=\"http:\/\/www.emiliosilveravazquez.com\/blog\/2014\/02\/05\/el-paso-del-tiempo-lo-cambia-todo\/#\">n\u00famero<img decoding=\"async\" src=\"http:\/\/savingswave-a.akamaihd.net\/items\/it\/img\/arrow-10x10.png\" alt=\"\" \/><\/a> dado de \u00e1tomos de helio tiene una masa cuatro veces mayor el mismo n\u00famero de \u00e1tomos de hidr\u00f3geno. O dicho de otra manera: una masa dada de helio ocupa menos espacio que la misma masa de hidr\u00f3geno. En funci\u00f3n del volumen \u2013 el espacio ocupado \u2013, el Sol es hidr\u00f3geno en un 80 por ciento.<\/p>\n<p>&nbsp;<\/p>\n<p style=\"text-align: justify;\"><img decoding=\"async\" id=\"IMAGEN_INSERTADA_9400\" title=\"V1647 Orionis. (Foto: Goddard Space Flight Center)\" src=\"http:\/\/noticiasdelaciencia.com\/upload\/img\/periodico\/img_9400.jpg\" alt=\"[Img #9400]\" \/><\/p>\n<p style=\"text-align: justify;\">\u00a0\u00a0\u00a0\u00a0 Este podr\u00eda ser nuestro Sol <a id=\"_GPLITA_24\" title=\"Click to Continue &gt; by Savings Wave\" href=\"http:\/\/www.emiliosilveravazquez.com\/blog\/2014\/02\/05\/el-paso-del-tiempo-lo-cambia-todo\/#\">cuando<img decoding=\"async\" src=\"http:\/\/savingswave-a.akamaihd.net\/items\/it\/img\/arrow-10x10.png\" alt=\"\" \/><\/a> en el pasado s\u00f3lo era una <a href=\"http:\/\/www.emiliosilveravazquez.com\/blog\/2014\/02\/05\/el-paso-del-tiempo-lo-cambia-todo\/#\"><a href=\"#\" onclick=\"referencia('protoestrella',event); return false;\">protoestrella<\/a><\/a> que se estaba formando<\/p>\n<p style=\"text-align: justify;\">Si suponemos que el Sol fue en origen todo hidr\u00f3geno, que siempre ha convertido hidr\u00f3geno en helio al ritmo dicho de 4.654 mil toneladas\u00a0 por segundo y que lo seguir\u00e1 haciendo hasta el final, se calcula que ha <a id=\"_GPLITA_25\" title=\"Click to Continue &gt; by Savings Wave\" href=\"http:\/\/www.emiliosilveravazquez.com\/blog\/2014\/02\/05\/el-paso-del-tiempo-lo-cambia-todo\/#\">estado<img decoding=\"async\" src=\"http:\/\/savingswave-a.akamaihd.net\/items\/it\/img\/arrow-10x10.png\" alt=\"\" \/><\/a> radiando hace unos 4.000 millones de a\u00f1os y que seguir\u00e1 haci\u00e9ndolo durante otros cinco mil millones de a\u00f1os m\u00e1s. Pero las cosas no son tan simples. El Sol es una estrella de segunda generaci\u00f3n, constituida a partir de gas y polvo c\u00f3smico desperdigado por estrellas que se hab\u00edan quemado y explotado miles de millones de a\u00f1os atr\u00e1s.\u00a0 As\u00ed pues, la materia prima del Sol conten\u00eda ya mucho helio <a id=\"_GPLITA_26\" title=\"Click to Continue &gt; by Savings Wave\" href=\"http:\/\/www.emiliosilveravazquez.com\/blog\/2014\/02\/05\/el-paso-del-tiempo-lo-cambia-todo\/#\">desde<img decoding=\"async\" src=\"http:\/\/savingswave-a.akamaihd.net\/items\/it\/img\/arrow-10x10.png\" alt=\"\" \/><\/a> el principio, lo que nos lleva a pensar que el final puede estar algo m\u00e1s cercano.<\/p>\n<\/div>\n<p>&nbsp;<\/p>\n<blockquote><p><img decoding=\"async\" loading=\"lazy\" class=\"\" src=\"https:\/\/i.gifer.com\/embedded\/download\/Iqx.gif\" alt=\"Funny Gifs : sun Gif - VSGIF.com\" width=\"677\" height=\"381\" \/><\/p>\n<p><strong>No quisiera estar cerca de una d estas protuberancias del sol<\/strong><\/p><\/blockquote>\n<div>\n<p style=\"text-align: justify;\">Por otra <a id=\"_GPLITA_27\" title=\"Click to Continue &gt; by Savings Wave\" href=\"http:\/\/www.emiliosilveravazquez.com\/blog\/2014\/02\/05\/el-paso-del-tiempo-lo-cambia-todo\/#\">parte<img decoding=\"async\" src=\"http:\/\/savingswave-a.akamaihd.net\/items\/it\/img\/arrow-10x10.png\" alt=\"\" \/><\/a>, el Sol no continuar\u00e1 radiando exactamente al mismo ritmo que . El hidr\u00f3geno y el helio no est\u00e1n perfectamente entremezclados. El helio est\u00e1 concentrado en el n\u00facleo central y la reacci\u00f3n de fusi\u00f3n se produce en la superficie del n\u00facleo. Cuando el Sol se convierta en gigante roja\u2026 Nosotros tendremos que haber podido buscar la manera de salir de la Tierra <a id=\"_GPLITA_28\" title=\"Click to Continue &gt; by Savings Wave\" href=\"http:\/\/www.emiliosilveravazquez.com\/blog\/2014\/02\/05\/el-paso-del-tiempo-lo-cambia-todo\/#\">para<img decoding=\"async\" src=\"http:\/\/savingswave-a.akamaihd.net\/items\/it\/img\/arrow-10x10.png\" alt=\"\" \/><\/a> unicarnos en otros mundos, dado que, dicha fase del Sol, no permitir\u00e1 la vida en nuestro planeta.<\/p>\n<p>&nbsp;<\/p>\n<p style=\"text-align: justify;\"><img decoding=\"async\" loading=\"lazy\" id=\"irc_mi\" src=\"http:\/\/t0.gstatic.com\/images?q=tbn:ANd9GcRZym9Uh0jo51yJ1aHcordoIfMPTE2F_vYmKoXgloFb4XemoYZfjA\" alt=\"\" width=\"620\" height=\"496\" \/><\/p>\n<p style=\"text-align: justify;\">\u00a0 Los planetas interiores ser\u00e1n engullidos por nuestro Sol y, la Tierra, quedar\u00e1 calcinada, sus oc\u00e9anos se evaporar\u00e1n y toda la vida, desaparecer\u00e1. Para cuando eso vaya a suceder&#8230; \u00a1Ya no podemos estar por aqu\u00ed!<\/p>\n<p style=\"text-align: justify;\">Las estrellas, todo en nuestro universo, tienen un principio y un final. La que en la imagen de arriba podemos contemplar, ha llegado al final de su ciclo, y, agotado su combustible nuclear, quedar\u00e1 a merced de la fuerza de la Gravedad que la convertir\u00e1 en un objeto distinto del que fue <a id=\"_GPLITA_29\" title=\"Click to Continue &gt; by Savings Wave\" href=\"http:\/\/www.emiliosilveravazquez.com\/blog\/2014\/02\/05\/el-paso-del-tiempo-lo-cambia-todo\/#\">durante<img decoding=\"async\" src=\"http:\/\/savingswave-a.akamaihd.net\/items\/it\/img\/arrow-10x10.png\" alt=\"\" \/><\/a> su larga vida. Dependiendo de su masa,\u00a0 las estrellas se convierten en enanas blancas -el caso del Sol-, estrella de <a href=\"http:\/\/www.emiliosilveravazquez.com\/blog\/2013\/05\/17\/todo-se-degrada-con-el-paso-del-tiempo\/#\">neutrones<\/a> o Agujeros negros.<\/p>\n<p>&nbsp;<\/p>\n<p style=\"text-align: justify;\"><img decoding=\"async\" loading=\"lazy\" id=\"irc_mi\" src=\"http:\/\/csociales.files.wordpress.com\/2009\/07\/tierra-y-luna4.jpg\" alt=\"\" width=\"615\" height=\"408\" \/><\/p>\n<p>&nbsp;<\/p>\n<p style=\"text-align: justify;\">La atracci\u00f3n gravitatoria de la Luna sobre la Tierra hace subir el nivel de los oc\u00e9anos a ambos lados de nuestro planeta y crea as\u00ed dos abultamientos. A medida que la Tierra gira de oeste a <a id=\"_GPLITA_30\" title=\"Click to Continue &gt; by Savings Wave\" href=\"http:\/\/www.emiliosilveravazquez.com\/blog\/2014\/02\/05\/el-paso-del-tiempo-lo-cambia-todo\/#\">este<img decoding=\"async\" src=\"http:\/\/savingswave-a.akamaihd.net\/items\/it\/img\/arrow-10x10.png\" alt=\"\" \/><\/a>, estos dos bultos \u2013 de los cuales uno mira la Luna y el otro en direcci\u00f3n contraria \u2013 se desplazan de este a oeste alrededor de la Tierra. Al efectuar este desplazamiento, los dos bultos rozan contra el fondo de los mares poco profundos, como el de Bering o el de Irlanda. Tal rozamiento convierte energ\u00eda de rotaci\u00f3n en calor, y este consumo de la energ\u00eda de rotaci\u00f3n terrestre hace que el movimiento de rotaci\u00f3n de la Tierra alrededor de su eje vaya disminuyendo poco a poco. Las mareas act\u00faan como freno sobre la rotaci\u00f3n de la Tierra, y como consecuencia de ello, los d\u00edas terrestres se van alargando un segundo <a id=\"_GPLITA_31\" title=\"Click to Continue &gt; by Savings Wave\" href=\"http:\/\/www.emiliosilveravazquez.com\/blog\/2014\/02\/05\/el-paso-del-tiempo-lo-cambia-todo\/#\">cada<img decoding=\"async\" src=\"http:\/\/savingswave-a.akamaihd.net\/items\/it\/img\/arrow-10x10.png\" alt=\"\" \/><\/a> mil a\u00f1os.<\/p>\n<p style=\"text-align: justify;\">Pero no es s\u00f3lo el agua del oc\u00e9ano lo que sube de nivel en respuesta a la gravedad lunar. La corteza s\u00f3lida de la Tierra tambi\u00e9n acusa el efecto, aunque en medida <a id=\"_GPLITA_32\" title=\"Click to Continue &gt; by Savings Wave\" href=\"http:\/\/www.emiliosilveravazquez.com\/blog\/2014\/02\/05\/el-paso-del-tiempo-lo-cambia-todo\/#\">menos<img decoding=\"async\" src=\"http:\/\/savingswave-a.akamaihd.net\/items\/it\/img\/arrow-10x10.png\" alt=\"\" \/><\/a> notable. El resultado son dos peque\u00f1os abultamientos rocosos que van girando alrededor de la Tierra, el uno mirando la Luna y el otro en la cara opuesta de nuestro planeta. Durante ese desplazamiento, el rozamiento de una capa rocosa contra otra va minando tambi\u00e9n la energ\u00eda de rotaci\u00f3n terrestre. (Los bultos, claro est\u00e1, no se mueven f\u00edsicamente alrededor del planeta, sino que a medida que el planeta gira, remiten en un lugar y se forman en otro, seg\u00fan qu\u00e9 porciones de la superficie pasen por debajo de la Luna y sean atra\u00eddas por su fuerza de gravedad).<\/p>\n<p>&nbsp;<\/p>\n<blockquote>\n<p style=\"text-align: justify;\"><img decoding=\"async\" loading=\"lazy\" id=\"irc_mi\" src=\"http:\/\/3.bp.blogspot.com\/-9Hfw5jlVIlE\/UNOi8WItZRI\/AAAAAAAAAs0\/R2_SB1I2wgU\/s1600\/luna-llena-1024x811.jpg\" alt=\"\" width=\"496\" height=\"393\" \/><\/p>\n<p>&nbsp;<\/p><\/blockquote>\n<p style=\"text-align: justify;\">La Luna no tiene mares ni mareas en el sentido corriente. Sin embargo, la corteza s\u00f3lida de la luna acusa la fuerte atracci\u00f3n gravitacional de la Tierra, y no hay que olvidar que \u00e9sta es 80 veces m\u00e1s grande que la Luna. El abultamiento provocado en la superficie lunar es mucho mayor que el de la superficie terrestre. Por tanto, si la Luna rotase en un periodo de 24 horas, estar\u00eda sometida a un rozamiento much\u00edsimo mayor que la Tierra. Adem\u00e1s, <a id=\"_GPLITA_33\" title=\"Click to Continue &gt; by Savings Wave\" href=\"http:\/\/www.emiliosilveravazquez.com\/blog\/2014\/02\/05\/el-paso-del-tiempo-lo-cambia-todo\/#\">como<img decoding=\"async\" src=\"http:\/\/savingswave-a.akamaihd.net\/items\/it\/img\/arrow-10x10.png\" alt=\"\" \/><\/a> nuestro sat\u00e9lite tiene una masa mucho menor que la Tierra, su energ\u00eda total de rotaci\u00f3n ser\u00eda, ya de entrada, periodos de rotaci\u00f3n iguales, mucho menor.<\/p>\n<p style=\"text-align: justify;\">As\u00ed pues, la Luna, con una reserva inicial de energ\u00eda muy peque\u00f1a, socavada r\u00e1pidamente por los grandes bultos provocados por la Tierra, tuvo que sufrir una disminuci\u00f3n relativamente r\u00e1pida de su periodo de rotaci\u00f3n.\u00a0 Hace seguramente muchos millones de a\u00f1os debi\u00f3 de decelerarse <a id=\"_GPLITA_34\" title=\"Click to Continue &gt; by Savings Wave\" href=\"http:\/\/www.emiliosilveravazquez.com\/blog\/2014\/02\/05\/el-paso-del-tiempo-lo-cambia-todo\/#\">hasta<img decoding=\"async\" src=\"http:\/\/savingswave-a.akamaihd.net\/items\/it\/img\/arrow-10x10.png\" alt=\"\" \/><\/a> el punto de que el d\u00eda lunar se igual\u00f3 con el mes lunar. De ah\u00ed en adelante, la Luna siempre mostrar\u00eda la misma cara el planeta Tierra.<\/p>\n<p style=\"text-align: justify;\">Esto, a su vez, congela los abultamientos en un aposici\u00f3n fija. Unos de ellos miran hacia la Tierra <a id=\"_GPLITA_35\" title=\"Click to Continue &gt; by Savings Wave\" href=\"http:\/\/www.emiliosilveravazquez.com\/blog\/2014\/02\/05\/el-paso-del-tiempo-lo-cambia-todo\/#\">desde<img decoding=\"async\" src=\"http:\/\/savingswave-a.akamaihd.net\/items\/it\/img\/arrow-10x10.png\" alt=\"\" \/><\/a> el centro mismo de la cara lunar que nosotros vemos, mientras que el otro est\u00e1 apuntando en direcci\u00f3n contraria desde el centro mismo de la cara lunar que no podemos ver. Puesto que las dos caras no cambian de posici\u00f3n a medida que la Luna gira alrededor de la Tierra, los bultos no experimentan ning\u00fan cambio ni tampoco se produce rozamiento alguno que altere el periodo de rotaci\u00f3n del sat\u00e9lite. La luna continuar\u00e1 mostr\u00e1ndonos la misma cara indefinidamente; lo cual, como veis, no es ninguna coincidencia, sino la consecuencia inevitable de la gravitaci\u00f3n y del rozamiento.<\/p>\n<p>&nbsp;<\/p>\n<blockquote>\n<p style=\"text-align: justify;\"><img decoding=\"async\" loading=\"lazy\" id=\"irc_mi\" src=\"http:\/\/2.bp.blogspot.com\/-5ih-C4ERVZ4\/USe_KLBH0DI\/AAAAAAAAATY\/ogcMqHd14hQ\/s1600\/729223main_728322main_messenger_orbit_image20130218_2_full_full_full.jpg\" alt=\"\" width=\"390\" height=\"393\" \/><\/p>\n<\/blockquote>\n<p style=\"text-align: justify;\">Durante unos ochenta a\u00f1os, por ejemplo, se pens\u00f3 que Mercurio (el planeta m\u00e1s cercano al Sol y el m\u00e1s afectado por la fuerza gravitatoria solar) ofrec\u00eda siempre la misma cara al Sol, por el mismo motivo que la Luna ofrece siempre la misma cara a la Tierra. Pero se ha comprobado que, en el caso de <a id=\"_GPLITA_36\" title=\"Click to Continue &gt; by Savings Wave\" href=\"http:\/\/www.emiliosilveravazquez.com\/blog\/2014\/02\/05\/el-paso-del-tiempo-lo-cambia-todo\/#\">este<img decoding=\"async\" src=\"http:\/\/savingswave-a.akamaihd.net\/items\/it\/img\/arrow-10x10.png\" alt=\"\" \/><\/a> planeta, los efectos del rozamiento producen un periodo estable de rotaci\u00f3n de 58 d\u00edas, que es justamente dos tercios de los 88 d\u00edas que constituyen el per\u00edodo de revoluci\u00f3n de Mercurio alrededor del Sol.<\/p>\n<p style=\"text-align: justify;\">Hay tantas cosas que aprender que el corto tiempo que se nos permite estar aqu\u00ed es totalmente insuficiente conocer todo lo que nos gustar\u00eda. \u00bfHay algo m\u00e1s penoso que la ignorancia? Continuemos pues aprendiendo cosas nuevas.<\/p>\n<\/div>\n<p>&nbsp;<\/p>\n<p><img decoding=\"async\" loading=\"lazy\" class=\"\" src=\"https:\/\/fotografias.lasexta.com\/clipping\/cmsimages01\/2016\/10\/30\/0235CF95-AED1-43A8-AA9F-1689DBE5EF0E\/69.jpg?crop=4935,2776,x0,y265&amp;width=1280&amp;height=720&amp;optimize=low&amp;format=webply\" alt=\"Qu\u00e9 tiene en com\u00fan que tu habitaci\u00f3n est\u00e9 desordenada con el fin del universo? Mucho\" width=\"700\" height=\"394\" \/><\/p>\n<p><strong>\u00a0 \u00a0 \u00a0 \u00a0 \u00a0 \u00a0 \u00a0 \u00a0 \u00a0 \u00a0 \u00a0 \u00a0 \u00a0 \u00a0 \u00a0 \u00a0 \u00a0 \u00a0 \u00a0 \u00a0 \u00a0 \u00a0Tambi\u00e9n esto es Entrop\u00eda (desastre)<\/strong><\/p>\n<div>\n<p style=\"text-align: justify;\">En alguna ocasi\u00f3n dej\u00e9 una rese\u00f1a de lo que se entiende por <em><a href=\"http:\/\/www.emiliosilveravazquez.com\/blog\/2014\/02\/05\/el-paso-del-tiempo-lo-cambia-todo\/#\"><a href=\"#\" onclick=\"referencia('entropia',event); return false;\">entrop\u00eda<\/a><\/a><\/em> y as\u00ed sabemos que la energ\u00eda s\u00f3lo <a id=\"_GPLITA_37\" title=\"Click to Continue &gt; by Savings Wave\" href=\"http:\/\/www.emiliosilveravazquez.com\/blog\/2014\/02\/05\/el-paso-del-tiempo-lo-cambia-todo\/#\">puede<img decoding=\"async\" src=\"http:\/\/savingswave-a.akamaihd.net\/items\/it\/img\/arrow-10x10.png\" alt=\"\" \/><\/a> ser convertida en cuando\u00a0\u00a0\u00a0 dentro del sistema concreto que se est\u00e9 utilizando, la concentraci\u00f3n de energ\u00eda no es uniforme. La energ\u00eda tiende entonces a fluir desde el punto de mayor concentraci\u00f3n al de menor concentraci\u00f3n, hasta establecer la uniformidad. La obtenci\u00f3n de <a id=\"_GPLITA_38\" title=\"Click to Continue &gt; by Savings Wave\" href=\"http:\/\/www.emiliosilveravazquez.com\/blog\/2014\/02\/05\/el-paso-del-tiempo-lo-cambia-todo\/#\">trabajo<img decoding=\"async\" src=\"http:\/\/savingswave-a.akamaihd.net\/items\/it\/img\/arrow-10x10.png\" alt=\"\" \/><\/a> a partir de energ\u00eda consiste precisamente en aprovechar este flujo.<\/p>\n<p style=\"text-align: justify;\">El agua de un r\u00edo est\u00e1 m\u00e1s alta y tiene m\u00e1s energ\u00eda gravitatoria en el manantial del que mana en lo alto de la monta\u00f1a y <a id=\"_GPLITA_39\" title=\"Click to Continue &gt; by Savings Wave\" href=\"http:\/\/www.emiliosilveravazquez.com\/blog\/2014\/02\/05\/el-paso-del-tiempo-lo-cambia-todo\/#\">menos<img decoding=\"async\" src=\"http:\/\/savingswave-a.akamaihd.net\/items\/it\/img\/arrow-10x10.png\" alt=\"\" \/><\/a> energ\u00eda en el llano en la desembocadura, donde fluye suave y tranquila. Por eso fluye el agua r\u00edo abajo el mar (si no fuese por la lluvia, todas las aguas continentales fluir\u00edan monta\u00f1a abajo <a id=\"_GPLITA_40\" title=\"Click to Continue &gt; by Savings Wave\" href=\"http:\/\/www.emiliosilveravazquez.com\/blog\/2014\/02\/05\/el-paso-del-tiempo-lo-cambia-todo\/#\">hasta<img decoding=\"async\" src=\"http:\/\/savingswave-a.akamaihd.net\/items\/it\/img\/arrow-10x10.png\" alt=\"\" \/><\/a> el mar y el nivel del oc\u00e9ano subir\u00eda ligeramente. La energ\u00eda gravitatoria total permanecer\u00eda igual, pero estar\u00eda distribuida con mayor uniformidad).<\/p>\n<p style=\"text-align: justify;\">Una rueda hidr\u00e1ulica gira gracias al agua que corre ladera abajo: ese agua <a id=\"_GPLITA_41\" title=\"Click to Continue &gt; by Savings Wave\" href=\"http:\/\/www.emiliosilveravazquez.com\/blog\/2014\/02\/05\/el-paso-del-tiempo-lo-cambia-todo\/#\">puede<img decoding=\"async\" src=\"http:\/\/savingswave-a.akamaihd.net\/items\/it\/img\/arrow-10x10.png\" alt=\"\" \/><\/a> realizar un trabajo porque crea energ\u00eda . El agua sobre una superficie horizontal no puede realizar <a id=\"_GPLITA_42\" title=\"Click to Continue &gt; by Savings Wave\" href=\"http:\/\/www.emiliosilveravazquez.com\/blog\/2014\/02\/05\/el-paso-del-tiempo-lo-cambia-todo\/#\">trabajo<img decoding=\"async\" src=\"http:\/\/savingswave-a.akamaihd.net\/items\/it\/img\/arrow-10x10.png\" alt=\"\" \/><\/a>, aunque est\u00e9 sobre una meseta muy alta y posea una energ\u00eda gravitatoria excepcional. El factor crucial es la diferencia en la concentraci\u00f3n de energ\u00eda y el flujo hacia la uniformidad.<\/p>\n<\/div>\n<p>&nbsp;<\/p>\n<p><img decoding=\"async\" src=\"https:\/\/ichef.bbci.co.uk\/ace\/ws\/640\/amz\/worldservice\/live\/assets\/images\/2011\/01\/17\/110117143659_oto7.jpg.webp\" alt=\"Foto: J. Henry Fair\/Cortes\u00eda: Galer\u00eda Gerald Peters.\" \/><\/p>\n<p>&nbsp;<\/p>\n<div>\n<blockquote>\n<p style=\"text-align: justify;\"><strong><a id=\"_GPLITA_43\" title=\"Click to Continue &gt; by Savings Wave\" href=\"http:\/\/www.emiliosilveravazquez.com\/blog\/2014\/02\/05\/el-paso-del-tiempo-lo-cambia-todo\/#\">Esta<img decoding=\"async\" src=\"http:\/\/savingswave-a.akamaihd.net\/items\/it\/img\/arrow-10x10.png\" alt=\"\" \/><\/a> imagen que lleva el de \u201cNoche cristalina\u201d fue tomada en abril de 2008 en la mina de R\u00edo Tinto, en (Huelva) Espa\u00f1a. Foto: J. Henry Fair\/Cortes\u00eda: Galer\u00eda Gerald Peters<\/strong><\/p>\n<\/blockquote>\n<p style=\"text-align: justify;\">Y lo mismo reza para cualquier clase de energ\u00eda. En las m\u00e1quinas de vapor hay un <a id=\"_GPLITA_44\" title=\"Click to Continue &gt; by Savings Wave\" href=\"http:\/\/www.emiliosilveravazquez.com\/blog\/2014\/02\/05\/el-paso-del-tiempo-lo-cambia-todo\/#\">dep\u00f3sito<img decoding=\"async\" src=\"http:\/\/savingswave-a.akamaihd.net\/items\/it\/img\/arrow-10x10.png\" alt=\"\" \/><\/a> de calor que convierte el agua en vapor, y otro dep\u00f3sito fr\u00edo que vuelve a condensar el vapor en agua. El factor decisivo es esta diferencia de temperatura. Trabajando a un mismo y \u00fanico nivel de temperatura no se puede extraer ning\u00fan , por muy alta que sea aquella.<\/p>\n<p style=\"text-align: justify;\">El t\u00e9rmino \u201c<a href=\"http:\/\/www.emiliosilveravazquez.com\/blog\/2014\/02\/05\/el-paso-del-tiempo-lo-cambia-todo\/#\"><a href=\"#\" onclick=\"referencia('entropia',event); return false;\">entrop\u00eda<\/a><\/a>\u201d lo introdujo el f\u00edsico alem\u00e1n Rudolf J. E. Clausius en 1.849 <a id=\"_GPLITA_45\" title=\"Click to Continue &gt; by Savings Wave\" href=\"http:\/\/www.emiliosilveravazquez.com\/blog\/2014\/02\/05\/el-paso-del-tiempo-lo-cambia-todo\/#\">para<img decoding=\"async\" src=\"http:\/\/savingswave-a.akamaihd.net\/items\/it\/img\/arrow-10x10.png\" alt=\"\" \/><\/a> representar el grado de uniformidad con que est\u00e1 distribuida la energ\u00eda, sea de la clase que sea. Cuanto m\u00e1s uniforme, mayor la <a href=\"http:\/\/www.emiliosilveravazquez.com\/blog\/2014\/02\/05\/el-paso-del-tiempo-lo-cambia-todo\/#\"><a href=\"#\" onclick=\"referencia('entropia',event); return false;\">entrop\u00eda<\/a><\/a>. Cuando la energ\u00eda est\u00e1 distribuida de manera perfectamente uniforme, la <a href=\"http:\/\/www.emiliosilveravazquez.com\/blog\/2014\/02\/05\/el-paso-del-tiempo-lo-cambia-todo\/#\"><a href=\"#\" onclick=\"referencia('entropia',event); return false;\">entrop\u00eda<\/a><\/a> es m\u00e1xima para el sistema en cuesti\u00f3n. El Tiempo, podr\u00edamos decir que es el portador de una compa\u00f1era que, como \u00e9l mismo, es inexorable. La <a href=\"http:\/\/www.emiliosilveravazquez.com\/blog\/2014\/02\/05\/el-paso-del-tiempo-lo-cambia-todo\/#\"><a href=\"#\" onclick=\"referencia('entropia',event); return false;\">entrop\u00eda<\/a><\/a> lo cambia todo y, en un Sistema cerrado (pongamos el Universo), la <a href=\"http:\/\/www.emiliosilveravazquez.com\/blog\/2014\/02\/05\/el-paso-del-tiempo-lo-cambia-todo\/#\"><a href=\"#\" onclick=\"referencia('entropia',event); return false;\">entrop\u00eda<\/a><\/a> siempre crece mientras que la energ\u00eda es <a id=\"_GPLITA_46\" title=\"Click to Continue &gt; by Savings Wave\" href=\"http:\/\/www.emiliosilveravazquez.com\/blog\/2014\/02\/05\/el-paso-del-tiempo-lo-cambia-todo\/#\">cada<img decoding=\"async\" src=\"http:\/\/savingswave-a.akamaihd.net\/items\/it\/img\/arrow-10x10.png\" alt=\"\" \/><\/a> vez menor. Todo se deteriora con el paso del tiempo.<\/p>\n<\/div>\n<p>&nbsp;<\/p>\n<p><img decoding=\"async\" src=\"https:\/\/ichef.bbci.co.uk\/ace\/ws\/640\/amz\/worldservice\/live\/assets\/images\/2011\/01\/17\/110117143655_oto5.jpg.webp\" alt=\"Foto: J. Henry Fair\/Cortes\u00eda: Galer\u00eda Gerald Peters.\" \/><\/p>\n<div>\n<p style=\"text-align: justify;\">Marzo de 2009, Carolina del Sur, Estados Unidos. Lo que vemos son los desechos de cenizas de carb\u00f3n en una planta generadora de electricidad. Foto: J. Henry Fair\/Cortes\u00eda: Galer\u00eda Gerald Peters. De la misma manera, en el Universo, se producen transiciones de fase que desembocan en el deterioro de los objetos que lo pueblan. Nunca ser\u00e1 lo mismo una estrella de 1\u00aa generaci\u00f3n que una de 3\u00aa y, el material del que est\u00e1n compuestas las \u00faltimas ser\u00e1n m\u00e1s complejos y <a id=\"_GPLITA_47\" title=\"Click to Continue &gt; by Savings Wave\" href=\"http:\/\/www.emiliosilveravazquez.com\/blog\/2014\/02\/05\/el-paso-del-tiempo-lo-cambia-todo\/#\">cada<img decoding=\"async\" src=\"http:\/\/savingswave-a.akamaihd.net\/items\/it\/img\/arrow-10x10.png\" alt=\"\" \/><\/a> vez, tendr\u00e1n menor posibilidad de convertirse en Nebulosas que sean capaces de crear nuevas estrellas.<\/p>\n<p style=\"text-align: justify;\">Clausius observ\u00f3 que cualquier diferencia de energ\u00eda dentro de un sistema tiende siempre a igualarse por s\u00ed sola. Si colocamos un objeto caliente junto a otro fr\u00edo, el calor fluye de manera que se transmite del caliente al fr\u00edo <a id=\"_GPLITA_48\" title=\"Click to Continue &gt; by Savings Wave\" href=\"http:\/\/www.emiliosilveravazquez.com\/blog\/2014\/02\/05\/el-paso-del-tiempo-lo-cambia-todo\/#\">hasta<img decoding=\"async\" src=\"http:\/\/savingswave-a.akamaihd.net\/items\/it\/img\/arrow-10x10.png\" alt=\"\" \/><\/a> que se igualan las temperaturas de ambos cuerpos. Si tenemos dos dep\u00f3sitos de agua comunicados s\u00ed y el nivel de uno de ellos es m\u00e1s alto que el otro, la atracci\u00f3n gravitatoria har\u00e1 que el primero baje y el segundo suba, hasta que ambos niveles se igualen y la energ\u00eda gravitatoria quede distribuida uniformemente.<\/p>\n<\/div>\n<p>&nbsp;<\/p>\n<p><img decoding=\"async\" src=\"https:\/\/www.ladobe.com.mx\/wp-content\/uploads\/2021\/08\/89db8a1f-47a0-9d0a-cd49-220dbfb23a13.gif\" alt=\"La Entrop\u00eda! con el paso del tiempo, aumenta en los sistemas cerrados (como  el Universo) : Blog de Emilio Silvera V.\" \/><\/p>\n<div>\n<p style=\"text-align: justify;\">\u00a0\u00a0\u00a0\u00a0\u00a0 Considerado Sistema Cerrado, la Entrop\u00eda no deja de aumentar en nuestro Universo a medida que el Tiempo transcurre<\/p>\n<p style=\"text-align: justify;\">Clausius afirm\u00f3, por tanto, que en la naturaleza era regla general que las diferencias en las concentraciones de energ\u00eda tend\u00edan a igualarse. O dicho de otra manera: <strong>que la <a href=\"http:\/\/www.emiliosilveravazquez.com\/blog\/2014\/02\/05\/el-paso-del-tiempo-lo-cambia-todo\/#\"><a href=\"#\" onclick=\"referencia('entropia',event); return false;\">entrop\u00eda<\/a><\/a> aumenta con el tiempo<\/strong>. El estudio del flujo de energ\u00eda <a id=\"_GPLITA_49\" title=\"Click to Continue &gt; by Savings Wave\" href=\"http:\/\/www.emiliosilveravazquez.com\/blog\/2014\/02\/05\/el-paso-del-tiempo-lo-cambia-todo\/#\">desde<img decoding=\"async\" src=\"http:\/\/savingswave-a.akamaihd.net\/items\/it\/img\/arrow-10x10.png\" alt=\"\" \/><\/a> puntos de alta concentraci\u00f3n a otros de baja concentraci\u00f3n se llev\u00f3 a cabo de modo especialmente complejo en relaci\u00f3n con la energ\u00eda t\u00e9rmica. Por eso, el estudio del flujo de energ\u00eda y de los intercambios de energ\u00eda y recibi\u00f3 el <a id=\"_GPLITA_50\" title=\"Click to Continue &gt; by Savings Wave\" href=\"http:\/\/www.emiliosilveravazquez.com\/blog\/2014\/02\/05\/el-paso-del-tiempo-lo-cambia-todo\/#\">nombre<img decoding=\"async\" src=\"http:\/\/savingswave-a.akamaihd.net\/items\/it\/img\/arrow-10x10.png\" alt=\"\" \/><\/a> de \u201c<em>termodin\u00e1mica<\/em>\u201d, que en griego significa \u201cmovimiento de calor\u201d.<\/p>\n<p style=\"text-align: justify;\">Con anterioridad se hab\u00eda llegado ya a la conclusi\u00f3n de que <strong>la energ\u00eda no pod\u00eda ser destruida ni creada<\/strong>. <a id=\"_GPLITA_51\" title=\"Click to Continue &gt; by Savings Wave\" href=\"http:\/\/www.emiliosilveravazquez.com\/blog\/2014\/02\/05\/el-paso-del-tiempo-lo-cambia-todo\/#\">Esta<img decoding=\"async\" src=\"http:\/\/savingswave-a.akamaihd.net\/items\/it\/img\/arrow-10x10.png\" alt=\"\" \/><\/a> regla es tan fundamental que se la denomina \u201cprimer principio de la termodin\u00e1mica\u201d. Sin embargo, cuando la <a href=\"http:\/\/www.emiliosilveravazquez.com\/blog\/2014\/02\/05\/el-paso-del-tiempo-lo-cambia-todo\/#\"><a href=\"#\" onclick=\"referencia('entropia',event); return false;\">entrop\u00eda<\/a><\/a> ataca, la energ\u00eda <a id=\"_GPLITA_52\" title=\"Click to Continue &gt; by Savings Wave\" href=\"http:\/\/www.emiliosilveravazquez.com\/blog\/2014\/02\/05\/el-paso-del-tiempo-lo-cambia-todo\/#\">puede<img decoding=\"async\" src=\"http:\/\/savingswave-a.akamaihd.net\/items\/it\/img\/arrow-10x10.png\" alt=\"\" \/><\/a> quedar congelada e inservible. La idea sugerida por Clausius de que <strong>la <a href=\"http:\/\/www.emiliosilveravazquez.com\/blog\/2014\/02\/05\/el-paso-del-tiempo-lo-cambia-todo\/#\"><a href=\"#\" onclick=\"referencia('entropia',event); return false;\">entrop\u00eda<\/a><\/a> aumenta con el tiempo<\/strong> es una regla general no <a id=\"_GPLITA_53\" title=\"Click to Continue &gt; by Savings Wave\" href=\"http:\/\/www.emiliosilveravazquez.com\/blog\/2014\/02\/05\/el-paso-del-tiempo-lo-cambia-todo\/#\">menos<img decoding=\"async\" src=\"http:\/\/savingswave-a.akamaihd.net\/items\/it\/img\/arrow-10x10.png\" alt=\"\" \/><\/a> b\u00e1sica, y que denomina \u201csegundo principio de la termodin\u00e1mica.\u201d<\/p>\n<p style=\"text-align: justify;\">Seg\u00fan <a id=\"_GPLITA_54\" title=\"Click to Continue &gt; by Savings Wave\" href=\"http:\/\/www.emiliosilveravazquez.com\/blog\/2014\/02\/05\/el-paso-del-tiempo-lo-cambia-todo\/#\">este<img decoding=\"async\" src=\"http:\/\/savingswave-a.akamaihd.net\/items\/it\/img\/arrow-10x10.png\" alt=\"\" \/><\/a> segundo principio, la <a href=\"http:\/\/www.emiliosilveravazquez.com\/blog\/2014\/02\/05\/el-paso-del-tiempo-lo-cambia-todo\/#\"><a href=\"#\" onclick=\"referencia('entropia',event); return false;\">entrop\u00eda<\/a><\/a> aumenta constantemente, lo cual significa que las diferencias en la concentraci\u00f3n de energ\u00eda tambi\u00e9n van despareciendo. Cuando todas las diferencias en la concentraci\u00f3n de energ\u00eda se han igualado por completo, no se puede extraer m\u00e1s , ni pueden producirse cambios.<\/p>\n<blockquote>\n<p style=\"text-align: justify;\"><strong>\u00bfEst\u00e1 degrad\u00e1ndose el universo?<\/strong><\/p>\n<\/blockquote>\n<p>&nbsp;<\/p>\n<p style=\"text-align: justify;\"><a href=\"http:\/\/www.google.es\/imgres?imgurl=http%3A%2F%2Fwww.astroyciencia.com%2Fwp-content%2Fuploads%2F2008%2F11%2Fprecambrico.jpg&amp;imgrefurl=http%3A%2F%2Fwww.astroyciencia.com%2F2008%2F11%2F12%2Feras-geologicas-de-la-tierra%2F&amp;docid=xdDJUCsRzjnoqM&amp;tbnid=0RPWv8BWc6C1WM&amp;w=350&amp;h=228&amp;ei=dOtHUa7cNIWjtAbmo4HICQ&amp;ved=0CAMQxiAwAQ&amp;iact=rics\" data-target-tbnid=\"Er3QdeKvMUYQIM:\" data-ved=\"0CAMQxiAwAQ\" data-item-id=\"0RPWv8BWc6C1WM\"><img decoding=\"async\" loading=\"lazy\" class=\"\" src=\"https:\/\/www.gemini.edu\/images\/pio\/News\/2020\/pr2020_02\/fig1.jpg\" alt=\"Est\u00e1 degrad\u00e1ndose el Universo? : Blog de Emilio Silvera V.\" width=\"676\" height=\"526\" \/><img decoding=\"async\" src=\"http:\/\/t1.gstatic.com\/images?q=tbn:ANd9GcTclS49HRVp2dElZu9iS__nX9yHxjMdfzjc8zTobmVPYrTTgpqi\" alt=\"\" \/><\/a><\/p>\n<\/div>\n<p><strong>Bueno, el universo como sistema cerrado y por acci\u00f3n de la Entrop\u00eda, s\u00ed se est\u00e1 degradando<\/strong><\/p>\n<div>\n<p style=\"text-align: justify;\">Bueno, todos sabemos que el Universo evoluciona y, como todo, con el paso del tiempo cambia. Lo que hoy es, ma\u00f1ana no ser\u00e1. Existe una peque\u00f1a ecuaci\u00f3n: \u00a0 <strong>S = k log W<\/strong> que, aunque peque\u00f1a y sencilla, es la mayor aportaci\u00f3n de Boltzmann y una de las ecuaciones m\u00e1s importantes de la F\u00edsica. El significado de las tres letras que aparecen (aparte la notaci\u00f3n <a id=\"_GPLITA_55\" title=\"Click to Continue &gt; by Savings Wave\" href=\"http:\/\/www.emiliosilveravazquez.com\/blog\/2014\/02\/05\/el-paso-del-tiempo-lo-cambia-todo\/#\">para<img decoding=\"async\" src=\"http:\/\/savingswave-a.akamaihd.net\/items\/it\/img\/arrow-10x10.png\" alt=\"\" \/><\/a> el logaritmo es el siguiente: S es la <a href=\"http:\/\/www.emiliosilveravazquez.com\/blog\/2014\/02\/05\/el-paso-del-tiempo-lo-cambia-todo\/#\"><a href=\"#\" onclick=\"referencia('entropia',event); return false;\">entrop\u00eda<\/a><\/a> de un Sistema; W el <a id=\"_GPLITA_56\" title=\"Click to Continue &gt; by Savings Wave\" href=\"http:\/\/www.emiliosilveravazquez.com\/blog\/2014\/02\/05\/el-paso-del-tiempo-lo-cambia-todo\/#\">n\u00famero<img decoding=\"async\" src=\"http:\/\/savingswave-a.akamaihd.net\/items\/it\/img\/arrow-10x10.png\" alt=\"\" \/><\/a> de microestados posibles de sus part\u00edculas elementales y k una constante de proporcionalidad que hoy d\u00eda recibe el de constante de Boltzmann y cuyo valor es k = 1,3805 x 10<sup>-23<\/sup> J(K (si el logaritmo se toma en base natural). En esta breve ecuaci\u00f3n se encierra la conexi\u00f3n <a id=\"_GPLITA_57\" title=\"Click to Continue &gt; by Savings Wave\" href=\"http:\/\/www.emiliosilveravazquez.com\/blog\/2014\/02\/05\/el-paso-del-tiempo-lo-cambia-todo\/#\">entre<img decoding=\"async\" src=\"http:\/\/savingswave-a.akamaihd.net\/items\/it\/img\/arrow-10x10.png\" alt=\"\" \/><\/a> el micro-mundo y el macro-mundo, y por ella se reconoce a Boltzmann como el padre de la rama de la F\u00edsica conocida como Mec\u00e1nica Estad\u00edstica.<\/p>\n<p style=\"text-align: justify;\"><strong>Pero esa, es otra historia.<\/strong><\/p>\n<p style=\"text-align: justify;\"><strong>Emilio Silvera V\u00e1zquez<\/strong><\/p>\n<\/div>\n<div class='bookmark'>\r\n\t\t<table align='left' border='0' cellpadding='0' width='100%'>\r\n\t\t<tr><td><span class='pushbutton'><a href='http:\/\/delicious.com\/post?url=http%3A%2F%2Fwww.emiliosilveravazquez.com%2Fblog%2F2025%2F12%2F13%2Fel-paso-del-tiempo-lo-cambia-todo-9%2F&amp;title=El+paso+del+Tiempo+lo+cambia+todo' title='Delicious' target='_blank' rel='nofollow'><img src='http:\/\/www.emiliosilveravazquez.com\/blog\/wp-content\/plugins\/knxdt-bookmarks-wordpress-plugin\/images\/delicious.png'  alt='' class='book_img' border='none' style='margin:1px; padding: 0;'  \/><\/a><\/span><span class='pushbutton'><a href='http:\/\/digg.com\/submit?url=http%3A%2F%2Fwww.emiliosilveravazquez.com%2Fblog%2F2025%2F12%2F13%2Fel-paso-del-tiempo-lo-cambia-todo-9%2F&amp;title=El+paso+del+Tiempo+lo+cambia+todo' title='Digg' target='_blank' rel='nofollow'><img src='http:\/\/www.emiliosilveravazquez.com\/blog\/wp-content\/plugins\/knxdt-bookmarks-wordpress-plugin\/images\/digg.png'  alt='' class='book_img' border='none' style='margin:1px; padding: 0;'  \/><\/a><\/span><span class='pushbutton'><a href='http:\/\/www.google.com\/bookmarks\/mark?op=edit&amp;bkmk=http%3A%2F%2Fwww.emiliosilveravazquez.com%2Fblog%2F2025%2F12%2F13%2Fel-paso-del-tiempo-lo-cambia-todo-9%2F&amp;title=El+paso+del+Tiempo+lo+cambia+todo' title='Google' target='_blank' rel='nofollow'><img src='http:\/\/www.emiliosilveravazquez.com\/blog\/wp-content\/plugins\/knxdt-bookmarks-wordpress-plugin\/images\/google.png'   alt='' class='book_img' border='none' style='margin:1px; padding: 0;'  \/><\/a><\/span><span class='pushbutton'><a href='http:\/\/myweb2.search.yahoo.com\/myresults\/bookmarklet?u=http%3A%2F%2Fwww.emiliosilveravazquez.com%2Fblog%2F2025%2F12%2F13%2Fel-paso-del-tiempo-lo-cambia-todo-9%2F&amp;t=El+paso+del+Tiempo+lo+cambia+todo' title='Yahoo' target='_blank' rel='nofollow'><img src='http:\/\/www.emiliosilveravazquez.com\/blog\/wp-content\/plugins\/knxdt-bookmarks-wordpress-plugin\/images\/yahoo.png'  alt='' class='book_img' border='none' style='margin:1px; padding: 0;'  \/><\/a><\/span><span class='pushbutton'><a href='http:\/\/www.technorati.com\/faves?add=http%3A%2F%2Fwww.emiliosilveravazquez.com%2Fblog%2F2025%2F12%2F13%2Fel-paso-del-tiempo-lo-cambia-todo-9%2F' title='Technorati' target='_blank' rel='nofollow'><img src='http:\/\/www.emiliosilveravazquez.com\/blog\/wp-content\/plugins\/knxdt-bookmarks-wordpress-plugin\/images\/technorati.png'  alt='' class='book_img' border='none' style='margin:1px; padding: 0;'  \/><\/a><\/span><span class='pushbutton'><a href='http:\/\/meneame.net\/submit.php?url=http%3A%2F%2Fwww.emiliosilveravazquez.com%2Fblog%2F2025%2F12%2F13%2Fel-paso-del-tiempo-lo-cambia-todo-9%2F' title='Meneame' target='_blank' rel='nofollow'><img src='http:\/\/www.emiliosilveravazquez.com\/blog\/wp-content\/plugins\/knxdt-bookmarks-wordpress-plugin\/images\/meneame.png'  alt='' class='book_img' border='none' style='margin:1px; padding: 0;'  \/><\/a><\/span><span class='pushbutton'><a href='http:\/\/enchilame.com\/submit.php?url=http:\/\/www.emiliosilveravazquez.com\/blog\/2025\/12\/13\/el-paso-del-tiempo-lo-cambia-todo-9\/' target='_blank' rel='nofollow'><img title='Enchilame' src='http:\/\/www.emiliosilveravazquez.com\/blog\/wp-content\/plugins\/knxdt-bookmarks-wordpress-plugin\/images\/enchilame.png'  alt='' class='book_img' border='none' style='margin:1px; padding: 0;'  \/><\/a><\/span><span class='pushbutton'><a href='http:\/\/www.blinklist.com\/index.php?Action=Blink\/addblink.php&amp;Description=&amp;Url=http%3A%2F%2Fwww.emiliosilveravazquez.com%2Fblog%2F2025%2F12%2F13%2Fel-paso-del-tiempo-lo-cambia-todo-9%2F&amp;title=El+paso+del+Tiempo+lo+cambia+todo' title='BlinkList' target='_blank' rel='nofollow'><img src='http:\/\/www.emiliosilveravazquez.com\/blog\/wp-content\/plugins\/knxdt-bookmarks-wordpress-plugin\/images\/blinklist.png'  alt='' class='book_img' border='none' style='margin:1px; padding: 0;'  \/><\/a><\/span><span class='pushbutton'><a href='http:\/\/reddit.com\/submit?url=http%3A%2F%2Fwww.emiliosilveravazquez.com%2Fblog%2F2025%2F12%2F13%2Fel-paso-del-tiempo-lo-cambia-todo-9%2F&amp;title=El+paso+del+Tiempo+lo+cambia+todo' title='Reddit' target='_blank' rel='nofollow'><img src='http:\/\/www.emiliosilveravazquez.com\/blog\/wp-content\/plugins\/knxdt-bookmarks-wordpress-plugin\/images\/reddit.png'  alt='' class='book_img' border='none' style='margin:1px; padding: 0;'  \/><\/a><\/span><span class='pushbutton'><a href='http:\/\/www.tecnologiadiaria.com\/2009\/07\/abrir-com-hotmail-correo.html' target='_blank' title='hotmail'><img src='http:\/\/www.emiliosilveravazquez.com\/blog\/wp-content\/plugins\/knxdt-bookmarks-wordpress-plugin\/images\/linklove.png' alt='hotmail correo' class='book_img' border='none' style='margin:1px; padding: 0;' \/><\/a><\/span><span class='pushbutton'><a href='http:\/\/bitacoras.com\/votar\/anotacion\/externo\/mini\/www.emiliosilveravazquez.com\/blog\/2025\/12\/13\/el-paso-del-tiempo-lo-cambia-todo-9\/' title='Bitacoras.com' target='_blank' rel='nofollow'><img src='http:\/\/www.emiliosilveravazquez.com\/blog\/wp-content\/plugins\/knxdt-bookmarks-wordpress-plugin\/images\/bitacoras.png'  alt='' class='book_img' border='none' style='margin:1px; padding: 0;'  \/><\/a><\/span><span class='pushbutton'><a href='http:\/\/www.wikio.es\/vote?url=http%3A%2F%2Fwww.emiliosilveravazquez.com%2Fblog%2F2025%2F12%2F13%2Fel-paso-del-tiempo-lo-cambia-todo-9%2F' title='Wikio' target='_blank' rel='nofollow'><img src='http:\/\/www.emiliosilveravazquez.com\/blog\/wp-content\/plugins\/knxdt-bookmarks-wordpress-plugin\/images\/wikio.png'   alt='' class='book_img' border='none' style='margin:1px; padding: 0;'   \/><\/a><\/span><span class='pushbutton'><a href='http:\/\/friendfeed.com\/?url=http%3A%2F%2Fwww.emiliosilveravazquez.com%2Fblog%2F2025%2F12%2F13%2Fel-paso-del-tiempo-lo-cambia-todo-9%2F&amp;title=El+paso+del+Tiempo+lo+cambia+todo' title='Friend Feed' target='_blank' rel='nofollow'><img src='http:\/\/www.emiliosilveravazquez.com\/blog\/wp-content\/plugins\/knxdt-bookmarks-wordpress-plugin\/images\/friendfeed.png'  alt='' class='book_img' border='none' style='margin:1px; padding: 0;'  \/><\/a><\/span><span class='pushbutton'><a href='http:\/\/www.facebook.com\/share.php?u=http%3A%2F%2Fwww.emiliosilveravazquez.com%2Fblog%2F2025%2F12%2F13%2Fel-paso-del-tiempo-lo-cambia-todo-9%2F&amp;t=El+paso+del+Tiempo+lo+cambia+todo' title='Facebook' target='_blank' rel='nofollow'><img src='http:\/\/www.emiliosilveravazquez.com\/blog\/wp-content\/plugins\/knxdt-bookmarks-wordpress-plugin\/images\/facebook.png'  alt='' class='book_img' border='none' style='margin:1px; padding: 0;'  \/><\/a><\/span><span class='pushbutton'><a href='http:\/\/twitter.com\/home?status=El+paso+del+Tiempo+lo+cambia+todo: http%3A%2F%2Fwww.emiliosilveravazquez.com%2Fblog%2F2025%2F12%2F13%2Fel-paso-del-tiempo-lo-cambia-todo-9%2F' title='Twitter' target='_blank' rel='nofollow'><img src='http:\/\/www.emiliosilveravazquez.com\/blog\/wp-content\/plugins\/knxdt-bookmarks-wordpress-plugin\/images\/twitter.png'  alt='' class='book_img' border='none' style='margin:1px; padding: 0;'  \/><\/a><\/span><span class='pushbutton'><a href='http:\/\/www.feedburner.com\/fb\/a\/emailFlare?itemTitle=El+paso+del+Tiempo+lo+cambia+todo&amp;uri=http%3A%2F%2Fwww.emiliosilveravazquez.com%2Fblog%2F2025%2F12%2F13%2Fel-paso-del-tiempo-lo-cambia-todo-9%2F' title='Enviar por Email' target='_blank' rel='nofollow'><img src='http:\/\/www.emiliosilveravazquez.com\/blog\/wp-content\/plugins\/knxdt-bookmarks-wordpress-plugin\/images\/email.png'  alt='' class='book_img' border='none' style='margin:1px; padding: 0;'  \/><\/a><\/span><span style='font-weight:bold; padding-left: 5px;'><a href='http:\/\/wordpress.org\/extend\/plugins\/knxdt-bookmarks-wordpress-plugin\/' title='Plugin' rel='nofollow' target='_blank'>[?]<\/a><\/span><\/td><\/tr><\/table><br\/><br\/><\/div>","protected":false},"excerpt":{"rendered":"<p>\u00a0\u00bfLa Mec\u00e1nica cu\u00e1ntica? \u00a1Extra\u00f1o \u201cmundo\u201d! &nbsp; &nbsp; La condensaci\u00f3n Bose-Einstein es de importancia fundamental para explicar el fen\u00f3meno de la super-fluidez. A temperaturas muy bajas (del orden de 2\u00d710-7 K) se puede formar un condensado de Bose-Einstein, en el que varios miles de \u00e1tomos forman una \u00fanica entidad (un super-\u00e1tomo). Este efecto ha sido observado [&hellip;]<\/p>\n","protected":false},"author":2,"featured_media":0,"comment_status":"open","ping_status":"open","sticky":false,"template":"","format":"standard","meta":{"_s2mail":"yes","footnotes":""},"categories":[178],"tags":[],"_links":{"self":[{"href":"http:\/\/www.emiliosilveravazquez.com\/blog\/wp-json\/wp\/v2\/posts\/16511"}],"collection":[{"href":"http:\/\/www.emiliosilveravazquez.com\/blog\/wp-json\/wp\/v2\/posts"}],"about":[{"href":"http:\/\/www.emiliosilveravazquez.com\/blog\/wp-json\/wp\/v2\/types\/post"}],"author":[{"embeddable":true,"href":"http:\/\/www.emiliosilveravazquez.com\/blog\/wp-json\/wp\/v2\/users\/2"}],"replies":[{"embeddable":true,"href":"http:\/\/www.emiliosilveravazquez.com\/blog\/wp-json\/wp\/v2\/comments?post=16511"}],"version-history":[{"count":0,"href":"http:\/\/www.emiliosilveravazquez.com\/blog\/wp-json\/wp\/v2\/posts\/16511\/revisions"}],"wp:attachment":[{"href":"http:\/\/www.emiliosilveravazquez.com\/blog\/wp-json\/wp\/v2\/media?parent=16511"}],"wp:term":[{"taxonomy":"category","embeddable":true,"href":"http:\/\/www.emiliosilveravazquez.com\/blog\/wp-json\/wp\/v2\/categories?post=16511"},{"taxonomy":"post_tag","embeddable":true,"href":"http:\/\/www.emiliosilveravazquez.com\/blog\/wp-json\/wp\/v2\/tags?post=16511"}],"curies":[{"name":"wp","href":"https:\/\/api.w.org\/{rel}","templated":true}]}}