{"id":16294,"date":"2024-08-03T07:51:32","date_gmt":"2024-08-03T06:51:32","guid":{"rendered":"http:\/\/www.emiliosilveravazquez.com\/blog\/?p=16294"},"modified":"2024-08-03T07:51:20","modified_gmt":"2024-08-03T06:51:20","slug":"%c2%bfel-primer-contacto-%c2%a1tendra-que-esperar-5","status":"publish","type":"post","link":"http:\/\/www.emiliosilveravazquez.com\/blog\/2024\/08\/03\/%c2%bfel-primer-contacto-%c2%a1tendra-que-esperar-5\/","title":{"rendered":"\u00bfEl primer contacto? \u00a1Tendr\u00e1 que esperar!"},"content":{"rendered":"<div style=\"text-align: justify;\"><img decoding=\"async\" loading=\"lazy\" class=\"\" src=\"https:\/\/i.pinimg.com\/564x\/91\/49\/28\/914928e75c413cd8ecc650907548be58.jpg\" alt=\"60 im\u00e1genes de naturaleza asombrosa | Beautiful nature ...\" width=\"389\" height=\"392\" \/><img decoding=\"async\" loading=\"lazy\" class=\"\" src=\"https:\/\/encrypted-tbn0.gstatic.com\/images?q=tbn:ANd9GcT6mRu2H5RPSf0SZR9uJFkwJfn7U-iDzm6PP0sl4t0fejjjqwB9jNvlxp1SEAstpP2yiR8&amp;usqp=CAU\" alt=\"Los paisajes mas asombrosos del planeta tierra - La naturaleza, el mejor  artista! \u2764\ufe0f | Facebook\" width=\"314\" height=\"393\" \/><img decoding=\"async\" loading=\"lazy\" class=\"\" src=\"https:\/\/i.pinimg.com\/736x\/21\/de\/2d\/21de2d55cc1f0986edd0fa039999f730.jpg\" alt=\"lealtad Fragua Tranquilidad imagenes asombrosas de la naturaleza Vergonzoso  Migraci\u00f3n Estudiante\" width=\"705\" height=\"993\" \/><img decoding=\"async\" loading=\"lazy\" class=\"\" src=\"https:\/\/e0.pxfuel.com\/wallpapers\/795\/111\/desktop-wallpaper-nature-video-collection-amazing-nature-for-breathtaking-nature.jpg\" alt=\"Colecci\u00f3n de videos de naturaleza. Naturaleza asombrosa para, Naturaleza  impresionante fondo de pantalla | Pxfuel\" width=\"500\" height=\"281\" \/><img decoding=\"async\" loading=\"lazy\" class=\"\" src=\"https:\/\/i.pinimg.com\/564x\/a9\/6a\/7d\/a96a7d888f0f4498edd29aa3d31b3915.jpg\" alt=\"Pin page\" width=\"217\" height=\"279\" \/><img decoding=\"async\" loading=\"lazy\" class=\"\" src=\"https:\/\/media.istockphoto.com\/id\/1130795690\/es\/foto\/amazing-aurora-borealis-luces-del-norte-vista-desde-la-costa-en-oldervik-cerca-de-la-ciudad-de.webp?b=1&amp;s=170667a&amp;w=0&amp;k=20&amp;c=7hx9IEyTig-wHjQe9jslD5hnnUTY076TAI7-CMJGx5w=\" alt=\"Im\u00e1genes de Naturaleza Asombrosa | Descarga im\u00e1genes ...\" width=\"716\" height=\"478\" \/><\/div>\n<blockquote>\n<h3 style=\"text-align: justify;\">Ser\u00eda interminable el poner aqu\u00ed todos los escenarios que en los distintos rincones de la Tierra podr\u00edamos contemplar. Estas son una muestra de la asombrosa diversidad que nos ofrece.<\/h3>\n<p>&nbsp;<\/p>\n<p>https:\/\/youtu.be\/qvDiJ369z4s<\/p><\/blockquote>\n<div>\n<div style=\"text-align: justify;\">\n<h2>\u00a0Im\u00e1genes que confirman lo asombroso de la Naturaleza. \u00bfUna raya voladora?<\/h2>\n<p><img decoding=\"async\" loading=\"lazy\" class=\"\" src=\"https:\/\/i.imgur.com\/FdNVAsp.png\" width=\"812\" height=\"119\" \/><\/p>\n<h2><a href=\"http:\/\/www.emiliosilveravazquez.com\/blog\/2013\/11\/22\/la-naturaleza-siempre-asombrosa\/\" rel=\"prev\">La Naturaleza, siempre asombrosa<\/a><\/h2>\n<p>&nbsp;<\/p>\n<p><strong>Nunca podremos saber lo que nos espera en el ma\u00f1ana<\/strong><\/p>\n<\/div>\n<\/div>\n<p style=\"text-align: justify;\">\n<p><img decoding=\"async\" loading=\"lazy\" class=\"\" src=\"https:\/\/plugins-media.makeupar.com\/smb\/blog\/post\/2021-08-20\/3f4a5e5e-cea9-4a02-9437-7d312d4a9a40.jpg\" alt=\"Ahora con YouCam Makeup puedes envejecer tu rostro de manera segura y verte tu como anciano\" width=\"652\" height=\"367\" \/><img decoding=\"async\" loading=\"lazy\" class=\"\" src=\"https:\/\/i0.wp.com\/astrogredos.com\/wp-content\/uploads\/2016\/10\/ciclo-de-vida-de-una-estrella.jpg?resize=570%2C320&amp;ssl=1\" alt=\"Estrellas, que son y como evolucionan. \u2013 Astro Gredos\" width=\"652\" height=\"366\" \/><\/p>\n<p>&nbsp;<\/p>\n<div>\n<div>\n<p style=\"text-align: justify;\">\u00a0 \u00a0 \u00a0 \u00a0 \u00a0 \u00a0 \u00a0 \u00a0<strong> \u00a0\u00a0\u00a0\u00a0\u00a0\u00a0 Todo cambia en el universo, nosotros y las estrellas. Hoy somos de una manera y, ma\u00f1ana de otra<\/strong><\/p>\n<p>&nbsp;<\/p>\n<blockquote><p><img decoding=\"async\" loading=\"lazy\" class=\"\" src=\"https:\/\/media.lacapital.com.ar\/adjuntos\/204\/imagenes\/010\/317\/0010317594.gif\" alt=\"As\u00ed se mueve el sistema solar en el espacio\" width=\"427\" height=\"240\" \/><img decoding=\"async\" src=\"https:\/\/i.gifer.com\/6Jh.gif\" alt=\"GIF amazing asombroso universo espacio - GIF animado en GIFER - de  Gavinragda\" \/><\/p>\n<p>&nbsp;<\/p>\n<p style=\"text-align: justify;\">Todo se mueve en el espacio . Nada se encuentra quieto en lugar alguno del Cosmos.\u00a0<b>Para que el Universo siga existiendo nada puede detenerse jam\u00e1s en ning\u00fan sitio<\/b>. Por esta causa, todo cambia permanentemente.<\/p>\n<\/blockquote>\n<\/div>\n<\/div>\n<p>&nbsp;<\/p>\n<p><img decoding=\"async\" loading=\"lazy\" class=\"\" src=\"https:\/\/encrypted-tbn0.gstatic.com\/images?q=tbn:ANd9GcQul0JEFna-HSosyQpjYy70nkLTj6wlNGRzgw&amp;s\" alt=\"Esto es lo que puede ense\u00f1arte un mentor m\u00e1s joven - Forbes Espa\u00f1a\" width=\"482\" height=\"270\" \/><\/p>\n<p><strong>De joven crees que lo sabe todo, y, de mayor sabes lo mucho que ignoras<\/strong><\/p>\n<div>\n<div>\n<blockquote>\n<p style=\"text-align: justify;\"><b>Las personalidades cambian naturalmente con el curso del tiempo, a trav\u00e9s de las experiencias y las relaciones<\/b>. Los cerebros tambi\u00e9n pueden cambiar, pero ese proceso con frecuencia requiere un arduo trabajo y, fundamentalmente, la creencia de que ellos pueden realmente cambiar.<\/p>\n<p>&nbsp;<\/p><\/blockquote>\n<\/div>\n<\/div>\n<p><img decoding=\"async\" loading=\"lazy\" class=\"\" src=\"https:\/\/static.eldiario.es\/clip\/5558cbd3-0250-437b-99ab-e1e78fdd891b_16-9-discover-aspect-ratio_default_0.jpg\" alt=\"C\u00f3mo ha evolucionado la moda desde el siglo 20\" width=\"326\" height=\"183\" \/><img decoding=\"async\" loading=\"lazy\" class=\"\" src=\"https:\/\/conglamour.es\/wp-content\/uploads\/2021\/11\/PORTADA-100-ANOS-MUJER.png\" alt=\"100 a\u00f1os de la moda femenina - ConGlamour\" width=\"548\" height=\"183\" \/><\/p>\n<p>&nbsp;<\/p>\n<div>\n<div>\n<p style=\"text-align: justify;\">En temas cient\u00edficos controvertidos de los que se tienen pocos datos emp\u00edricos, las opciones cambian constantemente, c<strong>omo si de la moda femenina<\/strong> se tratara. La falda se lleva larga durante una d\u00e9cada y, ahora cambiamos a la falda corta, muy corta para las m\u00e1s jovencitas y, de esa manera se va de arriba abajo. De la misma manera pasa con los temas cient\u00edficos cuando no se tienen nociones certeras sobre ellos y, hubo un tiempo en el que se cre\u00eda que los planetas eran raros en el Universo. Para ello, los cient\u00edicos se basaban en que la Tierra era el fruto de una colisi\u00f3n improbable o un acercamiento excesivo entre dos soles.<\/p>\n<p style=\"text-align: justify;\">Cuando no se sabe, se especula y se emiten teor\u00edas que no siempre son las m\u00e1s acertadas. Con toda probabilidad (cre\u00edan), la vida en el Cosmos estaba supeditada a nuestro Sistema solar, tal vez solamente a la Tierra -cosa que a\u00fan hoy, creen algunos \u201ccient\u00edficos\u201d de pocas luces-. Sin embargo, las opiniones m\u00e1s autorizadas, se han decantado hacia el extremo contrario, es decir, que la vida, prolifera por el Cosmos al igual que los planetas, las estrellas y las galaxias.<\/p>\n<\/div>\n<\/div>\n<p>&nbsp;<\/p>\n<p><img decoding=\"async\" src=\"https:\/\/d7lju56vlbdri.cloudfront.net\/var\/ezwebin_site\/storage\/images\/_aliases\/seo\/noticias\/indicios-de-un-segundo-planeta-alrededor-de-la-estrella-mas-cercana-al-sistema-solar\/7882937-1-esl-MX\/Indicios-de-un-segundo-planeta-alrededor-de-la-estrella-mas-cercana-al-sistema-solar.jpg\" alt=\"Indicios-de-un-segundo-planeta-alrededor-de-la-estrella-mas-cercana-al- sistema-solar\" \/><\/p>\n<p>&nbsp;<\/p>\n<div>\n<p style=\"text-align: justify;\">Ahora sabemos que los planetas son comunes y su presencia alrededor de las estrellas es de lo m\u00e1s corriente y natural en el proceso de de los astros y los diversos objetos que los orbitan. Los planetas proliferan tanto y son tan comunes que se exhiben a\u00a0 miles de millones -solamente en nuestra propia galaxia- alrededor de sus estrellas rutilantes que les env\u00eda luz y calor para que, en aquellos que tengan las precisas condiciones, pueda surgir alguna clase de vida y, en algunos casos, alcanzaran la consciencia como lo hicimos aqu\u00ed en la Tierra.<\/p>\n<p>&nbsp;<\/p>\n<p style=\"text-align: justify;\"><img decoding=\"async\" loading=\"lazy\" src=\"http:\/\/www.hablandodeciencia.com\/articulos\/wp-content\/uploads\/FrankDrake-300x218.jpg\" alt=\"\" width=\"300\" height=\"218\" \/><img decoding=\"async\" loading=\"lazy\" class=\"\" src=\"https:\/\/encrypted-tbn0.gstatic.com\/images?q=tbn:ANd9GcSWW8AEhn80-Fige0n0ZgYtqiXGONZMSpYKZg&amp;s\" alt=\"SETI: en busca de inteligencia extraterrestre - visi\u00f3n prospectiva\" width=\"328\" height=\"218\" \/><\/p>\n<p>&nbsp;<\/p>\n<p style=\"text-align: justify;\">Bajo esa hip\u00f3tesis se inici\u00f3 <strong>el Proyecto Ozma<\/strong> y se instal\u00f3 un\u00a0 poderoso radiotelescopio en Green Bank, Virginia Occidental, apuntando hacia diversos soles de la Galaxia en una b\u00fasqueda sistem\u00e1tica\u00a0 de mensajes de radio procedentes e otros mundos. Frank Drake, el radioastr\u00f3nomo, fue, desde siempre un admirador de L. Frank Baum y sus de Oz. Bautiz\u00f3 el Proyecto con el nombre de Ozma, el soberano de la utop\u00eda m\u00edtica de Baum. La localizaci\u00f3n de Oz es desconocida. Sus habitantes son \u201chumanoides\u201d, pero no necesariamente \u201cgente de carne y hueso\u201d como nosotros (como el Le\u00f1ador de Hojalata y el Espantap\u00e1jaros), Adem\u00e1s Oz est\u00e1 rodeado por el infranqueable Desierto de la Muerte, que destruye a todo aquel que intente tocar un solo grano de su arena.<\/p>\n<\/div>\n<p style=\"text-align: justify;\">\n<p><img decoding=\"async\" loading=\"lazy\" class=\"\" src=\"https:\/\/lamanodelextranjero.com\/wp-content\/uploads\/2013\/03\/oz-un-mundo-fantstico_thumb.jpg?w=284&amp;h=424\" alt=\"Oz, un mundo fant\u00e1stico\" width=\"230\" height=\"343\" \/><img decoding=\"async\" loading=\"lazy\" class=\"\" src=\"https:\/\/lamanodelextranjero.com\/wp-content\/uploads\/2013\/03\/el-artilugio-volador_thumb.jpg?w=373&amp;h=254\" alt=\"El artilugio volador\" width=\"508\" height=\"346\" \/><\/p>\n<p><strong>El mago de Oz<\/strong><\/p>\n<div>\n<p style=\"text-align: justify;\">Siempre hemos imaginados mundos \u00bfimposible?, o, seguramente intuitivos, toda vez que algo dentro de nuestras mentes nos dec\u00eda que ah\u00ed fuera, podr\u00edan estar esos mundos imaginarios. La realidad es a veces mucho m\u00e1s compleja de lo que podamos imaginar. Uno de los personajes de Baum, el Rey Gnomo, tiene un sirviente llamado Oidor Orejudo. Las orejas de este \u201cgnomo\u201d miden metros. Si coloca una de ellas sobre el suelo puede oir sonidos que se producen a miles de kil\u00f3metros.<\/p>\n<p>&nbsp;<\/p>\n<\/div>\n<p style=\"text-align: justify;\"><img decoding=\"async\" src=\"https:\/\/comunicaciencia.bsm.upf.edu\/wp-content\/uploads\/2023\/11\/ciudad-verca-licenciable-1.jpg\" alt=\"Ser\u00e1n las ciudades del futuro como imaginas? - Ciudades verdes\" \/><\/p>\n<div>\n<p style=\"text-align: justify;\"><strong>\u00a0\u00a0\u00a0\u00a0\u00a0\u00a0\u00a0 Pronto, nuestros descendientes, podr\u00e1n admirar &#8220;ciudades esmeraldas&#8221; del futuro<\/strong><\/p>\n<p style=\"text-align: justify;\">Antes imagin\u00e1bamos Ciudades Esmeraldas con extra\u00f1os personajes de comportamientos at\u00edpicos y fant\u00e1sticas criaturas que viv\u00edan en un mundo m\u00e1gico en el que cualquier cosa podr\u00eda ser cierta y, para nuestro asombro, algunos incluso pod\u00edan aparecer y desaparecer de nuestra vista como si de duendecillos se tratara. Esos mundos imaginados que est\u00e1n fuera de este y que viven en nuestras mentes, \u00bfqui\u00e9n sabe?, si en nuestro futuro deambular por esos mundos pedidos por el espacio interestelar, no podremos encontrarnos con alguno de esos extra\u00f1os mundos en los que existan criaturas que nunca pudimos imaginar.<\/p>\n<p>&nbsp;<\/p>\n<p style=\"text-align: justify;\"><img decoding=\"async\" loading=\"lazy\" id=\"irc_mi\" src=\"http:\/\/cdn.zmescience.com\/wp-content\/uploads\/2011\/04\/SETI1.jpg\" alt=\"\" width=\"432\" height=\"288\" \/><\/p>\n<p>&nbsp;<\/p>\n<p style=\"text-align: justify;\">Las historias que nos contaba Baum, en cierta manera, parecen paradojas de lo que podr\u00eda ser nuestra realidad de hoy. Aquel desierto que rodeaba el Mundo de Hoz podr\u00eda ser el Interestelar que nosotros, a pesar de nuestros adelantos, no podemos dominar y la radiaci\u00f3n del medio nos puede llevar a la muerte como aquellos granos de arena. Por otra parte, las Orejas descomunales del Oidor Orejudo, son los modernos radiotelescopios que escuchan el sonido de los mundos situados a miles de millones de kil\u00f3metros de nosotros.<\/p>\n<p style=\"text-align: justify;\">llevamos muchos a\u00f1os a la espera de captar esas se\u00f1ales codificadas, quiz\u00e1 una repetici\u00f3n de una sencilla secuencia de n\u00fameros, procedente exclusivamente de una fuente inteligente que fuera capaz de comprender las leyes universales de las matem\u00e1ticas. La posibilidad de oir dicha se\u00f1al \u00a1coincide, sin duda, con la del Oziano! Es dif\u00edcil calcular el asombroso efecto de tal se\u00f1al en nuestras estructuras mentales, centradas en nosotros mismos y limitadas por los confines de la Tierra.<\/p>\n<p>&nbsp;<\/p>\n<p style=\"text-align: justify;\">\u00a0<img decoding=\"async\" loading=\"lazy\" src=\"http:\/\/1.bp.blogspot.com\/-EM72zVK2CCE\/UYPhJ9e1RRI\/AAAAAAAAAKY\/AOeCUk3sPLQ\/s1600\/ete.jpg\" alt=\"Resultado de imagen de Extraterrestres con malas intenciones\" width=\"304\" height=\"178\" \/><img decoding=\"async\" loading=\"lazy\" src=\"http:\/\/4.bp.blogspot.com\/-Et_tKXRvcfI\/T-Dgmz0t7zI\/AAAAAAAAAVA\/CQjxKCK8nFo\/s1600\/extraterrestre_mib.png\" alt=\"Resultado de imagen de Extraterrestres con malas intenciones\" width=\"304\" height=\"171\" \/><\/p>\n<p>&nbsp;<\/p>\n<p style=\"text-align: justify;\">Nadie sabe que intenciones podr\u00edan traer y con qu\u00e9 medios t\u00e9cnicos puedan contar. Es fascinante su llegada y no pocas veces hemos pensado en ese momento pero, por otra parte, en nuestra soledad ya tenemos bastantes problemas.<\/p>\n<p style=\"text-align: justify;\">\u00bfQu\u00e9 har\u00edamos si recibi\u00e9ramos una se\u00f1al de ese tipo? El Chen Ning Yang ha hecho una sugerencia: \u201c<strong>!No contestar!<\/strong>\u201d Tal respuesta parece inveros\u00edmil. Hace tiempo que matem\u00e1ticos y l\u00f3gicos est\u00e1n ocupados en obtener, paso a paso, procedimientos por los cuales los habitantes de dos planetas lejanos pudieran desarrollar lentamente un lenguaje com\u00fan para poder hablar entre s\u00ed. Ya en 1962, el matem\u00e1rtico neerland\u00e9s Hans Freudenthal public\u00f3 la parte 1 de un ambicioso titulado <strong>Lincos:<\/strong> Dise\u00f1o de un lenguaje para la c\u00f3pula c\u00f3smica.<\/p>\n<p>&nbsp;<\/p>\n<p style=\"text-align: justify;\"><img decoding=\"async\" loading=\"lazy\" src=\"http:\/\/1.bp.blogspot.com\/-9LylwyD2WrA\/T-KuxIvMKpI\/AAAAAAAAPzg\/apXphqvaHzA\/s1600\/Alien%25C3%25ADgenas.JPG\" alt=\"Resultado de imagen de Hans Freudenthal public\u00f3 la parte 1 de un ambicioso titulado Lincos: Dise\u00f1o de un lenguaje para la c\u00f3pula c\u00f3smica.\" width=\"304\" height=\"228\" \/><\/p>\n<p>&nbsp;<\/p>\n<p style=\"text-align: justify;\">De todas las maneras, si esos seres inteligentes de otros mundos conocen las leyes fundamentales de la Naturaleza, sin importar que nombres les puedan haber dado, podr\u00edan entender pulsaciones codificadas para una comunicaci\u00f3n fluida. Una vez establecido el contacto , ser\u00eda sencillo transmitir dibujos detallados. En su forma m\u00e1s rudimentaria, ser\u00eda solamente necesario dividir un rect\u00e1ngulo en miles de unidades cuadradas min\u00fasculas, igual que una hoja de papel milimetrado, y trasmitir entonces un c\u00f3digo binario, con unos y ceros que indicaran los cuadrados que deben sombrearse (contando los cuadrados de arriba abajo y de izquierda a derecha). Posteriormente, una vez conseguido ese primer mensaje, se podr\u00edan transmitir mejores dibujos, incluso, quiz\u00e1, algunas pel\u00edculas que reflejen la vida terrestre y esperar una corrspondencia igual desde la otra parte.<\/p>\n<\/div>\n<p style=\"text-align: justify;\">\n<p><img decoding=\"async\" loading=\"lazy\" class=\"\" src=\"https:\/\/bricoastronomia.wordpress.com\/wp-content\/uploads\/2013\/06\/004_parallasse.jpg\" alt=\"La distancia a las estrellas | El cielo y la Tierra\" width=\"829\" height=\"480\" \/><\/p>\n<p><strong>Las estrella m\u00e1s cercana a nosotros est\u00e1 a 2,3 a\u00f1os luz, una distancia inalcanzable<\/strong><\/p>\n<div>\n<p style=\"text-align: justify;\">Mandamos se\u00f1ales que, los hipot\u00e9ticos habitantes de otros mundos, recibir\u00e1n dentro de algunos miles de a\u00f1os, y, cuando la reciban, tardar\u00e1n algunas decenas o centenas de a\u00f1os en comprender el mensaje que, al ser contestado, llegar\u00eda a nosotros en otros miles o millones de a\u00f1os. Debemos encontrar otra forma de comunicarnos, ya que, de otra manera&#8230; \u00a1La cosa es complicada!<\/p>\n<p style=\"text-align: justify;\">Claro que, en todo esto hay un fallo que no hemos querido ver hasta el momento: <strong>\u00a1Las inconmensurables distancias!<\/strong> \u00bfDe qu\u00e9 sirve nuestra avanzada tecnolog\u00eda que puede transmitir mensajes a la velocidad de la luz, si resulta que la fuente y el receptor, est\u00e1n separados por decenas de a\u00f1os-luz? En el hipot\u00e9tico caso de que alg\u00fan d\u00eda, se reciba esa se\u00f1al, ese mensaje, \u00bfcu\u00e1ndo fue enviado? No podemos estar supeditados a un hipot\u00e9tico contacto en el que el mensaje y su respuesta, est\u00e9n separados por unidades de tiempo que hagan imposible que los que enviaron el mensaje sigan vivos cuando nosotros les podamos contestar.<\/p>\n<p>&nbsp;<\/p>\n<p style=\"text-align: justify;\"><img decoding=\"async\" title=\"\" src=\"http:\/\/enciende.cosce.org\/imagenes\/laniakea_img.2_ok.jpg\" alt=\"\" \/><img decoding=\"async\" loading=\"lazy\" class=\"\" src=\"https:\/\/upload.wikimedia.org\/wikipedia\/commons\/thumb\/6\/62\/Local.group.arp.600pix.jpg\/268px-Local.group.arp.600pix.jpg\" alt=\"Grupo Local - Wikipedia, la enciclopedia libre\" width=\"541\" height=\"428\" \/><img decoding=\"async\" loading=\"lazy\" class=\"\" src=\"https:\/\/upload.wikimedia.org\/wikipedia\/commons\/9\/94\/Nearest_Groups_of_Galaxies_atlasoftheuniverse.gif\" alt=\"Grupo Local - Wikipedia, la enciclopedia libre\" width=\"548\" height=\"411\" \/><\/p>\n<p>&nbsp;<\/p>\n<p style=\"text-align: justify;\"><strong>Distancias\u00a0 inalzables que separan las galaxias del Grupo Local<\/strong><\/p>\n<p style=\"text-align: justify;\">La \u00fanica raz\u00f3n por la que no hemos podido contactar todav\u00eda con seres inteligentes es esa: \u00a1La distancia! El Universo es un lugar de distancias que no siempre podemos comprender, y, en nuestra propia Galaxia, la V\u00eda L\u00e1ctea que tiene 100.000 a\u00f1os-luz de di\u00e1metro, existen m\u00e1s de cien mil millones de estrellas que, si est\u00e1n rodeadas de planetas en una media de dos cada estrella\u2026 \u00bfCu\u00e1ntos planetas existir\u00e1n? Un inmenso n\u00famero de mundos est\u00e1n ah\u00ed fuera, hemos podido localizar m\u00e1s de mil y, algunos, parecen tener las condiciones precisas para contener en ellos la vida pero, las distancias que nos separan hace imposible que podamos llegar a ellos en un tiempo prudencial que permita ese contacto del que tanto hemos hablado.<\/p>\n<p style=\"text-align: justify;\">Un bucle gigante de las l\u00edneas de campo magn\u00e9tico solar lo suficientemente grande como para atrapar diez Tierras. Fue registrado el 19 de julio de 2012 desde Espa\u00f1a.<\/p>\n<p style=\"text-align: justify;\">Nuestro Sol es s\u00f3lo una estrella solitaria en la abundancia de 7\u00d710<sup>22<\/sup> estrellas en el universo observable. La V\u00eda L\u00e1ctea es tan s\u00f3lo una de entre las 500.000.000.000 galaxias del Universo. Parece que deber\u00eda haber una gran diversidad de vida ah\u00ed fuera. El primero en hacer una estimaci\u00f3n inicial fue el astr\u00f3nomo Frank Drake. \u00c9ste concibi\u00f3 una ecuaci\u00f3n, ahora conocida como <em>Ecuaci\u00f3n de Drake<\/em>, basada en par\u00e1metros:<\/p>\n<p>&nbsp;<\/p>\n<dl>\n<dd><img decoding=\"async\" src=\"http:\/\/upload.wikimedia.org\/math\/7\/5\/4\/7542df32dfc58eede34c27326fb44889.png\" alt=\"N = R^{*} ~ \\cdot ~ f_{p} ~ \\cdot ~ n_{e} ~ \\cdot ~ f_{l} ~ \\cdot ~ f_{i} ~ \\cdot ~ f_{c} ~ \\cdot ~ L\" \/><\/dd>\n<dd>(Hoy d\u00eda, esta ecuaci\u00f3n se ha sobrepasado y, los cosm\u00f3logos, han encontrado una m\u00e1s din\u00e1mica)<\/dd>\n<\/dl>\n<\/div>\n<p>&nbsp;<\/p>\n<div>\n<dl>\n<dd><img decoding=\"async\" src=\"https:\/\/i.blogs.es\/a85e07\/arecibo-observatorio\/840_560.jpg\" alt=\"Escuchando al universo para captar vida: as\u00ed logra el famoso radiotelescopio  de Arecibo recibir y enviar se\u00f1ales a millones de a\u00f1os luz\" \/><\/dd>\n<\/dl>\n<p align=\"center\"><strong>Radiotelescopio Arecibo<\/strong><\/p>\n<p style=\"text-align: justify;\">La ecuaci\u00f3n de Drake identifica los factores espec\u00edficos que, se cree, tienen un papel importante en el desarrollo de las civilizaciones. Aunque en la actualidad no hay suficientes para resolver la ecuaci\u00f3n, la comunidad cient\u00edfica ha aceptado su relevancia como primera aproximaci\u00f3n te\u00f3rica al problema, y varios cient\u00edficos la han utilizado como herramienta para plantear distintas hip\u00f3tesis.<\/p>\n<ul style=\"text-align: justify;\">\n<li><img decoding=\"async\" src=\"http:\/\/upload.wikimedia.org\/math\/7\/b\/4\/7b443c958d8af6bf6f5d06a38b2ed3e2.png\" alt=\"R^{*}\" \/> es el ritmo anual de estrellas \u201cadecuadas\u201d en la galaxia.<\/li>\n<li><img decoding=\"async\" src=\"http:\/\/upload.wikimedia.org\/math\/f\/6\/b\/f6b8a96434f5e4c4c6bccbe510cfd276.png\" alt=\"f_{p}\" \/> es la fracci\u00f3n de estrellas que tienen planetas en su \u00f3rbita.<\/li>\n<li><img decoding=\"async\" src=\"http:\/\/upload.wikimedia.org\/math\/6\/e\/c\/6ec983145d3e52adb6edeec37a3cc8c9.png\" alt=\"n_{e}\" \/> es el n\u00famero de esos planetas orbitando dentro de la ecosfera de la estrella (las \u00f3rbitas cuya distancia a la estrella no sea tan pr\u00f3xima como para ser demasiado calientes, ni tan lejana como para ser demasiado fr\u00edas para poder albergar vida).<\/li>\n<li><img decoding=\"async\" src=\"http:\/\/upload.wikimedia.org\/math\/c\/4\/f\/c4fe2a8be964429572100159cfa9cf09.png\" alt=\"f_{l}\" \/> es la fracci\u00f3n de esos planetas dentro de la ecosfera en los que la vida se ha desarrollado.<\/li>\n<li><img decoding=\"async\" src=\"http:\/\/upload.wikimedia.org\/math\/d\/b\/b\/dbb3b84cea7e7015fb1a591964fbd918.png\" alt=\"f_i\" \/> es la fracci\u00f3n de esos planetas en los que la vida inteligente se ha desarrollado.<\/li>\n<li><img decoding=\"async\" src=\"http:\/\/upload.wikimedia.org\/math\/e\/8\/b\/e8bb47f19d155ab9dd7fcd948f365e60.png\" alt=\"f_c\" \/> es la fracci\u00f3n de esos planetas la vida inteligente ha desarrollado una tecnolog\u00eda e intenta comunicarse.<\/li>\n<li><img decoding=\"async\" src=\"http:\/\/upload.wikimedia.org\/math\/d\/2\/0\/d20caec3b48a1eef164cb4ca81ba2587.png\" alt=\"L\" \/> es el lapso, medido en a\u00f1os, durante el que una civilizaci\u00f3n inteligente y comunicativa puede existir.<\/li>\n<\/ul>\n<p style=\"text-align: justify;\">\u00a0(Es obligado decir que, esta especie de f\u00f3rmula estad\u00edstica, estaba bien en aquel momento. Sin embargo, hoy se tienen conocimientos m\u00e1s avanzados que nos llevan a una precisi\u00f3n mayor en el tema y a pronosticar con mucha m\u00e1s fiabilidad).<\/p>\n<p>&nbsp;<\/p>\n<p style=\"text-align: justify;\"><img decoding=\"async\" loading=\"lazy\" id=\"irc_mi\" src=\"http:\/\/elescritordepacotilla.files.wordpress.com\/2011\/09\/image_thumb5.png?w=1036&amp;h=584\" alt=\"\" width=\"697\" height=\"393\" \/><\/p>\n<p>&nbsp;<\/p>\n<p style=\"text-align: justify;\">Sabiendo como ahora sabemos, el sin fin de mundos que pueblan las \u201cinfinitas\u201d galaxias del Universo, \u00bfc\u00f3mo podemos negar la existencia de vida en muchos de esos mundos y que, algunas de esas formas evolucionaran hasta alcanzar la conciencia de Ser? No creo que tengamos argumentos s\u00f3lidos para poder negar la existencia de vida en muchos de los mundos que son. Otra cuesti\u00f3n es la de poder contactar con ellos, no pocas veces hemos oido decir que <strong>\u201cla Naturaleza es sabia\u201d<\/strong>, y no se aparta de mi mente la idea de que es, esa \u201csabidur\u00eda\u201d precisamente, la que hasta el momento ha impedido el encuentro. En la Naturaleza todo tiene un tiempo, las estrellas pueden vivir miles de millones de a\u00f1os que son necesarios para \u201cfabricar\u201d los materiales de la vida, la vida evoluciona en los mundos durante miles de millones de a\u00f1os para poder alcanzar la consciencia, los seres vivos\u00a0 est\u00e1n supeditados a un ciclo de vida limitado en el tiempo y, suplen su ef\u00edmera existencia, mediante el \u201ctruco\u201d de la replicaci\u00f3n. De esa manera, se burla la destructiva Entrop\u00eda y se consigue que la especie perdure.<\/p>\n<p>&nbsp;<\/p>\n<p style=\"text-align: justify;\"><img decoding=\"async\" loading=\"lazy\" id=\"irc_mi\" src=\"http:\/\/2012.files.wordpress.com\/2012\/08\/mundo-extraterrestre-788992_1024.jpeg\" alt=\"\" width=\"524\" height=\"393\" \/><\/p>\n<p style=\"text-align: justify;\">\u00a0 \u00a0 \u00a0 \u00a0 <strong>\u00a0\u00a0 Para &#8220;ellos&#8221; las dificultades f\u00edsicas y tecnol\u00f3gicas son las mismas que para nosotros<\/strong><\/p>\n<p style=\"text-align: justify;\">No ha llegado el momento de que podamos contactar con seres de otros mundos que, como nosotros, estar\u00e1n confinados en sus planetas y tambi\u00e9n, como nosotros, estar\u00e1n explorando los alrededores de su mundo. El camino seguido por otras clases de vida debe ser muy similar al que se ha dado aqu\u00ed en la Tierra, los procesos habr\u00e1n muy similares y, siendo posible que puedan existir algunas civilizaciones algo m\u00e1s avanzadas que la nuestra, no es probable que tengan la posibilidad de llegar hasta nosotros, porque de ser as\u00ed\u2026 \u00bfD\u00f3nde est\u00e1n?<\/p>\n<p style=\"text-align: justify;\">\u00bfEl primer contacto ? \u00a1Tendr\u00e1 que esperar!<\/p>\n<p style=\"text-align: justify;\"><a href=\"http:\/\/www.mundoesotericoparanormal.com\/wp-content\/uploads\/2012\/07\/Jocelyn-Bell-Burnell-contacto-extraterrestre.jpg\" rel=\"lightbox[1188]\"><img decoding=\"async\" loading=\"lazy\" title=\"Jocelyn Bell Burnell, contacto extraterrestre\" src=\"http:\/\/www.mundoesotericoparanormal.com\/wp-content\/uploads\/2012\/07\/Jocelyn-Bell-Burnell-contacto-extraterrestre-300x168.jpg\" alt=\"Jocelyn Bell Burnell, contacto extraterrestre\" width=\"240\" height=\"134\" \/><\/a><\/p>\n<blockquote>\n<p style=\"text-align: justify;\">&#8220;La astrof\u00edsica Jocelyn Bell Burnell realiz\u00f3 unas sorprendentes declaraciones en la conferencia de Euroscience Open F\u00f3rum en Dubl\u00edn, la humanidad tendr\u00e1 un contacto con seres extraterrestres, y sugiri\u00f3 que los gobiernos se deben preparar ante tal situaci\u00f3n.<em>\u201cSospecho que pr\u00f3ximamente recibiremos se\u00f1ales de vida de otros mundos, muy posiblemente de vida inteligente, antes del pr\u00f3ximo siglo. \u00bfEstamos bien preparados? \u00bfSabemos como vamos ha realizar el contacto con ellos? \u00bfLos pondremos en un parque zool\u00f3gico, nos los comeremos, o enviaremos a los soldados para hacerles saber lo que es la democracia?\u201d<\/em><\/p>\n<p>&nbsp;<\/p>\n<p><img decoding=\"async\" loading=\"lazy\" class=\"\" src=\"https:\/\/i.blogs.es\/c3d063\/space-g51a10b7a7_1920\/1366_2000.jpg\" alt=\"El Sistema Solar en contexto: diez v\u00eddeos para entender la velocidad real  de la luz y rotaci\u00f3n de los planetas\" width=\"793\" height=\"446\" \/><\/p>\n<p><strong>Hasta llegar a Marte, un planeta vecino&#8230; \u00a1Nos cuenta una eterniqad!<\/strong><\/p>\n<p>&nbsp;<\/p>\n<p style=\"text-align: justify;\">La predicci\u00f3n cient\u00edfica la realiz\u00f3 delante de los mejores cient\u00edficos, adem\u00e1s a\u00f1adi\u00f3 que la vida extraterrestre podr\u00eda encontrarse en planetas rocosos con atm\u00f3sferas de di\u00f3xido de carbono o con capas de ozono. Pero tambi\u00e9n reconoci\u00f3 que actualmente es dif\u00edcil comunicarse con <strong>\u201cellos\u201d<\/strong>, ya que nada puede viajar m\u00e1s r\u00e1pido que la velocidad de la luz. As\u00ed que una comunicaci\u00f3n estelar no seria posible hasta dentro de 50 o 100 a\u00f1os.&#8221;<\/p>\n<\/blockquote>\n<p style=\"text-align: justify;\">Est\u00e1 claro que los t\u00e9rminos empleados por Jocelyn Bel no fueron muy afortunados, dado que, si son &#8220;ellos&#8221; los primeros en hacer ese contacto, es que han logrado algo que nosotros no hemos podido conseguir, es decir, ser\u00edan m\u00e1s inteligentes que nosotros y, &#8220;meterlos en un zoo&#8230;&#8221; \u00a1No parece probable.<\/p>\n<p style=\"text-align: justify;\"><strong>Emilio Silvera V.<\/strong><\/p>\n<\/div>\n<div class='bookmark'>\r\n\t\t<table align='left' border='0' cellpadding='0' width='100%'>\r\n\t\t<tr><td><span class='pushbutton'><a href='http:\/\/delicious.com\/post?url=http%3A%2F%2Fwww.emiliosilveravazquez.com%2Fblog%2F2024%2F08%2F03%2F%25c2%25bfel-primer-contacto-%25c2%25a1tendra-que-esperar-5%2F&amp;title=%C2%BFEl+primer+contacto%3F+%C2%A1Tendr%C3%A1+que+esperar%21' title='Delicious' target='_blank' rel='nofollow'><img src='http:\/\/www.emiliosilveravazquez.com\/blog\/wp-content\/plugins\/knxdt-bookmarks-wordpress-plugin\/images\/delicious.png'  alt='' class='book_img' border='none' style='margin:1px; padding: 0;'  \/><\/a><\/span><span class='pushbutton'><a href='http:\/\/digg.com\/submit?url=http%3A%2F%2Fwww.emiliosilveravazquez.com%2Fblog%2F2024%2F08%2F03%2F%25c2%25bfel-primer-contacto-%25c2%25a1tendra-que-esperar-5%2F&amp;title=%C2%BFEl+primer+contacto%3F+%C2%A1Tendr%C3%A1+que+esperar%21' title='Digg' target='_blank' rel='nofollow'><img src='http:\/\/www.emiliosilveravazquez.com\/blog\/wp-content\/plugins\/knxdt-bookmarks-wordpress-plugin\/images\/digg.png'  alt='' class='book_img' border='none' style='margin:1px; padding: 0;'  \/><\/a><\/span><span class='pushbutton'><a href='http:\/\/www.google.com\/bookmarks\/mark?op=edit&amp;bkmk=http%3A%2F%2Fwww.emiliosilveravazquez.com%2Fblog%2F2024%2F08%2F03%2F%25c2%25bfel-primer-contacto-%25c2%25a1tendra-que-esperar-5%2F&amp;title=%C2%BFEl+primer+contacto%3F+%C2%A1Tendr%C3%A1+que+esperar%21' title='Google' target='_blank' rel='nofollow'><img src='http:\/\/www.emiliosilveravazquez.com\/blog\/wp-content\/plugins\/knxdt-bookmarks-wordpress-plugin\/images\/google.png'   alt='' class='book_img' border='none' style='margin:1px; padding: 0;'  \/><\/a><\/span><span class='pushbutton'><a href='http:\/\/myweb2.search.yahoo.com\/myresults\/bookmarklet?u=http%3A%2F%2Fwww.emiliosilveravazquez.com%2Fblog%2F2024%2F08%2F03%2F%25c2%25bfel-primer-contacto-%25c2%25a1tendra-que-esperar-5%2F&amp;t=%C2%BFEl+primer+contacto%3F+%C2%A1Tendr%C3%A1+que+esperar%21' title='Yahoo' target='_blank' rel='nofollow'><img src='http:\/\/www.emiliosilveravazquez.com\/blog\/wp-content\/plugins\/knxdt-bookmarks-wordpress-plugin\/images\/yahoo.png'  alt='' class='book_img' border='none' style='margin:1px; padding: 0;'  \/><\/a><\/span><span class='pushbutton'><a href='http:\/\/www.technorati.com\/faves?add=http%3A%2F%2Fwww.emiliosilveravazquez.com%2Fblog%2F2024%2F08%2F03%2F%25c2%25bfel-primer-contacto-%25c2%25a1tendra-que-esperar-5%2F' title='Technorati' target='_blank' rel='nofollow'><img src='http:\/\/www.emiliosilveravazquez.com\/blog\/wp-content\/plugins\/knxdt-bookmarks-wordpress-plugin\/images\/technorati.png'  alt='' class='book_img' border='none' style='margin:1px; padding: 0;'  \/><\/a><\/span><span class='pushbutton'><a href='http:\/\/meneame.net\/submit.php?url=http%3A%2F%2Fwww.emiliosilveravazquez.com%2Fblog%2F2024%2F08%2F03%2F%25c2%25bfel-primer-contacto-%25c2%25a1tendra-que-esperar-5%2F' title='Meneame' target='_blank' rel='nofollow'><img src='http:\/\/www.emiliosilveravazquez.com\/blog\/wp-content\/plugins\/knxdt-bookmarks-wordpress-plugin\/images\/meneame.png'  alt='' class='book_img' border='none' style='margin:1px; padding: 0;'  \/><\/a><\/span><span class='pushbutton'><a href='http:\/\/enchilame.com\/submit.php?url=http:\/\/www.emiliosilveravazquez.com\/blog\/2024\/08\/03\/%c2%bfel-primer-contacto-%c2%a1tendra-que-esperar-5\/' target='_blank' rel='nofollow'><img title='Enchilame' src='http:\/\/www.emiliosilveravazquez.com\/blog\/wp-content\/plugins\/knxdt-bookmarks-wordpress-plugin\/images\/enchilame.png'  alt='' class='book_img' border='none' style='margin:1px; padding: 0;'  \/><\/a><\/span><span class='pushbutton'><a href='http:\/\/www.blinklist.com\/index.php?Action=Blink\/addblink.php&amp;Description=&amp;Url=http%3A%2F%2Fwww.emiliosilveravazquez.com%2Fblog%2F2024%2F08%2F03%2F%25c2%25bfel-primer-contacto-%25c2%25a1tendra-que-esperar-5%2F&amp;title=%C2%BFEl+primer+contacto%3F+%C2%A1Tendr%C3%A1+que+esperar%21' title='BlinkList' target='_blank' rel='nofollow'><img src='http:\/\/www.emiliosilveravazquez.com\/blog\/wp-content\/plugins\/knxdt-bookmarks-wordpress-plugin\/images\/blinklist.png'  alt='' class='book_img' border='none' style='margin:1px; padding: 0;'  \/><\/a><\/span><span class='pushbutton'><a href='http:\/\/reddit.com\/submit?url=http%3A%2F%2Fwww.emiliosilveravazquez.com%2Fblog%2F2024%2F08%2F03%2F%25c2%25bfel-primer-contacto-%25c2%25a1tendra-que-esperar-5%2F&amp;title=%C2%BFEl+primer+contacto%3F+%C2%A1Tendr%C3%A1+que+esperar%21' title='Reddit' target='_blank' rel='nofollow'><img src='http:\/\/www.emiliosilveravazquez.com\/blog\/wp-content\/plugins\/knxdt-bookmarks-wordpress-plugin\/images\/reddit.png'  alt='' class='book_img' border='none' style='margin:1px; padding: 0;'  \/><\/a><\/span><span class='pushbutton'><a href='http:\/\/www.tecnologiadiaria.com\/2009\/07\/abrir-com-hotmail-correo.html' target='_blank' title='hotmail'><img src='http:\/\/www.emiliosilveravazquez.com\/blog\/wp-content\/plugins\/knxdt-bookmarks-wordpress-plugin\/images\/linklove.png' alt='hotmail correo' class='book_img' border='none' style='margin:1px; padding: 0;' \/><\/a><\/span><span class='pushbutton'><a href='http:\/\/bitacoras.com\/votar\/anotacion\/externo\/mini\/www.emiliosilveravazquez.com\/blog\/2024\/08\/03\/%c2%bfel-primer-contacto-%c2%a1tendra-que-esperar-5\/' title='Bitacoras.com' target='_blank' rel='nofollow'><img src='http:\/\/www.emiliosilveravazquez.com\/blog\/wp-content\/plugins\/knxdt-bookmarks-wordpress-plugin\/images\/bitacoras.png'  alt='' class='book_img' border='none' style='margin:1px; padding: 0;'  \/><\/a><\/span><span class='pushbutton'><a href='http:\/\/www.wikio.es\/vote?url=http%3A%2F%2Fwww.emiliosilveravazquez.com%2Fblog%2F2024%2F08%2F03%2F%25c2%25bfel-primer-contacto-%25c2%25a1tendra-que-esperar-5%2F' title='Wikio' target='_blank' rel='nofollow'><img src='http:\/\/www.emiliosilveravazquez.com\/blog\/wp-content\/plugins\/knxdt-bookmarks-wordpress-plugin\/images\/wikio.png'   alt='' class='book_img' border='none' style='margin:1px; padding: 0;'   \/><\/a><\/span><span class='pushbutton'><a href='http:\/\/friendfeed.com\/?url=http%3A%2F%2Fwww.emiliosilveravazquez.com%2Fblog%2F2024%2F08%2F03%2F%25c2%25bfel-primer-contacto-%25c2%25a1tendra-que-esperar-5%2F&amp;title=%C2%BFEl+primer+contacto%3F+%C2%A1Tendr%C3%A1+que+esperar%21' title='Friend Feed' target='_blank' rel='nofollow'><img src='http:\/\/www.emiliosilveravazquez.com\/blog\/wp-content\/plugins\/knxdt-bookmarks-wordpress-plugin\/images\/friendfeed.png'  alt='' class='book_img' border='none' style='margin:1px; padding: 0;'  \/><\/a><\/span><span class='pushbutton'><a href='http:\/\/www.facebook.com\/share.php?u=http%3A%2F%2Fwww.emiliosilveravazquez.com%2Fblog%2F2024%2F08%2F03%2F%25c2%25bfel-primer-contacto-%25c2%25a1tendra-que-esperar-5%2F&amp;t=%C2%BFEl+primer+contacto%3F+%C2%A1Tendr%C3%A1+que+esperar%21' title='Facebook' target='_blank' rel='nofollow'><img src='http:\/\/www.emiliosilveravazquez.com\/blog\/wp-content\/plugins\/knxdt-bookmarks-wordpress-plugin\/images\/facebook.png'  alt='' class='book_img' border='none' style='margin:1px; padding: 0;'  \/><\/a><\/span><span class='pushbutton'><a href='http:\/\/twitter.com\/home?status=%C2%BFEl+primer+contacto%3F+%C2%A1Tendr%C3%A1+que+esperar%21: http%3A%2F%2Fwww.emiliosilveravazquez.com%2Fblog%2F2024%2F08%2F03%2F%25c2%25bfel-primer-contacto-%25c2%25a1tendra-que-esperar-5%2F' title='Twitter' target='_blank' rel='nofollow'><img src='http:\/\/www.emiliosilveravazquez.com\/blog\/wp-content\/plugins\/knxdt-bookmarks-wordpress-plugin\/images\/twitter.png'  alt='' class='book_img' border='none' style='margin:1px; padding: 0;'  \/><\/a><\/span><span class='pushbutton'><a href='http:\/\/www.feedburner.com\/fb\/a\/emailFlare?itemTitle=%C2%BFEl+primer+contacto%3F+%C2%A1Tendr%C3%A1+que+esperar%21&amp;uri=http%3A%2F%2Fwww.emiliosilveravazquez.com%2Fblog%2F2024%2F08%2F03%2F%25c2%25bfel-primer-contacto-%25c2%25a1tendra-que-esperar-5%2F' title='Enviar por Email' target='_blank' rel='nofollow'><img src='http:\/\/www.emiliosilveravazquez.com\/blog\/wp-content\/plugins\/knxdt-bookmarks-wordpress-plugin\/images\/email.png'  alt='' class='book_img' border='none' style='margin:1px; padding: 0;'  \/><\/a><\/span><span style='font-weight:bold; padding-left: 5px;'><a href='http:\/\/wordpress.org\/extend\/plugins\/knxdt-bookmarks-wordpress-plugin\/' title='Plugin' rel='nofollow' target='_blank'>[?]<\/a><\/span><\/td><\/tr><\/table><br\/><br\/><\/div>","protected":false},"excerpt":{"rendered":"<p>Ser\u00eda interminable el poner aqu\u00ed todos los escenarios que en los distintos rincones de la Tierra podr\u00edamos contemplar. Estas son una muestra de la asombrosa diversidad que nos ofrece. &nbsp; https:\/\/youtu.be\/qvDiJ369z4s \u00a0Im\u00e1genes que confirman lo asombroso de la Naturaleza. \u00bfUna raya voladora? La Naturaleza, siempre asombrosa &nbsp; Nunca podremos saber lo que nos espera en [&hellip;]<\/p>\n","protected":false},"author":2,"featured_media":0,"comment_status":"open","ping_status":"open","sticky":false,"template":"","format":"standard","meta":{"_s2mail":"yes","footnotes":""},"categories":[57],"tags":[],"_links":{"self":[{"href":"http:\/\/www.emiliosilveravazquez.com\/blog\/wp-json\/wp\/v2\/posts\/16294"}],"collection":[{"href":"http:\/\/www.emiliosilveravazquez.com\/blog\/wp-json\/wp\/v2\/posts"}],"about":[{"href":"http:\/\/www.emiliosilveravazquez.com\/blog\/wp-json\/wp\/v2\/types\/post"}],"author":[{"embeddable":true,"href":"http:\/\/www.emiliosilveravazquez.com\/blog\/wp-json\/wp\/v2\/users\/2"}],"replies":[{"embeddable":true,"href":"http:\/\/www.emiliosilveravazquez.com\/blog\/wp-json\/wp\/v2\/comments?post=16294"}],"version-history":[{"count":0,"href":"http:\/\/www.emiliosilveravazquez.com\/blog\/wp-json\/wp\/v2\/posts\/16294\/revisions"}],"wp:attachment":[{"href":"http:\/\/www.emiliosilveravazquez.com\/blog\/wp-json\/wp\/v2\/media?parent=16294"}],"wp:term":[{"taxonomy":"category","embeddable":true,"href":"http:\/\/www.emiliosilveravazquez.com\/blog\/wp-json\/wp\/v2\/categories?post=16294"},{"taxonomy":"post_tag","embeddable":true,"href":"http:\/\/www.emiliosilveravazquez.com\/blog\/wp-json\/wp\/v2\/tags?post=16294"}],"curies":[{"name":"wp","href":"https:\/\/api.w.org\/{rel}","templated":true}]}}