{"id":16220,"date":"2016-09-06T05:08:50","date_gmt":"2016-09-06T04:08:50","guid":{"rendered":"http:\/\/www.emiliosilveravazquez.com\/blog\/?p=16220"},"modified":"2016-09-06T05:08:50","modified_gmt":"2016-09-06T04:08:50","slug":"%c2%a1la-vida-%c2%bfen-las-profundidades-de-la-tierra-3","status":"publish","type":"post","link":"http:\/\/www.emiliosilveravazquez.com\/blog\/2016\/09\/06\/%c2%a1la-vida-%c2%bfen-las-profundidades-de-la-tierra-3\/","title":{"rendered":"\u00a1La Vida! \u00bfEn las profundidades de la Tierra?"},"content":{"rendered":"<h2 style=\"text-align: justify;\">\u00ab <a href=\"http:\/\/www.emiliosilveravazquez.com\/blog\/2013\/06\/19\/los-misterios-del-universo\/\" rel=\"prev\">Los misterios del Universo<\/a><\/h2>\n<div style=\"text-align: justify;\">\n<div><a href=\"http:\/\/www.emiliosilveravazquez.com\/blog\/2013\/06\/19\/%c2%bfsonar-%c2%a1siempre-hemos-sonado\/\" rel=\"next\">\u00bfSo\u00f1ar? \u00a1Siempre hemos so\u00f1ado!<\/a> \u00bb<\/div>\n<\/div>\n<h3 style=\"text-align: justify;\"><\/h3>\n<p style=\"text-align: justify;\"><img decoding=\"async\" id=\"image10493\" src=\"http:\/\/www.lashorasperdidas.com\/wp-content\/uploads\/2008\/05\/viaje-al-centro-de-la-tierra-3d.jpg\" alt=\"viaje-al-centro-de-la-tierra-3d.jpg\" \/><img decoding=\"async\" id=\"lightboxImage\" src=\"http:\/\/precriticas.s3.amazonaws.com\/archivos_imagenes_peliculas_g_gal194012.jpg\" alt=\"\" \/><\/p>\n<p style=\"text-align: justify;\">En la aventura que nos contaba Julio Verne en su libro Viaje al centro de la Tierra, el famoso escritor de imaginaci\u00f3n desbordante narra la historia de una expedid\u00f3n al centro de la Tierra. Los exploradores intr\u00e9pidos y arriesgados aventureros descubren, con asombro, todo un mundo nuevo debajo de la superficie del planeta al que llegan recorriendo galerias sin fin y manatiales de aguas subterr\u00e1neas que, en alguna ocasi\u00f3n, estaban poblados por extra\u00f1os seres. Grandes cavernas subterr\u00e1neas donde habitaban ex\u00f3ticos animales y seres vivos del reino vegetal de enormes dimensiones. Por desgracia, la historia de Verne contradec\u00eda la evidencia geol\u00f3gica de su \u00e9poca. Se sabe muy bien que profundidad significa caliente: la temperatura puede aumentar hasta 20 grados Celcius por cada kil\u00f3metro que se descienda y la vida, resultar\u00eda imposible para la mayor\u00eda de los organismos.<\/p>\n<div style=\"text-align: justify;\">\n<h1><img decoding=\"async\" loading=\"lazy\" id=\"cboxPhoto\" src=\"http:\/\/st-listas.20minutos.es\/images\/2010-10\/257155\/2712869_640px.jpg?1287320563\" alt=\"\" width=\"575\" height=\"409\" \/><\/h1>\n<p>&nbsp;<\/p>\n<p>&nbsp;<\/p>\n<p>As\u00ed que, aquella historia que de ni\u00f1os nos transportaba al mundo m\u00e1gico de las entra\u00f1as de la Tierra, en realidad, habr\u00eda sido de imposible realidad por una expedici\u00f3n de humanos. El gradiente de temperatura contin\u00faa dentro\u00a0 de la corteza de la Tierra y atraviesa su manto fundido para llegar al n\u00facleo en donde la temperatura asciende a m\u00e1s de 3.000 grados Celcius. Cualquier viaje al Centro de la Tierra significar\u00eda una incineraci\u00f3n segura para los intr\u00e9pidos (\u00bfo locos?) expedicionarios. El sue\u00f1o de Verne de que pod\u00eda existir vida bajo la superficie de la Tierra parec\u00eda rid\u00edculo.<\/p>\n<p>&nbsp;<\/p>\n<p>&nbsp;<\/p>\n<p><img decoding=\"async\" loading=\"lazy\" id=\"irc_mi\" src=\"http:\/\/1.bp.blogspot.com\/-hczj61qeFAM\/UEPQWPpnloI\/AAAAAAAADq4\/3vjJv8kfrvA\/s1600\/02+Rio+Tinto.jpg\" alt=\"\" width=\"591\" height=\"393\" \/><\/p>\n<p>&nbsp;<\/p>\n<p>&nbsp;<\/p>\n<p>Sus aguas rojas, muy \u00e1cidas, y de alto contenido en metales pesados sobre todo hierro, contienen ox\u00edgeno, que permite la vida de organismos fotosint\u00e9ticos y &#8230; No pocas veces, llevado por la curiosidad, he paseado por estos entornos &#8220;marcianos&#8221; que, en algunos lugares, te hacen pensar que, verdaderamente est\u00e1s en otro mundo. Sin embargo, cuando miras hacia arriba y puedes contemplar la atm\u00f3sfera y el cielo azul&#8230; \u00a1Vuelves a la Tierra!<\/p>\n<p>&nbsp;<\/p>\n<p>&nbsp;<\/p>\n<p><img decoding=\"async\" src=\"http:\/\/lh6.ggpht.com\/_j1_i26INoe8\/TS4ISDdDnrI\/AAAAAAAAHmM\/YIyYgohBEQ0\/s800\/20110105-102100.jpg\" alt=\"\" \/><img decoding=\"async\" src=\"http:\/\/lh5.ggpht.com\/_j1_i26INoe8\/TS4IPRgthII\/AAAAAAAAHmA\/Tt8yU6cHj04\/s800\/20110105-101524.jpg\" alt=\"\" \/><\/p>\n<p>&nbsp;<\/p>\n<p>Estas son dos de las muchas im\u00e1genes que del Rio Tinto podemos obtener. Hace unos d\u00edas estuve por la zona curioseando en algunos de sus recovecos y meandros por los que discurre el agua roja entre los minerales del terreno, y, desde luego, parece mentira que en ese agua de un PH imposible, puede existir alguna clase de vida y, sin embargo&#8230; \u00a1La Hay!<\/p>\n<p>&nbsp;<\/p>\n<p>Un proyecto de la NASA busc\u00f3 vida en las aguas letales del R\u00edo Tinto y en el subsuelo de aquel pueblo de la Sierra de en Huelva. Sus similitudes con el planeta Marte nos pod\u00eda ense\u00f1ar lo que all\u00ed podr\u00edamos encontrar. Los trabajos comenzaron con la perforaci\u00f3n m\u00e1s profunda hecha jam\u00e1s en Riotinto. El objetivo era encontrar una bolsa subterr\u00e1nea de agua donde los responsables de la investigaci\u00f3n esperaban encontrar una colonia de organismos nunca antes observados. De bacterias capaces de alimentarse a base de hierro y que no necesitaban ni luz ni ox\u00edgeno atmosf\u00e9rico para sobrevivir. Los expertos cre\u00edan que estos seres vivos colonizaron Riotinto desde las profundidades, dando a la zona su inconfundible paisaje extraterrestre de r\u00edos rojos y laderas amarillas debido a la alta concentraci\u00f3n de \u00e1cido sulf\u00farico que generan al alimentarse de pirita.<\/p>\n<p>&nbsp;<\/p>\n<p>&nbsp;<\/p>\n<p><img decoding=\"async\" loading=\"lazy\" title=\"El astronauta realiza un paseo en el rover 'Eurobot'. | Agencia Espacial Europea.\" src=\"http:\/\/estaticos02.elmundo.es\/elmundo\/imagenes\/2011\/05\/03\/ciencia\/1304416021_extras_ladillos_1_0.jpg\" alt=\"El astronauta realiza un paseo en el rover 'Eurobot'. | Agencia Espacial Europea.\" width=\"470\" height=\"307\" border=\"0\" \/><\/p>\n<p>&nbsp;<\/p>\n<blockquote><p><strong>&#8220;R\u00edo Tinto es un an\u00e1logo casi perfecto<\/strong> para probar tecnolog\u00eda y para simular las rocas que hay en Marte. Adem\u00e1s, est\u00e1 muy cerca de una zona habitada, lo que facilita la organizaci\u00f3n de las expediciones&#8221;, explica a ELMUNDO.es Felipe G\u00f3mez, investigador especializado en ambientes extremos del CAB y coordinador del proyecto Europlanet. &#8220;Para poder hacer perforaciones en Marte es necesario probar la tecnolog\u00eda en la Tierra y R\u00edo Tinto es un gran lugar para hacerlo&#8221;.<\/p><\/blockquote>\n<p>&nbsp;<\/p>\n<p>Los bi\u00f3logos tienen conocimiento desde hace mucho tiempo de que el mantillo contiene bacterias y de que las cuevas de piedra caliza pueden estar habitadas por organismos especialmente adaptados. Pero , aparte de estas excepciones, se decret\u00f3 que el planeta estaba muerto por debajo del suelo. La misma era la opini\u00f3n dominante respecto a las profundidades oce\u00e1nicas.<\/p>\n<p>&nbsp;<\/p>\n<p>&nbsp;<\/p>\n<p><img decoding=\"async\" loading=\"lazy\" title=\"Caracol abisal encontrado por la expedici\u00f3n. | David Shale\" src=\"http:\/\/estaticos04.cache.el-mundo.net\/elmundo\/imagenes\/2011\/12\/29\/ciencia\/1325180960_0.jpg\" alt=\"Caracol abisal encontrado por la expedici\u00f3n. | David Shale\" width=\"470\" height=\"313\" border=\"0\" \/><\/p>\n<p>&nbsp;<\/p>\n<p>&nbsp;<\/p>\n<\/div>\n<p style=\"text-align: justify;\">Caracol abisal. Todos conocemos de las extra\u00f1as criaturas que viven en las profundidades de los oc\u00e9anos y que, no dejan de sorprendernos cada vez que hallamos nuevas y ex\u00f3ticas criaturas cuyas configuraciones morfol\u00f3gicas van siempre, m\u00e1s hall\u00e1 de lo que nuestra imaginaci\u00f3n pudo dibujar en nuestras mentes. Algunos dicen que, el \u00fanico lugar habitado que sigue siendo un misterio para el ser humano son los oc\u00e9anos abisales. All\u00ed, en la oscuridad perpetua, acaba de ser descubierto un <strong>fant\u00e1stico ecosistema con extraordinarios seres vivos <\/strong>capaces de vivir sin luz, a temperaturas extremadamente elevadas y en un ambiente muy t\u00f3xico, por las grandes chimeneas volc\u00e1nicas que hay en el fondo oce\u00e1nico. El hallazgo ha tenido lugar en el South West Indian Ridge, en el Oc\u00e9ano \u00cdndico, <strong>a 2.700 metros de profundidad<\/strong>, gracias a la expedici\u00f3n Dragon Vent que (en la que no particip\u00f3 Julio Verne y, sin embargo, participa de alguna manera).<\/p>\n<p style=\"text-align: justify;\">\u201cNada podr\u00eda sobrevivir -dec\u00edan- , por debajo de la \u201czona f\u00f3tica\u201d las capas del oc\u00e9ano iluminadas por la luz solar. El descubrimiento de ecosistemas en los h\u00fameros megros cambi\u00f3 todo eso.<\/p>\n<p style=\"text-align: justify;\"><img decoding=\"async\" src=\"http:\/\/life.bio.sunysb.edu\/marinebio\/ds_05.jpg\" alt=\"\" \/><img decoding=\"async\" src=\"http:\/\/life.bio.sunysb.edu\/marinebio\/ds_04.jpg\" alt=\"\" \/><\/p>\n<p style=\"text-align: justify;\">Existe la hip\u00f3tesis de que la vida haya surgido precisamente en estos humeros, en vez de en la superficie del oc\u00e9ano. Yo pienso que es una posibilidad plausible, ya que es un medio tan activo como el medio superficial de aquel tiempo: hay vulcanismo, contraste de materiales y temperaturas\u2026 Hace algunos a\u00f1os nadie hubiera dicho que el fondo oce\u00e1nico, un medio tan extremo, pudiese albergar semejantes ecosistemas. Pero si algunos supermicrobios pueden vivir varios kil\u00f3metros de profundidad najo el mar, \u00bfno podr\u00edan existir tambi\u00e9n bajo la tierra?<\/p>\n<p style=\"text-align: justify;\">El primer cient\u00edfico en difundir publicamente la opini\u00f3n de que la vida podr\u00eda florecer a gran profundidad debajo de la Tierra parece haber sio un ge\u00f3logo de Chicago llamado Edsom Bastin, all\u00e1 por los a\u00f1os veinte. Bast\u00edn se preguntaba por qu\u00e9 las aguas extra\u00eddas de los campos de petr\u00f3leo conten\u00eda sulfuro de hidr\u00f3geno. \u00c9l sugiri\u00f3 que el gas podr\u00eda haber sido producido por bacterias reductoras de sulfato que viven a gran profundidad en las bolsas de petr\u00f3leo.<\/p>\n<p style=\"text-align: justify;\"><img decoding=\"async\" loading=\"lazy\" src=\"https:\/\/sites.google.com\/site\/biologia4cs\/_\/rsrc\/1433960654330\/unidad-1\/panspermia%201.jpg\" alt=\"Resultado de imagen de Actividad biol\u00f3gica por todas partes\" width=\"304\" height=\"202\" \/><\/p>\n<p style=\"text-align: justify;\">En 1984 se encontr\u00f3 un meteorito marciano en la Ant\u00e1rtida con restos de posible actividad biol\u00f3gica lo cual puso otra vez a esta teor\u00eda en consideraci\u00f3n. En los lugares \u00b4m\u00e1s insospechados han encontrado mol\u00e9culas y az\u00facares que son esenciales para la vida.<\/p>\n<p style=\"text-align: justify;\">Lo cierto es que, por todas partes, est\u00e1n presentes m\u00faltiples indicadores de actividad biol\u00f3gica a gran profundidad por debajo de la superficie de la Tierra. Esa hubiera sido la realidad en los tiempos de Verne si los ge\u00f3logos hubieran sabido buscar de manera adecuada. Hasta los a\u00f1os sesenta no se descubrieron dep\u00f3sitos minerales subterr\u00e1neios que parec\u00edan haber sido precipitados por microbios. Hierro, Azufre, Manganeza, Zinc y otras sustancias que se sab\u00eda eran utilizadas por las bacterias, aparec\u00edan concentradas en forma sospechosa. De hecho, un estudiante australiano de la Universidad de Londres, Lloyd Hanilton, descubri\u00f3 formas inequ\u00edvocas de microbios f\u00f3siles en vetas de mineral de jaspe. \u00c9l concluy\u00f3 que \u00e9stas eran vestigios de microbios precipitadores de hierro que se habian hecho un hogar en los poros de las rocas.<\/p>\n<p style=\"text-align: justify;\"><img decoding=\"async\" loading=\"lazy\" src=\"https:\/\/upload.wikimedia.org\/wikipedia\/commons\/thumb\/e\/e4\/Martialis_heureka_CASENT0106181_1.jpg\/800px-Martialis_heureka_CASENT0106181_1.jpg\" alt=\"Martialis heureka CASENT0106181 1.jpg\" width=\"487\" height=\"366\" \/><\/p>\n<p style=\"text-align: justify;\">Martialis heureka, hormiga ciega adaptada a la vida subterr\u00e1nea, de aspecto tan extra\u00f1o que tambi\u00e9n es llamada &#8220;hormiga marciana&#8221;. Foto: Christian Rabelin. No deber\u00edamos sorprendernos al hallar formas extra\u00f1as de vida en lugares imposibles y en los que ni pod\u00edamos imagfinar que existieran.<\/p>\n<p style=\"text-align: justify;\">A pesar de la evidencia creciente de la vida subterr\u00e1nea,\u00a0 la opini\u00f3n dominante de que la corteza de la Tierra es est\u00e9ril no empez\u00f3 realmente a cambiar hasta finales de los a\u00f1os sesenta. Los gobiernos trataban de investigar sobre la reducci\u00f3n de los residuos nucleares, c\u00f3mo eliminarlos. El material radiactivo hab\u00eda sido enterrado en estratos profundos sobre la hip\u00f3tesis de que nada podr\u00eda sucederle. Sin embargo, estudios del agua subterr\u00e1nea ya hab\u00edan sugerido que las bacterias ya podr\u00edan aquellos dep\u00f3sitos del subsuelo, y muestras de rocas extra\u00eddas de sondeos revelaban se\u00f1ales de tal presencia del mundo bacteriano y, si los microbios pod\u00edan invadir los acu\u00edferos profundos tambi\u00e9n podr\u00edan entrar en los vertederos nucleares subterr\u00e1neos y corroer los recipientes contenedores para liberar, con el tiempo, los residuos. Preocupaciones an\u00e1logas invadieron el mundo del petr\u00f3leo cuando se descubri\u00f3 que, de la misma manera, las bacterias tambi\u00e9n pod\u00edan onfiltrarse en las reservas de crudo y correonperlos.<\/p>\n<p style=\"text-align: justify;\"><img decoding=\"async\" loading=\"lazy\" src=\"http:\/\/html.rincondelvago.com\/000351760.png\" alt=\"Bacterias\" width=\"657\" height=\"423\" \/><\/p>\n<p style=\"text-align: justify;\">Cada ser vivo, dentro de su entorno, busca el medio de cubrir sus necesidades metab\u00f3licas y, en algunos casos, lo hacen de la manera m\u00e1s asombrosa que podamos imaginar. Colonias de miles de millones de estos dimunutos \u201cpersonajillos\u201d proliferan en los lugares m\u00e1s incre\u00edbles de la Tierra, los oc\u00e9anos y las profundidas terres\u2026tambi\u00e9n se han localizado en la atm\u00f3sfera a respetables alturas. El estudio de lo que cada una de ellas pueden hacer, no s\u00f3lo es fascinante sino que, en no pocas ocasiones, hacen posible que nosotros, los humanos, podamos estar tan c\u00f3modamente instalados en un planeta de cuya atm\u00f3sfera y medio ambiente, son responsables los diminutos procariotas.<\/p>\n<p style=\"text-align: justify;\"><img decoding=\"async\" loading=\"lazy\" id=\"irc_mi\" src=\"https:\/\/microbewiki.kenyon.edu\/images\/2\/2e\/Infernus.jpeg\" alt=\"\" width=\"208\" height=\"242\" \/><\/p>\n<p style=\"text-align: justify;\">Todos recordareis aquellos que, bautizados como Bacillus infernus, fueron encontrados en profundos pozos de m\u00e1s de 3 km de profundidad en los sedimentos del Tri\u00e1sico en la cuenca Taylorsville en Virginia, Estados Unidos. Descubrieron hiperterm\u00f3filos \u00fanicos en forma de bast\u00f3n, entre los que se inclu\u00edan los antes nombrados.<\/p>\n<p style=\"text-align: justify;\"><img decoding=\"async\" loading=\"lazy\" id=\"irc_mi\" src=\"http:\/\/ram.meteored.com\/numero31\/IMAGENES\/nanobacteria.jpg\" alt=\"\" width=\"524\" height=\"393\" \/><\/p>\n<p style=\"text-align: justify;\">\u00a0\u00a0\u00a0\u00a0\u00a0\u00a0\u00a0\u00a0\u00a0\u00a0\u00a0\u00a0\u00a0\u00a0\u00a0\u00a0\u00a0\u00a0\u00a0\u00a0\u00a0\u00a0\u00a0\u00a0\u00a0\u00a0\u00a0\u00a0\u00a0\u00a0\u00a0\u00a0\u00a0\u00a0\u00a0\u00a0\u00a0\u00a0\u00a0\u00a0\u00a0\u00a0\u00a0\u00a0 Nanobacterias halladas en las nubes<\/p>\n<p style=\"text-align: justify;\">Est\u00e1 claro a partir de todos los descubrimientos llevados a cabo que,\u00a0 la Tierra posee un submundo viviente generalizado cuya basta extensi\u00f3n s\u00f3lo ahora se est\u00e1 revelando. Si las bacterias proliferan a una profundidad de medio kil\u00f3metro o m\u00e1s, como los ex\u00e1menes sugieren, entonces, sumando sobre todo el planeta, ellas dar\u00edan parte del diez por ciento de toda la biomasa de la Tierra. Y, la estimaci\u00f3n podr\u00eda ser mayor, ya que, se sospecha que, a mayior profundidad tambi\u00e9n podr\u00edan estar presentes estos \u201cseres diminutos\u201d que aguantan temperaturas de m\u00e1s de 110 grados Celcius (en unos 4 kil\u00f3metros de profundidad).<\/p>\n<p style=\"text-align: justify;\"><img decoding=\"async\" src=\"http:\/\/farm3.static.flickr.com\/2662\/4089800366_5fcd5a008d.jpg\" alt=\"http:\/\/farm3.static.flickr.com\/2662\/4089800366_5fcd5a008d.jpg\" \/><img decoding=\"async\" src=\"http:\/\/2.bp.blogspot.com\/_WvAuuRpIQT0\/S26hhZsAm_I\/AAAAAAAAGAY\/5pMLSG7rl6c\/s1600\/sopaft8.jpg\" alt=\"\" \/><\/p>\n<p style=\"text-align: justify;\">Desde la especulaci\u00f3n infomal de Darwin de que la vida empez\u00f3 en alguna pequela charca caliente, la sabidur\u00eda convencional ha consistido en que la vida es y siempre fue un fen\u00f3meno de superficie. El descubrimiento de la Biosfera profunda y caliente ha alterado espectacularmente esta visi\u00f3n. Si la vida puede florecer muy por debajo de la superficvie de la Tierra, quiz\u00e1 deber\u00edamos mirar hacia abajo en busca el crisol en el que se forj\u00f3 el primer ser vivo.<\/p>\n<p style=\"text-align: justify;\">\u00a0<img decoding=\"async\" loading=\"lazy\" title=\"Unas raras criaturas aparecen varios kil\u00f3metros bajo la superficie de la Tierra\" src=\"http:\/\/www.abc.es\/Media\/201106\/02\/mephisto_worm--644x362.jpg\" alt=\"Unas raras criaturas aparecen varios kil\u00f3metros bajo la superficie de la Tierra\" width=\"644\" height=\"362\" \/><\/p>\n<p style=\"text-align: justify;\">\u00bfOs acord\u00e1is cuando sali\u00f3 aquella noticia? &#8220;Unas raras criaturas aparecen varios kil\u00f3metros bajo la superficie de la Tierra. Las especies, entre ellas una jam\u00e1s vista antes, soportan temperaturas de hasta 48 grados en las profundidades donde no se cre\u00eda posible que existiera la vida compleja. Desde su descubrimiento hace m\u00e1s de dos d\u00e9cadas, la biosfera del subsuelo profundo ha sido considerada como el reino de los organismos unicelulares, un reino que se extiende m\u00e1s de tres kil\u00f3metros bajo la corteza de la Tierra. Las limitaciones de temperatura, energ\u00eda, ox\u00edgeno y el espacio parec\u00edan excluir la posibilidad de una vida m\u00e1s compleja. Los cient\u00edficos no cre\u00edan que organismos multicelulares podr\u00edan vivir en esas profundidades, pero se equivocaban.<\/p>\n<p style=\"text-align: justify;\">Seg\u00fan los expertos, parecen que son varias las razones por las que un lugar en el subsuelo marino -o, mejor a\u00fan, en los sedimentos rocosos bajo el mismo- parece el emplazamiento natural m\u00e1s prometedor para el origen y la evoluci\u00f3n temprana de la vida. La m\u00e1s obvia concierne a la continua amenaza de impactos c\u00f3smicos que proliferan en aquellos primeros momentos cuando la Tierra era joven. La violencia del intenso bombardeo habr\u00eda esterilizado efectivamente la superficie de la Tierra una y otra vez. Con rocas vaporizadas haciendo hervir los oc\u00e9anos y fundiendo la Tierra, las condiciones habr\u00edan sido letales al menos hasta una profundidad de decenas de metros. Sin embargo, a m\u00e1s profundidad, los organismos habr\u00edan podido soportar incluso los mayores impactos.<\/p>\n<p style=\"text-align: justify;\">As\u00ed, de alguna manera, Julio Verne se sal\u00eda con la suya aunque, de una manera menos deslumbrante y con escenarios muy diferentes a los que el nos ofrec\u00eda en sus magnificos relatos.<\/p>\n<p style=\"text-align: justify;\"><img decoding=\"async\" loading=\"lazy\" id=\"il_fi\" src=\"http:\/\/ficus.pntic.mec.es\/jres0014\/images\/verne.jpg\" alt=\"\" width=\"340\" height=\"340\" \/><img decoding=\"async\" id=\"BLOGGER_PHOTO_ID_5650782662002685122\" src=\"http:\/\/1.bp.blogspot.com\/-iaHM4jRPaiI\/Tmuc5FebNMI\/AAAAAAAAAxA\/5LabxyXsciw\/s400\/viaje-al-centro-de-la-tierra.jpg\" alt=\"\" border=\"0\" \/><\/p>\n<p style=\"text-align: justify;\">Al final resulta que, el visionario Verne, pod\u00eda llevar raz\u00f3n y, la Vida, s\u00ed estaba presente en las profundidades de la Tierra aunque, con menos fantas\u00eda de la que el volv\u00f3 en sus historia. Seguramente, le habr\u00eda encantado poder ver alguna de esas pel\u00edculas que han proliferado para hacernos disfrutar con sus historias \u201chechas realidad\u201d en el cine.<\/p>\n<p style=\"text-align: justify;\">\u00a1La Vida! Seg\u00fan la entiendo,\u00a0 se abrir\u00e1 paso en cualquier medio que le de la m\u00e1s m\u00ednima oportunidad.<\/p>\n<p style=\"text-align: justify;\">emilio silvera<\/p>\n<div class='bookmark'>\r\n\t\t<table align='left' border='0' cellpadding='0' width='100%'>\r\n\t\t<tr><td><span class='pushbutton'><a href='http:\/\/delicious.com\/post?url=http%3A%2F%2Fwww.emiliosilveravazquez.com%2Fblog%2F2016%2F09%2F06%2F%25c2%25a1la-vida-%25c2%25bfen-las-profundidades-de-la-tierra-3%2F&amp;title=%C2%A1La+Vida%21+%C2%BFEn+las+profundidades+de+la+Tierra%3F' title='Delicious' target='_blank' rel='nofollow'><img src='http:\/\/www.emiliosilveravazquez.com\/blog\/wp-content\/plugins\/knxdt-bookmarks-wordpress-plugin\/images\/delicious.png'  alt='' class='book_img' border='none' style='margin:1px; padding: 0;'  \/><\/a><\/span><span class='pushbutton'><a href='http:\/\/digg.com\/submit?url=http%3A%2F%2Fwww.emiliosilveravazquez.com%2Fblog%2F2016%2F09%2F06%2F%25c2%25a1la-vida-%25c2%25bfen-las-profundidades-de-la-tierra-3%2F&amp;title=%C2%A1La+Vida%21+%C2%BFEn+las+profundidades+de+la+Tierra%3F' title='Digg' target='_blank' rel='nofollow'><img src='http:\/\/www.emiliosilveravazquez.com\/blog\/wp-content\/plugins\/knxdt-bookmarks-wordpress-plugin\/images\/digg.png'  alt='' class='book_img' border='none' style='margin:1px; padding: 0;'  \/><\/a><\/span><span class='pushbutton'><a href='http:\/\/www.google.com\/bookmarks\/mark?op=edit&amp;bkmk=http%3A%2F%2Fwww.emiliosilveravazquez.com%2Fblog%2F2016%2F09%2F06%2F%25c2%25a1la-vida-%25c2%25bfen-las-profundidades-de-la-tierra-3%2F&amp;title=%C2%A1La+Vida%21+%C2%BFEn+las+profundidades+de+la+Tierra%3F' title='Google' target='_blank' rel='nofollow'><img src='http:\/\/www.emiliosilveravazquez.com\/blog\/wp-content\/plugins\/knxdt-bookmarks-wordpress-plugin\/images\/google.png'   alt='' class='book_img' border='none' style='margin:1px; padding: 0;'  \/><\/a><\/span><span class='pushbutton'><a href='http:\/\/myweb2.search.yahoo.com\/myresults\/bookmarklet?u=http%3A%2F%2Fwww.emiliosilveravazquez.com%2Fblog%2F2016%2F09%2F06%2F%25c2%25a1la-vida-%25c2%25bfen-las-profundidades-de-la-tierra-3%2F&amp;t=%C2%A1La+Vida%21+%C2%BFEn+las+profundidades+de+la+Tierra%3F' title='Yahoo' target='_blank' rel='nofollow'><img src='http:\/\/www.emiliosilveravazquez.com\/blog\/wp-content\/plugins\/knxdt-bookmarks-wordpress-plugin\/images\/yahoo.png'  alt='' class='book_img' border='none' style='margin:1px; padding: 0;'  \/><\/a><\/span><span class='pushbutton'><a href='http:\/\/www.technorati.com\/faves?add=http%3A%2F%2Fwww.emiliosilveravazquez.com%2Fblog%2F2016%2F09%2F06%2F%25c2%25a1la-vida-%25c2%25bfen-las-profundidades-de-la-tierra-3%2F' title='Technorati' target='_blank' rel='nofollow'><img src='http:\/\/www.emiliosilveravazquez.com\/blog\/wp-content\/plugins\/knxdt-bookmarks-wordpress-plugin\/images\/technorati.png'  alt='' class='book_img' border='none' style='margin:1px; padding: 0;'  \/><\/a><\/span><span class='pushbutton'><a href='http:\/\/meneame.net\/submit.php?url=http%3A%2F%2Fwww.emiliosilveravazquez.com%2Fblog%2F2016%2F09%2F06%2F%25c2%25a1la-vida-%25c2%25bfen-las-profundidades-de-la-tierra-3%2F' title='Meneame' target='_blank' rel='nofollow'><img src='http:\/\/www.emiliosilveravazquez.com\/blog\/wp-content\/plugins\/knxdt-bookmarks-wordpress-plugin\/images\/meneame.png'  alt='' class='book_img' border='none' style='margin:1px; padding: 0;'  \/><\/a><\/span><span class='pushbutton'><a href='http:\/\/enchilame.com\/submit.php?url=http:\/\/www.emiliosilveravazquez.com\/blog\/2016\/09\/06\/%c2%a1la-vida-%c2%bfen-las-profundidades-de-la-tierra-3\/' target='_blank' rel='nofollow'><img title='Enchilame' src='http:\/\/www.emiliosilveravazquez.com\/blog\/wp-content\/plugins\/knxdt-bookmarks-wordpress-plugin\/images\/enchilame.png'  alt='' class='book_img' border='none' style='margin:1px; padding: 0;'  \/><\/a><\/span><span class='pushbutton'><a href='http:\/\/www.blinklist.com\/index.php?Action=Blink\/addblink.php&amp;Description=&amp;Url=http%3A%2F%2Fwww.emiliosilveravazquez.com%2Fblog%2F2016%2F09%2F06%2F%25c2%25a1la-vida-%25c2%25bfen-las-profundidades-de-la-tierra-3%2F&amp;title=%C2%A1La+Vida%21+%C2%BFEn+las+profundidades+de+la+Tierra%3F' title='BlinkList' target='_blank' rel='nofollow'><img src='http:\/\/www.emiliosilveravazquez.com\/blog\/wp-content\/plugins\/knxdt-bookmarks-wordpress-plugin\/images\/blinklist.png'  alt='' class='book_img' border='none' style='margin:1px; padding: 0;'  \/><\/a><\/span><span class='pushbutton'><a href='http:\/\/reddit.com\/submit?url=http%3A%2F%2Fwww.emiliosilveravazquez.com%2Fblog%2F2016%2F09%2F06%2F%25c2%25a1la-vida-%25c2%25bfen-las-profundidades-de-la-tierra-3%2F&amp;title=%C2%A1La+Vida%21+%C2%BFEn+las+profundidades+de+la+Tierra%3F' title='Reddit' target='_blank' rel='nofollow'><img src='http:\/\/www.emiliosilveravazquez.com\/blog\/wp-content\/plugins\/knxdt-bookmarks-wordpress-plugin\/images\/reddit.png'  alt='' class='book_img' border='none' style='margin:1px; padding: 0;'  \/><\/a><\/span><span class='pushbutton'><a href='http:\/\/www.tecnologiadiaria.com\/2009\/07\/abrir-com-hotmail-correo.html' target='_blank' title='hotmail'><img src='http:\/\/www.emiliosilveravazquez.com\/blog\/wp-content\/plugins\/knxdt-bookmarks-wordpress-plugin\/images\/linklove.png' alt='hotmail correo' class='book_img' border='none' style='margin:1px; padding: 0;' \/><\/a><\/span><span class='pushbutton'><a href='http:\/\/bitacoras.com\/votar\/anotacion\/externo\/mini\/www.emiliosilveravazquez.com\/blog\/2016\/09\/06\/%c2%a1la-vida-%c2%bfen-las-profundidades-de-la-tierra-3\/' title='Bitacoras.com' target='_blank' rel='nofollow'><img src='http:\/\/www.emiliosilveravazquez.com\/blog\/wp-content\/plugins\/knxdt-bookmarks-wordpress-plugin\/images\/bitacoras.png'  alt='' class='book_img' border='none' style='margin:1px; padding: 0;'  \/><\/a><\/span><span class='pushbutton'><a href='http:\/\/www.wikio.es\/vote?url=http%3A%2F%2Fwww.emiliosilveravazquez.com%2Fblog%2F2016%2F09%2F06%2F%25c2%25a1la-vida-%25c2%25bfen-las-profundidades-de-la-tierra-3%2F' title='Wikio' target='_blank' rel='nofollow'><img src='http:\/\/www.emiliosilveravazquez.com\/blog\/wp-content\/plugins\/knxdt-bookmarks-wordpress-plugin\/images\/wikio.png'   alt='' class='book_img' border='none' style='margin:1px; padding: 0;'   \/><\/a><\/span><span class='pushbutton'><a href='http:\/\/friendfeed.com\/?url=http%3A%2F%2Fwww.emiliosilveravazquez.com%2Fblog%2F2016%2F09%2F06%2F%25c2%25a1la-vida-%25c2%25bfen-las-profundidades-de-la-tierra-3%2F&amp;title=%C2%A1La+Vida%21+%C2%BFEn+las+profundidades+de+la+Tierra%3F' title='Friend Feed' target='_blank' rel='nofollow'><img src='http:\/\/www.emiliosilveravazquez.com\/blog\/wp-content\/plugins\/knxdt-bookmarks-wordpress-plugin\/images\/friendfeed.png'  alt='' class='book_img' border='none' style='margin:1px; padding: 0;'  \/><\/a><\/span><span class='pushbutton'><a href='http:\/\/www.facebook.com\/share.php?u=http%3A%2F%2Fwww.emiliosilveravazquez.com%2Fblog%2F2016%2F09%2F06%2F%25c2%25a1la-vida-%25c2%25bfen-las-profundidades-de-la-tierra-3%2F&amp;t=%C2%A1La+Vida%21+%C2%BFEn+las+profundidades+de+la+Tierra%3F' title='Facebook' target='_blank' rel='nofollow'><img src='http:\/\/www.emiliosilveravazquez.com\/blog\/wp-content\/plugins\/knxdt-bookmarks-wordpress-plugin\/images\/facebook.png'  alt='' class='book_img' border='none' style='margin:1px; padding: 0;'  \/><\/a><\/span><span class='pushbutton'><a href='http:\/\/twitter.com\/home?status=%C2%A1La+Vida%21+%C2%BFEn+las+profundidades+de+la+Tierra%3F: http%3A%2F%2Fwww.emiliosilveravazquez.com%2Fblog%2F2016%2F09%2F06%2F%25c2%25a1la-vida-%25c2%25bfen-las-profundidades-de-la-tierra-3%2F' title='Twitter' target='_blank' rel='nofollow'><img src='http:\/\/www.emiliosilveravazquez.com\/blog\/wp-content\/plugins\/knxdt-bookmarks-wordpress-plugin\/images\/twitter.png'  alt='' class='book_img' border='none' style='margin:1px; padding: 0;'  \/><\/a><\/span><span class='pushbutton'><a href='http:\/\/www.feedburner.com\/fb\/a\/emailFlare?itemTitle=%C2%A1La+Vida%21+%C2%BFEn+las+profundidades+de+la+Tierra%3F&amp;uri=http%3A%2F%2Fwww.emiliosilveravazquez.com%2Fblog%2F2016%2F09%2F06%2F%25c2%25a1la-vida-%25c2%25bfen-las-profundidades-de-la-tierra-3%2F' title='Enviar por Email' target='_blank' rel='nofollow'><img src='http:\/\/www.emiliosilveravazquez.com\/blog\/wp-content\/plugins\/knxdt-bookmarks-wordpress-plugin\/images\/email.png'  alt='' class='book_img' border='none' style='margin:1px; padding: 0;'  \/><\/a><\/span><span style='font-weight:bold; padding-left: 5px;'><a href='http:\/\/wordpress.org\/extend\/plugins\/knxdt-bookmarks-wordpress-plugin\/' title='Plugin' rel='nofollow' target='_blank'>[?]<\/a><\/span><\/td><\/tr><\/table><br\/><br\/><\/div>","protected":false},"excerpt":{"rendered":"<p>\u00ab Los misterios del Universo \u00bfSo\u00f1ar? \u00a1Siempre hemos so\u00f1ado! \u00bb En la aventura que nos contaba Julio Verne en su libro Viaje al centro de la Tierra, el famoso escritor de imaginaci\u00f3n desbordante narra la historia de una expedid\u00f3n al centro de la Tierra. Los exploradores intr\u00e9pidos y arriesgados aventureros descubren, con asombro, todo un [&hellip;]<\/p>\n","protected":false},"author":2,"featured_media":0,"comment_status":"open","ping_status":"open","sticky":false,"template":"","format":"standard","meta":{"_s2mail":"yes","footnotes":""},"categories":[204],"tags":[],"_links":{"self":[{"href":"http:\/\/www.emiliosilveravazquez.com\/blog\/wp-json\/wp\/v2\/posts\/16220"}],"collection":[{"href":"http:\/\/www.emiliosilveravazquez.com\/blog\/wp-json\/wp\/v2\/posts"}],"about":[{"href":"http:\/\/www.emiliosilveravazquez.com\/blog\/wp-json\/wp\/v2\/types\/post"}],"author":[{"embeddable":true,"href":"http:\/\/www.emiliosilveravazquez.com\/blog\/wp-json\/wp\/v2\/users\/2"}],"replies":[{"embeddable":true,"href":"http:\/\/www.emiliosilveravazquez.com\/blog\/wp-json\/wp\/v2\/comments?post=16220"}],"version-history":[{"count":0,"href":"http:\/\/www.emiliosilveravazquez.com\/blog\/wp-json\/wp\/v2\/posts\/16220\/revisions"}],"wp:attachment":[{"href":"http:\/\/www.emiliosilveravazquez.com\/blog\/wp-json\/wp\/v2\/media?parent=16220"}],"wp:term":[{"taxonomy":"category","embeddable":true,"href":"http:\/\/www.emiliosilveravazquez.com\/blog\/wp-json\/wp\/v2\/categories?post=16220"},{"taxonomy":"post_tag","embeddable":true,"href":"http:\/\/www.emiliosilveravazquez.com\/blog\/wp-json\/wp\/v2\/tags?post=16220"}],"curies":[{"name":"wp","href":"https:\/\/api.w.org\/{rel}","templated":true}]}}