{"id":16166,"date":"2016-09-01T05:05:51","date_gmt":"2016-09-01T04:05:51","guid":{"rendered":"http:\/\/www.emiliosilveravazquez.com\/blog\/?p=16166"},"modified":"2016-09-01T05:05:51","modified_gmt":"2016-09-01T04:05:51","slug":"de-tocar-el-violin-al-mundo-cuantico-de-einstein","status":"publish","type":"post","link":"http:\/\/www.emiliosilveravazquez.com\/blog\/2016\/09\/01\/de-tocar-el-violin-al-mundo-cuantico-de-einstein\/","title":{"rendered":"De tocar el viol\u00edn al mundo cu\u00e1ntico de Einstein"},"content":{"rendered":"<div id=\"elpais\" style=\"text-align: justify;\">REPORTAJE EN\u00a0 EL PA\u00cdS<\/div>\n<p style=\"text-align: justify;\">\n<header id=\"cabecera\"><\/header>\n<article itemscope=\"\" itemtype=\"http:\/\/schema.org\/NewsArticle\">\n<div id=\"articulo_interior\">\n<header id=\"articulo-encabezado\">\n<div id=\"articulo-titulares\">\n<div>\n<h2 style=\"text-align: justify;\">La f\u00edsica Leticia Tarruell simula materiales que todav\u00eda no existen en la naturaleza<\/h2>\n<\/div>\n<aside id=\"compartir_superior\"><\/aside>\n<\/div>\n<\/header>\n<\/div>\n<\/article>\n<p>&nbsp;<\/p>\n<p>&nbsp;<\/p>\n<p>&nbsp;<\/p>\n<p>&nbsp;<\/p>\n<p>&nbsp;<\/p>\n<p style=\"text-align: justify;\"><img decoding=\"async\" loading=\"lazy\" title=\"La f\u00edsica Leticia Tarruell, con miembros de su equipo, en el ICFO.\" src=\"http:\/\/ep01.epimg.net\/elpais\/imagenes\/2016\/06\/17\/ciencia\/1466173388_955365_1466175487_noticia_normal.jpg\" alt=\"La f\u00edsica Leticia Tarruell, con miembros de su equipo, en el ICFO.\" width=\"980\" height=\"654\" \/><\/p>\n<p style=\"text-align: justify;\">\u00a0\u00a0\u00a0\u00a0\u00a0\u00a0\u00a0\u00a0\u00a0\u00a0\u00a0\u00a0\u00a0\u00a0\u00a0\u00a0\u00a0\u00a0\u00a0\u00a0\u00a0\u00a0\u00a0\u00a0\u00a0 La f\u00edsica Leticia Tarruell, con miembros de su equipo, en el ICFO. Juan Barbosa<\/p>\n<div id=\"cuerpo_noticia\">\n<p style=\"text-align: justify;\">El nobel de F\u00edsica Richard Feynman, uno de los cient\u00edficos m\u00e1s brillantes del siglo XX, dej\u00f3 miles de frases memorables, como esta: \u201cLa f\u00edsica es como el sexo: seguro que tiene una utilidad pr\u00e1ctica, pero no es por eso que lo hacemos\u201d. En 1981, en <a href=\"https:\/\/people.eecs.berkeley.edu\/%7Echristos\/classics\/Feynman.pdf\" target=\"_blank\">una charla<\/a> en el Instituto Tecnol\u00f3gico de Massachusetts, Feynman, uno de los padres de la bomba at\u00f3mica, reflexion\u00f3 sobre el problema de simular con ordenadores cl\u00e1sicos la f\u00edsica cu\u00e1ntica, las asombrosas leyes que rigen el mundo de lo infinitamente peque\u00f1o. \u201cLa naturaleza no es cl\u00e1sica, joder, as\u00ed que si quieres hacer una simulaci\u00f3n de la naturaleza, ser\u00e1 mejor que la hagas mediante la mec\u00e1nica cu\u00e1ntica. Claro que es un problema maravilloso, porque no parece muy f\u00e1cil\u201d, proclam\u00f3.<\/p>\n<p style=\"text-align: justify;\"><img decoding=\"async\" loading=\"lazy\" src=\"http:\/\/qge.icfo.es\/website\/wp-content\/uploads\/2013\/07\/Doublon-decay.png\" alt=\"Resultado de imagen de Leticia Tarruell violinista\" width=\"300\" height=\"132\" \/><\/p>\n<p style=\"text-align: justify;\">Ese mismo a\u00f1o de 1981 naci\u00f3 en Madrid <a href=\"http:\/\/www.qge.icfo.es\/leticia\/\" target=\"_blank\">Leticia Tarruell<\/a>. Desde muy joven, iba para violinista. A los 21 a\u00f1os, hab\u00eda acabado los estudios finales en el Conservatorio Superior de M\u00fasica de San Lorenzo de El Escorial y tocaba el viol\u00edn en una orquesta de m\u00fasica de c\u00e1mara. Pero, como pasatiempo, hab\u00eda hecho en paralelo la licenciatura de F\u00edsica. \u201cMi proyecto principal era la m\u00fasica, la f\u00edsica era para pas\u00e1rmelo bien. Luego me di cuenta de que me gustaba m\u00e1s el proyecto secundario que el principal\u201d, recuerda.<\/p>\n<\/div>\n<div>\n<div>\n<p style=\"text-align: justify;\">Tarruell ha creado, por primera vez en Espa\u00f1a, un condensado de Bose-<a href=\"#\" onclick=\"referencia('einstein',event); return false;\">Einstein<\/a>, un nuevo estado de la materia predicho por Albert <a href=\"#\" onclick=\"referencia('einstein',event); return false;\">Einstein<\/a> hace 90 a\u00f1os<\/p>\n<p style=\"text-align: justify;\"><img decoding=\"async\" loading=\"lazy\" title=\"condensado-bose-einstein\" src=\"http:\/\/teresaversyp.com\/wp-content\/uploads\/2009\/08\/condensado-bose-einstein.jpg\" alt=\"condensado-bose-einstein\" width=\"418\" height=\"279\" \/><\/p>\n<\/div>\n<\/div>\n<p style=\"text-align: justify;\">Hoy, Tarruell hace realidad el sue\u00f1o de Feynman. En su laboratorio del Instituto de Ciencias Fot\u00f3nicas (ICFO), en Castelldefels (Barcelona), ha construido un simulador cu\u00e1ntico: una m\u00e1quina que enfr\u00eda \u00e1tomos hasta casi el cero absoluto (menos de -273 grados) y permite manipularlos a voluntad para simular, por ejemplo, materiales que todav\u00eda no existen, como superconductores de electricidad a temperatura ambiente. Su trabajo se ha publicado en revistas como <a href=\"http:\/\/science.sciencemag.org\/content\/early\/2013\/05\/22\/science.1236362\" target=\"_blank\"><em>Science<\/em><\/a> y <a href=\"http:\/\/www.nature.com\/nature\/journal\/v483\/n7389\/\/full\/nature10871.html\" target=\"_blank\"><em>Nature<\/em><\/a>. Y acaba de recibir el premio al mejor investigador novel en f\u00edsica experimental otorgado por la Real Sociedad Espa\u00f1ola de F\u00edsica y la Fundaci\u00f3n BBVA.<\/p>\n<p style=\"text-align: justify;\"><img decoding=\"async\" loading=\"lazy\" src=\"http:\/\/www.doslourdes.net\/MUSviolin_ficha.gif\" alt=\"Resultado de imagen de El violin\" width=\"183\" height=\"249\" \/><\/p>\n<p style=\"text-align: justify;\">\u201cLa m\u00fasica y la investigaci\u00f3n se parecen bastante. Aprendes cosas nuevas todo el rato y tambi\u00e9n es un trabajo en equipo\u201d, reflexiona. En 2002, Tarruell cogi\u00f3 su viol\u00edn y se fue de beca Erasmus a la Universidad Par\u00eds 7, en la capital francesa. All\u00ed conoci\u00f3 el mundo de los \u00e1tomos ultrafr\u00edos. \u201cIba para seis meses y me qued\u00e9 seis a\u00f1os\u201d, rememora.<\/p>\n<p style=\"text-align: justify;\"><img decoding=\"async\" loading=\"lazy\" src=\"http:\/\/static.batanga.com\/sites\/default\/files\/curiosidades.batanga.com\/files\/Curiosidades-sobre-la-Torre-Eiffel.jpg\" alt=\"Resultado de imagen de La Torre Eiffel\" width=\"304\" height=\"203\" \/><\/p>\n<p style=\"text-align: justify;\">Tras pasar cuatro a\u00f1os en la Escuela Polit\u00e9cnica Federal de Z\u00farich (Suiza) y ganar una plaza fija en el Centro Nacional para la Investigaci\u00f3n Cient\u00edfica franc\u00e9s, Tarruell regres\u00f3 a su pa\u00eds de nacimiento en 2013. Es un cerebro fugado y recuperado. \u201cLlevaba toda la vida diciendo que era una pena que no se hicieran m\u00e1s experimentos as\u00ed en Espa\u00f1a y que si un d\u00eda me sal\u00eda la oportunidad volver\u00eda. Si te dan la oportunidad y no vuelves, te tienes que tragar todo lo que has dicho de que tiene que haber m\u00e1s investigaci\u00f3n en Espa\u00f1a\u201d, recuerda entre risas.<\/p>\n<p style=\"text-align: justify;\">\n<section id=\"sumario_2|foto\"><a name=\"sumario_2\"><\/a><\/section>\n<section><\/section>\n<section><a name=\"sumario_2\"><\/a><\/section>\n<section id=\"sumario_2|foto\">\n<div>\n<figure itemprop=\"image\" itemscope=\"\" itemtype=\"http:\/\/schema.org\/ImageObject\"> <a title=\"ampliar foto\"> <img decoding=\"async\" loading=\"lazy\" title=\"Leticia Tarruell, con su simulador cu\u00e1ntico, en el ICFO.\" src=\"http:\/\/ep01.epimg.net\/elpais\/imagenes\/2016\/06\/17\/ciencia\/1466173388_955365_1466176982_sumario_normal.jpg\" alt=\"Leticia Tarruell, con su simulador cu\u00e1ntico, en el ICFO.\" width=\"980\" height=\"653\" \/> <\/a><\/figure>\n<\/div>\n<\/section>\n<p>&nbsp;<\/p>\n<p>&nbsp;<\/p>\n<p>&nbsp;<\/p>\n<p style=\"text-align: justify;\"><figcaption itemprop=\"caption\">\n<div>\u00a0\u00a0\u00a0\u00a0\u00a0\u00a0\u00a0\u00a0\u00a0\u00a0\u00a0\u00a0\u00a0\u00a0\u00a0\u00a0\u00a0\u00a0\u00a0\u00a0\u00a0\u00a0\u00a0\u00a0\u00a0\u00a0\u00a0\u00a0\u00a0\u00a0 Leticia Tarruell, con su simulador cu\u00e1ntico, en el ICFO. Juan Barbosa<\/div>\n<\/figcaption>&nbsp;<\/p>\n<p>&nbsp;<\/p>\n<p style=\"text-align: justify;\">El equipo de Tarruell ha realizado m\u00e1s de 700 pedidos de piezas para construir su m\u00e1quina. \u201cEnfriar un \u00e1tomo es reducir su velocidad. Cuanto m\u00e1s lentos van, m\u00e1s fr\u00edos est\u00e1n\u201d, se\u00f1ala la f\u00edsica. Su artilugio se queda a tan solo decenas de milmillon\u00e9simas de grado del cero absoluto. A esa temperatura, el \u00e1tomo casi no se mueve y se pueden medir muy bien sus caracter\u00edsticas. Un \u00e1tomo de cesio-133, por ejemplo, produce 9.192.631.770 oscilaciones en un segundo si est\u00e1 a 273 grados bajo cero. Ni una m\u00e1s, ni una menos. Desde 1967, un segundo de tiempo se define como la duraci\u00f3n de <a href=\"http:\/\/elpais.com\/elpais\/2015\/06\/30\/ciencia\/1435619657_576120.html\" target=\"_blank\">9.192.631.770 oscilaciones<\/a> de un \u00e1tomo de cesio-133. Los \u00e1tomos ultrafr\u00edos miden el tiempo de nuestras vidas.<\/p>\n<p style=\"text-align: justify;\"><img decoding=\"async\" loading=\"lazy\" src=\"http:\/\/66.media.tumblr.com\/235105bd4dd4ef31b6f2be15cdaa800b\/tumblr_inline_nfp60oikh01r8o29x.jpg\" alt=\"Resultado de imagen de Leticia Tarruell y los \u00e1tomos\" width=\"304\" height=\"182\" \/><img decoding=\"async\" loading=\"lazy\" src=\"http:\/\/ep01.epimg.net\/elpais\/imagenes\/2016\/06\/10\/ciencia\/1465574384_081059_1465574836_noticia_normal.jpg\" alt=\"Resultado de imagen de Leticia Tarruell y los \u00e1tomos ultrafr\u00edos\" width=\"304\" height=\"194\" \/><\/p>\n<p style=\"text-align: justify;\">\u201cNosotros metemos los \u00e1tomos en una trampa, que hacemos con campos magn\u00e9ticos o con <a href=\"#\" onclick=\"referencia('laser',event); return false;\">l\u00e1seres<\/a> que focalizamos mucho. Si los enfriamos lo suficiente, entran en un r\u00e9gimen cu\u00e1ntico\u201d, detalla la investigadora. Cuando est\u00e1n muy calientes, a\u00f1ade, los \u00e1tomos son como bolas de billar: part\u00edculas que se mueven muy r\u00e1pido y chocan entre ellas. Pero cuando se enfr\u00edan, se empiezan a comportar tambi\u00e9n como ondas. Entran en juego las fascinantes leyes que rigen el mundo invisible. La misma part\u00edcula puede estar en dos sitios a la vez.<\/p>\n<p style=\"text-align: justify;\">Algunos f\u00edsicos te\u00f3ricos, como los espa\u00f1oles Ignacio Cirac y Oriol Romero-Isart, han propuesto investigar si un animal, enfriado hasta el cero absoluto, puede estar <a href=\"http:\/\/esmateria.com\/2013\/05\/25\/queremos-explorar-si-es-posible-que-un-animal-este-en-dos-sitios-a-la-vez\/\" target=\"_blank\">en dos sitios a la vez<\/a>. Ser\u00eda un animal microsc\u00f3pico, por supuesto: el oso de agua, un invertebrado de unos 0,5 mil\u00edmetros. F\u00edsicos experimentales como Tarruell ser\u00e1n los encargados de averiguarlo en el futuro, cuando la tecnolog\u00eda est\u00e9 lista.<\/p>\n<div>\n<div>\n<p style=\"text-align: justify;\">El &#8216;santo grial&#8217; de este campo de investigaci\u00f3n es encontrar un material superconductor de electricidad a temperatura ambiente<\/p>\n<p style=\"text-align: justify;\"><img decoding=\"async\" loading=\"lazy\" src=\"http:\/\/9www.ecestaticos.com\/imagestatic\/clipping\/969\/85e\/cec\/96985ecec0f22096c26790fb856df154\/los-superconductores-a-temperatura-ambiente-un-paso-mas-cerca.jpg?mtime=1419368715\" alt=\"Resultado de imagen de encontrar un material superconductor de electricidad a temperatura ambiente\" width=\"304\" height=\"136\" \/><\/p>\n<p style=\"text-align: justify;\">La superconductividad permite la levitaci\u00f3n magn\u00e9tica de ciertos materiales<\/p>\n<\/div>\n<\/div>\n<p style=\"text-align: justify;\">De momento, la principal l\u00ednea de investigaci\u00f3n del grupo de Tarruell es intentar entender las propiedades de sistemas cu\u00e1nticos de muchas part\u00edculas. \u201cUna sola part\u00edcula no se comporta igual que 100.000 cuando interact\u00faan entre ellas. Me interesa saber qu\u00e9 tipo de nuevo comportamiento colectivo aparece. Pasa igual en la sociedad. No por entender a dos o tres personas entiendes c\u00f3mo funciona la sociedad. En la mec\u00e1nica cu\u00e1ntica es lo mismo\u201d, aclara.<\/p>\n<p style=\"text-align: justify;\">Hace un a\u00f1o, el equipo de Tarruell cre\u00f3, por primera vez en Espa\u00f1a, <a href=\"http:\/\/elpais.com\/diario\/2005\/06\/22\/futuro\/1119391201_850215.html\" target=\"_blank\">un condensado de Bose-<a href=\"#\" onclick=\"referencia('einstein',event); return false;\">Einstein<\/a><\/a>, un estado de la materia que se obtiene a temperaturas cercanas al cero absoluto, en el que todas las part\u00edculas se encuentran en el mismo estado y se pueden manipular f\u00e1cilmente: colocarlas en l\u00ednea o formando un plano o una estructura tridimensional. El concepto del condensado de Bose-<a href=\"#\" onclick=\"referencia('einstein',event); return false;\">Einstein<\/a> surgi\u00f3 en la d\u00e9cada de 1920, cuando un desconocido f\u00edsico de Calcuta (India), Satyendra Nath Bose, envi\u00f3 un manuscrito a Albert <a href=\"#\" onclick=\"referencia('einstein',event); return false;\">Einstein<\/a> con las ideas fundacionales. En 1995, 70 a\u00f1os despu\u00e9s de la predicci\u00f3n de este nuevo estado de la materia, los f\u00edsicos estadounidenses Eric Cornell y Carl Wieman lograron un condensado de Bose-<a href=\"#\" onclick=\"referencia('einstein',event); return false;\">Einstein<\/a>. Ganaron el premio Nobel de F\u00edsica por ello.<\/p>\n<p style=\"text-align: justify;\"><img decoding=\"async\" loading=\"lazy\" src=\"http:\/\/noticiasdelaciencia.com\/upload\/img\/periodico\/img_23509.jpg\" alt=\"Resultado de imagen de encontrar un material superconductor de electricidad a temperatura ambiente\" width=\"304\" height=\"255\" \/><\/p>\n<p style=\"text-align: justify;\">El <em>santo grial<\/em> de este campo de investigaci\u00f3n es encontrar un material superconductor de electricidad a temperatura ambiente. Las empresas el\u00e9ctricas a\u00f1aden <a href=\"https:\/\/blog.cnmc.es\/2016\/02\/08\/las-perdidas-en-el-sistema-electrico\/\" target=\"_blank\">aproximadamente un 15%<\/a> al consumo medido por un contador para compensar las p\u00e9rdidas en forma de calor en las redes de transporte con cables de cobre. Un superconductor ahorrar\u00eda miles de millones de euros y una cantidad ingente de emisiones de CO<sub>2<\/sub>, gas responsable del cambio clim\u00e1tico generado, por ejemplo, al quemar carb\u00f3n para producir electricidad.<\/p>\n<p style=\"text-align: justify;\">Algunos materiales se comportan como superconductores a temperaturas ultrafr\u00edas. \u201cUno de los objetivos es ver c\u00f3mo funcionan estos materiales, porque si alguien entiende su funcionamiento a lo mejor averigua qu\u00e9 hay que hacer para que funcionen a temperatura ambiente\u201d, apunta Tarruell. En lugar de trabajar con <a href=\"#\" onclick=\"referencia('electron',event); return false;\">electrones<\/a>, personajes esenciales de los superconductores, pero m\u00e1s indomables, la investigadora trabaja con \u00e1tomos de potasio, domesticables cuando se llevan al estado de condensado de Bose-<a href=\"#\" onclick=\"referencia('einstein',event); return false;\">Einstein<\/a>. \u201cEs como un Lego cu\u00e1ntico. Podemos fabricar casi cualquier cosa cu\u00e1ntica que se nos ocurra\u201d, indica Tarruell. Incluyendo materiales que no existen en la naturaleza. Es el sue\u00f1o que tuvo el nobel Richard Feynman en 1981. Cuando naci\u00f3 Leticia Tarruell.<\/p>\n<div class='bookmark'>\r\n\t\t<table align='left' border='0' cellpadding='0' width='100%'>\r\n\t\t<tr><td><span class='pushbutton'><a href='http:\/\/delicious.com\/post?url=http%3A%2F%2Fwww.emiliosilveravazquez.com%2Fblog%2F2016%2F09%2F01%2Fde-tocar-el-violin-al-mundo-cuantico-de-einstein%2F&amp;title=De+tocar+el+viol%C3%ADn+al+mundo+cu%C3%A1ntico+de+Einstein' title='Delicious' target='_blank' rel='nofollow'><img src='http:\/\/www.emiliosilveravazquez.com\/blog\/wp-content\/plugins\/knxdt-bookmarks-wordpress-plugin\/images\/delicious.png'  alt='' class='book_img' border='none' style='margin:1px; padding: 0;'  \/><\/a><\/span><span class='pushbutton'><a href='http:\/\/digg.com\/submit?url=http%3A%2F%2Fwww.emiliosilveravazquez.com%2Fblog%2F2016%2F09%2F01%2Fde-tocar-el-violin-al-mundo-cuantico-de-einstein%2F&amp;title=De+tocar+el+viol%C3%ADn+al+mundo+cu%C3%A1ntico+de+Einstein' title='Digg' target='_blank' rel='nofollow'><img src='http:\/\/www.emiliosilveravazquez.com\/blog\/wp-content\/plugins\/knxdt-bookmarks-wordpress-plugin\/images\/digg.png'  alt='' class='book_img' border='none' style='margin:1px; padding: 0;'  \/><\/a><\/span><span class='pushbutton'><a href='http:\/\/www.google.com\/bookmarks\/mark?op=edit&amp;bkmk=http%3A%2F%2Fwww.emiliosilveravazquez.com%2Fblog%2F2016%2F09%2F01%2Fde-tocar-el-violin-al-mundo-cuantico-de-einstein%2F&amp;title=De+tocar+el+viol%C3%ADn+al+mundo+cu%C3%A1ntico+de+Einstein' title='Google' target='_blank' rel='nofollow'><img src='http:\/\/www.emiliosilveravazquez.com\/blog\/wp-content\/plugins\/knxdt-bookmarks-wordpress-plugin\/images\/google.png'   alt='' class='book_img' border='none' style='margin:1px; padding: 0;'  \/><\/a><\/span><span class='pushbutton'><a href='http:\/\/myweb2.search.yahoo.com\/myresults\/bookmarklet?u=http%3A%2F%2Fwww.emiliosilveravazquez.com%2Fblog%2F2016%2F09%2F01%2Fde-tocar-el-violin-al-mundo-cuantico-de-einstein%2F&amp;t=De+tocar+el+viol%C3%ADn+al+mundo+cu%C3%A1ntico+de+Einstein' title='Yahoo' target='_blank' rel='nofollow'><img src='http:\/\/www.emiliosilveravazquez.com\/blog\/wp-content\/plugins\/knxdt-bookmarks-wordpress-plugin\/images\/yahoo.png'  alt='' class='book_img' border='none' style='margin:1px; padding: 0;'  \/><\/a><\/span><span class='pushbutton'><a href='http:\/\/www.technorati.com\/faves?add=http%3A%2F%2Fwww.emiliosilveravazquez.com%2Fblog%2F2016%2F09%2F01%2Fde-tocar-el-violin-al-mundo-cuantico-de-einstein%2F' title='Technorati' target='_blank' rel='nofollow'><img src='http:\/\/www.emiliosilveravazquez.com\/blog\/wp-content\/plugins\/knxdt-bookmarks-wordpress-plugin\/images\/technorati.png'  alt='' class='book_img' border='none' style='margin:1px; padding: 0;'  \/><\/a><\/span><span class='pushbutton'><a href='http:\/\/meneame.net\/submit.php?url=http%3A%2F%2Fwww.emiliosilveravazquez.com%2Fblog%2F2016%2F09%2F01%2Fde-tocar-el-violin-al-mundo-cuantico-de-einstein%2F' title='Meneame' target='_blank' rel='nofollow'><img src='http:\/\/www.emiliosilveravazquez.com\/blog\/wp-content\/plugins\/knxdt-bookmarks-wordpress-plugin\/images\/meneame.png'  alt='' class='book_img' border='none' style='margin:1px; padding: 0;'  \/><\/a><\/span><span class='pushbutton'><a href='http:\/\/enchilame.com\/submit.php?url=http:\/\/www.emiliosilveravazquez.com\/blog\/2016\/09\/01\/de-tocar-el-violin-al-mundo-cuantico-de-einstein\/' target='_blank' rel='nofollow'><img title='Enchilame' src='http:\/\/www.emiliosilveravazquez.com\/blog\/wp-content\/plugins\/knxdt-bookmarks-wordpress-plugin\/images\/enchilame.png'  alt='' class='book_img' border='none' style='margin:1px; padding: 0;'  \/><\/a><\/span><span class='pushbutton'><a href='http:\/\/www.blinklist.com\/index.php?Action=Blink\/addblink.php&amp;Description=&amp;Url=http%3A%2F%2Fwww.emiliosilveravazquez.com%2Fblog%2F2016%2F09%2F01%2Fde-tocar-el-violin-al-mundo-cuantico-de-einstein%2F&amp;title=De+tocar+el+viol%C3%ADn+al+mundo+cu%C3%A1ntico+de+Einstein' title='BlinkList' target='_blank' rel='nofollow'><img src='http:\/\/www.emiliosilveravazquez.com\/blog\/wp-content\/plugins\/knxdt-bookmarks-wordpress-plugin\/images\/blinklist.png'  alt='' class='book_img' border='none' style='margin:1px; padding: 0;'  \/><\/a><\/span><span class='pushbutton'><a href='http:\/\/reddit.com\/submit?url=http%3A%2F%2Fwww.emiliosilveravazquez.com%2Fblog%2F2016%2F09%2F01%2Fde-tocar-el-violin-al-mundo-cuantico-de-einstein%2F&amp;title=De+tocar+el+viol%C3%ADn+al+mundo+cu%C3%A1ntico+de+Einstein' title='Reddit' target='_blank' rel='nofollow'><img src='http:\/\/www.emiliosilveravazquez.com\/blog\/wp-content\/plugins\/knxdt-bookmarks-wordpress-plugin\/images\/reddit.png'  alt='' class='book_img' border='none' style='margin:1px; padding: 0;'  \/><\/a><\/span><span class='pushbutton'><a href='http:\/\/www.tecnologiadiaria.com\/2009\/07\/abrir-com-hotmail-correo.html' target='_blank' title='hotmail'><img src='http:\/\/www.emiliosilveravazquez.com\/blog\/wp-content\/plugins\/knxdt-bookmarks-wordpress-plugin\/images\/linklove.png' alt='hotmail correo' class='book_img' border='none' style='margin:1px; padding: 0;' \/><\/a><\/span><span class='pushbutton'><a href='http:\/\/bitacoras.com\/votar\/anotacion\/externo\/mini\/www.emiliosilveravazquez.com\/blog\/2016\/09\/01\/de-tocar-el-violin-al-mundo-cuantico-de-einstein\/' title='Bitacoras.com' target='_blank' rel='nofollow'><img src='http:\/\/www.emiliosilveravazquez.com\/blog\/wp-content\/plugins\/knxdt-bookmarks-wordpress-plugin\/images\/bitacoras.png'  alt='' class='book_img' border='none' style='margin:1px; padding: 0;'  \/><\/a><\/span><span class='pushbutton'><a href='http:\/\/www.wikio.es\/vote?url=http%3A%2F%2Fwww.emiliosilveravazquez.com%2Fblog%2F2016%2F09%2F01%2Fde-tocar-el-violin-al-mundo-cuantico-de-einstein%2F' title='Wikio' target='_blank' rel='nofollow'><img src='http:\/\/www.emiliosilveravazquez.com\/blog\/wp-content\/plugins\/knxdt-bookmarks-wordpress-plugin\/images\/wikio.png'   alt='' class='book_img' border='none' style='margin:1px; padding: 0;'   \/><\/a><\/span><span class='pushbutton'><a href='http:\/\/friendfeed.com\/?url=http%3A%2F%2Fwww.emiliosilveravazquez.com%2Fblog%2F2016%2F09%2F01%2Fde-tocar-el-violin-al-mundo-cuantico-de-einstein%2F&amp;title=De+tocar+el+viol%C3%ADn+al+mundo+cu%C3%A1ntico+de+Einstein' title='Friend Feed' target='_blank' rel='nofollow'><img src='http:\/\/www.emiliosilveravazquez.com\/blog\/wp-content\/plugins\/knxdt-bookmarks-wordpress-plugin\/images\/friendfeed.png'  alt='' class='book_img' border='none' style='margin:1px; padding: 0;'  \/><\/a><\/span><span class='pushbutton'><a href='http:\/\/www.facebook.com\/share.php?u=http%3A%2F%2Fwww.emiliosilveravazquez.com%2Fblog%2F2016%2F09%2F01%2Fde-tocar-el-violin-al-mundo-cuantico-de-einstein%2F&amp;t=De+tocar+el+viol%C3%ADn+al+mundo+cu%C3%A1ntico+de+Einstein' title='Facebook' target='_blank' rel='nofollow'><img src='http:\/\/www.emiliosilveravazquez.com\/blog\/wp-content\/plugins\/knxdt-bookmarks-wordpress-plugin\/images\/facebook.png'  alt='' class='book_img' border='none' style='margin:1px; padding: 0;'  \/><\/a><\/span><span class='pushbutton'><a href='http:\/\/twitter.com\/home?status=De+tocar+el+viol%C3%ADn+al+mundo+cu%C3%A1ntico+de+Einstein: http%3A%2F%2Fwww.emiliosilveravazquez.com%2Fblog%2F2016%2F09%2F01%2Fde-tocar-el-violin-al-mundo-cuantico-de-einstein%2F' title='Twitter' target='_blank' rel='nofollow'><img src='http:\/\/www.emiliosilveravazquez.com\/blog\/wp-content\/plugins\/knxdt-bookmarks-wordpress-plugin\/images\/twitter.png'  alt='' class='book_img' border='none' style='margin:1px; padding: 0;'  \/><\/a><\/span><span class='pushbutton'><a href='http:\/\/www.feedburner.com\/fb\/a\/emailFlare?itemTitle=De+tocar+el+viol%C3%ADn+al+mundo+cu%C3%A1ntico+de+Einstein&amp;uri=http%3A%2F%2Fwww.emiliosilveravazquez.com%2Fblog%2F2016%2F09%2F01%2Fde-tocar-el-violin-al-mundo-cuantico-de-einstein%2F' title='Enviar por Email' target='_blank' rel='nofollow'><img src='http:\/\/www.emiliosilveravazquez.com\/blog\/wp-content\/plugins\/knxdt-bookmarks-wordpress-plugin\/images\/email.png'  alt='' class='book_img' border='none' style='margin:1px; padding: 0;'  \/><\/a><\/span><span style='font-weight:bold; padding-left: 5px;'><a href='http:\/\/wordpress.org\/extend\/plugins\/knxdt-bookmarks-wordpress-plugin\/' title='Plugin' rel='nofollow' target='_blank'>[?]<\/a><\/span><\/td><\/tr><\/table><br\/><br\/><\/div>","protected":false},"excerpt":{"rendered":"<p>REPORTAJE EN\u00a0 EL PA\u00cdS La f\u00edsica Leticia Tarruell simula materiales que todav\u00eda no existen en la naturaleza &nbsp; &nbsp; &nbsp; &nbsp; &nbsp; \u00a0\u00a0\u00a0\u00a0\u00a0\u00a0\u00a0\u00a0\u00a0\u00a0\u00a0\u00a0\u00a0\u00a0\u00a0\u00a0\u00a0\u00a0\u00a0\u00a0\u00a0\u00a0\u00a0\u00a0\u00a0 La f\u00edsica Leticia Tarruell, con miembros de su equipo, en el ICFO. Juan Barbosa El nobel de F\u00edsica Richard Feynman, uno de los cient\u00edficos m\u00e1s brillantes del siglo XX, dej\u00f3 miles de [&hellip;]<\/p>\n","protected":false},"author":2,"featured_media":0,"comment_status":"open","ping_status":"open","sticky":false,"template":"","format":"standard","meta":{"_s2mail":"yes","footnotes":""},"categories":[6],"tags":[],"_links":{"self":[{"href":"http:\/\/www.emiliosilveravazquez.com\/blog\/wp-json\/wp\/v2\/posts\/16166"}],"collection":[{"href":"http:\/\/www.emiliosilveravazquez.com\/blog\/wp-json\/wp\/v2\/posts"}],"about":[{"href":"http:\/\/www.emiliosilveravazquez.com\/blog\/wp-json\/wp\/v2\/types\/post"}],"author":[{"embeddable":true,"href":"http:\/\/www.emiliosilveravazquez.com\/blog\/wp-json\/wp\/v2\/users\/2"}],"replies":[{"embeddable":true,"href":"http:\/\/www.emiliosilveravazquez.com\/blog\/wp-json\/wp\/v2\/comments?post=16166"}],"version-history":[{"count":0,"href":"http:\/\/www.emiliosilveravazquez.com\/blog\/wp-json\/wp\/v2\/posts\/16166\/revisions"}],"wp:attachment":[{"href":"http:\/\/www.emiliosilveravazquez.com\/blog\/wp-json\/wp\/v2\/media?parent=16166"}],"wp:term":[{"taxonomy":"category","embeddable":true,"href":"http:\/\/www.emiliosilveravazquez.com\/blog\/wp-json\/wp\/v2\/categories?post=16166"},{"taxonomy":"post_tag","embeddable":true,"href":"http:\/\/www.emiliosilveravazquez.com\/blog\/wp-json\/wp\/v2\/tags?post=16166"}],"curies":[{"name":"wp","href":"https:\/\/api.w.org\/{rel}","templated":true}]}}