{"id":16121,"date":"2016-08-26T05:05:13","date_gmt":"2016-08-26T04:05:13","guid":{"rendered":"http:\/\/www.emiliosilveravazquez.com\/blog\/?p=16121"},"modified":"2016-08-26T05:05:13","modified_gmt":"2016-08-26T04:05:13","slug":"si-la-naturaleza-bosteza-%c2%a1nosotros-a-temblar-3","status":"publish","type":"post","link":"http:\/\/www.emiliosilveravazquez.com\/blog\/2016\/08\/26\/si-la-naturaleza-bosteza-%c2%a1nosotros-a-temblar-3\/","title":{"rendered":"Si la Naturaleza bosteza&#8230; \u00a1Nosotros a Temblar!"},"content":{"rendered":"<p style=\"text-align: justify;\">Un<strong> fuerte terremoto de\u00a0magnitud 6,2 <\/strong>en la <a href=\"#\" onclick=\"referencia('richter escala de',event); return false;\">escala de Richter<\/a>, con epicentro entre Perugia y Rieti, sacudi\u00f3 el<strong> centro de Italia<\/strong>, provocando <strong>la muerte de\u00a0al menos 300 personas<\/strong>. Otras tantas est\u00e1n\u00a0desaparecidas bajo los escombros y los da\u00f1os en los edificios son numerosos, especialmente en los municipios de Norcia, en la provincia de <strong>Perugia<\/strong>, y en los de Amatrice y Accumoli, en <strong>Lacio<\/strong>.<\/p>\n<p style=\"text-align: justify;\">&#8220;La mitad de la poblaci\u00f3n ya no existe, casi toda la gente est\u00e1 bajo los escombros&#8221;, se lamentaba el alcalde de Amatrice, una de las localidades m\u00e1s afectadas.<\/p>\n<p style=\"text-align: justify;\">Los servicios de rescate trabajan en toda la zona desde primera hora de la ma\u00f1ana auxiliando a los afectados.<\/p>\n<div style=\"text-align: justify;\" data-media-shot=\"http:\/\/6www.ecestaticos.com\/imagestatic\/clipping\/fdc\/e6b\/b80\/fdce6bb8002626c865731721fdb9f1bc\/imagen-sin-titulo.jpg?mtime=1472128445\"><a href=\"http:\/\/8www.ecestaticos.com\/imagestatic\/clipping\/8df\/9e3\/166\/8df9e316674122fe6f3db9c01bc3328c\/imagen-sin-titulo.jpg?mtime=1472128444\"><img decoding=\"async\" loading=\"lazy\" src=\"http:\/\/8www.ecestaticos.com\/imagestatic\/clipping\/8df\/9e3\/166\/8df9e316674122fe6f3db9c01bc3328c\/imagen-sin-titulo.jpg?mtime=1472128444\" alt=\"Vista a\u00e9rea antes y despu\u00e9s de Amatrice.\" width=\"312\" height=\"175\" data-img-content=\"\" data-grid=\"http:\/\/6www.ecestaticos.com\/imagestatic\/clipping\/fdc\/e6b\/b80\/fdce6bb8002626c865731721fdb9f1bc\/imagen-sin-titulo.jpg?mtime=1472128445\" data-full=\"http:\/\/6www.ecestaticos.com\/imagestatic\/clipping\/6d0\/1ff\/983\/6d01ff983d6f92a6fd8c9153f5388c20\/imagen-sin-titulo.jpg?mtime=1472128443\" data-big=\"http:\/\/8www.ecestaticos.com\/imagestatic\/clipping\/8df\/9e3\/166\/8df9e316674122fe6f3db9c01bc3328c\/imagen-sin-titulo.jpg?mtime=1472128444\" data-iframe=\"\" \/><\/a><\/div>\n<p style=\"text-align: justify;\">\u00a0\u00a0\u00a0\u00a0\u00a0\u00a0\u00a0\u00a0\u00a0\u00a0 Vista a\u00e9rea antes y despu\u00e9s de Amatrice<\/p>\n<div style=\"text-align: justify;\" data-media-shot=\"http:\/\/9www.ecestaticos.com\/imagestatic\/clipping\/9a4\/5ac\/485\/9a45ac4856996db4082e5232a442b1ac\/imagen-sin-titulo.jpg?mtime=1472128144\"><a href=\"http:\/\/9www.ecestaticos.com\/imagestatic\/clipping\/aae\/ace\/dc9\/aaeacedc953aceec569cfe8e7e45cc8b\/imagen-sin-titulo.jpg?mtime=1472128432\"><img decoding=\"async\" loading=\"lazy\" src=\"http:\/\/9www.ecestaticos.com\/imagestatic\/clipping\/aae\/ace\/dc9\/aaeacedc953aceec569cfe8e7e45cc8b\/imagen-sin-titulo.jpg?mtime=1472128432\" alt=\"El Hotel Roma de Amatrice.\" width=\"312\" height=\"175\" data-img-content=\"\" data-grid=\"http:\/\/9www.ecestaticos.com\/imagestatic\/clipping\/9a4\/5ac\/485\/9a45ac4856996db4082e5232a442b1ac\/imagen-sin-titulo.jpg?mtime=1472128144\" data-full=\"http:\/\/9www.ecestaticos.com\/imagestatic\/clipping\/920\/9c9\/4a2\/9209c94a2228503edff2c87aae5208ed\/imagen-sin-titulo.jpg?mtime=1472128432\" data-big=\"http:\/\/9www.ecestaticos.com\/imagestatic\/clipping\/aae\/ace\/dc9\/aaeacedc953aceec569cfe8e7e45cc8b\/imagen-sin-titulo.jpg?mtime=1472128432\" data-iframe=\"\" \/><\/a><\/div>\n<div style=\"text-align: justify;\" data-media-shot=\"http:\/\/9www.ecestaticos.com\/imagestatic\/clipping\/9a4\/5ac\/485\/9a45ac4856996db4082e5232a442b1ac\/imagen-sin-titulo.jpg?mtime=1472128144\">\u00a0\u00a0\u00a0\u00a0\u00a0\u00a0\u00a0\u00a0\u00a0\u00a0\u00a0\u00a0\u00a0\u00a0\u00a0\u00a0\u00a0\u00a0\u00a0\u00a0\u00a0\u00a0 El Hotel Roma de Amatrice<\/div>\n<div style=\"text-align: justify;\" data-media-shot=\"http:\/\/3www.ecestaticos.com\/imagestatic\/clipping\/ae3\/85a\/0d7\/ae385a0d71762f41c13c0168aa4ecd21\/imagen-sin-titulo.jpg?mtime=1472128450\"><a href=\"http:\/\/6www.ecestaticos.com\/imagestatic\/clipping\/a6a\/0ac\/a98\/a6a0aca98d9dabe520d26b3dfd9d4161\/imagen-sin-titulo.jpg?mtime=1472128449\"><img decoding=\"async\" loading=\"lazy\" src=\"http:\/\/6www.ecestaticos.com\/imagestatic\/clipping\/a6a\/0ac\/a98\/a6a0aca98d9dabe520d26b3dfd9d4161\/imagen-sin-titulo.jpg?mtime=1472128449\" alt=\"El campanario de Amatrice antes y despu\u00e9s\" width=\"312\" height=\"175\" data-img-content=\"\" data-grid=\"http:\/\/3www.ecestaticos.com\/imagestatic\/clipping\/ae3\/85a\/0d7\/ae385a0d71762f41c13c0168aa4ecd21\/imagen-sin-titulo.jpg?mtime=1472128450\" data-full=\"http:\/\/1www.ecestaticos.com\/imagestatic\/clipping\/170\/50f\/988\/17050f9881a12600d9012ed46bd39e20\/imagen-sin-titulo.jpg?mtime=1472128449\" data-big=\"http:\/\/6www.ecestaticos.com\/imagestatic\/clipping\/a6a\/0ac\/a98\/a6a0aca98d9dabe520d26b3dfd9d4161\/imagen-sin-titulo.jpg?mtime=1472128449\" data-iframe=\"\" \/><\/a><\/div>\n<p style=\"text-align: justify;\">\u00a0\u00a0\u00a0\u00a0\u00a0\u00a0\u00a0\u00a0\u00a0\u00a0\u00a0\u00a0\u00a0\u00a0\u00a0 El Campanario antes y despu\u00e9s<\/p>\n<div style=\"text-align: justify;\" data-media-shot=\"http:\/\/7www.ecestaticos.com\/imagestatic\/clipping\/d7e\/ad8\/461\/d7ead8461a8cefd07aa1e683f58ae246\/inundaciones-en-luisiana-las-imagenes-de-los-danos-que-han-dejado-las-lluvias.jpg?mtime=1471335093\"><a href=\"http:\/\/2www.ecestaticos.com\/imagestatic\/clipping\/2f1\/2cb\/ba8\/2f12cbba8f1bd6c020d809023f9929d2\/inundaciones-en-luisiana-las-imagenes-de-los-danos-que-han-dejado-las-lluvias.jpg?mtime=1471335333\"><img decoding=\"async\" loading=\"lazy\" src=\"http:\/\/2www.ecestaticos.com\/imagestatic\/clipping\/2f1\/2cb\/ba8\/2f12cbba8f1bd6c020d809023f9929d2\/inundaciones-en-luisiana-las-imagenes-de-los-danos-que-han-dejado-las-lluvias.jpg?mtime=1471335333\" alt=\"Richard Rossi y su nieto de cuatro a\u00f1os buscan un lugar elevado despu\u00e9s de que su casa se inundase en St. Amant, Luisiana. (Reuters)\" width=\"312\" height=\"175\" data-img-content=\"\" data-grid=\"http:\/\/7www.ecestaticos.com\/imagestatic\/clipping\/d7e\/ad8\/461\/d7ead8461a8cefd07aa1e683f58ae246\/inundaciones-en-luisiana-las-imagenes-de-los-danos-que-han-dejado-las-lluvias.jpg?mtime=1471335093\" data-full=\"http:\/\/0www.ecestaticos.com\/imagestatic\/clipping\/c03\/0c6\/25e\/c030c625effd60c8558a422b99d9c36b\/inundaciones-en-luisiana-las-imagenes-de-los-danos-que-han-dejado-las-lluvias.jpg?mtime=1471335332\" data-big=\"http:\/\/2www.ecestaticos.com\/imagestatic\/clipping\/2f1\/2cb\/ba8\/2f12cbba8f1bd6c020d809023f9929d2\/inundaciones-en-luisiana-las-imagenes-de-los-danos-que-han-dejado-las-lluvias.jpg?mtime=1471335333\" data-iframe=\"\" \/><\/a><\/div>\n<div style=\"text-align: justify;\"><strong>Comparte<\/strong> la fotograf\u00eda<\/div>\n<div style=\"text-align: justify;\"><figcaption data-media-caption=\"\"><strong>Richard Rossi y su nieto de cuatro a\u00f1os buscan un lugar elevado despu\u00e9s de que su casa se inundase en St. Amant, Luisiana. (Reuters)<\/strong><\/figcaption><\/div>\n<p style=\"text-align: justify;\">Las\u00a0<a href=\"http:\/\/www.elconfidencial.com\/tags\/otros\/inundaciones-6202\/\" target=\"_self\">inundaciones<\/a>\u00a0sin precedentes que asuelan desde el pasado viernes <strong>Luisiana<\/strong>, al sur de <a href=\"http:\/\/www.elconfidencial.com\/tags\/temas\/estados-unidos-10821\/\" target=\"_self\">EEUU<\/a>, han dejado <strong>seis muertos y a m\u00e1s de 10.000 personas en refugios<\/strong>, mientras contin\u00faan este martes las tareas de rescate y se mantiene el estado de emergencia.<\/p>\n<p>Las <strong>lluvias torrenciales<\/strong> del fin de semana obligaron a declarar como <strong>zonas de desastre<\/strong> Tangipahoa, St. Helena, East Baton Rouge y Livinstong, cuatro parroquias (distritos) del estado de Luisiana, que tiene esta divisi\u00f3n territorial equivalente a los condados del resto del pa\u00eds.<\/p>\n<p>El <strong>balance de v\u00edctimas<\/strong> se mantiene en los seis confirmados el domingo, entre ellos una abuela que muri\u00f3 salvando a su nieto cuando ambos trataban de escapar de su veh\u00edculo inundado.\u00a0En los \u00faltimos tres d\u00edas, <strong>20.000 personas han sido rescatadas<\/strong> de sus casas y veh\u00edculos y m\u00e1s de 10.000 est\u00e1n en refugios, en su mayor\u00eda situados en el \u00e1rea de <a href=\"http:\/\/www.elconfidencial.com\/mundo\/2016-07-17\/violencia-policial-eeuu-baton-rouge-tiroteo_1234380\/\" target=\"_self\">Baton Rouge<\/a>, la capital del estado.<\/p>\n<p style=\"text-align: justify;\"><img decoding=\"async\" loading=\"lazy\" src=\"http:\/\/images.eldiario.es\/sociedad\/incendio-Madeira-avanza-historico-capital_EDIIMA20160810_0011_18.jpg\" alt=\"El grave incendio de Madeira avanza hacia el centro hist\u00f3rico de la capital\" width=\"643\" height=\"362\" \/><\/p>\n<div style=\"text-align: justify;\">\n<p>\u00a0\u00a0\u00a0\u00a0\u00a0\u00a0\u00a0\u00a0\u00a0\u00a0\u00a0\u00a0\u00a0\u00a0\u00a0\u00a0\u00a0\u00a0\u00a0\u00a0 El grave incendio de Madeira avanza hacia el centro hist\u00f3rico de la capital EFE<\/p>\n<p>&nbsp;<\/p>\n<p>&nbsp;<\/p>\n<div>\n<div>\n<div>\n<ul>\n<li><a><img decoding=\"async\" loading=\"lazy\" src=\"http:\/\/images.telemetro.com\/actualidad\/Islas-Madeira-nacionales-internacionales-FotoAFP_MEDIMA20160810_0232_31.jpg\" alt=\"\" width=\"635\" height=\"357\" \/><\/a><\/li>\n<\/ul>\n<\/div>\n<\/div>\n<\/div>\n<p>Islas de Madeira ha sido portada de medios nacionales e internacionales por dos terribles sucesos naturales. Foto\/AFP.<\/p>\n<p>&nbsp;<\/p>\n<\/div>\n<p style=\"text-align: justify;\">El Gobierno de Portugal ya ha solicitado ayuda a la Uni\u00f3n Europea para combatir la oleada de incendios que castiga la parte continental del pa\u00eds y el archipi\u00e9lago de Madeira , en cuya capital, Funchal, las llamas han causado la muerte de tres personas y cientos de hospitalizados.\u00a0La ministra de Interior de Portugal, Constan\u00e7a Urbano de Sousa, ha confirmado\u00a0que su pa\u00eds ha accionado el mecanismo europeo de protecci\u00f3n civil por el que Portugal ya ha recibido el refuerzo de un avi\u00f3n anfibio Canadair procedente de Italia. Aunque el G obierno de Espa\u00f1a ya envi\u00f3, hace dos d\u00edas, dos aviones desde una\u00a0base en Galicia para<\/p>\n<p style=\"text-align: justify;\">La Humanidad, de manera peri\u00f3dica, se ve azotada por estos sucesos contra los que poco puede hacer, la Naturaleza es imparable. Hace unos a\u00f1os pod\u00edamos ver en las noticias la erupci\u00f3n del <strong>volc\u00e1n B\u00e1rdarbunga:<\/strong><\/p>\n<p style=\"text-align: justify;\"><img decoding=\"async\" loading=\"lazy\" src=\"http:\/\/img.rtve.es\/v\/2732575?w=1180&amp;preview=1409319951979.jpg\" alt=\"Resultado de imagen de erupci\u00f3n en el volc\u00e1n B\u00e1rdarbunga\" width=\"304\" height=\"171\" \/><img decoding=\"async\" loading=\"lazy\" src=\"http:\/\/www.volcanpedia.com\/wp-content\/uploads\/2013\/10\/volsubglacial.jpg\" alt=\"Resultado de imagen de erupci\u00f3n en el volc\u00e1n B\u00e1rdarbunga\" width=\"304\" height=\"206\" \/><\/p>\n<p style=\"text-align: justify;\"><strong>\u00a0\u00a0\u00a0\u00a0\u00a0\u00a0\u00a0\u00a0\u00a0\u00a0\u00a0\u00a0\u00a0\u00a0 Alerta Roja en Islandia pendiente de una peligrosa erupci\u00f3n volc\u00e1nica.<\/strong><\/p>\n<p style=\"text-align: justify;\"><strong>Se ha producido una erupci\u00f3n en el volc\u00e1n B\u00e1rdarbunga, al norte del Glacial Dyngjujokull.<\/strong><\/p>\n<p style=\"text-align: justify;\"><strong>El Volcan llevaba en silencio m\u00e1s de cien a\u00f1os. Claro que, los ciclos de la Naturaleza son mayores que los de los humanos.<\/strong><\/p>\n<p style=\"text-align: justify;\">\n<footer>\n<aside><\/aside>\n<p>&nbsp;<\/p>\n<\/footer>\n<p>&nbsp;<\/p>\n<p>&nbsp;<\/p>\n<p style=\"text-align: justify;\">\u00a0<img decoding=\"async\" id=\"lightboxImage\" src=\"http:\/\/www.noticiassin.com\/wp-content\/uploads\/2014\/08\/VOLCAN.jpg\" alt=\"\" \/><\/p>\n<p style=\"text-align: justify;\">La Oficina Meteorol\u00f3gica de Islandia (IMO) detect\u00f3 este viernes una erupci\u00f3n en una fisura en el norte del volc\u00e1n B\u00e1rdarbunga y <strong>elev\u00f3 a rojo el nivel de alerta para la aviaci\u00f3n sobre la zona<\/strong>, aunque a\u00fan no ha detectado cenizas.<\/p>\n<p style=\"text-align: justify;\">La erupci\u00f3n comenz\u00f3 al norte del glaciar Dyngjuj\u00f6kull pasada la medianoche y<strong> cerca de dos horas y cuarenta minutos pareci\u00f3 que la actividad disminu\u00eda<\/strong>.<\/p>\n<p style=\"text-align: justify;\"><img decoding=\"async\" src=\"http:\/\/la.climatologie.free.fr\/volcan\/laki.jpg\" alt=\"\" \/><\/p>\n<p style=\"text-align: justify;\">\u00a0\u00a0 En Islancia ya tienen experiencia de estos sucesos<\/p>\n<p style=\"text-align: justify;\">El temblor s\u00edsmico <strong>fue registrado por la c\u00e1mara web<\/strong> situada en el \u00e1rea y tambi\u00e9n por todas las estaciones s\u00edsmicas.<\/p>\n<p style=\"text-align: justify;\">El B\u00e1rdarbunga, uno de los volcanes de mayor tama\u00f1o de Islandia, est\u00e1 bajo un glaciar y <strong>no entra en erupci\u00f3n desde hace m\u00e1s de un siglo<\/strong>.<\/p>\n<p style=\"text-align: justify;\"><img decoding=\"async\" src=\"http:\/\/i1.wp.com\/comose.net\/wp-content\/uploads\/2015\/02\/comoseformauntsunami.jpg\" alt=\"http:\/\/i1.wp.com\/comose.net\/wp-content\/uploads\/2015\/02\/comoseformauntsunami.jpg\" \/><\/p>\n<p style=\"text-align: justify;\">Otras veces la cat\u00e1strofe nos llega en forma de Tsunami, una inmensa ola de 30 metros de altura que nada la puede parar y va arras\u00e1ndolo todo por el camino sembrando la debastaci\u00f3n y la muerte.<\/p>\n<p style=\"text-align: justify;\"><img decoding=\"async\" loading=\"lazy\" src=\"http:\/\/noticias.eltiempo.es\/wp-content\/uploads\/2016\/04\/tsunami-en-espana.jpg\" alt=\"tsunami en espana\" width=\"766\" height=\"434\" \/><\/p>\n<p style=\"text-align: justify;\">Aunque en Espa\u00f1a no se producen fuertes terremotos con frecuencia, lo cierto es que s\u00ed existen varias zonas s\u00edsmicas debido a la <strong>influencia de las placas tecn\u00f3nicas europea y africana.<\/strong><\/p>\n<p style=\"text-align: justify;\">Ya en 1755 un gran terremoto con epicentro en la costa de Lisboa provoc\u00f3 <strong>un tsunami que afect\u00f3 duramente a ciudades como C\u00e1diz y Huelva<\/strong>.\u00a0Varios estudios indican que m\u00e1s de 2.000 personas perdieron la vida en Espa\u00f1a por las olas de 15 metros que provoc\u00f3 el terremoto portugu\u00e9s. Todav\u00eda se siguen encontrando dep\u00f3sitos marinos a kil\u00f3metros de la costa gaditana que evidencian las consecuencias letales de aquel tsunami.<\/p>\n<p style=\"text-align: justify;\"><img decoding=\"async\" loading=\"lazy\" src=\"http:\/\/idata.over-blog.com\/3\/47\/11\/93\/terremoto-japon-victimas-muertos.jpg\" alt=\"terremoto-japon-victimas-muertos.jpg\" width=\"512\" height=\"364\" \/><\/p>\n<p style=\"text-align: justify;\"><strong><\/strong>\u00a0\u00a0\u00a0\u00a0\u00a0\u00a0\u00a0\u00a0\u00a0\u00a0\u00a0\u00a0\u00a0\u00a0\u00a0\u00a0\u00a0\u00a0\u00a0\u00a0\u00a0\u00a0\u00a0\u00a0\u00a0\u00a0\u00a0\u00a0\u00a0\u00a0\u00a0\u00a0\u00a0\u00a0\u00a0\u00a0\u00a0\u00a0\u00a0\u00a0\u00a0\u00a0\u00a0\u00a0\u00a0\u00a0\u00a0\u00a0\u00a0\u00a0\u00a0\u00a0\u00a0\u00a0\u00a0\u00a0\u00a0\u00a0\u00a0\u00a0\u00a0\u00a0\u00a0\u00a0\u00a0\u00a0\u00a0\u00a0\u00a0\u00a0\u00a0\u00a0\u00a0\u00a0\u00a0\u00a0\u00a0\u00a0 Terremoto en Jap\u00f3n<\/p>\n<p style=\"text-align: justify;\"><img decoding=\"async\" loading=\"lazy\" src=\"https:\/\/static.betazeta.com\/www.fayerwayer.com\/up\/2015\/09\/terremoto-coquimbo-960x623.jpg\" alt=\"Resultado de imagen de Los terremotos m\u00e1s famosos de la Historia\" width=\"304\" height=\"171\" \/><\/p>\n<p style=\"text-align: justify;\">\u00a0\u00a0\u00a0\u00a0\u00a0\u00a0\u00a0\u00a0\u00a0\u00a0\u00a0\u00a0\u00a0\u00a0\u00a0\u00a0\u00a0\u00a0\u00a0\u00a0\u00a0\u00a0\u00a0 \u00a0 \u00a0 \u00a0 \u00a0 \u00a0 \u00a0 \u00a0 \u00a0 \u00a0 \u00a0 \u00a0 \u00a0 \u00a0 \u00a0 \u00a0 \u00a0 \u00a0 \u00a0 \u00a0 \u00a0 \u00a0 \u00a0 \u00a0\u00a0\u00a0 Terremoto en Chile<\/p>\n<p style=\"text-align: justify;\"><img decoding=\"async\" loading=\"lazy\" src=\"http:\/\/ichef-1.bbci.co.uk\/news\/ws\/624\/amz\/worldservice\/live\/assets\/images\/2015\/05\/08\/150508222201_san_andres_624x351_ap.jpg\" alt=\"Resultado de imagen de El Terremoto de San Francisco\" width=\"304\" height=\"171\" \/><img decoding=\"async\" loading=\"lazy\" src=\"http:\/\/www.biodisol.com\/wp-content\/uploads\/2010\/03\/terremotos-y-sismos-terremoto-de-san-francisco-de-1906.jpg\" alt=\"Resultado de imagen de El Terremoto de San Francisco\" width=\"304\" height=\"185\" \/><img decoding=\"async\" loading=\"lazy\" src=\"http:\/\/estaticos03.elmundo.es\/elmundo\/imagenes\/2006\/04\/17\/1145283580_0.jpg\" alt=\"Resultado de imagen de El Terremoto de San Francisco\" width=\"300\" height=\"169\" \/><img decoding=\"async\" loading=\"lazy\" src=\"https:\/\/eco4u.files.wordpress.com\/2011\/03\/san-francisco-1906-wikipedia.jpg\" alt=\"Resultado de imagen de El Terremoto de San Francisco\" width=\"304\" height=\"228\" \/><\/p>\n<p style=\"text-align: justify;\">San Andr\u00e9s: El peligro real de las fallas m\u00e1s temidas del mundo causante de los terremotos m\u00e1s debastadores de la Historia, como el de San Francisco.<\/p>\n<p style=\"text-align: justify;\"><img decoding=\"async\" loading=\"lazy\" src=\"http:\/\/ichef-1.bbci.co.uk\/news\/ws\/660\/amz\/worldservice\/live\/assets\/images\/2015\/05\/08\/150508221834_san_andres_624x351_spl.jpg\" alt=\"Falla de San Andr\u00e9s\" width=\"624\" height=\"351\" data-highest-encountered-width=\"660\" \/><\/p>\n<p style=\"text-align: justify;\">\u00a0\u00a0\u00a0\u00a0\u00a0\u00a0\u00a0\u00a0\u00a0\u00a0\u00a0\u00a0\u00a0\u00a0\u00a0\u00a0\u00a0\u00a0\u00a0 La falla de San Andr\u00e9s recorre California de norte a sur a lo largo de 1.300 kil\u00f3metros.<\/p>\n<p style=\"text-align: justify;\">Un tsunami de proporciones b\u00edblicas se adentra en la bah\u00eda de San Francisco, engullendo a su paso el ic\u00f3nico puente Golden Gate, antes de arrasar la ciudad californiana.<\/p>\n<p style=\"text-align: justify;\">Estos son dos de los terror\u00edficos escenarios que presentaba &#8220;San Andr\u00e9s&#8221;, pel\u00edcula protagonizada por Dwayne &#8220;la roca&#8221; Johnson que se estren\u00f3 en 2015 en los cines de todo el mundo.<\/p>\n<p style=\"text-align: justify;\">Su argumento gira en torno a las devastadoras consecuencias de un potente terremoto en la famosa falla que da nombre al filme y que lleva el caos y la destrucci\u00f3n de la costa oeste estadounidense.<\/p>\n<p style=\"text-align: justify;\"><img decoding=\"async\" src=\"http:\/\/1.bp.blogspot.com\/_IP-xhn2P2rQ\/TTCmJ45_PxI\/AAAAAAAAGa8\/4sCtgym5QV0\/s1600\/1.jpg\" alt=\"\" \/><\/p>\n<p style=\"text-align: justify;\">Y todo lo anterior, con ser terror\u00edfico, ser\u00eda s\u00f3lo un susto si lo comparamos con la ca\u00edda de un gran meteoritosobre nuestro planeta. Ya sabemos, por las huellas del pasado lo que pasar\u00eda y, sin embargo, otra cosa distinta ser\u00eda vivirlo.<\/p>\n<div style=\"text-align: justify;\">Los estudios geol\u00f3gicos llevados a cabo durante las \u00faltimas d\u00e9cadas nos han mostrado que nuestro planeta ha sido sometido a un bombardeo mete\u00f3rico similar al sufrido por la Luna, e incluso m\u00e1s intenso. En realidad, debido a su mayor fuerza de gravedad, la tasa de impactos en la Tierra es 1.5 veces m\u00e1s alta que la de nuestro sat\u00e9lite natural.<\/div>\n<p style=\"text-align: justify;\">El rango de tama\u00f1o de los objetos impactantes se halla entre cuerpos de pocos metros hasta otros de varios Km de di\u00e1metro, produciendo efectos muy distintos y factores diferentes: el di\u00e1metro del impactante, su velocidad, su densidad, el lugar en el que se produzca el impacto ya sea en mar o en tierra, etc. Un ejemplo de esto lo fue el \u201cSuceso de Tunguska\u201d cuyo peque\u00f1o impacto (30 de junio de 1908) ha pasado desapercibido, debido a que \u00e9ste tuvo lugar sobre un paraje del planeta pr\u00e1cticamente despoblado. Que hubiera ocurrido si el hecho hubiese acontecido sobre un n\u00facleo urbano o una zona densamente poblada?<\/p>\n<p>El impacto de un asteroide o cometa con un di\u00e1metro de unos 10 Km liberar\u00eda unos 100.000 megatones de energ\u00eda, lo equivalente a m\u00e1s de cinco millones de bombas at\u00f3micas como la que destruy\u00f3 Hiroshima o 100 veces los actuales arsenales de armas nucleares. El impacto, que producir\u00eda una compresi\u00f3n de 10000 GPa, provocar\u00eda un terremoto de magnitud 12 en la <a href=\"#\" onclick=\"referencia('richter escala de',event); return false;\">escala de Richter<\/a>, vientos de m\u00e1s de 500 Km\/h y un calentamiento del punto de impacto en unos 100.000\u00b0C, temperaturas capaces de fundir instant\u00e1neamente entre 10 y 100 veces la masa del proyectil.<\/p>\n<p style=\"text-align: justify;\">emilio silvera<\/p>\n<div class='bookmark'>\r\n\t\t<table align='left' border='0' cellpadding='0' width='100%'>\r\n\t\t<tr><td><span class='pushbutton'><a href='http:\/\/delicious.com\/post?url=http%3A%2F%2Fwww.emiliosilveravazquez.com%2Fblog%2F2016%2F08%2F26%2Fsi-la-naturaleza-bosteza-%25c2%25a1nosotros-a-temblar-3%2F&amp;title=Si+la+Naturaleza+bosteza%26%238230%3B+%C2%A1Nosotros+a+Temblar%21' title='Delicious' target='_blank' rel='nofollow'><img src='http:\/\/www.emiliosilveravazquez.com\/blog\/wp-content\/plugins\/knxdt-bookmarks-wordpress-plugin\/images\/delicious.png'  alt='' class='book_img' border='none' style='margin:1px; padding: 0;'  \/><\/a><\/span><span class='pushbutton'><a href='http:\/\/digg.com\/submit?url=http%3A%2F%2Fwww.emiliosilveravazquez.com%2Fblog%2F2016%2F08%2F26%2Fsi-la-naturaleza-bosteza-%25c2%25a1nosotros-a-temblar-3%2F&amp;title=Si+la+Naturaleza+bosteza%26%238230%3B+%C2%A1Nosotros+a+Temblar%21' title='Digg' target='_blank' rel='nofollow'><img src='http:\/\/www.emiliosilveravazquez.com\/blog\/wp-content\/plugins\/knxdt-bookmarks-wordpress-plugin\/images\/digg.png'  alt='' class='book_img' border='none' style='margin:1px; padding: 0;'  \/><\/a><\/span><span class='pushbutton'><a href='http:\/\/www.google.com\/bookmarks\/mark?op=edit&amp;bkmk=http%3A%2F%2Fwww.emiliosilveravazquez.com%2Fblog%2F2016%2F08%2F26%2Fsi-la-naturaleza-bosteza-%25c2%25a1nosotros-a-temblar-3%2F&amp;title=Si+la+Naturaleza+bosteza%26%238230%3B+%C2%A1Nosotros+a+Temblar%21' title='Google' target='_blank' rel='nofollow'><img src='http:\/\/www.emiliosilveravazquez.com\/blog\/wp-content\/plugins\/knxdt-bookmarks-wordpress-plugin\/images\/google.png'   alt='' class='book_img' border='none' style='margin:1px; padding: 0;'  \/><\/a><\/span><span class='pushbutton'><a href='http:\/\/myweb2.search.yahoo.com\/myresults\/bookmarklet?u=http%3A%2F%2Fwww.emiliosilveravazquez.com%2Fblog%2F2016%2F08%2F26%2Fsi-la-naturaleza-bosteza-%25c2%25a1nosotros-a-temblar-3%2F&amp;t=Si+la+Naturaleza+bosteza%26%238230%3B+%C2%A1Nosotros+a+Temblar%21' title='Yahoo' target='_blank' rel='nofollow'><img src='http:\/\/www.emiliosilveravazquez.com\/blog\/wp-content\/plugins\/knxdt-bookmarks-wordpress-plugin\/images\/yahoo.png'  alt='' class='book_img' border='none' style='margin:1px; padding: 0;'  \/><\/a><\/span><span class='pushbutton'><a href='http:\/\/www.technorati.com\/faves?add=http%3A%2F%2Fwww.emiliosilveravazquez.com%2Fblog%2F2016%2F08%2F26%2Fsi-la-naturaleza-bosteza-%25c2%25a1nosotros-a-temblar-3%2F' title='Technorati' target='_blank' rel='nofollow'><img src='http:\/\/www.emiliosilveravazquez.com\/blog\/wp-content\/plugins\/knxdt-bookmarks-wordpress-plugin\/images\/technorati.png'  alt='' class='book_img' border='none' style='margin:1px; padding: 0;'  \/><\/a><\/span><span class='pushbutton'><a href='http:\/\/meneame.net\/submit.php?url=http%3A%2F%2Fwww.emiliosilveravazquez.com%2Fblog%2F2016%2F08%2F26%2Fsi-la-naturaleza-bosteza-%25c2%25a1nosotros-a-temblar-3%2F' title='Meneame' target='_blank' rel='nofollow'><img src='http:\/\/www.emiliosilveravazquez.com\/blog\/wp-content\/plugins\/knxdt-bookmarks-wordpress-plugin\/images\/meneame.png'  alt='' class='book_img' border='none' style='margin:1px; padding: 0;'  \/><\/a><\/span><span class='pushbutton'><a href='http:\/\/enchilame.com\/submit.php?url=http:\/\/www.emiliosilveravazquez.com\/blog\/2016\/08\/26\/si-la-naturaleza-bosteza-%c2%a1nosotros-a-temblar-3\/' target='_blank' rel='nofollow'><img title='Enchilame' src='http:\/\/www.emiliosilveravazquez.com\/blog\/wp-content\/plugins\/knxdt-bookmarks-wordpress-plugin\/images\/enchilame.png'  alt='' class='book_img' border='none' style='margin:1px; padding: 0;'  \/><\/a><\/span><span class='pushbutton'><a href='http:\/\/www.blinklist.com\/index.php?Action=Blink\/addblink.php&amp;Description=&amp;Url=http%3A%2F%2Fwww.emiliosilveravazquez.com%2Fblog%2F2016%2F08%2F26%2Fsi-la-naturaleza-bosteza-%25c2%25a1nosotros-a-temblar-3%2F&amp;title=Si+la+Naturaleza+bosteza%26%238230%3B+%C2%A1Nosotros+a+Temblar%21' title='BlinkList' target='_blank' rel='nofollow'><img src='http:\/\/www.emiliosilveravazquez.com\/blog\/wp-content\/plugins\/knxdt-bookmarks-wordpress-plugin\/images\/blinklist.png'  alt='' class='book_img' border='none' style='margin:1px; padding: 0;'  \/><\/a><\/span><span class='pushbutton'><a href='http:\/\/reddit.com\/submit?url=http%3A%2F%2Fwww.emiliosilveravazquez.com%2Fblog%2F2016%2F08%2F26%2Fsi-la-naturaleza-bosteza-%25c2%25a1nosotros-a-temblar-3%2F&amp;title=Si+la+Naturaleza+bosteza%26%238230%3B+%C2%A1Nosotros+a+Temblar%21' title='Reddit' target='_blank' rel='nofollow'><img src='http:\/\/www.emiliosilveravazquez.com\/blog\/wp-content\/plugins\/knxdt-bookmarks-wordpress-plugin\/images\/reddit.png'  alt='' class='book_img' border='none' style='margin:1px; padding: 0;'  \/><\/a><\/span><span class='pushbutton'><a href='http:\/\/www.tecnologiadiaria.com\/2009\/07\/abrir-com-hotmail-correo.html' target='_blank' title='hotmail'><img src='http:\/\/www.emiliosilveravazquez.com\/blog\/wp-content\/plugins\/knxdt-bookmarks-wordpress-plugin\/images\/linklove.png' alt='hotmail correo' class='book_img' border='none' style='margin:1px; padding: 0;' \/><\/a><\/span><span class='pushbutton'><a href='http:\/\/bitacoras.com\/votar\/anotacion\/externo\/mini\/www.emiliosilveravazquez.com\/blog\/2016\/08\/26\/si-la-naturaleza-bosteza-%c2%a1nosotros-a-temblar-3\/' title='Bitacoras.com' target='_blank' rel='nofollow'><img src='http:\/\/www.emiliosilveravazquez.com\/blog\/wp-content\/plugins\/knxdt-bookmarks-wordpress-plugin\/images\/bitacoras.png'  alt='' class='book_img' border='none' style='margin:1px; padding: 0;'  \/><\/a><\/span><span class='pushbutton'><a href='http:\/\/www.wikio.es\/vote?url=http%3A%2F%2Fwww.emiliosilveravazquez.com%2Fblog%2F2016%2F08%2F26%2Fsi-la-naturaleza-bosteza-%25c2%25a1nosotros-a-temblar-3%2F' title='Wikio' target='_blank' rel='nofollow'><img src='http:\/\/www.emiliosilveravazquez.com\/blog\/wp-content\/plugins\/knxdt-bookmarks-wordpress-plugin\/images\/wikio.png'   alt='' class='book_img' border='none' style='margin:1px; padding: 0;'   \/><\/a><\/span><span class='pushbutton'><a href='http:\/\/friendfeed.com\/?url=http%3A%2F%2Fwww.emiliosilveravazquez.com%2Fblog%2F2016%2F08%2F26%2Fsi-la-naturaleza-bosteza-%25c2%25a1nosotros-a-temblar-3%2F&amp;title=Si+la+Naturaleza+bosteza%26%238230%3B+%C2%A1Nosotros+a+Temblar%21' title='Friend Feed' target='_blank' rel='nofollow'><img src='http:\/\/www.emiliosilveravazquez.com\/blog\/wp-content\/plugins\/knxdt-bookmarks-wordpress-plugin\/images\/friendfeed.png'  alt='' class='book_img' border='none' style='margin:1px; padding: 0;'  \/><\/a><\/span><span class='pushbutton'><a href='http:\/\/www.facebook.com\/share.php?u=http%3A%2F%2Fwww.emiliosilveravazquez.com%2Fblog%2F2016%2F08%2F26%2Fsi-la-naturaleza-bosteza-%25c2%25a1nosotros-a-temblar-3%2F&amp;t=Si+la+Naturaleza+bosteza%26%238230%3B+%C2%A1Nosotros+a+Temblar%21' title='Facebook' target='_blank' rel='nofollow'><img src='http:\/\/www.emiliosilveravazquez.com\/blog\/wp-content\/plugins\/knxdt-bookmarks-wordpress-plugin\/images\/facebook.png'  alt='' class='book_img' border='none' style='margin:1px; padding: 0;'  \/><\/a><\/span><span class='pushbutton'><a href='http:\/\/twitter.com\/home?status=Si+la+Naturaleza+bosteza%26%238230%3B+%C2%A1Nosotros+a+Temblar%21: http%3A%2F%2Fwww.emiliosilveravazquez.com%2Fblog%2F2016%2F08%2F26%2Fsi-la-naturaleza-bosteza-%25c2%25a1nosotros-a-temblar-3%2F' title='Twitter' target='_blank' rel='nofollow'><img src='http:\/\/www.emiliosilveravazquez.com\/blog\/wp-content\/plugins\/knxdt-bookmarks-wordpress-plugin\/images\/twitter.png'  alt='' class='book_img' border='none' style='margin:1px; padding: 0;'  \/><\/a><\/span><span class='pushbutton'><a href='http:\/\/www.feedburner.com\/fb\/a\/emailFlare?itemTitle=Si+la+Naturaleza+bosteza%26%238230%3B+%C2%A1Nosotros+a+Temblar%21&amp;uri=http%3A%2F%2Fwww.emiliosilveravazquez.com%2Fblog%2F2016%2F08%2F26%2Fsi-la-naturaleza-bosteza-%25c2%25a1nosotros-a-temblar-3%2F' title='Enviar por Email' target='_blank' rel='nofollow'><img src='http:\/\/www.emiliosilveravazquez.com\/blog\/wp-content\/plugins\/knxdt-bookmarks-wordpress-plugin\/images\/email.png'  alt='' class='book_img' border='none' style='margin:1px; padding: 0;'  \/><\/a><\/span><span style='font-weight:bold; padding-left: 5px;'><a href='http:\/\/wordpress.org\/extend\/plugins\/knxdt-bookmarks-wordpress-plugin\/' title='Plugin' rel='nofollow' target='_blank'>[?]<\/a><\/span><\/td><\/tr><\/table><br\/><br\/><\/div>","protected":false},"excerpt":{"rendered":"<p>Un fuerte terremoto de\u00a0magnitud 6,2 en la escala de Richter, con epicentro entre Perugia y Rieti, sacudi\u00f3 el centro de Italia, provocando la muerte de\u00a0al menos 300 personas. Otras tantas est\u00e1n\u00a0desaparecidas bajo los escombros y los da\u00f1os en los edificios son numerosos, especialmente en los municipios de Norcia, en la provincia de Perugia, y en [&hellip;]<\/p>\n","protected":false},"author":2,"featured_media":0,"comment_status":"open","ping_status":"open","sticky":false,"template":"","format":"standard","meta":{"_s2mail":"yes","footnotes":""},"categories":[33],"tags":[],"_links":{"self":[{"href":"http:\/\/www.emiliosilveravazquez.com\/blog\/wp-json\/wp\/v2\/posts\/16121"}],"collection":[{"href":"http:\/\/www.emiliosilveravazquez.com\/blog\/wp-json\/wp\/v2\/posts"}],"about":[{"href":"http:\/\/www.emiliosilveravazquez.com\/blog\/wp-json\/wp\/v2\/types\/post"}],"author":[{"embeddable":true,"href":"http:\/\/www.emiliosilveravazquez.com\/blog\/wp-json\/wp\/v2\/users\/2"}],"replies":[{"embeddable":true,"href":"http:\/\/www.emiliosilveravazquez.com\/blog\/wp-json\/wp\/v2\/comments?post=16121"}],"version-history":[{"count":0,"href":"http:\/\/www.emiliosilveravazquez.com\/blog\/wp-json\/wp\/v2\/posts\/16121\/revisions"}],"wp:attachment":[{"href":"http:\/\/www.emiliosilveravazquez.com\/blog\/wp-json\/wp\/v2\/media?parent=16121"}],"wp:term":[{"taxonomy":"category","embeddable":true,"href":"http:\/\/www.emiliosilveravazquez.com\/blog\/wp-json\/wp\/v2\/categories?post=16121"},{"taxonomy":"post_tag","embeddable":true,"href":"http:\/\/www.emiliosilveravazquez.com\/blog\/wp-json\/wp\/v2\/tags?post=16121"}],"curies":[{"name":"wp","href":"https:\/\/api.w.org\/{rel}","templated":true}]}}