{"id":16051,"date":"2025-05-19T09:23:12","date_gmt":"2025-05-19T08:23:12","guid":{"rendered":"http:\/\/www.emiliosilveravazquez.com\/blog\/?p=16051"},"modified":"2025-05-19T09:24:15","modified_gmt":"2025-05-19T08:24:15","slug":"volar-a-las-estrellas-arrugando-el-espacio-2","status":"publish","type":"post","link":"http:\/\/www.emiliosilveravazquez.com\/blog\/2025\/05\/19\/volar-a-las-estrellas-arrugando-el-espacio-2\/","title":{"rendered":"Volar a las estrellas arrugando el espacio"},"content":{"rendered":"<header>\n<h2>F\u00edsica<\/h2>\n<h1>Reportaje en El Espa\u00f1ol<\/h1>\n<p>&nbsp;<\/p>\n<\/header>\n<p><img decoding=\"async\" loading=\"lazy\" class=\"\" src=\"https:\/\/francis.naukas.com\/files\/2016\/02\/Dibujo20160211-ligo-livingston-hanford-data-vs-theoretical-prediction-gravitational-waves-nsf-ligo.jpg\" alt=\"LIGO detecta ondas gravitacionales de la fusi\u00f3n de dos agujeros negros - La Ciencia de la Mula Francis\" width=\"618\" height=\"415\" \/><\/p>\n<p>&nbsp;<\/p>\n<p style=\"text-align: justify;\">&#8220;El 14 de septiembre de 2015 el detector de LIGO en Livingston detect\u00f3 una se\u00f1al. Siete milisegundos m\u00e1s tarde el detector de LIGO en Hanford detect\u00f3 la misma se\u00f1al. Dichas se\u00f1ales son casi id\u00e9nticas a las que predicen las simulaciones de <a href=\"#\" onclick=\"referencia('relatividad',event); return false;\">relatividad<\/a> num\u00e9rica mediante supercomputadores para la fusi\u00f3n de dos <a href=\"#\" onclick=\"referencia('agujero negro',event); return false;\">agujeros negros<\/a> de masa estelar. Un suceso que ocurri\u00f3 hace mil trescientos millones de a\u00f1os que ahora podemos observar por primera vez desde la Tierra gracias a Advanced LIGO (AdvLIGO).&#8221;<\/p>\n<p style=\"text-align: justify;\">Las ondas gravitatorias reci\u00e9n descubiertas ilustran la deformaci\u00f3n del tejido del universo, un concepto aplicable a los viajes m\u00e1s r\u00e1pidos que la luz, aunque solo seg\u00fan la teor\u00eda.<\/p>\n<header>\n<h3><\/h3>\n<div><img decoding=\"async\" loading=\"lazy\" id=\"img_ID101750428C1075888I0\" class=\"\" src=\"http:\/\/s2.eestatic.com\/2016\/02\/12\/reportajes\/Volar-estrellas-arrugando-espacio_101750428_1075888_1706x1280.jpg\" alt=\"Volar a las estrellas arrugando el espacio\" width=\"702\" height=\"526\" \/><\/div>\n<\/header>\n<p style=\"text-align: justify;\"><strong>\u00a0\u00a0\u00a0\u00a0\u00a0\u00a0\u00a0\u00a0\u00a0\u00a0\u00a0\u00a0\u00a0\u00a0\u00a0\u00a0\u00a0\u00a0\u00a0\u00a0 Volar a las estrellas arrugando el espacio Ricky Brian \/ Patrick Montgomery Paramount<\/strong><\/p>\n<div style=\"text-align: justify;\">\n<div>\n<div><strong>Javier Yanes.<\/strong><\/div>\n<div><\/div>\n<\/div>\n<\/div>\n<address>\u00a0<\/address>\n<address><img decoding=\"async\" src=\"https:\/\/i.ytimg.com\/vi\/ZpB0ez1dInA\/sddefault.jpg\" alt=\"Warp Drive | Viajar m\u00e1s r\u00e1pido que la luz sin violar las leyes de la Relatividad\" \/><\/address>\n<address>\u00a0<\/address>\n<address><strong><em>warp drives de Alcubierre<\/em><\/strong><\/address>\n<div>\n<div style=\"text-align: justify;\">\n<p>Mientras elaboraba su tesis doctoral en la Universidad de Gales, el f\u00edsico mexicano <a href=\"http:\/\/sigi.nucleares.unam.mx\/sgiicn\/people\/user\/view\/id\/8\">Miguel Alcubierre<\/a> ve\u00eda un cap\u00edtulo de <em>Star Trek: La nueva generaci\u00f3n<\/em>, cuando tuvo una idea. Las naves de la serie se desplazan por el espacio a velocidades superiores a la de la luz gracias a sus <em>warp drives<\/em> o impulsores de curvatura, sistemas capaces de deformar el tejido del espacio-tiempo. \u00bfSer\u00eda posible proporcionar a los protagonistas de la serie un modelo te\u00f3rico real que encajara con las ecuaciones de la <a href=\"#\" onclick=\"referencia('relatividad',event); return false;\">relatividad<\/a> general de <a href=\"#\" onclick=\"referencia('einstein',event); return false;\">Einstein<\/a>?<\/p>\n<p>Alcubierre, que hoy dirige el <a href=\"http:\/\/www.nucleares.unam.mx\/index.php\">Instituto de Ciencias Nucleares de la Universidad Nacional Aut\u00f3noma de M\u00e9xico<\/a>, lo consigui\u00f3. Y a la hora de poner un nombre a su hipot\u00e9tico propulsor, a sugerencia de su director de tesis, el f\u00edsico hizo &#8220;un gui\u00f1o a la ciencia ficci\u00f3n&#8221; y mantuvo el t\u00e9rmino <strong><em>warp drive<\/em><\/strong>, seg\u00fan cuenta a EL ESPA\u00d1OL. Sin embargo, y desde <a href=\"http:\/\/iopscience.iop.org\/article\/10.1088\/0264-9381\/11\/5\/001\">la publicaci\u00f3n de su teor\u00eda en 1994<\/a>, la comunidad f\u00edsica se refiere a su propuesta como <strong><em>Alcubierre drive<\/em><\/strong>.<\/p>\n<p>&nbsp;<\/p>\n<blockquote>\n<div><img decoding=\"async\" loading=\"lazy\" src=\"http:\/\/noticiasdelaciencia.com\/upload\/img\/periodico\/img_24581.jpg\" alt=\"\" width=\"304\" height=\"203\" \/><\/div>\n<\/blockquote>\n<p><strong>\u00a0\u00a0\u00a0\u00a0\u00a0\u00a0\u00a0\u00a0\u00a0\u00a0\u00a0\u00a0\u00a0 Arrugas en la alfombra c\u00f3smica<\/strong><\/p>\n<p>&nbsp;<\/p>\n<p>Esta semana hemos asistido al anuncio hist\u00f3rico de la primera detecci\u00f3n de ondas gravitatorias, peque\u00f1as sacudidas en el tejido del espacio-tiempo tal como lo defini\u00f3 Albert <a href=\"#\" onclick=\"referencia('einstein',event); return false;\">Einstein<\/a> en su teor\u00eda general de la <a href=\"#\" onclick=\"referencia('relatividad',event); return false;\">relatividad<\/a>. Estas ondas creadas por las masas son normalmente min\u00fasculas e indetectables; pero las producidas por un cataclismo entre objetos inmensamente pesados, como la fusi\u00f3n de dos <a href=\"#\" onclick=\"referencia('agujero negro',event); return false;\">agujeros negros<\/a>, pueden llegar a cazarse en la Tierra gracias a la \u00ednfima variaci\u00f3n de longitud que provocan en un t\u00fanel alargado, lo que modifica el tiempo que la luz tarda en recorrerlo de un extremo a otro.<\/p>\n<p>En esta deformaci\u00f3n del espacio-tiempo se basa tambi\u00e9n la idea de Alcubierre. El f\u00edsico mexicano imagin\u00f3 una nave rodeada por una burbuja que es capaz de contraer el espacio-tiempo por delante de ella y expandirlo por detr\u00e1s, avanzando en su arruga espacio-temporal como un surfista navega sobre una ola. As\u00ed, si queremos volar a una estrella lejana, no es la nave la que se aproxima a su destino, sino este el que se acerca gracias a esos pliegues en la alfombra c\u00f3smica.<\/p>\n<p>&nbsp;<\/p>\n<p><img decoding=\"async\" loading=\"lazy\" class=\"\" src=\"https:\/\/s1.elespanol.com\/2016\/02\/12\/actualidad\/actualidad_101750511_1077547_854x640.jpg\" alt=\"Ondas gravitacionales: Volar a las estrellas arrugando el espacio\" width=\"641\" height=\"480\" \/><\/p>\n<p>&nbsp;<\/p>\n<div>\n<p>\u00a0\u00a0\u00a0\u00a0\u00a0\u00a0\u00a0\u00a0\u00a0\u00a0\u00a0\u00a0\u00a0 <strong>\u00a0 \u00a0Recreaci\u00f3n de estos hipot\u00e9ticos viajes. Les Bossinas NASA<\/strong><\/p>\n<p>&nbsp;<\/p>\n<\/div>\n<p>&#8220;El objeto se mueve sin moverse en realidad\u201d, dice el f\u00edsico; &#8220;es el espacio el que hace el trabajo&#8221;. El modelo permite, seg\u00fan su autor, &#8220;viajar a velocidades arbitrarias, incluso mayores que las de la luz&#8221;, ya que en realidad la nave no quebranta este l\u00edmite f\u00edsico respecto a su entorno local. Y en un experimento mental ya cl\u00e1sico sobre los viajes a velocidad superluminal, si los tripulantes de la nave encendieran los faros delanteros, ver\u00edan el chorro de luz proyectado hacia delante, ya que la luz emitida seguir\u00eda movi\u00e9ndose m\u00e1s aprisa que el veh\u00edculo dentro de la burbuja.<\/p>\n<p>&nbsp;<\/p>\n<p><img decoding=\"async\" src=\"https:\/\/lonelyplanetes.cdnstatics2.com\/sites\/default\/files\/inline-images\/tierra_viaje_planeta_univedrso_shutterstock_1221832189_adim_sadovski_shutterstock.jpg\" alt=\"Volar a las estrellas arrugando el espacio : Blog de Emilio Silvera V.\" \/><\/p>\n<p>Si finalmente logramos que el Espacio sew &#8220;arrugue&#8221; y venga a nosotros, haremos el viaje m\u00e1s r\u00e1pido, incluso &#8220;burlando&#8221; a la velocidad de la Luz (que no venci\u00e9ndola).<\/p>\n<p>La publicaci\u00f3n del modelo de Alcubierre provoc\u00f3 a su vez una onda expansiva en su propio tejido espacio-temporal, el de la f\u00edsica te\u00f3rica a finales del siglo XX. Desde entonces, las cinco p\u00e1ginas del <a href=\"http:\/\/iopscience.iop.org\/article\/10.1088\/0264-9381\/11\/5\/001\">estudio<\/a> del mexicano han sido descargadas de la web de la revista <em>Classical and Quantum Gravity<\/em> m\u00e1s de 25.000 veces, y su trabajo ha sido citado en m\u00e1s de un centenar de art\u00edculos, adem\u00e1s de haber motivado obras de ciencia ficci\u00f3n y locas especulaciones en la imaginaci\u00f3n popular.<\/p>\n<h2><strong>Energ\u00eda negativa y materia ex\u00f3tica:<\/strong><\/h2>\n<div class=\"WaaZC\">\n<div class=\"RJPOee EIJn2\">\n<div class=\"rPeykc\" data-hveid=\"CAQQAQ\" data-ved=\"2ahUKEwimk_uzha-NAxWPLPsDHYnYJx4Qo_EKegQIBBAB\"><span data-huuid=\"4579900564203201185\">La materia ex\u00f3tica y la energ\u00eda negativa est\u00e1n relacionadas a trav\u00e9s de conceptos f\u00edsicos que desaf\u00edan nuestra comprensi\u00f3n de la materia y del Espacio-Tiempo. <\/span><span data-huuid=\"4579900564203201280\">La materia ex\u00f3tica, que incluye conceptos como la energ\u00eda oscura y la masa negativa, podr\u00eda ser la fuente de la expansi\u00f3n acelerada del universo y de la curvatura negativa.\u00a0<\/span><span data-huuid=\"4579900564203201375\">La energ\u00eda negativa, por otro lado, es un concepto que se utiliza para explicar fen\u00f3menos cu\u00e1nticos y la naturaleza de ciertos campos, como el gravitatorio.<\/span><\/div>\n<div data-hveid=\"CAQQAQ\" data-ved=\"2ahUKEwimk_uzha-NAxWPLPsDHYnYJx4Qo_EKegQIBBAB\"><\/div>\n<\/div>\n<\/div>\n<div class=\"WaaZC\">\n<div class=\"RJPOee EIJn2\">\n<div class=\"rPeykc pyPiTc\" data-hveid=\"CA0QAQ\" data-ved=\"2ahUKEwimk_uzha-NAxWPLPsDHYnYJx4Qo_EKegQIDRAB\"><strong>El concepto de materia ex\u00f3tica:<\/strong><\/div>\n<\/div>\n<\/div>\n<div class=\"WaaZC\">\n<div class=\"RJPOee EIJn2\">\n<ul data-hveid=\"CB8QAQ\" data-ved=\"2ahUKEwimk_uzha-NAxWPLPsDHYnYJx4Qm_YKegQIHxAB\">\n<li class=\"K3KsMc\">\n<div class=\"zMgcWd dSKvsb\" data-il=\"\">\n<div data-crb-p=\"\">\n<div class=\"xFTqob\">\n<div class=\"Gur8Ad\"><span data-huuid=\"17356444738584183665\"><strong>Energ\u00eda oscura:<\/strong><\/span><\/div>\n<div class=\"vM0jzc\">\n<p><span data-huuid=\"17356444738584186542\">Se considera una forma de energ\u00eda con densidad de energ\u00eda negativa, responsable de la expansi\u00f3n acelerada del universo.<\/span><\/p>\n<div class=\"NPrrbc\" data-cid=\"e8c9ee5d-ab76-40e5-a79e-466688333645\" data-uuids=\"17356444738584183665,17356444738584186542\">\n<div class=\"BMebGe btku5b fCrZyc LwdV0e FR7ZSc qVhvac OJeuxf\" tabindex=\"0\" role=\"button\" aria-label=\"Ver enlaces relacionados\" data-hveid=\"CB0QAQ\" data-ved=\"2ahUKEwimk_uzha-NAxWPLPsDHYnYJx4Q3fYKegQIHRAB\">\n<div class=\"niO4u\">\n<div class=\"kHtcsd\"><\/div>\n<\/div>\n<\/div>\n<\/div>\n<\/div>\n<\/div>\n<\/div>\n<\/div>\n<\/li>\n<li class=\"K3KsMc\">\n<div class=\"zMgcWd dSKvsb\" data-il=\"\">\n<div data-crb-p=\"\">\n<div class=\"xFTqob\">\n<div class=\"Gur8Ad\"><span data-huuid=\"17356444738584184104\"><strong>Masa negativa:<\/strong><\/span><\/div>\n<div class=\"vM0jzc\"><span data-huuid=\"17356444738584182885\">Es una propiedad de la materia hipot\u00e9tica que podr\u00eda tener efectos contrarios a la gravedad, como la creaci\u00f3n de <a href=\"#\" onclick=\"referencia('agujero de gusano',event); return false; return false;\">agujeros de gusano<\/a> o la expansi\u00f3n del universo.<\/span><\/div>\n<\/div>\n<\/div>\n<\/div>\n<\/li>\n<\/ul>\n<\/div>\n<\/div>\n<p>&nbsp;<\/p>\n<p><img decoding=\"async\" loading=\"lazy\" class=\"\" src=\"http:\/\/2.bp.blogspot.com\/-zuBNMy5ewBY\/TnkQ6jPZdtI\/AAAAAAAAAk8\/ldvPkDmOacc\/s1600\/agujero-de-gusano.jpg\" alt=\"\" width=\"469\" height=\"333\" \/><\/p>\n<\/div>\n<p><span data-huuid=\"15298049096306903926\">La fuerza de Casimir es una fuerza atractiva que se produce entre dos superficies separadas por un vac\u00edo, debido a las fluctuaciones cu\u00e1nticas\u00a0 del campo electromagn\u00e9tico <\/span><span data-huuid=\"15298049096306903593\">Este fen\u00f3meno fue predicho por el f\u00edsico holand\u00e9s<strong> Hendrik Casimir en 1948 <\/strong>y ha sido confirmado.<\/span><\/p>\n<p>&nbsp;<\/p>\n<\/div>\n<p><img decoding=\"async\" src=\"https:\/\/64.media.tumblr.com\/de3f02ff1c7a505b52c9c647a9c006d1\/tumblr_inline_o7el1r07ua1rbpfuz_540.gifv\" alt=\"2022 agosto : Blog de Emilio Silvera V.\" \/><\/p>\n<p>&nbsp;<\/p>\n<div>\n<div style=\"text-align: justify;\">\n<p>Claro que, en f\u00edsica, de la teor\u00eda a la pr\u00e1ctica a menudo media una distancia tan insalvable como la del espacio interestelar. El primer problema fundamental de la burbuja de Alcubierre es la propia burbuja. &#8220;Para producir esta distorsi\u00f3n del espacio se requiere de algo que llamamos energ\u00eda negativa, que es esencialmente equivalente a la anti-gravedad&#8221;, apunta el f\u00edsico; &#8220;y hasta donde sabemos, eso no existe&#8221;, zanja. En la f\u00edsica cl\u00e1sica, la que podemos experimentar en nuestra vida diaria, hablar de energ\u00eda negativa es un concepto tan absurdo como tratar de encender la oscuridad. &#8220;Pero en el extra\u00f1o mundo de la mec\u00e1nica cu\u00e1ntica, de hecho se predice la existencia de la energ\u00eda negativa&#8221;, precisa a este diario el matem\u00e1tico de la Universidad Estatal Central de Connecticut (EEUU) <a href=\"http:\/\/www.math.ccsu.edu\/hive\/faculty\/roman.html\">Thomas Roman<\/a>.<\/p>\n<\/div>\n<\/div>\n<p><img decoding=\"async\" loading=\"lazy\" class=\"\" src=\"https:\/\/imagenes.elpais.com\/resizer\/v2\/5XAH5WAB7EHIX7X3VJDFG5UBHI.jpg?auth=5f83d47043c4ea1af3062039a53495ec917de3fba2d4f103c1a57d99087d2f28&amp;width=414\" alt=\"Podremos viajar en el tiempo? | El viajero astuto | El Viajero | EL PA\u00cdS\" width=\"303\" height=\"202\" \/><img decoding=\"async\" loading=\"lazy\" class=\"\" src=\"https:\/\/i.ytimg.com\/vi\/6hnKWm7ip4E\/maxresdefault.jpg\" alt=\"\u00bfEs posible viajar en el tiempo?\" width=\"358\" height=\"202\" \/><\/p>\n<p>&nbsp;<\/p>\n<div>\n<div style=\"text-align: justify;\">\n<p>Seg\u00fan explica Roman, en 1992 el f\u00edsico Stephen Hawking demostr\u00f3 que la energ\u00eda negativa es un elemento necesario para viajar hacia atr\u00e1s en el tiempo. En f\u00edsica, la idea de desplazarse m\u00e1s r\u00e1pido que la luz est\u00e1 \u00edntimamente ligada a la del viaje temporal, ya que ser\u00eda posible sentarnos en una posici\u00f3n en la que vi\u00e9ramos c\u00f3mo una se\u00f1al transmitida a velocidad superluminal llega a su destinatario antes de haber sido enviada por el emisor. La energ\u00eda negativa nace de la aplicaci\u00f3n de estas condiciones a las ecuaciones de <a href=\"#\" onclick=\"referencia('einstein',event); return false;\">Einstein<\/a>; por lo tanto, si se coloca en las f\u00f3rmulas no s\u00f3lo rompe la barrera de la luz, aunque sea en el papel, sino que tambi\u00e9n nos regala un billete al pasado.<\/p>\n<\/div>\n<\/div>\n<p>&nbsp;<\/p>\n<p><img decoding=\"async\" loading=\"lazy\" class=\"\" src=\"https:\/\/services.meteored.com\/img\/article\/es-posible-viajar-en-el-tiempo-un-cientifico-resuelve-la-paradoja-del-abuelo-con-matematicas-1736859921850_1280.jpg\" alt=\"Es posible viajar en el tiempo? Un f\u00edsico italiano resuelve la &quot;paradoja del abuelo&quot; con matem\u00e1ticas\" width=\"555\" height=\"390\" \/><\/p>\n<p style=\"text-align: justify;\">Un investigador de la Universidad de British Columbia (UBC) dice haber desarrollado un modelo de m\u00e1quina matem\u00e1tica para viajar en el tiempo.<\/p>\n<p>&nbsp;<\/p>\n<p><img decoding=\"async\" src=\"https:\/\/fotografias.antena3.com\/clipping\/cmsimages02\/2017\/04\/27\/20116576-3BAA-4A8D-A777-F9F2FBA8EF78\/64.jpg\" alt=\"Un investigador asegura tener la f\u00f3rmula matem\u00e1tica para poder realizar viajes en el tiempo\" \/><\/p>\n<p>&nbsp;<\/p>\n<p style=\"text-align: justify;\"><strong>Ben Tippett,<\/strong> profesor de Matem\u00e1ticas y F\u00edsica en el campus Okanagan de la UBC, public\u00f3 recientemente un estudio sobre la viabilidad del viaje en el tiempo. Tippett, cuyo campo de especializaci\u00f3n es la teor\u00eda de <a href=\"#\" onclick=\"referencia('einstein',event); return false;\">Einstein<\/a> de la <a href=\"#\" onclick=\"referencia('relatividad',event); return false;\">relatividad<\/a> general, estudia los <a href=\"#\" onclick=\"referencia('agujero negro',event); return false;\">agujeros negros<\/a> y la ciencia ficci\u00f3n cuando no est\u00e1 ense\u00f1ando. Usando matem\u00e1ticas y f\u00edsica, \u00e9l ha creado una f\u00f3rmula que describe un m\u00e9todo para viajar en el tiempo.<\/p>\n<p style=\"text-align: justify;\">\u00abLa gente piensa en el viaje en el tiempo como algo de ficci\u00f3n\u00bb, dice Tippett, que ha publicado su trabajo en Classical and Quantum Gravity. \u00abY tendemos a pensar que no es posible porque realmente no lo hacemos, pero, matem\u00e1ticamente, es posible\u00bb.<\/p>\n<p>&nbsp;<\/p>\n<p><img decoding=\"async\" loading=\"lazy\" class=\"\" src=\"https:\/\/www.otroangulo.info\/fabricaweb\/wp-content\/uploads\/Wells-30.jpg\" alt=\"La m\u00e1quina del tiempo, de H. G. Wells \u2013 Otro \u00c1ngulo\" width=\"536\" height=\"336\" \/><\/p>\n<p>&nbsp;<\/p>\n<p style=\"text-align: justify;\"><strong>Desde que HG Wells public\u00f3 su libro \u2018Time Machine\u2019 en 1885,<\/strong> la gente ha tenido curiosidad por viajar en el tiempo, y los cient\u00edficos han trabajado para resolver o refutar la teor\u00eda, dice. En 1915 Albert <a href=\"#\" onclick=\"referencia('einstein',event); return false;\">Einstein<\/a> anunci\u00f3 su teor\u00eda de la <a href=\"#\" onclick=\"referencia('relatividad',event); return false;\">relatividad<\/a> general, indicando que los campos gravitacionales son causados por las distorsiones en la tela del espacio y del tiempo.<\/p>\n<p>&nbsp;<\/p>\n<p><img decoding=\"async\" src=\"https:\/\/ichef.bbci.co.uk\/ace\/ws\/640\/cpsprodpb\/8263\/live\/4403a010-167f-11ee-8cae-4785e93eadf1.jpg.webp\" alt=\"El choque de dos galaxias que permiti\u00f3 captar un nuevo tipo de ondas gravitacionales - BBC News Mundo\" \/><\/p>\n<p><strong>Captadas las ondas gravitatorias del choque de dos <a href=\"#\" onclick=\"referencia('agujero negro',event); return false;\">agujeros negros<\/a><\/strong><\/p>\n<p style=\"text-align: justify;\">M\u00e1s de 100 a\u00f1os despu\u00e9s, la Colaboraci\u00f3n Cient\u00edfica LIGO -un equipo internacional de institutos de f\u00edsica y grupos de investigaci\u00f3n- anunci\u00f3 la detecci\u00f3n de ondas gravitatorias generadas por colisiones entre <a href=\"#\" onclick=\"referencia('agujero negro',event); return false;\">agujeros negros<\/a> a miles de millones de a\u00f1os luz, confirmando la teor\u00eda de <a href=\"#\" onclick=\"referencia('einstein',event); return false;\">Einstein<\/a>.<\/p>\n<p><strong>El tiempo debe ser simult\u00e1neo a las otras tres dimensiones<\/strong><\/p>\n<p style=\"text-align: justify;\">La divisi\u00f3n del espacio en tres dimensiones, con el tiempo en una dimensi\u00f3n separada por s\u00ed misma, es incorrecta, dice Tippett. Las cuatro dimensiones deben ser imaginadas simult\u00e1neamente, donde diferentes direcciones est\u00e1n conectadas, como un continuo espacio-tiempo.<\/p>\n<p style=\"text-align: justify;\">Utilizando la teor\u00eda de <a href=\"#\" onclick=\"referencia('einstein',event); return false;\">Einstein<\/a>, Tippett dice que la curvatura del espacio-tiempo explica las \u00f3rbitas curvas de los planetas.<\/p>\n<p style=\"text-align: justify;\">En el espacio-tiempo \u00abplano\u00bb -o no curvado-, los planetas y las estrellas se mover\u00edan en l\u00edneas rectas. En las proximidades de una estrella masiva, la geometr\u00eda espacio-tiempo se curva y las trayectorias rectas de los planetas cercanos seguir\u00e1n la curvatura y se doblar\u00e1n alrededor de la estrella.<\/p>\n<p style=\"text-align: justify;\">\u00abLa direcci\u00f3n temporal de la superficie espacio-tiempo tambi\u00e9n muestra curvatura, hay evidencia que muestra que cuanto m\u00e1s cerca de un <a href=\"#\" onclick=\"referencia('agujero negro',event); return false;\">agujero negro<\/a> estemos, el tiempo se mueve m\u00e1s lento\u00bb, dice Tippett. \u00abMi modelo de una m\u00e1quina del tiempo usa el espacio-tiempo curvado-para doblar el tiempo en un c\u00edrculo para los pasajeros, no en una l\u00ednea recta. Ese c\u00edrculo nos remonta en el tiempo\u00bb.<\/p>\n<p style=\"text-align: justify;\">Si bien es posible describir este tipo de viajes en el tiempo usando una ecuaci\u00f3n matem\u00e1tica, Tippett duda de que alguien nunca construir\u00e1 una m\u00e1quina para que funcione.<\/p>\n<p>&nbsp;<\/p>\n<p><img decoding=\"async\" loading=\"lazy\" class=\"\" src=\"https:\/\/cdn.hispantv.com\/hispanmedia\/files\/images\/thumbnail\/20170429\/01355375_xl.jpg\" alt=\"Viajar en el tiempo es matem\u00e1ticamente posible'; Aqu\u00ed la f\u00f3rmula | HISPANTV\" width=\"639\" height=\"359\" \/><\/p>\n<p>&nbsp;<\/p>\n<blockquote>\n<p style=\"text-align: justify;\"><span data-huuid=\"2886216782649884945\">Las matem\u00e1ticas, espec\u00edficamente las de la Teor\u00eda de la Relatividad General,\u00a0 proporcionan el marco para entender c\u00f3mo podr\u00eda ser posible viajar en el tiempo. <\/span><span data-huuid=\"2886216782649885128\">Conceptos como los <a href=\"#\" onclick=\"referencia('agujero de gusano',event); return false; return false;\">agujeros de gusano<\/a> y la dilataci\u00f3n del tiempo (en el que el tiempo se percibe m\u00e1s lento a velocidades cercanas a la luz) se basan en ecuaciones matem\u00e1ticas que describen la curvatura del espacio-tiempo.<span class=\"pjBG2e\" data-cid=\"ce72b179-0b49-4314-b782-29cb45fa0864\"><span class=\"UV3uM\">\u00a0<\/span><\/span><\/span><\/p>\n<\/blockquote>\n<div>\n<div style=\"text-align: justify;\">\n<p>S\u00ed, las matem\u00e1ticas han demostrado que, te\u00f3ricamente, es posible viajar en el Tiempo.\u00a0<span data-huuid=\"4424360137530543002\">Diversos modelos matem\u00e1ticos han permitido explorar la viabilidad de viajes temporales, incluyendo la posibilidad de viajar al futuro, incluso sin una m\u00e1quina del tiempo.\u00a0<\/span><span data-huuid=\"4424360137530542681\">Adem\u00e1s, algunas teor\u00edas matem\u00e1ticas sugieren que podr\u00eda ser posible viajar al pasado, aunque con ciertas limitaciones y posibles paradojas.<\/span><\/p>\n<p>&nbsp;<\/p>\n<\/div>\n<\/div>\n<p><img decoding=\"async\" loading=\"lazy\" class=\"\" src=\"https:\/\/scontent.fsvq2-1.fna.fbcdn.net\/v\/t39.30808-6\/465456252_9108213079190066_217562708990788515_n.jpg?_nc_cat=109&amp;ccb=1-7&amp;_nc_sid=0b6b33&amp;_nc_ohc=UVc5zOfeS8sQ7kNvwE1E7Vu&amp;_nc_oc=Adl1bl-Q6JBM5ICVazk1rdq1tS_h1nxyWMChWUj9kobZ9QtynNROrsxiWtBD84FiZeo&amp;_nc_zt=23&amp;_nc_ht=scontent.fsvq2-1.fna&amp;_nc_gid=9KQbjfuNdbyxj4X78noinQ&amp;oh=00_AfIlfo0mItMXCmp6eyu7EVDwe1wlRBrnBtdQ4tbUW_tFRg&amp;oe=6830BEB3\" alt=\"No hay ninguna descripci\u00f3n de la foto disponible.\" width=\"637\" height=\"358\" \/><\/p>\n<blockquote>\n<p style=\"text-align: justify;\">Las ecuaciones de campo de <a href=\"#\" onclick=\"referencia('einstein',event); return false;\">Einstein<\/a> son la representaci\u00f3n matem\u00e1tica de la curvatura del espacio tiempo ocasionada por materia y energ\u00eda.<\/p>\n<\/blockquote>\n<div>\n<div style=\"text-align: justify;\">\n<p>Pero aunque la f\u00edsica cu\u00e1ntica te\u00f3rica permita la existencia de esta energ\u00eda, no es tan f\u00e1cil obligar a la realidad a que lo acepte. Seg\u00fan la <a href=\"#\" onclick=\"referencia('relatividad',event); return false;\">relatividad<\/a> especial de <a href=\"#\" onclick=\"referencia('einstein',event); return false;\">Einstein<\/a>, masa y energ\u00eda son dos caras de una misma moneda (la famosa E=mc<sup>2<\/sup>), por lo que la energ\u00eda negativa equivale a un tipo de materia que no tenemos, y que los f\u00edsicos denominan &#8220;ex\u00f3tica&#8221;. &#8220;Las curvaturas del <em>warp drive<\/em> solo pueden ser causadas por este tipo de materia hipot\u00e9tica&#8221;, se\u00f1ala a EL ESPA\u00d1OL Carlos Barcel\u00f3, f\u00edsico te\u00f3rico del <a href=\"http:\/\/www.iaa.es\/es\">Instituto Astrof\u00edsico de Andaluc\u00eda<\/a> del C<a href=\"#\" onclick=\"referencia('unidades del si',event); return false;\">SI<\/a>C (IAA). Barcel\u00f3 expone que &#8220;la materia que conocemos no tiene estas caracter\u00edsticas&#8221;; pero del mismo modo que la f\u00edsica de part\u00edculas predice la energ\u00eda negativa, &#8220;se ha especulado que quiz\u00e1 podr\u00eda haber situaciones cu\u00e1nticas en las que se genere materia de este tipo&#8221;.<\/p>\n<h2><strong>Una nave sin control<\/strong><\/h2>\n<p>&nbsp;<\/p>\n<\/div>\n<\/div>\n<p><img decoding=\"async\" loading=\"lazy\" class=\"\" src=\"https:\/\/s1.elespanol.com\/2016\/02\/12\/ciencia\/ciencia_101750514_1077606_1706x1280.jpg\" alt=\"Ondas gravitacionales: Volar a las estrellas arrugando el espacio\" width=\"673\" height=\"504\" \/><img decoding=\"async\" loading=\"lazy\" class=\"\" src=\"https:\/\/i.pinimg.com\/originals\/43\/0a\/ca\/430aca4832f8c6ecfc6eefb8f52dd21a.jpg\" alt=\"Volar a las estrellas arrugando el espacio : Blog de Emilio Silvera V.\" width=\"666\" height=\"560\" \/><\/p>\n<p>&nbsp;<\/p>\n<div>\n<div style=\"text-align: justify;\">\n<p>El de la energ\u00eda negativa, o la materia ex\u00f3tica, no es el \u00fanico obst\u00e1culo en el modelo de Alcubierre. Su propio autor opone una segunda gran pega, el llamado &#8220;problema del horizonte&#8221;. Dado que el frente de la burbuja se desplazar\u00eda a una velocidad aparente mayor que la de la luz, los pilotos de la nave no podr\u00edan acceder a \u00e9l, y esto tendr\u00eda consecuencias bastante indeseables. Por un lado, no podr\u00edan enviar se\u00f1ales para detener o dirigir la burbuja, por lo que continuar\u00edan viajando indefinidamente a menos que la pompa estallara o alguien desde fuera hiciera algo al respecto.<\/p>\n<p>&nbsp;<\/p>\n<p><img decoding=\"async\" loading=\"lazy\" class=\"\" src=\"https:\/\/danteamerisi.files.wordpress.com\/2015\/10\/wpid-thwarpdrive_980.jpg\" alt=\"Volar a las estrellas arrugando el espacio : Blog de Emilio Silvera V.\" width=\"667\" height=\"370\" \/><\/p>\n<p>&nbsp;<\/p>\n<p><strong>\u00bfC\u00f3mo ser\u00edan este tipo de viajes? NASA<\/strong><\/p>\n<p>&nbsp;<\/p>\n<\/div>\n<p style=\"text-align: justify;\">Pero tambi\u00e9n, y dado que los tripulantes de la nave estar\u00edan desconectados del exterior de la burbuja, si fuera posible crear una infraestructura que permitiera el desplazamiento \u2013como han sugerido algunos te\u00f3ricos\u2013, \u00e9sta no podr\u00eda ser colocada durante el propio viaje, como hac\u00edan los constructores de los ferrocarriles que iban tendiendo las v\u00edas a medida que la locomotora avanzaba. En este caso la locomotora no tendr\u00eda puertas para salir al exterior, por lo que las v\u00edas deber\u00edan ser colocadas por un equipo que viajara a pie, o en este caso en una nave convencional, y por tanto muy lenta.<\/p>\n<p>&nbsp;<\/p>\n<p style=\"text-align: justify;\"><img decoding=\"async\" loading=\"lazy\" class=\"\" src=\"https:\/\/esp.rt.com\/actualidad\/public_images\/f3d\/f3d4f5b63b1a5b4777037c74934b3f6b.jpg\" alt=\"\" width=\"507\" height=\"285\" \/><\/p>\n<p style=\"text-align: justify;\">&#8220;Todo apunta a que la naturaleza rechaza la formaci\u00f3n de burbujas como las de Alcubierre&#8221;, concluye Barcel\u00f3. El f\u00edsico del IAA agrega que adem\u00e1s existen &#8220;<a href=\"http:\/\/journals.aps.org\/prd\/abstract\/10.1103\/PhysRevD.79.124017\">problemas de inestabilidad<\/a>&#8220;: en concreto, las altas temperaturas en el interior de la burbuja no solo la destruir\u00edan, sino que incinerar\u00edan todo su contenido, nave y tripulantes. El propio Alcubierre admite que su experimento mental no tiene &#8220;ninguna aplicaci\u00f3n pr\u00e1ctica hasta la fecha, y no la puede haber mientras los problemas mencionados no se puedan resolver, si es que tienen soluci\u00f3n, que pueden muy bien no tenerla&#8221;.<\/p>\n<h2 style=\"text-align: justify;\"><strong>Imposible, pero nada lo es<\/strong><\/h2>\n<\/div>\n<p>&nbsp;<\/p>\n<p><img decoding=\"async\" src=\"https:\/\/images.ecestaticos.com\/s2r2T1RVdVVaXM4cZxQBSSiaXug=\/0x0:2151x1209\/600x315\/filters:fill(white):format(jpg):quality(99):watermark(f.elconfidencial.com\/file\/bae\/eea\/fde\/baeeeafde1b3229287b0c008f7602058.png,0,275,1)\/f.elconfidencial.com\/original\/ec7\/3b5\/f8c\/ec73b5f8c8910c97949673ef56eb2929.jpg\" alt=\"Lanzan una nueva herramienta experimental para crear naves m\u00e1s r\u00e1pidas que la luz\" \/><\/p>\n<div>\n<p style=\"text-align: justify;\">Y a pesar de todas las objeciones en contra, la cuesti\u00f3n de los propulsores de curvatura contin\u00faa provocando encendidas discusiones entre los f\u00edsicos. Para los te\u00f3ricos es puramente una manera de explotar las posibilidades de las ecuaciones, pero las conjeturas nacidas a ra\u00edz de algunos resultados experimentales afloran peri\u00f3dicamente a la luz p\u00fablica, para entusiasmo de unos e indignaci\u00f3n de otros.<\/p>\n<p style=\"text-align: justify;\"><a href=\"http:\/\/www.elespanol.com\/ciencia\/20151120\/80741967_0.html\">Hace pocos meses<\/a>, un grupo heterodoxo de la NASA llamado Laboratorio de F\u00edsica de Propulsi\u00f3n Avanzada, o <a href=\"https:\/\/www.facebook.com\/eagleworksnasa\/\">Eagleworks<\/a>, caus\u00f3 una conmoci\u00f3n al sugerir que hab\u00eda construido un tipo de propulsor llamado EmDrive que se opone a toda la l\u00f3gica f\u00edsica y en el que algunos te\u00f3ricos ven la posibilidad de crear burbujas de distorsi\u00f3n del espacio-tiempo. El asunto fue tan comentado en los medios como irritante para la propia NASA, que prohibi\u00f3 a los ingenieros de Eagleworks pronunciarse p\u00fablicamente. A ra\u00edz de aquello, la agencia archiv\u00f3 los art\u00edculos de su web relacionados con la idea del <em>warp drive<\/em>, reemplaz\u00e1ndolos por una <a href=\"http:\/\/www.nasa.gov\/centers\/glenn\/technology\/warp\/warp.html\">declaraci\u00f3n<\/a> que afirma: &#8220;<em>Warp Drive<\/em> o cualquier otro t\u00e9rmino para viajes m\u00e1s r\u00e1pidos que la luz a\u00fan no son m\u00e1s que una especulaci\u00f3n. El grueso del conocimiento cient\u00edfico concluye que esto es imposible&#8221;.<\/p>\n<p>&nbsp;<\/p>\n<p style=\"text-align: justify;\"><img decoding=\"async\" loading=\"lazy\" class=\"\" src=\"http:\/\/danielmarin.naukas.com\/files\/2016\/01\/Captura-de-pantalla-2016-01-04-a-las-21.48.52.png\" alt=\"\" width=\"503\" height=\"316\" \/><\/p>\n<p style=\"text-align: justify;\">Al menos por el momento, deberemos conformarnos con posibilidades m\u00e1s al alcance de la tecnolog\u00eda. La NASA investiga activamente en el campo de los propulsores i\u00f3nicos, una opci\u00f3n que no permitir\u00e1 los viajes interestelares pero s\u00ed romper nuestras fronteras actuales, y que para Alcubierre &#8220;son de momento los sistemas m\u00e1s prometedores&#8221;. En un futuro muy lejano, imagina el f\u00edsico, tal vez lleguemos a construir cohetes de antimateria; &#8220;pero de momento es ciencia ficci\u00f3n&#8221;, concluye. Respecto a lo que pueda depararnos el futuro, nos queda el consuelo de Barcel\u00f3: &#8220;En ciencia natural nunca se puede decir de nada que es imposible&#8221;.<\/p>\n<p><strong>Publica: Emilio Silvera V.<\/strong><\/p>\n<p>El reportaje ha sido mejorado con algunas im\u00e1genes y comentarios.<\/p>\n<\/div>\n<div class='bookmark'>\r\n\t\t<table align='left' border='0' cellpadding='0' width='100%'>\r\n\t\t<tr><td><span class='pushbutton'><a href='http:\/\/delicious.com\/post?url=http%3A%2F%2Fwww.emiliosilveravazquez.com%2Fblog%2F2025%2F05%2F19%2Fvolar-a-las-estrellas-arrugando-el-espacio-2%2F&amp;title=Volar+a+las+estrellas+arrugando+el+espacio' title='Delicious' target='_blank' rel='nofollow'><img src='http:\/\/www.emiliosilveravazquez.com\/blog\/wp-content\/plugins\/knxdt-bookmarks-wordpress-plugin\/images\/delicious.png'  alt='' class='book_img' border='none' style='margin:1px; padding: 0;'  \/><\/a><\/span><span class='pushbutton'><a href='http:\/\/digg.com\/submit?url=http%3A%2F%2Fwww.emiliosilveravazquez.com%2Fblog%2F2025%2F05%2F19%2Fvolar-a-las-estrellas-arrugando-el-espacio-2%2F&amp;title=Volar+a+las+estrellas+arrugando+el+espacio' title='Digg' target='_blank' rel='nofollow'><img src='http:\/\/www.emiliosilveravazquez.com\/blog\/wp-content\/plugins\/knxdt-bookmarks-wordpress-plugin\/images\/digg.png'  alt='' class='book_img' border='none' style='margin:1px; padding: 0;'  \/><\/a><\/span><span class='pushbutton'><a href='http:\/\/www.google.com\/bookmarks\/mark?op=edit&amp;bkmk=http%3A%2F%2Fwww.emiliosilveravazquez.com%2Fblog%2F2025%2F05%2F19%2Fvolar-a-las-estrellas-arrugando-el-espacio-2%2F&amp;title=Volar+a+las+estrellas+arrugando+el+espacio' title='Google' target='_blank' rel='nofollow'><img src='http:\/\/www.emiliosilveravazquez.com\/blog\/wp-content\/plugins\/knxdt-bookmarks-wordpress-plugin\/images\/google.png'   alt='' class='book_img' border='none' style='margin:1px; padding: 0;'  \/><\/a><\/span><span class='pushbutton'><a href='http:\/\/myweb2.search.yahoo.com\/myresults\/bookmarklet?u=http%3A%2F%2Fwww.emiliosilveravazquez.com%2Fblog%2F2025%2F05%2F19%2Fvolar-a-las-estrellas-arrugando-el-espacio-2%2F&amp;t=Volar+a+las+estrellas+arrugando+el+espacio' title='Yahoo' target='_blank' rel='nofollow'><img src='http:\/\/www.emiliosilveravazquez.com\/blog\/wp-content\/plugins\/knxdt-bookmarks-wordpress-plugin\/images\/yahoo.png'  alt='' class='book_img' border='none' style='margin:1px; padding: 0;'  \/><\/a><\/span><span class='pushbutton'><a href='http:\/\/www.technorati.com\/faves?add=http%3A%2F%2Fwww.emiliosilveravazquez.com%2Fblog%2F2025%2F05%2F19%2Fvolar-a-las-estrellas-arrugando-el-espacio-2%2F' title='Technorati' target='_blank' rel='nofollow'><img src='http:\/\/www.emiliosilveravazquez.com\/blog\/wp-content\/plugins\/knxdt-bookmarks-wordpress-plugin\/images\/technorati.png'  alt='' class='book_img' border='none' style='margin:1px; padding: 0;'  \/><\/a><\/span><span class='pushbutton'><a href='http:\/\/meneame.net\/submit.php?url=http%3A%2F%2Fwww.emiliosilveravazquez.com%2Fblog%2F2025%2F05%2F19%2Fvolar-a-las-estrellas-arrugando-el-espacio-2%2F' title='Meneame' target='_blank' rel='nofollow'><img src='http:\/\/www.emiliosilveravazquez.com\/blog\/wp-content\/plugins\/knxdt-bookmarks-wordpress-plugin\/images\/meneame.png'  alt='' class='book_img' border='none' style='margin:1px; padding: 0;'  \/><\/a><\/span><span class='pushbutton'><a href='http:\/\/enchilame.com\/submit.php?url=http:\/\/www.emiliosilveravazquez.com\/blog\/2025\/05\/19\/volar-a-las-estrellas-arrugando-el-espacio-2\/' target='_blank' rel='nofollow'><img title='Enchilame' src='http:\/\/www.emiliosilveravazquez.com\/blog\/wp-content\/plugins\/knxdt-bookmarks-wordpress-plugin\/images\/enchilame.png'  alt='' class='book_img' border='none' style='margin:1px; padding: 0;'  \/><\/a><\/span><span class='pushbutton'><a href='http:\/\/www.blinklist.com\/index.php?Action=Blink\/addblink.php&amp;Description=&amp;Url=http%3A%2F%2Fwww.emiliosilveravazquez.com%2Fblog%2F2025%2F05%2F19%2Fvolar-a-las-estrellas-arrugando-el-espacio-2%2F&amp;title=Volar+a+las+estrellas+arrugando+el+espacio' title='BlinkList' target='_blank' rel='nofollow'><img src='http:\/\/www.emiliosilveravazquez.com\/blog\/wp-content\/plugins\/knxdt-bookmarks-wordpress-plugin\/images\/blinklist.png'  alt='' class='book_img' border='none' style='margin:1px; padding: 0;'  \/><\/a><\/span><span class='pushbutton'><a href='http:\/\/reddit.com\/submit?url=http%3A%2F%2Fwww.emiliosilveravazquez.com%2Fblog%2F2025%2F05%2F19%2Fvolar-a-las-estrellas-arrugando-el-espacio-2%2F&amp;title=Volar+a+las+estrellas+arrugando+el+espacio' title='Reddit' target='_blank' rel='nofollow'><img src='http:\/\/www.emiliosilveravazquez.com\/blog\/wp-content\/plugins\/knxdt-bookmarks-wordpress-plugin\/images\/reddit.png'  alt='' class='book_img' border='none' style='margin:1px; padding: 0;'  \/><\/a><\/span><span class='pushbutton'><a href='http:\/\/www.tecnologiadiaria.com\/2009\/07\/abrir-com-hotmail-correo.html' target='_blank' title='hotmail'><img src='http:\/\/www.emiliosilveravazquez.com\/blog\/wp-content\/plugins\/knxdt-bookmarks-wordpress-plugin\/images\/linklove.png' alt='hotmail correo' class='book_img' border='none' style='margin:1px; padding: 0;' \/><\/a><\/span><span class='pushbutton'><a href='http:\/\/bitacoras.com\/votar\/anotacion\/externo\/mini\/www.emiliosilveravazquez.com\/blog\/2025\/05\/19\/volar-a-las-estrellas-arrugando-el-espacio-2\/' title='Bitacoras.com' target='_blank' rel='nofollow'><img src='http:\/\/www.emiliosilveravazquez.com\/blog\/wp-content\/plugins\/knxdt-bookmarks-wordpress-plugin\/images\/bitacoras.png'  alt='' class='book_img' border='none' style='margin:1px; padding: 0;'  \/><\/a><\/span><span class='pushbutton'><a href='http:\/\/www.wikio.es\/vote?url=http%3A%2F%2Fwww.emiliosilveravazquez.com%2Fblog%2F2025%2F05%2F19%2Fvolar-a-las-estrellas-arrugando-el-espacio-2%2F' title='Wikio' target='_blank' rel='nofollow'><img src='http:\/\/www.emiliosilveravazquez.com\/blog\/wp-content\/plugins\/knxdt-bookmarks-wordpress-plugin\/images\/wikio.png'   alt='' class='book_img' border='none' style='margin:1px; padding: 0;'   \/><\/a><\/span><span class='pushbutton'><a href='http:\/\/friendfeed.com\/?url=http%3A%2F%2Fwww.emiliosilveravazquez.com%2Fblog%2F2025%2F05%2F19%2Fvolar-a-las-estrellas-arrugando-el-espacio-2%2F&amp;title=Volar+a+las+estrellas+arrugando+el+espacio' title='Friend Feed' target='_blank' rel='nofollow'><img src='http:\/\/www.emiliosilveravazquez.com\/blog\/wp-content\/plugins\/knxdt-bookmarks-wordpress-plugin\/images\/friendfeed.png'  alt='' class='book_img' border='none' style='margin:1px; padding: 0;'  \/><\/a><\/span><span class='pushbutton'><a href='http:\/\/www.facebook.com\/share.php?u=http%3A%2F%2Fwww.emiliosilveravazquez.com%2Fblog%2F2025%2F05%2F19%2Fvolar-a-las-estrellas-arrugando-el-espacio-2%2F&amp;t=Volar+a+las+estrellas+arrugando+el+espacio' title='Facebook' target='_blank' rel='nofollow'><img src='http:\/\/www.emiliosilveravazquez.com\/blog\/wp-content\/plugins\/knxdt-bookmarks-wordpress-plugin\/images\/facebook.png'  alt='' class='book_img' border='none' style='margin:1px; padding: 0;'  \/><\/a><\/span><span class='pushbutton'><a href='http:\/\/twitter.com\/home?status=Volar+a+las+estrellas+arrugando+el+espacio: http%3A%2F%2Fwww.emiliosilveravazquez.com%2Fblog%2F2025%2F05%2F19%2Fvolar-a-las-estrellas-arrugando-el-espacio-2%2F' title='Twitter' target='_blank' rel='nofollow'><img src='http:\/\/www.emiliosilveravazquez.com\/blog\/wp-content\/plugins\/knxdt-bookmarks-wordpress-plugin\/images\/twitter.png'  alt='' class='book_img' border='none' style='margin:1px; padding: 0;'  \/><\/a><\/span><span class='pushbutton'><a href='http:\/\/www.feedburner.com\/fb\/a\/emailFlare?itemTitle=Volar+a+las+estrellas+arrugando+el+espacio&amp;uri=http%3A%2F%2Fwww.emiliosilveravazquez.com%2Fblog%2F2025%2F05%2F19%2Fvolar-a-las-estrellas-arrugando-el-espacio-2%2F' title='Enviar por Email' target='_blank' rel='nofollow'><img src='http:\/\/www.emiliosilveravazquez.com\/blog\/wp-content\/plugins\/knxdt-bookmarks-wordpress-plugin\/images\/email.png'  alt='' class='book_img' border='none' style='margin:1px; padding: 0;'  \/><\/a><\/span><span style='font-weight:bold; padding-left: 5px;'><a href='http:\/\/wordpress.org\/extend\/plugins\/knxdt-bookmarks-wordpress-plugin\/' title='Plugin' rel='nofollow' target='_blank'>[?]<\/a><\/span><\/td><\/tr><\/table><br\/><br\/><\/div>","protected":false},"excerpt":{"rendered":"<p>F\u00edsica Reportaje en El Espa\u00f1ol &nbsp; &nbsp; &#8220;El 14 de septiembre de 2015 el detector de LIGO en Livingston detect\u00f3 una se\u00f1al. Siete milisegundos m\u00e1s tarde el detector de LIGO en Hanford detect\u00f3 la misma se\u00f1al. Dichas se\u00f1ales son casi id\u00e9nticas a las que predicen las simulaciones de relatividad num\u00e9rica mediante supercomputadores para la fusi\u00f3n [&hellip;]<\/p>\n","protected":false},"author":2,"featured_media":0,"comment_status":"open","ping_status":"open","sticky":false,"template":"","format":"standard","meta":{"_s2mail":"yes","footnotes":""},"categories":[449],"tags":[],"_links":{"self":[{"href":"http:\/\/www.emiliosilveravazquez.com\/blog\/wp-json\/wp\/v2\/posts\/16051"}],"collection":[{"href":"http:\/\/www.emiliosilveravazquez.com\/blog\/wp-json\/wp\/v2\/posts"}],"about":[{"href":"http:\/\/www.emiliosilveravazquez.com\/blog\/wp-json\/wp\/v2\/types\/post"}],"author":[{"embeddable":true,"href":"http:\/\/www.emiliosilveravazquez.com\/blog\/wp-json\/wp\/v2\/users\/2"}],"replies":[{"embeddable":true,"href":"http:\/\/www.emiliosilveravazquez.com\/blog\/wp-json\/wp\/v2\/comments?post=16051"}],"version-history":[{"count":0,"href":"http:\/\/www.emiliosilveravazquez.com\/blog\/wp-json\/wp\/v2\/posts\/16051\/revisions"}],"wp:attachment":[{"href":"http:\/\/www.emiliosilveravazquez.com\/blog\/wp-json\/wp\/v2\/media?parent=16051"}],"wp:term":[{"taxonomy":"category","embeddable":true,"href":"http:\/\/www.emiliosilveravazquez.com\/blog\/wp-json\/wp\/v2\/categories?post=16051"},{"taxonomy":"post_tag","embeddable":true,"href":"http:\/\/www.emiliosilveravazquez.com\/blog\/wp-json\/wp\/v2\/tags?post=16051"}],"curies":[{"name":"wp","href":"https:\/\/api.w.org\/{rel}","templated":true}]}}