{"id":15732,"date":"2016-08-09T05:35:15","date_gmt":"2016-08-09T04:35:15","guid":{"rendered":"http:\/\/www.emiliosilveravazquez.com\/blog\/?p=15732"},"modified":"2016-08-09T05:35:15","modified_gmt":"2016-08-09T04:35:15","slug":"%c2%bfcomo-sera-esa-primera-colonia-de-humanos-en-marte","status":"publish","type":"post","link":"http:\/\/www.emiliosilveravazquez.com\/blog\/2016\/08\/09\/%c2%bfcomo-sera-esa-primera-colonia-de-humanos-en-marte\/","title":{"rendered":"\u00bfC\u00f3mo ser\u00e1 esa primera Colonia de Humanos en Marte?"},"content":{"rendered":"<h1 style=\"text-align: justify;\">National Geographic recrea en televisi\u00f3n la primera colonia humana en Marte<\/h1>\n<p>&nbsp;<\/p>\n<h2 style=\"text-align: justify;\">La\u00a0serie consta de seis cap\u00edtulos<\/h2>\n<div style=\"text-align: justify;\">\n<div id=\"feature_mmedia_\">\n<div>\n<div id=\"boximage_115984-NWS_AS_HL\"><a title=\"Planeta Marte misi\u00f3n espacial NASA.\" href=\"http:\/\/am-elsalv-cdn.agilecontents.com\/resources\/jpg\/7\/4\/1458143468447.jpg?keepThis=true&amp;TB_iframe=true&amp;height=480&amp;width=720\"><img decoding=\"async\" title=\"Planeta Marte misi\u00f3n espacial NASA.\" src=\"http:\/\/am-elsalv-cdn.agilecontents.com\/resources\/jpg\/7\/4\/1458143468447.jpg\" alt=\"Planeta Marte misi\u00f3n espacial NASA.\" \/><\/a><\/p>\n<div>\n<p>&nbsp;<\/p>\n<p>&nbsp;<\/p>\n<p>El viento ha esculpido las caracter\u00edsticas que llamamos &#8220;yardangs&#8221;, uno de los muchos en esta escena. | Foto por NASA<\/p>\n<\/div>\n<\/div>\n<\/div>\n<\/div>\n<\/div>\n<p style=\"text-align: justify;\">Por EFE<\/p>\n<p style=\"text-align: justify;\"><img decoding=\"async\" loading=\"lazy\" src=\"http:\/\/www.24-horas.mx\/wp-content\/uploads\/2016\/07\/Spacesatellites_01-892846.jpg\" alt=\"\" width=\"304\" height=\"184\" \/><\/p>\n<p style=\"text-align: justify;\">A\u00f1o 2033. La nave espacial\u00a0Daedalus\u00a0aterriza en Marte con seis astronautas a bordo. Su misi\u00f3n: instalar la primera colonia permanente en el planeta rojo en la ciudad de\u00a0Olympus. Una\u00a0futurista\u00a0aventura que ser\u00e1 relatada por el canal\u00a0National\u00a0Geographic\u00a0en un documental, que se estrenar\u00e1 en oto\u00f1o.<\/p>\n<p style=\"text-align: justify;\">En \u00e9l se mezclar\u00e1n escenas de ficci\u00f3n que recrean la vida de los astronautas en Marte con explicaciones de conocidos cient\u00edficos sobre la posibilidades reales de llevar a cabo una misi\u00f3n as\u00ed.<\/p>\n<p style=\"text-align: justify;\"><img decoding=\"async\" title=\"National Geographic recrea en televisi\u00f3n la primera colonia humana en Marte\" src=\"http:\/\/laguiatv.abc.es\/Media\/noticias\/marte-kCnD--644x362@abc.jpg\" alt=\"National Geographic recrea en televisi\u00f3n la primera colonia humana en Marte\" \/><\/p>\n<p style=\"text-align: justify;\">Bajo la direcci\u00f3n del mexicano Everardo Gout, conocido por su pel\u00edcula &#8220;D\u00edas de Gracia&#8221; (2011), la serie de seis cap\u00edtulos mostrar\u00e1 qu\u00e9 condiciones esperan a los futuros colonizadores del planeta y las posibilidades de que su misi\u00f3n tenga \u00e9xito.<\/p>\n<p style=\"text-align: justify;\">Entre los actores que participan en el proyecto est\u00e1n el hispano-argentino Alberto Ammann, que interpreta a un hidr\u00f3logo mexicano; la rumana Annamaria Marinca, que da vida a una ge\u00f3loga rusa, y la francesa Clementine Poidatz, en el papel de una <a href=\"#\" onclick=\"referencia('psi',event); return false;\">psi<\/a>c\u00f3loga.<\/p>\n<p style=\"text-align: justify;\"><img decoding=\"async\" src=\"https:\/\/pbs.twimg.com\/media\/Cdo462rWEAAqjdi.jpg\" alt=\"\" data-aria-label-part=\"\" \/><\/p>\n<p style=\"text-align: justify;\">National Geographic asegura que esta serie es la mayor producci\u00f3n nunca hecha por el canal.<\/p>\n<p style=\"text-align: justify;\">Intercaladas en las escenas dram\u00e1ticas en las que se muestra c\u00f3mo ser\u00eda la vida de los astronautas, distintos expertos explicar\u00e1n desde un punto de vista cient\u00edfico lo que sucede o podr\u00eda suceder con los humanos y su misi\u00f3n en Marte.<\/p>\n<p style=\"text-align: justify;\">Los seis pioneros, procedentes seg\u00fan el gui\u00f3n de EEUU, M\u00e9xico, Nigeria, Rusia y Francia, tendr\u00e1n que afrontar a lo largo de la serie problemas como la escasez de alimentos, los peligros de un incendio en su base o una tormenta marciana.<\/p>\n<p style=\"text-align: justify;\"><img decoding=\"async\" src=\"https:\/\/pbs.twimg.com\/media\/CYke5SpWkAAcGVU.jpg\" alt=\"\" data-aria-label-part=\"\" \/><\/p>\n<p style=\"text-align: justify;\">Para rodar las escenas que suceden en el planeta rojo se usaron localizaciones en el desierto en Marruecos, pero tambi\u00e9n se han grabado en estudios en Budapest y se ha recurrido al uso de im\u00e1genes generadas por ordenador.<\/p>\n<p style=\"text-align: justify;\">&#8220;Hay mucho CGI&#8221; (imagen generada por computadora), explica Russel Dogson, director de efectos especiales de la serie, a un reducido n\u00famero de medios, entre ellos Efe, durante el rodaje en el estudio Origo de la capital h\u00fangara.<\/p>\n<p style=\"text-align: justify;\">Dogson explica que uno de los retos m\u00e1s complicados a los que se han enfrentado es la recreaci\u00f3n de una tormenta marciana que se acerca.<br \/>\n&#8220;Tambi\u00e9n el aterrizaje de la nave fue sorprendentemente dif\u00edcil, ya que ten\u00edamos que tener en cuenta las diferencias de gravedad y presi\u00f3n, fue muy dif\u00edcil mostrar eso. En general, la gravedad fue un reto&#8221;, a\u00f1ade.<\/p>\n<p style=\"text-align: justify;\">Otra de las complicaciones fue la recreaci\u00f3n digital de la enorme cueva donde la tripulaci\u00f3n crea la colonia de Olympus, cuenta Dogson.<\/p>\n<p><img decoding=\"async\" src=\"http:\/\/am-elsalv-cdn.agilecontents.com\/resources\/jpg\/1\/7\/1452634749971.jpg\" alt=\"\" \/><\/p>\n<p>&nbsp;<\/p>\n<p>&nbsp;<\/p>\n<p>Las im\u00e1genes reci\u00e9n liberadas por la NASA, fueron tomadas el 18 de diciembre, que era d\u00eda marciano 1,197a del Curiosity en funcionamiento.<\/p>\n<p style=\"text-align: justify;\">En una de las naves m\u00e1s grandes del estudio se han instalado partes de la ciudad, compuesta de una serie de m\u00f3dulos en forma de burbujas y donde los astronautas pueden sobrevivir mientras buscan soluciones a problemas como extraer agua del hielo marciano.<\/p>\n<p style=\"text-align: justify;\">Todo en la ciudad dise\u00f1ada para la serie responde al principio de eficacia y sencillez, desde el laboratorio al hospital y el comedor y los espacios comunes.<\/p>\n<p style=\"text-align: justify;\">Uno de los espacios m\u00e1s llamativos es el invernadero, donde no s\u00f3lo se realizan, seg\u00fan el gui\u00f3n, experimentos, sino que es tambi\u00e9n importante del punto de vista de la supervivencia y la producci\u00f3n de comida.<\/p>\n<p style=\"text-align: justify;\">En las mesas de la cocina, dise\u00f1adas con un estilo retro, se pueden ven los restos del desayuno, cereales y caf\u00e9, que han tomado los astronautas en una de las escenas.<\/p>\n<p style=\"text-align: justify;\"><img decoding=\"async\" loading=\"lazy\" src=\"http:\/\/image8.casadellibro.com\/m\/ig\/8\/2505738.jpg\" alt=\"\" width=\"295\" height=\"418\" \/><\/p>\n<p style=\"text-align: justify;\">Como toque de humor, en una de las mesas hay un ejemplar del libro &#8220;Gu\u00eda del autoestopista gal\u00e1ctico&#8221;, olvidado ah\u00ed por uno de los astronautas.<\/p>\n<p style=\"text-align: justify;\">El vestuario es muy sencillo, dise\u00f1os rectos en colores grises y negros, siguiendo la previsi\u00f3n de que &#8220;en el futuro todo ser\u00e1 m\u00e1s simple&#8221; que defiende la responsable de la ropa, la italiana Daniela Ciancio.<\/p>\n<p style=\"text-align: justify;\">Los actores tienen que llevar el traje espacial con un pesado casco en varias escenas, aunque la dise\u00f1adora asegura que ha hecho todo lo posible por &#8220;hacer m\u00e1s f\u00e1cil la vida de los actores&#8221;.<\/p>\n<p style=\"text-align: justify;\">La serie ser\u00e1 presentada en oto\u00f1o en 171 pa\u00edses y doblada a 44 idiomas.<\/p>\n<div class='bookmark'>\r\n\t\t<table align='left' border='0' cellpadding='0' width='100%'>\r\n\t\t<tr><td><span class='pushbutton'><a href='http:\/\/delicious.com\/post?url=http%3A%2F%2Fwww.emiliosilveravazquez.com%2Fblog%2F2016%2F08%2F09%2F%25c2%25bfcomo-sera-esa-primera-colonia-de-humanos-en-marte%2F&amp;title=%C2%BFC%C3%B3mo+ser%C3%A1+esa+primera+Colonia+de+Humanos+en+Marte%3F' title='Delicious' target='_blank' rel='nofollow'><img src='http:\/\/www.emiliosilveravazquez.com\/blog\/wp-content\/plugins\/knxdt-bookmarks-wordpress-plugin\/images\/delicious.png'  alt='' class='book_img' border='none' style='margin:1px; padding: 0;'  \/><\/a><\/span><span class='pushbutton'><a href='http:\/\/digg.com\/submit?url=http%3A%2F%2Fwww.emiliosilveravazquez.com%2Fblog%2F2016%2F08%2F09%2F%25c2%25bfcomo-sera-esa-primera-colonia-de-humanos-en-marte%2F&amp;title=%C2%BFC%C3%B3mo+ser%C3%A1+esa+primera+Colonia+de+Humanos+en+Marte%3F' title='Digg' target='_blank' rel='nofollow'><img src='http:\/\/www.emiliosilveravazquez.com\/blog\/wp-content\/plugins\/knxdt-bookmarks-wordpress-plugin\/images\/digg.png'  alt='' class='book_img' border='none' style='margin:1px; padding: 0;'  \/><\/a><\/span><span class='pushbutton'><a href='http:\/\/www.google.com\/bookmarks\/mark?op=edit&amp;bkmk=http%3A%2F%2Fwww.emiliosilveravazquez.com%2Fblog%2F2016%2F08%2F09%2F%25c2%25bfcomo-sera-esa-primera-colonia-de-humanos-en-marte%2F&amp;title=%C2%BFC%C3%B3mo+ser%C3%A1+esa+primera+Colonia+de+Humanos+en+Marte%3F' title='Google' target='_blank' rel='nofollow'><img src='http:\/\/www.emiliosilveravazquez.com\/blog\/wp-content\/plugins\/knxdt-bookmarks-wordpress-plugin\/images\/google.png'   alt='' class='book_img' border='none' style='margin:1px; padding: 0;'  \/><\/a><\/span><span class='pushbutton'><a href='http:\/\/myweb2.search.yahoo.com\/myresults\/bookmarklet?u=http%3A%2F%2Fwww.emiliosilveravazquez.com%2Fblog%2F2016%2F08%2F09%2F%25c2%25bfcomo-sera-esa-primera-colonia-de-humanos-en-marte%2F&amp;t=%C2%BFC%C3%B3mo+ser%C3%A1+esa+primera+Colonia+de+Humanos+en+Marte%3F' title='Yahoo' target='_blank' rel='nofollow'><img src='http:\/\/www.emiliosilveravazquez.com\/blog\/wp-content\/plugins\/knxdt-bookmarks-wordpress-plugin\/images\/yahoo.png'  alt='' class='book_img' border='none' style='margin:1px; padding: 0;'  \/><\/a><\/span><span class='pushbutton'><a href='http:\/\/www.technorati.com\/faves?add=http%3A%2F%2Fwww.emiliosilveravazquez.com%2Fblog%2F2016%2F08%2F09%2F%25c2%25bfcomo-sera-esa-primera-colonia-de-humanos-en-marte%2F' title='Technorati' target='_blank' rel='nofollow'><img src='http:\/\/www.emiliosilveravazquez.com\/blog\/wp-content\/plugins\/knxdt-bookmarks-wordpress-plugin\/images\/technorati.png'  alt='' class='book_img' border='none' style='margin:1px; padding: 0;'  \/><\/a><\/span><span class='pushbutton'><a href='http:\/\/meneame.net\/submit.php?url=http%3A%2F%2Fwww.emiliosilveravazquez.com%2Fblog%2F2016%2F08%2F09%2F%25c2%25bfcomo-sera-esa-primera-colonia-de-humanos-en-marte%2F' title='Meneame' target='_blank' rel='nofollow'><img src='http:\/\/www.emiliosilveravazquez.com\/blog\/wp-content\/plugins\/knxdt-bookmarks-wordpress-plugin\/images\/meneame.png'  alt='' class='book_img' border='none' style='margin:1px; padding: 0;'  \/><\/a><\/span><span class='pushbutton'><a href='http:\/\/enchilame.com\/submit.php?url=http:\/\/www.emiliosilveravazquez.com\/blog\/2016\/08\/09\/%c2%bfcomo-sera-esa-primera-colonia-de-humanos-en-marte\/' target='_blank' rel='nofollow'><img title='Enchilame' src='http:\/\/www.emiliosilveravazquez.com\/blog\/wp-content\/plugins\/knxdt-bookmarks-wordpress-plugin\/images\/enchilame.png'  alt='' class='book_img' border='none' style='margin:1px; padding: 0;'  \/><\/a><\/span><span class='pushbutton'><a href='http:\/\/www.blinklist.com\/index.php?Action=Blink\/addblink.php&amp;Description=&amp;Url=http%3A%2F%2Fwww.emiliosilveravazquez.com%2Fblog%2F2016%2F08%2F09%2F%25c2%25bfcomo-sera-esa-primera-colonia-de-humanos-en-marte%2F&amp;title=%C2%BFC%C3%B3mo+ser%C3%A1+esa+primera+Colonia+de+Humanos+en+Marte%3F' title='BlinkList' target='_blank' rel='nofollow'><img src='http:\/\/www.emiliosilveravazquez.com\/blog\/wp-content\/plugins\/knxdt-bookmarks-wordpress-plugin\/images\/blinklist.png'  alt='' class='book_img' border='none' style='margin:1px; padding: 0;'  \/><\/a><\/span><span class='pushbutton'><a href='http:\/\/reddit.com\/submit?url=http%3A%2F%2Fwww.emiliosilveravazquez.com%2Fblog%2F2016%2F08%2F09%2F%25c2%25bfcomo-sera-esa-primera-colonia-de-humanos-en-marte%2F&amp;title=%C2%BFC%C3%B3mo+ser%C3%A1+esa+primera+Colonia+de+Humanos+en+Marte%3F' title='Reddit' target='_blank' rel='nofollow'><img src='http:\/\/www.emiliosilveravazquez.com\/blog\/wp-content\/plugins\/knxdt-bookmarks-wordpress-plugin\/images\/reddit.png'  alt='' class='book_img' border='none' style='margin:1px; padding: 0;'  \/><\/a><\/span><span class='pushbutton'><a href='http:\/\/www.tecnologiadiaria.com\/2009\/07\/abrir-com-hotmail-correo.html' target='_blank' title='hotmail'><img src='http:\/\/www.emiliosilveravazquez.com\/blog\/wp-content\/plugins\/knxdt-bookmarks-wordpress-plugin\/images\/linklove.png' alt='hotmail correo' class='book_img' border='none' style='margin:1px; padding: 0;' \/><\/a><\/span><span class='pushbutton'><a href='http:\/\/bitacoras.com\/votar\/anotacion\/externo\/mini\/www.emiliosilveravazquez.com\/blog\/2016\/08\/09\/%c2%bfcomo-sera-esa-primera-colonia-de-humanos-en-marte\/' title='Bitacoras.com' target='_blank' rel='nofollow'><img src='http:\/\/www.emiliosilveravazquez.com\/blog\/wp-content\/plugins\/knxdt-bookmarks-wordpress-plugin\/images\/bitacoras.png'  alt='' class='book_img' border='none' style='margin:1px; padding: 0;'  \/><\/a><\/span><span class='pushbutton'><a href='http:\/\/www.wikio.es\/vote?url=http%3A%2F%2Fwww.emiliosilveravazquez.com%2Fblog%2F2016%2F08%2F09%2F%25c2%25bfcomo-sera-esa-primera-colonia-de-humanos-en-marte%2F' title='Wikio' target='_blank' rel='nofollow'><img src='http:\/\/www.emiliosilveravazquez.com\/blog\/wp-content\/plugins\/knxdt-bookmarks-wordpress-plugin\/images\/wikio.png'   alt='' class='book_img' border='none' style='margin:1px; padding: 0;'   \/><\/a><\/span><span class='pushbutton'><a href='http:\/\/friendfeed.com\/?url=http%3A%2F%2Fwww.emiliosilveravazquez.com%2Fblog%2F2016%2F08%2F09%2F%25c2%25bfcomo-sera-esa-primera-colonia-de-humanos-en-marte%2F&amp;title=%C2%BFC%C3%B3mo+ser%C3%A1+esa+primera+Colonia+de+Humanos+en+Marte%3F' title='Friend Feed' target='_blank' rel='nofollow'><img src='http:\/\/www.emiliosilveravazquez.com\/blog\/wp-content\/plugins\/knxdt-bookmarks-wordpress-plugin\/images\/friendfeed.png'  alt='' class='book_img' border='none' style='margin:1px; padding: 0;'  \/><\/a><\/span><span class='pushbutton'><a href='http:\/\/www.facebook.com\/share.php?u=http%3A%2F%2Fwww.emiliosilveravazquez.com%2Fblog%2F2016%2F08%2F09%2F%25c2%25bfcomo-sera-esa-primera-colonia-de-humanos-en-marte%2F&amp;t=%C2%BFC%C3%B3mo+ser%C3%A1+esa+primera+Colonia+de+Humanos+en+Marte%3F' title='Facebook' target='_blank' rel='nofollow'><img src='http:\/\/www.emiliosilveravazquez.com\/blog\/wp-content\/plugins\/knxdt-bookmarks-wordpress-plugin\/images\/facebook.png'  alt='' class='book_img' border='none' style='margin:1px; padding: 0;'  \/><\/a><\/span><span class='pushbutton'><a href='http:\/\/twitter.com\/home?status=%C2%BFC%C3%B3mo+ser%C3%A1+esa+primera+Colonia+de+Humanos+en+Marte%3F: http%3A%2F%2Fwww.emiliosilveravazquez.com%2Fblog%2F2016%2F08%2F09%2F%25c2%25bfcomo-sera-esa-primera-colonia-de-humanos-en-marte%2F' title='Twitter' target='_blank' rel='nofollow'><img src='http:\/\/www.emiliosilveravazquez.com\/blog\/wp-content\/plugins\/knxdt-bookmarks-wordpress-plugin\/images\/twitter.png'  alt='' class='book_img' border='none' style='margin:1px; padding: 0;'  \/><\/a><\/span><span class='pushbutton'><a href='http:\/\/www.feedburner.com\/fb\/a\/emailFlare?itemTitle=%C2%BFC%C3%B3mo+ser%C3%A1+esa+primera+Colonia+de+Humanos+en+Marte%3F&amp;uri=http%3A%2F%2Fwww.emiliosilveravazquez.com%2Fblog%2F2016%2F08%2F09%2F%25c2%25bfcomo-sera-esa-primera-colonia-de-humanos-en-marte%2F' title='Enviar por Email' target='_blank' rel='nofollow'><img src='http:\/\/www.emiliosilveravazquez.com\/blog\/wp-content\/plugins\/knxdt-bookmarks-wordpress-plugin\/images\/email.png'  alt='' class='book_img' border='none' style='margin:1px; padding: 0;'  \/><\/a><\/span><span style='font-weight:bold; padding-left: 5px;'><a href='http:\/\/wordpress.org\/extend\/plugins\/knxdt-bookmarks-wordpress-plugin\/' title='Plugin' rel='nofollow' target='_blank'>[?]<\/a><\/span><\/td><\/tr><\/table><br\/><br\/><\/div>","protected":false},"excerpt":{"rendered":"<p>National Geographic recrea en televisi\u00f3n la primera colonia humana en Marte &nbsp; La\u00a0serie consta de seis cap\u00edtulos &nbsp; &nbsp; El viento ha esculpido las caracter\u00edsticas que llamamos &#8220;yardangs&#8221;, uno de los muchos en esta escena. | Foto por NASA Por EFE A\u00f1o 2033. La nave espacial\u00a0Daedalus\u00a0aterriza en Marte con seis astronautas a bordo. Su misi\u00f3n: [&hellip;]<\/p>\n","protected":false},"author":2,"featured_media":0,"comment_status":"open","ping_status":"open","sticky":false,"template":"","format":"standard","meta":{"_s2mail":"yes","footnotes":""},"categories":[26],"tags":[],"_links":{"self":[{"href":"http:\/\/www.emiliosilveravazquez.com\/blog\/wp-json\/wp\/v2\/posts\/15732"}],"collection":[{"href":"http:\/\/www.emiliosilveravazquez.com\/blog\/wp-json\/wp\/v2\/posts"}],"about":[{"href":"http:\/\/www.emiliosilveravazquez.com\/blog\/wp-json\/wp\/v2\/types\/post"}],"author":[{"embeddable":true,"href":"http:\/\/www.emiliosilveravazquez.com\/blog\/wp-json\/wp\/v2\/users\/2"}],"replies":[{"embeddable":true,"href":"http:\/\/www.emiliosilveravazquez.com\/blog\/wp-json\/wp\/v2\/comments?post=15732"}],"version-history":[{"count":0,"href":"http:\/\/www.emiliosilveravazquez.com\/blog\/wp-json\/wp\/v2\/posts\/15732\/revisions"}],"wp:attachment":[{"href":"http:\/\/www.emiliosilveravazquez.com\/blog\/wp-json\/wp\/v2\/media?parent=15732"}],"wp:term":[{"taxonomy":"category","embeddable":true,"href":"http:\/\/www.emiliosilveravazquez.com\/blog\/wp-json\/wp\/v2\/categories?post=15732"},{"taxonomy":"post_tag","embeddable":true,"href":"http:\/\/www.emiliosilveravazquez.com\/blog\/wp-json\/wp\/v2\/tags?post=15732"}],"curies":[{"name":"wp","href":"https:\/\/api.w.org\/{rel}","templated":true}]}}