{"id":1540,"date":"2010-05-08T11:40:49","date_gmt":"2010-05-08T09:40:49","guid":{"rendered":"http:\/\/www.emiliosilveravazquez.com\/blog\/?p=1540"},"modified":"2010-05-08T11:40:10","modified_gmt":"2010-05-08T09:40:10","slug":"nosotros-la-fisica-y-el-universo","status":"publish","type":"post","link":"http:\/\/www.emiliosilveravazquez.com\/blog\/2010\/05\/08\/nosotros-la-fisica-y-el-universo\/","title":{"rendered":"Nosotros, la f\u00edsica y el Universo"},"content":{"rendered":"<p style=\"text-indent: 24pt; text-align: justify;\">Cada ser humano es una consecuencia, cambiante en el tiempo, de la interacci\u00f3n entre una dotaci\u00f3n gen\u00e9tica \u00fanica y una serie de experiencias, tambi\u00e9n \u00fanica, en el mundo. Y es por ello que el hombre no viene predeterminado al mundo. Y es de esta manera adem\u00e1s que en alguna medida, el hombre puede so\u00f1ar en una libertad que le permite hacerse a s\u00ed mismo. A ello, que no es nuevo, hay que a\u00f1adir hoy otra dimensi\u00f3n de trascendencia no imaginable.<\/p>\n<p style=\"text-indent: 24pt; text-align: justify;\">Somos fr\u00e1giles, estamos marcados por genes que nos pueden traer enfermedades complejas de todo tipo que ponen en peligro nuestras vidas. Cierto que el ser humano puede nacer con genes mutados, y de hecho es el caso, que predisponen a padecer enfermedades. Pero esto no es suficiente, en absoluto, para que haya aparici\u00f3n cl\u00ednica de estas enfermedades que llamamos complejas y que son las m\u00e1s como las polig\u00e9nicas como la esquizofrenia, el alzheimer o el parkinson, una arteriosclerosis, hipertensi\u00f3n, alg\u00fan tipo de diabetes o de c\u00e1ncer y junto a todas estas, una larga lista de enfermedades.<\/p>\n<p style=\"text-indent: 24pt; text-align: justify;\">Sin embargo, podemos tener el gen y \u00e9ste quedar dormido para siempre, si no lo despertamos. Para que tal cosa ocurra es necesario que esos genes mutados, en su acci\u00f3n e interacci\u00f3n entre ellos y con otros genes, interaccionen a su vez con el medio ambiente que rodea al individuo y sus estilos de vida y haga que la enfermedad se exprese. De ello, y como corolario, se deduce una idea realmente revolucionaria, y esta es que el ser humano podr\u00eda vivir sin enfermedades, al menos sin las m\u00e1s importantes que nos acechan, si conoci\u00e9semos esos determinantes ambientales, decisorios y al que se ha puesto el nombre de &#8220;ambioma&#8221;.<\/p>\n<p><!--more--><\/p>\n<p style=\"text-indent: 24pt; text-align: justify;\">El concepto de ambioma (Dr. L\u00f3pez Rejas) se ha definido como <em>&#8220;el conjunto de elementos no gen\u00e9ticos, cambiantes, que rodean el individuo y que junto con el genoma y proteoma conforman el desarrollo y construcci\u00f3n del ser humano o puede determinar la aparici\u00f3n de enfermedad&#8221;.<\/em><\/p>\n<p style=\"text-indent: 24pt; text-align: justify;\">\u00a1Es el gran desconocido de la ciencia de hoy!<\/p>\n<p style=\"text-indent: 24pt; text-align: justify;\">Por si acaso, alej\u00e9monos del tendido de alta tensi\u00f3n.<\/p>\n<p style=\"text-indent: 24pt; text-align: justify;\">Pero s\u00ed, sin duda alguna, el <span style=\"text-decoration: underline;\">ambioma<\/span>, es el elemento determinante, como ya sospechamos, de que aparezcan enfermedades como la leucemia y otras.<\/p>\n<p style=\"text-indent: 24pt; text-align: justify;\">Se han realizado muchos estudios y aunque no tenemos los conocimientos para asegurarlo, todos apuntan en la misma direcci\u00f3n: el medio ambiente que nos rodea (ambioma), es determinante en la aparici\u00f3n de ciertos trastornos. Las pruebas m\u00e1s frecuentes est\u00e1n relacionadas con urbanizaciones y centros escolares situados en zonas de tendidos el\u00e9ctricos de potente voltaje. Otras, como la emanaci\u00f3n de gases de centros industriales y sus desechos contaminados, tambi\u00e9n est\u00e1n entre las causas m\u00e1s frecuentes de trastornos f\u00edsicos. Claro que las grandes empresas niegan cualquier incidencia.<\/p>\n<p style=\"text-indent: 24pt; text-align: justify;\">No podemos cerrar los ojos a esta realidad; esta nueva \u00e1rea de conocimientos, el ambioma, nos llevar\u00e1 a darnos cuenta que tiene ingredientes que influyen, y a veces poderosamente, en el individuo y en su desarrollo a lo largo de su vida, hasta tal punto que se cree pueda ser el factor determinante para acortarla en el tiempo.<\/p>\n<p style=\"text-indent: 24pt; text-align: justify;\">La acci\u00f3n poderosa y nociva que una radiaci\u00f3n continuada puede inferir en nuestros fr\u00e1giles organismos, son incalculables y no siempre dichas radiaciones pueden ser medidas con claridad; no todas las radiaciones gritan su presencia como en el caso de la fisi\u00f3n nuclear:<\/p>\n<p style=\"text-indent: 24pt; text-align: justify;\">Es posible comenzar un trabajo con una idea preconcebida y que dicho trabajo tome sus propios caminos que, en realidad, vienen a converger siempre en ese punto central que era la idea original, ya que todo est\u00e1 conexionado de alguna manera misteriosa.<\/p>\n<p style=\"text-indent: 24pt; text-align: justify;\">Empezamos hablando de la mente, de las sensaciones y de la conciencia, del ente sensible y complejo que guardamos en la caja fuerte-pensante que todos llevamos sobre los hombros y estamos tocando temas relacionados que de alguna manera, inciden en el avance de esa prodigiosa m\u00e1quina del entendimiento, y de las ideas y sensaciones.<\/p>\n<p style=\"text-indent: 24pt; text-align: justify;\">Podr\u00edamos poner aqu\u00ed miles de ejemplos de ideas brillantes salidas de mentes humanas, sin embargo, me viene a la memoria un titular: &#8220;Los descubridores del <span style=\"text-decoration: underline;\">pegamento<\/span> que une la materia ganan el Nobel de F\u00edsica&#8221; (dec\u00eda un peri\u00f3dico all\u00e1 por el \u00faltimo trimestre de 2.004).<\/p>\n<p style=\"text-indent: 24pt; text-align: justify;\">La noticia se refer\u00eda a David Gross, David Politzer y Frank Wilczek, los descubridores del funcionamiento de la fuerza que cohesionan a los <a href=\"#\" onclick=\"referencia('quarks',event); return false;\">quarks<\/a>, las part\u00edculas m\u00e1s elementales.<\/p>\n<p style=\"text-indent: 24pt; text-align: justify;\">Cualquiera que haya le\u00eddo sobre temas de ciencia de la materia, sabe que desde los tiempos de la antigua Grecia hasta el de <a href=\"#\" onclick=\"referencia('einstein',event); return false;\">Einstein<\/a>, el gran sue\u00f1o de todos los sabios que han estudiado la naturaleza ha sido una descripci\u00f3n precisa y completa de nuestro universo, las constantes de la naturaleza y las fuerzas fundamentales, algo que ya est\u00e1 m\u00e1s cerca gracias al trabajo de estos tres cient\u00edficos estadounidenses.<\/p>\n<p style=\"text-indent: 24pt; text-align: justify;\">Hace m\u00e1s de treinta a\u00f1os que Gross, Politzer y Wilczek desvelaron el enigm\u00e1tico funcionamiento de la llamada interacci\u00f3n fuerte, una de las cuatro fuerzas fundamentales que rigen el universo y que act\u00faa como un pegamento c\u00f3smico para mantener unida la materia. Su trabajo revel\u00f3 c\u00f3mo los <a href=\"#\" onclick=\"referencia('quarks',event); return false;\">quarks<\/a>, las diminutas part\u00edculas que forman los <a href=\"#\" onclick=\"referencia('nucleones',event); return false;\">nucleones<\/a> de los \u00e1tomos, interaccionan entre s\u00ed para mantenerse unidos.<\/p>\n<table style=\"border-collapse: collapse; text-align: justify;\" border=\"1\" cellspacing=\"0\" cellpadding=\"0\">\n<tbody>\n<tr>\n<td width=\"156\" valign=\"bottom\">\n<p style=\"margin: 6pt 0cm; text-align: center;\"><a href=\"http:\/\/es.wikipedia.org\/wiki\/David_Gross\" target=\"_blank\"><img decoding=\"async\" loading=\"lazy\" class=\"aligncenter size-full wp-image-1541 marco\" title=\"gross_david\" src=\"http:\/\/www.emiliosilveravazquez.com\/blog\/wp-content\/uploads\/2009\/01\/gross_david.jpg\" alt=\"gross_david\" width=\"130\" height=\"168\" srcset=\"http:\/\/www.emiliosilveravazquez.com\/blog\/wp-content\/uploads\/2009\/01\/gross_david.jpg 175w, http:\/\/www.emiliosilveravazquez.com\/blog\/wp-content\/uploads\/2009\/01\/gross_david-116x150.jpg 116w\" sizes=\"(max-width: 130px) 100vw, 130px\" \/><\/a><\/p>\n<p style=\"text-align: center;\"><strong>David Gross<\/strong><\/p>\n<\/td>\n<td width=\"156\" valign=\"bottom\">\n<p style=\"margin: 6pt 0cm; text-align: center;\"><a href=\"http:\/\/es.wikipedia.org\/wiki\/Frank_Wilczek\" target=\"_blank\"><img decoding=\"async\" loading=\"lazy\" class=\"aligncenter size-full wp-image-1542 marco\" title=\"frank_wilczek\" src=\"http:\/\/www.emiliosilveravazquez.com\/blog\/wp-content\/uploads\/2009\/01\/frank_wilczek.jpg\" alt=\"frank_wilczek\" width=\"130\" height=\"168\" srcset=\"http:\/\/www.emiliosilveravazquez.com\/blog\/wp-content\/uploads\/2009\/01\/frank_wilczek.jpg 175w, http:\/\/www.emiliosilveravazquez.com\/blog\/wp-content\/uploads\/2009\/01\/frank_wilczek-116x150.jpg 116w\" sizes=\"(max-width: 130px) 100vw, 130px\" \/><\/a><\/p>\n<p style=\"text-align: center;\"><strong>Frank Wilczek<\/strong><\/p>\n<\/td>\n<td width=\"156\" valign=\"bottom\">\n<p style=\"margin: 6pt 0cm 6pt -5.4pt; text-align: center; text-indent: 5.4pt;\"><a href=\"http:\/\/es.wikipedia.org\/wiki\/David_Politzer\" target=\"_blank\"><img decoding=\"async\" loading=\"lazy\" class=\"aligncenter size-full wp-image-1543 marco\" title=\"david_politzer\" src=\"http:\/\/www.emiliosilveravazquez.com\/blog\/wp-content\/uploads\/2009\/01\/david_politzer.jpg\" alt=\"david_politzer\" width=\"130\" height=\"168\" srcset=\"http:\/\/www.emiliosilveravazquez.com\/blog\/wp-content\/uploads\/2009\/01\/david_politzer.jpg 175w, http:\/\/www.emiliosilveravazquez.com\/blog\/wp-content\/uploads\/2009\/01\/david_politzer-116x150.jpg 116w\" sizes=\"(max-width: 130px) 100vw, 130px\" \/><\/a><\/p>\n<p style=\"text-align: center;\"><strong>David Politzer<\/strong><\/p>\n<\/td>\n<\/tr>\n<\/tbody>\n<\/table>\n<p style=\"text-indent: 24pt; text-align: justify;\">Las fuerzas que podemos sentir en la vida cotidiana, es decir, la gravedad y el electromagnetismo, aumentan con la cercan\u00eda: as\u00ed, cuando m\u00e1s cerca est\u00e1 un clavo de un im\u00e1n o una manzana del suelo, m\u00e1s se ver\u00e1n atra\u00eddos.<\/p>\n<p style=\"text-indent: 24pt; text-align: justify;\">Por el contrario, la interacci\u00f3n fuerte disminuye cuanto m\u00e1s cerca y juntas est\u00e1n las part\u00edculas en el interior de los \u00e1tomos, aumentando cuando las part\u00edculas se alejan las unas de las otras.<\/p>\n<p style=\"text-indent: 24pt; text-align: justify;\">El descubrimiento de esta extra\u00f1a propiedad, llamada <a href=\"#\" onclick=\"referencia('asintotica libertad',event); return false;\">libertad asint\u00f3tica<\/a>, supuso toda una revoluci\u00f3n te\u00f3rica en los a\u00f1os 70 (se public\u00f3 en 1.973), pero ya plenamente respaldada por los experimentos en los aceleradores de part\u00edculas, aconsej\u00f3, a la Academia, conceder 30 a\u00f1os m\u00e1s tarde, el Premio Nobel de F\u00edsica a sus autores.<\/p>\n<blockquote style=\"text-align: justify;\">\n<p style=\"text-align: justify; text-indent: 24pt;\">&#8220;Ha sido un gran alivio. He estado pensando en ello durante mucho tiempo &#8211; coment\u00f3 al enterarse de la noticia Frank Wilczek.&#8221;<\/p>\n<p style=\"text-align: justify; text-indent: 24pt;\">&#8220;No estaba claro que fuera un adelanto en aquel momento. La teor\u00eda que propusimos era descabellada en muchos aspectos y tuvimos que dar muchas explicaciones &#8211; reconoci\u00f3 el investigador.&#8221;<\/p>\n<\/blockquote>\n<p style=\"text-align: justify; text-indent: 24pt;\">Tanto Wilczek como Politzer eran a\u00fan aspirantes a doctores en 1.973, cuando publicaron su descubrimiento en Physical Review Letters. Junto a su informe, la misma revista incluy\u00f3 el trabajo de David Gross, que unido al de los dos estudiantes ha dado lugar a la celebrada teor\u00eda de la Cromodin\u00e1mica Cu\u00e1ntica (QCD).<\/p>\n<p style=\"text-align: justify; text-indent: 24pt;\">Siguiendo una arraigada costumbre de la f\u00edsica de part\u00edculas, los investigadores emplearon nombres comunes y desenfadados para se\u00f1alar sus nuevos descubrimientos y llamaron &#8220;colores&#8221; a las intrincadas propiedades de los <a href=\"#\" onclick=\"referencia('quarks',event); return false;\">quarks<\/a>.<\/p>\n<p style=\"text-align: justify; text-indent: 24pt;\">Por ello, su teor\u00eda es conocida en la actualidad por el nombre de Cromodin\u00e1mica (<em>cromo<\/em> significa &#8220;color&#8221; en griego), a pesar de que no tienen nada que ver con lo que entendemos y llamamos color en nuestra vida cotidiana, sino con el modo en que los componentes del n\u00facleo at\u00f3mico permanecen unidos. En este sentido, resulta mucho m\u00e1s intuitiva aunque no menos divertida, la denominaci\u00f3n de las part\u00edculas que hacen posible la interacci\u00f3n fuerte, llamadas <a href=\"#\" onclick=\"referencia('gluones',event); return false;\">gluones<\/a> (<em>glue<\/em> es &#8220;pegamento&#8221; en ingl\u00e9s).<\/p>\n<p style=\"text-align: justify; text-indent: 24pt;\">Al igual que en la teor\u00eda electromagn\u00e9tica, las part\u00edculas pueden tener carga positiva o negativa, los componentes m\u00e1s diminutos del n\u00facleo at\u00f3mico pueden ser rojos, verdes o azules.<\/p>\n<p style=\"text-align: justify; text-indent: 24pt;\">Adem\u00e1s, de manera an\u00e1loga a como las cargas opuestas se atraen en el mundo de la electricidad y el magnetismo, tambi\u00e9n los <a href=\"#\" onclick=\"referencia('quarks',event); return false;\">quarks<\/a> de distinto color se agrupan en tripletes para formar <a href=\"#\" onclick=\"referencia('proton',event); return false;\">protones<\/a> y <a href=\"#\" onclick=\"referencia('neutron',event); return false;\">neutrones<\/a> del n\u00facleo at\u00f3mico.<\/p>\n<p style=\"text-align: justify; text-indent: 24pt;\">Pero estas no son las \u00fanicas similitudes, ni siquiera las m\u00e1s profundas que existen entre las distintas fuerzas que rigen el universo. De hecho, los cient\u00edficos esperan que en \u00faltima instancia todas las interacciones conocidas sean en realidad la manifestaci\u00f3n variada de una sola fuerza que rige y gobierna todo el cosmos.<\/p>\n<p style=\"text-align: justify; text-indent: 24pt;\">Seg\u00fan la Academia Sueca, el trabajo premiado a estos tres f\u00edsicos, &#8220;constituye un paso importante dentro del esfuerzo para alcanzar la descripci\u00f3n unificada de todas las fuerzas de la naturaleza&#8221;. Lo que llamamos teor\u00eda del todo.<\/p>\n<p style=\"text-align: justify; text-indent: 24pt;\">Seg\u00fan Frank Wilczek, que ahora pertenece al Instituto Tecnol\u00f3gico de Massachussets (MIT), su descubrimiento &#8220;reivindica la idea de que es posible comprender la naturaleza racionalmente&#8221;. El f\u00edsico tambi\u00e9n record\u00f3 que &#8220;fue una labor arraigada en el trabajo experimental, m\u00e1s que en la intuici\u00f3n&#8221;, y agradeci\u00f3 &#8220;a Estados Unidos por un sistema de ense\u00f1anza p\u00fablica que tantos beneficios me ha dado&#8221;.<\/p>\n<p style=\"text-align: justify; text-indent: 24pt;\">Sabemos que los <a href=\"#\" onclick=\"referencia('quarks',event); return false;\">quarks<\/a> (hasta el momento) son las part\u00edculas m\u00e1s elementales del n\u00facleo at\u00f3mico donde forman <a href=\"#\" onclick=\"referencia('proton',event); return false;\">protones<\/a> y <a href=\"#\" onclick=\"referencia('neutron',event); return false;\">neutrones<\/a>. La interacci\u00f3n fuerte entre los <a href=\"#\" onclick=\"referencia('quarks',event); return false;\">quarks<\/a> que forman el <a href=\"#\" onclick=\"referencia('proton',event); return false;\">prot\u00f3n<\/a> es tan intensa que los mantiene permanentemente confinados en su interior, en una regi\u00f3n R \u2248 hc\/\u039b \u2248 10<sup>-13<\/sup> cm, y all\u00ed la fuerza crece con la distancia; si los <a href=\"#\" onclick=\"referencia('quarks',event); return false;\">quarks<\/a> tratan de separarse la fuerza aumenta (confinamiento de los <a href=\"#\" onclick=\"referencia('quarks',event); return false;\">quarks<\/a>), si los <a href=\"#\" onclick=\"referencia('quarks',event); return false;\">quarks<\/a> est\u00e1n juntos los unos a los otros la fuerza decrece (<a href=\"#\" onclick=\"referencia('asintotica libertad',event); return false;\">libertad asint\u00f3tica<\/a> de los <a href=\"#\" onclick=\"referencia('quarks',event); return false;\">quarks<\/a>). Nadie ha sido capaz de arrancar un <a href=\"#\" onclick=\"referencia('quark',event); return false;\">quark<\/a> libre fuera del <a href=\"#\" onclick=\"referencia('proton',event); return false;\">prot\u00f3n<\/a>.<\/p>\n<p style=\"text-align: justify; text-indent: 24pt;\">Con aceleradores de part\u00edculas a muy altas energ\u00edas es posible investigar el comportamiento de los <a href=\"#\" onclick=\"referencia('quarks',event); return false;\">quarks<\/a> a distancias muchos m\u00e1s peque\u00f1as que el tama\u00f1o del <a href=\"#\" onclick=\"referencia('proton',event); return false;\">prot\u00f3n<\/a>.<\/p>\n<p style=\"text-align: justify; text-indent: 24pt;\">As\u00ed, el trabajo acreedor al Nobel demostr\u00f3 que la <a href=\"#\" onclick=\"referencia('fuerza nuclear fuerte',event); return false;\">fuerza nuclear fuerte<\/a> act\u00faa como un muelle de acero; si lo estiramos (los <a href=\"#\" onclick=\"referencia('quarks',event); return false;\">quarks<\/a> se separan) la fuerza aumenta, si lo dejamos en reposo en su estado natural, los anillos juntos (los <a href=\"#\" onclick=\"referencia('quarks',event); return false;\">quarks<\/a> unidos), la fuerza es peque\u00f1a.<\/p>\n<p style=\"text-align: justify; text-indent: 24pt;\">As\u00ed que la <a href=\"#\" onclick=\"referencia('cromodinamica cuantica',event); return false;\">cromodin\u00e1mica cu\u00e1ntica<\/a> (QCD) describe rigurosamente la interacci\u00f3n fuerte entre los <a href=\"#\" onclick=\"referencia('quarks',event); return false;\">quarks<\/a> y en el desarrollo de esta teor\u00eda, como se ha dicho, jugaron un papel fundamental los tres ganadores del Nobel de F\u00edsica de 2.004, cuyas fotos y nombres hemos puesto antes.<\/p>\n<p style=\"text-align: justify; text-indent: 24pt;\">Trabajos y estudios realizados en el acelerador LEP del CER durante la d\u00e9cada de los 90 han hecho posible medir con mucha precisi\u00f3n la intensidad de la interacci\u00f3n fuerte en las desintegraciones de las part\u00edculas Z y t, es decir, a energ\u00edas de 91 y 1&#8217;8 GeV los resultados obtenidos est\u00e1n en perfecto acuerdo con las predicciones de QCD, proporcionando una verificaci\u00f3n muy significativa de <a href=\"#\" onclick=\"referencia('asintotica libertad',event); return false;\">libertad asint\u00f3tica<\/a>.<\/p>\n<p style=\"text-align: justify; text-indent: 24pt;\">\n<p style=\"text-align: justify; text-indent: 24pt;\"><strong>Mini <a href=\"#\" onclick=\"referencia('big bang',event); return false;\">Big Bang<\/a> a 100 metros bajo tierra<\/strong><\/p>\n<p style=\"text-align: justify; text-indent: 24pt;\"><strong> <\/strong>Habiendo mencionado el CER (Centro Europeo de Investigaci\u00f3n Nuclear) me parece muy oportuno recordar aqu\u00ed que est\u00e1 a punto de finalizar la construcci\u00f3n del LHC (el Gran Colisionador de Hadrones, el acelerador de part\u00edculas m\u00e1s grande del mundo).<\/p>\n<p style=\"text-align: justify; text-indent: 24pt;\">Simular el nacimiento del universo no resulta nada sencillo. Primero hay que excavar un t\u00fanel subterr\u00e1neo de 100 m de profundidad, en cuyo interior se debe construir un anillo met\u00e1lico de 27 kil\u00f3metros enfriado por imanes superconductores cuya funci\u00f3n es mantener una temperatura bastante fresca, nada menos que 271 grados bajo cero.<\/p>\n<p style=\"text-align: justify; text-indent: 24pt;\">A continuaci\u00f3n hay que a\u00f1adir a la ecuaci\u00f3n dos pu\u00f1ados de <a href=\"#\" onclick=\"referencia('proton',event); return false;\">protones<\/a> lanzados al vac\u00edo de este tubo subterr\u00e1neo en direcciones opuestas, y a una velocidad inimaginable que pr\u00e1cticamente debe rozar la velocidad de <em>c<\/em> la velocidad de la luz en el vac\u00edo. Es s\u00f3lo entonces cuando las m\u00faltiples colisiones de part\u00edculas que se produzcan en el interior del anillo producir\u00e1n condiciones que exist\u00edan inmediatamente despu\u00e9s del <a href=\"#\" onclick=\"referencia('big bang',event); return false;\">Big Bang<\/a>, ese descomunal estallido c\u00f3smico que dio el pistoletazo de salida para el surgimiento de nuestro mundo y de la vida inteligente a partir de esta materia inerte creada y evolucionada despu\u00e9s en las estrellas.<\/p>\n<p style=\"text-align: justify; text-indent: 24pt;\">En el coraz\u00f3n de la cordillera del Jura, justo en la frontera entre Francia y Suiza, el Centro Europeo de Investigaciones Nucleares (CERN), est\u00e1 ultimando la construcci\u00f3n de esta maravilla que cuando se finalice de instalar todos los componentes de esta fara\u00f3nica obra cient\u00edfica (cuyo coste est\u00e1 ya en 40.000 millones de euros y se ha tardado 15 a\u00f1os en construirse), unos 10.000 investigadores de 500 instituciones acad\u00e9micas y empresas esperan descubrir nuevas claves sobre la naturaleza de la materia y los ladrillos fundamentales de las que se compone el universo.<\/p>\n<p style=\"text-align: justify; text-indent: 24pt;\">\u00bfPodremos encontrar por fin, en 2.008, cuando funcione este Gran Acelerador de Hadrones, esa esperada y so\u00f1ada part\u00edcula a la que algunos han llegado a llamar la &#8220;Part\u00edcula Divina&#8221;, conocida por part\u00edcula de <a href=\"#\" onclick=\"referencia('higgs',event); return false;\">Higgs<\/a> y que se tiene por el <a href=\"#\" onclick=\"referencia('bosones',event); return false;\">bos\u00f3n<\/a> que proporciona las masas a todas las dem\u00e1s?<\/p>\n<p style=\"text-align: justify; text-indent: 24pt;\">Este acelerador tan largamente esperado comenzar\u00e1 a funcionar en 2.008 y las part\u00edculas que se inyecten en su interior colisionaran aproximadamente seiscientos millones de veces por segundo, desencadenando la mayor cantidad de energ\u00eda jam\u00e1s observada en las condiciones de un laboratorio, aunque a\u00fan estar\u00e1 muy alejada de la energ\u00eda necesaria para comprobar la existencia de las cuerdas vibrantes. Pero eso s\u00ed, nos dejar\u00e1 ver otras part\u00edculas nuevas hasta ahora esquivas, pertenecientes al grupo m\u00e1s elemental de los componentes de la materia.<\/p>\n<p style=\"text-align: justify; text-indent: 24pt;\">El LHC producir\u00e1 tantos datos que necesitar\u00e1n una pila de CD de 20 Km de altura para almacenar tanta informaci\u00f3n generada por los experimentos y una legi\u00f3n de f\u00edsicos para estudiar resultados. Ser\u00e1 fascinante.<\/p>\n<p style=\"text-align: justify; text-indent: 24pt;\">El trabajo que se lleva a cabo en el CERN constituye una contribuci\u00f3n muy importante al conocimiento de la humanidad para comprender el mundo que nos rodea.<\/p>\n<p style=\"text-align: justify; text-indent: 24pt;\">La pregunta clave, \u00bfde qu\u00e9 se compone la materia de nuestro universo? y \u00bfc\u00f3mo lleg\u00f3 a convertirse en lo que es?<\/p>\n<p style=\"text-align: justify; text-indent: 24pt;\">Es incre\u00edble el logro de conocimiento y tecnolog\u00eda que el hombre tiene conquistado a principios del siglo XXI. Este mismo artilugio al que llaman acelerador LHC es la mejor prueba de ello, por ejemplo, los sistemas criog\u00e9nicos que deben mantener ese inimaginable fr\u00edo de 271 grados bajo cero o los campos electromagn\u00e9ticos que deben asegurar que la aceleraci\u00f3n de los haces de part\u00edculas las recorran los 27 Km del anillo subterr\u00e1neo a un 99&#8217;99% de la velocidad de la luz.<\/p>\n<p style=\"text-align: justify; text-indent: 24pt;\">Si todo sale como est\u00e1 previsto y se cumplen todas las expectativas de los cient\u00edficos, se calcula que cada segundo un <a href=\"#\" onclick=\"referencia('proton',event); return false;\">prot\u00f3n<\/a> dar\u00e1 11.245 vueltas al anillo del LHC. Teniendo en cuenta que cada haz de estas part\u00edculas tendr\u00e1 una duraci\u00f3n de 10 horas, se estima que recorrer\u00e1 un total de 10.000 millones de kil\u00f3metros (suficiente para llegar a Neptuno y volver).<\/p>\n<p style=\"text-align: justify; text-indent: 24pt;\">La energ\u00eda requerida por el haz de <a href=\"#\" onclick=\"referencia('proton',event); return false;\">protones<\/a> al viajar por el acelerador es el equivalente a un coche viajando a 1.600 Km\/h por el carril r\u00e1pido de una autopista imposible, o la cantidad de energ\u00eda almacenada en los imanes superconductores que mantendr\u00e1n la temperatura a -271\u00b0 ser\u00eda suficiente para derretir 50 toneladas de cobre.<\/p>\n<p style=\"text-align: justify; text-indent: 24pt;\">El LHC est\u00e1 dividido en 8 sectores de 3&#8217;3 Km cada uno, y de momento s\u00f3lo se ha logrado el enfriamiento de uno de los sectores a la temperatura necesaria para llevar a cabo las colisiones que simular\u00e1n, en miniatura, las condiciones del <a href=\"#\" onclick=\"referencia('big bang',event); return false;\">Big Bang<\/a>.<\/p>\n<p style=\"text-align: justify; text-indent: 24pt;\">El Bos\u00f3n de <a href=\"#\" onclick=\"referencia('higgs',event); return false;\">Higgs<\/a>, el tesoro m\u00e1s buscado, ser\u00e1 el premio. Una part\u00edcula que predice el modelo te\u00f3rico actual de la f\u00edsica, pero para el que hasta ahora no existe evidencia alguna. Se supone que este &#8220;ladrillo&#8221; fundamental del cosmos (cuyo nombre proviene del f\u00edsico escoc\u00e9s que propuso su existencia en 1.964, Peter <a href=\"#\" onclick=\"referencia('higgs',event); return false;\">Higgs<\/a>) es crucial para comprender c\u00f3mo la materia adquiere su masa.<\/p>\n<p style=\"text-align: justify; text-indent: 24pt;\">John Ellis, uno de los investigadores del CERN, ha dicho: &#8220;<em>si no encontramos la part\u00edcula de <a href=\"#\" onclick=\"referencia('higgs',event); return false;\">Higgs<\/a>, esto supondr\u00eda que todos los que nos dedicamos a la f\u00edsica te\u00f3rica llevamos 35 a\u00f1os diciendo tonter\u00edas<\/em>&#8220;.<\/p>\n<p style=\"text-align: justify; text-indent: 24pt;\">Espero que no sea as\u00ed y que la dichosa part\u00edcula aparezca. Herman Ten kate, otro f\u00edsico del CERN, se atreve a predecir que la part\u00edcula de <a href=\"#\" onclick=\"referencia('higgs',event); return false;\">Higgs<\/a> aparecer\u00e1 antes de ocho meses a partir del comienzo de la b\u00fasqueda en los primeros meses de 2.008.<\/p>\n<p style=\"text-align: justify; text-indent: 24pt;\">Creo que me he extendido demasiado en el ejemplo; cuando me introduzco en temas de f\u00edsica se me va el santo al cielo, pero estamos tratando sobre nosotros y la manera en que evolucionamos para adquirir los conocimientos y sensaciones que tenemos.<\/p>\n<p style=\"text-align: justify; text-indent: 24pt;\">Pocas historias atraen m\u00e1s a los humanos que la de sus or\u00edgenes, la de cu\u00e1l fue el camino que nos llev\u00f3 a ser lo que somos, incluyendo claro, con qui\u00e9nes estamos emparentados y c\u00f3mo y cu\u00e1ndo nos separamos de tales ancestros. Un ejemplo de ello es el de mi amigo \u00c1ngel Lema, profesor de f\u00edsica jubilado que para tener una misi\u00f3n que lo mantenga ocupado est\u00e1 elaborando un \u00e1rbol geneal\u00f3gico de su familia.<\/p>\n<p style=\"text-align: justify; text-indent: 24pt;\">De todo eso hemos estado tratando en las p\u00e1ginas de este libro; hemos realizado un viaje a trav\u00e9s de las brumas del tiempo para explorar acontecimientos pasados relacionados con nuestra evoluci\u00f3n.<\/p>\n<p style=\"text-align: justify; text-indent: 24pt;\">\u00bfQu\u00e9 es lo que nos apart\u00f3 tan decisivamente de todas las otras especies con las que compartimos el planeta? \u00bfEn qu\u00e9 momento de nuestra historia evolutiva aparecieron las diferencias que nos separaron de las dem\u00e1s criaturas? \u00bfLa denominada &#8220;mente&#8221; (o mundo mental) es algo espec\u00edfico de los humanos o se trata de un rasgo general de la <a href=\"#\" onclick=\"referencia('psi',event); return false;\">psi<\/a>colog\u00eda animal? \u00bfPor qu\u00e9 surgi\u00f3 el lenguaje? \u00bfQu\u00e9 es eso que llamamos cultura y que muchos consideran el sello de la Humanidad? \u00bfSomos la \u00fanica especie que puede presumir de ella? Y quiz\u00e1s la pregunta m\u00e1s crucial de todas: \u00bfpor qu\u00e9 estas diferencias nos escogieron a nosotros y no a otras especies?<\/p>\n<p style=\"text-align: justify; text-indent: 24pt;\">Son preguntas que a veces no sabemos contestar y sin embargo sabemos que alma-mente y cuerpo conforman un conjunto armonioso que hacen de nosotros seres \u00fanicos en el universo.<\/p>\n<p style=\"text-align: right;\"><em>emilio silvera<\/em><\/p>\n<div class='bookmark'>\r\n\t\t<table align='left' border='0' cellpadding='0' width='100%'>\r\n\t\t<tr><td><span class='pushbutton'><a href='http:\/\/delicious.com\/post?url=http%3A%2F%2Fwww.emiliosilveravazquez.com%2Fblog%2F2010%2F05%2F08%2Fnosotros-la-fisica-y-el-universo%2F&amp;title=Nosotros%2C+la+f%C3%ADsica+y+el+Universo' title='Delicious' target='_blank' rel='nofollow'><img src='http:\/\/www.emiliosilveravazquez.com\/blog\/wp-content\/plugins\/knxdt-bookmarks-wordpress-plugin\/images\/delicious.png'  alt='' class='book_img' border='none' style='margin:1px; padding: 0;'  \/><\/a><\/span><span class='pushbutton'><a href='http:\/\/digg.com\/submit?url=http%3A%2F%2Fwww.emiliosilveravazquez.com%2Fblog%2F2010%2F05%2F08%2Fnosotros-la-fisica-y-el-universo%2F&amp;title=Nosotros%2C+la+f%C3%ADsica+y+el+Universo' title='Digg' target='_blank' rel='nofollow'><img src='http:\/\/www.emiliosilveravazquez.com\/blog\/wp-content\/plugins\/knxdt-bookmarks-wordpress-plugin\/images\/digg.png'  alt='' class='book_img' border='none' style='margin:1px; padding: 0;'  \/><\/a><\/span><span class='pushbutton'><a href='http:\/\/www.google.com\/bookmarks\/mark?op=edit&amp;bkmk=http%3A%2F%2Fwww.emiliosilveravazquez.com%2Fblog%2F2010%2F05%2F08%2Fnosotros-la-fisica-y-el-universo%2F&amp;title=Nosotros%2C+la+f%C3%ADsica+y+el+Universo' title='Google' target='_blank' rel='nofollow'><img src='http:\/\/www.emiliosilveravazquez.com\/blog\/wp-content\/plugins\/knxdt-bookmarks-wordpress-plugin\/images\/google.png'   alt='' class='book_img' border='none' style='margin:1px; padding: 0;'  \/><\/a><\/span><span class='pushbutton'><a href='http:\/\/myweb2.search.yahoo.com\/myresults\/bookmarklet?u=http%3A%2F%2Fwww.emiliosilveravazquez.com%2Fblog%2F2010%2F05%2F08%2Fnosotros-la-fisica-y-el-universo%2F&amp;t=Nosotros%2C+la+f%C3%ADsica+y+el+Universo' title='Yahoo' target='_blank' rel='nofollow'><img src='http:\/\/www.emiliosilveravazquez.com\/blog\/wp-content\/plugins\/knxdt-bookmarks-wordpress-plugin\/images\/yahoo.png'  alt='' class='book_img' border='none' style='margin:1px; padding: 0;'  \/><\/a><\/span><span class='pushbutton'><a href='http:\/\/www.technorati.com\/faves?add=http%3A%2F%2Fwww.emiliosilveravazquez.com%2Fblog%2F2010%2F05%2F08%2Fnosotros-la-fisica-y-el-universo%2F' title='Technorati' target='_blank' rel='nofollow'><img src='http:\/\/www.emiliosilveravazquez.com\/blog\/wp-content\/plugins\/knxdt-bookmarks-wordpress-plugin\/images\/technorati.png'  alt='' class='book_img' border='none' style='margin:1px; padding: 0;'  \/><\/a><\/span><span class='pushbutton'><a href='http:\/\/meneame.net\/submit.php?url=http%3A%2F%2Fwww.emiliosilveravazquez.com%2Fblog%2F2010%2F05%2F08%2Fnosotros-la-fisica-y-el-universo%2F' title='Meneame' target='_blank' rel='nofollow'><img src='http:\/\/www.emiliosilveravazquez.com\/blog\/wp-content\/plugins\/knxdt-bookmarks-wordpress-plugin\/images\/meneame.png'  alt='' class='book_img' border='none' style='margin:1px; padding: 0;'  \/><\/a><\/span><span class='pushbutton'><a href='http:\/\/enchilame.com\/submit.php?url=http:\/\/www.emiliosilveravazquez.com\/blog\/2010\/05\/08\/nosotros-la-fisica-y-el-universo\/' target='_blank' rel='nofollow'><img title='Enchilame' src='http:\/\/www.emiliosilveravazquez.com\/blog\/wp-content\/plugins\/knxdt-bookmarks-wordpress-plugin\/images\/enchilame.png'  alt='' class='book_img' border='none' style='margin:1px; padding: 0;'  \/><\/a><\/span><span class='pushbutton'><a href='http:\/\/www.blinklist.com\/index.php?Action=Blink\/addblink.php&amp;Description=&amp;Url=http%3A%2F%2Fwww.emiliosilveravazquez.com%2Fblog%2F2010%2F05%2F08%2Fnosotros-la-fisica-y-el-universo%2F&amp;title=Nosotros%2C+la+f%C3%ADsica+y+el+Universo' title='BlinkList' target='_blank' rel='nofollow'><img src='http:\/\/www.emiliosilveravazquez.com\/blog\/wp-content\/plugins\/knxdt-bookmarks-wordpress-plugin\/images\/blinklist.png'  alt='' class='book_img' border='none' style='margin:1px; padding: 0;'  \/><\/a><\/span><span class='pushbutton'><a href='http:\/\/reddit.com\/submit?url=http%3A%2F%2Fwww.emiliosilveravazquez.com%2Fblog%2F2010%2F05%2F08%2Fnosotros-la-fisica-y-el-universo%2F&amp;title=Nosotros%2C+la+f%C3%ADsica+y+el+Universo' title='Reddit' target='_blank' rel='nofollow'><img src='http:\/\/www.emiliosilveravazquez.com\/blog\/wp-content\/plugins\/knxdt-bookmarks-wordpress-plugin\/images\/reddit.png'  alt='' class='book_img' border='none' style='margin:1px; padding: 0;'  \/><\/a><\/span><span class='pushbutton'><a href='http:\/\/www.tecnologiadiaria.com\/2009\/07\/abrir-com-hotmail-correo.html' target='_blank' title='hotmail'><img src='http:\/\/www.emiliosilveravazquez.com\/blog\/wp-content\/plugins\/knxdt-bookmarks-wordpress-plugin\/images\/linklove.png' alt='hotmail correo' class='book_img' border='none' style='margin:1px; padding: 0;' \/><\/a><\/span><span class='pushbutton'><a href='http:\/\/bitacoras.com\/votar\/anotacion\/externo\/mini\/www.emiliosilveravazquez.com\/blog\/2010\/05\/08\/nosotros-la-fisica-y-el-universo\/' title='Bitacoras.com' target='_blank' rel='nofollow'><img src='http:\/\/www.emiliosilveravazquez.com\/blog\/wp-content\/plugins\/knxdt-bookmarks-wordpress-plugin\/images\/bitacoras.png'  alt='' class='book_img' border='none' style='margin:1px; padding: 0;'  \/><\/a><\/span><span class='pushbutton'><a href='http:\/\/www.wikio.es\/vote?url=http%3A%2F%2Fwww.emiliosilveravazquez.com%2Fblog%2F2010%2F05%2F08%2Fnosotros-la-fisica-y-el-universo%2F' title='Wikio' target='_blank' rel='nofollow'><img src='http:\/\/www.emiliosilveravazquez.com\/blog\/wp-content\/plugins\/knxdt-bookmarks-wordpress-plugin\/images\/wikio.png'   alt='' class='book_img' border='none' style='margin:1px; padding: 0;'   \/><\/a><\/span><span class='pushbutton'><a href='http:\/\/friendfeed.com\/?url=http%3A%2F%2Fwww.emiliosilveravazquez.com%2Fblog%2F2010%2F05%2F08%2Fnosotros-la-fisica-y-el-universo%2F&amp;title=Nosotros%2C+la+f%C3%ADsica+y+el+Universo' title='Friend Feed' target='_blank' rel='nofollow'><img src='http:\/\/www.emiliosilveravazquez.com\/blog\/wp-content\/plugins\/knxdt-bookmarks-wordpress-plugin\/images\/friendfeed.png'  alt='' class='book_img' border='none' style='margin:1px; padding: 0;'  \/><\/a><\/span><span class='pushbutton'><a href='http:\/\/www.facebook.com\/share.php?u=http%3A%2F%2Fwww.emiliosilveravazquez.com%2Fblog%2F2010%2F05%2F08%2Fnosotros-la-fisica-y-el-universo%2F&amp;t=Nosotros%2C+la+f%C3%ADsica+y+el+Universo' title='Facebook' target='_blank' rel='nofollow'><img src='http:\/\/www.emiliosilveravazquez.com\/blog\/wp-content\/plugins\/knxdt-bookmarks-wordpress-plugin\/images\/facebook.png'  alt='' class='book_img' border='none' style='margin:1px; padding: 0;'  \/><\/a><\/span><span class='pushbutton'><a href='http:\/\/twitter.com\/home?status=Nosotros%2C+la+f%C3%ADsica+y+el+Universo: http%3A%2F%2Fwww.emiliosilveravazquez.com%2Fblog%2F2010%2F05%2F08%2Fnosotros-la-fisica-y-el-universo%2F' title='Twitter' target='_blank' rel='nofollow'><img src='http:\/\/www.emiliosilveravazquez.com\/blog\/wp-content\/plugins\/knxdt-bookmarks-wordpress-plugin\/images\/twitter.png'  alt='' class='book_img' border='none' style='margin:1px; padding: 0;'  \/><\/a><\/span><span class='pushbutton'><a href='http:\/\/www.feedburner.com\/fb\/a\/emailFlare?itemTitle=Nosotros%2C+la+f%C3%ADsica+y+el+Universo&amp;uri=http%3A%2F%2Fwww.emiliosilveravazquez.com%2Fblog%2F2010%2F05%2F08%2Fnosotros-la-fisica-y-el-universo%2F' title='Enviar por Email' target='_blank' rel='nofollow'><img src='http:\/\/www.emiliosilveravazquez.com\/blog\/wp-content\/plugins\/knxdt-bookmarks-wordpress-plugin\/images\/email.png'  alt='' class='book_img' border='none' style='margin:1px; padding: 0;'  \/><\/a><\/span><span style='font-weight:bold; padding-left: 5px;'><a href='http:\/\/wordpress.org\/extend\/plugins\/knxdt-bookmarks-wordpress-plugin\/' title='Plugin' rel='nofollow' target='_blank'>[?]<\/a><\/span><\/td><\/tr><\/table><br\/><br\/><\/div>","protected":false},"excerpt":{"rendered":"<p>Cada ser humano es una consecuencia, cambiante en el tiempo, de la interacci\u00f3n entre una dotaci\u00f3n gen\u00e9tica \u00fanica y una serie de experiencias, tambi\u00e9n \u00fanica, en el mundo. Y es por ello que el hombre no viene predeterminado al mundo. Y es de esta manera adem\u00e1s que en alguna medida, el hombre puede so\u00f1ar en [&hellip;]<\/p>\n","protected":false},"author":2,"featured_media":0,"comment_status":"open","ping_status":"open","sticky":false,"template":"","format":"standard","meta":{"_s2mail":"","footnotes":""},"categories":[1],"tags":[],"_links":{"self":[{"href":"http:\/\/www.emiliosilveravazquez.com\/blog\/wp-json\/wp\/v2\/posts\/1540"}],"collection":[{"href":"http:\/\/www.emiliosilveravazquez.com\/blog\/wp-json\/wp\/v2\/posts"}],"about":[{"href":"http:\/\/www.emiliosilveravazquez.com\/blog\/wp-json\/wp\/v2\/types\/post"}],"author":[{"embeddable":true,"href":"http:\/\/www.emiliosilveravazquez.com\/blog\/wp-json\/wp\/v2\/users\/2"}],"replies":[{"embeddable":true,"href":"http:\/\/www.emiliosilveravazquez.com\/blog\/wp-json\/wp\/v2\/comments?post=1540"}],"version-history":[{"count":0,"href":"http:\/\/www.emiliosilveravazquez.com\/blog\/wp-json\/wp\/v2\/posts\/1540\/revisions"}],"wp:attachment":[{"href":"http:\/\/www.emiliosilveravazquez.com\/blog\/wp-json\/wp\/v2\/media?parent=1540"}],"wp:term":[{"taxonomy":"category","embeddable":true,"href":"http:\/\/www.emiliosilveravazquez.com\/blog\/wp-json\/wp\/v2\/categories?post=1540"},{"taxonomy":"post_tag","embeddable":true,"href":"http:\/\/www.emiliosilveravazquez.com\/blog\/wp-json\/wp\/v2\/tags?post=1540"}],"curies":[{"name":"wp","href":"https:\/\/api.w.org\/{rel}","templated":true}]}}