{"id":15353,"date":"2016-05-17T05:52:58","date_gmt":"2016-05-17T04:52:58","guid":{"rendered":"http:\/\/www.emiliosilveravazquez.com\/blog\/?p=15353"},"modified":"2016-05-17T05:52:58","modified_gmt":"2016-05-17T04:52:58","slug":"europa-clava-su-bandera-en-%e2%80%98marte%e2%80%99","status":"publish","type":"post","link":"http:\/\/www.emiliosilveravazquez.com\/blog\/2016\/05\/17\/europa-clava-su-bandera-en-%e2%80%98marte%e2%80%99\/","title":{"rendered":"Europa clava su bandera en \u2018Marte\u2019"},"content":{"rendered":"<p>&nbsp;<\/p>\n<article itemscope=\"\" itemtype=\"http:\/\/schema.org\/NewsArticle\">\n<div style=\"text-align: justify;\">\u00a0<img decoding=\"async\" loading=\"lazy\" src=\"http:\/\/elindependiente.es\/sites\/default\/files\/styles\/very_large_640x640\/public\/2016\/04\/el_paraje_del_rio_tinto_huelva_se_convierte_desde_manana_en_marte_para_ensayar_futuras_misiones_al_planeta_rojo.jpg?itok=yajNqBgB\" alt=\"\" width=\"478\" height=\"317\" \/><\/div>\n<div id=\"articulo_interior\">\n<header id=\"articulo-encabezado\">\n<div id=\"articulo-titulares\">\n<div>\n<h2>Un equipo europeo ensaya la conquista del planeta rojo en Riotinto (Huelva)<\/h2>\n<\/div>\n<aside id=\"compartir_superior\"> <\/aside>\n<\/div>\n<\/header>\n<\/div>\n<\/article>\n<div style=\"text-align: justify;\">\n<div>\n<div><a title=\"Ver todas las noticias de Manuel Ansede\" href=\"http:\/\/elpais.com\/autor\/manuel_ansede_vazquez\/a\/\"> Manuel Ansed: El Pais\u00a0<\/a><\/div>\n<\/div>\n<div><img decoding=\"async\" loading=\"lazy\" src=\"http:\/\/e04-elmundo.uecdn.es\/assets\/multimedia\/imagenes\/2016\/04\/22\/14613459602495.jpg\" alt=\"\" width=\"478\" height=\"246\" \/><\/div>\n<\/div>\n<div id=\"articulo_contenedor\">\n<div id=\"videonoticia\" style=\"text-align: justify;\">\n<figure><figcaption>\n<div style=\"text-align: justify;\">\u00a0\u00a0\u00a0\u00a0\u00a0\u00a0\u00a0\u00a0\u00a0\u00a0\u00a0\u00a0\u00a0\u00a0\u00a0\u00a0\u00a0\u00a0\u00a0\u00a0\u00a0\u00a0\u00a0\u00a0\u00a0\u00a0\u00a0\u00a0\u00a0\u00a0\u00a0\u00a0\u00a0\u00a0\u00a0\u00a0\u00a0\u00a0 Un astronauta pasea por Riotinto<\/div>\n<\/figcaption><\/figure>\n<\/div>\n<div id=\"cuerpo_noticia\">\n<p style=\"text-align: justify;\" dir=\"ltr\">Un astronauta ha clavado la bandera europea en un paraje rojizo y ocre que parece Marte, pero es tan terr\u00edcola que aqu\u00ed es donde naci\u00f3 el f\u00fatbol en Espa\u00f1a. Es la comarca de Riotinto (Huelva), un lugar pre\u00f1ado de metales que en 1873 fue vendido a los ingleses por el Gobierno espa\u00f1ol. Los mineros brit\u00e1nicos sacaron el cobre y el hierro y, en sus ratos libres, crearon <a href=\"http:\/\/ccaa.elpais.com\/ccaa\/2015\/04\/07\/galicia\/1428438109_464849.html\" target=\"_blank\">el R\u00edo Tinto Foot-Ball Club<\/a> para practicar el deporte que se acababa de inventar en su pa\u00eds. Sus lesionados disfrutaron de las mejores tecnolog\u00edas m\u00e9dicas llevadas desde Londres a Huelva. Hasta el neurocient\u00edfico Santiago Ram\u00f3n y Cajal, \u00fanico premio Nobel espa\u00f1ol, acudi\u00f3 en 1906 al hospital de la regi\u00f3n para ver con sus propios ojos <a href=\"http:\/\/parquemineroderiotinto.es\/?p=2033\" target=\"_blank\">la primera m\u00e1quina de <a href=\"#\" onclick=\"referencia('rayos x',event); return false;\">rayos X<\/a><\/a> de Espa\u00f1a.<\/p>\n<p style=\"text-align: justify;\" dir=\"ltr\"><img decoding=\"async\" loading=\"lazy\" src=\"http:\/\/tuotrodiario.hola.com\/imagenes\/noticias\/2016041562250\/huelva-paisaje-marte-futuras-misiones\/0-218-120\/riotinti_-z.jpg\" alt=\"\" width=\"478\" height=\"360\" \/><\/p>\n<p style=\"text-align: justify;\">Hoy, la comarca de Riotinto, ba\u00f1ada por el r\u00edo Tinto, ha vuelto a ser pionera. Hasta el 30 de abril acoge <a href=\"http:\/\/www.projectmoonwalk.net\/moonwalk\/\" target=\"_blank\">el proyecto europeo Moonwalk<\/a>, la simulaci\u00f3n de una aventura tripulada al planeta rojo. \u201cEstamos convencidos de que esta misi\u00f3n ser\u00eda capaz de encontrar rastros de vida en Marte, si los hay\u201d, afirma V\u00edctor Parro, coordinador de la campa\u00f1a en el Centro de Astrobiolog\u00eda, asociado a la NASA y con sede en Torrej\u00f3n de Ardoz (Madrid).<\/p>\n<p style=\"text-align: justify;\" dir=\"ltr\">\n<section id=\"sumario_1|foto\"><a name=\"sumario_1\"><\/a><\/section>\n<p>&nbsp;<\/p>\n<p>&nbsp;<\/p>\n<p>&nbsp;<\/p>\n<p>&nbsp;<\/p>\n<div>\n<figure itemprop=\"image\" itemscope=\"\" itemtype=\"http:\/\/schema.org\/ImageObject\"> <a title=\"ampliar foto\"> <img decoding=\"async\" loading=\"lazy\" title=\"M\u00f3dulo 'espacial' en Riotinto.\" src=\"http:\/\/ep01.epimg.net\/elpais\/imagenes\/2016\/04\/23\/ciencia\/1461397139_924927_1461397710_sumario_normal.jpg\" alt=\"M\u00f3dulo 'espacial' en Riotinto.\" width=\"360\" height=\"240\" \/>\u00a0 <\/a><\/figure>\n<\/div>\n<p style=\"text-align: justify;\" dir=\"ltr\"><figcaption itemprop=\"caption\">\n<div>\u00a0\u00a0\u00a0\u00a0\u00a0\u00a0\u00a0\u00a0\u00a0\u00a0\u00a0\u00a0\u00a0\u00a0\u00a0\u00a0\u00a0\u00a0\u00a0\u00a0\u00a0\u00a0\u00a0\u00a0\u00a0\u00a0\u00a0\u00a0\u00a0 M\u00f3dulo &#8216;espacial&#8217; en Riotinto. RA\u00daL P\u00c9REZ<\/div>\n<\/figcaption>&nbsp;<\/p>\n<p>&nbsp;<\/p>\n<div>\n<p>&nbsp;<\/p>\n<\/div>\n<\/div>\n<p style=\"text-align: justify;\" dir=\"ltr\">Cuentan los veteranos de la investigaci\u00f3n en Riotinto, como el microbi\u00f3logo Ricardo Amils, que cuando el director de la NASA visit\u00f3 por primera vez la antigua mina onubense, en 1999, ech\u00f3 la bronca a sus propios cient\u00edficos por no haberse interesado antes por un an\u00e1logo terrestre de Marte tan sobrecogedor. Riotinto es lo m\u00e1s parecido al planeta rojo que hay en la Tierra. Su suelo est\u00e1 protagonizado por compuestos de hierro, como la jarosita y los hematites, minerales que tambi\u00e9n se han hallado en Marte. Y, en el laboratorio, las bacterias de la comarca minera, que sacan su energ\u00eda del hierro, han demostrado que <a href=\"http:\/\/sociedad.elpais.com\/sociedad\/2010\/07\/28\/actualidad\/1280268002_850215.html\" target=\"_blank\">podr\u00edan sobrevivir<\/a> en las implacables condiciones marcianas, siempre que una capa milim\u00e9trica de suelo las protegiera de la radiaci\u00f3n ultravioleta y las altas temperaturas.<\/p>\n<p style=\"text-align: justify;\" dir=\"ltr\"><img decoding=\"async\" loading=\"lazy\" src=\"http:\/\/www.diariosur.es\/noticias\/201510\/13\/media\/cortadas\/astronauta--575x323.jpg\" alt=\"\" width=\"478\" height=\"269\" \/><\/p>\n<p style=\"text-align: justify;\" dir=\"ltr\">La simulaci\u00f3n de la misi\u00f3n es muy realista. Los asistentes, de siete organizaciones cient\u00edficas europeas, sienten que est\u00e1n en la superficie de Marte hasta que un reba\u00f1o de cabras entra por sorpresa en el paraje. Entre los investigadores hay carcajadas y optimismo. \u201cEl tiempo de la exploraci\u00f3n rob\u00f3tica de Marte ha llegado a su fin. El robot <em>Curiosity<\/em> [que recorre el planeta desde 2012] es de lo mejor que se puede enviar. Ahora, si queremos ser m\u00e1s inteligentes, hay que mandar astronautas, acompa\u00f1ados por amigos robots que mejoren sus capacidades\u201d, afirma el ingeniero aeron\u00e1utico Javier G\u00f3mez Elvira, antiguo director del Centro de Astrobiolog\u00eda.<\/p>\n<p style=\"text-align: justify;\">Uno de los principales objetivos de la misi\u00f3n es poner a prueba, por primera vez, la comunicaci\u00f3n por gestos entre un astronauta y un robot, el peque\u00f1o rover de exploraci\u00f3n YEMO, dotado con aspas en lugar de ruedas para poder trepar por las rampas marcianas. Avanzando en pareja y compenetrados por Riotinto, humano y m\u00e1quina parecen Tint\u00edn y su perro Mil\u00fa en la Luna.<\/p>\n<p style=\"text-align: justify;\"><img decoding=\"async\" loading=\"lazy\" src=\"http:\/\/www.cadizdirecto.com\/wp-content\/uploads\/2016\/04\/Marte-y-Rio-Tinto.jpg\" alt=\"\" width=\"478\" height=\"305\" \/><\/p>\n<p style=\"text-align: justify;\">\n<section id=\"sumario_2|html\"><a name=\"sumario_2\"><\/a><\/section>\n<p>&nbsp;<\/p>\n<p>&nbsp;<\/p>\n<p>&nbsp;<\/p>\n<div>\n<div>\n<p>Cuando el director de la NASA visit\u00f3 por primera vez la antigua mina onubense, en 1999, ech\u00f3 la bronca a sus propios cient\u00edficos por no haberse interesado antes por un an\u00e1logo terrestre de Marte tan sobrecogedor<\/p>\n<\/div>\n<\/div>\n<p style=\"text-align: justify;\" dir=\"ltr\">La operaci\u00f3n tambi\u00e9n ensaya dos instrumentos cient\u00edficos desarrollados en el Centro de Astrobiolog\u00eda, destinados a encontrar rastros de vida en Marte. El Espectr\u00f3metro L\u00e1ser Raman analiza pigmentos y minerales, mientras que el SOLID hace honor a sus siglas en ingl\u00e9s (Signs Of Life Detector, detector de indicios de vida) y es capaz de captar mol\u00e9culas generadas por microbios.<\/p>\n<p style=\"text-align: justify;\" dir=\"ltr\"><img decoding=\"async\" title=\"R\u00edo Tinto presenta colores rojizos y amarillentos debido a la elevada presencia de compuestos de hierro y azufre.\" src=\"http:\/\/img.rtve.es\/i\/?w=1180&amp;i=1460630013212.jpg\" alt=\"R\u00edo Tinto presenta colores rojizos y amarillentos debido a la elevada presencia de compuestos de hierro y azufre.\" \/><\/p>\n<p style=\"text-align: justify;\">El ingeniero electr\u00f3nico Diego Urbina, de nacionalidades colombiana e italiana, es uno de los astronautas del proyecto Moonwalk. Al igual que el coordinador de la simulaci\u00f3n, est\u00e1 convencido de que la bandera europea ondear\u00e1 alg\u00fan d\u00eda sobre la superficie marciana, posiblemente acompa\u00f1ada de la de EE UU. Hace cinco a\u00f1os, Urbina, de la Agencia Espacial Europea, estuvo aislado del exterior 520 d\u00edas en Mosc\u00fa con otros cinco astronautas en un simulacro de un viaje a Marte. Todav\u00eda da un paso al frente para ir al planeta rojo, una misi\u00f3n que EE UU anuncia para el a\u00f1o 2037. Los responsables del proyecto Moonwalk han lanzado un concurso para que ni\u00f1os de todo el mundo propongan las primeras palabras del primer humano que pise Marte. Y ha ganado esta frase en ingl\u00e9s: \u201cToday Mars, tomorrow the stars\u201d (Hoy, Marte; ma\u00f1ana, las estrellas).<\/p>\n<\/div>\n<div class='bookmark'>\r\n\t\t<table align='left' border='0' cellpadding='0' width='100%'>\r\n\t\t<tr><td><span class='pushbutton'><a href='http:\/\/delicious.com\/post?url=http%3A%2F%2Fwww.emiliosilveravazquez.com%2Fblog%2F2016%2F05%2F17%2Feuropa-clava-su-bandera-en-%25e2%2580%2598marte%25e2%2580%2599%2F&amp;title=Europa+clava+su+bandera+en+%E2%80%98Marte%E2%80%99' title='Delicious' target='_blank' rel='nofollow'><img src='http:\/\/www.emiliosilveravazquez.com\/blog\/wp-content\/plugins\/knxdt-bookmarks-wordpress-plugin\/images\/delicious.png'  alt='' class='book_img' border='none' style='margin:1px; padding: 0;'  \/><\/a><\/span><span class='pushbutton'><a href='http:\/\/digg.com\/submit?url=http%3A%2F%2Fwww.emiliosilveravazquez.com%2Fblog%2F2016%2F05%2F17%2Feuropa-clava-su-bandera-en-%25e2%2580%2598marte%25e2%2580%2599%2F&amp;title=Europa+clava+su+bandera+en+%E2%80%98Marte%E2%80%99' title='Digg' target='_blank' rel='nofollow'><img src='http:\/\/www.emiliosilveravazquez.com\/blog\/wp-content\/plugins\/knxdt-bookmarks-wordpress-plugin\/images\/digg.png'  alt='' class='book_img' border='none' style='margin:1px; padding: 0;'  \/><\/a><\/span><span class='pushbutton'><a href='http:\/\/www.google.com\/bookmarks\/mark?op=edit&amp;bkmk=http%3A%2F%2Fwww.emiliosilveravazquez.com%2Fblog%2F2016%2F05%2F17%2Feuropa-clava-su-bandera-en-%25e2%2580%2598marte%25e2%2580%2599%2F&amp;title=Europa+clava+su+bandera+en+%E2%80%98Marte%E2%80%99' title='Google' target='_blank' rel='nofollow'><img src='http:\/\/www.emiliosilveravazquez.com\/blog\/wp-content\/plugins\/knxdt-bookmarks-wordpress-plugin\/images\/google.png'   alt='' class='book_img' border='none' style='margin:1px; padding: 0;'  \/><\/a><\/span><span class='pushbutton'><a href='http:\/\/myweb2.search.yahoo.com\/myresults\/bookmarklet?u=http%3A%2F%2Fwww.emiliosilveravazquez.com%2Fblog%2F2016%2F05%2F17%2Feuropa-clava-su-bandera-en-%25e2%2580%2598marte%25e2%2580%2599%2F&amp;t=Europa+clava+su+bandera+en+%E2%80%98Marte%E2%80%99' title='Yahoo' target='_blank' rel='nofollow'><img src='http:\/\/www.emiliosilveravazquez.com\/blog\/wp-content\/plugins\/knxdt-bookmarks-wordpress-plugin\/images\/yahoo.png'  alt='' class='book_img' border='none' style='margin:1px; padding: 0;'  \/><\/a><\/span><span class='pushbutton'><a href='http:\/\/www.technorati.com\/faves?add=http%3A%2F%2Fwww.emiliosilveravazquez.com%2Fblog%2F2016%2F05%2F17%2Feuropa-clava-su-bandera-en-%25e2%2580%2598marte%25e2%2580%2599%2F' title='Technorati' target='_blank' rel='nofollow'><img src='http:\/\/www.emiliosilveravazquez.com\/blog\/wp-content\/plugins\/knxdt-bookmarks-wordpress-plugin\/images\/technorati.png'  alt='' class='book_img' border='none' style='margin:1px; padding: 0;'  \/><\/a><\/span><span class='pushbutton'><a href='http:\/\/meneame.net\/submit.php?url=http%3A%2F%2Fwww.emiliosilveravazquez.com%2Fblog%2F2016%2F05%2F17%2Feuropa-clava-su-bandera-en-%25e2%2580%2598marte%25e2%2580%2599%2F' title='Meneame' target='_blank' rel='nofollow'><img src='http:\/\/www.emiliosilveravazquez.com\/blog\/wp-content\/plugins\/knxdt-bookmarks-wordpress-plugin\/images\/meneame.png'  alt='' class='book_img' border='none' style='margin:1px; padding: 0;'  \/><\/a><\/span><span class='pushbutton'><a href='http:\/\/enchilame.com\/submit.php?url=http:\/\/www.emiliosilveravazquez.com\/blog\/2016\/05\/17\/europa-clava-su-bandera-en-%e2%80%98marte%e2%80%99\/' target='_blank' rel='nofollow'><img title='Enchilame' src='http:\/\/www.emiliosilveravazquez.com\/blog\/wp-content\/plugins\/knxdt-bookmarks-wordpress-plugin\/images\/enchilame.png'  alt='' class='book_img' border='none' style='margin:1px; padding: 0;'  \/><\/a><\/span><span class='pushbutton'><a href='http:\/\/www.blinklist.com\/index.php?Action=Blink\/addblink.php&amp;Description=&amp;Url=http%3A%2F%2Fwww.emiliosilveravazquez.com%2Fblog%2F2016%2F05%2F17%2Feuropa-clava-su-bandera-en-%25e2%2580%2598marte%25e2%2580%2599%2F&amp;title=Europa+clava+su+bandera+en+%E2%80%98Marte%E2%80%99' title='BlinkList' target='_blank' rel='nofollow'><img src='http:\/\/www.emiliosilveravazquez.com\/blog\/wp-content\/plugins\/knxdt-bookmarks-wordpress-plugin\/images\/blinklist.png'  alt='' class='book_img' border='none' style='margin:1px; padding: 0;'  \/><\/a><\/span><span class='pushbutton'><a href='http:\/\/reddit.com\/submit?url=http%3A%2F%2Fwww.emiliosilveravazquez.com%2Fblog%2F2016%2F05%2F17%2Feuropa-clava-su-bandera-en-%25e2%2580%2598marte%25e2%2580%2599%2F&amp;title=Europa+clava+su+bandera+en+%E2%80%98Marte%E2%80%99' title='Reddit' target='_blank' rel='nofollow'><img src='http:\/\/www.emiliosilveravazquez.com\/blog\/wp-content\/plugins\/knxdt-bookmarks-wordpress-plugin\/images\/reddit.png'  alt='' class='book_img' border='none' style='margin:1px; padding: 0;'  \/><\/a><\/span><span class='pushbutton'><a href='http:\/\/www.tecnologiadiaria.com\/2009\/07\/abrir-com-hotmail-correo.html' target='_blank' title='hotmail'><img src='http:\/\/www.emiliosilveravazquez.com\/blog\/wp-content\/plugins\/knxdt-bookmarks-wordpress-plugin\/images\/linklove.png' alt='hotmail correo' class='book_img' border='none' style='margin:1px; padding: 0;' \/><\/a><\/span><span class='pushbutton'><a href='http:\/\/bitacoras.com\/votar\/anotacion\/externo\/mini\/www.emiliosilveravazquez.com\/blog\/2016\/05\/17\/europa-clava-su-bandera-en-%e2%80%98marte%e2%80%99\/' title='Bitacoras.com' target='_blank' rel='nofollow'><img src='http:\/\/www.emiliosilveravazquez.com\/blog\/wp-content\/plugins\/knxdt-bookmarks-wordpress-plugin\/images\/bitacoras.png'  alt='' class='book_img' border='none' style='margin:1px; padding: 0;'  \/><\/a><\/span><span class='pushbutton'><a href='http:\/\/www.wikio.es\/vote?url=http%3A%2F%2Fwww.emiliosilveravazquez.com%2Fblog%2F2016%2F05%2F17%2Feuropa-clava-su-bandera-en-%25e2%2580%2598marte%25e2%2580%2599%2F' title='Wikio' target='_blank' rel='nofollow'><img src='http:\/\/www.emiliosilveravazquez.com\/blog\/wp-content\/plugins\/knxdt-bookmarks-wordpress-plugin\/images\/wikio.png'   alt='' class='book_img' border='none' style='margin:1px; padding: 0;'   \/><\/a><\/span><span class='pushbutton'><a href='http:\/\/friendfeed.com\/?url=http%3A%2F%2Fwww.emiliosilveravazquez.com%2Fblog%2F2016%2F05%2F17%2Feuropa-clava-su-bandera-en-%25e2%2580%2598marte%25e2%2580%2599%2F&amp;title=Europa+clava+su+bandera+en+%E2%80%98Marte%E2%80%99' title='Friend Feed' target='_blank' rel='nofollow'><img src='http:\/\/www.emiliosilveravazquez.com\/blog\/wp-content\/plugins\/knxdt-bookmarks-wordpress-plugin\/images\/friendfeed.png'  alt='' class='book_img' border='none' style='margin:1px; padding: 0;'  \/><\/a><\/span><span class='pushbutton'><a href='http:\/\/www.facebook.com\/share.php?u=http%3A%2F%2Fwww.emiliosilveravazquez.com%2Fblog%2F2016%2F05%2F17%2Feuropa-clava-su-bandera-en-%25e2%2580%2598marte%25e2%2580%2599%2F&amp;t=Europa+clava+su+bandera+en+%E2%80%98Marte%E2%80%99' title='Facebook' target='_blank' rel='nofollow'><img src='http:\/\/www.emiliosilveravazquez.com\/blog\/wp-content\/plugins\/knxdt-bookmarks-wordpress-plugin\/images\/facebook.png'  alt='' class='book_img' border='none' style='margin:1px; padding: 0;'  \/><\/a><\/span><span class='pushbutton'><a href='http:\/\/twitter.com\/home?status=Europa+clava+su+bandera+en+%E2%80%98Marte%E2%80%99: http%3A%2F%2Fwww.emiliosilveravazquez.com%2Fblog%2F2016%2F05%2F17%2Feuropa-clava-su-bandera-en-%25e2%2580%2598marte%25e2%2580%2599%2F' title='Twitter' target='_blank' rel='nofollow'><img src='http:\/\/www.emiliosilveravazquez.com\/blog\/wp-content\/plugins\/knxdt-bookmarks-wordpress-plugin\/images\/twitter.png'  alt='' class='book_img' border='none' style='margin:1px; padding: 0;'  \/><\/a><\/span><span class='pushbutton'><a href='http:\/\/www.feedburner.com\/fb\/a\/emailFlare?itemTitle=Europa+clava+su+bandera+en+%E2%80%98Marte%E2%80%99&amp;uri=http%3A%2F%2Fwww.emiliosilveravazquez.com%2Fblog%2F2016%2F05%2F17%2Feuropa-clava-su-bandera-en-%25e2%2580%2598marte%25e2%2580%2599%2F' title='Enviar por Email' target='_blank' rel='nofollow'><img src='http:\/\/www.emiliosilveravazquez.com\/blog\/wp-content\/plugins\/knxdt-bookmarks-wordpress-plugin\/images\/email.png'  alt='' class='book_img' border='none' style='margin:1px; padding: 0;'  \/><\/a><\/span><span style='font-weight:bold; padding-left: 5px;'><a href='http:\/\/wordpress.org\/extend\/plugins\/knxdt-bookmarks-wordpress-plugin\/' title='Plugin' rel='nofollow' target='_blank'>[?]<\/a><\/span><\/td><\/tr><\/table><br\/><br\/><\/div>","protected":false},"excerpt":{"rendered":"<p>&nbsp; \u00a0 Un equipo europeo ensaya la conquista del planeta rojo en Riotinto (Huelva) Manuel Ansed: El Pais\u00a0 \u00a0\u00a0\u00a0\u00a0\u00a0\u00a0\u00a0\u00a0\u00a0\u00a0\u00a0\u00a0\u00a0\u00a0\u00a0\u00a0\u00a0\u00a0\u00a0\u00a0\u00a0\u00a0\u00a0\u00a0\u00a0\u00a0\u00a0\u00a0\u00a0\u00a0\u00a0\u00a0\u00a0\u00a0\u00a0\u00a0\u00a0\u00a0 Un astronauta pasea por Riotinto Un astronauta ha clavado la bandera europea en un paraje rojizo y ocre que parece Marte, pero es tan terr\u00edcola que aqu\u00ed es donde naci\u00f3 el f\u00fatbol en Espa\u00f1a. Es la [&hellip;]<\/p>\n","protected":false},"author":2,"featured_media":0,"comment_status":"open","ping_status":"open","sticky":false,"template":"","format":"standard","meta":{"_s2mail":"yes","footnotes":""},"categories":[355],"tags":[],"_links":{"self":[{"href":"http:\/\/www.emiliosilveravazquez.com\/blog\/wp-json\/wp\/v2\/posts\/15353"}],"collection":[{"href":"http:\/\/www.emiliosilveravazquez.com\/blog\/wp-json\/wp\/v2\/posts"}],"about":[{"href":"http:\/\/www.emiliosilveravazquez.com\/blog\/wp-json\/wp\/v2\/types\/post"}],"author":[{"embeddable":true,"href":"http:\/\/www.emiliosilveravazquez.com\/blog\/wp-json\/wp\/v2\/users\/2"}],"replies":[{"embeddable":true,"href":"http:\/\/www.emiliosilveravazquez.com\/blog\/wp-json\/wp\/v2\/comments?post=15353"}],"version-history":[{"count":0,"href":"http:\/\/www.emiliosilveravazquez.com\/blog\/wp-json\/wp\/v2\/posts\/15353\/revisions"}],"wp:attachment":[{"href":"http:\/\/www.emiliosilveravazquez.com\/blog\/wp-json\/wp\/v2\/media?parent=15353"}],"wp:term":[{"taxonomy":"category","embeddable":true,"href":"http:\/\/www.emiliosilveravazquez.com\/blog\/wp-json\/wp\/v2\/categories?post=15353"},{"taxonomy":"post_tag","embeddable":true,"href":"http:\/\/www.emiliosilveravazquez.com\/blog\/wp-json\/wp\/v2\/tags?post=15353"}],"curies":[{"name":"wp","href":"https:\/\/api.w.org\/{rel}","templated":true}]}}