{"id":1518,"date":"2010-05-08T11:48:30","date_gmt":"2010-05-08T09:48:30","guid":{"rendered":"http:\/\/www.emiliosilveravazquez.com\/blog\/?p=1518"},"modified":"2010-05-08T11:48:40","modified_gmt":"2010-05-08T09:48:40","slug":"nuestra-mente-y-la-fisica","status":"publish","type":"post","link":"http:\/\/www.emiliosilveravazquez.com\/blog\/2010\/05\/08\/nuestra-mente-y-la-fisica\/","title":{"rendered":"Nuestra Mente y la F\u00edsica"},"content":{"rendered":"<p style=\"margin: 18pt 0cm 7pt; text-indent: 24pt; line-height: 15pt; text-align: justify; mso-para-margin-top: 1.5gd; mso-char-indent-count: 2.0; mso-line-height-rule: exactly; mso-outline-level: 1; mso-para-margin-right: 0cm; mso-para-margin-bottom: 7.0pt; mso-para-margin-left: 0cm;\">En mec\u00e1nica cu\u00e1ntica es corriente trabajar con la <a href=\"#\" onclick=\"referencia('planck constante de',event); return false;\">constante de Planck<\/a> racionalizada, \u00a0(\u0127 = h\/2p = 1&#8217;054589<strong style=\"mso-bidi-font-weight: normal;\">\u00d7<\/strong>10<sup>-34<\/sup> Julios\/segundo), con su ley de radiaci\u00f3n (I<sub>v<\/sub> = 2hc<sup>-2<\/sup>v<sup>3<\/sup>\/[exp(hv\/KT)-1]), con la <a href=\"#\" onclick=\"referencia('planck longitud de',event); return false;\">longitud de Planck<\/a>, (<img decoding=\"async\" loading=\"lazy\" class=\"alignnone size-full wp-image-417\" title=\"long_planck\" src=\"http:\/\/www.emiliosilveravazquez.com\/blog\/wp-content\/uploads\/2008\/07\/long_planck.png\" alt=\"long_planck\" width=\"101\" height=\"22\" \/>), con la <a href=\"#\" onclick=\"referencia('planck masa de',event); return false;\">masa de Planck<\/a> denotada <img decoding=\"async\" loading=\"lazy\" class=\"alignnone size-full wp-image-418\" title=\"masa_planck\" src=\"http:\/\/www.emiliosilveravazquez.com\/blog\/wp-content\/uploads\/2008\/07\/masa_planck.png\" alt=\"masa_planck\" width=\"86\" height=\"22\" \/>.<\/p>\n<p style=\"margin: 18pt 0cm 7pt; text-indent: 24pt; line-height: 15pt; text-align: justify; mso-para-margin-top: 1.5gd; mso-char-indent-count: 2.0; mso-line-height-rule: exactly; mso-outline-level: 1; mso-para-margin-right: 0cm; mso-para-margin-bottom: 7.0pt; mso-para-margin-left: 0cm;\">Todo lo anterior son herramientas de la mec\u00e1nica cu\u00e1ntica que en su conjunto son conocidas como unidades de Planck, que como su mismo nombre indica son un conjunto de unidades, usado principalmente en teor\u00edas cu\u00e1nticas de la gravedad, en que longitud, masa y tiempo son expresadas en m\u00faltiplos de la longitud, masa y <a href=\"#\" onclick=\"referencia('planck tiempo de',event); return false;\">tiempo de Planck<\/a>, respectivamente. Esto es equivalente a fijar la constante gravitacional (<em style=\"mso-bidi-font-style: normal;\">G<\/em>), como la velocidad de la luz (<em style=\"mso-bidi-font-style: normal;\">c<\/em>), y la <a href=\"#\" onclick=\"referencia('planck constante de',event); return false;\">constante de Planck<\/a> racionalizada (<em style=\"mso-bidi-font-style: normal;\">\u0127<\/em>) iguales todas a la unidad.\u00a0 Todas las cantidades que tienen dimensiones de longitud, masa y tiempo se vuelven adimensionales en unidades de Planck. Debido a que en el contexto donde las unidades de Planck son usadas es normal emplear unidades gaussianas o unidades de Heaviside-Lorentz para las cantidades electromagn\u00e9ticas, \u00e9stas tambi\u00e9n se vuelven adimensionales, lo que por otra parte ocurre con todas las unidades naturales. Un ejemplo de esta curiosidad de adimiensionalidad, est\u00e1 presente en la constante de estructura fina (2pe<sup>2<\/sup>\/hc) de valor 137 (n\u00famero adimensional) y cuyo s\u00edmbolo es la letra griega a (alfa).<\/p>\n<p><!--more--><\/p>\n<p style=\"margin: 18pt 0cm 7pt; text-indent: 24pt; line-height: 15pt; text-align: justify; mso-para-margin-top: 1.5gd; mso-char-indent-count: 2.0; mso-line-height-rule: exactly; mso-outline-level: 1; mso-para-margin-right: 0cm; mso-para-margin-bottom: 7.0pt; mso-para-margin-left: 0cm;\">Estas unidades de Planck nos llevan a la cosmolog\u00eda del nacimiento del universo y nos proporciona un marco elegante, coherente y manejable mediante c\u00e1lculos para conocer el universo remont\u00e1ndonos a los primeros momentos m\u00e1s breves posteriores a la explosi\u00f3n o <a href=\"#\" onclick=\"referencia('big bang',event); return false;\">Big Bang<\/a>. El <a href=\"#\" onclick=\"referencia('planck tiempo de',event); return false;\">tiempo de Planck<\/a> por ejemplo, expresado por <img decoding=\"async\" loading=\"lazy\" class=\"alignnone size-full wp-image-636\" title=\"tiempo_planck\" src=\"http:\/\/www.emiliosilveravazquez.com\/blog\/wp-content\/uploads\/2008\/08\/tiempo_planck.gif\" alt=\"tiempo_planck\" width=\"150\" height=\"21\" \/>, o lo que es lo mismo, el tiempo que pas\u00f3 desde la explosi\u00f3n hasta el <a href=\"#\" onclick=\"referencia('planck tiempo de',event); return false;\">tiempo de Planck<\/a> fue de:<\/p>\n<p style=\"margin: 18pt 0cm 7pt; text-indent: 24pt; line-height: 15pt; text-align: justify; mso-para-margin-top: 1.5gd; mso-char-indent-count: 2.0; mso-line-height-rule: exactly; mso-outline-level: 1; mso-para-margin-right: 0cm; mso-para-margin-bottom: 7.0pt; mso-para-margin-left: 0cm;\">0,000.000.000.000.000.000.000.000.000.000.000.000.000.001 de 1 segundo. En la f\u00f3rmula, <em style=\"mso-bidi-font-style: normal;\">G<\/em> es la constante universal de <a href=\"#\" onclick=\"referencia('newton',event); return false;\">Newton<\/a>, <em style=\"mso-bidi-font-style: normal;\">\u0127<\/em> es la <a href=\"#\" onclick=\"referencia('planck constante de',event); return false;\">constante de Planck<\/a> racionalizada y <em style=\"mso-bidi-font-style: normal;\">c<\/em> es la velocidad de la luz.<\/p>\n<p style=\"margin: 18pt 0cm 7pt; text-indent: 24pt; line-height: 15pt; text-align: justify; mso-para-margin-top: 1.5gd; mso-char-indent-count: 2.0; mso-line-height-rule: exactly; mso-outline-level: 1; mso-para-margin-right: 0cm; mso-para-margin-bottom: 7.0pt; mso-para-margin-left: 0cm;\">Es una unidad de tiempo infinitesimal, como lo es el l\u00edmite de Planck que se refiere al espacio recorrido por un <a href=\"#\" onclick=\"referencia('foton',event); return false;\">fot\u00f3n<\/a> (que viaja a la velocidad de la luz) durante una fracci\u00f3n de tiempo de \u00ednfima duraci\u00f3n y que es de 0,000.000.000.000.000.000.000.000.000.000.0101 de cm.<\/p>\n<p style=\"margin: 18pt 0cm 7pt; text-indent: 24pt; line-height: 15pt; text-align: justify; mso-para-margin-top: 1.5gd; mso-char-indent-count: 2.0; mso-line-height-rule: exactly; mso-outline-level: 1; mso-para-margin-right: 0cm; mso-para-margin-bottom: 7.0pt; mso-para-margin-left: 0cm;\">Hasta tal punto llegan los f\u00edsicos en sus c\u00e1lculos para tratar de adecuar los conocimientos a la realidad por medio del experimento.<\/p>\n<p style=\"margin: 18pt 0cm 7pt; text-indent: 24pt; line-height: 15pt; text-align: justify; mso-para-margin-top: 1.5gd; mso-char-indent-count: 2.0; mso-line-height-rule: exactly; mso-outline-level: 1; mso-para-margin-right: 0cm; mso-para-margin-bottom: 7.0pt; mso-para-margin-left: 0cm;\">Sin embargo, cuando hablamos de estas unidades tan peque\u00f1as, no debemos enga\u00f1arnos. Precisamente, para tratar de llegar hasta esos l\u00edmites tan profundos se necesitan m\u00e1quinas que desarrollan inmensas energ\u00edas: los aceleradores de part\u00edculas, que como el Fermilab o el CERNE, han facilitado a los f\u00edsicos experimentadores entrar en las entra\u00f1as de la materia y descubrir muchos de los secretos antes tan bien guardados.<\/p>\n<p style=\"margin: 18pt 0cm 7pt; text-indent: 24pt; line-height: 15pt; text-align: justify; mso-para-margin-top: 1.5gd; mso-char-indent-count: 2.0; mso-line-height-rule: exactly; mso-outline-level: 1; mso-para-margin-right: 0cm; mso-para-margin-bottom: 7.0pt; mso-para-margin-left: 0cm;\">Desgraciadamente, a\u00fan no se han fabricado aceleradores tan potentes como para poder detectar la part\u00edcula de <a href=\"#\" onclick=\"referencia('higgs',event); return false;\">Higgs<\/a>, esa part\u00edcula responsable de proporcionar masa a todas las dem\u00e1s part\u00edculas. Y, por supuesto, m\u00e1s lejos queda la posibilidad de que podamos construir un acelerador que pudiera alcanzar la energ\u00eda de Planck, del orden de 10<sup>19<\/sup> eV (1 eV = 10<sup>-19<\/sup> julios) = 1&#8217;60210<strong style=\"mso-bidi-font-weight: normal;\">\u00d7<\/strong>10<sup>-19<\/sup>. Hoy por hoy, ni nuestra tecnolog\u00eda ni todos los recursos que tenemos disponibles si emple\u00e1ramos todo el presupuesto bruto de todos los pa\u00edses del globo unidos, ni as\u00ed digo, podr\u00edamos alcanzar esta energ\u00eda necesaria para comprobar experimentalmente la existencia de &#8220;cuerdas&#8221; vibrantes que confirmen la teor\u00eda de Todo.<\/p>\n<p style=\"margin: 18pt 0cm 7pt; text-indent: 24pt; line-height: 15pt; text-align: justify; mso-para-margin-top: 1.5gd; mso-char-indent-count: 2.0; mso-line-height-rule: exactly; mso-outline-level: 1; mso-para-margin-right: 0cm; mso-para-margin-bottom: 7.0pt; mso-para-margin-left: 0cm;\">Ante tal imposibilidad material, los f\u00edsicos y matem\u00e1ticos contin\u00faan por el camino de la te\u00f3rica y de las comprobaciones indirectas que, aunque mucho m\u00e1s lenta, est\u00e1 dando muy buenos resultados.<\/p>\n<p style=\"margin: 18pt 0cm 7pt; text-indent: 24pt; line-height: 15pt; text-align: justify; mso-para-margin-top: 1.5gd; mso-char-indent-count: 2.0; mso-line-height-rule: exactly; mso-outline-level: 1; mso-para-margin-right: 0cm; mso-para-margin-bottom: 7.0pt; mso-para-margin-left: 0cm;\">La <a href=\"#\" onclick=\"referencia('supercuerdas teoria',event); return false;\">teor\u00eda de supercuerdas<\/a> que pretende explicarlo todo es muy compleja y se han encontrado cinco versiones distintas.<\/p>\n<p style=\"margin: 18pt 0cm 7pt; text-indent: 24pt; line-height: 15pt; text-align: justify; mso-para-margin-top: 1.5gd; mso-char-indent-count: 2.0; mso-line-height-rule: exactly; mso-outline-level: 1; mso-para-margin-right: 0cm; mso-para-margin-bottom: 7.0pt; mso-para-margin-left: 0cm;\">Todas estas versiones: tipo I, tipo IIA, tipo IIB, heter\u00f3tica 0 (32) y heter\u00f3tica E<sub>8<\/sub><strong style=\"mso-bidi-font-weight: normal;\">\u00d7<\/strong>E<sub>8<\/sub>, en realidad son partes de una sola teor\u00eda que las une a todas y que provisionalmente se ha dado en llamar <a href=\"#\" onclick=\"referencia('supercuerdas teoria',event); return false;\">teor\u00eda M<\/a>.<\/p>\n<p style=\"text-align: center;\"><img decoding=\"async\" loading=\"lazy\" class=\"aligncenter size-full wp-image-1122\" title=\"estrella_teoria-m\" src=\"http:\/\/www.emiliosilveravazquez.com\/blog\/wp-content\/uploads\/2008\/10\/estrella_teoria-m.jpg\" alt=\"estrella_teoria-m\" width=\"323\" height=\"246\" \/><\/p>\n<p style=\"margin: 18pt 0cm 7pt; text-indent: 24pt; line-height: 15pt; text-align: justify; mso-para-margin-top: 1.5gd; mso-char-indent-count: 2.0; mso-line-height-rule: exactly; mso-outline-level: 1; mso-para-margin-right: 0cm; mso-para-margin-bottom: 7.0pt; mso-para-margin-left: 0cm;\">Aunque todav\u00eda queda mucho trabajo por hacer, hay dos caracter\u00edsticas esenciales de la <a href=\"#\" onclick=\"referencia('supercuerdas teoria',event); return false;\">teor\u00eda M<\/a> que los f\u00edsicos todav\u00eda no han descubierto. En primer lugar, la <a href=\"#\" onclick=\"referencia('supercuerdas teoria',event); return false;\">teor\u00eda M<\/a> tiene once dimensiones (diez espaciales y una temporal). M\u00e1s o menos del mismo modo que Kaluza descubri\u00f3 que una dimensi\u00f3n espacial adicional permit\u00eda realizar una fusi\u00f3n inesperada de la <a href=\"#\" onclick=\"referencia('relatividad',event); return false;\">relatividad<\/a> general y el electromagnetismo (<a href=\"#\" onclick=\"referencia('einstein',event); return false;\">Einstein<\/a>-Maxwell), los especialistas en teor\u00eda \u00a0de \u00a0cuerdas \u00a0han \u00a0constatado \u00a0que una dimensi\u00f3n espacial adicional dentro de dicha teor\u00eda (la teor\u00eda de cuerdas normal tiene nueve dimensiones de espacio y una de tiempo), permite realizar una s\u00edntesis profundamente satisfactoria de las cinco versiones de esta teor\u00eda.<\/p>\n<p style=\"margin: 18pt 0cm 7pt; text-indent: 24pt; line-height: 15pt; text-align: justify; mso-para-margin-top: 1.5gd; mso-char-indent-count: 2.0; mso-line-height-rule: exactly; mso-outline-level: 1; mso-para-margin-right: 0cm; mso-para-margin-bottom: 7.0pt; mso-para-margin-left: 0cm;\">Los resultados de la segunda revoluci\u00f3n de las supercuerdas han demostrado que las 5 teror\u00edas de cuerdas forman parte de un solo marco unificado, llamado Teor\u00eda M.<\/p>\n<p style=\"margin: 18pt 0cm 7pt; text-indent: 24pt; line-height: 15pt; text-align: justify; mso-para-margin-top: 1.5gd; mso-char-indent-count: 2.0; mso-line-height-rule: exactly; mso-outline-level: 1; mso-para-margin-right: 0cm; mso-para-margin-bottom: 7.0pt; mso-para-margin-left: 0cm;\">Adem\u00e1s, esta dimensi\u00f3n espacial adicional no est\u00e1 tirada de los pelos, al contrario; los expertos en teor\u00eda de cuerdas que con 11 dimensiones todos los razonamientos anteriores son exactas y que as\u00ed se pueden completar, demostrando que la dimensi\u00f3n n\u00famero 11 hab\u00eda pasado desapercibido hasta ahora.<\/p>\n<p style=\"margin: 18pt 0cm 7pt; text-indent: 24pt; line-height: 15pt; text-align: justify; mso-para-margin-top: 1.5gd; mso-char-indent-count: 2.0; mso-line-height-rule: exactly; mso-outline-level: 1; mso-para-margin-right: 0cm; mso-para-margin-bottom: 7.0pt; mso-para-margin-left: 0cm;\">La segunda caracter\u00edstica que se ha descubierto respecto a la <a href=\"#\" onclick=\"referencia('supercuerdas teoria',event); return false;\">teor\u00eda M<\/a> es el hecho de que contiene cuerdas vibratorias, pero tambi\u00e9n incluye otros objetos: membranas vibratorias bidimensionales, burbujas tridimensionales que se ondulan (llamadas &#8220;tri-branas&#8221;) y adem\u00e1s una gran cantidad de otros ingredientes diversos. Como sucede con la und\u00e9cima dimensi\u00f3n, esta caracter\u00edstica de la <a href=\"#\" onclick=\"referencia('supercuerdas teoria',event); return false;\">teor\u00eda M<\/a> se pone de manifiesto cuando los c\u00e1lculos se liberan de su dependencia de las aproximaciones utilizadas all\u00e1 por la d\u00e9cada de 1.990.<\/p>\n<p style=\"margin: 18pt 0cm 7pt; text-indent: 24pt; line-height: 15pt; text-align: justify; mso-para-margin-top: 1.5gd; mso-char-indent-count: 2.0; mso-line-height-rule: exactly; mso-outline-level: 1; mso-para-margin-right: 0cm; mso-para-margin-bottom: 7.0pt; mso-para-margin-left: 0cm;\">Aparte de estas y otras varias ideas a las que se ha llegado recientemente, gran parte de la verdadera naturaleza de la <a href=\"#\" onclick=\"referencia('supercuerdas teoria',event); return false;\">teor\u00eda M<\/a> sigue siendo un misterio. En realidad, la <a href=\"#\" onclick=\"referencia('supercuerdas teoria',event); return false;\">teor\u00eda M<\/a> de cuerdas es el principal reto que tienen planteado los f\u00edsicos del siglo XXI, con Edward Witten a la cabeza de todos, abriendo la marcha de un profundo y complejo entramado de conocimientos que, seg\u00fan se cree, nos puede llevar al origen del universo mismo, explicando todos aquellos puntos oscuros que ahora no sabemos comprender y uniendo todas las fuerzas en una sola ecuaci\u00f3n maravillosa que responda a todo lo que le podamos preguntar.<\/p>\n<p style=\"margin: 18pt 0cm 7pt; text-indent: 24pt; line-height: 15pt; text-align: justify; mso-para-margin-top: 1.5gd; mso-char-indent-count: 2.0; mso-line-height-rule: exactly; mso-outline-level: 1; mso-para-margin-right: 0cm; mso-para-margin-bottom: 7.0pt; mso-para-margin-left: 0cm;\">Est\u00e1 claro que, la Humanidad siempre tendr\u00e1 un sue\u00f1o que cumplir, y, cuando \u00e9ste sea alcanzado, surgir\u00e1 otro nuevo que tendremos que perseguir, es nuestra naturaleza que nos empuja a saber, a conquistar los secretos del Universo, y, para ello, nos inventamos herramientas matem\u00e1ticas que nos lleven por los complejos caminos que, dentro de nuestras mentes, nos forjamos de lo que el Universo es. Sin embargo, no debemos olvidarnos de lo esencial que es, observar lo que es el hombre hoy, para procurar que sea, lo que debe ser ma\u00f1ana.<\/p>\n<p style=\"margin: 18pt 0cm 7pt; text-indent: 24pt; line-height: 15pt; text-align: right;\"><em>emilio silvera<\/em><\/p>\n<div class='bookmark'>\r\n\t\t<table align='left' border='0' cellpadding='0' width='100%'>\r\n\t\t<tr><td><span class='pushbutton'><a href='http:\/\/delicious.com\/post?url=http%3A%2F%2Fwww.emiliosilveravazquez.com%2Fblog%2F2010%2F05%2F08%2Fnuestra-mente-y-la-fisica%2F&amp;title=Nuestra+Mente+y+la+F%C3%ADsica' title='Delicious' target='_blank' rel='nofollow'><img src='http:\/\/www.emiliosilveravazquez.com\/blog\/wp-content\/plugins\/knxdt-bookmarks-wordpress-plugin\/images\/delicious.png'  alt='' class='book_img' border='none' style='margin:1px; padding: 0;'  \/><\/a><\/span><span class='pushbutton'><a href='http:\/\/digg.com\/submit?url=http%3A%2F%2Fwww.emiliosilveravazquez.com%2Fblog%2F2010%2F05%2F08%2Fnuestra-mente-y-la-fisica%2F&amp;title=Nuestra+Mente+y+la+F%C3%ADsica' title='Digg' target='_blank' rel='nofollow'><img src='http:\/\/www.emiliosilveravazquez.com\/blog\/wp-content\/plugins\/knxdt-bookmarks-wordpress-plugin\/images\/digg.png'  alt='' class='book_img' border='none' style='margin:1px; padding: 0;'  \/><\/a><\/span><span class='pushbutton'><a href='http:\/\/www.google.com\/bookmarks\/mark?op=edit&amp;bkmk=http%3A%2F%2Fwww.emiliosilveravazquez.com%2Fblog%2F2010%2F05%2F08%2Fnuestra-mente-y-la-fisica%2F&amp;title=Nuestra+Mente+y+la+F%C3%ADsica' title='Google' target='_blank' rel='nofollow'><img src='http:\/\/www.emiliosilveravazquez.com\/blog\/wp-content\/plugins\/knxdt-bookmarks-wordpress-plugin\/images\/google.png'   alt='' class='book_img' border='none' style='margin:1px; padding: 0;'  \/><\/a><\/span><span class='pushbutton'><a href='http:\/\/myweb2.search.yahoo.com\/myresults\/bookmarklet?u=http%3A%2F%2Fwww.emiliosilveravazquez.com%2Fblog%2F2010%2F05%2F08%2Fnuestra-mente-y-la-fisica%2F&amp;t=Nuestra+Mente+y+la+F%C3%ADsica' title='Yahoo' target='_blank' rel='nofollow'><img src='http:\/\/www.emiliosilveravazquez.com\/blog\/wp-content\/plugins\/knxdt-bookmarks-wordpress-plugin\/images\/yahoo.png'  alt='' class='book_img' border='none' style='margin:1px; padding: 0;'  \/><\/a><\/span><span class='pushbutton'><a href='http:\/\/www.technorati.com\/faves?add=http%3A%2F%2Fwww.emiliosilveravazquez.com%2Fblog%2F2010%2F05%2F08%2Fnuestra-mente-y-la-fisica%2F' title='Technorati' target='_blank' rel='nofollow'><img src='http:\/\/www.emiliosilveravazquez.com\/blog\/wp-content\/plugins\/knxdt-bookmarks-wordpress-plugin\/images\/technorati.png'  alt='' class='book_img' border='none' style='margin:1px; padding: 0;'  \/><\/a><\/span><span class='pushbutton'><a href='http:\/\/meneame.net\/submit.php?url=http%3A%2F%2Fwww.emiliosilveravazquez.com%2Fblog%2F2010%2F05%2F08%2Fnuestra-mente-y-la-fisica%2F' title='Meneame' target='_blank' rel='nofollow'><img src='http:\/\/www.emiliosilveravazquez.com\/blog\/wp-content\/plugins\/knxdt-bookmarks-wordpress-plugin\/images\/meneame.png'  alt='' class='book_img' border='none' style='margin:1px; padding: 0;'  \/><\/a><\/span><span class='pushbutton'><a href='http:\/\/enchilame.com\/submit.php?url=http:\/\/www.emiliosilveravazquez.com\/blog\/2010\/05\/08\/nuestra-mente-y-la-fisica\/' target='_blank' rel='nofollow'><img title='Enchilame' src='http:\/\/www.emiliosilveravazquez.com\/blog\/wp-content\/plugins\/knxdt-bookmarks-wordpress-plugin\/images\/enchilame.png'  alt='' class='book_img' border='none' style='margin:1px; padding: 0;'  \/><\/a><\/span><span class='pushbutton'><a href='http:\/\/www.blinklist.com\/index.php?Action=Blink\/addblink.php&amp;Description=&amp;Url=http%3A%2F%2Fwww.emiliosilveravazquez.com%2Fblog%2F2010%2F05%2F08%2Fnuestra-mente-y-la-fisica%2F&amp;title=Nuestra+Mente+y+la+F%C3%ADsica' title='BlinkList' target='_blank' rel='nofollow'><img src='http:\/\/www.emiliosilveravazquez.com\/blog\/wp-content\/plugins\/knxdt-bookmarks-wordpress-plugin\/images\/blinklist.png'  alt='' class='book_img' border='none' style='margin:1px; padding: 0;'  \/><\/a><\/span><span class='pushbutton'><a href='http:\/\/reddit.com\/submit?url=http%3A%2F%2Fwww.emiliosilveravazquez.com%2Fblog%2F2010%2F05%2F08%2Fnuestra-mente-y-la-fisica%2F&amp;title=Nuestra+Mente+y+la+F%C3%ADsica' title='Reddit' target='_blank' rel='nofollow'><img src='http:\/\/www.emiliosilveravazquez.com\/blog\/wp-content\/plugins\/knxdt-bookmarks-wordpress-plugin\/images\/reddit.png'  alt='' class='book_img' border='none' style='margin:1px; padding: 0;'  \/><\/a><\/span><span class='pushbutton'><a href='http:\/\/www.tecnologiadiaria.com\/2009\/07\/abrir-com-hotmail-correo.html' target='_blank' title='hotmail'><img src='http:\/\/www.emiliosilveravazquez.com\/blog\/wp-content\/plugins\/knxdt-bookmarks-wordpress-plugin\/images\/linklove.png' alt='hotmail correo' class='book_img' border='none' style='margin:1px; padding: 0;' \/><\/a><\/span><span class='pushbutton'><a href='http:\/\/bitacoras.com\/votar\/anotacion\/externo\/mini\/www.emiliosilveravazquez.com\/blog\/2010\/05\/08\/nuestra-mente-y-la-fisica\/' title='Bitacoras.com' target='_blank' rel='nofollow'><img src='http:\/\/www.emiliosilveravazquez.com\/blog\/wp-content\/plugins\/knxdt-bookmarks-wordpress-plugin\/images\/bitacoras.png'  alt='' class='book_img' border='none' style='margin:1px; padding: 0;'  \/><\/a><\/span><span class='pushbutton'><a href='http:\/\/www.wikio.es\/vote?url=http%3A%2F%2Fwww.emiliosilveravazquez.com%2Fblog%2F2010%2F05%2F08%2Fnuestra-mente-y-la-fisica%2F' title='Wikio' target='_blank' rel='nofollow'><img src='http:\/\/www.emiliosilveravazquez.com\/blog\/wp-content\/plugins\/knxdt-bookmarks-wordpress-plugin\/images\/wikio.png'   alt='' class='book_img' border='none' style='margin:1px; padding: 0;'   \/><\/a><\/span><span class='pushbutton'><a href='http:\/\/friendfeed.com\/?url=http%3A%2F%2Fwww.emiliosilveravazquez.com%2Fblog%2F2010%2F05%2F08%2Fnuestra-mente-y-la-fisica%2F&amp;title=Nuestra+Mente+y+la+F%C3%ADsica' title='Friend Feed' target='_blank' rel='nofollow'><img src='http:\/\/www.emiliosilveravazquez.com\/blog\/wp-content\/plugins\/knxdt-bookmarks-wordpress-plugin\/images\/friendfeed.png'  alt='' class='book_img' border='none' style='margin:1px; padding: 0;'  \/><\/a><\/span><span class='pushbutton'><a href='http:\/\/www.facebook.com\/share.php?u=http%3A%2F%2Fwww.emiliosilveravazquez.com%2Fblog%2F2010%2F05%2F08%2Fnuestra-mente-y-la-fisica%2F&amp;t=Nuestra+Mente+y+la+F%C3%ADsica' title='Facebook' target='_blank' rel='nofollow'><img src='http:\/\/www.emiliosilveravazquez.com\/blog\/wp-content\/plugins\/knxdt-bookmarks-wordpress-plugin\/images\/facebook.png'  alt='' class='book_img' border='none' style='margin:1px; padding: 0;'  \/><\/a><\/span><span class='pushbutton'><a href='http:\/\/twitter.com\/home?status=Nuestra+Mente+y+la+F%C3%ADsica: http%3A%2F%2Fwww.emiliosilveravazquez.com%2Fblog%2F2010%2F05%2F08%2Fnuestra-mente-y-la-fisica%2F' title='Twitter' target='_blank' rel='nofollow'><img src='http:\/\/www.emiliosilveravazquez.com\/blog\/wp-content\/plugins\/knxdt-bookmarks-wordpress-plugin\/images\/twitter.png'  alt='' class='book_img' border='none' style='margin:1px; padding: 0;'  \/><\/a><\/span><span class='pushbutton'><a href='http:\/\/www.feedburner.com\/fb\/a\/emailFlare?itemTitle=Nuestra+Mente+y+la+F%C3%ADsica&amp;uri=http%3A%2F%2Fwww.emiliosilveravazquez.com%2Fblog%2F2010%2F05%2F08%2Fnuestra-mente-y-la-fisica%2F' title='Enviar por Email' target='_blank' rel='nofollow'><img src='http:\/\/www.emiliosilveravazquez.com\/blog\/wp-content\/plugins\/knxdt-bookmarks-wordpress-plugin\/images\/email.png'  alt='' class='book_img' border='none' style='margin:1px; padding: 0;'  \/><\/a><\/span><span style='font-weight:bold; padding-left: 5px;'><a href='http:\/\/wordpress.org\/extend\/plugins\/knxdt-bookmarks-wordpress-plugin\/' title='Plugin' rel='nofollow' target='_blank'>[?]<\/a><\/span><\/td><\/tr><\/table><br\/><br\/><\/div>","protected":false},"excerpt":{"rendered":"<p>En mec\u00e1nica cu\u00e1ntica es corriente trabajar con la constante de Planck racionalizada, \u00a0(\u0127 = h\/2p = 1&#8217;054589\u00d710-34 Julios\/segundo), con su ley de radiaci\u00f3n (Iv = 2hc-2v3\/[exp(hv\/KT)-1]), con la longitud de Planck, (), con la masa de Planck denotada . Todo lo anterior son herramientas de la mec\u00e1nica cu\u00e1ntica que en su conjunto son conocidas como [&hellip;]<\/p>\n","protected":false},"author":2,"featured_media":0,"comment_status":"open","ping_status":"open","sticky":false,"template":"","format":"standard","meta":{"_s2mail":"","footnotes":""},"categories":[6],"tags":[],"_links":{"self":[{"href":"http:\/\/www.emiliosilveravazquez.com\/blog\/wp-json\/wp\/v2\/posts\/1518"}],"collection":[{"href":"http:\/\/www.emiliosilveravazquez.com\/blog\/wp-json\/wp\/v2\/posts"}],"about":[{"href":"http:\/\/www.emiliosilveravazquez.com\/blog\/wp-json\/wp\/v2\/types\/post"}],"author":[{"embeddable":true,"href":"http:\/\/www.emiliosilveravazquez.com\/blog\/wp-json\/wp\/v2\/users\/2"}],"replies":[{"embeddable":true,"href":"http:\/\/www.emiliosilveravazquez.com\/blog\/wp-json\/wp\/v2\/comments?post=1518"}],"version-history":[{"count":0,"href":"http:\/\/www.emiliosilveravazquez.com\/blog\/wp-json\/wp\/v2\/posts\/1518\/revisions"}],"wp:attachment":[{"href":"http:\/\/www.emiliosilveravazquez.com\/blog\/wp-json\/wp\/v2\/media?parent=1518"}],"wp:term":[{"taxonomy":"category","embeddable":true,"href":"http:\/\/www.emiliosilveravazquez.com\/blog\/wp-json\/wp\/v2\/categories?post=1518"},{"taxonomy":"post_tag","embeddable":true,"href":"http:\/\/www.emiliosilveravazquez.com\/blog\/wp-json\/wp\/v2\/tags?post=1518"}],"curies":[{"name":"wp","href":"https:\/\/api.w.org\/{rel}","templated":true}]}}