{"id":14987,"date":"2016-04-12T06:14:44","date_gmt":"2016-04-12T05:14:44","guid":{"rendered":"http:\/\/www.emiliosilveravazquez.com\/blog\/?p=14987"},"modified":"2016-04-12T06:14:44","modified_gmt":"2016-04-12T05:14:44","slug":"mas-dato-sobre-el-origen-de-la-vida","status":"publish","type":"post","link":"http:\/\/www.emiliosilveravazquez.com\/blog\/2016\/04\/12\/mas-dato-sobre-el-origen-de-la-vida\/","title":{"rendered":"M\u00e1s dato sobre el origen de la Vida"},"content":{"rendered":"<p style=\"text-align: justify;\">\u00a0 Es la primera vez que la ribosa, un az\u00facar esencial para la vida, ha sido hallado fuera de nuestro planeta<\/p>\n<p style=\"text-align: justify;\">\n<figure itemprop=\"image\" itemscope=\"\" itemtype=\"https:\/\/schema.org\/ImageObject\"><img decoding=\"async\" src=\"http:\/\/www.abc.es\/media\/ciencia\/2016\/04\/11\/Churyumov%20Gerasimenko--620x349.jpg\" alt=\"El cometa Churyomov Gerasimenko, visitado por la misi\u00f3n Rosetta de la Agencia Espacial Europea\" \/><\/figure>\n<p>&nbsp;<\/p>\n<p>&nbsp;<\/p>\n<p style=\"text-align: justify;\"><figcaption itemprop=\"name\">\u00a0<\/figcaption>&nbsp;<\/p>\n<p>&nbsp;<\/p>\n<p>El cometa Churyomov Gerasimenko, visitado por la misi\u00f3n Rosetta de la Agencia Espacial Europea &#8211; ESA<\/p>\n<p>&nbsp;<\/p>\n<p style=\"text-align: justify;\">\n<footer><strong>JOS\u00c9 MANUEL NIEVES &#8211; <\/strong><strong>Madrid<\/strong> (Reportaje de prensa)<\/footer>\n<footer><strong><\/strong>Guardado en: <a href=\"http:\/\/www.abc.es\/ciencia\/\"> Ciencia <\/a><\/footer>\n<footer><\/footer>\n<p>&nbsp;<\/p>\n<p>&nbsp;<\/p>\n<div>\n<p style=\"text-align: justify;\">El <a href=\"http:\/\/www.abc.es\/20120925\/ciencia\/abci-nuevo-empujon-teoria-panspermia-201209251348.html\">origen de la vida en la Tierra<\/a> es objeto de debate pr\u00e1cticamente desde que el hombre es hombre. Incluso hoy, los cient\u00edficos no est\u00e1n seguros de si los <strong>&#8220;ladrillos&#8221; b\u00e1sicos de la vida <\/strong>se crearon aqu\u00ed, en nuestro planeta, o si por el contrario <a href=\"http:\/\/www.abc.es\/20110824\/ciencia\/abci-pudo-tierra-sembrar-vida-201108240945.html\">fueron tra\u00eddos a la Tierra por cometas y meteoritos<\/a>. Una duda cuya resoluci\u00f3n resulta de la m\u00e1xima importancia, porque si efectivamente esos componentes fueron tra\u00eddos aqu\u00ed &#8220;desde fuera&#8221;, entonces nada impide que esos mismos ladrillos hayan sido transportados tambi\u00e9n a otros planetas.<\/p>\n<p style=\"text-align: justify;\"><img decoding=\"async\" loading=\"lazy\" src=\"http:\/\/creationwiki.org\/pool\/images\/e\/ec\/Space_molecules.jpg\" alt=\"\" width=\"510\" height=\"293\" \/><\/p>\n<p style=\"text-align: justify;\">Los constituyentes biol\u00f3gicos fundamentales para la vida son compuestos org\u00e1nicos que pueden ensamblarse entre s\u00ed para formar prote\u00ednas, as\u00ed como <strong>ARN y ADN<\/strong>, elementos b\u00e1sicos para las c\u00e9lulas vivas. Y resulta que hasta el momento, los investigadores han encontrado la mayor\u00eda de estos compuestos b\u00e1sicos tanto en cometas como en meteoritos, aunque tambi\u00e9n, &#8220;sueltos&#8221; en el espacio, mezclados con el polvo interestelar. Sin embargo, la ribosa, un az\u00facar que constituye el &#8220;esqueleto&#8221; del ARN, nunca hab\u00eda sido hallado fuera de nuestro planeta. Por eso, el anuncio de un equipo de investigadores franceses en la revista Science, afirmando que la ribosa puede formarse en cometas, ha sorprendido a la comunidad cient\u00edfica internacional. Y refuerza, de paso, la idea de que la vida fue &#8220;sembrada&#8221; en la Tierra por estos vagabundos espaciales.<\/p>\n<p style=\"text-align: justify;\"><img decoding=\"async\" loading=\"lazy\" src=\"https:\/\/encrypted-tbn1.gstatic.com\/images?q=tbn:ANd9GcRUnTpaj-mYn9fFIw_veuYkRQpC5z3ekeSGfdHSCLof_3L83ycH\" alt=\"\" width=\"304\" height=\"228\" \/><\/p>\n<p style=\"text-align: justify;\">Igual que el ADN, tambi\u00e9n el ARN (Acido ribonucl\u00e9ico) codifica informaci\u00f3n, a pesar de ser una mol\u00e9cula mucho m\u00e1s simple. Una popular hip\u00f3tesis cient\u00edfica sugiere que las formas de vida m\u00e1s primitivas habr\u00edan usado ARN en lugar de ADN para transmitir la informaci\u00f3n gen\u00e9tica a las nuevas generaciones. Incluso en la actualidad, con m\u00faltiples formas de vida compleja plenamente desarrolladas, las c\u00e9lulas siguen utilizando ARN para que transporten la informaci\u00f3n necesaria para que las prote\u00ednas se ensamblen de la forma correcta. Incluso siguen existiendo virus cuyos genomas se basan exclusivamente en el ARN.<\/p>\n<h2 style=\"text-align: justify;\">El experimento de la vida<\/h2>\n<p>&nbsp;<\/p>\n<p><img decoding=\"async\" loading=\"lazy\" src=\"http:\/\/1.bp.blogspot.com\/-Q0tNjjMOc34\/UDYGj39k1dI\/AAAAAAAAAHA\/NHq0JgZKjs4\/s1600\/BIOQUM%7E1.JPG\" alt=\"\" width=\"304\" height=\"228\" \/><img decoding=\"async\" loading=\"lazy\" src=\"http:\/\/1.bp.blogspot.com\/-cGsXEDvegbM\/VL1hDIdCZcI\/AAAAAAAAHng\/ZONI-oB0-Vg\/s1600\/img16.jpg\" alt=\"\" width=\"304\" height=\"228\" \/><\/p>\n<p>&nbsp;<\/p>\n<p>&nbsp;<\/p>\n<p style=\"text-align: justify;\">La historia de la b\u00fasqueda de los procesos qu\u00edmicos que pudieron llevar a la vida comienza a mediados del pasado siglo XX, cuando Stanley Miller y Harold Urey trataron de crear amino\u00e1cidos induciendo corrientes el\u00e9ctricas (que simulaban rayos) en una mezcla de agua, metano, amoniaco e hidr\u00f3geno la cual, seg\u00fan ellos, recreaba la atm\u00f3sfera de la Tierra joven.<\/p>\n<p style=\"text-align: justify;\"><img decoding=\"async\" loading=\"lazy\" src=\"http:\/\/danielmarin.naukas.com\/files\/2013\/01\/eso1301a.jpg\" alt=\"\" width=\"304\" height=\"216\" \/><\/p>\n<p style=\"text-align: justify;\">El nuevo experimento, sin embargo, va m\u00e1s all\u00e1, y trata de reproducir <strong>las condiciones que reinaban en el &#8220;disco protoplanetario&#8221;<\/strong> (el material sobrante de la formaci\u00f3n del Sol) a partir del que se formaron tanto los cometas como los planetas en nuestro Sistema Solar. Los investigadores enfriaron una mezcla de metanol y amoniaco hasta una temperatura de -195 grados Celsius y en el interior de una c\u00e1mara de vac\u00edo. Al mismo tiempo que la mezcla se condensaba para formar hielo, los cient\u00edficos la bombardearon con luz ultravioleta. El proceso resulta muy similar a lo que sucede en un <a href=\"http:\/\/www.abc.es\/ciencia\/abci-planeta-como-tierra-nace-cerca-galaxia-201604011902_noticia.html\">disco protoplanetario<\/a>, cuando peque\u00f1os granos de hielo se unen entre s\u00ed para formar cometas. Ocasionalmente, los cient\u00edficos calentaron el hielo hasta llevarlo a temperatura ambiente, para simular lo que sucede cuando un cometa se acerca al Sol. Al final, durante el experimento se formaron una gran cantidad de compuestos org\u00e1nicos, incluyendo ribosa y otros az\u00facares.<\/p>\n<p style=\"text-align: justify;\"><img decoding=\"async\" loading=\"lazy\" src=\"http:\/\/i.dailymail.co.uk\/i\/pix\/2015\/08\/11\/12\/26FB686300000578-3193585-image-a-2_1439292272382.jpg\" alt=\"\" width=\"304\" height=\"215\" \/><\/p>\n<p style=\"text-align: justify;\">\u00bfPero c\u00f3mo pudieron esos componentes llegar hasta la Tierra? Cualquier az\u00facar o mol\u00e9cula org\u00e1nica formada en el disco protoplanetario habr\u00eda tenido que sobrevivir a los m\u00faltiples impactos sufridos por los granos de hielo al juntarse para formar cometas y asteroides. Y aunque recientes experimentos sugieren que este proceso podr\u00eda no ser violento en absoluto, las colisiones continuas entre los peque\u00f1os fragmentos de material habr\u00eda tenido que destruir, si no a todas, s\u00ed a la mayor parte de estas mol\u00e9culas org\u00e1nicas.<\/p>\n<p style=\"text-align: justify;\">Evidentemente, no fue as\u00ed. Diversos experimentos en los que se dispararon unos contra otros granos helados han demostrado que tambi\u00e9n este proceso puede conducir a la formaci\u00f3n de compuestos org\u00e1nicos, como por ejemplo amino\u00e1cidos. <strong>La Tierra se form\u00f3 gracias a la colisi\u00f3n y fusi\u00f3n de objetos m\u00e1s peque\u00f1os<\/strong>, como <a href=\"http:\/\/www.abc.es\/20110413\/ciencia\/abci-bombardeo-asteroides-cambio-destino-201104131139.html\">cometas y asteroides<\/a>. El calor liberado por estas colisiones, sin embargo, se hizo tan intenso que form\u00f3 un oc\u00e9ano de magma sobre la superficie de la Tierra naciente. Y eso s\u00ed que deber\u00eda haber destruido cualquier componente org\u00e1nico que estuviera presente. Una segunda <a href=\"http:\/\/www.abc.es\/20110413\/ciencia\/abci-bombardeo-asteroides-cambio-destino-201104131139.html\">&#8220;oleada&#8221; de cometas y asteroides<\/a> lloviendo sobre el joven planeta debi\u00f3 ser, por lo tanto, la responsable de liberar en \u00e9l los compuestos org\u00e1nicos necesarios para la vida.<\/p>\n<h2 style=\"text-align: justify;\">Otros mundos \u00absembrados\u00bb<\/h2>\n<p>&nbsp;<\/p>\n<p>&nbsp;<\/p>\n<p><img decoding=\"async\" src=\"http:\/\/culturacientifica.com\/app\/uploads\/2014\/01\/pans1-580x289.jpg\" alt=\"pans1\" \/><\/p>\n<p>&nbsp;<\/p>\n<p>&nbsp;<\/p>\n<p style=\"text-align: justify;\">A pesar de lo emocionante de estos resultados, es importante recordar que deben ser verificados mediante la observaci\u00f3n de lo que sucede en cometas reales. E incluso despu\u00e9s de esa comprobaci\u00f3n seguir\u00eda siendo posible que los ladrillos b\u00e1sicos de la vida se hubieran formado directamente aqu\u00ed, sin necesidad de una aportaci\u00f3n &#8220;extraterrestre&#8221;.<\/p>\n<p style=\"text-align: justify;\">El hallazgo, sin embargo, viene a sumarse al n\u00famero creciente de evidencias que sugieren que los ladrillos de la vida son extraordinariamente comunes en todo el Universo, lo que nos lleva a la tentadora posibilidad de que otros mundos que reunieran las condiciones adecuadas tambi\u00e9n podr\u00edan haber sido &#8220;sembrados&#8221;. Ahora, la gran pregunta es saber cu\u00e1l es la probabilidad de que esos peque\u00f1os ladrillos b\u00e1sicos se ensamblen, efectivamente, hasta formar un ser viviente. Para ello, las mol\u00e9culas deben alcanzar concentraciones que permitan desencadenar reacciones adicionales, y eso a\u00fan no ha podido encontrarse en ning\u00fan meteorito. Aunque los nuevos experimentos sugieren que esas grandes concentraciones s\u00ed que podr\u00edan darse en los cometas.<\/p>\n<p style=\"text-align: justify;\"><img decoding=\"async\" loading=\"lazy\" src=\"https:\/\/encrypted-tbn1.gstatic.com\/images?q=tbn:ANd9GcScPawbr1qg4Gicu2G0Bcaju4sxOZTnOU2eQDsJlKE_IM88-5Y8dw\" alt=\"\" width=\"304\" height=\"223\" \/><\/p>\n<p style=\"text-align: justify;\">La cosa no termina aqu\u00ed. Porque la ribosa no es el tipo de az\u00facar m\u00e1s abundante que se form\u00f3 durante los experimentos de los cient\u00edficos. Lo cual nos lleva a la pregunta de si pudo formarse, en alg\u00fan lugar, <strong>alguna clase de vida basada en otro tipo de az\u00facar <\/strong>y, por lo tanto, con un mecanismo de codificaci\u00f3n diferente al ARN. Y si fue as\u00ed, \u00bfcu\u00e1nta agua har\u00eda falta para que el proceso funcionara? \u00bfY ser\u00eda necesaria una superficie s\u00f3lida? Responder a estas cuestiones es el punto actual en el que se encuentra la investigaci\u00f3n. Y el paso necesario para comprender si la mera presencia de los componentes b\u00e1sicos de la vida por todo el Universo fue suficiente, o no, para que pueda surgir vida fuera de la Tierra.<\/p>\n<p style=\"text-align: justify;\">Fuente: Noticias de Prensa<\/p>\n<\/div>\n<div class='bookmark'>\r\n\t\t<table align='left' border='0' cellpadding='0' width='100%'>\r\n\t\t<tr><td><span class='pushbutton'><a href='http:\/\/delicious.com\/post?url=http%3A%2F%2Fwww.emiliosilveravazquez.com%2Fblog%2F2016%2F04%2F12%2Fmas-dato-sobre-el-origen-de-la-vida%2F&amp;title=M%C3%A1s+dato+sobre+el+origen+de+la+Vida' title='Delicious' target='_blank' rel='nofollow'><img src='http:\/\/www.emiliosilveravazquez.com\/blog\/wp-content\/plugins\/knxdt-bookmarks-wordpress-plugin\/images\/delicious.png'  alt='' class='book_img' border='none' style='margin:1px; padding: 0;'  \/><\/a><\/span><span class='pushbutton'><a href='http:\/\/digg.com\/submit?url=http%3A%2F%2Fwww.emiliosilveravazquez.com%2Fblog%2F2016%2F04%2F12%2Fmas-dato-sobre-el-origen-de-la-vida%2F&amp;title=M%C3%A1s+dato+sobre+el+origen+de+la+Vida' title='Digg' target='_blank' rel='nofollow'><img src='http:\/\/www.emiliosilveravazquez.com\/blog\/wp-content\/plugins\/knxdt-bookmarks-wordpress-plugin\/images\/digg.png'  alt='' class='book_img' border='none' style='margin:1px; padding: 0;'  \/><\/a><\/span><span class='pushbutton'><a href='http:\/\/www.google.com\/bookmarks\/mark?op=edit&amp;bkmk=http%3A%2F%2Fwww.emiliosilveravazquez.com%2Fblog%2F2016%2F04%2F12%2Fmas-dato-sobre-el-origen-de-la-vida%2F&amp;title=M%C3%A1s+dato+sobre+el+origen+de+la+Vida' title='Google' target='_blank' rel='nofollow'><img src='http:\/\/www.emiliosilveravazquez.com\/blog\/wp-content\/plugins\/knxdt-bookmarks-wordpress-plugin\/images\/google.png'   alt='' class='book_img' border='none' style='margin:1px; padding: 0;'  \/><\/a><\/span><span class='pushbutton'><a href='http:\/\/myweb2.search.yahoo.com\/myresults\/bookmarklet?u=http%3A%2F%2Fwww.emiliosilveravazquez.com%2Fblog%2F2016%2F04%2F12%2Fmas-dato-sobre-el-origen-de-la-vida%2F&amp;t=M%C3%A1s+dato+sobre+el+origen+de+la+Vida' title='Yahoo' target='_blank' rel='nofollow'><img src='http:\/\/www.emiliosilveravazquez.com\/blog\/wp-content\/plugins\/knxdt-bookmarks-wordpress-plugin\/images\/yahoo.png'  alt='' class='book_img' border='none' style='margin:1px; padding: 0;'  \/><\/a><\/span><span class='pushbutton'><a href='http:\/\/www.technorati.com\/faves?add=http%3A%2F%2Fwww.emiliosilveravazquez.com%2Fblog%2F2016%2F04%2F12%2Fmas-dato-sobre-el-origen-de-la-vida%2F' title='Technorati' target='_blank' rel='nofollow'><img src='http:\/\/www.emiliosilveravazquez.com\/blog\/wp-content\/plugins\/knxdt-bookmarks-wordpress-plugin\/images\/technorati.png'  alt='' class='book_img' border='none' style='margin:1px; padding: 0;'  \/><\/a><\/span><span class='pushbutton'><a href='http:\/\/meneame.net\/submit.php?url=http%3A%2F%2Fwww.emiliosilveravazquez.com%2Fblog%2F2016%2F04%2F12%2Fmas-dato-sobre-el-origen-de-la-vida%2F' title='Meneame' target='_blank' rel='nofollow'><img src='http:\/\/www.emiliosilveravazquez.com\/blog\/wp-content\/plugins\/knxdt-bookmarks-wordpress-plugin\/images\/meneame.png'  alt='' class='book_img' border='none' style='margin:1px; padding: 0;'  \/><\/a><\/span><span class='pushbutton'><a href='http:\/\/enchilame.com\/submit.php?url=http:\/\/www.emiliosilveravazquez.com\/blog\/2016\/04\/12\/mas-dato-sobre-el-origen-de-la-vida\/' target='_blank' rel='nofollow'><img title='Enchilame' src='http:\/\/www.emiliosilveravazquez.com\/blog\/wp-content\/plugins\/knxdt-bookmarks-wordpress-plugin\/images\/enchilame.png'  alt='' class='book_img' border='none' style='margin:1px; padding: 0;'  \/><\/a><\/span><span class='pushbutton'><a href='http:\/\/www.blinklist.com\/index.php?Action=Blink\/addblink.php&amp;Description=&amp;Url=http%3A%2F%2Fwww.emiliosilveravazquez.com%2Fblog%2F2016%2F04%2F12%2Fmas-dato-sobre-el-origen-de-la-vida%2F&amp;title=M%C3%A1s+dato+sobre+el+origen+de+la+Vida' title='BlinkList' target='_blank' rel='nofollow'><img src='http:\/\/www.emiliosilveravazquez.com\/blog\/wp-content\/plugins\/knxdt-bookmarks-wordpress-plugin\/images\/blinklist.png'  alt='' class='book_img' border='none' style='margin:1px; padding: 0;'  \/><\/a><\/span><span class='pushbutton'><a href='http:\/\/reddit.com\/submit?url=http%3A%2F%2Fwww.emiliosilveravazquez.com%2Fblog%2F2016%2F04%2F12%2Fmas-dato-sobre-el-origen-de-la-vida%2F&amp;title=M%C3%A1s+dato+sobre+el+origen+de+la+Vida' title='Reddit' target='_blank' rel='nofollow'><img src='http:\/\/www.emiliosilveravazquez.com\/blog\/wp-content\/plugins\/knxdt-bookmarks-wordpress-plugin\/images\/reddit.png'  alt='' class='book_img' border='none' style='margin:1px; padding: 0;'  \/><\/a><\/span><span class='pushbutton'><a href='http:\/\/www.tecnologiadiaria.com\/2009\/07\/abrir-com-hotmail-correo.html' target='_blank' title='hotmail'><img src='http:\/\/www.emiliosilveravazquez.com\/blog\/wp-content\/plugins\/knxdt-bookmarks-wordpress-plugin\/images\/linklove.png' alt='hotmail correo' class='book_img' border='none' style='margin:1px; padding: 0;' \/><\/a><\/span><span class='pushbutton'><a href='http:\/\/bitacoras.com\/votar\/anotacion\/externo\/mini\/www.emiliosilveravazquez.com\/blog\/2016\/04\/12\/mas-dato-sobre-el-origen-de-la-vida\/' title='Bitacoras.com' target='_blank' rel='nofollow'><img src='http:\/\/www.emiliosilveravazquez.com\/blog\/wp-content\/plugins\/knxdt-bookmarks-wordpress-plugin\/images\/bitacoras.png'  alt='' class='book_img' border='none' style='margin:1px; padding: 0;'  \/><\/a><\/span><span class='pushbutton'><a href='http:\/\/www.wikio.es\/vote?url=http%3A%2F%2Fwww.emiliosilveravazquez.com%2Fblog%2F2016%2F04%2F12%2Fmas-dato-sobre-el-origen-de-la-vida%2F' title='Wikio' target='_blank' rel='nofollow'><img src='http:\/\/www.emiliosilveravazquez.com\/blog\/wp-content\/plugins\/knxdt-bookmarks-wordpress-plugin\/images\/wikio.png'   alt='' class='book_img' border='none' style='margin:1px; padding: 0;'   \/><\/a><\/span><span class='pushbutton'><a href='http:\/\/friendfeed.com\/?url=http%3A%2F%2Fwww.emiliosilveravazquez.com%2Fblog%2F2016%2F04%2F12%2Fmas-dato-sobre-el-origen-de-la-vida%2F&amp;title=M%C3%A1s+dato+sobre+el+origen+de+la+Vida' title='Friend Feed' target='_blank' rel='nofollow'><img src='http:\/\/www.emiliosilveravazquez.com\/blog\/wp-content\/plugins\/knxdt-bookmarks-wordpress-plugin\/images\/friendfeed.png'  alt='' class='book_img' border='none' style='margin:1px; padding: 0;'  \/><\/a><\/span><span class='pushbutton'><a href='http:\/\/www.facebook.com\/share.php?u=http%3A%2F%2Fwww.emiliosilveravazquez.com%2Fblog%2F2016%2F04%2F12%2Fmas-dato-sobre-el-origen-de-la-vida%2F&amp;t=M%C3%A1s+dato+sobre+el+origen+de+la+Vida' title='Facebook' target='_blank' rel='nofollow'><img src='http:\/\/www.emiliosilveravazquez.com\/blog\/wp-content\/plugins\/knxdt-bookmarks-wordpress-plugin\/images\/facebook.png'  alt='' class='book_img' border='none' style='margin:1px; padding: 0;'  \/><\/a><\/span><span class='pushbutton'><a href='http:\/\/twitter.com\/home?status=M%C3%A1s+dato+sobre+el+origen+de+la+Vida: http%3A%2F%2Fwww.emiliosilveravazquez.com%2Fblog%2F2016%2F04%2F12%2Fmas-dato-sobre-el-origen-de-la-vida%2F' title='Twitter' target='_blank' rel='nofollow'><img src='http:\/\/www.emiliosilveravazquez.com\/blog\/wp-content\/plugins\/knxdt-bookmarks-wordpress-plugin\/images\/twitter.png'  alt='' class='book_img' border='none' style='margin:1px; padding: 0;'  \/><\/a><\/span><span class='pushbutton'><a href='http:\/\/www.feedburner.com\/fb\/a\/emailFlare?itemTitle=M%C3%A1s+dato+sobre+el+origen+de+la+Vida&amp;uri=http%3A%2F%2Fwww.emiliosilveravazquez.com%2Fblog%2F2016%2F04%2F12%2Fmas-dato-sobre-el-origen-de-la-vida%2F' title='Enviar por Email' target='_blank' rel='nofollow'><img src='http:\/\/www.emiliosilveravazquez.com\/blog\/wp-content\/plugins\/knxdt-bookmarks-wordpress-plugin\/images\/email.png'  alt='' class='book_img' border='none' style='margin:1px; padding: 0;'  \/><\/a><\/span><span style='font-weight:bold; padding-left: 5px;'><a href='http:\/\/wordpress.org\/extend\/plugins\/knxdt-bookmarks-wordpress-plugin\/' title='Plugin' rel='nofollow' target='_blank'>[?]<\/a><\/span><\/td><\/tr><\/table><br\/><br\/><\/div>","protected":false},"excerpt":{"rendered":"<p>\u00a0 Es la primera vez que la ribosa, un az\u00facar esencial para la vida, ha sido hallado fuera de nuestro planeta &nbsp; &nbsp; \u00a0&nbsp; &nbsp; El cometa Churyomov Gerasimenko, visitado por la misi\u00f3n Rosetta de la Agencia Espacial Europea &#8211; ESA &nbsp; JOS\u00c9 MANUEL NIEVES &#8211; Madrid (Reportaje de prensa) Guardado en: Ciencia &nbsp; &nbsp; [&hellip;]<\/p>\n","protected":false},"author":2,"featured_media":0,"comment_status":"open","ping_status":"open","sticky":false,"template":"","format":"standard","meta":{"_s2mail":"yes","footnotes":""},"categories":[1,453],"tags":[],"_links":{"self":[{"href":"http:\/\/www.emiliosilveravazquez.com\/blog\/wp-json\/wp\/v2\/posts\/14987"}],"collection":[{"href":"http:\/\/www.emiliosilveravazquez.com\/blog\/wp-json\/wp\/v2\/posts"}],"about":[{"href":"http:\/\/www.emiliosilveravazquez.com\/blog\/wp-json\/wp\/v2\/types\/post"}],"author":[{"embeddable":true,"href":"http:\/\/www.emiliosilveravazquez.com\/blog\/wp-json\/wp\/v2\/users\/2"}],"replies":[{"embeddable":true,"href":"http:\/\/www.emiliosilveravazquez.com\/blog\/wp-json\/wp\/v2\/comments?post=14987"}],"version-history":[{"count":0,"href":"http:\/\/www.emiliosilveravazquez.com\/blog\/wp-json\/wp\/v2\/posts\/14987\/revisions"}],"wp:attachment":[{"href":"http:\/\/www.emiliosilveravazquez.com\/blog\/wp-json\/wp\/v2\/media?parent=14987"}],"wp:term":[{"taxonomy":"category","embeddable":true,"href":"http:\/\/www.emiliosilveravazquez.com\/blog\/wp-json\/wp\/v2\/categories?post=14987"},{"taxonomy":"post_tag","embeddable":true,"href":"http:\/\/www.emiliosilveravazquez.com\/blog\/wp-json\/wp\/v2\/tags?post=14987"}],"curies":[{"name":"wp","href":"https:\/\/api.w.org\/{rel}","templated":true}]}}