{"id":149,"date":"2026-04-08T14:36:32","date_gmt":"2026-04-08T13:36:32","guid":{"rendered":"http:\/\/www.emiliosilveravazquez.com\/blog\/?p=149"},"modified":"2026-04-06T08:03:13","modified_gmt":"2026-04-06T07:03:13","slug":"revoluciones-cientificas-%c2%a1la-relatividad","status":"publish","type":"post","link":"http:\/\/www.emiliosilveravazquez.com\/blog\/2026\/04\/08\/revoluciones-cientificas-%c2%a1la-relatividad\/","title":{"rendered":"Revoluciones cient\u00edficas \u00a1La Relatividad!"},"content":{"rendered":"<blockquote><p><img decoding=\"async\" src=\"https:\/\/img.freepik.com\/foto-gratis\/bastante-anciana-mirando-camara_23-2148286520.jpg\" alt=\"P\u00e1gina 2 | Im\u00e1genes de Chica 57 Anos - Descarga gratuita en Freepik\" \/><\/p>\n<p><strong>Dentro de 150 a\u00f1os podr\u00edamos publicar una foto similar y decir:<\/strong><\/p>\n<p style=\"text-align: justify;\"><strong>Es la primera persona que alcanza los 158 a\u00f1os de edad y aparenta 50, se logr\u00f3 ralentizar el envejecimiento gracias a descubrimientos en gen\u00e9tica, ya han quedado atr\u00e1s aquellos factores que ahora, en el a\u00f1o 2.175 han desaparecido, tales como:<\/strong><\/p>\n<p style=\"text-align: justify;\"><strong>Aquellas afecciones m\u00e1s comunes de la vejez cabe citar la p\u00e9rdida de audici\u00f3n, las cataratas y los errores de refracci\u00f3n, los dolores de espalda y cuello, la osteoartritis, las neumopat\u00edas obstructivas cr\u00f3nicas, la diabetes, la depresi\u00f3n y la demencia y otras ya desterradas casi por completo.<\/strong><\/p>\n<\/blockquote>\n<p>&nbsp;<\/p>\n<blockquote><p><strong><img decoding=\"async\" src=\"https:\/\/imagenes.elpais.com\/resizer\/v2\/YGJ6STCB6DXOVXQNG4DAB2INEU.jpg?auth=986ceb488717ecf92e0af3457e6d9050cf18189d885fe17443696437e0ac9626&amp;width=414\" alt=\"El mayor acelerador de part\u00edculas se actualiza para quintuplicar las colisiones | Ciencia | EL PA\u00cdS\" \/><\/strong><\/p>\n<p style=\"text-align: justify;\"><strong>El Nuevo Acelerador de Part\u00edculas Albert <a href=\"#\" onclick=\"referencia('einstein',event); return false;\">Einstein<\/a>, utilizando energ\u00edas de 10<sup>19\u00a0<\/sup>GeV, ha logrado llegar hasta las cuerdas vibrantes de la Teor\u00eda, verificando as\u00ed, cerca de 200 a\u00f1os m\u00e1s ta5rde, la dichosa teor\u00eda de Ed. Witten y otros antes y despu\u00e9s que el. Ya sabemos realmente cuales son los componentes primigenios de la materia.<\/strong><\/p>\n<p>&nbsp;<\/p>\n<p><img decoding=\"async\" loading=\"lazy\" class=\"\" src=\"https:\/\/www.autopista.es\/uploads\/s1\/96\/76\/46\/2\/una-representacion-en-3d-de-una-futura-nave-espacial-imaginada.jpeg\" alt=\"China quiere construir una mega nave espacial de un kil\u00f3m...\" width=\"621\" height=\"357\" \/><\/p>\n<p><strong>La Nave Aurora (que parti\u00f3 de la Tierra hace 9 d\u00edas),\u00a0 llega al planeta Pr\u00f3xima b utilizando el Hiperespacio (una manera de doblar el Espacio acortando las distancias entre regiones muy lejanas), de tal manera que se logra burlar esa imposibilidad de alcanzar la velocidad de la luz (no de vencerla), y, por fin se podr\u00e1 explorar esas regiones antes fuera de nuestro alcance.<\/strong><\/p>\n<p>&nbsp;<\/p>\n<p><img decoding=\"async\" loading=\"lazy\" class=\"\" src=\"https:\/\/fotografias.larazon.es\/clipping\/cmsimages02\/2020\/12\/12\/6661F87F-5671-497B-ADED-7FF68F647085\/98.jpg?crop=3000,1688,x0,y0&amp;width=1900&amp;height=1069&amp;optimize=low&amp;format=webply\" alt=\"Computadora cu\u00e1ntica\" width=\"627\" height=\"352\" \/><\/p>\n<p style=\"text-align: justify;\"><strong>Hoy, d\u00eda 11 de enero de 2.175, se celebra el 40 aniversario de la publicaci\u00f3n de la nueva Teor\u00eda de la Gravedad Cu\u00e1ntica que, las nuevas m\u00e1quinas de computaci\u00f3n cu\u00e1ntica pudieron confirmar que dicha teor\u00eda estaba subyacente en la Teor\u00eda de cuerdas.\u00a0<\/strong><\/p>\n<p style=\"text-align: justify;\"><strong>El Modelo Est\u00e1ndar de la F\u00edsica de Part\u00edculas est\u00e1 completo, ya operan en el las cuatro fuerzas fundamentales, y, cuando se juntan las Teor\u00edas de Planck y de <a href=\"#\" onclick=\"referencia('einstein',event); return false;\">Einstein<\/a>&#8230; \u00a1No apareen los dichosos infinitos!<\/strong><\/p>\n<p>&nbsp;<\/p>\n<p><img decoding=\"async\" loading=\"lazy\" class=\"\" src=\"https:\/\/cdn.agenciasinc.es\/var\/ezwebin_site\/storage\/images\/_aliases\/img_1col\/noticias\/la-luna-europa-puede-albergar-bolsas-de-agua-en-su-corteza-helada\/9527930-1-esl-MX\/La-luna-Europa-puede-albergar-bolsas-de-agua-en-su-corteza-helada.jpg\" alt=\"La luna Europa puede albergar bolsas de agua en su corteza helada\" width=\"631\" height=\"391\" \/><\/p>\n<p style=\"text-align: justify;\"><strong>Hace ahora un a\u00f1os que se logr\u00f3 perforar la superficie de Europa, y, para el asombro de todos, se captaron im\u00e1genes con un robot sumergido, de asombrosos animales, algunos de inmensas proporciones. Todav\u00eda quedan muchos secretos por descubrir en aquel peque\u00f1o &#8220;mundo&#8221;.<\/strong><\/p>\n<\/blockquote>\n<p>&nbsp;<\/p>\n<p><iframe loading=\"lazy\" title=\"NASA Registra las Se\u00f1ales M\u00e1s Espeluznantes: \u00bfSon Aliens?\" width=\"500\" height=\"281\" src=\"https:\/\/www.youtube.com\/embed\/NE52shRP__g?feature=oembed\" frameborder=\"0\" allow=\"accelerometer; autoplay; clipboard-write; encrypted-media; gyroscope; picture-in-picture; web-share\" referrerpolicy=\"strict-origin-when-cross-origin\" allowfullscreen><\/iframe><\/p>\n<p><strong>\u00a0 \u00a0 \u00a0 \u00a0 \u00a0 \u00a0 \u00a0 \u00a0 \u00a0 \u00a0 \u00a0 \u00a0 \u00a0 \u00a0 \u00a0 \u00a0 \u00a0 \u00a0 \u00a0 \u00a0 \u00a0Finalmente ese primer contacto se producir\u00e1<\/strong><\/p>\n<p>&nbsp;<\/p>\n<p><img decoding=\"async\" loading=\"lazy\" class=\"\" src=\"https:\/\/wwwhatsnew.com\/wp-content\/uploads\/2024\/03\/materia-oscura.jpg\" alt=\"La materia oscura no existe, eso es lo que afirma un nuevo estudio desde la University of Ottawa\" width=\"725\" height=\"401\" \/><\/p>\n<blockquote>\n<p style=\"text-align: justify;\">Hace ya m\u00e1s de 50 a\u00f1os que se pudo descartas la existencia de la &#8220;<a href=\"#\" onclick=\"referencia('materia oscura',event); return false;\">materia oscura<\/a>&#8221;, confundida con la sustancia primigenia original en el Universo, gracias a la cual se pudieron formar las galaxias. Se pudo verificar que el movimiento an\u00f3malo de las galaxias era debido a la atracci\u00f3n gravitatoria que un universo vecino ejerce sobre el nuestro, al igual que el nuestro la ejerce sobre aquel.<\/p>\n<p>&nbsp;<\/p>\n<p><img decoding=\"async\" src=\"https:\/\/images.ecestaticos.com\/ClF8RMXoqLbil2ZH0ZOZcf1E760=\/0x0:2272x1515\/600x315\/filters:fill(white):format(jpg):quality(99):watermark(f.elconfidencial.com\/file\/bae\/eea\/fde\/baeeeafde1b3229287b0c008f7602058.png,0,275,1)\/f.elconfidencial.com\/original\/a4c\/1e2\/2c9\/a4c1e22c9fb3d32b5254c2e451f5a207.jpg\" alt=\"El Gobierno organiza la Conferencia de Presidentes con un papel de dos p\u00e1rrafos\" \/><\/p>\n<p style=\"text-align: justify;\"><strong>Llegan a su fin las reuniones de los Presidentes de todos los Gobiernos del Mundo, las se\u00f1ales recibidas desde un mundo lejano (por fin verificadas que provienen de seres inteligentes por sus mensajes matem\u00e1ticos (no importa los signos que puedan utilizar &#8220;ellos&#8221;, finalmente el resultado de sumar 2 + 2 = 4.<\/strong><\/p>\n<p>&nbsp;<\/p>\n<p><img decoding=\"async\" loading=\"lazy\" class=\"\" src=\"https:\/\/images.theconversation.com\/files\/540171\/original\/file-20230731-198210-9vz4pp.jpg?ixlib=rb-4.1.0&amp;rect=242%2C386%2C5676%2C2838&amp;q=45&amp;auto=format&amp;w=1356&amp;h=668&amp;fit=crop\" alt=\"Nos han visitado los extraterrestres?\" width=\"652\" height=\"321\" \/><\/p>\n<p style=\"text-align: justify;\"><strong>No sabemos como ser\u00e1n y qu\u00e9 intenciones tendr\u00e1n, lo mejor es prevenir mejor que curar. La votaci\u00f3n para elegir a un Presidente mundial dar\u00e1 comienzo el pr\u00f3ximo d\u00eda 7 de enero de 2.175. Se impone la necesidad de unificar criterios para poder hacer frente a lo que se avecina.<\/strong><\/p>\n<\/blockquote>\n<p style=\"text-align: justify;\">As\u00ed podr\u00edamos continuar formulando cientos de preguntas como: \u00bfQu\u00e9 maravillas tendremos dentro de 150 a\u00f1os? \u00bfQu\u00e9 adelantos cient\u00edficos se habr\u00e1n alcanzado? \u00bfQu\u00e9 planetas habremos colonizado? \u00bfHabr\u00e1 sucedido ya ese primer contacto del que tanto hablamos? \u00bfCu\u00e1ntas &#8220;Tierras&#8221; habr\u00e1n sido encontradas? \u00bfQu\u00e9 ordenadores utilizaremos? \u00bfSer\u00e1 un hecho cotidiano el viaje espacial tripulado? \u00bfEstaremos explotando las reservas energ\u00e9ticas de Tit\u00e1n? \u00bfQu\u00e9 habr\u00e1 pasado con la Teor\u00eda de Cuerdas? Y, \u00bfHabr\u00e1, por fin aparecido la dichosa <a href=\"#\" onclick=\"referencia('materia oscura',event); return false;\">materia oscura<\/a>? Haciendo todas estas preguntas de lo que ser\u00e1 o podr\u00e1 ser, nos viene a la memoria todo lo que fue y que nos posibilita hacer estas preguntas.<\/p>\n<p style=\"text-align: justify;\"><img decoding=\"async\" loading=\"lazy\" src=\"http:\/\/4.bp.blogspot.com\/_4FNQ5M5FnsQ\/TNB34uRv8UI\/AAAAAAAAACY\/rF-VVLCpPfc\/s1600\/ciencias1.jpg\" alt=\"http:\/\/4.bp.blogspot.com\/_4FNQ5M5FnsQ\/TNB34uRv8UI\/AAAAAAAAACY\/rF-VVLCpPfc\/s1600\/ciencias1.jpg\" width=\"575\" height=\"512\" \/><\/p>\n<p style=\"text-align: justify;\">Una cosa nos debe quedar bien clara, nada dentro de 150 a\u00f1os ser\u00e1 lo mismo que ahora. Todo habr\u00e1 cambiado en los distintos \u00e1mbitos de nuestras vidas y, a excepci\u00f3n del Amor y los sentimientos que sentiremos de la misma manera (creo), todo lo dem\u00e1s, habr\u00e1 dado lugar a nuevas situaciones, nuevas formas de vida, nuevas sociedades, nuevas maneras y, podr\u00edamos decir que una Humanidad nueva, con otra visi\u00f3n y otras perspectivas.<\/p>\n<p>&nbsp;<\/p>\n<p><img decoding=\"async\" loading=\"lazy\" class=\"\" src=\"https:\/\/s.yimg.com\/ny\/api\/res\/1.2\/QCkpTwQL1bsSZ9L6kG6fvg--\/YXBwaWQ9aGlnaGxhbmRlcjt3PTY0MDtoPTI0MA--\/https:\/\/media.zenfs.com\/es\/knowable_en_espanol_746\/dbffa11b8e728a504fb5881d51d0ef06\" alt=\"La teor\u00eda de cuerdas no ha muerto\" width=\"461\" height=\"173\" \/><img decoding=\"async\" loading=\"lazy\" class=\"\" src=\"https:\/\/i.ytimg.com\/vi\/FJKhnATrZWc\/hqdefault.jpg\" alt=\"M\u00e1s all\u00e1 del \u00e1tomo: una Incre\u00edble Inmersi\u00f3n en el Coraz\u00f3n de la Materia y lo Infinitamente Peque\u00f1o - YouTube\" width=\"464\" height=\"348\" \/><\/p>\n<blockquote>\n<p style=\"text-align: justify;\"><strong>Nuevas maneras de sondear la Naturaleza y desvelar los secretos. Son muchas las cosas que no sabemos<\/strong><\/p>\n<\/blockquote>\n<p style=\"text-align: justify;\">Pero echemos una mirada al pasado. Dejando a un lado a los primeros pensadores y fil\u00f3sofos, como Tales, Dem\u00f3crito, Emp\u00e9docles, Ptolomeo, Cop\u00e9rnico, Galileo, Kepler y otros muchos de tiempos pasados, tenemos que atender a lo siguiente:<\/p>\n<p style=\"text-align: justify;\">Nuestra F\u00edsica actual est\u00e1 regida y dominada por dos explosiones cegadoras ocurridas en el pasado: Una fue aquel art\u00edculo de 8 p\u00e1ginas que escribiera Max Planck, en ese corto trabajo dej\u00f3 sentados los par\u00e1metros que rigen la Ley de la distribuci\u00f3n de la energ\u00eda radiada por un cuerpo negro. Introdujo en f\u00edsica el concepto novedoso de que la energ\u00eda es una cantidad que es radiada por un cuerpo en peque\u00f1os paquetes discretos, en vez de en una emisi\u00f3n continua. Estos peque\u00f1os paquetes se conocieron como cuantos y la ley formulada es la base de la teor\u00eda cu\u00e1ntica.<\/p>\n<p>&nbsp;<\/p>\n<p><iframe loading=\"lazy\" title=\"Las 8 ecuaciones m\u00e1s importantes de la F\u00edsica\" width=\"500\" height=\"281\" src=\"https:\/\/www.youtube.com\/embed\/y4NMrL1AGzw?feature=oembed\" frameborder=\"0\" allow=\"accelerometer; autoplay; clipboard-write; encrypted-media; gyroscope; picture-in-picture; web-share\" referrerpolicy=\"strict-origin-when-cross-origin\" allowfullscreen><\/iframe><\/p>\n<p style=\"text-align: justify;\">En amigo f\u00edsico me dec\u00eda: cuando escribo un libro, procuro no poner ecuaciones, cada una de ellas me quita diez lectores. Siguiendo el ejemplo, procuro hacer lo mismo (aunque no siempre es posible) pero, en esta ocasi\u00f3n dejaremos el desarrollo de la energ\u00eda de Planck del que tantas veces se habl\u00f3 aqu\u00ed, y, ponernos ahora a dilucidar ecuaciones no parece lo m\u00e1s entretenido, aunque el lenguaje de la ciencia, no pocas veces es el de los n\u00fameros. Mira abajo sino es as\u00ed.<\/p>\n<p>&nbsp;<\/p>\n<p><img decoding=\"async\" loading=\"lazy\" class=\"\" src=\"https:\/\/s03.s3c.es\/imag\/_v0\/770x420\/2\/5\/8\/james-clerk-maxwell-1-1.jpg\" alt=\"Por qu\u00e9 las leyes de Maxwell no se pueden aplicar en la empresa?\" width=\"466\" height=\"254\" \/><img decoding=\"async\" loading=\"lazy\" class=\"\" src=\"https:\/\/i.ytimg.com\/vi\/HI3m80zLo24\/maxresdefault.jpg\" alt=\"59 - Curso de Relatividad General [Ecuaciones de Campo &amp; Constante Cosmol\u00f3gica]\" width=\"468\" height=\"263\" \/><img decoding=\"async\" loading=\"lazy\" class=\"\" src=\"https:\/\/ecuaciones.org\/wp-content\/uploads\/2022\/09\/imagen_2022-09-22_004412612.png\" alt=\"Ecuaci\u00f3n de Dirac (La ecuaci\u00f3n del amor) - Ecuaciones\" width=\"462\" height=\"149\" \/><\/p>\n<blockquote><p><strong>\u00bfSon tantas!<\/strong><\/p><\/blockquote>\n<p style=\"text-align: justify;\">En cualquier evento de Ciencia, ah\u00ed aparecen esos galimat\u00edas de los n\u00fameros y letras que pocos pueden comprender, dicen que es el lenguaje que se debe utilizar cuando las palabras no pueden expresar lo que se quiere decir. Y, lo cierto es que, as\u00ed resulta ser.<\/p>\n<p>&nbsp;<\/p>\n<p><iframe loading=\"lazy\" title=\"Radiaci\u00f3n del Cuerpo Negro: F\u00f3rmula al detalle\" width=\"500\" height=\"281\" src=\"https:\/\/www.youtube.com\/embed\/8-o8tfJlm5c?feature=oembed\" frameborder=\"0\" allow=\"accelerometer; autoplay; clipboard-write; encrypted-media; gyroscope; picture-in-picture; web-share\" referrerpolicy=\"strict-origin-when-cross-origin\" allowfullscreen><\/iframe><\/p>\n<p>&nbsp;<\/p>\n<p style=\"text-align: justify;\">Despu\u00e9s de lo de Planck y su radiaci\u00f3n de cuerpo negro, cinco a\u00f1os m\u00e1s tarde, irrumpi\u00f3 en escena otra\u00a0 revoluci\u00f3n de la F\u00edsica se produjo en 1.905, cuando Albert <a href=\"#\" onclick=\"referencia('einstein',event); return false;\">Einstein<\/a> con su <a href=\"#\" onclick=\"referencia('relatividad',event); return false;\">relatividad<\/a> especial nos dio un golpecito\u00a0 en nuestras cabezas para despertar en ellas nuestra comprensi\u00f3n de las leyes que gobiernan el Universo.<\/p>\n<p style=\"text-align: justify;\">Nos dijo que la velocidad de la luz es la m\u00e1xima alcanzable en nuestro universo, que la masa y la energ\u00eda son la misma cosa, que si se viaja a velocidades cercanas a la de la luz, el tiempo se ralentiza pero, el cuerpo aumentar\u00e1 su masa y se contraer\u00e1 en el sentido de la misma&#8230;Y, todo eso, ha sido una y mil veces comprobado. Sin embargo, muchas son las pruebas que se realizan para descubrir los fallos de la teor\u00eda, veamos una:<\/p>\n<p>&nbsp;<\/p>\n<blockquote><p><img decoding=\"async\" src=\"https:\/\/neofronteras.com\/wp-content\/photos\/kios_2023a_12.jpg\" alt=\"Foto\" \/><img decoding=\"async\" loading=\"lazy\" class=\"\" src=\"https:\/\/fotografias.lasexta.com\/clipping\/cmsimages02\/2023\/03\/29\/83D3F5D8-49CF-43EB-AEC8-AAD65175A2F4\/ilustracion-que-fue-estallido-rayos-gamma-mas-brillante-todos-tiempos_104.jpg?crop=554,554,x216,y0&amp;width=1200&amp;height=1200&amp;optimize=low&amp;format=webply\" alt=\"Detectan el estallido de rayos gamma m\u00e1s brillante de todos los tiempos\" width=\"502\" height=\"502\" \/><\/p>\n<p>&nbsp;<\/p><\/blockquote>\n<p style=\"text-align: justify;\">Los cient\u00edficos que estudian la radiaci\u00f3n gamma de una explosi\u00f3n de rayos lejanos han encontrado que la velocidad de la luz no var\u00eda con la longitud de onda hasta escalas de distancia por debajo de la <a href=\"#\" onclick=\"referencia('planck longitud de',event); return false;\">longitud de Planck<\/a>. Ellos dicen que esto desfavorece a algunas teor\u00edas de la gravedad cu\u00e1ntica que postulan la violaci\u00f3n de la invariancia de Lorentz.<\/p>\n<p style=\"text-align: justify;\">La invariancia de Lorentz se estipula que las leyes de la f\u00edsica son las mismas para todos los observadores, independientemente de d\u00f3nde se encuentren en el universo. <a href=\"#\" onclick=\"referencia('einstein',event); return false;\">Einstein<\/a> utiliz\u00f3 este principio como un postulado de la <a href=\"#\" onclick=\"referencia('relatividad',event); return false;\">relatividad<\/a> especial, en el supuesto de que la velocidad de la luz en el vac\u00edo, no depende de que se est\u00e9 midiendo, siempre y cuando la persona est\u00e9 en un sistema inercial de referencia. En m\u00e1s de 100 a\u00f1os la invariancia de Lorentz nunca ha sido insuficiente.<\/p>\n<p>&nbsp;<\/p>\n<blockquote>\n<div id=\"post-body-2463550207957744937\"><a href=\"http:\/\/4.bp.blogspot.com\/_pjWMgHdb2l0\/SKLbvXUKhdI\/AAAAAAAAAA0\/_GSFbBqxX5Y\/s1600-h\/aorbital.jpg\"><img decoding=\"async\" loading=\"lazy\" id=\"BLOGGER_PHOTO_ID_5233987323716863442\" class=\"\" src=\"http:\/\/4.bp.blogspot.com\/_pjWMgHdb2l0\/SKLbvXUKhdI\/AAAAAAAAAA0\/_GSFbBqxX5Y\/s320\/aorbital.jpg\" alt=\"\" width=\"415\" height=\"314\" border=\"0\" \/><\/a><\/div>\n<div><\/div>\n<\/blockquote>\n<div>\n<div style=\"text-align: justify;\">El mundo moderno de la f\u00edsica se funda notablemente en dos teor\u00edas principales, la <a href=\"#\" onclick=\"referencia('relatividad',event); return false;\">relatividad<\/a> general y la mec\u00e1nica cu\u00e1ntica, aunque ambas teor\u00edas parecen contradecirse mutuamente. Los postulados que definen la teor\u00eda de la <a href=\"#\" onclick=\"referencia('relatividad',event); return false;\">relatividad<\/a> de <a href=\"#\" onclick=\"referencia('einstein',event); return false;\">Einstein<\/a> y la teor\u00eda del <strong>qu\u00e1ntum<\/strong> est\u00e1n incuestionablemente apoyados por rigurosa y repetida evidencia empir\u00edca. Sin embargo, ambas se resisten a ser incorporadas dentro de un mismo modelo coherente.<\/div>\n<\/div>\n<blockquote><p><img decoding=\"async\" src=\"https:\/\/lh4.googleusercontent.com\/proxy\/KBaqGADR9kfoO1YW6CvNAjnZMxEiylxQpofLDU65aE75KySz759sIi4c2Nk0D8rLVytI2efHW6zNXoajD2rKELuwYcDgRkBB5kLv4JA0iW3vy6__Cv48YQ\" alt=\"Michelson Interferometer\" \/><\/p>\n<p><strong>Interfer\u00f3metro de Michelson<\/strong><\/p><\/blockquote>\n<p style=\"text-align: justify;\">Sin embargo, los f\u00edsicos siguen sometiendo a pruebas cada vez m\u00e1s rigurosas, incluyendo versiones modernas del famoso experimento con el\u00a0 interfer\u00f3metro de Michelson y Morley. Esta dedicaci\u00f3n a la precisi\u00f3n se explica principalmente por el deseo de los f\u00edsicos para unir la mec\u00e1nica cu\u00e1ntica con la <a href=\"#\" onclick=\"referencia('relatividad',event); return false;\">relatividad<\/a> general, dado que algunas teor\u00edas de la gravedad cu\u00e1ntica (incluyendo la teor\u00eda de cuerdas y la gravedad cu\u00e1ntica de bucles) implica que la invariancia Lorentz podr\u00eda romperse. Granot y sus colegas estudiaron la radiaci\u00f3n de una explosi\u00f3n de <a href=\"#\" onclick=\"referencia('gamma rayos',event); return false;\">rayos gamma<\/a> (asociada con una explosi\u00f3n de gran energ\u00eda en una galaxia distante) que fue descubierto por la NASA <a href=\"#\" onclick=\"referencia('fermi',event); return false;\">Fermi<\/a> Gamma-Ray Space Telescope, el 10 de mayo de este a\u00f1o. Se analiz\u00f3 la radiaci\u00f3n en diferentes longitudes de onda para ver si hab\u00eda indicios de que los <a href=\"#\" onclick=\"referencia('foton',event); return false;\">fotones<\/a> con energ\u00edas diferentes llegaron a los detectores de <a href=\"#\" onclick=\"referencia('fermi',event); return false;\">Fermi<\/a> en diferentes momentos.<\/p>\n<p>&nbsp;<\/p>\n<p><img decoding=\"async\" src=\"https:\/\/encrypted-tbn0.gstatic.com\/images?q=tbn:ANd9GcRYdgtxCd2zDlAnZiROUG7bS6siki_ldqtT-w&amp;s\" alt=\"Dilataci\u00f3n temporal, contracci\u00f3n longitudinal y las transformaciones de Lorentz \u2013 F\u00edsica Tab\u00fa\" \/><img decoding=\"async\" src=\"https:\/\/blogger.googleusercontent.com\/img\/b\/R29vZ2xl\/AVvXsEg_0Hb8z9L0ze-x_lPUBpqyIKEiFc50WUhfO8dU5BOOx2HC03R7glUqY73Qn0JYVpvcFGOIvxVJwzxjAnGyZiJgg7hI58mf6iSPNUx8ONfnfizR5trW4YNK_aI5QZWJshJGnpphZPB9Cd6H\/s280\/calibracion_de_los_ejes_de_S'.png\" alt=\"La Teor\u00eda de la Relatividad: 14: Invariantes\" \/><\/p>\n<p>&nbsp;<\/p>\n<p>En m\u00faltiples trabajos publicados se hab\u00edan considerado problemas en los que dos acontecimientos (eventos) que no ocurr\u00edan simult\u00e1neamente (al mismo tiempo) para un observador eran simult\u00e1neos para otro, o problemas en los que dos acontecimientos diferentes ten\u00edan lugar en la misma posici\u00f3n para uno de los observadores, lo cual nos permit\u00eda hacer una simplificaci\u00f3n del tipo t = t\u2019 o una simplificaci\u00f3n del tipo x = x\u2019. Pero hay acontecimientos que no ocurren al mismo tiempo para dos observadores distintos y que tampoco se repiten en el mismo lugar en ninguna de las coordenadas espaciales. Sobre este tipo de acontecimientos a\u00fan podemos llevar a cabo un an\u00e1lisis definiendo matem\u00e1ticamente una \u201cdistancia\u201d entre dichos acontecimientos que incluya en una sola definici\u00f3n las diferencias de tiempo (temporales) y las diferencias de posici\u00f3n (espaciales). Las transformaciones de Lorentz se utilizan como herramienta poderosa para 5resolver problemas.<\/p>\n<p>&nbsp;<\/p>\n<p><img decoding=\"async\" src=\"https:\/\/i.pinimg.com\/originals\/01\/8e\/79\/018e795fef97552a65c138778f8193ef.gif\" alt=\"Qu\u00e9 nos pasar\u00eda si viaj\u00e1ramos a la velocidad de la luz?\" \/><\/p>\n<p>Tal difusi\u00f3n de los tiempos de llegada parece indicar que la invariancia Lorentz efectivamente hab\u00eda sido violada, es decir que la velocidad de la luz en el vac\u00edo depende de la energ\u00eda de la luz y no es una constante universal. Cualquier dependencia de la energ\u00eda ser\u00eda m\u00ednima, pero a\u00fan podr\u00eda resultar en una diferencia mensurable en los tiempos de llegada de <a href=\"#\" onclick=\"referencia('foton',event); return false;\">fotones<\/a> debido a los miles de millones de a\u00f1os luz de a la que se encuentran las explosiones de <a href=\"#\" onclick=\"referencia('gamma rayos',event); return false;\">rayos gamma<\/a>.<\/p>\n<p style=\"text-align: justify;\">De la calidad de <a href=\"#\" onclick=\"referencia('einstein',event); return false;\">Einstein<\/a> como persona nos habla un detalle: Cuando el Presidente <strong>Chaim Weizmann<\/strong> de Israel muri\u00f3 en 1952, a <a href=\"#\" onclick=\"referencia('einstein',event); return false;\">Einstein<\/a> se le ofreci\u00f3 la presidencia, pero se neg\u00f3, diciendo que no ten\u00eda &#8220;ni la habilidad natural ni la experiancia para tratar con seres humanos.&#8221; Luego escribi\u00f3 que se sent\u00eda muy honrado por el ofrecimiento del estado de Israel, pero a la vez triste y avergonzado de no poder aceptarla.<\/p>\n<p style=\"text-align: justify;\">Pero sigamos con la segunda revoluci\u00f3n de su teor\u00eda que se dio en dos pasos: 1905 la teor\u00eda de la <a href=\"#\" onclick=\"referencia('relatividad',event); return false;\">relatividad<\/a> especial y en 1.915, diez a\u00f1os despu\u00e9s, la teor\u00eda de la <a href=\"#\" onclick=\"referencia('relatividad',event); return false;\">relatividad<\/a> general que vari\u00f3 por completo el concepto del Cosmos y nos llev\u00f3 a conocer de manera m\u00e1s profunda y exacta la Gravedad de <a href=\"#\" onclick=\"referencia('newton',event); return false;\">Newton<\/a>.<\/p>\n<p>&nbsp;<\/p>\n<p style=\"text-align: justify;\"><img decoding=\"async\" src=\"https:\/\/e00-elmundo.uecdn.es\/assets\/multimedia\/imagenes\/2015\/10\/23\/14455930567894.jpg\" alt=\"Teor\u00eda de la Relatividad: 1915. Y Einstein curv\u00f3 la luz | EL MUNDO\" \/><\/p>\n<p style=\"text-align: justify;\"><strong>\u00a0\u00a0\u00a0\u00a0\u00a0 <a href=\"#\" onclick=\"referencia('einstein',event); return false;\">Einstein<\/a> nos dec\u00eda que el espacio se curva en presencia de grandes masas<\/strong><\/p>\n<p style=\"text-align: justify;\">En la Teor\u00eda Especial de la Relatividad, <a href=\"#\" onclick=\"referencia('einstein',event); return false;\">Einstein<\/a> se refiri\u00f3 a sistemas de referencias inerciales (no acelerados). Asume que las leyes de la f\u00edsica son id\u00e9nticas en todos los sistemas de referencia y que la velocidad de la luz en el vac\u00edo, c, es constante en el todo el Universo y es independiente de la velocidad del observador.<\/p>\n<p>&nbsp;<\/p>\n<p><iframe loading=\"lazy\" title=\"Experimento con muones en el CERN para comprobar la dilataci\u00f3n temporal\" width=\"500\" height=\"375\" src=\"https:\/\/www.youtube.com\/embed\/SS95YbzRL4I?feature=oembed\" frameborder=\"0\" allow=\"accelerometer; autoplay; clipboard-write; encrypted-media; gyroscope; picture-in-picture; web-share\" referrerpolicy=\"strict-origin-when-cross-origin\" allowfullscreen><\/iframe><\/p>\n<p style=\"text-align: justify;\">La teor\u00eda desarrolla un sistema de matem\u00e1ticas con el fin de reconciliar estas afirmaciones en aparente conflicto. Una de las conclusiones de la teor\u00eda es que la masa de un cuerpo, aumenta con la velocidad (hay una ecuaci\u00f3n que as\u00ed lo demuestra), y, tal hecho, ha sido sobradamente comprobado en los aceleradores de part\u00edculas donde un <a href=\"#\" onclick=\"referencia('muon',event); return false;\">mu\u00f3n<\/a>, ha aumentado m\u00e1s de diez veces su masa al circular a velocidades cercanas a la de la luz. Y el <a href=\"#\" onclick=\"referencia('muon',event); return false;\">mu\u00f3n<\/a> que tiene una vida de dos millon\u00e9simas de segundo, adem\u00e1s, al desplazarse a velocidades relativistas, tambi\u00e9n ven incrementado el tiempo de sus vidas.<\/p>\n<p>&nbsp;<\/p>\n<p style=\"text-align: justify;\"><img decoding=\"async\" loading=\"lazy\" class=\"\" src=\"http:\/\/francisthemulenews.files.wordpress.com\/2010\/03\/dibujo20100330_first_colission_lhc_at_cms_detector2.jpg\" alt=\"http:\/\/francisthemulenews.files.wordpress.com\/2010\/03\/dibujo20100330_first_colission_lhc_at_cms_detector2.jpg\" width=\"560\" height=\"366\" \/><\/p>\n<p style=\"text-align: justify;\"><strong>El LHC es un esfuerzo internacional, donde participan alrededor de siete mil f\u00edsicos de 80 pa\u00edses. Consta de un t\u00fanel en forma de anillo, con dimensiones interiores parecidas a las del metro subterr\u00e1neo de la Ciudad de M\u00e9xico, y una circunferencia de 27 kil\u00f3metros. Est\u00e1 ubicado entre las fronteras de Francia y Suiza, cerca de la ciudad de Ginebra, a profundidades que van entre los 60 y los 120 metros debido a que una parte se encuentra bajo las monta\u00f1as del Jura<\/strong><\/p>\n<p style=\"text-align: justify;\"><a href=\"#\" onclick=\"referencia('einstein',event); return false;\">Einstein<\/a> tambi\u00e9n concluy\u00f3 que si un cuerpo pierde una energ\u00eda L, su masa disminuye en L\/c2. <a href=\"#\" onclick=\"referencia('einstein',event); return false;\">Einstein<\/a> generaliz\u00f3 esta conclusi\u00f3n al importante postulado de que la masa de un cuerpo es una medida de su contenido en energ\u00eda, de acuerdo con la ecuaci\u00f3n m=E\/c2 ( o la m\u00e1s popular E=mc2).<\/p>\n<p style=\"text-align: justify;\">Otras de las conclusiones de la teor\u00eda de <a href=\"#\" onclick=\"referencia('einstein',event); return false;\">Einstein<\/a> en su modelo especial, est\u00e1 en el hecho de que para quien viaje a velocidades cercanas a c (la velocidad de la luz en el vac\u00edo), el tiempo transcurrir\u00e1 m\u00e1s lento. Dicha afirmaci\u00f3n tambi\u00e9n ha sido experimentalmente comprobada.<\/p>\n<p style=\"text-align: justify;\">Todos estos conceptos, por nuevos y revolucionarios, no fueron aceptados por las buenas y en un primer momento, algunos f\u00edsicos no estaban preparados para comprender cambios tan radicales que barr\u00edan de un plumazo, conceptos largamente arraigados.<\/p>\n<p>&nbsp;<\/p>\n<blockquote>\n<p style=\"text-align: justify;\"><img decoding=\"async\" loading=\"lazy\" class=\"\" src=\"http:\/\/4.bp.blogspot.com\/_zBAdWxgEeX0\/R87vhcBGPII\/AAAAAAAACI4\/MCE-Wi6d2v0\/s320\/galatomo.jpg\" alt=\"http:\/\/4.bp.blogspot.com\/_zBAdWxgEeX0\/R87vhcBGPII\/AAAAAAAACI4\/MCE-Wi6d2v0\/s320\/galatomo.jpg\" width=\"466\" height=\"344\" \/><\/p>\n<p><strong>\u00a0\u00a0\u00a0\u00a0\u00a0\u00a0 Todo lo grande est\u00e1 hecho de cosas peque\u00f1as<\/strong><\/p><\/blockquote>\n<p>&nbsp;<\/p>\n<p style=\"text-align: justify;\">Fue Max Planck, el Editor de la Revista que public\u00f3 el art\u00edculo de Albert <a href=\"#\" onclick=\"referencia('einstein',event); return false;\">Einstein<\/a>, quien al leerlo se di\u00f3 cuenta de la enorme importancia de lo que all\u00ed se dec\u00eda. A partir de aquel momento, se convirti\u00f3 en su valedor, y, en verdad, <a href=\"#\" onclick=\"referencia('einstein',event); return false;\">Einstein<\/a>, reconoci\u00f3 p\u00fablicamente tal ayuda.<\/p>\n<p style=\"text-align: justify;\">En la segunda parte de su teor\u00eda, la Relatividad General, <a href=\"#\" onclick=\"referencia('einstein',event); return false;\">Einstein<\/a> concluy\u00f3 que el espacio y el tiempo est\u00e1n distorsionados por la materia y la energ\u00eda, y que esta distorsi\u00f3n es la responsable de la gravedad que nos mantiene en la superficie de la Tierra, la misma que mantiene unidos los planetas del Sistema Solar girando alrededor del Sol y, tambi\u00e9n la que hace posible la existencia de las Galaxias.<\/p>\n<p>&nbsp;<\/p>\n<div><img decoding=\"async\" loading=\"lazy\" class=\"\" src=\"https:\/\/services.meteored.com\/img\/article\/o-que-e-a-gravidade-novo-estudo-do-universo-mostrou-que-einstein-estava-certo-1732229134035_1280.png\" alt=\"Qu\u00e9 es la gravedad? Un nuevo estudio del universo demuestra que Einstein ten\u00eda raz\u00f3n\" width=\"608\" height=\"427\" \/><\/div>\n<div><\/div>\n<p style=\"text-align: justify;\"><strong>\u00a0\u00a0\u00a0 \u00a1La Gravedad! Siempre est\u00e1 presente e incide en los comportamientos de la materia<\/strong><\/p>\n<p style=\"text-align: justify;\">Nos dio un conjunto de ecuaciones a partir de los cuales se puede deducir la distorsi\u00f3n del tiempo y del espacio alrededor de objetos c\u00f3smicos que pueblan el Universo y que crear esta distorsi\u00f3n en funci\u00f3n de su masa. Se han cumplido 100 a\u00f1os desde entonces y miles de f\u00edsicos han tratado de extraer las predicciones encerradas en las ecuaciones de <a href=\"#\" onclick=\"referencia('einstein',event); return false;\">Einstein<\/a> (sin olvidar a Riemann ) sobre la distorsi\u00f3n del espacio-tiempo.<\/p>\n<p style=\"text-align: justify;\">Un <a href=\"#\" onclick=\"referencia('agujero negro',event); return false;\">agujero negro<\/a> es lo definitivo en distorsi\u00f3n espaciotemporal, seg\u00fan las ecuaciones de <a href=\"#\" onclick=\"referencia('einstein',event); return false;\">Einstein<\/a>: est\u00e1 hecho \u00fanica y exclusivamente a partir de dicha distorsi\u00f3n. Su enorme distorsi\u00f3n est\u00e1 causada por una inmensa cantidad de energ\u00eda compactada: energ\u00eda que reside no en la materia, sino en la propia distorsi\u00f3n. La distorsi\u00f3n genera m\u00e1s distorsi\u00f3n sin la ayuda de la materia. Esta es la esencia del <a href=\"#\" onclick=\"referencia('agujero negro',event); return false;\">agujero negro<\/a>.<\/p>\n<p>&nbsp;<\/p>\n<p><img decoding=\"async\" loading=\"lazy\" class=\"\" src=\"https:\/\/i.blogs.es\/81660d\/agujero-negro\/840_560.jpg\" alt=\"Este enorme agujero negro es 34.000 millones de veces m\u00e1s masivo que el Sol y uno de los que m\u00e1s r\u00e1pido crecen del Universo\" width=\"575\" height=\"383\" \/><\/p>\n<p>&nbsp;<\/p>\n<p><strong>No deja de crecer al engullir la materia circundante,\u00a0 su<\/strong><strong> di\u00e1metro se hice mucho m\u00e1s grande<\/strong><\/p>\n<p style=\"text-align: justify;\">Si tuvi\u00e9ramos un <a href=\"#\" onclick=\"referencia('agujero negro',event); return false;\">agujero negro<\/a> del tama\u00f1o de la calabaza m\u00e1s grande del mundo, de unos 10 metros de circunferencia, entonces conociendo las leyes de la geometr\u00eda de Euclides se podr\u00eda esperar que su di\u00e1metro fuera de 10 m.: \u043b = 3,14159&#8230;, o aproximadamente 3 metros. Pero el di\u00e1metro del agujero es mucho mayor que 3 metros, quiz\u00e1 algo m\u00e1s pr\u00f3ximo a 300 metros. \u00bf C\u00f3mo puede ser esto ? Muy simple: las leyes de Euclides fallan en espacios muy distorsionados.<\/p>\n<p>&nbsp;<\/p>\n<p style=\"text-align: justify;\"><span style=\"font-family: Arial;\"><span style=\"font-size: xx-small;\"><img decoding=\"async\" src=\"http:\/\/www.astro.auth.gr\/Cosmology05\/Cosmology05.jpg\" alt=\"\" \/><\/span><\/span><\/p>\n<p>&nbsp;<\/p>\n<p>Con esta teor\u00eda de la Relatividad General, entre otros pasos importantes, est\u00e1 el hecho de que di\u00f3 lugar al nacimiento de la Cosmolog\u00eda que, de alguna manera, era como mirar con nueva visi\u00f3n a lo que l Universo pod\u00eda significar, Despu\u00e9s de <a href=\"#\" onclick=\"referencia('einstein',event); return false;\">Einstein<\/a>, el Universo no fue el mismo.<\/p>\n<p>El an\u00e1lisis de la Gravitaci\u00f3n que aqu\u00ed qued\u00f3 <a href=\"#\" onclick=\"referencia('plasma',event); return false;\">plasma<\/a>do interpreta el Universo como un continuo espacio-tiempo de cuatro dimensiones en el el que la presencia de una masa (como dec\u00eda antes) curva el espacio para crear un campo gravitacional.<\/p>\n<p>De la veracidad y comprobaci\u00f3n de las predicciones de \u00e9sta segunda parte de la Teor\u00eda Relativista, tampoco, a estas alturas cabe duda alguna, y, lo m\u00e1s curioso del caso es que, despu\u00e9s de casi un siglo (1.915), a\u00fan los f\u00edsicos est\u00e1n sacando partido de las ecuaciones de campo de la teor\u00eda relativista en su versi\u00f3n general o de la Gravedad.<\/p>\n<p>Tan importante es el trabajo de <a href=\"#\" onclick=\"referencia('einstein',event); return false;\">Einstein<\/a> que, en las nuevas teor\u00edas, en las m\u00e1s avanzadas, como la Teor\u00eda M (que engloba las cinco versiones de la Teor\u00eda de Cuerdas), cuando la est\u00e1n desarrollando, como por arte de mag\u00eda y sin que nadie las llame, surgen, emergen, las ecuaciones de <a href=\"#\" onclick=\"referencia('einstein',event); return false;\">Einstein<\/a> de la Relatividad General.<\/p>\n<p><strong>Emilio Silvera V\u00e1zquez<\/strong><\/p>\n<div class='bookmark'>\r\n\t\t<table align='left' border='0' cellpadding='0' width='100%'>\r\n\t\t<tr><td><span class='pushbutton'><a href='http:\/\/delicious.com\/post?url=http%3A%2F%2Fwww.emiliosilveravazquez.com%2Fblog%2F2026%2F04%2F08%2Frevoluciones-cientificas-%25c2%25a1la-relatividad%2F&amp;title=Revoluciones+cient%C3%ADficas+%C2%A1La+Relatividad%21' title='Delicious' target='_blank' rel='nofollow'><img src='http:\/\/www.emiliosilveravazquez.com\/blog\/wp-content\/plugins\/knxdt-bookmarks-wordpress-plugin\/images\/delicious.png'  alt='' class='book_img' border='none' style='margin:1px; padding: 0;'  \/><\/a><\/span><span class='pushbutton'><a href='http:\/\/digg.com\/submit?url=http%3A%2F%2Fwww.emiliosilveravazquez.com%2Fblog%2F2026%2F04%2F08%2Frevoluciones-cientificas-%25c2%25a1la-relatividad%2F&amp;title=Revoluciones+cient%C3%ADficas+%C2%A1La+Relatividad%21' title='Digg' target='_blank' rel='nofollow'><img src='http:\/\/www.emiliosilveravazquez.com\/blog\/wp-content\/plugins\/knxdt-bookmarks-wordpress-plugin\/images\/digg.png'  alt='' class='book_img' border='none' style='margin:1px; padding: 0;'  \/><\/a><\/span><span class='pushbutton'><a href='http:\/\/www.google.com\/bookmarks\/mark?op=edit&amp;bkmk=http%3A%2F%2Fwww.emiliosilveravazquez.com%2Fblog%2F2026%2F04%2F08%2Frevoluciones-cientificas-%25c2%25a1la-relatividad%2F&amp;title=Revoluciones+cient%C3%ADficas+%C2%A1La+Relatividad%21' title='Google' target='_blank' rel='nofollow'><img src='http:\/\/www.emiliosilveravazquez.com\/blog\/wp-content\/plugins\/knxdt-bookmarks-wordpress-plugin\/images\/google.png'   alt='' class='book_img' border='none' style='margin:1px; padding: 0;'  \/><\/a><\/span><span class='pushbutton'><a href='http:\/\/myweb2.search.yahoo.com\/myresults\/bookmarklet?u=http%3A%2F%2Fwww.emiliosilveravazquez.com%2Fblog%2F2026%2F04%2F08%2Frevoluciones-cientificas-%25c2%25a1la-relatividad%2F&amp;t=Revoluciones+cient%C3%ADficas+%C2%A1La+Relatividad%21' title='Yahoo' target='_blank' rel='nofollow'><img src='http:\/\/www.emiliosilveravazquez.com\/blog\/wp-content\/plugins\/knxdt-bookmarks-wordpress-plugin\/images\/yahoo.png'  alt='' class='book_img' border='none' style='margin:1px; padding: 0;'  \/><\/a><\/span><span class='pushbutton'><a href='http:\/\/www.technorati.com\/faves?add=http%3A%2F%2Fwww.emiliosilveravazquez.com%2Fblog%2F2026%2F04%2F08%2Frevoluciones-cientificas-%25c2%25a1la-relatividad%2F' title='Technorati' target='_blank' rel='nofollow'><img src='http:\/\/www.emiliosilveravazquez.com\/blog\/wp-content\/plugins\/knxdt-bookmarks-wordpress-plugin\/images\/technorati.png'  alt='' class='book_img' border='none' style='margin:1px; padding: 0;'  \/><\/a><\/span><span class='pushbutton'><a href='http:\/\/meneame.net\/submit.php?url=http%3A%2F%2Fwww.emiliosilveravazquez.com%2Fblog%2F2026%2F04%2F08%2Frevoluciones-cientificas-%25c2%25a1la-relatividad%2F' title='Meneame' target='_blank' rel='nofollow'><img src='http:\/\/www.emiliosilveravazquez.com\/blog\/wp-content\/plugins\/knxdt-bookmarks-wordpress-plugin\/images\/meneame.png'  alt='' class='book_img' border='none' style='margin:1px; padding: 0;'  \/><\/a><\/span><span class='pushbutton'><a href='http:\/\/enchilame.com\/submit.php?url=http:\/\/www.emiliosilveravazquez.com\/blog\/2026\/04\/08\/revoluciones-cientificas-%c2%a1la-relatividad\/' target='_blank' rel='nofollow'><img title='Enchilame' src='http:\/\/www.emiliosilveravazquez.com\/blog\/wp-content\/plugins\/knxdt-bookmarks-wordpress-plugin\/images\/enchilame.png'  alt='' class='book_img' border='none' style='margin:1px; padding: 0;'  \/><\/a><\/span><span class='pushbutton'><a href='http:\/\/www.blinklist.com\/index.php?Action=Blink\/addblink.php&amp;Description=&amp;Url=http%3A%2F%2Fwww.emiliosilveravazquez.com%2Fblog%2F2026%2F04%2F08%2Frevoluciones-cientificas-%25c2%25a1la-relatividad%2F&amp;title=Revoluciones+cient%C3%ADficas+%C2%A1La+Relatividad%21' title='BlinkList' target='_blank' rel='nofollow'><img src='http:\/\/www.emiliosilveravazquez.com\/blog\/wp-content\/plugins\/knxdt-bookmarks-wordpress-plugin\/images\/blinklist.png'  alt='' class='book_img' border='none' style='margin:1px; padding: 0;'  \/><\/a><\/span><span class='pushbutton'><a href='http:\/\/reddit.com\/submit?url=http%3A%2F%2Fwww.emiliosilveravazquez.com%2Fblog%2F2026%2F04%2F08%2Frevoluciones-cientificas-%25c2%25a1la-relatividad%2F&amp;title=Revoluciones+cient%C3%ADficas+%C2%A1La+Relatividad%21' title='Reddit' target='_blank' rel='nofollow'><img src='http:\/\/www.emiliosilveravazquez.com\/blog\/wp-content\/plugins\/knxdt-bookmarks-wordpress-plugin\/images\/reddit.png'  alt='' class='book_img' border='none' style='margin:1px; padding: 0;'  \/><\/a><\/span><span class='pushbutton'><a href='http:\/\/www.tecnologiadiaria.com\/2009\/07\/abrir-com-hotmail-correo.html' target='_blank' title='hotmail'><img src='http:\/\/www.emiliosilveravazquez.com\/blog\/wp-content\/plugins\/knxdt-bookmarks-wordpress-plugin\/images\/linklove.png' alt='hotmail correo' class='book_img' border='none' style='margin:1px; padding: 0;' \/><\/a><\/span><span class='pushbutton'><a href='http:\/\/bitacoras.com\/votar\/anotacion\/externo\/mini\/www.emiliosilveravazquez.com\/blog\/2026\/04\/08\/revoluciones-cientificas-%c2%a1la-relatividad\/' title='Bitacoras.com' target='_blank' rel='nofollow'><img src='http:\/\/www.emiliosilveravazquez.com\/blog\/wp-content\/plugins\/knxdt-bookmarks-wordpress-plugin\/images\/bitacoras.png'  alt='' class='book_img' border='none' style='margin:1px; padding: 0;'  \/><\/a><\/span><span class='pushbutton'><a href='http:\/\/www.wikio.es\/vote?url=http%3A%2F%2Fwww.emiliosilveravazquez.com%2Fblog%2F2026%2F04%2F08%2Frevoluciones-cientificas-%25c2%25a1la-relatividad%2F' title='Wikio' target='_blank' rel='nofollow'><img src='http:\/\/www.emiliosilveravazquez.com\/blog\/wp-content\/plugins\/knxdt-bookmarks-wordpress-plugin\/images\/wikio.png'   alt='' class='book_img' border='none' style='margin:1px; padding: 0;'   \/><\/a><\/span><span class='pushbutton'><a href='http:\/\/friendfeed.com\/?url=http%3A%2F%2Fwww.emiliosilveravazquez.com%2Fblog%2F2026%2F04%2F08%2Frevoluciones-cientificas-%25c2%25a1la-relatividad%2F&amp;title=Revoluciones+cient%C3%ADficas+%C2%A1La+Relatividad%21' title='Friend Feed' target='_blank' rel='nofollow'><img src='http:\/\/www.emiliosilveravazquez.com\/blog\/wp-content\/plugins\/knxdt-bookmarks-wordpress-plugin\/images\/friendfeed.png'  alt='' class='book_img' border='none' style='margin:1px; padding: 0;'  \/><\/a><\/span><span class='pushbutton'><a href='http:\/\/www.facebook.com\/share.php?u=http%3A%2F%2Fwww.emiliosilveravazquez.com%2Fblog%2F2026%2F04%2F08%2Frevoluciones-cientificas-%25c2%25a1la-relatividad%2F&amp;t=Revoluciones+cient%C3%ADficas+%C2%A1La+Relatividad%21' title='Facebook' target='_blank' rel='nofollow'><img src='http:\/\/www.emiliosilveravazquez.com\/blog\/wp-content\/plugins\/knxdt-bookmarks-wordpress-plugin\/images\/facebook.png'  alt='' class='book_img' border='none' style='margin:1px; padding: 0;'  \/><\/a><\/span><span class='pushbutton'><a href='http:\/\/twitter.com\/home?status=Revoluciones+cient%C3%ADficas+%C2%A1La+Relatividad%21: http%3A%2F%2Fwww.emiliosilveravazquez.com%2Fblog%2F2026%2F04%2F08%2Frevoluciones-cientificas-%25c2%25a1la-relatividad%2F' title='Twitter' target='_blank' rel='nofollow'><img src='http:\/\/www.emiliosilveravazquez.com\/blog\/wp-content\/plugins\/knxdt-bookmarks-wordpress-plugin\/images\/twitter.png'  alt='' class='book_img' border='none' style='margin:1px; padding: 0;'  \/><\/a><\/span><span class='pushbutton'><a href='http:\/\/www.feedburner.com\/fb\/a\/emailFlare?itemTitle=Revoluciones+cient%C3%ADficas+%C2%A1La+Relatividad%21&amp;uri=http%3A%2F%2Fwww.emiliosilveravazquez.com%2Fblog%2F2026%2F04%2F08%2Frevoluciones-cientificas-%25c2%25a1la-relatividad%2F' title='Enviar por Email' target='_blank' rel='nofollow'><img src='http:\/\/www.emiliosilveravazquez.com\/blog\/wp-content\/plugins\/knxdt-bookmarks-wordpress-plugin\/images\/email.png'  alt='' class='book_img' border='none' style='margin:1px; padding: 0;'  \/><\/a><\/span><span style='font-weight:bold; padding-left: 5px;'><a href='http:\/\/wordpress.org\/extend\/plugins\/knxdt-bookmarks-wordpress-plugin\/' title='Plugin' rel='nofollow' target='_blank'>[?]<\/a><\/span><\/td><\/tr><\/table><br\/><br\/><\/div>","protected":false},"excerpt":{"rendered":"<p>Dentro de 150 a\u00f1os podr\u00edamos publicar una foto similar y decir: Es la primera persona que alcanza los 158 a\u00f1os de edad y aparenta 50, se logr\u00f3 ralentizar el envejecimiento gracias a descubrimientos en gen\u00e9tica, ya han quedado atr\u00e1s aquellos factores que ahora, en el a\u00f1o 2.175 han desaparecido, tales como: Aquellas afecciones m\u00e1s comunes [&hellip;]<\/p>\n","protected":false},"author":2,"featured_media":0,"comment_status":"open","ping_status":"open","sticky":false,"template":"","format":"standard","meta":{"_s2mail":"yes","footnotes":""},"categories":[8],"tags":[],"_links":{"self":[{"href":"http:\/\/www.emiliosilveravazquez.com\/blog\/wp-json\/wp\/v2\/posts\/149"}],"collection":[{"href":"http:\/\/www.emiliosilveravazquez.com\/blog\/wp-json\/wp\/v2\/posts"}],"about":[{"href":"http:\/\/www.emiliosilveravazquez.com\/blog\/wp-json\/wp\/v2\/types\/post"}],"author":[{"embeddable":true,"href":"http:\/\/www.emiliosilveravazquez.com\/blog\/wp-json\/wp\/v2\/users\/2"}],"replies":[{"embeddable":true,"href":"http:\/\/www.emiliosilveravazquez.com\/blog\/wp-json\/wp\/v2\/comments?post=149"}],"version-history":[{"count":0,"href":"http:\/\/www.emiliosilveravazquez.com\/blog\/wp-json\/wp\/v2\/posts\/149\/revisions"}],"wp:attachment":[{"href":"http:\/\/www.emiliosilveravazquez.com\/blog\/wp-json\/wp\/v2\/media?parent=149"}],"wp:term":[{"taxonomy":"category","embeddable":true,"href":"http:\/\/www.emiliosilveravazquez.com\/blog\/wp-json\/wp\/v2\/categories?post=149"},{"taxonomy":"post_tag","embeddable":true,"href":"http:\/\/www.emiliosilveravazquez.com\/blog\/wp-json\/wp\/v2\/tags?post=149"}],"curies":[{"name":"wp","href":"https:\/\/api.w.org\/{rel}","templated":true}]}}