{"id":14770,"date":"2016-03-14T06:15:32","date_gmt":"2016-03-14T05:15:32","guid":{"rendered":"http:\/\/www.emiliosilveravazquez.com\/blog\/?p=14770"},"modified":"2016-03-14T06:15:32","modified_gmt":"2016-03-14T05:15:32","slug":"%c2%bfque-nos-dira-la-fisica-y%e2%80%a6-%c2%bfque-el-universo-en-2-016","status":"publish","type":"post","link":"http:\/\/www.emiliosilveravazquez.com\/blog\/2016\/03\/14\/%c2%bfque-nos-dira-la-fisica-y%e2%80%a6-%c2%bfque-el-universo-en-2-016\/","title":{"rendered":"\u00bfQu\u00e9 nos dir\u00e1 la F\u00edsica? y\u2026 \u00bfQu\u00e9 el Universo, en 2.016?"},"content":{"rendered":"<div><img decoding=\"async\" title=\"El LHC se adentra en la materia del universo primigenio\" src=\"http:\/\/m1.paperblog.com\/i\/143\/1436787\/el-lhc-adentra-materia-del-universo-primigeni-L-VMPXwD.jpeg\" alt=\"El LHC se adentra en la materia del universo primigenio\" \/><\/p>\n<p style=\"text-align: justify;\"><strong>En los comienzos del <strong>universo<\/strong>, justo despu\u00e9s del <a href=\"http:\/\/www.emiliosilveravazquez.com\/blog\/2013\/01\/01\/#\"><a href=\"#\" onclick=\"referencia('big bang',event); return false;\">Big Bang<\/a><\/a>, existi\u00f3 un \u2018<a href=\"http:\/\/www.emiliosilveravazquez.com\/blog\/2013\/01\/01\/#\"><a href=\"#\" onclick=\"referencia('plasma',event); return false;\">plasma<\/a><\/a> de <a href=\"http:\/\/www.emiliosilveravazquez.com\/blog\/2013\/01\/01\/#\">quarks<\/a> y <a href=\"http:\/\/www.emiliosilveravazquez.com\/blog\/2013\/01\/01\/#\"><a href=\"#\" onclick=\"referencia('gluones',event); return false;\">gluones<\/a><\/a>, dos part\u00edculas confinadas hoy en la materia pero que entonces vagaban libremente\u2026 Ahora hemos constru\u00eddo aceleradores de part\u00edculas que tratan de recrear aquellos momentos para poder \u201cver\u201d lo que all\u00ed pas\u00f3 y, buscamos el origen de la masa y part\u00edculas ex\u00f3ticas que nos digan algo sobre esa supuesta masa \u201cperdida\u201d, o, que no alcanzamos a ver.<\/strong><\/p>\n<p style=\"text-align: justify;\"><strong>En su nueva andadura el LHC del CERN, quiere explorar nuevos caminos y para ello cuenta con una energ\u00eda nunca antes utilizada en un Acelerador de part\u00edculas. Veremos si aparecen indicios de esas WIMPs, o part\u00edculas que pueden ser las que conforman la invisible &#8220;<a href=\"#\" onclick=\"referencia('materia oscura',event); return false;\">materia oscura<\/a>&#8221;.<\/strong><\/p>\n<p style=\"text-align: justify;\"><img decoding=\"async\" loading=\"lazy\" id=\"il_fi\" src=\"http:\/\/i2.esmas.com\/galerias\/fotos\/2012\/4\/_1-891f62f0-db08-102f-8edb-0019b9d5c8df.jpg\" alt=\"\" width=\"672\" height=\"456\" \/><\/p>\n<div style=\"text-align: justify;\"><strong><strong>Esta fotograf\u00eda muestra el anillo de polvo de la estrella Fomalhaut, situada a 25 a\u00f1os luz de distancia de la Tierra. Situada a unos 25 a\u00f1os luz (7,7 Parsec).<\/strong><\/strong>El nombre <strong>Fomalhaut<\/strong><em>, como tantos otros en el Espacio, tiene su origen en el \u00e1rabe y significa Boca<\/em> del pez. A lo largo de la historia esta estrella ha tenido diversas variaciones de su nombre, desde <em>Fomahant<\/em> \u2014como figura en las Tablas Alfons\u00edes<em><\/em>. Ya fue identificada en la Prehistoria y hay evidencias arqueol\u00f3gicas de que formaba parte de rituales en la antigua Persia,\u00a0 donde podr\u00eda haber sido una de las cuatro \u00abestrellas reales\u00bb persas, recibiendo el nombre de <em>Hastorang<\/em>.<\/div>\n<\/div>\n<p style=\"text-align: justify;\"><img decoding=\"async\" loading=\"lazy\" src=\"http:\/\/i2.esmas.com\/galerias\/fotos\/2012\/4\/_2-8a35cb0c-db08-102f-8edb-0019b9d5c8df.jpg\" alt=\"\" width=\"608\" height=\"314\" \/><\/p>\n<p style=\"text-align: justify;\"><strong>La galaxia NGC 2683 es una galaxia espiral que emula la forma cl\u00e1sica de las naves especiales en la ciencia ficci\u00f3n.\u00a0<\/strong><\/p>\n<p style=\"text-align: justify;\"><strong>NGC 2683<\/strong> es una galaxia espiral que se encuentra a unos 25 millones de a\u00f1os luz de distancia en direcci\u00f3n a la constelaci\u00f3n del Lince,\u00a0 en el l\u00edmite con C\u00e1ncer. Se aleja de nosotros a 410 Km\/s. Galaxia muy pobre en Hidr\u00f3geno y como consecuencia tiene una baja tasa de formaci\u00f3n estelar. Posee unos 300 c\u00famulos globulares (m\u00e1s que nuestra Galaxia) y es una galaxia muy brillante.<\/p>\n<p>&nbsp;<\/p>\n<p style=\"text-align: justify;\"><strong><\/strong><img decoding=\"async\" loading=\"lazy\" src=\"http:\/\/i2.esmas.com\/galerias\/fotos\/2012\/4\/_3-8b2874ec-db08-102f-8edb-0019b9d5c8df.jpg\" alt=\"\" width=\"427\" height=\"427\" \/><\/p>\n<p style=\"text-align: justify;\"><strong>Esta es la imagen m\u00e1s detallada que existe de Messier 9, una conjunci\u00f3n de estrellas en el centro de la V\u00eda L\u00e1ctea, conocido tambi\u00e9n por NGC 6333<\/strong>) es un c\u00famulo globular en la constelaci\u00f3n de Ofiuco. De su velocidad radial\u00a0 (respecto al Sol), 229,1\u00a0km\/s, se deduce que se aleja del Sistema Solar\u00a0 a m\u00e1s de 824.460\u00a0km\/h.<\/p>\n<p style=\"text-align: justify;\"><img decoding=\"async\" loading=\"lazy\" src=\"http:\/\/i2.esmas.com\/galerias\/fotos\/2012\/4\/_4-8c7eb8c4-db08-102f-8edb-0019b9d5c8df.jpg\" alt=\"\" width=\"608\" height=\"370\" \/><\/p>\n<p style=\"text-align: justify;\"><strong>El <a href=\"http:\/\/www.emiliosilveravazquez.com\/blog\/2013\/01\/01\/#\"><a href=\"#\" onclick=\"referencia('hubble',event); return false;\">Hubble<\/a><\/a> produjo esta bella imagen de la galaxia espiral NGC 1483, localizada en el sur de la constelaci\u00f3n Mahi-mahi. a galaxia NGC 1483 es <strong>una galaxia con forma de espiral<\/strong> situada en la constelaci\u00f3n austral del Dorado (en la que se encuentra la mayor parte de la Gran Nube de Magallanes) y que est\u00e1 situada a unos 40 millones de a\u00f1os luz de la Tierra. Tal y como se muestra en la imagen. la galaxia cuenta con una protuberancia central muy brillante de la que salen unos brazos con una luz algo m\u00e1s difusa y, en el fondo, se pueden distinguir algunas galaxias algo m\u00e1s lejanas (ya que el Dorado est\u00e1 compuesto por unas 70 galaxias y, de hecho, es algo m\u00e1s grande del Grupo Local en el que se encuentra la V\u00eda L\u00e1ctea y otras 30 galaxias m\u00e1s).<\/strong><\/p>\n<p style=\"text-align: justify;\"><strong><br \/>\n<\/strong><\/p>\n<p style=\"text-align: justify;\"><strong><\/strong><br \/>\n<img decoding=\"async\" loading=\"lazy\" src=\"http:\/\/i2.esmas.com\/galerias\/fotos\/2012\/4\/_5-8dee3df6-db08-102f-8edb-0019b9d5c8df.jpg\" alt=\"\" width=\"472\" height=\"427\" \/><\/p>\n<p style=\"text-align: justify;\"><strong>Como las nubes asechan en un d\u00eda de lluvia, el hubble nos regala esta imagen de la galaxia Centauro.<\/strong><\/p>\n<p style=\"text-align: justify;\"><img decoding=\"async\" loading=\"lazy\" src=\"http:\/\/i2.esmas.com\/galerias\/fotos\/2012\/4\/_6-8f0bba06-db08-102f-8edb-0019b9d5c8df.jpg\" alt=\"\" width=\"420\" height=\"427\" \/><\/p>\n<p style=\"text-align: justify;\"><strong>Este gigantesco grupo de j\u00f3venes estrellas, llamado R136 est\u00e1 a s\u00f3lo unos cuantos millones de a\u00f1os luz y reside en la galaxia Doradus Nebula, dentro de la gran Nube de Magallanes.\u00a0 <\/strong><\/p>\n<p style=\"text-align: justify;\">En el centro de la regi\u00f3n de formaci\u00f3n estelar 30 Doradus hay un enorme c\u00famulo con las estrellas m\u00e1s grandes, calientes y masivas que se conocen. Estas estrellas, conocidas en conjunto como el c\u00famulo estelar R136,\u00a0 fueron captadas en esta imagen en luz visible por la c\u00e1mara de campo amplio del <a href=\"#\" onclick=\"referencia('hubble',event); return false;\">Hubble<\/a>.<\/p>\n<p style=\"text-align: justify;\">Las nubes de gas y de polvo de 30 Doradus, conocidos tambi\u00e9n como la nebulosa de la Tar\u00e1ntula,\u00a0 han sido esculpidos en formas alargadas por los fuertes vientos estelares y por la radiaci\u00f3n ultravioleta que emana de las estrellas j\u00f3venes. Se encuentra dentro de la Galaxia sat\u00e9lite de la V\u00eda L\u00e1ctea conocida como la Gran Nube de Magallanes situado a unos 17o.000 a\u00f1os luz.<\/p>\n<p>&nbsp;<\/p>\n<p style=\"text-align: justify;\"><img decoding=\"async\" loading=\"lazy\" src=\"http:\/\/i2.esmas.com\/galerias\/fotos\/2012\/4\/_7-90bfb7ee-db08-102f-8edb-0019b9d5c8df.jpg\" alt=\"\" width=\"463\" height=\"427\" \/><\/p>\n<p style=\"text-align: justify;\"><strong>\u00a0\u00a0\u00a0\u00a0\u00a0\u00a0\u00a0\u00a0\u00a0\u00a0\u00a0\u00a0 El <a href=\"http:\/\/www.emiliosilveravazquez.com\/blog\/2013\/01\/01\/#\"><a href=\"#\" onclick=\"referencia('hubble',event); return false;\">Hubble<\/a><\/a> capt\u00f3 esta imagen del sistema Eta Carinae<\/strong><\/p>\n<p style=\"text-align: justify;\"><strong>Eta Carinae<\/strong> (abreviado: <strong>\u03b7 Carinae<\/strong> o <strong>\u03b7 Car<\/strong>) es una estrella del tipo variable luminosa azul hipermasiva, situada en la constelaci\u00f3n de la Quilla. Su masa oscila entre 100 y 150 veces la masa del Sol,\u00a0 lo que la convierte en una de las estrellas m\u00e1s masivas conocidas en nuestra Galaxia. Asimismo, posee una alt\u00edsima luminosidad, de alrededor de cuatro millones de veces la del Sol; debido a la gran cantidad de polvo existente a su alrededor, Eta Carinae irradia el 99\u00a0% de su luminosidad en la parte infrarroja del espectro,\u00a0 lo que la convierte en el objeto m\u00e1s brillante del cielo en el intervalo de longitudes de onda entre 10 y 20\u00a0\u03bcm.<\/p>\n<p style=\"text-align: justify;\">Eta Carinae es una estrella muy joven, con una edad de entre dos y tres millones de a\u00f1os, y se encuentra situada en NGC 3372, tambi\u00e9n llamada la Gran Nebulosa de Carina o simplemente Nebulosa de Carina. Dicha nebulosa contiene varias estrellas supermasivas, incluyendo, adem\u00e1s de Eta Carinae, la estrella HD 93129A.<a title=\"HD 93129A\" href=\"https:\/\/es.wikipedia.org\/wiki\/HD_93129A\"><br \/>\n<\/a><\/p>\n<p style=\"text-align: justify;\">La estrella est\u00e1 rodeada por una nebulosa conocida como la Nebulosa del Hom\u00fanculo.\u00a0 Dada su gran masa, Eta Carinae es altamente inestable y propensa a violentas eyecciones de materia. Seg\u00fan las teor\u00edas actuales de la estructura y de la evoluci\u00f3n estelares, esta inestabilidad es causada por una luminosidad extrema y una temperatura superficial no excesivamente caliente, lo que la sit\u00faa dentro del <a title=\"Diagrama Hertzsprung-Russell\" href=\"https:\/\/es.wikipedia.org\/wiki\/Diagrama_Hertzsprung-Russell\"><a href=\"#\" onclick=\"referencia('diagrama hertzsprung russell',event); return false;\">diagrama Hertzsprung-Russell<\/a><\/a> en una regi\u00f3n afectada por el <a title=\"L\u00edmite de Eddington\" href=\"https:\/\/es.wikipedia.org\/wiki\/L%C3%ADmite_de_Eddington\">l\u00edmite de Eddington<\/a>. En dichas circunstancias, la elevad\u00edsima presi\u00f3n de la radiaci\u00f3n en la &#8220;superficie&#8221; de la estrella hace que \u00e9sta expulse grandes cantidades de materia de sus capas exteriores al espacio. En la imagen se puede apreciar la nebulosa Hom\u00fanculo, formada por estas eyecciones de materia.<\/p>\n<p style=\"text-align: justify;\">Eta Carinae probablemente termine su vida en una explosi\u00f3n de Hipernova dentro de unos pocos cientos de miles de a\u00f1os. Algunos astr\u00f3nomos especulan con que esto ocurrir\u00e1 dentro de un lapso mucho menor de tiempo, pero existen muchas incertidumbres al respecto, pues la evoluci\u00f3n de las estrellas supermasivas es muy dif\u00edcil de modelar num\u00e9ricamente.<\/p>\n<p style=\"text-align: justify;\"><img decoding=\"async\" loading=\"lazy\" src=\"http:\/\/i2.esmas.com\/galerias\/fotos\/2012\/4\/_9-932f53d6-db08-102f-8edb-0019b9d5c8df.jpg\" alt=\"\" width=\"608\" height=\"226\" \/><\/p>\n<p style=\"text-align: justify;\"><strong>Un equipo de cient\u00edficos ha recolectado suficientes fotos de alta resoluci\u00f3n del <a href=\"http:\/\/www.emiliosilveravazquez.com\/blog\/2013\/01\/01\/#\"><a href=\"#\" onclick=\"referencia('hubble',event); return false;\">Hubble<\/a><\/a> durante 14 a\u00f1os, que es suficiente para crear un timelapse. <\/strong><\/p>\n<p style=\"text-align: justify;\"><img decoding=\"async\" loading=\"lazy\" src=\"http:\/\/i2.esmas.com\/galerias\/fotos\/2012\/4\/_10-9429b286-db08-102f-8edb-0019b9d5c8df.jpg\" alt=\"\" width=\"421\" height=\"427\" \/><\/p>\n<p style=\"text-align: justify;\"><strong>En la celebraci\u00f3n del 21 Aniversario del <a href=\"http:\/\/www.emiliosilveravazquez.com\/blog\/2013\/01\/01\/#\"><a href=\"#\" onclick=\"referencia('hubble',event); return false;\">Hubble<\/a><\/a>, en abril de 2011, apuntaron hacia el grupo de galaxias llamado Arp 273 y rescataron esta bella imagen.\u00a0 <\/strong><\/p>\n<p style=\"text-align: justify;\"><img decoding=\"async\" loading=\"lazy\" src=\"http:\/\/i2.esmas.com\/galerias\/fotos\/2012\/4\/_12-9735b376-db08-102f-8edb-0019b9d5c8df.jpg\" alt=\"\" width=\"581\" height=\"427\" \/><\/p>\n<p style=\"text-align: justify;\"><strong>El telescopio espacial <a href=\"http:\/\/www.emiliosilveravazquez.com\/blog\/2013\/01\/01\/#\"><a href=\"#\" onclick=\"referencia('hubble',event); return false;\">Hubble<\/a><\/a> ha logrado captar la extrema violencia del proceso de formaci\u00f3n de una estrella es su etapa final, en el que el objeto astron\u00f3mico se rebela contra su nebulosa. <\/strong><\/p>\n<p style=\"text-align: justify;\"><strong><\/strong><img decoding=\"async\" loading=\"lazy\" src=\"http:\/\/i2.esmas.com\/galerias\/fotos\/2012\/4\/_13-9866be8e-db08-102f-8edb-0019b9d5c8df.jpg\" alt=\"\" width=\"552\" height=\"427\" \/><\/p>\n<p style=\"text-align: justify;\"><strong>\u00a0<\/strong><\/p>\n<p style=\"text-align: justify;\"><strong>\u00a0 \u00a0 \u00a0 \u00a0 \u00a0 \u00a0 \u00a0 \u00a0\u00a0\u00a0\u00a0\u00a0\u00a0\u00a0\u00a0\u00a0\u00a0 Esta es una imagen de un anillo de <a href=\"http:\/\/www.emiliosilveravazquez.com\/blog\/2013\/01\/01\/#\"><a href=\"#\" onclick=\"referencia('agujero negro',event); return false;\">agujeros negros<\/a><\/a>. <\/strong><\/p>\n<p style=\"text-align: justify;\"><img decoding=\"async\" loading=\"lazy\" src=\"http:\/\/i2.esmas.com\/galerias\/fotos\/2012\/4\/_14-998a58c0-db08-102f-8edb-0019b9d5c8df.jpg\" alt=\"\" width=\"608\" height=\"310\" \/><\/p>\n<p style=\"text-align: justify;\">\u00a0 \u00a0 \u00a0 \u00a0 \u00a0 \u00a0 \u00a0 \u00a0\u00a0 \u00a0\u00a0\u00a0\u00a0\u00a0\u00a0\u00a0\u00a0\u00a0\u00a0\u00a0\u00a0\u00a0\u00a0\u00a0\u00a0\u00a0\u00a0\u00a0\u00a0\u00a0\u00a0\u00a0\u00a0\u00a0\u00a0\u00a0\u00a0\u00a0\u00a0\u00a0\u00a0\u00a0\u00a0\u00a0\u00a0\u00a0\u00a0\u00a0\u00a0 En el coraz\u00f3n de la Nebulosa Laguna<\/p>\n<p style=\"text-align: justify;\"><img decoding=\"async\" loading=\"lazy\" src=\"http:\/\/i2.esmas.com\/galerias\/fotos\/2012\/4\/_15-9a739544-db08-102f-8edb-0019b9d5c8df.jpg\" alt=\"\" width=\"516\" height=\"427\" \/><\/p>\n<p style=\"text-align: justify;\"><strong>La nebulosa IRAS 05437+2502, una peque\u00f1uela cercana a la constelaci\u00f3n de Tauro. <\/strong><\/p>\n<p style=\"text-align: justify;\"><img decoding=\"async\" loading=\"lazy\" id=\"il_fi\" src=\"http:\/\/1.bp.blogspot.com\/_iYDJ_a6UMJY\/S9TyLEt-M-I\/AAAAAAAACwE\/w-7cU4HK8gA\/s1600\/hubble2.jpg\" alt=\"\" width=\"544\" height=\"503\" \/><\/p>\n<p style=\"text-align: justify;\">\u00a0\u00a0\u00a0\u00a0\u00a0\u00a0\u00a0\u00a0\u00a0\u00a0\u00a0\u00a0\u00a0\u00a0\u00a0\u00a0\u00a0\u00a0\u00a0\u00a0\u00a0\u00a0\u00a0\u00a0\u00a0\u00a0\u00a0 \u00bfQu\u00e9 pintor podr\u00eda <a href=\"http:\/\/www.emiliosilveravazquez.com\/blog\/2013\/01\/01\/#\"><a href=\"#\" onclick=\"referencia('plasma',event); return false;\">plasma<\/a><\/a>r esta belleza creadora de estrrellas?<\/p>\n<p style=\"text-align: justify;\"><img decoding=\"async\" id=\"il_fi\" src=\"http:\/\/1.bp.blogspot.com\/-6PDiurxhl3g\/UIv31ztqnyI\/AAAAAAAAzTQ\/lEPiWMZ0H9U\/s1600\/Herschel_%3Ca%20href=\" alt=\"\" \/><\/p>\n<p style=\"text-align: justify;\">Los ingenios creados por nuestra civilizaci\u00f3n ha podido arrancar secretos de la Naturaleza que, ni so\u00f1ar podr\u00edan nuestros abuelos.<\/p>\n<p style=\"text-align: justify;\">El Tiempo sigue su camino imparable, siempre hacia adelante, ese lugar que llamamos futuro en el que pensamos estar\u00e1 todo lo que buscamos pero, siempre tendremos preguntas que hacer y que nadie sabr\u00e1 contestar pero, nuestro destino es seguir adelante y tratar de desvelar los secretos que la Naturaleza esconde\u2026, ella, tiene todas las respuestas.<\/p>\n<p style=\"text-align: justify;\">emilio silvera<\/p>\n<div class='bookmark'>\r\n\t\t<table align='left' border='0' cellpadding='0' width='100%'>\r\n\t\t<tr><td><span class='pushbutton'><a href='http:\/\/delicious.com\/post?url=http%3A%2F%2Fwww.emiliosilveravazquez.com%2Fblog%2F2016%2F03%2F14%2F%25c2%25bfque-nos-dira-la-fisica-y%25e2%2580%25a6-%25c2%25bfque-el-universo-en-2-016%2F&amp;title=%C2%BFQu%C3%A9+nos+dir%C3%A1+la+F%C3%ADsica%3F+y%E2%80%A6+%C2%BFQu%C3%A9+el+Universo%2C+en+2.016%3F' title='Delicious' target='_blank' rel='nofollow'><img src='http:\/\/www.emiliosilveravazquez.com\/blog\/wp-content\/plugins\/knxdt-bookmarks-wordpress-plugin\/images\/delicious.png'  alt='' class='book_img' border='none' style='margin:1px; padding: 0;'  \/><\/a><\/span><span class='pushbutton'><a href='http:\/\/digg.com\/submit?url=http%3A%2F%2Fwww.emiliosilveravazquez.com%2Fblog%2F2016%2F03%2F14%2F%25c2%25bfque-nos-dira-la-fisica-y%25e2%2580%25a6-%25c2%25bfque-el-universo-en-2-016%2F&amp;title=%C2%BFQu%C3%A9+nos+dir%C3%A1+la+F%C3%ADsica%3F+y%E2%80%A6+%C2%BFQu%C3%A9+el+Universo%2C+en+2.016%3F' title='Digg' target='_blank' rel='nofollow'><img src='http:\/\/www.emiliosilveravazquez.com\/blog\/wp-content\/plugins\/knxdt-bookmarks-wordpress-plugin\/images\/digg.png'  alt='' class='book_img' border='none' style='margin:1px; padding: 0;'  \/><\/a><\/span><span class='pushbutton'><a href='http:\/\/www.google.com\/bookmarks\/mark?op=edit&amp;bkmk=http%3A%2F%2Fwww.emiliosilveravazquez.com%2Fblog%2F2016%2F03%2F14%2F%25c2%25bfque-nos-dira-la-fisica-y%25e2%2580%25a6-%25c2%25bfque-el-universo-en-2-016%2F&amp;title=%C2%BFQu%C3%A9+nos+dir%C3%A1+la+F%C3%ADsica%3F+y%E2%80%A6+%C2%BFQu%C3%A9+el+Universo%2C+en+2.016%3F' title='Google' target='_blank' rel='nofollow'><img src='http:\/\/www.emiliosilveravazquez.com\/blog\/wp-content\/plugins\/knxdt-bookmarks-wordpress-plugin\/images\/google.png'   alt='' class='book_img' border='none' style='margin:1px; padding: 0;'  \/><\/a><\/span><span class='pushbutton'><a href='http:\/\/myweb2.search.yahoo.com\/myresults\/bookmarklet?u=http%3A%2F%2Fwww.emiliosilveravazquez.com%2Fblog%2F2016%2F03%2F14%2F%25c2%25bfque-nos-dira-la-fisica-y%25e2%2580%25a6-%25c2%25bfque-el-universo-en-2-016%2F&amp;t=%C2%BFQu%C3%A9+nos+dir%C3%A1+la+F%C3%ADsica%3F+y%E2%80%A6+%C2%BFQu%C3%A9+el+Universo%2C+en+2.016%3F' title='Yahoo' target='_blank' rel='nofollow'><img src='http:\/\/www.emiliosilveravazquez.com\/blog\/wp-content\/plugins\/knxdt-bookmarks-wordpress-plugin\/images\/yahoo.png'  alt='' class='book_img' border='none' style='margin:1px; padding: 0;'  \/><\/a><\/span><span class='pushbutton'><a href='http:\/\/www.technorati.com\/faves?add=http%3A%2F%2Fwww.emiliosilveravazquez.com%2Fblog%2F2016%2F03%2F14%2F%25c2%25bfque-nos-dira-la-fisica-y%25e2%2580%25a6-%25c2%25bfque-el-universo-en-2-016%2F' title='Technorati' target='_blank' rel='nofollow'><img src='http:\/\/www.emiliosilveravazquez.com\/blog\/wp-content\/plugins\/knxdt-bookmarks-wordpress-plugin\/images\/technorati.png'  alt='' class='book_img' border='none' style='margin:1px; padding: 0;'  \/><\/a><\/span><span class='pushbutton'><a href='http:\/\/meneame.net\/submit.php?url=http%3A%2F%2Fwww.emiliosilveravazquez.com%2Fblog%2F2016%2F03%2F14%2F%25c2%25bfque-nos-dira-la-fisica-y%25e2%2580%25a6-%25c2%25bfque-el-universo-en-2-016%2F' title='Meneame' target='_blank' rel='nofollow'><img src='http:\/\/www.emiliosilveravazquez.com\/blog\/wp-content\/plugins\/knxdt-bookmarks-wordpress-plugin\/images\/meneame.png'  alt='' class='book_img' border='none' style='margin:1px; padding: 0;'  \/><\/a><\/span><span class='pushbutton'><a href='http:\/\/enchilame.com\/submit.php?url=http:\/\/www.emiliosilveravazquez.com\/blog\/2016\/03\/14\/%c2%bfque-nos-dira-la-fisica-y%e2%80%a6-%c2%bfque-el-universo-en-2-016\/' target='_blank' rel='nofollow'><img title='Enchilame' src='http:\/\/www.emiliosilveravazquez.com\/blog\/wp-content\/plugins\/knxdt-bookmarks-wordpress-plugin\/images\/enchilame.png'  alt='' class='book_img' border='none' style='margin:1px; padding: 0;'  \/><\/a><\/span><span class='pushbutton'><a href='http:\/\/www.blinklist.com\/index.php?Action=Blink\/addblink.php&amp;Description=&amp;Url=http%3A%2F%2Fwww.emiliosilveravazquez.com%2Fblog%2F2016%2F03%2F14%2F%25c2%25bfque-nos-dira-la-fisica-y%25e2%2580%25a6-%25c2%25bfque-el-universo-en-2-016%2F&amp;title=%C2%BFQu%C3%A9+nos+dir%C3%A1+la+F%C3%ADsica%3F+y%E2%80%A6+%C2%BFQu%C3%A9+el+Universo%2C+en+2.016%3F' title='BlinkList' target='_blank' rel='nofollow'><img src='http:\/\/www.emiliosilveravazquez.com\/blog\/wp-content\/plugins\/knxdt-bookmarks-wordpress-plugin\/images\/blinklist.png'  alt='' class='book_img' border='none' style='margin:1px; padding: 0;'  \/><\/a><\/span><span class='pushbutton'><a href='http:\/\/reddit.com\/submit?url=http%3A%2F%2Fwww.emiliosilveravazquez.com%2Fblog%2F2016%2F03%2F14%2F%25c2%25bfque-nos-dira-la-fisica-y%25e2%2580%25a6-%25c2%25bfque-el-universo-en-2-016%2F&amp;title=%C2%BFQu%C3%A9+nos+dir%C3%A1+la+F%C3%ADsica%3F+y%E2%80%A6+%C2%BFQu%C3%A9+el+Universo%2C+en+2.016%3F' title='Reddit' target='_blank' rel='nofollow'><img src='http:\/\/www.emiliosilveravazquez.com\/blog\/wp-content\/plugins\/knxdt-bookmarks-wordpress-plugin\/images\/reddit.png'  alt='' class='book_img' border='none' style='margin:1px; padding: 0;'  \/><\/a><\/span><span class='pushbutton'><a href='http:\/\/www.tecnologiadiaria.com\/2009\/07\/abrir-com-hotmail-correo.html' target='_blank' title='hotmail'><img src='http:\/\/www.emiliosilveravazquez.com\/blog\/wp-content\/plugins\/knxdt-bookmarks-wordpress-plugin\/images\/linklove.png' alt='hotmail correo' class='book_img' border='none' style='margin:1px; padding: 0;' \/><\/a><\/span><span class='pushbutton'><a href='http:\/\/bitacoras.com\/votar\/anotacion\/externo\/mini\/www.emiliosilveravazquez.com\/blog\/2016\/03\/14\/%c2%bfque-nos-dira-la-fisica-y%e2%80%a6-%c2%bfque-el-universo-en-2-016\/' title='Bitacoras.com' target='_blank' rel='nofollow'><img src='http:\/\/www.emiliosilveravazquez.com\/blog\/wp-content\/plugins\/knxdt-bookmarks-wordpress-plugin\/images\/bitacoras.png'  alt='' class='book_img' border='none' style='margin:1px; padding: 0;'  \/><\/a><\/span><span class='pushbutton'><a href='http:\/\/www.wikio.es\/vote?url=http%3A%2F%2Fwww.emiliosilveravazquez.com%2Fblog%2F2016%2F03%2F14%2F%25c2%25bfque-nos-dira-la-fisica-y%25e2%2580%25a6-%25c2%25bfque-el-universo-en-2-016%2F' title='Wikio' target='_blank' rel='nofollow'><img src='http:\/\/www.emiliosilveravazquez.com\/blog\/wp-content\/plugins\/knxdt-bookmarks-wordpress-plugin\/images\/wikio.png'   alt='' class='book_img' border='none' style='margin:1px; padding: 0;'   \/><\/a><\/span><span class='pushbutton'><a href='http:\/\/friendfeed.com\/?url=http%3A%2F%2Fwww.emiliosilveravazquez.com%2Fblog%2F2016%2F03%2F14%2F%25c2%25bfque-nos-dira-la-fisica-y%25e2%2580%25a6-%25c2%25bfque-el-universo-en-2-016%2F&amp;title=%C2%BFQu%C3%A9+nos+dir%C3%A1+la+F%C3%ADsica%3F+y%E2%80%A6+%C2%BFQu%C3%A9+el+Universo%2C+en+2.016%3F' title='Friend Feed' target='_blank' rel='nofollow'><img src='http:\/\/www.emiliosilveravazquez.com\/blog\/wp-content\/plugins\/knxdt-bookmarks-wordpress-plugin\/images\/friendfeed.png'  alt='' class='book_img' border='none' style='margin:1px; padding: 0;'  \/><\/a><\/span><span class='pushbutton'><a href='http:\/\/www.facebook.com\/share.php?u=http%3A%2F%2Fwww.emiliosilveravazquez.com%2Fblog%2F2016%2F03%2F14%2F%25c2%25bfque-nos-dira-la-fisica-y%25e2%2580%25a6-%25c2%25bfque-el-universo-en-2-016%2F&amp;t=%C2%BFQu%C3%A9+nos+dir%C3%A1+la+F%C3%ADsica%3F+y%E2%80%A6+%C2%BFQu%C3%A9+el+Universo%2C+en+2.016%3F' title='Facebook' target='_blank' rel='nofollow'><img src='http:\/\/www.emiliosilveravazquez.com\/blog\/wp-content\/plugins\/knxdt-bookmarks-wordpress-plugin\/images\/facebook.png'  alt='' class='book_img' border='none' style='margin:1px; padding: 0;'  \/><\/a><\/span><span class='pushbutton'><a href='http:\/\/twitter.com\/home?status=%C2%BFQu%C3%A9+nos+dir%C3%A1+la+F%C3%ADsica%3F+y%E2%80%A6+%C2%BFQu%C3%A9+el+Universo%2C+en+2.016%3F: http%3A%2F%2Fwww.emiliosilveravazquez.com%2Fblog%2F2016%2F03%2F14%2F%25c2%25bfque-nos-dira-la-fisica-y%25e2%2580%25a6-%25c2%25bfque-el-universo-en-2-016%2F' title='Twitter' target='_blank' rel='nofollow'><img src='http:\/\/www.emiliosilveravazquez.com\/blog\/wp-content\/plugins\/knxdt-bookmarks-wordpress-plugin\/images\/twitter.png'  alt='' class='book_img' border='none' style='margin:1px; padding: 0;'  \/><\/a><\/span><span class='pushbutton'><a href='http:\/\/www.feedburner.com\/fb\/a\/emailFlare?itemTitle=%C2%BFQu%C3%A9+nos+dir%C3%A1+la+F%C3%ADsica%3F+y%E2%80%A6+%C2%BFQu%C3%A9+el+Universo%2C+en+2.016%3F&amp;uri=http%3A%2F%2Fwww.emiliosilveravazquez.com%2Fblog%2F2016%2F03%2F14%2F%25c2%25bfque-nos-dira-la-fisica-y%25e2%2580%25a6-%25c2%25bfque-el-universo-en-2-016%2F' title='Enviar por Email' target='_blank' rel='nofollow'><img src='http:\/\/www.emiliosilveravazquez.com\/blog\/wp-content\/plugins\/knxdt-bookmarks-wordpress-plugin\/images\/email.png'  alt='' class='book_img' border='none' style='margin:1px; padding: 0;'  \/><\/a><\/span><span style='font-weight:bold; padding-left: 5px;'><a href='http:\/\/wordpress.org\/extend\/plugins\/knxdt-bookmarks-wordpress-plugin\/' title='Plugin' rel='nofollow' target='_blank'>[?]<\/a><\/span><\/td><\/tr><\/table><br\/><br\/><\/div>","protected":false},"excerpt":{"rendered":"<p>En los comienzos del universo, justo despu\u00e9s del Big Bang, existi\u00f3 un \u2018plasma de quarks y gluones, dos part\u00edculas confinadas hoy en la materia pero que entonces vagaban libremente\u2026 Ahora hemos constru\u00eddo aceleradores de part\u00edculas que tratan de recrear aquellos momentos para poder \u201cver\u201d lo que all\u00ed pas\u00f3 y, buscamos el origen de la masa [&hellip;]<\/p>\n","protected":false},"author":2,"featured_media":0,"comment_status":"open","ping_status":"open","sticky":false,"template":"","format":"standard","meta":{"_s2mail":"yes","footnotes":""},"categories":[144],"tags":[],"_links":{"self":[{"href":"http:\/\/www.emiliosilveravazquez.com\/blog\/wp-json\/wp\/v2\/posts\/14770"}],"collection":[{"href":"http:\/\/www.emiliosilveravazquez.com\/blog\/wp-json\/wp\/v2\/posts"}],"about":[{"href":"http:\/\/www.emiliosilveravazquez.com\/blog\/wp-json\/wp\/v2\/types\/post"}],"author":[{"embeddable":true,"href":"http:\/\/www.emiliosilveravazquez.com\/blog\/wp-json\/wp\/v2\/users\/2"}],"replies":[{"embeddable":true,"href":"http:\/\/www.emiliosilveravazquez.com\/blog\/wp-json\/wp\/v2\/comments?post=14770"}],"version-history":[{"count":0,"href":"http:\/\/www.emiliosilveravazquez.com\/blog\/wp-json\/wp\/v2\/posts\/14770\/revisions"}],"wp:attachment":[{"href":"http:\/\/www.emiliosilveravazquez.com\/blog\/wp-json\/wp\/v2\/media?parent=14770"}],"wp:term":[{"taxonomy":"category","embeddable":true,"href":"http:\/\/www.emiliosilveravazquez.com\/blog\/wp-json\/wp\/v2\/categories?post=14770"},{"taxonomy":"post_tag","embeddable":true,"href":"http:\/\/www.emiliosilveravazquez.com\/blog\/wp-json\/wp\/v2\/tags?post=14770"}],"curies":[{"name":"wp","href":"https:\/\/api.w.org\/{rel}","templated":true}]}}