{"id":14745,"date":"2024-09-01T08:06:13","date_gmt":"2024-09-01T07:06:13","guid":{"rendered":"http:\/\/www.emiliosilveravazquez.com\/blog\/?p=14745"},"modified":"2024-09-01T08:06:54","modified_gmt":"2024-09-01T07:06:54","slug":"si-el-universo-es%e2%80%a6-%c2%a1asombroso-2","status":"publish","type":"post","link":"http:\/\/www.emiliosilveravazquez.com\/blog\/2024\/09\/01\/si-el-universo-es%e2%80%a6-%c2%a1asombroso-2\/","title":{"rendered":"S\u00ed, el Universo es\u2026 \u00a1Asombroso!"},"content":{"rendered":"<div><a href=\"http:\/\/www.emiliosilveravazquez.com\/blog\/2014\/05\/06\/si-muchas-son-las-cosas-que-no-sabemos-2\/\" rel=\"prev\">S\u00ed, muchas son, las cosas que no sabemos<\/a><\/div>\n<p>&nbsp;<\/p>\n<p><iframe loading=\"lazy\" title=\"&quot;No hay materia oscura&quot; - \u00a1El telescopio James Webb observa galaxias durante el amanecer c\u00f3smico!\" width=\"500\" height=\"281\" src=\"https:\/\/www.youtube.com\/embed\/mAAPmJDwtUg?feature=oembed\" frameborder=\"0\" allow=\"accelerometer; autoplay; clipboard-write; encrypted-media; gyroscope; picture-in-picture; web-share\" referrerpolicy=\"strict-origin-when-cross-origin\" allowfullscreen><\/iframe><\/p>\n<p><strong>Por fin, parece que al final llevaba raz\u00f3n&#8230; \u00a1No existe la materia Oscura&#8221;.<\/strong><\/p>\n<p>&nbsp;<\/p>\n<p><img decoding=\"async\" src=\"https:\/\/i.pinimg.com\/564x\/00\/41\/a4\/0041a465879180857159aeb3c71f9efa.jpg\" alt=\"Descubren part\u00edculas hipot\u00e9ticas que pueden revelar secretos de la materia oscura\" \/><\/p>\n<p><img decoding=\"async\" loading=\"lazy\" class=\"\" src=\"https:\/\/i.imgur.com\/2AxcQie.png\" width=\"737\" height=\"129\" \/><\/p>\n<p>&nbsp;<\/p>\n<div>\n<div style=\"text-align: justify;\">\n<p><img decoding=\"async\" loading=\"lazy\" id=\"irc_mi\" src=\"http:\/\/3.bp.blogspot.com\/-gm3AGaTiaOc\/TxBWAwS1hpI\/AAAAAAAAD1E\/jTG0ZlMX1mk\/s1600\/neurona.jpg\" alt=\"\" width=\"400\" height=\"300\" \/><\/p>\n<\/div>\n<p><img decoding=\"async\" loading=\"lazy\" class=\"\" src=\"https:\/\/i.imgur.com\/ezPjq62.png\" width=\"725\" height=\"198\" \/><\/p>\n<p><img decoding=\"async\" loading=\"lazy\" class=\"\" src=\"https:\/\/www.elviejotopo.com\/wp-content\/uploads\/2021\/07\/Planck.jpg\" alt=\"Planck. Guiado por una visi\u00f3n, roto por la guerra | El Viejo Topo\" width=\"430\" height=\"316\" \/><\/p>\n<p><strong>Max Planck<\/strong><\/p>\n<div style=\"text-align: justify;\">\n<div>Como dec\u00eda el viejo F\u00edsico que se relacionaba de manera muy directa con la Naturaleza y el Universo: <strong>\u201cLo que nos enfrente al mayor dilema es, que nosotros somos parte del problema que queremos resolver, como parte del Universo que somos.\u201d<\/strong> No hemos podido llegar a comprender plenamente, de los mecanismos que hicieron posible la consciencia en nuestros cerebros, de que estos, generen un Ente que le es exterior e inmaterial que llamamos Mente, y, que todo eso pudiera surgir a partir de la \u201cmateria inerte\u201d, que, cuando m\u00e1s la vamos conocimiento, menos inerte nos parece.<\/div>\n<div><\/div>\n<\/div>\n<\/div>\n<p><img decoding=\"async\" src=\"https:\/\/antwrp.gsfc.nasa.gov\/apod\/image\/9701\/ngc2359cen_cfa.jpg\" alt=\"Nebulosas circunferidas al complejo binario Wolf-Rayet-BAT99-49 |\" \/><img decoding=\"async\" loading=\"lazy\" class=\"\" src=\"https:\/\/antwrp.gsfc.nasa.gov\/apod\/image\/9701\/ngc2359_cfa_big.jpg\" alt=\"S\u00ed, el Universo es\u2026 \u00a1Asombroso! : Blog de Emilio Silvera V.\" width=\"458\" height=\"463\" \/><\/p>\n<p>&nbsp;<\/p>\n<div>\n<p style=\"text-align: justify;\"><strong>El complejo binario Wolf-Rayet BATT99-49<\/strong>, nos muestra como sus energ\u00edas producen coloridos tonos en la espesas nubes de gas hidr\u00f3geno que ocultan las estrellas nuevas de potente radiaci\u00f3n que ionizan el lugar. Aqu\u00ed podemos contemplar la bonita imagen conseguida por la unidad Melipal del telescopio VLT, del Observatorio Europeo del Sur , resuelve con espl\u00e9ndido detalle el complejo BAT99-49 de esta nebulosa. La luz emitida por los \u00e1tomos de helio se registra en azules, la del ox\u00edgeno en verdes y la del hidr\u00f3geno en rojos. Una de las estrellas de esta dupla es del tipo enigm\u00e1tico Wolf-Rayet , mientras que la otra es una estrella O masiva. Esta pareja estelar y su nebulosa se encuentran en la Gran Nube de Magallanes , la m\u00e1s grande de las galaxias-sat\u00e9lite de nuestra V\u00eda L\u00e1ctea . Las estrellas Wolf-Rayet constituyen uno de los objetos m\u00e1s calientes del universo, mientras que las O son las m\u00e1s energ\u00e9ticas y masivas de la secuencia principal de evoluci\u00f3n estelar.<\/p>\n<\/div>\n<p>&nbsp;<\/p>\n<p><img decoding=\"async\" src=\"https:\/\/www.sea-astronomia.es\/sites\/default\/files\/viento_estelar_burbuja_iac.jpg\" alt=\"viento solar y viento estelar | Sociedad espa\u00f1ola de astronom\u00eda\" \/><\/p>\n<div>\n<p style=\"text-align: justify;\">\u00a0\u00a0 <strong>\u00a0 \u00a0 \u00a0 Vientos solares que crean burbujas en la Nebulosa<\/strong><\/p>\n<\/div>\n<p>&nbsp;<\/p>\n<p><img decoding=\"async\" loading=\"lazy\" class=\"\" src=\"https:\/\/upload.wikimedia.org\/wikipedia\/commons\/8\/89\/NGC_7635_%28vivid%29.jpg\" alt=\"NGC 7635 - Wikipedia, la enciclopedia libre\" width=\"494\" height=\"367\" \/><\/p>\n<blockquote>\n<h1 class=\"GW0XC indIKd cS4Vcb-pGL6qe-fwJd0c\" style=\"text-align: justify;\">&#8220;NGC 7635 es una\u00a0<a title=\"Nebulosa de emisi\u00f3n\" href=\"https:\/\/es.wikipedia.org\/wiki\/Nebulosa_de_emisi%C3%B3n\">nebulosa de emisi\u00f3n<\/a>, una\u00a0<a title=\"Regi\u00f3n H II\" href=\"https:\/\/es.wikipedia.org\/wiki\/Regi%C3%B3n_H_II\">regi\u00f3n H II<\/a>, en la\u00a0<a title=\"Constelaci\u00f3n\" href=\"https:\/\/es.wikipedia.org\/wiki\/Constelaci%C3%B3n\">constelaci\u00f3n<\/a>\u00a0de\u00a0<a title=\"Casiopea (constelaci\u00f3n)\" href=\"https:\/\/es.wikipedia.org\/wiki\/Casiopea_(constelaci%C3%B3n)\">Casiopea<\/a>, cerca del\u00a0<a title=\"C\u00famulo abierto\" href=\"https:\/\/es.wikipedia.org\/wiki\/C%C3%BAmulo_abierto\">c\u00famulo abierto<\/a>\u00a0<a class=\"mw-disambig\" title=\"M52\" href=\"https:\/\/es.wikipedia.org\/wiki\/M52\">M52<\/a>. Se ha originado por el\u00a0<a class=\"mw-redirect\" title=\"Viento estelar\" href=\"https:\/\/es.wikipedia.org\/wiki\/Viento_estelar\">viento estelar<\/a>\u00a0de la\u00a0<a title=\"Estrella\" href=\"https:\/\/es.wikipedia.org\/wiki\/Estrella\">estrella<\/a>\u00a0central\u00a0<a title=\"SAO 20575\" href=\"https:\/\/es.wikipedia.org\/wiki\/SAO_20575\">SAO 20575<\/a>\u00a0(<a class=\"mw-redirect\" title=\"BD+60 2522\" href=\"https:\/\/es.wikipedia.org\/wiki\/BD%2B60_2522\">BD+60 2522<\/a>), de\u00a0<a title=\"Magnitud aparente\" href=\"https:\/\/es.wikipedia.org\/wiki\/Magnitud_aparente\">magnitud aparente<\/a>\u00a08,7. Debido a su forma, se la llama tambi\u00e9n\u00a0<b>nebulosa de la Burbuja<\/b>.&#8221;<\/h1>\n<\/blockquote>\n<div>\n<p style=\"text-align: justify;\">Las <strong>estrellas de Wolf-Rayet<\/strong> o <strong>estrellas Wolf-Rayet<\/strong> (abreviadas frecuentemente como WR) son estrellas masivas (con m\u00e1s de 20-30 <a title=\"Masas solares\" href=\"http:\/\/es.wikipedia.org\/wiki\/Masas_solares\">masas solares<\/a>), calientes y evolucionadas que sufren grandes p\u00e9rdidas de masa debido a intensos vientos solares.<\/p>\n<p>&nbsp;<\/p>\n<p style=\"text-align: justify;\">\u00a0 \u00a0 \u00a0 \u00a0 \u00a0 \u00a0 \u00a0 \u00a0 \u00a0 \u00a0 \u00a0 \u00a0 \u00a0 \u00a0 \u00a0 \u00a0 \u00a0 \u00a0 \u00a0 \u00a0 \u00a0 \u00a0 \u00a0 \u00a0 \u00a0<img decoding=\"async\" loading=\"lazy\" id=\"irc_mi\" src=\"http:\/\/media4.obspm.fr\/public\/VAU\/images\/evolucion\/etacarinaevlt.jpg\" alt=\"\" width=\"418\" height=\"418\" \/><\/p>\n<p>&nbsp;<\/p>\n<p style=\"text-align: justify;\">Este tipo de estrellas tiene temperaturas superficiales de entre de 25.000 \u2013 50.000 K (en algunos casos incluso m\u00e1s), elevadas luminosidades, y son muy azules, con su pico de emisi\u00f3n situado en el ultravioleta. Sus espectros muestran bandas de emisi\u00f3n brillantes correspondientes a hidr\u00f3geno o helio ionizado -los cuales son relativamente escasos-. La superficie estelar tambi\u00e9n presenta l\u00edneas de emisi\u00f3n anchas de carbono, nitr\u00f3geno y ox\u00edgeno.\u00a0 Constituyen el tipo espectral W, el cual se divide a su vez en tres tipos: WN (si abunda el nitr\u00f3geno, que se explica por la presencia en la superficie estelar de elementos que han intervenido en el ciclo CNO),\u00a0 y WC y WO (si abunda el carbono y si abunda el ox\u00edgeno respectivamente; el segundo es mucho m\u00e1s raro y en ambos casos, la presencia de dichos elementos se interpreta como la presencia en la fotosfera de productos del proceso triple alfa). Las estrellas <strong>Wolf-Rayet<\/strong> m\u00e1s brillantes son del primer tipo.<\/p>\n<p>&nbsp;<\/p>\n<p style=\"text-align: justify;\">\u00a0 \u00a0 \u00a0 \u00a0 \u00a0 \u00a0 \u00a0 \u00a0 \u00a0 \u00a0 \u00a0 \u00a0 \u00a0 \u00a0 \u00a0 \u00a0 \u00a0 \u00a0 \u00a0 \u00a0 \u00a0 \u00a0 \u00a0 \u00a0 \u00a0 \u00a0 \u00a0 \u00a0 \u00a0 \u00a0 <img decoding=\"async\" loading=\"lazy\" id=\"irc_mi\" src=\"http:\/\/upload.wikimedia.org\/wikipedia\/commons\/thumb\/5\/5d\/Triple-Alpha_Process.svg\/350px-Triple-Alpha_Process.svg.png\" alt=\"\" width=\"350\" height=\"233\" \/><\/p>\n<p style=\"text-align: justify;\"><strong>\u00a0 \u00a0 \u00a0 \u00a0 \u00a0 \u00a0 \u00a0 \u00a0 \u00a0 \u00a0 \u00a0 \u00a0 \u00a0 \u00a0 \u00a0 \u00a0 \u00a0 \u00a0 \u00a0Mediante el proceso Triple Alfa, las estrellas crean Carbono<\/strong><\/p>\n<p style=\"text-align: justify;\">A menudo suelen formar parte de sistemas binarios en los cuales la otra estrella suele ser tambi\u00e9n una estrella masiva de tipo espectral O y B, o bien, en unos pocos casos, un objeto colapsado como una estrella de <a href=\"http:\/\/www.emiliosilveravazquez.com\/blog\/2014\/05\/06\/si-el-universo-es-%C2%A1asombroso-2\/#\">neutrones<\/a> o un <a href=\"http:\/\/www.emiliosilveravazquez.com\/blog\/2014\/07\/14\/#\"><a href=\"#\" onclick=\"referencia('agujero negro',event); return false;\">agujero negro<\/a><\/a>.<\/p>\n<\/div>\n<p>&nbsp;<\/p>\n<p><img decoding=\"async\" src=\"https:\/\/scitechdaily.com\/images\/Dance-of-Binary-Black-Holes.gif\" alt=\"Esos extra\u00f1os objetos : Blog de Emilio Silvera V.\" \/><\/p>\n<p><img decoding=\"async\" loading=\"lazy\" class=\"\" src=\"https:\/\/i.imgur.com\/juzaS4F.png\" width=\"750\" height=\"127\" \/><\/p>\n<p><img decoding=\"async\" src=\"https:\/\/antwrp.gsfc.nasa.gov\/apod\/image\/0505\/ngc6559_cfht.jpg\" alt=\"Estrellas, polvo y nebulosa en NGC 6559 | Imagen astronom\u00eda diaria - Observatorio\" \/><\/p>\n<p>&nbsp;<\/p>\n<div>\n<p style=\"text-align: justify;\">Estas estrellas masivas tienen una vida m\u00e1s corta que las estrellas como nuestro Sol o las enanas rojas que, llegan a alcanzar edades m\u00e1s largas que la que tiene actualmente nuestro Universo. Lo normal es que una estrella muy masiva, que consume gas hidr\u00f3geno en cantidades asombrosas, es decir, que fusiona los materiales m\u00e1s sencillos en otros m\u00e1s complejos, viven unos pocos millones de a\u00f1os hasta que, no puede seguir fusionando material y queda a merced de la Gravedad que la comprime m\u00e1s y m\u00e1s, explota como Supernova para convertirse en un estrella de <a href=\"http:\/\/www.emiliosilveravazquez.com\/blog\/2014\/05\/06\/si-el-universo-es-%C2%A1asombroso-2\/#\">neutrones<\/a> o <a href=\"http:\/\/www.emiliosilveravazquez.com\/blog\/2014\/07\/14\/#\"><a href=\"#\" onclick=\"referencia('agujero negro',event); return false;\">agujero negro<\/a><\/a> y, las capas exteriores, son eyectadas al espacio interestelar para formar una Nebulosa.<\/p>\n<p>&nbsp;<\/p>\n<p style=\"text-align: justify;\">\u00a0 \u00a0 \u00a0 \u00a0 \u00a0 \u00a0 \u00a0 \u00a0 \u00a0 \u00a0 \u00a0 \u00a0 \u00a0 \u00a0 \u00a0 \u00a0 <img decoding=\"async\" loading=\"lazy\" id=\"irc_mi\" src=\"http:\/\/www.elrongroup.org\/im2\/clip_image001_0057.gif\" alt=\"\" width=\"250\" height=\"190\" \/><img decoding=\"async\" loading=\"lazy\" class=\"\" src=\"https:\/\/encrypted-tbn0.gstatic.com\/images?q=tbn:ANd9GcTJFraZXE_cuIWtjOrW2KUzLlEoxPpvGYSK1AwrYJucZZZiQi-ntIotj-T8fXvu40EThJY&amp;usqp=CAU\" alt=\"Un agujero negro cercano presenta disco de acreci\u00f3n deformado\" width=\"301\" height=\"191\" \/><\/p>\n<p>&nbsp;<\/p>\n<p style=\"text-align: justify;\">Los <a href=\"http:\/\/www.emiliosilveravazquez.com\/blog\/2014\/07\/14\/#\"><a href=\"#\" onclick=\"referencia('agujero negro',event); return false;\">agujeros negros<\/a><\/a>, aunque nadie ha podido visitar ninguno hasta el momento, se cree son los objetos m\u00e1s densos del universo y, hasta tal punto es as\u00ed que el material que los conforma se contrae tanto que, llega a desaparecer de nuestra vista y, estrellas de m\u00e1s de 80 0 100 masas solares, quedan as\u00ed, convertidas en puntos, o, <a href=\"http:\/\/www.emiliosilveravazquez.com\/blog\/2014\/07\/14\/#\"><a href=\"#\" onclick=\"referencia('singularidad',event); return false;\">singularidad<\/a><\/a>es de inmensa densidad y energ\u00eda. Hasta tal punto es as\u00ed que la gravedad que genera no deja escapar ni a la luz que, como sab\u00e9is, camina a 300.000 Km\/s.<\/p>\n<p style=\"text-align: justify;\">El Universo amigos m\u00edos, como siempre digo:<strong> \u00a1Es asombroso!<\/strong><\/p>\n<p>&nbsp;<\/p>\n<p style=\"text-align: justify;\"><img decoding=\"async\" loading=\"lazy\" src=\"http:\/\/www.dreig.eu\/caparazon\/wp-content\/brain.gif?351c3a\" alt=\"\" width=\"304\" height=\"205\" \/><img decoding=\"async\" loading=\"lazy\" class=\"\" src=\"https:\/\/us.123rf.com\/450wm\/frozenbunn\/frozenbunn2309\/frozenbunn230901336\/212689983-visualizaci%C3%B3n-de-conexiones-neuronales-en-el-cerebro-que-revelan-una-compleja-red-de-neuronas.jpg\" alt=\"Visualizaci\u00f3n De Conexiones Neuronales En El Cerebro Que Revelan Una Compleja Red De Neuronas Entrelazadas Que Resalta La Complejidad Del Funcionamiento Interno De La Mente. Fotos, retratos, im\u00e1genes y fotograf\u00eda de archivo libres de ...\" width=\"368\" height=\"206\" \/><\/p>\n<p style=\"text-align: justify;\">\u00a0\u00a0<strong>\u00a0\u00a0\u00a0\u00a0\u00a0\u00a0\u00a0 La compleja mara\u00f1a de conexiones sin fin<\/strong><\/p>\n<p style=\"text-align: justify;\">Lo hemos comentado aqu\u00ed en muchas ocasiones. El cerebro se cuenta entre los objetos m\u00e1s complicados del Universo y es, sin duda, una de las estructuras m\u00e1s notables que haya podido producir la evoluci\u00f3n y, si pensamos que toda esa inmensa complejidad ha tenido su origen en los materiales creados en las estrellas, no tendremos otra opci\u00f3n que la del asombro. \u00bfA partir de la materia \u201cinerte\u201d llegaron los pensamientos?<\/p>\n<p style=\"text-align: justify;\">Antes incluso del advenimiento de la moderna neurociencia, se sab\u00eda ya que el cerebro era necesario para la percepci\u00f3n, los sentimientos y los pensamientos. Lo que no est\u00e1 tan claro es por qu\u00e9 la conciencia se encuentra causalmente asociada a ciertos procesos cerebrales pero no a otros.<\/p>\n<p>&nbsp;<\/p>\n<p style=\"text-align: justify;\">\u00a0 \u00a0 \u00a0 \u00a0 \u00a0 \u00a0 \u00a0 \u00a0 \u00a0 \u00a0 \u00a0 \u00a0 \u00a0 \u00a0 \u00a0 \u00a0 \u00a0 \u00a0 \u00a0 \u00a0 \u00a0 \u00a0 \u00a0 \u00a0 \u00a0 <img decoding=\"async\" src=\"https:\/\/cuidatusaludcondiane.com\/wp-content\/uploads\/2013\/12\/8448.gif\" alt=\"Diferencias entre los cerebros de hombres y mujeres - Cuida tu salud con Diane P\u00e9rez\" \/><\/p>\n<p>&nbsp;<\/p>\n<p style=\"text-align: justify;\">En tanto que objeto y sistema, el cerebro humano es especial: su conectividad, su din\u00e1mica, su forma de funcionamiento, su relaci\u00f3n con el cuerpo al que ordena qu\u00e9 funciones debe desarrollar en cada momento dependiendo de tal o cual situaci\u00f3n dada y tambi\u00e9n su relaci\u00f3n con el mundo exterior a \u00e9l que, por medio de los sentidos, le hace llegar informaci\u00f3n de todo lo que ocurre para que, pueda ado0ptar en cada momento, las medidas m\u00e1s adecuadas. Su car\u00e1cter \u00fanico hace que ofrecer una imagen fidedigna del cerebro, que pueda expresar todo lo que es, se convierta en un reto extraordinario que, en este momento, la ciencia no puede cumplir. Sin embargo, s\u00ed que puede, al menos, dar alguna que otra pista de lo que el cerebro y la conciencia puedan llegar a ser y aunque, a\u00fan lejos de una imagen completa, s\u00ed se puede dar una imagen parcial que siempre ser\u00e1 mejor que nada, especialmente si nos da la suficiente informaci\u00f3n como para tener, una idea aproximada, de lo que el cerebro y la conciencia que surge de \u00e9l, pueden llegar a ser.<\/p>\n<p>&nbsp;<\/p>\n<p><img decoding=\"async\" loading=\"lazy\" class=\"\" src=\"https:\/\/www.elheraldo.co\/sites\/default\/files\/styles\/width_860\/public\/articulo\/2017\/01\/05\/cerebro.jpg?itok=0t0Ygpz2\" alt=\"Estudio revela que una parte del cerebro sigue creciendo durante edad adulta\" width=\"661\" height=\"373\" \/><\/p>\n<p>&nbsp;<\/p>\n<p style=\"text-align: justify;\">Si nos paramos a pensar en el hecho cierto de que, el cerebro humano adulto, con poco m\u00e1s de un kilo de peso, contiene unos cien mil millones de c\u00e9lulas nerviosas o neuronas, La capa ondulada m\u00e1s exterior o corteza cerebral, que es la parte del cerebro de evoluci\u00f3n m\u00e1s reciente, contiene alrededor de 30 mil millones de neuronas y m\u00e1s de un bill\u00f3n de conexiones o sina<a href=\"http:\/\/www.emiliosilveravazquez.com\/blog\/2014\/07\/14\/#\"><a href=\"#\" onclick=\"referencia('psi',event); return false;\">psi<\/a><\/a>s. Si contar\u00e1mos una sina<a href=\"http:\/\/www.emiliosilveravazquez.com\/blog\/2014\/07\/14\/#\"><a href=\"#\" onclick=\"referencia('psi',event); return false;\">psi<\/a><\/a>s cada segundo, tardar\u00edamos 32 millones de a\u00f1os en completar el recuento. Si consideramos el n\u00famero posible de circuitos neuronales, tenemos que hab\u00e9rnosla con cifras hiper-astron\u00f3micas: 10 seguido de un mill\u00f3n de ceros. No existe en el Universo ninguna otra cosa de la que pueda resultar una cantidad igual. Incluso el n\u00famero de part\u00edculas del universo conocido es de 10 seguido de tan s\u00f3lo 79 ceros. En comparaci\u00f3n con el n\u00famero de circuitos neuronales\u2026\u00a1No es nada!<\/p>\n<\/div>\n<p>&nbsp;<\/p>\n<div>\n<p style=\"text-align: justify;\">\u00a0 \u00a0 \u00a0 \u00a0 \u00a0 \u00a0 \u00a0 \u00a0 \u00a0 \u00a0 \u00a0 \u00a0 \u00a0 \u00a0 \u00a0 \u00a0 \u00a0 \u00a0 \u00a0 \u00a0 \u00a0<img decoding=\"async\" loading=\"lazy\" class=\"\" src=\"https:\/\/image.slidesharecdn.com\/3pptlaneuronasinapsis-200329071801\/85\/3-bases-biolgicas-de-la-conducta-la-neurona-sinapsis-1-320.jpg?cb=1668751171\" alt=\"3 BASES BIOL\u00d3GICAS DE LA CONDUCTA : LA NEURONA SINAPSIS | PPT\" width=\"479\" height=\"359\" \/><\/p>\n<p>&nbsp;<\/p>\n<p style=\"text-align: justify;\">El impulso nervioso viaja a lo largo del ax\u00f3n de la c\u00e9lula del cerebro, a trav\u00e9s del espacio sin\u00e1ptico a otra c\u00e9lula del cerebro y as\u00ed sucesivamente. Cuando una neurona se activa a otra de esta manera, es como si un interruptor se encendiera. Las neuronas se encienden, como una l\u00ednea de fichas de domin\u00f3 cayendo.\u00a0 Esta actividad es el proceso que crea el camino del pensamiento complejo, llamado tambi\u00e9n trazas de la memoria o caminos neuronales.<\/p>\n<p style=\"text-align: justify;\">El impulso nervioso viaja a lo largo del ax\u00f3n de la c\u00e9lula del cerebro, a trav\u00e9s del espacio sin\u00e1ptico a otra c\u00e9lula del cerebro y as\u00ed sucesivamente. Cuando una neurona se activa a otra de esta manera, es como si un interruptor se encendiera. Las neuronas se encienden, como una l\u00ednea de fichas de domin\u00f3 cayendo.\u00a0 Esta actividad es el proceso que crea el camino del pensamiento complejo, llamado tambi\u00e9n trazas de la memoria o caminos neuronales.<\/p>\n<p>&nbsp;<\/p>\n<p style=\"text-align: justify;\">\u00a0 \u00a0 \u00a0 \u00a0 \u00a0 \u00a0 \u00a0 \u00a0 \u00a0 \u00a0 \u00a0 \u00a0 \u00a0 \u00a0 \u00a0 \u00a0 \u00a0 \u00a0 \u00a0 \u00a0 \u00a0 <img decoding=\"async\" loading=\"lazy\" id=\"irc_mi\" src=\"http:\/\/3.bp.blogspot.com\/-QWg_3K58CCg\/ToU4q8vd5AI\/AAAAAAAABPg\/vm9oJAIzgeg\/s1600\/Neuronas1.jpg\" alt=\"\" width=\"414\" height=\"414\" \/><\/p>\n<p>&nbsp;<\/p>\n<p style=\"text-align: justify;\">Entrando de lleno en toda esta complejidad que a\u00fan, no hemos podido llegar a desvelar en toda su inmensidad y s\u00f3lo conocemos peque\u00f1as parcelas de su estructura y funcionamiento, podemos tener una idea (m\u00e1s o menos) acertada de lo muchom que nos queda por aprender de nosotros mismos, de nuestro cerebro y de nuestro centro neur\u00e1lgico d\u00f3nde se fabrican los pensamientos, surgen los sentimientos, se delata el dolor y la tristeza y, en f\u00edn, podr\u00edamos decir sin el menor temnor a equivocarnos que, aqu\u00ed, en este complejo entramado que llamamos cerebro, en el que reside la conciencia y de donde surge la mente, est\u00e1 todo lo importante que nos hace diferentes a otros seres que, con nosotros comparten el mismo planeta. Gracias a \u00e9sta compleja \u201cmaquina\u201d creada por la Naturaleza, podemos ser conscientes y \u201csaber\u201d del mundo, de nosotros, del universo en toda su magnitud y esplendor.<\/p>\n<p>&nbsp;<\/p>\n<p style=\"text-align: justify;\">\u00a0 \u00a0 \u00a0 \u00a0 \u00a0 \u00a0 \u00a0 \u00a0 \u00a0 \u00a0 \u00a0 \u00a0 \u00a0 \u00a0 \u00a0 \u00a0 \u00a0 \u00a0 \u00a0 \u00a0 \u00a0 \u00a0<img decoding=\"async\" loading=\"lazy\" class=\"\" src=\"http:\/\/2.bp.blogspot.com\/_oUkQW5QU8iM\/S3Cl-rXBRpI\/AAAAAAAABgI\/sYcdhPUX9KA\/s320\/cerebro_computadora.jpg\" alt=\"\" width=\"496\" height=\"367\" border=\"0\" \/><\/p>\n<p style=\"text-align: justify;\">No pocas veces hemos podido o\u00edr: \u201cEl cerebro es como una gran computadora\u201d. Lo cierto es que, no es verdad, nuestro cerebro, nuestra mente, es mucho m\u00e1s que ese algo artificial creado por el hombre y que, simplemente, trata de \u201cimitar\u201d de manera grosera, lo que el cerebro es. \u00bfC\u00f3mo puede una m\u00e1quina generar sentimientos? Y, \u00bfC\u00f3mo puede pensar? Bueno, la inteligencia del ser humano (precisamente basada en este maravilloso cerebro del que hablamos), podr\u00e1 crear sistemas que imiten y pretendan recrear lo que es un cerebro pero, al final del camino, ser\u00e1 otra cosa muy diferente. No digo si mejor o peor, pero distinta.<\/p>\n<p>&nbsp;<\/p>\n<p style=\"text-align: justify;\">\u00a0 \u00a0 \u00a0 \u00a0 \u00a0 \u00a0 \u00a0 \u00a0 \u00a0 \u00a0 \u00a0 \u00a0 \u00a0 \u00a0 \u00a0 \u00a0 \u00a0 \u00a0 \u00a0 \u00a0 \u00a0 \u00a0 \u00a0 \u00a0 \u00a0 \u00a0 \u00a0 \u00a0 \u00a0<img decoding=\"async\" loading=\"lazy\" id=\"il_fi\" src=\"http:\/\/www.monografias.com\/trabajos14\/neuronas\/Image825.jpg\" alt=\"\" width=\"400\" height=\"415\" \/><\/p>\n<p>&nbsp;<\/p>\n<p style=\"text-align: justify;\">Las neuronas de las que existen una gran variedad de formas, poseen unas proyecciones arborescentes llamadas dendritas mediante las cuales realizan las conexiones sin\u00e1pticas. posee asimismo una proyecci\u00f3n \u00fanica m\u00e1s larga, el ax\u00f3n, que establece conexiones sin\u00e1pticas con las dendritas o directamente con el cuerpo celular de otras neuronas. Nadie ha contado con precisi\u00f3n los diferentes tipos de neuronas del cerebro, pero uhna estima groso modo de unos cincuenta tipos seguramente no ser\u00eda excesiva. La longitud y patrones de ramificaci\u00f3n de las dendritas y el ax\u00f3n de un tipo determinado de neurona caen dentro de un rango de variaci\u00f3n determinado, pero incluso dentro de un mismo tipo, no existen dos c\u00e9lulas iguales.<\/p>\n<\/div>\n<p>&nbsp;<\/p>\n<p><img decoding=\"async\" loading=\"lazy\" class=\"\" src=\"https:\/\/encrypted-tbn0.gstatic.com\/images?q=tbn:ANd9GcT8iBbAZ6KnMpofoMS0wtUjmBRjKy6_wWvOqg&amp;usqp=CAU\" alt=\"Ubican posible lugar de la conciencia y no est\u00e1 en el cerebro - Uno TV\" width=\"542\" height=\"325\" \/><img decoding=\"async\" loading=\"lazy\" class=\"\" src=\"https:\/\/www.abc.es\/xlsemanal\/wp-content\/uploads\/sites\/5\/2023\/09\/christof-koch-cientifico-llave-consciencia.jpg\" alt=\"Christof Koch: El neurocient\u00edfico que m\u00e1s sabe de la conciencia | XLSemanal\" width=\"543\" height=\"518\" \/><\/p>\n<p><strong>La Conciencia siempre ha sido un tema de grandes debates \u00bfD\u00f3nde reside?<\/strong><\/p>\n<div>\n<p style=\"text-align: justify;\">Hemos examinado la escasa bibliograf\u00eda fisiol\u00f3gica existente que no es mucha m\u00e1s que la que hab\u00eda en la \u00e9poca de William James, por ejemplo, y hay que concluir diciendo que no existen pruebas suficientes para poder limitar los correlatos neuronales de la conciencia al menos del cerebro completo. Eso s\u00ed, se ha podido descubrir que s\u00f3lo una porci\u00f3n determinada de la actividad neuronal del cerebro, contribuye de forma directa a la conciencia -as\u00f3 se ha podido determinar de complejos y profundos experimentos con estimulaci\u00f3n y lesiones -o est\u00e1 relacionada de forma directa con aspectos de la experiencia consciente- como indican los estudios de registros de actividad neuronal. \u00bfQuiere esto decir que, en realidad, todav\u00eda s\u00f3lo utilizamos una m\u00ednima parte del cerebro? No lo sabemos con certeza. Pero lo que si parece es que utilizamos todo el cerebro con el que podemos contar hoy, ma\u00f1ana, cuando evolucionado desarrolle m\u00e1s intelecto, podremos utilizar lo que el cerebro podr\u00e1 ofrecer en el futuro.<\/p>\n<p style=\"text-align: justify;\"><strong>Emilio Silvera V.<\/strong><\/p>\n<\/div>\n<div class='bookmark'>\r\n\t\t<table align='left' border='0' cellpadding='0' width='100%'>\r\n\t\t<tr><td><span class='pushbutton'><a href='http:\/\/delicious.com\/post?url=http%3A%2F%2Fwww.emiliosilveravazquez.com%2Fblog%2F2024%2F09%2F01%2Fsi-el-universo-es%25e2%2580%25a6-%25c2%25a1asombroso-2%2F&amp;title=S%C3%AD%2C+el+Universo+es%E2%80%A6+%C2%A1Asombroso%21' title='Delicious' target='_blank' rel='nofollow'><img src='http:\/\/www.emiliosilveravazquez.com\/blog\/wp-content\/plugins\/knxdt-bookmarks-wordpress-plugin\/images\/delicious.png'  alt='' class='book_img' border='none' style='margin:1px; padding: 0;'  \/><\/a><\/span><span class='pushbutton'><a href='http:\/\/digg.com\/submit?url=http%3A%2F%2Fwww.emiliosilveravazquez.com%2Fblog%2F2024%2F09%2F01%2Fsi-el-universo-es%25e2%2580%25a6-%25c2%25a1asombroso-2%2F&amp;title=S%C3%AD%2C+el+Universo+es%E2%80%A6+%C2%A1Asombroso%21' title='Digg' target='_blank' rel='nofollow'><img src='http:\/\/www.emiliosilveravazquez.com\/blog\/wp-content\/plugins\/knxdt-bookmarks-wordpress-plugin\/images\/digg.png'  alt='' class='book_img' border='none' style='margin:1px; padding: 0;'  \/><\/a><\/span><span class='pushbutton'><a href='http:\/\/www.google.com\/bookmarks\/mark?op=edit&amp;bkmk=http%3A%2F%2Fwww.emiliosilveravazquez.com%2Fblog%2F2024%2F09%2F01%2Fsi-el-universo-es%25e2%2580%25a6-%25c2%25a1asombroso-2%2F&amp;title=S%C3%AD%2C+el+Universo+es%E2%80%A6+%C2%A1Asombroso%21' title='Google' target='_blank' rel='nofollow'><img src='http:\/\/www.emiliosilveravazquez.com\/blog\/wp-content\/plugins\/knxdt-bookmarks-wordpress-plugin\/images\/google.png'   alt='' class='book_img' border='none' style='margin:1px; padding: 0;'  \/><\/a><\/span><span class='pushbutton'><a href='http:\/\/myweb2.search.yahoo.com\/myresults\/bookmarklet?u=http%3A%2F%2Fwww.emiliosilveravazquez.com%2Fblog%2F2024%2F09%2F01%2Fsi-el-universo-es%25e2%2580%25a6-%25c2%25a1asombroso-2%2F&amp;t=S%C3%AD%2C+el+Universo+es%E2%80%A6+%C2%A1Asombroso%21' title='Yahoo' target='_blank' rel='nofollow'><img src='http:\/\/www.emiliosilveravazquez.com\/blog\/wp-content\/plugins\/knxdt-bookmarks-wordpress-plugin\/images\/yahoo.png'  alt='' class='book_img' border='none' style='margin:1px; padding: 0;'  \/><\/a><\/span><span class='pushbutton'><a href='http:\/\/www.technorati.com\/faves?add=http%3A%2F%2Fwww.emiliosilveravazquez.com%2Fblog%2F2024%2F09%2F01%2Fsi-el-universo-es%25e2%2580%25a6-%25c2%25a1asombroso-2%2F' title='Technorati' target='_blank' rel='nofollow'><img src='http:\/\/www.emiliosilveravazquez.com\/blog\/wp-content\/plugins\/knxdt-bookmarks-wordpress-plugin\/images\/technorati.png'  alt='' class='book_img' border='none' style='margin:1px; padding: 0;'  \/><\/a><\/span><span class='pushbutton'><a href='http:\/\/meneame.net\/submit.php?url=http%3A%2F%2Fwww.emiliosilveravazquez.com%2Fblog%2F2024%2F09%2F01%2Fsi-el-universo-es%25e2%2580%25a6-%25c2%25a1asombroso-2%2F' title='Meneame' target='_blank' rel='nofollow'><img src='http:\/\/www.emiliosilveravazquez.com\/blog\/wp-content\/plugins\/knxdt-bookmarks-wordpress-plugin\/images\/meneame.png'  alt='' class='book_img' border='none' style='margin:1px; padding: 0;'  \/><\/a><\/span><span class='pushbutton'><a href='http:\/\/enchilame.com\/submit.php?url=http:\/\/www.emiliosilveravazquez.com\/blog\/2024\/09\/01\/si-el-universo-es%e2%80%a6-%c2%a1asombroso-2\/' target='_blank' rel='nofollow'><img title='Enchilame' src='http:\/\/www.emiliosilveravazquez.com\/blog\/wp-content\/plugins\/knxdt-bookmarks-wordpress-plugin\/images\/enchilame.png'  alt='' class='book_img' border='none' style='margin:1px; padding: 0;'  \/><\/a><\/span><span class='pushbutton'><a href='http:\/\/www.blinklist.com\/index.php?Action=Blink\/addblink.php&amp;Description=&amp;Url=http%3A%2F%2Fwww.emiliosilveravazquez.com%2Fblog%2F2024%2F09%2F01%2Fsi-el-universo-es%25e2%2580%25a6-%25c2%25a1asombroso-2%2F&amp;title=S%C3%AD%2C+el+Universo+es%E2%80%A6+%C2%A1Asombroso%21' title='BlinkList' target='_blank' rel='nofollow'><img src='http:\/\/www.emiliosilveravazquez.com\/blog\/wp-content\/plugins\/knxdt-bookmarks-wordpress-plugin\/images\/blinklist.png'  alt='' class='book_img' border='none' style='margin:1px; padding: 0;'  \/><\/a><\/span><span class='pushbutton'><a href='http:\/\/reddit.com\/submit?url=http%3A%2F%2Fwww.emiliosilveravazquez.com%2Fblog%2F2024%2F09%2F01%2Fsi-el-universo-es%25e2%2580%25a6-%25c2%25a1asombroso-2%2F&amp;title=S%C3%AD%2C+el+Universo+es%E2%80%A6+%C2%A1Asombroso%21' title='Reddit' target='_blank' rel='nofollow'><img src='http:\/\/www.emiliosilveravazquez.com\/blog\/wp-content\/plugins\/knxdt-bookmarks-wordpress-plugin\/images\/reddit.png'  alt='' class='book_img' border='none' style='margin:1px; padding: 0;'  \/><\/a><\/span><span class='pushbutton'><a href='http:\/\/www.tecnologiadiaria.com\/2009\/07\/abrir-com-hotmail-correo.html' target='_blank' title='hotmail'><img src='http:\/\/www.emiliosilveravazquez.com\/blog\/wp-content\/plugins\/knxdt-bookmarks-wordpress-plugin\/images\/linklove.png' alt='hotmail correo' class='book_img' border='none' style='margin:1px; padding: 0;' \/><\/a><\/span><span class='pushbutton'><a href='http:\/\/bitacoras.com\/votar\/anotacion\/externo\/mini\/www.emiliosilveravazquez.com\/blog\/2024\/09\/01\/si-el-universo-es%e2%80%a6-%c2%a1asombroso-2\/' title='Bitacoras.com' target='_blank' rel='nofollow'><img src='http:\/\/www.emiliosilveravazquez.com\/blog\/wp-content\/plugins\/knxdt-bookmarks-wordpress-plugin\/images\/bitacoras.png'  alt='' class='book_img' border='none' style='margin:1px; padding: 0;'  \/><\/a><\/span><span class='pushbutton'><a href='http:\/\/www.wikio.es\/vote?url=http%3A%2F%2Fwww.emiliosilveravazquez.com%2Fblog%2F2024%2F09%2F01%2Fsi-el-universo-es%25e2%2580%25a6-%25c2%25a1asombroso-2%2F' title='Wikio' target='_blank' rel='nofollow'><img src='http:\/\/www.emiliosilveravazquez.com\/blog\/wp-content\/plugins\/knxdt-bookmarks-wordpress-plugin\/images\/wikio.png'   alt='' class='book_img' border='none' style='margin:1px; padding: 0;'   \/><\/a><\/span><span class='pushbutton'><a href='http:\/\/friendfeed.com\/?url=http%3A%2F%2Fwww.emiliosilveravazquez.com%2Fblog%2F2024%2F09%2F01%2Fsi-el-universo-es%25e2%2580%25a6-%25c2%25a1asombroso-2%2F&amp;title=S%C3%AD%2C+el+Universo+es%E2%80%A6+%C2%A1Asombroso%21' title='Friend Feed' target='_blank' rel='nofollow'><img src='http:\/\/www.emiliosilveravazquez.com\/blog\/wp-content\/plugins\/knxdt-bookmarks-wordpress-plugin\/images\/friendfeed.png'  alt='' class='book_img' border='none' style='margin:1px; padding: 0;'  \/><\/a><\/span><span class='pushbutton'><a href='http:\/\/www.facebook.com\/share.php?u=http%3A%2F%2Fwww.emiliosilveravazquez.com%2Fblog%2F2024%2F09%2F01%2Fsi-el-universo-es%25e2%2580%25a6-%25c2%25a1asombroso-2%2F&amp;t=S%C3%AD%2C+el+Universo+es%E2%80%A6+%C2%A1Asombroso%21' title='Facebook' target='_blank' rel='nofollow'><img src='http:\/\/www.emiliosilveravazquez.com\/blog\/wp-content\/plugins\/knxdt-bookmarks-wordpress-plugin\/images\/facebook.png'  alt='' class='book_img' border='none' style='margin:1px; padding: 0;'  \/><\/a><\/span><span class='pushbutton'><a href='http:\/\/twitter.com\/home?status=S%C3%AD%2C+el+Universo+es%E2%80%A6+%C2%A1Asombroso%21: http%3A%2F%2Fwww.emiliosilveravazquez.com%2Fblog%2F2024%2F09%2F01%2Fsi-el-universo-es%25e2%2580%25a6-%25c2%25a1asombroso-2%2F' title='Twitter' target='_blank' rel='nofollow'><img src='http:\/\/www.emiliosilveravazquez.com\/blog\/wp-content\/plugins\/knxdt-bookmarks-wordpress-plugin\/images\/twitter.png'  alt='' class='book_img' border='none' style='margin:1px; padding: 0;'  \/><\/a><\/span><span class='pushbutton'><a href='http:\/\/www.feedburner.com\/fb\/a\/emailFlare?itemTitle=S%C3%AD%2C+el+Universo+es%E2%80%A6+%C2%A1Asombroso%21&amp;uri=http%3A%2F%2Fwww.emiliosilveravazquez.com%2Fblog%2F2024%2F09%2F01%2Fsi-el-universo-es%25e2%2580%25a6-%25c2%25a1asombroso-2%2F' title='Enviar por Email' target='_blank' rel='nofollow'><img src='http:\/\/www.emiliosilveravazquez.com\/blog\/wp-content\/plugins\/knxdt-bookmarks-wordpress-plugin\/images\/email.png'  alt='' class='book_img' border='none' style='margin:1px; padding: 0;'  \/><\/a><\/span><span style='font-weight:bold; padding-left: 5px;'><a href='http:\/\/wordpress.org\/extend\/plugins\/knxdt-bookmarks-wordpress-plugin\/' title='Plugin' rel='nofollow' target='_blank'>[?]<\/a><\/span><\/td><\/tr><\/table><br\/><br\/><\/div>","protected":false},"excerpt":{"rendered":"<p>S\u00ed, muchas son, las cosas que no sabemos &nbsp; Por fin, parece que al final llevaba raz\u00f3n&#8230; \u00a1No existe la materia Oscura&#8221;. &nbsp; &nbsp; Max Planck Como dec\u00eda el viejo F\u00edsico que se relacionaba de manera muy directa con la Naturaleza y el Universo: \u201cLo que nos enfrente al mayor dilema es, que nosotros somos [&hellip;]<\/p>\n","protected":false},"author":2,"featured_media":0,"comment_status":"open","ping_status":"open","sticky":false,"template":"","format":"standard","meta":{"_s2mail":"yes","footnotes":""},"categories":[197],"tags":[],"_links":{"self":[{"href":"http:\/\/www.emiliosilveravazquez.com\/blog\/wp-json\/wp\/v2\/posts\/14745"}],"collection":[{"href":"http:\/\/www.emiliosilveravazquez.com\/blog\/wp-json\/wp\/v2\/posts"}],"about":[{"href":"http:\/\/www.emiliosilveravazquez.com\/blog\/wp-json\/wp\/v2\/types\/post"}],"author":[{"embeddable":true,"href":"http:\/\/www.emiliosilveravazquez.com\/blog\/wp-json\/wp\/v2\/users\/2"}],"replies":[{"embeddable":true,"href":"http:\/\/www.emiliosilveravazquez.com\/blog\/wp-json\/wp\/v2\/comments?post=14745"}],"version-history":[{"count":0,"href":"http:\/\/www.emiliosilveravazquez.com\/blog\/wp-json\/wp\/v2\/posts\/14745\/revisions"}],"wp:attachment":[{"href":"http:\/\/www.emiliosilveravazquez.com\/blog\/wp-json\/wp\/v2\/media?parent=14745"}],"wp:term":[{"taxonomy":"category","embeddable":true,"href":"http:\/\/www.emiliosilveravazquez.com\/blog\/wp-json\/wp\/v2\/categories?post=14745"},{"taxonomy":"post_tag","embeddable":true,"href":"http:\/\/www.emiliosilveravazquez.com\/blog\/wp-json\/wp\/v2\/tags?post=14745"}],"curies":[{"name":"wp","href":"https:\/\/api.w.org\/{rel}","templated":true}]}}