{"id":13692,"date":"2025-09-12T18:00:30","date_gmt":"2025-09-12T17:00:30","guid":{"rendered":"http:\/\/www.emiliosilveravazquez.com\/blog\/?p=13692"},"modified":"2025-09-12T09:45:36","modified_gmt":"2025-09-12T08:45:36","slug":"nuestra-imaginacion-es-mucho-mas-rcapida-que-la-luz","status":"publish","type":"post","link":"http:\/\/www.emiliosilveravazquez.com\/blog\/2025\/09\/12\/nuestra-imaginacion-es-mucho-mas-rcapida-que-la-luz\/","title":{"rendered":"Nuestra Imaginaci\u00f3n es mucho m\u00e1s r\u00e7apida que la luz"},"content":{"rendered":"<div>\n<h2 style=\"text-align: justify;\">\u00a0 <a href=\"http:\/\/www.emiliosilveravazquez.com\/blog\/2013\/07\/27\/%c2%bffilosofia-%c2%a1buscando-la-verdad-del-mundo\/\" rel=\"prev\">\u00bfFilosof\u00eda? \u00a1Buscando la verdad del mundo!<\/a><\/h2>\n<p>&nbsp;<\/p>\n<\/div>\n<p><iframe loading=\"lazy\" title=\"La Misteriosa Leyenda de la Atl\u00e1ntida : La Incre\u00edble Historia de la Ciudad Hundida | DOCUMENTAL\" width=\"500\" height=\"281\" src=\"https:\/\/www.youtube.com\/embed\/Hz1DEyMY4zU?feature=oembed\" frameborder=\"0\" allow=\"accelerometer; autoplay; clipboard-write; encrypted-media; gyroscope; picture-in-picture; web-share\" referrerpolicy=\"strict-origin-when-cross-origin\" allowfullscreen><\/iframe><\/p>\n<p>Una de las verdades perdidas en la noche de los Tiempos&#8230; \u00a1Es la ATLANTIDA!<\/p>\n<p>&nbsp;<\/p>\n<p><img decoding=\"async\" loading=\"lazy\" class=\"\" src=\"https:\/\/i.imgur.com\/WyotDMt.png\" width=\"724\" height=\"176\" \/><\/p>\n<div style=\"text-align: justify;\">\n<div><a href=\"http:\/\/www.emiliosilveravazquez.com\/blog\/2013\/07\/27\/%c2%a1nuestras-mentes-esas-desconocidas-2\/\" rel=\"next\">\u00a1Nuestras Mentes! Esas desconocidas<\/a><\/div>\n<\/div>\n<div><\/div>\n<div>Pero veamos si la imaginaci\u00f3n es m\u00e1s r\u00e1pida que la luz.<\/div>\n<div><\/div>\n<div><\/div>\n<div><img decoding=\"async\" src=\"http:\/\/3.bp.blogspot.com\/-Jwz83Z3Sveg\/UDFf-6QFeWI\/AAAAAAAAI_E\/dRa4ZNhdPr4\/s1600\/29062007%255B1%255D.jpg\" \/><\/div>\n<div><\/div>\n<div><img decoding=\"async\" loading=\"lazy\" class=\"\" src=\"https:\/\/i.imgur.com\/EkEUq0Z.png\" width=\"782\" height=\"108\" \/><\/div>\n<div><\/div>\n<h3 style=\"text-align: justify;\"><img decoding=\"async\" title=\"Primeras im\u00e1genes de Marte en 3D: Publican video del planeta hecho por la c\u00e1mara est\u00e9reo\" src=\"http:\/\/esp.rt.com\/actualidad\/public_images\/046\/046af7691b330ea344b812ea21b5cfc7_article.jpg\" alt=\"Primeras im\u00e1genes de Marte en 3D: Publican video del planeta hecho por la c\u00e1mara est\u00e9reo\" \/><\/h3>\n<h3 style=\"text-align: justify;\">\u00a0 \u00a0 \u00a0 \u00a0 \u00bfCu\u00e1ntas veces habr\u00e9 &#8220;visitado&#8221; Marte con la Imaginaci\u00f3n?<\/h3>\n<p style=\"text-align: justify;\">Pero bajemos hasta la realidad y pongamos los pies en el suelo, veamos que cosas pasan por aqu\u00ed, en nuestro mundo real que, a veces, tambi\u00e9n resultan tan fant\u00e1sticas como viajar a Marte con el pensamiento.<\/p>\n<p>&nbsp;<\/p>\n<p><img decoding=\"async\" loading=\"lazy\" class=\"\" src=\"https:\/\/static.nationalgeographic.es\/files\/styles\/image_3200\/public\/4381.600x450.jpg?w=760&amp;h=570\" alt=\"La misi\u00f3n de la NASA Gravity Probe confirma dos teor\u00edas de Einstein\" width=\"664\" height=\"498\" \/><\/p>\n<p>&nbsp;<\/p>\n<div>\n<p style=\"text-align: justify;\">Sat\u00e9lite <em>Gravity Probe B<\/em>. Dedicado a medir la curvatura del campo gravitatorio terrestre debido a la teor\u00eda de la <a href=\"http:\/\/www.emiliosilveravazquez.com\/blog\/2013\/07\/27\/la-imaginacion-%C2%A1mucho-mas-rapida-que-la-luz\/#\"><a href=\"#\" onclick=\"referencia('relatividad',event); return false;\">relatividad<\/a><\/a> de <a href=\"http:\/\/www.emiliosilveravazquez.com\/blog\/2013\/07\/27\/la-imaginacion-%C2%A1mucho-mas-rapida-que-la-luz\/#\"><a href=\"#\" onclick=\"referencia('einstein',event); return false;\">Einstein<\/a><\/a>. La gravedad ha sido medida y comprobada de muchas maneras pero\u2026 \u00a1Gravedad cu\u00e1ntica! \u00bfqu\u00e9 es eso? La imaginaci\u00f3n anda m\u00e1s r\u00e1pida que los conocimientos. Sin embargo, as\u00ed hemos ido avanzando en el transcurrir del Tiempo. Hace algunos miles de a\u00f1os algunos imaginaron la existencia del \u00e1tomo y de los elementos y, ya sab\u00e9is lo que de esas cuestiones sabemos hoy.<\/p>\n<p>&nbsp;<\/p>\n<blockquote>\n<p style=\"text-align: justify;\"><img decoding=\"async\" loading=\"lazy\" class=\"\" src=\"http:\/\/bp3.blogger.com\/_DvHSK-p7zDo\/SAIj4NNXG_I\/AAAAAAAAAgY\/dXnOAdCX588\/s320\/Quantumgravity.gif\" alt=\"Gravedad cu\u00e1ntica\" width=\"530\" height=\"437\" \/><\/p>\n<p>&nbsp;<\/p><\/blockquote>\n<p style=\"text-align: justify;\">La llamada gravedad cu\u00e1ntica trata de fundir en una sola las dos teor\u00edas f\u00edsicas m\u00e1s soberbias con las que contamos, la <a href=\"http:\/\/www.emiliosilveravazquez.com\/blog\/2013\/07\/27\/la-imaginacion-%C2%A1mucho-mas-rapida-que-la-luz\/#\"><a href=\"#\" onclick=\"referencia('relatividad',event); return false;\">relatividad<\/a><\/a> general y la mec\u00e1nica cu\u00e1ntica, que en el estado actual de nuestro conocimiento parecen incompatibles. Su estudio, ahora mismo, es en algunos aspectos an\u00e1logo a la f\u00edsica de hace cien a\u00f1os, cuando se cre\u00eda en los \u00e1tomos, pero se ignaraban los detalles de su estructura.<\/p>\n<p style=\"text-align: justify;\">Desde aquel d\u00eda en que Kaluza, le escribi\u00f3 a <a href=\"http:\/\/www.emiliosilveravazquez.com\/blog\/2013\/07\/27\/la-imaginacion-%C2%A1mucho-mas-rapida-que-la-luz\/#\"><a href=\"#\" onclick=\"referencia('einstein',event); return false;\">Einstein<\/a><\/a> una carta con su teor\u00eda de las cinco dimensiones, en la que un\u00eda la Gravedad con el Electromagnetismo, la puerta de las dimensiones m\u00e1s altas qued\u00f3 abierta y a los te\u00f3ricos se les regal\u00f3 una herramienta maravillosa: el hiperespacio; todo es posible. Hasta el matrimonio de la <a href=\"http:\/\/www.emiliosilveravazquez.com\/blog\/2013\/07\/27\/la-imaginacion-%C2%A1mucho-mas-rapida-que-la-luz\/#\"><a href=\"#\" onclick=\"referencia('relatividad',event); return false;\">relatividad<\/a><\/a> general y la mec\u00e1nica cu\u00e1ntica, all\u00ed s\u00ed es posible encontrar esa so\u00f1ada teor\u00eda de la gravedad cu\u00e1ntica.<\/p>\n<p style=\"text-align: justify;\">As\u00ed que las teor\u00edas se han embarcado a la b\u00fasqueda de un objeto audaz: buscan una teor\u00eda que describa la simplicidad primigenia que reinaba en el intenso calor del universo en sus primeros tiempos; una teor\u00eda carente de par\u00e1metros, donde est\u00e9n presentes todas las respuestas. Todo debe ser contestado a partir de una ecuaci\u00f3n b\u00e1sica.<\/p>\n<\/div>\n<p>&nbsp;<\/p>\n<p><img decoding=\"async\" loading=\"lazy\" class=\"\" src=\"https:\/\/images.theconversation.com\/files\/558942\/original\/file-20231112-25-20zwgc.jpg?ixlib=rb-4.1.0&amp;rect=0%2C386%2C2000%2C999&amp;q=45&amp;auto=format&amp;w=1356&amp;h=668&amp;fit=crop\" alt=\"La imagen m\u00e1s completa del universo (incluida una estrella ...\" width=\"820\" height=\"404\" \/><\/p>\n<div>\n<p>&nbsp;<\/p>\n<p style=\"text-align: justify;\">Claro que saber, lo que el universo es, leyendo una ecuaci\u00f3n, por muy ingeniosa que \u00e9sta sea y por mucho que la misma pueda abarcar\u2026 Parece poco probable. \u00bfD\u00f3nde radica el problema? El problema est\u00e1 en que la \u00fanica teor\u00eda candidata no tiene conexi\u00f3n directa con el mundo de la observaci\u00f3n, o no lo tiene todav\u00eda si queremos expresarnos con propiedad. La energ\u00eda necesaria para ello, no la tiene ni el nuevo acelerador de part\u00edculas LHC, la m\u00e1quina m\u00e1s potente del mundo hasta el momento.<\/p>\n<p style=\"text-align: justify;\">La verdad es que la teor\u00eda que ahora tenemos, el modelo est\u00e1ndar, concuerda de manera exacta con todos los datos a bajas energ\u00edas y contesta cosas sin sentido a altas energ\u00edas. \u00a1Necesitamos algo m\u00e1s avanzado!<\/p>\n<p>&nbsp;<\/p>\n<p style=\"text-align: justify;\"><img decoding=\"async\" loading=\"lazy\" id=\"irc_mi\" src=\"http:\/\/4.bp.blogspot.com\/_nbADpD65WD4\/S7pYo8DgcEI\/AAAAAAAAaQs\/FMVUtVW1iso\/s1600\/100330c.png\" alt=\"\" width=\"440\" height=\"292\" \/><img decoding=\"async\" loading=\"lazy\" class=\"\" src=\"http:\/\/t3.gstatic.com\/images?q=tbn:ANd9GcRa8XQ7TwNtCh-vNBzyvLv62uwaqJJ_TpdsHmWQOIGlBWOfld3n\" alt=\"\" width=\"456\" height=\"293\" name=\"hpeX3IcUXEHLHM:\" data-src=\"http:\/\/t3.gstatic.com\/images?q=tbn:ANd9GcRa8XQ7TwNtCh-vNBzyvLv62uwaqJJ_TpdsHmWQOIGlBWOfld3n\" data-sz=\"f\" \/><\/p>\n<p>&nbsp;<\/p>\n<p style=\"text-align: justify;\">A pesar de su grandeza, se queda corto para que nos pueda decir, lo que necesitamos saber: Si nos habl\u00f3 del Bos\u00f3n de <a href=\"http:\/\/www.emiliosilveravazquez.com\/blog\/2013\/07\/27\/la-imaginacion-%C2%A1mucho-mas-rapida-que-la-luz\/#\"><a href=\"#\" onclick=\"referencia('higgs',event); return false;\">Higgs<\/a><\/a>, por el momento no est\u00e1 nada mal, y, ahora, en su nueva etapa, seguramente nos dar\u00e1 alguna sorpresa y nos puede desvelar alg\u00fan que otro secreto de la materia, del universo que presentimos y no podemos ver.<\/p>\n<p style=\"text-align: justify;\">Se dijo\u00a0 que la funci\u00f3n de la part\u00edcula de <a href=\"http:\/\/www.emiliosilveravazquez.com\/blog\/2013\/07\/27\/la-imaginacion-%C2%A1mucho-mas-rapida-que-la-luz\/#\"><a href=\"#\" onclick=\"referencia('higgs',event); return false;\">Higgs<\/a><\/a> era la de dar masa a las part\u00edculas que carecen de ella, disfrazando as\u00ed la verdadera simetr\u00eda del mundo. Cuando su autor lanz\u00f3 la idea a la comunidad cient\u00edfica, result\u00f3 adem\u00e1s de nueva, muy extra\u00f1a. El secreto de todo radica en conseguir la simplicidad: el \u00e1tomo result\u00f3 ser complejo, lleno de esas infinitesimales part\u00edculas electromagn\u00e9ticas que bautizamos con el nombre de <a href=\"http:\/\/www.emiliosilveravazquez.com\/blog\/2013\/07\/27\/la-imaginacion-%C2%A1mucho-mas-rapida-que-la-luz\/#\">electrones<\/a>, y, el n\u00facleo, una parte entre cien mil del total del \u00e1tomo, result\u00f3 ser de una complejidad asombrosa. All\u00ed los <a href=\"#\" onclick=\"referencia('nucleones',event); return false;\">nucleones<\/a> (<a href=\"#\" onclick=\"referencia('proton',event); return false;\">protones<\/a> y <a href=\"#\" onclick=\"referencia('neutron',event); return false;\">neutrones<\/a>) resultaron estar hechos por tripletes de Quarks que, confinados por la <a href=\"#\" onclick=\"referencia('fuerza nuclear fuerte',event); return false;\">fuerza nuclear fuerte<\/a>, eran rtenidos por los Gluones, los Bosones transmisores de esa fuerza de la naturaleza.\u00a0 As\u00ed que un n\u00facleo que conten\u00eda, a pesar de ser tan peque\u00f1o, casi toda la masa del \u00e1tomo, cuando fue descubierto en todo su contenido, fue motivo de un gran asombro entre la comunidad cient\u00edfica. El n\u00facleo, tan peque\u00f1o, estaba compuesto de otros objetos m\u00e1s peque\u00f1os a\u00fan; los <a href=\"http:\/\/www.emiliosilveravazquez.com\/blog\/2013\/07\/27\/la-imaginacion-%C2%A1mucho-mas-rapida-que-la-luz\/#\">quarks<\/a> que estaban instalados en nubes de otras part\u00edculas llamadas <a href=\"http:\/\/www.emiliosilveravazquez.com\/blog\/2013\/07\/27\/la-imaginacion-%C2%A1mucho-mas-rapida-que-la-luz\/#\"><a href=\"#\" onclick=\"referencia('gluones',event); return false;\">gluones<\/a><\/a>, y ahora queremos continuar profundizando, sospechando que despu\u00e9s de los <a href=\"http:\/\/www.emiliosilveravazquez.com\/blog\/2013\/07\/27\/la-imaginacion-%C2%A1mucho-mas-rapida-que-la-luz\/#\">quarks<\/a> puede haber algo m\u00e1s.<\/p>\n<p>&nbsp;<\/p>\n<blockquote>\n<p style=\"text-align: justify;\"><img decoding=\"async\" loading=\"lazy\" src=\"https:\/\/encrypted-tbn2.gstatic.com\/images?q=tbn:ANd9GcSFNnoUfiuBkRi2vW4beg-bhbYNNT1whIP5MjnLuQRciyt_euld\" alt=\"\" width=\"370\" height=\"241\" \/><\/p>\n<\/blockquote>\n<p style=\"text-align: justify;\">Nos dicen que existen lugares que llaman los Oc\u00e9anos de <a href=\"http:\/\/www.emiliosilveravazquez.com\/blog\/2013\/07\/27\/la-imaginacion-%C2%A1mucho-mas-rapida-que-la-luz\/#\"><a href=\"#\" onclick=\"referencia('higgs',event); return false;\">Higgs<\/a><\/a>, y, por ellos, circula libremente el dichoso Bos\u00f3n que, tambi\u00e9n seg\u00fan nos dicen, proporciona la masa al resto de las part\u00edculas. Todo el Universo est\u00e1 permeado por esa especie de sustancia -como el viejo \u00e9ter- que los griegos llamaban Ilem c\u00f3smico y que, a medida que el tiempo avanza, le vamos cambiando el nombre. Pues bien, ah\u00ed, en ese \u201coc\u00e9ano\u201d dicen que est\u00e1 el Bos\u00f3n dador de masas que seg\u00fan parece, descubrieron hace un par de a\u00f1os.<\/p>\n<p style=\"text-align: justify;\">Bueno, la idea nueva que surgi\u00f3 es que el espacio entero contiene un campo, el campo de <a href=\"http:\/\/www.emiliosilveravazquez.com\/blog\/2013\/07\/27\/la-imaginacion-%C2%A1mucho-mas-rapida-que-la-luz\/#\"><a href=\"#\" onclick=\"referencia('higgs',event); return false;\">Higgs<\/a><\/a>, que impregna el vac\u00edo y es el mismo en todas partes, es decir, que si miramos a las estrellas en una noche clara, estamos mirando el campo de <a href=\"http:\/\/www.emiliosilveravazquez.com\/blog\/2013\/07\/27\/la-imaginacion-%C2%A1mucho-mas-rapida-que-la-luz\/#\"><a href=\"#\" onclick=\"referencia('higgs',event); return false;\">Higgs<\/a><\/a>. Las part\u00edculas influidas por este campo toman masa. Esto no es por s\u00ed mismo destacable, pues las part\u00edculas pueden tomar energ\u00eda de los campos (<a href=\"http:\/\/www.emiliosilveravazquez.com\/blog\/2013\/07\/27\/la-imaginacion-%C2%A1mucho-mas-rapida-que-la-luz\/#\"><a href=\"#\" onclick=\"referencia('gauge',event); return false;\">gauge<\/a><\/a>) de los que hemos comentado otras veces, tales como: del campo gravitatorio o del electromagn\u00e9tico.<\/p>\n<p>&nbsp;<\/p>\n<blockquote>\n<p style=\"text-align: justify;\"><img decoding=\"async\" loading=\"lazy\" id=\"irc_mi\" src=\"http:\/\/1.bp.blogspot.com\/-WOJv-yZfdsk\/Tf6U8gWbA4I\/AAAAAAAAADc\/aYdhlDODQ4c\/s1600\/torre-eiffel+copia.jpg\" alt=\"\" width=\"408\" height=\"306\" \/><\/p>\n<\/blockquote>\n<p>&nbsp;<\/p>\n<p style=\"text-align: justify;\">Si llevamos un bloque de plomo a lo alto de la Torre Eiffel, el bloque adquirir\u00e1 energ\u00eda potencial a causa de la alteraci\u00f3n de su posici\u00f3n en el campo gravitatorio de la Tierra. Como <em>E = mc<sup>2<\/sup><\/em>, ese aumento de la energ\u00eda potencial equivale a un aumento de la masa, en este caso la masa del sistema Tierra-bloque de plomo. Aqu\u00ed hemos de a\u00f1adirle amablemente un poco de complejidad a la venerable ecuaci\u00f3n de <a href=\"http:\/\/www.emiliosilveravazquez.com\/blog\/2013\/07\/27\/la-imaginacion-%C2%A1mucho-mas-rapida-que-la-luz\/#\"><a href=\"#\" onclick=\"referencia('einstein',event); return false;\">Einstein<\/a><\/a>: la masa, <em>m<\/em>, tiene en realidad dos partes; una es la masa en reposo, <em>m<sub>0<\/sub><\/em>, la que se mide en el laboratorio cuando la part\u00edcula est\u00e1 en reposo. La part\u00edcula adquiere la otra parte de la masa en virtud de su movimiento (como los <a href=\"http:\/\/www.emiliosilveravazquez.com\/blog\/2013\/07\/27\/la-imaginacion-%C2%A1mucho-mas-rapida-que-la-luz\/#\">protones<\/a> en el acelerador de part\u00edculas, o los <a href=\"http:\/\/www.emiliosilveravazquez.com\/blog\/2013\/07\/27\/la-imaginacion-%C2%A1mucho-mas-rapida-que-la-luz\/#\"><a href=\"#\" onclick=\"referencia('muon',event); return false;\">muones<\/a><\/a>, que aumentan varias veces su masa cuando son lanzados a velocidades cercanas a <em>c<\/em>) en los aceleradores, o en virtud de su energ\u00eda potencial de campo. Vemos una din\u00e1mica similar en los n\u00facleos at\u00f3micos. Por ejemplo, si separamos el <a href=\"http:\/\/www.emiliosilveravazquez.com\/blog\/2013\/07\/27\/la-imaginacion-%C2%A1mucho-mas-rapida-que-la-luz\/#\"><a href=\"#\" onclick=\"referencia('proton',event); return false;\">prot\u00f3n<\/a><\/a> y el <a href=\"http:\/\/www.emiliosilveravazquez.com\/blog\/2013\/07\/27\/la-imaginacion-%C2%A1mucho-mas-rapida-que-la-luz\/#\"><a href=\"#\" onclick=\"referencia('neutron',event); return false;\">neutr\u00f3n<\/a><\/a> que componen un n\u00facleo de <a href=\"http:\/\/www.emiliosilveravazquez.com\/blog\/2013\/07\/27\/la-imaginacion-%C2%A1mucho-mas-rapida-que-la-luz\/#\"><a href=\"#\" onclick=\"referencia('deuterio',event); return false;\">deuterio<\/a><\/a>, la suma de las masas aumenta.<\/p>\n<p>&nbsp;<\/p>\n<p style=\"text-align: justify;\"><img decoding=\"async\" loading=\"lazy\" id=\"il_fi\" src=\"http:\/\/djxhemary.files.wordpress.com\/2012\/07\/0.jpg?w=578&amp;h=430\" alt=\"\" width=\"578\" height=\"430\" \/><\/p>\n<p>&nbsp;<\/p>\n<p style=\"text-align: justify;\">Pero la energ\u00eda potencial tomada del campo de <a href=\"http:\/\/www.emiliosilveravazquez.com\/blog\/2013\/07\/27\/la-imaginacion-%C2%A1mucho-mas-rapida-que-la-luz\/#\"><a href=\"#\" onclick=\"referencia('higgs',event); return false;\">Higgs<\/a><\/a> difiere en varios aspectos de la acci\u00f3n de los campos familiares. La masa tomada de <a href=\"http:\/\/www.emiliosilveravazquez.com\/blog\/2013\/07\/27\/la-imaginacion-%C2%A1mucho-mas-rapida-que-la-luz\/#\"><a href=\"#\" onclick=\"referencia('higgs',event); return false;\">Higgs<\/a><\/a> es en realidad masa en reposo. De hecho, en la que quiz\u00e1 sea la versi\u00f3n m\u00e1s apasionante de la teor\u00eda del campo de <a href=\"http:\/\/www.emiliosilveravazquez.com\/blog\/2013\/07\/27\/la-imaginacion-%C2%A1mucho-mas-rapida-que-la-luz\/#\"><a href=\"#\" onclick=\"referencia('higgs',event); return false;\">Higgs<\/a><\/a>, \u00e9ste genera toda la masa en reposo. Otra diferencia es que la cantidad de masa que se traga del campo es distinta para las distintas part\u00edculas. Los te\u00f3ricos dicen que las masas de las part\u00edculas de nuestro modelo est\u00e1ndar miden con qu\u00e9 intensidad se acoplan estas al campo de <a href=\"http:\/\/www.emiliosilveravazquez.com\/blog\/2013\/07\/27\/la-imaginacion-%C2%A1mucho-mas-rapida-que-la-luz\/#\"><a href=\"#\" onclick=\"referencia('higgs',event); return false;\">Higgs<\/a><\/a> cuando interaccionan con \u00e9l.<\/p>\n<p style=\"text-align: justify;\">La influencia de <a href=\"http:\/\/www.emiliosilveravazquez.com\/blog\/2013\/07\/27\/la-imaginacion-%C2%A1mucho-mas-rapida-que-la-luz\/#\"><a href=\"#\" onclick=\"referencia('higgs',event); return false;\">Higgs<\/a><\/a> en las masas de los <a href=\"http:\/\/www.emiliosilveravazquez.com\/blog\/2013\/07\/27\/la-imaginacion-%C2%A1mucho-mas-rapida-que-la-luz\/#\">quarks<\/a> y de los <a href=\"http:\/\/www.emiliosilveravazquez.com\/blog\/2013\/07\/27\/la-imaginacion-%C2%A1mucho-mas-rapida-que-la-luz\/#\"><a href=\"#\" onclick=\"referencia('leptones',event); return false;\">leptones<\/a><\/a> nos recuerda el descubrimiento por Pieter Zeeman, en 1.896, de la divisi\u00f3n de los niveles de energ\u00eda de un <a href=\"http:\/\/www.emiliosilveravazquez.com\/blog\/2013\/07\/27\/la-imaginacion-%C2%A1mucho-mas-rapida-que-la-luz\/#\">electr\u00f3n<\/a> cuando se aplica un campo magn\u00e9tico al \u00e1tomo. El campo (que representa metaf\u00f3ricamente el papel de <a href=\"http:\/\/www.emiliosilveravazquez.com\/blog\/2013\/07\/27\/la-imaginacion-%C2%A1mucho-mas-rapida-que-la-luz\/#\"><a href=\"#\" onclick=\"referencia('higgs',event); return false;\">Higgs<\/a><\/a>) rompe la simetr\u00eda del espacio de la que el <a href=\"http:\/\/www.emiliosilveravazquez.com\/blog\/2013\/07\/27\/la-imaginacion-%C2%A1mucho-mas-rapida-que-la-luz\/#\">electr\u00f3n<\/a> disfrutaba.<\/p>\n<p>&nbsp;<\/p>\n<p style=\"text-align: justify;\"><img decoding=\"async\" loading=\"lazy\" id=\"irc_mi\" src=\"http:\/\/1.bp.blogspot.com\/-giGVLA4ZfRo\/UJUKuN3LirI\/AAAAAAAABnw\/iAh6iBPGBU4\/s1600\/Copia+de+Bosones+electrod%C3%A9biles.jpg\" alt=\"\" width=\"580\" height=\"218\" \/><\/p>\n<p>&nbsp;<\/p>\n<p style=\"text-align: justify;\">Hasta ahora no tenemos ni idea de qu\u00e9 reglas controlan los incrementos de masa generados por <a href=\"http:\/\/www.emiliosilveravazquez.com\/blog\/2013\/07\/27\/la-imaginacion-%C2%A1mucho-mas-rapida-que-la-luz\/#\"><a href=\"#\" onclick=\"referencia('higgs',event); return false;\">Higgs<\/a><\/a> (de ah\u00ed la expectaci\u00f3n creada -en su momento- por el nuevo acelerador de part\u00edculas LHC), pero el problema es irritante: \u00bfpor qu\u00e9 s\u00f3lo esas masas \u00ad\u00ad- las masas de los W<sup>+<\/sup>, W<sup>&#8211;<\/sup>, Z<sup>0<\/sup>, y el up, down, encanto, extra\u00f1o, top y bottom, as\u00ed como los <a href=\"http:\/\/www.emiliosilveravazquez.com\/blog\/2013\/07\/27\/la-imaginacion-%C2%A1mucho-mas-rapida-que-la-luz\/#\"><a href=\"#\" onclick=\"referencia('leptones',event); return false;\">leptones<\/a><\/a> \u2013 que no forman ning\u00fan patr\u00f3n obvio?<\/p>\n<p style=\"text-align: justify;\">Las masas van desde la del <a href=\"http:\/\/www.emiliosilveravazquez.com\/blog\/2013\/07\/27\/la-imaginacion-%C2%A1mucho-mas-rapida-que-la-luz\/#\">electr\u00f3n<\/a> (0\u20190005 GeV) a la del top, que tiene que ser mayor que 91 GeV. Deber\u00edamos recordar que esta extra\u00f1a idea (el <a href=\"http:\/\/www.emiliosilveravazquez.com\/blog\/2013\/07\/27\/la-imaginacion-%C2%A1mucho-mas-rapida-que-la-luz\/#\"><a href=\"#\" onclick=\"referencia('higgs',event); return false;\">Higgs<\/a><\/a>) se emple\u00f3 con mucho \u00e9xito para formular la teor\u00eda electrod\u00e9bil (Weinberg-Salam). All\u00ed se propuso el campo de <a href=\"http:\/\/www.emiliosilveravazquez.com\/blog\/2013\/07\/27\/la-imaginacion-%C2%A1mucho-mas-rapida-que-la-luz\/#\"><a href=\"#\" onclick=\"referencia('higgs',event); return false;\">Higgs<\/a><\/a> como una forma de ocultar la unidad de las fuerzas electromagn\u00e9tica y d\u00e9bil. En la unidad hay cuatro part\u00edculas mensajeras sin masa \u2013 los W<sup>+<\/sup>, W<sup>&#8211;<\/sup>, Z<sup>0<\/sup> y el <a href=\"http:\/\/www.emiliosilveravazquez.com\/blog\/2013\/07\/27\/la-imaginacion-%C2%A1mucho-mas-rapida-que-la-luz\/#\">fot\u00f3n<\/a> \u2013 que llevan la <a href=\"http:\/\/www.emiliosilveravazquez.com\/blog\/2013\/07\/27\/la-imaginacion-%C2%A1mucho-mas-rapida-que-la-luz\/#\"><a href=\"#\" onclick=\"referencia('fuerza nuclear debil',event); return false;\">fuerza electrod\u00e9bil<\/a><\/a>. Adem\u00e1s est\u00e1 el campo de <a href=\"http:\/\/www.emiliosilveravazquez.com\/blog\/2013\/07\/27\/la-imaginacion-%C2%A1mucho-mas-rapida-que-la-luz\/#\"><a href=\"#\" onclick=\"referencia('higgs',event); return false;\">Higgs<\/a><\/a>, y r\u00e1pidamente, los W y Z absorben la esencia de <a href=\"http:\/\/www.emiliosilveravazquez.com\/blog\/2013\/07\/27\/la-imaginacion-%C2%A1mucho-mas-rapida-que-la-luz\/#\"><a href=\"#\" onclick=\"referencia('higgs',event); return false;\">Higgs<\/a><\/a> y se hacen pesados; el <a href=\"http:\/\/www.emiliosilveravazquez.com\/blog\/2013\/07\/27\/la-imaginacion-%C2%A1mucho-mas-rapida-que-la-luz\/#\">fot\u00f3n<\/a> permanece intacto. La <a href=\"http:\/\/www.emiliosilveravazquez.com\/blog\/2013\/07\/27\/la-imaginacion-%C2%A1mucho-mas-rapida-que-la-luz\/#\"><a href=\"#\" onclick=\"referencia('fuerza nuclear debil',event); return false;\">fuerza electrod\u00e9bil<\/a><\/a> se fragmenta en la d\u00e9bil (d\u00e9bil porque los mensajeros son muy gordos), y la electromagn\u00e9tica, cuyas propiedades determina el <a href=\"http:\/\/www.emiliosilveravazquez.com\/blog\/2013\/07\/27\/la-imaginacion-%C2%A1mucho-mas-rapida-que-la-luz\/#\">fot\u00f3n<\/a>, carente de masa. La simetr\u00eda se rompe espont\u00e1neamente, dicen las teor\u00edas. Prefiero la descripci\u00f3n seg\u00fan la cual el <a href=\"http:\/\/www.emiliosilveravazquez.com\/blog\/2013\/07\/27\/la-imaginacion-%C2%A1mucho-mas-rapida-que-la-luz\/#\"><a href=\"#\" onclick=\"referencia('higgs',event); return false;\">Higgs<\/a><\/a> oculta la simetr\u00eda con su poder dador de masa.<\/p>\n<p>&nbsp;<\/p>\n<blockquote>\n<p style=\"text-align: justify;\"><img decoding=\"async\" loading=\"lazy\" id=\"irc_mi\" class=\"\" src=\"http:\/\/www.ugr.es\/%7Ejillana\/images\/sm.jpg\" alt=\"\" width=\"412\" height=\"368\" \/><\/p>\n<\/blockquote>\n<p><strong>Finalmente todo est\u00e1 hecho de Quarks y Leptones ayudado por los Bosones<\/strong><\/p>\n<blockquote>\n<p style=\"text-align: justify;\">&#8220;En la actualidad, pr\u00e1cticamente todos los fen\u00f3menos subat\u00f3micos conocidos son explicados mediante el <a title=\"Modelo est\u00e1ndar\" href=\"https:\/\/es.wikipedia.org\/wiki\/Modelo_est%C3%A1ndar\">modelo est\u00e1ndar<\/a>, una teor\u00eda ampliamente aceptada sobre las <a title=\"Part\u00edculas elementales\" href=\"https:\/\/es.wikipedia.org\/wiki\/Part%C3%ADculas_elementales\">part\u00edculas elementales<\/a> y las fuerzas entre ellas. Sin embargo, en la d\u00e9cada de 1960, cuando dicho modelo a\u00fan se estaba desarrollando, se observaba una contradicci\u00f3n aparente entre dos fen\u00f3menos. Por un lado, la <a title=\"Fuerza nuclear d\u00e9bil\" href=\"https:\/\/es.wikipedia.org\/wiki\/Fuerza_nuclear_d%C3%A9bil\"><a href=\"#\" onclick=\"referencia('fuerza nuclear debil',event); return false;\">fuerza nuclear d\u00e9bil<\/a><\/a> entre part\u00edculas subat\u00f3micas pod\u00eda explicarse mediante leyes <a title=\"Teor\u00eda gauge\" href=\"https:\/\/es.wikipedia.org\/wiki\/Teor%C3%ADa_gauge\">similares<\/a> a las del <a title=\"Electromagnetismo\" href=\"https:\/\/es.wikipedia.org\/wiki\/Electromagnetismo\">electromagnetismo<\/a> (en su <a title=\"Electrodin\u00e1mica cu\u00e1ntica\" href=\"https:\/\/es.wikipedia.org\/wiki\/Electrodin%C3%A1mica_cu%C3%A1ntica\">versi\u00f3n cu\u00e1ntica<\/a>). Dichas leyes implican que las part\u00edculas que act\u00faen como intermediarias de la interacci\u00f3n, como el <a title=\"Fot\u00f3n\" href=\"https:\/\/es.wikipedia.org\/wiki\/Fot%C3%B3n\">fot\u00f3n<\/a> en el caso del electromagnetismo y las part\u00edculas <a title=\"Bosones W y Z\" href=\"https:\/\/es.wikipedia.org\/wiki\/Bosones_W_y_Z\">W y Z<\/a> en el caso de la fuerza d\u00e9bil, deben ser no masivas. Sin embargo, sobre la base de los datos experimentales, los <a href=\"#\" onclick=\"referencia('bosones',event); return false;\">bosones<\/a> W y Z, que entonces s\u00f3lo eran una hip\u00f3tesis, deb\u00edan ser masivos.<\/p>\n<p style=\"text-align: justify;\">En 1964, tres grupos de f\u00edsicos publicaron de manera independiente una soluci\u00f3n a este problema, que reconciliaba dichas leyes con la presencia de la masa. Esta soluci\u00f3n, denominada posteriormente <a title=\"Mecanismo de Higgs\" href=\"https:\/\/es.wikipedia.org\/wiki\/Mecanismo_de_Higgs\">mecanismo de <a href=\"#\" onclick=\"referencia('higgs',event); return false;\">Higgs<\/a><\/a>, explica la masa como el resultado de la <a title=\"Interacciones fundamentales\" href=\"https:\/\/es.wikipedia.org\/wiki\/Interacciones_fundamentales\">interacci\u00f3n<\/a> de las part\u00edculas con un <a title=\"Campo (f\u00edsica)\" href=\"https:\/\/es.wikipedia.org\/wiki\/Campo_%28f%C3%ADsica%29\">campo<\/a> que permea el <a title=\"Vac\u00edo\" href=\"https:\/\/es.wikipedia.org\/wiki\/Vac%C3%ADo\">vac\u00edo<\/a>, denominado <a title=\"Campo de Higgs\" href=\"https:\/\/es.wikipedia.org\/wiki\/Campo_de_Higgs\">campo de <a href=\"#\" onclick=\"referencia('higgs',event); return false;\">Higgs<\/a><\/a>. El modelo est\u00e1ndar qued\u00f3 finalmente constituido haciendo uso de este mecanismo.&#8221;<\/p>\n<p>&nbsp;<\/p><\/blockquote>\n<div style=\"text-align: justify;\"><img decoding=\"async\" loading=\"lazy\" title=\"Dibujo20120707 higgs potential and particle state\" src=\"http:\/\/francisthemulenews.files.wordpress.com\/2012\/07\/dibujo20120707-higgs-potential-and-particle-state.jpg\" alt=\"\" width=\"361\" height=\"267\" \/><\/div>\n<div><\/div>\n<div style=\"text-align: justify;\">\u201c\u00bfQu\u00e9 hace que el <a href=\"http:\/\/www.emiliosilveravazquez.com\/blog\/2013\/07\/27\/la-imaginacion-%C2%A1mucho-mas-rapida-que-la-luz\/#\">bos\u00f3n<\/a> de <a href=\"http:\/\/www.emiliosilveravazquez.com\/blog\/2013\/07\/27\/la-imaginacion-%C2%A1mucho-mas-rapida-que-la-luz\/#\"><a href=\"#\" onclick=\"referencia('higgs',event); return false;\">Higgs<\/a><\/a> sea una part\u00edcula especial? No, no es que un editor le pusiera un t\u00edtulo llamativo a la biograf\u00eda del premio Nobel Leon Lederman. Tampoco lo es que encontrar esta part\u00edcula nos permita entender la condensaci\u00f3n del campo de <a href=\"http:\/\/www.emiliosilveravazquez.com\/blog\/2013\/07\/27\/la-imaginacion-%C2%A1mucho-mas-rapida-que-la-luz\/#\"><a href=\"#\" onclick=\"referencia('higgs',event); return false;\">Higgs<\/a><\/a> que llev\u00f3 a que las part\u00edculas ganaran masa. Incluso en las teor\u00edas sin <a href=\"http:\/\/www.emiliosilveravazquez.com\/blog\/2013\/07\/27\/la-imaginacion-%C2%A1mucho-mas-rapida-que-la-luz\/#\"><a href=\"#\" onclick=\"referencia('higgs',event); return false;\">Higgs<\/a><\/a> o con un <a href=\"http:\/\/www.emiliosilveravazquez.com\/blog\/2013\/07\/27\/la-imaginacion-%C2%A1mucho-mas-rapida-que-la-luz\/#\"><a href=\"#\" onclick=\"referencia('higgs',event); return false;\">Higgs<\/a><\/a> compuesto, la condensaci\u00f3n del campo de <a href=\"http:\/\/www.emiliosilveravazquez.com\/blog\/2013\/07\/27\/la-imaginacion-%C2%A1mucho-mas-rapida-que-la-luz\/#\"><a href=\"#\" onclick=\"referencia('higgs',event); return false;\">Higgs<\/a><\/a> y el proceso de ruptura espont\u00e1nea de la simetr\u00eda se da igualmente y de forma muy similar (pues hay muchas pruebas indirectas de este fen\u00f3meno).<\/div>\n<p style=\"text-align: justify;\">Tampoco el <a href=\"http:\/\/www.emiliosilveravazquez.com\/blog\/2013\/07\/27\/la-imaginacion-%C2%A1mucho-mas-rapida-que-la-luz\/#\"><a href=\"#\" onclick=\"referencia('higgs',event); return false;\">Higgs<\/a><\/a> es una part\u00edcula especial porque sea una excitaci\u00f3n del del campo de <a href=\"http:\/\/www.emiliosilveravazquez.com\/blog\/2013\/07\/27\/la-imaginacion-%C2%A1mucho-mas-rapida-que-la-luz\/#\"><a href=\"#\" onclick=\"referencia('higgs',event); return false;\">Higgs<\/a><\/a> que nos permita explorar sus propiedades, porque en las teor\u00edas sin <a href=\"http:\/\/www.emiliosilveravazquez.com\/blog\/2013\/07\/27\/la-imaginacion-%C2%A1mucho-mas-rapida-que-la-luz\/#\"><a href=\"#\" onclick=\"referencia('higgs',event); return false;\">Higgs<\/a><\/a> o con <a href=\"http:\/\/www.emiliosilveravazquez.com\/blog\/2013\/07\/27\/la-imaginacion-%C2%A1mucho-mas-rapida-que-la-luz\/#\"><a href=\"#\" onclick=\"referencia('higgs',event); return false;\">Higgs<\/a><\/a> compuesto tambi\u00e9n hay excitaciones del vac\u00edo que nos permiten explorar el campo.\u201d Eso nos dicen en el magnifico Blog de <a href=\"http:\/\/francisthemulenews.wordpress.com\/\">Francis (th)E mule Science\u2019s News<\/a>.<\/p>\n<table>\n<tbody>\n<tr>\n<th>Part\u00edcula<\/th>\n<th>S\u00edmbolo<\/th>\n<th><a title=\"Masa\" href=\"http:\/\/es.wikipedia.org\/wiki\/Masa\">Masa<\/a> (en <a title=\"GeV\" href=\"http:\/\/es.wikipedia.org\/wiki\/GeV\">GeV<\/a>\/<a title=\"Velocidad de la luz\" href=\"http:\/\/es.wikipedia.org\/wiki\/Velocidad_de_la_luz\">c<\/a><sup>2<\/sup>)<\/th>\n<th><a title=\"Carga el\u00e9ctrica\" href=\"http:\/\/es.wikipedia.org\/wiki\/Carga_el%C3%A9ctrica\">Carga el\u00e9ctrica<\/a><\/th>\n<th><a title=\"Esp\u00edn\" href=\"http:\/\/es.wikipedia.org\/wiki\/Esp%C3%ADn\">Esp\u00edn<\/a><\/th>\n<th><a title=\"Interacciones fundamentales\" href=\"http:\/\/es.wikipedia.org\/wiki\/Interacciones_fundamentales\">Interacci\u00f3n<\/a><\/th>\n<\/tr>\n<tr align=\"center\">\n<td><a title=\"Fot\u00f3n\" href=\"http:\/\/es.wikipedia.org\/wiki\/Fot%C3%B3n\">Fot\u00f3n<\/a><\/td>\n<td><img decoding=\"async\" src=\"http:\/\/upload.wikimedia.org\/math\/0\/5\/5\/05515638e50e5fa233d1d0c2f66201f7.png\" alt=\"\\ \\gamma\" \/><\/td>\n<td>0<\/td>\n<td>0<\/td>\n<td>1<\/td>\n<td><a title=\"Interacci\u00f3n electromagn\u00e9tica\" href=\"http:\/\/es.wikipedia.org\/wiki\/Interacci%C3%B3n_electromagn%C3%A9tica\">electromagn\u00e9tica<\/a><\/td>\n<\/tr>\n<tr align=\"center\" bgcolor=\"#EFEFEF\">\n<td><a title=\"Bosones W y Z\" href=\"http:\/\/es.wikipedia.org\/wiki\/Bosones_W_y_Z\">Bos\u00f3n W<\/a><\/td>\n<td>W<sup>\u00b1<\/sup><\/td>\n<td>80,4<\/td>\n<td>\u00b1 1<\/td>\n<td>1<\/td>\n<td><a title=\"Interacci\u00f3n d\u00e9bil\" href=\"http:\/\/es.wikipedia.org\/wiki\/Interacci%C3%B3n_d%C3%A9bil\">d\u00e9bil<\/a><\/td>\n<\/tr>\n<tr align=\"center\">\n<td><a title=\"Bosones W y Z\" href=\"http:\/\/es.wikipedia.org\/wiki\/Bosones_W_y_Z\">Bos\u00f3n Z<\/a><\/td>\n<td>Z<sup>0<\/sup><\/td>\n<td>91,187<\/td>\n<td>0<\/td>\n<td>1<\/td>\n<td>d\u00e9bil<\/td>\n<\/tr>\n<tr align=\"center\" bgcolor=\"#EFEFEF\">\n<td><a title=\"Glu\u00f3n\" href=\"http:\/\/es.wikipedia.org\/wiki\/Glu%C3%B3n\">Glu\u00f3n<\/a><\/td>\n<td>g<\/td>\n<td>0<\/td>\n<td>0<\/td>\n<td>1<\/td>\n<td><a title=\"Interacci\u00f3n fuerte\" href=\"http:\/\/es.wikipedia.org\/wiki\/Interacci%C3%B3n_fuerte\">fuerte<\/a><\/td>\n<\/tr>\n<\/tbody>\n<\/table>\n<p>&nbsp;<\/p>\n<p style=\"text-align: justify;\">Las masas de los W y Z se predijeron con \u00e9xito a partir de los par\u00e1metros de la teor\u00eda electrod\u00e9bil, y las relajadas sonrisas de los f\u00edsicos te\u00f3ricos nos recuerdan que Hooft y Veltman dejaron sentado que la teor\u00eda entera est\u00e1 libre de infinitos.<\/p>\n<p style=\"text-align: justify;\">Todos los intentos y los esfuerzos por hallar una pista de cu\u00e1l era el origen de la masa fallaron. Feynman escribi\u00f3 su famosa pregunta: \u201c\u00bfpor qu\u00e9 pesa el mu\u00f3n?\u201d. Ahora, por lo menos, tenemos una respuesta parcial, en absoluto completa. Una voz potente y segura nos dice \u201c\u00a1<a href=\"http:\/\/www.emiliosilveravazquez.com\/blog\/2013\/07\/27\/la-imaginacion-%C2%A1mucho-mas-rapida-que-la-luz\/#\"><a href=\"#\" onclick=\"referencia('higgs',event); return false;\">Higgs<\/a><\/a>!\u201d. Durante m\u00e1s de sesenta a\u00f1os los f\u00edsicos experimentadores se rompieron la cabeza con el origen de la masa, y ahora el campo de <a href=\"http:\/\/www.emiliosilveravazquez.com\/blog\/2013\/07\/27\/la-imaginacion-%C2%A1mucho-mas-rapida-que-la-luz\/#\"><a href=\"#\" onclick=\"referencia('higgs',event); return false;\">Higgs<\/a><\/a> presenta el problema en un contexto nuevo; no se trata s\u00f3lo del <a href=\"http:\/\/www.emiliosilveravazquez.com\/blog\/2013\/07\/27\/la-imaginacion-%C2%A1mucho-mas-rapida-que-la-luz\/#\">mu\u00f3n<\/a>. Proporciona, por lo menos, una fuente com\u00fan para todas las masas. La nueva pregunta feynmaniana podr\u00eda ser: \u00bfc\u00f3mo determina el campo de <a href=\"http:\/\/www.emiliosilveravazquez.com\/blog\/2013\/07\/27\/la-imaginacion-%C2%A1mucho-mas-rapida-que-la-luz\/#\"><a href=\"#\" onclick=\"referencia('higgs',event); return false;\">Higgs<\/a><\/a> la secuencia de masas, aparentemente sin patr\u00f3n, que da a las part\u00edculas de la materia?<\/p>\n<p style=\"text-align: justify;\">La variaci\u00f3n de la masa con el estado de movimiento, el cambio de masa con la configuraci\u00f3n del sistema y el que algunas part\u00edculas (el <a href=\"http:\/\/www.emiliosilveravazquez.com\/blog\/2013\/07\/27\/la-imaginacion-%C2%A1mucho-mas-rapida-que-la-luz\/#\">fot\u00f3n<\/a> seguramente, y los <a href=\"http:\/\/www.emiliosilveravazquez.com\/blog\/2013\/07\/27\/la-imaginacion-%C2%A1mucho-mas-rapida-que-la-luz\/#\">neutrinos<\/a> posiblemente) tengan masa en reposo nula son tres hechos que ponen en entredicho que el concepto de masa sea un atributo fundamental de la materia. Habr\u00e1 que recordar aquel c\u00e1lculo de la masa que daba infinito y nunca pudimos resolver; los f\u00edsicos s\u00f3lo se deshicieron de \u00e9l \u201cre-normalizando\u201d, ese truco matem\u00e1tico que empleam cuando no saben hacerlo bien.<\/p>\n<p>&nbsp;<\/p>\n<p style=\"text-align: justify;\"><img decoding=\"async\" loading=\"lazy\" id=\"il_fi\" src=\"http:\/\/m1.paperblog.com\/i\/79\/795116\/particula-que-explica-el-universo-L-84n4v5.jpeg\" alt=\"\" width=\"563\" height=\"414\" \/><\/p>\n<p style=\"text-align: justify;\">\u00a0 \u00a0 \u00a0 \u00a0 \u00a0 \u00a0 \u00a0 \u00a0 \u00a0 \u00a0 \u00a0 \u00bfSabremos alguna vez c\u00f3mo adquieren masa las part\u00edculas?<\/p>\n<p style=\"text-align: justify;\">Ese es el problema de trasfondo con el que tenemos que encarar el problema de los <a href=\"http:\/\/www.emiliosilveravazquez.com\/blog\/2013\/07\/27\/la-imaginacion-%C2%A1mucho-mas-rapida-que-la-luz\/#\">quarks<\/a>, los <a href=\"http:\/\/www.emiliosilveravazquez.com\/blog\/2013\/07\/27\/la-imaginacion-%C2%A1mucho-mas-rapida-que-la-luz\/#\"><a href=\"#\" onclick=\"referencia('leptones',event); return false;\">leptones<\/a><\/a> y los veh\u00edculos de las fuerzas, que se diferencian por sus masas. Hace que la historia de <a href=\"http:\/\/www.emiliosilveravazquez.com\/blog\/2013\/07\/27\/la-imaginacion-%C2%A1mucho-mas-rapida-que-la-luz\/#\"><a href=\"#\" onclick=\"referencia('higgs',event); return false;\">Higgs<\/a><\/a> se tenga en pie: la masa no es una propiedad intr\u00ednseca de las part\u00edculas, sino una propiedad adquirida por la interacci\u00f3n de las part\u00edculas y su entorno.<\/p>\n<p style=\"text-align: justify;\">La idea de que la masa no es intr\u00ednseca como la carga o el <a href=\"http:\/\/www.emiliosilveravazquez.com\/blog\/2013\/07\/27\/la-imaginacion-%C2%A1mucho-mas-rapida-que-la-luz\/#\"><a href=\"#\" onclick=\"referencia('espin',event); return false;\">esp\u00edn<\/a><\/a> resulta a\u00fan m\u00e1s plausible por la id\u00edlica idea de que todos los <a href=\"http:\/\/www.emiliosilveravazquez.com\/blog\/2013\/07\/27\/la-imaginacion-%C2%A1mucho-mas-rapida-que-la-luz\/#\">quarks<\/a> y <a href=\"http:\/\/www.emiliosilveravazquez.com\/blog\/2013\/07\/27\/la-imaginacion-%C2%A1mucho-mas-rapida-que-la-luz\/#\"><a href=\"#\" onclick=\"referencia('foton',event); return false;\">fotones<\/a><\/a> tendr\u00edan masa cero. En ese caso, obedecer\u00edan a una simetr\u00eda satisfactoria, la quiral, en la que los espines estar\u00edan asociados para siempre con su direcci\u00f3n de movimiento. Pero ese idilio queda oculto por el fen\u00f3meno de <a href=\"http:\/\/www.emiliosilveravazquez.com\/blog\/2013\/07\/27\/la-imaginacion-%C2%A1mucho-mas-rapida-que-la-luz\/#\"><a href=\"#\" onclick=\"referencia('higgs',event); return false;\">Higgs<\/a><\/a>.<\/p>\n<p>&nbsp;<\/p>\n<blockquote>\n<p style=\"text-align: justify;\"><img decoding=\"async\" loading=\"lazy\" id=\"irc_mi\" src=\"http:\/\/francisthemulenews.files.wordpress.com\/2011\/11\/dibujo20120530-quark-up-in-spanish2.jpg\" alt=\"\" width=\"438\" height=\"306\" \/><\/p>\n<\/blockquote>\n<p>&nbsp;<\/p>\n<p style=\"text-align: justify;\">Una cosa m\u00e1s; hemos hablado de los <a href=\"http:\/\/www.emiliosilveravazquez.com\/blog\/2013\/07\/27\/la-imaginacion-%C2%A1mucho-mas-rapida-que-la-luz\/#\"><a href=\"#\" onclick=\"referencia('bosones',event); return false;\">bosones<\/a><\/a> <a href=\"http:\/\/www.emiliosilveravazquez.com\/blog\/2013\/07\/27\/la-imaginacion-%C2%A1mucho-mas-rapida-que-la-luz\/#\"><a href=\"#\" onclick=\"referencia('gauge',event); return false;\">gauge<\/a><\/a> y de su <a href=\"http:\/\/www.emiliosilveravazquez.com\/blog\/2013\/07\/27\/la-imaginacion-%C2%A1mucho-mas-rapida-que-la-luz\/#\"><a href=\"#\" onclick=\"referencia('espin',event); return false;\">esp\u00edn<\/a><\/a> de una unidad. Hemos comentado tambi\u00e9n las part\u00edculas <a href=\"http:\/\/www.emiliosilveravazquez.com\/blog\/2013\/07\/27\/la-imaginacion-%C2%A1mucho-mas-rapida-que-la-luz\/#\"><a href=\"#\" onclick=\"referencia('fermion',event); return false;\">fermi\u00f3n<\/a><\/a>icas de la materia (<a href=\"http:\/\/www.emiliosilveravazquez.com\/blog\/2013\/07\/27\/la-imaginacion-%C2%A1mucho-mas-rapida-que-la-luz\/#\"><a href=\"#\" onclick=\"referencia('espin',event); return false;\">esp\u00edn<\/a><\/a> de media unidad). \u00bfCu\u00e1l es el pelaje de <a href=\"http:\/\/www.emiliosilveravazquez.com\/blog\/2013\/07\/27\/la-imaginacion-%C2%A1mucho-mas-rapida-que-la-luz\/#\"><a href=\"#\" onclick=\"referencia('higgs',event); return false;\">Higgs<\/a><\/a>? Es un <a href=\"http:\/\/www.emiliosilveravazquez.com\/blog\/2013\/07\/27\/la-imaginacion-%C2%A1mucho-mas-rapida-que-la-luz\/#\">bos\u00f3n<\/a> de <a href=\"http:\/\/www.emiliosilveravazquez.com\/blog\/2013\/07\/27\/la-imaginacion-%C2%A1mucho-mas-rapida-que-la-luz\/#\"><a href=\"#\" onclick=\"referencia('espin',event); return false;\">esp\u00edn<\/a><\/a> cero. El <a href=\"http:\/\/www.emiliosilveravazquez.com\/blog\/2013\/07\/27\/la-imaginacion-%C2%A1mucho-mas-rapida-que-la-luz\/#\"><a href=\"#\" onclick=\"referencia('espin',event); return false;\">esp\u00edn<\/a><\/a> supone una direccionalidad en el espacio, pero el campo de <a href=\"http:\/\/www.emiliosilveravazquez.com\/blog\/2013\/07\/27\/la-imaginacion-%C2%A1mucho-mas-rapida-que-la-luz\/#\"><a href=\"#\" onclick=\"referencia('higgs',event); return false;\">Higgs<\/a><\/a> da masa a los objetos donde quiera que est\u00e9n y sin direccionalidad. Al <a href=\"http:\/\/www.emiliosilveravazquez.com\/blog\/2013\/07\/27\/la-imaginacion-%C2%A1mucho-mas-rapida-que-la-luz\/#\"><a href=\"#\" onclick=\"referencia('higgs',event); return false;\">Higgs<\/a><\/a> se le llama a veces \u201c<a href=\"http:\/\/www.emiliosilveravazquez.com\/blog\/2013\/07\/27\/la-imaginacion-%C2%A1mucho-mas-rapida-que-la-luz\/#\">bos\u00f3n<\/a> escalar\u201d (sin direcci\u00f3n) por esa raz\u00f3n.<\/p>\n<p style=\"text-align: justify;\">La interacci\u00f3n d\u00e9bil, recordar\u00e9is, fue inventada por E. <a href=\"http:\/\/www.emiliosilveravazquez.com\/blog\/2013\/07\/27\/la-imaginacion-%C2%A1mucho-mas-rapida-que-la-luz\/#\">Fermi<\/a> para describir la desintegraci\u00f3n radiactiva de los n\u00facleos, que era b\u00e1sicamente un fen\u00f3meno de poca energ\u00eda, y a medida que la teor\u00eda de <a href=\"http:\/\/www.emiliosilveravazquez.com\/blog\/2013\/07\/27\/la-imaginacion-%C2%A1mucho-mas-rapida-que-la-luz\/#\">Fermi<\/a> se desarroll\u00f3, lleg\u00f3 a ser muy precisa a la hora de predecir un enorme n\u00famero de procesos en el dominio de energ\u00eda de los 100 MeV. As\u00ed que ahora, con las nuevas tecnolog\u00edas y energ\u00edas del LHC, las esperanzas son enormes para, por fin, encontrar nuevas part\u00edculas que puedan despejar algunos interrogantes.<\/p>\n<p>&nbsp;<\/p>\n<p style=\"text-align: justify;\"><img decoding=\"async\" loading=\"lazy\" title=\"\" src=\"http:\/\/ep01.epimg.net\/sociedad\/imagenes\/2012\/07\/04\/actualidad\/1341384264_933365_1341393072_noticia_normal.jpg\" alt=\"\" width=\"560\" height=\"367\" \/><\/p>\n<p style=\"text-align: justify;\">Recuerdo cuando andaban a la caza del Bos\u00f3n de <a href=\"#\" onclick=\"referencia('higgs',event); return false;\">Higgs<\/a> y dec\u00edan &#8220;Pero todav\u00eda hay que responder montones de preguntas: \u00bfcu\u00e1les son las propiedades de las part\u00edculas de <a href=\"http:\/\/www.emiliosilveravazquez.com\/blog\/2013\/07\/27\/la-imaginacion-%C2%A1mucho-mas-rapida-que-la-luz\/#\"><a href=\"#\" onclick=\"referencia('higgs',event); return false;\">Higgs<\/a><\/a>? y, lo que es m\u00e1s importante, \u00bfcu\u00e1l es su masa? (Bueno, parece que, en el \u00faltimo experimento apareci\u00f3 se localiz\u00f3 un <a href=\"http:\/\/www.emiliosilveravazquez.com\/blog\/2013\/07\/27\/la-imaginacion-%C2%A1mucho-mas-rapida-que-la-luz\/#\">bos\u00f3n<\/a> con ~125 GeV que, seg\u00fan parece, podr\u00eda ser el esquivo Hihhs)\u00bfC\u00f3mo reconoceremos una si nos la encontramos en una colisi\u00f3n del LHC? \u00bfCu\u00e1ntos tipos hay? \u00bfGenera el <a href=\"http:\/\/www.emiliosilveravazquez.com\/blog\/2013\/07\/27\/la-imaginacion-%C2%A1mucho-mas-rapida-que-la-luz\/#\"><a href=\"#\" onclick=\"referencia('higgs',event); return false;\">Higgs<\/a><\/a> todas las masas o s\u00f3lo las hace incrementarse? \u00bfC\u00f3mo podemos saber m\u00e1s al respecto? C\u00f3mo es su part\u00edcula, nos cabe esperar que la veremos ahora despu\u00e9s de gastar m\u00e1s de 50.000 millones de euros en los elementos necesarios para ello.&#8221;<\/p>\n<p style=\"text-align: justify;\">Tambi\u00e9n a los cosm\u00f3logos les fascina la idea de <a href=\"http:\/\/www.emiliosilveravazquez.com\/blog\/2013\/07\/27\/la-imaginacion-%C2%A1mucho-mas-rapida-que-la-luz\/#\"><a href=\"#\" onclick=\"referencia('higgs',event); return false;\">Higgs<\/a><\/a>, pues casi se dieron de bruces con la necesidad de tener campos escalares que participasen en el complejo proceso de la expansi\u00f3n del universo, a\u00f1adiendo pues, un peso m\u00e1s a la carga que ha de soportar el <a href=\"http:\/\/www.emiliosilveravazquez.com\/blog\/2013\/07\/27\/la-imaginacion-%C2%A1mucho-mas-rapida-que-la-luz\/#\"><a href=\"#\" onclick=\"referencia('higgs',event); return false;\">Higgs<\/a><\/a>.<\/p>\n<p style=\"text-align: justify;\">El campo de <a href=\"http:\/\/www.emiliosilveravazquez.com\/blog\/2013\/07\/27\/la-imaginacion-%C2%A1mucho-mas-rapida-que-la-luz\/#\"><a href=\"#\" onclick=\"referencia('higgs',event); return false;\">Higgs<\/a><\/a>, tal como se lo concibe ahora, se puede destruir con una energ\u00eda grande, o temperaturas altas. \u00c9stas generan fluctuaciones cu\u00e1nticas que neutralizan el campo de <a href=\"http:\/\/www.emiliosilveravazquez.com\/blog\/2013\/07\/27\/la-imaginacion-%C2%A1mucho-mas-rapida-que-la-luz\/#\"><a href=\"#\" onclick=\"referencia('higgs',event); return false;\">Higgs<\/a><\/a>. Por lo tanto, el cuado que las part\u00edculas y la cosmolog\u00eda pintan juntas de un universo primitivo puro y de resplandeciente simetr\u00eda es demasiado caliente para <a href=\"http:\/\/www.emiliosilveravazquez.com\/blog\/2013\/07\/27\/la-imaginacion-%C2%A1mucho-mas-rapida-que-la-luz\/#\"><a href=\"#\" onclick=\"referencia('higgs',event); return false;\">Higgs<\/a><\/a>. Pero cuando la temperatura cae bajo los 10<sup>-5<\/sup> grados Kelvin o 100 GeV, el <a href=\"http:\/\/www.emiliosilveravazquez.com\/blog\/2013\/07\/27\/la-imaginacion-%C2%A1mucho-mas-rapida-que-la-luz\/#\"><a href=\"#\" onclick=\"referencia('higgs',event); return false;\">Higgs<\/a><\/a> empieza a actuar y hace su generaci\u00f3n de masas. As\u00ed, por ejemplo, antes del <a href=\"http:\/\/www.emiliosilveravazquez.com\/blog\/2013\/07\/27\/la-imaginacion-%C2%A1mucho-mas-rapida-que-la-luz\/#\"><a href=\"#\" onclick=\"referencia('higgs',event); return false;\">Higgs<\/a><\/a> ten\u00edamos unos W, Z y <a href=\"http:\/\/www.emiliosilveravazquez.com\/blog\/2013\/07\/27\/la-imaginacion-%C2%A1mucho-mas-rapida-que-la-luz\/#\"><a href=\"#\" onclick=\"referencia('foton',event); return false;\">fotones<\/a><\/a> sin masa y la <a href=\"http:\/\/www.emiliosilveravazquez.com\/blog\/2013\/07\/27\/la-imaginacion-%C2%A1mucho-mas-rapida-que-la-luz\/#\"><a href=\"#\" onclick=\"referencia('fuerza nuclear debil',event); return false;\">fuerza electrod\u00e9bil<\/a><\/a> unificada.<\/p>\n<p>&nbsp;<\/p>\n<p style=\"text-align: justify;\"><img decoding=\"async\" src=\"http:\/\/3.bp.blogspot.com\/-0ieu1WLtAL0\/T_42_yyO9gI\/AAAAAAAAJqc\/al9PNlzRsyY\/s1600\/buble2.jpg\" alt=\"\" border=\"0\" \/><\/p>\n<p style=\"text-align: justify;\">\u00a0 \u00a0 \u00a0 \u00a0 \u00a0 \u00a0 \u00a0 No, esto no es el <a href=\"http:\/\/www.emiliosilveravazquez.com\/blog\/2013\/07\/27\/la-imaginacion-%C2%A1mucho-mas-rapida-que-la-luz\/#\"><a href=\"#\" onclick=\"referencia('higgs',event); return false;\">Higgs<\/a><\/a>, es, simplemente, una burbuja multicolor<\/p>\n<p style=\"text-align: justify;\">El universo se expande y se enfr\u00eda, y entonces viene el <a href=\"http:\/\/www.emiliosilveravazquez.com\/blog\/2013\/07\/27\/la-imaginacion-%C2%A1mucho-mas-rapida-que-la-luz\/#\"><a href=\"#\" onclick=\"referencia('higgs',event); return false;\">Higgs<\/a><\/a> (que \u201cengorda\u201d los W y Z, y por alguna raz\u00f3n ignora el <a href=\"http:\/\/www.emiliosilveravazquez.com\/blog\/2013\/07\/27\/la-imaginacion-%C2%A1mucho-mas-rapida-que-la-luz\/#\">fot\u00f3n<\/a>) y de ello resulta que la simetr\u00eda electrod\u00e9bil se rompe. Tenemos entonces una interacci\u00f3n d\u00e9bil, transportada por los veh\u00edculos de la fuerza W<sup>+<\/sup>, W<sup>&#8211;<\/sup>, Z<sup>0<\/sup>, y por otra parte una interacci\u00f3n electromagn\u00e9tica, llevada por los <a href=\"http:\/\/www.emiliosilveravazquez.com\/blog\/2013\/07\/27\/la-imaginacion-%C2%A1mucho-mas-rapida-que-la-luz\/#\"><a href=\"#\" onclick=\"referencia('foton',event); return false;\">fotones<\/a><\/a>. Es como si para algunas part\u00edculas del campo de <a href=\"http:\/\/www.emiliosilveravazquez.com\/blog\/2013\/07\/27\/la-imaginacion-%C2%A1mucho-mas-rapida-que-la-luz\/#\"><a href=\"#\" onclick=\"referencia('higgs',event); return false;\">Higgs<\/a><\/a> fuera una especie de aceite pesado a trav\u00e9s del que se moviera con dificultad y que les hiciera parecer que tienen mucha masa.\u00a0 Para otras part\u00edculas, el <a href=\"http:\/\/www.emiliosilveravazquez.com\/blog\/2013\/07\/27\/la-imaginacion-%C2%A1mucho-mas-rapida-que-la-luz\/#\"><a href=\"#\" onclick=\"referencia('higgs',event); return false;\">Higgs<\/a><\/a> es como el agua, y para otras, los <a href=\"http:\/\/www.emiliosilveravazquez.com\/blog\/2013\/07\/27\/la-imaginacion-%C2%A1mucho-mas-rapida-que-la-luz\/#\"><a href=\"#\" onclick=\"referencia('foton',event); return false;\">fotones<\/a><\/a> y quiz\u00e1 los <a href=\"http:\/\/www.emiliosilveravazquez.com\/blog\/2013\/07\/27\/la-imaginacion-%C2%A1mucho-mas-rapida-que-la-luz\/#\">neutrinos<\/a>, es invisible.<\/p>\n<p style=\"text-align: justify;\">De todas formas, es tanta la ignorancia que tenemos sobre el origen de la masa que nos agarramos como a un clavo ardiendo, en este caso, a la part\u00edcula de <a href=\"http:\/\/www.emiliosilveravazquez.com\/blog\/2013\/07\/27\/la-imaginacion-%C2%A1mucho-mas-rapida-que-la-luz\/#\"><a href=\"#\" onclick=\"referencia('higgs',event); return false;\">Higgs<\/a><\/a>, que algunos han llegado a llamar \u201cla part\u00edcula divina\u201d. Lo mismo nos pasa con la dichosa \u201c<a href=\"http:\/\/www.emiliosilveravazquez.com\/blog\/2013\/07\/27\/la-imaginacion-%C2%A1mucho-mas-rapida-que-la-luz\/#\"><a href=\"#\" onclick=\"referencia('materia oscura',event); return false;\">materia oscura<\/a><\/a>\u201d para ocultar lo que no sabemos sobre la expansi\u00f3n del Universo.<\/p>\n<p style=\"text-align: justify;\">\u00a1Ya veremos en qu\u00e9 termina todo esto!<\/p>\n<p>&nbsp;<\/p>\n<\/div>\n<p style=\"text-align: justify;\"><img decoding=\"async\" loading=\"lazy\" class=\"\" src=\"https:\/\/cdn.britannica.com\/19\/189019-050-28CDD86E\/John-C-Mather-2010.jpg\" alt=\"John C. Mather | Biography, Nobel Prize, Discoveries, &amp; Facts | Britannica\" width=\"133\" height=\"185\" \/><img decoding=\"async\" loading=\"lazy\" class=\"\" src=\"https:\/\/upload.wikimedia.org\/wikipedia\/commons\/thumb\/a\/a0\/Carlo_Rubbia_2012.jpg\/640px-Carlo_Rubbia_2012.jpg\" alt=\"Carlo Rubbia - Viquip\u00e8dia, l'enciclop\u00e8dia lliure\" width=\"120\" height=\"185\" \/><img decoding=\"async\" loading=\"lazy\" class=\"\" src=\"https:\/\/history.aip.org\/phn\/Photos\/veltman_martinus_b1.jpg\" alt=\"Veltman, Martinus\" width=\"124\" height=\"182\" \/><img decoding=\"async\" loading=\"lazy\" class=\"\" src=\"https:\/\/upload.wikimedia.org\/wikipedia\/commons\/thumb\/2\/2c\/Gerard_%27t_Hooft.jpg\/800px-Gerard_%27t_Hooft.jpg\" alt=\"Gerardus 't Hooft - Wikipedia, la enciclopedia libre\" width=\"139\" height=\"184\" \/><\/p>\n<p>&nbsp;<\/p>\n<div>\n<p style=\"text-align: justify;\">Arriba tenemos nada m\u00e1s y nada menos que: a <strong>John Mather<\/strong>, <strong>Carlo Rubbia, Martinus Veltman, Gerardus \u2018t Hooft<\/strong> at the Lindau Nobel Meetings 2010. Si cient\u00edficos\u00a0 como ellos no vienen a nuestro rescate, y nos sacan del atolladero en el que estamos inmerso y hasta el cuelo de ignorancia\u2026\u00a1Mal hir\u00e1n las cosas!<\/p>\n<p style=\"text-align: justify;\">Peter <a href=\"http:\/\/www.emiliosilveravazquez.com\/blog\/2013\/07\/27\/la-imaginacion-%C2%A1mucho-mas-rapida-que-la-luz\/#\"><a href=\"#\" onclick=\"referencia('higgs',event); return false;\">Higgs<\/a><\/a>, de la Universidad de Edimburgo, introdujo la idea en la f\u00edsica de part\u00edculas. La utilizaron los te\u00f3ricos Steven Weinberg y Abdus Salam, que trabajaban por separado, para comprender c\u00f3mo se convert\u00eda la unificada y sim\u00e9trica <a href=\"http:\/\/www.emiliosilveravazquez.com\/blog\/2013\/07\/27\/la-imaginacion-%C2%A1mucho-mas-rapida-que-la-luz\/#\"><a href=\"#\" onclick=\"referencia('fuerza nuclear debil',event); return false;\">fuerza electrod\u00e9bil<\/a><\/a>, transmitida por una feliz familia de cuatro part\u00edculas mensajeras de masa nula, en dos fuerzas muy diferentes: la QED con un <a href=\"http:\/\/www.emiliosilveravazquez.com\/blog\/2013\/07\/27\/la-imaginacion-%C2%A1mucho-mas-rapida-que-la-luz\/#\">fot\u00f3n<\/a> carente de masa y la interacci\u00f3n d\u00e9bil con sus W<sup>+<\/sup>, W<sup>&#8211;<\/sup> y Z<sup>0<\/sup> de masa grande. Weinberg y Salam se apoyaron en los trabajos previos de Sheldon Glashow, quien, tras los pasos de Julian Schwinger, sab\u00eda s\u00f3lo que hab\u00eda una teor\u00eda electrod\u00e9bil unificada, coherente, pero no uni\u00f3 todos los detalles. Y estaban Jeffrey Goldstone y Martinus Veltman y Gerard\u2019t Hooft. Tambi\u00e9n hay otros a los que habr\u00eda que mencionar, pero lo que siempre pasa, quedan en el olvido de manera injusta. Adem\u00e1s, \u00bfcu\u00e1ntos te\u00f3ricos hacen falta para encender una bombilla? La verdad es que, casi siempre, han hecho falta muchos. Recordemos el largo recorrido de los m\u00faltiples detalles sueltos y f\u00edsicos que prepararon el terreno para que llegara <a href=\"http:\/\/www.emiliosilveravazquez.com\/blog\/2013\/07\/27\/la-imaginacion-%C2%A1mucho-mas-rapida-que-la-luz\/#\"><a href=\"#\" onclick=\"referencia('einstein',event); return false;\">Einstein<\/a><\/a> y pudiera, uni\u00e9ndolo todo, exponer su teor\u00eda relativista.<\/p>\n<p>&nbsp;<\/p>\n<p style=\"text-align: justify;\"><img decoding=\"async\" loading=\"lazy\" id=\"irc_mi\" src=\"http:\/\/neofronteras.com\/especiales\/wp-content\/photos\/materia_oscura_hst2.jpg\" alt=\"\" width=\"275\" height=\"306\" \/><img decoding=\"async\" loading=\"lazy\" id=\"irc_mi\" src=\"http:\/\/t0.gstatic.com\/images?q=tbn:ANd9GcQ_B3HQIucCyPj-xGFZdlhwnUITB37P-NmQ8t3IIgBE1nHhq191aQ\" alt=\"\" width=\"407\" height=\"306\" \/><\/p>\n<p><img decoding=\"async\" loading=\"lazy\" id=\"irc_mi\" class=\"aligncenter\" src=\"http:\/\/4.bp.blogspot.com\/_Vea_3vg0ArY\/SUhXWEKdhaI\/AAAAAAAACkI\/7vgY5Rose6o\/s400\/darkenergy_right.jpg\" alt=\"\" width=\"400\" height=\"283\" \/><\/p>\n<p>&nbsp;<\/p>\n<p style=\"text-align: justify;\">Lo cierto es que (al menos de momento), la materia y energ\u00eda oscura, las supercuerdas, y el <a href=\"http:\/\/www.emiliosilveravazquez.com\/blog\/2013\/07\/27\/la-imaginacion-%C2%A1mucho-mas-rapida-que-la-luz\/#\">bos\u00f3n<\/a> de Higss, s\u00ed son la alfonbra que dec\u00eda Veltman, aquel f\u00edsico ser\u00edo y Premio Nobel que, no confesaba con ciertas ruedas de molino. \u00c9l, quer\u00eda hablar de cosas tamgibles y, tampoco le gustaban las part\u00edculas virtuales.<\/p>\n<p style=\"text-align: justify;\">Sobre la idea de Peter <a href=\"http:\/\/www.emiliosilveravazquez.com\/blog\/2013\/07\/27\/la-imaginacion-%C2%A1mucho-mas-rapida-que-la-luz\/#\"><a href=\"#\" onclick=\"referencia('higgs',event); return false;\">Higgs<\/a><\/a>, Veltman, uno de sus arquitectos, dice que es una alfombra bajo la que barremos nuestra ignorancia. Glashow es menos amable y lo llam\u00f3 retrete donde echamos las incoherencias de nuestras teor\u00edas actuales. La objeci\u00f3n principal: que no tenemos la menor prueba experimental. Ahora, por fin, la tendremos con el LHC. El modelo est\u00e1ndar es lo bastante fuerte para decirnos que la part\u00edcula de <a href=\"http:\/\/www.emiliosilveravazquez.com\/blog\/2013\/07\/27\/la-imaginacion-%C2%A1mucho-mas-rapida-que-la-luz\/#\"><a href=\"#\" onclick=\"referencia('higgs',event); return false;\">Higgs<\/a><\/a> de menor masa (podr\u00eda haber muchas) debe \u201cpesar\u201d menor de 1 TeV, \u00bfpor qu\u00e9?; si tiene m\u00e1s de 1 TeV el modelo est\u00e1ndar se vuelve incoherente y tenemos la crisis.<\/p>\n<p style=\"text-align: justify;\">Despu\u00e9s de todo esto, podr\u00edamos llegar a la conclusi\u00f3n de que el campo de <a href=\"http:\/\/www.emiliosilveravazquez.com\/blog\/2013\/07\/27\/la-imaginacion-%C2%A1mucho-mas-rapida-que-la-luz\/#\"><a href=\"#\" onclick=\"referencia('higgs',event); return false;\">Higgs<\/a><\/a>, el modelo est\u00e1ndar y nuestra idea de c\u00f3mo surgi\u00f3\u00a0el universo depend\u00edan de que se pudiera encontrar el <a href=\"http:\/\/www.emiliosilveravazquez.com\/blog\/2013\/07\/27\/la-imaginacion-%C2%A1mucho-mas-rapida-que-la-luz\/#\">bos\u00f3n<\/a> de <a href=\"#\" onclick=\"referencia('higgs',event); return false;\">Higgs<\/a><\/p>\n<p style=\"text-align: justify;\">.As\u00ed, hace dos a\u00f1os, utilizando la energ\u00eda de 7 TeV, por fin dijeron haber encontrado la part\u00edcula dadora de masa y, tendr\u00edan que explicar un poco m\u00e1s extensamente sus mecanismos y funciones para que, la gente sencilla, llegara a comprender c\u00f3mo se produce ese &#8220;milagro&#8221; de que las part\u00edculas adquieran su masa al interaccionar con ese campo. El contertulio Ram\u00f3n M\u00e1rquez nos dice que es el &#8220;Efecto Frenado&#8221; el que produce el &#8220;milagro&#8221;, cuando las part\u00edculas deambulan por el campo de <a href=\"#\" onclick=\"referencia('higgs',event); return false;\">Higgs<\/a> y se frenan con el roce adquiriendo la masa.<\/p>\n<p style=\"text-align: justify;\"><strong>Emilio Silvera v.<\/strong><\/p>\n<\/div>\n<div class='bookmark'>\r\n\t\t<table align='left' border='0' cellpadding='0' width='100%'>\r\n\t\t<tr><td><span class='pushbutton'><a href='http:\/\/delicious.com\/post?url=http%3A%2F%2Fwww.emiliosilveravazquez.com%2Fblog%2F2025%2F09%2F12%2Fnuestra-imaginacion-es-mucho-mas-rcapida-que-la-luz%2F&amp;title=Nuestra+Imaginaci%C3%B3n+es+mucho+m%C3%A1s+r%C3%A7apida+que+la+luz' title='Delicious' target='_blank' rel='nofollow'><img src='http:\/\/www.emiliosilveravazquez.com\/blog\/wp-content\/plugins\/knxdt-bookmarks-wordpress-plugin\/images\/delicious.png'  alt='' class='book_img' border='none' style='margin:1px; padding: 0;'  \/><\/a><\/span><span class='pushbutton'><a href='http:\/\/digg.com\/submit?url=http%3A%2F%2Fwww.emiliosilveravazquez.com%2Fblog%2F2025%2F09%2F12%2Fnuestra-imaginacion-es-mucho-mas-rcapida-que-la-luz%2F&amp;title=Nuestra+Imaginaci%C3%B3n+es+mucho+m%C3%A1s+r%C3%A7apida+que+la+luz' title='Digg' target='_blank' rel='nofollow'><img src='http:\/\/www.emiliosilveravazquez.com\/blog\/wp-content\/plugins\/knxdt-bookmarks-wordpress-plugin\/images\/digg.png'  alt='' class='book_img' border='none' style='margin:1px; padding: 0;'  \/><\/a><\/span><span class='pushbutton'><a href='http:\/\/www.google.com\/bookmarks\/mark?op=edit&amp;bkmk=http%3A%2F%2Fwww.emiliosilveravazquez.com%2Fblog%2F2025%2F09%2F12%2Fnuestra-imaginacion-es-mucho-mas-rcapida-que-la-luz%2F&amp;title=Nuestra+Imaginaci%C3%B3n+es+mucho+m%C3%A1s+r%C3%A7apida+que+la+luz' title='Google' target='_blank' rel='nofollow'><img src='http:\/\/www.emiliosilveravazquez.com\/blog\/wp-content\/plugins\/knxdt-bookmarks-wordpress-plugin\/images\/google.png'   alt='' class='book_img' border='none' style='margin:1px; padding: 0;'  \/><\/a><\/span><span class='pushbutton'><a href='http:\/\/myweb2.search.yahoo.com\/myresults\/bookmarklet?u=http%3A%2F%2Fwww.emiliosilveravazquez.com%2Fblog%2F2025%2F09%2F12%2Fnuestra-imaginacion-es-mucho-mas-rcapida-que-la-luz%2F&amp;t=Nuestra+Imaginaci%C3%B3n+es+mucho+m%C3%A1s+r%C3%A7apida+que+la+luz' title='Yahoo' target='_blank' rel='nofollow'><img src='http:\/\/www.emiliosilveravazquez.com\/blog\/wp-content\/plugins\/knxdt-bookmarks-wordpress-plugin\/images\/yahoo.png'  alt='' class='book_img' border='none' style='margin:1px; padding: 0;'  \/><\/a><\/span><span class='pushbutton'><a href='http:\/\/www.technorati.com\/faves?add=http%3A%2F%2Fwww.emiliosilveravazquez.com%2Fblog%2F2025%2F09%2F12%2Fnuestra-imaginacion-es-mucho-mas-rcapida-que-la-luz%2F' title='Technorati' target='_blank' rel='nofollow'><img src='http:\/\/www.emiliosilveravazquez.com\/blog\/wp-content\/plugins\/knxdt-bookmarks-wordpress-plugin\/images\/technorati.png'  alt='' class='book_img' border='none' style='margin:1px; padding: 0;'  \/><\/a><\/span><span class='pushbutton'><a href='http:\/\/meneame.net\/submit.php?url=http%3A%2F%2Fwww.emiliosilveravazquez.com%2Fblog%2F2025%2F09%2F12%2Fnuestra-imaginacion-es-mucho-mas-rcapida-que-la-luz%2F' title='Meneame' target='_blank' rel='nofollow'><img src='http:\/\/www.emiliosilveravazquez.com\/blog\/wp-content\/plugins\/knxdt-bookmarks-wordpress-plugin\/images\/meneame.png'  alt='' class='book_img' border='none' style='margin:1px; padding: 0;'  \/><\/a><\/span><span class='pushbutton'><a href='http:\/\/enchilame.com\/submit.php?url=http:\/\/www.emiliosilveravazquez.com\/blog\/2025\/09\/12\/nuestra-imaginacion-es-mucho-mas-rcapida-que-la-luz\/' target='_blank' rel='nofollow'><img title='Enchilame' src='http:\/\/www.emiliosilveravazquez.com\/blog\/wp-content\/plugins\/knxdt-bookmarks-wordpress-plugin\/images\/enchilame.png'  alt='' class='book_img' border='none' style='margin:1px; padding: 0;'  \/><\/a><\/span><span class='pushbutton'><a href='http:\/\/www.blinklist.com\/index.php?Action=Blink\/addblink.php&amp;Description=&amp;Url=http%3A%2F%2Fwww.emiliosilveravazquez.com%2Fblog%2F2025%2F09%2F12%2Fnuestra-imaginacion-es-mucho-mas-rcapida-que-la-luz%2F&amp;title=Nuestra+Imaginaci%C3%B3n+es+mucho+m%C3%A1s+r%C3%A7apida+que+la+luz' title='BlinkList' target='_blank' rel='nofollow'><img src='http:\/\/www.emiliosilveravazquez.com\/blog\/wp-content\/plugins\/knxdt-bookmarks-wordpress-plugin\/images\/blinklist.png'  alt='' class='book_img' border='none' style='margin:1px; padding: 0;'  \/><\/a><\/span><span class='pushbutton'><a href='http:\/\/reddit.com\/submit?url=http%3A%2F%2Fwww.emiliosilveravazquez.com%2Fblog%2F2025%2F09%2F12%2Fnuestra-imaginacion-es-mucho-mas-rcapida-que-la-luz%2F&amp;title=Nuestra+Imaginaci%C3%B3n+es+mucho+m%C3%A1s+r%C3%A7apida+que+la+luz' title='Reddit' target='_blank' rel='nofollow'><img src='http:\/\/www.emiliosilveravazquez.com\/blog\/wp-content\/plugins\/knxdt-bookmarks-wordpress-plugin\/images\/reddit.png'  alt='' class='book_img' border='none' style='margin:1px; padding: 0;'  \/><\/a><\/span><span class='pushbutton'><a href='http:\/\/www.tecnologiadiaria.com\/2009\/07\/abrir-com-hotmail-correo.html' target='_blank' title='hotmail'><img src='http:\/\/www.emiliosilveravazquez.com\/blog\/wp-content\/plugins\/knxdt-bookmarks-wordpress-plugin\/images\/linklove.png' alt='hotmail correo' class='book_img' border='none' style='margin:1px; padding: 0;' \/><\/a><\/span><span class='pushbutton'><a href='http:\/\/bitacoras.com\/votar\/anotacion\/externo\/mini\/www.emiliosilveravazquez.com\/blog\/2025\/09\/12\/nuestra-imaginacion-es-mucho-mas-rcapida-que-la-luz\/' title='Bitacoras.com' target='_blank' rel='nofollow'><img src='http:\/\/www.emiliosilveravazquez.com\/blog\/wp-content\/plugins\/knxdt-bookmarks-wordpress-plugin\/images\/bitacoras.png'  alt='' class='book_img' border='none' style='margin:1px; padding: 0;'  \/><\/a><\/span><span class='pushbutton'><a href='http:\/\/www.wikio.es\/vote?url=http%3A%2F%2Fwww.emiliosilveravazquez.com%2Fblog%2F2025%2F09%2F12%2Fnuestra-imaginacion-es-mucho-mas-rcapida-que-la-luz%2F' title='Wikio' target='_blank' rel='nofollow'><img src='http:\/\/www.emiliosilveravazquez.com\/blog\/wp-content\/plugins\/knxdt-bookmarks-wordpress-plugin\/images\/wikio.png'   alt='' class='book_img' border='none' style='margin:1px; padding: 0;'   \/><\/a><\/span><span class='pushbutton'><a href='http:\/\/friendfeed.com\/?url=http%3A%2F%2Fwww.emiliosilveravazquez.com%2Fblog%2F2025%2F09%2F12%2Fnuestra-imaginacion-es-mucho-mas-rcapida-que-la-luz%2F&amp;title=Nuestra+Imaginaci%C3%B3n+es+mucho+m%C3%A1s+r%C3%A7apida+que+la+luz' title='Friend Feed' target='_blank' rel='nofollow'><img src='http:\/\/www.emiliosilveravazquez.com\/blog\/wp-content\/plugins\/knxdt-bookmarks-wordpress-plugin\/images\/friendfeed.png'  alt='' class='book_img' border='none' style='margin:1px; padding: 0;'  \/><\/a><\/span><span class='pushbutton'><a href='http:\/\/www.facebook.com\/share.php?u=http%3A%2F%2Fwww.emiliosilveravazquez.com%2Fblog%2F2025%2F09%2F12%2Fnuestra-imaginacion-es-mucho-mas-rcapida-que-la-luz%2F&amp;t=Nuestra+Imaginaci%C3%B3n+es+mucho+m%C3%A1s+r%C3%A7apida+que+la+luz' title='Facebook' target='_blank' rel='nofollow'><img src='http:\/\/www.emiliosilveravazquez.com\/blog\/wp-content\/plugins\/knxdt-bookmarks-wordpress-plugin\/images\/facebook.png'  alt='' class='book_img' border='none' style='margin:1px; padding: 0;'  \/><\/a><\/span><span class='pushbutton'><a href='http:\/\/twitter.com\/home?status=Nuestra+Imaginaci%C3%B3n+es+mucho+m%C3%A1s+r%C3%A7apida+que+la+luz: http%3A%2F%2Fwww.emiliosilveravazquez.com%2Fblog%2F2025%2F09%2F12%2Fnuestra-imaginacion-es-mucho-mas-rcapida-que-la-luz%2F' title='Twitter' target='_blank' rel='nofollow'><img src='http:\/\/www.emiliosilveravazquez.com\/blog\/wp-content\/plugins\/knxdt-bookmarks-wordpress-plugin\/images\/twitter.png'  alt='' class='book_img' border='none' style='margin:1px; padding: 0;'  \/><\/a><\/span><span class='pushbutton'><a href='http:\/\/www.feedburner.com\/fb\/a\/emailFlare?itemTitle=Nuestra+Imaginaci%C3%B3n+es+mucho+m%C3%A1s+r%C3%A7apida+que+la+luz&amp;uri=http%3A%2F%2Fwww.emiliosilveravazquez.com%2Fblog%2F2025%2F09%2F12%2Fnuestra-imaginacion-es-mucho-mas-rcapida-que-la-luz%2F' title='Enviar por Email' target='_blank' rel='nofollow'><img src='http:\/\/www.emiliosilveravazquez.com\/blog\/wp-content\/plugins\/knxdt-bookmarks-wordpress-plugin\/images\/email.png'  alt='' class='book_img' border='none' style='margin:1px; padding: 0;'  \/><\/a><\/span><span style='font-weight:bold; padding-left: 5px;'><a href='http:\/\/wordpress.org\/extend\/plugins\/knxdt-bookmarks-wordpress-plugin\/' title='Plugin' rel='nofollow' target='_blank'>[?]<\/a><\/span><\/td><\/tr><\/table><br\/><br\/><\/div>","protected":false},"excerpt":{"rendered":"<p>\u00a0 \u00bfFilosof\u00eda? \u00a1Buscando la verdad del mundo! &nbsp; Una de las verdades perdidas en la noche de los Tiempos&#8230; \u00a1Es la ATLANTIDA! &nbsp; \u00a1Nuestras Mentes! Esas desconocidas Pero veamos si la imaginaci\u00f3n es m\u00e1s r\u00e1pida que la luz. \u00a0 \u00a0 \u00a0 \u00a0 \u00bfCu\u00e1ntas veces habr\u00e9 &#8220;visitado&#8221; Marte con la Imaginaci\u00f3n? Pero bajemos hasta la realidad [&hellip;]<\/p>\n","protected":false},"author":2,"featured_media":0,"comment_status":"open","ping_status":"open","sticky":false,"template":"","format":"standard","meta":{"_s2mail":"yes","footnotes":""},"categories":[6],"tags":[],"_links":{"self":[{"href":"http:\/\/www.emiliosilveravazquez.com\/blog\/wp-json\/wp\/v2\/posts\/13692"}],"collection":[{"href":"http:\/\/www.emiliosilveravazquez.com\/blog\/wp-json\/wp\/v2\/posts"}],"about":[{"href":"http:\/\/www.emiliosilveravazquez.com\/blog\/wp-json\/wp\/v2\/types\/post"}],"author":[{"embeddable":true,"href":"http:\/\/www.emiliosilveravazquez.com\/blog\/wp-json\/wp\/v2\/users\/2"}],"replies":[{"embeddable":true,"href":"http:\/\/www.emiliosilveravazquez.com\/blog\/wp-json\/wp\/v2\/comments?post=13692"}],"version-history":[{"count":0,"href":"http:\/\/www.emiliosilveravazquez.com\/blog\/wp-json\/wp\/v2\/posts\/13692\/revisions"}],"wp:attachment":[{"href":"http:\/\/www.emiliosilveravazquez.com\/blog\/wp-json\/wp\/v2\/media?parent=13692"}],"wp:term":[{"taxonomy":"category","embeddable":true,"href":"http:\/\/www.emiliosilveravazquez.com\/blog\/wp-json\/wp\/v2\/categories?post=13692"},{"taxonomy":"post_tag","embeddable":true,"href":"http:\/\/www.emiliosilveravazquez.com\/blog\/wp-json\/wp\/v2\/tags?post=13692"}],"curies":[{"name":"wp","href":"https:\/\/api.w.org\/{rel}","templated":true}]}}