{"id":12402,"date":"2016-03-29T07:07:04","date_gmt":"2016-03-29T06:07:04","guid":{"rendered":"http:\/\/www.emiliosilveravazquez.com\/blog\/?p=12402"},"modified":"2016-03-29T06:08:05","modified_gmt":"2016-03-29T05:08:05","slug":"%c2%bfque-es-el-principio-de-exclusion-de-pauli-5","status":"publish","type":"post","link":"http:\/\/www.emiliosilveravazquez.com\/blog\/2016\/03\/29\/%c2%bfque-es-el-principio-de-exclusion-de-pauli-5\/","title":{"rendered":"\u00bfQue es el principio de exclusi\u00f3n de Pauli?"},"content":{"rendered":"<div>\n<h2 style=\"text-align: justify;\">\u00a0 <a href=\"http:\/\/www.emiliosilveravazquez.com\/blog\/2014\/02\/20\/%c2%a1la-fisica-cuantica-%c2%bfllegaremos-a-comprenderla-3\/\" rel=\"prev\">\u00a1La F\u00edsica Cu\u00e1ntica! \u00bfLlegaremos a comprenderla?<\/a><\/h2>\n<p>&nbsp;<\/p>\n<p>&nbsp;<\/p>\n<p><img decoding=\"async\" loading=\"lazy\" id=\"irc_mi\" src=\"http:\/\/3.bp.blogspot.com\/_JR2XrlcuR-w\/S9x5Ha0bXpI\/AAAAAAAAAFc\/1w3gNlr2VDA\/s1600\/heart2quarks.jpg\" alt=\"\" width=\"385\" height=\"333\" \/><\/p>\n<p>&nbsp;<\/p>\n<p style=\"text-align: justify;\">Es realmente maravilloso que podamos haber llegado, en el extremo de las escalas, hasta esos mundos fant\u00e1scitos que nos proporcionan los \u201cuniversos\u201d de lo muy peque\u00f1o y de lo muy grande. Lo m\u00e1s cotidiano para nosotros es lo que se encuentra en el macro mundo, lo que se interrelaciona directamente con nosotros, lo que podemos ver y tocar. Sin embargo, ah\u00ed est\u00e1 ese otro \u201cmundo\u201d que se nos escapa a los sentidos pero que es, tan real como el otro. Es el que describe la mec\u00e1nica cu\u00e1ntica y que nos habla de maravillas y procesos asombrosos que son, tan reales como los que contemplamos a nuestro alrededor.<\/p>\n<p>&nbsp;<\/p>\n<\/div>\n<div><a href=\"http:\/\/www.emiliosilveravazquez.com\/blog\/2014\/02\/21\/desde-la-grecia-antigua-llegamos-hasta-aqui\/\" rel=\"next\">Desde la Grecia antigua llegamos hasta aqui<\/a><\/div>\n<div><\/div>\n<div>\n<p><img decoding=\"async\" loading=\"lazy\" src=\"http:\/\/photos1.blogger.com\/blogger2\/5066\/3662\/1600\/Imagen2.jpg\" alt=\"http:\/\/photos1.blogger.com\/blogger2\/5066\/3662\/1600\/Imagen2.jpg\" width=\"740\" height=\"595\" \/><\/p>\n<p>&nbsp;<\/p>\n<p>Los viejos vestigios de lo que fue a\u00fan perduran y son la huella de aquel mundo que consigui\u00f3 una cultura incre\u00edble<\/p>\n<p>&nbsp;<\/p>\n<p>A partir del mundo Cl\u00e1sico<\/p>\n<p>&nbsp;<\/p>\n<p><img decoding=\"async\" loading=\"lazy\" src=\"http:\/\/2.bp.blogspot.com\/_GyVE4dH43Ww\/TK7qMEOx6_I\/AAAAAAAAB3A\/J_vf2xN9cRY\/s1600\/EL+ARTE+GRIEGO+CONTEXTO.jpg\" alt=\"\" width=\"304\" height=\"228\" \/><\/p>\n<p>&nbsp;<\/p>\n<p style=\"text-align: justify;\">La Ciencia comenz\u00f3 en la Grecia antigua cl\u00e1sica, y ah\u00ed es donde podemos comenzar a seguir la pista que nos conduce hasta nuestras ideas actuales sobre la energ\u00eda de la vida. Los griegos fueron unos pensadores asombrosamente creativos. Realmente es casi imposible describir claramente lo que los griegos pensaban sobre cualquier tema, porque siempre pensaban de manera muy diferente sobre cualquier materia, y sobre las mismas cosas, siendo la mayor\u00eda de estas maneras contradictorias entre s\u00ed, pareciera que todo pudiera mirarse desde diferentes perspectivas. La diversidad de ideas enriquec\u00eda los pensamientos que, en realidad, aunque por separado, todos trataban de llegar a la verdad que encierran las cosas.<\/p>\n<p style=\"text-align: justify;\">\n<\/div>\n<div>\n<div>\u00a0<a href=\"http:\/\/www.emiliosilveravazquez.com\/blog\/2010\/08\/05\/esos-pequenos-objetos-que-forman-la-materia\/\" rel=\"prev\">Esos peque\u00f1os objetos que forman la materia<\/a><\/div>\n<div><\/div>\n<div><img decoding=\"async\" src=\"http:\/\/hyperphysics.phy-astr.gsu.edu\/hbasees\/particles\/imgpar\/bag1.gif\" alt=\"\" \/><img decoding=\"async\" src=\"http:\/\/hyperphysics.phy-astr.gsu.edu\/hbasees\/particles\/imgpar\/bag2.gif\" alt=\"\" \/><img decoding=\"async\" src=\"http:\/\/hyperphysics.phy-astr.gsu.edu\/hbasees\/particles\/imgpar\/bag3.gif\" alt=\"\" \/><\/div>\n<div style=\"text-align: justify;\">Libertad asint\u00f3tica de los Quarks: Al tratar la naturaleza del<a> confinamiento de <a href=\"#\" onclick=\"referencia('quarks',event); return false;\">quarks<\/a><\/a>, una visualizaci\u00f3n es la de una bolsa el\u00e1stica que permite a los <a href=\"#\" onclick=\"referencia('quarks',event); return false;\">quarks<\/a> moverse libremente por toda ella, siempre y cuando no se trate de tirar m\u00e1s para separarlos. Si se intenta tirar de un cabo del <a href=\"#\" onclick=\"referencia('quark',event); return false;\">quark<\/a>, la bolsa se estira y resiste. As\u00ed los Quarks se reunen en tripletes para formar <a href=\"#\" onclick=\"referencia('hadrones',event); return false;\">hadrones<\/a> <a href=\"#\" onclick=\"referencia('barion',event); return false;\">bariones<\/a> como los <a href=\"#\" onclick=\"referencia('proton',event); return false;\">protones<\/a> y <a href=\"#\" onclick=\"referencia('neutron',event); return false;\">neutrones<\/a>, y, est\u00e1n dentro de ellos confinados por la <a href=\"#\" onclick=\"referencia('fuerza nuclear fuerte',event); return false;\">fuerza nuclear fuerte<\/a>. Sus movimientos dentro de los <a href=\"#\" onclick=\"referencia('hadrones',event); return false;\">hadrones<\/a>, est\u00e1 limitado por la superficie del interior de ellos y, all\u00ed, 8 Bosones que se llaman Gluones, vigilan para que no se puedan separar m\u00e1s de ese l\u00edmite que tienen marcado. Tambi\u00e9n est\u00e1n dentro de los <a href=\"#\" onclick=\"referencia('hadrones',event); return false;\">hadrones<\/a> <a href=\"#\" onclick=\"referencia('mesones',event); return false;\">mesones<\/a> en el n\u00famero de dos.<\/div>\n<div style=\"text-align: justify;\">Pero, retrocedamos en el Tiempo y recordemos cuando&#8230; (pulsa para leer el art\u00edculo completo (Esos peque\u00f1os objetos que forman la materia).<\/div>\n<div><a href=\"http:\/\/www.emiliosilveravazquez.com\/blog\/2010\/08\/05\/lo-incomprensinble-es-que-comprendamos-la-naturaleza-razono-einstein\/\" rel=\"next\">Lo incomprensinble es que comprendamos la Naturaleza. Razon\u00f3 <\/a><a href=\"http:\/\/www.emiliosilveravazquez.com\/blog\/2014\/02\/21\/%C2%BFque-es-el-principio-de-exclusion-de-pauli-2\/#\"><a href=\"#\" onclick=\"referencia('einstein',event); return false;\">Einstein<\/a><\/a><\/div>\n<div><\/div>\n<div style=\"text-align: justify;\"><img decoding=\"async\" loading=\"lazy\" id=\"irc_mi\" src=\"http:\/\/upload.wikimedia.org\/wikipedia\/commons\/thumb\/d\/d7\/Interfer%C3%B3metro_de_Michelson.PNG\/400px-Interfer%C3%B3metro_de_Michelson.PNG\" alt=\"\" width=\"400\" height=\"366\" \/><img decoding=\"async\" loading=\"lazy\" id=\"irc_mi\" src=\"http:\/\/www.librosmaravillosos.com\/introduccionciencia\/imagenes\/vol01cap07-003.jpg\" alt=\"\" width=\"350\" height=\"227\" \/><\/div>\n<div style=\"text-align: justify;\">\u00a0\u00a0\u00a0\u00a0\u00a0\u00a0\u00a0\u00a0\u00a0\u00a0\u00a0\u00a0\u00a0\u00a0\u00a0\u00a0\u00a0\u00a0 Esquema de un interfer\u00f3metro de Michelson.\u00a0 Interfer\u00f3metro de Michelson. El espejo diagonal (centro) divide el rayo luminoso reflejando una mitad y dejando seguir a la otra su trayectoria recta.<\/div>\n<div>\n<p style=\"text-align: justify;\">Preludio a la <a href=\"http:\/\/www.emiliosilveravazquez.com\/blog\/2010\/08\/05\/lo-incomprensinble-es-que-comprendamos-la-naturaleza-razono-einstein\/#\"><a href=\"#\" onclick=\"referencia('relatividad',event); return false;\">relatividad<\/a><\/a>. Las ecuaciones de Lorentz-Fitzgerald<\/p>\n<p style=\"text-align: justify;\">En 1.893 el f\u00edsico irland\u00e9s George Francis Fitzgerald emiti\u00f3 una hip\u00f3tesis para explicar los resultados negativos del experimento conocido de Michelson-Morley. Adujo que toda la materia se contrae en la direcci\u00f3n del movimiento, y que esa contracci\u00f3n es directamente proporcional al ritmo (velocidad) del movimiento.<\/p>\n<p style=\"text-align: justify;\">Seg\u00fan tal interpretaci\u00f3n, el interfer\u00f3metro se quedaba corto en la direcci\u00f3n del \u201cverdadero\u201d movimiento terrestre, y lo hac\u00eda precisamente en una cantidad que compensaba con toda exactitud la diferencia de distancias que deber\u00eda recorrer el rayo luminoso. Por a\u00f1adidura, todos los aparatos medidores imaginables, incluyendo los \u00f3rganos sensoriales humanos, experimentar\u00edan ese mismo fen\u00f3meno.<\/p>\n<p style=\"text-align: justify;\">Parec\u00eda como si la explicaci\u00f3n de Fitzgerald insinuara que la naturaleza conspiraba con objeto de impedir que el hombre midiera el <em>movimiento absoluto<\/em>, para lo cual introduc\u00eda un efecto que anulaba cualquier diferencia aprovechable para detectar dicho movimiento. Pero ve\u00e1mos lo&#8230;<\/p>\n<p style=\"text-align: justify;\">\n<p style=\"text-align: justify;\"><a href=\"http:\/\/www.emiliosilveravazquez.com\/blog\/2010\/08\/05\/lo-incomprensinble-es-que-comprendamos-la-naturaleza-razono-einstein\/\" rel=\"next\">Lo incomprensinble es que comprendamos la Naturaleza. Razon\u00f3 <\/a><a href=\"http:\/\/www.emiliosilveravazquez.com\/blog\/2014\/02\/21\/%C2%BFque-es-el-principio-de-exclusion-de-pauli-2\/#\"><a href=\"#\" onclick=\"referencia('einstein',event); return false;\">Einstein<\/a>.<\/a><\/p>\n<p style=\"text-align: justify;\">\n<\/div>\n<div style=\"text-align: justify;\"><strong>Ahora nos centraremos en el Principio de Exclusi\u00f3n de Pauli que, entre otras cosas, hace posible que existan estrellas enanas blancas y de Neutrones.<\/strong><\/div>\n<div style=\"text-align: justify;\">\n<p><img decoding=\"async\" loading=\"lazy\" src=\"http:\/\/1.bp.blogspot.com\/_8xwT5QKJ_8w\/S4o2IvHS1MI\/AAAAAAAAHrc\/mhLFSepuSnw\/s400\/Principio+de+Pauli.jpg\" alt=\"\" width=\"400\" height=\"361\" border=\"0\" \/><img decoding=\"async\" loading=\"lazy\" id=\"irc_mi\" src=\"http:\/\/2.bp.blogspot.com\/_Poe4WbR7MCw\/TQD19f0dqtI\/AAAAAAAAAfc\/7pUGTvTZQ7k\/s1600\/Electron-Spin.jpg\" alt=\"\" width=\"559\" height=\"393\" \/><\/p>\n<p>&nbsp;<\/p>\n<p>&nbsp;<\/p>\n<p>&nbsp;<\/p>\n<p>El <strong>Principio de Exclusi\u00f3n de Pauli<\/strong> es un principio cu\u00e1ntico enunciado por <a title=\"Wolfgang Ernst Pauli\" href=\"http:\/\/es.wikipedia.org\/wiki\/Wolfgang_Ernst_Pauli\">Wolfgang Ernst Pauli<\/a> en 1.925.\u00a0 Establece que no puede haber dos Fermiones con todos sus n\u00fameros cu\u00e1nticos id\u00e9nticos (esto es, en el mismo estado cu\u00e1ntico de part\u00edcula individual) en el mismo sistema cu\u00e1ntico ligado.<sup id=\"cite_ref-cohen_1-0\"><a href=\"http:\/\/es.wikipedia.org\/wiki\/Principio_de_exclusi%C3%B3n_de_Pauli#cite_note-cohen-1\">1<\/a><\/sup> Formulado inicialmente como principio, posteriormente se comprob\u00f3 que era derivable de supuestos m\u00e1s generales: de hecho, es una consecuencia delteorema de la estad\u00edstica del sp\u00edn.<\/p>\n<\/div>\n<div>\n<p style=\"text-align: justify;\">Debido al Principio de exclusi\u00f3n de Pauli, es imposible que dos <a href=\"#\" onclick=\"referencia('fermion',event); return false;\">fermiones<\/a>\u00a0 ocupen el mismo cu\u00e1ntico (al contrario de lo que ocurre con los Bosones). La condensaci\u00f3n Bose-<a href=\"#\" onclick=\"referencia('einstein',event); return false;\">Einstein<\/a> es de importancia fundamental para explicar el fen\u00f3meno de la superfluidez. A temperaturas muy bajas (del orden de 2\u00d710<sup>-7<\/sup> K) se puede formar un condensado de Bose-<a href=\"#\" onclick=\"referencia('einstein',event); return false;\">Einstein<\/a>,\u00a0 en el que varios miles de \u00e1tomos dorman una \u00fanica entidad (un super\u00e1tomo). Este efecto ha sido observado con \u00e1tomos de rubidio y litio.<\/p>\n<p style=\"text-align: justify;\">\n<p style=\"text-align: justify;\">\n<p style=\"text-align: justify;\"><img decoding=\"async\" loading=\"lazy\" src=\"https:\/\/encrypted-tbn1.gstatic.com\/images?q=tbn:ANd9GcSMZBu9y-6gIujp06ng5IgM8jga5WHCM1-bLvqrCs1kwsveJLYIkg\" alt=\"\" width=\"524\" height=\"393\" \/><\/p>\n<p style=\"text-align: justify;\">\n<p style=\"text-align: justify;\">\u00a0\u00a0\u00a0\u00a0\u00a0\u00a0\u00a0\u00a0\u00a0\u00a0\u00a0\u00a0\u00a0\u00a0\u00a0\u00a0\u00a0\u00a0\u00a0\u00a0\u00a0\u00a0\u00a0\u00a0\u00a0\u00a0\u00a0\u00a0\u00a0\u00a0\u00a0\u00a0\u00a0\u00a0\u00a0\u00a0\u00a0\u00a0\u00a0\u00a0\u00a0\u00a0\u00a0\u00a0\u00a0\u00a0\u00a0\u00a0\u00a0\u00a0\u00a0\u00a0\u00a0\u00a0\u00a0\u00a0\u00a0 Condensado de Bose-<a href=\"#\" onclick=\"referencia('einstein',event); return false;\">Einstein<\/a><\/p>\n<p style=\"text-align: justify;\">Como ha habr\u00e9is podido suponer, la condensaci\u00f3n Bose-<a href=\"#\" onclick=\"referencia('einstein',event); return false;\">Einstein<\/a> es llamada as\u00ed en honor al f\u00edsico Satyendra Nath Bose (1.894 \u2013 1.974) y a Albert <a href=\"#\" onclick=\"referencia('einstein',event); return false;\">Einstein<\/a>. As\u00ed que, e\u00f1 Principio de esclusi\u00f3n de Pauli\u00a0 tiene aplicaci\u00f3n no s\u00f3lo a los <a href=\"#\" onclick=\"referencia('electron',event); return false;\">electrones<\/a>, sino tambi\u00e9n a los Fermiones pero no a los Bosones.<\/p>\n<p style=\"text-align: justify;\">\n<p style=\"text-align: justify;\">\n<p style=\"text-align: justify;\"><img decoding=\"async\" src=\"http:\/\/www.mpe.mpg.de\/410729\/orbits3d_small_gif.gif\" alt=\"http:\/\/www.mpe.mpg.de\/410729\/orbits3d_small_gif.gif\" \/><\/p>\n<p style=\"text-align: justify;\">\n<p style=\"text-align: justify;\">\n<p style=\"text-align: justify;\">Las reglas de la mec\u00e1nica cu\u00e1ntica tienen que ser aplicadas si queremos describir estad\u00edsticamente un sistema de part\u00edculas que obedece a reglas de \u00e9sta teor\u00eda en vez de las de la mec\u00e1nica cl\u00e1sica.\u00a0 En estad\u00edstica cuantica, los estados de energ\u00eda se considera que est\u00e1n cuantizados.\u00a0 La estad\u00edstica de Bose-<a href=\"http:\/\/www.emiliosilveravazquez.com\/blog\/2014\/02\/21\/%C2%BFque-es-el-principio-de-exclusion-de-pauli-2\/#\"><a href=\"#\" onclick=\"referencia('einstein',event); return false;\">Einstein<\/a><\/a> se aplica si cualquier de part\u00edculas puede ocupar un estado cu\u00e1ntico dado. Dichas part\u00edculas (como dije antes) son los <a href=\"http:\/\/www.emiliosilveravazquez.com\/blog\/2014\/02\/21\/%C2%BFque-es-el-principio-de-exclusion-de-pauli-2\/#\"><a href=\"#\" onclick=\"referencia('bosones',event); return false;\">bosones<\/a><\/a> que, tienden a juntarse.<\/p>\n<p style=\"text-align: justify;\">\u00a0\u00a0\u00a0\u00a0\u00a0\u00a0\u00a0\u00a0 Los <a href=\"http:\/\/www.emiliosilveravazquez.com\/blog\/2014\/02\/21\/%C2%BFque-es-el-principio-de-exclusion-de-pauli-2\/#\"><a href=\"#\" onclick=\"referencia('bosones',event); return false;\">bosones<\/a><\/a> tienen un momento angular n h\/2p, donde n es cero o un entero y h es la <a href=\"http:\/\/www.emiliosilveravazquez.com\/blog\/2014\/02\/21\/%C2%BFque-es-el-principio-de-exclusion-de-pauli-2\/#\"><a href=\"#\" onclick=\"referencia('planck constante de',event); return false;\">constante de Planck<\/a><\/a>.\u00a0 <a href=\"http:\/\/www.emiliosilveravazquez.com\/blog\/2014\/02\/21\/%C2%BFque-es-el-principio-de-exclusion-de-pauli-2\/#\"><a href=\"#\" onclick=\"referencia('bosones',event); return false;\">bosones<\/a><\/a> id\u00e9nticos, la funci\u00f3n de ondas es siempre sim\u00e9trica.\u00a0 Si solo una part\u00edcula puede ocupar un cu\u00e1ntico, tenemos que aplicar la estad\u00edstica Fermi-Dirac y las part\u00edculas (como tambi\u00e9n antes dije) son los <a href=\"http:\/\/www.emiliosilveravazquez.com\/blog\/2014\/02\/21\/%C2%BFque-es-el-principio-de-exclusion-de-pauli-2\/#\"><a href=\"#\" onclick=\"referencia('fermion',event); return false;\">fermiones<\/a><\/a> que tienen momento angular (n+\u00bd) h\/2p y cualquier funci\u00f3n de ondas de <a href=\"http:\/\/www.emiliosilveravazquez.com\/blog\/2014\/02\/21\/%C2%BFque-es-el-principio-de-exclusion-de-pauli-2\/#\"><a href=\"#\" onclick=\"referencia('fermion',event); return false;\">fermiones<\/a><\/a> id\u00e9nticos es siempre antisim\u00e9trica.<\/p>\n<p style=\"text-align: justify;\">\n<p style=\"text-align: justify;\">\n<p style=\"text-align: justify;\"><img decoding=\"async\" src=\"http:\/\/farm5.static.flickr.com\/4140\/4745204958_afd02b2486.jpg\" alt=\"http:\/\/farm5.static.flickr.com\/4140\/4745204958_afd02b2486.jpg\" \/><\/p>\n<p style=\"text-align: justify;\">\n<p style=\"text-align: justify;\">\n<p style=\"text-align: justify;\">La mejor teor\u00eda para explicar el mundo subat\u00f3mico naci\u00f3 en 1928 cuando el te\u00f3rico Paul Dirac combin\u00f3 la mec\u00e1nica cu\u00e1ntica con la <a href=\"http:\/\/www.emiliosilveravazquez.com\/blog\/2014\/02\/21\/%C2%BFque-es-el-principio-de-exclusion-de-pauli-2\/#\"><a href=\"#\" onclick=\"referencia('relatividad',event); return false;\">relatividad<\/a><\/a> especial para explicar el comportamiento del <a href=\"http:\/\/www.emiliosilveravazquez.com\/blog\/2013\/05\/22\/de-lo-pequeno-a-lo-grande-3\/#\">electr\u00f3n<\/a>. El resultado fue la mec\u00e1nica cu\u00e1ntica relativista, que se transform\u00f3 en un ingrediente primario en la teor\u00eda cu\u00e1ntica de campos. Con unas pocas suposiciones y unos ajustes ad-hoc, la teor\u00eda cu\u00e1ntica de campos ha probado ser suficientemente poderosa para formar la base del modelo est\u00e1ndar de las part\u00edculas y las fuerzas.<\/p>\n<p style=\"text-align: justify;\">\n<p style=\"text-align: justify;\">\n<p style=\"text-align: justify;\"><img decoding=\"async\" loading=\"lazy\" src=\"http:\/\/2.bp.blogspot.com\/--mNEXGzPXhI\/UePXaHJzl5I\/AAAAAAAARfI\/szFFT_AdIzs\/s320\/neu_star.jpg\" alt=\"\" width=\"320\" height=\"310\" border=\"0\" \/><img decoding=\"async\" loading=\"lazy\" id=\"irc_mi\" src=\"http:\/\/i6.tinypic.com\/67go307.jpg\" alt=\"\" width=\"295\" height=\"393\" \/><\/p>\n<p style=\"text-align: justify;\">\n<p style=\"text-align: justify;\">El campo magn\u00e9tico de las estrellas de <a href=\"http:\/\/www.emiliosilveravazquez.com\/blog\/2014\/02\/21\/%C2%BFque-es-el-principio-de-exclusion-de-pauli-2\/#\">neutrones<\/a><\/p>\n<p style=\"text-align: justify;\">\n<p style=\"text-align: justify;\">Si nos fijamos en todo lo que estamos hablando aqu\u00ed, es f\u00e1cil comprender c\u00f3mo \u00a0 un campo magn\u00e9tico la part\u00edcula cargada que gira, pero ya no resulta tan f\u00e1cil saber por qu\u00e9 ha de hacer lo mismo un <a href=\"http:\/\/www.emiliosilveravazquez.com\/blog\/2014\/02\/21\/%C2%BFque-es-el-principio-de-exclusion-de-pauli-2\/#\"><a href=\"#\" onclick=\"referencia('neutron',event); return false;\">neutr\u00f3n<\/a><\/a> descargado. Lo cierto es que cuando un rayo de <a href=\"http:\/\/www.emiliosilveravazquez.com\/blog\/2010\/08\/05\/%C2%BFque-es-el-principio-de-exclusion-de-pauli\/#\">neutrones<\/a> incide sobre un hierro magnetizado, no se comporta de la misma que lo har\u00eda si el hierro no estuviese magnetizado. El magnetismo del<a href=\"http:\/\/www.emiliosilveravazquez.com\/blog\/2014\/02\/21\/%C2%BFque-es-el-principio-de-exclusion-de-pauli-2\/#\"><a href=\"#\" onclick=\"referencia('neutron',event); return false;\">neutr\u00f3n<\/a><\/a> sigue siendo un misterio; los f\u00edsicos sospechan que contiene cargas positivas y negativas equivalente a cero, aunque por alguna raz\u00f3n desconocida, logran crear un campo magn\u00e9tico cuando gira la part\u00edcula.<\/p>\n<p style=\"text-align: justify;\">Particularmente creo que, si el <a href=\"http:\/\/www.emiliosilveravazquez.com\/blog\/2014\/02\/21\/%C2%BFque-es-el-principio-de-exclusion-de-pauli-2\/#\"><a href=\"#\" onclick=\"referencia('neutron',event); return false;\">neutr\u00f3n<\/a><\/a> tiene masa, si la masa es energ\u00eda (<em>E = mc<sup>2<\/sup><\/em>), y si la energ\u00eda es electricidad y magnetismo (seg\u00fan Maxwell), el magnetismo del <a href=\"http:\/\/www.emiliosilveravazquez.com\/blog\/2014\/02\/21\/%C2%BFque-es-el-principio-de-exclusion-de-pauli-2\/#\"><a href=\"#\" onclick=\"referencia('neutron',event); return false;\">neutr\u00f3n<\/a><\/a> no es tan extra\u00f1o, sino que es un aspecto de lo que en realidad es materia. La materia es la luz, la energ\u00eda, el magnetismo, en\u00a0 definitiva, la fuerza que reina en el universo y que est\u00e1 presente de una u otra forma en todas partes (aunque no podamos verla).<\/p>\n<p style=\"text-align: justify;\">\n<p style=\"text-align: justify;\">\n<p style=\"text-align: justify;\"><img decoding=\"async\" loading=\"lazy\" id=\"irc_mi\" src=\"http:\/\/hyperphysics.phy-astr.gsu.edu\/hbasees\/astro\/imgast\/pulsar.gif\" alt=\"\" width=\"489\" height=\"250\" \/><\/p>\n<p style=\"text-align: justify;\">Sea fuere, la rotaci\u00f3n del <a href=\"http:\/\/www.emiliosilveravazquez.com\/blog\/2014\/02\/21\/%C2%BFque-es-el-principio-de-exclusion-de-pauli-2\/#\"><a href=\"#\" onclick=\"referencia('neutron',event); return false;\">neutr\u00f3n<\/a><\/a> nos da la respuesta a esas preguntas:<\/p>\n<p style=\"text-align: justify;\">\n<p style=\"text-align: justify;\">\u00bfQu\u00e9 es el anti<a href=\"http:\/\/www.emiliosilveravazquez.com\/blog\/2014\/02\/21\/%C2%BFque-es-el-principio-de-exclusion-de-pauli-2\/#\"><a href=\"#\" onclick=\"referencia('neutron',event); return false;\">neutr\u00f3n<\/a><\/a>? Pues, simplemente, un <a href=\"http:\/\/www.emiliosilveravazquez.com\/blog\/2014\/02\/21\/%C2%BFque-es-el-principio-de-exclusion-de-pauli-2\/#\"><a href=\"#\" onclick=\"referencia('neutron',event); return false;\">neutr\u00f3n<\/a><\/a> cuyo movimiento rotatorio se ha invertido; su polo sur magn\u00e9tico, por decirlo as\u00ed, est\u00e1 arriba y no abajo. En realidad, el <a href=\"http:\/\/www.emiliosilveravazquez.com\/blog\/2014\/02\/21\/%C2%BFque-es-el-principio-de-exclusion-de-pauli-2\/#\"><a href=\"#\" onclick=\"referencia('proton',event); return false;\">prot\u00f3n<\/a><\/a> y el anti<a href=\"http:\/\/www.emiliosilveravazquez.com\/blog\/2014\/02\/21\/%C2%BFque-es-el-principio-de-exclusion-de-pauli-2\/#\"><a href=\"#\" onclick=\"referencia('proton',event); return false;\">prot\u00f3n<\/a><\/a>, el <a href=\"http:\/\/www.emiliosilveravazquez.com\/blog\/2010\/08\/05\/%C2%BFque-es-el-principio-de-exclusion-de-pauli\/#\">electr\u00f3n<\/a> y el positr\u00f3n, muestran exactamente el mismo fen\u00f3meno de los polos invertidos.<\/p>\n<p style=\"text-align: justify;\">Es indudable que las antipart\u00edculas pueden combinarse formar la antimateria, de la misma que las part\u00edculas corrientes forman la materia ordinaria.<\/p>\n<p style=\"text-align: justify;\">La primera demostraci\u00f3n efectiva de antimateria se tuvo en Brookhaven en 1.965, donde fue bombardeado un blanco de berilio con 7 <a href=\"http:\/\/www.emiliosilveravazquez.com\/blog\/2014\/02\/21\/%C2%BFque-es-el-principio-de-exclusion-de-pauli-2\/#\">protones<\/a> BeV y se produjeron combinaciones de antiprotones y antineutrones, o sea, un <em>antideuter\u00f3n<\/em>. entonces se ha producido el <em>antihelio 3<\/em>, y no cabe duda de que se podr\u00eda crear otros antin\u00facleos m\u00e1s complicados a\u00fan si se abordara el problema con m\u00e1s inter\u00e9s.<\/p>\n<p style=\"text-align: justify;\">\n<p style=\"text-align: justify;\">\n<p style=\"text-align: justify;\"><img decoding=\"async\" loading=\"lazy\" id=\"irc_mi\" src=\"http:\/\/2.bp.blogspot.com\/-Xh1rGTLd5rM\/TcGqsm4kOlI\/AAAAAAAAAHY\/cVVhOzZCVGw\/s1600\/ANTIMATERIA5303.jpg\" alt=\"\" width=\"587\" height=\"393\" \/><\/p>\n<p style=\"text-align: justify;\">\n<p style=\"text-align: justify;\">\n<p style=\"text-align: justify;\">Pero, \u00bfexiste en realidad la antimateria? \u00bfHay masas de antimateria en el universo? Si las hubiera, no revelar\u00edan su presencia a cierta distancia. Sus efectos gravitatorios y la luz que produjeran ser\u00edan id\u00e9nticos a los de la materia corriente. Sin embargo, cuando se encontrasen las masas de las distintas materias, deber\u00edan ser claramente perceptibles las reacciones masivas del aniquilamiento mutuo resultante del encuentro. As\u00ed pues, los astr\u00f3nomos observan especulativamente las galaxias, tratar de encontrar alguna actividad inusual que delate interacciones materia-antimateria.<\/p>\n<p style=\"text-align: justify;\">La verdad es que, el momento, el \u00e9xito ha sido nulo y la antimateria, si existi\u00f3 alguna vez, qued\u00f3 destru\u00edda en esos primeros momentos del <a href=\"http:\/\/www.emiliosilveravazquez.com\/blog\/2014\/02\/21\/%C2%BFque-es-el-principio-de-exclusion-de-pauli-2\/#\"><a href=\"#\" onclick=\"referencia('big bang',event); return false;\">Big Bang<\/a><\/a> y, desapareci\u00f3 debido a que, la materia bari\u00f3nica era algo mayor que la antimateria, es decir, hab\u00eda m\u00e1s <a href=\"http:\/\/www.emiliosilveravazquez.com\/blog\/2010\/08\/05\/%C2%BFque-es-el-principio-de-exclusion-de-pauli\/#\">protones<\/a> que antiprotones.<\/p>\n<p style=\"text-align: justify;\">\n<p style=\"text-align: justify;\">\n<p style=\"text-align: justify;\"><img decoding=\"async\" loading=\"lazy\" id=\"irc_mi\" src=\"http:\/\/www.quantumdiaries.org\/wp-content\/uploads\/2011\/06\/epanti.png\" alt=\"\" width=\"827\" height=\"197\" \/><\/p>\n<p style=\"text-align: justify;\">\n<p style=\"text-align: justify;\">\n<p style=\"text-align: justify;\">Los f\u00edsicos hablan de antipart\u00edcula y se est\u00e1n refiriendo a una part\u00edcula subat\u00f3mica que tiene la misma masa que otra part\u00edcula y valores iguales pero opuestos de otra propiedad o propiedades. Por ejemplo, la antipart\u00edcula del <a href=\"http:\/\/www.emiliosilveravazquez.com\/blog\/2010\/08\/05\/%C2%BFque-es-el-principio-de-exclusion-de-pauli\/#\">electr\u00f3n<\/a> es el positr\u00f3n, que tiene una carga positiva igual en m\u00f3dulo a la carga negativa del <a href=\"http:\/\/www.emiliosilveravazquez.com\/blog\/2010\/08\/05\/%C2%BFque-es-el-principio-de-exclusion-de-pauli\/#\">electr\u00f3n<\/a>. El anti<a href=\"http:\/\/www.emiliosilveravazquez.com\/blog\/2014\/02\/21\/%C2%BFque-es-el-principio-de-exclusion-de-pauli-2\/#\"><a href=\"#\" onclick=\"referencia('proton',event); return false;\">prot\u00f3n<\/a><\/a> tiene una carga negativa igual al m\u00f3dulo de la carga positiva del <a href=\"http:\/\/www.emiliosilveravazquez.com\/blog\/2014\/02\/21\/%C2%BFque-es-el-principio-de-exclusion-de-pauli-2\/#\"><a href=\"#\" onclick=\"referencia('proton',event); return false;\">prot\u00f3n<\/a><\/a>. El <a href=\"http:\/\/www.emiliosilveravazquez.com\/blog\/2014\/02\/21\/%C2%BFque-es-el-principio-de-exclusion-de-pauli-2\/#\"><a href=\"#\" onclick=\"referencia('neutron',event); return false;\">neutr\u00f3n<\/a><\/a> y el anti<a href=\"http:\/\/www.emiliosilveravazquez.com\/blog\/2014\/02\/21\/%C2%BFque-es-el-principio-de-exclusion-de-pauli-2\/#\"><a href=\"#\" onclick=\"referencia('neutron',event); return false;\">neutr\u00f3n<\/a><\/a> tienen momentos magn\u00e9ticos con signos opuestos en relaci\u00f3n con sus espines. La existencia de antipart\u00edculas es predicha por la mec\u00e1nica cu\u00e1ntica relativista.<\/p>\n<p style=\"text-align: justify;\">Cuando una part\u00edcula y su antipart\u00edcula colisionan ocurre la aniquilaci\u00f3n. La antimateria consiste en materia hecha de antipart\u00edculas. Por ejemplo, el antihidr\u00f3geno consiste en un anti<a href=\"http:\/\/www.emiliosilveravazquez.com\/blog\/2014\/02\/21\/%C2%BFque-es-el-principio-de-exclusion-de-pauli-2\/#\"><a href=\"#\" onclick=\"referencia('proton',event); return false;\">prot\u00f3n<\/a><\/a> con un positr\u00f3n orbitando. El antihidr\u00f3geno ha sido creado artificialmente en laboratorio. El espectro del antihidr\u00f3geno deber\u00eda ser id\u00e9ntico al del hidr\u00f3geno y, precisamente por eso, es tan dif\u00edcil para los astr\u00f3nomos localizar antimateria (si es que la hay).<\/p>\n<p style=\"text-align: justify;\">\n<p style=\"text-align: justify;\">\n<p style=\"text-align: justify;\"><img decoding=\"async\" loading=\"lazy\" id=\"irc_mi\" src=\"http:\/\/img.irtve.es\/imagenes\/detalles-nunca-visto-nebulosa-carina-guarderia-estelar\/1328721266261.jpg\" alt=\"\" width=\"699\" height=\"393\" \/><\/p>\n<p style=\"text-align: justify;\">\n<p style=\"text-align: justify;\">\n<p style=\"text-align: justify;\">Parece que el Universo est\u00e1 formado mayoritariamente de materia (ordinaria) y la explicaci\u00f3n de la ausencia de grandes cantidades de antimateria debe ser incorporada en\u00a0 modelos cosmol\u00f3gicos que requieren el uso de teor\u00edas de gran unificaci\u00f3n de las part\u00edculas elementales.<\/p>\n<p style=\"text-align: justify;\">Y, a todo esto, no debemos olvidarnos de la otra materia, esa que llamamos oscura y que, en realidad, deja al descubierto nuestra inmensa ignorancia, ya que, todo el Universo est\u00e1 empapado de ella, y, sin embargo, a\u00fan no hemos sido capaces de discernir lo que dicha <a href=\"http:\/\/www.emiliosilveravazquez.com\/blog\/2014\/02\/21\/%C2%BFque-es-el-principio-de-exclusion-de-pauli-2\/#\"><a href=\"#\" onclick=\"referencia('materia oscura',event); return false;\">materia oscura<\/a><\/a> pueda ser, como se form\u00f3, o de qu\u00e9 est\u00e1 hecha y c\u00f3mo se gener\u00f3 en el Universo, en verdad es un gran misterio qur todos los Astr\u00f3nomos del mundo persiguen incansables.<\/p>\n<p style=\"text-align: justify;\">Ahora se habla de otras dimensiones, y, nuestro cerebro est\u00e1 conformado en tres espaciales y una temporal ( la <a href=\"http:\/\/www.emiliosilveravazquez.com\/blog\/2014\/02\/21\/%C2%BFque-es-el-principio-de-exclusion-de-pauli-2\/#\"><a href=\"#\" onclick=\"referencia('relatividad',event); return false;\">relatividad<\/a><\/a> especial) y, desde luego, nos cuesta \u201cver\u201d dimensiones m\u00e1s altas y no podemops crear en nuestras mentes im\u00e1genes que nos lleven a 5, 10, 11 o cualquier de dimensiones que est\u00e1n fuera de nuestro alcance mental pero, las matem\u00e1ticas nos dicen que podr\u00edan muy bien existir y, para ello, han ideado una hermosa Teor\u00eda del Todo que llaman de supercuerdas o Teor\u00eda M.<\/p>\n<p style=\"text-align: justify;\">\n<p style=\"text-align: justify;\"><img decoding=\"async\" loading=\"lazy\" src=\"http:\/\/upload.wikimedia.org\/wikipedia\/commons\/thumb\/d\/d4\/Calabi-Yau.png\/600px-Calabi-Yau.png\" alt=\"File:Calabi-Yau.png\" width=\"600\" height=\"600\" \/><\/p>\n<p style=\"text-align: justify;\">\n<p style=\"text-align: justify;\">\n<p style=\"text-align: justify;\">Por mucho que esforzamos nuestra imaginaci\u00f3n, visualizar esas dimensiones extra\u2026 \u00a1No ser\u00e1 nada f\u00e1cil! Nuestro muntro es tridimensional m\u00e1s el Tiempo que, desde <a href=\"http:\/\/www.emiliosilveravazquez.com\/blog\/2014\/02\/21\/%C2%BFque-es-el-principio-de-exclusion-de-pauli-2\/#\"><a href=\"#\" onclick=\"referencia('einstein',event); return false;\">Einstein<\/a><\/a>, es la cuarta dimensi\u00f3n, Sin embargo, aunque con la numerolog\u00eda se trabaja con m\u00e1s dimensiones, y, los f\u00edsicos de cuerdas logran que la Cu\u00e1ntica y la Relatividad (lo peque\u00f1o y l\u00f1o grande) se junten sin alborotos, en la realidad cotidiana, donde las matem\u00e1ticas quedan fuera, esas dimensiones m\u00e1s altas\u2026 \u00a1No se ven por ninguna parte!<\/p>\n<p style=\"text-align: justify;\">Seg\u00fan los f\u00edsicos, si es verdad que dichas dimensiones est\u00e1n ah\u00ed, \u00bfno podr\u00eda esa materia y energ\u00eda oscura estar alojada en alguna de ellas? Tengo un registrado en la Sociedad de Autores cient\u00edficos que, precisamente se refiere a eso, a que la <a href=\"http:\/\/www.emiliosilveravazquez.com\/blog\/2014\/02\/21\/%C2%BFque-es-el-principio-de-exclusion-de-pauli-2\/#\"><a href=\"#\" onclick=\"referencia('materia oscura',event); return false;\">materia oscura<\/a><\/a> pueda estar fuera de nuestra visi\u00f3n y que no la podamos detectar precisamente por no tenerla a la vista, y, mediante fluctuaciones del vac\u00edo, esa cantidad ingente de <a href=\"http:\/\/www.emiliosilveravazquez.com\/blog\/2014\/02\/21\/%C2%BFque-es-el-principio-de-exclusion-de-pauli-2\/#\"><a href=\"#\" onclick=\"referencia('materia oscura',event); return false;\">materia oscura<\/a><\/a> deja pasar a los <a href=\"http:\/\/www.emiliosilveravazquez.com\/blog\/2014\/02\/21\/%C2%BFque-es-el-principio-de-exclusion-de-pauli-2\/#\"><a href=\"#\" onclick=\"referencia('graviton',event); return false;\">gravitones<\/a><\/a>, los <a href=\"http:\/\/www.emiliosilveravazquez.com\/blog\/2014\/02\/21\/%C2%BFque-es-el-principio-de-exclusion-de-pauli-2\/#\"><a href=\"#\" onclick=\"referencia('bosones',event); return false;\">bosones<\/a><\/a> intermediarios de la fuerza de Gravedad, que llegan a nuestro propio espacio, a nuestras dimensiones, y, se deja sentir haciendo que las galaxias se alejen las unas de las otras a mayor velociodad de lo que lo har\u00edan si la \u00fanica materia presente fuese la Bari\u00f3nica.<\/p>\n<p style=\"text-align: justify;\">En fin, amigos, es tanto lo que no sabemos que, mejor ser\u00e1 la b\u00fasqueda de \u00e9ste y de otros misterios que, como el de la masa de las part\u00edculas, a\u00fan se nos escapa y tenemos que construir maravillas como el LHC para tratar de que responda a nuestras preguntas.<\/p>\n<p style=\"text-align: justify;\">\n<p style=\"text-align: justify;\">\n<p style=\"text-align: justify;\"><img decoding=\"async\" loading=\"lazy\" id=\"irc_mi\" src=\"http:\/\/extremisimo.com\/wp-content\/uploads\/2010\/04\/lhc.jpg\" alt=\"\" width=\"500\" height=\"334\" \/><\/p>\n<p style=\"text-align: justify;\">\n<p style=\"text-align: justify;\">\u00a0\u00a0\u00a0\u00a0\u00a0\u00a0\u00a0 Una m\u00e1quina gigantesca que quiere viajar hasta las cuerdas vibrantes<\/p>\n<p style=\"text-align: justify;\">\n<p style=\"text-align: justify;\">Pero, una cosa es cierta, nuestra osad\u00eda que nos lleva a comentar sobre cosas que no llegamos a comprender y, como por ejemplo, los taquiones, son simplemente objetos creados en nuestra inagotable imaginaci\u00f3n. Los taquiones, si lo recordais, son part\u00edculas hipot\u00e9ticas que viajan a mayor velocidad que la de la luz y, seg\u00fan la teor\u00eda electromagn\u00e9tica, una part\u00edcula cargada que viaja a trav\u00e9s de un medio con velocidad mayor que la de la luz en ese medio emite radiaci\u00f3n Cerenkov y, un taqui\u00f3n cargado emitir\u00e1 radiaci\u00f3n Cerenkov incluso en el vac\u00edo.<\/p>\n<p style=\"text-align: justify;\">Claro que, por el momento no se han detectado part\u00edculas con esas caracter\u00edsiticas y, si llegan a hacer acto de presencia, \u00bfqu\u00e9 hacemos con la <a href=\"http:\/\/www.emiliosilveravazquez.com\/blog\/2014\/02\/21\/%C2%BFque-es-el-principio-de-exclusion-de-pauli-2\/#\"><a href=\"#\" onclick=\"referencia('relatividad',event); return false;\">relatividad<\/a><\/a> especial de <a href=\"http:\/\/www.emiliosilveravazquez.com\/blog\/2014\/02\/21\/%C2%BFque-es-el-principio-de-exclusion-de-pauli-2\/#\"><a href=\"#\" onclick=\"referencia('einstein',event); return false;\">Einstein<\/a><\/a> que nos dice que nada en nuestro Universo podr\u00e1 ir a m\u00e1s velocidad que la luz?<\/p>\n<p style=\"text-align: justify;\">\u00a1Es un serio problema! Mejor que el dichoso Taqui\u00f3n no aparezca.<\/p>\n<p style=\"text-align: justify;\">\n<p style=\"text-align: justify;\"><img decoding=\"async\" loading=\"lazy\" id=\"irc_mi\" src=\"http:\/\/universitam.com\/academicos\/wp-content\/uploads\/2012\/04\/MAJORANA.jpg\" alt=\"\" width=\"520\" height=\"377\" \/><\/p>\n<p style=\"text-align: justify;\">Por otra parte, nunca podremos dejar de sorprendernos cuando nos sumergimos en el \u201cuniverso\u201d de la mec\u00e1nica cu\u00e1ntica y en el mundo subat\u00f3mico de las part\u00edculas. El 18 abril 2012, investigadores del Instituto Kavli de TU Delft y de la Fundaci\u00f3n FOM han logrado una primera detecci\u00f3n de part\u00edculas Majorana. Etore Majorana fue un brillante f\u00edsico italiano que llev\u00f3 a cabo sus investigaciones en los a\u00f1os treinta del siglo pasado, ahondando en la teor\u00eda cu\u00e1ntica y como una part\u00edcula especial que podr\u00eda existir, una part\u00edcula que ser\u00eda en s\u00ed misma su propia antipart\u00edcula: el fermion de Majorana. Eso sit\u00faa a part\u00edcula en la frontera entre materia y antimateria.<\/p>\n<p style=\"text-align: justify;\">\u00bfSer\u00e1 cierto aquello de que, todo lo que podamos imaginar se puede convertir en realidad\u2026 \u00a1con el paso del tiempo!<\/p>\n<p style=\"text-align: justify;\"><em>emilio silvera<\/em><\/p>\n<\/div>\n<\/div>\n<div class='bookmark'>\r\n\t\t<table align='left' border='0' cellpadding='0' width='100%'>\r\n\t\t<tr><td><span class='pushbutton'><a href='http:\/\/delicious.com\/post?url=http%3A%2F%2Fwww.emiliosilveravazquez.com%2Fblog%2F2016%2F03%2F29%2F%25c2%25bfque-es-el-principio-de-exclusion-de-pauli-5%2F&amp;title=%C2%BFQue+es+el+principio+de+exclusi%C3%B3n+de+Pauli%3F' title='Delicious' target='_blank' rel='nofollow'><img src='http:\/\/www.emiliosilveravazquez.com\/blog\/wp-content\/plugins\/knxdt-bookmarks-wordpress-plugin\/images\/delicious.png'  alt='' class='book_img' border='none' style='margin:1px; padding: 0;'  \/><\/a><\/span><span class='pushbutton'><a href='http:\/\/digg.com\/submit?url=http%3A%2F%2Fwww.emiliosilveravazquez.com%2Fblog%2F2016%2F03%2F29%2F%25c2%25bfque-es-el-principio-de-exclusion-de-pauli-5%2F&amp;title=%C2%BFQue+es+el+principio+de+exclusi%C3%B3n+de+Pauli%3F' title='Digg' target='_blank' rel='nofollow'><img src='http:\/\/www.emiliosilveravazquez.com\/blog\/wp-content\/plugins\/knxdt-bookmarks-wordpress-plugin\/images\/digg.png'  alt='' class='book_img' border='none' style='margin:1px; padding: 0;'  \/><\/a><\/span><span class='pushbutton'><a href='http:\/\/www.google.com\/bookmarks\/mark?op=edit&amp;bkmk=http%3A%2F%2Fwww.emiliosilveravazquez.com%2Fblog%2F2016%2F03%2F29%2F%25c2%25bfque-es-el-principio-de-exclusion-de-pauli-5%2F&amp;title=%C2%BFQue+es+el+principio+de+exclusi%C3%B3n+de+Pauli%3F' title='Google' target='_blank' rel='nofollow'><img src='http:\/\/www.emiliosilveravazquez.com\/blog\/wp-content\/plugins\/knxdt-bookmarks-wordpress-plugin\/images\/google.png'   alt='' class='book_img' border='none' style='margin:1px; padding: 0;'  \/><\/a><\/span><span class='pushbutton'><a href='http:\/\/myweb2.search.yahoo.com\/myresults\/bookmarklet?u=http%3A%2F%2Fwww.emiliosilveravazquez.com%2Fblog%2F2016%2F03%2F29%2F%25c2%25bfque-es-el-principio-de-exclusion-de-pauli-5%2F&amp;t=%C2%BFQue+es+el+principio+de+exclusi%C3%B3n+de+Pauli%3F' title='Yahoo' target='_blank' rel='nofollow'><img src='http:\/\/www.emiliosilveravazquez.com\/blog\/wp-content\/plugins\/knxdt-bookmarks-wordpress-plugin\/images\/yahoo.png'  alt='' class='book_img' border='none' style='margin:1px; padding: 0;'  \/><\/a><\/span><span class='pushbutton'><a href='http:\/\/www.technorati.com\/faves?add=http%3A%2F%2Fwww.emiliosilveravazquez.com%2Fblog%2F2016%2F03%2F29%2F%25c2%25bfque-es-el-principio-de-exclusion-de-pauli-5%2F' title='Technorati' target='_blank' rel='nofollow'><img src='http:\/\/www.emiliosilveravazquez.com\/blog\/wp-content\/plugins\/knxdt-bookmarks-wordpress-plugin\/images\/technorati.png'  alt='' class='book_img' border='none' style='margin:1px; padding: 0;'  \/><\/a><\/span><span class='pushbutton'><a href='http:\/\/meneame.net\/submit.php?url=http%3A%2F%2Fwww.emiliosilveravazquez.com%2Fblog%2F2016%2F03%2F29%2F%25c2%25bfque-es-el-principio-de-exclusion-de-pauli-5%2F' title='Meneame' target='_blank' rel='nofollow'><img src='http:\/\/www.emiliosilveravazquez.com\/blog\/wp-content\/plugins\/knxdt-bookmarks-wordpress-plugin\/images\/meneame.png'  alt='' class='book_img' border='none' style='margin:1px; padding: 0;'  \/><\/a><\/span><span class='pushbutton'><a href='http:\/\/enchilame.com\/submit.php?url=http:\/\/www.emiliosilveravazquez.com\/blog\/2016\/03\/29\/%c2%bfque-es-el-principio-de-exclusion-de-pauli-5\/' target='_blank' rel='nofollow'><img title='Enchilame' src='http:\/\/www.emiliosilveravazquez.com\/blog\/wp-content\/plugins\/knxdt-bookmarks-wordpress-plugin\/images\/enchilame.png'  alt='' class='book_img' border='none' style='margin:1px; padding: 0;'  \/><\/a><\/span><span class='pushbutton'><a href='http:\/\/www.blinklist.com\/index.php?Action=Blink\/addblink.php&amp;Description=&amp;Url=http%3A%2F%2Fwww.emiliosilveravazquez.com%2Fblog%2F2016%2F03%2F29%2F%25c2%25bfque-es-el-principio-de-exclusion-de-pauli-5%2F&amp;title=%C2%BFQue+es+el+principio+de+exclusi%C3%B3n+de+Pauli%3F' title='BlinkList' target='_blank' rel='nofollow'><img src='http:\/\/www.emiliosilveravazquez.com\/blog\/wp-content\/plugins\/knxdt-bookmarks-wordpress-plugin\/images\/blinklist.png'  alt='' class='book_img' border='none' style='margin:1px; padding: 0;'  \/><\/a><\/span><span class='pushbutton'><a href='http:\/\/reddit.com\/submit?url=http%3A%2F%2Fwww.emiliosilveravazquez.com%2Fblog%2F2016%2F03%2F29%2F%25c2%25bfque-es-el-principio-de-exclusion-de-pauli-5%2F&amp;title=%C2%BFQue+es+el+principio+de+exclusi%C3%B3n+de+Pauli%3F' title='Reddit' target='_blank' rel='nofollow'><img src='http:\/\/www.emiliosilveravazquez.com\/blog\/wp-content\/plugins\/knxdt-bookmarks-wordpress-plugin\/images\/reddit.png'  alt='' class='book_img' border='none' style='margin:1px; padding: 0;'  \/><\/a><\/span><span class='pushbutton'><a href='http:\/\/www.tecnologiadiaria.com\/2009\/07\/abrir-com-hotmail-correo.html' target='_blank' title='hotmail'><img src='http:\/\/www.emiliosilveravazquez.com\/blog\/wp-content\/plugins\/knxdt-bookmarks-wordpress-plugin\/images\/linklove.png' alt='hotmail correo' class='book_img' border='none' style='margin:1px; padding: 0;' \/><\/a><\/span><span class='pushbutton'><a href='http:\/\/bitacoras.com\/votar\/anotacion\/externo\/mini\/www.emiliosilveravazquez.com\/blog\/2016\/03\/29\/%c2%bfque-es-el-principio-de-exclusion-de-pauli-5\/' title='Bitacoras.com' target='_blank' rel='nofollow'><img src='http:\/\/www.emiliosilveravazquez.com\/blog\/wp-content\/plugins\/knxdt-bookmarks-wordpress-plugin\/images\/bitacoras.png'  alt='' class='book_img' border='none' style='margin:1px; padding: 0;'  \/><\/a><\/span><span class='pushbutton'><a href='http:\/\/www.wikio.es\/vote?url=http%3A%2F%2Fwww.emiliosilveravazquez.com%2Fblog%2F2016%2F03%2F29%2F%25c2%25bfque-es-el-principio-de-exclusion-de-pauli-5%2F' title='Wikio' target='_blank' rel='nofollow'><img src='http:\/\/www.emiliosilveravazquez.com\/blog\/wp-content\/plugins\/knxdt-bookmarks-wordpress-plugin\/images\/wikio.png'   alt='' class='book_img' border='none' style='margin:1px; padding: 0;'   \/><\/a><\/span><span class='pushbutton'><a href='http:\/\/friendfeed.com\/?url=http%3A%2F%2Fwww.emiliosilveravazquez.com%2Fblog%2F2016%2F03%2F29%2F%25c2%25bfque-es-el-principio-de-exclusion-de-pauli-5%2F&amp;title=%C2%BFQue+es+el+principio+de+exclusi%C3%B3n+de+Pauli%3F' title='Friend Feed' target='_blank' rel='nofollow'><img src='http:\/\/www.emiliosilveravazquez.com\/blog\/wp-content\/plugins\/knxdt-bookmarks-wordpress-plugin\/images\/friendfeed.png'  alt='' class='book_img' border='none' style='margin:1px; padding: 0;'  \/><\/a><\/span><span class='pushbutton'><a href='http:\/\/www.facebook.com\/share.php?u=http%3A%2F%2Fwww.emiliosilveravazquez.com%2Fblog%2F2016%2F03%2F29%2F%25c2%25bfque-es-el-principio-de-exclusion-de-pauli-5%2F&amp;t=%C2%BFQue+es+el+principio+de+exclusi%C3%B3n+de+Pauli%3F' title='Facebook' target='_blank' rel='nofollow'><img src='http:\/\/www.emiliosilveravazquez.com\/blog\/wp-content\/plugins\/knxdt-bookmarks-wordpress-plugin\/images\/facebook.png'  alt='' class='book_img' border='none' style='margin:1px; padding: 0;'  \/><\/a><\/span><span class='pushbutton'><a href='http:\/\/twitter.com\/home?status=%C2%BFQue+es+el+principio+de+exclusi%C3%B3n+de+Pauli%3F: http%3A%2F%2Fwww.emiliosilveravazquez.com%2Fblog%2F2016%2F03%2F29%2F%25c2%25bfque-es-el-principio-de-exclusion-de-pauli-5%2F' title='Twitter' target='_blank' rel='nofollow'><img src='http:\/\/www.emiliosilveravazquez.com\/blog\/wp-content\/plugins\/knxdt-bookmarks-wordpress-plugin\/images\/twitter.png'  alt='' class='book_img' border='none' style='margin:1px; padding: 0;'  \/><\/a><\/span><span class='pushbutton'><a href='http:\/\/www.feedburner.com\/fb\/a\/emailFlare?itemTitle=%C2%BFQue+es+el+principio+de+exclusi%C3%B3n+de+Pauli%3F&amp;uri=http%3A%2F%2Fwww.emiliosilveravazquez.com%2Fblog%2F2016%2F03%2F29%2F%25c2%25bfque-es-el-principio-de-exclusion-de-pauli-5%2F' title='Enviar por Email' target='_blank' rel='nofollow'><img src='http:\/\/www.emiliosilveravazquez.com\/blog\/wp-content\/plugins\/knxdt-bookmarks-wordpress-plugin\/images\/email.png'  alt='' class='book_img' border='none' style='margin:1px; padding: 0;'  \/><\/a><\/span><span style='font-weight:bold; padding-left: 5px;'><a href='http:\/\/wordpress.org\/extend\/plugins\/knxdt-bookmarks-wordpress-plugin\/' title='Plugin' rel='nofollow' target='_blank'>[?]<\/a><\/span><\/td><\/tr><\/table><br\/><br\/><\/div>","protected":false},"excerpt":{"rendered":"<p>\u00a0 \u00a1La F\u00edsica Cu\u00e1ntica! \u00bfLlegaremos a comprenderla? &nbsp; &nbsp; &nbsp; Es realmente maravilloso que podamos haber llegado, en el extremo de las escalas, hasta esos mundos fant\u00e1scitos que nos proporcionan los \u201cuniversos\u201d de lo muy peque\u00f1o y de lo muy grande. Lo m\u00e1s cotidiano para nosotros es lo que se encuentra en el macro mundo, [&hellip;]<\/p>\n","protected":false},"author":2,"featured_media":0,"comment_status":"open","ping_status":"open","sticky":false,"template":"","format":"standard","meta":{"_s2mail":"yes","footnotes":""},"categories":[6],"tags":[],"_links":{"self":[{"href":"http:\/\/www.emiliosilveravazquez.com\/blog\/wp-json\/wp\/v2\/posts\/12402"}],"collection":[{"href":"http:\/\/www.emiliosilveravazquez.com\/blog\/wp-json\/wp\/v2\/posts"}],"about":[{"href":"http:\/\/www.emiliosilveravazquez.com\/blog\/wp-json\/wp\/v2\/types\/post"}],"author":[{"embeddable":true,"href":"http:\/\/www.emiliosilveravazquez.com\/blog\/wp-json\/wp\/v2\/users\/2"}],"replies":[{"embeddable":true,"href":"http:\/\/www.emiliosilveravazquez.com\/blog\/wp-json\/wp\/v2\/comments?post=12402"}],"version-history":[{"count":0,"href":"http:\/\/www.emiliosilveravazquez.com\/blog\/wp-json\/wp\/v2\/posts\/12402\/revisions"}],"wp:attachment":[{"href":"http:\/\/www.emiliosilveravazquez.com\/blog\/wp-json\/wp\/v2\/media?parent=12402"}],"wp:term":[{"taxonomy":"category","embeddable":true,"href":"http:\/\/www.emiliosilveravazquez.com\/blog\/wp-json\/wp\/v2\/categories?post=12402"},{"taxonomy":"post_tag","embeddable":true,"href":"http:\/\/www.emiliosilveravazquez.com\/blog\/wp-json\/wp\/v2\/tags?post=12402"}],"curies":[{"name":"wp","href":"https:\/\/api.w.org\/{rel}","templated":true}]}}